{"id":10350,"date":"2020-05-27T19:30:00","date_gmt":"2020-05-27T16:30:00","guid":{"rendered":"https:\/\/millidusunce.com\/misak\/?p=10350&#038;preview=true&#038;preview_id=10350"},"modified":"2020-05-27T15:59:58","modified_gmt":"2020-05-27T12:59:58","slug":"3-mayisi-3-isimden-dinlemek","status":"publish","type":"post","link":"https:\/\/millidusunce.com\/misak\/3-mayisi-3-isimden-dinlemek\/","title":{"rendered":"3 May\u0131s&#8217;\u0131 3 isimden dinlemek"},"content":{"rendered":"<p><img loading=\"lazy\" decoding=\"async\" class=\"aligncenter size-medium_large wp-image-10352\" src=\"https:\/\/millidusunce.com\/misak\/wp-content\/uploads\/2020\/05\/1588502623-768x228.jpg\" alt=\"\" width=\"768\" height=\"228\" srcset=\"https:\/\/millidusunce.com\/misak\/wp-content\/uploads\/2020\/05\/1588502623-768x228.jpg 768w, https:\/\/millidusunce.com\/misak\/wp-content\/uploads\/2020\/05\/1588502623-300x89.jpg 300w, https:\/\/millidusunce.com\/misak\/wp-content\/uploads\/2020\/05\/1588502623-150x45.jpg 150w, https:\/\/millidusunce.com\/misak\/wp-content\/uploads\/2020\/05\/1588502623.jpg 800w\" sizes=\"auto, (max-width: 768px) 100vw, 768px\" \/><\/p>\n<p><strong>Hakan Paksoy<\/strong> (HP): Mill\u00ee D\u00fc\u015f\u00fcnce YouTube kanal\u0131 izleyicilerini selaml\u0131yorum.<\/p>\n<p>Bug\u00fcn \u00f6nemli bir konuyu, T\u00fcrk siyaset ve fikir hayat\u0131nda ve devlet hayat\u0131nda \u00f6nemli olmakla birlikte \u00e7okta fazla \u00fczerinde durulmayan bir olay\u0131 tarihte ger\u00e7ekle\u015fmi\u015f bir olay\u0131, T\u00fcrkiye\u2019de konunun en iyi bilenleriyle konu\u015faca\u011f\u0131z.<\/p>\n<p>Konuklar\u0131m\u0131z Eski Devlet Bakan\u0131m\u0131z ve Mill\u00ee D\u00fc\u015f\u00fcnce Merkezi Genel Ba\u015fkan\u0131 Say\u0131n Sadi Somuncuo\u011flu, Mill\u00ee D\u00fc\u015f\u00fcnce Merkezi Y\u00f6netim Kurulu \u00dcyesi ve M\u0130SAK Y\u00f6netim Kurulu \u00dcyesi Say\u0131n Prof. Dr. Ahmet Bican Ercilasun ve Mill\u00ee D\u00fc\u015f\u00fcnce Merkezi Y\u00f6netim Kurulu \u00dcyesi, M\u0130SAK Ba\u015fkan\u0131 Prof. Dr. Say\u0131n \u0130skender \u00d6ks\u00fcz, \u00fc\u00e7\u00fcn\u00fcz de ho\u015f geldiniz efendim.<\/p>\n<p>\u00dc\u00e7 konu\u011fumuz da. gerek T\u00fcrk D\u00fcnyas\u0131 gerekse de T\u00fcrkiye i\u00e7in yak\u0131ndan tan\u0131nan ve \u00e7ok \u00f6nemli \u00e7al\u0131\u015fmalar\u0131 olan \u00fc\u00e7 isim. Bug\u00fcn 1944 olaylar\u0131 diye bilinen ve 3 May\u0131s\u2019ta ger\u00e7ekle\u015fen g\u00f6sterilerden sonra da T\u00fcrk\u00e7\u00fcler G\u00fcn\u00fc olarak ilan edilen \u00e7ok \u00f6nemli olaylar\u0131n ya\u015fand\u0131\u011f\u0131 bir d\u00f6neme bakaca\u011f\u0131z. Bu d\u00f6nemde neler oldu hat\u0131rlamak i\u00e7in \u00f6nce Bican A\u011fabeyle bir g\u00f6r\u00fc\u015fece\u011fiz, Bican A\u011fabey 1944\u2019de ne oldu, 3 May\u0131s ne anlama geliyor, bize bu konuda biraz bilgi verir misiniz l\u00fctfen?<\/p>\n<p><strong>Ahmet Bican Ercilasun (ABE)<\/strong><\/p>\n<p>Hay hay!<\/p>\n<p>1940\u2019lar\u0131n ba\u015f\u0131nda \u00e7ok hareketli bir yay\u0131n hayat\u0131 vard\u0131. \u00d6zellikle dergicilikte, yani bir yandan T\u00fcrk Milliyet\u00e7ilerinin dergileri \u00e7\u0131k\u0131yor, bir yandan, efendim, kendilerine solcu diyen sosyalist diyenlerin dergileri \u00e7\u0131k\u0131yor. Bu arada Nihal Ats\u0131z 1944 y\u0131l\u0131nda Orhun Dergisi\u2019ni yeniden \u00e7\u0131karmaya ba\u015fl\u0131yor. 1934\u2019de kapat\u0131lm\u0131\u015ft\u0131 Orhun Dergisi, 1944\u2019de yeniden \u00e7\u0131karmaya ba\u015fl\u0131yor.<\/p>\n<p>Orhun Dergisi\u2019nin 15. say\u0131s\u0131nda yani 1944 y\u0131l\u0131n\u0131n Mart ay\u0131nda Ba\u015fvekil \u015e\u00fckr\u00fc Sara\u00e7o\u011flu\u2019na, onun ifadesiyle Sara\u00e7o\u011flu \u015e\u00fckr\u00fc\u2019ye a\u00e7\u0131k mektup yaz\u0131yor. O d\u00f6nemde, tabii, Ba\u015fvekile a\u00e7\u0131k mektup yazmak son derece \u00f6nemli \u00e7\u00fcnk\u00fc tek parti d\u00f6nemi. \u00dcstelik bu a\u00e7\u0131k mektupta \u00e7ok sert ifadeler var. A\u00e7\u0131k mektupta T\u00fcrkiye\u2019deki kom\u00fcnistlerin faaliyetlerini anlat\u0131yor ve kom\u00fcnistlerin devlet taraf\u0131ndan \u00e2deta himaye edildi\u011fini, devlet taraf\u0131ndan onlara g\u00f6rev verildi\u011fini s\u00f6yl\u00fcyor. Mart ay\u0131nda bunu yaz\u0131yor; e\u011fer herhangi bir hareket olmazsa, herhangi bir cevap verilmezse ve dergi kapat\u0131lmazsa, Nisan\u2019da \u00f6rnekler de verece\u011fim diyor ve Nisan say\u0131s\u0131nda Ba\u015fvekil Sara\u00e7o\u011flu \u015e\u00fckr\u00fc\u2019ye, ikinci a\u00e7\u0131k mektubunu yaz\u0131yor.<\/p>\n<p>Burada \u00f6rnekler veriyor. D\u00f6rt ki\u015fiyi \u00f6zellikle anlat\u0131yor. Bunlardan biri Sabahattin Ali\u2019dir. Kom\u00fcnist oldu\u011fu halde, Atat\u00fcrk\u2019e ve \u0130n\u00f6n\u00fc\u2019ye hakaret eden bir \u015fiirden mahk\u00fbm oldu\u011fu halde, devlet konservatuar\u0131nda kendisine \u00f6\u011fretmenlik g\u00f6revi verildi\u011fini anlat\u0131yor. Bir ba\u015fkas\u0131 Pertev Naili Boratav. Onun da Almanya\u2019da doktoras\u0131n\u0131 bitirmedi\u011fi halde, adeta, h\u00fck\u00fcmet taraf\u0131ndan taltif edilerek, Dil ve Tarih-Co\u011frafya Fak\u00fcltesine do\u00e7ent olarak atand\u0131\u011f\u0131n\u0131 anlat\u0131yor. Bir \u00fc\u00e7\u00fcnc\u00fc isim Sadrettin Celal. O da 1923\u2019de Kom\u00fcnist Enternasyonaline kat\u0131lm\u0131\u015f bir isim. Onun \u0130stanbul \u00dcniversitesi\u2019nde, Pedagoji Enstit\u00fcs\u00fc\u2019n\u00fcn ba\u015f\u0131na getirildi\u011fini s\u00f6yl\u00fcyor. Bir d\u00f6rd\u00fcnc\u00fc isim Ahmet Cevat.<\/p>\n<p>Bu ikinci mektuptan sonra dergi hemen kapat\u0131l\u0131yor, Ats\u0131z\u2019\u0131n Bo\u011fazi\u00e7i \u00dcniversitesi\u2019ndeki \u00f6\u011fretmenli\u011fine son veriliyor ve Sabahattin Ali Ats\u0131z aleyhine bir dava a\u00e7\u0131yor. Daha do\u011frusu Sabahattin Ali, dava a\u00e7mas\u0131 i\u00e7in te\u015fvik ediliyor, \u00e2deta k\u0131\u015fk\u0131rt\u0131l\u0131yor.<\/p>\n<p>Olaylar Sabahattin Ali ve Ats\u0131z davas\u0131yla meydana geliyor. 1944 26 Nisan\u2019da birinci duru\u015fma. Mahkeme \u00e7ok kalabal\u0131k ama esas ikinci duru\u015fma, yani 3 May\u0131s 1944. Mahkeme yine \u00e7ok kalabal\u0131k, dinleyiciler mahkemeye s\u0131\u011fm\u0131yor. Tabii bunlar \u00fcniversite gen\u00e7leri ve milliyet\u00e7i gen\u00e7ler, Ats\u0131z\u2019\u0131n etkisinde kalm\u0131\u015f olan gen\u00e7ler. Bunlar mahkeme salonuna s\u0131\u011fm\u0131yor, d\u0131\u015far\u0131ya ta\u015f\u0131yor ve bu defa Ulus\u2019taki h\u00fck\u00fcmet meydan\u0131na do\u011fru y\u00fcr\u00fcmeye ba\u015fl\u0131yorlar. Asl\u0131nda o zaman adliye binas\u0131 Anafartalar\u2019da malum Ulus\u2019a yak\u0131n oraya y\u00fcr\u00fcmeye ba\u015fl\u0131yor ve b\u00fcy\u00fck bir g\u00f6steri yap\u0131yorlar.<\/p>\n<p>Demek ki Sabahattin Ali-Ats\u0131z davas\u0131n\u0131n ikinci duru\u015fmas\u0131nda oluyor bu. Yani 3 May\u0131s 1944\u2019de gen\u00e7ler, birka\u00e7 bin gen\u00e7, -bu gen\u00e7lerin \u2018kahrolsun kom\u00fcnizm\u2019 \u2018kom\u00fcnistler Moskova\u2019ya\u2019 gibi sloganlar\u0131 var- Sabahattin Ali\u2019nin kitaplar\u0131n\u0131 yak\u0131yorlar. O zamanki motosikletli polisler, atl\u0131 polisler gen\u00e7lerin \u00fczerine gidiyorlar. Onlardan bir\u00e7o\u011funu al\u0131p nezarete at\u0131yorlar, yani 3 May\u0131s olaylar\u0131 bu.<\/p>\n<p>Fakat arkas\u0131 geliyor. 9 May\u0131s\u2019ta 3. duru\u015fmada Ats\u0131z, Sabahattin Ali\u2019ye hakaret davas\u0131ndan dolay\u0131 4 ay hapis, 66 lira para cezas\u0131na mahk\u00fbm ediliyor ama mahk\u00fbmiyet erteleniyor. Fakat ayn\u0131 g\u00fcn yani mahk\u00fbmiyetin ertelendi\u011fi g\u00fcn Ats\u0131z tutuklan\u0131yor. 10 May\u0131s\u2019ta Reha O\u011fuz T\u00fcrkkan tutuklan\u0131yor. Hemen arkas\u0131ndan Nejdet San\u00e7ar, Orhan \u015eaik G\u00f6kyay, Zeki Velidi Togan, H\u00fcseyin Nam\u0131k Orkun, Hasan Ferit Cansever gibi isimler tutuklan\u0131yor. Ve hemen bir h\u00fck\u00fcmet bildirisiyle, asl\u0131nda bu g\u00f6sterilerin basit g\u00f6steriler olmad\u0131\u011f\u0131, h\u00fck\u00fcmeti devirmek amac\u0131 ta\u015f\u0131d\u0131\u011f\u0131, gizli bir te\u015fkilat kurduklar\u0131 efendim anayasaya ayk\u0131r\u0131, meclisi devirmek maksad\u0131n\u0131 g\u00fcden bir te\u015fkilat kurduklar\u0131 ifade ediliyor h\u00fck\u00fcmet bildirisiyle.<\/p>\n<p>18 May\u0131s\u2019ta bu h\u00fck\u00fcmet bildirisi \u0130stanbul\u2019daki s\u0131k\u0131y\u00f6netime g\u00f6nderiliyor. S\u0131k\u0131y\u00f6netim de ayn\u0131 mahiyette bir bildiri yay\u0131nl\u0131yor. 19 May\u0131s\u2019ta bayram dolay\u0131s\u0131yla Reis-i Cumhur \u0130smet \u0130n\u00f6n\u00fc bir nutuk veriyor. O nutukta da bu Turanc\u0131lar\u0131, efendim, memleketi u\u00e7uruma s\u00fcr\u00fcklemekle, efendim, gizli bir te\u015fkilat kurmakla, efendim, gen\u00e7leri hainane emellerine alet etmekle su\u00e7luyor. B\u00f6ylece \u2018Irk\u00e7\u0131l\u0131k Turanc\u0131l\u0131k Davas\u0131\u2019 dedi\u011fimiz duru\u015fmalar ba\u015fl\u0131yor. Tam 65 oturum efendim devam ediyor ve 1945 y\u0131l\u0131na ge\u00e7iyor yani sark\u0131yor.<\/p>\n<p>1945 y\u0131l\u0131nda, tutuklanan 25 ki\u015fiden 10\u2019una \u00e7e\u015fitli cezalar veriliyor. Mesela, Zeki Velidi Togan\u2019a 10 y\u0131l mahk\u00fbmiyet, Ats\u0131z\u2019a 6 y\u0131l mahk\u00fbmiyet, Reha O\u011fuz T\u00fcrkkan\u2019a 5 y\u0131l mahk\u00fbmiyet veriliyor. Mahk\u00fbmiyet d\u0131\u015f\u0131nda s\u00fcrg\u00fcn cezalar\u0131 da var. Mesela Alparslan T\u00fcrke\u015f\u2019e 9 ay ve k\u00fcsur mahk\u00fbmiyet cezas\u0131 veriliyor. Ama hemen asker\u00ee temyize ba\u015fvuruyorlar, Askeri Yarg\u0131tay\u2019a ba\u015fvuruyorlar, Yarg\u0131tay davay\u0131 bozuyor. Yarg\u0131tay davay\u0131 bozunca, efendim, tahliye ediyorlar.<\/p>\n<p>Yani olan olaylar k\u0131saca bu.<\/p>\n<p><img loading=\"lazy\" decoding=\"async\" class=\"aligncenter wp-image-10354 size-full\" src=\"https:\/\/millidusunce.com\/misak\/wp-content\/uploads\/2020\/05\/3_mayis_1944_milliyetcilik_olaylarinda_neler_oldu_h466193_66b77.jpg\" alt=\"\" width=\"656\" height=\"400\" srcset=\"https:\/\/millidusunce.com\/misak\/wp-content\/uploads\/2020\/05\/3_mayis_1944_milliyetcilik_olaylarinda_neler_oldu_h466193_66b77.jpg 656w, https:\/\/millidusunce.com\/misak\/wp-content\/uploads\/2020\/05\/3_mayis_1944_milliyetcilik_olaylarinda_neler_oldu_h466193_66b77-300x183.jpg 300w, https:\/\/millidusunce.com\/misak\/wp-content\/uploads\/2020\/05\/3_mayis_1944_milliyetcilik_olaylarinda_neler_oldu_h466193_66b77-150x91.jpg 150w\" sizes=\"auto, (max-width: 656px) 100vw, 656px\" \/><\/p>\n<p><strong>Sadi Somuncuo\u011flu (SS)<\/strong>: Sonra da beraat ediyor hepsi de.<\/p>\n<p><strong>ABE:<\/strong> Tabii hepsi Yarg\u0131tay taraf\u0131ndan beraat ettiriliyor. \u00d6nce Askeri Yarg\u0131tay mahk\u00fbmiyet kararlar\u0131n\u0131 bozuyor ve dava ikinci \u00f6rfi idarenin, s\u0131k\u0131y\u00f6netimin, ikinci mahkemesine gidiyor. \u0130kinci mahkemede hepsi beraat ediyor.<\/p>\n<p><strong>HP: <\/strong>Te\u015fekk\u00fcr ederiz Hocam.<\/p>\n<p>\u0130skender Hocam bu \u0131rk\u00e7\u0131l\u0131k su\u00e7lamas\u0131 T\u00fcrk Milliyet\u00e7ilerinin \u00fczerine devaml\u0131 gelen bir konu. Tabii, 1944\u2019den sonraki d\u00f6nemi Say\u0131n Bakanla i\u015fleyece\u011fiz ama T\u00fcrk Milliyet\u00e7ilerinin milliyet\u00e7ili\u011fiyle Irk\u00e7\u0131l\u0131k ne kadar uyar yan yana gelir. Turanc\u0131lar, Turanc\u0131l\u0131k nedir, biraz a\u00e7\u0131klar m\u0131s\u0131n\u0131z l\u00fctfen?<\/p>\n<p><strong>\u0130skender \u00d6ks\u00fcz (\u0130\u00d6): <\/strong>Tabii\u2026 Turanc\u0131l\u0131k kolay. T\u00fcrk Milliyet\u00e7isiyse bir insan Turanc\u0131d\u0131r. Turanc\u0131l\u0131k ne demek? T\u00fcrklerin, d\u00fcnyadaki T\u00fcrklerin, h\u00fcr ve ba\u011f\u0131ms\u0131z olmalar\u0131 ve birlik olmalar\u0131 \u00fclk\u00fcs\u00fcd\u00fcr \u00fc\u00e7\u00fc birden: H\u00fcr, ba\u011f\u0131ms\u0131z ve birlik. Ats\u0131z bey s\u0131rayla s\u00f6ylerdi bunu. Evvela h\u00fcr ve ba\u011f\u0131ms\u0131z, ondan sonra, yani istiklalden sonra birlik. Birlik de \u00e7e\u015fitli \u015fekillerde d\u00fc\u015f\u00fcn\u00fclebilir. Avrupa Birli\u011fi gibi bir birlik d\u00fc\u015f\u00fcn\u00fclebilir. Bunlar\u0131 istemeyecek bir T\u00fcrk\u2019\u00fcn olmas\u0131 m\u00fcmk\u00fcn de\u011fil. Zaten oraya do\u011fru gidiliyor \u015fu anda da, Turanc\u0131l\u0131k o.<\/p>\n<p>O zaman neden deh\u015fet verici bir \u015fey? O zaman\u0131n siyasi \u015fartlar\u0131ndan herhalde. Turanc\u0131l\u0131k deyince Sovyetler\u2019i d\u00fc\u015fman ederiz kendimize endi\u015fesi var.<\/p>\n<p><strong>ABE:<\/strong> Ve Almanlar\u0131n ma\u011flup oldu\u011fu bir d\u00f6nem.<\/p>\n<p>Ve Almanlar\u0131n ma\u011flup oldu\u011fu bir d\u00f6nem \u015fey diye anlat\u0131rlar. Almanlar ilerlerken \u0130smet Pa\u015fa kom\u00fcnistleri hapse atarm\u0131\u015f, Ruslar ilerlerken de kom\u00fcnistleri b\u0131rak\u0131p efendim milliyet\u00e7ileri hapse atarm\u0131\u015f.<\/p>\n<p><strong>SS:<\/strong> \u015eaka yapm\u0131\u015flar herhalde!<\/p>\n<p><strong>ABE:<\/strong> Do\u011fru, sonradan yap\u0131lan ara\u015ft\u0131rmalar\u0131n \u00e7o\u011fu d\u0131\u015f politikaya ba\u011fl\u0131 oldu\u011funu ifade ediyorlar ara\u015ft\u0131rmalar, yani doktora tezlerinde filan bunlar belirtiliyor.<\/p>\n<p><strong>SS:<\/strong> Ama delil yok, yorum.<\/p>\n<p>ABE: Tabii ki yorum ama \u015fu ger\u00e7ek, yani Stalin\u2019in \u00f6n\u00fcnden Stalingrad\u2019dan Almanlar \u00e7ekilmeye ba\u015flad\u0131ktan sonra, Ruslar kuvvetlendikten sonra, T\u00fcrk Milliyet\u00e7ilerinin \u00fczerine gidiliyor.<\/p>\n<p>\u0130\u00d6: Burada Ruslar\u0131n kulisi de vard\u0131r. Yani bunlar\u0131 topla \u015feklinde.<\/p>\n<p><strong>SS:<\/strong> Yaln\u0131z kusura bakmay\u0131n \u015funu da s\u00f6ylemek laz\u0131m. Teveto\u011flu hat\u0131ralar\u0131nda anlat\u0131yor, 1944\u2019te T\u00fcrk\u00e7\u00fcler tabutluklarda, i\u015fkence g\u00f6r\u00fcrken kom\u00fcnistler de g\u00f6r\u00fcyor ayn\u0131 d\u00f6nemde. Atat\u00fcrk d\u00f6neminden ba\u015fl\u0131yor kom\u00fcnist tevkifatlar\u0131. Demokrat Parti d\u00f6nemine kadar kesintisiz devam ediyor.<\/p>\n<p>ABE: 1945\u2019te de mi kom\u00fcnist tevkifatlar\u0131 var Sadi?\u00a0 1944\u2019te de mi olmas\u0131 laz\u0131m?<\/p>\n<p><strong>SS:<\/strong> Var 45\u2019te. Daha sonra da var, hay\u0131r Naz\u0131m Hikmet filan ne zaman tevkif oluyor?<\/p>\n<p><strong>ABE:<\/strong> Onlar 1938\u2019de.<\/p>\n<p><strong>SS:<\/strong> Yani Cumhuriyet h\u00fck\u00fcmetleri d\u00f6neminde 1951\u2019e kadar devaml\u0131 kom\u00fcnist tevkifat\u0131 devam etti<a href=\"#_edn1\" name=\"_ednref1\">[1]<\/a>.<\/p>\n<p><strong>ABE:<\/strong> Yapm\u0131\u015ft\u0131r evet do\u011fru.<\/p>\n<p><strong>SS:<\/strong> Ruslar\u0131n ileri gitmesi geri gelmesiyle ba\u011flant\u0131s\u0131n\u0131 kurmak i\u00e7in delil koymak laz\u0131m.<\/p>\n<p><strong>\u0130\u00d6:<\/strong> Turanc\u0131l\u0131k bu. Irk\u00e7\u0131l\u0131k daha da karma\u015f\u0131k. Bir d\u00fcnyadaki \u0131rk\u00e7\u0131l\u0131k var. Tarihe bakmak laz\u0131m o i\u015f i\u00e7in. Bir de T\u00fcrkiye\u2019de \u0131rk dendi\u011fin zaman ne kastediliyor, ona bakmak laz\u0131m. Bu kelimeler bug\u00fcnk\u00fc anlamlar\u0131na gelmiyor. Mesela i\u015fte \u0130stikl\u00e2l Mar\u015f\u0131\u2019m\u0131zda <em>\u201cKahraman \u0131rk\u0131ma bir g\u00fcl, ne bu \u015fiddet bu celal\u201d<\/em> diyor. Oradakinin her halde Hitler\u2019in \u0131rk\u0131yla bir ilgisi yok.<\/p>\n<p>Bat\u0131da nas\u0131l? Bat\u0131, emperyalizm d\u00f6neminde kendisine, yapt\u0131\u011f\u0131 i\u015flere, yapt\u0131\u011f\u0131 gayriinsani i\u015flere asl\u0131nda bir izahat, bilime dayanan bir a\u00e7\u0131klama ar\u0131yor ve \u0131rk\u00e7\u0131l\u0131\u011f\u0131 icat ediyor. Din\u00ee dayanak da ar\u0131yor, ilm\u00ee dayanak da ar\u0131yor. Din\u00ee dayanak kolay \u00e7\u00fcnk\u00fc Hristiyanl\u0131k\u2019ta \u201c<em>Tanr\u0131 insan\u0131 kendi suretinde yaratm\u0131\u015ft\u0131r<\/em>.\u201d diye bir h\u00fck\u00fcm var. Bizimkiler pekiyi anlamad\u0131klar\u0131 i\u00e7in bunu hadis diye M\u00fcsl\u00fcmanl\u0131\u011fa da soku\u015ftururlar bir\u00e7ok Hristiyan\u00ee motifi ithal ettikleri gibi. Kendi suretinde ne demek? Yani Tanr\u0131 siyah olamaz. Rengi kendi suretinde yaratt\u0131\u011f\u0131na g\u00f6re Tanr\u0131\u2019da siyah de\u011fildir. O halde siyahlar insan de\u011fildir. \u0130nsan olmay\u0131nca ruhlar\u0131 yoktur filan.<\/p>\n<p>Bunun ekonomik taraf\u0131 da var. \u00c7ok g\u00fczel i\u015f. Amerika\u2019dan pamuk al\u0131yorsunuz. Siyahilerin toplad\u0131\u011f\u0131, esirlerin toplad\u0131\u011f\u0131 pamu\u011fu al\u0131yorsunuz, \u0130ngiltere\u2019de i\u015fliyorsunuz bu pamu\u011fu ve ba\u015fka \u015feyleri de i\u015fliyorsunuz. End\u00fcstri ba\u015flam\u0131\u015f, bunlar\u0131 Afrika\u2019ya g\u00f6t\u00fcr\u00fcp sat\u0131yorsunuz. Kar\u015f\u0131l\u0131\u011f\u0131 para de\u011fil. Takas yap\u0131yorsunuz. Kar\u015f\u0131l\u0131\u011f\u0131nda k\u00f6le al\u0131yorsunuz.<\/p>\n<p>Bu arada dini de kullan\u0131yorlar. Afrika\u2019da, mesela, bir ma\u011fara var, kurtulu\u015f i\u00e7in o ma\u011faraya sokuyorlar gen\u00e7leri. \u00d6b\u00fcr ucunda ma\u011faran\u0131n -asl\u0131nda t\u00fcnel gibi bir \u015fey- geminin tayfalar\u0131 bekliyor i\u00e7eriye girenleri yakalad\u0131klar\u0131 gibi gemiye t\u0131k\u0131yorlar. Korkun\u00e7 rakamlar var. Mesela Afrika&#8217;dan Amerika\u2019ya giderken, k\u00f6lelerin %30\u2019unun yolda \u00f6lmesi s\u00f6z konusu. Amerika\u2019ya esir b\u0131rak\u0131yorlar esir kar\u015f\u0131l\u0131\u011f\u0131nda pamuk al\u0131yorlar dolay\u0131s\u0131yla bu \u00fc\u00e7l\u00fc \u00e7ark gayetle zengin ediyor baz\u0131 insanlar\u0131 ve \u0130ngiltere&#8217;yi.<\/p>\n<p>Ve \u015fiirler yaz\u0131yorlar ondan sonra. Me\u015fhur yazar ve \u015fairleri Rudyard Kipling\u2019in, <em>Beyaz Adam\u0131n Y\u00fck\u00fc<\/em> diye bir \u015fiiri var. Yar\u0131 \u015feytan yar\u0131 \u00e7ocuk diyor siyahlara, Hintlilere filan. \u00c7in \u00e7ok eski bir devlet. Bat\u0131daki devletlerden daha eski bir devlet. T\u00fcrk devletleri gibi. \u00c7in bir \u015fey ithal etmek istemiyor. Ama nas\u0131l olur? \u00c7in&#8217;den mal alacaklar, bir \u015feyler alacaklar ama onlar bir \u015fey istemiyorlar. \u00c7in&#8217;i ticarete zorlamak i\u00e7in \u0130ngiltere onlara Hindistan\u2019dan esrar g\u00f6t\u00fcr\u00fcyor. Fakat \u00c7in h\u00fck\u00fcmeti esrar\u0131 yasakl\u0131yor. Tabi\u00ee olarak.\u00a0 Bunun \u00fczerine \u00c7inlilere zorla esrar i\u00e7irmek i\u00e7in harp a\u00e7\u0131yorlar. Kazan\u0131yorlar harbi, zorla esrar sokuyorlar. \u00c7inlilere ve zorla esrar i\u00e7iriyorlar. Bunlara <em>Opium Sava\u015flar\u0131<\/em> yani esrar i\u00e7in sava\u015flar deniyor.<\/p>\n<p>Bunlar \u00e7ok eski devirlere ait hik\u00e2yeler de\u011fil. 19. as\u0131rdan bahsediyorum, 20. asr\u0131n ba\u015f\u0131ndan bahsediyorum. Mesela \u0130ndiana Senat\u00f6r\u00fc Albert Beveridge\u2019\u0131n 1890\u2019larda Senato\u2019da, Amerikan senatosunda bir konu\u015fmas\u0131 var;<\/p>\n<p><em>\u201cK\u00f6ks\u00fcz medeniyetlerin ve \u00e7\u00fcr\u00fcyen \u0131rklar\u0131n daha asil ve daha zinde, daha do\u011furgan insan tiplerinin, \u00fcst\u00fcn medeniyetlerinin \u00f6n\u00fcnde kaybolu\u015fu.\u201d<\/em><\/p>\n<p>diye anlat\u0131yor tarihi.<\/p>\n<p>Charles Cochrane\u2026 Cochrane Vakf\u0131 filan Amerika\u2019da. Mississipi Senat\u00f6r\u00fc bu cumhuriyeti kuran ba\u015f e\u011fmez \u0131rktan bahsediyor. Ve d\u00fcnyan\u0131n ari \u0131rklar taraf\u0131ndan fethedilece\u011fini anlat\u0131yor. Yani dolay\u0131s\u0131yla Hitler bunlar\u0131n sonuncusu ilki de\u011fil<\/p>\n<p><img loading=\"lazy\" decoding=\"async\" class=\"aligncenter size-full wp-image-10355\" src=\"https:\/\/millidusunce.com\/misak\/wp-content\/uploads\/2020\/05\/unnamed.jpg\" alt=\"\" width=\"512\" height=\"226\" srcset=\"https:\/\/millidusunce.com\/misak\/wp-content\/uploads\/2020\/05\/unnamed.jpg 512w, https:\/\/millidusunce.com\/misak\/wp-content\/uploads\/2020\/05\/unnamed-300x132.jpg 300w, https:\/\/millidusunce.com\/misak\/wp-content\/uploads\/2020\/05\/unnamed-150x66.jpg 150w\" sizes=\"auto, (max-width: 512px) 100vw, 512px\" \/><\/p>\n<p><strong>HP:<\/strong> Yan\u0131 \u0131rk\u00e7\u0131l\u0131k Hitler\u2019den \u00e7\u0131kmad\u0131, Hitler \u0131rk\u00e7\u0131l\u0131ktan \u00e7\u0131kt\u0131.<\/p>\n<p><strong>\u0130\u00d6:<\/strong> \u00c7\u0131kmad\u0131 evet. Hitler sonuncusu.<\/p>\n<p>1891\u2019de Frank Baum, Aberdeen Saturday Pioneer Gazetesinde -ki kendi gazetesi bu- \u015funlar\u0131 yaz\u0131yor. Bu adam me\u015fhur bir adam siz de hat\u0131rlayacaksan\u0131z, b\u00fct\u00fcn seyirciler de hat\u0131rlayacaklar. Me\u015fhur <em>Oz B\u00fcy\u00fcc\u00fcs\u00fc<\/em> vard\u0131r ya onun yazar\u0131. Bu adam diyor ki, <em>\u201cPioneer\u2019in daha \u00f6nce de a\u00e7\u0131klad\u0131\u011f\u0131 gibi bizim g\u00fcvenli\u011fimiz yerlilerin tamamen itlaf\u0131 ile m\u00fcmk\u00fcnd\u00fcr.\u201d <\/em>\u0130tlaf kelimesini kullan\u0131yorum burada ki ha\u015fere i\u00e7in kullan\u0131l\u0131r. Onun kulland\u0131\u011f\u0131 kelime \u0130ngilizce \u201cexterminate\u201d, itlaft\u0131r birebir.<\/p>\n<p><strong>ABE:<\/strong> Yani, yok etmek diyor.<\/p>\n<p><strong>\u0130\u00d6:<\/strong> Yok etmek ama katliam demiyor, itlaf diyor.<\/p>\n<p><strong>ABE:<\/strong> Yani biz itlaf\u0131 k\u00f6pekler i\u00e7in filan kullan\u0131r\u0131z<\/p>\n<p><strong>\u0130\u00d6:<\/strong> Hamam b\u00f6cekleri i\u00e7in kullan\u0131r\u0131z ama i\u015fte. <em>\u201cOnlara as\u0131rlar boyu haks\u0131zl\u0131k yapt\u0131ysak ne i\u00e7in? Medeniyetimizi korumak i\u00e7in. Bir haks\u0131zl\u0131k daha yapal\u0131m ve bu ehlile\u015fmeyen, ehlile\u015fmeyecek yarat\u0131klar\u0131 d\u00fcnya y\u00fcz\u00fcnden silelim.\u201d <\/em><\/p>\n<p><strong>HP:<\/strong> Tarih ka\u00e7 demi\u015ftiniz hocam?<\/p>\n<p><strong>\u0130\u00d6:<\/strong> 1891. 19. asr\u0131n sonu. 20. asr\u0131n ba\u015f\u0131na yakla\u015f\u0131yoruz.<\/p>\n<p>Setif Katliam\u0131 var 1945. Cezayir, 45 bin Cezayirliyi \u00f6ld\u00fcrd\u00fcler diyor. Fransa hay\u0131r 45 bin ki\u015fiyi \u00f6ld\u00fcrmedik topu topu 25 bin ki\u015fiyi \u00f6ld\u00fcrd\u00fck diyor. Silahs\u0131z halk \u00fczerine ate\u015f a\u00e7\u0131yorlar. Paris\u2019te bu 45\u2019ten sonra, bir gece 300 Arap \u00f6l\u00fc bulunuyor. Tesad\u00fcfe bak\u0131n, hepsi ayn\u0131 anda \u00f6l\u00fcveriyor adamca\u011f\u0131zlar\u0131n. Ve 23 \u015eubat 2005\u2019te, bu daha da e\u011flenceli, bir kanun \u00e7\u0131k\u0131yor Frans\u0131z Parlamentosu&#8217;ndan. \u00c7ocuklara, her kademede gen\u00e7lerimize, Fransa\u2019n\u0131n, \u00f6zellikle Kuzey Afrika ve d\u00fcnyan\u0131n di\u011fer taraflar\u0131na nas\u0131l medeniyet getirdi\u011fimizi anlatmam\u0131z laz\u0131m diyor. Nas\u0131l medeniyet getirdi\u011fi de bu rakamlar\u0131n i\u00e7inde var. Neyse, Frans\u0131z Anayasa Mahkemesi kanunu kad\u00fck hale getirdi, kald\u0131rd\u0131, y\u00fcr\u00fcrl\u00fckte de\u011fil \u015fu anda. Bu Setif Katliam\u0131 vesaire 31 Ocak 2006 tarihinde deklasifiye ediliyor. Yani y\u00fcr\u00fcrl\u00fc\u011fe girme imk\u00e2n\u0131 da kalk\u0131yor.<\/p>\n<p>Dolay\u0131s\u0131yla bu fikirlerden Hitler do\u011fuyor, Hitler\u2019den do\u011fmuyor bu fikirler. Bu fikirler zaten var.<\/p>\n<p><strong>ABE:<\/strong> Bizde \u0131rk deyince?<\/p>\n<p><strong>\u0130\u00d6:<\/strong> Bizde \u0131rk deyince, atlayay\u0131m biraz, yoksa epey haz\u0131rl\u0131\u011f\u0131m var bu konuda. Mesela Ats\u0131z Bey, Nejdet San\u00e7ar Bey,\u00a0 \u201cbiz \u0131rk\u00e7\u0131y\u0131z ama laboratuvar \u0131rk\u00e7\u0131s\u0131 de\u011filiz\u201d derler. \u015eimdi Hitler filan g\u00fclerler bu i\u015fe. Irk\u00e7\u0131y\u0131m diyen herkes g\u00fcler. Onlar milleti kastediyorlar asl\u0131nda bug\u00fcnk\u00fc anlamda.<\/p>\n<p><strong>ABE:<\/strong> Zaten Ats\u0131z\u2019\u0131n 33 veya 34\u2019de Orhun dergisinde bir yaz\u0131s\u0131 var ba\u015fl\u0131k \u201cMillet e\u015fittir Irk\u201d veya \u201cIrk e\u015fittir Millet\u201d<\/p>\n<p><strong>\u0130\u00d6:<\/strong> Evet, yani Mehmet Akif de <em>\u201cKahraman \u0131rk\u0131ma bir g\u00fcl\u201d<\/em> dedi\u011fi zaman her halde DNA\u2019dan bahsetmiyordu. Zaten DNA\u2019n\u0131n ne oldu\u011funu ikisi de bilmiyordur. Fakat 1930\u2019lar, 1940\u2019lar filan d\u00f6rt kol \u00e7engi. O i\u015flerin yani Avrupa \u0131rk\u00e7\u0131l\u0131\u011f\u0131n\u0131n zirveye \u00e7\u0131kt\u0131\u011f\u0131 y\u0131llar. Bizimkiler bir t\u00fcrl\u00fc onlar gibi olmam\u0131\u015flar. Tam tersine, biliyorsunuz herkes biliyor \u0130mparatorluk \u00e7at\u0131rd\u0131yor. Yani 19. as\u0131r \u015fanl\u0131 ge\u00e7mi\u015fimizle biz \u00f6v\u00fcn\u00fcr\u00fcz, T\u00fcrk\u00e7\u00fcler \u00f6v\u00fcn\u00fcrler \u015fanl\u0131 ge\u00e7mi\u015fiyle. Ama 19. as\u0131r \u015fan ve \u015ferefe \u00e7ok da d\u00e2hil de\u011fildir! Sanki \u015fimdi bizim nevzuhur Osmanl\u0131c\u0131lar daha \u00e7ok, i\u015fte Vahdettin d\u00f6neminin \u015fan ve \u015ferefini arar gibiler. Pek \u015fanl\u0131 ve \u015ferefli d\u00f6nemler de\u011fil onlar bildi\u011finiz gibi. Onlar \u015fu kadar as\u0131rl\u0131k anayurdumuzun, Rumeli\u2019nin, mesela, elimizden \u00e7\u0131kt\u0131\u011f\u0131 y\u0131llar. \u015eimdi o \u00e7\u00f6k\u00fc\u015f d\u00f6nemini, vatan\u0131n biti\u015f d\u00f6nemini kurtarma \u00e7abalar\u0131 var. Bir Osmanl\u0131c\u0131l\u0131k \u00e7\u0131kar\u0131l\u0131yor. Bu, Frans\u0131z \u0130htilali\u2019ne de uyuyor kimindi bu? Bican bilir.<\/p>\n<p>T\u00fcrk, Musevi, Rum, Ermeni<br \/>\nG\u00f6rd\u00fck bu r\u00fbz-\u0131 r\u00fb\u015feni.<\/p>\n<p>B\u00f6yle mar\u015flar var, millet sisteminden vazge\u00e7iliyor. Ondan sonra olmuyor, Hristiyan tebaa \u015fak\u0131r \u015fak\u0131r ayr\u0131l\u0131yor. Osmanl\u0131c\u0131l\u0131k tutmuyor. O zaman \u0130slamc\u0131l\u0131k yapal\u0131m diyorlar. \u0130slamc\u0131l\u0131k da tutmuyor biliyorsunuz. Arnavutlar ayr\u0131l\u0131yor. Araplar Birinci D\u00fcnya Harbi\u2019nde, devlete kar\u015f\u0131 y\u00fcr\u00fcyorlar filan. Sonunda \u00e7are kalm\u0131yor. Geriye kala kala kala T\u00fcrkl\u00fck kal\u0131yor. Ve i\u015fte Yusuf Ak\u00e7ura\u2019lar, Ziya G\u00f6kalp\u2019ler ve Cumhuriyet, T\u00fcrkl\u00fck temeli \u00fczerinde kuruluyor. Bu temel ba\u015flarda belli, \u0130n\u00f6n\u00fc de s\u0131k\u0131 Irk laflar\u0131 ediyor o tarihlerde. Sonradan ak\u0131llar\u0131na geliyor Irk\u00e7\u0131l\u0131k Turanc\u0131l\u0131k diye dava a\u00e7mak. Mesela Atat\u00fcrk\u2019ten sonra 1940 y\u0131l\u0131nda Cumhuriyet Halk Partisi Konferanslar\u0131 var. Bunun birinci konferans\u0131nda Agop Dila\u00e7ar\u2019\u0131n T\u00fcrk Dil Kurumu\u2019ndan Agop Dila\u00e7ar\u2019\u0131n, \u00e7ok enteresan bir ifadesi var: &#8220;T\u00fcrk\u00e7\u00fcl\u00fck&#8221;, diyor Dila\u00e7ar, &#8220;\u0131rk\u00e7\u0131 olmad\u0131\u011f\u0131 i\u00e7in noksand\u0131. Kemalizm ona \u0131rk\u00e7\u0131l\u0131\u011f\u0131 ilave etmi\u015ftir.&#8221; Tabii bu Kemalizm\u2019den Atat\u00fcrk\u2019\u00fcn pek de haberi yok.<\/p>\n<p>Ulus\u2019ta bir ba\u015fyaz\u0131 var. Ulus biliyorsunuz o tarihlerde Cumhuriyet Halk Partisi\u2019nin resm\u00ee yay\u0131n organ\u0131 gibi. Hangi tarihler? 1940\u2019lardan bahsediyorum. Ba\u015fyaz\u0131n\u0131n ba\u015fl\u0131\u011f\u0131 \u015fu: <em>\u2018T\u00fcrkiye d\u00fcnya \u0131rk\u00e7\u0131l\u0131\u011f\u0131nda yerini almal\u0131d\u0131r.\u2019<\/em> \u0130stikl\u00e2l Mar\u015f\u0131\u2019nda, Harbiye Mar\u015f\u0131\u2019nda, \u2018<em>muhta\u00e7 oldu\u011fun kudret damarlar\u0131ndaki asil kanda mevcuttur\u2019<\/em>, 10. Y\u0131l Mar\u015f\u0131\u2019nda bol bol \u0131rk laf\u0131 var. Ama bizim yay\u0131nlarda hi\u00e7bir zaman ar\u00ee \u0131rk hik\u00e2yesi yok. Neden? \u00c7\u00fcnk\u00fc \u0131rk\u0131 millet olarak kullan\u0131yorlar. Bican\u2019\u0131n dedi\u011fi gibi Ats\u0131z <em>\u2018Irk e\u015fittir Millet\u2019<\/em> diyor ve \u00f6yle kullan\u0131yorlar o tarihlerde. Bir \u015fa\u015fk\u0131nl\u0131k ama millet y\u0131llarca cemaat anlam\u0131nda kullan\u0131lm\u0131\u015f bizde: Katolik milleti, Protestan milleti, Yahudi milleti, M\u00fcsl\u00fcman milleti \u015feklinde kullan\u0131lm\u0131\u015f. Cemaat kar\u015f\u0131l\u0131\u011f\u0131 asl\u0131nda. Cemaatin as\u0131l anlam\u0131 bir kilisenin mensuplar\u0131. Ayr\u0131 bir kilisenin ayr\u0131 bir din te\u015fkilat\u0131n\u0131n mensuplar\u0131 diye anla\u015f\u0131lm\u0131\u015f.<\/p>\n<p>Evet, \u0130n\u00f6n\u00fc\u2019n\u00fcn de s\u00f6zleri var. En \u00e7arp\u0131c\u0131s\u0131 belki Hamdullah Suphi\u2019nin. 23 Nisan 1925\u2019de T\u00fcrk Ocaklar\u0131\u2019n\u0131n 2. Kurultay\u0131 toplan\u0131yor. Kurultay&#8217;dan sonra yeni se\u00e7ilen y\u00f6netim kurulu olarak \u0130smet Pa\u015fa\u2019ya gidiyorlar. Onlara hitaben \u0130smet Pa\u015fa\u2019n\u0131n bir konu\u015fmas\u0131 var. Konu\u015fmay\u0131 \u0130smail Acar\u2019\u0131n <em>\u201cCumhuriyetin kurucu fikri T\u00fcrk Milliyet\u00e7ili\u011fi\u201d<\/em> adl\u0131 kitab\u0131n 23. sayfas\u0131nda bulabilirsiniz. \u0130nternette var kitap. \u0130n\u00f6n\u00fc\u2019n\u00fcn konu\u015fmas\u0131 \u015f\u00f6yle:<\/p>\n<p><em>\u201cSizi bir ocakl\u0131 kalbiyle selamlam\u0131\u015f olmakla bilistifade birka\u00e7 s\u00f6z s\u00f6ylemek isterim bunu gerek d\u00e2hilde, gerek hari\u00e7te s\u00f6ylemek i\u00e7in art\u0131k vehmedecek bir nokta-i endi\u015femiz yoktur. Milliyet yeg\u00e2ne birle\u015fme vas\u0131tam\u0131zd\u0131r. Di\u011fer anas\u0131r T\u00fcrk ekseriyeti kar\u015f\u0131s\u0131nda bir etkiye sahip de\u011fildir. \u0130lkemiz, T\u00fcrk vatan\u0131 i\u00e7inde bulunanlar\u0131 behemeh\u00e2l T\u00fcrk yapmakt\u0131r, T\u00fcrkl\u00fc\u011fe ve T\u00fcrk\u00e7\u00fcl\u00fc\u011fe muhalefet edecek anas\u0131r\u0131 kesip ataca\u011f\u0131z. Vatana hizmet edecek olanda arayaca\u011f\u0131m\u0131z her \u015feyden \u00f6nce o adam\u0131n T\u00fcrk ve T\u00fcrk\u00e7\u00fc olmas\u0131d\u0131r.\u201d <\/em><\/p>\n<p>Y\u0131l 1925. Oradan \u00f6ne do\u011fru sar\u0131n, \u015fimdi, 19 May\u0131s 1944 nutkuna gelin. Onun sebepleri incelenebilir tamam\u0131yla. Zaten Atat\u00fcrk\u2019ten sonra T\u00fcrkiye&#8217;de 180 derece bir \u00e7ark var. Ders kitaplar\u0131 de\u011fi\u015fiyor, tarih kitaplar\u0131 de\u011fi\u015fiyor. Efendim, Yunanca ve Latince dersler konmaya ba\u015flan\u0131yor. Atat\u00fcrk\u2019\u00fcn radyo konu\u015fmalar\u0131nda \u0131srarla <em>\u2018B\u00fcy\u00fck T\u00fcrk Milleti\u2019<\/em> diye hitap etmesine kar\u015f\u0131l\u0131k, 1944\u2019den sonra \u0130smet \u0130n\u00f6n\u00fc <em>\u2018Aziz vatanda\u015flar\u0131m\u2019\u0131 tercih ediyor<\/em>. Sonuna kadar da \u00f6yle hitap etti. Rahmetli Mustafa Kafal\u0131 hoca bunun taklidini yaparak s\u00f6ylerdi Allah rahmet eylesin.<\/p>\n<p><strong>HP:<\/strong> Ama tabii Lozan\u2019daki \u0130n\u00f6n\u00fc de, 1925\u2019teki \u0130n\u00f6n\u00fc de tam ve k\u00e2mil anlam\u0131yla T\u00fcrk Milliyet\u00e7isi olarak g\u00f6r\u00fcn\u00fcyor. 1944\u2019e geldi\u011finde, dedi\u011finiz gibi fark\u0131n incelenmesi gerekiyor. Hatta 1944\u2019te Irk\u00e7\u0131l\u0131kla su\u00e7lanan, bug\u00fcn bile \u0131rk\u00e7\u0131 deyince ilk akla gelen Ats\u0131z hoca rahmetli, ilk defa 1970\u2019te \u00d6t\u00fcken\u2019in 104. say\u0131s\u0131nda yay\u0131nlanan, sonra T\u00fcrk \u00dclk\u00fcs\u00fc kitab\u0131nda da yer alan <em>\u2018T\u00fcrk\u00e7\u00fcl\u00fck ve Siyaset\u2019<\/em> makalesinde diyor ki: <em>\u201cT\u00fcrk\u00e7\u00fcl\u00fck ancak ve yaln\u0131z b\u00fct\u00fcn T\u00fcrkler i\u00e7in olan bir milliyet\u00e7ilik davas\u0131n\u0131 \u00fclk\u00fc edinir. T\u00fcrkler ise T\u00fcrk soyundan gelenlerle T\u00fcrk soyundan gelmi\u015fler kadar T\u00fcrkle\u015fip kendini o soya ba\u011flayan ve beyninde hi\u00e7bir yabanc\u0131 \u0131rk d\u00fc\u015f\u00fcncesi bulunmayan fertlerin toplulu\u011fudur.\u201d<\/em><\/p>\n<p><strong>\u0130\u00d6: <\/strong>Buradaki \u0131rk da millet demek i\u015fte. Yani beyninde ba\u015fka \u0131rk d\u00fc\u015f\u00fcncesi olmayan ne demek?<\/p>\n<p><strong>HP:<\/strong> Ba\u015fka bir ba\u011fl\u0131l\u0131\u011f\u0131 yok.<\/p>\n<p><strong>\u0130\u00d6:<\/strong> Amerikan vatanda\u015fl\u0131k yemininde de hi\u00e7bir ba\u015fka prense, millete ba\u011fl\u0131l\u0131k hissetmeyece\u011fim diye yemin ediliyor. Prens, burada egemen, h\u00fck\u00fcmdar demektir.<\/p>\n<p><strong>HP:<\/strong> Tam ve k\u00e2mil anlam\u0131yla <em>\u2018Ne Mutlu T\u00fcrk\u00fcm Diyene\u2019<\/em> yakla\u015f\u0131m\u0131d\u0131r bu. De\u011fil mi Bican Hocam?<\/p>\n<p><strong>ABE:<\/strong> Tam \u00f6yledir zaten. Ats\u0131z da Nejdet San\u00e7ar da son yaz\u0131lar\u0131nda bu \u0131rk kavram\u0131na y\u00fcklenen k\u00f6t\u00fc anlamdan dolay\u0131 \u0131rk yerine soy kelimesini kullanmay\u0131 tercih ettiler.<\/p>\n<p><strong>HP: <\/strong>Ekleyece\u011finiz ba\u015fka bir \u015fey var m\u0131 \u0130skender Hocam?<\/p>\n<p><strong>\u0130\u00d6:<\/strong> Vallahi T\u00fcrk\u00e7\u00fcl\u00fck Irk\u00e7\u0131 m\u0131d\u0131r veya nedir, diye soruldu\u011funda kavramlar\u0131n sahipleri vard\u0131r demek laz\u0131m. T\u00fcrk\u00e7\u00fcl\u00fc\u011f\u00fcn sahibi de herhalde her \u015feyden \u00f6nce G\u00f6kalp\u2019tir. G\u00f6kalp, &#8220;<em>\u0131rk atlarda olur<\/em>&#8221; diyor. G\u00f6kalp bilir bu i\u015fleri, veteriner \u00e7\u00fcnk\u00fc. Mehmet Akif gibi o da veteriner. Veteriner deyip ge\u00e7meyin, \u00e7\u00fcnk\u00fc stratejik bir alan o tarihlerde veterinerlik, \u00e7ok stratejik bir alan. Bug\u00fcnk\u00fc tank uzmanl\u0131\u011f\u0131 gibi i\u015fte.<\/p>\n<p><strong>ABE:<\/strong> Tank m\u00fchendisi gibi.<\/p>\n<p><strong>\u0130\u00d6:<\/strong> Evet evet, teknisyeni m\u00fchendisi gibi. Irk atlarda olur diyor i\u015fte T\u00fcrk\u00e7\u00fcl\u00fc\u011f\u00fcn kurucusu, Atat\u00fcrk\u2019\u00fcn fikir babam dedi\u011fi adam. Kimse de \u00e7\u0131k\u0131p, <em>\u201cYok, \u00f6yle de\u011fil atlarda olmaz insanlarda da olur\u201d<\/em> demiyor. Irk kelimesini millet yerine kullan\u0131yorlar. Fakat\u00a0 44\u2019te de bug\u00fcn de milliyet\u00e7ilik kelimesi yerine \u0131rk\u00e7\u0131l\u0131k kullan\u0131lmaya \u00e7al\u0131\u015f\u0131l\u0131yor bir alg\u0131 yaratmak i\u00e7in. Irk\u00e7\u0131l\u0131k k\u00f6t\u00fc bir \u015fey milliyet\u00e7ilik de \u0131rk\u00e7\u0131l\u0131kt\u0131r o zaman milliyet\u00e7ilik de k\u00f6t\u00fc bir \u015fey.<\/p>\n<p><strong>HP:<\/strong> Ve bir de <em>\u201cb\u00fct\u00fcn milliyet\u00e7ilikleri aya\u011f\u0131m\u0131n alt\u0131na ald\u0131m\u201d<\/em>.<\/p>\n<p><strong>\u0130\u00d6: <\/strong>Milliyet\u00e7ilikler ayakalt\u0131na al\u0131n\u0131yor. Efendim, asl\u0131nda ayakalt\u0131na al\u0131nmak istenen T\u00fcrkiye Cumhuriyeti\u2019nin kurucu prensipleri. Kuruculuk ilkeleri Kemalizm diye de bunu kastediyorlar, Kemalizm diye de buna sald\u0131r\u0131yorlar asl\u0131nda.<\/p>\n<p><strong>HP: <\/strong>Say\u0131n Bakan\u0131m, \u0130skender Hocam\u0131n da s\u00f6yledi\u011fi, T\u00fcrk Milliyet\u00e7ili\u011fi fikrinin kurucusu olan Ziya G\u00f6kalp\u2019ten sonra bir de T\u00fcrk Milliyet\u00e7ilerini siyas\u00ee sahada var eden bir fig\u00fcr var: Alparslan T\u00fcrke\u015f ve \u00e7ok uzun y\u0131llar birlikte \u00e7al\u0131\u015ft\u0131n\u0131z. \u00c7ok yak\u0131n \u00e7al\u0131\u015ft\u0131n\u0131z siyasette. Bir de 2017 y\u0131l\u0131nda bu 1944\u2019teki Irk\u00e7\u0131l\u0131k Turanc\u0131l\u0131k Davas\u0131yla ilgili bir yaz\u0131n\u0131z var. <em>\u201c100. do\u011fum y\u0131l d\u00f6n\u00fcm\u00fcnde Alparslan T\u00fcrke\u015f\u201d.<\/em><\/p>\n<p>T\u00fcrke\u015f Bey T\u00fcrk milliyet\u00e7isi mi, \u0131rk\u00e7\u0131 Turanc\u0131 m\u0131? Burada, mahkemede h\u00e2kimle aras\u0131nda ge\u00e7en bir konu\u015fmas\u0131 var, sorulara verdi\u011fi cevaplar var? Alparslan T\u00fcrke\u015f\u2019in milliyet\u00e7ili\u011fi nas\u0131ld\u0131, \u0131rk\u00e7\u0131 m\u0131yd\u0131?<\/p>\n<p><strong>SS: <\/strong>Evet, T\u00fcrke\u015f Bey rahmet olsun, b\u00fct\u00fcn hayat\u0131 boyunca o kitab\u00ee manadaki \u0131rk\u00e7\u0131l\u0131k kavram\u0131n\u0131 reddetmi\u015ftir. 1944 duru\u015fmalar\u0131nda da, mahkemede h\u00e2kimin sorusu \u00fczerine bu konuya verdi\u011fi cevap \u00e7ok a\u00e7\u0131kt\u0131r, \u00e7ok nettir. <em>Ben \u0131rk\u00e7\u0131 de\u011filim <\/em>diyor. <em>Ama T\u00fcrk milletinin \u00fcst\u00fcn meziyetleri olan bir millet oldu\u011funa iman etmi\u015f birisiyim. Onun i\u00e7inde bizim milletimizden daha bir \u00fcst\u00fcn milleti kabul etmiyorum. Sava\u015flarda T\u00fcrk ordusu kendisinin be\u015f misli on misli birlikleri tepeliyor. Bu \u00fcst\u00fcnl\u00fc\u011f\u00fcn\u00fc g\u00f6sterir bir milletin. Bunun da \u00f6rnekleri \u0130stikl\u00e2l Harbimizdir <\/em>diyor, <em>\u00c7anakkale\u2019dir <\/em>diyor. Yani <em>bunlar\u0131 g\u00f6r\u00fcp de T\u00fcrk milletinin \u00fcst\u00fcnl\u00fc\u011f\u00fcne inanmamak m\u00fcmk\u00fcn de\u011fildir<\/em> diyor.<\/p>\n<p>\u00c7ok net, hadiseleri de zikrederek ortaya koymu\u015f mahkemede. Herhangi bir siyas\u00ee propaganda yapma yeri de\u011fil. Belli ki bir cezaya \u00e7arpt\u0131r\u0131lacaks\u0131n\u0131z. Kendi fikriniz de, kendiniz de buradan zarar g\u00f6receksiniz ama orada a\u00e7\u0131k\u00e7a s\u00f6yl\u00fcyor. Turanc\u0131l\u0131k konusu da b\u00f6yle, tabii o g\u00fcnlerde bu kavramlar Atat\u00fcrk\u2019ten sonra birdenbire kesilmemi\u015f, ats\u0131nlar ??? aras\u0131nda var bunlar konu\u015fuluyor ve kabul ediliyor. O zaman ki Ba\u015fbakan \u015e\u00fckr\u00fc Sara\u00e7o\u011flu, <em>\u201cBiz \u0131rk\u00e7\u0131y\u0131z. Irk\u00e7\u0131l\u0131\u011f\u0131m\u0131z sadece k\u00fclt\u00fcr meselesi de\u011fil ayn\u0131 zaman da kan meselesidir\u201d<\/em> diyor. Tabii \u0130smet Pa\u015fa Cumhurba\u015fkan\u0131, Mill\u00ee \u015eef. Sara\u00e7o\u011flu da Ba\u015fbakan. Yani o g\u00fcnlerde bu kavramlar zihinlerden hen\u00fcz s\u00f6k\u00fcl\u00fcp at\u0131lmam\u0131\u015f. Ama 44 olaylar\u0131nda, maalesef bu ger\u00e7e\u011fi dikkate almadan \u00e7ok ac\u0131mas\u0131zca bu fikrin \u00fczerine gidilmi\u015f.<\/p>\n<p><strong>\u0130\u00d6:<\/strong> Sara\u00e7o\u011flu\u2019nun tam al\u0131nt\u0131s\u0131 var okuyay\u0131m m\u0131? 5 A\u011fustos 1942 yani olaylardan iki y\u0131l \u00f6nce TBMM k\u00fcrs\u00fcs\u00fcnden s\u00f6yl\u00fcyor dolay\u0131s\u0131yla zab\u0131tta var.<\/p>\n<p><em>\u201cBiz T\u00fcrk\u00fcz, T\u00fcrk\u00e7\u00fcy\u00fcz ve daima T\u00fcrk\u00e7\u00fc kalaca\u011f\u0131z. Bizim i\u00e7in T\u00fcrk\u00e7\u00fcl\u00fck bir kan meselesi oldu\u011fu kadar ve en az o kadar da vicdan ve k\u00fclt\u00fcr meselesidir.\u201d<\/em><\/p>\n<p>C\u00fcmle bu. \u0130zmir Atat\u00fcrk Lisesi\u2019nden mezun olan \u015e\u00fckr\u00fc Sara\u00e7o\u011flu benim lisem oldu\u011fu i\u00e7in bunu soku\u015fturuyorum araya; b\u00f6yle diyor.<\/p>\n<p><strong>ABE:<\/strong> Zaten Ats\u0131z da Sara\u00e7o\u011flu \u015e\u00fckr\u00fc\u2019ye a\u00e7\u0131k mektup yazarken, <em>siz bu s\u00f6zleri s\u00f6ylediniz onun i\u00e7in size yaz\u0131yorum<\/em> diyor. Mektubun ba\u015f\u0131nda bunlar var.<\/p>\n<p><strong>SS:<\/strong> Tabii, do\u011fru. <em>Devletin i\u00e7ine kom\u00fcnistler kilit noktalara yerle\u015ftiriliyor ama sen de b\u00f6yle konu\u015fuyorsun<\/em> diyor. Evet, mant\u0131\u011f\u0131 gayet yerinde. Efendim yine h\u00e2kim diyor ki T\u00fcrke\u015f beye 44 duru\u015fmas\u0131nda, biliyorsunuz asker\u00ee mahkeme de yarg\u0131land\u0131lar. <em>\u201cEvvela \u015fu noktay\u0131 size sormak isterim T\u00fcrkiye\u2019de mevcut saf bir soydan gelme ve kar\u0131\u015f\u0131k \u0131rktan bulunmayaca\u011f\u0131 hakk\u0131ndaki d\u00fc\u015f\u00fcncelerinizin ne oldu\u011funu \u00f6\u011frenmek istiyoruz.\u201d<\/em><\/p>\n<p>T\u00fcrke\u015f:<em>\u201cBug\u00fcn devletimizin kabul etti\u011fi ve \u00fczerinde y\u00fcr\u00fcd\u00fc\u011f\u00fc prensip bence de en do\u011fru ve en makul prensiptir. Yani T\u00fcrkl\u00fc\u011f\u00fc her \u015feyden \u00fcst\u00fcn g\u00f6rmekle beraber, gayri T\u00fcrk unsurlar\u0131 da gerek k\u00fclt\u00fcr gerek telkin yoluyla \u00e7ok k\u0131sa zamanda temsil etmek ben de bunu do\u011fru g\u00f6r\u00fcr\u00fcm. \u0130dare i\u015fine gelince: benim \u015fahsi g\u00f6r\u00fc\u015f\u00fcm m\u00fchim i\u015flerimizi g\u00f6recek \u015fahsiyetlerin ya tamam\u0131yla T\u00fcrk olan yani temsil olunmu\u015f, kendisini T\u00fcrk\u2019ten ba\u015fka bir \u015fey saymayan veyahut da T\u00fcrk \u0131rk\u0131ndan gelen kimseler taraf\u0131ndan idare olmas\u0131n\u0131 uygun bulurum\u201d<\/em> diyor.<\/p>\n<p>H\u00e2kim:<em>\u201cKar\u0131\u015f\u0131k \u0131rklar hakk\u0131nda ne olacak?\u201d<\/em><\/p>\n<p>T\u00fcrke\u015f: <em>\u201cArz ettim efendim. Mademki T\u00fcrkle\u015fmi\u015ftir, dedesi veya nenesi \u015f\u00f6yledir diye aranmas\u0131n\u0131 do\u011fru bulmam.\u201d<\/em><\/p>\n<p>Savc\u0131 hemen at\u0131l\u0131yor: <em>\u201cEfendim T\u00fcrkle\u015fmi\u015fse kabul ederim.\u201d<\/em> diyor.<\/p>\n<p>H\u00e2kim: <em>\u201cDemek T\u00fcrk\u2019\u00fcm diyenleri kabul edelim diyorsunuz?\u201d<\/em><\/p>\n<p>T\u00fcrke\u015f: <em>\u201cTamam\u0131yla temess\u00fcl etmi\u015f olanlar\u0131n\u0131.\u201d<\/em><\/p>\n<p>H\u00e2kim: <em>\u201cTuranc\u0131l\u0131k hakk\u0131ndaki fikirlerinizi s\u00f6yler misiniz?\u201d<\/em><\/p>\n<p>T\u00fcrke\u015f: <em>\u201cBenim fikrime g\u00f6re her \u015feyden m\u00fchim olan T\u00fcrkiye\u2019dir. Memleketimizin ilmi, irfan\u0131, sanayide dereceye burudan \u00e7\u0131ks\u0131n en ileri dereceye ula\u015fmas\u0131 i\u00e7in \u00e7al\u0131\u015fmak laz\u0131md\u0131r. Turan yani T\u00fcrk birli\u011fi yaln\u0131z Asya\u2019dakiler de\u011fil b\u00fct\u00fcn T\u00fcrklerdir.\u201d<\/em><\/p>\n<p>H\u00e2kim: <em>\u201cHaz\u0131rl\u0131k tahkikat\u0131nda k\u00fc\u00e7\u00fck n\u00fcfuslu devletler tehlikeye maruzdur, onun i\u00e7in ilk f\u0131rsatta b\u00fct\u00fcn T\u00fcrklerin birle\u015fmesi laz\u0131md\u0131r diyorsunuz.\u201d<\/em><\/p>\n<p>Haz\u0131rl\u0131k tahkikat\u0131 s\u0131ras\u0131nda b\u00f6yle bir ifade vermi\u015f T\u00fcrke\u015f Bey.<\/p>\n<p>T\u00fcrke\u015f: <em>\u201cEfendim izah edeyim, bunlar benim istikbale dair temennilerimden ibarettir. Tabiat\u0131yla, takdir buyurursunuz ki bir devletin kuvvetini te\u015fkil eden bir\u00e7ok unsur vard\u0131r. Bunlardan birisi de devletin n\u00fcfusudur. Bu T\u00fcrk birli\u011fine ait temennilerimizden birisi olabilir. Ben tahkikatta bunu arz ettim. Bug\u00fcn n\u00fcfusumuz azd\u0131r. Bunu \u00e7o\u011faltmak i\u00e7in hemen kalk\u0131p birli\u011fe do\u011fru y\u00fcr\u00fcyelim demedim. Bu da istikbale ait bir meseledir ve devletimiz i\u00e7in bir kuvvet te\u015fkil eder<\/em>.\u201d<\/p>\n<p>Ba\u015fkan Pa\u015fa (Mahkeme ba\u015fkan\u0131): \u201cNas\u0131l bu kuvvetten istifade eder?\u201d B\u00f6yle bir c\u00fcmle ge\u00e7mi\u015f.<\/p>\n<p>T\u00fcrke\u015f: <em>\u201cEfendim, mesela 1917\u2019de oldu\u011fu gibi 1965\u2019te veya 1999\u2019da Rusya\u2019da bir ihtilal zuhur edebilir. O zamana kadar T\u00fcrkiye harp end\u00fcstrisi bak\u0131m\u0131ndan da ilim ve irfan bak\u0131m\u0131ndan da ilerlemi\u015f bulunur. 1945\u2019Ve T\u00fcrkiye\u2019nin de m\u00fczaheretiyle bu birli\u011fe do\u011fru y\u00fcr\u00fcnebilir, i\u015fte f\u0131rsat budur.\u201d<\/em><\/p>\n<p>HP: Yani, 1989\u2019da geldi. Evet A\u011fabey.<\/p>\n<p>SS: 65-99 diye s\u00f6ylendi\u011fi sene 1944\u2019t\u00fc yani. Efendim Ba\u015fkan Pa\u015fa: <em>\u201cBirli\u011fin hududu ne olacak?\u201d<\/em> Gayet a\u00e7\u0131k T\u00fcrke\u015f beyin cevab\u0131: <em>\u201cT\u00fcrklerin bir bayrak alt\u0131nda birle\u015fmesi.\u201d<\/em><\/p>\n<p>Ba\u015fkan Pa\u015fa: <em>\u201cCo\u011frafi hudutlar\u0131 nedir?\u201d<\/em><\/p>\n<p>T\u00fcrke\u015f: <em>\u201cEfendim, co\u011frafi hudutlar T\u00fcrklerin kesin olarak bulundu\u011fu yerlerdir.\u201d<a href=\"#_edn2\" name=\"_ednref2\"><strong>[2]<\/strong><\/a><\/em><\/p>\n<p>Evet, 1944-45 T\u00fcrk\u00e7\u00fcl\u00fck Turanc\u0131l\u0131k Davas\u0131\u2019nda sorgular, tutanaklar. Yavuz B\u00fclent Bakiler tam kitap halinde bunu yay\u0131nlam\u0131\u015ft\u0131r.<\/p>\n<p>Yani \u015fimdi bu \u0131rk\u00e7\u0131l\u0131k meselesi 1944 davas\u0131n\u0131n temel noktas\u0131d\u0131r. \u0130skender Hoca Turanc\u0131l\u0131k \u00fczerinde durdu. Fakat ben bakt\u0131m Turanc\u0131l\u0131\u011f\u0131 su\u00e7 sayan Cumhuriyet tarihi boyunca T\u00fcrk Ceza Kanunu maddesi yok. Yani \u00f6yle bir madde olmadan su\u00e7lan\u0131yor; do\u011frusu dikkat \u00e7ekici.<\/p>\n<p>E\u011fer devam edeceksem bu \u0130smet Pa\u015fa ile onun 19 May\u0131s Nutkunu ele almak isterim.<\/p>\n<p><strong>HP: <\/strong>Say\u0131n Bakan\u0131m onu biraz sonraya b\u0131rakal\u0131m isterseniz. Burada \u00e7\u00fcnk\u00fc farkl\u0131 bir noktaya dikkat \u00e7ekti Bican Hocam.<\/p>\n<p>Bican Hocam da ge\u00e7mi\u015fte, 2017&#8217;de,<em>\u201c78 y\u0131l \u00f6nce kurulan bir komplo mu?\u201d<\/em> diye bir yaz\u0131 yazd\u0131. 1939&#8217;da bir komplo kuruldu\u011funu ve bu komplonun ger\u00e7ekle\u015fti\u011fini konu ediyordu. Daha sonra ba\u011flant\u0131s\u0131n\u0131 kuraca\u011f\u0131z ama \u00f6nce bu komployu Bican Hocamdan dinleyelim. Nedir Bican A\u011fabey bu komplo?<\/p>\n<p><strong>ABE: <\/strong>Bu yaz\u0131 M\u0130SAK\u2019ta \u00e7\u0131kt\u0131 biliyorsunuz.<em>\u201c78 y\u0131l \u00f6nce kurulmu\u015f bir komplo (mu?)\u201d<\/em> diye soruyorum. Olay \u015fu: Sabahattin Ali 1939 y\u0131l\u0131nda o zamanki CHP&#8217;nin resmi organ\u0131 Ulus&#8217;ta, -Falih R\u0131fk\u0131 Atay y\u00f6netiyor Ulus&#8217;u- <em>\u0130\u00e7imizdeki \u015eeytan<\/em> roman\u0131n\u0131 tefrika ediyor. 1940&#8217;\u0131n ba\u015f\u0131nda da bu roman Remzi Kitapevi\u2019nde bas\u0131l\u0131yor.<\/p>\n<p>O romanda, <em>Nihat<\/em> isimli olumsuz kahraman Nihal Ats\u0131z&#8217;d\u0131r. Bir ba\u015fka olumsuz kahraman <em>Tatar Suratl\u0131 Herif<\/em>. Bu da Zeki Velidi Togan&#8217;d\u0131r. Yine olumsuz kahramanlardan biri <em>\u0130smet \u015eerif<\/em>. Bu da Peyami Safa&#8217;d\u0131r. Bir ba\u015fka olumsuz kahraman <em>Profes\u00f6r Hikmet<\/em>, bu da M\u00fckrimin Halil Yinan\u00e7&#8217;t\u0131r.<\/p>\n<p>Bu romanda diyor ki,\u201c<em>bu Nihat yani Nihal Ats\u0131z gen\u00e7leri etraf\u0131nda topluyor, onlara \u0131rklar\u0131n\u0131 anlat\u0131yor, yabanc\u0131 \u0131rklara kar\u015f\u0131 d\u00fc\u015fmanl\u0131k a\u015f\u0131l\u0131yor<\/em>.\u201d<\/p>\n<p>Diyor ki,\u201c<em>Tatar Suratl\u0131 herif, Nihat&#8217;\u0131n etraf\u0131na toplad\u0131\u011f\u0131 gen\u00e7lerle s\u0131k s\u0131k bir araya geliyor gizli gizli konu\u015fuyorlar, Nihat ve arkada\u015flar\u0131 bir tak\u0131m mecmualar, bro\u015f\u00fcrler \u00e7\u0131kart\u0131yorlar.\u201d<\/em><\/p>\n<p>Romanda olanlar 44 duru\u015fmalar\u0131nda aynen var. Neler su\u00e7luyor, neler s\u00f6yl\u00fcyorsa Nihat i\u00e7in yani Nih\u00e2l Ats\u0131z i\u00e7in. Ama en enteresan taraf\u0131, yani, o romanda bunlar i\u00e7in yap\u0131lan su\u00e7lamalar 44 iddianamesinde var. Hatta h\u00fck\u00fcmet bildirisinde var bu su\u00e7lamalar. Hatta yabanc\u0131 devletlerin oyunca\u011f\u0131 olduklar\u0131, yabanc\u0131 devletler hesab\u0131na \u00e7al\u0131\u015ft\u0131klar\u0131 veya yabanc\u0131 devletlerin bunlardan istifade edecekleri 44 iddianamesinde var. Bu romanda var, 39 y\u0131l\u0131ndaki romanda, yani 44 y\u0131l\u0131ndan 5 y\u0131l \u00f6nceki romanda var.<\/p>\n<p>En ilgi \u00e7ekici ve daha somut bir \u015fey s\u00f6yleyeyim, roman\u0131n sonunda h\u00fck\u00fcmet g\u00fc\u00e7leri Nihat&#8217;\u0131 ve Tatar Suratl\u0131 herifi tutukluyor. Yani Nihal Ats\u0131z&#8217;\u0131, Zeki Velidi Togan&#8217;\u0131 tutukluyor. Di\u011fer iki olumsuz ki\u015fi Profes\u00f6r Hikmet yani M\u00fckrimin Halil, bir yolunu buldu tan\u0131d\u0131klar\u0131n\u0131 araya koydu ve tutuklanmaktan kurtuldu diyor. Bir ba\u015fka olumsuz kahraman \u0130smet \u015eerif, yani Peyami Safa, o da kurtuldu diyor.<\/p>\n<p>Bak\u0131n \u015fimdi ger\u00e7ekten de 1944&#8217;te yani \u0130n\u00f6n\u00fc&#8217;n\u00fcn 19 May\u0131s nutkundan hemen \u00f6nce, Maarif Vekili Hasan Ali Y\u00fccel&#8217;in ba\u015fkanl\u0131\u011f\u0131nda bir heyet 47 isim tespit ediyor tutuklanmak \u00fczere.\u00a0 \u015eimdi size bu kitab\u0131 g\u00f6stereyim. Bu Mill\u00ee \u015eef D\u00f6nemi me\u015fhur Golo\u011flu\u2019nun kitab\u0131. 47 isim tespit ediyor yani sonradan 23\u2019e indi ya. tutuklanmak \u00fczere 47 isim.<\/p>\n<p>Bak\u0131n bu 47 isimde kimler var. Zeki Velidi Togan var; romanda tutuklan\u0131yor burada da tutuklan\u0131yor, Abdulkadir \u0130nan ge\u00e7elim onlar\u0131. Bu 47 isim aras\u0131nda Peyami Safa da var.Ve efendim M\u00fckrimin Halil Yinan\u00e7 da var. Romanda onlar tutuklanmad\u0131klar\u0131 gibi 44\u2019te de bu 47 isim i\u00e7inde olduklar\u0131 halde tutuklanm\u0131yorlar. Dolay\u0131s\u0131yla ben bu benzerli\u011fe temas ederek yani 5 y\u0131l \u00f6nce yaz\u0131lm\u0131\u015f olan bir romanla 44 olaylar\u0131ndaki benzerli\u011fe temas ederek, acaba,<em>78 y\u0131l \u00f6nce kurulmu\u015f bir komplo mu<\/em> diye o yaz\u0131y\u0131 yazd\u0131m.<\/p>\n<p>A\u00e7\u0131klamas\u0131 kolay de\u011fil. Yani bir kehanet mi? Bu roman\u0131 yazan Sabahattin Ali k\u00e2hin miydi? Efendim, nas\u0131l bunlar birbirini tutuyor? \u00c7ok enteresan ama \u015funu da s\u00f6yleyeyim Hasan Ali Y\u00fccel\u2019in beraberindeki bir heyet haz\u0131rl\u0131yor bu 47 ki\u015filik ismi ve o heyetin i\u00e7inde Sebahattin Ali de var.<\/p>\n<p>Bir ba\u015fka \u015fey. Fethi Teveto\u011flu y\u0131llarca \u00f6nce yazd\u0131. 44 Mahkemelerinin h\u00e2kimi Cevdet Erkut kendisine s\u00f6yl\u00fcyor. \u015eahitlerin huzurunda diyor ki,<em>44 iddianamesini haz\u0131rlayan heyetin i\u00e7inde ben vard\u0131m. Kaz\u0131m Al\u00f6\u00e7, yani mahkemenin savc\u0131s\u0131 vard\u0131. <\/em>Orada diyor<em> onu Falih R\u0131fk\u0131 Atay kaleme ald\u0131. Sebahattin Ali de vard\u0131. \u0130n\u00f6n\u00fc\u2019n\u00fcn evinde topland\u0131k<\/em> diyor. Yani \u00e2deta romandakileri iddianameye yedirmi\u015fler ama \u00e7ok enteresan yani belki de ba\u015fka t\u00fcrl\u00fc bir a\u00e7\u0131klama getirmek laz\u0131m; bu kadar benzerlik var.<\/p>\n<p><strong>\u0130\u00d6:<\/strong> Elinde kumandayla adalet s\u00f6zde mekanizmas\u0131 i\u015fletiliyor gayet basit.<\/p>\n<p><strong>ABE:<\/strong> Evet, ama 5 y\u0131l \u00f6nce roman bunlar\u0131 nas\u0131l anlat\u0131yor?<\/p>\n<p><strong>\u0130\u00d6:<\/strong> Askerlikte kontenjans plan\u0131 derler ya \u015f\u00f6yle olursa b\u00f6yle yap\u0131l\u0131r, buradan girerlerse \u015furadan \u00e7\u0131kar\u0131z diye o yap\u0131lm\u0131\u015f 5 y\u0131l \u00f6nce. Ondan sonra da tezg\u00e2ha konmu\u015f.<\/p>\n<p><strong>HP:<\/strong> Tabii bu, bug\u00fcnden bakt\u0131\u011f\u0131m\u0131zda bize \u00e7ok yabanc\u0131 da de\u011fil. Siz ilminizle o g\u00fcne bak\u0131yorsunuz, biz de bug\u00fcn ya\u015fad\u0131klar\u0131m\u0131zla bak\u0131yoruz.<\/p>\n<p>Ya\u015fanan bir\u00e7ok davada benzeri davran\u0131\u015f mevcut. H\u00e2kimli\u011fe gitmeden bas\u0131ndan okudu\u011fumuz iddianameler oldu. Ya da bir eve bask\u0131na giderken, sabah\u0131n saat 05.00\u2019inde haberlere \u00e7\u0131kt\u0131. \u0130\u015fte, filan\u0131n evi bas\u0131ld\u0131 g\u00f6zalt\u0131na al\u0131nd\u0131 haberleri. Buna benzer \u015feyler de ya\u015f\u0131yoruz. \u015eimdi, bu kumpastan bu kurulan komplodan, sizin anlatt\u0131klar\u0131n\u0131zdan da hareket ederek, 1944 y\u0131l\u0131na tekrar bak\u0131yoruz.<\/p>\n<p>T\u00fcrkiye keskin bir politika de\u011fi\u015fikli\u011fi ya\u015f\u0131yor. II D\u00fcnya Sava\u015f\u0131\u2019n\u0131n sonuna da yakla\u015fm\u0131\u015f\u0131z. 1925\u2019te T\u00fcrk\u00e7\u00fc oldu\u011funu T\u00fcrk Ocaklar\u0131\u2019nda deklare eden d\u00f6nemin Cumhurba\u015fkan\u0131, biraz sonra Say\u0131n Bakan\u0131ma soraca\u011f\u0131m, 19 May\u0131s\u2019ta sizlerin de bahsetti\u011fi o me\u015fhur nutkunu at\u0131yor. Irk\u00e7\u0131l\u0131k ve Turanc\u0131l\u0131k\u2019\u0131 su\u00e7 il\u00e2n ediyor. Milliyet\u00e7i camian\u0131n, bizim bilgimiz var. Sizlerin sayesinde 44 olaylar\u0131 \u00fczerinde \u00e7al\u0131\u015fma var ama bu \u00e7ok etrafa yay\u0131lmad\u0131.<\/p>\n<p>Say\u0131n Bakan\u0131m biraz \u00f6nce de s\u00f6yledim bu 21. y\u00fczy\u0131lda T\u00fcrk destanlar\u0131m\u0131z\u0131n isimleriyle de \u00fczerine gidilen Ergenekon gibi,\u00a0 Balyoz davas\u0131 gibi, 28 \u015eubat Davas\u0131 gibi, \u0130zmir Casusluk Davas\u0131 gibi isimli davalar\u0131n, b\u00fct\u00fcn, kumpas oldu\u011fu ortaya \u00e7\u0131kt\u0131. 15 Temmuz\u2019a g\u00f6t\u00fcren s\u00fcreci ya\u015fad\u0131k. T\u00fcrk devletinin, T\u00fcrkiye Cumhuriyeti Devleti\u2019nin omurgas\u0131 olan TSK\u2019ya \u00e7ok b\u00fcy\u00fck zararlar verdi. Dolay\u0131s\u0131yla devlete zarar verdi. D\u00f6n\u00fcp 1944\u2019e bak\u0131yoruz, 1944\u2019te biraz \u00f6nce bahsetti\u011fimiz politika de\u011fi\u015fikli\u011fi, 1946\u2019da Marshall Plan\u0131\u2019yla ba\u015fka bir y\u00f6ne do\u011fru da gitti.<\/p>\n<p>1944\u2019\u00fcn, bu olaylar\u0131n, devlet hayat\u0131ndaki ili\u015fkisi, fikir hayat\u0131ndaki ili\u015fkisi nedir? T\u00fcrk siyasetindeki etkisi konusunda, \u00f6zellikle 1980\u2019deki MHP ve \u00dclk\u00fcc\u00fc Kurulu\u015flar Davas\u0131\u2019n\u0131 ya\u015fayan birisi olarak o g\u00fcnk\u00fc davayla da ili\u015fki kurup bug\u00fcne nas\u0131l ta\u015f\u0131rs\u0131n\u0131z, etkileri ne oldu T\u00fcrk siyasetine?<\/p>\n<p><strong>SS:<\/strong> Te\u015fekk\u00fcr ederim. Yaln\u0131z m\u00fcsaadenizle Bican Hoca, <em>1939\u2019da Sabahattin Ali\u2019nin yazd\u0131\u011f\u0131 bu romanda, 44 duru\u015fmalar\u0131 mahkemelerine ait hususlar nas\u0131l yer al\u0131yor? Bu bir tesad\u00fcf m\u00fc, buna bir izah getirmek laz\u0131m<\/em> diye baya\u011f\u0131 tedbirli ifadeler kulland\u0131. Ama bu herhalde r\u00fcyas\u0131nda g\u00f6rd\u00fcyse bir vahiy filan geldiyse m\u00fcmk\u00fcn, onun d\u0131\u015f\u0131nda ben bir yol g\u00f6remiyorum. Yaln\u0131z bu bize bir \u015fey g\u00f6steriyor, hani diyorlar ya yerli yabanc\u0131 yazarlar, Ruslar 45\u2019ten itibaren cephelerde galip gelmeye ba\u015flay\u0131nca \u0130smet Pa\u015fa denge kurmak i\u00e7in T\u00fcrk\u00e7\u00fclerin \u00fczerine gitti. Ama 39\u2019da b\u00f6yle bir \u015fey yoktu ki. Bu bir delildir, ama ilgisi olmad\u0131\u011f\u0131n\u0131n delilidir. Biraz nutuk ve sonras\u0131nda da g\u00f6rece\u011fiz, ona ait \u00f6rnekleri. 39\u2019da tasarlanm\u0131\u015f bir durum var.<\/p>\n<p>39\u2019dan itibaren Atat\u00fcrk d\u00f6nemindeki m\u00fcfredat\u0131n ad\u0131m ad\u0131m de\u011fi\u015ftirilmesi var. Atat\u00fcrk d\u00f6nemindeki gerek tarih gerek edebiyat gibi kimlikle ilgili mill\u00ee \u015fuurla ilgili konulara ait kitaplar\u0131n m\u00fcfredattan kald\u0131r\u0131lmas\u0131n\u0131n ba\u015flang\u0131\u00e7 y\u0131llar\u0131d\u0131r. Yani Atat\u00fcrk\u2019\u00fcn vefat\u0131n\u0131 hemen takip eden y\u0131llarda biz m\u00fcfredat\u0131n de\u011fi\u015ftirilmeye ba\u015fland\u0131\u011f\u0131n\u0131 g\u00f6r\u00fcyoruz. Bunlar tesad\u00fcf olamaz. Ruslar galip geldi filan diye hi\u00e7bir delil g\u00f6stermeden yap\u0131lan yorumlara itibar etmemize izin vermiyor.<\/p>\n<p>1944 Nutku biliyorsunuz 19 May\u0131s t\u00f6renleri dolay\u0131s\u0131yla 1944\u2019te \u201cMili \u015eef\u201d \u0130n\u00f6n\u00fc\u2019n\u00fcn yapt\u0131\u011f\u0131 bir konu\u015fman\u0131n i\u00e7erisinde, A4 b\u00fcy\u00fckl\u00fc\u011f\u00fcnde bir bu\u00e7uk sayfal\u0131k k\u0131sm\u0131n\u0131n tamamen T\u00fcrk\u00e7\u00fclere Milliyet\u00e7ilere a\u011f\u0131r su\u00e7lamalarla donat\u0131ld\u0131\u011f\u0131n\u0131 g\u00f6r\u00fcyoruz. \u015eimdi, hadiseler (gen\u00e7li\u011fin \u015fahlan\u0131\u015f\u0131) ne zaman ba\u015flam\u0131\u015f Ankara\u2019da? 3 May\u0131s\u2019ta. Tutuklamalar veya g\u00f6zalt\u0131na almalar 3 May\u0131s\u2019\u0131 takip eden g\u00fcnlerde ba\u015flam\u0131\u015f. Nutuk ne zaman verilmi\u015f? 19 May\u0131s\u2019ta yani 3 May\u0131s\u2019tan 19 May\u0131s\u2019a 16 g\u00fcn var daha. G\u00f6zalt\u0131na almalar yeni ba\u015flam\u0131\u015f. Bunlar\u0131n sorgular\u0131na ge\u00e7ilmemi\u015f ama Mill\u00ee \u015eef bu nutkuyla, \u0131rk\u00e7\u0131l\u0131k Turanc\u0131l\u0131k su\u00e7lamas\u0131n\u0131n T\u00fcrkiye\u2019yi nas\u0131l mahvedece\u011fini anlat\u0131yor. Mahkeme daha ba\u015flamam\u0131\u015f ona da dikkat etmemiz laz\u0131m. Nitekim bu konu\u015fman\u0131n ben iki paragraf\u0131n\u0131, \u0131rk\u00e7\u0131l\u0131k ve Turanc\u0131l\u0131kla ilgili keskin ve a\u011f\u0131r h\u00fck\u00fcmler ihtiva eden iki paragraf\u0131n\u0131 aynen okumak istiyorum;<\/p>\n<p><em>\u201cBu kadar \u015fuursuz ve vicdans\u0131z fesat\u00e7\u0131lar\u0131n tezvirlerine T\u00fcrk Milletinin mukadderat\u0131n\u0131 kapt\u0131rmamak i\u00e7in elbette Cumhuriyet\u2019in b\u00fct\u00fcn tedbirlerini kullanaca\u011f\u0131z.\u201d<\/em><\/p>\n<p>Bak\u0131n bu vurgu \u00f6fkeyle, o anki insanlara cevap olsun diye s\u00f6ylenmi\u015f bir \u015fey olamaz. \u00c7\u00fcnk\u00fc bunun devam\u0131 g\u00fcn\u00fcm\u00fczde de aynen muhafaza ediliyor. Demek ki devletin b\u00fct\u00fcn imk\u00e2nlar\u0131 kullan\u0131lacakm\u0131\u015f. Ne i\u00e7in? Bu vicdans\u0131z, \u015fuursuz fesat\u00e7\u0131lar\u0131n tezvirlerine, T\u00fcrk Milletinin mukadderat\u0131n\u0131 bunlara kapt\u0131rmamak i\u00e7in bunu yapacakm\u0131\u015f. Bir korku var orada.\u00a0 Devam\u0131nda;<\/p>\n<p><em>\u201cIrk\u00e7\u0131lar\u0131n milleti bin bir par\u00e7aya ay\u0131racak fesatl\u0131 ve nifakl\u0131 zehirlerine cemiyeti kapt\u0131r\u0131r m\u0131y\u0131z?\u201d<\/em><\/p>\n<p>Yine cemiyeti, toplumu bunlar\u0131n etkileyece\u011fi, bu fikirlerin, bu tarih \u015fuurunun memlekete h\u00e2kim olaca\u011f\u0131n\u0131 ben anl\u0131yorum.<\/p>\n<p><em>\u201cTuranc\u0131lar T\u00fcrk milletini b\u00fct\u00fcn kom\u015fular\u0131n\u0131 onulmaz bir surette derhal d\u00fc\u015fman yapmak i\u00e7in birebir t\u0131ls\u0131m\u0131 bulmu\u015flard\u0131r. Hele do\u011fudan bat\u0131dan \u00fclkeler gizli Turan cemiyetiyle zapt olunur mu?\u201d<\/em><\/p>\n<p>Yani bu cemiyetler do\u011fudan bat\u0131dan \u00fclkeleri zapt etmek i\u00e7in kurulmu\u015f. 23 ki\u015fi yarg\u0131lanan. Akl\u0131n alaca\u011f\u0131 bir \u015fey de\u011fil. Her halde \u00f6fkenin hudutlar\u0131n\u0131 tayin edememi\u015f bir manzara var.<\/p>\n<p><em>\u201cDo\u011frudan do\u011fruya Cumhuriyet\u2019in, B\u00fcy\u00fck Millet Meclisi\u2019nin mevcudiyeti aleyhinde te\u015febb\u00fcslerle kar\u015f\u0131 kar\u015f\u0131yay\u0131z.\u201d<\/em><\/p>\n<p>Mahkeme ifadelerinde b\u00f6yle bir konuyu kimse de g\u00f6rmedim. Varsa da ben g\u00f6zden ka\u00e7\u0131rd\u0131m diyece\u011fim. Yani bu 23 T\u00fcrk Milliyet\u00e7isi, bu kadar a\u011f\u0131r, mesnetsiz, \u0131rk\u00e7\u0131 ve Turanc\u0131 diye su\u00e7lan\u0131yor. Bu insanlar, kendisinin i\u015f ba\u015f\u0131nda bulundu\u011fu ve \u00f6rf\u00ee idare ilan etti\u011fi d\u00f6nemde asker\u00ee mahkemelerde yarg\u0131land\u0131, tamam\u0131 beraat etti. Mahkemeler, yarg\u0131, hukuk bu insanlar\u0131n su\u00e7unun olmad\u0131\u011f\u0131na karar veriyor. Ama siyaset bunu kabul etmiyor. G\u00f6zalt\u0131na al\u0131nmalardan 16 g\u00fcn sonra bunlar\u0131 s\u00f6yleyen Mill\u00ee \u015eef siyasetin karar\u0131n\u0131 takibe al\u0131yor. Hasan Ali Y\u00fccel Mill\u00ee E\u011fitim Bakan\u0131\u2019d\u0131r ve m\u00fcfredat\u0131 aynen nutuktaki esaslara g\u00f6re de\u011fi\u015ftirmeye ba\u015flad\u0131. Bu de\u011fi\u015ftirilen m\u00fcfredat b\u00fct\u00fcn k\u00f6y okullar\u0131nda, b\u00fct\u00fcn askeri okullarda, y\u00fcksekokullar ve fak\u00fcltelerde, a\u00e7\u0131l\u0131\u015f t\u00f6renlerinde, kapan\u0131\u015f t\u00f6renlerinde ve ders kitaplar\u0131nda okutulacakt\u0131r.<\/p>\n<p>Burada da kal\u0131nmam\u0131\u015f, o zaman M\u0130T\u2019in ad\u0131 galiba Mill\u00ee Emniyet. Mill\u00ee Emniyet devleti y\u0131kacak zehirli, y\u0131k\u0131c\u0131, tehlikeli ak\u0131mlar olarak Kom\u00fcnizm, Gericilik ve K\u00fcrt\u00e7\u00fcl\u00fck- b\u00f6l\u00fcc\u00fcl\u00fck takip ederken, bunlar\u0131n aras\u0131na Irk\u00e7\u0131l\u0131k Turanc\u0131l\u0131k ad\u0131yla T\u00fcrk Milliyet\u00e7ili\u011fini de koymu\u015f. Benim iddiam bu.\u00a0 Biraz sonra onlar\u0131n delili mahiyetindeki maddeler, \u00f6rnekleri size sunaca\u011f\u0131m.<\/p>\n<p>Demek ki devlet kendisini kuran felsefeyi, kendisini kuran ba\u015fta Atat\u00fcrk olmak \u00fczere kadrolar\u0131 m\u00fccadele hedefleri aras\u0131na koymu\u015ftur. M\u00fcfredat b\u00f6yle de\u011fi\u015fince de b\u00fct\u00fcn nesiller buna g\u00f6re yeti\u015ftirilmeye \u00e7al\u0131\u015f\u0131lm\u0131\u015ft\u0131r. \u015eimdi 44\u2019te dedim, Mill\u00ee Emniyet\u2019in hedefleri aras\u0131na devleti kuran felsefe, T\u00fcrk Milliyet\u00e7ili\u011fi de yerle\u015ftirilmi\u015ftir ve bununla m\u00fccadele ba\u015flam\u0131\u015ft\u0131r.<\/p>\n<p>44\u2019ten 9 sene sonra 1953\u2019te T\u00fcrk Milliyet\u00e7iler Derne\u011fi\u2019nin kapat\u0131lmas\u0131 hadisesiyle kar\u015f\u0131 kar\u015f\u0131ya kal\u0131yoruz. Demokrat Parti 1950\u2019de iktidara geldi ve se\u00e7imlerde d\u00f6rt be\u015f konuyu i\u015flemi\u015fti. Bir tanesi de tabutluklardaki i\u015fkencelerdi. O i\u015fkenceleri halka anlatarak halktan oy alm\u0131\u015ft\u0131r Demokrat Parti. Bunun \u00fczerine T\u00fcrk Milliyet\u00e7ileri 1951\u2019de T\u00fcrk Milliyet\u00e7iler Derne\u011fi\u2019ni kurmu\u015flard\u0131r ama bu dernek 1953\u2019te kapat\u0131ld\u0131. Kapat\u0131lma gerek\u00e7esi Ba\u015fbakan Menderes\u2019in Gaziantep konu\u015fmalar\u0131nda ve di\u011fer konu\u015fmalar\u0131nda a\u00e7\u0131k\u00e7a ortaya konmu\u015ftur.<em> \u201cIrk\u00e7\u0131lar Turanc\u0131lar, meydan\u0131 bo\u015f bulup dola\u015fmaya ba\u015flad\u0131lar bunlarla u\u011fra\u015faca\u011f\u0131z\u201d <\/em>diyor. 44\u2019teki su\u00e7lamalarla, siz istedi\u011finiz kadar beraat etmi\u015f olun. O su\u00e7lamalar aynen 53\u2019te de T\u00fcrk Milliyet\u00e7iler Derne\u011fi\u2019nin \u00f6n\u00fcne konmu\u015f ve yarg\u0131lanmas\u0131 yap\u0131lm\u0131\u015ft\u0131r. Ancak orada da 44\u2019de oldu\u011fu gibi mahkeme bunu kabul etmemi\u015f. Irk\u00e7\u0131l\u0131k ve Turanc\u0131l\u0131k\u2019\u0131 kabul etmedi. Ama anla\u015f\u0131l\u0131yor ki \u015fiddetli bir bask\u0131 var. Ba\u015fka bir su\u00e7tan kapatma karar\u0131 ald\u0131. T\u00fcrk Milliyet\u00e7iler Derne\u011fi\u2019nin t\u00fcz\u00fc\u011f\u00fcndeki <em>\u201cDerne\u011fimiz Birle\u015fmi\u015f Milletlerin \u2018milletlere istikbal, insanlara h\u00fcrriyet\u2019 ilkesini benimser\u201d <\/em>maddesi siyasetle u\u011fra\u015fmak say\u0131ld\u0131. Sonra Konya \u015eubesi ile Edirne \u015eubesi\u2019nin a\u00e7\u0131l\u0131\u015f\u0131nda Fatiha okunmas\u0131n\u0131 dini istismar fasl\u0131na soktu. Bu iki gerek\u00e7eyle Dernek kapat\u0131ld\u0131.\u00a0 Ama karar nas\u0131ld\u0131? Y\u00f6neticilere temyiz yolu kapal\u0131 10\u2019ar lira para cezas\u0131 ile. B\u00f6ylece dernek kapat\u0131ld\u0131, maksat h\u00e2s\u0131l oldu. \u00c7\u00fcnk\u00fc maksat derne\u011fin kapat\u0131lmas\u0131.<\/p>\n<p>T\u00fcrk Milliyet\u00e7iler Derne\u011fi deyince hepimiz \u00e7ok \u00f6nemli bir dernekti der, orada keseriz. Ben bu vesileyle yeniden inceledi\u011fimde g\u00f6rd\u00fcm ki; 1931\u2019de T\u00fcrk Ocaklar\u0131 kapat\u0131ld\u0131ktan sonra T\u00fcrk Milleti \u00fczerinde en etkili olan, k\u0131sa zamanda 76 \u015fube a\u00e7arak, kitaplar yay\u0131mlayarak k\u00f6ylere kadar ula\u015fan, milliyet\u00e7ilerin birli\u011fini sa\u011flayan \u00f6nemi bir te\u015fkilat kapat\u0131lm\u0131\u015ft\u0131r. Ama dikkatimi \u00e7eken benim \u00fczerinde durmak istedi\u011fim konu, 1944\u2019deki \u0131rk\u00e7\u0131l\u0131k Turanc\u0131l\u0131k su\u00e7lamas\u0131 burada da yer alm\u0131\u015f, herhalde tesad\u00fcf olamaz. Yoksa emniyetin elindeki k\u0131rm\u0131z\u0131 kitaba bakarak m\u0131 bu i\u015flem yap\u0131ld\u0131.<\/p>\n<p>T\u00fcrk Milliyet\u00e7iler Derne\u011finin kapat\u0131lmas\u0131yla g\u00f6rev tamamland\u0131 m\u0131? Hay\u0131r. Bakan neler olmu\u015f? \u00d6rneklerle anlatal\u0131m.<\/p>\n<p>Bizim rahmetli Niyazi Y\u0131ld\u0131r\u0131m Gen\u00e7o\u011flu da Elaz\u0131\u011f\u2019\u0131n bir kasabas\u0131nda bir \u00f6\u011fretmen, bu derne\u011fi kurmu\u015f. B\u00fct\u00fcn k\u00f6yl\u00fc tamam\u0131 derne\u011fe \u00fcye olmu\u015f. 2 bin n\u00fcfuslu bir k\u00f6y tamam\u0131 derne\u011fe \u00fcye olmu\u015f. Niyazi Bey de, \u015fairli\u011fi de hitabeti de \u00e7ok tesirli bir insan. Kapat\u0131ld\u0131ktan sonra s\u00fcrg\u00fcn edilmi\u015ftir. Van&#8217;da Milliyet\u00e7iler derne\u011fini kuran \u00f6\u011fretmen s\u00fcrg\u00fcn edilmi\u015f. Van\u2019da bir foto\u011fraf\u00e7\u0131 varm\u0131\u015f. Esnaf. Polis evinde, pazarda, i\u015fyerinde arkas\u0131ndan takip ediyor, y\u0131lg\u0131nl\u0131\u011fa d\u00fc\u015fm\u00fc\u015f, Van&#8217;\u0131 terk etmi\u015f 1953\u2019te. Ahmetli Necdet \u00d6zkaya bizim Mill\u00ee D\u00fc\u015f\u00fcnce\u2019de anlatt\u0131, bunlar biz genciz diyor. Bu foto\u011fraf\u00e7\u0131 da \u00e7ok destani bir adam, herkes bundan bahsediyor. 64\u2019te Van&#8217;a gelince gittik, sohbetlerini dinledik. Peki, <em>say\u0131n b\u00fcy\u00fc\u011f\u00fcm\u00fcz siz Vanl\u0131s\u0131n\u0131z i\u015finizi b\u0131rak\u0131p neden terk ettiniz?<\/em> Efendim, <em>polis takibinden y\u0131lg\u0131nl\u0131\u011fa d\u00fc\u015ft\u00fcm<\/em> diyor. Yani T\u00fcrk Milliyet\u00e7ileri bire bir ki\u015filer. Memursa s\u00fcrg\u00fcn ediliyor, esnafsa polis pe\u015fine tak\u0131l\u0131yor. Bunlar o devirlerde hazmedilmesi kolay \u015feyler de\u011fildir.<\/p>\n<p>Sonra birka\u00e7 \u00f6rnek daha zaman\u0131n m\u00fcsaadesinde ben size anlataca\u011f\u0131m. Ben 1964\u2019te A\u011fr\u0131\u2019dayd\u0131m. Yedek subayl\u0131\u011f\u0131m\u0131 yapmak \u00fczere, Top\u00e7u Okulu bitince, kurada A\u011fr\u0131\u2019y\u0131 \u00e7ektim. Bir g\u00fcn ilan yap\u0131ld\u0131 <em>subaylar 13. T\u00fcmen kararg\u00e2h\u0131nda toplanacaklar. Tu\u011fgeneral bilmem kim b\u00f6lgemizdeki \u0131rk\u00e7\u0131, Turanc\u0131, gerici, b\u00f6l\u00fcc\u00fc ve kom\u00fcnist faaliyetler hakk\u0131nda konferans verecek<\/em> diye. Biz de yedek subay\u0131z ama subay\u0131z, gittik adam\u0131 dinlemeye. Ne dedi\u011fini de anlamad\u0131m. Cemiyet dedi, toplum dedi zaten bunlar g\u00fcndemde olmayan \u015feylerdi. Biz 1956-57\u2019de T\u00fcrk Ocaklar\u0131nda bunlar\u0131 hep g\u00f6rd\u00fc\u011f\u00fcm\u00fcz i\u00e7in hocalar\u0131m\u0131zdan, ben tabii ilgimi \u00e7ekti\u011fi i\u00e7in yak\u0131ndan takip ettim, sonra bir albay vard\u0131 bu konular\u0131 iyi k\u00f6t\u00fc konu\u015ftu\u011fumuz, ona gittim. <em>Albay\u0131m dedim bu konferans ne i\u00e7in verildi, bu general istedi de onun i\u00e7in mi yoksa 13. T\u00fcmen b\u00f6yle bir ihtiya\u00e7 m\u0131 duydu,<\/em> dedim. <em>Hay\u0131r, \u015fu anda b\u00fct\u00fcn T\u00fcrkiye&#8217;de asker\u00ee birliklerde konferans veriliyor<\/em> dedi. <em>Emir Ankara\u2019dan gelir ve b\u00fct\u00fcn T\u00fcrkiye\u2019de her y\u0131l bu konferans verilir<\/em> dedi. 1964\u2019te ben oradayd\u0131m. 1965 May\u0131s\u2019\u0131nda verildi konferans.<\/p>\n<p>Nam\u0131k Kemal Zeybek 1969\u2019da bitirdi okulu kaymakam olarak tayin oldu, kaymakaml\u0131k g\u00f6revini yaparken \u0130\u00e7i\u015fleri Bakanl\u0131\u011f\u0131\u2019ndan bir yaz\u0131 geliyor. Kaymakaml\u0131k b\u00f6lgesindeki \u0131rk\u00e7\u0131-Turanc\u0131, kom\u00fcnist, gerici ve b\u00f6l\u00fcc\u00fc faaliyetler hakk\u0131nda rapor verin diye. Nam\u0131k Kemal Bey de telefon ediyor arkada\u015f\u0131 genel m\u00fcd\u00fcr \u0130\u00e7i\u015fleri Bakanl\u0131\u011f\u0131\u2019nda. <em>Siz bir yaz\u0131 g\u00f6ndermi\u015fsiniz. Burada benden ba\u015fka Turanc\u0131 yok. \u00d6teki i\u015fler hi\u00e7 yok burada<\/em> diyor. Genel M\u00fcd\u00fcr diyor ki <em>bak bunu ciddiye al. Eskiden beri her y\u0131l bu evrak g\u00f6nderilir, oradaki bilgilere g\u00f6re de i\u015fleme konur. Sen buna bir cevap ver<\/em> diyor. <em>E\u011fer verecek bir cevap bulam\u0131yorsan, b\u00f6lgende b\u00f6yle bir durum yoksa eski raporu al biraz de\u011fi\u015ftir g\u00f6nder<\/em> diyor. <em>Ben giren evrak olarak \u00e7\u0131kan evrak\u0131n kar\u015f\u0131s\u0131na bunu yazay\u0131m kapatay\u0131m yoksa sorarlar bu ciddi <\/em>diyor. Ben sonra hocalara \u00e7ok s\u00f6yledim \u00f6\u011frencilere tez verin, neymi\u015f bu yaz\u0131\u015fmalar \u0130\u00e7i\u015fleri Bakanl\u0131\u011f\u0131ndan her yere giden, herhalde bunun cevab\u0131n\u0131 girdi\u011fi klas\u00f6rleri orada duruyordur. Orada kim hakk\u0131nda hangi raporlar verilmi\u015f, hangi i\u015flemler yap\u0131lm\u0131\u015f, efendim \u00f6\u011frenelim bunu bilmeye ihtiyac\u0131m\u0131z var diye ba\u015far\u0131l\u0131 olamad\u0131m. Bu da \u00e7ok \u00f6nemli.<\/p>\n<p>Demek ki sadece okullardan ibaret de\u011fil. Hasan Ali Y\u00fccel&#8217;in, \u0130smet Pa\u015fa\u2019n\u0131n nutkundaki hususlar\u0131 yaz\u0131p, nesilleri \u00f6yle yeti\u015ftirmek \u00fczere harekete ge\u00e7mesinden ibaret de\u011fil. \u0130\u00e7i\u015fleri Bakanl\u0131\u011f\u0131\u2019nda da \u00f6yle, biraz \u00f6nce s\u00f6yledim asker\u00ee birliklerde de \u00f6yle.<\/p>\n<p>Bundan 3-4 sene \u00f6nce, Mill\u00ee D\u00fc\u015f\u00fcnce\u2019de otururken, bir arkada\u015f geldi. Bana, \u201c<em>sen bunu s\u00f6yleyip duruyorsun, bir general asker\u00ee ar\u015fivlerdeki bu \u0131rk\u00e7\u0131l\u0131k Turanc\u0131l\u0131kla ilgili konferanslar\u0131 ve faaliyetleri alm\u0131\u015f Hayri Y\u0131ld\u0131r\u0131m&#8217;a vermi\u015f.\u2018Son T\u00fcrk\u00e7\u00fc Ats\u0131z\u2019 kitab\u0131n\u0131 yazan Hayri Y\u0131ld\u0131r\u0131m&#8217;a vermi\u015f, haberin olsun\u201d<\/em> dedi. Bende Hayri Y\u0131ld\u0131r\u0131m\u2019a telefon ettim.<em>\u201cSen ilgileniyorsun bu konuyla tamam \u00e7ok g\u00fczel l\u00fctfen bana da bir fotokopisini g\u00f6nder\u201d <\/em>dedim ama<em>\u201cA\u011fabey kusura bakma g\u00f6ndermem. Ben yazd\u0131ktan sonra sana g\u00f6nderirim\u201d<\/em> diye cevap verdi. Yani asker\u00ee birliklerde de bunun dosyas\u0131 var.<\/p>\n<p>Ba\u015fka \u00f6rnek, tabii bu \u00f6rnekleri \u00f6zet olarak veriyorum. Bunlar\u0131n tafsilat\u0131 da \u00e7ok deh\u015fet bir \u015feyler ya\u015fand\u0131\u011f\u0131n\u0131 g\u00f6steriyor.<\/p>\n<p>S\u00fcleyman Demirel 1993&#8217;te Cumhurba\u015fkan\u0131 oldu. Bizim hoca da, rahmetli Orhan D\u00fczg\u00fcne\u015f hocam\u0131z da T\u00fcrk Ocaklar\u0131 Genel ba\u015fkan\u0131yd\u0131 93\u2019te. Ben de y\u00f6netim kurulu \u00fcyesiydim. Hoca, Cumhurba\u015fkan\u0131n\u0131 bir ziyarete gidelim tebrik edelim dedi. Biz de gittik. Biraz sohbetten sonra bakt\u0131m s\u0131radan \u015feyler konu\u015fuluyor. O g\u00fcnlerde de K\u0131rm\u0131z\u0131 Kitap, i\u015fte 44\u2019e oradan ba\u011flant\u0131 yapaca\u011f\u0131m. Halk aras\u0131nda K\u0131rm\u0131z\u0131 Kitap ad\u0131 verilen Mill\u00ee G\u00fcvenlik Strateji Belgesi de\u011fi\u015fmi\u015fti. 5 y\u0131lda bir yenileniyordu. Gazetelerde de haberler var art\u0131k. Irk\u00e7\u0131l\u0131k Turanc\u0131l\u0131k olarak de\u011fil \u00dclk\u00fcc\u00fcler, T\u00fcrk Milliyet\u00e7ileri, MHP ve \u00dclk\u00fc Ocaklar\u0131 gibi isimlerle bu K\u0131rm\u0131z\u0131 Kitap\u2019ta yer ald\u0131\u011f\u0131n\u0131 bas\u0131na s\u0131zan bilgilerden \u00f6\u011frendik. Ben de bunu Demirel\u2019e sordum.<em>\u201cEfendim, T\u00fcrk devleti kendisini kuran T\u00fcrk Milliyet\u00e7ili\u011fi felsefesini K\u0131rm\u0131z\u0131 Kitaba m\u0131 koydu, bas\u0131nda b\u00f6yle bilgiler yer al\u0131yor l\u00fctfen bilgi verir misiniz<\/em>?\u201d dedim. S\u00fcleyman Bey s\u00f6z\u00fc ald\u0131 da\u011fdan ta\u015ftan dola\u015ft\u0131rd\u0131 uzun bir konu\u015fma yapt\u0131 sonunu neye ba\u011flad\u0131\u011f\u0131n\u0131 kimse anlamad\u0131.<\/p>\n<p>Bak\u0131n, 93\u2019te \u015fahit oldum. Yine 2003 y\u0131l\u0131nda S\u00fcleyman Bey b\u00fct\u00fcn g\u00f6revlerden ayr\u0131ld\u0131. Efendim, G\u00f6zc\u00fc Gazetesinde kendisi ile yap\u0131lm\u0131\u015f bir r\u00f6portaj yay\u0131nland\u0131. Yapan\u0131 da s\u00f6yleyeyim size, Kurtul Altu\u011f. Zaten hem televizyonda Cumhurba\u015fkan\u0131yla r\u00f6portaj yap\u0131yor hem bu G\u00f6zc\u00fc Gazetesinde yap\u0131yormu\u015f. Bana gen\u00e7ler getirdiler G\u00f6zc\u00fc Gazetesini. Orada S\u00fcleyman Bey,<em> \u201cBen 36 y\u0131ll\u0131k devlet g\u00f6revimde T\u00fcrk Milliyet\u00e7ili\u011fi aya\u011fa kalkmamas\u0131 i\u00e7in m\u00fccadele ettim, bunu yapmasayd\u0131m T\u00fcrkiye Yugoslavya\u2019ya d\u00f6necekti<\/em>\u201d diyor. Bunlar\u0131 biz nereye ba\u011flayabiliriz? K\u0131rm\u0131z\u0131 Kitap ile ba\u011flamayacaksak bu ifadeleri ve T\u00fcrk Milliyet\u00e7ili\u011fi ile m\u00fccadelesini, devletin hedef se\u00e7ti\u011fi T\u00fcrk Milliyet\u00e7ili\u011fiyle m\u00fccadelesini nereye ba\u011flayabiliriz? Ayr\u0131 ayr\u0131 iktidarlar, ayr\u0131 ayr\u0131 \u015fahsiyetler ayn\u0131 \u015feyleri s\u00f6yl\u00fcyor.<\/p>\n<p>\u015eimdi, Rahmetli T\u00fcrke\u015f Bey, biliyorsunuz, 75 y\u0131l\u0131nda kurulan koalisyonda d\u00f6rtl\u00fc koalisyonda ba\u015fbakan yard\u0131mc\u0131s\u0131 oldu ve Devlet G\u00fcvenli\u011fine bakan Ba\u015fbakan yard\u0131mc\u0131s\u0131 olarak g\u00f6rev s\u00fcrd\u00fcrd\u00fc. Bir konu\u015fmas\u0131nda bas\u0131na da yans\u0131d\u0131 bu. \u201c<em>Ben Mill\u00ee G\u00fcvenlik Siyaset belgesini g\u00f6rd\u00fcm, orda T\u00fcrk Milliyet\u00e7ili\u011fi de var m\u00fccadele edilen hedefler aras\u0131nda\u201d <\/em>dedi. Bu e\u011fer 45\u2019te girmediyse \u0130smet Pa\u015fa\u2019n\u0131n \u201c<em>devletin hayat\u0131ndan, toplumun hayat\u0131ndan efendim toplumun bunlar\u0131 etkilemesinden kurtaraca\u011f\u0131z. Bunun i\u00e7in devletin b\u00fct\u00fcn imk\u00e2nlar\u0131n\u0131 kullanaca\u011f\u0131z\u201d<\/em> derken, m\u00fcfredat program\u0131 buna g\u00f6re de\u011fi\u015ftirilirken devletin b\u00fct\u00fcn faaliyetleri de b\u00f6yle d\u00fczenlenmi\u015f iken, biz nereye ba\u011flayabiliriz; bunu hangi h\u00fck\u00fcmet yapar?<\/p>\n<p>Evet, o 1953\u2019te T\u00fcrk Milliyet\u00e7iler Derne\u011fi\u2019nin kapat\u0131lmamas\u0131 i\u00e7in derne\u011fin genel ba\u015fkan\u0131 rahmetli Sait Bilgi\u00e7 Bey, Demokrat Parti Isparta Milletvekili kendisi, Tevfik \u0130leri Demokrat Parti\u2019nin ileri gelenlerinden bir heyet yap\u0131yorlar. Ba\u015fbakandan sonu\u00e7 alamay\u0131nca Cumhurba\u015fkan\u0131 Celal Bayar\u2019\u0131n huzuruna \u00e7\u0131k\u0131yorlar. Celal Bayar\u2019a,<em>\u201cDemokrat Parti\u2019nin gen\u00e7li\u011fi yok, CHP\u2019nin gen\u00e7li\u011fi var. T\u00fcrk Milliyet\u00e7iler Derne\u011fi\u2019ndeki gen\u00e7ler Demokrat Partili de\u011fil ama T\u00fcrk Milliyet\u00e7isi olduklar\u0131 i\u00e7in CHP zihniyetine kar\u015f\u0131 insanlar bunlar. \u0130smet Pa\u015fa bunun kapat\u0131lmas\u0131n\u0131 istiyor. Biz de mi \u0130smet Pa\u015fa gibi d\u00fc\u015f\u00fcn\u00fcyoruz bu konuda?\u201d<\/em> diye bir soru iletiliyorlar. Bayar diyor ki <em>\u201cEvet, bu konuda aynen \u0130smet Pa\u015fa gibi d\u00fc\u015f\u00fcn\u00fcyorum.\u201d<\/em>\u00a0 Kendisi 1960 \u0130htil\u00e2linden sonra, biliyorsunuz, yarg\u0131land\u0131. B\u00fcy\u00fck ac\u0131lar ya\u015fand\u0131. Hepimiz g\u00f6rd\u00fck. Cezaevlerinde filan, sonra Kayseri Cezaevine kondu. Adalet Partisi kurulmu\u015ftu. Onu kuran Milliyet\u00e7iler, T\u00fcrk Milliyet\u00e7ileri, Bayar\u2019a hapishanede ziyarete gittiklerinde bunu soruyorlar. <em>\u201cEfendim fikirleriniz de\u011fi\u015fti mi yine ayn\u0131 m\u0131 d\u00fc\u015f\u00fcn\u00fcyorsunuz? Evet, ayn\u0131 d\u00fc\u015f\u00fcn\u00fcyorum\u201d<\/em> diyor Bayar. \u00c7\u00fcnk\u00fc bunlarda hem CHP mektebinden yeti\u015fmi\u015f hem de K\u0131rm\u0131z\u0131 Kitap\u2019ta b\u00f6yle bir \u015feyler yaz\u0131yorlar. Ben \u00f6yle yorumlad\u0131m.<\/p>\n<p>Sonra Celal Bayar serbest kald\u0131. 1973\u2019te \u0130stanbul\u2019daki T\u00fcrk Ayd\u0131nlar Derne\u011finde bir sohbete geldi. Ben Rahmetli Kafal\u0131 Hoca\u2019dan da dinledim, Rahmetli Hac\u0131emino\u011flu Hoca\u2019dan da dinledim bunu. Bizim hocalar davet etmi\u015fler, Bayar\u2019\u0131n sohbetini dinliyorlar. Kafal\u0131\u2019n\u0131n s\u00f6yledi\u011fine g\u00f6re kendisi Bayar\u2019a bu konuyu soruyor. <em>\u201cEfendim, bug\u00fcn de ayn\u0131s\u0131n\u0131 m\u0131 d\u00fc\u015f\u00fcn\u00fcyorsunuz\u201d<\/em> diyor. Bayar o zaman diyor ki, <em>\u201cBir hata yap\u0131ld\u0131 affola.\u201d <\/em>Asl\u0131nda kendisi Mill\u00ee M\u00fccadelenin Galip hocas\u0131. Hem Osmanl\u0131 d\u00f6nemini biliyor, hem de Mill\u00ee M\u00fccadele d\u00f6nemini. Bir \u0130ttihat\u00e7\u0131. Hem de Cumhuriyet d\u00f6nemini biliyor. Lakin Devlet ve siyaset adamlar\u0131m\u0131z\u0131n, ayd\u0131nlar\u0131m\u0131z\u0131n \u00e7o\u011funda oldu\u011fu gibi T\u00fcrk Milliyet\u00e7ili\u011fini ve T\u00fcrk milliyet\u00e7ilerini tan\u0131m\u0131yor.<\/p>\n<p><strong>HP:<\/strong> Devlet anlay\u0131\u015f\u0131 da b\u00f6yle Say\u0131n Bakan\u0131m. Devleti kuran idarenin i\u00e7inde bulunmu\u015f bir ki\u015fi. Atat\u00fcrk\u2019\u00fcn son Ba\u015fbakan\u0131; dolay\u0131s\u0131yla galiba K\u0131rm\u0131z\u0131 Kitap\u2019a girmi\u015f olmas\u0131 b\u00fcy\u00fck \u00f6nem ta\u015f\u0131yor.<\/p>\n<p><strong>SS:<\/strong> \u015e\u00fcphe yok. Ve nesiller \u00f6yle yeti\u015fti\u011fi i\u00e7in de bug\u00fcn mill\u00ee \u015fuur noksanl\u0131\u011f\u0131ndan \u015fik\u00e2yet ediyoruz.<\/p>\n<p>Ben bunu anlatt\u0131\u011f\u0131m zaman, hatta yazd\u0131m da her 3 May\u0131s\u2019\u0131n y\u0131ld\u00f6n\u00fcm\u00fcnde k\u0131sa k\u0131sa Yeni\u00e7a\u011f\u2019da yay\u0131mland\u0131. Okuyan arkada\u015flardan gelip, <em>\u201cPeki, \u0130smet Pa\u015fa Atat\u00fcrk\u2019\u00fcn Ba\u015fbakan\u0131. Kendisi de biz T\u00fcrk Milliyet\u00e7isiyiz demi\u015f bir adam. Bunlar\u0131 uygun g\u00f6rmedi\u011fine, T\u00fcrk Milliyet\u00e7ili\u011fi ile m\u00fccadeleyi gerekli g\u00f6rd\u00fc\u011f\u00fcne g\u00f6re \u0130smet Pa\u015fa\u2019n\u0131n fikri neydi?\u201d<\/em> diye bana sordular.<\/p>\n<p>Efendim, \u0130smet Pa\u015fa\u2019n\u0131n devlete sahip olma bak\u0131m\u0131ndan bizden fazlas\u0131 var eksi\u011fi yok. Ama T\u00fcrk Milliyet\u00e7ili\u011fi, T\u00fcrk Milleti, T\u00fcrk medeniyeti ve k\u00fclt\u00fcr\u00fc anlay\u0131\u015f\u0131; T\u00fcrk tarihi ve onun bilincinde olmak ba\u015fka bir \u015fey. Nitekim onlara \u015fu cevab\u0131 verdim \u0130smet Pa\u015fa h\u00fcmanizmi savunuyordu. H\u00fcmanist bir felsefeye inan\u0131yordu. H\u00fcmanizm k\u00f6t\u00fc bir \u015fey de\u011fil, iyi bir \u015fey ama T\u00fcrk Milliyet\u00e7isi veya kendi milletinin milliyet\u00e7isi olmak \u015fart\u0131yla h\u00fcmanist olabilir insanlar. Ama Milliyet\u00e7ilik dedi\u011fimiz yani sosyolojinin kanunlar\u0131na g\u00f6re, Yaradan\u2019\u0131n kanunlar\u0131na g\u00f6re meydana gelmi\u015f olan terkip. \u0130nsanlar\u0131 en b\u00fcy\u00fck ve en kudretli \u015fekilde birbirine ba\u011flayan olgu ortada yokken, h\u00fcmanizm sizin erimenize yol a\u00e7ar. Hasan Ali Y\u00fccel bat\u0131 klasiklerini, do\u011fu klasiklerini terc\u00fcme ettirmi\u015f. K\u00f6t\u00fc m\u00fc etmi\u015f? Hay\u0131r, iyi etmi\u015f ama do\u011fu klasiklerine bak\u0131n T\u00fcrk klasikleri yok. Hint var, \u0130ran var T\u00fcrk klasikleri yok <em>Kutadgu Bilig <\/em>yok, <em>D\u00eev\u00e2nu Lug\u00e2ti\u2019t-T\u00fcrk<\/em><em>\u00a0<\/em>yok. Bican Hoca bunlar\u0131 devasa eserlerle yeniden toplad\u0131, yeniden milletimizin hayat\u0131na koydu. Efendim <em>Siyasetname<\/em> yok, Orta Asya\u2019daki T\u00fcrklerin <em>\u015eecere-i T\u00fcrki<\/em> -Ebulgazi Bahad\u0131rhan\u2019\u0131n- kitab\u0131 yok. Yani klasiklerimizden hi\u00e7biri terc\u00fcme edilmemi\u015f. \u0130ran klasikleri de iyi, Hint klasikleri de, bir \u015fey demiyorum ama biz de olmal\u0131y\u0131z, hatta ba\u015fta biz olmal\u0131y\u0131z.<\/p>\n<p><strong>HP:<\/strong> \u00d6nce biz, sonra onlar yani.<\/p>\n<p><strong>SS:<\/strong> Tabi, yoksa medeniyetin, insanl\u0131k medeniyetinin bunlar \u00f6lmez eserleridir. Bizim nesillerimiz de bunlar\u0131 bilsin. Bizim nesillerimiz bunu bilsin ama kendimizi mahrum edersek sonunda mill\u00ee \u015fuurdan noksan insanlar yeti\u015fir.<\/p>\n<p>Bu konu hakk\u0131nda s\u00f6yleyece\u011fim son \u015fey \u015fu.<\/p>\n<p>Ben 1958\u2019de memuriyete ba\u015flad\u0131m. Hatta ya\u015f\u0131m bir hafta k\u00fc\u00e7\u00fck oldu\u011fu i\u00e7in dolsun diye bekledim \u00f6yle ba\u015flad\u0131m. Servisteki herkes beni severdi. Ben T\u00fcrk Ocakl\u0131 gen\u00e7 olarak onlara yeni \u015feyler s\u00f6yl\u00fcyordum. Ne zaman ki <em>\u201cg\u00fc\u00e7l\u00fc devletler milliyet\u00e7ili\u011fe sar\u0131l\u0131yor biz de T\u00fcrk Milliyet\u00e7ili\u011fine sar\u0131lmam\u0131z gerekiyor \u00e7\u00fcnk\u00fc o bizim kendimizdir, \u00f6z\u00fcm\u00fczd\u00fcr\u201d<\/em> dedi\u011fim zaman servisteki b\u00fct\u00fcn abiler birbirlerine \u015f\u00f6yle bak\u0131n\u0131r, bakar ve i\u015faretle\u015firlerdi. Ben de bir t\u00fcrl\u00fc anlamazd\u0131m. Ondan sonra hayat\u0131m boyunca dikkat ettim. Vatansever, d\u00fczg\u00fcn, bilgili, yeti\u015fmi\u015f, devlet adam\u0131 veya ilim adam\u0131, kanaat \u00f6nderi kimi bulduysam, m\u00fcsait buldu\u011fum zaman; \u201c<em>T\u00fcrk Milliyet\u00e7ili\u011fi T\u00fcrk milleti i\u00e7in kurtulu\u015f re\u00e7etesi\u201d<\/em> dedi\u011fimde, istisnas\u0131z, bana dedikleri \u015fey \u015fu: \u201cyahu do\u011fru iyi de \u0131rk\u00e7\u0131 Turanc\u0131 olmas\u0131n yaln\u0131z\u201d derlerdi. Bunlara kim \u00f6\u011fretti? B\u00fct\u00fcn sahadaki insanlar okullardan ald\u0131lar bunlar\u0131. Sonra da kendi \u00f6z\u00fcne, kendi ki\u015fili\u011fine, kendi kimli\u011fine, kendi tarihine ait her \u015feyden mahrum kald\u0131lar.<\/p>\n<p>Yine burada unuttu\u011fumuz bir \u015feyler var, s\u00f6ylemi\u015ftim galiba Hakan Bey\u2019e. Biz 1946\u2019da Marshall plan\u0131n\u0131 kabul ettik. Bu plan\u0131 kabul etmemizle beraber b\u00fct\u00fcn devlet kurumlar\u0131nda de\u011fi\u015fim \u00e7abalar\u0131 ba\u015flad\u0131. Mill\u00ee E\u011fitim\u2019de de m\u00fcfredat programlar\u0131n\u0131 de\u011fi\u015ftirmek \u00fczere Amerika\u2019dan heyetler geldi. Bu heyetler bizim kitaplar\u0131m\u0131z\u0131n nas\u0131l olaca\u011f\u0131n\u0131 bize g\u00f6sterdiler, anlatt\u0131lar ve yazd\u0131rd\u0131lar. Heyetin ba\u015fkan\u0131 da Amerika B\u00fcy\u00fckel\u00e7isidir. Sonra bir Amerikal\u0131 olmu\u015f. Bug\u00fcn b\u00f6yle bir heyet resmen yok ama zaman zaman topland\u0131\u011f\u0131n\u0131 ben kendi ye\u011fenimden \u00f6\u011frendim. Kendisi do\u00e7ent, <em>\u201ctopland\u0131k biz\u201d<\/em> diyor.\u201c<em>Amerika\u2019dan bir han\u0131m geldi. Onun ba\u015fkanl\u0131\u011f\u0131nda m\u00fcfredat\u0131 konu\u015ftuk, tart\u0131\u015ft\u0131k. Onlar\u0131 g\u00f6r\u00fcnce bizim hocalar\u0131m\u0131z\u0131n \u00e7ok daha \u00fcst\u00fcn oldu\u011funu,\u00a0 \u00e7ok yetersiz ki\u015filerin bize m\u00fcfredat empoze etti\u011fini g\u00f6rd\u00fcm\u201d<\/em> diyor. Yani Mill\u00ee E\u011fitimi sadece 44\u2019teki m\u00fcfredat de\u011fi\u015fikli\u011fi ile orada b\u0131rakmam\u0131\u015f\u0131z, Marshall plan\u0131 ile beraber tarih yok, dil yok, edebiyat\u0131m\u0131z i\u015fte \u015f\u00f6yle b\u00f6yle \u00e7ok noksan bir \u015fekilde. Marshall plan\u0131, Amerikal\u0131lar yard\u0131m yapacak, ekonomik yard\u0131ma ihtiyac\u0131m\u0131z var diyor \u0130smet Pa\u015fa. Bir\u00e7ok \u015fey yap\u0131l\u0131yor. Sanayile\u015fme, adliye, idare, k\u00f6y\u2026 Bir\u00e7ok konuyu bu heyetler gelip, birlikte haz\u0131rlam\u0131\u015f\u0131z.. Ama Mill\u00ee E\u011fitimi \u00e7ok iyi biliyoruz ki \u00e7ocuklar\u0131m\u0131z onlar taraf\u0131ndan telkin edilen kitaplar ile yeti\u015fti. Dolay\u0131s\u0131yla bug\u00fcn i\u015fimiz \u00e7ok; kimlik zafiyeti var. Bunu \u00e7\u00f6zmek de zor oluyor.<\/p>\n<p>NATO \u00e7er\u00e7evesinde her sene yap\u0131lan Harp Oyunlar\u0131 diye bir \u015fey var. Sonunda bir sempozyum d\u00fczenlenmi\u015f. 2007-2008\u2019de, B\u00fcy\u00fckan\u0131t\u2019\u0131n Genel Kurmay Ba\u015fkanl\u0131\u011f\u0131 zaman\u0131nda. Sempozyumun konusu, Orta Do\u011fuda asimetrik \u00e7at\u0131\u015fmalar ve ter\u00f6r hareketleriydi. De\u011fi\u015fik \u00fclkelerden se\u00e7kin bilim adamlar\u0131 ve uzmanlar davet edilmi\u015f. Japonya\u2019dan gelen profes\u00f6r han\u0131m bir tebli\u011f sundu orada. B\u00f6lgemizdeki ter\u00f6r\u00fc anlatt\u0131, \u015fa\u015f\u0131rd\u0131m kald\u0131m. Bizim \u00fclkemizde bunlar\u0131 bu kadar iyi anlatan bilim adam\u0131 var m\u0131 diye kendime sordum.\u00a0 Cevap bulamad\u0131m. \u00c7ok g\u00fczel anlatt\u0131 k\u0131sa boylu bir han\u0131md\u0131. Konu\u015fmas\u0131n\u0131n \u201c<em>T\u00fcrkleri ben seviyorum, onlara s\u00f6yleyecek \u015fu; Sizin bir tek meselesi var, oda kimlik meselesi. Bunu kolay zannetmeyin, \u00e7ok zordur. Kimli\u011finizi tekrar kazanmazsan\u0131z gelece\u011finiz \u00e7ok daha s\u0131k\u0131nt\u0131l\u0131 olabilir.\u201d <\/em>\u00a0Kay\u0131tlara ge\u00e7mi\u015ftir, ben mealen \u00f6zetleyerek s\u00f6yledim. Biz kimli\u011fimizi neden kaybettik? 44\u2019de ba\u011flay\u0131p ondan sonraki nesillerin b\u00f6yle yeti\u015fmi\u015f oldu\u011funu s\u00f6ylemek isterim.<\/p>\n<p>Dinleyenlere sayg\u0131lar\u0131m\u0131 sunar\u0131m, te\u015fekk\u00fcr ederim&#8230;<\/p>\n<p><strong>HP: <\/strong>Te\u015fekk\u00fcr ediyorum Say\u0131n Bakan\u0131m. O zaman b\u0131rakt\u0131\u011f\u0131n\u0131z yerden bir soruyla devam edelim. Hepinize birden soruyorum. \u00d6nce \u0130skender Hocam. Bu konuda hassass\u0131n\u0131z, konferanslar da verdiniz ama verdi\u011finiz konferanslar Korona g\u00fcnlerinden \u00f6nceydi.<\/p>\n<p>D\u00fcnya b\u00fcy\u00fck bir salg\u0131n ile u\u011fra\u015f\u0131yor. Elbette bu salg\u0131n bir g\u00fcn bitecek. Bittikten sonra da bir siyasi \u00e7alkant\u0131 ba\u015flayacak. Bu \u00e7alkant\u0131 ile de\u011fi\u015fecek bir tak\u0131m \u015feyler var. Her \u015fey de\u011fi\u015fecek diyorlar ki 3 g\u00fcn \u00f6nce Cumhurba\u015fkan\u0131 da dedi, yeni siyaset i\u015faretleri de verdi. Tabii onun 2023 hedefleri de var o ayr\u0131ca konu\u015fulacak bir \u015fey de. Biz 1944\u2019e, tarihe bak\u0131p bu g\u00fcn\u00fcm\u00fcz\u00fc anlamaya \u00e7al\u0131\u015f\u0131rken ayn\u0131 zamanda bug\u00fcn\u00fc yar\u0131na da ba\u011flamam\u0131z gerekiyor. Yar\u0131n i\u00e7in ne d\u00fc\u015f\u00fcn\u00fcyorsunuz, d\u00fc\u015f\u00fcncelerinizi payla\u015f\u0131r m\u0131s\u0131n\u0131z?<\/p>\n<p><strong>\u0130\u00d6:<\/strong> Valla benim gelecek hakk\u0131nda sevdi\u011fim bir laf vard\u0131r. Gelecek hakk\u0131nda kesin olan \u015fey gelece\u011fi bilemeyece\u011fimizdir. Ama olan \u015fu, d\u00fcnyada e\u011filimler vard\u0131. B\u00f6yle krizleri bu e\u011filimler h\u0131zland\u0131r\u0131yor. Yani be\u015f y\u0131l sonra olacak \u015feyler \u015fimdi olmaya ba\u015fl\u0131yor.<\/p>\n<p>Mesela Profes\u00f6r Ercilasun\u2019un Skype \u00fczerinden konu\u015fmas\u0131. Bu 5 y\u0131l sonra olabilirdi, bug\u00fcn oldu. D\u00fcnya politikas\u0131n\u0131 soruyorsunuz, zaten d\u00fcnyada 1. D\u00fcnya Harbi \u00f6ncesine gidi\u015f vard\u0131. Yani neydi? \u0130ki kutuplu d\u00fcnya vard\u0131, sonra tek kutuplu d\u00fcnyaya kalbetti, de\u011fi\u015fti. Sonra yok kutuplu d\u00fcnya diyorlard\u0131, h\u00e2l\u00e2 yok kutuplu de\u011fil d\u00fcnya. \u015eimdi tam milletlerin d\u00fcnyas\u0131na do\u011fru gidiliyor.<\/p>\n<p><strong>HP: <\/strong>Yani her millet bir kutup haline mi geliyor?<\/p>\n<p><strong>\u0130\u00d6: <\/strong>Her millet kendi \u00e7\u0131kar\u0131 i\u00e7in rekabet i\u00e7inde, kendi \u00e7\u0131kar\u0131 i\u00e7in \u00e7al\u0131\u015f\u0131yor. \u015eu anda Amerika ile \u00c7in aras\u0131nda \u00e7ok sert mesajlar mesela. Globalle\u015fme dedikleri \u015feyin epey farkl\u0131 kulvara itti\u011fini g\u00f6r\u00fcyoruz. Avrupa Birli\u011fi \u00e7ok k\u00f6t\u00fc s\u0131nav verdi. Biliyorsunuz \u0130talya ve \u0130spanya fel\u00e2ket durumdayken ellerindeki baz\u0131 malzemeleri onlara g\u00f6ndermediler<strong>.<\/strong> Yani tam bir milletler milliyet\u00e7ili\u011fi y\u00fckseliyor diyebiliriz. Bat\u0131\u2019da bunlar oluyor.<\/p>\n<p><strong>HP: <\/strong>Te\u015fekk\u00fcr ederim Hocam.<\/p>\n<p>Bican Hocam sizin yine M\u0130SAK\u2019ta \u201cKaynama\u201d yaz\u0131n\u0131z vard\u0131. \u00c7ok \u00f6nemli bir yaz\u0131 \u201cKaynama\u201d ve iki y\u0131la yak\u0131n oldu \u00e7\u0131kal\u0131. Bu \u00f6ng\u00f6r\u00fcn\u00fcz ger\u00e7ekle\u015fiyor. Yaln\u0131z, sadece T\u00fcrk d\u00fcnyas\u0131 kaynam\u0131yor, t\u00fcm d\u00fcnya kaynamaya ba\u015flad\u0131. Yani kaynayacak derken T\u00fcrk d\u00fcnyas\u0131n\u0131 s\u00f6yl\u00fcyordunuz. T\u00fcrk medeniyeti bu i\u015fin i\u00e7erisinden parlayarak \u00e7\u0131kacak ne zaman olursa diyordunuz. Sizin d\u00fc\u015f\u00fcnceleriniz nelerdir Hocam?<\/p>\n<p><strong>ABE: <\/strong><em>Kaynama,<\/em> ben onu T\u00fcrk tarihi i\u00e7in, T\u00fcrk Milleti i\u00e7in yazd\u0131m. Ama ba\u015fka milletler i\u00e7in de kaynama s\u00f6z konusu. Yani tarihte b\u00f6yle olgular varsa b\u00fct\u00fcn toplumlar i\u00e7in s\u00f6z konusu olabilir. T\u00fcrklerin kaynama d\u00f6nemini yazd\u0131m \u015fu an da T\u00fcrkler kaynama d\u00f6neminde. Ama bu dinbazl\u0131ktan kurtulamad\u0131\u011f\u0131m\u0131z s\u00fcrece bu milletler \u00e7a\u011f\u0131nda, \u0130skender beyin s\u00f6yledi\u011fi bu milletler \u00e7a\u011f\u0131nda, biz iyi sonu\u00e7lar alamay\u0131z.<\/p>\n<p>Yani, \u00f6nce T\u00fcrk y\u00f6netiminin dinbazl\u0131ktan kurtulup T\u00fcrk Milliyet\u00e7ili\u011fine d\u00f6nmesi gerekiyor. T\u00fcrk Milliyet\u00e7ili\u011fi halk\u0131n i\u00e7inde, gen\u00e7lerin i\u00e7inde kaynama var. T\u00fcrk d\u00fcnyas\u0131n\u0131n ba\u015fka b\u00f6lgelerinde, mesela \u0130ran\u2019daki Azerbaycan T\u00fcrklerinde; efendim, Kuzey Azerbaycan\u2019da, Kazakistan\u2019da kaynama emarelerini g\u00f6r\u00fcyorum ama T\u00fcrkiye y\u00f6netimi bundan habersiz. Onun i\u00e7in mademki 44 hadiselerinden bahsediyoruz, bu 44 hadislerindeki bu 23 T\u00fcrk Milliyet\u00e7isini unutmamam\u0131z laz\u0131m. Yani her \u015feyi s\u00f6yledik bunlar\u0131 s\u00f6ylemedik. Bunlar\u0131n isimlerini s\u00f6yleyerek bitirmek istiyorum. Bu 23 ki\u015filik \u015feref listesini 44\u2019\u00fcn \u015feref listesini s\u00f6yleyerek bitirmek istiyorum, say\u0131yorum bu isimleri;<\/p>\n<p><em>H\u00fcseyin Nih\u00e2l Ats\u0131z<br \/>\n<\/em><em>Zeki Velid\u00ee Togan<br \/>\n<\/em><em>Reha O\u011fuz T\u00fcrkkan<br \/>\n<\/em><em>Hasan Ferit Cansever<br \/>\n<\/em><em>H\u00fcseyin Nam\u0131k Orgun<br \/>\n<\/em><em>Orhan \u015eaik G\u00f6kyay<br \/>\n<\/em><em>Nejdet San\u00e7ar<br \/>\n<\/em><em>Fethi Teveto\u011flu<br \/>\n<\/em><em>Alparslan T\u00fcrke\u015f<br \/>\n<\/em><em>\u0130smet Rasin T\u00fcmt\u00fcrk<br \/>\n<\/em><em>Nurullah Bar\u0131man<br \/>\n<\/em><em>Hamza Sadi \u00d6zbek<br \/>\n<\/em><em>Zeki Sofuo\u011flu<br \/>\n<\/em><em>Muzaffer Eri\u015f<br \/>\n<\/em><em>Fehiman Altan (Tokluo\u011flu)<\/em><\/p>\n<p>En son ya\u015fayan Fehiman beydi biliyorsunuz, Milli D\u00fc\u015f\u00fcnce Merkezi\u2019ne gelmi\u015fti; \u015fimdi o da rahmetli oldu. Devam ediyorum<\/p>\n<p><em>Cabbar \u015eenel<br \/>\n<\/em><em>Sait Bilgi\u00e7<br \/>\n<\/em><em>Cemal O\u011fuz \u00d6cal<br \/>\n<\/em><em>Hikmet Tanyu<br \/>\n<\/em><em>Faz\u0131l Hisarc\u0131kl\u0131lar<br \/>\n<\/em><em>Cihat Sava\u015ffer<br \/>\n<\/em><em>Saim Bayrak ve<br \/>\n<\/em><em>Yusuf Kad\u0131gil.<\/em><\/p>\n<p>Allah rahmet eylesin hepsi bu T\u00fcrk milleti i\u00e7in \u00e7ok \u00e7al\u0131\u015ft\u0131lar, \u00e7ok da cefa \u00e7ektiler&#8230;<\/p>\n<p><strong>HP: <\/strong>Say\u0131n Bakan\u0131m benzer soruyu tekrar size soraca\u011f\u0131m. Korona g\u00fcnlerinde \u00e7ok \u00f6nemli de\u011fi\u015fiklikler oldu. B\u00fct\u00fcn d\u00fcnya de\u011fi\u015fiyor. Amerika gibi, liberal ekonominin h\u00e2kim oldu\u011fu s\u00f6ylemler d\u00fcnyan\u0131n tek kutuplu olan jandarmas\u0131 olan devlet, \u015fu andaki sistemi itibariyle \u00e7ok ciddi s\u0131k\u0131nt\u0131lar ya\u015f\u0131yor veya bas\u0131na \u00f6yle yans\u0131yor.<\/p>\n<p>\u015eunu s\u00f6ylemeye \u00e7al\u0131\u015f\u0131yorum. Devletin kamu g\u00fcc\u00fcn\u00fcn ne kadar \u00f6nemli ve gerekli oldu\u011fu milletin hayat\u0131nda ortaya \u00e7\u0131kt\u0131. Biz 1980\u2019den sonra \u00f6zellikle 2000\u2019den sonra \u00e7ok b\u00fcy\u00fck h\u0131z kazanan \u00f6zelle\u015ftirmeler ya\u015fad\u0131k. Ne gere\u011fi vard\u0131 bunlar\u0131n diye s\u00f6ylenerek ger\u00e7ekle\u015fti. \u00c7\u00fcnk\u00fc devlet farkl\u0131 bir sisteme do\u011fru gidiyordu. Bu konuda \u00f6zellikle de 2018\u2019de sistem de\u011fi\u015ftiren T\u00fcrkiye\u2019de yar\u0131n neler bekliyor? Neler olmal\u0131? 1944\u2019\u00fc bug\u00fcne ta\u015f\u0131d\u0131n\u0131z ve bug\u00fcn\u00fc de yar\u0131na b\u0131rakaca\u011f\u0131z ne dersiniz efendim?<\/p>\n<p><strong>SS:<\/strong> \u00c7ok te\u015fekk\u00fcr ederim. Ama \u00f6z\u00fcr dileyerek kendimize yapt\u0131\u011f\u0131m\u0131z bir haks\u0131zl\u0131\u011f\u0131 gidermek i\u00e7in, 1980 ihtilalinden sonra MHP ve \u00dclk\u00fcc\u00fcler davas\u0131n\u0131 saymam\u0131z laz\u0131md\u0131. Biliyorsunuz bu dava da \u0131rk\u00e7\u0131l\u0131k Turanc\u0131l\u0131k ve fa\u015fistlik \u00fczerine a\u00e7\u0131lm\u0131\u015ft\u0131r.<\/p>\n<p><strong>ABE:<\/strong> Ben de diyordum ki Sadi Bey kendisinin i\u00e7inde bulundu\u011fu bu davay\u0131 niye saymad\u0131?<\/p>\n<p><strong>SS:<\/strong> Gen\u00e7li\u011fimize verin efendim. Bunu mutlaka saymam\u0131z laz\u0131m. 44\u2019de, 53\u2019de bir de 1980\u2019den sonraki bu davadaki su\u00e7lamalar ayn\u0131.\u00a0 Irk\u00e7\u0131l\u0131k Turanc\u0131l\u0131k de\u011fi\u015fmeyen su\u00e7lama. Aradan 36 sene ge\u00e7mi\u015f, ama su\u00e7lama ayn\u0131 kalm\u0131\u015f. Bu tesad\u00fcf olabilir mi? K\u0131rm\u0131z\u0131 Kitap\u2019ta yaz\u0131yor diye, bu siyasi su\u00e7lamay\u0131 hukuk kabul etmez. Bir benzerlik de su\u00e7lamalar\u0131n hepsinden de beraat \u00e7\u0131kmas\u0131d\u0131r. Bu 80\u2019deki davada da MHP ve T\u00fcrk Milliyet\u00e7ileri hedef se\u00e7ilmesidir. Di\u011fer bir benzerlik ise i\u015fkencelerin 44\u2019\u00fc adeta aratmayacak, hatta a\u015facak boyutlarda korkun\u00e7 ve y\u00fcz k\u0131zart\u0131c\u0131 olmas\u0131d\u0131r. Yarg\u0131lama \u0130\u015fkencelerin deste\u011finde yap\u0131ld\u0131. Ama s\u00f6yledi\u011fimiz gibi savc\u0131n\u0131n su\u00e7lamalar\u0131ndan beraat \u00e7\u0131kaca\u011f\u0131 g\u00f6r\u00fcl\u00fcnce yine su\u00e7 konusu de\u011fi\u015ftirildi. Malum insanlar fiillerinden dolay\u0131 yarg\u0131lan\u0131r. Toplu yarg\u0131lama ise su\u00e7 olan bir ama\u00e7ta birle\u015fenler i\u00e7in ge\u00e7erlidir. Kom\u00fcnist veya fa\u015fist rejim getirmek gibi ideolojik birlik, gerekir. T\u00fcrk Milliyet\u00e7ili\u011fi su\u00e7 de\u011fil. Devleti kuran felsefe, anayasalar\u0131m\u0131zda var olan milli bir \u00fclk\u00fcd\u00fcr. Su\u00e7laman\u0131n ad\u0131 \u201c\u0131rk\u00e7\u0131l\u0131k, fa\u015fistlik Turanc\u0131l\u0131k\u201d \u015feklinde de\u011fi\u015ftirilince su\u00e7 olmaz. \u00dcstelik daha \u00f6nce de s\u00f6yledik, \u201cTuranc\u0131l\u0131k\u201d diye bir su\u00e7 yoktur.\u00a0 Zaten Cumhuriyet d\u00f6neminde benim bildi\u011fime g\u00f6re \u0131rk\u00e7\u0131l\u0131ktan mahk\u00fbm olan T\u00fcrk Milliyet\u00e7isi yoktur. \u015eimdi yine benzer bir dava a\u00e7\u0131lsa, Allah korusun, herhalde su\u00e7lama \u201c\u0131rk\u00e7\u0131l\u0131k Turanc\u0131l\u0131k\u201d olur. \u00c7\u00fcnk\u00fc K\u0131rm\u0131z\u0131 Kitap b\u00f6yle yaz\u0131yor.<\/p>\n<p>Bir de, sorunuzda bu Ergenekon davas\u0131nda o kumpasla bunlara birle\u015ftirip birle\u015ftirmedi\u011fimi sordunuz. Efendim mahiyet itibariyle fikri mahiyet itibariyle farkl\u0131 olmakla birlikte devlet ve millet b\u00fct\u00fcnl\u00fc\u011f\u00fc bak\u0131m\u0131ndan ayn\u0131d\u0131r. Ve ordumuzun beyinleri dedi\u011fimiz kurmaylar\u0131 y\u0131llarca hapishanelerde hakaret g\u00f6rd\u00fcler a\u015fa\u011f\u0131land\u0131lar. Yerin g\u00f6\u011f\u00fcn kabul etmedi\u011fi su\u00e7lamalarla muhatap k\u0131l\u0131nd\u0131lar. Bu da Ba\u015fbakan Erdo\u011fan\u2019\u0131n 2007\u2019de o\u011ful Bush\u2019la g\u00f6r\u00fc\u015fmek \u00fczere 3 Kas\u0131m 2007\u2019de Amerika\u2019ya gitmesi ve g\u00f6r\u00fc\u015fmede vard\u0131klar\u0131 bir anla\u015fma sonucunda ba\u015flad\u0131. Demek ki onun arkas\u0131nda da d\u0131\u015f g\u00fc\u00e7ler, ba\u015fta Amerika vard\u0131. Bu tabir etkisizle\u015ftirilmek amac\u0131yla ne kadar k\u00fc\u00e7\u00fcmsense de ger\u00e7ek b\u00f6yledir.<\/p>\n<p>D\u0131\u015f g\u00fc\u00e7ler ifadesi gibi bir de \u201cT\u00fcrk\u2019\u00fcn T\u00fcrk\u2019e propagandas\u0131n\u0131 yapmayal\u0131m\u201d tekerlemesi var. Bu tekerlemeyi kullananlar\u0131 \u00e7o\u011fu kendilerine \u201canti-emperyalist\u201d derler. Karde\u015fim, T\u00fcrk kendi meselesini bilmezse, ba\u015fkalar\u0131na nas\u0131l anlatacak? \u0130lk vazifemiz -iyiyse iyi, k\u00f6t\u00fcyse k\u00f6t\u00fc- sorunumuzu insanlar\u0131m\u0131za \u00f6\u011fretmek de\u011fil mi? Ama bu hafife alma konusu medyam\u0131zda \u201c\u00e7okbilmi\u015flik\u201d tav\u0131rlar\u0131yla s\u0131kl\u0131kla kar\u015f\u0131la\u015f\u0131yoruz. Onu da bu vesileyle araya koymu\u015f olal\u0131m.<\/p>\n<p>Efendim, bu g\u00f6r\u00fc\u015fler bu Korona vir\u00fcs\u00fc ile ilgili a\u00e7\u0131klamalar hakikaten gelecekte neler sunacak, tam bir \u015feyler, kesin bir \u015feyler s\u00f6ylemek zor ama \u015fu var ki sistemler, devlet yap\u0131lar\u0131, ge\u00e7i\u015f d\u00f6nemindeki b\u00fcy\u00fck s\u0131k\u0131nt\u0131lar bizi bekliyor. Ve d\u00fcnya iki kutuplu 3 kutuplu 5 kutuplu derken \u015fimdi \u00f6yle bir, hocalar\u0131m\u0131z da s\u00f6yledi, ak\u0131m var ki, her millet \u00f6nceki kendisini kurtarmaya, her devlet kendisini toparlamaya mecbur kalacak. Bu demek ki zaten sosyolojik kavramda, \u0130skender Hocam\u0131n kitaplar\u0131nda yer ald\u0131\u011f\u0131 gibi di\u011fer bat\u0131l\u0131 se\u00e7kin bilim adamlar\u0131n\u0131n da ortaya koyduklar\u0131 gibi, insanl\u0131k milliyet \u00e7a\u011f\u0131na geliyor. Bu zaruretleri buna ilave edersek, ben de ayn\u0131 g\u00f6r\u00fc\u015flere kat\u0131l\u0131yorum. Bundan sonra milliyet\u00e7ilik, milletlerin yeg\u00e2ne kurtulu\u015f re\u00e7etesi olacak. Ona inan\u0131yorum onu gerek g\u00f6r\u00fcyorum. \u00d6zet olarak bunlar\u0131 ifade ediyorum&#8230;<\/p>\n<p><strong>HP:<\/strong> \u00c7ok te\u015fekk\u00fcr ediyorum Say\u0131n Bakan\u0131m. Bican Hocam, \u0130skender Hocam \u00e7ok te\u015fekk\u00fcr ediyorum. Ger\u00e7ekten \u00e7ok \u00f6nemli konular\u0131, \u00e7ok \u00f6nemli bilgilerinizi tarihe de not d\u00fc\u015ferek payla\u015fm\u0131\u015f olduk bu \u015fekilde. \u00a0Ve bu sohbet de sosyal medyada yay\u0131nlanacak. \u00c7ok sonra da, bu d\u00f6nemin T\u00fcrk Milliyet\u00e7ilerinin g\u00f6revlerini en iyi \u015fekilde yapmaya \u00e7al\u0131\u015ft\u0131klar\u0131n\u0131 ve yapt\u0131klar\u0131n\u0131 g\u00f6rm\u00fc\u015f olacaklar.<\/p>\n<p>Netice itibariyle, T\u00fcrkiye\u2019nin i\u00e7inde bulundu\u011fu \u015fartlarda, 20. Y\u00fczy\u0131l ba\u015f\u0131nda duruma vaziyet alan T\u00fcrk Milliyet\u00e7ileri. 1940\u2019larda, 50\u2019lerde, 60\u2019larda, 80\u2019lerde duruma vaziyet eden yine T\u00fcrk Milliyet\u00e7ileri. Ayn\u0131 \u015fekilde bu d\u00f6nemde, \u00f6zellikle Korona\u2019dan sonra da duruma vaziyet etmek mecburiyetleri vard\u0131r. Dolay\u0131s\u0131yla bunu da \u00f6ne \u00e7\u0131kartarak camiada veya T\u00fcrkiye\u2019de tart\u0131\u015f\u0131lmaya ba\u015flamal\u0131y\u0131z.<\/p>\n<p>\u00c7ok te\u015fekk\u00fcr ederim, kat\u0131ld\u0131\u011f\u0131n\u0131z i\u00e7in.<\/p>\n<p><a href=\"#_ednref1\" name=\"_edn1\">[1]<\/a> <a href=\"https:\/\/mail.google.com\/mail\/u\/0\/?tab=rm&amp;ogbl#inbox\/WhctKJVqzBDlgpFdFZhBNvnzTZMGNljFDGBSQPCDXFdLcLrlmMGspqMfXLMDMkDjVdBdSLG?projector=1&amp;messagePartId=0.1\">https:\/\/mail.google.com\/mail\/u\/0\/?tab=rm&amp;ogbl#inbox\/WhctKJVqzBDlgpFdFZhBNvnzTZMGNljFDGBSQPCDXFdLcLrlmMGspqMfXLMDMkDjVdBdSLG?projector=1&amp;messagePartId=0.1<\/a><\/p>\n<p><a href=\"#_ednref2\" name=\"_edn2\">[2]<\/a> 1944-1945 Irk\u00e7\u0131l\u0131k -Turanc\u0131l\u0131k Davas\u0131\u2019nda Sorgular Savunmalar. Yavuz B\u00fclent Bakiler.<\/p>\n","protected":false},"excerpt":{"rendered":"<p>Eski Devlet Bakan\u0131 S. Somuncuo\u011flu, Eski TDK Ba\u015fkan\u0131 Prof. Dr. A. B. Ercilasun ve Prof. Dr. \u0130. \u00d6ks\u00fcz&#8217;\u00fcn konuk oldu\u011fu MDM YouTube Kanal\u0131&#8217;ndaki T\u00fcrk\u00e7\u00fcler G\u00fcn\u00fc konulu sohbetin ana konusu 20. Yy&#8217;deki gibi 21. Yy&#8217;de de T\u00fcrk\u00e7\u00fcler vaziyet almas\u0131 gerekti\u011fiydi<\/p>\n","protected":false},"author":26,"featured_media":10353,"comment_status":"open","ping_status":"open","sticky":false,"template":"","format":"standard","meta":{"_ef_editorial_meta_date_first-draft-date":"","_ef_editorial_meta_paragraph_assignment":"","footnotes":"","_links_to":"","_links_to_target":""},"categories":[2,66,67,68],"tags":[],"coauthors":[28,11,5,9],"class_list":["post-10350","post","type-post","status-publish","format-standard","has-post-thumbnail","hentry","category-genel","category-siyaset-tarih","category-tehditler","category-turkluk-turkculuk"],"_links":{"self":[{"href":"https:\/\/millidusunce.com\/misak\/wp-json\/wp\/v2\/posts\/10350","targetHints":{"allow":["GET"]}}],"collection":[{"href":"https:\/\/millidusunce.com\/misak\/wp-json\/wp\/v2\/posts"}],"about":[{"href":"https:\/\/millidusunce.com\/misak\/wp-json\/wp\/v2\/types\/post"}],"author":[{"embeddable":true,"href":"https:\/\/millidusunce.com\/misak\/wp-json\/wp\/v2\/users\/26"}],"replies":[{"embeddable":true,"href":"https:\/\/millidusunce.com\/misak\/wp-json\/wp\/v2\/comments?post=10350"}],"version-history":[{"count":5,"href":"https:\/\/millidusunce.com\/misak\/wp-json\/wp\/v2\/posts\/10350\/revisions"}],"predecessor-version":[{"id":10360,"href":"https:\/\/millidusunce.com\/misak\/wp-json\/wp\/v2\/posts\/10350\/revisions\/10360"}],"wp:featuredmedia":[{"embeddable":true,"href":"https:\/\/millidusunce.com\/misak\/wp-json\/wp\/v2\/media\/10353"}],"wp:attachment":[{"href":"https:\/\/millidusunce.com\/misak\/wp-json\/wp\/v2\/media?parent=10350"}],"wp:term":[{"taxonomy":"category","embeddable":true,"href":"https:\/\/millidusunce.com\/misak\/wp-json\/wp\/v2\/categories?post=10350"},{"taxonomy":"post_tag","embeddable":true,"href":"https:\/\/millidusunce.com\/misak\/wp-json\/wp\/v2\/tags?post=10350"},{"taxonomy":"author","embeddable":true,"href":"https:\/\/millidusunce.com\/misak\/wp-json\/wp\/v2\/coauthors?post=10350"}],"curies":[{"name":"wp","href":"https:\/\/api.w.org\/{rel}","templated":true}]}}