{"id":10551,"date":"2020-06-16T19:30:00","date_gmt":"2020-06-16T16:30:00","guid":{"rendered":"https:\/\/millidusunce.com\/misak\/?p=10551&#038;preview=true&#038;preview_id=10551"},"modified":"2020-06-16T16:31:30","modified_gmt":"2020-06-16T13:31:30","slug":"sezgi-tarihciligi-mi-bilgi-tarihciligi-mi","status":"publish","type":"post","link":"https:\/\/millidusunce.com\/misak\/sezgi-tarihciligi-mi-bilgi-tarihciligi-mi\/","title":{"rendered":"Sezgi tarih\u00e7ili\u011fi mi bilgi tarih\u00e7ili\u011fi mi?"},"content":{"rendered":"<p><img loading=\"lazy\" class=\"aligncenter size-full wp-image-10554\" src=\"https:\/\/millidusunce.com\/misak\/wp-content\/uploads\/2020\/06\/turk-tarihinin-caglari-b-1590224541.png\" alt=\"\" width=\"642\" height=\"1000\" srcset=\"https:\/\/millidusunce.com\/misak\/wp-content\/uploads\/2020\/06\/turk-tarihinin-caglari-b-1590224541.png 642w, https:\/\/millidusunce.com\/misak\/wp-content\/uploads\/2020\/06\/turk-tarihinin-caglari-b-1590224541-193x300.png 193w, https:\/\/millidusunce.com\/misak\/wp-content\/uploads\/2020\/06\/turk-tarihinin-caglari-b-1590224541-96x150.png 96w\" sizes=\"(max-width: 642px) 100vw, 642px\" \/><\/p>\n<p style=\"text-align: right;\"><em>\u0130skender \u00d6ks\u00fcz&#8217;\u00fcn<br \/>\n<\/em><em>T\u00fcrk Tarihinin \u00c7a\u011flar\u0131 <\/em><em>kitab\u0131na yazd\u0131\u011f\u0131<br \/>\n<\/em><em>Sunu\u015f&#8217;u okurlar\u0131m\u0131zla payla\u015f\u0131yoruz.<\/em><\/p>\n<p>Tarih yazmak i\u00e7in bilmek laz\u0131m zannedersiniz. Do\u011fru zannedersiniz. Fakat bilgi, tarih\u00e7i olmaya yetmez. \u0130nternet ya\u015fayan b\u00fct\u00fcn tarih\u00e7ilerden daha bilgilidir. Bir bilgisayar diski, hatta bir fla\u015f disk bile \u00f6yledir. Tarih\u00e7i olmak i\u00e7in k\u00fclt\u00fcr gerekir, sezgi gerekir. Bunlars\u0131z tarih\u00e7i olunmaz. Belki tarih teknisyeni olunur.<\/p>\n<p>Rahmetli Y\u0131lmaz \u00d6ztuna bir defas\u0131nda bunun ad\u0131n\u0131 da koymu\u015ftu: <em>&#8220;Benim ekol\u00fcm int\u00fcitif ekold\u00fcr&#8221;<\/em> dedi\u011fini hat\u0131rl\u0131yorum. Sezgiye dayanan. Sezgiye dayanan dediyse, havariler gibi gaipten sezgi al\u0131p yazan de\u011fil tabi. Tarih\u00e7i temelde belgeye dayan\u0131r ve baz\u0131lar\u0131 sadece belgeye dayan\u0131r. \u00d6ztuna \u00f6yleydi. Arkeolojiye, linguisti\u011fe ve sosyolojiye ihtiyatla yakla\u015f\u0131rd\u0131. Peki sezgi? Sezgi belgelerin sentezinde, yorumunda \u00f6ne \u00e7\u0131kar.<\/p>\n<p>Ben sezgi yerine ba\u015fka bir kelime daha kullanmak isterim. Tarih\u00e7i, y\u0131llar\u0131n\u0131, g\u00fcnde 24 saatini verdi\u011fi tarihte ustala\u015ft\u0131k\u00e7a tayyi zaman edip tarihe g\u00f6\u00e7\u00fcyor ve onun i\u00e7inde ya\u015famaya ba\u015fl\u0131yor. \u0130\u015fte sezgi tam da bu &#8220;i\u00e7inde ya\u015famak&#8221;. G\u00fcnde 24 saat s\u00f6z\u00fcm\u00fc ciddiye al\u0131n. Her bilim dal\u0131 \u00f6yledir. \u00dcst\u00fcnde \u00e7al\u0131\u015ft\u0131\u011f\u0131n\u0131z mesele, uykuya dalarken son d\u00fc\u015f\u00fcnceniz, uyan\u0131rken ilk d\u00fc\u015f\u00fcncenizdir. Muhtemelen uyurken de\u2026 Allah&#8217;tan onu hat\u0131rlamay\u0131z.<\/p>\n<p>Tarihin i\u00e7inde ya\u015fayanlardan misaller vermi\u015ftim. Rahmetli Kafal\u0131 Hoca&#8217;n\u0131n, B\u00fcy\u00fck Taarruz&#8217;un be\u015f bin ki\u015filik o f\u0131rt\u0131na s\u00fcvari kolordusunda y\u00fczy\u0131llar \u00f6ncesinin y\u00fcz k\u00fcsur bin Anadolu ve Rumeli sipahisi ile K\u0131r\u0131m atl\u0131lar\u0131n\u0131 g\u00f6rmesini\u2026 Amat\u00f6r bir tarih\u00e7i olan rahmetli b\u00fcy\u00fc\u011f\u00fcm ve dostum R\u0131za Akdemir&#8217;in \u0130ttihat\u00e7\u0131lar i\u00e7in, &#8220;<em>Siz bilmezsiniz, onlar buralarda dola\u015f\u0131r. Pencereden d\u0131\u015far\u0131 bak\u0131nca ben onlar\u0131 g\u00f6r\u00fcr\u00fcm<\/em>&#8221; deyi\u015fini. Nihayet \u0130lber Ortayl\u0131&#8217;n\u0131n &#8220;<em>Bize matbaa ni\u00e7in ge\u00e7 geldi?<\/em>&#8221; sorusuna verdi\u011fi cevab\u0131: &#8220;<em>Ne yani, 15., 16. as\u0131rda adam evden \u00e7\u0131karken han\u0131m\u0131, &#8216;Bey, ak\u015fam gelirken bir Leyla ile Mecnun getir de \u00e7oluk \u00e7ocuk birlikte okuyal\u0131m&#8217; m\u0131 diyecekti zannediyorsunuz? O toplumun hen\u00fcz matbaaya ihtiyac\u0131 yoktu da ondan.<\/em>&#8221; \u0130\u015fte bu zirveler tarihi ya\u015fayanlard\u0131r. Seziyorlard\u0131 ama ben b\u00f6yle sezdim diye de\u011fil, sezgilerinin \u0131\u015f\u0131\u011f\u0131nda aray\u0131p, i\u015fte belgesi diye yaz\u0131yorlard\u0131. Bilim adam\u0131yd\u0131lar.<\/p>\n<p>Bu uzun giri\u015fi ni\u00e7in yapt\u0131m? \u00c7\u00fcnk\u00fc Konuralp Ercilasun&#8217;da o ya\u015fay\u0131\u015f\u0131, o sezgiyi g\u00f6rd\u00fcm. Bu bir tarih kitab\u0131 ama asl\u0131nda bir tarih felsefesi ve metodolojisi kitab\u0131. Sordu\u011fu soru \u015fu: T\u00fcrk tarihinin \u00e7a\u011flar\u0131 nelerdir? Eski \u00e7a\u011f, orta \u00e7a\u011f, yeni \u00e7a\u011f, yak\u0131n \u00e7a\u011f! Ezberimizdeki bu tasnifin Avrupa&#8217;ya ait ve ancak Avrupa i\u00e7in do\u011fru oldu\u011funu ilk s\u00f6yleyen Ercilasun de\u011fil. Bakal\u0131m okullar\u0131m\u0131zda b\u00f6yle \u00f6\u011fretmekten ne zaman vaz ge\u00e7ece\u011fiz. Fakat bu belirleme, konuyu kapatan bir cevap de\u011fil, konuyu ba\u015flatan bir tespit. O halde T\u00fcrk Tarihinin \u00c7a\u011flar\u0131 nas\u0131l d\u00fc\u015f\u00fcn\u00fclmeli? \u015e\u00f6yle diyor yazar: &#8220;<em>Avrupa gibi k\u00fc\u00e7\u00fck ve ayn\u0131 kalan bir b\u00f6lgede tasnif yapmak \u015f\u00fcphesiz b\u00fct\u00fcn Avrasya\u2019da rol oynayan ve b\u00fcy\u00fck bir n\u00fcfus kaymas\u0131 da ger\u00e7ekle\u015ftiren T\u00fcrklerin tarihini tasniften kolayd\u0131r.<\/em> &#8221;<\/p>\n<p><img loading=\"lazy\" class=\"aligncenter size-medium_large wp-image-10603\" src=\"https:\/\/millidusunce.com\/misak\/wp-content\/uploads\/2020\/06\/tarihcaglar-768x433.jpg\" alt=\"\" width=\"768\" height=\"433\" srcset=\"https:\/\/millidusunce.com\/misak\/wp-content\/uploads\/2020\/06\/tarihcaglar-768x433.jpg 768w, https:\/\/millidusunce.com\/misak\/wp-content\/uploads\/2020\/06\/tarihcaglar-300x169.jpg 300w, https:\/\/millidusunce.com\/misak\/wp-content\/uploads\/2020\/06\/tarihcaglar-1024x578.jpg 1024w, https:\/\/millidusunce.com\/misak\/wp-content\/uploads\/2020\/06\/tarihcaglar-150x85.jpg 150w, https:\/\/millidusunce.com\/misak\/wp-content\/uploads\/2020\/06\/tarihcaglar.jpg 1056w\" sizes=\"(max-width: 768px) 100vw, 768px\" \/><\/p>\n<p>\u0130\u015fte \u00e7a\u011flar demeden \u00f6nce de uyar\u0131lar\u0131 var. \u00c7a\u011flar\u0131 bir birinden ay\u0131ran, \u00e7a\u011f a\u00e7\u0131p \u00e7a\u011f kapatan d\u00f6n\u00fcm noktalar\u0131 var ya\u2026 \u0130\u015fte onlar yok asl\u0131nda. Kimse bir gece bir \u00e7a\u011fda yat\u0131p ertesi sabah ba\u015fka bir \u00e7a\u011fa uyanmam\u0131\u015f. Bilim adam\u0131 Ercilasun uyar\u0131yor:<\/p>\n<blockquote><p><em>\u201cBurada \u00f6nemli bir nokta \u00e7a\u011f ba\u015flang\u0131\u00e7 ve biti\u015flerinin birer s\u00fcre\u00e7 olarak ele al\u0131nmas\u0131 gere\u011fidir. Bir\u00e7ok ki\u015fi, \u00e7a\u011f ba\u015flang\u0131\u00e7 ve biti\u015flerini keskin birer nokta olarak d\u00fc\u015f\u00fcnmekle yan\u0131lm\u0131\u015ft\u0131r. Bu ba\u015flang\u0131\u00e7 ve biti\u015fler, keskin bir nokta olmaktan ziyade yeni s\u00fcre\u00e7leri ba\u015flatan birer kataliz\u00f6rden ibarettir yaln\u0131zca<\/em>.\u201d<\/p>\n<p>\u2026<\/p>\n<p>&#8220;<em>\u00d6ncelikle belirtmek gerekir ki \u00e7a\u011f tasnifindeki tarihler birer nokta olarak de\u011fil, birer s\u00fcre\u00e7 olarak d\u00fc\u015f\u00fcn\u00fcld\u00fc. Yani belli bir s\u00fcrecin ba\u015flamas\u0131na sebep olan bir olay esas al\u0131nd\u0131. Ancak \u00e7o\u011fu durumda o olay sonucu ger\u00e7ekle\u015fen geli\u015fmeler daha sonradan d\u00f6neme damgas\u0131n\u0131 vurur h\u00e2le geldi. \u015eematik olarak anlatmak gerekirse tarihi \u00e7izgilerle b\u00f6l\u00fcnen birbirinden kopuk par\u00e7alar \u015feklinde de\u011fil, birbiriyle i\u00e7 i\u00e7e ge\u00e7en bir k\u00fcmeler b\u00fct\u00fcn\u00fc \u015feklinde g\u00f6rd\u00fc\u011f\u00fcm\u00fc belirtmek isterim. B\u00f6ylece bu tasnif \u00e7al\u0131\u015fmas\u0131 T\u00fcrk tarihini daha b\u00fct\u00fcnc\u00fcl anlamam\u0131z\u0131 sa\u011flayan bir y\u00f6ntemdir. Bu \u00e7a\u011flar esas\u0131nda diyebiliriz ki T\u00fcrk tarihi, zaman\u0131yla ve co\u011frafyas\u0131yla ne kadar yay\u0131lm\u0131\u015f olursa olsun bir b\u00fct\u00fcnd\u00fcr, b\u00f6l\u00fcnemez, birbirinden kopuk d\u00fc\u015f\u00fcn\u00fclemez. Kitapta da g\u00f6r\u00fclece\u011fi \u00fczere her bir \u00e7a\u011f\u0131n i\u00e7inde yatay ve \u00e7a\u011flar aras\u0131nda da dikey g\u00fc\u00e7l\u00fc ba\u011flar mevcuttur. Bu da b\u00fct\u00fcne bak\u0131\u015f\u0131m\u0131z\u0131 kolayla\u015ft\u0131r\u0131r.<\/em>&#8220;<\/p><\/blockquote>\n<p>K\u00f6kleri toplumda b\u00fcy\u00fck de\u011fi\u015fiklikten \u00f6ncelere uzanan, a\u011f\u0131r a\u011f\u0131r y\u00fckselen ve sonra toplumu ilelebet de\u011fi\u015ftiren b\u00fcy\u00fck olaylar. Biz bakt\u0131\u011f\u0131m\u0131zda bunlar\u0131 g\u00f6r\u00fcyoruz ama as\u0131l g\u00f6r\u00fclmesi gereken o patlamadan \u00f6nceki biriki\u015f ve o birikimin sebepleridir. Bu bize bir de \u00f6l\u00e7\u00fc veriyor. Tarih \u00e7a\u011flar\u0131n\u0131 bir birinden ay\u0131ran &#8220;kataliz\u00f6r&#8221;ler \u00f6yle patlamalar olmal\u0131 ki, toplum bir daha asla eskisi gibi olmas\u0131n. O toplum geri d\u00f6n\u00fclmez \u015fekilde de\u011fi\u015fsin. Kopu\u015f mu? Hem evet, hem hay\u0131r. O \u00e7a\u011f\u0131n sebebi bir \u00f6nceki \u00e7a\u011fd\u0131r ve bir sonraki \u00e7a\u011f\u0131n dinamikleri de \u015fimdikinin i\u00e7inde \u00e7al\u0131\u015fmaya ba\u015flam\u0131\u015ft\u0131r bile. Biraz Hegel hissetmi\u015fseniz hakl\u0131s\u0131n\u0131z. Her tarih\u00e7ide bir miktar sosyoloji, bir miktar dil bilimi, biraz arkeoloji ve ba\u015fka bilimlerden bir \u015feyler bulunur zaten. Fakat <em>T\u00fcrk Tarihinin \u00c7a\u011flar\u0131<\/em>&#8216;n\u0131 yazabilmek i\u00e7in b\u00fct\u00fcn bunlara felsefeyi de eklemelisiniz. Ve tabi sezgiyi!<\/p>\n<p>T\u00fcrk devletinin Asya&#8217;n\u0131n Kuzeydo\u011fu&#8217;sundan Kuzeybat\u0131&#8217;s\u0131na, Asya&#8217;n\u0131n G\u00fcney&#8217;ine, Avrupa&#8217;n\u0131n Kuzey&#8217;den ve G\u00fcney&#8217;den ortas\u0131na, hatta Bat\u0131&#8217;s\u0131na gidi\u015flerini, geli\u015flerini biliyoruz. Bir &#8220;<em>med zaman\u0131<\/em>&#8221; Pasifik&#8217;ten Atlantik&#8217;e uzanm\u0131\u015f\u0131z. \u00d6ztuna, T\u00fcrk ba\u015fkenti, binlerce y\u0131lda, Kuzey Do\u011fu&#8217;dan G\u00fcnay Bat\u0131&#8217;ya y\u00fcr\u00fcd\u00fc derdi. Fakat Ercilasun bize, y\u00fcr\u00fcyenin yaln\u0131z ba\u015fkent olmad\u0131\u011f\u0131n\u0131, bizim yan\u0131m\u0131za b\u00fcy\u00fck n\u00fcfuslar\u0131m\u0131z\u0131 da alarak y\u00fcr\u00fcd\u00fc\u011f\u00fcm\u00fcz\u00fc anlat\u0131yor. D\u00fcndar Ta\u015fer, T\u00fcrk, bayra\u011f\u0131n\u0131n g\u00f6lgesi \u00e7ekilince o da bayrakla beraber o co\u011frafyadan \u00e7ekilir, derdi. \u0130ki bin y\u0131l \u00f6nce de \u00f6yle yaparm\u0131\u015f\u0131z me\u011fer! Ordos&#8217;tan, Orhun&#8217;dan \u0130li-Is\u0131k&#8217;a ta\u015f\u0131nm\u0131\u015f\u0131z. Sonra da ta\u015f\u0131nmaya devam etmi\u015fiz. &#8220;<em>Sa\u011fa, sola, ileri.<\/em>&#8221;<\/p>\n<p><img loading=\"lazy\" class=\"aligncenter size-medium_large wp-image-10602\" src=\"https:\/\/millidusunce.com\/misak\/wp-content\/uploads\/2020\/06\/maxresdefault-768x432.jpg\" alt=\"\" width=\"768\" height=\"432\" srcset=\"https:\/\/millidusunce.com\/misak\/wp-content\/uploads\/2020\/06\/maxresdefault-768x432.jpg 768w, https:\/\/millidusunce.com\/misak\/wp-content\/uploads\/2020\/06\/maxresdefault-300x169.jpg 300w, https:\/\/millidusunce.com\/misak\/wp-content\/uploads\/2020\/06\/maxresdefault-1024x576.jpg 1024w, https:\/\/millidusunce.com\/misak\/wp-content\/uploads\/2020\/06\/maxresdefault-150x84.jpg 150w, https:\/\/millidusunce.com\/misak\/wp-content\/uploads\/2020\/06\/maxresdefault.jpg 1280w\" sizes=\"(max-width: 768px) 100vw, 768px\" \/><\/p>\n<p>Bir d\u00f6nem bilinip yaz\u0131labilir. Fakat binlerce y\u0131l\u0131 bilmek\u2026 Yetmez. Duymak&#8230; Hissetmek\u2026 Sonra da bunlar\u0131n tamam\u0131n\u0131 bir arada g\u00f6rebilmek! \u00c7a\u011flar\u0131 ancak \u00f6yle yazabilirsiniz. Ne demek istedi\u011fimi tam anlamak i\u00e7in okumaya devam etmelisiniz. Fakat size kitab\u0131n son b\u00f6l\u00fcm\u00fcnden bir paragrafla ipucu vereyim. \u0130\u015fte b\u00f6yle bir hissedi\u015f:<\/p>\n<blockquote><p><em>\u201cTan\u0131d\u0131\u011f\u0131m\u0131z d\u00fcnyan\u0131n, bize a\u015f\u0131m\u0131z\u0131, i\u015fimizi, evimizi sunan tabiat\u0131n \u00e2\u015f\u0131\u011f\u0131 olduk. Tabiata uygun bir hayat tarz\u0131 geli\u015ftirdik ve her zaman i\u00e7in tabiata sayg\u0131 duyduk. D\u00fcnyan\u0131n en hareketli insanlar\u0131 olarak evimiz de buna uygun yap\u0131lmal\u0131yd\u0131 ve y\u00fcr\u00fcyen ev icat ettik. Ota\u011flar\u0131m\u0131z\u0131 bir saatte kurup bir saate toplayacak teknikler geli\u015ftirdik. Tabiata sayg\u0131y\u0131 hi\u00e7bir zaman kaybetmedik. Unuttu\u011fumuzu sand\u0131\u011f\u0131m\u0131z hasletlerimiz g\u00fcn\u00fcn birinde hi\u00e7 beklemedi\u011fimiz yerden ortaya \u00e7\u0131kt\u0131 ve Atat\u00fcrk \u00e7\u0131nar a\u011fac\u0131 dal\u0131n\u0131 kesmemek i\u00e7in k\u00f6\u015fk\u00fc y\u00fcr\u00fctt\u00fc\u2026\u201d <\/em><\/p><\/blockquote>\n<p>Konuralp Ercilasun, t\u0131pk\u0131 babas\u0131 b\u00fcy\u00fck Ercilasun gibi her biri kendi alan\u0131nda nirengi noktas\u0131 olan eserler verme\u011fe devam ediyor!<\/p>\n","protected":false},"excerpt":{"rendered":"<p>T\u00fcrk Tarihinin \u00c7a\u011flar\u0131 i\u00e7in yaz\u0131lan bu sunu\u015f, kitab\u0131n bize Avrupa dayatmas\u0131 bir \u00e7a\u011f bilinci yerine T\u00fcrklerin \u00e7a\u011flar\u0131n\u0131, onun sayg\u0131s\u0131n\u0131 kazanan de\u011ferleri felsefi a\u00e7\u0131dan ele almay\u0131 \u00f6\u011fretece\u011finin ipucunu verirken T\u00fcrk&#8217;\u00fc \u00f6\u011frenmek i\u00e7in okumak gerek diyor!<\/p>\n","protected":false},"author":1,"featured_media":10606,"comment_status":"open","ping_status":"open","sticky":false,"template":"","format":"standard","meta":{"_links_to":"","_links_to_target":""},"categories":[62,2,66,68],"tags":[],"yoast_head":"<!-- This site is optimized with the Yoast SEO plugin v16.0.2 - https:\/\/yoast.com\/wordpress\/plugins\/seo\/ -->\n<title>Sezgi tarih\u00e7ili\u011fi mi bilgi tarih\u00e7ili\u011fi mi? - M\u0130SAK- Mill\u00ee Strateji Ara\u015ft\u0131rma Kurulu<\/title>\n<link rel=\"canonical\" href=\"https:\/\/millidusunce.com\/misak\/sezgi-tarihciligi-mi-bilgi-tarihciligi-mi\/\" \/>\n<meta property=\"og:locale\" content=\"tr_TR\" \/>\n<meta property=\"og:type\" content=\"article\" \/>\n<meta property=\"og:title\" content=\"Sezgi tarih\u00e7ili\u011fi mi bilgi tarih\u00e7ili\u011fi mi? - M\u0130SAK- Mill\u00ee Strateji Ara\u015ft\u0131rma Kurulu\" \/>\n<meta property=\"og:description\" content=\"T\u00fcrk Tarihinin \u00c7a\u011flar\u0131 i\u00e7in yaz\u0131lan bu sunu\u015f, kitab\u0131n bize Avrupa dayatmas\u0131 bir \u00e7a\u011f bilinci yerine T\u00fcrklerin \u00e7a\u011flar\u0131n\u0131, onun sayg\u0131s\u0131n\u0131 kazanan de\u011ferleri felsefi a\u00e7\u0131dan ele almay\u0131 \u00f6\u011fretece\u011finin ipucunu verirken T\u00fcrk&#039;\u00fc \u00f6\u011frenmek i\u00e7in okumak gerek diyor!\" \/>\n<meta property=\"og:url\" content=\"https:\/\/millidusunce.com\/misak\/sezgi-tarihciligi-mi-bilgi-tarihciligi-mi\/\" \/>\n<meta property=\"og:site_name\" content=\"M\u0130SAK- Mill\u00ee Strateji Ara\u015ft\u0131rma Kurulu\" \/>\n<meta property=\"article:published_time\" content=\"2020-06-16T16:30:00+00:00\" \/>\n<meta property=\"article:modified_time\" content=\"2020-06-16T13:31:30+00:00\" \/>\n<meta property=\"og:image\" content=\"https:\/\/millidusunce.com\/misak\/wp-content\/uploads\/2020\/06\/yalova_8962.png\" \/>\n\t<meta property=\"og:image:width\" content=\"620\" \/>\n\t<meta property=\"og:image:height\" content=\"751\" \/>\n<meta name=\"twitter:card\" content=\"summary_large_image\" \/>\n<meta name=\"twitter:label1\" content=\"Tahmini okuma s\u00fcresi\">\n\t<meta name=\"twitter:data1\" content=\"7 dakika\">\n<script type=\"application\/ld+json\" class=\"yoast-schema-graph\">{\"@context\":\"https:\/\/schema.org\",\"@graph\":[{\"@type\":\"Organization\",\"@id\":\"https:\/\/millidusunce.com\/misak\/#organization\",\"name\":\"Mill\\u00ee D\\u00fc\\u015f\\u00fcnce Merkezi\",\"url\":\"https:\/\/millidusunce.com\/misak\/\",\"sameAs\":[],\"logo\":{\"@type\":\"ImageObject\",\"@id\":\"https:\/\/millidusunce.com\/misak\/#logo\",\"inLanguage\":\"tr\",\"url\":\"https:\/\/millidusunce.com\/misak\/wp-content\/uploads\/2018\/09\/mdmLogo-yazisiz.jpg\",\"width\":422,\"height\":422,\"caption\":\"Mill\\u00ee D\\u00fc\\u015f\\u00fcnce Merkezi\"},\"image\":{\"@id\":\"https:\/\/millidusunce.com\/misak\/#logo\"}},{\"@type\":\"WebSite\",\"@id\":\"https:\/\/millidusunce.com\/misak\/#website\",\"url\":\"https:\/\/millidusunce.com\/misak\/\",\"name\":\"M\\u0130SAK- Mill\\u00ee Strateji Ara\\u015ft\\u0131rma Kurulu\",\"description\":\"D\\u00fcnyaya T\\u00fcrk\\u00e7\\u00fc Bak\\u0131\\u015f\",\"publisher\":{\"@id\":\"https:\/\/millidusunce.com\/misak\/#organization\"},\"potentialAction\":[{\"@type\":\"SearchAction\",\"target\":\"https:\/\/millidusunce.com\/misak\/?s={search_term_string}\",\"query-input\":\"required name=search_term_string\"}],\"inLanguage\":\"tr\"},{\"@type\":\"ImageObject\",\"@id\":\"https:\/\/millidusunce.com\/misak\/sezgi-tarihciligi-mi-bilgi-tarihciligi-mi\/#primaryimage\",\"inLanguage\":\"tr\",\"url\":\"https:\/\/millidusunce.com\/misak\/wp-content\/uploads\/2020\/06\/yalova_8962.png\",\"width\":620,\"height\":751},{\"@type\":\"WebPage\",\"@id\":\"https:\/\/millidusunce.com\/misak\/sezgi-tarihciligi-mi-bilgi-tarihciligi-mi\/#webpage\",\"url\":\"https:\/\/millidusunce.com\/misak\/sezgi-tarihciligi-mi-bilgi-tarihciligi-mi\/\",\"name\":\"Sezgi tarih\\u00e7ili\\u011fi mi bilgi tarih\\u00e7ili\\u011fi mi? - M\\u0130SAK- Mill\\u00ee Strateji Ara\\u015ft\\u0131rma Kurulu\",\"isPartOf\":{\"@id\":\"https:\/\/millidusunce.com\/misak\/#website\"},\"primaryImageOfPage\":{\"@id\":\"https:\/\/millidusunce.com\/misak\/sezgi-tarihciligi-mi-bilgi-tarihciligi-mi\/#primaryimage\"},\"datePublished\":\"2020-06-16T16:30:00+00:00\",\"dateModified\":\"2020-06-16T13:31:30+00:00\",\"breadcrumb\":{\"@id\":\"https:\/\/millidusunce.com\/misak\/sezgi-tarihciligi-mi-bilgi-tarihciligi-mi\/#breadcrumb\"},\"inLanguage\":\"tr\",\"potentialAction\":[{\"@type\":\"ReadAction\",\"target\":[\"https:\/\/millidusunce.com\/misak\/sezgi-tarihciligi-mi-bilgi-tarihciligi-mi\/\"]}]},{\"@type\":\"BreadcrumbList\",\"@id\":\"https:\/\/millidusunce.com\/misak\/sezgi-tarihciligi-mi-bilgi-tarihciligi-mi\/#breadcrumb\",\"itemListElement\":[{\"@type\":\"ListItem\",\"position\":1,\"item\":{\"@type\":\"WebPage\",\"@id\":\"https:\/\/millidusunce.com\/misak\/\",\"url\":\"https:\/\/millidusunce.com\/misak\/\",\"name\":\"Anasayfa\"}},{\"@type\":\"ListItem\",\"position\":2,\"item\":{\"@type\":\"WebPage\",\"@id\":\"https:\/\/millidusunce.com\/misak\/sezgi-tarihciligi-mi-bilgi-tarihciligi-mi\/\",\"url\":\"https:\/\/millidusunce.com\/misak\/sezgi-tarihciligi-mi-bilgi-tarihciligi-mi\/\",\"name\":\"Sezgi tarih\\u00e7ili\\u011fi mi bilgi tarih\\u00e7ili\\u011fi mi?\"}}]},{\"@type\":\"Article\",\"@id\":\"https:\/\/millidusunce.com\/misak\/sezgi-tarihciligi-mi-bilgi-tarihciligi-mi\/#article\",\"isPartOf\":{\"@id\":\"https:\/\/millidusunce.com\/misak\/sezgi-tarihciligi-mi-bilgi-tarihciligi-mi\/#webpage\"},\"author\":{\"@id\":\"https:\/\/millidusunce.com\/misak\/#\/schema\/person\/8492802fd585dac4a29b2aefbffa45c8\"},\"headline\":\"Sezgi tarih\\u00e7ili\\u011fi mi bilgi tarih\\u00e7ili\\u011fi mi?\",\"datePublished\":\"2020-06-16T16:30:00+00:00\",\"dateModified\":\"2020-06-16T13:31:30+00:00\",\"mainEntityOfPage\":{\"@id\":\"https:\/\/millidusunce.com\/misak\/sezgi-tarihciligi-mi-bilgi-tarihciligi-mi\/#webpage\"},\"commentCount\":0,\"publisher\":{\"@id\":\"https:\/\/millidusunce.com\/misak\/#organization\"},\"image\":{\"@id\":\"https:\/\/millidusunce.com\/misak\/sezgi-tarihciligi-mi-bilgi-tarihciligi-mi\/#primaryimage\"},\"articleSection\":\"E\\u011e\\u0130T\\u0130M-K\\u00dcLT\\u00dcR,S\\u0130YASET-TAR\\u0130H,T\\u00dcRKL\\u00dcK-T\\u00dcRK\\u00c7\\u00dcL\\u00dcK\",\"inLanguage\":\"tr\",\"potentialAction\":[{\"@type\":\"CommentAction\",\"name\":\"Comment\",\"target\":[\"https:\/\/millidusunce.com\/misak\/sezgi-tarihciligi-mi-bilgi-tarihciligi-mi\/#respond\"]}]},{\"@type\":\"Person\",\"@id\":\"https:\/\/millidusunce.com\/misak\/#\/schema\/person\/8492802fd585dac4a29b2aefbffa45c8\",\"name\":\"\\u0130skender \\u00d6ks\\u00fcz\",\"image\":{\"@type\":\"ImageObject\",\"@id\":\"https:\/\/millidusunce.com\/misak\/#personlogo\",\"inLanguage\":\"tr\",\"url\":\"https:\/\/secure.gravatar.com\/avatar\/140e9c7480a1258a2d274125ec8d1787?s=96&d=mm&r=g\",\"caption\":\"\\u0130skender \\u00d6ks\\u00fcz\"},\"description\":\"Prof. Dr. \\u0130skender \\u00d6ks\\u00fcz E\\u011fitim: 1969 Yale University (Ph.D.) 1968 Yale University (MS) 1966 Ege \\u00dcniversitesi (Kimya-Fizik Lisans\\u0131) \\u0130\\u015f hayat\\u0131: 2002-2012: Prof., Gazi \\u00dcniversitesi M\\u00fchendislik Fak\\u00fcltesi, Kimya M\\u00fchendisli\\u011fi B\\u00f6l\\u00fcm\\u00fc. 1987-2002: Sa\\u011fl\\u0131k, bili\\u015fim, e\\u011fitim sekt\\u00f6rlerinde \\u00e7e\\u015fitli firmalarda profesyonel \\u00fcst y\\u00f6netici. \\u00c7e\\u015fitli \\u015firketlerde y\\u00f6netim kurulu \\u00fcyeli\\u011fi, genel m\\u00fcd\\u00fcrl\\u00fck, holding genel koordinat\\u00f6rl\\u00fc\\u011f\\u00fc. 1981-1987: Prof., University of Petroleum and Minerals, Suudi Arabistan\\u2019da akademik ve idari g\\u00f6revler, bilgisayar destekli \\u00f6\\u011fretim koordinat\\u00f6r\\u00fc, yeni \\u00f6\\u011fretim \\u00fcyesi se\\u00e7imi ve terfi komitesi \\u00fcyeli\\u011fi. 1968-1981: B\\u00f6l\\u00fcm ba\\u015fkanl\\u0131\\u011f\\u0131, rekt\\u00f6r yard\\u0131mc\\u0131l\\u0131\\u011f\\u0131, rekt\\u00f6r vekilli\\u011fi (ODT\\u00dc), k\\u00fcrs\\u00fc ba\\u015fkanl\\u0131\\u011f\\u0131, senato \\u00fcyeli\\u011fi (ADMMA), T\\u00fcrkiye Atom Enerjisi Komisyonu 7. D\\u00f6nem \\u00fcyeli\\u011fi, Atom enerjisi konusunda bakan dan\\u0131\\u015fmanl\\u0131\\u011f\\u0131. T\\u00f6re-Devlet Yay\\u0131nevi y\\u00f6neticisi. Bilimsel yay\\u0131nlar: 30\\u2019un \\u00fcst\\u00fcnde bilimsel yay\\u0131n\\u0131 700\\u2019\\u00fcn \\u00fczerinde at\\u0131f alm\\u0131\\u015ft\\u0131r. Y\\u00f6netim uzmanl\\u0131k alanlar\\u0131: Sa\\u011fl\\u0131k, toplam kalite y\\u00f6netimi, bili\\u015fim ve pazarlama. Bilimsel uzmanl\\u0131k alanlar\\u0131: Teorik kimya, fiziko-kimya, bilgisayar uygulamalar\\u0131 ve programlama. Siyasi - sosyal \\u00e7al\\u0131\\u015fmalar: K\\u00dcB\\u0130TEM (K\\u00fclt\\u00fcr, Bilim ve Teknik Merkezi) kuruculu\\u011fu, T\\u00fcrkoca\\u011f\\u0131 Hars Heyeti ve Y\\u00f6netim Kurulu \\u00fcyeli\\u011fi, Mill\\u00ee D\\u00fc\\u015f\\u00fcnce Merkezi Y\\u00f6netim Kurulu \\u00fcyeli\\u011fi; T\\u00f6re, Devlet, Bozkurt, T\\u00fcrk Yurdu dergilerinde makale ve ba\\u015fka yaz\\u0131lar. Son Havadis, Yeni Ufuk, Ayy\\u0131ld\\u0131z gazetelerinde k\\u00f6\\u015fe yazarl\\u0131\\u011f\\u0131. Kitap: - T\\u00fcrk Milliyet\\u00e7ili\\u011fi Fikir Sistemi -Teori- (1977; son bask\\u0131 2016) - T\\u00fcrk\\u2019\\u00fcm \\u00d6z\\u00fcr Dilerim (2013, son bask\\u0131 2016) - Ni\\u00e7in (Geri Kald\\u0131k)? Tarih- Devlet-Ekonomi-Y\\u00f6netim (2014, son bask\\u0131 2017) - Millet ve Milliyet\\u00e7ilik (2016), - Alt Ak\\u0131l: Aptallar ve Diktat\\u00f6rler (2017) - Bilim, Din ve T\\u00fcrk\\u00e7\\u00fcl\\u00fck (2018)\"}]}<\/script>\n<!-- \/ Yoast SEO plugin. -->","_links":{"self":[{"href":"https:\/\/millidusunce.com\/misak\/wp-json\/wp\/v2\/posts\/10551"}],"collection":[{"href":"https:\/\/millidusunce.com\/misak\/wp-json\/wp\/v2\/posts"}],"about":[{"href":"https:\/\/millidusunce.com\/misak\/wp-json\/wp\/v2\/types\/post"}],"author":[{"embeddable":true,"href":"https:\/\/millidusunce.com\/misak\/wp-json\/wp\/v2\/users\/1"}],"replies":[{"embeddable":true,"href":"https:\/\/millidusunce.com\/misak\/wp-json\/wp\/v2\/comments?post=10551"}],"version-history":[{"count":11,"href":"https:\/\/millidusunce.com\/misak\/wp-json\/wp\/v2\/posts\/10551\/revisions"}],"predecessor-version":[{"id":10608,"href":"https:\/\/millidusunce.com\/misak\/wp-json\/wp\/v2\/posts\/10551\/revisions\/10608"}],"wp:featuredmedia":[{"embeddable":true,"href":"https:\/\/millidusunce.com\/misak\/wp-json\/wp\/v2\/media\/10606"}],"wp:attachment":[{"href":"https:\/\/millidusunce.com\/misak\/wp-json\/wp\/v2\/media?parent=10551"}],"wp:term":[{"taxonomy":"category","embeddable":true,"href":"https:\/\/millidusunce.com\/misak\/wp-json\/wp\/v2\/categories?post=10551"},{"taxonomy":"post_tag","embeddable":true,"href":"https:\/\/millidusunce.com\/misak\/wp-json\/wp\/v2\/tags?post=10551"}],"curies":[{"name":"wp","href":"https:\/\/api.w.org\/{rel}","templated":true}]}}