{"id":11310,"date":"2020-09-08T13:30:48","date_gmt":"2020-09-08T10:30:48","guid":{"rendered":"https:\/\/millidusunce.com\/misak\/?p=11310"},"modified":"2020-09-13T23:49:57","modified_gmt":"2020-09-13T20:49:57","slug":"dogu-akdeniz-gerilimine-cozum-arayisi","status":"publish","type":"post","link":"https:\/\/millidusunce.com\/misak\/dogu-akdeniz-gerilimine-cozum-arayisi\/","title":{"rendered":"Do\u011fu Akdeniz gerilimine \u00e7\u00f6z\u00fcm aray\u0131\u015f\u0131"},"content":{"rendered":"<p><img loading=\"lazy\" class=\"aligncenter wp-image-11318 size-full\" src=\"https:\/\/millidusunce.com\/misak\/wp-content\/uploads\/2020\/09\/da-g\u00f6rsel.jpg\" alt=\"\" width=\"786\" height=\"383\" srcset=\"https:\/\/millidusunce.com\/misak\/wp-content\/uploads\/2020\/09\/da-g\u00f6rsel.jpg 786w, https:\/\/millidusunce.com\/misak\/wp-content\/uploads\/2020\/09\/da-g\u00f6rsel-300x146.jpg 300w, https:\/\/millidusunce.com\/misak\/wp-content\/uploads\/2020\/09\/da-g\u00f6rsel-150x73.jpg 150w, https:\/\/millidusunce.com\/misak\/wp-content\/uploads\/2020\/09\/da-g\u00f6rsel-768x374.jpg 768w\" sizes=\"(max-width: 786px) 100vw, 786px\" \/><\/p>\n<p>Do\u011fu Akdeniz, devletlerin egemenlik alanlar\u0131n\u0131 belirleme ve koruma yar\u0131\u015f\u0131na sahne olurken ayn\u0131 zamanda yeni ittifaklar \u00fcretiyor ve olan\u0131 da g\u00fc\u00e7lendiriyor. B\u00f6lge d\u0131\u015f\u0131 \u00fclkelerin de Do\u011fu Akdeniz\u2019de boy g\u00f6stermesi gerilimi artt\u0131r\u0131yor. Gerilimin artmas\u0131 diyalog aray\u0131\u015f\u0131n\u0131 da \u00e7a\u011f\u0131r\u0131yor. Bir tarafta ABD\u2019nin ba\u015f\u0131ndan bu yana gerilimi yat\u0131\u015ft\u0131rmak yerine Do\u011fu Akdeniz\u2019deki dengeleri bozan hamleleri di\u011fer tarafta AB i\u00e7erisinde konuyla ilgili farkl\u0131 yakla\u015f\u0131m benimseyen Fransa ve Almanya\u2019n\u0131n tutumu var. \u015eimdilik ibre diplomasiye d\u00f6nm\u00fc\u015f g\u00f6r\u00fcn\u00fcyor. ABD, Balkanlarda da AB program\u0131n\u0131 tersine \u00e7eviren bir hamle yapmak \u00fczereydi ve Kosova-S\u0131rbistan sorununu iki \u00fclke aras\u0131nda arazi takas\u0131 yaparak \u00e7\u00f6zmeye niyetlenmi\u015fti ama Almanya ipleri b\u0131rakmad\u0131.\u00a0 Arazi takas\u0131, Balkanlarda yeni bir payla\u015f\u0131m \u00e7eki\u015fmesi ve belki de \u00e7at\u0131\u015fmalar\u0131 tetikleyecek bir hamle olurdu. Almanya, Kosova-S\u0131rbistan g\u00f6r\u00fc\u015fmelerini AB g\u00f6zetiminde tutmay\u0131 ba\u015fard\u0131.<\/p>\n<p>Do\u011fu Akdeniz de benzer nitelikte. Gerilim, sadece hidrokarbon zenginli\u011fine kimin ula\u015faca\u011f\u0131yla ilgili de\u011fil.\u00a0 Asl\u0131nda daha \u00e7ok b\u00f6lge \u00fclkelerinin egemenlik haklar\u0131n\u0131 ve hak iddialar\u0131n\u0131 ilgilendiriyor. Bu da denizdeki s\u0131n\u0131rlar\u0131n belirlenmesi demek. Yani gemiler sadece bayrak g\u00f6stermek i\u00e7in denizde de\u011filler. Konunun egemenlik olmas\u0131, restle\u015fmenin s\u0131cak bir sava\u015fa d\u00f6n\u00fc\u015fme ihtimalini artt\u0131r\u0131yor. Do\u011frusu ABD yat\u0131\u015ft\u0131r\u0131c\u0131 de\u011fil; T\u00fcrkiye\u2019nin kendisini \u00e7evreleniyor hissetmesine neden olan ad\u0131mlar at\u0131yor. Fransa ise Balkanlardaki geli\u015fmelerde de b\u00f6lgeye ABD\u2019yi \u00e7eken bir hareket tarz\u0131 benimsemi\u015f ve AB geni\u015flemesine yeni kriterler \u00f6nermek suretiyle Balkanlardaki AB perspektifini zedelemi\u015fti.<a href=\"#_ftn2\" name=\"_ftnref2\">[1]<\/a> (Bu \u00fclkelere \u201cBalkan Schengeni\u201d \u00f6nerilmi\u015fti) Muhtemelen \u201cAB, Balkan y\u00fck\u00fcn\u00fc ta\u015f\u0131yamayacaksa da b\u00f6lge Rusya, \u00c7in ve T\u00fcrkiye etkisine b\u0131rak\u0131lamaz\u201d mant\u0131\u011f\u0131yla ABD, Balkan siyasetinde daha belirgin hale geldi.<\/p>\n<p>Fransa i\u00e7in Balkanlar ve Do\u011fu Akdeniz\u2019in \u00f6nemi ayn\u0131 de\u011fil. 90\u2019lardaki sava\u015flar sonras\u0131nda Balkanlar\u0131n dizayn\u0131nda Almanya \u00f6n plana \u00e7\u0131karken Fransa da Akdeniz Birli\u011fi projesi (Euromed\/Barselona s\u00fcreci- 1995) \u00fczerinde \u00e7al\u0131\u015f\u0131yordu\u2026 <a href=\"#_ftn3\" name=\"_ftnref3\">[2]<\/a> Dolay\u0131s\u0131yla Fransa\u2019n\u0131n Akdeniz havzas\u0131nda belirleyici rol oynamak istemesi ola\u011fan bir geli\u015fme; T\u00fcrkiye\u2019nin hareketlili\u011fi ve bilhassa Libya ile imzalad\u0131\u011f\u0131 anla\u015fma ve anla\u015fman\u0131n do\u011furdu\u011fu sonu\u00e7lardan rahats\u0131z olmas\u0131 da beklenen bir sonu\u00e7. Kald\u0131 ki zaten T\u00fcrkiye hangi y\u00f6nde ise Fransa, T\u00fcrkiye\u2019nin kar\u015f\u0131s\u0131nda yer ald\u0131. Suriye i\u00e7in de belirleyici rol oynamak istedi, Birinci D\u00fcnya Sava\u015f\u0131 \u00f6ncesinde \u0130ngiltere\u2019nin devreye girmesiyle i\u015fgalini \u0130talya\u2019ya b\u0131rakmak zorunda kald\u0131\u011f\u0131 Libya\u2019da da\u2026<\/p>\n<h2><strong>Do\u011fu Akdeniz geriliminde Fransa fakt\u00f6r\u00fc<\/strong><\/h2>\n<p>Fransa, denizdeki gerilimde de K\u0131br\u0131s Rum Y\u00f6netiminin yan\u0131nda yer ald\u0131. Fransa Cumhurba\u015fkan\u0131 Macron\u2019un AB\u2019den bekledi\u011fi g\u00fc\u00e7l\u00fc kar\u015f\u0131l\u0131\u011f\u0131 bulamayan K\u0131br\u0131s Rum Y\u00f6netimine kamuoyu \u00f6n\u00fcnde g\u00fc\u00e7l\u00fc destek a\u00e7\u0131klamas\u0131, Frans\u0131z Total \u015firketinin Rum k\u0131y\u0131lar\u0131ndan ayr\u0131lmayaca\u011f\u0131 ve ara\u015ft\u0131rmalar\u0131n\u0131 s\u00fcrd\u00fcrece\u011fi s\u00f6z\u00fc vermesi Rum kamuoyunda elbette \u00e7ok \u00f6nemsendi. Hatta Rum bas\u0131n\u0131nda \u201cAvrupa Birli\u011fi\u2019nin bo\u015flu\u011funu Fransa dolduruyor\u201d ba\u015fl\u0131klar\u0131 yer ald\u0131. 23 Temmuz 2020 g\u00f6r\u00fc\u015fmesi ise taraflar\u0131n Akdeniz\u2019de hava ve deniz askeri g\u00fc\u00e7lerini birle\u015ftirme anla\u015fmas\u0131 yapmas\u0131na vesile oldu. \u00dc\u00e7 maddelik anla\u015fmaya g\u00f6re Mari\u2019deki (Tatl\u0131su) Evangelos Florakis Deniz \u00dcss\u00fc b\u00fcy\u00fck sava\u015f gemilerini kabul edebilecek \u015fekilde geli\u015ftirilecek; &#8221;Askeri Hava Trafik Kontrol Merkezi&#8221; ve Baf\u2019taki Andreas Papandreu Askeri Hava \u00dcss\u00fc modernize edilecek. Asl\u0131nda Fransa \u00f6zellikle Andreas Papandreu Askeri Hava \u00dcss\u00fcn\u00fc kullanmaya daha \u00f6nce de \u00e7ok yakla\u015fm\u0131\u015ft\u0131. 2006\u2019da yap\u0131lan ve askeri tesislerin kullan\u0131lmas\u0131, teknik destek verilmesi ve Rum askerlerin (RMMO) e\u011fitimini i\u00e7eren anla\u015fman\u0131n a\u00e7\u0131klamas\u0131 o g\u00fcn\u00fcn konseptine uygun \u015fekilde \u201cter\u00f6rle m\u00fccadele ve bilgi al\u0131\u015fveri\u015fi\u201d idi. Rum kamuoyuna y\u00f6nelik pek de \u015f\u0131k olmayan \u015f\u00f6yle bir tan\u0131mlama da vard\u0131: \u201cFransa&#8217;n\u0131n, art\u0131k Rum y\u00f6netiminin AB i\u00e7indeki g\u00f6r\u00fc\u015flerini desteklemek i\u00e7in stratejik bir nedeni olacak.\u201d<a href=\"#_ftn4\" name=\"_ftnref4\">[3]<\/a> Ama nedense hava \u00fcss\u00fcn\u00fcn Frans\u0131z kullan\u0131m\u0131na a\u00e7\u0131lmas\u0131 bir t\u00fcrl\u00fc Rum parlamentosundan ge\u00e7memi\u015fti. Siyasilerin anla\u015fmay\u0131 sunarken \u201c\u0130leride K\u0131br\u0131s sorunu nihai \u00e7\u00f6z\u00fcme ula\u015ft\u0131\u011f\u0131nda askersizle\u015ftirme ba\u015fl\u0131\u011f\u0131nda \u0130ngiliz \u00fcslerinin de masaya konmas\u0131 ana hedefinde Frans\u0131zlar\u0131n varl\u0131\u011f\u0131n\u0131n ellerinde m\u00fczakere kozu olaca\u011f\u0131\u201d s\u00f6ylemi de \u201cbir yerlerde\u201d ters tepkiye neden olmu\u015f olabilir\u2026 Elbette K\u0131br\u0131s\u2019ta yabanc\u0131 kuvvetlere \u00fcs tan\u0131nmas\u0131n\u0131n 1959-1960 Anla\u015fmalar\u0131na ayk\u0131r\u0131 olmas\u0131ndan kaynakl\u0131 T\u00fcrkiye\u2019nin itirazlar da g\u00fcndemdeydi. \u2013Kald\u0131 ki adada yabanc\u0131 asker istemedi\u011fi s\u00f6ylemini m\u00fccadelesinin ba\u015fat unsuru yapan Rum Y\u00f6netimi i\u00e7in istikrarl\u0131 ve izah edilebilir bir duru\u015f da olmayacakt\u0131.- Hukuken de\u011fi\u015fen bir durum olmad\u0131\u011f\u0131na g\u00f6re acaba 1959-1960 Anla\u015fmalar\u0131n\u0131n K\u0131br\u0131sl\u0131 T\u00fcrkler \u00fczerinde de ba\u011flay\u0131c\u0131l\u0131\u011f\u0131n\u0131n kalmad\u0131\u011f\u0131, KKTC\u2019nin tan\u0131nmas\u0131 \u00f6n\u00fcnde de engel olacak h\u00fck\u00fcm bulunmad\u0131\u011f\u0131 dile getirilir mi bilinmez\u2026 Ama geli\u015fmelerin iki devletli \u00e7\u00f6z\u00fcm isteyenlerin elini g\u00fc\u00e7lendirdi\u011fi \u00e7ok a\u00e7\u0131k.<\/p>\n<p>Frans\u0131zlarla yap\u0131lan Temmuz 2020 anla\u015fmas\u0131n\u0131n \u00f6rne\u011fin Politis gazetesine yans\u0131mas\u0131: \u201cFransa Akdeniz\u2019de d\u00fczeyi y\u00fckseltilmi\u015f rol istiyor\u201d \u015feklinde. \u00a0Macron\u2019un Anastasiadis\u2019i A\u011fustos sonu-Eyl\u00fcl ba\u015f\u0131nda Paris\u2019te G\u00fcney Avrupa\u2019n\u0131n 7 lideri aras\u0131nda ger\u00e7ekle\u015fecek MED7 zirvesine daveti de \u00e7ok \u00f6nemseniyor. \u00c7\u00fcnk\u00fc Anastasiadis Ankara aleyhine kararlar al\u0131nmas\u0131n\u0131 umdu\u011fu Avrupa Konseyi toplant\u0131s\u0131ndan hemen \u00f6nce burada destek toplayabilece\u011fine inan\u0131yor.<\/p>\n<p>Asl\u0131nda Anastasiadis\u2019in Macron\u2019a y\u00f6nelik \u201cAkdeniz\u2019in T\u00fcrkiye veya ba\u015fka g\u00fc\u00e7lerin kontrol\u00fc alt\u0131ndaki bir b\u00f6lge olmamas\u0131 i\u00e7in \u00fcstlendi\u011fi inisiyatifler hakk\u0131nda \u00f6zellikle te\u015fekk\u00fcr etmek istedi\u011fi\u201d s\u00f6zlerine de bakmak gerekebilir. \u00c7\u00fcnk\u00fc \u201cba\u015fka \u00fclkeler\u201d ifadesi Rusya imas\u0131ysa t\u00fcm bu geli\u015fmelerin Rum i\u00e7 siyasetini ilgilendiren yanlar\u0131 da var demektir. Rum siyasetinde ve bas\u0131n\u0131nda Amerika\u2019ya yak\u0131nlar ve Rusya\u2019ya yak\u0131nlar oldu\u011fu gizli de\u011fil ve Anastasiadis iktidar\u0131n\u0131n miad\u0131n\u0131 doldurdu\u011fu, Rum ulusal \u00e7\u0131karlar\u0131na da hizmet edemedi\u011fi fikri Crans Montana zirvesinden bu yana Rum taraf\u0131n\u0131n g\u00fcndeminde. Anastasiadis, zirveden ayr\u0131l\u0131rken \u201cFederasyon d\u0131\u015f\u0131ndaki se\u00e7enekleri de d\u00fc\u015f\u00fcnmek gerekti\u011fini\u201d s\u00f6ylemesi nedeniyle \u00e7ok ele\u015ftirildi. Rusya\u2019ya yak\u0131nlar ve ABD\u2019den medet umanlar bak\u0131m\u0131ndan K\u0131br\u0131sl\u0131 T\u00fcrklere, ortakl\u0131k devletine, T\u00fcrkiye bak\u0131\u015f a\u00e7\u0131s\u0131ndan bir fark olmad\u0131\u011f\u0131n\u0131 not d\u00fc\u015felim. Zaten Kom\u00fcnist AKEL y\u00f6netiminde ve Hristofyas liderli\u011finde y\u00fcr\u00fctt\u00fckleri m\u00fczakerelerde (2008) bu g\u00f6r\u00fclm\u00fc\u015ft\u00fc. Kald\u0131 ki AKEL de 2004 Annan Plan\u0131 referandumunda bir anda \u201chay\u0131r\u201d taraf\u0131na ge\u00e7mi\u015fti. Yani bir \u00e7\u00f6z\u00fcm plan\u0131 istedi\u011finden de\u011fil ama T\u00fcrklerin masada tutulmas\u0131 gerekti\u011fine inand\u0131\u011f\u0131ndan Anastasiadis\u2019e s\u00fcreci iyi y\u00f6netemedi\u011fi i\u00e7in y\u00fckleniyor. Anastasiadis ise halk\u0131n\u0131n T\u00fcrklerle bir arada ya\u015famaya haz\u0131r olmad\u0131\u011f\u0131n\u0131 s\u00f6yleyecek kadar a\u00e7\u0131k davrand\u0131.<\/p>\n<h2><strong>Krizde ABD fakt\u00f6r\u00fc <\/strong><\/h2>\n<p>AKEL, h\u00fck\u00fcmetini \u201cK\u0131br\u0131s\u2019\u0131n trajedisinde g\u00fcnahk\u00e2r bir rol oynayan ABD\u2019nin \u00e7\u0131karlar\u0131ndan yana sevin\u00e7 g\u00f6sterisinde\u201d bulunmas\u0131 sebebiyle de ele\u015ftirdi.\u00a0 Bu kez konu ABD\u2019nin Rum Y\u00f6netimine askeri e\u011fitim deste\u011fi karar\u0131n\u0131 a\u00e7\u0131klamas\u0131yd\u0131. \u2013ABD Kongresinden \u00f6denek \u00e7\u0131karsa 2021\u2019de ba\u015flayacak-\u00a0 AKEL s\u00f6zc\u00fcs\u00fc Stefanu, K\u0131br\u0131s ile ABD\u2019nin ortak \u00e7\u0131kar\u0131n\u0131n bulunmad\u0131\u011f\u0131n\u0131, bu program\u0131n sadece Amerikan \u00e7\u0131karlar\u0131n\u0131 ileriye g\u00f6t\u00fcrmekle ilgili oldu\u011funu, ABD D\u0131\u015fi\u015fleri Bakanl\u0131\u011f\u0131n\u0131n ve K\u0131br\u0131s\u2019taki ABD B\u00fcy\u00fckel\u00e7ili\u011finin bu konuda net a\u00e7\u0131klamalar\u0131n\u0131n oldu\u011funu s\u00f6yledi.<a href=\"#_ftn5\" name=\"_ftnref5\">[4]<\/a> Anastasiadis h\u00fck\u00fcmetini de T\u00fcrkiye aleyhine destek sa\u011flayaca\u011f\u0131 yan\u0131lsamas\u0131yla ABD\u2019nin her talebini yerine getirerek \u00fclkeyi \u201cBat\u0131\u2019n\u0131n ileri karakolu\u201d haline d\u00f6n\u00fc\u015ft\u00fcrmekle su\u00e7lad\u0131. D\u0130KO partisi de ele\u015ftirilerde AKEL\u2019i yaln\u0131z b\u0131rakm\u0131yor\u2026 ABD\u2019nin silah ambargosunu kald\u0131rma karar\u0131n\u0131, G\u00fcney K\u0131br\u0131s liman ve \u00fcslerinin Rusya\u2019n\u0131n kullan\u0131m\u0131na kapatmas\u0131 ve bunu denetleyebilecek mekanizma kurulmas\u0131 ko\u015fuluna ba\u011flamas\u0131 zaten durumu \u00f6zetliyor. Do\u011fu Akdeniz\u2019in T\u00fcrkiye\u2019nin denetimine girmesi de\u011fil Rusya\u2019n\u0131n denetimine girmesi tehdit olarak alg\u0131lan\u0131yor. ABD\u2019nin Rum askerlerini e\u011fitim program\u0131na almas\u0131 da Anastasiadis iktidar\u0131n\u0131 kamuoyu deste\u011fi sa\u011flama \u00e7er\u00e7evesinde rahatlatan bir ad\u0131m. Ayn\u0131 zamanda Rumlar\u0131 NATO \u00fcyeli\u011fine haz\u0131rlamak i\u00e7in de at\u0131lan ilk ad\u0131m mahiyetinde. S\u0131rbistan gibi Rum Y\u00f6netiminde de NATO \u00fcyeli\u011fine kar\u015f\u0131 olan k\u00f6kl\u00fc bir kesim var.<\/p>\n<p>Kathimerini gazetesinin haberine g\u00f6re ABD\u2019nin Baf\u2019taki Andreas Papandreu \u00fcss\u00fcne konu\u015flu askeri ara\u00e7lar\u0131<a href=\"#_ftn6\" name=\"_ftnref6\">[5]<\/a> ve RMMO&#8217;nun Anarida&#8217;daki E\u011fitim Kamp\u0131&#8217;nda 380 askeri var ancak ABD\u2019nin hangi anla\u015fmaya dayanarak,\u00a0 hangi kapsamda ve ne kadar s\u00fcre K\u0131br\u0131s\u2019ta bulundu\u011fu bilinmiyor. Bunlar AKEL ve D\u0130KO\u2019nun takibini yapaca\u011f\u0131 hususlar. Hem Fransa\u2019ya hem ABD\u2019ye a\u00e7\u0131lan \u00fcss\u00fcn arazisinin 1974\u2019e kadar Piskobu\u2019da ikamet eden bir T\u00fcrk\u2019e ait olmas\u0131 ve arazinin iadesi i\u00e7in dava a\u00e7mas\u0131<a href=\"#_ftn7\" name=\"_ftnref7\">[6]<\/a> da ayr\u0131 bir konu.<\/p>\n<p>Asl\u0131nda ABD\u2019nin Yunanistan\u2019da Volos, Larisa ve Dedea\u011fa\u00e7 (Aleksandrupolis) \u015fehirlerinde 3 askeri \u00fcs kuraca\u011f\u0131 g\u00fcndeme geldi\u011finde d\u00f6nemin ba\u015fbakan\u0131 \u00c7ipras\u2019\u0131n partisinden \u201cH\u00fck\u00fcmetin \u00f6yle bir planlamas\u0131 yok. ABD\u2019nin b\u00f6lgedeki emelleri i\u00e7in Yunanistan\u2019\u0131 sald\u0131r\u0131 noktas\u0131 olarak kullanmas\u0131na kar\u015f\u0131y\u0131z\u201d itiraz\u0131 gelmi\u015fti. \u00c7ipras kendisinden a\u00e7\u0131klama istedi\u011findeyse Yunanistan Savunma Bakan\u0131 Panos Kammenos \u00fcslerin zaten faaliyet g\u00f6sterdi\u011fini s\u00f6yleyivermi\u015fti.<a href=\"#_ftn8\" name=\"_ftnref8\">[7]<\/a> Ne gariptir ki 23 Temmuz 2020\u2019de bu zaten faaliyet g\u00f6steren \u00fcsler, resmi t\u00f6renle a\u00e7\u0131ld\u0131. Dedea\u011fa\u00e7&#8217;a 101. ABD Hava \u00a0ve Kuzey Ege adalar\u0131n\u0131 tarayabilecek kapasiteye sahip yeni nesil radar g\u00f6zetleme merkezi de 2018\u2019in konusuydu. Demek ki bazen h\u00fck\u00fcmetler bile \u00fclkelerindeki yabanc\u0131 askeri \u00fcslerden habersiz olabiliyormu\u015f\u2026 ABD\u2019nin T\u00fcrk-Yunan dengesini bozarak Yunanistan\u2019a askeri destek vermesi yeni de\u011fil. 15 Temmuz 2016 FET\u00d6 darbe giri\u015fimi sonras\u0131 T\u00fcrkiye\u2019den tepki g\u00f6ren ABD, stratejik dengeler i\u00e7in politik ve askeri olarak Yunanistan\u2019\u0131 destekleme politikas\u0131na ge\u00e7mi\u015fti. 2019\u2019dan itibaren Do\u011fu Akdeniz\u2019de Rum Y\u00f6netimini de ortak olarak g\u00f6rmeye ba\u015flad\u0131.<\/p>\n<p>ABD enerji \u015firketlerinden Chevron Corporation\u2019\u0131n, G\u00fcney K\u0131br\u0131s\u2019\u0131n tek yanl\u0131 ilan etti\u011fi M\u00fcnhas\u0131r Ekonomik B\u00f6lgesinde (MEB) faaliyet g\u00f6steren ve bor\u00e7 bata\u011f\u0131na saplanan \u201cNoble Energy\u201d \u015firketini sat\u0131n almas\u0131 da Chevron\u2019un da K\u0131br\u0131s \u00e7evresine gelece\u011fini g\u00f6steriyor. Dolay\u0131s\u0131yla bu ili\u015fki boyutland\u0131r\u0131larak s\u00fcrd\u00fcr\u00fclecektir.<\/p>\n<p>Fransa ve ABD Yunanistan ve Rum Y\u00f6netiminin hissetti\u011fi bask\u0131y\u0131 azaltmak \u00fczere b\u00f6lgedeki varl\u0131\u011f\u0131n\u0131 artt\u0131r\u0131rken bir yandan da b\u00f6lgede askeri \u00fcsler ediniyor. Bir tarafta da gerilimi m\u00fczakere yoluyla dindirmeye giri\u015fen Almanya bulunuyor.<\/p>\n<h2><strong>Uzla\u015f\u0131 aray\u0131\u015f\u0131n\u0131n K\u0131br\u0131s aya\u011f\u0131<\/strong><\/h2>\n<p>Do\u011fu Akdeniz\u2019de sorunun ba\u015flad\u0131\u011f\u0131 yer K\u0131br\u0131s. Bu nedenle \u00e7\u00f6z\u00fcm aray\u0131\u015f\u0131n\u0131n bir boyutu K\u0131br\u0131s\u2019taki T\u00fcrkler ve Rumlar aras\u0131ndaki uzla\u015f\u0131 noktalar\u0131n\u0131n tespiti olacakt\u0131r. KKTC Cumhurba\u015fkan\u0131 Mustafa Ak\u0131nc\u0131\u2019n\u0131n ortak komisyon kurularak hidrokarbon kaynaklar\u0131n\u0131n idaresinin birlikte yap\u0131lmas\u0131n\u0131 i\u00e7eren 13 Temmuz 2019 tarihli teklifi Rum Y\u00f6netimince reddedilmi\u015fti.\u00a0 Rum taraf\u0131n\u0131n kar\u015f\u0131 \u00f6nerisi K\u0131br\u0131s T\u00fcrk halk\u0131 ad\u0131na \u00f6zel hesap a\u00e7arak do\u011fal gazdan elde edilecek gelirden n\u00fcfuslar\u0131na g\u00f6re belirlenecek pay\u0131n bu hesapta biriktirilmesiydi. Bu teklif, Rum taraf\u0131n\u0131n T\u00fcrkleri karar alma mekanizmas\u0131 d\u0131\u015f\u0131nda tutma tavr\u0131n\u0131n devam\u0131 olarak de\u011ferlendirildi. T\u00fcrk taraf\u0131, Rumlar\u0131n \u201cegemenli\u011fi de refah\u0131 da payla\u015fmak istemedi\u011fi\u201d y\u00f6n\u00fcndeki kanaatlerini peki\u015ftirdiler. Bu durumda egemenlik ve refah payla\u015f\u0131m\u0131na dayanan federasyon \u00e7\u00f6z\u00fcm\u00fcn\u00fc konu\u015fma imk\u00e2n\u0131 da kalmam\u0131\u015ft\u0131. Dolay\u0131s\u0131yla diyalogun t\u00fckendi\u011fi nokta, Rum taraf\u0131n\u0131n T\u00fcrkleri karar almada ortak g\u00f6rmemesiydi. K\u0131br\u0131s T\u00fcrk taraf\u0131, m\u00fczakere s\u00fcre\u00e7lerinde 1960 K\u0131br\u0131s Cumhuriyeti ilkelerine uygun bir ortakl\u0131k devleti kurulmas\u0131 hedefinden gittik\u00e7e uzakla\u015f\u0131ld\u0131\u011f\u0131 ve Rum taraf\u0131n\u0131n ucu a\u00e7\u0131k s\u00fcre\u00e7leri, el koydu\u011fu \u201cdevlet\u201din imk\u00e2nlar\u0131n\u0131 kendi varl\u0131\u011f\u0131n\u0131 yasalla\u015ft\u0131rmak\/g\u00fc\u00e7lendirmek i\u00e7in kulland\u0131\u011f\u0131 kan\u0131s\u0131nda. Do\u011fu Akdeniz\u2019de uzla\u015f\u0131 aranacaksa bunun K\u0131br\u0131s aya\u011f\u0131ndaki g\u00f6r\u00fc\u015fmeler bu noktadan ba\u015flayacakt\u0131r.<\/p>\n<p>Rum lideri Anastasiadis, Ekim ay\u0131nda KKTC\u2019de ger\u00e7ekle\u015fecek cumhurba\u015fkanl\u0131\u011f\u0131 se\u00e7imleri sonras\u0131nda BM g\u00f6zetimindeki m\u00fczakerelere yeniden ba\u015flamaya haz\u0131r oldu\u011funu bildirdi. Do\u011frusu, K\u0131br\u0131s m\u00fczakereleri T\u00fcrkiye\u2019nin Do\u011fu Akdeniz\u2019deki hareketlili\u011fini yava\u015flat\u0131c\u0131 etki g\u00f6steriyor. Do\u011fu Akdeniz\u2019de T\u00fcrkiye i\u00e7in krizin ba\u015flad\u0131\u011f\u0131 tarih 2003; Crans Montana\u2019daki K\u0131br\u0131s zirvesinin Anastasiadis\u2019in geri \u00e7ekilmesi nedeniyle \u00e7\u00f6kme tarihi 7 Temmuz 2017. T\u00fcrkiye\u2019nin derin deniz sondajlar\u0131na ba\u015flama tarihi ise 3 May\u0131s 2019\u2026 Yani gerilimin azalmas\u0131n\u0131 T\u00fcrkiye\u2019nin sondaj faaliyetlerini durdurmas\u0131na ba\u011flayanlar i\u00e7in K\u0131br\u0131s\u2019ta m\u00fczakerelerin ba\u015flat\u0131lmas\u0131 iyi bir se\u00e7enek. Peki, K\u0131br\u0131sl\u0131 T\u00fcrkler hangi zeminde masaya oturur? T\u00fcrkler, siyasi e\u015fitlik, etkin kat\u0131l\u0131m ve takvim kriterlerinde \u0131srarc\u0131; art\u0131k ucu a\u00e7\u0131k, sonu\u00e7 odakl\u0131 olmayan s\u00fcre\u00e7lere girmek istemedikleri konusunda t\u00fcm siyasi liderler hemfikir. Crans Montana\u2019y\u0131 terk ederken \u201cFederasyon d\u0131\u015f\u0131 \u00e7\u00f6z\u00fcm ihtimallerini d\u00fc\u015f\u00fcnmeliyiz\u201d diyen Rum lider Anastasiadis\u2019e kat\u0131lmayan ve federasyon denemede \u0131srarc\u0131 olan bir kesim ile \u201c\u00dcniter Rum devleti alt\u0131nda birle\u015fmek se\u00e7enek d\u0131\u015f\u0131d\u0131r, konfederasyon ya da iki devletli \u00e7\u00f6z\u00fcm g\u00f6r\u00fc\u015f\u00fcls\u00fcn\u201d diyen kesimin adaylar\u0131 KKTC\u2019deki cumhurba\u015fkanl\u0131\u011f\u0131 se\u00e7iminde yar\u0131\u015facaklar. \u00a0Yani \u201cSiyasi e\u015fitlik\u201dten \u201cegemen e\u015fitlik\u201de uzanan bir yelpaze s\u00f6z konusu. Se\u00e7im sonucu m\u00fczakerelerin zemininin belirlenmesinde etkili olacakt\u0131r. Ama se\u00e7imlere ba\u011fl\u0131 olmayan bir kriter de adan\u0131n do\u011fal kaynaklar\u0131 \u00fczerindeki hakk\u0131na dayanarak \u201chidrokarbon yataklar\u0131n\u0131n y\u00f6netimine ortak olmak.\u201d<\/p>\n<p>AB d\u00f6nem ba\u015fkanl\u0131\u011f\u0131n\u0131 devralan Almanya\u2019n\u0131n bu talebi g\u00f6rd\u00fc\u011f\u00fc anla\u015f\u0131l\u0131yor. Almanya\u2019n\u0131n ayn\u0131 zamanda 2020 sonuna dek BM G\u00fcvenlik Konseyi Ba\u015fkanl\u0131\u011f\u0131n\u0131 da y\u00fcr\u00fctt\u00fc\u011f\u00fcn\u00fc not d\u00fc\u015felim. Do\u011fu Akdeniz\u2019deki gerilimi d\u00fc\u015f\u00fcrmek i\u00e7in K\u0131br\u0131s ve Ege\u2019de pe\u015f pe\u015fe diyalog yolunu a\u00e7mak isteyen Almanya, Anastasiadis\u2019in K\u0131br\u0131sl\u0131 T\u00fcrklerin do\u011fal gazdaki pay\u0131n\u0131 ay\u0131rma \u00f6nerisiyle Ak\u0131nc\u0131\u2019n\u0131n hidrokarbon idaresine T\u00fcrklerin de kat\u0131laca\u011f\u0131 bir mekanizma olu\u015fturulmas\u0131 talebini harmanlayan bir form\u00fcl \u00fczerinde duruyor. T\u00fcrklerin hidrokarbon gelirlerindeki pay\u0131 zaten BM taraf\u0131ndan da korundu\u011fu ve tan\u0131nd\u0131\u011f\u0131 i\u00e7in \u201cortak karar alma mekanizmas\u0131\u201d meselesi Anastasiadis\u2019in niyetini \u00f6l\u00e7en tek unsur olacakt\u0131r. AB zaman zaman T\u00fcrkiye\u2019nin Do\u011fu Akdeniz\u2019deki sondajlar\u0131na y\u00f6nelik mesajlar yay\u0131nlasa da Rum Y\u00f6netimi, AB\u2019nin T\u00fcrkiye\u2019ye yapt\u0131r\u0131m uygulanmas\u0131n\u0131 tercih etmedi\u011finin fark\u0131nda. T\u00fcrkiye ile isti\u015fare kanallar\u0131n\u0131 a\u00e7\u0131k tutmak isteyen AB, ili\u015fkilerin normalle\u015ftirilmesine \u00f6ncelik veriyor. Bu da Rum Y\u00f6netimini AB\u2019deki ortaklar\u0131n\u0131n bu \u00e7abas\u0131na katk\u0131 sunmak zorunda b\u0131rakacakt\u0131r. K\u0131sacas\u0131 hukuksuz eylemleriyle k\u0131\u015fk\u0131rtt\u0131\u011f\u0131 bir \u00fclkenin hak aray\u0131\u015f\u0131ndan rahats\u0131z olan Rum Y\u00f6netimi, gerilimi d\u00fc\u015f\u00fcrme g\u00f6revini sadece AB\u2019ye y\u00fckleyemeyece\u011finin fark\u0131nda. Rum Y\u00f6netiminin realist, mant\u0131kl\u0131 ve uluslararas\u0131 hukukla \u00f6rt\u00fc\u015fen bir hareket tarz\u0131na d\u00f6nmek d\u0131\u015f\u0131nda se\u00e7ene\u011fi kalmad\u0131. Bu durumda \u00f6nce K\u0131br\u0131sl\u0131 T\u00fcrkler ve Rumlar\u0131n hidrokarbon kaynaklar\u0131ndaki \u00e7al\u0131\u015fmalar\u0131 g\u00f6r\u00fc\u015fece\u011fi bir platform olu\u015fturulmas\u0131, ekim ay\u0131ndan sonra da BM g\u00f6zetimindeki m\u00fczakerelerin yeniden ba\u015flat\u0131lmas\u0131 s\u00f6z konusu olabilir. Rum taraf\u0131n\u0131n egemenli\u011fi ve refah\u0131 T\u00fcrklerle payla\u015fma konusundaki tavr\u0131 da s\u00fcrecin gidi\u015fat\u0131n\u0131 belirler. Bu s\u00fcre\u00e7te T\u00fcrkiye\u2019nin sondaj ve sismik arama faaliyetlerini yava\u015flatmas\u0131, beklemeye almas\u0131 m\u00fcmk\u00fcn g\u00f6r\u00fcn\u00fcyor.<\/p>\n<h2><strong>Gerilimin dinme ihtimali<\/strong><\/h2>\n<p>T\u00fcrkiye\u2019nin Do\u011fu Akdeniz\u2019de kendi k\u0131tasahanl\u0131\u011f\u0131 i\u00e7erisindeki b\u00f6lgede sismik arama yapmak \u00fczere NAVTEX ilan\u0131 yapmas\u0131 \u00fczerine kopan g\u00fcr\u00fclt\u00fcn\u00fcn arka plan\u0131nda bu geli\u015fmeler oldu. Ayn\u0131 b\u00f6lge ve ayn\u0131 zaman dilimi i\u00e7in Yunanistan da NAVTEX ilan etti ve araya \u00f6nce Almanya sonra \u0130spanya girerek gerilimin d\u00fc\u015f\u00fcr\u00fclmesi denendi. Asl\u0131nda T\u00fcrkiye, 21 Temmuz-2 A\u011fustos 2020 tarihleriyle s\u0131n\u0131rlad\u0131\u011f\u0131 sismik arama \u00e7al\u0131\u015fmas\u0131n\u0131 yapaca\u011f\u0131 b\u00f6lgede daha \u00f6nce de sismik arama yapm\u0131\u015ft\u0131. Defalarca burada askeri tatbikat yapt\u0131. Baz\u0131lar\u0131na farkl\u0131 farkl\u0131 \u00fclkeler de e\u015flik etti. Dahas\u0131 bu noktan\u0131n daha g\u00fcneyinde sondaj yapt\u0131. BM\u2019ye kendi deniz yetki b\u00f6lgesi olarak deklare etti. Libya ile deniz s\u0131n\u0131rland\u0131rma anla\u015fmas\u0131 yapt\u0131, bu da BM\u2019ye deklare edildi. NAVTEX ilan\u0131nda da Sismik Ara\u015ft\u0131rma Destek Hizmeti veren Cengiz Han ve Ataman isimli iki geminin Oru\u00e7 Reis gemisine e\u015flik edece\u011fi belirtilmi\u015fti. Daha fazla gemi olamayacakt\u0131.<\/p>\n<p>Ancak bu seferinde Yunanistan b\u00fcy\u00fck g\u00fcr\u00fclt\u00fc \u00e7\u0131kard\u0131 ve T\u00fcrkiye\u2019nin t\u00fcm donanmas\u0131n\u0131 bu sahaya yollad\u0131\u011f\u0131n\u0131 iddia etti. T\u00fcrkiye\u2019nin yeni sismik arama karar\u0131n\u0131n bir anlam\u0131, rutin devlet uygulamas\u0131n\u0131 yinelemek ve b\u00f6lgenin kendine ait oldu\u011funu vurgulamakt\u0131. Yunanistan ise Libya\u2019n\u0131n TPAO\u2019ya sismik arama ve petrol-do\u011falgaz \u00e7\u0131karma yetkisi verdi\u011fi anla\u015fman\u0131n T\u00fcrk sondaj ve sismik arama gemilerini Girit\u2019in g\u00fcneyindeki \u201ctart\u0131\u015fmal\u0131\u201d alana getirece\u011fi endi\u015fesiyle feveran etti. Zira bahse konu b\u00f6lge i\u00e7in Yunanistan\u2019\u0131n bir deklarasyonu zaten yok. M\u0131s\u0131r\u2019la Antalya-Ka\u015f a\u00e7\u0131klar\u0131ndaki Meis adas\u0131ndan \u00e7izilmi\u015f bir payla\u015f\u0131m yapmad\u0131, yapacak olsa da T\u00fcrkiye\u2019nin kabul etmeyece\u011fi \u00e7ok a\u00e7\u0131k \u00e7\u00fcnk\u00fc T\u00fcrkiye\u2019nin Akdeniz sahilleri \u00f6n\u00fcnde uzanan bir alandan bahsediyoruz\u2026\u00a0 Dolay\u0131s\u0131yla iki taraf da diyaloga a\u00e7\u0131k oldu\u011funu s\u00f6yledi ve gerginlik taraflar\u0131n b\u00f6lgeye \u00e7\u0131kmay\u0131 diyalog aray\u0131\u015f\u0131 sonras\u0131na ertelemesi ile \u015fimdilik dindi. T\u00fcrkiye\u2019nin elinde uluslararas\u0131 mahkemenin ters tarafta kalan adalar i\u00e7in verdi\u011fi kararlardan olu\u015fan kal\u0131n bir dosya var; uluslararas\u0131 hukuk kurallar\u0131 ve team\u00fcl, adalara Yunanistan\u2019\u0131n g\u00f6nl\u00fcnden ge\u00e7en deniz alan\u0131n\u0131 tan\u0131m\u0131yor. Masada da Meis\u2019i s\u0131n\u0131rland\u0131rmada uzla\u015f\u0131 kar\u015f\u0131l\u0131\u011f\u0131nda Ege\u2019de i\u015fgal edilen adalar\u0131 Yunanistan\u2019a b\u0131rakacak bir T\u00fcrkiye yok. Dolay\u0131s\u0131yla orta yolun bulunmas\u0131 bir aydan uzun s\u00fcrer. Ya k\u0131sa s\u00fcrede ortam yeniden k\u0131z\u0131\u015f\u0131r ya K\u0131br\u0131s\u2019ta m\u00fczakere s\u00fcreci ba\u015flat\u0131larak T\u00fcrkiye ve Yunanistan\u2019\u0131n ortak konusu oldu\u011fu i\u00e7in K\u0131br\u0131sl\u0131 taraflar masada kald\u0131\u011f\u0131 m\u00fcddet\u00e7e Do\u011fu Akdeniz\u2019e kimse \u00e7\u0131kmaz ya da yepyeni bir form\u00fcl \u00fcretilir. K\u0131br\u0131s\u2019ta hi\u00e7bir \u015fey son zirvenin \u00e7\u00f6kt\u00fc\u011f\u00fc andakiyle ayn\u0131 de\u011fil. Federasyon temelli m\u00fczakere \u00e7ok u\u00e7 ihtimallere ba\u011fl\u0131. Temelin de\u011fi\u015fmesi ise yeni bir kriz anlam\u0131na gelir. Di\u011fer taraftan T\u00fcrkiye \u00fc\u00e7 sondaj iki sismik arama gemisi edindi, milli varl\u0131\u011f\u0131n\u0131 \u00e7\u00fcr\u00fctmek istemez. Bu \u00e7er\u00e7evede egemenlik iddialar\u0131n\u0131n ertelenerek ortak faydaland\u0131rmaya y\u00f6nelik kapsaml\u0131 bir anla\u015fman\u0131n yeni bir form\u00fcl olarak g\u00fcndeme gelmesi m\u00fcmk\u00fcnd\u00fcr. Ancak Ege\u2019de i\u015fgal edilen adalar ve adalar\u0131n silahland\u0131r\u0131lmas\u0131 konular\u0131 Do\u011fu Akdeniz\u2019de uzla\u015f\u0131 aray\u0131\u015f\u0131n\u0131n d\u0131\u015f\u0131nda tutulmazsa T\u00fcrkiye\u2019yi memnun etmeyecek sonu\u00e7lar\u0131n do\u011faca\u011f\u0131n\u0131 d\u00fc\u015f\u00fcnen hat\u0131r\u0131 say\u0131l\u0131r bir kesimin oldu\u011fu unutulmamal\u0131d\u0131r.<\/p>\n<p><strong>Bu makale ilk olarak D\u0130plomatic Observer dergisinin A\u011fustos 2020 tarihli 150. say\u0131s\u0131nda &#8220;<\/strong><strong>THE SEARCH FOR A SOLUTION TO THE EASTERN MEDITERRANEAN TENSION<\/strong><strong>&#8221; ba\u015fl\u0131\u011f\u0131yla yay\u0131nlanm\u0131\u015ft\u0131r.\u00a0<\/strong><\/p>\n<p>21. Y\u00fczy\u0131l T\u00fcrkiye Enstit\u00fcs\u00fc Balkan ve K\u0131br\u0131s Ara\u015ft\u0131rmalar\u0131 Merkezi Ba\u015fkan\u0131, Diplomatik G\u00f6zlem Edit\u00f6r\u00fc, <a href=\"mailto:gkyasin@gmail.com\">gkyasin@gmail.com<\/a><\/p>\n<p><a href=\"#_ftnref2\" name=\"_ftn2\">[1]<\/a> Detayl\u0131 analiz i\u00e7in bkz G\u00f6zde K\u0131l\u0131\u00e7 Ya\u015f\u0131n, 2020\u2019de Balkan Siyaseti ve Yeni Aray\u0131\u015flar, Diplomatik G\u00f6zlem, Ocak 2020<\/p>\n<p><a href=\"#_ftnref3\" name=\"_ftn3\">[2]<\/a> Akdeniz havzas\u0131ndaki \u00fclkelerle i\u015fbirli\u011finin geli\u015ftirilece\u011fi bu platformda Fransa liderli\u011fi \u00fcstlenmeyi planl\u0131yordu. Nitekim 13 Temmuz 2008\u2019de Paris\u2019te yap\u0131lan Avrupa-Akdeniz Devlet ve H\u00fck\u00fcmet Ba\u015fkanlar\u0131 Zirvesi ile \u201cAkdeniz i\u00e7in Birlik\u201d (Union for the Mediterranean) hayat buldu. Bu versiyonu t\u00fcm AB \u00fcyelerini kaps\u0131yordu.<\/p>\n<p><a href=\"#_ftnref4\" name=\"_ftn4\">[3]<\/a> Rum Politis gazetesi, 7 A\u011fustos 2006<\/p>\n<p><a href=\"#_ftnref5\" name=\"_ftn5\">[4]<\/a> Rum Haravgi gazetesi, 21 Temmuz 2020<\/p>\n<p><a href=\"#_ftnref6\" name=\"_ftn6\">[5]<\/a> 2 Apachie, 5 Black Hawk ve 5\u00a0 Sinuk tipi helikopter, 2 C-130 tipi nakliye u\u00e7a\u011f\u0131, 6 z\u0131rhl\u0131 personel ta\u015f\u0131y\u0131c\u0131 ara\u00e7.<\/p>\n<p><a href=\"#_ftnref7\" name=\"_ftn7\">[6]<\/a> Andreas Papandreu Askeri Hava \u00dcss\u00fc geri isteniyor\u00a0 <a href=\"https:\/\/www.kibrisgazetesi.com\/kibris\/andreas-papandreu-askeri-hava-ussu-geri-isteniyor-h25594.html\">https:\/\/www.kibrisgazetesi.com\/kibris\/andreas-papandreu-askeri-hava-ussu-geri-isteniyor-h25594.html<\/a>, Fileleftheros gazetesinden, 8 Eyl\u00fcl 2017<\/p>\n<p><a href=\"#_ftnref8\" name=\"_ftn8\">[7]<\/a> ABD \u00fcss\u00fc \u00f6nerisi Atina\u2019y\u0131 kar\u0131\u015ft\u0131rd\u0131, 13 Ekim 2010<\/p>\n","protected":false},"excerpt":{"rendered":"<p>Do\u011fu Akdeniz&#8217;de egemenlik iddialar\u0131n\u0131n ertelenerek ortak faydaland\u0131rmaya y\u00f6nelik kapsaml\u0131 bir anla\u015fman\u0131n yeni bir form\u00fcl olarak g\u00fcndeme gelmesi m\u00fcmk\u00fcn. Bu yeni dondurulmu\u015f anla\u015fmazl\u0131k yarat\u0131r ancak diplomasinin varaca\u011f\u0131 nihai nokta k\u00e2r payla\u015f\u0131m\u0131d\u0131r. <\/p>\n","protected":false},"author":28,"featured_media":5692,"comment_status":"open","ping_status":"open","sticky":false,"template":"","format":"standard","meta":{"_links_to":"","_links_to_target":""},"categories":[58,59,66,69],"tags":[73,1242,1499,45],"yoast_head":"<!-- This site is optimized with the Yoast SEO plugin v16.0.2 - https:\/\/yoast.com\/wordpress\/plugins\/seo\/ -->\n<title>Do\u011fu Akdeniz gerilimine \u00e7\u00f6z\u00fcm aray\u0131\u015f\u0131 - M\u0130SAK- Mill\u00ee Strateji Ara\u015ft\u0131rma Kurulu<\/title>\n<link rel=\"canonical\" href=\"https:\/\/millidusunce.com\/misak\/dogu-akdeniz-gerilimine-cozum-arayisi\/\" \/>\n<meta property=\"og:locale\" content=\"tr_TR\" \/>\n<meta property=\"og:type\" content=\"article\" \/>\n<meta property=\"og:title\" content=\"Do\u011fu Akdeniz gerilimine \u00e7\u00f6z\u00fcm aray\u0131\u015f\u0131 - M\u0130SAK- Mill\u00ee Strateji Ara\u015ft\u0131rma Kurulu\" \/>\n<meta property=\"og:description\" content=\"Do\u011fu Akdeniz&#039;de egemenlik iddialar\u0131n\u0131n ertelenerek ortak faydaland\u0131rmaya y\u00f6nelik kapsaml\u0131 bir anla\u015fman\u0131n yeni bir form\u00fcl olarak g\u00fcndeme gelmesi m\u00fcmk\u00fcn. Bu yeni dondurulmu\u015f anla\u015fmazl\u0131k yarat\u0131r ancak diplomasinin varaca\u011f\u0131 nihai nokta k\u00e2r payla\u015f\u0131m\u0131d\u0131r.\" \/>\n<meta property=\"og:url\" content=\"https:\/\/millidusunce.com\/misak\/dogu-akdeniz-gerilimine-cozum-arayisi\/\" \/>\n<meta property=\"og:site_name\" content=\"M\u0130SAK- Mill\u00ee Strateji Ara\u015ft\u0131rma Kurulu\" \/>\n<meta property=\"article:published_time\" content=\"2020-09-08T10:30:48+00:00\" \/>\n<meta property=\"article:modified_time\" content=\"2020-09-13T20:49:57+00:00\" \/>\n<meta property=\"og:image\" content=\"https:\/\/millidusunce.com\/misak\/wp-content\/uploads\/2019\/01\/Ucuk.jpg\" \/>\n\t<meta property=\"og:image:width\" content=\"597\" \/>\n\t<meta property=\"og:image:height\" content=\"304\" \/>\n<meta name=\"twitter:card\" content=\"summary_large_image\" \/>\n<meta name=\"twitter:label1\" content=\"Tahmini okuma s\u00fcresi\">\n\t<meta name=\"twitter:data1\" content=\"18 dakika\">\n<script type=\"application\/ld+json\" class=\"yoast-schema-graph\">{\"@context\":\"https:\/\/schema.org\",\"@graph\":[{\"@type\":\"Organization\",\"@id\":\"https:\/\/millidusunce.com\/misak\/#organization\",\"name\":\"Mill\\u00ee D\\u00fc\\u015f\\u00fcnce Merkezi\",\"url\":\"https:\/\/millidusunce.com\/misak\/\",\"sameAs\":[],\"logo\":{\"@type\":\"ImageObject\",\"@id\":\"https:\/\/millidusunce.com\/misak\/#logo\",\"inLanguage\":\"tr\",\"url\":\"https:\/\/millidusunce.com\/misak\/wp-content\/uploads\/2018\/09\/mdmLogo-yazisiz.jpg\",\"width\":422,\"height\":422,\"caption\":\"Mill\\u00ee D\\u00fc\\u015f\\u00fcnce Merkezi\"},\"image\":{\"@id\":\"https:\/\/millidusunce.com\/misak\/#logo\"}},{\"@type\":\"WebSite\",\"@id\":\"https:\/\/millidusunce.com\/misak\/#website\",\"url\":\"https:\/\/millidusunce.com\/misak\/\",\"name\":\"M\\u0130SAK- Mill\\u00ee Strateji Ara\\u015ft\\u0131rma Kurulu\",\"description\":\"D\\u00fcnyaya T\\u00fcrk\\u00e7\\u00fc Bak\\u0131\\u015f\",\"publisher\":{\"@id\":\"https:\/\/millidusunce.com\/misak\/#organization\"},\"potentialAction\":[{\"@type\":\"SearchAction\",\"target\":\"https:\/\/millidusunce.com\/misak\/?s={search_term_string}\",\"query-input\":\"required name=search_term_string\"}],\"inLanguage\":\"tr\"},{\"@type\":\"ImageObject\",\"@id\":\"https:\/\/millidusunce.com\/misak\/dogu-akdeniz-gerilimine-cozum-arayisi\/#primaryimage\",\"inLanguage\":\"tr\",\"url\":\"https:\/\/millidusunce.com\/misak\/wp-content\/uploads\/2019\/01\/Ucuk.jpg\",\"width\":597,\"height\":304},{\"@type\":\"WebPage\",\"@id\":\"https:\/\/millidusunce.com\/misak\/dogu-akdeniz-gerilimine-cozum-arayisi\/#webpage\",\"url\":\"https:\/\/millidusunce.com\/misak\/dogu-akdeniz-gerilimine-cozum-arayisi\/\",\"name\":\"Do\\u011fu Akdeniz gerilimine \\u00e7\\u00f6z\\u00fcm aray\\u0131\\u015f\\u0131 - M\\u0130SAK- Mill\\u00ee Strateji Ara\\u015ft\\u0131rma Kurulu\",\"isPartOf\":{\"@id\":\"https:\/\/millidusunce.com\/misak\/#website\"},\"primaryImageOfPage\":{\"@id\":\"https:\/\/millidusunce.com\/misak\/dogu-akdeniz-gerilimine-cozum-arayisi\/#primaryimage\"},\"datePublished\":\"2020-09-08T10:30:48+00:00\",\"dateModified\":\"2020-09-13T20:49:57+00:00\",\"breadcrumb\":{\"@id\":\"https:\/\/millidusunce.com\/misak\/dogu-akdeniz-gerilimine-cozum-arayisi\/#breadcrumb\"},\"inLanguage\":\"tr\",\"potentialAction\":[{\"@type\":\"ReadAction\",\"target\":[\"https:\/\/millidusunce.com\/misak\/dogu-akdeniz-gerilimine-cozum-arayisi\/\"]}]},{\"@type\":\"BreadcrumbList\",\"@id\":\"https:\/\/millidusunce.com\/misak\/dogu-akdeniz-gerilimine-cozum-arayisi\/#breadcrumb\",\"itemListElement\":[{\"@type\":\"ListItem\",\"position\":1,\"item\":{\"@type\":\"WebPage\",\"@id\":\"https:\/\/millidusunce.com\/misak\/\",\"url\":\"https:\/\/millidusunce.com\/misak\/\",\"name\":\"Anasayfa\"}},{\"@type\":\"ListItem\",\"position\":2,\"item\":{\"@type\":\"WebPage\",\"@id\":\"https:\/\/millidusunce.com\/misak\/dogu-akdeniz-gerilimine-cozum-arayisi\/\",\"url\":\"https:\/\/millidusunce.com\/misak\/dogu-akdeniz-gerilimine-cozum-arayisi\/\",\"name\":\"Do\\u011fu Akdeniz gerilimine \\u00e7\\u00f6z\\u00fcm aray\\u0131\\u015f\\u0131\"}}]},{\"@type\":\"Article\",\"@id\":\"https:\/\/millidusunce.com\/misak\/dogu-akdeniz-gerilimine-cozum-arayisi\/#article\",\"isPartOf\":{\"@id\":\"https:\/\/millidusunce.com\/misak\/dogu-akdeniz-gerilimine-cozum-arayisi\/#webpage\"},\"author\":{\"@id\":\"https:\/\/millidusunce.com\/misak\/#\/schema\/person\/7a324c04ae191baeeac34b2d02c76318\"},\"headline\":\"Do\\u011fu Akdeniz gerilimine \\u00e7\\u00f6z\\u00fcm aray\\u0131\\u015f\\u0131\",\"datePublished\":\"2020-09-08T10:30:48+00:00\",\"dateModified\":\"2020-09-13T20:49:57+00:00\",\"mainEntityOfPage\":{\"@id\":\"https:\/\/millidusunce.com\/misak\/dogu-akdeniz-gerilimine-cozum-arayisi\/#webpage\"},\"commentCount\":0,\"publisher\":{\"@id\":\"https:\/\/millidusunce.com\/misak\/#organization\"},\"image\":{\"@id\":\"https:\/\/millidusunce.com\/misak\/dogu-akdeniz-gerilimine-cozum-arayisi\/#primaryimage\"},\"keywords\":\"Akdeniz,MEB,Oru\\u00e7 Reis,Yunanistan\",\"articleSection\":\"AB,ABD,S\\u0130YASET-TAR\\u0130H,YAKIN-CO\\u011eRAFYA\",\"inLanguage\":\"tr\",\"potentialAction\":[{\"@type\":\"CommentAction\",\"name\":\"Comment\",\"target\":[\"https:\/\/millidusunce.com\/misak\/dogu-akdeniz-gerilimine-cozum-arayisi\/#respond\"]}]},{\"@type\":\"Person\",\"@id\":\"https:\/\/millidusunce.com\/misak\/#\/schema\/person\/7a324c04ae191baeeac34b2d02c76318\",\"name\":\"G\\u00f6zde K\\u0131l\\u0131\\u00e7 Ya\\u015f\\u0131n\",\"image\":{\"@type\":\"ImageObject\",\"@id\":\"https:\/\/millidusunce.com\/misak\/#personlogo\",\"inLanguage\":\"tr\",\"url\":\"https:\/\/secure.gravatar.com\/avatar\/6cff801c77e15eda463f52ff54c02e73?s=96&d=mm&r=g\",\"caption\":\"G\\u00f6zde K\\u0131l\\u0131\\u00e7 Ya\\u015f\\u0131n\"},\"description\":\"Yazar ve edit\\u00f6rlerimizden G\\u00f6zde K\\u0131l\\u0131\\u00e7 Ya\\u015f\\u0131n, Eski\\u015fehir\\u2019de do\\u011fmu\\u015ftur. Lisans e\\u011fitimini Ankara \\u00dcniversitesi Hukuk Fak\\u00fcltesi\\u2019nde, Y\\u00fcksek Lisans ve Doktora derecesini yine Ankara \\u00dcniversitesi Hukuk Fak\\u00fcltesi\\u2019nde Kamu Hukuku alan\\u0131nda tamamlam\\u0131\\u015ft\\u0131r. Uzmanl\\u0131k alan\\u0131; Balkanlar, K\\u0131br\\u0131s, Etnik Sorunlar, Soyk\\u0131r\\u0131m Hukuku, Az\\u0131nl\\u0131k Haklar\\u0131, G\\u00f6\\u00e7 ve \\u0130ltica, Teostrateji Kapsam\\u0131nda Ortodoksluk, Ortodoks D\\u00fcnya ve Patrikhaneler olan Ya\\u015f\\u0131n \\u0130ngilizce ve Almanca bilmektedir. Bug\\u00fcne Kadar \\u00e7al\\u0131\\u015ft\\u0131\\u011f\\u0131 Yerler: \\u2022 21. Y\\u00fczy\\u0131l T\\u00fcrkiye Enstit\\u00fcs\\u00fc (2010-2017) \\u2022 T\\u00dcRKSAM (2009-2010) \\u2022 TUSAM (2004-2009) \\u2022 T\\u00dcB\\u0130KAM \\u2022 BA\\u015eKENT TV (2007-2008) \\u2022 AVRASYA TV (ART) (2008-2011) \\u2022 Y\\u0130SAV (2002-2003) Yay\\u0131nlar \\u2013 Makaleler: \\u2022 New Kosovas of the World: A Cyprus in the Making?, United Nations Assosiation of Turkey Bultein, Nmber 17 \\u2013 Spring 2008 \\u2022 Neighboorliness Approach in Neighbor Countries: Expansionism, United Nations Assosiation of Turkey Bultein, Number 16 \\u2013 Auntumn 2007 \\u2022 The Srebrenica Decision: Th World Was Acquited, United Nations Assosiation of Turkey Bultein, Number 15 \\u2013 Spring 2007 \\u2022 An Era Ends in the Balkans, United Nations Assosiation of Turkey Bultein, Number 14 \\u2013 Auntumn 2006 \\u2022 Stability in the Balkans: UN\\u2019s Deficiency, United Nations Assosiation of Turkey Bultein, Number 12 \\u2013 Auntumn 2005 \\u2022 ICTY Problem in Balkans, United Nations Assosiation of Turkey Bultein, Number 12 \\u2013 Auntumn 2006 \\u2022 Patrikhane\\u2019nin Hukuk Stat\\u00fcs\\u00fc, Cumhuriyet Strateji, Say\\u0131 2, 2004 \\u2022 Bulgaristan\\u2019da El Kaide Tehdidi, Cumhuriyet Strateji, Say\\u0131 5, 26 Temmuz 2004 \\u2022 Kosova\\u2019n\\u0131n Ba\\u011f\\u0131ms\\u0131zl\\u0131\\u011f\\u0131n\\u0131n Etkileri, Parlamento Dergisi, Say\\u0131 246, Ocak-Mart 2008 (s\\u00f6yle\\u015fi) \\u2022 Medeniyetler \\u00c7at\\u0131\\u015f\\u0131rken Kiliseler, 2023 Dergisi, Say\\u0131 68, Aral\\u0131k 2006 \\u2022 Srebrinitsa Karar\\u0131: D\\u00fcnya Akland\\u0131, 2023 Dergisi, Say\\u0131 72, May\\u0131s 2007 \\u2022 Yeni Yunan Tragedyas\\u0131:Gagavuzlar, 2023 Dergisi, Say\\u0131 73, May\\u0131s 2007 \\u2022 KKTC\\u2019de \\u0130ktidar Zor Durumda: K\\u0131br\\u0131s T\\u00fcrkleri T\\u00fcrkiye\\u2019deki Se\\u00e7ime Kilitlendi, 2023 Dergisi, Say\\u0131 76, A\\u011fustos 2007 \\u2022 Yunan Milliyet\\u00e7ili\\u011finde \\u201cRum G\\u00f6l\\u00fc \\u2013 Karadeniz\\u201d ve \\u201cPontus Devleti\\u201d Hayalcili\\u011fi, 2023 Dergisi, Say\\u0131 76, A\\u011fustos 2007 \\u2022 K\\u0131br\\u0131s\\u2019ta Bir R\\u00fcya Sona m\\u0131 Eriyor?, 2023 Dergisi, Say\\u0131 96, Nisan 2009, \\u2022 Ulus Devletler k\\u00fcreselle\\u015fmenin Ya Hedefi Ya Orta\\u011f\\u0131, 2023 Dergisi, Say\\u0131 100, A\\u011fustos 2009 (s\\u00f6yle\\u015fi) \\u2022 Bat Trakya\\u2019da Bizans Oyunlar\\u0131: M\\u00fctekabiliyet ilkesi Ne Kadar Ger\\u00e7ek?, 2023 Dergisi, Say\\u0131 105, Ocak 2010 \\u2022 Uluslararas\\u0131 Adalet Divan\\u0131\\u2019n\\u0131n Kosova Karar\\u0131 ve Etkileri, 2023 Dergisi, Say\\u0131 112, A\\u011fustos 2010\"}]}<\/script>\n<!-- \/ Yoast SEO plugin. -->","_links":{"self":[{"href":"https:\/\/millidusunce.com\/misak\/wp-json\/wp\/v2\/posts\/11310"}],"collection":[{"href":"https:\/\/millidusunce.com\/misak\/wp-json\/wp\/v2\/posts"}],"about":[{"href":"https:\/\/millidusunce.com\/misak\/wp-json\/wp\/v2\/types\/post"}],"author":[{"embeddable":true,"href":"https:\/\/millidusunce.com\/misak\/wp-json\/wp\/v2\/users\/28"}],"replies":[{"embeddable":true,"href":"https:\/\/millidusunce.com\/misak\/wp-json\/wp\/v2\/comments?post=11310"}],"version-history":[{"count":7,"href":"https:\/\/millidusunce.com\/misak\/wp-json\/wp\/v2\/posts\/11310\/revisions"}],"predecessor-version":[{"id":11342,"href":"https:\/\/millidusunce.com\/misak\/wp-json\/wp\/v2\/posts\/11310\/revisions\/11342"}],"wp:featuredmedia":[{"embeddable":true,"href":"https:\/\/millidusunce.com\/misak\/wp-json\/wp\/v2\/media\/5692"}],"wp:attachment":[{"href":"https:\/\/millidusunce.com\/misak\/wp-json\/wp\/v2\/media?parent=11310"}],"wp:term":[{"taxonomy":"category","embeddable":true,"href":"https:\/\/millidusunce.com\/misak\/wp-json\/wp\/v2\/categories?post=11310"},{"taxonomy":"post_tag","embeddable":true,"href":"https:\/\/millidusunce.com\/misak\/wp-json\/wp\/v2\/tags?post=11310"}],"curies":[{"name":"wp","href":"https:\/\/api.w.org\/{rel}","templated":true}]}}