{"id":1133,"date":"2018-01-27T11:56:09","date_gmt":"2018-01-27T08:56:09","guid":{"rendered":"http:\/\/misak.millidusunce.com\/?p=1133"},"modified":"2018-03-10T11:56:48","modified_gmt":"2018-03-10T08:56:48","slug":"zeytin-dali-tamam-ya-sonrasi","status":"publish","type":"post","link":"https:\/\/millidusunce.com\/misak\/zeytin-dali-tamam-ya-sonrasi\/","title":{"rendered":"Zeytin Dal\u0131 tamam, ya sonras\u0131?"},"content":{"rendered":"<h2><img loading=\"lazy\" decoding=\"async\" class=\"size-medium wp-image-1135 aligncenter\" src=\"http:\/\/misak.millidusunce.com\/wp-content\/uploads\/2018\/01\/WhatsApp-Image-2018-01-26-at-13.15.54-270x300.jpeg\" alt=\"\" width=\"270\" height=\"300\" srcset=\"https:\/\/millidusunce.com\/misak\/wp-content\/uploads\/2018\/01\/WhatsApp-Image-2018-01-26-at-13.15.54-270x300.jpeg 270w, https:\/\/millidusunce.com\/misak\/wp-content\/uploads\/2018\/01\/WhatsApp-Image-2018-01-26-at-13.15.54-135x150.jpeg 135w, https:\/\/millidusunce.com\/misak\/wp-content\/uploads\/2018\/01\/WhatsApp-Image-2018-01-26-at-13.15.54.jpeg 605w\" sizes=\"auto, (max-width: 270px) 100vw, 270px\" \/><\/h2>\n<p>&nbsp;<\/p>\n<h2>T\u00fcrk Ordusu ve Harek\u00e2t<\/h2>\n<p>T\u00fcrk Ordusu muzafferdir. Mill\u00ee M\u00fccadelede ve Cumhuriyet d\u00f6neminde icra edilen asker\u00ee harek\u00e2tlar bunu ispatlar. Kore Sava\u015f\u0131 veya K\u0131br\u0131s Bar\u0131\u015f Harek\u00e2t\u0131nda do\u011frudan d\u0131\u015f g\u00fc\u00e7lerle s\u0131cak temas sa\u011fland\u0131. Buradaki T\u00fcrk kahramanl\u0131\u011f\u0131 ve ba\u015far\u0131s\u0131 yaln\u0131z T\u00fcrk yazarlarca de\u011fil, yabanc\u0131lar taraf\u0131ndan da ortaya konuldu. Ter\u00f6rle m\u00fccadele kapsam\u0131nda bak\u0131ld\u0131\u011f\u0131nda da gayr\u0131 nizami harp taktikleri uygulayan ter\u00f6r \u00f6rg\u00fctleri kar\u015f\u0131s\u0131nda d\u00fcnyada en ba\u015far\u0131l\u0131 operasyonlar\u0131 T\u00fcrk ordusunun yapt\u0131\u011f\u0131 yine uluslararas\u0131 kapsamda yay\u0131mlanan raporlardan bellidir.<\/p>\n<p>Son olarak F\u0131rat Kalkan\u0131 operasyonu, T\u00fcrk ordusunun yine klasik ba\u015far\u0131l\u0131 harek\u00e2tlar\u0131ndan birisi oldu. Bu son harek\u00e2ttaki ba\u015far\u0131n\u0131n kendine has bir \u00f6nemi vard\u0131r. \u00d6ncesinde uzun zaman \u00fczerinde psikolojik harp yap\u0131lan T\u00fcrk ordusu, 2007\u2019den itibaren kumpas davalar\u0131yla aktif bir \u015fekilde hedef al\u0131nm\u0131\u015f ve 2010\u2019dan itibaren de \u00fcst kademeleri b\u00fcy\u00fck \u00f6l\u00e7\u00fcde FET\u00d6 taraf\u0131ndan ele ge\u00e7irilmi\u015fti. Orduya b\u00fct\u00fcn\u00fcyle h\u00e2kim olduklar\u0131n\u0131 sananlar 2016\u2019da \u00fclkeyi de ele ge\u00e7irmeye kalk\u0131\u015fm\u0131\u015f, ancak \u00f6ncelikle \u015eanl\u0131 Ordumuzun tasfiye edilmi\u015f ve halen g\u00f6revde olan mensuplar\u0131n\u0131n direnciyle, sonra da halk\u0131n kat\u0131l\u0131m\u0131yla bu te\u015febb\u00fcsleri akim kalm\u0131\u015ft\u0131. F\u0131rat Kalkan\u0131, bu kadar uzun ve planl\u0131 bir \u015fekilde darbelere maruz kalm\u0131\u015f ordumuzun g\u00fcc\u00fcnden hi\u00e7bir \u015fey kaybetmedi\u011fini g\u00f6sterdi. Gelenekleri M.\u00d6. 209\u2019a kadar uzanan T\u00fcrk ordusunun ve o zamandan beri askerlik hamuruyla yo\u011frulmu\u015f olan T\u00fcrk Milletinin, kumpaslarla ve kalk\u0131\u015fmalarla zay\u0131flat\u0131labilece\u011fi zannedilse de bunlar\u0131n hayal oldu\u011fu anla\u015f\u0131ld\u0131.<\/p>\n<p>Bu asker\u00ee zaferlerin yan\u0131 s\u0131ra T\u00fcrk ordusu, gerek BM gerekse NATO \u00e7er\u00e7evesinde \u00fcstlendi\u011fi g\u00f6revlerde hem sevk ve organizasyon kapasitesi a\u00e7\u0131s\u0131ndan hem de bulundu\u011fu b\u00f6lgelerdeki halklarla ili\u015fkisi ve insani y\u00f6n\u00fc a\u00e7\u0131s\u0131ndan da yine yerli-yabanc\u0131 ara\u015ft\u0131rmalara konu oluyor. Di\u011fer bir deyi\u015fle, modern zamanlar\u0131n ara\u015ft\u0131rmac\u0131lar\u0131, T\u00fcrk ordusunun sadece kahramanl\u0131\u011f\u0131n\u0131 de\u011fil insani yakla\u015f\u0131mlar\u0131n\u0131 da tespit etti ve kayda ge\u00e7irdi. Bu tespitler, tarihten gelen \u00f6zelliklerin T\u00fcrk askerinin \u015fahs\u0131nda ortaya \u00e7\u0131kmas\u0131 sonucu yap\u0131labiliyor. Ge\u00e7ti\u011fi yolda dal\u0131ndan yedi\u011fi \u00fcz\u00fcm\u00fcn paras\u0131n\u0131 dala b\u0131rakan T\u00fcrk askerinin hik\u00e2yeleriyle b\u00fcy\u00fcyen T\u00fcrk \u00e7ocu\u011fu, \u00c7anakkale\u2019de vatan\u0131n\u0131 i\u015fgale gelen d\u00fc\u015fman kuvvetlerine dahi ahlaki bir davran\u0131\u015f g\u00f6sterdi ve bu ruh modern T\u00fcrk ordusunun da temelini olu\u015fturdu.<\/p>\n<p>Yukar\u0131dan beri sayd\u0131\u011f\u0131m\u0131z \u00f6rnekler ve silsile, bize Zeytin Dal\u0131 Harek\u00e2t\u0131n\u0131n asker\u00ee sonucunu \u015fimdiden s\u00f6yl\u00fcyor. Bu konuda tek bir T\u00fcrk ferdinin \u015f\u00fcphesi yoktur. T\u00fcrk insan\u0131, operasyonun ba\u015far\u0131s\u0131ndan \u015f\u00fcphe duymayaca\u011f\u0131 gibi operasyon s\u0131ras\u0131nda da askerinin insani yakla\u015f\u0131m\u0131ndan \u015f\u00fcphe etmeyecektir. Harek\u00e2t\u0131n asker\u00ee y\u00f6n\u00fcyle ilgili ilk tespitler olarak bunlar\u0131 kayda ge\u00e7irebiliriz.<\/p>\n<h2>Diplomasi<\/h2>\n<p>Zeytin Dal\u0131 Harek\u00e2t\u0131, t\u0131pk\u0131 K\u0131br\u0131s Bar\u0131\u015f Harek\u00e2t\u0131 ve F\u0131rat Kalkan\u0131 gibi uluslararas\u0131 kamuoyu giri\u015fimleri iyi haz\u0131rlanm\u0131\u015f bir \u015fekilde ba\u015flad\u0131. \u00d6ncelikle uzun zaman \u00e7e\u015fitli d\u00fczeylerden yap\u0131lan a\u00e7\u0131klamalarla Suriye\u2019nin kuzeyinde bir ter\u00f6r koridoru olu\u015fturulmak istendi\u011fi d\u00fcnyaya anlat\u0131ld\u0131. 2001\u2019den itibaren k\u00fcresel anlamda geli\u015fen \u201cter\u00f6re kar\u015f\u0131 sava\u015f\u201d olgusunun burada da uygulanmas\u0131 gerekti\u011fine d\u00fcnya kamuoyu \u015fimdilik ikna edildi.<\/p>\n<p>B\u00f6lgede do\u011frudan s\u00f6z s\u00f6yleyen ile kimin yan\u0131nda oldu\u011fu \u00e7ok da belli olmayan \u00fclkelerin operasyonun ba\u015flamas\u0131na kar\u015f\u0131 \u00e7\u0131kabilecek s\u00f6ylemlerine yer b\u0131rak\u0131lmad\u0131 ve dolay\u0131s\u0131yla diplomasi bu anlamda da i\u015fletildi. Harek\u00e2t ba\u015flad\u0131\u011f\u0131ndan beri de yetkililerin d\u0131\u015f bas\u0131na verdi\u011fi deme\u00e7lerle ve yabanc\u0131 mevkida\u015flar\u0131yla yapt\u0131klar\u0131 g\u00f6r\u00fc\u015fmelerle diplomasiyi devam ettirdikleri g\u00f6r\u00fcl\u00fcyor. Bilindi\u011fi gibi uluslararas\u0131 alanda sadece hakl\u0131 olmak de\u011fil, tezini do\u011fru anlatabilmek ve senin \u00e7\u0131karlar\u0131n\u0131n muhatab\u0131n\u0131n aya\u011f\u0131na basmad\u0131\u011f\u0131na muhatab\u0131n\u0131 ikna edebilmek \u00f6nemlidir. Bundan \u00f6nceki harek\u00e2tlar\u0131m\u0131zda bir s\u00fcre sonra ba\u015fat \u00fclkelerden gelen \u201cart\u0131k bu kadar yeter\u201d t\u00fcr\u00fc m\u0131r\u0131ldanmalar\u0131n i\u015f uzad\u0131k\u00e7a artt\u0131\u011f\u0131 ak\u0131ldan \u00e7\u0131kar\u0131lmamal\u0131 ve diplomatik teyakkuz s\u00fcrekli devam ettirilmelidir. Mill\u00ee M\u00fccadeleden \u00f6nceki iki y\u00fczy\u0131l\u0131m\u0131z\u0131 sahada kazan\u0131p masada kaybetmek olarak nitelendirdi\u011fimizi d\u00fc\u015f\u00fcnd\u00fc\u011f\u00fcm\u00fczde, diplomatik s\u00fcreklili\u011fin \u00f6nemi kendili\u011finden ortaya \u00e7\u0131kar.<\/p>\n<h2>Harek\u00e2t Sonras\u0131?<\/h2>\n<p>T\u00fcrkiye\u2019nin Suriye politikas\u0131nda toprak b\u00fct\u00fcnl\u00fc\u011f\u00fc vurgusunu daha g\u00fcr ve s\u0131k yapmas\u0131 gerekti\u011fini <a href=\"http:\/\/misak.millidusunce.com\/buyuk-ortadogu-projesi-ve-bugun\/\">ifade etmi\u015ftik<\/a>. Bu \u00e7er\u00e7evede harek\u00e2t\u0131n ba\u015flang\u0131c\u0131ndan itibaren bu vurgunun her deme\u00e7 ve toplant\u0131da yap\u0131lmaya ba\u015flanmas\u0131 sevindiricidir. Bu toprak b\u00fct\u00fcnl\u00fc\u011f\u00fc vurgusu, h\u00fck\u00fcmetimiz taraf\u0131ndan sadece harek\u00e2t\u0131 me\u015frula\u015ft\u0131r\u0131c\u0131 bir unsur olarak g\u00f6r\u00fclmemeli, i\u015fin temelinin toprak b\u00fct\u00fcnl\u00fc\u011f\u00fc oldu\u011fu tespit edilmelidir. \u00c7\u00fcnk\u00fc emperyalist g\u00fc\u00e7ler taraf\u0131ndan Suriye ve Irak\u2019\u0131n toprak b\u00fct\u00fcnl\u00fcklerinin bozulmas\u0131 veya yok edilmesi orta vadede T\u00fcrkiye i\u00e7in de ayn\u0131 tehlikeyi beraberinde getirecektir. Dolay\u0131s\u0131yla Suriye\u2019nin toprak b\u00fct\u00fcnl\u00fc\u011f\u00fcn\u00fc savunmak ayn\u0131 zamanda kendi \u00fclkemizi de emniyet alt\u0131na almak demektir.<\/p>\n<p>Bu tespitlerden sonra ABD ve Rusya\u2019n\u0131n \u00e7e\u015fitli giri\u015fimleri de g\u00f6z \u00f6n\u00fcne al\u0131nd\u0131\u011f\u0131nda nas\u0131l bir toprak b\u00fct\u00fcnl\u00fc\u011f\u00fc sorusu ortaya \u00e7\u0131kmaktad\u0131r. Bat\u0131 mahfillerinde uzun zamand\u0131r b\u00f6lge \u00fclkelerini par\u00e7alama y\u00f6n\u00fcnde teoriler \u00fcretildi\u011fi, bu konuda bir \u0130srailli taraf\u0131ndan 1982\u2019de yaz\u0131lan makalede Suriye\u2019nin d\u00f6rt par\u00e7aya, Irak\u2019\u0131n da \u00fc\u00e7 par\u00e7aya b\u00f6l\u00fcnmesi gerekti\u011finin savunuldu\u011fu \u00dcmit \u00d6zda\u011f taraf\u0131ndan tespit <a href=\"http:\/\/www.21yyte.org\/tr\/arastirma\/orta-dogu-ve-afrika-arastirmalari-merkezi\/2016\/01\/11\/8382\/orta-doguda-jeopolitik-donusum-ve-turkiye-icin-olusturdugu-tehdit\">edilmi\u015fti<\/a>. Nitekim Birinci K\u00f6rfez Sava\u015f\u0131n\u0131n ba\u015flad\u0131\u011f\u0131 1991\u2019den bu yana Irak\u2019\u0131n \u00fc\u00e7e par\u00e7alanma s\u00fcreci ilerletildi. Bu tehlike ancak 2017 sonunda T\u00fcrkiye-Irak ve \u0130ran\u2019\u0131n birlikte hareket etmesiyle bir miktar geriletilebildi. Irak\u2019ta gidi\u015fat tersine d\u00f6nm\u00fc\u015f g\u00f6r\u00fcnmesine ra\u011fmen h\u00e2l\u00e2 par\u00e7al\u0131 yap\u0131 ve b\u00f6l\u00fcnme tehlikesi devam ediyor.<\/p>\n<p>Plan\u0131n Suriye boyutu ise 2011\u2019de s\u00f6zde Arap Bahar\u0131n\u0131n bu \u00fclkeye s\u0131\u00e7ramas\u0131yla ba\u015flad\u0131. Bu krizde uzun m\u00fcddet yanl\u0131\u015f politikalar izleyen h\u00fck\u00fcmet, nihayet olu\u015fmakta olan ter\u00f6r koridorunu g\u00f6rerek yeni politikalar geli\u015ftirmek zorunda kald\u0131. Ancak, h\u00e2l\u00e2 eski politikalar\u0131n izd\u00fc\u015f\u00fcm\u00fcn\u00fcn zaman zaman g\u00fcn\u00fcm\u00fcze yans\u0131d\u0131\u011f\u0131 fark ediliyor. Bu sebeple askerin harek\u00e2t plan\u0131 ve sonucundan \u015f\u00fcphemiz olmamas\u0131na ra\u011fmen, h\u00fck\u00fcmetin oyun plan\u0131 ve nihai hedefi T\u00fcrk halk\u0131 taraf\u0131ndan hen\u00fcz tam olarak anla\u015f\u0131lamamaktad\u0131r.<\/p>\n<h2>Federasyon Dayatmas\u0131 Tehlikesi<\/h2>\n<p>Kumpas davalar\u0131, s\u00f6zde \u00e7\u00f6z\u00fcm ve a\u00e7\u0131l\u0131m s\u00fcre\u00e7leri gibi merhalelerden buraya geldi\u011fimize g\u00f6re kafam\u0131zda baz\u0131 soru i\u015faretleri olu\u015fmas\u0131 normal. Zeytin Dal\u0131 Harek\u00e2t\u0131ndan sonra h\u00fck\u00fcmetimiz nas\u0131l bir toprak b\u00fct\u00fcnl\u00fc\u011f\u00fcn\u00fc savunacak? Bu konuda ABD\u2019nin a\u00e7\u0131k\u00e7a Suriye\u2019yi b\u00f6lme giri\u015fiminde oldu\u011funu g\u00f6r\u00fcyoruz. Rusya ise ad\u0131 de\u011fi\u015fip Suriye Ulusal Diyalog Kongresi h\u00e2lini alan bir kongre toplama \u0131srar ve giri\u015fimiyle, Suriye\u2019de etnik temelli bir federasyona do\u011fru gidi\u015fe g\u00f6z k\u0131rpar g\u00f6r\u00fcn\u00fcyor.<\/p>\n<p>Suriye geli\u015fmelerini son birka\u00e7 y\u0131ld\u0131r i\u00e7 geli\u015fmelerle birlikte de\u011ferlendirmek do\u011fru olacakt\u0131r. Bilindi\u011fi gibi 2013\u2019te ba\u015flayan s\u00f6zde a\u00e7\u0131l\u0131m s\u00fcreciyle ter\u00f6r \u00f6rg\u00fct\u00fcne bir\u00e7ok taviz verilmi\u015f, bu tavizleri iyi kullanan ter\u00f6r \u00f6rg\u00fct\u00fc kendisine kurtar\u0131lm\u0131\u015f alanlar in\u015fa etmi\u015f ve buralarda ciddi tahkimat yapm\u0131\u015ft\u0131. 2015\u2019e kadar devam eden bu s\u00fcre\u00e7te \u201cortak vatan\u201d slogan\u0131yla \u00fclkenin \u00fcniter yap\u0131s\u0131ndan vazge\u00e7ilebilece\u011fi, bunun sonucunda etnik temelli yeni bir idari yap\u0131lanmaya gidilebilece\u011fi tezleri h\u00fck\u00fcmet \u00fcyeleri ve s\u00fcreci y\u00fcr\u00fctenler taraf\u0131ndan s\u0131k s\u0131k dile getirilmi\u015fti.<\/p>\n<p>Zeytin Dal\u0131 Harek\u00e2t\u0131n\u0131n ba\u015flamas\u0131yla birlikte ABD\u2019nin g\u00fcvenli b\u00f6lge teklifi, acaba ABD\u2019nin kafas\u0131ndaki b\u00f6lme plan\u0131 ne a\u015famaya do\u011fru geli\u015fti sorusunu sorduruyor. Bu konuda <a href=\"http:\/\/misak.millidusunce.com\/afrin-zeytin-dali-harekatina-nasil-gelindi\/\">Hakan Paksoy<\/a>, <a href=\"http:\/\/misak.millidusunce.com\/afrin-teror-koridoru-ve-turkiyenin-butunlugu\/\">Sadi Somuncuo\u011flu<\/a> ve <a href=\"http:\/\/www.yenicaggazetesi.com.tr\/johnson-mektubu-kadar-agir-46005yy.htm\">Cahit Arma\u011fan Dilek<\/a> dikkate al\u0131nmas\u0131 gereken \u015f\u00fcpheleri seslendirmektedir. Bu g\u00fcvenli b\u00f6lge teklifinin Suriye\u2019yi etnik ve din\u00ee temelli bir federasyona g\u00f6t\u00fcrmesi tehlikesine her \u00fc\u00e7 yaz\u0131da da i\u015faret ediliyor. B\u00f6yle bir geli\u015fmeye onay vermek F\u0131rat\u2019\u0131n do\u011fusundaki ter\u00f6r yap\u0131lanmas\u0131na da g\u00f6z yummak anlam\u0131na gelir.<\/p>\n<p>S\u00f6z konusu planlara bak\u0131ld\u0131\u011f\u0131nda sahada birbirine kar\u015f\u0131 konumlanan ABD ve Rusya\u2019n\u0131n Suriye\u2019nin gelece\u011finin etnik ve din\u00ee temelli bir federasyon \u00e7er\u00e7evesinde \u015fekillenmesi y\u00f6n\u00fcnde iradelerinin oldu\u011fu izlenimi uyan\u0131yor. \u00d6nce Irak\u2019ta denenmi\u015f olan bu s\u00fcrecin s\u00fcper g\u00fc\u00e7ler taraf\u0131ndan Suriye\u2019ye de yans\u0131t\u0131lma tehlikesi g\u00f6z ard\u0131 edilemez.<\/p>\n<h2>D\u00fcnyada Federasyonlar<\/h2>\n<p>D\u00fcnyadaki etnik ve din\u00ee temelli federasyonlara bakt\u0131\u011f\u0131m\u0131zda bunlar\u0131n \u00fclkeleri par\u00e7alanma s\u00fcrecine g\u00f6t\u00fcrece\u011fi a\u015fik\u00e2rd\u0131r. Bunun i\u00e7in Avrupa\u2019dan, ayr\u0131\u015fm\u0131\u015f Yugoslavya ve \u00c7ekoslovakya ile s\u0131k s\u0131k ayr\u0131lma tart\u0131\u015fmalar\u0131n\u0131n ya\u015fand\u0131\u011f\u0131 Bel\u00e7ika \u00e7ok \u00f6nemli \u00f6rneklerdir. D\u00fcnyada ABD ve Almanya gibi ba\u015far\u0131l\u0131 federasyonlarda eyaletlerin etnik temelde \u015fekillenmedi\u011fi g\u00f6r\u00fcl\u00fcr. Bu \u00fclkelerde eyaletler, d\u0131\u015ftan dayatmayla ve etnik temelde de\u011fil, tarih\u00ee bir geli\u015fim s\u00fcreci i\u00e7erisinde tabii olarak olu\u015ftular. \u00dcstelik her iki \u00fclkede de merkez\u00ee h\u00fck\u00fcmet g\u00fcc\u00fcn\u00fc giderek eyaletler aleyhine <a href=\"http:\/\/www.21yyte.org\/tr\/arastirma\/amerika-arastirmalari-merkezi\/2015\/06\/04\/8203\/amerikan-ulus-devleti\">artt\u0131r\u0131yor<\/a>. Yani geli\u015fmi\u015f \u00fclkeler, daha federatif bir yap\u0131dan daha merkeziyet\u00e7i bir yap\u0131ya do\u011fru y\u00f6neliyor. Hal b\u00f6yle iken Suriye ve Irak\u2019a d\u0131\u015far\u0131dan etnik temelli federal b\u00f6lgeler dayatmak, orta vadede bu iki \u00fclkenin par\u00e7alanmas\u0131na zemin haz\u0131rlamak demektir. Bu iki \u00fclkenin \u0130srailli yazar\u0131n \u00f6ng\u00f6rd\u00fc\u011f\u00fc \u00fczere toplam yedi par\u00e7aya ayr\u0131lmas\u0131 ise uzun vadede \u00fclkemizin ba\u015f\u0131n\u0131 a\u011fr\u0131tacak bir s\u00fcre\u00e7 olacakt\u0131r. H\u00fck\u00fcmetin 2013-2015 aras\u0131 benzer bir federasyon s\u00fcrecini \u00fclkemiz i\u00e7in de d\u00fc\u015f\u00fcnd\u00fc\u011f\u00fc g\u00f6z \u00f6n\u00fcne al\u0131nd\u0131\u011f\u0131nda b\u00f6yle bir tehlikenin varl\u0131\u011f\u0131 g\u00f6z ard\u0131 edilemez.<\/p>\n<p>Sonu\u00e7 olarak, Zeytin Dal\u0131 Harek\u00e2t\u0131 ba\u015far\u0131ya ula\u015ft\u0131ktan sonra Suriye\u2019nin gelece\u011fi ile ilgili konularda uyan\u0131k ve dikkatli olma mecburiyeti vard\u0131r. Toprak b\u00fct\u00fcnl\u00fc\u011f\u00fc savunuldu\u011fu gibi, s\u00f6zde toprak b\u00fct\u00fcnl\u00fc\u011f\u00fc anlam\u0131na gelecek olan federasyon ve benzeri dayatmalara kar\u015f\u0131 da tav\u0131r al\u0131nmal\u0131d\u0131r. \u00dclkemiz i\u00e7in oldu\u011fu gibi Suriye i\u00e7in de \u00fcniter yap\u0131 \u00e7er\u00e7evesinde bir \u00e7\u00f6z\u00fcm seslendirilmelidir. T\u00fcrkiye\u2019nin \u00e7\u0131karlar\u0131 bu \u00e7\u00f6z\u00fcmdedir.<\/p>\n<p>&nbsp;<\/p>\n","protected":false},"excerpt":{"rendered":"<p>T\u00fcrkiye beka sorununu halletmek i\u00e7in Zeytin Dal\u0131 Operasyonuna ba\u015flad\u0131. Bu yeni hamle ile Suriye&#8217;deki durum ne olacak? S\u00fcper g\u00fc\u00e7ler Suriye&#8217;nin toprak b\u00fct\u00fcnl\u00fc\u011f\u00fcne sayg\u0131 g\u00f6sterecek mi? G\u00f6sterecekse nas\u0131l bir toprak b\u00fct\u00fcnl\u00fc\u011f\u00fc diyecekler? <\/p>\n","protected":false},"author":9,"featured_media":1135,"comment_status":"open","ping_status":"open","sticky":false,"template":"","format":"standard","meta":{"_ef_editorial_meta_date_first-draft-date":"","_ef_editorial_meta_paragraph_assignment":"","footnotes":"","_links_to":"","_links_to_target":""},"categories":[2,66,69],"tags":[],"coauthors":[10],"class_list":["post-1133","post","type-post","status-publish","format-standard","has-post-thumbnail","hentry","category-genel","category-siyaset-tarih","category-yakin-cografya"],"_links":{"self":[{"href":"https:\/\/millidusunce.com\/misak\/wp-json\/wp\/v2\/posts\/1133","targetHints":{"allow":["GET"]}}],"collection":[{"href":"https:\/\/millidusunce.com\/misak\/wp-json\/wp\/v2\/posts"}],"about":[{"href":"https:\/\/millidusunce.com\/misak\/wp-json\/wp\/v2\/types\/post"}],"author":[{"embeddable":true,"href":"https:\/\/millidusunce.com\/misak\/wp-json\/wp\/v2\/users\/9"}],"replies":[{"embeddable":true,"href":"https:\/\/millidusunce.com\/misak\/wp-json\/wp\/v2\/comments?post=1133"}],"version-history":[{"count":0,"href":"https:\/\/millidusunce.com\/misak\/wp-json\/wp\/v2\/posts\/1133\/revisions"}],"wp:featuredmedia":[{"embeddable":true,"href":"https:\/\/millidusunce.com\/misak\/wp-json\/wp\/v2\/media\/1135"}],"wp:attachment":[{"href":"https:\/\/millidusunce.com\/misak\/wp-json\/wp\/v2\/media?parent=1133"}],"wp:term":[{"taxonomy":"category","embeddable":true,"href":"https:\/\/millidusunce.com\/misak\/wp-json\/wp\/v2\/categories?post=1133"},{"taxonomy":"post_tag","embeddable":true,"href":"https:\/\/millidusunce.com\/misak\/wp-json\/wp\/v2\/tags?post=1133"},{"taxonomy":"author","embeddable":true,"href":"https:\/\/millidusunce.com\/misak\/wp-json\/wp\/v2\/coauthors?post=1133"}],"curies":[{"name":"wp","href":"https:\/\/api.w.org\/{rel}","templated":true}]}}