{"id":1180,"date":"2018-02-01T17:00:11","date_gmt":"2018-02-01T14:00:11","guid":{"rendered":"http:\/\/misak.millidusunce.com\/?p=1180"},"modified":"2018-03-10T11:58:43","modified_gmt":"2018-03-10T08:58:43","slug":"afrin-harekatina-tepkiler","status":"publish","type":"post","link":"https:\/\/millidusunce.com\/misak\/afrin-harekatina-tepkiler\/","title":{"rendered":"Afrin Harek\u00e2t\u0131na Tepkiler"},"content":{"rendered":"<div id=\"attachment_1184\" style=\"width: 1002px\" class=\"wp-caption alignnone\"><img aria-describedby=\"caption-attachment-1184\" loading=\"lazy\" class=\"wp-image-1184 size-full\" src=\"http:\/\/misak.millidusunce.com\/wp-content\/uploads\/2018\/02\/MacronSarkisyanaErmenilereDestekSozuVerdi.jpg\" alt=\"23 Ocak 2018, Macron ve Sarkisyan Elize saray\u0131nda, Macron Ermenilere destek s\u00f6z\u00fc veriyor. \" width=\"992\" height=\"530\" srcset=\"https:\/\/millidusunce.com\/misak\/wp-content\/uploads\/2018\/02\/MacronSarkisyanaErmenilereDestekSozuVerdi.jpg 992w, https:\/\/millidusunce.com\/misak\/wp-content\/uploads\/2018\/02\/MacronSarkisyanaErmenilereDestekSozuVerdi-150x80.jpg 150w, https:\/\/millidusunce.com\/misak\/wp-content\/uploads\/2018\/02\/MacronSarkisyanaErmenilereDestekSozuVerdi-300x160.jpg 300w, https:\/\/millidusunce.com\/misak\/wp-content\/uploads\/2018\/02\/MacronSarkisyanaErmenilereDestekSozuVerdi-768x410.jpg 768w\" sizes=\"(max-width: 992px) 100vw, 992px\" \/><p id=\"caption-attachment-1184\" class=\"wp-caption-text\">23 Ocak 2018, Macron ve Sarkisyan Elize saray\u0131nda, Macron Ermenilere destek s\u00f6z\u00fc veriyor.<\/p><\/div>\n<h3>Fransa 1920\u2019deki gibi Ermeni\u2019leri kullan\u0131p Suriye ve T\u00fcrkiye\u2019ye y\u00f6neliyor. Araplar aleyhte<\/h3>\n<p>ABD&#8217;nin Suriye&#8217;nin kuzeyinde s\u0131n\u0131r g\u00fcvenlik g\u00fcc\u00fc\u00a0olu\u015fturaca\u011f\u0131n\u0131 a\u00e7\u0131klamas\u0131 \u00fczerine Cumhurba\u015fkan\u0131 Erdo\u011fan\u00a0T\u00fcrkiye&#8217;nin\u00a0Afrin&#8217;e m\u00fcdahale edece\u011fini s\u00f6ylemi\u015f, 20 Ocak&#8217;ta\u00a0<strong>Zeytin Dal\u0131<\/strong> operasyonu (sava\u015f de\u011fil) ba\u015flam\u0131\u015f, baz\u0131 tepkiler gelse de kamuoyunda operasyon konusunda tam bir dayan\u0131\u015fma olu\u015fmu\u015ftur.<\/p>\n<p>HDP Milletvekili <strong>Garo Paylan<\/strong> ise Artsakhpress.am\u2019 de yer alan demecinde operasyona kar\u015f\u0131 oldu\u011funu a\u00e7\u0131klam\u0131\u015ft\u0131r.<strong> <a href=\"#_ftn1\" name=\"_ftnref1\">[1]<\/a><\/strong><\/p>\n<p><img loading=\"lazy\" class=\"size-full wp-image-1183 aligncenter\" src=\"http:\/\/misak.millidusunce.com\/wp-content\/uploads\/2018\/02\/GaroPaylanAfrinTwiti.gif\" alt=\"\" width=\"275\" height=\"130\" \/><\/p>\n<p>Garo Paylan Ermeni k\u00f6kenli T\u00fcrk vatanda\u015f\u0131d\u0131r. Fransa&#8217;da Ermeni diasporas\u0131n\u0131n \u00e7at\u0131 \u00f6rg\u00fctlenmesi olan Ermeni \u00d6rg\u00fctleri Koordinasyon Konseyi&#8217;nin (Conseil de Coordination des organisations Arm\u00e9niennes de France: CCAF) <strong>30 Ocak<\/strong>\u2019ta d\u00fczenlenen yeme\u011fine kat\u0131lan Fransa Cumhurba\u015fkan\u0131 <strong>Emmanuel Macron<\/strong>, Paylan gibi insan haklar\u0131 savunucular\u0131n\u0131n desteklenmesi\u00a0gerekti\u011fini s\u00f6ylemi\u015ftir.<\/p>\n<p>Yemekte Paylan&#8217;a Paris B\u00fcy\u00fck\u015fehir Belediyesi taraf\u0131ndan <strong>Vermeil Madalyas\u0131 <\/strong>(la m\u00e9daille Grand\u00a0<em>Vermeil<\/em>) verilmi\u015ftir. Daha \u00f6nce bu madalyay\u0131 kapat\u0131lan DEP milletvekillerinden\u00a0<strong>Leyla Zana<\/strong>\u00a0T\u00fcrk-K\u00fcrt karde\u015fli\u011fi i\u00e7in sab\u0131rl\u0131 m\u00fccadelesinden dolay\u0131 2004 y\u0131l\u0131nda alm\u0131\u015ft\u0131.<\/p>\n<p><strong>\u00a0<img loading=\"lazy\" class=\"aligncenter wp-image-1181 size-full\" src=\"http:\/\/misak.millidusunce.com\/wp-content\/uploads\/2018\/02\/GarpPaylanAfrinMacron.jpg\" alt=\"Garo Paylan'a T\u00fcrkiye'ye ve Afrin'e aletyhtar Frans\u0131z Ermeni \u00f6d\u00fcl\u00fc\" width=\"689\" height=\"517\" srcset=\"https:\/\/millidusunce.com\/misak\/wp-content\/uploads\/2018\/02\/GarpPaylanAfrinMacron.jpg 689w, https:\/\/millidusunce.com\/misak\/wp-content\/uploads\/2018\/02\/GarpPaylanAfrinMacron-150x113.jpg 150w, https:\/\/millidusunce.com\/misak\/wp-content\/uploads\/2018\/02\/GarpPaylanAfrinMacron-300x225.jpg 300w\" sizes=\"(max-width: 689px) 100vw, 689px\" \/><\/strong><\/p>\n<p><strong>Macron, T\u00fcrkiye&#8217;nin Afrin&#8217;e y\u00f6nelik Zeytin Dal\u0131 Harekat\u0131&#8217;n\u0131n Suriye&#8217;nin kuzeyinde bir i\u015fgale d\u00f6n\u00fc\u015fmemesi gerekti\u011fini s\u00f6ylemi\u015ftir. <\/strong>Le Figaro gazetesine konu\u015fan Macron, <em>&#8220;Operasyonlar ter\u00f6rle m\u00fccadele ile s\u0131n\u0131rl\u0131 kalmal\u0131, E\u011fer bu operasyon ter\u00f6ristlere kar\u015f\u0131 m\u00fccadeleden \u00e7\u0131k\u0131p bir i\u015fgal operasyonuna d\u00f6n\u00fc\u015f\u00fcrse bizim i\u00e7in b\u00fcy\u00fck bir sorun haline gelir&#8221;<\/em> demi\u015ftir. <strong>Fransa, I\u015e\u0130D ile m\u00fccadele kapsam\u0131nda YPG&#8217;ye silah yard\u0131m\u0131 yapan \u00fclkeler aras\u0131ndad\u0131r.<\/strong><\/p>\n<p><strong>\u00a0<\/strong>Fransa Cumhurba\u015fkan\u0131 <strong>30 Ocak<\/strong>\u2019taki yemekte, s\u00f6zde Ermeni soyk\u0131r\u0131m\u0131n\u0131n tan\u0131nmas\u0131 m\u00fccadelesinin ayn\u0131 zamanda soyk\u0131r\u0131m\u0131n ink\u00e2r\u0131yla m\u00fccadeleden de ge\u00e7ti\u011fini belirtip, Frans\u0131z Parlamentosu\u2019nun \u00f6n\u00fcm\u00fczdeki aylarda bu konuyu yeniden g\u00fcndemine almas\u0131n\u0131n \u00e7ok \u00f6nemli\u00a0oldu\u011funu s\u00f6ylemi\u015ftir. San\u0131r\u0131m Cumhurba\u015fkan\u0131 Erdo\u011fan Fransa\u2019n\u0131n bu tutumuna bir cevap verecektir. En az\u0131ndan benim umudum bu y\u00f6ndedir. \u00c7\u00fcnk\u00fc kendileri Fransa Cumhurba\u015fkan\u0131 ile yak\u0131n bir tarihte g\u00f6r\u00fc\u015fm\u00fc\u015ft\u00fcr.<\/p>\n<p><em>Bilindi\u011fi gibi Frans\u0131z Parlamentosu taraf\u0131ndan 2011 y\u0131l\u0131nda kabul edilen s\u00f6zde Ermeni soyk\u0131r\u0131m\u0131n\u0131 ink\u00e2r\u0131n cezaland\u0131r\u0131lmas\u0131na y\u00f6nelik yasa, ifade \u00f6zg\u00fcrl\u00fc\u011f\u00fc ilkesine ayk\u0131r\u0131 oldu\u011fu gerek\u00e7esiyle \u015eubat 2012&#8217;de Frans\u0131z Anayasa Konseyi taraf\u0131ndan iptal edilmi\u015fti.<\/em><\/p>\n<p>Paylan, Los Angeles Ba\u015fkonsolosumuz <em>Mehmet Baydar<\/em> ve yard\u0131mc\u0131s\u0131 Bahad\u0131r Demir\u2019in Ermeni ter\u00f6r \u00f6rg\u00fct\u00fc ASALA taraf\u0131ndan katledili\u015finin (27 Ocak 1973) 45\u2019nci ve 9 y\u0131l sonra (28 Ocak 1982) yine Los Angeles Ba\u015fkonsolosumuz <em>Kemal Ar\u0131kan<\/em>\u2019\u0131n katledili\u015finin 36\u2019nc\u0131 y\u0131l\u0131nda neden <em>\u201cno to massacre of Turkish diplomats, do not part of that crime\u201d<\/em> deme cesaretini g\u00f6steremiyor? Ermeni ter\u00f6r \u00f6rg\u00fct\u00fc ASALA\u2019n\u0131n T\u00fcrk diplomatlar\u0131na y\u00f6nelik cinayetlerini TBMM Ba\u015fkan\u0131 neden kendisine sormuyor, anlam\u0131\u015f de\u011filim.<strong><br \/>\n<\/strong><br \/>\nT\u00fcrkiye\u2019nin\u00a020 Ocak\u2019ta Afrin\u2019e ba\u015flatt\u0131\u011f\u0131 harek\u00e2t\u0131n be\u015finci g\u00fcn\u00fcnde, 170 imzal\u0131 Afrin\u2019e y\u00f6nelik sald\u0131r\u0131lar\u0131n durdurulmas\u0131n\u0131 talep eden bir mektup yay\u0131nlanm\u0131\u015ft\u0131r. \u0130mza atanlar aras\u0131nda,\u00a0Eski\u015fehir eski milletvekili, yakinen tan\u0131d\u0131\u011f\u0131m TBMM 1991-1995 D\u00f6nem Ba\u015fkan\u0131 <strong>H\u00fcsamettin Cindoruk<\/strong>\u2019un ad\u0131 da yer al\u0131nca kendisi bildiriyi g\u00f6rmedi\u011fini ve metnin i\u00e7eri\u011fi ile de mutab\u0131k olmad\u0131\u011f\u0131n\u0131 a\u00e7\u0131klam\u0131\u015f, bu konuda bir de tekzip yay\u0131nlam\u0131\u015ft\u0131r.<\/p>\n<p><img loading=\"lazy\" class=\"aligncenter wp-image-1182 size-full\" src=\"http:\/\/misak.millidusunce.com\/wp-content\/uploads\/2018\/02\/CindorukTekzip.jpg\" alt=\"H\u00fcsamettin Cindoruk Afrin tekzibi\" width=\"242\" height=\"320\" srcset=\"https:\/\/millidusunce.com\/misak\/wp-content\/uploads\/2018\/02\/CindorukTekzip.jpg 242w, https:\/\/millidusunce.com\/misak\/wp-content\/uploads\/2018\/02\/CindorukTekzip-113x150.jpg 113w, https:\/\/millidusunce.com\/misak\/wp-content\/uploads\/2018\/02\/CindorukTekzip-227x300.jpg 227w\" sizes=\"(max-width: 242px) 100vw, 242px\" \/><\/p>\n<p>T\u00fcrk Tabipleri Birli\u011fi ise 24 Ocak\u2019ta Afrin operasyonuyla ilgili olarak PKK taraf\u0131ndan yap\u0131lan hi\u00e7 bir eylemi ter\u00f6r olarak nitelendirmeyen bir a\u00e7\u0131klama yapm\u0131\u015ft\u0131r: <em>&#8220;Biz hekimler uyar\u0131yoruz: <strong>Sava\u015f<\/strong>, do\u011fada ve insanda tahribat yapan, toplumsal ya\u015fam\u0131 tehdit eden, insan eliyle yarat\u0131lan bir halk sa\u011fl\u0131\u011f\u0131 sorunudur. Her \u00e7at\u0131\u015fma, her sava\u015f; fiziksel, ruhsal, sosyal ve \u00e7evresel\u00a0sa\u011fl\u0131k\u00a0a\u00e7\u0131s\u0131ndan onar\u0131lmaz sorunlara yol a\u00e7arak b\u00fcy\u00fck bir insani dram\u0131 da beraberinde getirir.\u201d <\/em><\/p>\n<p>A\u00e7\u0131klamaya kat\u0131lmam m\u00fcmk\u00fcn de\u011fildir. \u00c7\u00fcnk\u00fc Afrin\u2019e y\u00f6nelik T\u00fcrk Silahl\u0131 Kuvvetlerinin (TSK) m\u00fcdahalesi bir \u201csava\u015f\u201d de\u011fildir. Fakat, su\u00e7 olu\u015fturmayan bir a\u00e7\u0131klamaya kar\u015f\u0131 bir a\u00e7\u0131klama ile cevap verilmesi daha demokratik olurdu.<\/p>\n<p>Vikipedi&#8217;ye g\u00f6re sava\u015f hukukunun tan\u0131m\u0131 \u015f\u00f6yledir: \u201c <em>Sava\u015fa giri\u015fmek i\u00e7in kabul edilebilir gerek\u00e7eleri (jus ad bellum) ve sava\u015f s\u0131ras\u0131nda sergilenen davran\u0131\u015flar\u0131n s\u0131n\u0131rlar\u0131n\u0131 (jus in bello veya uluslararas\u0131 insanc\u0131l hukuk) belirleyen hukuk dal\u0131d\u0131r. G\u00fcn\u00fcm\u00fczde sava\u015f hukukunun ele ald\u0131\u011f\u0131 konular aras\u0131nda sava\u015f ilanlar\u0131, teslimiyetin kabul\u00fc ve sava\u015f esirlerine muamele, ayr\u0131m ve orant\u0131l\u0131l\u0131k ile birlikte askeri gereklilik ve gereksiz yere ac\u0131 \u00e7ekilmesine neden olabilen baz\u0131 silahlar\u0131n yasaklanmas\u0131 bulunmaktad\u0131r.\u201d<\/em><\/p>\n<p>TSK yapt\u0131\u011f\u0131 a\u00e7\u0131klamada Zeytin Dal\u0131 Operasyonu\u2019nun me\u015fruiyetini a\u00e7\u0131klam\u0131\u015ft\u0131r: \u201c<em>Harek\u00e2t, \u00fclkemizin uluslararas\u0131 hukuktan kaynaklanan haklar\u0131, BMGK\u2019nin ter\u00f6rle m\u00fccadeleye y\u00f6nelik \u00f6zellikle 1624 (2005), 2170 (2014) ve 2178 (2014) say\u0131l\u0131 kararlar\u0131 ve BM s\u00f6zle\u015fmesinin 51\u2019inci maddesinde yer alan Me\u015fru M\u00fcdafaa Hakk\u0131 \u00e7er\u00e7evesinde, Suriye\u2019nin toprak b\u00fct\u00fcnl\u00fc\u011f\u00fcne sayg\u0131l\u0131 olarak icra edilmektedir.\u201d<\/em><\/p>\n<p>G\u00fcvenlik Konseyi\u2019nin ilgili kararlar\u0131, s\u0131n\u0131rl\u0131 say\u0131da ter\u00f6r \u00f6rg\u00fctleri ve onlar\u0131n t\u00fcrevi olan di\u011fer \u00f6rg\u00fctlere ili\u015fkin yap\u0131lacak m\u00fccadeleye ili\u015fkindir. Konsey\u2019in kararlar\u0131nda, El Kaide, Taliban, \u0130\u015e\u0130D, El Nusra ve t\u00fcrevlerini ter\u00f6r \u00f6rg\u00fct\u00fc olarak kabul etme ve buna ba\u011fl\u0131 devletlere y\u00fckledi\u011fi sorumluluk d\u00fczenlenmi\u015ftir.\u00a0Kararlarda PKK ve YPG say\u0131lmam\u0131\u015ft\u0131r ama PKK, ABD ve Avrupa Birli\u011fi taraf\u0131ndan ter\u00f6r \u00f6rg\u00fct\u00fc olarak kabul edilmektedir.<\/p>\n<p>Uluslararas\u0131 hukukta devletleraras\u0131 veya s\u0131n\u0131r \u00f6tesinde olan devlet d\u0131\u015f\u0131 \u00f6rg\u00fctler ile ya\u015fan\u0131lan sorunlar\u0131n \u00e7\u00f6z\u00fcm\u00fcn\u00fc silahl\u0131 kuvvet kullanmadan \u00e7\u00f6zme yoluna ba\u015fvurulmas\u0131 gerekti\u011fi, BM \u015eart\u0131\u2019nda (1945) d\u00fczenlemi\u015ftir. \u015eart\u2019\u0131n 2\u2019nci maddesinin 4\u2019nc\u00fc f\u0131kras\u0131nda \u201c<em>T\u00fcm \u00fcyeler, uluslararas\u0131 ili\u015fkilerinde gerek herhangi bir ba\u015fka devletin toprak b\u00fct\u00fcnl\u00fc\u011f\u00fcne ya da siyasal ba\u011f\u0131ms\u0131zl\u0131\u011f\u0131na kar\u015f\u0131, gerek Birle\u015fmi\u015f Milletlerin ama\u00e7lar\u0131 ile ba\u011fda\u015fmayacak herhangi bir \u015fekilde kuvvet kullanma tehdidine ya da kuvvet kullan\u0131lmas\u0131na ba\u015fvurmaktan ka\u00e7\u0131n\u0131rlar<\/em>\u201d ifadesi yer alm\u0131\u015ft\u0131r.<\/p>\n<p>Her ne kadar birileri <em>\u201cT\u00fcrkiye\u2019ye y\u00f6nelik BM \u015eart\u0131na ba\u011fl\u0131 olarak BMGK\u2019ya ba\u015fvurulmas\u0131 durumunda BMGK T\u00fcrkiye\u2019nin Efrin\u2019e y\u00f6nelik sald\u0131r\u0131s\u0131n\u0131n Kuvvet Kullanma Yasa\u011f\u0131\u2019n\u0131n ihlali, bar\u0131\u015f\u0131 ve g\u00fcvenli\u011fi tehdit, bozma su\u00e7lamas\u0131 ile kar\u015f\u0131 kar\u015f\u0131ya b\u0131rakabilir\u201d<\/em> dese de, <em>T\u00fcrkiye BM \u015eart\u0131 kapsam\u0131nda me\u015fru m\u00fcdafaa hakk\u0131n\u0131 kullanmaktad\u0131r.<\/em> G\u00fcney s\u0131n\u0131r\u0131m\u0131zda b\u00f6l\u00fcnm\u00fc\u015f\u00a0Irak\u00a0ve par\u00e7alanm\u0131\u015f\u00a0Suriye, T\u00fcrkiye&#8217;nin toprak b\u00fct\u00fcnl\u00fc\u011f\u00fc a\u00e7\u0131s\u0131ndan tehlikedir. Buralardaki\u00a0ter\u00f6r \u00f6rg\u00fctlerinin\u00a0faaliyetleri,\u00a0n\u00fcfus hareketleri, Rusya ve ABD\u2019nin n\u00fcfuz \u00e7at\u0131\u015fmalar\u0131 T\u00fcrkiye&#8217;yi\u00a0do\u011frudan\u00a0etkilemektedir. <em>T\u00fcrkiye bu durumda sessiz kalamaz, kalmamal\u0131d\u0131r da.<\/em><\/p>\n<p>Atat\u00fcrk, y\u0131llar \u00f6ncesinden Ortado\u011fu politikas\u0131n\u0131n ana hatlar\u0131n\u0131 belirlemi\u015f, Milli M\u00fccadele sonras\u0131nda t\u00fcm\u00a0\u0130slam d\u00fcnyas\u0131 ve de Ortado\u011fu \u00fclkeleriyle iyi ili\u015fkiler kurmu\u015ftur. 1938 y\u0131l\u0131nda vefat\u0131nda \u00e7o\u011fu \u0130slam \u00fclkesinde yas ilan edilmi\u015ftir.<strong><br \/>\n<\/strong><\/p>\n<h2>1920 ve bug\u00fcn: Fransa yine Ermeni kart\u0131yla<\/h2>\n<p><em>Hakimiyet-i Milliye<\/em> gazetesinde <em>26 Temmuz 1920<\/em> tarihinde yay\u0131nlanan tespit \u00f6nemlidir: <em>\u201cT\u00fcrklerle Araplar, pek kuvvetli menfaatler zinciriyle birbirine ba\u011flanm\u0131\u015f din karde\u015fleridir. Ayn\u0131 emperyalist devletler ayn\u0131 derecede \u015fiddetle T\u00fcrk&#8217;\u00fcn de, Arap&#8217;\u0131n da, Irak&#8217;\u0131n da, Anadolu&#8217;nun da, Suriye&#8217;nin de d\u00fc\u015fmanlar\u0131d\u0131r. Irak&#8217;ta \u0130ngilizler, b\u00fct\u00fcn zul\u00fcmleriyle Irak Araplar\u0131n\u0131 ezmeye \u00e7al\u0131\u015f\u0131yor. Ayn\u0131 zalim, Anadolu hakk\u0131nda da ayn\u0131 siyaseti takip ediyor. <\/em><\/p>\n<p><em>\u201cFrans\u0131zlar ise Suriye&#8217;de ayn\u0131 siyasetin takibi i\u00e7in u\u011fra\u015f\u0131yorlar. \u015eu halde, Anadolu&#8217;nun, Irak&#8217;\u0131n, Suriye&#8217;nin hayat\u0131 ve menfaatleri pek s\u0131k\u0131 bir tarzda birle\u015fmi\u015f bulunuyor. Demek oluyor ki, T\u00fcrklerle Irakl\u0131lar ve Suriyeliler aras\u0131nda s\u0131k\u0131 bir dostluk ve uyum siyaseti gerekir. Biz pekiyi biliyoruz ki, Adana&#8217;dan d\u00fc\u015fman\u0131n uzakla\u015ft\u0131r\u0131lmas\u0131 ve bir daha oraya basmamas\u0131 Suriye&#8217;nin yard\u0131m\u0131yla m\u00fcmk\u00fcn oldu\u011fu gibi, Suriyeliler de takdir ediyorlar ki, Beyrut ve \u015eam&#8217;\u0131n en sa\u011flam savunmalar\u0131 Adana&#8217;dad\u0131r.\u201d<\/em><\/p>\n<h2>Atat\u00fcrk ve bug\u00fcn<\/h2>\n<p>Atat\u00fcrk,\u00a0<strong>23 Temmuz <\/strong>1919&#8217;da\u00a0Erzurum Kongresi&#8217;nde\u00a0Hindistan, Afganistan, M\u0131s\u0131r, Suriye, Irak ve\u00a0Sovyet Rusya&#8217;n\u0131n\u00a0emperyalizme kar\u015f\u0131\u00a0ba\u015fkald\u0131rd\u0131\u011f\u0131n\u0131 belirtmi\u015f, 5 A\u011fustos 1920 tarihli\u00a0Pozant\u0131 Kongresi&#8217;nde de emperyalizme kar\u015f\u0131\u00a0bir\u00a0mazlum milletler cephesinden s\u00f6z etmi\u015ftir. Misak-\u0131 Milli&#8217;de sadece\u00a0T\u00fcrkiye&#8217;nin ba\u011f\u0131ms\u0131zl\u0131\u011f\u0131na\u00a0yer vermemi\u015f, Araplar\u0131nda kendi kaderlerini kendilerinin belirlemelerini\u00a0istemi\u015ftir. 24 Nisan 1920&#8217;de\u00a0TBMM oturumunda\u00a0yapt\u0131\u011f\u0131 konu\u015fmada Araplar\u0131n\u00a0Osmanl\u0131&#8217;dan ayr\u0131l\u0131rken\u00a0\u0130ngilizlerin ve Frans\u0131zlar\u0131n\u00a0eteklerine sar\u0131ld\u0131klar\u0131n\u0131, fakat\u00a0I. D\u00fcnya Sava\u015f\u0131\u00a0sonras\u0131nda\u00a0Irak&#8217;ta ve\u00a0Suriye&#8217;de \u0130ngilizlerin ve Frans\u0131zlar\u0131n,\u00a0Araplar\u0131 a\u015fa\u011f\u0131layan y\u00f6netim bi\u00e7imini\u00a0g\u00f6rd\u00fckten sonra hataya d\u00fc\u015ft\u00fcklerini takdir ettiklerini belirtmi\u015ftir.<\/p>\n<p>Milli M\u00fccadele&#8217;nin ba\u015flar\u0131nda\u00a0Suriye M\u00fcsl\u00fcmanlar\u0131n\u0131n lideri Emir Faysal, Atat\u00fcrk&#8217;le i\u015fbirli\u011fi konusunu g\u00f6r\u00fc\u015fmek i\u00e7in Binba\u015f\u0131 Bedi ve Sait Haydar beyleri Ankara&#8217;ya g\u00f6ndermi\u015ftir. Atat\u00fcrk 9 May\u0131s 1920&#8217;de TBMM gizli oturumundaki konu\u015fmas\u0131nda Emir Faysal ile bir anla\u015fma yap\u0131ld\u0131\u011f\u0131n\u0131, ancak imzalanmad\u0131\u011f\u0131n\u0131 s\u00f6ylemi\u015ftir.<\/p>\n<h2>Bug\u00fcn Araplar bize s\u0131cak de\u011fil<\/h2>\n<p>Atat\u00fcrk o g\u00fcn\u00fcn \u015fartlar\u0131nda do\u011fru d\u00fc\u015f\u00fcnm\u00fc\u015ft\u00fcr ama bug\u00fcnk\u00fc \u015fartlarda durum \u00e7ok farkl\u0131d\u0131r<strong>.<\/strong> \u00c7\u00fcnk\u00fc Arap Birli\u011fi, T\u00fcrk Silahl\u0131 Kuvvetlerinin Afrin\u2019e y\u00f6nelik ba\u015flatt\u0131\u011f\u0131 Zeytin Dal\u0131 harekat\u0131ndan rahats\u0131z olmu\u015ftur. Arap Birli\u011fi Genel Sekreteri Ahmed Ebul Geyt, <em>\u201cSuriye\u2019nin kuzeyindeki durumu, \u00f6zellikle de T\u00fcrk Ordusunun operasyon ger\u00e7ekle\u015ftirdi\u011fi Afrin\u2019deki durumu endi\u015fe ile takip ediyoruz\u201d<\/em> demi\u015ftir.<\/p>\n<p>Arap Birli\u011fi <strong>(el-Camiat\u00fc\u2019l-Arabiye ya da <\/strong>el-Camiat\u00fc\u2019l-D\u00fcvel\u00fc\u2019l-Arabiye)<\/p>\n<p>1945 y\u0131l\u0131nda kurulmu\u015ftur. Irak, Suriye, L\u00fcbnan, \u00dcrd\u00fcn, <em>Suudi Arabistan<\/em>, Bahreyn, <em>Katar<\/em>, Birle\u015fik Arap Emirlikleri, Umman, Yemen, Kuveyt, M\u0131s\u0131r, Libya, Tunus, Cezayir, Fas, Moritanya, <em>Sudan<\/em>, Somali, <em>Filistin<\/em><strong>,<\/strong> Cibuti ve Komor Birli\u011fe \u00fcyedir. \u0130talik yaz\u0131lan \u00fclkeler s\u00f6z\u00fcm ona T\u00fcrkiye\u2019nin dostudur ama karara tepki g\u00f6stermemi\u015flerdir.<\/p>\n<h2>\u2026ve Sosyalist Enternasyonal<\/h2>\n<p>Arap \u00fclkeleri Afrin harekat\u0131n\u0131 ele\u015ftirirken bir tepki de Bat\u0131\u2019dan gelmi\u015ftir. Sosyalist Enternasyonal\u2019in (SE) 25 Ocak\u2019ta <em>Suriye&#8217;deki Yeni \u0130nsani Felaket Konusunda Uyar\u0131yor<\/em> (<a href=\"http:\/\/www.socialistinternational.org\/viewArticle.cfm?ArticleID=2538\">The SI warns of a new humanitarian catastrophe in Syria) ba\u015fl\u0131kl\u0131 bildirisi \u015f\u00f6yledir:<br \/>\n<\/a><em>&#8220;T\u00fcrk ordusunun Suriye topraklar\u0131na h\u00fccumu \u00fclkedeki \u00e7at\u0131\u015fmaya, hedef b\u00f6lgelerdeki sivil halk i\u00e7in a\u011f\u0131r insani etkilerle birlikte tehlikeli yeni boyutlar getirdi. Son \u015fiddet dalgas\u0131n\u0131n bu masum kurbanlar\u0131 daha \u00f6nceleri hem rejim hem de ter\u00f6rist g\u00fc\u00e7lerin elinde ac\u0131 \u00e7ekti ve kendilerini bir kez daha, \u00f6nlemek i\u00e7in g\u00fc\u00e7s\u00fcz kald\u0131klar\u0131 bir \u00e7at\u0131\u015fman\u0131n ortas\u0131nda buldular. <\/em><\/p>\n<p><em>\u201cBM s\u00f6zc\u00fcleri ve Suriye&#8217;deki \u00e7at\u0131\u015fma g\u00f6zlemcilerine g\u00f6re, T\u00fcrk sald\u0131r\u0131s\u0131 daha \u015fimdiden sivil ya\u015fam kayb\u0131yla ve y\u00fckselmesi kesin olan bir say\u0131 olan, en az 5 bin sivilin yerlerinden olmas\u0131yla sonu\u00e7land\u0131. \u015eu anda etkilenen b\u00f6lgede ya\u015fayan 324 bin ki\u015finin y\u00fczde 40&#8217;\u0131, bir\u00e7o\u011fu birden fazla olmak \u00fczere, \u015fimdiden yerlerinden oldu. En savunmas\u0131z olanlar ka\u00e7amad\u0131klar\u0131 belirtilenler, bu onlar\u0131 daha da risk alt\u0131na sokmaktad\u0131r.<\/em><\/p>\n<p><em>\u201cSosyalist Enternasyonal kuzey Suriye&#8217;de demokratik, mezhepsel olmayan, etnik a\u00e7\u0131dan \u00e7o\u011fulcu ve toplumsal cinsiyet e\u015fitli\u011fi toplumunu kurmaya \u00e7al\u0131\u015fan t\u00fcm insanlara deste\u011fini devaml\u0131 yineledi. Dae\u015f&#8217;in yenilmesi m\u00fccadelesinde, SE Suriye K\u00fcrtlerinin oynad\u0131\u011f\u0131 rol\u00fc ve bu nedenden dolay\u0131 maruz kald\u0131klar\u0131 zorluk ve a\u011f\u0131r kay\u0131plar\u0131 kabul etmektedir. <u>SE ayn\u0131 zamanda T\u00fcrkiye&#8217;deki ter\u00f6rist sald\u0131r\u0131lar\u0131n yaratt\u0131\u011f\u0131 tehlikelerin de fark\u0131ndad\u0131r ve bu sald\u0131r\u0131lar\u0131 tekraren k\u0131namaktad\u0131r. <\/u><\/em><\/p>\n<p><em>\u201cAncak T\u00fcrk Zeytin Dal\u0131 sald\u0131r\u0131s\u0131 sadece Suriye&#8217;nin g\u00f6rece bar\u0131\u015f\u00e7\u0131 b\u00f6lgesini istikrars\u0131zla\u015ft\u0131rmakla kalmamakta, Dae\u015f&#8217;i ortadan kald\u0131rmaya y\u00f6nelik uluslararas\u0131 \u00e7abalar\u0131 da tehlikeye atmakta ve Suriye&#8217;de BM destekli bar\u0131\u015f s\u00fcrecine zarar vermektedir. <\/em><\/p>\n<p><em><u>Sosyalist Enternasyonal T\u00fcrk h\u00fck\u00fcmetine b\u00f6lgesel bar\u0131\u015fa ula\u015fma \u00e7abalar\u0131na zarar veren ve sivil hayat\u0131 tehdit eden askeri harek\u00e2t\u0131 durdurma \u00e7a\u011fr\u0131s\u0131nda bulunuyor<\/u><\/em><em>. T\u00fcrkiye, devletlerin yasal y\u00fck\u00fcml\u00fcl\u00fcklerini tan\u0131yarak n\u00fcfusun y\u00fczde 60&#8217;\u0131n\u0131n \u015fu andaki askeri harekatlar ba\u015flamadan \u00f6nce dahi insani yard\u0131ma ba\u011f\u0131ml\u0131 oldu\u011fu Afrin&#8217;e insani yard\u0131m\u0131n ula\u015fmas\u0131na bir kez daha izin vermeli.&#8221;<a href=\"#_ftn2\" name=\"_ftnref2\"><strong>[2]<\/strong><\/a> <\/em><\/p>\n<h2>Umut Oran&#8217;dan \u00f6rnek hareket<\/h2>\n<p>Bu a\u00e7\u0131klama \u00fczerine CHP\u2019li <strong>Umut Oran<\/strong> 3 y\u0131ld\u0131r s\u00fcrd\u00fcrd\u00fc\u011f\u00fc Sosyalist Enternasyonal Ba\u015fkan Yard\u0131mc\u0131l\u0131\u011f\u0131 g\u00f6revinden istifa etmi\u015ftir:<\/p>\n<p><em>\u201c2015 y\u0131l\u0131ndan beri \u00fczerimde ta\u015f\u0131d\u0131\u011f\u0131m Sosyalist Enternasyonal Ba\u015fkan Yard\u0131mc\u0131l\u0131\u011f\u0131 g\u00f6revimden, Enternasyonal taraf\u0131ndan <u>25 Ocak 2018 gece yar\u0131s\u0131nda yay\u0131nlanan SE, Suriye&#8217;deki Yeni \u0130nsani Felaket Konusunda Uyar\u0131yor ba\u015fl\u0131kl\u0131 a\u00e7\u0131klama sebebiyle istifa ediyorum<\/u><\/em><\/p>\n<p><em>\u201cA\u00e7\u0131klanan metnin b\u00f6lgede ya\u015fanan s\u00fcre\u00e7leri do\u011fru analiz etmedi\u011fini, emperyalist \u00fclkeler ABD ve bat\u0131 taraf\u0131ndan s\u0131n\u0131rs\u0131zca silahland\u0131r\u0131lan, her t\u00fcrl\u00fc e\u011fitimle yeti\u015ftirilen ter\u00f6r \u00f6rg\u00fct\u00fc PKK\/YPG&#8217;yle ilgili uluslararas\u0131 toplumu do\u011fru bilgilendirmedi\u011fini ve Suriyelilerin tamam\u0131n\u0131n s\u00f6z hakk\u0131 olan Suriye devletinin b\u00fct\u00fcnl\u00fc\u011f\u00fcn\u00fc yeterince g\u00f6zetmedi\u011fini d\u00fc\u015f\u00fcnd\u00fc\u011f\u00fcm i\u00e7in kabul edilemez buluyorum. PKK-PYD-YPG, insan haklar\u0131n\u0131 ihlal eden ve sava\u015f su\u00e7u i\u015fleyen \u00f6rg\u00fctlerdir.\u201d<a href=\"#_ftn3\" name=\"_ftnref3\"><strong>[3]<\/strong><\/a><\/em><\/p>\n<h2>Onur \u00d6ymen&#8217;den destek<\/h2>\n<p>\u0130stifa sonras\u0131nda <em>Onur \u00d6ymen <\/em><em>29 Ocak 2018<\/em> tarihinde d\u00fc\u015f\u00fcncelerini \u015f\u00f6yle a\u00e7\u0131klam\u0131\u015ft\u0131r:<\/p>\n<p><em>\u201cDe\u011ferli arkada\u015f\u0131m Umut Oran\u0131, T\u00fcrkiye\u2019nin Afrin operasyonunu haks\u0131z ve \u00f6l\u00e7\u00fcs\u00fcz bi\u00e7imde ele\u015ftiren Sosyalist Enternasyonal\u2019in Ba\u015fkan Yard\u0131mc\u0131l\u0131\u011f\u0131ndan istifa karar\u0131n\u0131 isabetli buluyor ve kutluyorum. Sosyalist Enternasyonal\u2019in \u00fcyesi olan ve\u00a0CHP\u2019nin karde\u015f sayd\u0131\u011f\u0131\u00a0sosyalist ve sosyal demokrat partilerden ge\u00e7mi\u015fte de T\u00fcrkiye\u2019nin temel \u00e7\u0131karlar\u0131n\u0131 ilgilendiren baz\u0131 konularda bekledi\u011fimiz deste\u011fi\u00a0maalesef\u00a0g\u00f6remedik. <\/em><\/p>\n<p><em>\u00a0<\/em><em>\u201cKu\u015fkusuz\u00a0T\u00fcrkiye\u2019ye destek veren sosyal demokrat liderler de olmu\u015ftur.\u00a0Bunlar\u0131n ba\u015f\u0131nda K\u0131br\u0131s konusunda T\u00fcrkiye\u2019nin tezlerini anlay\u0131\u015fla kar\u015f\u0131layan Alman Sosyal Demokrat Partisi (SPD) lideri\u00a0Willy Brandt\u2019\u0131\u00a0ve T\u00fcrkiye\u2019nin AB\u2019ye \u00fcyelik s\u00fcrecinin ba\u015flamas\u0131na ye\u015fil \u0131\u015f\u0131k yakan\u00a0SPD\u00a0Ba\u015fkan\u0131 ve Ba\u015fbakan\u00a0Gerhard Schr\u00f6der\u2019i hat\u0131rl\u0131yoruz.<\/em><\/p>\n<p><em>\u201cAncak bu g\u00fczel \u00f6rnekler<\/em><em>\u00a0maalesef tan\u0131k oldu\u011fumuz baz\u0131\u00a0olumsuz yakla\u015f\u0131mlar\u0131 unutturmaya yetmiyor.<\/em><em> Alman Sosyal Demokrat Partisinin eski Ba\u015fkanlar\u0131ndan, eski Ba\u015fbakan\u00a0Helmut Schmidt T\u00fcrkiye\u2019nin AB \u00fcyeli\u011fine a\u00e7\u0131k\u00e7a kar\u015f\u0131 \u00e7\u0131km\u0131\u015ft\u0131. Frans\u0131z Sosyalist Partisi,\u00a0Ermeni Ta\u015fnak Partisiyle\u00a0yapt\u0131\u011f\u0131 bir ortak a\u00e7\u0131klamada, T\u00fcrkiye\u2019nin s\u00f6zde Ermeni Soyk\u0131r\u0131m\u0131n\u0131 tan\u0131madan AB\u2019ye \u00fcye olamayaca\u011f\u0131n\u0131 ileri s\u00fcrm\u00fc\u015ft\u00fc.\u00a0<\/em><\/p>\n<p><em>\u201c2016 y\u0131l\u0131nda Alman Parlamentosunun gene Ermenilerin Soyk\u0131r\u0131m iddialar\u0131n\u0131 destekleyen karar\u0131na Alman Sosyal Demokrat Partisi (SPD) milletvekillerinin t\u00fcm\u00fc destek vermi\u015fti.<\/em><em> Deniz Baykal\u2019\u0131n bir Sosyalist Enternasyonal toplant\u0131s\u0131nda Barzani ve Talabani\u2019nin T\u00fcrkiye\u2019nin g\u00fcvenlik \u00e7\u0131karlar\u0131na zarar veren yakla\u015f\u0131mlar\u0131n\u0131 ele\u015ftiren s\u00f6zlerine kar\u015f\u0131 baz\u0131 \u00fcyelerin g\u00f6sterdi\u011fi tepkileri de hat\u0131rl\u0131yoruz. CHP\u2019nin Kemalizm&#8217;den vaz ge\u00e7meden bir Avrupa partisi olamayaca\u011f\u0131n\u0131 s\u00f6yleyen Alman Sosyal Demokrat Partisi (SDP) milletvekilinin s\u00f6zlerini de unutmad\u0131k. <\/em><\/p>\n<p><em>\u201cSon olarak, Alman se\u00e7imlerinden \u00f6nce SPD Ba\u015fkan\u0131 Martin Schultz\u2019un T\u00fcrkiye\u2019nin AB \u00fcyeli\u011finin engellenmesi i\u00e7in yapt\u0131\u011f\u0131 konu\u015fmalardan derin \u00fcz\u00fcnt\u00fc duyduk.<\/em><em> Biz Avrupa\u2019daki baz\u0131 muhafazak\u00e2r partilerin T\u00fcrkiye\u2019nin \u00e7\u0131karlar\u0131na zarar verici politikalar\u0131yla m\u00fccadele ederken sosyalist ve sosyal demokrat partileri, onlarla ayn\u0131 \u00e7izgide de\u011fil, bizim yan\u0131m\u0131zda g\u00f6rmek isteriz. <\/em><\/p>\n<p><em>\u201cGe\u00e7mi\u015fte yapt\u0131\u011f\u0131m\u0131z gibi \u015fimdi de CHP\u2019nin,\u00a0<\/em><em>\u00fclkemizin temel \u00e7\u0131karlar\u0131na zarar veren politikalar izleyen\u00a0sosyalist ve sosyal demokrat partiler nezdinde \u00fcst d\u00fczeyde giri\u015fimlerde bulunmas\u0131n\u0131n ka\u00e7\u0131n\u0131lmaz bir g\u00f6rev oldu\u011funu d\u00fc\u015f\u00fcn\u00fcyoruz.<\/em><em> Bu \u00e7er\u00e7evede Umut Oran\u2019\u0131n g\u00f6sterdi\u011fi tepkinin partimizin g\u00f6r\u00fc\u015f\u00fcn\u00fc yans\u0131tt\u0131\u011f\u0131n\u0131 en \u00fcst d\u00fczeyde a\u00e7\u0131klamal\u0131y\u0131z. Hi\u00e7 kimse CHP\u2019den karde\u015f partilerle ho\u015f ge\u00e7inme u\u011fruna ulusal \u00e7\u0131karlar\u0131m\u0131zdan fedakarl\u0131kta bulunmas\u0131n\u0131 beklememelidir.\u201d<\/em><\/p>\n<p>Bu bildirinin yay\u0131nlanmas\u0131ndan sonra Umut Oran\u2019\u0131n g\u00f6sterdi\u011fi tepkinin CHP\u2019nin g\u00f6r\u00fc\u015f\u00fcn\u00fc yans\u0131tt\u0131\u011f\u0131\u00a0belirtilerek\u00a0Sosyalist Enternasyonal Bildirisi k\u0131nanmal\u0131 ve s\u00fcre vererek\u00a0T\u00fcrkiye\u2019den\u00a0\u00f6z\u00fcr dilenmesi istenmelidir. CHP, son geli\u015fmeler kar\u015f\u0131s\u0131nda bu konuyu ihmal etmemelidir.<\/p>\n<p><em>Afrin Harek\u00e2t\u0131, T\u00fcrkiye\u2019nin dostlar\u0131n\u0131 ve dost ve m\u00fcttefik g\u00f6r\u00fcn\u00fcp dost olmayanlar\u0131 bir turnusol ka\u011f\u0131d\u0131 gibi ortaya \u00e7\u0131karm\u0131\u015ft\u0131r. T\u00fcrkiye\u2019nin ulusal \u00e7\u0131karlar\u0131 a\u00e7\u0131s\u0131ndan harek\u00e2t konusunda birlik ve berberli\u011fimizi zedeleyecek a\u00e7\u0131klamalardan mutlaka ka\u00e7\u0131n\u0131lmal\u0131d\u0131r.<\/em><\/p>\n<p><strong>_____________________________\u00a0<\/strong><\/p>\n<p><em>\u00a0<\/em><a href=\"#_ftnref1\" name=\"_ftn1\">[1]<\/a> <strong>\u201c<\/strong><em>Supporters of war are also accomplices to war. Say \u2018<strong>no\u2019 to Afrin war, do not be part of that crime,<\/strong>\u201d the MP urged, addressing the public\u201d. <\/em>http:\/\/artsakhpress.am\/eng\/news\/79951\/garo-paylan-speaks-out-against-turkish-military-operation-in-afrin.html<\/p>\n<p><a href=\"#_ftnref2\" name=\"_ftn2\">[2]<\/a> <em>The Socialist International, therefore, calls on the Turkish government to stop military operations that undermine the efforts of achieving regional peace and threaten civilian life.<\/em> Recognising the legal obligation of states, Turkey must allow humanitarian assistance to once more reach Afrin, where 60 percent of the population were dependent on humanitarian aid even before the current military operations began. http:\/\/www.socialistinternational.org\/viewArticle.cfm?ArticleID=2538)<\/p>\n<p><a href=\"#_ftnref3\" name=\"_ftn3\">[3]<\/a> http:\/\/umutoran.com\/2018\/01\/27\/umut-oran-sosyalist-enternasyonal-baskan-yardimciligindan-istifa-etti\/<\/p>\n","protected":false},"excerpt":{"rendered":"<p>Afrin turnusol k\u00e2\u011f\u0131d\u0131 gibi: Fransa 1920&#8217;ye d\u00f6nd\u00fc: Ermeni kart\u0131yla d\u00fc\u015fmanl\u0131k. 1920&#8217;de Atat\u00fcrk&#8217;\u00fcn bu konuda s\u00f6yledikleri hat\u0131ranmal\u0131 ama Araplar yan\u0131m\u0131zda de\u011fil. Sosyalist Enternanyonal de d\u00fc\u015fmanca! Umut Oran&#8217;\u0131n \u00f6rnek davran\u0131\u015f\u0131, Onur \u00d6ymen&#8217;in deste\u011fi. <\/p>\n","protected":false},"author":3,"featured_media":1185,"comment_status":"open","ping_status":"open","sticky":false,"template":"","format":"standard","meta":{"_links_to":"","_links_to_target":""},"categories":[2,67,69],"tags":[],"yoast_head":"<!-- This site is optimized with the Yoast SEO plugin v16.0.2 - https:\/\/yoast.com\/wordpress\/plugins\/seo\/ -->\n<title>Afrin Harek\u00e2t\u0131na Tepkiler - M\u0130SAK- Mill\u00ee Strateji Ara\u015ft\u0131rma Kurulu<\/title>\n<link rel=\"canonical\" href=\"https:\/\/millidusunce.com\/misak\/afrin-harekatina-tepkiler\/\" \/>\n<meta property=\"og:locale\" content=\"tr_TR\" \/>\n<meta property=\"og:type\" content=\"article\" \/>\n<meta property=\"og:title\" content=\"Afrin Harek\u00e2t\u0131na Tepkiler - M\u0130SAK- Mill\u00ee Strateji Ara\u015ft\u0131rma Kurulu\" \/>\n<meta property=\"og:description\" content=\"Afrin turnusol k\u00e2\u011f\u0131d\u0131 gibi: Fransa 1920&#039;ye d\u00f6nd\u00fc: Ermeni kart\u0131yla d\u00fc\u015fmanl\u0131k. 1920&#039;de Atat\u00fcrk&#039;\u00fcn bu konuda s\u00f6yledikleri hat\u0131ranmal\u0131 ama Araplar yan\u0131m\u0131zda de\u011fil. Sosyalist Enternanyonal de d\u00fc\u015fmanca! Umut Oran&#039;\u0131n \u00f6rnek davran\u0131\u015f\u0131, Onur \u00d6ymen&#039;in deste\u011fi.\" \/>\n<meta property=\"og:url\" content=\"https:\/\/millidusunce.com\/misak\/afrin-harekatina-tepkiler\/\" \/>\n<meta property=\"og:site_name\" content=\"M\u0130SAK- Mill\u00ee Strateji Ara\u015ft\u0131rma Kurulu\" \/>\n<meta property=\"article:published_time\" content=\"2018-02-01T14:00:11+00:00\" \/>\n<meta property=\"article:modified_time\" content=\"2018-03-10T08:58:43+00:00\" \/>\n<meta property=\"og:image\" content=\"https:\/\/millidusunce.com\/misak\/wp-content\/uploads\/2018\/02\/MacronSarkisyanaErmenilereDestekSozuVerdiGri.jpg\" \/>\n\t<meta property=\"og:image:width\" content=\"992\" \/>\n\t<meta property=\"og:image:height\" content=\"530\" \/>\n<meta name=\"twitter:card\" content=\"summary_large_image\" \/>\n<meta name=\"twitter:label1\" content=\"Tahmini okuma s\u00fcresi\">\n\t<meta name=\"twitter:data1\" content=\"15 dakika\">\n<script type=\"application\/ld+json\" class=\"yoast-schema-graph\">{\"@context\":\"https:\/\/schema.org\",\"@graph\":[{\"@type\":\"Organization\",\"@id\":\"https:\/\/millidusunce.com\/misak\/#organization\",\"name\":\"Mill\\u00ee D\\u00fc\\u015f\\u00fcnce Merkezi\",\"url\":\"https:\/\/millidusunce.com\/misak\/\",\"sameAs\":[],\"logo\":{\"@type\":\"ImageObject\",\"@id\":\"https:\/\/millidusunce.com\/misak\/#logo\",\"inLanguage\":\"tr\",\"url\":\"https:\/\/millidusunce.com\/misak\/wp-content\/uploads\/2018\/09\/mdmLogo-yazisiz.jpg\",\"width\":422,\"height\":422,\"caption\":\"Mill\\u00ee D\\u00fc\\u015f\\u00fcnce Merkezi\"},\"image\":{\"@id\":\"https:\/\/millidusunce.com\/misak\/#logo\"}},{\"@type\":\"WebSite\",\"@id\":\"https:\/\/millidusunce.com\/misak\/#website\",\"url\":\"https:\/\/millidusunce.com\/misak\/\",\"name\":\"M\\u0130SAK- Mill\\u00ee Strateji Ara\\u015ft\\u0131rma Kurulu\",\"description\":\"D\\u00fcnyaya T\\u00fcrk\\u00e7\\u00fc Bak\\u0131\\u015f\",\"publisher\":{\"@id\":\"https:\/\/millidusunce.com\/misak\/#organization\"},\"potentialAction\":[{\"@type\":\"SearchAction\",\"target\":\"https:\/\/millidusunce.com\/misak\/?s={search_term_string}\",\"query-input\":\"required name=search_term_string\"}],\"inLanguage\":\"tr\"},{\"@type\":\"ImageObject\",\"@id\":\"https:\/\/millidusunce.com\/misak\/afrin-harekatina-tepkiler\/#primaryimage\",\"inLanguage\":\"tr\",\"url\":\"https:\/\/millidusunce.com\/misak\/wp-content\/uploads\/2018\/02\/MacronSarkisyanaErmenilereDestekSozuVerdiGri.jpg\",\"width\":992,\"height\":530},{\"@type\":\"WebPage\",\"@id\":\"https:\/\/millidusunce.com\/misak\/afrin-harekatina-tepkiler\/#webpage\",\"url\":\"https:\/\/millidusunce.com\/misak\/afrin-harekatina-tepkiler\/\",\"name\":\"Afrin Harek\\u00e2t\\u0131na Tepkiler - M\\u0130SAK- Mill\\u00ee Strateji Ara\\u015ft\\u0131rma Kurulu\",\"isPartOf\":{\"@id\":\"https:\/\/millidusunce.com\/misak\/#website\"},\"primaryImageOfPage\":{\"@id\":\"https:\/\/millidusunce.com\/misak\/afrin-harekatina-tepkiler\/#primaryimage\"},\"datePublished\":\"2018-02-01T14:00:11+00:00\",\"dateModified\":\"2018-03-10T08:58:43+00:00\",\"breadcrumb\":{\"@id\":\"https:\/\/millidusunce.com\/misak\/afrin-harekatina-tepkiler\/#breadcrumb\"},\"inLanguage\":\"tr\",\"potentialAction\":[{\"@type\":\"ReadAction\",\"target\":[\"https:\/\/millidusunce.com\/misak\/afrin-harekatina-tepkiler\/\"]}]},{\"@type\":\"BreadcrumbList\",\"@id\":\"https:\/\/millidusunce.com\/misak\/afrin-harekatina-tepkiler\/#breadcrumb\",\"itemListElement\":[{\"@type\":\"ListItem\",\"position\":1,\"item\":{\"@type\":\"WebPage\",\"@id\":\"https:\/\/millidusunce.com\/misak\/\",\"url\":\"https:\/\/millidusunce.com\/misak\/\",\"name\":\"Anasayfa\"}},{\"@type\":\"ListItem\",\"position\":2,\"item\":{\"@type\":\"WebPage\",\"@id\":\"https:\/\/millidusunce.com\/misak\/afrin-harekatina-tepkiler\/\",\"url\":\"https:\/\/millidusunce.com\/misak\/afrin-harekatina-tepkiler\/\",\"name\":\"Afrin Harek\\u00e2t\\u0131na Tepkiler\"}}]},{\"@type\":\"Article\",\"@id\":\"https:\/\/millidusunce.com\/misak\/afrin-harekatina-tepkiler\/#article\",\"isPartOf\":{\"@id\":\"https:\/\/millidusunce.com\/misak\/afrin-harekatina-tepkiler\/#webpage\"},\"author\":{\"@id\":\"https:\/\/millidusunce.com\/misak\/#\/schema\/person\/dceabd91d5707fd0a1f581be62144940\"},\"headline\":\"Afrin Harek\\u00e2t\\u0131na Tepkiler\",\"datePublished\":\"2018-02-01T14:00:11+00:00\",\"dateModified\":\"2018-03-10T08:58:43+00:00\",\"mainEntityOfPage\":{\"@id\":\"https:\/\/millidusunce.com\/misak\/afrin-harekatina-tepkiler\/#webpage\"},\"commentCount\":0,\"publisher\":{\"@id\":\"https:\/\/millidusunce.com\/misak\/#organization\"},\"image\":{\"@id\":\"https:\/\/millidusunce.com\/misak\/afrin-harekatina-tepkiler\/#primaryimage\"},\"articleSection\":\"TEHD\\u0130TLER,YAKIN-CO\\u011eRAFYA\",\"inLanguage\":\"tr\",\"potentialAction\":[{\"@type\":\"CommentAction\",\"name\":\"Comment\",\"target\":[\"https:\/\/millidusunce.com\/misak\/afrin-harekatina-tepkiler\/#respond\"]}]},{\"@type\":\"Person\",\"@id\":\"https:\/\/millidusunce.com\/misak\/#\/schema\/person\/dceabd91d5707fd0a1f581be62144940\",\"name\":\"Sad\\u0131k R\\u0131dvan Karluk\",\"image\":{\"@type\":\"ImageObject\",\"@id\":\"https:\/\/millidusunce.com\/misak\/#personlogo\",\"inLanguage\":\"tr\",\"url\":\"https:\/\/secure.gravatar.com\/avatar\/0ac86ba3095525619627cdd0589c5b8c?s=96&d=mm&r=g\",\"caption\":\"Sad\\u0131k R\\u0131dvan Karluk\"},\"description\":\"Prof. Dr. S. R\\u0131dvan Karluk, 1970\\u2019de Ankara \\u00dcniversitesi Siyasal Bilgiler Fak\\u00fcltesi\\u2019ni bitirdi. 1975\\u2019te doktor, 1979\\u2019da do\\u00e7ent oldu. 1975 \\u2013 1976\\u2019da Sussex \\u00dcniversitesi\\u2019nde doktora \\u00fcst\\u00fc ara\\u015ft\\u0131rma yapt\\u0131. 1982 y\\u0131l\\u0131nda Devlet Planlama Te\\u015fkilat\\u0131 AET Dairesini (Genel M\\u00fcd\\u00fcrl\\u00fck) kurdu. 1985-1990 y\\u0131llar\\u0131nda Paris\\u2019te, OECD T\\u00fcrkiye B\\u00fcy\\u00fckel\\u00e7ili\\u011fi\\u2019nde Planlama M\\u00fc\\u015faviri olarak \\u00e7al\\u0131\\u015ft\\u0131. 1990-1992 y\\u0131llar\\u0131nda Ba\\u015fbakanl\\u0131k Ba\\u015fm\\u00fc\\u015favirli\\u011fi\\u2019ne atand\\u0131. 1991 y\\u0131l\\u0131nda Anadolu \\u00dcniversitesi\\u2019ne ge\\u00e7mi\\u015f, 2014 y\\u0131l\\u0131nda emekli olmu\\u015ftur. Bu s\\u00fcre i\\u00e7inde \\u0130ktisadi Geli\\u015fme ve Uluslararas\\u0131 Geli\\u015fme Anabilim Dal\\u0131 Ba\\u015fkanl\\u0131\\u011f\\u0131, 2010-2013 d\\u00f6neminde \\u0130ktisat Fak\\u00fcltesi Dekanl\\u0131\\u011f\\u0131 yapm\\u0131\\u015ft\\u0131r. Uluslararas\\u0131 Ekonomi, T\\u00fcrkiye Ekonomisi, Avrupa Birli\\u011fi ve Uluslararas\\u0131 Ekonomik \\u0130li\\u015fkiler konular\\u0131nda 24 kitab\\u0131, 12 ortak ve 3 \\u00e7eviri eseri vard\\u0131r. Ortak yazarl\\u0131 bir ders kitab\\u0131 T\\u00dcBA \\u00fcniversite ders kitaplar\\u0131 2012 y\\u0131l\\u0131 telif ve \\u00e7eviri eser \\u00f6d\\u00fcl\\u00fc olmak \\u00fczere 6 bilimsel ara\\u015ft\\u0131rma \\u00f6d\\u00fcl\\u00fcne sahiptir. Eski\\u015fehir Sakarya gazetesi ile Turkish Forum\\u2019da (ABD) haftal\\u0131k g\\u00fcncel yaz\\u0131lar\\u0131 yay\\u0131nlanmaktad\\u0131r. \\u00d6zge\\u00e7mi\\u015fi WHO\\u2019s WHO D\\u00fcnya, Asya ve T\\u00fcrkiye bask\\u0131lar\\u0131nda yer alm\\u0131\\u015ft\\u0131r.\"}]}<\/script>\n<!-- \/ Yoast SEO plugin. -->","_links":{"self":[{"href":"https:\/\/millidusunce.com\/misak\/wp-json\/wp\/v2\/posts\/1180"}],"collection":[{"href":"https:\/\/millidusunce.com\/misak\/wp-json\/wp\/v2\/posts"}],"about":[{"href":"https:\/\/millidusunce.com\/misak\/wp-json\/wp\/v2\/types\/post"}],"author":[{"embeddable":true,"href":"https:\/\/millidusunce.com\/misak\/wp-json\/wp\/v2\/users\/3"}],"replies":[{"embeddable":true,"href":"https:\/\/millidusunce.com\/misak\/wp-json\/wp\/v2\/comments?post=1180"}],"version-history":[{"count":0,"href":"https:\/\/millidusunce.com\/misak\/wp-json\/wp\/v2\/posts\/1180\/revisions"}],"wp:featuredmedia":[{"embeddable":true,"href":"https:\/\/millidusunce.com\/misak\/wp-json\/wp\/v2\/media\/1185"}],"wp:attachment":[{"href":"https:\/\/millidusunce.com\/misak\/wp-json\/wp\/v2\/media?parent=1180"}],"wp:term":[{"taxonomy":"category","embeddable":true,"href":"https:\/\/millidusunce.com\/misak\/wp-json\/wp\/v2\/categories?post=1180"},{"taxonomy":"post_tag","embeddable":true,"href":"https:\/\/millidusunce.com\/misak\/wp-json\/wp\/v2\/tags?post=1180"}],"curies":[{"name":"wp","href":"https:\/\/api.w.org\/{rel}","templated":true}]}}