{"id":12981,"date":"2021-04-24T19:30:00","date_gmt":"2021-04-24T16:30:00","guid":{"rendered":"https:\/\/millidusunce.com\/misak\/?p=12981&#038;preview=true&#038;preview_id=12981"},"modified":"2021-04-24T20:34:54","modified_gmt":"2021-04-24T17:34:54","slug":"eski-defterler","status":"publish","type":"post","link":"https:\/\/millidusunce.com\/misak\/eski-defterler\/","title":{"rendered":"Eski defterler: Soyk\u0131r\u0131m yalanlar\u0131 kar\u015f\u0131s\u0131nda ger\u00e7ek cinayetler"},"content":{"rendered":"<p style=\"text-align: right;\"><em>Muhtar TEVF\u0130KO\u011eLU taraf\u0131ndan yaz\u0131lan bu makale 1982 <\/em><em>y\u0131l\u0131nda T\u00f6re dergisinin 130. say\u0131s\u0131nda yay\u0131mlanm\u0131\u015ft\u0131r.<\/em><\/p>\n<p><img loading=\"lazy\" decoding=\"async\" class=\"alignnone size-full wp-image-12987\" src=\"https:\/\/millidusunce.com\/misak\/wp-content\/uploads\/2021\/04\/resim_2021-04-24_160241.png\" alt=\"\" width=\"928\" height=\"478\" srcset=\"https:\/\/millidusunce.com\/misak\/wp-content\/uploads\/2021\/04\/resim_2021-04-24_160241.png 928w, https:\/\/millidusunce.com\/misak\/wp-content\/uploads\/2021\/04\/resim_2021-04-24_160241-300x155.png 300w, https:\/\/millidusunce.com\/misak\/wp-content\/uploads\/2021\/04\/resim_2021-04-24_160241-150x77.png 150w, https:\/\/millidusunce.com\/misak\/wp-content\/uploads\/2021\/04\/resim_2021-04-24_160241-768x396.png 768w\" sizes=\"auto, (max-width: 928px) 100vw, 928px\" \/><\/p>\n<p>T\u00fcrk kan\u0131na doymayan Ermeniler, vah\u015fetlerinin bir yeni \u00f6rne\u011fini daha ortaya koydular: Los Angeles Ba\u015fkonsolosumuz Kem\u00e2l Ar\u0131kan&#8217;\u0131 cadde ortas\u0131nda \u015fehit ettiler. Her zaman oldu\u011fu gibi bu son olayda da tedhi\u015f\u00e7ileri k\u0131nad\u0131k. Evet, yine sadece k\u0131nad\u0131k&#8230; Ne bi\u00e7im laft\u0131r bu k\u0131nama? \u0130\u00e7ine, basit manada kusurlu, hatal\u0131, kabahatli bulmadan en a\u011f\u0131r su\u00e7lama ve lanetlemeye kadar yar\u0131m d\u00fczine kavram\u0131 t\u0131ka basa doldurdu\u011fumuz bu torba kelime ile k\u00f6p\u00fcr\u00fcp ta\u015fan duygular\u0131m\u0131z\u0131 ifade etmek m\u00fcmk\u00fcn m\u00fc? Bu ka\u00e7\u0131nc\u0131 kurban? Son cinayetten tam 9 y\u0131l \u00f6nce yine ayn\u0131 yerde Ba\u015fkonsolosumuz Mehmet Baydar ile yard\u0131mc\u0131s\u0131 Bahad\u0131r Demir, yine bir Ermeni taraf\u0131ndan ve yine ayn\u0131 kuyruklu yalanla \u00f6ld\u00fcr\u00fclm\u00fc\u015ft\u00fc. \u0130ki hadise aras\u0131ndaki devrede verdi\u011fimiz kurban say\u0131s\u0131 20\u2019dir. Ayr\u0131ca 9 T\u00fcrk de yaralanm\u0131\u015ft\u0131r. Los Angeles&#8217;da 27 Ocak 1973 g\u00fcn\u00fc i\u015flenen ilk ikiz cinayetin hemen arkas\u0131ndan s\u0131ca\u011f\u0131 s\u0131ca\u011f\u0131na yaz\u0131p yay\u0131nlad\u0131\u011f\u0131m\u0131z bir makaleyi, haf\u0131zalar\u0131 tazelemek maksad\u0131yla, burada tekrar sunmak istiyoruz. Ayr\u0131ca, \u00f6b\u00fcr s\u00fctunlarda, kronolojik olarak sergiledi\u011fimiz 9 y\u0131ll\u0131k Ermeni tedhi\u015f bilan\u00e7osunun da bir daha g\u00f6zden ge\u00e7irilmesini ve hi\u00e7 unutulmamas\u0131n\u0131 diliyoruz.<\/p>\n<p>Los Angeles&#8217;ta vazifeli iki gen\u00e7 ve se\u00e7kin diplomat\u0131m\u0131z\u0131n, 27 Ocak 1973 g\u00fcn\u00fc bir Ermeni taraf\u0131ndan hile ile Santa Barbara&#8217;ya davet edilerek \u00f6ld\u00fcr\u00fclmesi, bas\u0131nda T\u00fcrk &#8211; Ermeni ili\u015fkilerinin yeniden g\u00f6zden ge\u00e7irilmesine yol a\u00e7t\u0131. 77 ya\u015f\u0131ndaki katil M\u0131g\u0131rd\u0131\u00e7 Yan\u0131kyan, bu cinayeti, sadece T\u00fcrk milletine kar\u015f\u0131 duydu\u011fu kin ve d\u00fc\u015fmanl\u0131kla i\u015fledi\u011fini itiraf etmi\u015f, kendisinin \u00ab\u00f6nc\u00fc\u00bb oldu\u011funu, T\u00fcrklerden intikam ald\u0131\u011f\u0131n\u0131 s\u00f6ylemi\u015f ve b\u00fct\u00fcn Ermenileri sava\u015fa \u00e7a\u011f\u0131rm\u0131\u015ft\u0131r. H\u00e2disenin en dikkate de\u011fer taraf\u0131 budur. Marazi bir ruhun karanl\u0131k izbelerinde bar\u0131nan birtak\u0131m azg\u0131n ihtiraslar\u0131n birdenbire g\u00fcn \u0131\u015f\u0131\u011f\u0131na \u00e7\u0131k\u0131p kanl\u0131 yollara d\u00f6k\u00fcl\u00fc\u015f\u00fc psikiyatri bak\u0131m\u0131ndan oldu\u011fu kadar, siyas\u00ee tarih a\u00e7\u0131s\u0131ndan da d\u00fc\u015f\u00fcnd\u00fcr\u00fcc\u00fcd\u00fcr. Hangi kin, hangi intikam? Ger\u00e7i, 80 seneden beri gizli hesaplara, k\u00f6t\u00fc niyetlere dayanan, k\u0131\u015fk\u0131rtma, iftira ve tezvirle beslenen pl\u00e2nl\u0131, d\u00fczenli bir kampanyan\u0131n y\u00fcr\u00fct\u00fcld\u00fc\u011f\u00fcn\u00fc herkes biliyordu. Belli temalar\u0131n i\u015flenip durdu\u011funu, kin ve intikam bezirg\u00e2nl\u0131\u011f\u0131n\u0131n s\u00fcrd\u00fcr\u00fcl\u00fcp gitti\u011fini herkes g\u00f6r\u00fcyordu. Fakat b\u00fct\u00fcn bunlara ra\u011fmen h\u00e2l\u00e2 bir \u201cErmeni meselesi\u201dnin mevcut oldu\u011funa hi\u00e7 kimse inanm\u0131yordu. As\u0131rlar boyunca aram\u0131zda h\u00fcr ve m\u00fcreffeh ya\u015fam\u0131\u015f, bu aziz vatan\u0131n nimetlerinden bizden \u00e7ok yararlanm\u0131\u015f olan bir az\u0131nl\u0131\u011f\u0131n bizimle g\u00f6r\u00fclecek bir hesab\u0131 olabilir mi? Ge\u00e7mi\u015fin hesaplar\u0131 T\u00fcrk&#8217;\u00fcn sonsuz m\u00fcsamahas\u0131, fazileti ve efendili\u011fiyle kapat\u0131lm\u0131\u015fken, tekrar eski defterleri kar\u0131\u015ft\u0131rmak onlara bir \u015fey kazand\u0131rabilir mi? O eski defterlerde, budalaca tahriklere kap\u0131lm\u0131\u015f Ermenilerin h\u0131yanet ve cinayet izleri var. Kar hen\u00fcz b\u00fct\u00fcn izleri \u00f6rtmemi\u015ftir. Onlar\u0131 hat\u0131rlamak isterler mi? Mill\u00ee gelene\u011fimizdeki mua\u015feret inceli\u011fiyle kabuk tutmu\u015f yaralar\u0131 hi\u00e7bir zaman de\u015fmek istemedik, yine de istemiyoruz. Ancak, kin ve intikamdan s\u00f6z a\u00e7\u0131l\u0131nca, biz de elimizde bulunan say\u0131s\u0131z belgeden, hi\u00e7 olmazsa bir iki tanesini ortaya koymak zorunda kal\u0131yoruz.<\/p>\n<p><img loading=\"lazy\" decoding=\"async\" class=\"size-full wp-image-12988 aligncenter\" src=\"https:\/\/millidusunce.com\/misak\/wp-content\/uploads\/2021\/04\/resim_2021-04-24_160450.png\" alt=\"\" width=\"375\" height=\"521\" srcset=\"https:\/\/millidusunce.com\/misak\/wp-content\/uploads\/2021\/04\/resim_2021-04-24_160450.png 375w, https:\/\/millidusunce.com\/misak\/wp-content\/uploads\/2021\/04\/resim_2021-04-24_160450-216x300.png 216w, https:\/\/millidusunce.com\/misak\/wp-content\/uploads\/2021\/04\/resim_2021-04-24_160450-108x150.png 108w\" sizes=\"auto, (max-width: 375px) 100vw, 375px\" \/><\/p>\n<p>\u015eu mektuplar\u0131 birlikte okuyal\u0131m. \u015eark ordusunda bulunmu\u015f bir askeri doktorun mektubu (Paris, 29 Mart 1920):<\/p>\n<p>\u201cKumandan\u0131m, Size yeni bir fikir verecek de\u011filim elbette, ama T\u00fcrklere ait ger\u00e7ekleri dile getirirken sizi alk\u0131\u015flayanlara kat\u0131lmak isterim, izin verirseniz iki h\u00e2diseden bahsedeyim, do\u011frulu\u011funa yaln\u0131z ben de\u011fil, taburumdaki b\u00fct\u00fcn subaylar ve astsubaylar \u015fahittir. Yirmi ay yedek tabip olarak \u015farkta bulundum. \u00ab\u015earka ait intiba\u0131m \u015fudur ki, ister S\u00fcryani olsun, ister Rum veya Ermeni olsun, Hristiyan denen insanlardan b\u00fct\u00fcn b\u00fct\u00fcne s\u0131tk\u0131m s\u0131yr\u0131ld\u0131. Aral\u0131k 1918\u2019de, y\u00fczba\u015f\u0131 M&#8230; tabur kumandan\u0131 olarak \u0130skenderun&#8217;un idaresini ele alm\u0131\u015ft\u0131. Sanca\u011f\u0131na maalesef \u015eark alay\u0131ndan Ermeni k\u0131talar\u0131n\u0131n sevkini \u00f6nleyemedi. Bu Ermenilerden bir b\u00f6l\u00fck Belen buca\u011f\u0131nda konaklam\u0131\u015ft\u0131. Bunlar hemen yakalad\u0131klar\u0131 T\u00fcrkleri \u00f6ld\u00fcrme\u011fe ba\u015flad\u0131lar. Korkun\u00e7 bir \u015feydi bu. B\u00f6ylece, bir sabah, bir yol \u00fczerinde ihtiyar bir T\u00fcrk k\u00f6yl\u00fcs\u00fcn\u00fcn cesedi bulundu\u011fu haber al\u0131nd\u0131. Y\u00fczba\u015f\u0131 M&#8230; Belen belediye tabibinden \u00f6l\u00fcy\u00fc muayene etmesini ve soru\u015fturmaya esas olmak \u00fczere bir adli t\u0131p raporu tanzim etmesini istedi. Bu doktor, sureti mahsusada Frans\u0131z makamlar\u0131 taraf\u0131ndan, belirli bir \u00fccret \u00f6denerek Belen belediye tabipli\u011fine tayin edilmi\u015f sivil bir Ermeni idi. Raporunda, muayene bulgular\u0131na g\u00f6re cesette, mavzer t\u00fcfe\u011fine ait bir mermi yaras\u0131 tespit edildi\u011fi bildiriliyordu. (Oysa, Belen b\u00f6lgesinde hen\u00fcz baz\u0131 T\u00fcrklerin veya K\u00fcrtlerin elinde Alman t\u00fcfekleri vard\u0131 sadece). Y\u00fczba\u015f\u0131 M&#8230; bu acayip raporu getirip bana g\u00f6sterdi; yaran\u0131n g\u00f6r\u00fcn\u00fc\u015f\u00fcne g\u00f6re, \u00e7\u0131kar\u0131lmam\u0131\u015f bir merminin hangi millete ait oldu\u011funu nas\u0131l te\u015fhis edebildi\u011fine ak\u0131l erdiremedi\u011fimi s\u00f6yledim. Bunun \u00fczerine y\u00fczba\u015f\u0131 derhal otomobile atlay\u0131p Belen&#8217;e gitti; \u00f6ld\u00fcr\u00fclen T\u00fcrk&#8217;\u00fcn v\u00fccudunu \u00e7\u0131plak olarak tetkik etti ve bir\u00e7ok astsubay\u0131n huzurunda, Frans\u0131z s\u00fcng\u00fclerine ait m\u00fcteaddit darp asar\u0131n\u0131n mevcut oldu\u011funu tespit etti. (Bilindi\u011fi gibi Frans\u0131z s\u00fcng\u00fcs\u00fc v\u00fccutta \u00fc\u00e7gen \u015feklinde, karakteristik yaralar a\u00e7an yeg\u00e2ne \u00e2lettir.) Ate\u015fli sil\u00e2h yaras\u0131na ait hi\u00e7bir iz yoktu. O tarihte Belen havalisinde yaln\u0131z Ermeni askerlerinin elinde Frans\u0131z s\u00fcng\u00fcs\u00fc vard\u0131. Hik\u00e2yenin \u00f6te taraf\u0131 pek m\u00fchim de\u011fil. \u0130\u015fte bir Ermeni ki tahsil terbiye g\u00f6rm\u00fc\u015f, m\u00fckemmel Frans\u0131zca konu\u015fuyor, hangi fak\u00fclteden mezun oldu\u011funu s\u00f6ylemeyece\u011fim ama t\u0131p doktoru, kendisine hekimlik \u015ferefi diploma ile tevcih edilmi\u015f, buna ra\u011fmen bir resm\u00ee vesikada, a\u00e7\u0131ktan a\u00e7\u0131\u011fa ger\u00e7e\u011fe ayk\u0131r\u0131 \u015feyler beyan ediyor. Bundan ba\u015fka, 1919 Ocak ay\u0131nda D\u00f6rtyol&#8217;un Ermenilerle mesk\u00fbn bir k\u00f6y\u00fcnde kar\u0131\u015f\u0131kl\u0131klar \u00e7\u0131km\u0131\u015ft\u0131. D\u00f6rtyol, \u015eark Alay\u0131n\u0131n bir b\u00f6l\u00fc\u011f\u00fc taraf\u0131ndan i\u015fgal edilmi\u015fti. Harp ba\u015flay\u0131nca buradan s\u00fcr\u00fclm\u00fc\u015f olan bir\u00e7ok Ermeniler tekrar k\u00f6ye d\u00f6nm\u00fc\u015flerdi (Bu s\u00fcrg\u00fcnlerde Alman generali Liman Von Sanders&#8217;in b\u00fcy\u00fck \u00f6l\u00e7\u00fcde sorumlu oldu\u011fu s\u00f6ylenebilir). 1919 Ocak ay\u0131n\u0131n ba\u015flar\u0131nda D\u00f6rtyol b\u00f6lgesinde her an T\u00fcrklerin \u00f6ld\u00fcr\u00fcld\u00fc\u011f\u00fc haberleri \u0130skenderun&#8217;a geliyordu. 11 Ocak ak\u015fam\u0131, D\u00f6rtyol ile, bu k\u00f6y\u00fcn y\u00fcksek bir da\u011f yamac\u0131nda, K\u00fcrtlerle mesk\u00fbn bulunan k\u0131sm\u0131 aras\u0131nda at\u0131\u015f ba\u015flad\u0131. K\u00f6y\u00fcn Frans\u0131z idaresi alt\u0131ndaki Ermeni b\u00f6l\u00fcm\u00fcnde, bir T\u00fcrk jandarma te\u011fmeninin emrinde T\u00fcrk jandarmalar\u0131 vazife g\u00f6r\u00fcyordu. Sil\u00e2h seslerini duyan te\u011fmen, 12 Ocak g\u00fcn\u00fc \u00f6\u011fleden sonra, \u00fcniformal\u0131 olarak tek ba\u015f\u0131na ke\u015ffe \u00e7\u0131kt\u0131, K\u00fcrtlerin h\u00e2kim oldu\u011fu yere gitti. Ermenilere kar\u015f\u0131 a\u00e7\u0131lan ate\u015fin durdurulmas\u0131 i\u00e7in emir verirken K\u00fcrtlerin mermileriyle kollar\u0131ndan yaraland\u0131. Nihayet Frans\u0131z kumandan\u0131n\u0131n oraya gelivermesiyle kar\u0131\u015f\u0131kl\u0131k yat\u0131\u015ft\u0131. \u0130ki mitraly\u00f6zle bir avu\u00e7 kahraman asker s\u00fck\u00fbneti sa\u011flad\u0131. T\u00fcrk te\u011fmenini, yaraland\u0131ktan iki saat sonra D\u00f6rtyol&#8217;da g\u00f6rd\u00fcm ve tedavi ettim. \u015eark Alay\u0131ndaki Ermeniler bana bu h\u00e2diseyi teferruat\u0131yla anlatt\u0131lar; onlar bile Ermenileri korumak i\u00e7in kendi hayat\u0131n\u0131 ortaya koyan bu T\u00fcrk&#8217;ten sayg\u0131 ile bahsettiler.\u201d<a href=\"#_ftn1\" name=\"_ftnref1\">[1]<\/a> <em>Dr. Philippe Guiberteau (imza ve adres)<\/em><\/p>\n<h2><strong>\u0130ki Frans\u0131z kad\u0131n\u0131n\u0131n mektubu<\/strong><\/h2>\n<p>Pierre Loti&#8217;ye g\u00f6nderilen bir mektupta, tahrik\u00e7i ajanlar\u0131n T\u00fcrkiye\u2019de giri\u015ftikleri oyunlar\u0131n i\u00e7 y\u00fcz\u00fc anlat\u0131lmaktad\u0131r. Mektup sahibi, Abd\u00fclhamid devrinde \u0130stanbul&#8217;da bulunan me\u015fhur bir Frans\u0131z doktorunun k\u0131z\u0131d\u0131r. Hayat\u0131n\u0131n b\u00fcy\u00fck bir k\u0131sm\u0131n\u0131 T\u00fcrkiye&#8217;de, bilhassa sarayda ge\u00e7irmi\u015f, sultanlarla oturup kalkm\u0131\u015ft\u0131r. \u015eunlar\u0131 yaz\u0131yor:<\/p>\n<p>\u201cAbd\u00fclhamid&#8217;in saltanat devrinde biz, Y\u0131ld\u0131z&#8217;da olup biten her \u015feyin i\u00e7indeydik, her \u015fey kula\u011f\u0131m\u0131za gelirdi. \u00abPara ile tutulmu\u015f k\u0131\u015fk\u0131rt\u0131c\u0131 ajan oldu\u011fu herkes\u00e7e bilinen bir Ermeni piskoposu Van ile \u0130stanbul aras\u0131nda mekik dokurdu; bu say\u0131n despotun (Ermenilerin s\u00f6yleyi\u015fiyle), her gidi\u015f geli\u015finde Ermeniler aras\u0131nda baz\u0131 kayna\u015fmalar oldu\u011fu dikkati \u00e7ekmi\u015fti. Fakat o zaman\u0131n T\u00fcrklerini tan\u0131rs\u0131n\u0131z, nas\u0131l iyi y\u00fcrekli ve civanmert olduklar\u0131n\u0131 bilirsiniz; hi\u00e7bir adili\u011fi, hi\u00e7bir k\u00fc\u00e7\u00fckl\u00fc\u011f\u00fc havsalalar\u0131 almad\u0131\u011f\u0131 gibi, pek \u00f6yle her \u015feyi umursamayan, a\u011f\u0131r insanlar. S\u00f6z\u00fcn k\u0131sas\u0131, daima \u2018Bakal\u0131m\u2019 deyip ge\u00e7erler. Bununla beraber, g\u00fcn\u00fcn birinde piskoposun foyas\u0131 meydana \u00e7\u0131kt\u0131. Despot (Avrupa&#8217;da s\u00f6ylenildi\u011fi gibi), ger\u00e7ek bir ayaklanmay\u0131 haz\u0131rlamak i\u00e7in \u0130ngilizler taraf\u0131ndan tutulmu\u015f. \u0130\u015fte b\u00f6ylece Ermeniler M\u00fcsl\u00fcman \u00e7ocuklar\u0131n\u0131 yakalay\u0131p yakalay\u0131p bo\u011fazlad\u0131lar. H\u00e2dise b\u00fct\u00fcn teferruat\u0131yla aynen v\u00e2kidir. Yavrucaklar\u0131n \u00f6l\u00fclerini par\u00e7a par\u00e7a ettiler, masalar\u0131n \u00fczerine koydular, bir kasap d\u00fckk\u00e2n\u0131 gibi, te\u015fhir ettiler ve \u2018T\u00fcrk eti, Domuz eti!\u2019 diye avaz avaz ba\u011f\u0131rarak sat\u0131\u015fa \u00e7\u0131kard\u0131lar.\u201d<\/p>\n<p>Bana nakledilen di\u011fer bir hik\u00e2ye de, diyor Pierre Loti, hemen hemen b\u00fct\u00fcn \u00f6mr\u00fcn\u00fc T\u00fcrkiye&#8217;de ge\u00e7irmi\u015f ve \u00f6zellikle sava\u015f s\u00fcresince T\u00fcrkiye&#8217;de bulunarak daima sayg\u0131 ve itibar g\u00f6rm\u00fc\u015f olan ba\u015fka bir Frans\u0131z kad\u0131n\u0131n\u0131n yazd\u0131klar\u0131d\u0131r:<\/p>\n<p>\u201cBurada kurulmu\u015f olan Ermeni yetimhaneleriyle \u015fu s\u0131rada \u00e7ok me\u015fgul olan ciddi ve zeki bir Ermeni han\u0131m\u0131 d\u00fcn bana \u015funlar\u0131 anlatt\u0131: T\u00fcrk ailelerinde bulunabilen Ermeni \u00e7ocuklar\u0131n\u0131 geri almak i\u00e7in her tarafta ara\u015ft\u0131rmalar yap\u0131ld\u0131. Abd\u00fclhamid&#8217;in \u015fehzadelerinden birinin hareminde bir gen\u00e7 k\u0131z\u0131n bulundu\u011fu istihbar edildi. Almak istedik, derhal teslim ettiler. K\u0131z on be\u015findeydi ve on y\u0131l \u00f6nce \u015fehzadenin nezdine getirilmi\u015fti. Daima fevkal\u00e2de iyi muamele g\u00f6rm\u00fc\u015f, Hristiyan ad\u0131 Isabelle de\u011fi\u015ftirilmemi\u015f, yan\u0131nda hi\u00e7bir zaman din s\u00f6z\u00fc edilmemi\u015f, el \u00fcst\u00fcnde tutulmu\u015f ve m\u00fckemmel yeti\u015ftirilmi\u015f. \u00dcz\u00fcle \u00fcz\u00fcle geri verdiler ve yolculu\u011fu i\u00e7in bir araba tahsis ettiler. (O s\u0131ralarda araba fiyatlar\u0131 m\u00fcthi\u015f pahal\u0131 idi, bir araba tutmaya kimsenin g\u00fcc\u00fc yetmezdi.) Ertesi g\u00fcn yetimhaneye bir harema\u011fas\u0131 geldi ve k\u0131za d\u00f6rt ba\u015f\u0131 mamur bir \u00e7eyiz getirdi. Bu \u00e7eyizde neler yoktu ki&#8230; Elbiseler, pahal\u0131 kuma\u015flar, \u00e7ama\u015f\u0131rlar ve ayr\u0131ca da en k\u0131ymetli m\u00fccevherler. Hepsini k\u0131za teslim etti. \u00c7ocuklu\u011funu ge\u00e7irdi\u011fi evden ayr\u0131l\u0131rken tepeden t\u0131rna\u011fa donatmadan g\u00f6ndermek istememi\u015flerdi. \u0130\u015fte T\u00fcrkler b\u00f6yledir! \u015eu ince teferruata dikkat buyurunuz: hemen ertesi g\u00fcn\u00fc oluyor bu. Herhangi bir bask\u0131 ile, tesirle de\u011fil, s\u0131rf iyi kalplilikle, civanmertlikle. Bu olay\u0131 bana, gen\u00e7 k\u0131z\u0131 bizzat al\u0131p yetimhaneye g\u00f6t\u00fcren han\u0131m anlatt\u0131. Bu kad\u0131n Ermeni oldu\u011fundan T\u00fcrk dostu de\u011fildi, bunlar\u0131 anlat\u0131rken pek hakl\u0131 olarak karde\u015flerini \u00f6ld\u00fcrenleri sevemedi\u011fini de s\u00f6zlerine ekledi (bu katliamlar konusunda ona verilecek \u00e7ok cevap vard\u0131!) fakat T\u00fcrkiye&#8217;de her Allan\u0131n g\u00fcn\u00fc \u00f6yle incelik ve asalet \u00f6rnekleriyle kar\u015f\u0131la\u015fm\u0131\u015ft\u0131 ki, T\u00fcrklere ister istemez hayran olmu\u015ftu.\u00bb<a href=\"#_ftn2\" name=\"_ftnref2\">[2]<\/a><\/p>\n<h2><strong>Te\u011fmen Louis Antier&#8217;nin Pierre Loti&#8217;ye mektubu<\/strong><\/h2>\n<p>\u201cKumandan\u0131m, <em>Ermeni katliam\u0131<\/em> hakk\u0131nda ne\u015fretmi\u015f bulundu\u011funuz iyi niyetli bro\u015f\u00fcr i\u00e7in, n\u00e2\u00e7iz bir aste\u011fmen olarak kendi ad\u0131ma ve baz\u0131 arkada\u015flar\u0131m nam\u0131na size te\u015fekk\u00fcr etmek istiyorum. \u015eahsen ben, sava\u015f boyunca \u015farkta epey bulundum. Diyebilirim ki cesur ve medeni insanlar yaln\u0131z T\u00fcrklerdi. Vah\u015fi Bulgar\u0131n, hileci Rumun yan\u0131nda T\u00fcrk, ailev\u00ee ve i\u00e7tima\u00ee faziletlerin hepsini nefsinde toplam\u0131\u015f. Ermenilere gelince, Balkanlar\u0131n en berbat \u0131rk\u0131 o. Sahtek\u00e2r, pespaye, yalanc\u0131&#8230; Menfur insanlard\u0131 onlar. Ermeni katliam\u0131 diyorlar, habbeyi kubbe yaparak&#8230; Hakikatte b\u00fct\u00fcn k\u0131taller (e\u011fer katliam diye bir \u015fey varsa) \u00e7irkin Ermenilerin tahriklerinin eseridir. Ermeniler kendilerini daha kuvvetli hissettikleri b\u00f6lgelerde, g\u00fc\u00e7lerinin yetti\u011fi T\u00fcrkleri haraca kesiyorlar, eziyorlar, \u00f6ld\u00fcr\u00fcyorlard\u0131. Ufak ufak gruplar h\u00e2linde i\u015flenen bu cinayetler Avrupa&#8217;da kimsenin dikkatini \u00e7ekmiyordu, i\u015fte bunlar katliamd\u0131. \u0130sterseniz mektubumu ad\u0131mla, unvan\u0131mla ne\u015fredebilirsiniz. Elimden ba\u015fka bir \u015fey gelmedi\u011fi i\u00e7in \u00fczg\u00fcn\u00fcm sadece. T\u00fcrklere yakla\u015fabildi\u011fim andan beri onlar\u0131 seviyorum. Ba\u015fkalar\u0131nda mevcut olmayan b\u00fct\u00fcn meziyetler onlarda var.\u201d<a href=\"#_ftn3\" name=\"_ftnref3\">[3]<\/a> Louis Antier (imza ve adres)<\/p>\n<p>Pek \u00e7ok belge aras\u0131ndan rastgele ve k\u0131saltarak verdi\u011fimiz bu mektuplar g\u00f6r\u00fcld\u00fc\u011f\u00fc gibi Frans\u0131zlara aittir ve de\u011ferli Frans\u0131z edibi, b\u00fcy\u00fck T\u00fcrk dostu Pierre Loti&#8217;ye g\u00f6nderilmi\u015ftir. Her biri kendili\u011finden bir ger\u00e7e\u011fi dile getirmekte, eski hadiselerin i\u00e7 y\u00fcz\u00fcn\u00fc ayd\u0131nlatmaktad\u0131r. Bu belgeleri okuduktan sonra Ermeni vatanda\u015flar\u0131m\u0131z aras\u0131nda elbette g\u00fccenenler, gocunanlar olacakt\u0131r. Ama ne yapal\u0131m? Eski bir m\u0131sra ile: \u201cMazurdur merasime dair kusurumuz.\u201d<\/p>\n<h2><strong>Niye ve neyi bekliyoruz<\/strong><\/h2>\n<p>Art\u0131k anla\u015f\u0131ld\u0131 ki, k\u0131namak yetmiyor. Bir k\u0131namak s\u00f6zc\u00fc\u011f\u00fcyle ge\u00e7i\u015ftirilemez bu vah\u015fet&#8230; Millet\u00e7e, devlet\u00e7e k\u0131nama, kanayan kalbimizin kapanmayan yaras\u0131n\u0131 sarmaya k\u00e2fi gelmiyor; duygular\u0131m\u0131z\u0131, heyecanlar\u0131m\u0131z\u0131, ac\u0131lar\u0131m\u0131z\u0131 kar\u015f\u0131lam\u0131yor. K\u0131namakla beraber ba\u015fka yollar\u0131 da s\u0131namal\u0131y\u0131z art\u0131k. \u00c7ok daha ciddi tedbirler almal\u0131y\u0131z. Bunun zaman\u0131 geldi de ge\u00e7ti bile. Siyasal Bilgiler Fak\u00fcltesi ders m\u00fcfredat\u0131na Ermeni Meselesi&#8217;nin il\u00e2vesi elbette iyi bir ba\u015flang\u0131\u00e7t\u0131r, ama yeterli de\u011fildir. Bu dersin de tesirleri hudutlu, taksitleri uzun vadelidir. Daha \u00e7abuk sonu\u00e7 almal\u0131y\u0131z. Art\u0131k acil ve ciddi tedbirlere y\u00f6nelmeliyiz. Yap\u0131lacak ilk i\u015f, Yan\u0131kyan, Al\u0131kyan, Sap\u0131kyan, Kilimciyan, Kinciyanlar\u0131n dillerine dolad\u0131klar\u0131 Jenosid (soyk\u0131r\u0131m\u0131, katliam) denen tarih\u00ee masal\u0131n \u00fczerine y\u00fcr\u00fcmektir. \u0130lk \u00f6nce onu a\u00e7\u0131kl\u0131\u011fa kavu\u015fturmal\u0131y\u0131z. Meseleyi, ba\u015fta Ermeni toplumu olmak \u00fczere b\u00fct\u00fcn Hristiyan Bat\u0131 d\u00fcnyas\u0131 \u00f6n\u00fcnde tart\u0131\u015fmal\u0131y\u0131z. \u0130nsanl\u0131\u011f\u0131n y\u00fcz karas\u0131 Ermeni vah\u015fetini ispat i\u00e7in elimizde y\u0131\u011f\u0131nla belge, dosyalar dolusu delil var. Sa\u011flam ar\u015fivler, itiraz kabul etmez, su g\u00f6t\u00fcrmez deliller&#8230; Hi\u00e7birini biz yapmam\u0131\u015f\u0131z, biz yazmam\u0131\u015f\u0131z. Hepsi yabanc\u0131 g\u00f6zlemcilere \u00e2it. Vak&#8217;a, \u015fah\u0131s, g\u00fcn, saat, yer belirtilerek, adres ve imzalar\u0131yla hepsi yabanc\u0131lara \u00e2it. Yukar\u0131da iktibas etti\u011fimiz birka\u00e7 mektup gibi&#8230; B\u00fct\u00fcn \u015fahitleri, delilleri konu\u015fturarak, tarafs\u0131z, objektif m\u00fc\u015f\u00e2hadeleri ortaya koyarak, bu tarih\u00ee sahtek\u00e2rl\u0131\u011f\u0131 y\u00fczlerine vurmal\u0131y\u0131z. Bir tomar vesikay\u0131 \u015famar gibi suratlar\u0131na \u00e7arpmal\u0131y\u0131z. B\u0131rak\u0131n\u0131z, k\u0131namay\u0131 Ermeni cem\u00e2ati yaps\u0131n; Ermeni kiliselerinin m\u00fctevelli heyetleri yaps\u0131n; Patrik Efendi yaps\u0131n. Zaten ba\u015fka ne yapabilirler? Onlar\u0131n hesab\u0131na en uygun, en ucuz gelen hareket bu de\u011fil midir? Ama biz, bir adi yalan\u0131 ve onun ard\u0131ndaki k\u0131z\u0131l ger\u00e7e\u011fi kula\u011f\u0131ndan tutup d\u00fcnya vicdan\u0131 huzuruna getirmeye her zaman muktediriz; hem de en derin kalp huzuru ile&#8230; O halde niye ve neyi bekliyoruz?<\/p>\n<h2><strong>1973-1981 y\u0131llar\u0131 aras\u0131nda Ermeni sald\u0131r\u0131lar\u0131n\u0131n krolonojik listesi<\/strong><\/h2>\n<p><img loading=\"lazy\" decoding=\"async\" class=\"alignnone size-full wp-image-12989\" src=\"https:\/\/millidusunce.com\/misak\/wp-content\/uploads\/2021\/04\/1973.png\" alt=\"\" width=\"888\" height=\"657\" srcset=\"https:\/\/millidusunce.com\/misak\/wp-content\/uploads\/2021\/04\/1973.png 888w, https:\/\/millidusunce.com\/misak\/wp-content\/uploads\/2021\/04\/1973-300x222.png 300w, https:\/\/millidusunce.com\/misak\/wp-content\/uploads\/2021\/04\/1973-150x111.png 150w, https:\/\/millidusunce.com\/misak\/wp-content\/uploads\/2021\/04\/1973-768x568.png 768w\" sizes=\"auto, (max-width: 888px) 100vw, 888px\" \/><\/p>\n<p><strong>27 Ocak 1973: <\/strong>Los Angeles Ba\u015fkonsolosumuz Mehmet Baydar ve yard\u0131mc\u0131s\u0131 Bahad\u0131r Demir, M\u0131g\u0131rd\u0131\u00e7 Yan\u0131kyan ad\u0131nda 77 ya\u015f\u0131ndaki bir Ermeni taraf\u0131ndan Santa Barbara&#8217;da bir otelde tabanca ile vurularak \u00f6ld\u00fcr\u00fcld\u00fc.<\/p>\n<p><img loading=\"lazy\" decoding=\"async\" class=\"alignnone size-full wp-image-12990\" src=\"https:\/\/millidusunce.com\/misak\/wp-content\/uploads\/2021\/04\/danis_tunaligil_40_yil_once_katledildi2.jpg\" alt=\"\" width=\"543\" height=\"330\" srcset=\"https:\/\/millidusunce.com\/misak\/wp-content\/uploads\/2021\/04\/danis_tunaligil_40_yil_once_katledildi2.jpg 543w, https:\/\/millidusunce.com\/misak\/wp-content\/uploads\/2021\/04\/danis_tunaligil_40_yil_once_katledildi2-300x182.jpg 300w, https:\/\/millidusunce.com\/misak\/wp-content\/uploads\/2021\/04\/danis_tunaligil_40_yil_once_katledildi2-150x91.jpg 150w\" sizes=\"auto, (max-width: 543px) 100vw, 543px\" \/><\/p>\n<p><strong>22 Ekim 1975: <\/strong>3 Ermeni, Viyana B\u00fcy\u00fckel\u00e7imiz D\u00e2ni\u015f Tunal\u0131gil&#8217;i makam\u0131nda otomatik silahla vurarak \u00f6ld\u00fcrd\u00fcler.<\/p>\n<p><img loading=\"lazy\" decoding=\"async\" class=\"alignnone size-full wp-image-12991\" src=\"https:\/\/millidusunce.com\/misak\/wp-content\/uploads\/2021\/04\/ismail-erez.jpg\" alt=\"\" width=\"479\" height=\"307\" srcset=\"https:\/\/millidusunce.com\/misak\/wp-content\/uploads\/2021\/04\/ismail-erez.jpg 479w, https:\/\/millidusunce.com\/misak\/wp-content\/uploads\/2021\/04\/ismail-erez-300x192.jpg 300w, https:\/\/millidusunce.com\/misak\/wp-content\/uploads\/2021\/04\/ismail-erez-150x96.jpg 150w\" sizes=\"auto, (max-width: 479px) 100vw, 479px\" \/><\/p>\n<p><strong>24 Ekim 1975: <\/strong>Paris B\u00fcy\u00fckel\u00e7imiz \u0130smail Erez, resm\u00ee bir ziyaretten d\u00f6nerken, otomobili i\u00e7inde kur\u015fun ya\u011fmuruna tutularak \u00f6ld\u00fcr\u00fcld\u00fc. Sald\u0131r\u0131da makam \u015fof\u00f6r\u00fc Talip Yener de hayat\u0131n\u0131 kaybetti.<\/p>\n<p><img loading=\"lazy\" decoding=\"async\" class=\"alignnone size-full wp-image-12992\" src=\"https:\/\/millidusunce.com\/misak\/wp-content\/uploads\/2021\/04\/oktay-cirit.jpg\" alt=\"\" width=\"900\" height=\"629\" srcset=\"https:\/\/millidusunce.com\/misak\/wp-content\/uploads\/2021\/04\/oktay-cirit.jpg 900w, https:\/\/millidusunce.com\/misak\/wp-content\/uploads\/2021\/04\/oktay-cirit-300x210.jpg 300w, https:\/\/millidusunce.com\/misak\/wp-content\/uploads\/2021\/04\/oktay-cirit-150x105.jpg 150w, https:\/\/millidusunce.com\/misak\/wp-content\/uploads\/2021\/04\/oktay-cirit-768x537.jpg 768w\" sizes=\"auto, (max-width: 900px) 100vw, 900px\" \/><\/p>\n<p><strong>16 \u015eubat 1976<\/strong>: Beyrut B\u00fcy\u00fckel\u00e7ili\u011fimiz Ba\u015fk\u00e2tibi Oktay Cirit bir ma\u011fazaya girerken Ermeni tedhi\u015f\u00e7iler taraf\u0131ndan s\u0131rt\u0131ndan vurularak \u00f6ld\u00fcr\u00fcld\u00fc.<\/p>\n<p><img loading=\"lazy\" decoding=\"async\" class=\"alignnone size-full wp-image-12994\" src=\"https:\/\/millidusunce.com\/misak\/wp-content\/uploads\/2021\/04\/resim_2021-04-24_162409.png\" alt=\"\" width=\"650\" height=\"555\" srcset=\"https:\/\/millidusunce.com\/misak\/wp-content\/uploads\/2021\/04\/resim_2021-04-24_162409.png 650w, https:\/\/millidusunce.com\/misak\/wp-content\/uploads\/2021\/04\/resim_2021-04-24_162409-300x256.png 300w, https:\/\/millidusunce.com\/misak\/wp-content\/uploads\/2021\/04\/resim_2021-04-24_162409-150x128.png 150w\" sizes=\"auto, (max-width: 650px) 100vw, 650px\" \/><\/p>\n<p><strong>9 Haziran 1977<\/strong>: Vatikan B\u00fcy\u00fckel\u00e7imiz Taha Car\u0131m, Roma&#8217;daki evinin \u00f6n\u00fcnde Ermeniler taraf\u0131ndan \u00f6ld\u00fcr\u00fcld\u00fc.<\/p>\n<p><img loading=\"lazy\" decoding=\"async\" class=\"alignnone wp-image-12995 size-full\" src=\"https:\/\/millidusunce.com\/misak\/wp-content\/uploads\/2021\/04\/zeki-kuneralp.jpg\" alt=\"\" width=\"400\" height=\"281\" srcset=\"https:\/\/millidusunce.com\/misak\/wp-content\/uploads\/2021\/04\/zeki-kuneralp.jpg 400w, https:\/\/millidusunce.com\/misak\/wp-content\/uploads\/2021\/04\/zeki-kuneralp-300x211.jpg 300w, https:\/\/millidusunce.com\/misak\/wp-content\/uploads\/2021\/04\/zeki-kuneralp-150x105.jpg 150w\" sizes=\"auto, (max-width: 400px) 100vw, 400px\" \/><\/p>\n<p><strong>2 Haziran 1978<\/strong>: Madrid B\u00fcy\u00fckel\u00e7imiz Zeki Kuneralp&#8217;in e\u015fi Necla Kuneralp ile karde\u015fi emekli b\u00fcy\u00fckel\u00e7i Be\u015fir Balc\u0131o\u011flu Ermeni tedhi\u015f\u00e7iler taraf\u0131ndan \u00f6ld\u00fcr\u00fcld\u00fcler.<\/p>\n<p><img loading=\"lazy\" decoding=\"async\" class=\"alignnone size-full wp-image-12996\" src=\"https:\/\/millidusunce.com\/misak\/wp-content\/uploads\/2021\/04\/ahmet-benler.jpg\" alt=\"\" width=\"1000\" height=\"377\" srcset=\"https:\/\/millidusunce.com\/misak\/wp-content\/uploads\/2021\/04\/ahmet-benler.jpg 1000w, https:\/\/millidusunce.com\/misak\/wp-content\/uploads\/2021\/04\/ahmet-benler-300x113.jpg 300w, https:\/\/millidusunce.com\/misak\/wp-content\/uploads\/2021\/04\/ahmet-benler-150x57.jpg 150w, https:\/\/millidusunce.com\/misak\/wp-content\/uploads\/2021\/04\/ahmet-benler-768x290.jpg 768w\" sizes=\"auto, (max-width: 1000px) 100vw, 1000px\" \/><\/p>\n<p><strong>12 Ekim 1979:<\/strong> Lahey B\u00fcy\u00fckel\u00e7imiz \u00d6zdemir Benler&#8217;in o\u011flu 27 ya\u015f\u0131ndaki Ahmet Benler Ermeniler taraf\u0131ndan \u00f6ld\u00fcr\u00fcld\u00fc.<\/p>\n<p><img loading=\"lazy\" decoding=\"async\" class=\"size-full wp-image-12997 aligncenter\" src=\"https:\/\/millidusunce.com\/misak\/wp-content\/uploads\/2021\/04\/yilmaz-colpan.jpg\" alt=\"\" width=\"250\" height=\"220\" srcset=\"https:\/\/millidusunce.com\/misak\/wp-content\/uploads\/2021\/04\/yilmaz-colpan.jpg 250w, https:\/\/millidusunce.com\/misak\/wp-content\/uploads\/2021\/04\/yilmaz-colpan-150x132.jpg 150w\" sizes=\"auto, (max-width: 250px) 100vw, 250px\" \/><\/p>\n<p><strong>22 Aral\u0131k 1979:<\/strong> Paris Turizm M\u00fc\u015favirimiz Y\u0131lmaz \u00c7olpan Ermeniler taraf\u0131ndan \u00f6ld\u00fcr\u00fcld\u00fc.<\/p>\n<p><strong>6 \u015eubat 1980: <\/strong>Bern B\u00fcy\u00fckel\u00e7imiz Do\u011fan T\u00fcrkmen, Kilimciyan ad\u0131ndaki bir Ermeni taraf\u0131ndan yayl\u0131m ate\u015fine tutuldu. B\u00fcy\u00fckel\u00e7imiz T\u00fcrkmen bu sald\u0131r\u0131dan yaral\u0131 olarak kurtuldu.<\/p>\n<p><strong>17 Nisan 1980: <\/strong>Vatikan B\u00fcy\u00fckel\u00e7imiz Vecdi T\u00fcrel ve koruma polisi Ermenilerin silahl\u0131 sald\u0131r\u0131s\u0131 sonucu yaraland\u0131lar.<\/p>\n<p><img loading=\"lazy\" decoding=\"async\" class=\"size-full wp-image-12998 aligncenter\" src=\"https:\/\/millidusunce.com\/misak\/wp-content\/uploads\/2021\/04\/Atina_Diplomat_Galip_OZMEN.jpg\" alt=\"\" width=\"400\" height=\"376\" srcset=\"https:\/\/millidusunce.com\/misak\/wp-content\/uploads\/2021\/04\/Atina_Diplomat_Galip_OZMEN.jpg 400w, https:\/\/millidusunce.com\/misak\/wp-content\/uploads\/2021\/04\/Atina_Diplomat_Galip_OZMEN-300x282.jpg 300w, https:\/\/millidusunce.com\/misak\/wp-content\/uploads\/2021\/04\/Atina_Diplomat_Galip_OZMEN-150x141.jpg 150w\" sizes=\"auto, (max-width: 400px) 100vw, 400px\" \/><\/p>\n<p><strong>31 Temmuz 1980:<\/strong> Atina B\u00fcy\u00fckel\u00e7ili\u011fi \u0130dar\u00ee Ata\u015fesi Galip \u00d6zmen evinin \u00f6n\u00fcnde otomobilini park ederken bir Ermeni tedhi\u015f\u00e7i taraf\u0131ndan \u00f6ld\u00fcr\u00fcld\u00fc. Ayr\u0131ca \u00d6zmen&#8217;in e\u015fi Sevil \u00d6zmen ve k\u0131z\u0131 Neslihan \u00d6zmen a\u011f\u0131r yaraland\u0131lar. 14 ya\u015f\u0131ndaki Neslihan \u00d6zmen de kald\u0131r\u0131ld\u0131\u011f\u0131 hastanede \u00f6ld\u00fc. \u00d6zmen&#8217;in iki o\u011flundan Kaan \u00d6zmen hafif yaraland\u0131, Alper \u00d6zmen ise olaydan yara almadan kurtuldu.<\/p>\n<p><strong>17 Eyl\u00fcl 1980:<\/strong> Paris B\u00fcy\u00fckel\u00e7ili\u011fimiz bas\u0131n m\u00fc\u015faviri Sel\u00e7uk Bakkalba\u015f\u0131, Ermenilerin silahl\u0131 sald\u0131r\u0131s\u0131 sonunda a\u011f\u0131r yaraland\u0131.<\/p>\n<p><img loading=\"lazy\" decoding=\"async\" class=\"alignnone size-large wp-image-12999\" src=\"https:\/\/millidusunce.com\/misak\/wp-content\/uploads\/2021\/04\/sarik-ariyak-1024x615.jpg\" alt=\"\" width=\"1024\" height=\"615\" srcset=\"https:\/\/millidusunce.com\/misak\/wp-content\/uploads\/2021\/04\/sarik-ariyak-1024x615.jpg 1024w, https:\/\/millidusunce.com\/misak\/wp-content\/uploads\/2021\/04\/sarik-ariyak-300x180.jpg 300w, https:\/\/millidusunce.com\/misak\/wp-content\/uploads\/2021\/04\/sarik-ariyak-150x90.jpg 150w, https:\/\/millidusunce.com\/misak\/wp-content\/uploads\/2021\/04\/sarik-ariyak-768x461.jpg 768w, https:\/\/millidusunce.com\/misak\/wp-content\/uploads\/2021\/04\/sarik-ariyak.jpg 1088w\" sizes=\"auto, (max-width: 1024px) 100vw, 1024px\" \/><\/p>\n<p><strong>17 Aral\u0131k 1980<\/strong>: Sidney Ba\u015fkonsolosumuz \u015ear\u0131k Ar\u0131yak ile koruma polisi Engin Sever Ermeniler taraf\u0131ndan \u00f6ld\u00fcr\u00fcld\u00fc.<\/p>\n<p><img loading=\"lazy\" decoding=\"async\" class=\"alignnone size-full wp-image-13000\" src=\"https:\/\/millidusunce.com\/misak\/wp-content\/uploads\/2021\/04\/resat-morali.jpg\" alt=\"\" width=\"1017\" height=\"434\" srcset=\"https:\/\/millidusunce.com\/misak\/wp-content\/uploads\/2021\/04\/resat-morali.jpg 1017w, https:\/\/millidusunce.com\/misak\/wp-content\/uploads\/2021\/04\/resat-morali-300x128.jpg 300w, https:\/\/millidusunce.com\/misak\/wp-content\/uploads\/2021\/04\/resat-morali-150x64.jpg 150w, https:\/\/millidusunce.com\/misak\/wp-content\/uploads\/2021\/04\/resat-morali-768x328.jpg 768w\" sizes=\"auto, (max-width: 1017px) 100vw, 1017px\" \/><\/p>\n<p><strong>4 Mart 1981:<\/strong> T\u00fcrkiye&#8217;nin Paris \u00c7al\u0131\u015fma Ata\u015fesi Re\u015fat Moral\u0131 Ermeniler taraf\u0131ndan \u00f6ld\u00fcr\u00fcld\u00fc. Yan\u0131nda bulunan din g\u00f6revlisi Tecelli Ar\u0131 yaraland\u0131 ve tedavi edildi\u011fi hastanede can verdi.<\/p>\n<p><strong>3 Nisan 1981<\/strong>: Kopenhag B\u00fcy\u00fckel\u00e7ili\u011fimiz \u00c7al\u0131\u015fma M\u00fc\u015faviri Cavit Demir, Ermeni tedhi\u015f\u00e7ilerin silahl\u0131 sald\u0131r\u0131s\u0131 sonunda a\u011f\u0131r yaraland\u0131.<\/p>\n<p><img loading=\"lazy\" decoding=\"async\" class=\"alignnone size-full wp-image-13001\" src=\"https:\/\/millidusunce.com\/misak\/wp-content\/uploads\/2021\/04\/mehmet-savas-yerguz.png\" alt=\"\" width=\"741\" height=\"488\" srcset=\"https:\/\/millidusunce.com\/misak\/wp-content\/uploads\/2021\/04\/mehmet-savas-yerguz.png 741w, https:\/\/millidusunce.com\/misak\/wp-content\/uploads\/2021\/04\/mehmet-savas-yerguz-300x198.png 300w, https:\/\/millidusunce.com\/misak\/wp-content\/uploads\/2021\/04\/mehmet-savas-yerguz-150x99.png 150w\" sizes=\"auto, (max-width: 741px) 100vw, 741px\" \/><\/p>\n<p><strong>9 Haziran 1981<\/strong>: T\u00fcrkiye&#8217;nin Cenevre Ba\u015fkonsoloslu\u011fu Sekreteri Mehmet Yarguz, Jan Camko\u00e7yan adl\u0131 bir Ermeni taraf\u0131ndan \u00f6ld\u00fcr\u00fcld\u00fc.<\/p>\n<p><strong>24 Eyl\u00fcl 1981<\/strong>: T\u00fcrkiye&#8217;nin Paris Ba\u015fkonsoloslu\u011fu ile K\u00fclt\u00fcr m\u00fc\u015favirli\u011fine silahl\u0131 Ermeniler taraf\u0131ndan yap\u0131lan bask\u0131n sonucu, g\u00fcvenlik g\u00f6revlisi Cem\u00e2l \u00d6zen \u015fehit oldu. Maiyette Ba\u015fkonsolos Kaya inal a\u011f\u0131r yaraland\u0131.<\/p>\n<p><strong>25 Ekim 1981<\/strong>: T\u00fcrkiye&#8217;nin Roma B\u00fcy\u00fckel\u00e7ili\u011fi \u0130kinci K\u00e2tibi G\u00f6kberk Ergenekon, bir Ermeninin silahl\u0131 sald\u0131r\u0131s\u0131 sonucu a\u011f\u0131r yaraland\u0131.<\/p>\n<p><img loading=\"lazy\" decoding=\"async\" class=\"aligncenter wp-image-13002 size-medium_large\" src=\"https:\/\/millidusunce.com\/misak\/wp-content\/uploads\/2021\/04\/kemal-arikan2-e1619272453832-768x468.jpg\" alt=\"\" width=\"768\" height=\"468\" srcset=\"https:\/\/millidusunce.com\/misak\/wp-content\/uploads\/2021\/04\/kemal-arikan2-e1619272453832-768x468.jpg 768w, https:\/\/millidusunce.com\/misak\/wp-content\/uploads\/2021\/04\/kemal-arikan2-e1619272453832-300x183.jpg 300w, https:\/\/millidusunce.com\/misak\/wp-content\/uploads\/2021\/04\/kemal-arikan2-e1619272453832-150x91.jpg 150w, https:\/\/millidusunce.com\/misak\/wp-content\/uploads\/2021\/04\/kemal-arikan2-e1619272453832.jpg 770w\" sizes=\"auto, (max-width: 768px) 100vw, 768px\" \/><\/p>\n<p><strong>28 Ocak 1982<\/strong>: Los Angeles Ba\u015fkonsolosumuz Kem\u00e2l Ar\u0131kan makam otomobili i\u00e7inde, Ermenilerin silahl\u0131 sald\u0131r\u0131s\u0131 sonucu \u00f6ld\u00fcr\u00fcld\u00fc.<\/p>\n<p><a href=\"#_ftnref1\" name=\"_ftn1\">[1]<\/a> Pierre Loti, La mort de n\u00f6tre chere France en Orient. CalmannLevy bask\u0131s\u0131, Paris 1920, s: 251-253.<\/p>\n<p><a href=\"#_ftnref2\" name=\"_ftn2\">[2]<\/a> Pierre Loti, La mort de n\u00f6tre chere France en Orient. CalmannLevy bask\u0131s\u0131, Paris 1920, s:277-280.<\/p>\n<p><a href=\"#_ftnref3\" name=\"_ftn3\">[3]<\/a> Pierre Loti, La mort de n\u00f6tre chere France en Orient. CalmannLevy bask\u0131s\u0131, Paris 1920, s:271-273.<\/p>\n","protected":false},"excerpt":{"rendered":"<p>T\u00f6re dergisinde 1982 y\u0131l\u0131nda yay\u0131mlanan bu yaz\u0131, Ermeni ter\u00f6r \u00f6rg\u00fct\u00fc Asala&#8217;n\u0131n \u015fehit etti\u011fi insanlar\u0131m\u0131z\u0131n hat\u0131ras\u0131n\u0131 canl\u0131 tutarak, s\u00f6zde Ermeni soyk\u0131r\u0131m\u0131 masallar\u0131n\u0131 o d\u00f6nemde ya\u015fayan yabanc\u0131lar\u0131n Piyer Loti&#8217;ye yazd\u0131\u011f\u0131 mektuplarla de\u011ferlendiriyor.<\/p>\n","protected":false},"author":171,"featured_media":12983,"comment_status":"open","ping_status":"open","sticky":false,"template":"","format":"standard","meta":{"_ef_editorial_meta_date_first-draft-date":"","_ef_editorial_meta_paragraph_assignment":"","footnotes":"","_links_to":"","_links_to_target":""},"categories":[2,66,67],"tags":[780,797,1776,738,52,792,758,1618,1775,646,783,795],"coauthors":[1716],"class_list":["post-12981","post","type-post","status-publish","format-standard","has-post-thumbnail","hentry","category-genel","category-siyaset-tarih","category-tehditler","tag-1915-olaylari","tag-asala","tag-asala-teror-orgutu","tag-asilsiz-ermeni-iddialari","tag-ermeni","tag-ermeni-meselesi","tag-ermeni-teroru","tag-joe-biden","tag-sehit-diplomatlar","tag-sozde-ermeni-soykirimi","tag-sozde-ermeni-soykirimi-yalani","tag-tehcir"],"_links":{"self":[{"href":"https:\/\/millidusunce.com\/misak\/wp-json\/wp\/v2\/posts\/12981","targetHints":{"allow":["GET"]}}],"collection":[{"href":"https:\/\/millidusunce.com\/misak\/wp-json\/wp\/v2\/posts"}],"about":[{"href":"https:\/\/millidusunce.com\/misak\/wp-json\/wp\/v2\/types\/post"}],"author":[{"embeddable":true,"href":"https:\/\/millidusunce.com\/misak\/wp-json\/wp\/v2\/users\/171"}],"replies":[{"embeddable":true,"href":"https:\/\/millidusunce.com\/misak\/wp-json\/wp\/v2\/comments?post=12981"}],"version-history":[{"count":9,"href":"https:\/\/millidusunce.com\/misak\/wp-json\/wp\/v2\/posts\/12981\/revisions"}],"predecessor-version":[{"id":12986,"href":"https:\/\/millidusunce.com\/misak\/wp-json\/wp\/v2\/posts\/12981\/revisions\/12986"}],"wp:featuredmedia":[{"embeddable":true,"href":"https:\/\/millidusunce.com\/misak\/wp-json\/wp\/v2\/media\/12983"}],"wp:attachment":[{"href":"https:\/\/millidusunce.com\/misak\/wp-json\/wp\/v2\/media?parent=12981"}],"wp:term":[{"taxonomy":"category","embeddable":true,"href":"https:\/\/millidusunce.com\/misak\/wp-json\/wp\/v2\/categories?post=12981"},{"taxonomy":"post_tag","embeddable":true,"href":"https:\/\/millidusunce.com\/misak\/wp-json\/wp\/v2\/tags?post=12981"},{"taxonomy":"author","embeddable":true,"href":"https:\/\/millidusunce.com\/misak\/wp-json\/wp\/v2\/coauthors?post=12981"}],"curies":[{"name":"wp","href":"https:\/\/api.w.org\/{rel}","templated":true}]}}