{"id":13125,"date":"2021-05-12T19:30:32","date_gmt":"2021-05-12T16:30:32","guid":{"rendered":"https:\/\/millidusunce.com\/misak\/?p=13125"},"modified":"2021-05-18T14:14:32","modified_gmt":"2021-05-18T11:14:32","slug":"kirazli-ikizdere-profesyonel-bakis","status":"publish","type":"post","link":"https:\/\/millidusunce.com\/misak\/kirazli-ikizdere-profesyonel-bakis\/","title":{"rendered":"Kirazl\u0131, \u0130kizdere, profesyonel bak\u0131\u015f"},"content":{"rendered":"<p>Ormanlar, okyanuslardan sonra ikinci b\u00fcy\u00fck oksijen kayna\u011f\u0131. K\u00f6k\u00fcnden yapra\u011f\u0131na ekosistemde \u00e7ok \u00f6nemli rolleri var. Sincab\u0131ndan kelebe\u011fine, bakterisinden, ar\u0131s\u0131na; geyi\u011finden, irili ufakl\u0131 envai\u00e7e\u015fit b\u00f6ce\u011fine kadar durup dinlenmeden \u00e7al\u0131\u015fan do\u011fa i\u015f\u00e7ilerinin s\u0131\u011f\u0131na\u011f\u0131, evi, yurdu\u2026 Ormanlar\u0131n ekosistemdeki \u00f6nemli rol\u00fcn\u00fcn yan\u0131 s\u0131ra t\u00fcketim malzemesi anlam\u0131nda da olduk\u00e7a geni\u015f kullan\u0131m alan\u0131 var.<\/p>\n<p>\u0130nsanl\u0131\u011f\u0131n varolu\u015fundan bu yana bir\u00e7ok ama\u00e7 ile kesilip bi\u00e7imlendirilen ormanlar\u0131n fertlerini, k\u00e2h \u00fczerine oturdu\u011fumuz sandalye, k\u00e2h okudu\u011fumuz bir kitap, k\u00e2h yaz\u0131 yazd\u0131\u011f\u0131m\u0131z bir kalem ya da sinirlendi\u011fimizde h\u0131n\u00e7la \u00e7arpabildi\u011fimiz bir kap\u0131 olarak g\u00f6rebiliyoruz.<\/p>\n<p>D\u00fcnya n\u00fcfusunun h\u0131zla artmas\u0131, plans\u0131z kentle\u015fme, h\u0131zl\u0131 ve plans\u0131z sanayile\u015fme gibi birbirine ba\u011fl\u0131 geli\u015fmeler, ormanlar\u0131n bu hayati fonksiyonlar\u0131ndan \u00f6te kaplad\u0131\u011f\u0131 alan\u0131n da kullan\u0131labilece\u011fi d\u00fc\u015f\u00fcncesini do\u011furdu \u015f\u00fcphesiz. Kesildi\u011finde k\u00fct\u00fc\u011f\u00fc, yok oldu\u011funda arazisi k\u0131ymetlenen ormanlar, kapitalizmin her yerimizi sard\u0131\u011f\u0131 bir d\u00fcnyada paraya\/ranta e\u015fde\u011fer g\u00f6r\u00fclmeye ba\u015fland\u0131. \u00d6ng\u00f6r\u00fcl\u00fc m\u00fcteahhitlerin, &#8220;abi var ya, buras\u0131 yak\u0131nda nas\u0131l de\u011ferlenir biliyor musun?&#8221; diye girdikleri muhabbetlerin sonu nerelere \u00e7\u0131kt\u0131 tahmin etmek zor de\u011fil.<\/p>\n<p>\u015eehirlerdeki n\u00fcfus artt\u0131k\u00e7a b\u00f6yle b\u00f6yle de\u011ferlendi bu da\u011flar, tepeler(!)\u2026 Hadi biraz daha a\u00e7al\u0131m: \u015eehirler gitgide kalabal\u0131kla\u015f\u0131p, havas\u0131, suyu, topra\u011f\u0131 kirlenince, insanlar \u201c\u015fehrin kalabal\u0131\u011f\u0131ndan uzak, do\u011fa ile i\u00e7 i\u00e7e\u201d yerlere gitme ihtiyac\u0131 hissetti. Bu ihtiya\u00e7, in\u015faat firmalar\u0131 i\u00e7in \u00f6nemli bir f\u0131rsatt\u0131. Derhal ormana yak\u0131n, hatta ormanla i\u00e7 i\u00e7e do\u011fal ya\u015fam alanlar\u0131 olu\u015fturulmal\u0131yd\u0131. Se\u00e7kin, ayr\u0131cal\u0131kl\u0131, do\u011fa manzaral\u0131 yeni ya\u015fam alanlar\u0131 b\u00fcy\u00fck b\u00fcy\u00fck kampanyalarla tan\u0131t\u0131ld\u0131. Kap\u0131\u015f kap\u0131\u015f da sat\u0131ld\u0131. Sonra ne mi oldu? Hepimizin bildi\u011fi gibi \u201c\u00e7aml\u0131 tepeler\u201d, h\u0131zla \u201c\u00e7aml\u0131 rezidanslar\u201da d\u00f6n\u00fc\u015ft\u00fc. \u00dclke genelinde gittik\u00e7e kalabal\u0131kla\u015fan, hemen hemen t\u00fcm \u015fehirlerde ad\u0131 an\u0131ld\u0131k\u00e7a insan\u0131n i\u00e7ini ferahlatan t\u00fcm tepeler, \u201cdo\u011fayla i\u00e7 i\u00e7e\u201d, \u201corman manzaral\u0131\u201d l\u00fcks ya\u015fam alanlar\u0131na d\u00f6n\u00fc\u015ft\u00fc: \u00c7amk\u00f6y Sitesi, Kay\u0131n Rezidans, G\u00fcrgen Bloklar\u0131\u2026 Hep birlikte kirletti\u011fimiz \u015fehirlerden imk\u00e2n\u0131 olanlar h\u0131zl\u0131ca bu ya\u015fam alanlar\u0131na do\u011fru ka\u00e7arken, yerle\u015fim alanlar\u0131 da gitgide ormanlar\u0131n varl\u0131\u011f\u0131n\u0131 tehdit eder hale geldi.<\/p>\n<p>Anlatmaya \u00e7al\u0131\u015ft\u0131\u011f\u0131m kentle\u015fme ile ortaya \u00e7\u0131kan sonu\u00e7lar, orman kayb\u0131m\u0131z\u0131n sadece bir y\u00fcz\u00fcyd\u00fc. Bir de ormanla i\u00e7 i\u00e7e deniz manzaral\u0131 otel meselesi var ki, bu da en az onun kadar k\u00f6t\u00fc. Uzun y\u0131llard\u0131r \u00fclkemizin g\u00fczide k\u0131y\u0131lar\u0131nda, geni\u015f ormanlar\u0131nda, ne hikmetse bir otellik yang\u0131nlar \u00e7\u0131k\u0131yor! Ne ac\u0131d\u0131r ki, bu sene Mu\u011fla\u2019da bir orman yang\u0131n\u0131 haberi duysak, seneye o yerde bilmem ka\u00e7 ki\u015fi kapasiteli l\u00fcks otel yap\u0131ld\u0131\u011f\u0131 haberini duymam\u0131z \u015fa\u015f\u0131rtm\u0131yor bile hi\u00e7birimizi. Yani en az\u0131ndan \u00e7o\u011fumuzu\u2026<\/p>\n<h2>Kirazl\u0131 ve profesyonel bak\u0131\u015f<\/h2>\n<p>Sadece kentle\u015fme i\u00e7in mi ormanlar\u0131m\u0131z\u0131 yok ettik? Hay\u0131r, tabii ki&#8230; \u0130\u015fin bir de maden taraf\u0131 var. Karayoluyla seyahat etti\u011finizde bir\u00e7ok yerde zirveleri t\u0131ra\u015flanm\u0131\u015f, yar\u0131s\u0131na kadar tara\u00e7aland\u0131r\u0131lm\u0131\u015f, delik de\u015fik bir\u00e7ok da\u011f, tepe g\u00f6rmeniz m\u00fcmk\u00fcn. \u0130rili ufakl\u0131 maden projeleri pek g\u00fcndem olu\u015fturmaz, fakat Kaz Da\u011flar\u0131 ya da nokta at\u0131\u015f\u0131 tan\u0131mlamak gerekirse Kirazl\u0131*, \u00f6yle b\u00f6yle de\u011fildi. Burada alt\u0131n aramak amac\u0131yla yap\u0131lan talan hepimizce malum. Yine genelleme yapt\u0131m, d\u00fczeltiyorum: en az\u0131ndan \u00e7o\u011fumuzca\u2026<\/p>\n<p>\u00c7anakkale Belediyesi\u2019nin drone g\u00f6r\u00fcnt\u00fcleriyle ortaya \u00e7\u0131km\u0131\u015ft\u0131 b\u00fcy\u00fck k\u0131y\u0131m. Bu g\u00f6r\u00fcnt\u00fcler ve uydu g\u00f6r\u00fcnt\u00fclerinde, zengin bir ekosisteme sahip Kirazl\u0131&#8217;da on binlerce a\u011fac\u0131n kesildi\u011fi a\u00e7\u0131k\u00e7a g\u00f6r\u00fclebiliyor. Eski ve yeni foto\u011fraflar\u0131 yan yana koydu\u011fumuzda kar\u015f\u0131m\u0131za i\u00e7ler ac\u0131s\u0131 bir manzara \u00e7\u0131k\u0131yor. Peki, Kirazl\u0131\u2019daki bu katliamdan kim sorumlu? Kanadal\u0131 Alamos Gold firmas\u0131! Firman\u0131n Do\u011fu Biga kolunun T\u00fcrk yetkilisi Ahmet \u015eent\u00fcrk, Mart ay\u0131nda verdi\u011fi bir <a href=\"https:\/\/www.youtube.com\/watch?v=6dwwAF_bqpc\">r\u00f6portajda<\/a> toplum vicdan\u0131n\u0131 rahats\u0131z eden a\u00e7\u0131klamalarda bulunmu\u015ftu. \u015eent\u00fcrk&#8217;\u00fcn yapt\u0131\u011f\u0131 a\u00e7\u0131klama, T\u00fcrkiye&#8217;nin maden rezervinin yabanc\u0131 sermayedarlar\u0131n i\u015ftah\u0131n\u0131 nas\u0131l kabartt\u0131\u011f\u0131n\u0131 da g\u00f6steriyor. \u015eent\u00fcrk, \u00c7anakkale Belediyesi&#8217;nin yay\u0131mlad\u0131\u011f\u0131 hava \u00e7ekimlerinde g\u00f6r\u00fclen manzaran\u0131n sosyal bir tepkiye yol a\u00e7t\u0131\u011f\u0131n\u0131, arama faaliyetlerini bu durumu a\u00e7\u0131klamak i\u00e7in durdurduklar\u0131n\u0131 s\u00f6ylemi\u015f, \u015f\u00f6yle devam etmi\u015fti: \u201c<em>Ben bir maden profesyoneliyim<\/em>. Bu manzaraya bakt\u0131\u011f\u0131mda adamlar in\u015faata ba\u015flam\u0131\u015f derim. E\u011fer s\u0131radan bir vatanda\u015f olsayd\u0131m ben de tepki g\u00f6sterirdim.&#8221; (Sonradan arama faaliyetlerinin ruhsat uzatma i\u015flemlerinden dolay\u0131 durduruldu\u011fu a\u00e7\u0131kland\u0131).<\/p>\n<p>&nbsp;<\/p>\n<div id=\"attachment_13127\" style=\"width: 778px\" class=\"wp-caption aligncenter\"><img aria-describedby=\"caption-attachment-13127\" loading=\"lazy\" class=\"size-medium_large wp-image-13127\" src=\"https:\/\/millidusunce.com\/misak\/wp-content\/uploads\/2021\/05\/108204283_dron2-768x432.jpg\" alt=\"\" width=\"768\" height=\"432\" srcset=\"https:\/\/millidusunce.com\/misak\/wp-content\/uploads\/2021\/05\/108204283_dron2-768x432.jpg 768w, https:\/\/millidusunce.com\/misak\/wp-content\/uploads\/2021\/05\/108204283_dron2-300x169.jpg 300w, https:\/\/millidusunce.com\/misak\/wp-content\/uploads\/2021\/05\/108204283_dron2-150x84.jpg 150w, https:\/\/millidusunce.com\/misak\/wp-content\/uploads\/2021\/05\/108204283_dron2.jpg 800w\" sizes=\"(max-width: 768px) 100vw, 768px\" \/><p id=\"caption-attachment-13127\" class=\"wp-caption-text\"><a href=\"https:\/\/www.bbc.com\/turkce\/haberler-turkiye-49245614\" target=\"_blank\" rel=\"noopener\">Kaynak <\/a><\/p><\/div>\n<p>Sadece bununla da kalmay\u0131p, alan\u0131n ruhsat\u0131n\u0131n altm\u0131\u015f y\u0131ll\u0131\u011f\u0131na kendilerine verildi\u011fini, bu i\u015f i\u00e7in otuz y\u0131l beklediklerini, \u00fc\u00e7-be\u015f ay daha bekleyebileceklerini aktard\u0131. Su ve vicdan n\u00f6betine sayg\u0131 duydu\u011funu belirten \u015eent\u00fcrk, kendilerini halka do\u011fru ifade edemediklerini s\u00f6yledi. Bu s\u00f6zler kamuoyunda tepkiye yol a\u00e7t\u0131.<\/p>\n<div id=\"attachment_13128\" style=\"width: 612px\" class=\"wp-caption aligncenter\"><img aria-describedby=\"caption-attachment-13128\" loading=\"lazy\" class=\"size-full wp-image-13128\" src=\"https:\/\/millidusunce.com\/misak\/wp-content\/uploads\/2021\/05\/google-map.png\" alt=\"\" width=\"602\" height=\"517\" srcset=\"https:\/\/millidusunce.com\/misak\/wp-content\/uploads\/2021\/05\/google-map.png 602w, https:\/\/millidusunce.com\/misak\/wp-content\/uploads\/2021\/05\/google-map-300x258.png 300w, https:\/\/millidusunce.com\/misak\/wp-content\/uploads\/2021\/05\/google-map-150x129.png 150w\" sizes=\"(max-width: 602px) 100vw, 602px\" \/><p id=\"caption-attachment-13128\" class=\"wp-caption-text\">Resim: Google Map<\/p><\/div>\n<p>Bizler, birer maden profesyoneli de\u011fil, vatanda\u015flar olarak konuya Ahmet Bey gibi yakla\u015fam\u0131yoruz. Bu konuda \u015firket yetkililerine \u015fu \u015fekilde seslenmek isteriz:<\/p>\n<p>Bizim topra\u011f\u0131m\u0131z\u0131n alt\u0131 da, \u00fcst\u00fc de de\u011ferlidir. De\u011fil da\u011flar\u0131m\u0131z, derelerimiz, ormanlar\u0131m\u0131z, tek bir a\u011fac\u0131m\u0131z bile kimsenin, hele ki yabanc\u0131 sermayedarlar\u0131n ticari h\u0131rslar\u0131na kurban edilemez. Bu anlay\u0131\u015f er ge\u00e7 topraklar\u0131m\u0131zda h\u00e2kim olacakt\u0131r. Binlerce y\u0131ld\u0131r yeti\u015fmi\u015f orman varl\u0131klar\u0131m\u0131z\u0131n, oksijen kaynaklar\u0131m\u0131z\u0131n, yani akci\u011ferlerimizin katledilmesine m\u00fcsaade edilemez. Hat\u0131rlatmak isteriz ki, atalar s\u00f6z\u00fcnde \u015f\u00f6yle denir: <em>&#8220;Ya\u015f kesen, ba\u015f keser!&#8221;<\/em><\/p>\n<p>\u0130lgili r\u00f6portaja a\u015fa\u011f\u0131daki ba\u011flant\u0131dan ula\u015fabilirsiniz:<\/p>\n<p><em><a href=\"https:\/\/www.youtube.com\/watch?v=6dwwAF_bqpc\" target=\"_blank\" rel=\"noopener\">Ba\u011flant\u0131 i\u00e7in t\u0131klay\u0131n\u0131z. <\/a><\/em><\/p>\n<h2><strong>\u0130kizdere<\/strong><\/h2>\n<p>Bir de Rize\u2019ye bakal\u0131m. Bu kez fail yerli fakat mill\u00ee midir \u015f\u00fcpheliyim. Vakti zaman\u0131nda millete galiz k\u00fcf\u00fcrler eden, son y\u0131llarda yap\u0131lan t\u00fcm b\u00fcy\u00fck projelerin y\u00fcklenicisi bir \u015firket desem\u2026 Yeterince ipucu verdim san\u0131yorum.<\/p>\n<p>Karadeniz&#8217;in bir\u00e7ok yerinde yap\u0131lan protestolar\u0131 zaman zaman duyar\u0131z. Y\u0131llard\u0131r bu b\u00f6lgede g\u00fcr\u00fcl g\u00fcr\u00fcl akan t\u00fcm dereler, HES&#8217;lerin elinde mahvoldu. Vatanda\u015f\u0131n tepkisi bunayd\u0131. Baz\u0131 davalar kazan\u0131ld\u0131, baz\u0131lar\u0131na ise engel olunamad\u0131. Bu s\u00fcre\u00e7te Karadeniz epey tahribata u\u011frad\u0131. Bu kez \u00e7\u0131kan sesler, HES&#8217;ler i\u00e7in de\u011fildi. Cengiz \u0130n\u015faat taraf\u0131ndan yap\u0131lmas\u0131 planlanan ta\u015f oca\u011f\u0131 i\u00e7indi. \u0130nsanlar, T\u00fcrk bayraklar\u0131 ast\u0131klar\u0131 protesto alan\u0131nda kep\u00e7elerin \u00e7al\u0131\u015fmas\u0131n\u0131 durdurmak i\u00e7in m\u00fccadele ettiler.<\/p>\n<div id=\"attachment_13136\" style=\"width: 890px\" class=\"wp-caption aligncenter\"><img aria-describedby=\"caption-attachment-13136\" loading=\"lazy\" class=\"size-full wp-image-13136\" src=\"https:\/\/millidusunce.com\/misak\/wp-content\/uploads\/2021\/05\/20210509-bakan-karaismailoglu-ikizdere-eylemine-devam-edenler-marjinal-gruplardir-67582-8ffa82582e4a9149a14d.jpg\" alt=\"\" width=\"880\" height=\"440\" srcset=\"https:\/\/millidusunce.com\/misak\/wp-content\/uploads\/2021\/05\/20210509-bakan-karaismailoglu-ikizdere-eylemine-devam-edenler-marjinal-gruplardir-67582-8ffa82582e4a9149a14d.jpg 880w, https:\/\/millidusunce.com\/misak\/wp-content\/uploads\/2021\/05\/20210509-bakan-karaismailoglu-ikizdere-eylemine-devam-edenler-marjinal-gruplardir-67582-8ffa82582e4a9149a14d-300x150.jpg 300w, https:\/\/millidusunce.com\/misak\/wp-content\/uploads\/2021\/05\/20210509-bakan-karaismailoglu-ikizdere-eylemine-devam-edenler-marjinal-gruplardir-67582-8ffa82582e4a9149a14d-150x75.jpg 150w, https:\/\/millidusunce.com\/misak\/wp-content\/uploads\/2021\/05\/20210509-bakan-karaismailoglu-ikizdere-eylemine-devam-edenler-marjinal-gruplardir-67582-8ffa82582e4a9149a14d-768x384.jpg 768w\" sizes=\"(max-width: 880px) 100vw, 880px\" \/><p id=\"caption-attachment-13136\" class=\"wp-caption-text\"><a href=\"https:\/\/www.tamgaturk.com\/haber\/bakan-karaismailoglu-ikizdere-eylemine-devam-edenler-marjinal-gruplardir-30312.html\" target=\"_blank\" rel=\"noopener\">G\u00f6rsel kaynak: tamgat\u00fcrk<\/a><\/p><\/div>\n<p>Proje alan\u0131n\u0131n \u00e7o\u011fu orman, bir k\u0131sm\u0131 ise \u015fah\u0131s arazisi. \u0130nsan\u0131n do\u011fdu\u011fu toprakta, elleriyle dikti\u011fi a\u011fa\u00e7lar\u0131, suyunu, tarlas\u0131n\u0131, ge\u00e7imini sa\u011flad\u0131\u011f\u0131 ar\u0131c\u0131l\u0131k i\u00e7in gerekli olan bitki \u00f6rt\u00fcs\u00fcn\u00fc korumak ad\u0131na m\u00fccadele etmesi gayet do\u011fal bir refleks. Burada \u00e7o\u011fu \u015fey, belli ki yine vatanda\u015fla birlikte de\u011fil, vatanda\u015fa ra\u011fmen yap\u0131l\u0131yor. \u0130\u015fin k\u00f6t\u00fc taraflar\u0131ndan biri de, vatanda\u015f yine polisi ve askeriyle kar\u015f\u0131 kar\u015f\u0131ya getiriliyor. En son 1 May\u0131s&#8217;ta kep\u00e7eler \u00e7al\u0131\u015fmaya ba\u015flarken vatanda\u015flar kendilerini a\u011fa\u00e7lara zincirlemi\u015fti. Bunun \u00fczerine g\u00f6zalt\u0131na al\u0131nd\u0131lar.<\/p>\n<p>Bu olaylar \u00fczerinde d\u00fc\u015f\u00fcnd\u00fc\u011f\u00fcmde, k\u0131sa vadeli k\u00e2r ama\u00e7lar\u0131 ile milyarlarca y\u0131lda olu\u015fmu\u015f ekosistemin hunharca katledildi\u011fi sonucuna var\u0131yorum ve sonu\u00e7lar\u0131ndan \u00fclkem ad\u0131na endi\u015fe duyuyorum. Klasiktir, kli\u015fedir fakat derin anlam y\u00fckl\u00fcd\u00fcr, K\u0131z\u0131lderili reisine ait oldu\u011fu s\u00f6ylenen \u015fu s\u00f6zler, y\u00e2d etmeden ge\u00e7emiyorum:<\/p>\n<p>&#8220;Beyaz adam, annesi olan topra\u011fa ve karde\u015fi g\u00f6ky\u00fcz\u00fcne, al\u0131n\u0131p sat\u0131lacak, i\u015flenecek, ya\u011fmalanacak bir \u015fey g\u00f6z\u00fcyle bakar. Onun bu ihtiras\u0131d\u0131r ki, topraklar\u0131 \u00e7\u00f6lle\u015ftirecek ve her \u015feyi yiyip bitirecektir. Beyaz adam\u0131n kurdu\u011fu kentlerde, bir \u00e7i\u00e7e\u011fin ta\u00e7 yapraklar\u0131n\u0131n a\u00e7arken \u00e7\u0131kard\u0131\u011f\u0131 tatl\u0131 sesler, bir kelebe\u011fin kanat \u00e7\u0131rp\u0131\u015flar\u0131 duyulamaz. Son \u0131rmak kurudu\u011funda, son a\u011fa\u00e7 yok oldu\u011funda, son bal\u0131k \u00f6ld\u00fc\u011f\u00fcnde; beyaz adam paran\u0131n yenilemeyen bir \u015fey oldu\u011funu anlayacak!&#8221;<\/p>\n<p>Su gibi aziz olunuz.<\/p>\n<p>*<em>\u00c7anakkale\u2019deki bu b\u00f6lgeden bahsedilirken, yap\u0131lan i\u015fi savunanlar\u0131n ilk sav\u0131, b\u00f6lgenin Kaz Da\u011flar\u0131\u2019nda olmad\u0131\u011f\u0131, k\u0131rk kilometre uzakl\u0131kta Kirazl\u0131\u2019da oldu\u011fu. Kirazl\u0131 ya da Kaz Da\u011flar\u0131 ne dersek diyelim, yukar\u0131daki manzara de\u011fi\u015fmiyor.<\/em><\/p>\n<p>&nbsp;<\/p>\n","protected":false},"excerpt":{"rendered":"<p>Bizim topra\u011f\u0131m\u0131z\u0131n alt\u0131 da, \u00fcst\u00fc de de\u011ferlidir. De\u011fil da\u011flar\u0131m\u0131z, derelerimiz, ormanlar\u0131m\u0131z, tek bir a\u011fac\u0131m\u0131z bile kimsenin, hele ki yabanc\u0131 sermayedarlar\u0131n ticari h\u0131rslar\u0131na kurban edilemez.<\/p>\n","protected":false},"author":144,"featured_media":13139,"comment_status":"open","ping_status":"open","sticky":false,"template":"","format":"standard","meta":{"_links_to":"","_links_to_target":""},"categories":[2,69],"tags":[1808,1809,1810],"yoast_head":"<!-- This site is optimized with the Yoast SEO plugin v16.0.2 - https:\/\/yoast.com\/wordpress\/plugins\/seo\/ -->\n<title>Kirazl\u0131, \u0130kizdere, profesyonel bak\u0131\u015f - M\u0130SAK- Mill\u00ee Strateji Ara\u015ft\u0131rma Kurulu<\/title>\n<meta name=\"description\" content=\"Bizim topra\u011f\u0131m\u0131z\u0131n alt\u0131 da, \u00fcst\u00fc de de\u011ferlidir. De\u011fil da\u011flar\u0131m\u0131z, derelerimiz, ormanlar\u0131m\u0131z, tek bir a\u011fac\u0131m\u0131z bile kimsenin, hele ki yabanc\u0131 sermayedarlar\u0131n ticari h\u0131rslar\u0131na kurban edilemez. Bu anlay\u0131\u015f er ge\u00e7 topraklar\u0131m\u0131zda h\u00e2kim olacakt\u0131r.\" \/>\n<link rel=\"canonical\" href=\"https:\/\/millidusunce.com\/misak\/kirazli-ikizdere-profesyonel-bakis\/\" \/>\n<meta property=\"og:locale\" content=\"tr_TR\" \/>\n<meta property=\"og:type\" content=\"article\" \/>\n<meta property=\"og:title\" content=\"Kirazl\u0131, \u0130kizdere, profesyonel bak\u0131\u015f - M\u0130SAK- Mill\u00ee Strateji Ara\u015ft\u0131rma Kurulu\" \/>\n<meta property=\"og:description\" content=\"Bizim topra\u011f\u0131m\u0131z\u0131n alt\u0131 da, \u00fcst\u00fc de de\u011ferlidir. De\u011fil da\u011flar\u0131m\u0131z, derelerimiz, ormanlar\u0131m\u0131z, tek bir a\u011fac\u0131m\u0131z bile kimsenin, hele ki yabanc\u0131 sermayedarlar\u0131n ticari h\u0131rslar\u0131na kurban edilemez. Bu anlay\u0131\u015f er ge\u00e7 topraklar\u0131m\u0131zda h\u00e2kim olacakt\u0131r.\" \/>\n<meta property=\"og:url\" content=\"https:\/\/millidusunce.com\/misak\/kirazli-ikizdere-profesyonel-bakis\/\" \/>\n<meta property=\"og:site_name\" content=\"M\u0130SAK- Mill\u00ee Strateji Ara\u015ft\u0131rma Kurulu\" \/>\n<meta property=\"article:published_time\" content=\"2021-05-12T16:30:32+00:00\" \/>\n<meta property=\"article:modified_time\" content=\"2021-05-18T11:14:32+00:00\" \/>\n<meta property=\"og:image\" content=\"https:\/\/millidusunce.com\/misak\/wp-content\/uploads\/2021\/05\/One_Cikan_Sadiye_Okur.png\" \/>\n\t<meta property=\"og:image:width\" content=\"799\" \/>\n\t<meta property=\"og:image:height\" content=\"432\" \/>\n<meta name=\"twitter:card\" content=\"summary_large_image\" \/>\n<meta name=\"twitter:label1\" content=\"Tahmini okuma s\u00fcresi\">\n\t<meta name=\"twitter:data1\" content=\"5 dakika\">\n<script type=\"application\/ld+json\" class=\"yoast-schema-graph\">{\"@context\":\"https:\/\/schema.org\",\"@graph\":[{\"@type\":\"Organization\",\"@id\":\"https:\/\/millidusunce.com\/misak\/#organization\",\"name\":\"Mill\\u00ee D\\u00fc\\u015f\\u00fcnce Merkezi\",\"url\":\"https:\/\/millidusunce.com\/misak\/\",\"sameAs\":[],\"logo\":{\"@type\":\"ImageObject\",\"@id\":\"https:\/\/millidusunce.com\/misak\/#logo\",\"inLanguage\":\"tr\",\"url\":\"https:\/\/millidusunce.com\/misak\/wp-content\/uploads\/2018\/09\/mdmLogo-yazisiz.jpg\",\"width\":422,\"height\":422,\"caption\":\"Mill\\u00ee D\\u00fc\\u015f\\u00fcnce Merkezi\"},\"image\":{\"@id\":\"https:\/\/millidusunce.com\/misak\/#logo\"}},{\"@type\":\"WebSite\",\"@id\":\"https:\/\/millidusunce.com\/misak\/#website\",\"url\":\"https:\/\/millidusunce.com\/misak\/\",\"name\":\"M\\u0130SAK- Mill\\u00ee Strateji Ara\\u015ft\\u0131rma Kurulu\",\"description\":\"D\\u00fcnyaya T\\u00fcrk\\u00e7\\u00fc Bak\\u0131\\u015f\",\"publisher\":{\"@id\":\"https:\/\/millidusunce.com\/misak\/#organization\"},\"potentialAction\":[{\"@type\":\"SearchAction\",\"target\":\"https:\/\/millidusunce.com\/misak\/?s={search_term_string}\",\"query-input\":\"required name=search_term_string\"}],\"inLanguage\":\"tr\"},{\"@type\":\"ImageObject\",\"@id\":\"https:\/\/millidusunce.com\/misak\/kirazli-ikizdere-profesyonel-bakis\/#primaryimage\",\"inLanguage\":\"tr\",\"url\":\"https:\/\/millidusunce.com\/misak\/wp-content\/uploads\/2021\/05\/One_Cikan_Sadiye_Okur.png\",\"width\":799,\"height\":432},{\"@type\":\"WebPage\",\"@id\":\"https:\/\/millidusunce.com\/misak\/kirazli-ikizdere-profesyonel-bakis\/#webpage\",\"url\":\"https:\/\/millidusunce.com\/misak\/kirazli-ikizdere-profesyonel-bakis\/\",\"name\":\"Kirazl\\u0131, \\u0130kizdere, profesyonel bak\\u0131\\u015f - M\\u0130SAK- Mill\\u00ee Strateji Ara\\u015ft\\u0131rma Kurulu\",\"isPartOf\":{\"@id\":\"https:\/\/millidusunce.com\/misak\/#website\"},\"primaryImageOfPage\":{\"@id\":\"https:\/\/millidusunce.com\/misak\/kirazli-ikizdere-profesyonel-bakis\/#primaryimage\"},\"datePublished\":\"2021-05-12T16:30:32+00:00\",\"dateModified\":\"2021-05-18T11:14:32+00:00\",\"description\":\"Bizim topra\\u011f\\u0131m\\u0131z\\u0131n alt\\u0131 da, \\u00fcst\\u00fc de de\\u011ferlidir. De\\u011fil da\\u011flar\\u0131m\\u0131z, derelerimiz, ormanlar\\u0131m\\u0131z, tek bir a\\u011fac\\u0131m\\u0131z bile kimsenin, hele ki yabanc\\u0131 sermayedarlar\\u0131n ticari h\\u0131rslar\\u0131na kurban edilemez. Bu anlay\\u0131\\u015f er ge\\u00e7 topraklar\\u0131m\\u0131zda h\\u00e2kim olacakt\\u0131r.\",\"breadcrumb\":{\"@id\":\"https:\/\/millidusunce.com\/misak\/kirazli-ikizdere-profesyonel-bakis\/#breadcrumb\"},\"inLanguage\":\"tr\",\"potentialAction\":[{\"@type\":\"ReadAction\",\"target\":[\"https:\/\/millidusunce.com\/misak\/kirazli-ikizdere-profesyonel-bakis\/\"]}]},{\"@type\":\"BreadcrumbList\",\"@id\":\"https:\/\/millidusunce.com\/misak\/kirazli-ikizdere-profesyonel-bakis\/#breadcrumb\",\"itemListElement\":[{\"@type\":\"ListItem\",\"position\":1,\"item\":{\"@type\":\"WebPage\",\"@id\":\"https:\/\/millidusunce.com\/misak\/\",\"url\":\"https:\/\/millidusunce.com\/misak\/\",\"name\":\"Anasayfa\"}},{\"@type\":\"ListItem\",\"position\":2,\"item\":{\"@type\":\"WebPage\",\"@id\":\"https:\/\/millidusunce.com\/misak\/kirazli-ikizdere-profesyonel-bakis\/\",\"url\":\"https:\/\/millidusunce.com\/misak\/kirazli-ikizdere-profesyonel-bakis\/\",\"name\":\"Kirazl\\u0131, \\u0130kizdere, profesyonel bak\\u0131\\u015f\"}}]},{\"@type\":\"Article\",\"@id\":\"https:\/\/millidusunce.com\/misak\/kirazli-ikizdere-profesyonel-bakis\/#article\",\"isPartOf\":{\"@id\":\"https:\/\/millidusunce.com\/misak\/kirazli-ikizdere-profesyonel-bakis\/#webpage\"},\"author\":{\"@id\":\"https:\/\/millidusunce.com\/misak\/#\/schema\/person\/4a87b2052a4b71edbc36f11f431bfc78\"},\"headline\":\"Kirazl\\u0131, \\u0130kizdere, profesyonel bak\\u0131\\u015f\",\"datePublished\":\"2021-05-12T16:30:32+00:00\",\"dateModified\":\"2021-05-18T11:14:32+00:00\",\"mainEntityOfPage\":{\"@id\":\"https:\/\/millidusunce.com\/misak\/kirazli-ikizdere-profesyonel-bakis\/#webpage\"},\"commentCount\":0,\"publisher\":{\"@id\":\"https:\/\/millidusunce.com\/misak\/#organization\"},\"image\":{\"@id\":\"https:\/\/millidusunce.com\/misak\/kirazli-ikizdere-profesyonel-bakis\/#primaryimage\"},\"keywords\":\"\\u0130kizdere,Kirazl\\u0131,ormanlar\",\"articleSection\":\"YAKIN-CO\\u011eRAFYA\",\"inLanguage\":\"tr\",\"potentialAction\":[{\"@type\":\"CommentAction\",\"name\":\"Comment\",\"target\":[\"https:\/\/millidusunce.com\/misak\/kirazli-ikizdere-profesyonel-bakis\/#respond\"]}]},{\"@type\":\"Person\",\"@id\":\"https:\/\/millidusunce.com\/misak\/#\/schema\/person\/4a87b2052a4b71edbc36f11f431bfc78\",\"name\":\"\\u015eadiye Okur\",\"image\":{\"@type\":\"ImageObject\",\"@id\":\"https:\/\/millidusunce.com\/misak\/#personlogo\",\"inLanguage\":\"tr\",\"url\":\"https:\/\/secure.gravatar.com\/avatar\/73f80b311c802521becfd9faf7f1c00f?s=96&d=mm&r=g\",\"caption\":\"\\u015eadiye Okur\"}}]}<\/script>\n<!-- \/ Yoast SEO plugin. -->","_links":{"self":[{"href":"https:\/\/millidusunce.com\/misak\/wp-json\/wp\/v2\/posts\/13125"}],"collection":[{"href":"https:\/\/millidusunce.com\/misak\/wp-json\/wp\/v2\/posts"}],"about":[{"href":"https:\/\/millidusunce.com\/misak\/wp-json\/wp\/v2\/types\/post"}],"author":[{"embeddable":true,"href":"https:\/\/millidusunce.com\/misak\/wp-json\/wp\/v2\/users\/144"}],"replies":[{"embeddable":true,"href":"https:\/\/millidusunce.com\/misak\/wp-json\/wp\/v2\/comments?post=13125"}],"version-history":[{"count":10,"href":"https:\/\/millidusunce.com\/misak\/wp-json\/wp\/v2\/posts\/13125\/revisions"}],"predecessor-version":[{"id":13162,"href":"https:\/\/millidusunce.com\/misak\/wp-json\/wp\/v2\/posts\/13125\/revisions\/13162"}],"wp:featuredmedia":[{"embeddable":true,"href":"https:\/\/millidusunce.com\/misak\/wp-json\/wp\/v2\/media\/13139"}],"wp:attachment":[{"href":"https:\/\/millidusunce.com\/misak\/wp-json\/wp\/v2\/media?parent=13125"}],"wp:term":[{"taxonomy":"category","embeddable":true,"href":"https:\/\/millidusunce.com\/misak\/wp-json\/wp\/v2\/categories?post=13125"},{"taxonomy":"post_tag","embeddable":true,"href":"https:\/\/millidusunce.com\/misak\/wp-json\/wp\/v2\/tags?post=13125"}],"curies":[{"name":"wp","href":"https:\/\/api.w.org\/{rel}","templated":true}]}}