{"id":1330,"date":"2018-02-20T19:15:32","date_gmt":"2018-02-20T16:15:32","guid":{"rendered":"http:\/\/misak.millidusunce.com\/?p=1330"},"modified":"2018-03-10T12:05:42","modified_gmt":"2018-03-10T09:05:42","slug":"avustralyada-protokolde-basbakanin-onunde-yer-alan-turkiyede-ise-otobusten-indirilen-gaziler-ve-sehit-yakinlari","status":"publish","type":"post","link":"https:\/\/millidusunce.com\/misak\/avustralyada-protokolde-basbakanin-onunde-yer-alan-turkiyede-ise-otobusten-indirilen-gaziler-ve-sehit-yakinlari\/","title":{"rendered":"Avustralya\u2019da protokolde ba\u015fbakan\u0131n \u00f6n\u00fcnde yer alan T\u00fcrkiye\u2019de ise otob\u00fcsten indirilen gaziler ve \u015fehit yak\u0131nlar\u0131"},"content":{"rendered":"<p><img loading=\"lazy\" class=\"alignnone size-full wp-image-1339\" src=\"http:\/\/misak.millidusunce.com\/wp-content\/uploads\/2018\/02\/142950-1.jpg\" alt=\"\" width=\"600\" height=\"340\" srcset=\"https:\/\/millidusunce.com\/misak\/wp-content\/uploads\/2018\/02\/142950-1.jpg 600w, https:\/\/millidusunce.com\/misak\/wp-content\/uploads\/2018\/02\/142950-1-150x85.jpg 150w, https:\/\/millidusunce.com\/misak\/wp-content\/uploads\/2018\/02\/142950-1-300x170.jpg 300w\" sizes=\"(max-width: 600px) 100vw, 600px\" \/><\/p>\n<p>25 Ocak 2018&#8217;de Ulusal Kanal\u2019\u0131n ak\u015fam haberlerinde bir gazimizin kimlik kart\u0131n\u0131 g\u00f6sterdi\u011fi h\u00e2lde \u0130stanbul Belediyesi Halk otob\u00fcs\u00fcnden indirili\u015fine dair haberi halk\u0131m\u0131z \u00fcz\u00fcnt\u00fc ile izledi.<\/p>\n<p>Haber yap\u0131l\u0131rken konunun ge\u00e7mi\u015fi bilinmedi\u011finden \u0130stanbul B\u00fcy\u00fck\u015fehir Belediyesi (\u0130BB)\u2019nin s\u00fcr\u00fcc\u00fcy\u00fc g\u00f6revden ald\u0131\u011f\u0131 belirtilerek olay sanki sadece halk otob\u00fcs\u00fcn\u00fcn s\u00fcr\u00fcc\u00fcs\u00fcnden kaynaklan\u0131yormu\u015f ve \u0130BB&#8217;nin hi\u00e7 kusuru yokmu\u015f gibi bir izlenim olu\u015ftu.<\/p>\n<p>Oysa durum tamamen farkl\u0131d\u0131r ve bu \u00fcz\u00fcc\u00fc olay s\u00fcr\u00fcc\u00fcn\u00fcn hi\u00e7bir \u015fekilde kabul edilemeyecek davran\u0131\u015f\u0131ndan \u00f6nce \u0130BB\u2019nin ilgili kanun ve y\u00f6netmeli\u011fi uygulamamas\u0131ndan kaynaklanmaktad\u0131r.<\/p>\n<p>Aile ve Sosyal Politikalar Bakanl\u0131\u011f\u0131 taraf\u0131ndan \u015fehit aileleri ile gazilere verilen kimlik kartlar\u0131n\u0131n belediyeler taraf\u0131ndan otomatik kart tan\u0131ma sistemlerine tan\u0131t\u0131m\u0131n\u0131n yap\u0131lmas\u0131 gerekmektedir. Bu konuda ilgili Bakanl\u0131k t\u00fcm belediyelere tamim yay\u0131mlam\u0131\u015ft\u0131r. Ankara&#8217;da bu i\u015flem yap\u0131ld\u0131\u011f\u0131ndan belediye otob\u00fcs\u00fcne, halk otob\u00fcs\u00fcne veya metroya bindi\u011finizde kart\u0131n\u0131z\u0131 cihaza okutunca\u00a0<strong>&#8220;serbest kart&#8221;<\/strong>\u00a0tan\u0131m\u0131 yap\u0131larak yolcunun ge\u00e7i\u015fine izin verilmektedir.<\/p>\n<p>\u0130stanbul&#8217;da ise otob\u00fcse bindi\u011finizde \u0130BB taraf\u0131ndan sisteme kart tan\u0131t\u0131mlar\u0131 yap\u0131lmad\u0131\u011f\u0131ndan \u015fehit ailesi veya gazi kimlik kart\u0131n\u0131 cihaza okuttu\u011funuzda sistem\u00a0<strong>&#8220;ge\u00e7ersiz kart&#8221;<\/strong>\u00a0ikaz\u0131 vermekte ve baz\u0131 s\u00fcr\u00fcc\u00fcler \u015fehit ailesini ve gaziyi inmeye zorlamaktad\u0131r.<\/p>\n<p>\u0130BB taraf\u0131ndan da yap\u0131lmas\u0131 gereken kart tan\u0131tma i\u015fleminin yap\u0131lmamas\u0131 \u015fehit ailelerinin ve gazilerin s\u00fcr\u00fcc\u00fclerle tart\u0131\u015fmaya girmesine ve ma\u011fdur duruma d\u00fc\u015fmesine sebep olmakta ve \u015fehit aileleri ile gaziler halk\u0131n \u00f6n\u00fcnde a\u015fa\u011f\u0131lanmaktad\u0131r.<\/p>\n<p>Bir gazimiz 29 Ocak 2016 tarihinde Ankara\u2019dan \u0130stanbul&#8217;a yapt\u0131\u011f\u0131 seyahat s\u0131ras\u0131nda benzer bir olay ya\u015fam\u0131\u015f ve durumu bir dilek\u00e7e ile \u0130BB\u2019ye ve Aile ve Sosyal Politikalar Bakanl\u0131\u011f\u0131&#8217;na bildirmi\u015ftir.\u00a0\u0130BB taraf\u0131ndan dilek\u00e7eye verilen cevapta \u015fehit aileleri ve gazilere verilen kart\u0131n AKB\u0130L olarak kullan\u0131lmad\u0131\u011f\u0131, ayr\u0131ca AKB\u0130L kart\u0131 \u00e7\u0131kart\u0131lmas\u0131 gerekti\u011fi bildirilmi\u015ftir. Oysa 4736 say\u0131l\u0131 kanunun 1. Madde Ek f\u0131kras\u0131: 12.7.2013-6495\/88\u2019de \u201c\u015fehit yak\u0131nlar\u0131 ve gaziler belediyelere, belediyeler taraf\u0131ndan kurulan \u015firketlere, birlik, m\u00fcessese ve i\u015fletmelere veya belediyeler taraf\u0131ndan yetki verilen \u00f6zel \u015fah\u0131s ya da \u015firketlere ait \u015fehir i\u00e7i toplu ta\u015f\u0131ma hizmetlerinden \u00fccretsiz olarak yararlan\u0131rlar\u201d h\u00fckm\u00fc bulunmaktad\u0131r. Bu h\u00fck\u00fcm \u015fehit yak\u0131nlar\u0131 ve gazilere belediye vas\u0131talar\u0131nda \u00fccretsiz seyahat hakk\u0131n\u0131 tan\u0131maktad\u0131r. Bu hakk\u0131n belediyeler taraf\u0131ndan \u00f6zel \u015farta ba\u011flanmas\u0131 kanuna a\u00e7\u0131k\u00e7a ayk\u0131r\u0131d\u0131r.<\/p>\n<p>\u0130BB\u2019nin s\u00f6z konusu uygulamas\u0131 ayr\u0131ca y\u00f6netmelik ihlalidir. 4 Mart 2014 tarih ve Say\u0131: 28931 say\u0131l\u0131 Resmi gazetede yay\u0131nlanan Aile ve Sosyal Politikalar Bakanl\u0131\u011f\u0131n\u0131n \u00dccretsiz Veya \u0130ndirimli Seyahat Kartlar\u0131 Y\u00f6netmeli\u011fi\u2019nin 6. Madde (2). F\u0131kras\u0131nda belirtilen <strong>\u201cToplu ta\u015f\u0131ma ara\u00e7lar\u0131ndan \u00fccretsiz veya indirimli yararlanma amac\u0131yla birinci F\u0131krada belirtilen belgelerin (\u015fehit yak\u0131nlar\u0131 ve gaziler i\u00e7in Aile ve Sosyal Politikalar Bakanl\u0131\u011f\u0131nca verilen kimlik kart\u0131) ibraz edilmesi halinde \u00fccretsiz veya indirimli seyahat hakk\u0131 herhangi bir gerek\u00e7eyle engellenemez\u201d<\/strong> h\u00fckm\u00fc bulunmaktad\u0131r. Bu y\u00f6netmelik h\u00fckm\u00fc de ihlal edilmi\u015f olmaktad\u0131r.<\/p>\n<p>Di\u011fer yandan, \u0130stanbul B\u00fcy\u00fck\u015fehir Belediyesi\u2019nin mant\u0131\u011f\u0131yla hareket edilecek olursa \u00f6rne\u011fin T\u00fcrkiye turuna \u00e7\u0131kacak bir \u015fehit yak\u0131n\u0131\/gazinin 81 ilin ve il\u00e7elerinin Belediyelerine gidip her bir il ve il\u00e7e i\u00e7in ayr\u0131 ayr\u0131 kart \u00e7\u0131kartmas\u0131, gidece\u011fi il ve il\u00e7e say\u0131s\u0131 kadar foto\u011fraf bast\u0131rmas\u0131 ve bunlar\u0131 bir valizle birlikte yan\u0131nda ta\u015f\u0131mas\u0131 ve 1 g\u00fcn kalaca\u011f\u0131 bir il i\u00e7in vaktinin tamam\u0131n\u0131 bu i\u015flemler i\u00e7in harcamas\u0131 gerekecektir ki bunun hem hukuka hem de ak\u0131l ve mant\u0131\u011fa ayk\u0131r\u0131 oldu\u011fu herkesin anlayabilece\u011fi bir ger\u00e7ektir.<\/p>\n<p>S\u00f6z konusu aksakl\u0131klar\u0131n halli amac\u0131yla Aile ve Sosyal Politikalar Bakanl\u0131\u011f\u0131 yetkilileriyle yap\u0131lan g\u00f6r\u00fc\u015fmede; \u201c\u015fehit yak\u0131n\u0131-gazi-gazi yak\u0131n\u0131-vazife mal\u00fbl\u00fc kart\u0131n\u0131n\u201d \u0130BB otob\u00fcslerine tan\u0131t\u0131lmas\u0131 konusunda Ocak 2016 ay\u0131nda ilgili Daire Ba\u015fkan\u0131n\u0131n bizzat \u0130stanbul\u2019a giderek Belediye yetkilileriyle toplant\u0131 yapt\u0131\u011f\u0131 ve toplant\u0131da Bakanl\u0131k\u00e7a \u015fehit aileleri ve gazilere verilen kartlar\u0131n tan\u0131t\u0131m i\u015fleminin \u0130BB taraf\u0131ndan yap\u0131lmas\u0131 gerekti\u011finin \u0130BB yetkililerine bildirildi\u011fi, s\u00f6z konusu aksakl\u0131\u011f\u0131n kartlar\u0131n tan\u0131t\u0131m\u0131n\u0131 yapmad\u0131\u011f\u0131 anla\u015f\u0131lan \u0130BB\u2019den kaynakland\u0131\u011f\u0131 bildirilmi\u015ftir. Bu cevaptan \u015fu sonu\u00e7 \u00e7\u0131kmaktad\u0131r: \u0130BB T\u00fcrkiye Cumhuriyeti\u2019nin bir bakanl\u0131\u011f\u0131n\u0131n verdi\u011fi emir uygulamamakta, kendisini bakanl\u0131\u011f\u0131n \u00fcst\u00fcnde g\u00f6rmekte, bakanl\u0131k da \u0130BB\u2019ye bir \u015fey yapmamakta veya yapamamaktad\u0131r.<\/p>\n<p>Bu konuda 29 Ocak 2016&#8217;dan bu yana \u0130BB ile 10&#8217;un \u00fczerinde yaz\u0131\u015fma yap\u0131ld\u0131\u011f\u0131 h\u00e2lde belediye \u015fehit aileleri ve gazilerin kartlar\u0131n\u0131 sistemine tan\u0131tmamak i\u00e7in direnmektedir.<\/p>\n<p>Gaziler Derne\u011fi de konuyu \u0130BB&#8217;ye bildirerek d\u00fczeltilmesini talep etmi\u015f, ancak sonu\u00e7 alamay\u0131nca \u0130BB aleyhine hukuk s\u00fcreci ba\u015flatm\u0131\u015ft\u0131r.<\/p>\n<p>Ya\u015fanan bu esef verici olaydan birka\u00e7 g\u00fcn sonra bu defa Adana\u2019da bir \u015fehit annesinin Belediye otob\u00fcs\u00fcnden indirildi\u011fine ili\u015fkin haber medyada yer alm\u0131\u015ft\u0131r. \u015eehit annesi olay\u0131n ilk olmad\u0131\u011f\u0131n\u0131 ve benzer durumlarla s\u0131k\u00e7a kar\u015f\u0131la\u015ft\u0131\u011f\u0131n\u0131 a\u00e7\u0131klam\u0131\u015ft\u0131r. S\u00f6z konusu haberden Adana Belediyesi\u2019nin de t\u0131pk\u0131 \u0130BB gibi Aile ve Sosyal Politikalar Bakanl\u0131\u011f\u0131 taraf\u0131ndan \u015fehit yak\u0131nlar\u0131 ve gazilere verilen kimlik kartlar\u0131n\u0131 sisteme tan\u0131tmad\u0131\u011f\u0131 ve s\u00fcr\u00fcc\u00fclerin insaf\u0131na terk etti\u011fi anla\u015f\u0131lmaktad\u0131r. Bunlar bas\u0131na yans\u0131d\u0131\u011f\u0131 i\u00e7in haberdar olabildi\u011fimiz olaylard\u0131r. T\u00fcrkiye\u2019nin 81 il ve 921 il\u00e7esinde ya\u015fayan \u015fehit yak\u0131nlar\u0131n\u0131n ve gazilerin bas\u0131na yans\u0131mayan daha hangi m\u00fcessif davran\u0131\u015flarla kar\u015f\u0131la\u015ft\u0131klar\u0131 ise tam olarak bilinmemektedir.<\/p>\n<p>Gazilere verilen \u00fccretsiz seyahat hakk\u0131n\u0131 \u0130stanbul deniz otob\u00fcsleri i\u015fletmesi de s\u0131n\u0131rland\u0131rmaktad\u0131r. \u00d6rne\u011fin Bo\u011fazdaki bir iskelede deniz otob\u00fcs\u00fc veya vapurla seyahat i\u00e7in beklerken \u015fehit ailesi\/gazi kart\u0131n\u0131zla iskeleye yana\u015fan vapura binmek istedi\u011finizde gelen vapur seyir ama\u00e7l\u0131 vapur ise; \u201cBu vapur seferi bo\u011faz\u0131n iki k\u0131y\u0131s\u0131ndaki t\u00fcm limanlara u\u011framak i\u00e7in d\u00fczenlenmi\u015f seferdir. Buna binemezsiniz bir sonraki \u0130DO\u2019yu bekleyin\u201d denilmektedir. Feribotlarda ise gazilerin ara\u00e7lar\u0131na herhangi bir indirim uygulanmamaktad\u0131r.<\/p>\n<p>\u015eehit aileleri ve gazilerin hava ta\u015f\u0131mac\u0131l\u0131\u011f\u0131ndan yararlanmas\u0131nda ise durum daha da k\u00f6t\u00fcd\u00fcr.<\/p>\n<p>\u015eehit aileleri ile gazilere THY taraf\u0131ndan sadece %20 indirimli seyahat hakk\u0131 verilmekle birlikte \u00e7o\u011fu kez bu hak da kullan\u0131lamamaktad\u0131r. Zira THY bilet sat\u0131\u015f\u0131nda \u015fehit ailelerinin ve gazilerin internet \u00fczerinden bilet sat\u0131n almas\u0131na izin vermemekte \u015fehit ailesini ve gaziyi THY b\u00fcrosuna gitmeye zorlamaktad\u0131r. Siz b\u00fcroya var\u0131ncaya kadar ge\u00e7en s\u00fcrede internette g\u00f6rd\u00fc\u011f\u00fcn\u00fcz biletin fiyat\u0131nda otomatik olarak art\u0131\u015f yap\u0131ld\u0131\u011f\u0131ndan %20 indirim yap\u0131lsa bile ald\u0131\u011f\u0131n\u0131z bilet i\u00e7in normal bir ki\u015finin internet \u00fczerinden ald\u0131\u011f\u0131 biletten daha fazla \u00fccret \u00f6demek zorunda kal\u0131yorsunuz. \u00dcstelik THY \u015fehit ailelerine ve gazilere bilet d\u00fczenleme yetkisini sadece resm\u00ee THY b\u00fcrolar\u0131na tan\u0131makta,\u00a0kendi biletlerini satma yetkisini verdi\u011fi \u00f6zel bayilere bu yetkiyi tan\u0131mamaktad\u0131r. Muhtarlara %50 indirim yap\u0131lmas\u0131 konusunda THY\u2019ye talimat verilirken gazilere sa\u011flanan %20\u2019lik \u00fccretin bu \u015fekilde k\u00e2\u011f\u0131t \u00fczerinde kalmas\u0131 d\u00fc\u015f\u00fcnd\u00fcr\u00fcc\u00fcd\u00fcr.<\/p>\n<p>\u015eehit ve gaziler a\u00e7\u0131s\u0131ndan maa\u015f ve sosyal haklardan daha \u00f6nemlisi ise \u015fehit yak\u0131nlar\u0131 ve gazilere g\u00f6sterilmesi gereken sayg\u0131d\u0131r. \u015eehit aileleri ve gazilerin protokoldeki yeri i\u00e7ler ac\u0131s\u0131d\u0131r.<\/p>\n<p>Devlet Protokol\u00fcnde Asker\u00ee Dernek Ba\u015fkanlar\u0131 (Muharip Gaziler Derne\u011fi Ba\u015fkan\u0131, T\u00fcrkiye Emekli Subaylar Derne\u011fi Ba\u015fkan\u0131, T\u00fcrkiye Emekli Astsubaylar Derne\u011fi Ba\u015fkan\u0131\u2026vb.) protokol\u00fcn en sonuna konulmu\u015ftur.\u00a0\u0130l ve il\u00e7e protokol\u00fcnde ise kamu yarar\u0131na \u00e7al\u0131\u015fan dernekler ad\u0131 alt\u0131nda yine protokol\u00fcn en sonuna konulmu\u015ftur.\u00a0T\u00f6renlerde herkes \u00e7elenklerini koyduktan sonra \u00f6zel bankalar, ard\u0131ndan kamu yarar\u0131na \u00e7al\u0131\u015fan dernekler anons edilmekte ve \u015fehit aileleri ile gaziler \u00e7elenklerini\u00a0\u00f6zel bankalardan sonra\u00a0\u201cKanarya Sevenler Derne\u011fi\u201d ile birlikte koymaktad\u0131r.<\/p>\n<h2>Yabanc\u0131 \u00dclkelerde Nas\u0131l?<\/h2>\n<p>Oysa bir\u00e7ok yabanc\u0131 \u00fclkenin gazileri emperyalist ama\u00e7larla ba\u015fka \u00fclkeleri i\u015fgale gittikleri h\u00e2lde \u00fclkeleri kendi gazilerine ve harp \u00f6l\u00fclerinin ailelerine \u00e7ok b\u00fcy\u00fck sayg\u0131 g\u00f6stermekte, protokolde gazilere ilk s\u0131ralarda yer vermekte ve\u00a0kendi gazilerine T\u00fcrk \u015fehit ve gazileri ile mukayese edilmesi m\u00fcmk\u00fcn olmayan haklar tan\u0131maktad\u0131r.<\/p>\n<p>Bunun tipik bir \u00f6rne\u011fi Avustralya\u2019d\u0131r. Bu \u00fclkenin gazileri Avustralya\u2019da yap\u0131lacak \u00c7anakkale Harbinin 90. Y\u0131l kutlamalar\u0131na kat\u0131lmak \u00fczere 2005 y\u0131l\u0131nda 5 T\u00fcrk gazisini davet etmi\u015ftir. E. Kur. Kd. Alb. \u00d6mer L\u00fctfi Ta\u015fc\u0131o\u011flu, E. P. Kd. Alb. Sald\u0131ray Hakg\u00fcder, E. Dz. Yb. G\u00fcne\u015f Abac\u0131, E. Ord. Kd. B\u00e7v\u015f. Nasuh Ar\u0131c\u0131 ve Kore gazisi Onb. Ali \u0130hsan Uygun\u2019dan olu\u015fan T\u00fcrk gazileri olarak bu \u00fclkeye yapt\u0131\u011f\u0131m\u0131z ziyaret s\u0131ras\u0131nda Avustralya\u2019n\u0131n kendi gazilerine ve bize g\u00f6sterdi\u011fi ola\u011fan\u00fcst\u00fc sayg\u0131y\u0131 T\u00fcrk \u015fehit aileleri ve gazilerinin T\u00fcrkiye\u2019deki durumu ile mukayese edince \u00fcz\u00fcnt\u00fc duymamak m\u00fcmk\u00fcn de\u011fildir. Avustralya\u2019da Gaziler Bakanl\u0131\u011f\u0131 bulunmakta, t\u00fcm harp \u00f6l\u00fclerinin ailelerinin ve gazilerin sorunlar\u0131n\u0131 bu bakanl\u0131k halletmekte, gazilere protokolde ilk s\u0131rada yer verilmekte ve gaziler her t\u00fcrl\u00fc vergiden muaf tutulmaktad\u0131r.<\/p>\n<p>Avustralya\u2019ya yapt\u0131\u011f\u0131m\u0131z ziyaret s\u0131ras\u0131nda benim ba\u015fkanl\u0131\u011f\u0131mdaki T\u00fcrk gazi heyeti Avustralya Harp Okulu \u00f6\u011frencilerinden olu\u015fan bir b\u00f6l\u00fck taraf\u0131ndan asker\u00ee t\u00f6renle kar\u015f\u0131lanm\u0131\u015ft\u0131r. T\u00f6ren komutan\u0131 Y\u00fczba\u015f\u0131n\u0131n tekmil verip T\u00fcrk Heyet Ba\u015fkan\u0131na birli\u011fini denetlettikten sonra \u201csize sar\u0131labilir miyim efendim\u201d ifadesini kullanmas\u0131 T\u00fcrk heyeti taraf\u0131ndan hayretle kar\u015f\u0131lanm\u0131\u015ft\u0131r. T\u00f6ren B\u00f6l\u00fck Komutan\u0131 Y\u00fczba\u015f\u0131n\u0131n bana sar\u0131ld\u0131ktan sonra h\u0131\u00e7k\u0131rarak a\u011flamas\u0131 ve \u201chayat\u0131m\u0131n en \u015ferefli an\u0131 bir T\u00fcrk gazisine sar\u0131lmakt\u0131r\u201d ifadesini kullanmas\u0131 t\u00fcm heyet \u00fcyelerini duyguland\u0131rm\u0131\u015ft\u0131r.<\/p>\n<p><img loading=\"lazy\" class=\"alignnone size-full wp-image-1336\" src=\"http:\/\/misak.millidusunce.com\/wp-content\/uploads\/2018\/02\/100_0584-1.jpg\" alt=\"\" width=\"1513\" height=\"1011\" srcset=\"https:\/\/millidusunce.com\/misak\/wp-content\/uploads\/2018\/02\/100_0584-1.jpg 1513w, https:\/\/millidusunce.com\/misak\/wp-content\/uploads\/2018\/02\/100_0584-1-150x100.jpg 150w, https:\/\/millidusunce.com\/misak\/wp-content\/uploads\/2018\/02\/100_0584-1-300x200.jpg 300w, https:\/\/millidusunce.com\/misak\/wp-content\/uploads\/2018\/02\/100_0584-1-768x513.jpg 768w, https:\/\/millidusunce.com\/misak\/wp-content\/uploads\/2018\/02\/100_0584-1-1024x684.jpg 1024w\" sizes=\"(max-width: 1513px) 100vw, 1513px\" \/><\/p>\n<p>Avustralya Genel Valisi Sir Michael Jeffery\u2019nin kat\u0131ld\u0131\u011f\u0131 \u015fehir stadyumunda yap\u0131lan Gaziler t\u00f6renine g\u00f6t\u00fcr\u00fcl\u00fcrken ya\u015fad\u0131\u011f\u0131m olay ise yabanc\u0131 \u00fclkelerin gazilere g\u00f6sterdi\u011fi sayg\u0131 ile T\u00fcrkiye\u2019nin gazilere g\u00f6sterdi\u011fi sayg\u0131 aras\u0131ndaki u\u00e7urumu g\u00f6stermesi a\u00e7\u0131s\u0131ndan bir ibret vesikas\u0131d\u0131r. Avustralya Gaziler Bakanl\u0131\u011f\u0131nca t\u00f6ren alan\u0131na beni g\u00f6t\u00fcrmekte g\u00f6revlendirilen mihmandar subay t\u00f6renin ba\u015flamas\u0131na az bir s\u00fcre kala i\u00e7inde bulundu\u011fumuz arac\u0131n s\u00fcr\u00fcc\u00fcs\u00fcne bir trafik cebinde durmas\u0131n\u0131 s\u00f6yledi. Mihmandar subay\u0131 ikaz ederek t\u00f6rene ge\u00e7 kalabilece\u011fimizi, yola devam etmemizin daha uygun olaca\u011f\u0131n\u0131 s\u00f6yledim. Bunun \u00fczerine mihmandar subay \u015fu cevab\u0131 verdi: <strong>\u201cSiz VIP misafirsiniz. T\u00f6ren alan\u0131ndaki yerinizi Genel Vali\u2019den hemen \u00f6nce alacaks\u0131n\u0131z. Dolay\u0131s\u0131yla siz t\u00f6ren alan\u0131na girmeden \u00f6nce Avustralya Genel Valisi d\u0131\u015f\u0131ndaki herkesin t\u00f6ren alan\u0131ndaki yerini alm\u0131\u015f olmas\u0131 gerekir. Ba\u015fbakan\u0131m\u0131z\u0131n arac\u0131 hen\u00fcz ge\u00e7medi ve ba\u015fbakan yerini almad\u0131. Sizi ondan \u00f6nce t\u00f6ren alan\u0131na g\u00f6t\u00fcr\u00fcp itibar\u0131n\u0131z\u0131 sarsamay\u0131z\u201d<\/strong>. Bu cevaptan biraz sonra koruma ara\u00e7lar\u0131 e\u015fli\u011finde ba\u015fbakan\u0131n konvoyu \u00f6n\u00fcm\u00fczden ge\u00e7erek t\u00f6ren alan\u0131na ula\u015ft\u0131 ve ba\u015fbakan ara\u00e7tan inip t\u00f6renin izlenece\u011fi platformdaki yerine oturdu. 1 dakika kadar bekledikten sonra mihmandar subay s\u00fcr\u00fcc\u00fcye hareket etmesini s\u00f6yledi ve arac\u0131m\u0131z t\u00f6ren yerine geldi. Mihmandar subay beni yerime oturttuktan k\u0131sa s\u00fcre sonra Avustralya Genel Valisi t\u00f6ren alan\u0131na geldi ve t\u00f6ren ba\u015flad\u0131.<\/p>\n<p>Tek ba\u015f\u0131na bu misal bile yabanc\u0131 \u00fclkelerin gazilere g\u00f6sterdi\u011fi sayg\u0131 ile T\u00fcrkiye\u2019nin gazilere g\u00f6sterdi\u011fi sayg\u0131 aras\u0131ndaki u\u00e7urumu g\u00f6stermeye yeterlidir.<\/p>\n<p>\u00dcstelik onlar\u0131n gazileri vatan savunmam\u0131\u015f, ba\u015fka \u00fclkeleri i\u015fgal etmeye \u00e7al\u0131\u015f\u0131rken gazi olmu\u015flard\u0131r.<\/p>\n<p><img loading=\"lazy\" class=\"alignnone size-full wp-image-1333\" src=\"http:\/\/misak.millidusunce.com\/wp-content\/uploads\/2018\/02\/WhatsApp-Image-2018-02-20-at-08.57.48.jpeg\" alt=\"\" width=\"1280\" height=\"960\" srcset=\"https:\/\/millidusunce.com\/misak\/wp-content\/uploads\/2018\/02\/WhatsApp-Image-2018-02-20-at-08.57.48.jpeg 1280w, https:\/\/millidusunce.com\/misak\/wp-content\/uploads\/2018\/02\/WhatsApp-Image-2018-02-20-at-08.57.48-150x113.jpeg 150w, https:\/\/millidusunce.com\/misak\/wp-content\/uploads\/2018\/02\/WhatsApp-Image-2018-02-20-at-08.57.48-300x225.jpeg 300w, https:\/\/millidusunce.com\/misak\/wp-content\/uploads\/2018\/02\/WhatsApp-Image-2018-02-20-at-08.57.48-768x576.jpeg 768w, https:\/\/millidusunce.com\/misak\/wp-content\/uploads\/2018\/02\/WhatsApp-Image-2018-02-20-at-08.57.48-1024x768.jpeg 1024w\" sizes=\"(max-width: 1280px) 100vw, 1280px\" \/><\/p>\n<p>Avustralya Genel Valisinin makam\u0131ndaki kabul s\u0131ras\u0131nda kendisine <em>\u201csiz \u0130ngiliz i\u015fgal kuvvetlerinin bir par\u00e7as\u0131 olarak \u00c7anakkale\u2019ye gelmi\u015ftiniz. Ancak \u0130ngilizler sizi kulland\u0131\u011f\u0131 i\u00e7in size \u0130ngilizler kadar tepki duymuyoruz\u201d<\/em> dedi\u011fimde cevaben; \u201c<em>Hakl\u0131s\u0131n\u0131z \u0130ngiltere o d\u00f6nemde bizi kulland\u0131. Biz sizin kahraman atalar\u0131n\u0131zla sava\u015ft\u0131ktan sonra kullan\u0131ld\u0131\u011f\u0131m\u0131z\u0131 anlad\u0131k ve ba\u011f\u0131ms\u0131z bir devlet olma karar\u0131n\u0131 \u00c7anakkale\u2019de verdik. Bug\u00fcn Avustralya ba\u011f\u0131ms\u0131z bir devletse bunu sizin kahraman atalar\u0131n\u0131za bor\u00e7luyuz\u201d dedi. Daha sonra bize saray\u0131 gezdirdi. Avustralya Genel Valisi olarak g\u00f6rev yapanlar\u0131n resimlerinin bulundu\u011fu tablonun \u00f6n\u00fcne gelince Lord Casey\u2019in resmini g\u00f6stererek \u201cBu \u015fah\u0131s Avustralya ordusunda gen\u00e7 bir subayd\u0131. \u00c7anakkale\u2019de sava\u015f\u0131rken yaralanm\u0131\u015f ve T\u00fcrk siperi ile ANZAK siperi aras\u0131nda kalm\u0131\u015ft\u0131. Bir T\u00fcrk askeri mevziinden \u00e7\u0131k\u0131p onu kucaklad\u0131 ve Avustralya siperlerine b\u0131rak\u0131p tekrar kendi mevziine d\u00f6nd\u00fc. \u00c7anakkale\u2019de kuca\u011f\u0131nda Avustralyal\u0131 subay\u0131 ta\u015f\u0131yan asker heykelinin kuca\u011f\u0131ndaki gen\u00e7 subay daha sonra Avustralya Genel Valisi olan Lord Casey\u2019dir. Biz devlet ba\u015fkan\u0131m\u0131z\u0131 bile sizin kahraman atalar\u0131n\u0131za bor\u00e7luyuz\u201d<\/em> dedi. Avustralya ziyaretimizle ilgili anlatacak \u00e7ok \u015fey var ama bunlar\u0131n hepsini bu yaz\u0131ya s\u0131\u011fd\u0131rmak m\u00fcmk\u00fcn de\u011fil. Ama \u015fu ac\u0131 ger\u00e7e\u011fi g\u00f6rmemiz gerekiyor. Avustralya gazilerini unutmam\u0131\u015f ve onlara g\u00f6sterebilece\u011fi sayg\u0131 ve \u015fefkatin azamisini g\u00f6steriyor.<\/p>\n<p>T\u00fcrkiye\u2019de ise bir\u00e7ok olumsuzluk ya\u015fayan \u015fehit aileleri ve gazilerin sorunlar\u0131na gereken \u00f6nemi verecek makam ve yetkili bulmak olduk\u00e7a zordur. \u015eehit aileleri ve gaziler sadece hendek sava\u015flar\u0131, F\u0131rat Kalkan\u0131, Zeytin Dal\u0131 gibi operasyonlar s\u0131ras\u0131nda akla gelmekte sonra unutulmaktad\u0131r. Operasyonlarda yaraland\u0131klar\u0131 ve v\u00fccutlar\u0131nda mermi \u00e7ekirde\u011fi ta\u015f\u0131d\u0131klar\u0131 h\u00e2lde Sa\u011fl\u0131k Y\u00f6netmeli\u011finde belirtilen derecede engeli olmad\u0131\u011f\u0131 i\u00e7in gazi kabul edilmeyenlerin durumu ise bir ba\u015fka \u00fcz\u00fcnt\u00fc kayna\u011f\u0131d\u0131r. Bir toplumun \u201cmillet\u201d olabilmesi i\u00e7in gazisine sayg\u0131 g\u00f6stermesi ve yard\u0131mc\u0131 olmas\u0131 gerekir. Aksi takdirde o toplum yaln\u0131zca bir \u201cinsan s\u00fcr\u00fcs\u00fc\u201d olur.<\/p>\n<p>T\u00fcrkiye\u2019de gazilere g\u00f6sterilmesi gereken ancak maalesef g\u00f6sterilmeyen sayg\u0131y\u0131 Milliyet gazetesinde g\u00f6rev yaparken k\u00f6\u015fesine ta\u015f\u0131yan gazeteci Yavuz Donat\u2019\u0131n yazd\u0131klar\u0131 bu \u00e7eli\u015fkiyi \u00e7ok anlaml\u0131 \u015fekilde dile getirmektedir. 1998 y\u0131l\u0131 Kas\u0131m ay\u0131nda ABD\u2019ye yapt\u0131\u011f\u0131 bir ziyaret s\u0131ras\u0131nda plakas\u0131nda madalya benzeri bir i\u015faret bulunan bir araba Yavuz Donat\u2019\u0131n dikkatini \u00e7eker. Arac\u0131n s\u00fcr\u00fcc\u00fcs\u00fcne herkesin sayg\u0131 g\u00f6sterdi\u011fini g\u00f6r\u00fcnce merak edip bu \u015fah\u0131s kim diye sorar. \u201cMor Kalpli Adam\u201d diye cevap verirler. \u015eah\u0131s yakas\u0131nda sava\u015fta yaralananlara verilen mor kalp madalyas\u0131 ta\u015f\u0131d\u0131\u011f\u0131 i\u00e7in \u201cMor Kalpli Adam\u201d diye tan\u0131mlanan ABD\u2019li bir gazidir. Polis \u201cMor Kalpli Adam\u201da selam durur. Lokantada onu en g\u00fczel masaya oturturlar. M\u00fc\u015fteriler yan\u0131na gelip \u201csiz bizim i\u00e7in sava\u015ft\u0131n\u0131z, te\u015fekk\u00fcrler\u201d deyip sayg\u0131lar\u0131n\u0131 sunarlar. Baz\u0131lar\u0131 \u201cMor Kalpli Adam\u201dla resim \u00e7ektirirler.<\/p>\n<p>Yaz\u0131m\u0131 Yavuz Donat\u2019\u0131n s\u00f6zleriyle bitirmem san\u0131r\u0131m daha do\u011fru olacak:<\/p>\n<p><em>\u201cSa\u011f\u0131m\u0131z, solumuz &#8220;gazi&#8221; dolu&#8230; Ara, s\u0131ra gazetelerde hastanedeki gazilerle ilgili bir r\u00f6portaj yay\u0131nlan\u0131r&#8230; . Sonra&#8230; Sonras\u0131n\u0131 bilmiyoruz. &#8220;Bizim i\u00e7in&#8221; yaralanan bu adamlar &#8220;ne yer, ne i\u00e7erler?&#8221; Garson onlara &#8220;nas\u0131l davran\u0131r?&#8221; Polis &#8220;selama durur mu?&#8221; Bilmiyoruz. <\/em><\/p>\n<p><em>* * *<\/em><\/p>\n<p><em>MADALYA&#8230; &#8220;Alt taraf\u0131&#8221; teneke par\u00e7as\u0131. Maliyeti &#8220;ka\u00e7 para&#8221; ki? Ama &#8220;anlam\u0131&#8230; A\u011f\u0131rl\u0131\u011f\u0131&#8221; para ile \u00f6l\u00e7\u00fclebilir gibi de\u011fil. Sahi biz de &#8220;bizim i\u00e7in yaralanan&#8221; insanlar\u0131n yakalar\u0131na &#8220;b\u00f6yle bir madalya&#8221; tak\u0131yor muyuz? Bunu da bilmiyoruz. <\/em><\/p>\n<p><em>AMER\u0130KA&#8217;da &#8220;mor kalpli&#8221; adamla ilgilendik. \u00d6\u011frendik ki &#8220;asker emeklileri i\u00e7in&#8221; bir hastane vard\u0131r. Ve bu hastanenin kap\u0131lar\u0131, &#8220;Mor Kalpli Adam&#8221;a \u00f6m\u00fcr boyu a\u00e7\u0131kt\u0131r.<\/em><\/p>\n<p><em>AMER\u0130KA&#8217;da baz\u0131 &#8220;\u015fehitlikler&#8221; mevcut. En bilineni Washington&#8217;daki Arlington Mezarl\u0131\u011f\u0131. &#8220;Mor Kalpli Adam\u201d \u0131n g\u00f6m\u00fclece\u011fi yer oras\u0131.<\/em><\/p>\n<p><em>&#8220;Mor kalpli&#8221; adam \u00e7al\u0131\u015fabilir durumdaysa, devlet ona mutlaka i\u015f buluyor. \u00c7al\u0131\u015famayacak durumdaysa&#8230; Devlet onun b\u00fct\u00fcn ihtiya\u00e7lar\u0131n\u0131, \u00f6m\u00fcr boyu kar\u015f\u0131l\u0131yor. <\/em><\/p>\n<p><em>\u00a0<\/em><\/p>\n<p><em>AMER\u0130KA&#8217;da beyaz, siyah, kad\u0131n, erkek, zengin, fakir &#8220;herkes e\u015fit.&#8221; Ama &#8220;Mor Kalpli Adam\u201d, &#8220;\u00fcst\u00fcn insan.&#8221; &#8220;Ayr\u0131cal\u0131kl\u0131.&#8221; Onun sahip oldu\u011fu ayr\u0131cal\u0131\u011fa &#8220;Amerikal\u0131 parlamenter bile&#8221; sahip de\u011fil.<\/em><\/p>\n<p><em>\u00a0AMER\u0130KA&#8217;dan d\u00f6neli yar\u0131n bir hafta olacak. Kafam\u0131z hala &#8220;Mor Kalpli Adam&#8221;da. O &#8220;Mor Kalpli Adam&#8221;, \u00fclkesi i\u00e7in yaraland\u0131. Ya bizim &#8220;gazilerimiz&#8221; ne i\u00e7in, kim i\u00e7in yaraland\u0131lar?<\/em><\/p>\n<p><em>Ey gazi!..<\/em><\/p>\n<p><em>Yakana bir madalya takamad\u0131k. Madalyal\u0131 pek \u00e7ok &#8220;Kurtulu\u015f Sava\u015f\u0131 Gazisi&#8221;ni ise bir dilim ekme\u011fe muhta\u00e7 ettik. Amerikal\u0131, her 11 Kas\u0131m&#8217;da gazisine &#8220;\u015f\u00fckran\u0131n\u0131&#8221; sunuyor.<\/em><\/p>\n<p><em>Bari biz de bug\u00fcn&#8230; 11 Ocak Pazar g\u00fcn\u00fc &#8220;\u00f6zr\u00fcm\u00fcz\u00fc&#8221; sunal\u0131m:<\/em><\/p>\n<p><em>&#8211; Ey gazi, senden \u00f6z\u00fcr diliyoruz.\u201d<\/em><\/p>\n","protected":false},"excerpt":{"rendered":"<p>\u015eehit yak\u0131nlar\u0131 ve gazilerimize gereken \u00f6zeni g\u00f6steriyor muyuz? Ba\u015fka \u00fclkeler kendi asker emeklilerini dahi y\u00fcceltirken biz nas\u0131l davran\u0131yoruz? Millet olman\u0131n gere\u011finin vefa ve sayg\u0131dan ge\u00e7ti\u011finin bilincinde miyiz?<\/p>\n","protected":false},"author":20,"featured_media":1339,"comment_status":"open","ping_status":"open","sticky":false,"template":"","format":"standard","meta":{"_links_to":"","_links_to_target":""},"categories":[2,64],"tags":[],"yoast_head":"<!-- This site is optimized with the Yoast SEO plugin v16.0.2 - https:\/\/yoast.com\/wordpress\/plugins\/seo\/ -->\n<title>Avustralya\u2019da protokolde ba\u015fbakan\u0131n \u00f6n\u00fcnde yer alan T\u00fcrkiye\u2019de ise otob\u00fcsten indirilen gaziler ve \u015fehit yak\u0131nlar\u0131 - M\u0130SAK- Mill\u00ee Strateji Ara\u015ft\u0131rma Kurulu<\/title>\n<link rel=\"canonical\" href=\"https:\/\/millidusunce.com\/misak\/avustralyada-protokolde-basbakanin-onunde-yer-alan-turkiyede-ise-otobusten-indirilen-gaziler-ve-sehit-yakinlari\/\" \/>\n<meta property=\"og:locale\" content=\"tr_TR\" \/>\n<meta property=\"og:type\" content=\"article\" \/>\n<meta property=\"og:title\" content=\"Avustralya\u2019da protokolde ba\u015fbakan\u0131n \u00f6n\u00fcnde yer alan T\u00fcrkiye\u2019de ise otob\u00fcsten indirilen gaziler ve \u015fehit yak\u0131nlar\u0131 - M\u0130SAK- Mill\u00ee Strateji Ara\u015ft\u0131rma Kurulu\" \/>\n<meta property=\"og:description\" content=\"\u015eehit yak\u0131nlar\u0131 ve gazilerimize gereken \u00f6zeni g\u00f6steriyor muyuz? Ba\u015fka \u00fclkeler kendi asker emeklilerini dahi y\u00fcceltirken biz nas\u0131l davran\u0131yoruz? Millet olman\u0131n gere\u011finin vefa ve sayg\u0131dan ge\u00e7ti\u011finin bilincinde miyiz?\" \/>\n<meta property=\"og:url\" content=\"https:\/\/millidusunce.com\/misak\/avustralyada-protokolde-basbakanin-onunde-yer-alan-turkiyede-ise-otobusten-indirilen-gaziler-ve-sehit-yakinlari\/\" \/>\n<meta property=\"og:site_name\" content=\"M\u0130SAK- Mill\u00ee Strateji Ara\u015ft\u0131rma Kurulu\" \/>\n<meta property=\"article:published_time\" content=\"2018-02-20T16:15:32+00:00\" \/>\n<meta property=\"article:modified_time\" content=\"2018-03-10T09:05:42+00:00\" \/>\n<meta property=\"og:image\" content=\"https:\/\/millidusunce.com\/misak\/wp-content\/uploads\/2018\/02\/142950-1.jpg\" \/>\n\t<meta property=\"og:image:width\" content=\"600\" \/>\n\t<meta property=\"og:image:height\" content=\"340\" \/>\n<meta name=\"twitter:card\" content=\"summary_large_image\" \/>\n<meta name=\"twitter:label1\" content=\"Tahmini okuma s\u00fcresi\">\n\t<meta name=\"twitter:data1\" content=\"14 dakika\">\n<script type=\"application\/ld+json\" class=\"yoast-schema-graph\">{\"@context\":\"https:\/\/schema.org\",\"@graph\":[{\"@type\":\"Organization\",\"@id\":\"https:\/\/millidusunce.com\/misak\/#organization\",\"name\":\"Mill\\u00ee D\\u00fc\\u015f\\u00fcnce Merkezi\",\"url\":\"https:\/\/millidusunce.com\/misak\/\",\"sameAs\":[],\"logo\":{\"@type\":\"ImageObject\",\"@id\":\"https:\/\/millidusunce.com\/misak\/#logo\",\"inLanguage\":\"tr\",\"url\":\"https:\/\/millidusunce.com\/misak\/wp-content\/uploads\/2018\/09\/mdmLogo-yazisiz.jpg\",\"width\":422,\"height\":422,\"caption\":\"Mill\\u00ee D\\u00fc\\u015f\\u00fcnce Merkezi\"},\"image\":{\"@id\":\"https:\/\/millidusunce.com\/misak\/#logo\"}},{\"@type\":\"WebSite\",\"@id\":\"https:\/\/millidusunce.com\/misak\/#website\",\"url\":\"https:\/\/millidusunce.com\/misak\/\",\"name\":\"M\\u0130SAK- Mill\\u00ee Strateji Ara\\u015ft\\u0131rma Kurulu\",\"description\":\"D\\u00fcnyaya T\\u00fcrk\\u00e7\\u00fc Bak\\u0131\\u015f\",\"publisher\":{\"@id\":\"https:\/\/millidusunce.com\/misak\/#organization\"},\"potentialAction\":[{\"@type\":\"SearchAction\",\"target\":\"https:\/\/millidusunce.com\/misak\/?s={search_term_string}\",\"query-input\":\"required name=search_term_string\"}],\"inLanguage\":\"tr\"},{\"@type\":\"ImageObject\",\"@id\":\"https:\/\/millidusunce.com\/misak\/avustralyada-protokolde-basbakanin-onunde-yer-alan-turkiyede-ise-otobusten-indirilen-gaziler-ve-sehit-yakinlari\/#primaryimage\",\"inLanguage\":\"tr\",\"url\":\"https:\/\/millidusunce.com\/misak\/wp-content\/uploads\/2018\/02\/142950-1.jpg\",\"width\":600,\"height\":340},{\"@type\":\"WebPage\",\"@id\":\"https:\/\/millidusunce.com\/misak\/avustralyada-protokolde-basbakanin-onunde-yer-alan-turkiyede-ise-otobusten-indirilen-gaziler-ve-sehit-yakinlari\/#webpage\",\"url\":\"https:\/\/millidusunce.com\/misak\/avustralyada-protokolde-basbakanin-onunde-yer-alan-turkiyede-ise-otobusten-indirilen-gaziler-ve-sehit-yakinlari\/\",\"name\":\"Avustralya\\u2019da protokolde ba\\u015fbakan\\u0131n \\u00f6n\\u00fcnde yer alan T\\u00fcrkiye\\u2019de ise otob\\u00fcsten indirilen gaziler ve \\u015fehit yak\\u0131nlar\\u0131 - M\\u0130SAK- Mill\\u00ee Strateji Ara\\u015ft\\u0131rma Kurulu\",\"isPartOf\":{\"@id\":\"https:\/\/millidusunce.com\/misak\/#website\"},\"primaryImageOfPage\":{\"@id\":\"https:\/\/millidusunce.com\/misak\/avustralyada-protokolde-basbakanin-onunde-yer-alan-turkiyede-ise-otobusten-indirilen-gaziler-ve-sehit-yakinlari\/#primaryimage\"},\"datePublished\":\"2018-02-20T16:15:32+00:00\",\"dateModified\":\"2018-03-10T09:05:42+00:00\",\"breadcrumb\":{\"@id\":\"https:\/\/millidusunce.com\/misak\/avustralyada-protokolde-basbakanin-onunde-yer-alan-turkiyede-ise-otobusten-indirilen-gaziler-ve-sehit-yakinlari\/#breadcrumb\"},\"inLanguage\":\"tr\",\"potentialAction\":[{\"@type\":\"ReadAction\",\"target\":[\"https:\/\/millidusunce.com\/misak\/avustralyada-protokolde-basbakanin-onunde-yer-alan-turkiyede-ise-otobusten-indirilen-gaziler-ve-sehit-yakinlari\/\"]}]},{\"@type\":\"BreadcrumbList\",\"@id\":\"https:\/\/millidusunce.com\/misak\/avustralyada-protokolde-basbakanin-onunde-yer-alan-turkiyede-ise-otobusten-indirilen-gaziler-ve-sehit-yakinlari\/#breadcrumb\",\"itemListElement\":[{\"@type\":\"ListItem\",\"position\":1,\"item\":{\"@type\":\"WebPage\",\"@id\":\"https:\/\/millidusunce.com\/misak\/\",\"url\":\"https:\/\/millidusunce.com\/misak\/\",\"name\":\"Anasayfa\"}},{\"@type\":\"ListItem\",\"position\":2,\"item\":{\"@type\":\"WebPage\",\"@id\":\"https:\/\/millidusunce.com\/misak\/avustralyada-protokolde-basbakanin-onunde-yer-alan-turkiyede-ise-otobusten-indirilen-gaziler-ve-sehit-yakinlari\/\",\"url\":\"https:\/\/millidusunce.com\/misak\/avustralyada-protokolde-basbakanin-onunde-yer-alan-turkiyede-ise-otobusten-indirilen-gaziler-ve-sehit-yakinlari\/\",\"name\":\"Avustralya\\u2019da protokolde ba\\u015fbakan\\u0131n \\u00f6n\\u00fcnde yer alan T\\u00fcrkiye\\u2019de ise otob\\u00fcsten indirilen gaziler ve \\u015fehit yak\\u0131nlar\\u0131\"}}]},{\"@type\":\"Article\",\"@id\":\"https:\/\/millidusunce.com\/misak\/avustralyada-protokolde-basbakanin-onunde-yer-alan-turkiyede-ise-otobusten-indirilen-gaziler-ve-sehit-yakinlari\/#article\",\"isPartOf\":{\"@id\":\"https:\/\/millidusunce.com\/misak\/avustralyada-protokolde-basbakanin-onunde-yer-alan-turkiyede-ise-otobusten-indirilen-gaziler-ve-sehit-yakinlari\/#webpage\"},\"author\":{\"@id\":\"https:\/\/millidusunce.com\/misak\/#\/schema\/person\/50548555c8bad8107ede81db2e0fb56a\"},\"headline\":\"Avustralya\\u2019da protokolde ba\\u015fbakan\\u0131n \\u00f6n\\u00fcnde yer alan T\\u00fcrkiye\\u2019de ise otob\\u00fcsten indirilen gaziler ve \\u015fehit yak\\u0131nlar\\u0131\",\"datePublished\":\"2018-02-20T16:15:32+00:00\",\"dateModified\":\"2018-03-10T09:05:42+00:00\",\"mainEntityOfPage\":{\"@id\":\"https:\/\/millidusunce.com\/misak\/avustralyada-protokolde-basbakanin-onunde-yer-alan-turkiyede-ise-otobusten-indirilen-gaziler-ve-sehit-yakinlari\/#webpage\"},\"commentCount\":0,\"publisher\":{\"@id\":\"https:\/\/millidusunce.com\/misak\/#organization\"},\"image\":{\"@id\":\"https:\/\/millidusunce.com\/misak\/avustralyada-protokolde-basbakanin-onunde-yer-alan-turkiyede-ise-otobusten-indirilen-gaziler-ve-sehit-yakinlari\/#primaryimage\"},\"articleSection\":\"KURUMLAR\",\"inLanguage\":\"tr\",\"potentialAction\":[{\"@type\":\"CommentAction\",\"name\":\"Comment\",\"target\":[\"https:\/\/millidusunce.com\/misak\/avustralyada-protokolde-basbakanin-onunde-yer-alan-turkiyede-ise-otobusten-indirilen-gaziler-ve-sehit-yakinlari\/#respond\"]}]},{\"@type\":\"Person\",\"@id\":\"https:\/\/millidusunce.com\/misak\/#\/schema\/person\/50548555c8bad8107ede81db2e0fb56a\",\"name\":\"\\u00d6mer L\\u00fctfi Ta\\u015f\\u00e7\\u0131o\\u011flu\",\"image\":{\"@type\":\"ImageObject\",\"@id\":\"https:\/\/millidusunce.com\/misak\/#personlogo\",\"inLanguage\":\"tr\",\"url\":\"https:\/\/secure.gravatar.com\/avatar\/3bca27aff70be35a3aff1a515d9428f8?s=96&d=mm&r=g\",\"caption\":\"\\u00d6mer L\\u00fctfi Ta\\u015f\\u00e7\\u0131o\\u011flu\"},\"description\":\"E. Kurmay Albay Do\\u00e7. Dr. \\u00d6mer L\\u00fctfi Ta\\u015fc\\u0131o\\u011flu, 1970 y\\u0131l\\u0131nda Kara Harp Okulundan ve 1983 y\\u0131l\\u0131nda Harp Akademileri\\u2019nden mezun olmu\\u015f, K\\u0131br\\u0131s Bar\\u0131\\u015f Harek\\u00e2t\\u0131 ve Askeri Ata\\u015felik g\\u00f6revi de dahil TSK\\u2019nin \\u00e7e\\u015fitli kademelerinde 31 y\\u0131l g\\u00f6rev yapt\\u0131ktan sonra 30 A\\u011fustos 2001\\u2019de kadrosuzluk nedeniyle emekliye ayr\\u0131lm\\u0131\\u015ft\\u0131r. Kara Harp Okulundan, Ankara \\u00dcniversitesi Siyasal Bilgiler Fak\\u00fcltesi Uluslararas\\u0131 \\u0130li\\u015fkiler B\\u00f6l\\u00fcm\\u00fcnden, \\u0130stanbul \\u00dcniversitesi Edebiyat Fak\\u00fcltesi \\u0130ngiliz Dili ve Edebiyat\\u0131 B\\u00f6l\\u00fcm\\u00fcnden ve Harp Akademilerinden mezun olan \\u00d6. L\\u00fctfi Ta\\u015fc\\u0131o\\u011flu, \\u201cBelgelere G\\u00f6re T\\u00fcrk Ermeni \\u0130li\\u015fkilerinde Katliam ve Soyk\\u0131r\\u0131m \\u0130ddialar\\u0131\\u201d konulu doktora tezini 2014 y\\u0131l\\u0131nda Gazi \\u00dcniversitesi Sosyal Bilimler Enstit\\u00fcs\\u00fc Uluslararas\\u0131 \\u0130li\\u015fkiler B\\u00f6l\\u00fcm\\u00fcnde tamamlam\\u0131\\u015f ve 2020 y\\u0131l\\u0131nda Do\\u00e7entlik \\u00fcnvan\\u0131n\\u0131 kazanm\\u0131\\u015ft\\u0131r. \\u00d6mer L\\u00fctfi Ta\\u015fc\\u0131o\\u011flu\\u2019nun, \\u201cT\\u00fcrk-Ermeni \\u0130li\\u015fkilerindeki Tarihsel Ger\\u00e7ekler\\u201d, \\u201cABD\\u2019nin K\\u00fcreselle\\u015ftirme Politikalar\\u0131, Ortado\\u011fu\\u2019da T\\u00fcrkiye\\u2019ye Bi\\u00e7ilen Rol\\u201d, \\u201cT\\u00fcrk-Ermeni \\u0130li\\u015fkilerinde Tarihi, Siyasi ve Hukuki Ger\\u00e7ekler\\u201d, ve \\u201cYabanc\\u0131 Devletlerin T\\u00fcrkiye\\u2019yi Par\\u00e7alama Planlar\\u0131\\u201d konular\\u0131nda kitaplar\\u0131 ve uluslararas\\u0131 ili\\u015fkiler alan\\u0131nda uluslararas\\u0131 hakemli dergilerde yay\\u0131mlanm\\u0131\\u015f \\u00e7ok say\\u0131da T\\u00fcrk\\u00e7e ve \\u0130ngilizce makaleleri mevcuttur. Emekli olduktan sonra Genelkurmay Stratejik Ara\\u015ft\\u0131rma Merkezi\\u2019nde (SAREM) g\\u00f6rev yapan Ta\\u015fc\\u0131o\\u011flu, Milli Strateji Ara\\u015ft\\u0131rma Kurulu Y\\u00f6netim Kurulu\\u2019nun, Talat Pa\\u015fa Komitesi\\u2019nin, Fanatik Ermeni yalanlar\\u0131yla M\\u00fccadele (FEYM) Grubunun ve ANKA Enstit\\u00fcs\\u00fc Bilimsel Dan\\u0131\\u015fma Kurulunun \\u00fcyesidir. \\u00d6. L\\u00fctfi Ta\\u015fc\\u0131o\\u011flu halen Ufuk \\u00dcniversitesi \\u0130ktisadi ve \\u0130dari Bilimler Fak\\u00fcltesi Siyaset Bilimi ve Uluslararas\\u0131 ili\\u015fkiler B\\u00f6l\\u00fcm\\u00fcnde ve Ankara Hac\\u0131 Bayram Veli \\u00dcniversitesi Polatl\\u0131 Fen-Edebiyat Fak\\u00fcltesi Tarih B\\u00f6l\\u00fcm\\u00fcnde misafir \\u00f6\\u011fretim \\u00fcyesi olarak g\\u00f6rev yapmaktad\\u0131r.\"}]}<\/script>\n<!-- \/ Yoast SEO plugin. -->","_links":{"self":[{"href":"https:\/\/millidusunce.com\/misak\/wp-json\/wp\/v2\/posts\/1330"}],"collection":[{"href":"https:\/\/millidusunce.com\/misak\/wp-json\/wp\/v2\/posts"}],"about":[{"href":"https:\/\/millidusunce.com\/misak\/wp-json\/wp\/v2\/types\/post"}],"author":[{"embeddable":true,"href":"https:\/\/millidusunce.com\/misak\/wp-json\/wp\/v2\/users\/20"}],"replies":[{"embeddable":true,"href":"https:\/\/millidusunce.com\/misak\/wp-json\/wp\/v2\/comments?post=1330"}],"version-history":[{"count":0,"href":"https:\/\/millidusunce.com\/misak\/wp-json\/wp\/v2\/posts\/1330\/revisions"}],"wp:featuredmedia":[{"embeddable":true,"href":"https:\/\/millidusunce.com\/misak\/wp-json\/wp\/v2\/media\/1339"}],"wp:attachment":[{"href":"https:\/\/millidusunce.com\/misak\/wp-json\/wp\/v2\/media?parent=1330"}],"wp:term":[{"taxonomy":"category","embeddable":true,"href":"https:\/\/millidusunce.com\/misak\/wp-json\/wp\/v2\/categories?post=1330"},{"taxonomy":"post_tag","embeddable":true,"href":"https:\/\/millidusunce.com\/misak\/wp-json\/wp\/v2\/tags?post=1330"}],"curies":[{"name":"wp","href":"https:\/\/api.w.org\/{rel}","templated":true}]}}