{"id":13318,"date":"2021-05-26T19:30:00","date_gmt":"2021-05-26T16:30:00","guid":{"rendered":"https:\/\/millidusunce.com\/misak\/?p=13318&#038;preview=true&#038;preview_id=13318"},"modified":"2021-05-26T20:54:24","modified_gmt":"2021-05-26T17:54:24","slug":"lisan-i-seyyah","status":"publish","type":"post","link":"https:\/\/millidusunce.com\/misak\/lisan-i-seyyah\/","title":{"rendered":"Lisan-\u0131 Seyyah"},"content":{"rendered":"<p style=\"text-align: right;\">19 May\u0131s Atat\u00fcrk\u2019\u00fc Anma<br \/>\nGen\u00e7lik ve Spor Bayram\u0131<br \/>\n<a href=\"https:\/\/millidusunce.com\/misak\/yarismamiz-sonuclandi\/\">Yar\u0131\u015fmam\u0131zda<\/a><br \/>\n\u00f6d\u00fcl alan eserlerden<br \/>\n\u0130brahim \u015ea\u015fma\u2019n\u0131n<br \/>\n\u015fiirini sunuyoruz.<\/p>\n<p>&nbsp;<\/p>\n<p>&nbsp;<\/p>\n<p>Art\u0131k sefer vaktiydi, yer yoktu hi\u00e7 g\u00fcmana,<br \/>\nBiri \u015ferh d\u00fc\u015fmeliydi, ak\u0131p giden zamana.<br \/>\nKaranl\u0131\u011f\u0131n kalbinde ate\u015fler yakmal\u0131yd\u0131m,<br \/>\nBir can suyu misali, k\u00f6klere akmal\u0131yd\u0131m.<br \/>\nBu ak\u0131n ki mah\u015fer\u00ee, m\u00fcbarek bir ak\u0131nd\u0131r,<br \/>\n\u0130stiklalim \u015f\u00fcphesiz, \u015fah damardan yak\u0131nd\u0131r.<br \/>\nKaradeniz gibiyim, h\u0131r\u00e7\u0131n ve mavidenim,<br \/>\nO y\u00fczdendir ruhuma, asla s\u0131\u011fmaz bedenim.<br \/>\nSormay\u0131n kimli\u011fimi, a\u015fktan ba\u015fka yok ad\u0131m,<br \/>\nArs\u0131zca bir i\u015fgale, vurulmu\u015f bir tokad\u0131m.<br \/>\nBen ki k\u0131ra\u00e7 topra\u011fa, akan bir katre suyum,<br \/>\nBand\u0131rma vapurunun, m\u00fcstesna yolcusuyum<\/p>\n<p>Art\u0131k sefer vaktiydi, demir alma demiydi,<br \/>\nUfuktaki bu gemi, a\u015fka giden gemiydi.<br \/>\nBir ak g\u00fcvercin g\u00f6rd\u00fcm, g\u00fcvertemde tayfayd\u0131,<br \/>\nBu yol ki kurtulu\u015fa, a\u00e7\u0131lan tek sayfayd\u0131.<br \/>\nBen derdimi denize, dalgalara anlatt\u0131m,<br \/>\nHer gece istiklalin, kula\u011f\u0131n\u0131 \u00e7\u0131nlatt\u0131m.<br \/>\nA\u015fk\u0131 sor, kum \u00e7\u00f6l\u00fcne bir g\u00fcl dikebilmekti,<br \/>\nA\u015fk f\u0131rt\u0131naya kar\u015f\u0131, k\u00fcrek \u00e7ekebilmekti.<br \/>\nBen necip bir ulusun, ahvalinden beyand\u0131m,<br \/>\nYeniden dirili\u015fin, kap\u0131s\u0131na dayand\u0131m.<br \/>\nBen ki k\u0131ra\u00e7 topra\u011fa, akan bir katre suyum,<br \/>\nBand\u0131rma vapurunun, m\u00fcstesna yolcusuyum.<\/p>\n<p>Vakit tamamd\u0131r art\u0131k, fermanlar yaz\u0131lm\u0131\u015ft\u0131r,<br \/>\nArs\u0131zca bir i\u015fgalin, mezar\u0131 kaz\u0131lm\u0131\u015ft\u0131r.<br \/>\nO kalp sesi titretir, yeri g\u00f6\u011f\u00fc ve ar\u015f\u0131,<br \/>\nDiz \u00e7\u00f6kmez ki milletim, yedi d\u00fcvele kar\u015f\u0131.<br \/>\nMayam bayrakt\u0131r benim, harc\u0131m bir kutlu sancak,<br \/>\nBir hilal bir y\u0131ld\u0131zda ya\u015fam bulurum ancak.<br \/>\nKaranl\u0131\u011fa ald\u0131rmam, da\u011f\u0131 ta\u015f\u0131 yoklad\u0131m,<br \/>\nBen gen\u00e7li\u011fin kalbine bin bir rengi saklad\u0131m.<br \/>\nSormay\u0131n beni bana, ben ince bir \u00e7izgiyim,<br \/>\nA\u015fka d\u00fc\u015fen canlar\u0131n, dilindeki ezgiyim.<br \/>\nBen ki k\u0131ra\u00e7 topra\u011fa, akan bir katre suyum,<br \/>\nBand\u0131rma vapurunun, m\u00fcstesna yolcusuyum.<\/p>\n<p>Sormay\u0131n beni bana, \u015favk\u0131n\u0131 vuran ay\u0131m,<br \/>\nMenziline varacak, oku f\u0131rlatan yay\u0131m.<br \/>\nSar\u0131kam\u0131\u015f\u2019a naif bahar dokunu\u015fuyum,<br \/>\nBen a\u015fk\u0131n yaz\u0131l\u0131\u015f\u0131, a\u015fk\u0131n okunu\u015fuyum.<br \/>\nSakarya\u2019n\u0131n vakurca ummana ak\u0131\u015f\u0131y\u0131m,<br \/>\nBen necip bir milletin, kalbinin nak\u0131\u015f\u0131y\u0131m.<br \/>\nBen bir \u00e7oban \u00e7e\u015fmesi, ben da\u011flar\u0131n yeliyim,<br \/>\nBu topra\u011f\u0131n g\u00f6zya\u015f\u0131, co\u015fkun akan seliyim.<br \/>\nSeyir defterim benim, ka\u00e7 f\u0131rt\u0131na g\u00f6rm\u00fc\u015ft\u00fcr,<br \/>\nBu m\u00fcbarek seferim a\u015fkla y\u00fczy\u0131l s\u00fcrm\u00fc\u015ft\u00fcr.<br \/>\nBen ki k\u0131ra\u00e7 topra\u011fa, akan bir katre suyum,<br \/>\nBand\u0131rma vapurunun, m\u00fcstesna yolcusuyum.<\/p>\n<p>Ey T\u00fcrko\u011flu, T\u00fcrk genci, dik dur kararl\u0131 ve net,<br \/>\nBayra\u011f\u0131m istiklalim, y\u00fcre\u011fine emanet.<br \/>\nBen bir as\u0131r y\u00fcr\u00fcd\u00fcm, y\u00fcz y\u0131l daha y\u00fcr\u00fcr\u00fcm,<br \/>\n\u00dc\u015f\u00fcrse Anadolu, sevdam ile b\u00fcr\u00fcr\u00fcm.<br \/>\nBu sancak d\u00fc\u015fmeyecek budur i\u00e7ti\u011fim and\u0131m,<br \/>\nEy T\u00fcrko\u011flu, T\u00fcrk genci, bil ki sana inand\u0131m.<br \/>\nSen ol \u00e7ehresinde yel, al bayra\u011f\u0131n g\u00f6nderi,<br \/>\nSana \u00e7ok yak\u0131\u015fan\u0131, bekler T\u00fcrk\u00fcn \u00f6nderi.<br \/>\nBak \u015fehitler bir olmu\u015f, g\u00f6klerden bak\u0131\u015f\u0131yor,<br \/>\nBu \u015fahlan\u0131\u015f bu k\u0131yam, sana \u00e7ok yak\u0131\u015f\u0131yor.<br \/>\nBen ki k\u0131ra\u00e7 topra\u011fa, akan bir katre suyum,<br \/>\nBand\u0131rma vapurunun, m\u00fcstesna yolcusuyum.<\/p>\n","protected":false},"excerpt":{"rendered":"<p>19 May\u0131s Atat\u00fcrk\u2019\u00fc Anma Gen\u00e7lik ve Spor Bayram\u0131 Yar\u0131\u015fmam\u0131zda \u00f6d\u00fcl alan eserlerden \u0130brahim \u015ea\u015fma\u2019n\u0131n \u015fiirini sunuyoruz\u2026<\/p>\n","protected":false},"author":2,"featured_media":13194,"comment_status":"open","ping_status":"open","sticky":false,"template":"","format":"standard","meta":{"_ef_editorial_meta_date_first-draft-date":"","_ef_editorial_meta_paragraph_assignment":"","footnotes":"","_links_to":"","_links_to_target":""},"categories":[2,66],"tags":[931,331],"coauthors":[4],"class_list":["post-13318","post","type-post","status-publish","format-standard","has-post-thumbnail","hentry","category-genel","category-siyaset-tarih","tag-19-mayis-1919","tag-mustafa-kemal-ataturk"],"_links":{"self":[{"href":"https:\/\/millidusunce.com\/misak\/wp-json\/wp\/v2\/posts\/13318","targetHints":{"allow":["GET"]}}],"collection":[{"href":"https:\/\/millidusunce.com\/misak\/wp-json\/wp\/v2\/posts"}],"about":[{"href":"https:\/\/millidusunce.com\/misak\/wp-json\/wp\/v2\/types\/post"}],"author":[{"embeddable":true,"href":"https:\/\/millidusunce.com\/misak\/wp-json\/wp\/v2\/users\/2"}],"replies":[{"embeddable":true,"href":"https:\/\/millidusunce.com\/misak\/wp-json\/wp\/v2\/comments?post=13318"}],"version-history":[{"count":7,"href":"https:\/\/millidusunce.com\/misak\/wp-json\/wp\/v2\/posts\/13318\/revisions"}],"predecessor-version":[{"id":13330,"href":"https:\/\/millidusunce.com\/misak\/wp-json\/wp\/v2\/posts\/13318\/revisions\/13330"}],"wp:featuredmedia":[{"embeddable":true,"href":"https:\/\/millidusunce.com\/misak\/wp-json\/wp\/v2\/media\/13194"}],"wp:attachment":[{"href":"https:\/\/millidusunce.com\/misak\/wp-json\/wp\/v2\/media?parent=13318"}],"wp:term":[{"taxonomy":"category","embeddable":true,"href":"https:\/\/millidusunce.com\/misak\/wp-json\/wp\/v2\/categories?post=13318"},{"taxonomy":"post_tag","embeddable":true,"href":"https:\/\/millidusunce.com\/misak\/wp-json\/wp\/v2\/tags?post=13318"},{"taxonomy":"author","embeddable":true,"href":"https:\/\/millidusunce.com\/misak\/wp-json\/wp\/v2\/coauthors?post=13318"}],"curies":[{"name":"wp","href":"https:\/\/api.w.org\/{rel}","templated":true}]}}