{"id":13409,"date":"2021-06-11T19:30:00","date_gmt":"2021-06-11T16:30:00","guid":{"rendered":"https:\/\/millidusunce.com\/misak\/?p=13409&#038;preview=true&#038;preview_id=13409"},"modified":"2021-06-12T01:44:07","modified_gmt":"2021-06-11T22:44:07","slug":"bidendan-soykirim-iftirasi","status":"publish","type":"post","link":"https:\/\/millidusunce.com\/misak\/bidendan-soykirim-iftirasi\/","title":{"rendered":"Biden&#8217;dan soyk\u0131r\u0131m iftiras\u0131"},"content":{"rendered":"<p>ABD Ba\u015fkanlar\u0131 aras\u0131nda ilk defa <em>\u201csoyk\u0131r\u0131m\u201d<\/em> (genocide) kelimesini Ba\u015fkan <em>Ronald Reagan 22 Nisan 1981<\/em> tarihinde kullanm\u0131\u015ft\u0131r. <em>Fakat do\u011frudan T\u00fcrkiye\u2019yi hedef alarak bu s\u00f6ylemde bulunmam\u0131\u015ft\u0131r.<\/em><\/p>\n<p>Beyaz Saray S\u00f6zc\u00fcs\u00fc <em>Jen Psaki<\/em>,\u00a0 Joe Biden&#8217;\u0131n se\u00e7ildikten sonra Cumhurba\u015fkan\u0131 Erdo\u011fan ile bir telefon g\u00f6r\u00fc\u015fmesi yapaca\u011f\u0131n\u0131 <a href=\"https:\/\/www.thguardian.com\/world\/2021\/mar\/21\/joe-biden-condems-turkey-for-withdrawing-from-accord-designed-to-protect-women\">s\u00f6ylemi\u015ftir.\u00a0<\/a> Biden&#8217;\u0131n aramas\u0131 gereken bir\u00e7ok d\u00fcnya lideri oldu\u011funu vurgulayan Psaki, <em>&#8220;Biden, gelecek hafta ve aylarda bu g\u00f6r\u00fc\u015fmeleri yapacakt\u0131r. Bir noktada Erdo\u011fan ile de g\u00f6r\u00fc\u015fece\u011finden eminim&#8221;<\/em> demi\u015ftir. T\u00fcrkiye, ge\u00e7mi\u015fte Beyaz Saray&#8217;da yap\u0131lan g\u00f6rev de\u011fi\u015fikli\u011finin ard\u0131ndan ilk aranan \u00fclkeler aras\u0131nda yer alm\u0131\u015ft\u0131. Joe Biden Cumhurba\u015fkan\u0131 Erdo\u011fan\u2019\u0131 aramam\u0131\u015ft\u0131r ama T\u00fcrkiye&#8217;nin \u0130stanbul S\u00f6zle\u015fmesi&#8217;nden \u00e7ekilme karar\u0131n\u0131 ele\u015ftirmekten de \u00e7ekinmemi\u015ftir: <em>&#8220;T\u00fcrkiye&#8217;nin ani ve nedensiz yere \u0130stanbul S\u00f6zle\u015fmesi olarak da bilinen Kad\u0131nlara Y\u00f6nelik \u015eiddet ve Aile \u0130\u00e7i \u015eiddetin \u00d6nlenmesi ve Bunlarla M\u00fccadeleye \u0130li\u015fkin Avrupa Konseyi S\u00f6zle\u015fmesi&#8217;nden \u00e7ekilmesi, derin bir hayal k\u0131r\u0131kl\u0131\u011f\u0131 yaratm\u0131\u015ft\u0131r. T\u00fcm d\u00fcnyada, s\u00f6zle\u015fmeyi imzalayan ilk \u00fclke olan T\u00fcrkiye&#8217;de kad\u0131n cinayetlerinin artt\u0131\u011f\u0131na dair haberler dahil olmak \u00fczere, ev i\u00e7i \u015fiddet olaylar\u0131n\u0131n artt\u0131\u011f\u0131n\u0131 g\u00f6r\u00fcyoruz. \u00dclkeler, kad\u0131nlara y\u00f6nelik \u015fiddetin sona erdirilmesine dair taahh\u00fctlerini g\u00fc\u00e7lendirmeye ve yenilemeye \u00e7al\u0131\u015fmal\u0131, kad\u0131nlar\u0131n korunmas\u0131na i\u015faret eden ve istismarc\u0131lar\u0131 hesap verebilir hale getiren uluslararas\u0131 anla\u015fmalar\u0131 reddetmemeli. Bu, d\u00fcnya genelinde kad\u0131nlara y\u00f6nelik \u015fiddeti sona erdirme hareketi i\u00e7in \u00fcmit k\u0131r\u0131c\u0131 bir geri ad\u0131md\u0131r.&#8221;<\/em><\/p>\n<p>Biden, 36 y\u0131l senat\u00f6rl\u00fck ve 8 y\u0131l ba\u015fkan yard\u0131mc\u0131l\u0131\u011f\u0131 yapm\u0131\u015f,\u00a0 yard\u0131mc\u0131s\u0131 <em>Kamala D. Harris<\/em> ile birlikte se\u00e7imlerde, s\u00f6zde, Ermeni soyk\u0131r\u0131m\u0131n\u0131 tan\u0131yacaklar\u0131 s\u00f6z\u00fcn\u00fc vermi\u015flerdir. ABD\u2019de iki senat\u00f6r <em>Bob Menendez<\/em> ve <em>Ted Cruz<\/em> ABD Senatosu&#8217;na 1915 olaylar\u0131n\u0131 soyk\u0131r\u0131m olarak tan\u0131nmas\u0131 i\u00e7in \u00f6nerge vermi\u015f, <em>Harris<\/em> buna destek olmu\u015ftur.\u00a0 Joe Biden\u2019\u0131n se\u00e7imlerdeki rakibi olan Harris, \u00fclkenin ilk siyahi ba\u015fkan yard\u0131mc\u0131s\u0131d\u0131r. <em>Harris, ayn\u0131 zamanda siyahi olarak s\u00f6zde Ermeni soyk\u0131r\u0131m\u0131n\u0131n tan\u0131nmas\u0131 i\u00e7in \u00e7al\u0131\u015fan ilk siyaset\u00e7idir.<\/em> Jamaikal\u0131 baba ve Hindistan k\u00f6kenli annenin \u00e7ocu\u011fu olarak 1964&#8217;te Kaliforniya&#8217;da do\u011fmu\u015ftur.\u00a0\u00a0 Harris, s\u00f6zde Ermeni soyk\u0131r\u0131m\u0131 konusundaki hassasiyetini \u015f\u00f6yle a\u00e7\u0131klam\u0131\u015ft\u0131r:<\/p>\n<p><em>&#8220;Osmanl\u0131 \u0130mparatorlu\u011fu taraf\u0131ndan 1915&#8217;ten 1923&#8217;e kadar ger\u00e7ekle\u015ftirilen Ermeni soyk\u0131r\u0131m\u0131, yakla\u015f\u0131k 2 milyon Ermeni&#8217;nin zorla tehcir edilmesiyle sonu\u00e7land\u0131 ve bunlardan 1,5 milyonu \u00f6ld\u00fcr\u00fcld\u00fc. Tekrarlamamak i\u00e7in ge\u00e7mi\u015f hakk\u0131nda her zaman rahats\u0131z edici ger\u00e7ekleri s\u00f6ylemeliyiz. \u0130nsanl\u0131\u011f\u0131n en karanl\u0131k b\u00f6l\u00fcmlerinden biri olan Ermeni soyk\u0131r\u0131m\u0131n\u0131 tan\u0131yarak, nefret etmek i\u00e7in hayatlar\u0131n\u0131 listeleyenleri onurland\u0131r\u0131yoruz ve tehdit edildikleri her yerde insan haklar\u0131n\u0131 savunma taahh\u00fcd\u00fcm\u00fcz\u00fc yeniden teyit ediyoruz&#8230;\u0130nsanl\u0131k tarihinin en karanl\u0131k zamanlar\u0131ndan biri olan Ermeni soyk\u0131r\u0131m\u0131n\u0131n uygun bir \u015fekilde tan\u0131nmas\u0131 i\u00e7in Ermeni toplumunun yan\u0131nda olaca\u011f\u0131m.&#8221;\u00a0<\/em>(https:\/\/www.harris.senate.gov\/news\/press-releases\/harris-colleagues-introduce-bipartisan-senate-resolution-affirming-us-recognition-of-armenian-genocide)<\/p>\n<p>Merkezi Washington&#8217;da bulunan Ortado\u011fu Enstit\u00fcs\u00fc T\u00fcrkiye Program\u0131 Ba\u015fkan\u0131 <em>G\u00f6n\u00fcl Tol<\/em>, iki \u00fclke ili\u015fkilerinde ciddi\u00a0 sorunlar\u0131n bulundu\u011funu\u00a0 a\u00e7\u0131klam\u0131\u015f,\u00a0 Covid-19 salg\u0131n\u0131 ile m\u00fccadele,\u00a0 Rusya, \u00c7in ve \u0130ran&#8217;\u0131n n\u00fckleer \u00e7al\u0131\u015fmalar\u0131\u00a0 konular\u0131nda\u00a0 \u00f6ncelikleri oldu\u011funa dikkat \u00e7ekmi\u015ftir: <em>\u201cT\u00fcrkiye eksiden, \u00f6zellikle de Obama d\u00f6neminde, daha \u00f6nemli bir akt\u00f6r olarak g\u00f6r\u00fcl\u00fcyordu. Onun \u00fczerinden \u00e7ok zaman ge\u00e7ti, dengeler \u00e7ok de\u011fi\u015fti.\u201d <\/em>Tol<strong><em>, <\/em><\/strong>mevcut sorunlar\u0131n i\u00e7erisinde <em>&#8220;\u00e7ok fazla bir \u00e7\u0131k\u0131\u015f g\u00f6r\u00fcnmedi\u011fini, en b\u00fcy\u00fck sorunun S-400 olarak g\u00f6r\u00fcld\u00fc\u011f\u00fcn\u00fc&#8221;<\/em> dile getirmi\u015ftir. Kongre\u2019de dengelerin de\u011fi\u015fti\u011fine de de\u011finerek \u015funlar\u0131 s\u00f6ylemi\u015ftir: <em>&#8220;Bir de Kongre var, her iki partiden de Erdo\u011fan&#8217;\u0131n ABD \u00e7\u0131karlar\u0131n\u0131n alt\u0131n\u0131 oyan politikalar\u0131n\u0131 art\u0131k tolere etmeme e\u011filimi var. B\u00fct\u00fcn bu fakt\u00f6rlerin \u0131\u015f\u0131\u011f\u0131nda de\u011ferlendirmek gerekiyor.&#8221;<\/em><\/p>\n<p><em>Foreign Policy<\/em> dergisine <em>3 Mart 2021<\/em> tarihinde deme\u00e7 veren ABD Temsilciler Meclisi \u00fcyesi ve ayn\u0131 zamanda D\u0131\u015f \u0130li\u015fkiler Komitesi&#8217;nde g\u00f6revli <em>Abigail Spanberger<\/em>\u00a0 ise <em>&#8220;iki \u00fclke ili\u015fkilerinin olduk\u00e7a zorlu bir d\u00f6nemden ge\u00e7ti\u011fini, ABD&#8217;nin eskiden oldu\u011fu gibi art\u0131k T\u00fcrkiye&#8217;ye g\u00fcvenebilecek bir pozisyonda olmad\u0131\u011f\u0131n\u0131&#8221;<\/em> s\u00f6ylemi\u015ftir.<\/p>\n<p><img loading=\"lazy\" class=\"aligncenter size-full wp-image-13413\" src=\"https:\/\/millidusunce.com\/misak\/wp-content\/uploads\/2021\/06\/biden4.png\" alt=\"\" width=\"601\" height=\"199\" srcset=\"https:\/\/millidusunce.com\/misak\/wp-content\/uploads\/2021\/06\/biden4.png 601w, https:\/\/millidusunce.com\/misak\/wp-content\/uploads\/2021\/06\/biden4-300x99.png 300w, https:\/\/millidusunce.com\/misak\/wp-content\/uploads\/2021\/06\/biden4-150x50.png 150w\" sizes=\"(max-width: 601px) 100vw, 601px\" \/><\/p>\n<p>Biden&#8217;\u0131n yemin ederek g\u00f6revi devralmas\u0131n\u0131n ard\u0131ndan Washington ile Ankara aras\u0131nda ilk temas <em>2 \u015eubat 2021<\/em> tarihinde ger\u00e7ekle\u015fmi\u015ftir. <a href=\"https:\/\/tr.euronews.com\/2021\/02\/03\/beyaz-saray-sullivan-kal-n-gorusmesinde-demokrasi-ve-hukukun-ustunlugune-vurgu-yap-ld\">Cumhurba\u015fkanl\u0131\u011f\u0131 S\u00f6zc\u00fcs\u00fc <em>\u0130brahim Kal\u0131n<\/em>, ABD Ulusal G\u00fcvenlik Dan\u0131\u015fman\u0131 <em>Jake Sullivan<\/em> ile telefonda g\u00f6r\u00fc\u015fm\u00fc\u015ft\u00fcr.<\/a> Yakla\u015f\u0131k 1 saat s\u00fcren g\u00f6r\u00fc\u015fmede Kal\u0131n, g\u00f6reve yeni ba\u015flayan Sullivan&#8217;a tebriklerini iletmi\u015ftir. Kal\u0131n-Sullivan g\u00f6r\u00fc\u015fmesinde, T\u00fcrkiye-ABD ikili ili\u015fkileri ba\u015fta olmak \u00fczere Suriye, Libya, Do\u011fu Akdeniz, K\u0131br\u0131s, Afganistan, Yukar\u0131 Karaba\u011f, Covid-19 ve uluslararas\u0131 iklim rejimi konular\u0131 ele al\u0131nm\u0131\u015ft\u0131r. S\u00f6z konusu g\u00f6r\u00fc\u015fmeyle ilgili Beyaz Saray&#8217;dan yap\u0131lan a\u00e7\u0131klamada ise i\u015fbirli\u011finin geni\u015fletilmesinin yan\u0131 s\u0131ra demokrasi ve hukukun \u00fcst\u00fcnl\u00fc\u011f\u00fcne vurgu yap\u0131ld\u0131\u011f\u0131 belirtilmi\u015ftir.<\/p>\n<p>&nbsp;<\/p>\n<p><img loading=\"lazy\" class=\" wp-image-13414 alignleft\" src=\"https:\/\/millidusunce.com\/misak\/wp-content\/uploads\/2021\/06\/biden5-768x252.png\" alt=\"\" width=\"527\" height=\"173\" srcset=\"https:\/\/millidusunce.com\/misak\/wp-content\/uploads\/2021\/06\/biden5-768x252.png 768w, https:\/\/millidusunce.com\/misak\/wp-content\/uploads\/2021\/06\/biden5-300x98.png 300w, https:\/\/millidusunce.com\/misak\/wp-content\/uploads\/2021\/06\/biden5-150x49.png 150w, https:\/\/millidusunce.com\/misak\/wp-content\/uploads\/2021\/06\/biden5.png 878w\" sizes=\"(max-width: 527px) 100vw, 527px\" \/><img loading=\"lazy\" class=\"aligncenter wp-image-13415\" src=\"https:\/\/millidusunce.com\/misak\/wp-content\/uploads\/2021\/06\/biden6-768x214.png\" alt=\"\" width=\"739\" height=\"206\" srcset=\"https:\/\/millidusunce.com\/misak\/wp-content\/uploads\/2021\/06\/biden6-768x214.png 768w, https:\/\/millidusunce.com\/misak\/wp-content\/uploads\/2021\/06\/biden6-300x84.png 300w, https:\/\/millidusunce.com\/misak\/wp-content\/uploads\/2021\/06\/biden6-150x42.png 150w, https:\/\/millidusunce.com\/misak\/wp-content\/uploads\/2021\/06\/biden6.png 807w\" sizes=\"(max-width: 739px) 100vw, 739px\" \/><\/p>\n<p>&nbsp;<\/p>\n<p>&nbsp;<\/p>\n<p>D\u0131\u015fi\u015fleri Bakan\u0131 Mevlut \u00c7avu\u015fo\u011flu, ABD D\u0131\u015fi\u015fleri Bakan\u0131 Antony Blinken ile<strong><em> 12 Nisan\u2019da<\/em><\/strong> telefonda g\u00f6r\u00fc\u015fm\u00fc\u015ft\u00fcr. G\u00f6r\u00fc\u015fmede ikili konular,\u00a0<a href=\"https:\/\/www.trthaber.com\/etiket\/afganistan\/\">Afganistan<\/a>\u00a0bar\u0131\u015f s\u00fcreci, bu ama\u00e7la yap\u0131lacak\u00a0<a href=\"https:\/\/www.trthaber.com\/etiket\/istanbul\/\">\u0130stanbul<\/a>\u00a0toplant\u0131s\u0131, Suriye ve\u00a0Ortado\u011fu&#8217;daki geli\u015fmeler ele al\u0131nm\u0131\u015ft\u0131r.<\/p>\n<p>Bu g\u00f6r\u00fc\u015fmelerinin ard\u0131ndan Biden 3 ay sonra, 24 Nisan\u2019da T\u00fcrkiye Cumhuriyeti ve 83 milyon T\u00fcrk vatanda\u015f\u0131n\u0131 vebal alt\u0131nda b\u0131rakarak olmayan bir tehcire \u201c<em>soyk\u0131r\u0131m\u201d<\/em> demi\u015ftir. <em>B\u00f6ylece T\u00fcrklere iftira atan ilk ABD Ba\u015fkan\u0131 olarak tarihe ge\u00e7mi\u015ftir.<\/em><strong>\u00a0<\/strong><\/p>\n<p><img loading=\"lazy\" class=\"wp-image-13416 aligncenter\" src=\"https:\/\/millidusunce.com\/misak\/wp-content\/uploads\/2021\/06\/biden7.png\" alt=\"\" width=\"379\" height=\"284\" srcset=\"https:\/\/millidusunce.com\/misak\/wp-content\/uploads\/2021\/06\/biden7.png 296w, https:\/\/millidusunce.com\/misak\/wp-content\/uploads\/2021\/06\/biden7-150x113.png 150w\" sizes=\"(max-width: 379px) 100vw, 379px\" \/><\/p>\n<p><img loading=\"lazy\" class=\"wp-image-13417 aligncenter\" src=\"https:\/\/millidusunce.com\/misak\/wp-content\/uploads\/2021\/06\/biden8.png\" alt=\"\" width=\"576\" height=\"382\" srcset=\"https:\/\/millidusunce.com\/misak\/wp-content\/uploads\/2021\/06\/biden8.png 573w, https:\/\/millidusunce.com\/misak\/wp-content\/uploads\/2021\/06\/biden8-300x199.png 300w, https:\/\/millidusunce.com\/misak\/wp-content\/uploads\/2021\/06\/biden8-150x99.png 150w\" sizes=\"(max-width: 576px) 100vw, 576px\" \/><\/p>\n<p>Biden\u2019\u0131n 24 Nisan\u2019da soyk\u0131r\u0131m diyece\u011fi a\u015fikard\u0131. \u00c7\u00fcnk\u00fc hem <em>Biden<\/em> hem de yard\u0131mc\u0131s\u0131 <em>Harris,<\/em> s\u00f6zde, Ermeni soyk\u0131r\u0131m\u0131n\u0131 tan\u0131yacaklar\u0131 s\u00f6z\u00fcn\u00fc, se\u00e7im s\u00fcrecinde a\u00e7\u0131klam\u0131\u015flard\u0131r.\u00a0 Biden\u2019\u0131n bir \u015fekilde g\u00f6revi b\u0131rakmas\u0131 durumda ABD Ba\u015fkan\u0131 olacak ki\u015fi olan Kamala Harris\u2019in de s\u00f6z vermi\u015f olmas\u0131 \u00f6nemlidir. Bu, Ermeniler i\u00e7in sembolik bir zaferdi.<\/p>\n<p><em>Joe Biden<\/em><em>&#8216;\u0131n 17 Ocak 2020<\/em> tarihinde New York Times muhabirleri ile yap\u0131lan s\u00f6yle\u015fisi (a\u015fa\u011f\u0131da) bas\u0131na yans\u0131m\u0131\u015ft\u0131r. S\u00f6yle\u015finin T\u00fcrkiye ile ilgili b\u00f6l\u00fcm\u00fcnde bizleri rahats\u0131z edici ifadeler yer alm\u0131\u015ft\u0131r. T\u00fcrkiye&#8217;nin Rusya&#8217;dan silah sistemleri almas\u0131 ele\u015ftirilmekte, K\u00fcrt konusu ba\u015fta olmak \u00fczere T\u00fcrkiye\u2019ye dayat\u0131lmak istenen politikalardan s\u00f6z edilmekte, Do\u011fu Akdeniz\u2019de do\u011fal gaz ara\u015ft\u0131rmalar\u0131 yap\u0131lmas\u0131na kar\u015f\u0131 \u00e7\u0131k\u0131lmakta ve <em>se\u00e7imler yoluyla iktidar\u0131n de\u011fi\u015ftirilmesi i\u00e7in muhalefetin desteklenece\u011fi a\u00e7\u0131klanmaktad\u0131r. <\/em>\u00a0Bu tutum, ABD\u2019nin ba\u015fka \u00fclkelerin i\u00e7i\u015flerine m\u00fcdahale etti\u011fi g\u00f6r\u00fc\u015f\u00fcn\u00fc hakl\u0131 \u00e7\u0131karmakta,\u00a0 daha da \u00f6nemlisi gelecek se\u00e7imlerde ba\u015far\u0131l\u0131 olacak partileri de \u015fimdiden t\u00f6hmet alt\u0131nda b\u0131rakm\u0131\u015f olmaktad\u0131r. <em>Cumhurba\u015fkan\u0131 Erdo\u011fan i\u00e7in nezaket kurallar\u0131n\u0131 ve diplomatik nezaketi a\u015fa\u011f\u0131da g\u00f6r\u00fclebilece\u011fi gibi bir tarafa <a href=\"https:\/\/www.nytimes.com\/interactive\/2020\/01\/17\/opinion\/joe-biden-nytimes-interview.html\">b\u0131rakm\u0131\u015ft\u0131r:<\/a><\/em><\/p>\n<p><em>&#8220;Evet. Onunla \u00e7ok zaman ge\u00e7irdim. O bir otokrat. Kendisi T\u00fcrkiye&#8217;nin cumhurba\u015fkan\u0131 ve \u00e7ok daha fazlas\u0131. \u015eimdi yapmam\u0131z gerekti\u011fini d\u00fc\u015f\u00fcnd\u00fc\u011f\u00fcm \u015fey, ona kar\u015f\u0131 \u00e7ok farkl\u0131 bir yakla\u015f\u0131m\u00a0 benimsemek ve muhalefet liderli\u011fini destekledi\u011fimizi a\u00e7\u0131k\u00e7a ortaya koymak. S\u00fcrece kat\u0131lmak isteyen K\u00fcrt n\u00fcfusunu parlamentolar\u0131na entegre etmek i\u00e7in bir s\u00fcredir \u00e7al\u0131\u015fan bir yolumuzun oldu\u011fu bir konumda oldu\u011fumuzu a\u00e7\u0131k\u00e7a ortaya koyuyoruz. \u00c7\u00fcnk\u00fc asl\u0131nda ne d\u00fc\u015f\u00fcnd\u00fc\u011f\u00fcm\u00fcz\u00fc konu\u015fmal\u0131y\u0131z. Baz\u0131 silahlar\u0131 ona satmaya devam edip etmeyece\u011fimizin bir bedelini \u00f6demek zorunda kalsak da&#8230;.&#8221;\u00a0<\/em><\/p>\n<p>Cumhurba\u015fkan\u0131 Erdo\u011fan, Ekim 2014\u2019e Joe Biden\u2019\u0131n \u201c<em>Cumhurba\u015fkan\u0131 Erdo\u011fan, ki eski bir dosttur, bana dedi ki, siz hakl\u0131yd\u0131n\u0131z, \u00e7ok fazla insan\u0131n (Suriye\u2019ye) ge\u00e7i\u015fine izin verdik, \u015fimdi s\u0131n\u0131r\u0131 m\u00fch\u00fcrlemeye \u00e7al\u0131\u015f\u0131yoruz\u201d <\/em>s\u00f6zlerine ili\u015fkin olarak <em>\u201cB\u00f6yle bir \u015fey s\u00f6ylediyse Biden benim i\u00e7in tarih olur&#8221;<\/em> demi\u015ftir.\u00a0 Biden\u2019\u0131n a\u00e7\u0131klamalar\u0131ndan sonra Cumhurba\u015fkanl\u0131\u011f\u0131 Y\u00fcksek \u0130sti\u015fare Kurulu \u00fcyesi <em>B\u00fclent Ar\u0131n\u00e7, \u201cTrump&#8217;\u0131n kar\u015f\u0131s\u0131ndaki kimse onu se\u00e7erdim\u201d diyerek Joe Biden&#8217;a destek olmu\u015ftur.<\/em><\/p>\n<p>T\u00fcrkiye&#8217;de iktidar\u0131n Atlantik \u00e7izgisinde oldu\u011fu 2002-2012 d\u00f6nemini \u00f6ven, o s\u0131rada ABD ile iyi ili\u015fkiler oldu\u011funu anlatan Ar\u0131n\u00e7&#8217;a g\u00f6re, <em>se\u00e7imi Biden\u00a0 kazansa da ABD ile eskisi gibi ili\u015fkiler kurulabilirdi.<\/em> Biden ile an\u0131lar\u0131n\u0131 anlatan Ar\u0131n\u00e7,\u00a0 <em>\u201cSonra ben ABD&#8217;de Biden&#8217;le 1,5 saatlik bir g\u00f6r\u00fc\u015fme yapt\u0131m. Biden, Obama&#8217;n\u0131n yan\u0131nda yerini dolduran bir insand\u0131. Evlat ac\u0131s\u0131 g\u00f6rm\u00fc\u015f, d\u00fc\u015f\u00fcnebilen, duygusal, yeri geldi\u011fi zaman \u0130rlanda&#8217;dan \u015fiir \u00f6rnekleri veren, <u>T\u00fcrkiye&#8217;yi sevdi\u011fini s\u00f6ylemi\u015fti<\/u>\u201d<\/em> <a href=\"https:\/\/www.sozcu.com.tr\/2020\/gundem\/arinctan-ilginc-joe-biden-cikisi-trumpin-karsisinda-kim-varsa-ondan-yanayim-5998865\/\">demi\u015ftir.<\/a> Ar\u0131n\u00e7, <em>\u201cBiden\u2019\u0131 m\u0131 se\u00e7erdiniz?\u201d<\/em> sorusuna \u015fu cevab\u0131 vermi\u015ftir: <em>\u201cTamam, ben s\u00f6ylemedim, sen s\u00f6yledin\u201d\u00a0 diyerek \u015fu eklemeyi yapm\u0131\u015ft\u0131r: \u201cTrump\u2019\u0131n kar\u015f\u0131s\u0131nda kim aday olursa ondan yanay\u0131m diyebilirim. Say\u0131n Cumhurba\u015fkan\u0131m\u0131z\u0131n, <u>Biden\u2019\u0131 do\u011frudan hedef almamas\u0131n\u0131 \u00e7ok iyi bir politika olarak g\u00f6r\u00fcyorum\u201d<\/u><\/em><\/p>\n<p>Biden, se\u00e7im s\u00fcrecinde\u00a0 <em>\u201cErmeni soyk\u0131r\u0131m\u0131n\u0131 tan\u0131yan karar\u0131 destekleme s\u00f6z\u00fc veriyorum\u201d<\/em>\u00a0\u00a0 demi\u015ftir. <em>(If elected, I pledge to support a resolution recognizing the Armenian Genocide and will make universal human rights a top priority for my administration)\u00a0 \u00a0<\/em><\/p>\n<p>Barack Obama, 2008\u2019de ba\u015fkan se\u00e7ilmeden \u00f6nceki se\u00e7imlerde s\u00f6zde Ermeni soyk\u0131r\u0131m\u0131n\u0131 tan\u0131yaca\u011f\u0131n\u0131 s\u00f6ylemi\u015ftir ama g\u00f6reve geldikten sonra soyk\u0131r\u0131m ifadesini kullanmam\u0131\u015ft\u0131r.\u00a0 Yaz\u0131l\u0131 a\u00e7\u0131klamas\u0131nda, <em>\u201c1915\u2019te zul\u00fcm g\u00f6renlerin an\u0131s\u0131n\u0131 onurland\u0131rd\u0131klar\u0131n\u0131\u201d<\/em>\u00a0 belirten Obama,\u00a0 ABD\u2019ye g\u00f6\u00e7 eden Ermenilerin \u00fclkeye katt\u0131klar\u0131 de\u011feri vurgulam\u0131\u015f ve onlara te\u015fekk\u00fcr etmi\u015ftir.\u00a0 Fakat Biden ile Obama aras\u0131nda \u00e7ok fark vard\u0131r. <em>\u00c7\u00fcnk\u00fc Biden ve yard\u0131mc\u0131s\u0131 Harris se\u00e7im s\u00fcrecinde \u00e7ok net ve a\u00e7\u0131k bir \u015fekilde s\u00f6zde Ermeni soyk\u0131r\u0131m\u0131na destek vermi\u015ftir. <\/em><\/p>\n<p><em>23 Mart 2021<\/em> tarihinde,\u00a0 ABD Ba\u015fkan\u0131 Biden\u2019\u0131n s\u00f6zde Ermeni soyk\u0131r\u0131m\u0131n\u0131 tan\u0131yaca\u011f\u0131 medyada yer alm\u0131\u015ft\u0131r: <em>\u201cBiden: Ermeni Soyk\u0131r\u0131m\u0131n\u0131 Resmen Kabul Edecek\u201d<\/em>\u00a0 (<em>Exclusive: Biden Admin to Officially Acknowledge Armenian Genocide\u00a0 Quick Take\u00a0 GZERO Media)<\/em> GZERO Medya&#8217;da yay\u0131n yapan siyaset uzman\u0131 ve Eurasia Group Ba\u015fkan\u0131 <em>Ian Bremmer<\/em>, Beyaz Saray&#8217;daki kaynaklar\u0131na dayand\u0131rd\u0131\u011f\u0131 \u00f6zel haberinde, Biden&#8217;\u0131n se\u00e7im kampanyas\u0131nda da vadetti\u011fi gibi\u00a0 s\u00f6zde\u00a0 soyk\u0131r\u0131m\u0131 tan\u0131mak i\u00e7in \u00e7al\u0131\u015fmalara ba\u015flad\u0131\u011f\u0131n\u0131\u00a0 a\u00e7\u0131klam\u0131\u015ft\u0131r.<\/p>\n<p><img loading=\"lazy\" class=\"aligncenter size-full wp-image-13421\" src=\"https:\/\/millidusunce.com\/misak\/wp-content\/uploads\/2021\/06\/biden12.png\" alt=\"\" width=\"610\" height=\"98\" srcset=\"https:\/\/millidusunce.com\/misak\/wp-content\/uploads\/2021\/06\/biden12.png 610w, https:\/\/millidusunce.com\/misak\/wp-content\/uploads\/2021\/06\/biden12-300x48.png 300w, https:\/\/millidusunce.com\/misak\/wp-content\/uploads\/2021\/06\/biden12-150x24.png 150w\" sizes=\"(max-width: 610px) 100vw, 610px\" \/><\/p>\n<p><img loading=\"lazy\" class=\"wp-image-13422 aligncenter\" src=\"https:\/\/millidusunce.com\/misak\/wp-content\/uploads\/2021\/06\/biden13-768x201.png\" alt=\"\" width=\"604\" height=\"158\" srcset=\"https:\/\/millidusunce.com\/misak\/wp-content\/uploads\/2021\/06\/biden13-768x201.png 768w, https:\/\/millidusunce.com\/misak\/wp-content\/uploads\/2021\/06\/biden13-300x79.png 300w, https:\/\/millidusunce.com\/misak\/wp-content\/uploads\/2021\/06\/biden13-150x39.png 150w, https:\/\/millidusunce.com\/misak\/wp-content\/uploads\/2021\/06\/biden13.png 794w\" sizes=\"(max-width: 604px) 100vw, 604px\" \/><\/p>\n<p>Bremmer, HDP&#8217;nin kapat\u0131lma davas\u0131na da de\u011finerek, Erdo\u011fan i\u00e7in as\u0131l b\u00fcy\u00fck zorlu\u011fun ABD&#8217;den gelece\u011fini s\u00f6ylemi\u015ftir. <em>20 Mart 2012<\/em> tarihinde Turkish Forum ile Milli Strateji Ara\u015ft\u0131rma Kurulu\u2019nda yay\u0131nlanan yaz\u0131m\u0131n ba\u015fl\u0131\u011f\u0131 <em>\u201c<a href=\"https:\/\/www.turkishnews.com\/tr\/content\/2021\/03\/20\/bidena-sozde-ermeni-soykirimini-tani-baskisi\/\">Biden\u2019a S\u00f6zde Ermeni Soyk\u0131r\u0131m\u0131n\u0131 Tan\u0131 Bask\u0131s\u0131<\/a>\u201d<\/em> idi.<em>19 Mart 2021<\/em> tarihinde ABD\u2019li bir grup senat\u00f6r, Ermenistan\u2019da 1915 olaylar\u0131n\u0131n y\u0131ld\u00f6n\u00fcm\u00fc kabul edilen, 24 Nisan \u00f6ncesinde Ba\u015fkan Biden\u2019a s\u00f6zde Ermeni soyk\u0131r\u0131m\u0131n\u0131 tan\u0131ma <a href=\"https:\/\/millidusunce.com\/misak\/joe-biden-sozde-ermeni-soykirimini-taniyacak-mi\/\">\u00e7a\u011fr\u0131s\u0131 yapm\u0131\u015ft\u0131r<\/a>.<\/p>\n<p>\u00d6nc\u00fcl\u00fc\u011f\u00fcn\u00fc Demokrat Senat\u00f6r <em>Bob Menendez<\/em> ile Cumhuriyet\u00e7i Senat\u00f6r <em>John Cornyn\u2019in<\/em> yapt\u0131\u011f\u0131 ve 37 senat\u00f6r\u00fcn imza att\u0131\u011f\u0131 mektup, Senato D\u0131\u015f \u0130li\u015fkiler Komitesi taraf\u0131ndan a\u00e7\u0131klanm\u0131\u015ft\u0131r. Her iki partiden de senat\u00f6rlerin isimlerinin yer ald\u0131\u011f\u0131 mektupta, Biden\u2019\u0131n ge\u00e7en y\u0131l yapt\u0131\u011f\u0131 bir konu\u015fma hat\u0131rlat\u0131larak, <em>\u201cErmeni soyk\u0131r\u0131m\u0131 ger\u00e7e\u011fini resmen tan\u0131ma \u00e7a\u011fr\u0131s\u0131n\u0131 g\u00fc\u00e7l\u00fc \u015fekilde yapmak \u00fczere size yaz\u0131yoruz. Ge\u00e7mi\u015fte Ermeni soyk\u0131r\u0131m\u0131n\u0131 soyk\u0131r\u0131m olarak tan\u0131m\u0131\u015ft\u0131n\u0131z, \u015fimdi Ba\u015fkan olarak yine ayn\u0131 \u015feyi yapmaya \u00e7a\u011f\u0131r\u0131yoruz\u201d\u00a0 <\/em>denmi\u015ftir.<\/p>\n<p>2019 y\u0131l\u0131nda ABD Kongresi\u2019nin her iki kanad\u0131nda kabul edilen 1915 olaylar\u0131n\u0131n soyk\u0131r\u0131m olarak tan\u0131nmas\u0131 y\u00f6n\u00fcndeki karar tasar\u0131lar\u0131na at\u0131f yap\u0131lan mektupta, Biden y\u00f6netiminin olay\u0131 <em>\u201csoyk\u0131r\u0131m\u201d<\/em> olarak tan\u0131yarak Kongre\u2019ye kat\u0131lmas\u0131 gerekti\u011fi savunulmu\u015ftur.\u00a0 4 Nisan 2021 tarihinde \u201c<em><a href=\"https:\/\/www.turkishnews.com\/tr\/content\/2021\/04\/04\/uluc-gurkan-24-nisan-yaklasirken-sozde-ermeni-soykirimi-sorunu\/\">24 Nisan Yakla\u015f\u0131rken S\u00f6zde Ermeni Soyk\u0131r\u0131m\u0131 Sorunu<\/a>\u201d<\/em>\u00a0 ba\u015fl\u0131kl\u0131 yaz\u0131mda bu konuya dikkat \u00e7ekmi\u015ftim. ABD bas\u0131n\u0131nda 23 Mart\u2019ta yer alan haber \u00f6nemlidir:\u00a0 <em>\u201cBa\u015fkan Biden\u00a0 Osmanl\u0131 y\u00f6netimi alt\u0131nda ya\u015fayan ve 1915 y\u0131l\u0131nda \u00f6ld\u00fcr\u00fclen Ermenilere soyk\u0131r\u0131m yap\u0131ld\u0131\u011f\u0131n\u0131 tan\u0131yacak ilk Ba\u015fkan olacakt\u0131r.\u201d<\/em><\/p>\n<p><img loading=\"lazy\" class=\"aligncenter size-full wp-image-13423\" src=\"https:\/\/millidusunce.com\/misak\/wp-content\/uploads\/2021\/06\/biden14.png\" alt=\"\" width=\"603\" height=\"362\" srcset=\"https:\/\/millidusunce.com\/misak\/wp-content\/uploads\/2021\/06\/biden14.png 603w, https:\/\/millidusunce.com\/misak\/wp-content\/uploads\/2021\/06\/biden14-300x180.png 300w, https:\/\/millidusunce.com\/misak\/wp-content\/uploads\/2021\/06\/biden14-150x90.png 150w\" sizes=\"(max-width: 603px) 100vw, 603px\" \/><\/p>\n","protected":false},"excerpt":{"rendered":"<p>Biden ile Obama aras\u0131nda \u00e7ok fark vard\u0131r. \u00c7\u00fcnk\u00fc Biden ve yard\u0131mc\u0131s\u0131 Harris se\u00e7im s\u00fcrecinde \u00e7ok net ve a\u00e7\u0131k bir \u015fekilde s\u00f6zde Ermeni soyk\u0131r\u0131m\u0131na destek vermi\u015ftir.<\/p>\n","protected":false},"author":3,"featured_media":13459,"comment_status":"open","ping_status":"open","sticky":false,"template":"","format":"standard","meta":{"_links_to":"","_links_to_target":""},"categories":[2,66,67,68],"tags":[1843,52,1844,1842,287,795],"yoast_head":"<!-- This site is optimized with the Yoast SEO plugin v16.0.2 - https:\/\/yoast.com\/wordpress\/plugins\/seo\/ -->\n<title>Biden&#039;dan soyk\u0131r\u0131m iftiras\u0131 - M\u0130SAK- Mill\u00ee Strateji Ara\u015ft\u0131rma Kurulu<\/title>\n<meta name=\"description\" content=\"Biden 3 ay sonra, 24 Nisan\u2019da T\u00fcrkiye Cumhuriyeti ve 83 milyon T\u00fcrk vatanda\u015f\u0131n\u0131 vebal alt\u0131nda b\u0131rakarak olmayan bir tehcire \u201csoyk\u0131r\u0131m\u201d demi\u015ftir. B\u00f6ylece T\u00fcrklere iftira atan ilk ABD Ba\u015fkan\u0131 olarak tarihe ge\u00e7mi\u015ftir.\u00a0\" \/>\n<link rel=\"canonical\" href=\"https:\/\/millidusunce.com\/misak\/bidendan-soykirim-iftirasi\/\" \/>\n<meta property=\"og:locale\" content=\"tr_TR\" \/>\n<meta property=\"og:type\" content=\"article\" \/>\n<meta property=\"og:title\" content=\"Biden&#039;dan soyk\u0131r\u0131m iftiras\u0131 - M\u0130SAK- Mill\u00ee Strateji Ara\u015ft\u0131rma Kurulu\" \/>\n<meta property=\"og:description\" content=\"Biden 3 ay sonra, 24 Nisan\u2019da T\u00fcrkiye Cumhuriyeti ve 83 milyon T\u00fcrk vatanda\u015f\u0131n\u0131 vebal alt\u0131nda b\u0131rakarak olmayan bir tehcire \u201csoyk\u0131r\u0131m\u201d demi\u015ftir. B\u00f6ylece T\u00fcrklere iftira atan ilk ABD Ba\u015fkan\u0131 olarak tarihe ge\u00e7mi\u015ftir.\u00a0\" \/>\n<meta property=\"og:url\" content=\"https:\/\/millidusunce.com\/misak\/bidendan-soykirim-iftirasi\/\" \/>\n<meta property=\"og:site_name\" content=\"M\u0130SAK- Mill\u00ee Strateji Ara\u015ft\u0131rma Kurulu\" \/>\n<meta property=\"article:published_time\" content=\"2021-06-11T16:30:00+00:00\" \/>\n<meta property=\"article:modified_time\" content=\"2021-06-11T22:44:07+00:00\" \/>\n<meta property=\"og:image\" content=\"https:\/\/millidusunce.com\/misak\/wp-content\/uploads\/2021\/06\/biden1-1.png\" \/>\n\t<meta property=\"og:image:width\" content=\"1000\" \/>\n\t<meta property=\"og:image:height\" content=\"541\" \/>\n<meta name=\"twitter:card\" content=\"summary_large_image\" \/>\n<meta name=\"twitter:label1\" content=\"Tahmini okuma s\u00fcresi\">\n\t<meta name=\"twitter:data1\" content=\"8 dakika\">\n<script type=\"application\/ld+json\" class=\"yoast-schema-graph\">{\"@context\":\"https:\/\/schema.org\",\"@graph\":[{\"@type\":\"Organization\",\"@id\":\"https:\/\/millidusunce.com\/misak\/#organization\",\"name\":\"Mill\\u00ee D\\u00fc\\u015f\\u00fcnce Merkezi\",\"url\":\"https:\/\/millidusunce.com\/misak\/\",\"sameAs\":[],\"logo\":{\"@type\":\"ImageObject\",\"@id\":\"https:\/\/millidusunce.com\/misak\/#logo\",\"inLanguage\":\"tr\",\"url\":\"https:\/\/millidusunce.com\/misak\/wp-content\/uploads\/2018\/09\/mdmLogo-yazisiz.jpg\",\"width\":422,\"height\":422,\"caption\":\"Mill\\u00ee D\\u00fc\\u015f\\u00fcnce Merkezi\"},\"image\":{\"@id\":\"https:\/\/millidusunce.com\/misak\/#logo\"}},{\"@type\":\"WebSite\",\"@id\":\"https:\/\/millidusunce.com\/misak\/#website\",\"url\":\"https:\/\/millidusunce.com\/misak\/\",\"name\":\"M\\u0130SAK- Mill\\u00ee Strateji Ara\\u015ft\\u0131rma Kurulu\",\"description\":\"D\\u00fcnyaya T\\u00fcrk\\u00e7\\u00fc Bak\\u0131\\u015f\",\"publisher\":{\"@id\":\"https:\/\/millidusunce.com\/misak\/#organization\"},\"potentialAction\":[{\"@type\":\"SearchAction\",\"target\":\"https:\/\/millidusunce.com\/misak\/?s={search_term_string}\",\"query-input\":\"required name=search_term_string\"}],\"inLanguage\":\"tr\"},{\"@type\":\"ImageObject\",\"@id\":\"https:\/\/millidusunce.com\/misak\/bidendan-soykirim-iftirasi\/#primaryimage\",\"inLanguage\":\"tr\",\"url\":\"https:\/\/millidusunce.com\/misak\/wp-content\/uploads\/2021\/06\/biden1-1.png\",\"width\":1000,\"height\":541},{\"@type\":\"WebPage\",\"@id\":\"https:\/\/millidusunce.com\/misak\/bidendan-soykirim-iftirasi\/#webpage\",\"url\":\"https:\/\/millidusunce.com\/misak\/bidendan-soykirim-iftirasi\/\",\"name\":\"Biden'dan soyk\\u0131r\\u0131m iftiras\\u0131 - M\\u0130SAK- Mill\\u00ee Strateji Ara\\u015ft\\u0131rma Kurulu\",\"isPartOf\":{\"@id\":\"https:\/\/millidusunce.com\/misak\/#website\"},\"primaryImageOfPage\":{\"@id\":\"https:\/\/millidusunce.com\/misak\/bidendan-soykirim-iftirasi\/#primaryimage\"},\"datePublished\":\"2021-06-11T16:30:00+00:00\",\"dateModified\":\"2021-06-11T22:44:07+00:00\",\"description\":\"Biden 3 ay sonra, 24 Nisan\\u2019da T\\u00fcrkiye Cumhuriyeti ve 83 milyon T\\u00fcrk vatanda\\u015f\\u0131n\\u0131 vebal alt\\u0131nda b\\u0131rakarak olmayan bir tehcire \\u201csoyk\\u0131r\\u0131m\\u201d demi\\u015ftir. B\\u00f6ylece T\\u00fcrklere iftira atan ilk ABD Ba\\u015fkan\\u0131 olarak tarihe ge\\u00e7mi\\u015ftir.\\u00a0\",\"breadcrumb\":{\"@id\":\"https:\/\/millidusunce.com\/misak\/bidendan-soykirim-iftirasi\/#breadcrumb\"},\"inLanguage\":\"tr\",\"potentialAction\":[{\"@type\":\"ReadAction\",\"target\":[\"https:\/\/millidusunce.com\/misak\/bidendan-soykirim-iftirasi\/\"]}]},{\"@type\":\"BreadcrumbList\",\"@id\":\"https:\/\/millidusunce.com\/misak\/bidendan-soykirim-iftirasi\/#breadcrumb\",\"itemListElement\":[{\"@type\":\"ListItem\",\"position\":1,\"item\":{\"@type\":\"WebPage\",\"@id\":\"https:\/\/millidusunce.com\/misak\/\",\"url\":\"https:\/\/millidusunce.com\/misak\/\",\"name\":\"Anasayfa\"}},{\"@type\":\"ListItem\",\"position\":2,\"item\":{\"@type\":\"WebPage\",\"@id\":\"https:\/\/millidusunce.com\/misak\/bidendan-soykirim-iftirasi\/\",\"url\":\"https:\/\/millidusunce.com\/misak\/bidendan-soykirim-iftirasi\/\",\"name\":\"Biden&#8217;dan soyk\\u0131r\\u0131m iftiras\\u0131\"}}]},{\"@type\":\"Article\",\"@id\":\"https:\/\/millidusunce.com\/misak\/bidendan-soykirim-iftirasi\/#article\",\"isPartOf\":{\"@id\":\"https:\/\/millidusunce.com\/misak\/bidendan-soykirim-iftirasi\/#webpage\"},\"author\":{\"@id\":\"https:\/\/millidusunce.com\/misak\/#\/schema\/person\/dceabd91d5707fd0a1f581be62144940\"},\"headline\":\"Biden&#8217;dan soyk\\u0131r\\u0131m iftiras\\u0131\",\"datePublished\":\"2021-06-11T16:30:00+00:00\",\"dateModified\":\"2021-06-11T22:44:07+00:00\",\"mainEntityOfPage\":{\"@id\":\"https:\/\/millidusunce.com\/misak\/bidendan-soykirim-iftirasi\/#webpage\"},\"commentCount\":0,\"publisher\":{\"@id\":\"https:\/\/millidusunce.com\/misak\/#organization\"},\"image\":{\"@id\":\"https:\/\/millidusunce.com\/misak\/bidendan-soykirim-iftirasi\/#primaryimage\"},\"keywords\":\"biden,Ermeni,haris,iftira,Soyk\\u0131r\\u0131m,tehcir\",\"articleSection\":\"S\\u0130YASET-TAR\\u0130H,TEHD\\u0130TLER,T\\u00dcRKL\\u00dcK-T\\u00dcRK\\u00c7\\u00dcL\\u00dcK\",\"inLanguage\":\"tr\",\"potentialAction\":[{\"@type\":\"CommentAction\",\"name\":\"Comment\",\"target\":[\"https:\/\/millidusunce.com\/misak\/bidendan-soykirim-iftirasi\/#respond\"]}]},{\"@type\":\"Person\",\"@id\":\"https:\/\/millidusunce.com\/misak\/#\/schema\/person\/dceabd91d5707fd0a1f581be62144940\",\"name\":\"Sad\\u0131k R\\u0131dvan Karluk\",\"image\":{\"@type\":\"ImageObject\",\"@id\":\"https:\/\/millidusunce.com\/misak\/#personlogo\",\"inLanguage\":\"tr\",\"url\":\"https:\/\/secure.gravatar.com\/avatar\/0ac86ba3095525619627cdd0589c5b8c?s=96&d=mm&r=g\",\"caption\":\"Sad\\u0131k R\\u0131dvan Karluk\"},\"description\":\"Prof. Dr. S. R\\u0131dvan Karluk, 1970\\u2019de Ankara \\u00dcniversitesi Siyasal Bilgiler Fak\\u00fcltesi\\u2019ni bitirdi. 1975\\u2019te doktor, 1979\\u2019da do\\u00e7ent oldu. 1975 \\u2013 1976\\u2019da Sussex \\u00dcniversitesi\\u2019nde doktora \\u00fcst\\u00fc ara\\u015ft\\u0131rma yapt\\u0131. 1982 y\\u0131l\\u0131nda Devlet Planlama Te\\u015fkilat\\u0131 AET Dairesini (Genel M\\u00fcd\\u00fcrl\\u00fck) kurdu. 1985-1990 y\\u0131llar\\u0131nda Paris\\u2019te, OECD T\\u00fcrkiye B\\u00fcy\\u00fckel\\u00e7ili\\u011fi\\u2019nde Planlama M\\u00fc\\u015faviri olarak \\u00e7al\\u0131\\u015ft\\u0131. 1990-1992 y\\u0131llar\\u0131nda Ba\\u015fbakanl\\u0131k Ba\\u015fm\\u00fc\\u015favirli\\u011fi\\u2019ne atand\\u0131. 1991 y\\u0131l\\u0131nda Anadolu \\u00dcniversitesi\\u2019ne ge\\u00e7mi\\u015f, 2014 y\\u0131l\\u0131nda emekli olmu\\u015ftur. Bu s\\u00fcre i\\u00e7inde \\u0130ktisadi Geli\\u015fme ve Uluslararas\\u0131 Geli\\u015fme Anabilim Dal\\u0131 Ba\\u015fkanl\\u0131\\u011f\\u0131, 2010-2013 d\\u00f6neminde \\u0130ktisat Fak\\u00fcltesi Dekanl\\u0131\\u011f\\u0131 yapm\\u0131\\u015ft\\u0131r. Uluslararas\\u0131 Ekonomi, T\\u00fcrkiye Ekonomisi, Avrupa Birli\\u011fi ve Uluslararas\\u0131 Ekonomik \\u0130li\\u015fkiler konular\\u0131nda 24 kitab\\u0131, 12 ortak ve 3 \\u00e7eviri eseri vard\\u0131r. Ortak yazarl\\u0131 bir ders kitab\\u0131 T\\u00dcBA \\u00fcniversite ders kitaplar\\u0131 2012 y\\u0131l\\u0131 telif ve \\u00e7eviri eser \\u00f6d\\u00fcl\\u00fc olmak \\u00fczere 6 bilimsel ara\\u015ft\\u0131rma \\u00f6d\\u00fcl\\u00fcne sahiptir. Eski\\u015fehir Sakarya gazetesi ile Turkish Forum\\u2019da (ABD) haftal\\u0131k g\\u00fcncel yaz\\u0131lar\\u0131 yay\\u0131nlanmaktad\\u0131r. \\u00d6zge\\u00e7mi\\u015fi WHO\\u2019s WHO D\\u00fcnya, Asya ve T\\u00fcrkiye bask\\u0131lar\\u0131nda yer alm\\u0131\\u015ft\\u0131r.\"}]}<\/script>\n<!-- \/ Yoast SEO plugin. -->","_links":{"self":[{"href":"https:\/\/millidusunce.com\/misak\/wp-json\/wp\/v2\/posts\/13409"}],"collection":[{"href":"https:\/\/millidusunce.com\/misak\/wp-json\/wp\/v2\/posts"}],"about":[{"href":"https:\/\/millidusunce.com\/misak\/wp-json\/wp\/v2\/types\/post"}],"author":[{"embeddable":true,"href":"https:\/\/millidusunce.com\/misak\/wp-json\/wp\/v2\/users\/3"}],"replies":[{"embeddable":true,"href":"https:\/\/millidusunce.com\/misak\/wp-json\/wp\/v2\/comments?post=13409"}],"version-history":[{"count":11,"href":"https:\/\/millidusunce.com\/misak\/wp-json\/wp\/v2\/posts\/13409\/revisions"}],"predecessor-version":[{"id":13462,"href":"https:\/\/millidusunce.com\/misak\/wp-json\/wp\/v2\/posts\/13409\/revisions\/13462"}],"wp:featuredmedia":[{"embeddable":true,"href":"https:\/\/millidusunce.com\/misak\/wp-json\/wp\/v2\/media\/13459"}],"wp:attachment":[{"href":"https:\/\/millidusunce.com\/misak\/wp-json\/wp\/v2\/media?parent=13409"}],"wp:term":[{"taxonomy":"category","embeddable":true,"href":"https:\/\/millidusunce.com\/misak\/wp-json\/wp\/v2\/categories?post=13409"},{"taxonomy":"post_tag","embeddable":true,"href":"https:\/\/millidusunce.com\/misak\/wp-json\/wp\/v2\/tags?post=13409"}],"curies":[{"name":"wp","href":"https:\/\/api.w.org\/{rel}","templated":true}]}}