{"id":1389,"date":"2018-02-28T09:39:23","date_gmt":"2018-02-28T06:39:23","guid":{"rendered":"http:\/\/misak.millidusunce.com\/?p=1389"},"modified":"2018-03-10T12:04:37","modified_gmt":"2018-03-10T09:04:37","slug":"ermeni-iddialarini-destekleyen-parlamentolar-ve-tbmm-baskani","status":"publish","type":"post","link":"https:\/\/millidusunce.com\/misak\/ermeni-iddialarini-destekleyen-parlamentolar-ve-tbmm-baskani\/","title":{"rendered":"Ermeni iddialar\u0131n\u0131 destekleyen parlamentolar ve TBMM Ba\u015fkan\u0131"},"content":{"rendered":"<h3><\/h3>\n<h3><img loading=\"lazy\" decoding=\"async\" class=\"alignnone size-full wp-image-1393\" src=\"http:\/\/misak.millidusunce.com\/wp-content\/uploads\/2018\/02\/Kahraman.jpg\" alt=\"\" width=\"800\" height=\"450\" srcset=\"https:\/\/millidusunce.com\/misak\/wp-content\/uploads\/2018\/02\/Kahraman.jpg 800w, https:\/\/millidusunce.com\/misak\/wp-content\/uploads\/2018\/02\/Kahraman-150x84.jpg 150w, https:\/\/millidusunce.com\/misak\/wp-content\/uploads\/2018\/02\/Kahraman-300x169.jpg 300w, https:\/\/millidusunce.com\/misak\/wp-content\/uploads\/2018\/02\/Kahraman-768x432.jpg 768w\" sizes=\"auto, (max-width: 800px) 100vw, 800px\" \/>AB Bakan\u0131 \u00d6mer \u00c7elik Hollanda\u2019y\u0131 k\u0131narken Ermeni muhibbi Halil Berktay\u2019\u0131n\u00a0 TBMM\u2019de konu\u015fmas\u0131 \u00e7eli\u015fki de\u011filse nedir?<\/h3>\n<p>Avrupa Birli\u011fi\u00a0 Bakan\u0131 ve Ba\u015fm\u00fczakereci <strong>\u00d6mer \u00c7elik<\/strong> ge\u00e7en hafta Hollanda Parlamentosu\u2019nun 1915 olaylar\u0131n\u0131 soyk\u0131r\u0131m olarak tan\u0131yan karar\u0131n\u0131\u00a0\u00a0 k\u0131narken, TBMM Ba\u015fkanl\u0131\u011f\u0131nca Meclis Sohbetleri ba\u011flam\u0131nda T\u00fcrkiye\u2019de Demokrasinin Geli\u015fimi konulu konferansta\u00a0 T\u00fcrkleri\u00a0 s\u00f6zde Ermeni soyk\u0131r\u0131m\u0131 yapmakla su\u00e7layan Prof. Dr. <strong>Halil Berktay<\/strong>\u2019\u0131n konu\u015fma yapmas\u0131 bir \u00a0tutars\u0131zl\u0131kt\u0131r.<\/p>\n<p>TBMM Ba\u015fkan\u0131 <strong>\u0130smail Kahraman<\/strong>, 2001 y\u0131l\u0131nda\u00a0\u00a0 <strong>\u00d6mer \u0130zgi<\/strong> TBMM Meclis Ba\u015fkan\u0131 iken\u00a0 SBF\u2019den hocam Prof. Dr. T\u00fcrkkaya Ata\u00f6v edit\u00f6rl\u00fc\u011f\u00fcnde, SBF yurdundan arkada\u015f\u0131m Prof. Dr. \u0130lber Ortayl\u0131\u2019n\u0131n dan\u0131\u015fmanl\u0131\u011f\u0131nda ve \u00a0Vahit Erdem\u2019in koordinasyununda\u00a0 haz\u0131rlanan \u00a0<strong>The Armenians in the Late Ottoman Period<\/strong> (2001) <em>\u00a0<\/em>kitab\u0131n\u0131\u00a0 okumu\u015f olsayd\u0131, \u00a0<strong>Halil Berktay\u2019\u0131 konu\u015fmac\u0131 olarak \u00e7a\u011f\u0131rmazd\u0131. <\/strong>(https:\/\/archive.org\/stream\/TheArmeniansInTheLateOttomanPeriodEditedByTrkkayaAtaav\/The+Armenians+in+the+late+Ottoman+Period+-+Edited+by+T%C3%BCrkkaya+Ata%C3%B6v_djvu.txt)<\/p>\n<p>Ya da Ermeni isyanlar\u0131n\u0131 konu alan ve Amerikal\u0131 y\u00f6netmen Philip M. Callaghan taraf\u0131ndan \u00e7ekilen <strong>Ermeni \u0130syan\u0131 1894-1920<\/strong> belgeselini\u00a0 seyretseydi,\u00a0<em>(T\u00fcrk\u00e7e i\u00e7in:\u00a0<\/em><a href=\"https:\/\/cas2.porsuk.anadolu.edu.tr\/owa\/redir.aspx?C=6caa306e74004205967299d9a206e6ca&amp;URL=http%3a%2f%2fwww.ttk.org.tr%2findex.php%3fPage%3dSayfa%26No%3d315\"><em>http:\/\/www.ttk.org.tr\/index.php?Page=Sayfa&amp;No=315<\/em><\/a><em>, \u0130ngilizce i\u00e7in: The Armenian Revolt: 1894-1920:<\/em>\u00a0<a href=\"https:\/\/cas2.porsuk.anadolu.edu.tr\/owa\/redir.aspx?C=6caa306e74004205967299d9a206e6ca&amp;URL=http%3a%2f%2fwww.ttk.org.tr%2findex.php%3fPage%3dAnasayfa%26Lisan%3den\"><em>http:\/\/www.ttk.org.tr\/index.php?Page=Anasayfa&amp;Lisan=en<\/em><\/a><em><u>)<\/u><\/em> <strong>Halil Berktay\u2019\u0131 konu\u015fmac\u0131 olarak \u00e7a\u011f\u0131rmazd\u0131. (<\/strong><a href=\"https:\/\/www.youtube.com\/watch?v=wF24mClPSN8)\u00a0\">https:\/\/www.youtube.com\/watch?v=wF24mClPSN8)\u00a0<\/a><\/p>\n<p>Ya da\u00a0 Ba\u015fbakan Recep Tayyip Erdo\u011fan\u2019\u0131n 20015 y\u0131l\u0131nda\u00a0 M\u00fcnih Avrupa G\u00fcvenlik Konferans\u0131\u2019nda Ermeni D\u0131\u015fi\u015fleri Bakan\u0131na verdi\u011fi cevab\u0131 kapsayan 4 dakikal\u0131k videoyu seyretseydi, (<a href=\"http:\/\/armenians-1915.blogspot.com\/2008\/02\/2344-video-turkish-pms-response-to.html\">http:\/\/armenians-1915.blogspot.com\/2008\/02\/2344-video-turkish-pms-response-to.html<\/a>) <strong>Halil Berktay\u2019\u0131 konu\u015fmac\u0131 olarak \u00e7a\u011f\u0131rmazd\u0131.<\/strong><\/p>\n<p>Bakan \u00c7elik 24 \u015eubat\u2019ta yapt\u0131\u011f\u0131 konu\u015fmada Hollanda Parlamentosu\u2019nun 1915 olaylar\u0131 ile ilgili Ermeni iddialar\u0131n\u0131 soyk\u0131r\u0131m olarak tan\u0131mas\u0131n\u0131 \u2018yok h\u00fckm\u00fcnde\u2019 sayarak\u00a0\u015f\u00f6yle ele\u015ftirmi\u015ftir: <strong><em>\u201cHollanda, Srebrenitsa katliam\u0131nda do\u011frudan sorumlulu\u011fu olan bir \u00fclkedir.<\/em><\/strong><em> Onlar\u0131n askerlerinin, mazlum Bo\u015fnaklar\u0131 terk etti\u011fini ve oradaki masumlar\u0131 nas\u0131l katletti\u011fini biliyoruz. Ama Hollanda kendilerine ayna tutacaklar\u0131 yerde\u00a0\u00a0T\u00fcrkiye\u2019ye iftira atmaya c\u00fcret ediyorlar. <strong>Bizim tarihimizde soyk\u0131r\u0131m yoktur<\/strong>\u2026Hollanda Parlamentosu\u2019nun s\u00f6zde Ermeni soyk\u0131r\u0131m\u0131 kime faydas\u0131 vard\u0131r. Bunun T\u00fcrkiye\u2019ye husumet g\u00fctmekten ba\u015fka hi\u00e7bir amac\u0131 olamaz.\u201d<\/em><\/p>\n<p><strong>Fakat Bakan \u00c7elik\u2019in karar\u0131 yok h\u00fckm\u00fcnde saymas\u0131yla karar yok olmamakta, ortada durmakta, di\u011fer \u00fclkelere de \u00f6rnek\u00a0 olmaktad\u0131r.<\/strong><strong> \u00a0Bu sebeple ba\u015f\u0131m\u0131z\u0131 kuma g\u00f6mmeyelim. Hollanda Parlamentosu\u2019na TBMM taraf\u0131ndan haz\u0131rlanacak, bilgiye ve de belgeye dayanan bir cevap verilmelidir.<\/strong><strong> \u00a0Yok saymak, k\u0131namak,\u00a0 meydan\u00a0okumak\u00a0y\u00f6ntemleriyle bir yere varamad\u0131\u011f\u0131m\u0131z i\u00e7in 28 Avrupa Birli\u011fi \u00fclkesinden 14\u2019\u00fc s\u00f6zde Ermeni soyk\u0131r\u0131m\u0131n\u0131 tan\u0131m\u0131\u015ft\u0131r, b\u00f6yle giderse di\u011ferleri de tan\u0131maya devam edecektir.<\/strong><\/p>\n<div id=\"attachment_1390\" style=\"width: 660px\" class=\"wp-caption aligncenter\"><img loading=\"lazy\" decoding=\"async\" aria-describedby=\"caption-attachment-1390\" class=\"wp-image-1390 size-full\" src=\"http:\/\/misak.millidusunce.com\/wp-content\/uploads\/2018\/02\/hollanda-markalari-urunler.jpg\" alt=\"T\u00fcrkiye'deki Hollanda firmalar\u0131\" width=\"650\" height=\"441\" srcset=\"https:\/\/millidusunce.com\/misak\/wp-content\/uploads\/2018\/02\/hollanda-markalari-urunler.jpg 650w, https:\/\/millidusunce.com\/misak\/wp-content\/uploads\/2018\/02\/hollanda-markalari-urunler-150x102.jpg 150w, https:\/\/millidusunce.com\/misak\/wp-content\/uploads\/2018\/02\/hollanda-markalari-urunler-300x204.jpg 300w\" sizes=\"auto, (max-width: 650px) 100vw, 650px\" \/><p id=\"caption-attachment-1390\" class=\"wp-caption-text\">T\u00fcrkiye&#8217;deki Hollanda firmalar\u0131<\/p><\/div>\n<p>TBMM Ba\u015fkan\u0131 <strong>Cemil \u00c7i\u00e7ek<\/strong> ile AK Parti, CHP ve MHP Gruplar\u0131, <strong>16 Nisan 2015<\/strong> tarihinde\u00a0 Avrupa Parlamentosu&#8217;nun\u00a0 1915 olaylar\u0131yla ilgili ald\u0131\u011f\u0131 karara kar\u015f\u0131 ortak bas\u0131n a\u00e7\u0131klamas\u0131 yay\u0131mlayarak karar\u0131n kabul\u00fcn\u00fcn m\u00fcmk\u00fcn olmad\u0131\u011f\u0131 ve yok h\u00fckm\u00fcnde bir karar oldu\u011fu vurgulanm\u0131\u015ft\u0131r: <em>&#8220;Parlamentonun, kendini tarih\u00e7ilerin ve uluslararas\u0131 mahkemelerin yerine koyarak tarih yazmas\u0131 ve soyk\u0131r\u0131m gibi \u00e7ok ciddi bir su\u00e7 hakk\u0131nda h\u00fck\u00fcm vermesi, hem insan haklar\u0131n\u0131, hem adaleti, hem de tarih ve hukuku hi\u00e7e saymas\u0131 anlam\u0131na gelmektedir. Ermenilerin Birinci D\u00fcnya Sava\u015f\u0131 s\u0131ras\u0131nda, di\u011fer Osmanl\u0131 \u0130mparatorlu\u011fu vatanda\u015f\u0131 herkes gibi ya\u015fad\u0131klar\u0131 ac\u0131lar\u0131 payla\u015fmak tabiat\u0131yla bir insanl\u0131k vazifesidir. Ancak bu ac\u0131lar\u0131, evrensel de\u011ferleri g\u00f6z ard\u0131 ederek ve uluslararas\u0131 hukuku \u00e7arp\u0131tarak, siyasi ama\u00e7larla ve T\u00fcrkiye kar\u015f\u0131tl\u0131\u011f\u0131 i\u00e7in istismar etmek kesinlikle kabul edilemez. Avrupa Parlamentosu, \u00e7a\u011fr\u0131lar\u0131m\u0131za ra\u011fmen, sorunu derinle\u015ftirmeyi tercih etmekte, konunun tarafs\u0131z ve bilimsel \u015fekilde ara\u015ft\u0131r\u0131lmas\u0131ndan ka\u00e7\u0131nan Ermeni taraf\u0131n\u0131 bu y\u00f6nde diyalo\u011fa te\u015fvik etmek yerine iki toplum aras\u0131ndaki u\u00e7urumu daha da derinle\u015ftirmektedir. Avrupa Parlamentosu&#8217;nun varolu\u015f nedenini te\u015fkil eden, sava\u015f ve \u00e7at\u0131\u015fma yerine bar\u0131\u015f, ho\u015fg\u00f6r\u00fc ve ortak gelece\u011fin olu\u015fturulmas\u0131 fikri hilaf\u0131na benimsedi\u011fi bu tarafgir yakla\u015f\u0131m\u0131 \u015fiddetle k\u0131n\u0131yoruz.&#8221;<\/em><\/p>\n<p><strong>Buna benzer bir bas\u0131n bildirisinin \u015fimdiye kadar neden yay\u0131nlanmad\u0131\u011f\u0131n\u0131 anlam\u0131\u015f de\u011filim. Hollanda Parlamentosu\u2019na tepki g\u00f6sterilmez ise, a\u015fa\u011f\u0131da say\u0131lan 14 Avrupa Birli\u011fi \u00fclkesi d\u0131\u015f\u0131ndaki AB \u00fclkeleri de s\u00f6zde Ermeni soyk\u0131r\u0131m\u0131n\u0131 tan\u0131yarak T\u00fcrkiye \u00fczerindeki bask\u0131y\u0131 artt\u0131r\u0131rlar. A\u015fa\u011f\u0131da s\u00f6zde soyk\u0131r\u0131m\u0131 tan\u0131yan AB \u00fclkeleri verilmi\u015ftir.<\/strong><\/p>\n<p><strong>G\u00fcney K\u0131br\u0131s Rum Kesimi<\/strong>: <em>1975 y\u0131l\u0131nda s\u00f6zde soyk\u0131r\u0131m\u0131 tan\u0131yan ilk\u00a0 AB \u00fclkesi (o tarihte \u00fcye de\u011fildi) olmu\u015f, daha sonra\u00a0\u00a0 Ermeni soyk\u0131r\u0131m\u0131n\u0131 \u00a0inkar etmeyi su\u00e7 \u00a0kapsam\u0131na alm\u0131\u015ft\u0131r. <\/em><\/p>\n<p><em><strong>Yunanistan<\/strong><\/em><em>: 25 Nisan 1996 tarihinde 24 Nisan&#8217;\u0131 Ermeni soyk\u0131r\u0131m\u0131n\u0131 anma g\u00fcn\u00fc ilan etmi\u015f, Nefret Su\u00e7u Yasas\u0131 ile de\u00a0 Ermeni Soyk\u0131r\u0131m\u0131, Holokost ve Anadolu\u2019da H\u0131ristiyanlara kar\u015f\u0131 i\u015flenmi\u015f kitlesel su\u00e7lar\u0131 inkar edenlere \u00fc\u00e7 y\u0131la kadar hapis ve 20 bin Euro\u2019ya kadar para cezas\u0131yla cezaland\u0131r\u0131lmas\u0131 \u00a0konusunda yasa \u00e7\u0131karm\u0131\u015ft\u0131r. <\/em><\/p>\n<p><em><strong>Bel\u00e7ika<\/strong><\/em><em>: Parlamentonun \u00fcst kanad\u0131 Ermeni iddialar\u0131n\u0131\u00a0 1998 y\u0131l\u0131nda \u00a0tan\u0131m\u0131\u015ft\u0131r.\u00a0 2015\u2019de 1915 olaylar\u0131n\u0131 soyk\u0131r\u0131m olarak nitelendirirken, T\u00fcrkiye Cumhuriyeti&#8217;nin tarihsel a\u00e7\u0131dan\u00a0bu\u00a0trajediden sorumlu tutulamayaca\u011f\u0131 belirtilmi\u015ftir. <\/em><\/p>\n<p><em><strong>\u0130talya:<\/strong><\/em> Parlamento\u2019nun<em> 16 Kas\u0131m 2000&#8217;de kabul etti\u011fi kararla Avrupa Parlamentosu&#8217;nun 15 Kas\u0131m 2000 tarihli karar\u0131na at\u0131fta bulunularak, \u0130talyan H\u00fck\u00fcmetine sorunun \u00e7\u00f6z\u00fcm\u00fcne ili\u015fkin giri\u015fimde bulunma \u00e7a\u011fr\u0131s\u0131 yap\u0131lm\u0131\u015ft\u0131r. \u0130talya\u2019da, s\u00f6zde Ermeni soyk\u0131r\u0131m\u0131n\u0131\u00a0 tan\u0131yan 107 yerel y\u00f6netim vard\u0131r. <\/em><\/p>\n<p><em><strong>Slovakya:<\/strong><\/em> <em>2004 y\u0131l\u0131nda tan\u0131m\u0131\u015f, Slovakya\u2019n\u0131n eski Adalet Bakan\u0131 Stefan Harabin \u201cHangi d\u00fczeyde T\u00fcrk yetkilisi olursa olsun, e\u011fer Slovakya\u2019da Ermeni soyk\u0131r\u0131m\u0131n\u0131 inkar ederse, be\u015f y\u0131l hapis cezas\u0131na \u00e7arpt\u0131r\u0131laca\u011f\u0131n\u0131\u201d<\/em><em> s\u00f6ylemi\u015ftir. <\/em><\/p>\n<p><em><strong>Litvanya:<\/strong><\/em><em> 2005 y\u0131l\u0131nda Parlamento, T\u00fcrkiye\u2019yi\u00a0 tarihi ger\u00e7e\u011fi kabul etmeye \u00e7a\u011f\u0131rm\u0131\u015ft\u0131r. <\/em><\/p>\n<p><em><strong>Polonya:<\/strong><\/em><em> Parlamento 19 Nisan 2005 tarihinde ald\u0131\u011f\u0131 kararla 1915 olaylar\u0131 ma\u011fdurlar\u0131n\u0131 sayg\u0131yla anm\u0131\u015ft\u0131r. <\/em><\/p>\n<p><strong>\u0130sve\u00e7:<\/strong> <em>Parlamento 2010 y\u0131l\u0131nda Anadolu\u2019da Ermenilerin yan\u0131 s\u0131ra Asurilere, S\u00fcryanilere, Keldanilere, Pontus Rumlar\u0131&#8217;na ve di\u011fer H\u0131ristiyan az\u0131nl\u0131klara kar\u015f\u0131 soyk\u0131r\u0131m yap\u0131ld\u0131\u011f\u0131na (300\u00a0 red oyuna kar\u015f\u0131 301 oyla) ili\u015fkin\u00a0 tasar\u0131y\u0131 kabul etmi\u015ftir. \u00a0<\/em><\/p>\n<p><em><strong>\u00c7ekya<\/strong><\/em><em>: Temsilciler Meclisi D\u0131\u015f \u0130li\u015fkiler Komisyonu, 14 Nisan 2015 tarihinde\u00a0 1915 s\u00f6zde Ermeni soyk\u0131r\u0131m\u0131n\u0131n y\u00fcz\u00fcnc\u00fc y\u0131ld\u00f6n\u00fcm\u00fcne ithaf edilen \u00f6nergeyi kabul etmi\u015ftir. Oybirli\u011fiyle benimsenen \u00a0kararda, Birle\u015fmi\u015f Milletler Genel Kurulu\u2019nun 9 Aral\u0131k 1948 tarihli Soyk\u0131r\u0131m Su\u00e7unun \u00d6nlenmesi ve Cezaland\u0131r\u0131lmas\u0131 S\u00f6zle\u015fmesi ile Ermeni Soyk\u0131r\u0131m\u0131\u2019n\u0131 resmen tan\u0131yan \u00fclkelerin yasama, y\u00fcr\u00fctme organlar\u0131 ile \u00a0uluslararas\u0131 kurulu\u015flar\u0131n kararlar\u0131na at\u0131fta bulunularak, \u00c7ek Cumhuriyeti\u2019nin soyk\u0131r\u0131mlar\u0131n inkar\u0131n\u0131 k\u0131nad\u0131\u011f\u0131\u00a0 a\u00e7\u0131klanm\u0131\u015ft\u0131r. <\/em><\/p>\n<p><em>Kararda, \u00c7ek g\u00f6zlemci Karel Hansa\u2019n\u0131n 1915 s\u00fcrecindeki tan\u0131kl\u0131k kay\u0131tlar\u0131na de\u011finilirken, Avrupa Parlamentosu, Uruguay, Kanada, Fransa, \u0130sve\u00e7, Litvanya, Polonya, \u0130talya, Yunanistan, K\u0131br\u0131s Rum Y\u00f6netimi, Arjantin, Rusya, Venez\u00fcella, Slovakya ve Vatikan parlamentolar\u0131 ba\u015fta olmak \u00fczere, farkl\u0131 \u00fclke parlamentolar\u0131n\u0131n da s\u00f6zde Ermeni soyk\u0131r\u0131m\u0131n\u0131\u00a0 tan\u0131yan kararlar\u0131na at\u0131fta bulunulmu\u015ftur. Ermenilerin hedef al\u0131nd\u0131\u011f\u0131 1915\u2019teki s\u00fcre\u00e7te soyk\u0131r\u0131ma maruz kalan Pontus ve K\u00fc\u00e7\u00fck Asya Rumlar\u0131 ile Asuri ve S\u00fcryaniler ile \u00a0hayat\u0131n\u0131 kaybeden Ezidiler de kararda yer alm\u0131\u015ft\u0131r. Kararda, \u0130branice \u2018yok etmek\u2019 anlam\u0131na gelen ve Avrupa Yahudilerinin 1933-1945 tarihleri aras\u0131nda Nazi fa\u015fizmi taraf\u0131ndan toplu katliam\u0131n\u0131 anlatan \u2018\u015eoah\u2019 ifadesine\u00a0 at\u0131fta bulunulmu\u015ftur. 1915\u2019teki s\u00fcre\u00e7te uluslararas\u0131 kamuoyunun yeterli tepki vermemesinin, milli ve dini az\u0131nl\u0131klara y\u00f6nelik bask\u0131lar\u0131n artmas\u0131na yol a\u00e7t\u0131\u011f\u0131 belirtilmi\u015ftir. <\/em><\/p>\n<p><em><strong>Avusturya:<\/strong><\/em><em> 21 Nisan 2015 tarihinde Parlamento soyk\u0131r\u0131m\u0131 k\u0131nayan\u00a0 karar alm\u0131\u015ft\u0131r.\u00a0 Parlamento\u2019daki 6 siyasi grup taraf\u0131ndan onaylanan ortak a\u00e7\u0131klamada, 100 y\u0131l \u00f6nce Osmanl\u0131 \u0130mparatorlu\u011fu\u2019nda Ermenilere kar\u015f\u0131 ger\u00e7ekle\u015ftirilen toplu katliamlar soyk\u0131r\u0131m olarak nitelenmi\u015ftir. <\/em><\/p>\n<p><em><strong>L\u00fcksemburg:<\/strong><\/em><em> Parlamento, 7 May\u0131s 2015 tarihinde\u00a0 Osmanl\u0131 topraklar\u0131nda ya\u015fayan Ermenilere 1915 y\u0131l\u0131nda soyk\u0131r\u0131m\u00a0 yap\u0131ld\u0131\u011f\u0131n\u0131 kabul etmi\u015ftir. H\u0131ristiyan Demokratlar\u0131n (CSV) parlamento g\u00fcndemine getirdi\u011fi tasar\u0131 di\u011fer siyasi gruplardan da destek alm\u0131\u015ft\u0131r. L\u00fcksemburg D\u0131\u015fi\u015fleri Bakan\u0131 Jean Asselborn, T\u00fcrkiye ve Ermenistan&#8217;\u0131 bar\u0131\u015fma yolunda yeni ad\u0131mlar atmaya te\u015fvik ettiklerini belirtmi\u015f, 1915 olaylar\u0131n\u0131 soyk\u0131r\u0131m olarak tan\u0131man\u0131n T\u00fcrkiye&#8217;ye kar\u015f\u0131 d\u00fc\u015fmanca bir eylem olmad\u0131\u011f\u0131n\u0131 savunmu\u015ftur.<\/em><\/p>\n<p><em><strong>Fransa:<\/strong><\/em> <em>Parlamento <strong>29 Ocak 2001<\/strong> tarihinde &#8221;Fransa, 1915 y\u0131l\u0131ndaki Ermeni soyk\u0131r\u0131m\u0131n\u0131 tan\u0131r&#8221;<\/em><em> ifadesiyle \u00a0d\u00fczenlenen\u00a0 yasay\u0131 onaylam\u0131\u015ft\u0131r. T\u00fcrkiye\u2019nin\u00a0 itirazlar\u0131na ra\u011fmen\u00a0 Parlamento \u00a0soyk\u0131r\u0131m\u00a0iddialar\u0131n\u0131 inkar etmeyi su\u00e7 sayan yasa teklifini\u00a0<strong>22 Aral\u0131k 2011<\/strong>\u00a0tarihinde kabul etmi\u015ftir. Oylamaya 577 milletvekilinin sadece onda biri kat\u0131lm\u0131\u015f, teklif oy \u00e7oklu\u011fuyla kabul edilmi\u015ftir. Teklifi kaleme alan iktidar partisi Halk Hareketi Birli\u011fi (UMP) milletvekili\u00a0Valerie Boyer,\u00a0\u201cBurada amac\u0131m\u0131z ili\u015fkileri bozmak de\u011fil,\u00a0Fransa vatanda\u015flar\u0131n\u0131n korunmas\u0131. Sizi bu tasar\u0131y\u0131 destek vermeye \u00e7a\u011f\u0131r\u0131yorum, sevgili meslekta\u015flar\u0131m. Baz\u0131 \u00fclkeler 1915 olaylar\u0131n\u0131 inkar ederek su\u00e7 i\u015flediler. Cezas\u0131z kald\u0131lar. 1914 y\u0131l\u0131ndaki Ermenilerin \u00fc\u00e7te ikisi ya tehcir edildi ya da katledildi. Sizden destek bekliyorum\u201d<\/em><em>\u00a0demi\u015ftir.<\/em><\/p>\n<p><em>Daha \u00f6nce 8 Haziran 2004\u00a0tarihinde sosyalist parlamenter\u00a0Didire Migaud\u00a0 Parlamento\u2019ya 1673 s\u0131ra numaras\u0131 ile bir inkar yasas\u0131 teklifi sunmu\u015ftu. Yasa teklifi, s\u00f6zde Ermeni soyk\u0131r\u0131m\u0131n\u0131 inkar edenlere bir y\u0131la kadar hapis ve 45 bin Euro para cezas\u0131 verilmesini \u00f6ng\u00f6rm\u00fc\u015ft\u00fc. 2006 Ekim ay\u0131nda soyk\u0131r\u0131m\u0131 inkar\u0131 su\u00e7 sayan \u00f6neri Parlamento\u2019nun alt kanad\u0131ndan ge\u00e7mi\u015f, fakat Senato g\u00fcndemine al\u0131n\u0131p oylanmad\u0131\u011f\u0131ndan yasala\u015fmam\u0131\u015ft\u0131.\u00a05 Temmuz 2010\u00a0tarihinde 30 sosyalist senat\u00f6r, bekleyen yasay\u0131 bir kenara b\u0131rakarak, ayn\u0131 i\u00e7erikli yeni bir inkar yasa teklifi haz\u0131rlam\u0131\u015ft\u0131.\u00a019 May\u0131s 2010\u00a0tarihinde de Kom\u00fcnist Parti\u2019den Senato Ba\u015fkan Yard\u0131mc\u0131s\u0131\u00a0Guy Fischer\u00a0benzer bir teklif \u00a0sunmu\u015ftu. <\/em><\/p>\n<p><em>Cumhurba\u015fkan\u0131 \u00a0Macron \u00a0<strong>31 Ocak 2018<\/strong> tarihinde \u00a0Ermeni diasporas\u0131n\u0131n \u00e7at\u0131\u00a0 kurulu\u015fu olan Ermeni\u00a0 \u00d6rg\u00fctleri\u00a0 Koordinasyon Konseyi&#8217;nin (Conseil de Coordination des organisations Arm\u00e9niennes de France: CCAF)) y\u0131ll\u0131k yeme\u011fine kat\u0131larak T\u00fcrkiye\u2019yi\u00a0 s\u00f6zde Ermeni soyk\u0131r\u0131m\u0131 konusunda ele\u015ftirmi\u015ftir.\u00a0 Macron etkinlikte\u00a0 yapt\u0131\u011f\u0131 konu\u015fmada, Fransa&#8217;da Ermeni soyk\u0131r\u0131m\u0131n\u0131 anma g\u00fcn\u00fc ilan edilece\u011fini, Cumhurba\u015fkan\u0131 se\u00e7ilmeden \u00f6nce bu konuda\u00a0\u00a0 s\u00f6z verdi\u011fini a\u00e7\u0131klam\u0131\u015ft\u0131r: <\/em><em>&#8220;Ermeni soyk\u0131r\u0131m\u0131n\u0131n tan\u0131nmas\u0131 ve adalet i\u00e7in m\u00fccadele hepimizin m\u00fccadelesidir. Bu m\u00fccadeleyi, soyk\u0131r\u0131m\u0131 anma g\u00fcn\u00fcn\u00fc destekleyerek y\u00fcr\u00fct\u00fcyoruz.&#8221;<\/em><\/p>\n<p><em>Macron\u2019un,\u00a0Avrupa \u0130nsan Haklar\u0131 Mahkemesi\u2019nin (A\u0130HM) \u00a0\u00a0kararlar\u0131na ra\u011fmen\u00a0\u00a0 Ermeni soyk\u0131r\u0131m\u0131n\u0131n tan\u0131nmas\u0131 i\u00e7in\u00a0 giri\u015fimde bulunmas\u0131, A\u0130HM\u2019in\u00a0 <strong>15 Ekim 2015<\/strong> tarihli Perin\u00e7ek Karar\u0131\u2019n\u0131\u00a0\u00a0 yok saymas\u0131 \u00a0anlam\u0131na gelir. Perin\u00e7ek\u00a0 Karar\u0131\u2019ndan sonra A\u0130HM yeni bir karar daha alarak T\u00fcrkiye\u2019nin tezlerini hakl\u0131 \u00e7\u0131karm\u0131\u015ft\u0131r.\u00a0 S\u00f6zde Ermeni soyk\u0131r\u0131m\u0131n\u0131n tan\u0131nmas\u0131 aleyhine verilen A\u0130HM\u2019nin\u00a0 <strong>28 Kas\u0131m 2017<\/strong> tarihli\u00a0 \u00a0Mercan ve di\u011ferleri karar\u0131, (Affaire Mercan et Autres C. Suisse, Requ\u00eate No 18411\/11) \u0130svi\u00e7re\u2019yi mahkum ederek\u00a0 Avrupa\u2019da uluslararas\u0131 hukuka sayg\u0131l\u0131 hakimlerin bulundu\u011funu g\u00f6stermi\u015ftir. (https:\/\/hudoc.echr.coe.int\/eng#{&#8220;itemid&#8221;:[&#8220;001-178955&#8221;]}<\/em><\/p>\n<p><em>Fransa&#8217;da\u00a0Ermenilerin soyk\u0131r\u0131ma u\u011frad\u0131\u011f\u0131n\u0131 inkar etmeyi su\u00e7 kapsam\u0131na alacak iki maddeden olu\u015fan teklif oy \u00e7oklu\u011fuyla benimsenmi\u015f, fakat yasa de\u011fi\u015fikli\u011fi \u00a0<strong>8 Ocak 2016<\/strong> tarihinde\u00a0 Anayasa Konseyi taraf\u0131ndan iptal edilmi\u015ftir. <strong>Konsey, inkar\u0131n cezaland\u0131r\u0131lmas\u0131 i\u00e7in mevcut nefret su\u00e7lar\u0131 yasas\u0131n\u0131 yeterli g\u00f6rm\u00fc\u015ft\u00fcr.<\/strong> \u00a0\u0130nkarc\u0131lar taraf\u0131ndan, sadece Yahudi soyk\u0131r\u0131m inkar\u0131na ceza \u00f6ng\u00f6ren ve Fransa taraf\u0131ndan\u00a0 yasa yolu ile tan\u0131nm\u0131\u015f Ermeni soyk\u0131r\u0131m\u0131 ve k\u00f6le ticareti inkarc\u0131lar\u0131na bir ceza \u00f6ng\u00f6rmeyen <strong>Gayssot Yasas\u0131<\/strong>\u2019n\u0131n Fransa anayasas\u0131na uygun olmad\u0131\u011f\u0131 konusunda a\u00e7\u0131lan davada, yasan\u0131n, uluslararas\u0131 bir ceza mahkemesi taraf\u0131ndan al\u0131nm\u0131\u015f kararlar\u0131 kapsad\u0131\u011f\u0131ndan dolay\u0131 anayasaya uygun oldu\u011fu kararla\u015ft\u0131r\u0131lm\u0131\u015ft\u0131r. <\/em><\/p>\n<p><em><strong>Anayasa Mahkemesi,\u00a0Yahudi soyk\u0131r\u0131m\u0131 ile s\u00f6zde Ermeni soyk\u0131r\u0131m\u0131n\u0131n ayn\u0131 \u015fey olmad\u0131\u011f\u0131n\u0131, \u00e7\u00fcnk\u00fc Ermeni soyk\u0131r\u0131m\u0131nda bir mahkeme karar\u0131n\u0131n \u00a0bulunmad\u0131\u011f\u0131n\u0131 belirlemi\u015ftir. \u00a0<\/strong><\/em><em>B\u00f6ylece, Ermeni soyk\u0131r\u0131m\u0131 yasas\u0131 ile ilgili Frans\u0131z \u00a0Parlamentosu\u2019ndan \u00a0gelebilecek bir yasan\u0131n \u00f6n\u00fcn\u00fc kapatm\u0131\u015f, daha \u00f6nce Avrupa \u0130nsan Haklar\u0131 Mahkemesi&#8217;nin\u00a0 verdi\u011fi Perin\u00e7ek Karar\u0131 tan\u0131nm\u0131\u015ft\u0131r. Karar, T\u00fcrkiye\u2019yi soyk\u0131r\u0131mla su\u00e7layan <strong>29 Ocak 2001 tarihli yasay\u0131 iptal etmemi\u015f<\/strong>, fakat Dan\u0131\u015ftay\u2019\u0131n (Conseil d\u2019Etat) <strong>19 Kas\u0131m 2015<\/strong> tarihli karar\u0131n\u0131n hatal\u0131 oldu\u011funu tespit etmi\u015ftir. Dan\u0131\u015ftay, T\u00fcrkiye\u2019yi Ermeni soyk\u0131r\u0131m\u0131yla su\u00e7layan 2001 tarihli yasan\u0131n iptali i\u00e7in\u00a0 yap\u0131lm\u0131\u015f olan bireysel ba\u015fvuruyu (Question Prioritaire de Constitutionnalit\u00e9) hukuk d\u0131\u015f\u0131 gerek\u00e7elerle reddetmi\u015fti. Anayasa Konseyi b\u00f6ylece Dan\u0131\u015ftay\u2019\u0131n karar\u0131n\u0131n hatal\u0131 oldu\u011funu da belirlemi\u015ftir.<\/em><\/p>\n<p><em>Frans\u0131z Yazar <strong>Yves Benard<\/strong>,\u00a0 Fransa Cumhurba\u015fkan\u0131 Macron\u2019un\u00a0 aksine Aral\u0131k 2017\u2019de Fransa\u2019da yay\u0131nlanan kitab\u0131nda <\/em><em>&#8220;Ermeni soyk\u0131r\u0131m\u0131 yoktur\u201d<\/em><em>\u00a0 g\u00f6r\u00fc\u015f\u00fcn\u00fc savunmu\u015ftur.\u00a0 Benard, inceledi\u011fi belgelerin\u00a0 s\u00f6zde Ermeni soyk\u0131r\u0131m\u0131\u00a0 iddialar\u0131n\u0131 \u00e7\u00fcr\u00fctt\u00fc\u011f\u00fcn\u00fc \u015f\u00f6yle \u00a0belirtmi\u015ftir: <\/em><em>&#8220;Soyk\u0131r\u0131m yoktur, iki taraf i\u00e7inde katledilmi\u015fler vard\u0131r. \u015euna ikna oldum ki asl\u0131nda T\u00fcrkler, Ermenilerden daha fazla katliam kurban\u0131 olmu\u015ftur.&#8221;\u00a0 <\/em><em>Kitap, Pantheon Yay\u0131nevi taraf\u0131ndan T\u00fcrk-Ermeni G\u00f6r\u00fc\u015f Ayr\u0131l\u0131\u011f\u0131na Yeni Bak\u0131\u015f (Divergences Turco-Armeniennes) ad\u0131 alt\u0131nda (165 sayfa) bas\u0131lm\u0131\u015ft\u0131r. Benard, T\u00fcrkiye&#8217;yi gezerek ara\u015ft\u0131rma yapm\u0131\u015f ve T\u00fcrk toplumu hakk\u0131nda adalet yerini bulsun dile\u011finde bulunmu\u015ftur.<\/em><\/p>\n<p><em>Perin\u00e7ek\u00a0 Karar\u0131\u2019ndan sonra A\u0130HM yeni bir karar daha alarak T\u00fcrkiye\u2019nin tezlerini hakl\u0131 \u00e7\u0131karm\u0131\u015ft\u0131r.\u00a0 S\u00f6zde Ermeni soyk\u0131r\u0131m\u0131n\u0131n tan\u0131nmas\u0131 aleyhine verilen A\u0130HM\u2019nin\u00a0 <strong>28 Kas\u0131m 2017<\/strong> tarihli\u00a0 \u00a0Mercan ve di\u011ferleri karar\u0131, (Affaire Mercan et Autres C. Suisse, Requ\u00eate No 18411\/11) \u0130svi\u00e7re\u2019yi mahkum ederek\u00a0 Avrupa\u2019da uluslararas\u0131 hukuka sayg\u0131l\u0131 hakimlerin bulundu\u011funu g\u00f6stermi\u015ftir. (<\/em><a href=\"https:\/\/hudoc.echr.coe.int\/eng#{&quot;itemid&quot;:[&quot;001-178955&quot;]}\">https:\/\/hudoc.echr.coe.int\/eng#{&#8220;itemid&#8221;:[&#8220;001-178955&#8221;]}<\/a><em> Bu kararlara ra\u011fmen Macron\u2019un <\/em><em>&#8220;Ermeni soyk\u0131r\u0131m\u0131n\u0131n tan\u0131nmas\u0131 ve adalet i\u00e7in m\u00fccadele hepimizin m\u00fccadelesidir. Bu m\u00fccadeleyi, soyk\u0131r\u0131m\u0131 anma g\u00fcn\u00fcn\u00fc destekleyerek y\u00fcr\u00fct\u00fcyoruz.&#8221;<\/em><em> \u00e7\u0131k\u0131\u015f\u0131, i\u00e7 politikaya y\u00f6nelik bir a\u00e7\u0131klamad\u0131r. <\/em><\/p>\n<p><em>Fransa, T\u00fcrkiye\u2019de baz\u0131 ba\u015far\u0131l\u0131 ki\u015filere ni\u015fan vererek acaba neyi ama\u00e7lamaktad\u0131r?<\/em> <em>T\u00fcrkiye ile Fransa aras\u0131ndaki ekonomik ili\u015fkilere yapt\u0131\u011f\u0131 katk\u0131 sebebiyle \u00a0Pegasus\u00a0Hava Yollar\u0131\u00a0Y\u00f6netim Kurulu Ba\u015fkan\u0131\u00a0ve\u00a0Esas Holding Y\u00f6netim Kurulu \u00fcyesi <strong>Ali Sabanc\u0131<\/strong>\u2019ya\u00a0\u00a0Chevalier dans I&#8217;Ordre National de la L\u00e9gion d&#8217;Honneur \u00a0ni\u015fan\u0131 verilerek Macron\u2019un Ermeni \u00e7\u0131k\u0131\u015f\u0131n\u0131n T\u00fcrk kamuoyundaki tepkisi s\u0131f\u0131rlanmak ama\u00e7lanm\u0131\u015ft\u0131r. Ben say\u0131n Ali Sabanc\u0131\u2019n\u0131n yerinde olsam,<\/em> <em>Y\u00d6K eski ba\u015fkan\u0131 Prof. Dr. <strong>Erdo\u011fan Tezi\u00e7<\/strong> ile\u00a0 rahmetli <strong>Kamran \u0130nan<\/strong> \u00a0gibi\u00a0 L\u00e9gion d\u2019Honneur ni\u015fan\u0131n\u0131 iade ederdim. <strong>\u00d6zellikle Hollanda Parlamentosu\u2019ndan da s\u00f6zde Ermeni soyk\u0131r\u0131m karar\u0131 \u00e7\u0131kt\u0131ktan sonra. <\/strong><\/em><\/p>\n<p><em><strong>Almanya:<\/strong><\/em><em> H\u0131ristiyan Birlik partileri ile Sosyal Demokrat Parti ve Ye\u015filler Partisi taraf\u0131ndan haz\u0131rlanan Ermeni Soyk\u0131r\u0131m Tasar\u0131s\u0131 Alman Federal Parlamentosu\u2019nda\u00a0 <strong>2 Haziran\u00a0 2016<\/strong> tarihinde\u00a0 kabul edilmi\u015ftir.\u00a0 S\u00f6zde Ermeni soyk\u0131r\u0131m\u0131n\u0131 k\u0131nayan ve kendi su\u00e7 ortakl\u0131\u011f\u0131n\u0131 de kabul eden\u00a0 Parlamento, karar\u0131 hemen hemen oybirli\u011fiyle kabul etmi\u015ftir.\u00a0 Oylamada sadece bir olumsuz ve bir \u00e7ekimser oy kullan\u0131lm\u0131\u015ft\u0131r. Kararda, 101 y\u0131l \u00f6nce Ermenilerin ve di\u011fer H\u0131ristiyan az\u0131nl\u0131klar\u0131n maruz kald\u0131\u011f\u0131 soyk\u0131r\u0131m\u0131n an\u0131lmas\u0131 gerekti\u011fine vurgu yap\u0131larak, Osmanl\u0131 \u0130mparatorlu\u011fu\u2019nun\u00a0\u00a0 Ermenileri yok etme hareketinin Bundestag taraf\u0131ndan k\u0131nand\u0131\u011f\u0131 belirtilmi\u015ftir. Oylamadan hemen sonra T\u00fcrkiye, Berlin b\u00fcy\u00fckel\u00e7isini Ankara\u2019ya geri \u00e7a\u011f\u0131rm\u0131\u015f, Almanya\u2019ya tepki g\u00f6sterilece\u011fi a\u00e7\u0131klanm\u0131\u015ft\u0131r. <\/em><\/p>\n<p><em>Federal Parlamento, <\/em><em>\u201cOnlar\u0131n (Ermeni\u2019lerin) ya\u015fad\u0131klar\u0131, 20. y\u00fczy\u0131lda ya\u015fanm\u0131\u015f en korkun\u00e7 kitle katliam\u0131, etnik temizlik, s\u00fcrg\u00fcn ve\u00a0\u00a0 soyk\u0131r\u0131m tarihi i\u00e7in bir \u00f6rnektir\u2019\u2019<\/em><em> iddias\u0131 ile karar alm\u0131\u015f, bir \u00e7ok ba\u011f\u0131ms\u0131z tarih\u00e7iye de at\u0131fta bulunmu\u015ftur. Oysa ceza hukukunda temel ilke,\u00a0 yasalar\u0131n\u00a0 geriye y\u00fcr\u00fct\u00fclmemesidir.\u00a0 <strong>Olay\u0131n ya\u015fand\u0131\u011f\u0131 d\u00f6nemde cezai yapt\u0131r\u0131m\u0131 olmayan bir eylem, daha sonra\u00a0 cezaland\u0131r\u0131lamaz.<\/strong>\u00a0 Soyk\u0131r\u0131m\u0131n \u00d6nlenmesi ve Cezaland\u0131r\u0131lmas\u0131 S\u00f6zle\u015fmesi 1948 y\u0131l\u0131nda Birle\u015fmi\u015f Milletler taraf\u0131ndan kabul edilmi\u015ftir.\u00a0 <strong>Alman Anayasas\u0131\u2019na g\u00f6re bir eylem, ancak yap\u0131lmadan \u00f6nce cezai yapt\u0131r\u0131m\u0131 yasalarla belirlenmi\u015f ise cezaland\u0131r\u0131labilir.<\/strong> Al\u0131nan karar, kuvvetler ayr\u0131m\u0131\u00a0 kapsam\u0131nda Almanya Anayasas\u0131na\u00a0 g\u00f6re\u00a0 su\u00e7 olu\u015fturmaktad\u0131r.\u00a0 <\/em><\/p>\n<p><em>Siyaset\u00e7iler,\u00a0 sadece yasa\u00a0 koyucu olup,\u00a0 yarg\u0131\u00e7l\u0131k veya polislik yapma yetkisini kullanamazlar. (Anayasa Mahkemesi Karar\u0131: BVerGE 47, 109 u.a) Ayr\u0131ca,\u00a0\u00a0 ceza hukukundaki\u00a0 k\u0131yas yasakt\u0131r temel ilkesi de ihlal edilmi\u015ftir. (Nulla poena sine lege stricta) Parlamento, Osmanl\u0131 h\u00fckumetini soyk\u0131r\u0131mla\u00a0 su\u00e7layarak, Osmanl\u0131 devletinin hukuki devam\u0131 ve miras\u00e7\u0131s\u0131 olan T\u00fcrkiye Cumhuriyetini ve vatanda\u015flar\u0131n\u0131\u00a0 soyk\u0131r\u0131m\u0131n hukuki sonu\u00e7lar\u0131ndan sorumlu tutmu\u015ftur.\u00a0 Alman Ceza \u00a0Yasas\u0131\u2019na g\u00f6re hakaret ve iftira\u00a0 su\u00e7u i\u015flenmi\u015f olmas\u0131na ra\u011fmen\u00a0 bu\u00a0 karar al\u0131nm\u0131\u015ft\u0131r. Karar\u0131n\u00a0 al\u0131nmas\u0131ndan 10 ay sonra \u0130stanbul\u2019un karde\u015f\u00a0 kenti olan ve 100 bin T\u00fcrk\u00fcn ya\u015fad\u0131\u011f\u0131 K\u00f6ln B\u00fcy\u00fck\u015fehir Belediye Meclisi 14 Mart 2017\u2019de Lehmbacher Weg Mezarl\u0131\u011f\u0131\u2019na\u00a0 Ermeni\u00a0 \u00a0soyk\u0131r\u0131m an\u0131t\u0131 dikilmesine\u00a0 izin vermi\u015ftir. <\/em><\/p>\n<p><em><strong>Hollanda: <\/strong><\/em><em>S\u00f6zde soyk\u0131r\u0131m<strong> 2<\/strong>004 y\u0131l\u0131nda \u00a0\u00a0parlamentoda\u00a0 oy \u00e7o\u011funlu\u011fuyla \u00a0kabul edilmi\u015ftir. H\u00fck\u00fcmetten,\u00a0 T\u00fcrkiye&#8217;nin\u00a0 soyk\u0131r\u0131m\u0131n\u0131 tan\u0131mas\u0131n\u0131 s\u00fcrekli g\u00fcndeme getirmesini talep eden bir \u00f6nerge de kabul edilmi\u015ftir.<\/em> <strong>22 \u015eubat 2018<\/strong> tarihinde H\u0131ristiyan Birlik (CU)\u00a0 Milletvekili <strong>Joel Voordewind<\/strong> taraf\u0131ndan haz\u0131rlanan\u00a0 \u00f6neriye \u00a0T\u00fcrk k\u00f6kenli milletvekilleri taraf\u0131ndan kurulan DENK partisi d\u0131\u015f\u0131ndaki t\u00fcm partiler destek vermi\u015ftir. \u00d6neri, 3\u2019e kar\u015f\u0131 142 oyla kabul edilmi\u015ftir. D\u0131\u015fi\u015fleri Bakan Vekili Sigrid Kaag, 24 Nisan\u2019da Ermenistan\u2019\u0131n ba\u015fkenti Erivan\u2019da d\u00fczenlenecek soyk\u0131r\u0131m\u0131 anma t\u00f6renine h\u00fck\u00fcmeti temsilen bir heyet g\u00f6nderilece\u011fini, fakat\u00a0 bu karar\u0131n h\u00fck\u00fcmetin Ermeni soyk\u0131r\u0131m\u0131n\u0131 tan\u0131d\u0131\u011f\u0131 anlam\u0131na gelmedi\u011fini a\u00e7\u0131klam\u0131\u015ft\u0131r.<\/p>\n<p>Kaag, Birle\u015fmi\u015f Milletler G\u00fcvenlik Konseyi\u2019nde Ermeni soyk\u0131r\u0131m\u0131 yap\u0131ld\u0131\u011f\u0131na ili\u015fkin herhangi bir karar al\u0131nmad\u0131\u011f\u0131na dikkati \u00e7ekerek, uluslararas\u0131 mahkemeler taraf\u0131ndan al\u0131nm\u0131\u015f ba\u011flay\u0131c\u0131 bir karar da bulunmad\u0131\u011f\u0131n\u0131 vurgulam\u0131\u015ft\u0131r. Parlamento, h\u00fck\u00fcmetten soyk\u0131r\u0131m\u0131 kabul etmesi talebinde bulunmam\u0131\u015f, 1915\u2019te ya\u015fananlar\u0131 b\u00fcy\u00fck bir katliam olarak de\u011ferlendirdiklerini \u00a0a\u00e7\u0131klam\u0131\u015ft\u0131r. DENK lideri <strong>Tunahan Kuzu<\/strong>, o d\u00f6nemde Anadolu\u2019da bir i\u00e7 sava\u015f ya\u015fand\u0131\u011f\u0131n\u0131 ve \u00e7ok say\u0131da T\u00fcrk\u2019\u00fcn de Ermeniler taraf\u0131ndan katledildi\u011fini belirtmi\u015ftir.<\/p>\n<p><em>Hollanda Parlamentosu\u2019nun s\u00f6zde Ermeni soyk\u0131r\u0131m\u0131n\u0131 tan\u0131ma s\u00fcrecinin perde arkas\u0131\u00a0 \u015f\u00f6yle geli\u015fmi\u015ftir. Kriz, D\u0131\u015fi\u015fleri Bakan\u0131 <strong>Mevl\u00fct \u00c7avu\u015fo\u011flu<\/strong>&#8216;nun 16 Nisan&#8217;daki anayasa de\u011fi\u015fikli\u011fi \u00a0sebebiyle \u00a0Cumartesi g\u00fcn\u00fc Hollanda&#8217;n\u0131n Rotterdam kentinde yapaca\u011f\u0131 kampanya toplant\u0131s\u0131n\u0131n iptal edilmesiyle ba\u015flam\u0131\u015ft\u0131r. Ard\u0131ndan \u00c7avu\u015fo\u011flu, Nazi su\u00e7lamas\u0131 yapt\u0131\u011f\u0131 Hollanda\u2019ya her \u015feye ra\u011fmen gidece\u011fini duyurmu\u015f, Hollanda 11 Mart&#8217;ta Bakan \u00c7avu\u015fo\u011flu&#8217;nun u\u00e7u\u015f iznini iptal etmi\u015ftir. <\/em><\/p>\n<p><em>U\u00e7u\u015f iptali protesto edilirken, Rotterdam&#8217;daki protestoya kat\u0131lmak isteyen Aile ve Sosyal Politikalar Bakan\u0131 <strong>Fatma Bet\u00fcl Sayan Kaya<\/strong>&#8216;n\u0131n \u00a0T\u00fcrk Konsoloslu\u011funa \u00a0giri\u015fine izin verilmemi\u015f, Kaya polis e\u015fli\u011finde Almanya s\u0131n\u0131r\u0131na \u00a0g\u00f6t\u00fcr\u00fclm\u00fc\u015ft\u00fcr. T\u00fcrkiye\u2019nin sert a\u00e7\u0131klamalar\u0131, iki ayr\u0131 nota verilmesi ili\u015fkiler daha da germi\u015f, el\u00e7iler kar\u015f\u0131l\u0131kl\u0131 olarak \u00e7ekilmi\u015ftir. Bunun sonucunda T\u00fcrkiye D\u0131\u015fi\u015fleri Bakan\u0131 ve Aile Bakan\u0131 Hollanda&#8217;ya girememekte, Hollanda&#8217;n\u0131n \u0130stanbul ve Ankara&#8217;daki temsilcilikleri etraf\u0131nda polis beklemekte, Hollanda B\u00fcy\u00fckel\u00e7isi yurtd\u0131\u015f\u0131nda bulunmaktad\u0131r.<\/em><\/p>\n<p><em>\u0130ki \u00fclkenin\u00a0 ili\u015fkileri, T\u00fcrkiye&#8217;nin di\u011fer\u00a0 Avrupa \u00fclkeleri ile olan ili\u015fkilerden \u00a0\u00e7ok fakl\u0131d\u0131r. T\u00fcrkiye-Hollanda ili\u015fkilerinin tarihi 17\u2019nci y\u00fczy\u0131la kadar uzan\u0131r. \u0130lk Hollanda El\u00e7isi <strong>Cornelis Haga<\/strong>\u00a0 1612 y\u0131l\u0131nda atanm\u0131\u015ft\u0131r. Ayn\u0131 y\u0131l Sultan I\u2019nci Ahmet taraf\u0131ndan Hollandal\u0131lara \u2018ahidname-i h\u00fcmayun\u2019 (kapit\u00fclasyon) verilmi\u015ftir. \u0130li\u015fkilerin 400\u2019nc\u00fc y\u0131l\u0131 2012 y\u0131l\u0131nda kutlanm\u0131\u015ft\u0131r. Hollanda el\u00e7ileri Osmanl\u0131 d\u00f6neminde \u0130ngiliz el\u00e7ileri ile i\u015fbirli\u011fi halinde, Avusturya ve Rusya ile yap\u0131lan sava\u015flardan sonraki bar\u0131\u015f m\u00fczakerelerinde arabulucu olmu\u015flard\u0131r. 1699 Karlof\u00e7a ve 1718 Pasarof\u00e7a Anla\u015fmalar\u0131 buna\u00a0 \u00f6rnektir. Osmanl\u0131 \u0130mparatorlu\u011fu\u2019nun ilk daimi temsilcisi\u00a0 1859 y\u0131l\u0131nda Lahey (La Haye, The Hague,<\/em> <em>Den Haag) el\u00e7isi olarak atanan Yahya Karaca Pa\u015fa\u2019d\u0131r. Hollanda ile 208 \u00a0ikili anla\u015fma imzalanm\u0131\u015ft\u0131r.<\/em><\/p>\n<p><em>Cumhuriyetin ilan\u0131ndan sonra Hollanda ile T\u00fcrkiye Cumhuriyeti aras\u0131nda ilk anla\u015fma 1924 y\u0131l\u0131nda imzalanan T\u00fcrkiye Cumhuriyeti ile Felemenk Kraliyeti Aras\u0131nda Muhadenet Muahedenamesi\u2019dir. (Dostluk Anla\u015fmas\u0131)\u00a0 26 Mart 2008 tarihinde T\u00fcrkiye-Hollanda \u0130li\u015fkilerinin G\u00fc\u00e7lendirilmesi ve T\u00fcrkiye &#8211; Hollanda Konferans\u0131 Kurulmas\u0131na \u0130li\u015fkin Mutabakat Muht\u0131ras\u0131 imzalanm\u0131\u015ft\u0131r. T\u00fcrkiye &#8211; Hollanda Konferans\u0131 (Wittenburg Konferans\u0131) her y\u0131l d\u00f6n\u00fc\u015f\u00fcml\u00fc olarak iki \u00fclkede d\u00fczenlenmi\u015ftir.\u00a0 Son konferans 14 \u015eubat 2014 tarihinde Ankara\u2019da yap\u0131lm\u0131\u015ft\u0131r.<\/em><\/p>\n<p><em>T\u00fcrkiye\u2019de 2,500 civar\u0131nda Hollanda firmas\u0131 \u00a0vard\u0131r. Yakla\u015f\u0131k 300 T\u00fcrk k\u00f6kenli firma, Hollanda&#8217;da \u015fube a\u00e7m\u0131\u015ft\u0131r. T\u00fcrkiye\u2019ye son \u00fc\u00e7 y\u0131lda yap\u0131lan do\u011frudan yabanc\u0131 yat\u0131r\u0131mlarda birinci s\u0131radad\u0131r. Bu d\u00f6nemde T\u00fcrkiye\u2019den Hollanda\u2019ya y\u00f6nelik do\u011frudan yat\u0131r\u0131mlar\u0131n toplam miktar\u0131 7,6 milyar dolard\u0131r. 2017\u00a0 y\u0131l\u0131nda Hollanda\u2019da yerle\u015fik T\u00fcrk giri\u015fimci say\u0131s\u0131 23 bin civar\u0131ndad\u0131r. T\u00fcrk giri\u015fimcilerin Hollanda&#8217;ya yapt\u0131\u011f\u0131 yat\u0131r\u0131m miktar\u0131 ise 9 milyar\u00a0 dolard\u0131r. Hollanda Merkezi \u0130statistik B\u00fcrosu (CBS) 2013 y\u0131l\u0131 verilerine g\u00f6re 16,8 milyonluk \u00a0Hollanda da \u00a01,8 milyon g\u00f6\u00e7men vard\u0131r ve \u00fclkede \u00a0395 bin T\u00fcrk vatanda\u015f\u0131 ya\u015famaktad\u0131r. Bu n\u00fcfusun y\u00fczde 79\u2019u (313 bini) \u00e7ifte vatanda\u015ft\u0131r. <\/em><\/p>\n<p><em>Avrupa \u00fclkelerinden T\u00fcrkiye\u2019ye yerle\u015fenler aras\u0131nda Almanlar ve Avusturyal\u0131lardan sonra Hollandal\u0131lar gelmektedir. 2016 y\u0131l\u0131nda T\u00fcrkiye&#8217;ye turist olarak gelen Hollandal\u0131 say\u0131s\u0131 1 milyondan fazlad\u0131r.<\/em> T\u00fcrkiye\u2019de \u00e7ok say\u0131da \u00fcr\u00fcn Hollanda k\u00f6kenli <em>\u00a0Unilever firmas\u0131 taraf\u0131ndan \u00fcretilmektedir: AXE, Becel, Cif, Domestos, Dove, Knorr, Lipton, Vaseline, Yumo\u015f, Algida, Calve, Carte Dor, Clear, Max, Rinso, Cif, Elidor, Sana. ING Bank, Philips, Shell, DAF,<\/em> <em>Tom Tom Hollanda k\u00f6kenli \u015firketlerdir.<\/em><\/p>\n<p><em>T\u00fcm bu ger\u00e7ekler kar\u015f\u0131s\u0131nda Hollanda ile T\u00fcrkiye aras\u0131ndaki gerginlik\u00a0 iki tarafa da zarar verir. Ama bu demek de\u011fildir ki, Hollanda Parlamentosu\u2019nun karar\u0131na tepkisiz kalaca\u011f\u0131z. TBMM \u00a0daha \u00f6nce ald\u0131\u011f\u0131 kararlara benzer bir karar alarak Hollanda\u2019ya\u00a0 tepki g\u00f6stermelidir. Aksi halde sukut ikrardan gelir \u00f6zdeyi\u015fi ge\u00e7erlilik kazan\u0131r ve Hollanda\u2019y\u0131 di\u011fer AB \u00fcyesi \u00fclkeler izler.<\/em><\/p>\n<p><em><strong>Hollanda Parlamentosu\u2019nun karar\u0131ndan sonra Hollanda T\u00fcrkleri Konseyi (HTK) \u00a023 \u015eubat 2018 tarihinde bir bas\u0131n a\u00e7\u0131klamas\u0131 yaparak Hollanda Parlamentosu\u2019nun ald\u0131\u011f\u0131 karar\u0131 \u00a0k\u0131nam\u0131\u015ft\u0131r. A\u00e7\u0131klaman\u0131n baz\u0131 k\u0131s\u0131mlar\u0131 taraf\u0131mdan d\u00fczeltilerek ve de k\u0131salt\u0131larak a\u015fa\u011f\u0131da verilmi\u015ftir.<\/strong><\/em><\/p>\n<p><em>\u201cHollanda Parlamentosu\u2019nda 143 parlamenterin s\u00f6zde\u00a0 Ermeni soyk\u0131r\u0131m\u0131n\u0131 tan\u0131ma karar\u0131n\u0131 HTK olarak esefle k\u0131n\u0131yor ve reddediyoruz. Hollanda; 2004, 2015 ve 2018 y\u0131l\u0131nda s\u00f6zde Ermeni soyk\u0131r\u0131m\u0131 \u00a0konusunda \u00a0ald\u0131\u011f\u0131 kararlarla diplomatik dengeler ile \u00a0krizleri de \u00a0g\u00f6zeterek\u00a0 istikrarl\u0131 bir yol izlemi\u015f ve s\u00f6zde Ermeni \u00a0soyk\u0131r\u0131m\u0131n\u0131 tan\u0131m\u0131\u015ft\u0131r. Bu tan\u0131ma\u00a0 hukuk d\u0131\u015f\u0131d\u0131r. Parlamento, hukukun yetki alan\u0131nda olmayan bir konuyu, kendisini mahkeme yerine koyup soyk\u0131r\u0131m karar\u0131 alm\u0131\u015ft\u0131r. Ald\u0131\u011f\u0131 kararla \u00a0T\u00fcrkleri ve T\u00fcrkiye\u2019yi cezaland\u0131rm\u0131\u015ft\u0131r. <\/em><\/p>\n<p><em>Hollanda\u2019n\u0131n taraf oldu\u011fu Birle\u015fmi\u015f Milletler 1948 \u00a0Soyk\u0131r\u0131m\u0131 \u00d6nleme ve Cezaland\u0131rma S\u00f6zle\u015fmesi\u2019nde soyk\u0131r\u0131m bir su\u00e7 \u00a0olarak tan\u0131mlanm\u0131\u015ft\u0131r. Bu su\u00e7u cezaland\u0131rmay\u0131\u00a0 konuyla ilgili yerel ya da uluslararas\u0131 mahkemelerin yapabildi\u011fini bilmesine ra\u011fmen Parlamento\u2019nun ald\u0131\u011f\u0131 karar, hukuki olmad\u0131\u011f\u0131 i\u00e7in\u00a0 h\u00fck\u00fcms\u00fczd\u00fcr. Bu konuda a\u015fa\u011f\u0131da \u00a0belirtece\u011fimiz \u00a0hususlar bu durumu per\u00e7inlemektedir.<\/em><\/p>\n<p><em>Hollanda, kendisinin de\u00a0 \u00fcyesi oldu\u011fu Avrupa Konseyi\u2019nin organ\u0131\u00a0 A\u0130HM\u2019nin \u00a0Do\u011fu Perin\u00e7ek T\u00fcrkiye &#8211; \u0130svi\u00e7re ve Ali Mercan-\u0130svi\u00e7re \u00a0kararlar\u0131n\u0131 yok saym\u0131\u015ft\u0131r. Ayr\u0131ca Parlamento; 17 Aral\u0131k 2013\u00a0 karar\u0131n\u0131,15 Ekim 2015 karar\u0131n\u0131, 28 Kas\u0131m 2017\u00a0 karar\u0131n\u0131, \u201c1915 olaylar\u0131 Holocaust \u00a0diye an\u0131lan Yahudi soyk\u0131r\u0131m\u0131ndan farkl\u0131d\u0131r, ayn\u0131 s\u0131n\u0131flamaya konamaz\u201d ve\u00a0 \u201cSoyk\u0131r\u0131ma h\u00fckmedecek yetkili organlar, Uluslararas\u0131 Ceza Mahkemesi ya da soyk\u0131r\u0131m oldu\u011fu iddia edilen eylemin yap\u0131ld\u0131\u011f\u0131 \u00fclkenin yetkili bir yerel mahkemesidir\u201d h\u00fckm\u00fcn\u00fc, 3 \u015eubat 2015 \u00a0tarihli \u00a0H\u0131rvatistan-S\u0131rbistan davas\u0131nda Vukovardan tehcir konusunun ele al\u0131nd\u0131\u011f\u0131 karardaki \u201ctehcir soyk\u0131r\u0131m olarak kabul edilemez\u201d h\u00fckm\u00fcn\u00fc \u00a0de dikkate almam\u0131\u015ft\u0131r. <\/em><\/p>\n<p><em>26 Ocak 2016 tarihinde Danimarka Parlamentosu\u2019na \u00a0sunulan \u00f6nerge reddedilmi\u015ftir. Konunun hukukla ilgisi oldu\u011funa ve parlamentolar\u0131n bu konuda yetkili olmad\u0131\u011f\u0131na karar verilmi\u015ftir. Hollanda, Nazileri yarg\u0131layan N\u00fcrnberg Mahkemesi \u00a0kararlar\u0131 kapsam\u0131na s\u00f6zde Ermeni soyk\u0131r\u0131m\u0131n\u0131n da \u00a0al\u0131nma \u00a0\u00f6nerisini kabul etmemi\u015ftir. 1\u2019nci D\u00fcnya Sava\u015f\u0131\u2019nda s\u00fcrg\u00fcn edilenlerin \u00a0yarg\u0131lanmas\u0131 i\u00e7in i\u015fgal alt\u0131ndaki \u0130stanbul\u2019da bulunan Osmanl\u0131 ar\u015fivlerinde ve devlet kurumlar\u0131nda \u00a0belge bulunamam\u0131\u015ft\u0131r. <\/em><\/p>\n<p><em>\u0130ngiltere\u2019nin Malta Valisi\u00a0 D\u0131\u015fi\u015fleri Bakanl\u0131\u011f\u0131na \u015fu yaz\u0131y\u0131 g\u00f6ndermi\u015ftir: \u2018Amerikal\u0131lara da sorun, su\u00e7lanacak bir belge yoksa\u00a0 bu liderleri serbest b\u0131rakal\u0131m.\u2019 1915 deki tehcirinde\u00a0 Osmanl\u0131 H\u00fck\u00fcmeti, Hollanda\u2019n\u0131n da i\u00e7inde bulundu\u011fu\u00a0 devletlere tehcir b\u00f6lgelerinde ortaya at\u0131lan\u00a0 yalanlar\u0131 \u00f6nlemek amac\u0131yla\u00a0 g\u00f6zlemcilik yapmalar\u0131 i\u00e7in \u00a0\u00e7a\u011fr\u0131 \u00a0yapm\u0131\u015ft\u0131r. Bu \u00e7a\u011fr\u0131ya\u00a0 Hollanda \u00a0cevap \u00a0vermemi\u015ftir. Bu durum belgelerle ortadad\u0131r.<\/em><\/p>\n<p><em>Hollanda Parlamentosu\u2019nun\u00a0 ald\u0131\u011f\u0131 karardan \u00f6nce, Hollanda\u00a0 D\u0131\u015fi\u015fleri Bakan Vekili <strong>Sigrid Kaag<\/strong>, &#8220;Uluslararas\u0131 ceza mahkemesi karar\u0131 olmadan soyk\u0131r\u0131m hakk\u0131nda h\u00fck\u00fcm vermek m\u00fcmk\u00fcn de\u011fildir. Soyk\u0131r\u0131mdan bahsedilemez. Soyk\u0131r\u0131m oldu\u011funa dair ancak uluslararas\u0131 bir mahkeme h\u00fck\u00fcm verebilir&#8221; \u00a0\u00a0demi\u015ftir. Hollanda\u2019n\u0131n resmi tutumunu a\u00e7\u0131klayan bu konu\u015fma ortadad\u0131r. Bunlara ra\u011fmen \u00a0hukuk d\u0131\u015f\u0131 ve su\u00e7 olu\u015fturan kararlar al\u0131nm\u0131\u015ft\u0131r. \u00a0Uluslararas\u0131 hukuku \u00e7i\u011fnemek, ba\u015fka milletleri ve bireyleri soyk\u0131r\u0131mla su\u00e7lay\u0131p \u0131rk\u00e7\u0131l\u0131k yapmak \u00a0su\u00e7tur. Bu \u00a0kapsamda \u00a0karara\u00a0 lehte oy kullanan parlamenterler \u00a0su\u00e7 i\u015flemi\u015flerdir. Bu konuda teredd\u00fctte gerek yoktur. Parlamento \u00a0mahkeme de\u011fildir, yetki gasp\u0131 yapamaz.<\/em><\/p>\n<p><em>Hollanda Parlamentosu ve H\u00fck\u00fcmeti aras\u0131ndaki \u00e7eli\u015fki, diplomatik manevra olarak izah edilmelidir. \u00c7\u00fcnk\u00fc, karar\u0131 onaylayan partiler ve milletvekilleri\u00a0\u00a0 i\u015fbirli\u011fi i\u00e7indedir.\u00a0\u00a0 H\u00fck\u00fcmeti olu\u015fturan partiler \u00a0bu hukuk d\u0131\u015f\u0131 \u00a0karar\u0131 \u00a0alm\u0131\u015ft\u0131r. \u00a0Bu, Hollanda\u2019n\u0131n bir \u00f6n alma manevras\u0131\u00a0 olarak de\u011ferlendirilmelidir. \u00c7\u00fcnk\u00fc oylamay\u0131 \u00f6neren ve destekleyenler h\u00fck\u00fcmet partileridir.<\/em><\/p>\n<p><em>Hollanda\u2019n\u0131n ald\u0131\u011f\u0131\u00a0 husumet i\u00e7eren karar\u0131n arkas\u0131nda\u00a0 \u00e7ok \u015fey belirgindir, \u00a0arkas\u0131nda\u00a0 neler oldu\u011fu\u00a0 iyi ara\u015ft\u0131r\u0131lmal\u0131d\u0131r. \u00a0Soyk\u0131r\u0131m ve tehcire ili\u015fkin uluslararas\u0131\u00a0 hukuk kurallar\u0131 ortada iken, \u00a0T\u00fcrk k\u00f6kenlilerin\u00a0 DENK partisi hari\u00e7 di\u011fer \u00a0partiler\u00a0 taraf\u0131ndan soyk\u0131r\u0131m karar\u0131 al\u0131nmas\u0131, hukuk d\u0131\u015f\u0131 bir tasarruftur. \u00a0Karar, T\u00fcrkiye ve T\u00fcrklere kar\u015f\u0131, siyasi ve psikolojik sava\u015ft\u0131r,\u00a0 d\u00fc\u015fmanl\u0131ktan \u00a0ba\u015fka bir anlama gelmemektedir. \u00a0Karar, Hollanda\u2019daki T\u00fcrklerin hassasiyetlerine ra\u011fmen \u00a0al\u0131nm\u0131\u015ft\u0131r. Hollandal\u0131lar\u0131n \u00a0ayr\u0131lmaz bir par\u00e7as\u0131 olan T\u00fcrkler kararla \u00a0rencide edilmi\u015f ve a\u015fa\u011f\u0131lanm\u0131\u015ft\u0131r. \u00c7\u00fcnk\u00fc al\u0131nan karar,\u00a0 tarihi ger\u00e7eklerden uzakt\u0131r, \u00a0hukuk d\u0131\u015f\u0131d\u0131r, siyasi husumet i\u00e7ermektedir. Bu konuda gerekli \u00a0tedbirler\u00a0 \u015fimdiden al\u0131nmal\u0131d\u0131r.<\/em><\/p>\n<p><em>Konu tarih\u00e7ilere havale edilmeyecek kadar \u00f6nemlidir. Tarih\u00e7ilere havale etmek konuyu bilmemektir. \u00c7\u00fcnk\u00fc konu sadece tarih\u00e7ilerin i\u015fi de\u011fildir. Bunu ikide bir ortaya s\u00fcrmek, milleti ve bireyi pasifle\u015ftirir. Bu ka\u00e7ak d\u00f6v\u00fc\u015fmektir.\u00a0 Soyk\u0131r\u0131m konusunda bilgi sahipleri sadece tarih\u00e7iler de\u011fil, demograflar, psikologlar, askeri stratejisitler, siyaset bilimcileri, hukuk\u00e7ular,\u00a0\u00a0 co\u011frafyac\u0131lar,\u00a0 antropologlar,\u00a0 etnograflar, sosyologlar, dil bilimcilerdir. Onlar\u0131 do\u011frudan ilgilendiren \u00a0bir konudur.<\/em><\/p>\n<p><em><strong>T\u00fcrkiye\u2019deki \u00fcniversitelerde soyk\u0131r\u0131m\u00a0 ve ter\u00f6rizm konusunun i\u015flenmesi gerekir. Uzmanla\u015fan ki\u015filerin yeti\u015ftirilmesi i\u00e7in b\u00f6l\u00fcmler olu\u015fturmal\u0131d\u0131r. \u00dcniversiteler; soyk\u0131r\u0131m, insan haklar\u0131, ter\u00f6rizm konular\u0131nda \u00e7ok dilli \u00e7al\u0131\u015fan\u00a0 ara\u015ft\u0131rma merkezleri kurmal\u0131d\u0131r<\/strong>. \u00c7\u00fcnk\u00fc bu konular \u00e7a\u011f\u0131m\u0131z\u0131n yak\u0131c\u0131 konular\u0131d\u0131r. Ancak uzmanla\u015farak ve insan yeti\u015ftirerek m\u00fccadele edilebilir. Bunun d\u0131\u015f\u0131ndaki \u00e7al\u0131\u015fmalar, <strong>konjekt\u00fcrel deme\u00e7ler sonu\u00e7 al\u0131c\u0131 de\u011fildir ve etkisizdir. <\/strong><\/em><\/p>\n<p><em>Hollanda\u2019da \u00a0ve\u00a0 Avrupa\u2019da ya\u015fayan\u00a0 \u00fcmmet ve dini kimli\u011fi \u00a0a\u011f\u0131r basanlar yan\u0131nda \u00a0ayn\u0131 zamanda T\u00fcrk kimli\u011fi ile tan\u0131nan ki\u015fi ve kurulu\u015flar da inisiyatif almal\u0131, kabuklar\u0131n\u0131 k\u0131rmal\u0131,\u00a0 bulundu\u011fu \u00fclkelerdeki kamuoyu ve kanaat \u00f6nderlerini bilgilendirerek, ileti\u015fim ve dialog alanlar\u0131n\u0131 etkili kullanarak\u00a0 sivil toplum diplomasisi geli\u015ftirmelidir. <\/em><\/p>\n<p><em>Biz Hollanda T\u00fcrkleri Konseyi (HTK) olarak, Hollanda \u00a0ve\u00a0 Avrupa\u2019da bu konuda ger\u00e7ekleri anlat\u0131p\u00a0 sivil toplum diplomasisi i\u00e7in inisiyatif alaca\u011f\u0131z. Bizimle birlikte hareket etmek isteyen, \u00e7ocuklar\u0131na ve kendilerine bug\u00fcn ve yar\u0131n, siz soyk\u0131r\u0131mc\u0131 bir milletin \u00e7ocuklar\u0131s\u0131n\u0131z demeyi reddeden herkese kap\u0131m\u0131z a\u00e7\u0131kt\u0131r. Bu konuda, bizimle beraber hareket etmek isteyenlerle hukuk, siyasi ve sivil toplum diplomasi i\u00e7in bir komisyon kurmaya haz\u0131r\u0131z, \u00c7\u00fcnk\u00fc sorun ortakt\u0131r. <\/em><\/p>\n<p><em>Hollanda\u2019da\u00a0 \u00a0ve di\u011fer Avrupa \u00fclkelerinde ya\u015fayan T\u00fcrklere;\u00a0 Avrupa\u2019da bar\u0131\u015f i\u00e7erisinde, bilin\u00e7li ve \u00a0onurlu bir ya\u015fam s\u00fcrmesi i\u00e7in suskunlu\u011fu b\u0131rakmalar\u0131, \u00f6l\u00fc topra\u011f\u0131n\u0131 \u00fczerlerinden atmalar\u0131, \u00a0demokratik ve hukuki haklar\u0131n\u0131 kullanmalar\u0131 i\u00e7in \u00a0\u00e7a\u011fr\u0131da bulunuyoruz. Hollandal\u0131lar\u0131n hukuk d\u0131\u015f\u0131, mesnetsiz\u00a0 karar\u0131 tan\u0131mamalar\u0131n\u0131, Parlamentonun da \u00a0karar\u0131 \u00a0de\u011ferlendirerek geri \u00e7ekmesini ve bu konuda bizlerle diyalo\u011fa girmesini talep ediyoruz. \u00c7\u00fcnk\u00fc tehditle, \u015fantajla, mesnetsiz kararlarla, milletler ve devletlere diz \u00e7\u00f6kt\u00fcr\u00fclemez. Tarih ve belgeler bizim tan\u0131\u011f\u0131m\u0131zd\u0131r. Sayg\u0131lar\u0131m\u0131zla<\/em><\/p>\n<p><em>Hollanda T\u00fcrkleri Konseyi Ad\u0131na \u00a0Sefa Y\u00fcr\u00fckel, Ba\u015fkan <strong>Epost: sefamyurukel65@gmail.comTel: 0031634371012.\u201d<\/strong><\/em><\/p>\n<p><em>Avrupa\u2019da 14 AB \u00fcyesi \u00fclke d\u0131\u015f\u0131nda da s\u00f6zde Ermeni soyk\u0131r\u0131m\u0131n destekleyenler de vard\u0131r. Avrupa Parlamentosu\u2019nun s\u00f6zde Ermeni Soyk\u0131r\u0131m\u0131\u2019n\u0131 T\u00fcrkiye\u2019nin tan\u0131mas\u0131 do\u011frultusunda\u00a0 alm\u0131\u015f oldu\u011fu kararlar vard\u0131r. \u0130lk karar <strong>18 Haziran 1987<\/strong> tarihinde al\u0131nm\u0131\u015ft\u0131r. Daha sonra <strong>15 Kas\u0131m 2000 <\/strong>(COM (1999) 513-C5-0036\/2000-2000\/2014 (COS), <strong>28 \u015eubat 2002<\/strong>, <strong>28 Eyl\u00fcl 2005<\/strong> ve <strong>15 Nisan 2015<\/strong> tarihinde de \u00a0kararlar alm\u0131\u015ft\u0131r. Avrupa Konseyi de <strong>24 Nisan 1998<\/strong> ve <strong>24 Nisan 2001<\/strong> tarihlerinde Ermeniler lehinde kararlar alm\u0131\u015ft\u0131r. <\/em><\/p>\n<p><em>ABD\u2019de 50 eyaletten 48\u2019i, \u0130ngiltere\u2019de Galler, \u0130sko\u00e7ya ve Kuzey \u0130rlanda; \u0130spanya\u2019da ise Bask ve Katalan \u00f6zerk y\u00f6netimleri de s\u00f6zde Ermeni soyk\u0131r\u0131m\u0131n\u0131 tan\u0131m\u0131\u015ft\u0131r. \u0130ran\u2019da \u015fah rejimi soyk\u0131r\u0131m\u0131 tan\u0131m\u0131\u015ft\u0131. \u0130ran \u0130slam Cumhuriyeti\u2019nde ise gayri resmi olarak soyk\u0131r\u0131m\u0131 tan\u0131maktad\u0131r. L\u00fcbnan, s\u00f6zde soyk\u0131r\u0131m\u0131\u00a0 tan\u0131yan tek Arap \u00fclkesidir. (http:\/\/www.mfa.am\/en\/recognition) Ancak\u00a0 parlamentolar\u0131nda\u00a0 bu konuda giri\u015fimde bulunan M\u0131s\u0131r ve Suriye gibi \u00fclkeler de\u00a0 vard\u0131r.<\/em> \u00a0Bulgaristan parlamentosu 1915 olaylar\u0131n\u0131 toplu katliam olarak nitelendiren bir karar alm\u0131\u015f ve 24 Nisan\u0131 kurbanlar\u0131n anma g\u00fcn\u00fc ilan etmi\u015ftir.<\/p>\n<p>Avrupa Parlamentosu\u00a0 D\u0131\u015f \u0130li\u015fkiler Komisyonu \u00fcyesi Hollandal\u0131 Sosyal Demokrat Parlamenter <strong>Kati Piri<\/strong> taraf\u0131ndan kaleme al\u0131nan ve 2014 y\u0131l\u0131nda T\u00fcrkiye\u2019deki geli\u015fmelerin de\u011ferlendirildi\u011fi Rapor, 11 May\u0131s tarihinde Parlamento D\u0131\u015f \u0130li\u015fkiler Komisyonu\u2019nda kabul edilmi\u015f, <strong>10 Haziran 2015<\/strong> tarihinde\u00a0 Genel Kurul\u2019da onaylanm\u0131\u015ft\u0131r. Rapor\u2019da T\u00fcrkiye\u2019ye y\u00f6nelik \u00e7ok fazla ele\u015ftiri vard\u0131r. Parlamento Karar\u2019\u0131nda en \u00f6nemli nokta<em>, <strong>\u201cAP, T\u00fcrkiye\u2019yi, Ermeni Soyk\u0131r\u0131m\u0131\u2019n\u0131n 100. y\u0131l\u0131n\u0131 bu y\u00f6ndeki \u00e7abalar\u0131n\u0131 s\u00fcrd\u00fcrmeyi bir f\u0131rsat olarak kullanmaya te\u015fvik eder\u201d<\/strong><\/em> denilmesidir. Bu \u00e7abalar aras\u0131nda ar\u015fivlerin a\u00e7\u0131lmas\u0131, ge\u00e7mi\u015fle y\u00fczle\u015filmesi, s\u00f6zde Ermeni soyk\u0131r\u0131m\u0131n\u0131n tan\u0131nmas\u0131 say\u0131lm\u0131\u015f ve b\u00f6ylece T\u00fcrk ve Ermeni halklar\u0131 aras\u0131nda bir uzla\u015fman\u0131n yolunun a\u00e7\u0131labilece\u011fi \u00f6ne s\u00fcr\u00fclm\u00fc\u015ft\u00fcr.<\/p>\n<p><img loading=\"lazy\" decoding=\"async\" class=\"alignnone size-full wp-image-1391\" src=\"http:\/\/misak.millidusunce.com\/wp-content\/uploads\/2018\/02\/TaniyanUlkeler.png\" alt=\"\" width=\"620\" height=\"310\" srcset=\"https:\/\/millidusunce.com\/misak\/wp-content\/uploads\/2018\/02\/TaniyanUlkeler.png 620w, https:\/\/millidusunce.com\/misak\/wp-content\/uploads\/2018\/02\/TaniyanUlkeler-150x75.png 150w, https:\/\/millidusunce.com\/misak\/wp-content\/uploads\/2018\/02\/TaniyanUlkeler-300x150.png 300w\" sizes=\"auto, (max-width: 620px) 100vw, 620px\" \/><\/p>\n<p><em>\u00a0\u00a0\u00a0\u00a0\u00a0\u00a0\u00a0\u00a0\u00a0\u00a0\u00a0\u00a0\u00a0\u00a0\u00a0\u00a0\u00a0\u00a0\u00a0\u00a0\u00a0\u00a0\u00a0\u00a0\u00a0 S\u00f6zde Ermeni soyk\u0131r\u0131m\u0131n\u0131 tan\u0131yan \u00a0\u00fclkeler<\/em><\/p>\n<p><strong>Perin\u00e7ek Karar\u0131\u2019na ra\u011fmen\u00a0 s\u00f6zde Ermeni soyk\u0131r\u0131m\u0131n\u0131 kabul eden\u00a0 Avrupa \u00fclkelerinin\u00a0 parlamentolar\u0131n\u0131n\u00a0\u00a0 soyk\u0131r\u0131m kararlar\u0131n\u0131n geri al\u0131nmas\u0131 sa\u011flanmad\u0131\u011f\u0131 s\u00fcrece, di\u011fer \u00fclkelerin\u00a0 de Ermeni diasporas\u0131n\u0131n etkisiyle T\u00fcrkiye aleyhine karar almaya devam etmeleri\u00a0 ka\u00e7\u0131n\u0131lmazd\u0131r.\u00a0\u00a0 <\/strong><\/p>\n<p>Hollanda Parlamentosu\u2019nun 22 \u015eubat\u2019ta koalisyon orta\u011f\u0131 H\u0131ristiyan Birli\u011fi\u2019nin haz\u0131rlad\u0131\u011f\u0131\u00a0 s\u00f6zde Ermeni soyk\u0131r\u0131m\u0131n\u0131\u00a0 tan\u0131ma tasar\u0131s\u0131n\u0131 kabul etmesinden bir g\u00fcn \u00f6nce Prof. Dr. <strong>Halil Berktay<\/strong>\u2019\u0131n TBMM\u2019de konu\u015fma yapmas\u0131, eski TBMM Ba\u015fkan\u0131 \u00a0\u00a0Cemil \u00c7i\u00e7ek\u2019in \u00e7abalar\u0131 ile yay\u0131nlanan bildiriyi etkisiz k\u0131lm\u0131\u015ft\u0131r. \u00a0Berktay, Taraf Gazetesi\u2019nde kaleme ald\u0131\u011f\u0131 yaz\u0131lar\u0131n\u0131 toplad\u0131\u011f\u0131 <strong>Weimar T\u00fcrkiyesi<\/strong> kitab\u0131nda<em> <strong>\u201cErmeni tehciri de\u011fil Ermeni soyk\u0131r\u0131m\u0131 yap\u0131lm\u0131\u015ft\u0131r\u201d<\/strong> <\/em>diyen biridir. (s.129) T\u00fcrk tarih\u00e7isi olmamakla \u00f6v\u00fcn\u00fcr. Chicago\u2019da T\u00fcrk ve Ermeni tarih\u00e7ilerini bulu\u015fturma ad\u0131na yap\u0131lan bir toplant\u0131da y\u00f6netici, T\u00fcrkiye\u2019de ya\u015fayan bir ki\u015fiyi Ermeni entelekt\u00fceli diye tan\u0131mlay\u0131nca Berktay \u015funlar\u0131 s\u00f6ylemi\u015ftir<em>: \u201cBu denli etnik kategorilerle d\u00fc\u015f\u00fcnmek do\u011fru de\u011fil. Ben T\u00fcrk tarih\u00e7isi de\u011filim. Ben tarih\u00e7iyim.\u201d<\/em> Berktay, T\u00fcrkiye\u2019nin 1915 y\u0131l\u0131nda korkun\u00e7 bir olay ya\u015fand\u0131\u011f\u0131n\u0131 kabul etmesini \u015f\u00f6yle savunmaktad\u0131r: <em>\u201cBundan T\u00fcrkiye Cumhuriyeti sorumlu tutulamaz. \u0130kincisi 1915, bundan 90 sene \u00f6ncedir. Bu tarihsel bir olayd\u0131r. Bu mesele T\u00fcrkiye\u2019de \u00f6zg\u00fcrce, kimse ideolojik bombard\u0131mana maruz kalmadan tart\u0131\u015f\u0131lmal\u0131d\u0131r.\u201d<\/em><\/p>\n<p><strong>Bu durumda Berktay\u2019\u0131n Avusturya\u2019l\u0131 yazar Franz Werfel\u2019den bir fark\u0131 var m\u0131d\u0131r?<\/strong> \u00a0Werfel\u2019in <strong>Musa Da\u011f\u0131\u2019nda 40 G\u00fcn <\/strong>roman\u0131, Osmanl\u0131n\u0131n \u00a0Ermeni k\u00f6kenli\u00a0 vatanda\u015flar\u0131n\u0131 yok etmeye karar vermesi ve b\u00f6ylece modern tarihinin en trajik olaylardan birine imza atmas\u0131 hakk\u0131ndad\u0131r. 1938 y\u0131l\u0131nda Avusturya\u2019n\u0131n Nazi Almanya\u2019s\u0131 \u00a0ile birle\u015fti\u011finde yasaklanan kitap, 34 dile \u00a0\u00e7evrilmi\u015ftir. Kitap, s\u00f6zde \u00a0Ermeni soyk\u0131r\u0131m\u0131 s\u0131ras\u0131nda Ermeni topraklar\u0131 Kilikya&#8217;da bulunan Musa Da\u011f\u0131&#8217;nda T\u00fcrklerden korunan ve sonuna kadar hayat m\u00fccadelesi veren bir avu\u00e7 Ermeninin direni\u015fini konu almaktad\u0131r. \u0130ngiliz BBC 3 radyosu \u00a0bu y\u0131l ba\u015f\u0131nda \u00a0\u00a0bir belgesel haz\u0131rlam\u0131\u015ft\u0131r. Program\u0131 \u00a0sunan Yunan gazeteci <strong>Maria Margaronis<\/strong> \u00a0kitab\u0131n sadece Ermeni halk\u0131n\u0131n direni\u015fini ve hayatta kalma g\u00fcc\u00fcn\u00fc anlatmakla kalmay\u0131p, t\u00fcm d\u00fcnya i\u00e7in bir uyar\u0131 oldu\u011funu, Hollywood \u00a0filmi olmas\u0131n\u0131 T\u00fcrklerin engellendi\u011fini a\u00e7\u0131klam\u0131\u015ft\u0131r. (https:\/\/www.ermenihaber.am\/tr\/news\/2018\/01\/30\/BBC-Werfel-Musa-Da%C4%9F-Ermeni-Soyk%C4%B1r%C4%B1m%C4%B1\/122206)<\/p>\n<p>Maria Margaronis\u2019e en iyi cevab\u0131 ABD, Almanya, Fransa, Kanada olmak \u00fczere bir\u00e7ok \u00fclkenin \u00fcniversitelerinden teklif alan, yurt sevgisi \u00fczerine soylu davran\u0131\u015f g\u00f6steren ve ge\u00e7enlerde vefat eden \u00a0Prof. Dr. <strong>Agop Koto\u011fyan<\/strong> (cildiyeci Kolsuz Agop) vermi\u015ftir: <em>\u201cErmeni oldu\u011fun i\u00e7in dedeni, yoksul oldu\u011fun i\u00e7in kolunu kaybetti\u011fin o \u00fclkede ne i\u015fin var\u201d<\/em> diyenlere, <em>\u201cEvet do\u011frudur: \u00fclkemde \u00e7ok ac\u0131 \u00e7ektim. Sefaletin dibinde ya\u015fad\u0131m. Do\u011frudur. Dedemi, \u00e7ocuklu\u011fumu, kolumu kaybettim. Ama yolumu kaybetmedim. Bu \u00fclkede ya\u015fayan milyonlarca insandan hi\u00e7bir zaman farkl\u0131 olmad\u0131\u011f\u0131m\u0131 d\u00fc\u015f\u00fcnd\u00fcm. Bu topraklarda ya\u015fayan t\u00fcm insanlar\u0131 karde\u015fim olarak benimsedim. <strong>Bir \u00fclkeyi sevmek demek, bu topraklarda ge\u00e7irdi\u011fin g\u00fczel ve iyi g\u00fcnleri sevmek demek de\u011fildir. \u0130yi g\u00fcnde ve k\u00f6t\u00fc g\u00fcnde burada olmak, vatan\u0131n yan\u0131nda kalmak demektir yurt sevgisi.<\/strong>\u201d <\/em><\/p>\n<p>Halil Berktay, ABD Ba\u015fkan\u0131 Ronald Reagan&#8217;\u0131n hukuk dan\u0131\u015fmanl\u0131\u011f\u0131n\u0131 yapan <strong>Bruce Fein<\/strong>\u2019in, <em>\u201cErmeni \u00f6l\u00fcmlerinin\u00a0 bir tanesi bile yetkili 1948 Soyk\u0131r\u0131m Kongresi\u2019nde soyk\u0131r\u0131m olarak tan\u0131mlanmam\u0131\u015ft\u0131r\u201d<\/em> dedi\u011fini acaba biliyor mu? <em>\u201cErmeni soyk\u0131r\u0131m\u0131 yalan\u0131: 24 Nisan 2009\u2019da Ermenileri Anma G\u00fcn\u00fc\u2019nde, Ba\u015fkan Barack Obama \u2018Osmanl\u0131 \u0130mparatorlu\u011fu\u2019nun son zamanlar\u0131ndaki 1,5 milyon Ermeninin [\u00f6l\u00fcm\u00fcn\u00fc] anma ile ilgili bir bildiri yay\u0131nlad\u0131. Ba\u015fkan t\u00f6kezledi. Mark Twain\u2019e g\u00f6re 3 \u00e7e\u015fit yalan vard\u0131r: <strong>Yalanlar,\u00a0 kahrolas\u0131 yalanlar ve I. D\u00fcnya Sava\u015f\u0131 s\u0131ras\u0131nda bir\u00e7ok Ermeni\u2019nin s\u00f6zde soyk\u0131r\u0131mda \u00f6ld\u00fcr\u00fcld\u00fcklerini iddia eden bir tak\u0131m Ermeniler ve onlar\u0131n yank\u0131 odalar\u0131.<\/strong> Neredeyse bir as\u0131r sonra, iddia ettikleri \u00f6l\u00fcm say\u0131s\u0131 1,5 \u2013 2 milyon aras\u0131nda gidip gelmektedir. Ancak Ermeniler ya da onlar\u0131n sempatizanlar\u0131 taraf\u0131ndan yap\u0131lan en iyi tahmin 300.000-750.000 (Anadolu\u2019da \u00f6ld\u00fcr\u00fclen 2,4 milyon Osmanl\u0131 M\u00fcsl\u00fcman ile kar\u015f\u0131la\u015ft\u0131r\u0131lm\u0131\u015ft\u0131r.) &#8211; To paraphrase Mark Twain, there are three kinds of lies: <strong>lies, damn lies, and the number of Armenians who are claimed by Armenians and their echo chambers to have died in an alleged World War I genocide.<\/strong> Almost a century later, the number of deaths they assert oscillates between 1.5-2 million. But the best contemporary estimates by Armenians or their sympathizers were 300,000-750,000 (compared with 2.4 million Ottoman Muslim deaths in Anatolia).<\/em> (<a href=\"https:\/\/www.huffingtonpost.com\/bruce-fein\/lies-damn-lies-and-armeni_b_211408.html\">https:\/\/www.huffingtonpost.com\/bruce-fein\/lies-damn-lies-and-armeni_b_211408.html<\/a>)<\/p>\n<p>TBMM\u2019de\u00a0 toplant\u0131 \u00f6ncesinde Milli D\u00fc\u015f\u00fcnce Merkezi Genel Ba\u015fkan\u0131\u00a0<strong>Sadi Somuncuo\u011flu<\/strong>\u2019nun TBMM Ba\u015fkan\u0131 Say\u0131n \u0130smail Kahraman\u2019a \u00a0<strong>21 \u015eubat 2018<\/strong> tarihinde bir protesto mektubu yazm\u0131\u015ft\u0131r: <em>\u201cBa\u015fkanl\u0131\u011f\u0131n\u0131zca d\u00fczenlenen,\u00a0Meclis Sohbetleri\u00a0ba\u011flam\u0131nda\u00a0T\u00fcrkiye\u2019de Demokrasinin Geli\u015fimi\u00a0konulu konferans bug\u00fcn (21 \u015eubat 2018) yap\u0131lacakt\u0131r. \u00d6\u011frendi\u011fimize g\u00f6re, bizzat kat\u0131larak\u00a0\u201c\u015fereflendirece\u011finiz\u201d\u00a0ve eski Meclis Ba\u015fkan\u0131 K\u00f6ksal Toptan\u2019\u0131n y\u00f6netece\u011fi toplant\u0131da \u2026<strong>Prof. Dr. Halil Berktay<\/strong>\u2026 konu\u015facaklard\u0131r. \u00a0Bu ki\u015finin y\u0131llard\u0131r;\u00a01915\u2019te Ermenilere kar\u015f\u0131 etnik temizlik yap\u0131ld\u0131, 1915 tehciri jenosiddi.\u00a0Aralar\u0131nda Enver Pa\u015fa, Talat Pa\u015fa gibi Osmanl\u0131\u2019n\u0131n son d\u00f6nem en \u00fcst d\u00fczey kadrolar\u0131n\u0131\u00a0Sosyal-Darwinist\u00e7i\u00a0ve bu yolla\u00a0\u0131rk\u00e7\u0131\u00a0il\u00e2n etti\u011fi bilinmektedir. Ermenistan, Ermeni Diasporas\u0131, baz\u0131 emperyalist \u00fclkeler ve i\u015fbirlik\u00e7ilerin yalanlar\u0131n\u0131, inatla ve c\u00fcretle tekrarlayan Berktay\u2019\u0131n hangi maksatla TBMM\u2019ye davet edildi\u011fini \u00f6\u011frenmek, T\u00fcrk Milletinin en tabi hakk\u0131d\u0131r. Say\u0131n Ba\u015fkan Sizi, T\u00fcrk Milletinden \u00f6z\u00fcr dilemeye ve bu davran\u0131\u015f\u0131n\u0131z\u0131 a\u00e7\u0131klamaya davet ediyoruz.\u201d<\/em><\/p>\n<p><strong>Halil Berktay\u2019\u0131n TBMM\u2019de konu\u015fma yapmas\u0131\u00a0 acaba bir zincirin halkas\u0131 m\u0131d\u0131r? S\u00f6zde Ermeni soyk\u0131r\u0131m\u0131 konusunda 24 Nisan\u2019da ABD Ba\u015fkan\u0131 Trump\u2019\u0131n <em>\u201csoyk\u0131r\u0131m\u201d <\/em>(genocide)\u00a0 kelimesini kullanmas\u0131 \u00a0i\u00e7in\u00a0 ABD\u2019de ortam haz\u0131rlanmaktad\u0131r.<\/strong> ABD B\u00fcy\u00fckel\u00e7isi olarak 1915-1916 y\u0131llar\u0131nda \u0130stanbul\u2019 da\u00a0 g\u00f6rev yapm\u0131\u015f olan Henry Morgenthau \u00a0Ermeni sekreterlerinin\u00a0 yard\u0131m\u0131yla derledi\u011fi yalanlarla dolu\u00a0\u00a0 hat\u0131ralar\u0131n\u0131 ABD\u2019 ye d\u00f6nd\u00fckten sonra\u00a0 <strong>B\u00fcy\u00fckel\u00e7i Morgenthau\u2019 nun Hat\u0131ralar\u0131<\/strong>\u00a0 ad\u0131 alt\u0131nda yay\u0131mlam\u0131\u015ft\u0131r. (B\u00fcy\u00fckel\u00e7i Morgenthau&#8217;nun \u00d6yk\u00fcs\u00fc, Belge Yay\u0131nlar\u0131, 2015)<\/p>\n<p>Aradan y\u00fczy\u0131l ge\u00e7tikten sonra torun <strong>Robert M. Morgenthau<\/strong>, <strong>25 Ocak 2018<\/strong> tarihinde \u00a0\u00a0The Wall Street Journal\u2019da (WSJ)\u00a0\u00a0 <em>\u201cTrump,\u00a0 Ermeni soyk\u0131r\u0131m\u0131 hakk\u0131nda ger\u00e7e\u011fi\u00a0 s\u00f6yleyecek mi?\u201d<\/em>\u00a0 ba\u015fl\u0131\u011f\u0131 ile bir yaz\u0131 yay\u0131mlam\u0131\u015ft\u0131r. (Will Trump Tell the Truth About the Armenian Genocide?\u00a0 He recognized the reality that Jerusalem is the capital of Israel. Such daring is needed again. By\u00a0 Robert M. Morgenthau Jan. 25, 2018 7:11 p.m. ET)<\/p>\n<p><strong>\u015e\u00fckr\u00fc Server Aya, 2013 y\u0131l\u0131nda Preposteroous Paradoxes of Ambassador Morgenthau \u2013 B\u00fcy\u00fckel\u00e7i Morgenthau\u2019 nun\u00a0 Mant\u0131ks\u0131z \u00c7eli\u015fkileri\u00a0 ba\u015fl\u0131kl\u0131 kitab\u0131 ile\u00a0 Morgenthau\u2019 nun yalanlar\u0131n\u0131 ortaya\u00a0 \u00e7\u0131karm\u0131\u015ft\u0131r.\u00a0 Aya, \u00a0WSJ\u2019daki haberin \u00a0\u0130ngilizce ve T\u00fcrk\u00e7esini benimle de payla\u015fm\u0131\u015ft\u0131r. Haber \u00a0a\u015fa\u011f\u0131dad\u0131r.<\/strong><\/p>\n<p>Trump Ermeni Soyk\u0131r\u0131m\u0131 hakk\u0131nda Ger\u00e7e\u011fi S\u00f6yleyecek mi?\u00a0 \u00a0Hitler Polonya\u2019y\u0131 1939\u2019da i\u015fgal i\u00e7in emir verdi\u011fi \u00a0zaman \u00a0kumandanlar\u0131na Polonya as\u0131ll\u0131 ve lisan\u0131 konu\u015fan erkek, kad\u0131n ve \u00e7ocuklar\u0131n, merhamet duyulmadan \u00f6l\u00fcme sevki i\u00e7in verdi\u011fi emirde, buna kar\u015f\u0131 \u00e7ok az itiraz\u0131n olaca\u011f\u0131n teminat\u0131n\u0131 vermi\u015fti. Kim buna y\u0131l sonra, bug\u00fcn Ermenilerin yok edilmesinden bahsediyor ki demi\u015fti?<\/p>\n<p><em>\u201cAs Hitler launched his invasion of Poland in 1939, he instructed his commanders \u201cto send to death mercilessly and without compassion, men, women and children of Polish derivation and language.\u201d He assured his staff the world would raise little objection: \u201cWho, after all, speaks today of the annihilation of the Armenians?\u201d<\/em><\/p>\n<p>1915 ba\u015flar\u0131nda Ermeni halk\u0131n sistematik bir \u015fekilde Osmanl\u0131 T\u00fcrkleri taraf\u0131ndan yok edilmesi i\u00e7in bir referans vard\u0131. Vuku bulan vah\u015fete kar\u015f\u0131 durmak i\u00e7in d\u00fcnya g\u00fc\u00e7leri az gayret g\u00f6stermi\u015flerdi. Daha sonralar\u0131 T\u00fcrklerin \u0131srarl\u0131 ink\u00e2rlar\u0131 bunu unutulan bir soyk\u0131r\u0131m yapt\u0131.<\/p>\n<p><em>\u201cThat was a reference to the systematic destruction of the Armenian population by the Ottoman Turks beginning in 1915. World powers had offered little resistance to the slaughter as it occurred. Later, Turkey\u2019s insistent denials made it the \u201cforgotten genocide.\u201d<\/em><\/p>\n<p>G\u00f6r\u00fcn\u00fc\u015fte bir Amerikan m\u00fcttefiki olan T\u00fcrkiye tarihle y\u00fczle\u015fmeyi reddetmektedir. ABD h\u00fck\u00fcmeti de, Ermenilerin yok edilmesi olay\u0131nda borcunu \u00f6demeyi ihmal etmi\u015ftir.\u00a0 ABD y\u00f6netimi T\u00fcrklerin bask\u0131s\u0131na boyun e\u011fmi\u015f ve devaml\u0131 olarak basit bir ger\u00e7e\u011fi teyit etmekte <strong>zuhul<\/strong> g\u00f6stermi\u015flerdir. Ermenilerin \u00a0\u00f6ld\u00fcr\u00fclmesi tarihteki basit bir \u015fans\u0131zl\u0131k de\u011fil, fakat sistematik bir soyk\u0131r\u0131m idi.<\/p>\n<p><em>\u201cTurkey, ostensibly an American ally, still refuses to confront its history. The U.S. government also has failed to give the annihilation of the Armenians its due. American administrations have bowed to Turkish pressure and failed to affirm consistently a simple fact: The slaughter of the Armenians was not a mere misfortune of history but a systematic genocide.\u201d<\/em><\/p>\n<p>Bu t\u00fcr suskunluk hayret verici de\u011fildir. \u00c7\u00fcnk\u00fc\u00a0 diplomatlar ihtiyatl\u0131 ve ka\u00e7amak huyludurlar. Fakat Ba\u015fkan Trump Kud\u00fcs\u2019\u00fc \u0130srail\u2019in. ba\u015fkenti olarak tan\u0131makla, g\u00f6r\u00fcn\u00fcrde yeni bir \u00e7a\u011f\u0131 haber vermektedir.\u00a0 1995 y\u0131l\u0131nda Kongre\u00a0 D\u0131\u015fi\u015flerine Kud\u00fcs\u2019\u00fc \u0130srail\u2019in ba\u015fkenti olarak tan\u0131nmas\u0131 ve ABD El\u00e7ili\u011finin oraya ta\u015f\u0131nmas\u0131na karar verdi. Adaylar Bill Clinton ve George W. Bush, el\u00e7ili\u011fi ta\u015f\u0131maya s\u00f6z verdi ve Barak Obama da 2008\u2019deki konu\u015fmas\u0131nda Kud\u00fcs\u2019\u00fcn \u0130srail\u2019in ba\u015fkenti olaca\u011f\u0131n\u0131 s\u00f6yledi.\u00a0 Se\u00e7ilen bir ba\u015fkan fakat \u00fc\u00e7\u00fc de s\u00f6zlerinden cayd\u0131lar.\u00a0 \u015eimdi en sonunda Amerika\u2019n\u0131n Kud\u00fcs politikas\u0131, prensiplerinde tutarl\u0131 ve tarihsel ger\u00e7eklere uygundur.<\/p>\n<p><em>\u201cSuch reticence wasn\u2019t necessarily surprising, given diplomats\u2019 cautious and equivocating nature. But President Trump, in recognizing Jerusalem as the capital of Israel, seems to be signaling a new age. In 1995, Congress enacted legislation directing the State Department to recognize Jerusalem as the capital of Israel and move the U.S. Embassy there. Candidates Bill Clinton and George W. Bush promised to move the embassy, and Barack Obama said in 2008 that \u201cJerusalem will be the capital of Israel.\u201d Once elected president, all three reneged on their pledges. Now, at last, America\u2019s Jerusalem policy is consistent with its principles and with historical fact.\u201d<\/em><\/p>\n<p>Bu olay beni Amerika\u2019n\u0131n Ermeni soyk\u0131r\u0131m\u0131 hakk\u0131ndaki ger\u00e7e\u011fi de kabul edece\u011fi konusunda umutland\u0131rd\u0131. Bin y\u0131ld\u0131r Ermeniler, \u015fimdi Do\u011fuda T\u00fcrk topra\u011f\u0131 olan A\u011fr\u0131 da\u011f\u0131n\u0131n g\u00f6lgesinde ya\u015fad\u0131lar. Tarihin b\u00fcy\u00fck b\u00f6l\u00fcm\u00fcnde H\u0131risyiyan az\u0131nl\u0131k ile M\u00fcsl\u00fcman \u00e7o\u011funluk bar\u0131\u015f i\u00e7inde ya\u015fad\u0131lar. Fakat Osmanl\u0131 \u0130mparatorlu\u011fu, 19\u2019ncu y\u00fczy\u0131l sonlar\u0131nda ve 20\u2019nci y\u00fczy\u0131l ba\u015flar\u0131nda \u00e7\u00f6z\u00fclmeye ba\u015flay\u0131nca Ermeniler bask\u0131n\u0131n hedefi oldular. Birinci D\u00fcnya Sava\u015f\u0131 ba\u015flay\u0131nca T\u00fcrkler bunu Ermeni sorununu sonland\u0131rmak i\u00e7in bir f\u0131rsat olarak g\u00f6rd\u00fcler.<\/p>\n<p><em>\u201cThat makes me optimistic that America may similarly acknowledge the historical truth of the Armenian genocide. The facts are compelling. For millennia, Armenians lived in the shadow of Mount Ararat, in what is now eastern Turkey. For much of its history, this Christian minority lived in peace with its Muslim neighbors. But as the Ottoman Empire began to disintegrate in the late 19th and early 20th centuries, the Armenians became targets of oppression. As World War I loomed, the Turks saw the opportunity to settle their Armenian question.\u201d<\/em><\/p>\n<p>En ba\u015f\u0131nda toplumun liderleri ile ayd\u0131nlar\u0131 tutuklad\u0131lar ve infaz ettiler.\u00a0 Geride klan sivil halk\u0131 da evlerinden \u00e7\u0131kar\u0131p Suriye \u00e7\u00f6llerinde \u00f6l\u00fcm y\u00fcr\u00fcy\u00fc\u015flerine \u00a0yollad\u0131lar. 1.5 milyon kadar Ermeni katledildi.<\/p>\n<p><em>\u201cFirst they arrested and executed community leaders and intellectuals. Then they drove the remaining civilians out of their homes in long \u201cdeath marches\u201d to the Syrian desert. As many as 1.5 million Armenians were murdered.\u201d<\/em><\/p>\n<p>Bana g\u00f6re bu\u00a0 olaylar tarih kitaplar\u0131n\u0131n i\u00e7imde saklanamaz. B\u00fcy\u00fck babam Henry Morgenthau olaylar\u0131n ba\u015flang\u0131c\u0131nda,\u00a0 Ba\u015fkan Wilson\u2019un Osmanl\u0131 \u0130mparatorlu\u011fundaki b\u00fcy\u00fckel\u00e7isiydi. Bunun d\u00fcnyada g\u00f6rmedi\u011fi bir \u00f6l\u00e7\u00fcde kitlesel katliam olaca\u011f\u0131n\u0131 hemen anlad\u0131. T\u00fcrk liderlerini protesto etti. Onlar da Ermenilerin ABD vatanda\u015f\u0131 olmad\u0131klar\u0131n\u0131 ve el\u00e7iyi ilgilendirmeyece\u011fini s\u00f6ylediler. Ayr\u0131ca El\u00e7inin Yahudi, Ermenilerin ise H\u0131ristiyan olduklar\u0131n\u0131 s\u00f6ylediler.<\/p>\n<p><em>\u201cFor me, this chronicle is not confined to history books. My paternal grandfather, Henry Morgenthau, was President Wilson\u2019s ambassador to the Ottoman Empire as the horror began to unfold. He quickly understood that this was slaughter on a scale the modern world had never seen. He protested to Turkish leaders, who replied that the Armenians were not American citizens and thus none of the ambassador\u2019s concern. Besides, they said, Ambassador Morgenthau was Jewish, and the Armenians were Christian.\u201d<\/em><\/p>\n<p>T\u00fcrkler\u00a0 Washington\u2019a bask\u0131 yaparak onu geri yollamakla \u00a0tehdit ettiler. B\u00fcy\u00fck babam\u0131n cevab\u0131 \u00e7ok a\u00e7\u0131kt\u0131 ve dedi ki: Bir Yahudi olarak, y\u00fcz binlerce H\u0131ristiyan\u2019\u0131n hayat\u0131n\u0131 kurtarmak i\u00e7in yetkim i\u00e7inde olan her \u015feyi yapmad\u0131\u011f\u0131mdan daha b\u00fcy\u00fck bir felaket olamazd\u0131.<\/p>\n<p><em>\u201cThe Turks even threatened to pressure Washington to recall him. My grandfather\u2019s reply was eloquent: \u201cI could think of no greater honor than to be recalled because I, a Jew, have done everything in my power to save the lives of hundreds of thousands of Christians.\u201d<\/em><\/p>\n<p>T\u00fcrkler yumu\u015famay\u0131 kabul etmediler. B\u00fcy\u00fckbabam ABD\u2019ye d\u00f6n\u00fc\u015f yaparak bir diplomatik telgraf yollad\u0131 ve dedi ki, bir \u0131rk\u0131n yok edilmesi ameliyesi y\u00fcr\u00fcrl\u00fcktedir. Bundan sonra D\u0131\u015fi\u015flerimiz Birinci D\u00fcnya Sava\u015f\u0131na kat\u0131ld\u0131 ve ilgisiz cevap verdi. En sonunda b\u00fcy\u00fckbabam konferanslar vererek \u00a0d\u00fcnya\u00a0 kamuoyunun\u00a0 takdirine karar verdi.<\/p>\n<p><em>\u201cThe Turks refused to relent, and my grandfather turned to his own government. He sent Washington a diplomatic cable reading: \u201cA campaign of race extermination is in progress.\u201d The State Department, then preoccupied with World War I, responded with indifference. Ultimately my grandfather decided to appeal to the world\u2019s conscience through a series of speeches.\u201d<\/em><\/p>\n<p><em>\u00a0<\/em>Daha sonra\u00a0 b\u00fcy\u00fck bir yard\u0131m kampanyas\u0131 ile\u00a0 kurtulmu\u015f olanlar\u0131n yerle\u015fmelerine yard\u0131m etti.\u00a0 Fakat soyk\u0131r\u0131m\u0131n Ermeni halk\u0131 \u00fczerinde ve b\u00fcy\u00fck babam\u0131n ruhunda tarif edilemez bir bedel b\u0131rakt\u0131. Amerika\u2019ya d\u00f6nd\u00fc ve kurtulanlara yard\u0131m etmeye karar verdi. G\u00fcnlerini bazen Ellis adas\u0131nda ge\u00e7irerek Henry Amca olarak\u00a0 kimseleri olmayan g\u00f6\u00e7menlere destek oldu. \u00a0Ayr\u0131ca ba\u015fka bir \u015fey yapt\u0131. Kendi \u00e7ocuklar\u0131na ve torunlar\u0131na \u00a0tan\u0131kl\u0131k \u00a0etti\u011fi tarihi \u00f6\u011fretiden\u00a0 \u00e7\u0131kard\u0131\u011f\u0131 ders \u00e7ok \u00a0a\u00e7\u0131kt\u0131:\u00a0 \u0130lkeler,\u00a0 h\u0131zl\u0131 \u00e7\u00f6z\u00fcmlere feda edilince, ka\u00e7\u0131n\u0131lmaz sonu\u00e7 trajedidir.<\/p>\n<p><em>\u201cEventually a massive aid campaign helped resettle the scattered survivors. But the genocide had exacted an unfathomable toll on the Armenian people\u2014and on my grandfather\u2019s spirits. He returned to the U.S. determined to spend his days helping the survivors, sometimes appearing at Ellis Island as \u201cUncle Henry\u201d to sponsor refugees who had no one to meet them. And he did something else. He taught his children and his grandchildren the history he had witnessed. The lesson he drew was clear: When principle succumbs to expediency, the inevitable result is tragedy.\u201d<\/em><\/p>\n<p>Hitler Polonya\u2019y\u0131 \u00a0i\u015fgal edince \u00a0falc\u0131l\u0131k \u00f6ng\u00f6r\u00fcs\u00fc ger\u00e7ekle\u015fti, d\u00fcnyan Ermenileri unutkanl\u0131\u011f\u0131 sayesinde de te\u015fvik g\u00f6rd\u00fc. Amerika i\u00e7in, bu uykuculuktan uyanman\u0131n uygun zaman\u0131d\u0131r.\u00a0 Her Nisan ay\u0131nda Ba\u015fkan, Ermeni halka uygulanm\u0131\u015f d\u00fc\u015fmanl\u0131klar hakk\u0131nda bir deme\u00e7 verir. Fakat T\u00fcrk bask\u0131s\u0131 \u00a0sebebiyle \u00a0bu deme\u00e7te \u201c<strong>soyk\u0131r\u0131m\u201d <\/strong>kelimesi olmam\u0131\u015ft\u0131r. Bu de\u011fi\u015fmelidir.<\/p>\n<p><em>\u201cThat prophecy was realized when Hitler invaded Poland, emboldened by the world\u2019s amnesia about the Armenians. It is high time for America to emerge from that amnesia. Every April, the president issues a proclamation recognizing the atrocity that was inflicted on the Armenian people. But bowing to Turkish pressure, that proclamation has never contained the word <strong>\u00a0\u2018genocide<\/strong>\u2019 <strong>That must change.\u201d<\/strong><\/em><\/p>\n<p>Baz\u0131 kimselerin, \u2018T\u00fcrklerin gazab\u0131, Amerikan \u00a0\u00e7\u0131karlar\u0131na zarar verebilir\u2019 s\u00f6z\u00fcn\u00fc hafife alm\u0131yorum.\u00a0 El\u00e7ili\u011fin Kud\u00fcs\u2019e naklinin bar\u0131\u015f g\u00f6r\u00fc\u015fmelerini zorla\u015ft\u0131raca\u011f\u0131 g\u00f6r\u00fc\u015f\u00fcne de sayg\u0131l\u0131y\u0131m. Fakat adaletli bir d\u00fcnya, sahtekarl\u0131klar ve ka\u00e7amak s\u00f6zler \u00fczerinde \u00a0kurulamaz. Ba\u015fkan Tump, Ermeni soyk\u0131r\u0131m\u0131n\u0131 a\u00e7\u0131klayarak ger\u00e7e\u011fe \u00a0ba\u011fl\u0131l\u0131\u011f\u0131n\u0131 g\u00f6sterecektir. Bu, b\u00fct\u00fcn d\u00fcnyada iktidarda olan haydutlara a\u00e7\u0131k bir mesaj olacakt\u0131r. Su\u00e7 eylemleri cezas\u0131z kalmamal\u0131d\u0131r.<\/p>\n<p><em>\u201cI do not underestimate the concerns of those who say the wrath of Turkey may work against U.S. interests\u2014as I do not dismiss those who say moving the embassy to Jerusalem may complicate peace negotiations. But a just and lasting world order cannot be built on falsehoods and equivocations. Let President Trump demonstrate that commitment once more by declaring the truth of the Armenian genocide. This would send clear message to the thugs in power around the world: Your criminal acts will not go unnoticed.\u201d <\/em>(<a href=\"https:\/\/www.wsj.com\/articles\/will-trump-tell-the-truth-about-the-armenian-genocide-1516925489\">https:\/\/www.wsj.com\/articles\/will-trump-tell-the-truth-about-the-armenian-genocide-1516925489<\/a>)<\/p>\n<p>Robert M. Morgenthau, <strong>25 Ocak 2018<\/strong> tarihinde\u00a0\u00a0 The Wall Street Journal\u2019da <em>\u201cTrump,\u00a0 Ermeni soyk\u0131r\u0131m\u0131 hakk\u0131nda ger\u00e7e\u011fi\u00a0 s\u00f6yleyecek mi?\u201d<\/em>\u00a0 ba\u015fl\u0131\u011f\u0131 ile bir yaz\u0131 yay\u0131nlanmadan 1,5 ay \u00f6nce <strong>9 Aral\u0131k 2017<\/strong> tarihinde Turksih Forum\u2019daki<strong><em>\u201cDonald Trump Kud\u00fcs A\u00e7\u0131klamas\u0131n\u0131n Ard\u0131ndan 24 Nisan\u2019da \u2018T\u00fcrkler Ermenilere Soyk\u0131r\u0131m\u0131 Yapt\u0131\u2019 Derse Ne Olur?\u201d<\/em><\/strong> ba\u015fl\u0131kl\u0131 yaz\u0131mda dikkati \u00e7ekmi\u015ftim: <em>\u201cBa\u015fkan\u0131 Donald Trump&#8217;\u0131n Kud\u00fcs&#8217;\u00fc \u0130srail&#8217;in ba\u015fkenti olarak tan\u0131mas\u0131yla ilgili a\u00e7\u0131klamas\u0131, Birle\u015fmi\u015f Milletler kararlar\u0131n\u0131 a\u00e7\u0131k\u00e7a ihlal eden ve bar\u0131\u015f\u0131 dinamitlen bir geli\u015fmedir. Trump T\u00fcrkiye\u2019nin bu konuda g\u00f6sterdi\u011fi sert tepki \u00a0ve Ermeni lobilerinin bask\u0131s\u0131yla 24 Nisan\u2019da s\u00f6zde Ermeni soyk\u0131r\u0131m\u0131n\u0131 \u2018genocide\u2019 kelimesini kullanarak tan\u0131yabilir\u2026<\/em><\/p>\n<p><em>ABD\u2019de g\u00fc\u00e7l\u00fc bir Ermeni diasporas\u0131 ve \u00a0lobisi \u00a0vard\u0131r. Son olarak 6 Kas\u0131m\u2019da ABD\u2019nin Indiana Eyaleti Birinci D\u00fcnya Sava\u015f\u0131\u2019nda Osmanl\u0131\u2019n\u0131n Ermenilere soyk\u0131r\u0131m yapt\u0131\u011f\u0131n\u0131 kabul eden tasar\u0131y\u0131 onaylam\u0131\u015ft\u0131r. \u00a0B\u00f6ylece ABD\u2019de s\u00f6zde Ermeni soyk\u0131r\u0131m\u0131n\u0131 kabul eden eyalet say\u0131s\u0131 48\u2019e y\u00fckselmi\u015ftir\u2026<\/em> <em>Bu sebeple yumurta kap\u0131ya gelmeden, i\u015f i\u015ften ge\u00e7meden \u015fimdiden tedbir al\u0131nmas\u0131nda yarar vard\u0131r. T\u00fcrk\u00e7ede bir deyim vard\u0131r: Delidir, ne yapsa yeridir. \u00a0Bir insan\u0131n\u00a0deli\u00a0oldu\u011fu i\u00e7in beklenmeyecek \u015feyler yapabilece\u011fini, dolay\u0131s\u0131yla kendisinden sak\u0131n\u0131lmas\u0131 gerekti\u011fini bildiren s\u00f6zd\u00fcr.\u201d<\/em><\/p>\n<p><strong>H\u00fck\u00fcmet bu geli\u015fmeleri dikkate alarak 24 Nisan i\u00e7in \u015fimdiden \u00f6nlem almal\u0131d\u0131r. T\u00fcrk d\u00fc\u015fman\u0131 Ermeni diaspora lideri Harut Sasunyan\u2019\u0131n Cumhurba\u015fkan\u0131 Erdo\u011fan i\u00e7in a\u00e7\u0131klad\u0131\u011f\u0131 s\u00f6zde iyi niyetinin ard\u0131ndaki gizli ger\u00e7e\u011fi \u00a0yetkililerin \u00a0anlamas\u0131nda yarar vard\u0131r:<\/strong> <em>\u201cWe hope that Pres. Erdogan remains in office as he persists to undermine Turkey\u2019s reputation worldwide!\u201d<\/em> (<a href=\"http:\/\/asbarez.com\/169113\/erdogan-embroiled-in-new\">http:\/\/asbarez.com\/169113\/erdogan-embroiled-in-new<\/a>)<\/p>\n<p>Hollanda Parlamentosu\u2019nun da s\u00f6zde Ermeni\u00a0 soyk\u0131r\u0131m\u0131n\u0131 kabul etmesinden sonra\u00a0\u00a0 CHP \u0130stanbul \u0130l Ba\u015fkan\u0131 <strong>Canan Kaftanc\u0131o\u011flu<\/strong>\u2019nun tepkisini \u00e7ok merak etmekteyim. Kaftanc\u0131o\u011flu,\u00a024 Nisan 2012 tarihli g\u00f6nderisinde <strong><em>\u201cTarihte Bug\u00fcn: Ermeni Soyk\u0131r\u0131m\u0131 ba\u015flad\u0131. Katledilen Ermeni vatanda\u015flar\u0131m\u0131z\u0131 an\u0131yoruz, 19:15\u2019te Taksim\u2019de<\/em><\/strong>\u201d ifadelerini kullanm\u0131\u015ft\u0131r. Acaba Kaftanc\u0131o\u011flu bu tweeti atarken ASALA taraf\u0131ndan \u015fehit edilen diplomatlar\u0131m\u0131z akl\u0131na gelmi\u015f midir?\u00a0 \u00a0diye 18 Ocak 2018\u00a0 tarihinde bu k\u00f6\u015fedeki yaz\u0131mda sormu\u015ftum. (<a href=\"https:\/\/www.turkishnews.com\/tr\/content\/wp-admin\/post.php?post=189848&amp;action=edit\">https:\/\/www.turkishnews.com\/tr\/content\/wp-admin\/post.php?post=189848&amp;action=edit<\/a>) \u00a0Ayr\u0131ca \u0130sve\u00e7\u2019in ald\u0131\u011f\u0131\u00a0 karar\u0131 da payla\u015f\u0131yorum ki, Kaftanc\u0131o\u011flu belki bu \u00fclkenin yasaklama karar\u0131ndan etkilenir, 26 \u015eubat Hocal\u0131 \u00a0katliam\u0131n\u0131 da hat\u0131rlam\u0131\u015f olur.<\/p>\n<p>\u0130sve\u00e7\u2019te Vatan Partisi\u2019nin giri\u015fimleriyle \u0130sve\u00e7\u2019te in\u00a0 s\u00f6zde Ermeni soyk\u0131r\u0131m\u0131 an\u0131t\u0131 dikmesi yasaklanm\u0131\u015ft\u0131r. \u0130sve\u00e7 Y\u00fcksek \u0130dari Mahkemesi (H\u00f6gsta F\u00f6rvaltningsdomstolen) Norrk\u00f6ping Belediyesi\u2019nin Norrk\u00f6ping kenti merkezindeki park\u0131n ortas\u0131na bir s\u00f6zde Ermeni soyk\u0131r\u0131m heykeli dikme hakk\u0131 olmad\u0131\u011f\u0131n\u0131 onaylam\u0131\u015ft\u0131r. \u0130tiraz edilemeyen Y\u00fcksek Mahkeme karar\u0131yla \u0130sve\u00e7\u2019te art\u0131k\u00a0 belediyeler\u00a0 soyk\u0131r\u0131m an\u0131t\u0131 dikemeyecektir.<\/p>\n<p>Belediye Ba\u015fkan\u0131 ve \u00fcyelerinin \u00e7o\u011funlu\u011fu Sosyal Demokrat olan Norrk\u00f6ping Belediye Meclisi <strong>20 Nisan 2015<\/strong> tarihinde an\u0131t dikme karar\u0131 al\u0131nca Norrk\u00f6ping\u2019de oturan Vatan Partisi \u00fcyesi <strong>Kenan G\u00fcndo\u011fdu<\/strong> mahkemeye ba\u015fvurarak karara itiraz etmi\u015ftir.\u00a0 G\u00fcndo\u011fdu,\u00a0 Belediye Ba\u015fkan\u0131 Lars Stjernkvist\u2019i ziyaret ederek tarihi ger\u00e7ekleri anlatm\u0131\u015f, Ermenistan\u2019\u0131n ilk Ba\u015fbakan\u0131\u00a0 Ovannes Ka\u00e7aznuni\u2019nin Ta\u015fnak Partisi\u2019nin Yapaca\u011f\u0131 Bir \u015eey Yok ve A. A. Lalayan\u2019\u0131n Ta\u015fnak Partisi\u2019nin Kar\u015f\u0131 Devrimci Rol\u00fc kitaplar\u0131n\u0131 \u00a0hediye etmi\u015ftir. Buna \u00a0ra\u011fmen Norrk\u00f6ping Belediyesi\u00a0 an\u0131t dikilmesi karar\u0131n\u0131 alm\u0131\u015ft\u0131r.<\/p>\n<p>Karar Norrk\u00f6ping \u0130dare Mahkemesi\u2019ne ta\u015f\u0131nm\u0131\u015f, Mahkeme Belediye\u2019nin Nisan 2015\u2019te alm\u0131\u015f oldu\u011fu an\u0131t dikme karar\u0131n\u0131 iptal etmi\u015ftir. Belediye karara Y\u00fcksek \u0130dare Mahkemesi\u2019nde (H\u00f6gsta F\u00f6rvaltningsdomstolen) itiraz etmi\u015ftir. Karar\u0131n incelenmeye al\u0131nmas\u0131 i\u00e7in, i\u00e7tihat a\u00e7\u0131s\u0131ndan bir \u00f6nemi olmas\u0131 gerekirken Y\u00fcksek \u0130dari Mahkeme (H\u00f6gsta F\u00f6rvaltningsdomstolen) karar\u0131 incelemeye\u00a0 almadan itiraz\u0131 reddetmi\u015ftir. B\u00f6ylece \u00a0karar kesinle\u015ferek \u00a0di\u011fer belediyeler i\u00e7in de ba\u011flay\u0131c\u0131 olmu\u015ftur. B\u00f6ylece A\u0130HM\u2019nin Perin\u00e7ek-\u0130svi\u00e7re Davas\u0131nda ald\u0131\u011f\u0131 karar, Avrupa\u2019da ba\u011flay\u0131c\u0131 i\u00e7tihat olarak uygulanmaya ba\u015flanm\u0131\u015ft\u0131r.<\/p>\n<p><strong>Perin\u00e7ek ve 28 Kas\u0131m 2017 tarihli\u00a0\u00a0 Mercan ve di\u011ferleri kararlar\u0131na (Affaire Mercan et Autres C. Suisse, Requ\u00eate No 18411\/11) ra\u011fmen\u00a0 s\u00f6zde Ermeni soyk\u0131r\u0131m\u0131n\u0131 kabul eden\u00a0 Avrupa \u00fclkelerinin\u00a0 parlamentolar\u0131n\u0131n\u00a0\u00a0 soyk\u0131r\u0131m kararlar\u0131n\u0131n geri al\u0131nmas\u0131 sa\u011flanmad\u0131\u011f\u0131 s\u00fcrece, di\u011fer \u00fclkelerin\u00a0 de Ermeni diasporas\u0131n\u0131n etkisiyle T\u00fcrkiye aleyhine karar almaya devam etmeleri\u00a0 ka\u00e7\u0131n\u0131lmazd\u0131r.\u00a0\u00a0 <\/strong><\/p>\n","protected":false},"excerpt":{"rendered":"<p>AB Bakan\u0131 \u00d6mer \u00c7elik Hollanda\u2019y\u0131 k\u0131narken Ermeni muhibbi Halil Berktay\u2019\u0131n TBMM Ba\u015fkan\u0131 \u0130smail Kahraman taraf\u0131ndan davet edilmesinin anlam\u0131 nedir? Prof. Karluk d\u00fcnya parlementolar\u0131na Ermeni n\u00fcfuzunu inceliyor.<\/p>\n","protected":false},"author":3,"featured_media":1394,"comment_status":"open","ping_status":"open","sticky":false,"template":"","format":"standard","meta":{"_ef_editorial_meta_date_first-draft-date":"","_ef_editorial_meta_paragraph_assignment":"","footnotes":"","_links_to":"","_links_to_target":""},"categories":[2,64,67],"tags":[],"coauthors":[6],"class_list":["post-1389","post","type-post","status-publish","format-standard","has-post-thumbnail","hentry","category-genel","category-kurumlar","category-tehditler"],"_links":{"self":[{"href":"https:\/\/millidusunce.com\/misak\/wp-json\/wp\/v2\/posts\/1389","targetHints":{"allow":["GET"]}}],"collection":[{"href":"https:\/\/millidusunce.com\/misak\/wp-json\/wp\/v2\/posts"}],"about":[{"href":"https:\/\/millidusunce.com\/misak\/wp-json\/wp\/v2\/types\/post"}],"author":[{"embeddable":true,"href":"https:\/\/millidusunce.com\/misak\/wp-json\/wp\/v2\/users\/3"}],"replies":[{"embeddable":true,"href":"https:\/\/millidusunce.com\/misak\/wp-json\/wp\/v2\/comments?post=1389"}],"version-history":[{"count":0,"href":"https:\/\/millidusunce.com\/misak\/wp-json\/wp\/v2\/posts\/1389\/revisions"}],"wp:featuredmedia":[{"embeddable":true,"href":"https:\/\/millidusunce.com\/misak\/wp-json\/wp\/v2\/media\/1394"}],"wp:attachment":[{"href":"https:\/\/millidusunce.com\/misak\/wp-json\/wp\/v2\/media?parent=1389"}],"wp:term":[{"taxonomy":"category","embeddable":true,"href":"https:\/\/millidusunce.com\/misak\/wp-json\/wp\/v2\/categories?post=1389"},{"taxonomy":"post_tag","embeddable":true,"href":"https:\/\/millidusunce.com\/misak\/wp-json\/wp\/v2\/tags?post=1389"},{"taxonomy":"author","embeddable":true,"href":"https:\/\/millidusunce.com\/misak\/wp-json\/wp\/v2\/coauthors?post=1389"}],"curies":[{"name":"wp","href":"https:\/\/api.w.org\/{rel}","templated":true}]}}