{"id":14343,"date":"2021-11-23T19:00:00","date_gmt":"2021-11-23T16:00:00","guid":{"rendered":"https:\/\/millidusunce.com\/misak\/?p=14343&#038;preview=true&#038;preview_id=14343"},"modified":"2021-11-23T11:51:55","modified_gmt":"2021-11-23T08:51:55","slug":"temelsiz-bilim","status":"publish","type":"post","link":"https:\/\/millidusunce.com\/misak\/temelsiz-bilim\/","title":{"rendered":"Temelsiz bilim"},"content":{"rendered":"<h2>Bilimler hiyerar\u015fisinin anaforuna kap\u0131lmak<\/h2>\n<p>Elimde de\u011fil, hayat\u0131m boyunca merak etmekten ve &#8220;daha do\u011frusu&#8221; aray\u0131\u015f\u0131ndan kendimi kurtaramad\u0131m. D\u00f6nem d\u00f6nem &#8220;do\u011fru&#8221; sand\u0131klar\u0131m\u0131, daha sonra &#8220;daha do\u011fru&#8221; sand\u0131klar\u0131mla de\u011fi\u015ftirdim. Her de\u011fi\u015fim, aray\u0131\u015f motivasyonumu daha da kam\u00e7\u0131lad\u0131.<\/p>\n<p>Zamanla (konu ne olursa olsun) insan denen varl\u0131\u011f\u0131 -iyice- tan\u0131man\u0131n \u00f6n \u015fart oldu\u011fu kan\u0131s\u0131na vard\u0131m. Neyse ki, doktor olmam nedeniyle -bu anlamda- k\u0131smen avantajl\u0131yd\u0131m. Ancak insan\u0131 lay\u0131k\u0131yla anlayabilmek istiyorsam, canl\u0131lar d\u00fcnyas\u0131n\u0131 anlamam gerekti\u011fini fark etmem i\u00e7in uzun s\u00fcre ge\u00e7mesi gerekmedi.<\/p>\n<p>Canl\u0131lar\u0131 daha iyi anlayabilme \u00e7abas\u0131 ise, beni \u00f6nce kimya, sonra fizi\u011fe g\u00f6t\u00fcrd\u00fc. Zaman\u0131nda y\u00fcksek notlar alan bir \u00f6\u011frenci olmama ra\u011fmen, kimya ve fizi\u011fi &#8220;anlamaktan&#8221; \u00e7ok, ezberledi\u011fimi fark edip, yeniden temel bilimlere y\u00f6neldim.<\/p>\n<p><img loading=\"lazy\" class=\"wp-image-14348 aligncenter\" src=\"https:\/\/millidusunce.com\/misak\/wp-content\/uploads\/2021\/11\/bilim-hiyerarsi.png\" alt=\"\" width=\"589\" height=\"459\" srcset=\"https:\/\/millidusunce.com\/misak\/wp-content\/uploads\/2021\/11\/bilim-hiyerarsi.png 950w, https:\/\/millidusunce.com\/misak\/wp-content\/uploads\/2021\/11\/bilim-hiyerarsi-300x234.png 300w, https:\/\/millidusunce.com\/misak\/wp-content\/uploads\/2021\/11\/bilim-hiyerarsi-150x117.png 150w, https:\/\/millidusunce.com\/misak\/wp-content\/uploads\/2021\/11\/bilim-hiyerarsi-768x598.png 768w\" sizes=\"(max-width: 589px) 100vw, 589px\" \/><\/p>\n<p>Bu \u00e7abalar\u0131m s\u0131ras\u0131nda, bir zamanlar (burnumuzun dibinde bunca sorun varken \u201cY\u0131ld\u0131z aray\u0131p g\u00f6kte nice turfa m\u00fcneccim, Gaflet ile g\u00f6rmez kuyuyu reh-g\u00fcz\u00e2rinde!\u201d diyen Ziya Pa\u015fa\u2019ya hak verip) uzak evren ve uzak zamanlara mesafeli dururken, kendimi kozmolojinin i\u00e7inde buluverdim.<\/p>\n<p>\u0130yi de oldu. Big Bang\u2019in (yani B\u00fcy\u00fck Patlama\u2019n\u0131n), galaksileri, gezegenleri ortaya \u00e7\u0131karman\u0131n \u00f6tesinde (ve ondan daha \u00e7ok), -a\u015fkla pe\u015finden ko\u015ftu\u011fum- bilginin kayna\u011f\u0131 oldu\u011funu g\u00f6rd\u00fcm. O, atom alt\u0131 par\u00e7ac\u0131klardan devasa g\u00f6k adalara, maddeden enerjiye kadar her \u00f6l\u00e7ekteki varl\u0131\u011f\u0131n, uzay ve zaman\u0131n ve t\u00fcm do\u011fa yasalar\u0131n\u0131n ba\u015flad\u0131\u011f\u0131 yerdi.<\/p>\n<p>Kafamdaki karma\u015f\u0131k sorunlar yuma\u011f\u0131n\u0131 \u00e7\u00f6zmeye yetmese de, ipin ucunu yakalayabildi\u011fim hissi, benim i\u00e7in heyecan verici bir deneyim oldu.<\/p>\n<h2>Uygulamac\u0131 bilimlere \u00f6ncelik, haz\u0131rdan yemek gibidir<\/h2>\n<p>Yaz\u0131dan as\u0131l amac\u0131m, zihinsel ser\u00fcvenimi payla\u015fmak de\u011fil. Amac\u0131m; bu yolculu\u011fun sonunda -daha fazla\u2013 fark\u0131na vard\u0131\u011f\u0131m, sa\u011flam temel bilimlere dayanmayan her d\u00fc\u015f\u00fcncenin i\u011fretili\u011fini vurgulamak ve bilimlerin hiyerar\u015fisine daha fazla sayg\u0131 duymaya davettir\u2026<\/p>\n<p>Hangi alanda olursa olsun, temel bilimleri yeterince kavramayan birinde, bir \u015feylerin eksik kalaca\u011f\u0131na inan\u0131yorum. Asl\u0131nda temel bilimler, ad\u0131yla uyumlu \u015fekilde, uygulamac\u0131 bilimlerin de temelidir. Ancak o temel sayesinde, insanl\u0131\u011f\u0131n yarar\u0131na pratik ve teknolojiler geli\u015ftirilebilir; ya\u015fam\u0131 kolayla\u015ft\u0131racak mal ve hizmetler \u00fcretilebilir. Temel bilimleri a\u011faca, uygulamac\u0131 bilimleri o a\u011fac\u0131n meyvelerine benzetebiliriz. A\u011fa\u00e7 yoksa ve\/veya yeni meyveler vermiyorsa meyve yiyemezsiniz!<\/p>\n<p>Demem o ki, <em>temel bilimler&gt; uygulamac\u0131 bilimler&gt; \u0130nsanl\u0131\u011f\u0131n yarar\u0131na mal ve hizmetler,<\/em> \u015feklindeki dizgenin kesintisiz s\u00fcrebilmesi i\u00e7in, olmazsa olmaz temel bilimlerdeki geli\u015fimin s\u00fcrmesidir.<\/p>\n<p><img loading=\"lazy\" class=\" wp-image-14349 aligncenter\" src=\"https:\/\/millidusunce.com\/misak\/wp-content\/uploads\/2021\/11\/bilimler.png\" alt=\"\" width=\"720\" height=\"310\" srcset=\"https:\/\/millidusunce.com\/misak\/wp-content\/uploads\/2021\/11\/bilimler.png 769w, https:\/\/millidusunce.com\/misak\/wp-content\/uploads\/2021\/11\/bilimler-300x129.png 300w, https:\/\/millidusunce.com\/misak\/wp-content\/uploads\/2021\/11\/bilimler-150x65.png 150w\" sizes=\"(max-width: 720px) 100vw, 720px\" \/><\/p>\n<p>\u0130lk bak\u0131\u015fta sorun yok gibidir: G\u00fcn\u00fcm\u00fczde, teknoloji ve hizmetlerdeki ilerlemeler ivmelenerek s\u00fcrmekte ve ya\u015fam\u0131m\u0131z\u0131 \u00e2deta her y\u0131l d\u00f6n\u00fc\u015ft\u00fcrmektedir. Ne var ki, bu ilerleme ve inan\u0131lmaz de\u011fi\u015fimi, \u00e7ok b\u00fcy\u00fck \u00f6l\u00e7\u00fcde uygulamac\u0131 bilimlere bor\u00e7luyuz. Temel bilimlerse bu h\u0131zl\u0131 geli\u015fime ayak uydurmaktan uzakt\u0131r.<\/p>\n<p>Bu uyumsuzlu\u011fun gerisinde, bir par\u00e7a \u2018miyopi\u2019 (yahut uza\u011f\u0131 g\u00f6rememe) ama daha \u00e7ok &#8220;bencillik&#8221; vard\u0131r: Birileri toplumun &#8220;uzun d\u00f6nem&#8221; \u00e7\u0131karlar\u0131n\u0131, sonucunu hemen alabilecekleri &#8220;k\u0131sa d\u00f6nem&#8221; \u00e7\u0131karlar\u0131na kurban etmekte bir sak\u0131nca g\u00f6rmemektedirler.<\/p>\n<p>Bunlardan ilki siyasilerdir: Onlar i\u00e7in \u00f6nemli olan iktidar d\u00f6nemleri ve bir sonraki se\u00e7imlerdir.<\/p>\n<p>Di\u011feri giri\u015fimcilerdir: Onlar\u0131n motivasyonu, en az yat\u0131r\u0131mla, en k\u0131sa zamanda, en y\u00fcksek k\u00e2r\u0131 elde edebilmektir.<\/p>\n<p>D\u00fcnyay\u0131 ve \u00fclkeleri y\u00f6netme g\u00fcc\u00fc b\u00fcy\u00fck \u00f6l\u00e7\u00fcde bu iki grubun elindedir ve -genellikle- uyum i\u00e7inde el eledirler.<\/p>\n<p>Sonu\u00e7 verip vermeyece\u011fi belirsiz, verse bile ne zaman verece\u011fi belli olmayan temel bilimlere yat\u0131r\u0131m yapmaktansa (a\u011fa\u00e7 dikmektense), halihaz\u0131rdaki temel bilimlerin yard\u0131m\u0131yla h\u0131zla \u00fcr\u00fcn ve hizmete d\u00f6n\u00fc\u015ft\u00fcr\u00fclebilecek uygulamac\u0131 bilimlere yat\u0131r\u0131m\u0131 (mevcut meyveleri toplamay\u0131) ye\u011flerler.<\/p>\n<p>Alabildi\u011fine t\u00fckettirmeye dayal\u0131 kapitalist ekonominin d\u00fcnyay\u0131 k\u00fcresel bir pazara d\u00f6n\u00fc\u015ft\u00fcrmeyi ba\u015fard\u0131\u011f\u0131 20. y\u00fczy\u0131l\u0131n ikinci yar\u0131s\u0131ndan sonra bu e\u011filimin g\u00fc\u00e7 kazand\u0131\u011f\u0131n\u0131 g\u00f6r\u00fcyoruz. Ger\u00e7ekten de temel bilimlerin en parlak zaman\u0131n\u0131n 19. y\u00fczy\u0131l sonlar\u0131yla 20. y\u00fczy\u0131l ba\u015flar\u0131 oldu\u011fu s\u00f6ylenebilir.<\/p>\n<p><img loading=\"lazy\" class=\"wp-image-14347 aligncenter\" src=\"https:\/\/millidusunce.com\/misak\/wp-content\/uploads\/2021\/11\/bilim-adamlari.jpg\" alt=\"\" width=\"844\" height=\"422\" srcset=\"https:\/\/millidusunce.com\/misak\/wp-content\/uploads\/2021\/11\/bilim-adamlari.jpg 564w, https:\/\/millidusunce.com\/misak\/wp-content\/uploads\/2021\/11\/bilim-adamlari-300x150.jpg 300w, https:\/\/millidusunce.com\/misak\/wp-content\/uploads\/2021\/11\/bilim-adamlari-150x75.jpg 150w\" sizes=\"(max-width: 844px) 100vw, 844px\" \/><\/p>\n<p>Her \u00fc\u00e7 y\u0131lda bir d\u00fczenlenen ve fizik ve kimya alanlar\u0131nda \u00e7\u00f6z\u00fcmlenememi\u015f konular\u0131n tart\u0131\u015f\u0131ld\u0131\u011f\u0131 Solvay konferanslar\u0131n\u0131n kat\u0131l\u0131mc\u0131lar\u0131 ve ortaya \u00e7\u0131kan fikirler, temel bilimlerin gidi\u015fat\u0131n\u0131n g\u00f6stergesi gibidir: Yaz\u0131yla birlikte payla\u015ft\u0131\u011f\u0131m 1927\u2019deki konferans\u0131n kat\u0131l\u0131mc\u0131lar\u0131 i\u015faretlenmi\u015f resmine dikkatle bak\u0131n\u0131z. (Resimdekileri tan\u0131mayanlar i\u00e7in bir rehber: <a href=\"https:\/\/www.worldscientific.com\/worldscibooks\/10.1142\/4454\">The Golden Age of Theoretical Physics<\/a>. Daha sonraki konferanslar\u0131n hi\u00e7birinde, (g\u00fcn\u00fcm\u00fcz temel bilimlerinin ge\u00e7erli savlar\u0131na damga vuran) bu kadar \u00e7ok say\u0131da d\u00e2hiyi bir arada g\u00f6remedik. Ac\u0131 ger\u00e7ek; insanl\u0131\u011f\u0131n o g\u00fcnden bug\u00fcne temel bilimlerde \u00e7ok az mesafe kat edebildi\u011fidir.<\/p>\n<p>O d\u00f6nemde bilginin \u015firket duvarlar\u0131 ve s\u0131n\u0131rlar\u0131n arkas\u0131na saklanmad\u0131\u011f\u0131n\u0131, aralar\u0131nda tatl\u0131 rekabet ve \u00e7eki\u015fmeler olsa da, bilim insanlar\u0131n\u0131n dost\u00e7a yan yana gelip fikir al\u0131\u015fveri\u015fi yapt\u0131klar\u0131n\u0131, b\u00f6ylelikle daha h\u0131zl\u0131 yol kat ettiklerini de not etmek gerekir.<\/p>\n<h2>Ger\u00e7ekten \u201cilim en hakiki m\u00fcr\u015fit\u201d mi?<\/h2>\n<p>Temel bilimlerin durumu \u00fclkemizde daha da k\u00f6t\u00fcd\u00fcr. \u00dclkede itibar, -doktorluk ve m\u00fchendislik gibi- uygulamal\u0131 alanlarad\u0131r.<\/p>\n<p>Az geli\u015fmi\u015f veya (kula\u011fa daha ho\u015f gelen ifadeyle) &#8220;geli\u015fmekte olan&#8221; bir \u00fclke olarak, k\u0131t kaynaklar\u0131m\u0131z\u0131 temel bilimleri geli\u015ftirmek yerine uygulamac\u0131 bilimlere y\u00f6nlendirmek bir par\u00e7a mazur g\u00f6r\u00fclebilir.<\/p>\n<p>Ama temel bilimlerin h\u00e2lihaz\u0131r haline de hak etti\u011fi de\u011feri vermeyi\u015fin savunulacak taraf\u0131 yoktur. Temel bilimler, d\u00fc\u015f\u00fck puan alan \u00f6\u011frencilerin, -hi\u00e7 olmazsa- \u00f6\u011fretmen olabilme umuduyla, se\u00e7tikleri aland\u0131r. Temel bilim e\u011fitimi alanlar\u0131n \u00f6\u011fretmenlik d\u0131\u015f\u0131nda istihdam\u0131n\u0131n olmay\u0131\u015f\u0131 vahimdir. Evrim y\u00fcz\u00fcnden biyolojiye \u00e2deta sava\u015f a\u00e7\u0131lm\u0131\u015f gibidir: Ders saatleri budanm\u0131\u015f, T\u00dcB\u0130TAK ge\u00e7mi\u015fte bas\u0131lan evrim konulu kitaplar\u0131 has\u0131ralt\u0131 etmi\u015ftir.<\/p>\n<p>Ho\u015f, \u201cBilime de\u011fer veriyor muyuz ki, temel bilimlere de\u011fer verilmeyi\u015finden yak\u0131n\u0131yorsun?\u201d dedi\u011finizi duyar gibiyim. Art\u0131k bilimin, &#8220;m\u00fcr\u015fitli\u011fini&#8221; duvar vecizesi olarak g\u00f6rebilmek bile bir mucize!<\/p>\n","protected":false},"excerpt":{"rendered":"<p>G\u00fcnl\u00fck ya\u015fam\u0131m\u0131z\u0131 do\u011frudan etkileyen teknoloji, ekonomi ve siyaset gibi konular; daha \u00e7ok ilgi g\u00f6r\u00fcr, tart\u0131\u015f\u0131l\u0131r. Oysa bunlar\u0131n g\u00fc\u00e7 ald\u0131\u011f\u0131 temel bilimler, hak etti\u011fi \u00f6nemi g\u00f6rmemektedir. Bunun nedeni; k\u0131sa d\u00f6nem \u00e7\u0131karlar\u0131n\u0131, toplumun uzun d\u00f6nem \u00e7\u0131karlar\u0131 \u00f6n\u00fcne koyan siyaset\u00e7i ve giri\u015fimcilerdir.<\/p>\n","protected":false},"author":59,"featured_media":14350,"comment_status":"open","ping_status":"open","sticky":false,"template":"","format":"standard","meta":{"_links_to":"","_links_to_target":""},"categories":[60,62],"tags":[301,2077,2078,2075,2076],"yoast_head":"<!-- This site is optimized with the Yoast SEO plugin v16.0.2 - https:\/\/yoast.com\/wordpress\/plugins\/seo\/ -->\n<title>Temelsiz bilim - M\u0130SAK- Mill\u00ee Strateji Ara\u015ft\u0131rma Kurulu<\/title>\n<meta name=\"description\" content=\"1927\u2019deki konferans\u0131n kat\u0131l\u0131mc\u0131lar\u0131 i\u015faretlenmi\u015f resmine dikkatle bak\u0131n\u0131z. The Golden Age of Theoretical Physics. Daha sonraki konferanslar\u0131n hi\u00e7birinde, bu kadar \u00e7ok say\u0131da d\u00e2hiyi bir arada g\u00f6remedik. Ac\u0131 ger\u00e7ek; insanl\u0131\u011f\u0131n o g\u00fcnden bug\u00fcne temel bilimlerde \u00e7ok az mesafe kat edebildi\u011fidir.\" \/>\n<link rel=\"canonical\" href=\"https:\/\/millidusunce.com\/misak\/temelsiz-bilim\/\" \/>\n<meta property=\"og:locale\" content=\"tr_TR\" \/>\n<meta property=\"og:type\" content=\"article\" \/>\n<meta property=\"og:title\" content=\"Temelsiz bilim - M\u0130SAK- Mill\u00ee Strateji Ara\u015ft\u0131rma Kurulu\" \/>\n<meta property=\"og:description\" content=\"1927\u2019deki konferans\u0131n kat\u0131l\u0131mc\u0131lar\u0131 i\u015faretlenmi\u015f resmine dikkatle bak\u0131n\u0131z. The Golden Age of Theoretical Physics. Daha sonraki konferanslar\u0131n hi\u00e7birinde, bu kadar \u00e7ok say\u0131da d\u00e2hiyi bir arada g\u00f6remedik. Ac\u0131 ger\u00e7ek; insanl\u0131\u011f\u0131n o g\u00fcnden bug\u00fcne temel bilimlerde \u00e7ok az mesafe kat edebildi\u011fidir.\" \/>\n<meta property=\"og:url\" content=\"https:\/\/millidusunce.com\/misak\/temelsiz-bilim\/\" \/>\n<meta property=\"og:site_name\" content=\"M\u0130SAK- Mill\u00ee Strateji Ara\u015ft\u0131rma Kurulu\" \/>\n<meta property=\"article:published_time\" content=\"2021-11-23T16:00:00+00:00\" \/>\n<meta property=\"article:modified_time\" content=\"2021-11-23T08:51:55+00:00\" \/>\n<meta property=\"og:image\" content=\"https:\/\/millidusunce.com\/misak\/wp-content\/uploads\/2021\/11\/bilim-adamlari.png\" \/>\n\t<meta property=\"og:image:width\" content=\"564\" \/>\n\t<meta property=\"og:image:height\" content=\"282\" \/>\n<meta name=\"twitter:card\" content=\"summary_large_image\" \/>\n<meta name=\"twitter:label1\" content=\"Tahmini okuma s\u00fcresi\">\n\t<meta name=\"twitter:data1\" content=\"4 dakika\">\n<script type=\"application\/ld+json\" class=\"yoast-schema-graph\">{\"@context\":\"https:\/\/schema.org\",\"@graph\":[{\"@type\":\"Organization\",\"@id\":\"https:\/\/millidusunce.com\/misak\/#organization\",\"name\":\"Mill\\u00ee D\\u00fc\\u015f\\u00fcnce Merkezi\",\"url\":\"https:\/\/millidusunce.com\/misak\/\",\"sameAs\":[],\"logo\":{\"@type\":\"ImageObject\",\"@id\":\"https:\/\/millidusunce.com\/misak\/#logo\",\"inLanguage\":\"tr\",\"url\":\"https:\/\/millidusunce.com\/misak\/wp-content\/uploads\/2018\/09\/mdmLogo-yazisiz.jpg\",\"width\":422,\"height\":422,\"caption\":\"Mill\\u00ee D\\u00fc\\u015f\\u00fcnce Merkezi\"},\"image\":{\"@id\":\"https:\/\/millidusunce.com\/misak\/#logo\"}},{\"@type\":\"WebSite\",\"@id\":\"https:\/\/millidusunce.com\/misak\/#website\",\"url\":\"https:\/\/millidusunce.com\/misak\/\",\"name\":\"M\\u0130SAK- Mill\\u00ee Strateji Ara\\u015ft\\u0131rma Kurulu\",\"description\":\"D\\u00fcnyaya T\\u00fcrk\\u00e7\\u00fc Bak\\u0131\\u015f\",\"publisher\":{\"@id\":\"https:\/\/millidusunce.com\/misak\/#organization\"},\"potentialAction\":[{\"@type\":\"SearchAction\",\"target\":\"https:\/\/millidusunce.com\/misak\/?s={search_term_string}\",\"query-input\":\"required name=search_term_string\"}],\"inLanguage\":\"tr\"},{\"@type\":\"ImageObject\",\"@id\":\"https:\/\/millidusunce.com\/misak\/temelsiz-bilim\/#primaryimage\",\"inLanguage\":\"tr\",\"url\":\"https:\/\/millidusunce.com\/misak\/wp-content\/uploads\/2021\/11\/bilim-adamlari.png\",\"width\":564,\"height\":282},{\"@type\":\"WebPage\",\"@id\":\"https:\/\/millidusunce.com\/misak\/temelsiz-bilim\/#webpage\",\"url\":\"https:\/\/millidusunce.com\/misak\/temelsiz-bilim\/\",\"name\":\"Temelsiz bilim - M\\u0130SAK- Mill\\u00ee Strateji Ara\\u015ft\\u0131rma Kurulu\",\"isPartOf\":{\"@id\":\"https:\/\/millidusunce.com\/misak\/#website\"},\"primaryImageOfPage\":{\"@id\":\"https:\/\/millidusunce.com\/misak\/temelsiz-bilim\/#primaryimage\"},\"datePublished\":\"2021-11-23T16:00:00+00:00\",\"dateModified\":\"2021-11-23T08:51:55+00:00\",\"description\":\"1927\\u2019deki konferans\\u0131n kat\\u0131l\\u0131mc\\u0131lar\\u0131 i\\u015faretlenmi\\u015f resmine dikkatle bak\\u0131n\\u0131z. The Golden Age of Theoretical Physics. Daha sonraki konferanslar\\u0131n hi\\u00e7birinde, bu kadar \\u00e7ok say\\u0131da d\\u00e2hiyi bir arada g\\u00f6remedik. Ac\\u0131 ger\\u00e7ek; insanl\\u0131\\u011f\\u0131n o g\\u00fcnden bug\\u00fcne temel bilimlerde \\u00e7ok az mesafe kat edebildi\\u011fidir.\",\"breadcrumb\":{\"@id\":\"https:\/\/millidusunce.com\/misak\/temelsiz-bilim\/#breadcrumb\"},\"inLanguage\":\"tr\",\"potentialAction\":[{\"@type\":\"ReadAction\",\"target\":[\"https:\/\/millidusunce.com\/misak\/temelsiz-bilim\/\"]}]},{\"@type\":\"BreadcrumbList\",\"@id\":\"https:\/\/millidusunce.com\/misak\/temelsiz-bilim\/#breadcrumb\",\"itemListElement\":[{\"@type\":\"ListItem\",\"position\":1,\"item\":{\"@type\":\"WebPage\",\"@id\":\"https:\/\/millidusunce.com\/misak\/\",\"url\":\"https:\/\/millidusunce.com\/misak\/\",\"name\":\"Anasayfa\"}},{\"@type\":\"ListItem\",\"position\":2,\"item\":{\"@type\":\"WebPage\",\"@id\":\"https:\/\/millidusunce.com\/misak\/temelsiz-bilim\/\",\"url\":\"https:\/\/millidusunce.com\/misak\/temelsiz-bilim\/\",\"name\":\"Temelsiz bilim\"}}]},{\"@type\":\"Article\",\"@id\":\"https:\/\/millidusunce.com\/misak\/temelsiz-bilim\/#article\",\"isPartOf\":{\"@id\":\"https:\/\/millidusunce.com\/misak\/temelsiz-bilim\/#webpage\"},\"author\":{\"@id\":\"https:\/\/millidusunce.com\/misak\/#\/schema\/person\/5a69c77cb9850ad39c1cc7010e968280\"},\"headline\":\"Temelsiz bilim\",\"datePublished\":\"2021-11-23T16:00:00+00:00\",\"dateModified\":\"2021-11-23T08:51:55+00:00\",\"mainEntityOfPage\":{\"@id\":\"https:\/\/millidusunce.com\/misak\/temelsiz-bilim\/#webpage\"},\"commentCount\":2,\"publisher\":{\"@id\":\"https:\/\/millidusunce.com\/misak\/#organization\"},\"image\":{\"@id\":\"https:\/\/millidusunce.com\/misak\/temelsiz-bilim\/#primaryimage\"},\"keywords\":\"bilim,bilimler hiyerar\\u015fisi,Solvay konferanslar\\u0131,temel bilimler,uygulamal\\u0131 bilimler\",\"articleSection\":\"B\\u0130L\\u0130M-TEKNOLOJ\\u0130,E\\u011e\\u0130T\\u0130M-K\\u00dcLT\\u00dcR\",\"inLanguage\":\"tr\",\"potentialAction\":[{\"@type\":\"CommentAction\",\"name\":\"Comment\",\"target\":[\"https:\/\/millidusunce.com\/misak\/temelsiz-bilim\/#respond\"]}]},{\"@type\":\"Person\",\"@id\":\"https:\/\/millidusunce.com\/misak\/#\/schema\/person\/5a69c77cb9850ad39c1cc7010e968280\",\"name\":\"\\u00d6mer D\\u00f6nderici\",\"image\":{\"@type\":\"ImageObject\",\"@id\":\"https:\/\/millidusunce.com\/misak\/#personlogo\",\"inLanguage\":\"tr\",\"url\":\"https:\/\/secure.gravatar.com\/avatar\/64244dd9724efdbec427dbc2b9648629?s=96&d=mm&r=g\",\"caption\":\"\\u00d6mer D\\u00f6nderici\"},\"description\":\"1971\\u2019de girdi\\u011fi Ankara \\u00dcniversitesi T\\u0131p Fak\\u00fcltesi\\u2019nde bir grup arkada\\u015f\\u0131yla birlikte 4 kitapla s\\u0131n\\u0131rl\\u0131 K\\u00f6men Yay\\u0131nevini kurdu; \\u00d6nc\\u00fc adl\\u0131 ayl\\u0131k dergiyi \\u00e7\\u0131kard\\u0131. 1977 Ankara \\u00dcniversitesi T\\u0131p Fak\\u00fcltesi\\u2019ni bitirip 1984\\u2019te \\u0130\\u00e7 Hastal\\u0131klar\\u0131, 1991\\u2019de Gastroenteroloji uzman\\u0131 oldu. 1984-89\\u2019da Sinop Devlet Hastanesi\\u2019nde, 1989-91\\u2019de Ankara \\u00dcniversitesi T\\u0131p Fak\\u00fcltesi\\u2019nde, 1991-93\\u2019te Ankara Numune Hastanesi\\u2019nde \\u00e7al\\u0131\\u015ft\\u0131. 1993\\u2019te \\u00d6zel Sevgi Hastanesi\\u2019nin kurucular\\u0131 aras\\u0131nda yer ald\\u0131. 1995\\u2019te Sevgi E\\u011fitim ve Bilgi Teknolojileri (SEB\\u0130T)\\u2019in kurulu\\u015funda g\\u00f6rev ald\\u0131 ve y\\u00f6netim kurulu ba\\u015fkanl\\u0131\\u011f\\u0131 yapt\\u0131. 1999\\u2019da Aile Doktorlu\\u011fu Sa\\u011fl\\u0131k Hizmetleri (Dr Pozitif) kurucular\\u0131 aras\\u0131nda yer ald\\u0131. 2001\\u2019de Datasel Bilgi Sistemleri\\u2019nde dan\\u0131\\u015fmanl\\u0131k ve genel m\\u00fcd\\u00fcrl\\u00fck yapt\\u0131. 2002-2014\\u2019te Ankara E\\u011fitim ve Ara\\u015ft\\u0131rma Hastanesi\\u2019nde E\\u011fitim G\\u00f6revlisi ve E\\u011fitim Sorumlusu olarak \\u00e7al\\u0131\\u015ft\\u0131. 2014\\u2019te emekli oldu. 12\\u2019si yurt d\\u0131\\u015f\\u0131 dergilerde yay\\u0131mlanm\\u0131\\u015f, toplam 86 at\\u0131f alm\\u0131\\u015f yurt d\\u0131\\u015f\\u0131, 35 yurt i\\u00e7i t\\u0131bb\\u00ee makalesi, iki kitap b\\u00f6l\\u00fcm\\u00fc bulunmaktad\\u0131r. Dr Pozitif adl\\u0131 sa\\u011fl\\u0131kla ilgili yaz\\u0131lar\\u0131n\\u0131 i\\u00e7eren bir site ile Aray\\u0131\\u015f adl\\u0131 ki\\u015fisel blo\\u011fu vard\\u0131r.\"}]}<\/script>\n<!-- \/ Yoast SEO plugin. -->","_links":{"self":[{"href":"https:\/\/millidusunce.com\/misak\/wp-json\/wp\/v2\/posts\/14343"}],"collection":[{"href":"https:\/\/millidusunce.com\/misak\/wp-json\/wp\/v2\/posts"}],"about":[{"href":"https:\/\/millidusunce.com\/misak\/wp-json\/wp\/v2\/types\/post"}],"author":[{"embeddable":true,"href":"https:\/\/millidusunce.com\/misak\/wp-json\/wp\/v2\/users\/59"}],"replies":[{"embeddable":true,"href":"https:\/\/millidusunce.com\/misak\/wp-json\/wp\/v2\/comments?post=14343"}],"version-history":[{"count":6,"href":"https:\/\/millidusunce.com\/misak\/wp-json\/wp\/v2\/posts\/14343\/revisions"}],"predecessor-version":[{"id":14353,"href":"https:\/\/millidusunce.com\/misak\/wp-json\/wp\/v2\/posts\/14343\/revisions\/14353"}],"wp:featuredmedia":[{"embeddable":true,"href":"https:\/\/millidusunce.com\/misak\/wp-json\/wp\/v2\/media\/14350"}],"wp:attachment":[{"href":"https:\/\/millidusunce.com\/misak\/wp-json\/wp\/v2\/media?parent=14343"}],"wp:term":[{"taxonomy":"category","embeddable":true,"href":"https:\/\/millidusunce.com\/misak\/wp-json\/wp\/v2\/categories?post=14343"},{"taxonomy":"post_tag","embeddable":true,"href":"https:\/\/millidusunce.com\/misak\/wp-json\/wp\/v2\/tags?post=14343"}],"curies":[{"name":"wp","href":"https:\/\/api.w.org\/{rel}","templated":true}]}}