{"id":15367,"date":"2022-04-08T19:00:00","date_gmt":"2022-04-08T16:00:00","guid":{"rendered":"https:\/\/millidusunce.com\/misak\/?p=15367&#038;preview=true&#038;preview_id=15367"},"modified":"2022-04-09T01:21:03","modified_gmt":"2022-04-08T22:21:03","slug":"kirim-turklerinin-lideri-kirimoglu-nobel-baris-odulune-aday","status":"publish","type":"post","link":"https:\/\/millidusunce.com\/misak\/kirim-turklerinin-lideri-kirimoglu-nobel-baris-odulune-aday\/","title":{"rendered":"K\u0131r\u0131m T\u00fcrklerinin Lideri K\u0131r\u0131mo\u011flu Nobel Bar\u0131\u015f \u00d6d\u00fcl\u00fc&#8217;ne aday"},"content":{"rendered":"<p>\u0130Y\u0130 Parti Grup Ba\u015fkan\u0131 Prof. Dr. \u0130smail Tatl\u0131o\u011flu ve \u0130Y\u0130 Parti Grup Ba\u015fkanvekilleri M\u00fcsavat Dervi\u015fo\u011flu ile Erhan Usta, TBMM Ba\u015fkan\u0131 \u00a0\u015eentop&#8217;u ziyaret ederek &#8220;<em>D\u00fcnya T\u00fcrkl\u00fc\u011f\u00fcn\u00fcn \u00f6nemli ismi ve K\u0131r\u0131m Tatar T\u00fcrk halk\u0131n\u0131n mill\u00ee lideri Mustafa Abd\u00fclcemil K\u0131r\u0131mo\u011flu<\/em>&#8220;nun Nobel Bar\u0131\u015f \u00d6d\u00fcl\u00fc&#8217;ne aday g\u00f6sterilmesi \u00a0i\u00e7in giri\u015fim ba\u015flatt\u0131.<\/p>\n<p><img loading=\"lazy\" decoding=\"async\" class=\"alignnone size-full wp-image-15370\" src=\"https:\/\/millidusunce.com\/misak\/wp-content\/uploads\/2022\/04\/1.png\" alt=\"\" width=\"641\" height=\"380\" srcset=\"https:\/\/millidusunce.com\/misak\/wp-content\/uploads\/2022\/04\/1.png 641w, https:\/\/millidusunce.com\/misak\/wp-content\/uploads\/2022\/04\/1-300x178.png 300w, https:\/\/millidusunce.com\/misak\/wp-content\/uploads\/2022\/04\/1-150x89.png 150w\" sizes=\"auto, (max-width: 641px) 100vw, 641px\" \/><\/p>\n<p>\u00d6mr\u00fcn\u00fc insan haklar\u0131 m\u00fccadelesine adayan, K\u0131r\u0131m Tatar Mill\u00ee Meclisi eski Ba\u015fkan\u0131 ve Ukrayna Parlamentosu Milletvekili <em>Mustafa Abd\u00fclcemil <\/em>K\u0131r\u0131mo\u011flu&#8217;na 2014 y\u0131l\u0131nda T\u00fcrkiye Cumhuriyeti Cumhuriyet Ni\u015fan\u0131 verildi\u011fini belirten \u0130Y\u0130 Parti Heyeti, K\u0131r\u0131mo\u011flu&#8217;nun Nobel Bar\u0131\u015f \u00d6d\u00fcl\u00fc&#8217;ne aday g\u00f6sterilmesini \u00f6nermi\u015ftir. B\u00f6ylece, i\u015fgale direnen K\u0131r\u0131m T\u00fcrklerine de umut olaca\u011f\u0131 vurgulanm\u0131\u015ft\u0131r.<\/p>\n<p>Say\u0131n K\u0131r\u0131mo\u011flu 1998&#8217;den bu yana Ukrayna Y\u00fcksek \u015euras\u0131 \u00fcyesidir. 1991&#8217;den 2013&#8217;e kadar\u00a0K\u0131r\u0131m Tatar Mill\u00ee Meclisi\u2019nde ba\u015fkanl\u0131k yapm\u0131\u015f, 2009, 2011 ve 2015 y\u0131llar\u0131nda da <a href=\"https:\/\/old.qha.com.ua\/tr\/siyaset\/kirimoglu-na-turkiye-de-cumhuriyet-nisani-verilmesi-teklifi\/130021\/\">Nobel Bar\u0131\u015f \u00d6d\u00fcl\u00fc\u2019ne aday g\u00f6sterilmi\u015ftir.<\/a><\/p>\n<p>21 Kas\u0131m 2013 tarihinde K\u0131r\u0131mo\u011flu\u2019na <em>\u201cT\u00fcrkiye Cumhuriyeti Cumhuriyet Ni\u015fan\u0131\u201d<\/em> verilmesini \u00f6nerdim. Bu konuda daha \u00f6nce hi\u00e7bir giri\u015fim yap\u0131lmamas\u0131n\u0131 da o d\u00f6nemde ele\u015ftirdim.\u00a0 K\u0131r\u0131m Haber Ajans\u0131\u2019n\u0131n bu konudaki haberi a\u015fa\u011f\u0131dad\u0131r.<em><br \/>\n\u201cAnadolu \u00dcniversitesi \u00f6\u011fretim \u00fcyesi Prof. Dr. R\u0131dvan Karluk, Sakarya gazetesindeki 18 Kas\u0131m tarihli yaz\u0131s\u0131nda K\u0131r\u0131m Tatarlar\u0131n\u0131n lideri Mustafa A. K\u0131r\u0131mo\u011flu\u2019na T\u00fcrkiye Cumhuriyeti Cumhuriyet Ni\u015fan\u0131 verilmesi fikrini ortaya koydu.<\/em><em> Prof. Dr. R\u0131dvan Karluk, 2009 y\u0131l\u0131ndaki bir k\u00f6\u015fe yaz\u0131s\u0131nda yapt\u0131\u011f\u0131 teklifini hat\u0131rlatarak, K\u0131r\u0131m Tatarlar\u0131n\u0131n yo\u011fun olarak ya\u015fad\u0131\u011f\u0131 Eski\u015fehir\u2019de bulunan Anadolu ve Eski\u015fehir Osmangazi \u00dcniversitelerinin K\u0131r\u0131mo\u011flu\u2019na fahri doktora unvan\u0131 verilmesi konusunun yeniden g\u00fcndeme almas\u0131n\u0131 \u00f6nerdi\u011fini, Eski\u015fehir Osmangazi \u00dcniversitesinin 26 A\u011fustos 2009 tarihli ve 22 say\u0131l\u0131 Senato Karar\u0131 ile Mustafa Abd\u00fclcemil K\u0131r\u0131mo\u011flu\u2019na Uluslararas\u0131 \u0130li\u015fkiler Anabilim Dal\u0131nda fahri doktora verdi\u011fini belirtti.<br \/>\nEski\u015fehir\u2019e T\u00fcrk D\u00fcnyas\u0131 K\u00fclt\u00fcr Ba\u015fkenti ziyareti kapsam\u0131nda gelen K\u0131r\u0131m Mill\u00ee Meclis Eski Ba\u015fkan\u0131 Mustafa Abd\u00fclcemil K\u0131r\u0131mo\u011flu\u2019nun Osmangazi \u00dcniversitesi\u2019ni de ziyaret etmesini \u00e7ok anlaml\u0131 buldu\u011funu kaydeden R\u0131dvan Karluk, \u2018K\u0131r\u0131mo\u011flu\u2019na, T\u00fcrkiye Cumhuriyeti ile Ukrayna Cumhuriyeti aras\u0131ndaki dost\u00e7a ili\u015fkilerin geli\u015ftirilmesini, iki \u00fclke halk\u0131n\u0131 birbirine yak\u0131nla\u015fmalar\u0131n\u0131 sa\u011flad\u0131\u011f\u0131 i\u00e7in T\u00fcrkiye Cumhuriyeti Cumhuriyet Ni\u015fan\u0131 verilmesinin uygun olaca\u011f\u0131 d\u00fc\u015f\u00fcncesindeyim\u2019 diye yazd\u0131.\u201d<\/em><\/p>\n<p>Bu \u00f6nerimin ger\u00e7ekle\u015fmesi sonucunda \u00c7ankaya K\u00f6\u015fk\u00fc&#8217;ndeki t\u00f6rene Ba\u015fbakan yard\u0131mc\u0131lar\u0131\u00a0B\u00fclent Ar\u0131n\u00e7 ve Emrullah \u0130\u015fler, Mill\u00ee E\u011fitim Bakan\u0131 Nabi Avc\u0131, TBMM Ba\u015fkanvekili Sad\u0131k Yakut,\u00a0K\u0131r\u0131m Tatar Mill\u00ee Meclis Ba\u015fkan\u0131\u00a0R\u0131fat \u00c7ubarov, K\u0131r\u0131m Tatar Mill\u00ee Meclis Ba\u015fkan Yard\u0131mc\u0131s\u0131\u00a0Aslan \u00d6mer K\u0131r\u0131ml\u0131,\u00a0Ukrayna Milletvekili, eski D\u0131\u015fi\u015fleri Bakan\u0131 ve\u00a0cumhurba\u015fkan\u0131 aday\u0131\u00a0Petro Poroshenko, aralar\u0131nda yabanc\u0131 misyon \u015fefleri ve tarih\u00e7ilerin de bulundu\u011fu \u00e7ok say\u0131da davetli kat\u0131ld\u0131.<\/p>\n<p>Say\u0131n K\u0131r\u0131mo\u011flu\u2019nun o zamanki tespitleri, Ukrayna\u2019n\u0131n i\u015fgali sonras\u0131na \u0131\u015f\u0131k tutacak kadar \u00f6nemlidir.<\/p>\n<p>T\u00f6ren, K\u0131r\u0131mo\u011flu&#8217;nun \u00f6z ge\u00e7mi\u015fi ve cumhuriyet ni\u015fan\u0131 verilmesine ili\u015fkin\u00a0Bakanlar Kurulu Karar\u0131n\u0131n okunmas\u0131yla ba\u015flad\u0131. Kararda,\u00a0T\u00fcrkiye Cumhuriyeti ile mensubu bulundu\u011fu devlet aras\u0131nda dost\u00e7a ili\u015fkilerin geli\u015ftirilmesini ve milletlerin birbirlerine yak\u0131nla\u015fmalar\u0131n\u0131 sa\u011flamas\u0131 sebebiyle K\u0131r\u0131ml\u0131o\u011flu&#8217;na <em>Cumhuriyet\u00a0Ni\u015fan\u0131<\/em> verilmesinin kararla\u015ft\u0131r\u0131ld\u0131\u011f\u0131\u00a0belirtildi.<\/p>\n<p>Cumhurba\u015fkan\u0131 Abdullah G\u00fcl konu\u015fmas\u0131na, &#8220;<em>K\u0131r\u0131m Tatarlar\u0131n\u0131n yolba\u015f\u00e7\u0131s\u0131, mill\u00ee kahraman\u0131, aziz karde\u015fim&#8221;<\/em>\u00a0diye hitap etti\u011fi K\u0131r\u0131mo\u011flu&#8217;na cumhuriyet ni\u015fan\u0131 tevcih t\u00f6reni i\u00e7in bir araya gelindi\u011fini belirterek ba\u015flad\u0131.\u00a0 Cumhuriyet ni\u015fan\u0131n\u0131,\u00a0\u00f6mr\u00fcn\u00fc K\u0131r\u0131m Tatarlar\u0131n\u0131n hakl\u0131 davas\u0131n\u0131 d\u00fcnyaya duyurmaya adayan K\u0131r\u0131mo\u011flu&#8217;na takdim etmekten onur ve gurur duydu\u011funu vurgulayan G\u00fcl,\u00a0K\u0131r\u0131m&#8217;\u0131n Tatarlar\u0131n anavatan\u0131 oldu\u011funu ve\u00a0g\u00f6n\u00fcllerde\u00a0\u00e7ok m\u00fcstesna bir yeri bulundu\u011funu belirtti.<\/p>\n<p>K\u0131r\u0131m Tatarlar\u0131n\u0131n bu kapsamda \u00d6zbekistan, Romanya ve Bulgaristan ile Balt\u0131klar ve Rusya&#8217;n\u0131n bir\u00e7ok b\u00f6lgesine s\u00fcrg\u00fcn edildi\u011fini, y\u00fcz\u00a0binlercesinin anavatanlar\u0131n\u0131 terk ederek\u00a0T\u00fcrkiye&#8217;ye geldi\u011fini ve yerle\u015fti\u011fini s\u00f6yleyen G\u00fcl, \u00f6z yurtlar\u0131nda az\u0131nl\u0131k durumuna d\u00fc\u015fen Tatarlar\u0131n, \u00e7ok daha yo\u011fun bi\u00e7imde K\u0131r\u0131m d\u0131\u015f\u0131nda ya\u015famak zorunda b\u0131rak\u0131ld\u0131\u011f\u0131n\u0131n alt\u0131n\u0131 \u00e7izdi.<\/p>\n<p>Konu\u015fmas\u0131n\u0131n sonunda\u00a0Cumhurba\u015fkan\u0131 G\u00fcl cumhuriyet ni\u015fan\u0131n\u0131, K\u0131r\u0131m Tatarlar\u0131n\u0131n Yolba\u015f\u00e7\u0131s\u0131 K\u0131r\u0131mo\u011flu&#8217;na b\u00fcy\u00fck bir mutlulukla tevcih etti\u011fini s\u00f6ylemi\u015f ve \u015fahs\u0131nda t\u00fcm K\u0131r\u0131ml\u0131 Tatarlara en kalb\u00ee selam, sevgi ve muhabbetlerini sunmu\u015ftur.<\/p>\n<p>K\u0131r\u0131m yar\u0131madas\u0131n\u0131n Ruslar taraf\u0131ndan i\u015fgal edildi\u011fini, Rusya&#8217;n\u0131n as\u0131rlar ge\u00e7se bile siyasetinin de\u011fi\u015fmedi\u011fini ifade eden K\u0131r\u0131mo\u011flu, Ukrayna&#8217;n\u0131n zor durumda olmas\u0131ndan faydalanan Rusya&#8217;n\u0131n\u00a0tanklar\u0131n\u0131 K\u0131r\u0131m topraklar\u0131na soktu\u011funu a\u00e7\u0131klam\u0131\u015ft\u0131r. \u00a0K\u0131r\u0131m halk\u0131n\u0131n bu y\u0131la bamba\u015fka \u00fcmit ve\u00a0beklentilerle ba\u015flad\u0131\u011f\u0131na dikkati \u00e7eken\u00a0<a href=\"https:\/\/www.aa.com.tr\/tr\/politika\/kirimogluna-cumhuriyet-nisani\/167012\">K\u0131r\u0131mo\u011flu \u015funlar\u0131 s\u00f6ylemi\u015ftir<\/a>:<\/p>\n<p><em>&#8220;Bildi\u011finiz gibi \u015eubat ay\u0131nda Ukrayna&#8217;da b\u00fcy\u00fck olaylar oldu. Halk\u0131na, vatan\u0131na, milletine, devletine \u00e7ok zararlar getiren, K\u0131r\u0131m halk\u0131na da ayr\u0131mc\u0131l\u0131k politikas\u0131 uygulayan Ukrayna rejimi \u00e7\u00f6kt\u00fc. Ukrayna ba\u011f\u0131ms\u0131zl\u0131\u011f\u0131n\u0131 ilan ettikten sonra belki de en demokratik h\u00fck\u00fcmet kuruldu. \u00dcmit ederdik ki, bundan sonra bizim halk\u0131m\u0131z\u0131n iradesi daha tez olacak,\u00a0bizim sosyal sorunlar\u0131m\u0131z da tez \u00e7\u00f6z\u00fclecek ama maalesef\u00a0\u00f6yle olmad\u0131.&#8221;<\/em><\/p>\n<p>K\u0131r\u0131mo\u011flu,\u00a0\u0130kinci D\u00fcnya Sava\u015f\u0131 sonras\u0131nda \u00c7e\u00e7enler, \u0130ngu\u015flar, Ah\u0131ska T\u00fcrkleri ve Tatarlar gibi bir\u00e7ok milletin\u00a0vatanlar\u0131ndan s\u00fcrg\u00fcn edildikleri zaman d\u00fcnyan\u0131n onlar\u0131n sesini duymad\u0131\u011f\u0131n\u0131 belirterek, Yalta&#8217;da masada oturan d\u00fcnya liderlerinin o milletlerin \u00f6l\u00fcm kal\u0131m sava\u015f\u0131 verdi\u011finden haberi olmad\u0131\u011f\u0131n\u0131 s\u00f6ylemi\u015ftir.\u00a0 Bug\u00fcn art\u0131k\u00a01944 y\u0131l\u0131nda olunmad\u0131\u011f\u0131n\u0131, bu zorbal\u0131\u011fa kar\u015f\u0131 binlerce insan\u0131n,\u00a0devletin kar\u015f\u0131 \u00e7\u0131kt\u0131\u011f\u0131n\u0131 dile getirmi\u015ftir:<\/p>\n<p><em>&#8220;\u00dcmit ederiz ki\u00a0bu i\u015fgal\u00a0uzun s\u00fcrmeyecek ve biz topra\u011f\u0131m\u0131z\u0131 serbest g\u00f6rece\u011fiz. Biz \u00e7ok memnunuz ki bu bizim zor durumumuzda, Ukrayna&#8217;n\u0131n zor durumunda\u00a0T\u00fcrkiye Cumhuriyeti\u00a0tarafs\u0131z kalmad\u0131, halk\u0131m\u0131za, Ukrayna&#8217;ya yard\u0131m elini uzatt\u0131. Bug\u00fcn bana lay\u0131k g\u00f6rd\u00fc\u011f\u00fcn\u00fcz devlet ni\u015fan\u0131n\u0131 da bu y\u00fcksek m\u00fckafat\u0131 da ben halk\u0131ma, Ukrayna devletine daha bir manevi\u00a0destek olarak kabul ediyorum. Sizlere de derin te\u015fekk\u00fcrlerimi bildirmek istiyorum.\u00a0Allah sizden raz\u0131 olsun.&#8221;\u00a0<\/em><\/p>\n<p>\u015eimdi, biraz ge\u00e7mi\u015fe giderek K\u0131r\u0131mo\u011flu\u2019na T\u00fcrkiye Cumhuriyeti Cumhuriyet Ni\u015fan\u0131 verilmesi ve Nobel adayl\u0131\u011f\u0131 konusundaki geli\u015fmeleri a\u00e7\u0131klayaca\u011f\u0131m.\u00a0 A\u015fa\u011f\u0131da 16 Aral\u0131k 2013 tarihinde Turkish Forum\u2019da (ABD) <a href=\"https:\/\/www.turkishnews.com\/tr\/content\/2013\/12\/16\/mustafa-cemil-kirimoglu-ve-turkiye-cumhuriyeti-cumhuriyet-nisani\/\">yay\u0131mlanan yaz\u0131m vard\u0131r.<\/a><\/p>\n<p><em>\u201cBenim de kat\u0131ld\u0131\u011f\u0131m K\u0131r\u0131m \u00d6zerk Cumhuriyeti\u2019nin ba\u015fkenti Simferopol\u2019de (Akmescit) yap\u0131lan\u00a01. D\u00fcnya K\u0131r\u0131m Tatar Kongresi\u2019nde 22 May\u0131s 2009 tarihinde al\u0131nan kararla, K\u0131r\u0131m Tatar Mill\u00ee Meclis Ba\u015fkan\u0131 K\u0131r\u0131mo\u011flu\u2019nun Nobel Bar\u0131\u015f \u00d6d\u00fcl\u00fc\u2019ne de aday g\u00f6sterilmesi kararla\u015ft\u0131r\u0131lm\u0131\u015ft\u0131r.<\/em> <em>Polonya K\u0131r\u0131m Tatarlar\u0131 lideri\u00a0Selim Hazbiyevi\u00e7\u2019in, K\u0131r\u0131mo\u011flu\u2019nun Nobel\u2019e aday g\u00f6sterilmesi \u00f6nerisi, Kongre\u2019ye kat\u0131lanlar\u0131n oy birli\u011fiyle kabul edilmi\u015ftir.<\/em><\/p>\n<p><em>Ukrayna Cumhurba\u015fkan\u0131\u2019na ba\u011fl\u0131 K\u00fclt\u00fcr ve Maneviyat Mill\u00ee Kurulu Ba\u015fkan\u0131\u00a0Nikolay Julinskiy,\u00a0K\u0131r\u0131mo\u011flu\u2019nun 20 ve 21\u2019nci\u00a0y\u00fczy\u0131llar\u0131n en iyi insan haklar\u0131 savunucusu olarak Nobel \u00f6d\u00fcl\u00fcn\u00fc kazanmas\u0131 i\u00e7in nedenlerin \u00e7ok oldu\u011funu \u015f\u00f6yle belirtmi\u015ftir<\/em>: <em>\u2018K\u0131r\u0131mo\u011flu, Kom\u00fcnist rejime kar\u015f\u0131 m\u00fccadeleye daha gen\u00e7ken ba\u015flad\u0131. Ben onun hayat\u0131n\u0131 \u00e7ok iyi biliyorum. Mustafa Abd\u00fclcemil K\u0131r\u0131mo\u011flu, sadece K\u0131r\u0131m Tatar halk\u0131 i\u00e7in de\u011fil, t\u00fcm d\u00fcnya hak m\u00fccadelesi tarihinde \u00f6nemli insand\u0131r. Kendi ya\u015fam\u0131yla, s\u00fcrg\u00fcn edilen K\u0131r\u0131m Tatar halk\u0131n\u0131n hak ve \u00f6zg\u00fcrl\u00fc\u011f\u00fcn\u00fcn kendisi i\u00e7in en \u00f6nemli \u015fey oldu\u011funu ispatlayan bir insand\u0131r.\u2019<\/em><\/p>\n<p><em>Eski\u015fehir K\u0131r\u0131m Derne\u011fi eski Ba\u015fkan\u0131 olarak ba\u015fta K\u0131r\u0131m k\u00f6kenli milletvekillerimiz\u00a0Kaz\u0131m Kurt\u00a0ve\u00a0Dr. Ruhsar Demirel\u00a0olmak \u00fczere\u00a0K\u0131r\u0131m k\u00f6kenli olan ya da olmayan herkes, \u00f6nceki hafta vefat eden\u00a0Nelson Mandela\u00a0gibi halk\u0131n\u0131n bar\u0131\u015f\u00e7\u0131l yollardan\u00a0K\u0131r\u0131m\u2019a d\u00f6nmesi ve \u00f6zg\u00fcrce ya\u015famas\u0131 i\u00e7in hayat\u0131n\u0131 hasreden K\u0131r\u0131mo\u011flu\u2019na\u00a0T\u00fcrkiye Cumhuriyeti Cumhuriyet Ni\u015fan\u0131<strong>\u00a0<\/strong>verilmesine destek olmal\u0131d\u0131r. <\/em><\/p>\n<p><em>1992 y\u0131l\u0131nda G\u00fcney Afrika Cumhuriyeti\u2019nde bar\u0131\u015f\u0131n sa\u011flanmas\u0131 i\u00e7in 27 y\u0131l hapis yatan\u00a0Nelson\u00a0Mandela,\u00a0Atat\u00fcrk Bar\u0131\u015f \u00d6d\u00fcl\u00fc\u2019n\u00fc almay\u0131 kabul etmemi\u015ftir. Afrika Ulusal Konseyi\u2019nin ret gerek\u00e7esi \u015f\u00f6yledir:\u00a0\u2018Mandela T\u00fcm hayat\u0131n\u0131 demokrasiye insan haklar\u0131na bak\u0131\u015flar\u0131n kald\u0131r\u0131lmas\u0131na hizmet ederek ge\u00e7irmi\u015ftir.\u00a0Afrika Ulusal Konseyi Mandela\u2019n\u0131n Atat\u00fcrk Bar\u0131\u015f \u00d6d\u00fcl\u00fc\u2019n\u00fc kabul etmedi\u011fini ve T\u00fcrkiye\u2019yi ziyaret etmeyi d\u00fc\u015f\u00fcnmedi\u011fini a\u00e7\u0131k\u00e7a beyan eder.\u00a0Afrika Ulusal Konseyi\u2019nin bu karar\u0131 modern T\u00fcrkiye\u2019nin kurucusu reformcu Mustafa Kemal Atat\u00fcrk\u2019e kar\u015f\u0131 hi\u00e7bir olumsuz g\u00f6r\u00fc\u015f\u00fc yans\u0131tmamaktad\u0131r.\u2019<\/em><\/p>\n<p><em>Mandela 1999 y\u0131l\u0131nda fikrini de\u011fi\u015ftirip \u00f6d\u00fcl\u00fc almak istedi\u011fini a\u00e7\u0131klam\u0131\u015ft\u0131r ama bu defa T\u00fcrkiye \u00f6d\u00fcl\u00fc vermekten vazge\u00e7mi\u015ftir. Atat\u00fcrk \u00f6d\u00fcl\u00fcn\u00fc reddedince ona\u00a0\u2018\u0130nsanl\u0131k tarihinin say\u0131l\u0131 diktat\u00f6rlerinden olan Mustafa Kemal ad\u0131na konulan bar\u0131\u015f \u00f6d\u00fcl\u00fcn\u00fc reddetmemiz sebebiyle sizi tebrik ediyorum.\u2019\u00a0diye kutlama telgraf\u0131 \u00e7eken\u00a0Hasan Mezarc\u0131\u00a0bu telgraf\u0131 sebebiyle 2002 y\u0131l\u0131nda hapse girmi\u015ftir.\u201d<\/em><\/p>\n<p>O d\u00f6nemde Nobel Bar\u0131\u015f aday\u0131 g\u00f6sterilmesine ili\u015fkin ba\u015fvuru dilek\u00e7esi \u0130ngilizce olarak taraf\u0131mdan yaz\u0131lm\u0131\u015f, d\u00f6nemin Osmangazi \u00dcniversitesi Rekt\u00f6r\u00fc Prof. Dr. Faz\u0131l Tekin taraf\u0131ndan imzalanm\u0131\u015ft\u0131r.<\/p>\n<p>K\u0131r\u0131mo\u011flu Polonya taraf\u0131ndan Nobel Bar\u0131\u015f \u00d6d\u00fcl\u00fc\u2019ne bu y\u0131l \u015eubat ay\u0131 ba\u015f\u0131nda <a href=\"https:\/\/www.ukrinform.net\/rubric-polytics\/3399012-poland-explains-why-it-nominated-dzhemilev-for-nobel-peace-prize.html\">aday g\u00f6sterilmi\u015ftir<\/a>. QHA\u2019ya konu\u015fan Polonyal\u0131 insan haklar\u0131 savunucusu Piotr Hlebowicz,\u00a0K\u0131r\u0131mo\u011flu\u2019nun Polonya Parlamentosu\u2019nun Alt Meclisi (Sejm) Ba\u015fkan Yard\u0131mc\u0131s\u0131 Malgorzata Gosiewska taraf\u0131ndan Nobel Bar\u0131\u015f \u00d6d\u00fcl\u00fc aday g\u00f6sterildi\u011fini a\u00e7\u0131klam\u0131\u015ft\u0131r. 2022 Nobel Bar\u0131\u015f \u00d6d\u00fcl\u00fc\u2019ne aday g\u00f6sterilenler aras\u0131nda \u0130ngiliz do\u011fa tarih\u00e7isi David Attenborough, D\u00fcnya Sa\u011fl\u0131k \u00d6rg\u00fct\u00fc ve Belaruslu muhalif lider Svetlana Tihanovskaya da yer almaktad\u0131r. Nobel Bar\u0131\u015f \u00d6d\u00fcl\u00fc adaylar\u0131 aras\u0131nda Tuvalu\u2019nun D\u0131\u015fi\u015fleri Bakan\u0131 Simon Kofe ve Papa Francis de bulunmaktad\u0131r. K\u0131r\u0131m Tatar Mill\u00ee Meclisi \u00fcyesi Abmecit S\u00fcleymanov, K\u0131r\u0131mo\u011flu\u2019nun Nobel Bar\u0131\u015f \u00d6d\u00fcl\u00fc\u2019ne aday g\u00f6sterilmesi i\u00e7in Aral\u0131k 2020\u2019de Ukrayna Cumhurba\u015fkanl\u0131\u011f\u0131 Ofisine de ba\u015fvuruda bulunmu\u015ftu.<\/p>\n<p>2011 y\u0131l\u0131nda, Ukrayna, Polonya, Macaristan, Romanya, Rusya, T\u00fcrkiye ve ABD\u2019den 17 profes\u00f6r ve Ukrayna, Kanada ve Avrupa Birli\u011fi Parlamentosu\u2019ndan 3 milletvekili K\u0131r\u0131mo\u011flu\u2019na Nobel Bar\u0131\u015f \u00d6d\u00fcl\u00fc verilmesi i\u00e7in ba\u015fvuru yapm\u0131\u015ft\u0131r. O d\u00f6nemde s\u00f6z konusu ba\u015fvuru, Almanya\u2019daki Tehdit Alt\u0131ndaki Halklar \u00d6rg\u00fct\u00fc\u2019n\u00fcn (Gesellschaft f\u00fcr bedrohte V\u00f6lker) giri\u015fimiyle yap\u0131lm\u0131\u015ft\u0131.<\/p>\n<p>Turkish Forum\u2019da (ABD) 1 Haziran 2016 tarihinde yay\u0131nlanan yaz\u0131m da a\u015fa\u011f\u0131dad\u0131r:<\/p>\n<p><em>\u201cAnadolu \u00dcniversitesi, K\u0131r\u0131m Tatarlar\u0131n\u0131n lideri Mustafa Abd\u00fclcemil K\u0131r\u0131mo\u011flu\u2019na fahri doktora verilmesi i\u00e7in yerinde bir giri\u015fim ba\u015flatm\u0131\u015ft\u0131r. K\u0131r\u0131m\u2019\u0131n uluslararas\u0131 hukuka ayk\u0131r\u0131 olarak Rusya taraf\u0131ndan i\u015fgal edilmesinden sonra verilecek onursal doktora, bir anlamda Rusya\u2019ya y\u00f6nelik bir protesto olup, K\u0131r\u0131m T\u00fcrklerinin K\u0131r\u0131m\u2019daki m\u00fccadelesine b\u00fcy\u00fck destek anlam\u0131ndad\u0131r. Giri\u015fime katk\u0131da bulunan ba\u015fta Eski\u015fehir K\u0131r\u0131m T\u00fcrkleri Derne\u011fine ve Ba\u015fkan Evren Olcay\u2019a, Anadolu \u00dcniversitesi Rekt\u00f6r\u00fc Prof. Dr<\/em><em>. <\/em><em>Naci G\u00fcndo\u011fan\u2019a ve di\u011fer ilgililere derne\u011fin eski ba\u015fkan\u0131 ve K\u0131r\u0131m Geli\u015fim Vakf\u0131 Kurucu \u00dcyesi olarak te\u015fekk\u00fcr ediyorum. Bu gibi onurland\u0131rmalar, \u015fah\u0131slar kadar o \u015fah\u0131slar\u0131n temsil ettikleri topluluklar i\u00e7in de \u00e7ok anlaml\u0131 ve \u00f6nemlidir.<\/em><\/p>\n<p><em>\u201cDaha \u00f6nce bu onurland\u0131rmay\u0131, benim giri\u015fimlerimin de katk\u0131s\u0131yla Eski\u015fehir Osmangazi \u00dcniversitesi yapm\u0131\u015ft\u0131r. Osmangazi \u00dcniversitesi, 26 A\u011fustos 2009 tarihli ve 22 say\u0131l\u0131 Senato Karar\u0131 ile Mustafa Abd\u00fclcemil K\u0131r\u0131mo\u011flu\u2019na Uluslararas\u0131 \u0130li\u015fkiler Anabilim Dal\u0131nda fahri doktora vermi\u015ftir. D\u00f6nemin Eski\u015fehir Valisi Mehmet K\u0131l\u0131\u00e7lar, \u00fcniversitenin konferans salonunda d\u00fczenlenen etkinlikte kentte 100 binden fazla K\u0131r\u0131m Tatar\u0131 oldu\u011funu belirterek, bu ki\u015filerin kentin k\u00fclt\u00fcr, sanayi ve tar\u0131m\u0131n\u0131n geli\u015fmesine b\u00fcy\u00fck katk\u0131da bulundu\u011funu \u015f\u00f6yle a\u00e7\u0131klam\u0131\u015ft\u0131r: <\/em><\/p>\n<p><em>\u2018G\u00fcn\u00fcm\u00fczde y\u00fckselen de\u011ferler, bar\u0131\u015f, insan haklar\u0131 ve demokrasidir. Herkes bu konulardan bahsediyor ama ge\u00e7mi\u015fi de unutmamak gerekir. 1944\u2019te saat 03.00\u2019da 200 bin insan\u0131n evinin kap\u0131s\u0131 \u00e7al\u0131n\u0131yor ve 15 dakika i\u00e7inde bulunduklar\u0131 yerlerin meydanlar\u0131nda toplanmalar\u0131 isteniyor\u2026 Bir gecede binlerce ki\u015fi yurtlar\u0131ndan ayr\u0131l\u0131yor, s\u00fcrg\u00fcne g\u00f6nderiliyor, 200 bin insan\u0131n \u00fc\u00e7te biri 6 y\u0131lda yok oluyor. Bu bir soyk\u0131r\u0131m de\u011fil mi? \u0130nsan haklar\u0131 savunucular\u0131 denilince akla Nelson Mandela, Gandhi geliyor. Bize g\u00f6re g\u00fcn\u00fcm\u00fczde ya\u015fayan en b\u00fcy\u00fck insan haklar\u0131 savunucusu, bu onurlu m\u00fccadeleyi \u015ferefli bir \u015fekilde y\u00fcr\u00fcten Mustafa Abd\u00fclmecit K\u0131r\u0131mo\u011flu\u2019dur.\u2019<\/em><\/p>\n<p><em>Osmangazi \u00dcniversite\u2019sinin verdi\u011fi onursal doktora sonras\u0131nda K\u0131r\u0131mo\u011flu \u2018T\u00fcrkiye Cumhuriyeti Cumhuriyet Ni\u015fan\u0131\u2019 ile de onurland\u0131r\u0131lm\u0131\u015ft\u0131r. Bu k\u00f6\u015fede 18 Kas\u0131m 2013 tarihinde yay\u0131nlanan \u2018Mustafa Abd\u00fclcemil K\u0131r\u0131mo\u011flu ve Osmangazi \u00dcniversitesi\u2019 ba\u015fl\u0131kl\u0131 yaz\u0131mda K\u0131r\u0131mo\u011flu\u2019na T\u00fcrkiye Cumhuriyeti Cumhuriyet Ni\u015fan\u0131 verilmesi gere\u011fi \u00fczerinde\u00a0 durmu\u015ftum:<br \/>\n\u2018Eski\u015fehir Osmangazi \u00dcniversitesi 26 A\u011fustos 2009 tarihli ve 22 say\u0131l\u0131 Senato Karar\u0131 ile Mustafa Abd\u00fclcemil K\u0131r\u0131mo\u011flu\u2019na 2009 y\u0131l\u0131nda Uluslararas\u0131 \u0130li\u015fkiler Anabilim Dal\u0131nda fahri doktora vermi\u015ftir\u2026K\u0131r\u0131mo\u011flu\u2019na, T\u00fcrkiye Cumhuriyeti ile Ukrayna Cumhuriyeti aras\u0131ndaki dost\u00e7a ili\u015fkilerin geli\u015ftirilmesini, iki \u00fclke halk\u0131n\u0131 birbirine yak\u0131nla\u015fmalar\u0131n\u0131 sa\u011flad\u0131\u011f\u0131 i\u00e7in T\u00fcrkiye Cumhuriyeti\u00a0<\/em><em>Cumhuriyet\u00a0<\/em><em>Ni\u015fan\u0131 verilmesinin uygun olaca\u011f\u0131 d\u00fc\u015f\u00fcncesindeyim.\u2019<\/em><\/p>\n<p><em>\u201816 Aral\u0131k 2013 tarihinde \u2018Mustafa Abd\u00fclcemil K\u0131r\u0131mo\u011flu ve T\u00fcrkiye Cumhuriyeti Cumhuriyet Ni\u015fan\u0131\u2019 ba\u015fl\u0131kl\u0131 yaz\u0131mda konuyu yeniden g\u00fcndeme getirmi\u015ftim<strong>.<\/strong> Nobel Bar\u0131\u015f \u00d6d\u00fcl\u00fc\u2019ne de aday g\u00f6sterilen K\u0131r\u0131mo\u011flu Osmangazi \u00dcniversite\u2019nde yapt\u0131\u011f\u0131 konu\u015fmada \u2018En \u00c7ok Demokratik M\u00fccadeleye \u00d6zen G\u00f6sterdik\u2019 dedikten sonra \u015funlar\u0131 s\u00f6ylemi\u015ftir: \u2018K\u0131r\u0131m Tatarlar\u0131 i\u00e7in verilen m\u00fccadelede en \u00e7ok \u00f6zen g\u00f6sterdi\u011fimiz konu kan d\u00f6k\u00fclmeden demokratik y\u00f6ntemlerin kullan\u0131lmas\u0131 ve kimsenin zarar g\u00f6rmemesidir. K\u0131r\u0131m Tatarlar\u0131 i\u00e7in verilen m\u00fccadele s\u00fcresince Sovyet y\u00f6netiminin bask\u0131lar\u0131, s\u00fcrg\u00fcn ve hapis cezalar\u0131 y\u00fcz\u00fcnden, girdi\u011fim \u00fcniversitelerde e\u011fitimimi tamamlamak nasip olmad\u0131\u2026Ancak annem ve babam sa\u011f olsayd\u0131 K\u0131r\u0131m Tatarlar\u0131n\u0131n yo\u011fun ya\u015fad\u0131\u011f\u0131, adeta ikinci vatan olarak g\u00f6rd\u00fc\u011f\u00fcm\u00fcz Eski\u015fehir\u2019deki b\u00f6ylesine se\u00e7kin bir \u00fcniversiteden doktora unvan\u0131 verilmesinden b\u00fcy\u00fck onur duyarlard\u0131\u2019<\/em><\/p>\n<p><img loading=\"lazy\" decoding=\"async\" class=\"alignnone size-full wp-image-15371\" src=\"https:\/\/millidusunce.com\/misak\/wp-content\/uploads\/2022\/04\/1.jpg\" alt=\"\" width=\"765\" height=\"1024\" srcset=\"https:\/\/millidusunce.com\/misak\/wp-content\/uploads\/2022\/04\/1.jpg 765w, https:\/\/millidusunce.com\/misak\/wp-content\/uploads\/2022\/04\/1-224x300.jpg 224w, https:\/\/millidusunce.com\/misak\/wp-content\/uploads\/2022\/04\/1-112x150.jpg 112w\" sizes=\"auto, (max-width: 765px) 100vw, 765px\" \/><\/p>\n<p>\u0130Y\u0130 Parti\u2019nin giri\u015fimi, devam eden Ukrayna \u2013 Rusya krizinde \u00e7ok \u00f6nemli bir hamledir. Bu giri\u015fimi yapan \u0130Y\u0130 Parti yetkililerini K\u0131r\u0131m Geli\u015fim Vakf\u0131 kurucusu ve Ba\u015fkan Yard\u0131mc\u0131s\u0131, Eski\u015fehir K\u0131r\u0131m Derne\u011fi eski Ba\u015fkan\u0131 olarak kutluyorum. Konjonkt\u00fcr bu y\u0131l K\u0131r\u0131mo\u011flu\u2019nun lehinedir. Bat\u0131 D\u00fcnyas\u0131, Ukrayna\u2019n\u0131n i\u015fgali sonras\u0131 geli\u015fmeleri dikkate alarak anavatan\u0131 K\u0131r\u0131m\u2019dan s\u00fcrg\u00fcn edilen K\u0131r\u0131mo\u011flu\u2019nun adayl\u0131\u011f\u0131na s\u0131cak bakabilir.<\/p>\n<p>Bu konjonkt\u00fcr\u00fc iyi de\u011ferlendirmek gerekir. Bu kapsamda siyasi partilerimize, TBMM \u00fcyelerine, dernek ve vak\u0131flar\u0131m\u0131za, t\u00fcm sivil toplum kurulu\u015flar\u0131m\u0131za, kamuoyunun bu konuda bilgilendirilmesi a\u00e7\u0131s\u0131nda Anadolu Ajans\u0131 dahil yaz\u0131l\u0131 ve g\u00f6rsel bas\u0131n\u0131m\u0131za, yurt d\u0131\u015f\u0131nda ya\u015fayan vatanda\u015flar\u0131m\u0131za ve kurulu\u015flar\u0131na ve de ayd\u0131nlar\u0131m\u0131za b\u00fcy\u00fck sorumluluk d\u00fc\u015fmektedir.\u00a0 Ukrayna\u2019n\u0131n i\u015fgali bir insanl\u0131k dram\u0131 yaratm\u0131\u015ft\u0131r.\u00a0 Benzer durum K\u0131r\u0131m i\u00e7inde ge\u00e7erlidir. Ben bu y\u0131l Nobel Bar\u0131\u015f \u00d6d\u00fcl\u00fc&#8217;n\u00fc say\u0131n K\u0131r\u0131mo\u011flu\u2019nun alaca\u011f\u0131na olan inanc\u0131m\u0131 a\u00e7\u0131klamak istiyorum. Bunun i\u00e7in sorumluluk ta\u015f\u0131yanlar\u0131 da destek olmaya davet ediyorum.<\/p>\n<p><strong>\u00a0<\/strong><\/p>\n<p>&nbsp;<\/p>\n","protected":false},"excerpt":{"rendered":"<p>\u0130Y\u0130 Parti Grup Ba\u015fkan\u0131 Prof. Dr. \u0130smail Tatl\u0131o\u011flu ve Grup Ba\u015fkanvekilleri M\u00fcsavat Dervi\u015fo\u011flu ile Erhan Usta, TBMM Ba\u015fkan\u0131 \u015eentop\u2019u ziyaret ederek K\u0131r\u0131m Tatar T\u00fcrk halk\u0131n\u0131n mill\u00ee lideri Mustafa Abd\u00fclcemil K\u0131r\u0131mo\u011flu\u201cnun Nobel Bar\u0131\u015f \u00d6d\u00fcl\u00fc\u2019ne aday g\u00f6sterilmesi i\u00e7in \u00e7al\u0131\u015fma ba\u015flatt\u0131.<\/p>\n","protected":false},"author":3,"featured_media":15369,"comment_status":"open","ping_status":"open","sticky":false,"template":"","format":"standard","meta":{"_ef_editorial_meta_date_first-draft-date":"","_ef_editorial_meta_paragraph_assignment":"","footnotes":"","_links_to":"","_links_to_target":""},"categories":[2],"tags":[],"coauthors":[6],"class_list":["post-15367","post","type-post","status-publish","format-standard","has-post-thumbnail","hentry","category-genel"],"_links":{"self":[{"href":"https:\/\/millidusunce.com\/misak\/wp-json\/wp\/v2\/posts\/15367","targetHints":{"allow":["GET"]}}],"collection":[{"href":"https:\/\/millidusunce.com\/misak\/wp-json\/wp\/v2\/posts"}],"about":[{"href":"https:\/\/millidusunce.com\/misak\/wp-json\/wp\/v2\/types\/post"}],"author":[{"embeddable":true,"href":"https:\/\/millidusunce.com\/misak\/wp-json\/wp\/v2\/users\/3"}],"replies":[{"embeddable":true,"href":"https:\/\/millidusunce.com\/misak\/wp-json\/wp\/v2\/comments?post=15367"}],"version-history":[{"count":4,"href":"https:\/\/millidusunce.com\/misak\/wp-json\/wp\/v2\/posts\/15367\/revisions"}],"predecessor-version":[{"id":15374,"href":"https:\/\/millidusunce.com\/misak\/wp-json\/wp\/v2\/posts\/15367\/revisions\/15374"}],"wp:featuredmedia":[{"embeddable":true,"href":"https:\/\/millidusunce.com\/misak\/wp-json\/wp\/v2\/media\/15369"}],"wp:attachment":[{"href":"https:\/\/millidusunce.com\/misak\/wp-json\/wp\/v2\/media?parent=15367"}],"wp:term":[{"taxonomy":"category","embeddable":true,"href":"https:\/\/millidusunce.com\/misak\/wp-json\/wp\/v2\/categories?post=15367"},{"taxonomy":"post_tag","embeddable":true,"href":"https:\/\/millidusunce.com\/misak\/wp-json\/wp\/v2\/tags?post=15367"},{"taxonomy":"author","embeddable":true,"href":"https:\/\/millidusunce.com\/misak\/wp-json\/wp\/v2\/coauthors?post=15367"}],"curies":[{"name":"wp","href":"https:\/\/api.w.org\/{rel}","templated":true}]}}