{"id":15711,"date":"2022-06-22T19:00:00","date_gmt":"2022-06-22T16:00:00","guid":{"rendered":"https:\/\/millidusunce.com\/misak\/?p=15711&#038;preview=true&#038;preview_id=15711"},"modified":"2022-06-22T15:16:42","modified_gmt":"2022-06-22T12:16:42","slug":"turk-hava-yollari-neden-turkiye-havayollari-olmaz","status":"publish","type":"post","link":"https:\/\/millidusunce.com\/misak\/turk-hava-yollari-neden-turkiye-havayollari-olmaz\/","title":{"rendered":"T\u00fcrk Hava Yollar\u0131 neden T\u00fcrkiye Havayollar\u0131 olmaz?"},"content":{"rendered":"<hr \/>\n<h2><img loading=\"lazy\" decoding=\"async\" class=\"aligncenter size-full wp-image-15729\" src=\"https:\/\/millidusunce.com\/misak\/wp-content\/uploads\/2022\/06\/hava.jpg\" alt=\"\" width=\"567\" height=\"262\" srcset=\"https:\/\/millidusunce.com\/misak\/wp-content\/uploads\/2022\/06\/hava.jpg 567w, https:\/\/millidusunce.com\/misak\/wp-content\/uploads\/2022\/06\/hava-300x139.jpg 300w, https:\/\/millidusunce.com\/misak\/wp-content\/uploads\/2022\/06\/hava-150x69.jpg 150w\" sizes=\"auto, (max-width: 567px) 100vw, 567px\" \/><\/h2>\n<h2>T\u00fcrkiye Havayollar\u0131<\/h2>\n<p>T\u00dcRKSAT 5B Uydusu Hizmete Alma T\u00f6reni&#8217;nde a\u00e7\u0131klamalarda bulunan Cumhurba\u015fkan\u0131 Erdo\u011fan, <em>&#8220;Art\u0131k Turkey yok T\u00fcrkiye var. Bundan sonra u\u00e7aklar\u0131m\u0131z\u0131n g\u00f6vdesine de T\u00fcrkiye Hava Yollar\u0131 yazaca\u011f\u0131z. Medyaya sesleniyorum, \u00fclkemizin uluslararas\u0131 alanda Turkey olarak kullan\u0131lan ismini T\u00fcrkiye&#8217;ye \u00e7evirerek sembolik \u00f6neme haiz bir ad\u0131m daha att\u0131k. Art\u0131k Turkey yok, T\u00fcrkiye var.\u201d <\/em>demi\u015ftir. Burada bir kar\u0131\u015f\u0131kl\u0131k vard\u0131r. <em>\u201c<\/em><em>Turkey<\/em><em>\u201d<\/em> \u00a0yerine \u00a0baz\u0131 durumlarda <em>\u201c<\/em><em>T\u00fcrkiye<\/em><em>\u201d<\/em> denilebilir fakat bu konuda bir genelleme yap\u0131lamaz. \u00a0Bunun sak\u0131ncalar\u0131 a\u015fa\u011f\u0131dad\u0131r.<\/p>\n<p>Cumhurba\u015fkanl\u0131\u011f\u0131 \u0130leti\u015fim Ba\u015fkanl\u0131\u011f\u0131 da Twitter hesab\u0131 \u00fczerinden Cumhurba\u015fkan\u0131 Erdo\u011fan&#8217;\u0131n s\u00f6zlerini i\u00e7eren bir payla\u015f\u0131mda bulunmu\u015ftur: <em>&#8220;\u00dclkemizin &#8216;Turkey&#8217; olarak kullan\u0131lan ismini T\u00fcrkiye&#8217;ye \u00e7evirerek sembolik \u00f6neme haiz bir ad\u0131m daha att\u0131k. U\u00e7aklar\u0131m\u0131za da T\u00fcrkiye Havayollar\u0131 yazaca\u011f\u0131z.&#8221;<\/em>\u00a0 Bu ifadelere sosyal medyada tepki gelince \u0130leti\u015fim Ba\u015fkanl\u0131\u011f\u0131 payla\u015f\u0131m\u0131n\u0131 silmi\u015ftir.<\/p>\n<div id=\"attachment_15728\" style=\"width: 626px\" class=\"wp-caption aligncenter\"><img loading=\"lazy\" decoding=\"async\" aria-describedby=\"caption-attachment-15728\" class=\"wp-image-15728 size-full\" src=\"https:\/\/millidusunce.com\/misak\/wp-content\/uploads\/2022\/06\/Resim1.png\" alt=\"\" width=\"616\" height=\"189\" srcset=\"https:\/\/millidusunce.com\/misak\/wp-content\/uploads\/2022\/06\/Resim1.png 616w, https:\/\/millidusunce.com\/misak\/wp-content\/uploads\/2022\/06\/Resim1-300x92.png 300w, https:\/\/millidusunce.com\/misak\/wp-content\/uploads\/2022\/06\/Resim1-150x46.png 150w\" sizes=\"auto, (max-width: 616px) 100vw, 616px\" \/><p id=\"caption-attachment-15728\" class=\"wp-caption-text\">T\u00fcrkiye Hava Yollar\u0131<\/p><\/div>\n<p>Bu geli\u015fmeler \u00fczerine \u00a0Turkish Forum\u2019da (ABD) 7 Nisan 2013 tarihinde yay\u0131nlanan yaz\u0131m\u0131 noktas\u0131na dokunmadan payla\u015fmak istedim.<\/p>\n<h2><a href=\"https:\/\/www.turkishnews.com\/tr\/content\/2021\/03\/17\/siz-turkiyeli-misiniz-yoksa-turk-mu\/\" target=\"_blank\" rel=\"noopener\">Siz T\u00fcrkiyeli misiniz, yoksa T\u00fcrk m\u00fc?<\/a><\/h2>\n<p>Yukar\u0131daki soru c\u00fcmlesi, bundan tam <em>8 y\u0131l \u00f6nce 6 Aral\u0131k 2004 <\/em>tarihinde<em> Eski\u015fehir Sakarya <\/em>gazetesinde\u00a0 \u00a0yay\u0131nlanan yaz\u0131m\u0131n ba\u015fl\u0131\u011f\u0131 idi. Malum, yeni ve demokratik bir anayasa yapma s\u00fcreci a\u011f\u0131r aksak s\u00fcr\u00fcyor. Ba\u015fkanl\u0131k sistemi de yo\u011fun bir \u015fekilde tart\u0131\u015f\u0131l\u0131yor.\u00a0 Bu kapsamda aralar\u0131nda akademisyen, siyaset\u00e7i ve emekli askerlerin bulundu\u011fu 300\u2019\u00fc a\u015fk\u0131n imzas\u0131 bulunan ve<em> 27 Mart 2013 <\/em>tarihinde yay\u0131nlanan<em> T\u00fcrk Milleti\u2019ne \u00c7a\u011fr\u0131 <\/em>adl\u0131 bildirinin yank\u0131lar\u0131 da s\u00fcr\u00fcyor. Anayasa\u2019da vatanda\u015fl\u0131k tan\u0131m\u0131 kapsam\u0131nda <em><strong>\u2018<\/strong>T\u00fcrk\u2019<\/em> kelimesinin \u00e7\u0131kar\u0131lmas\u0131 da bu kapsamda g\u00fcndeme gelmi\u015ftir ama bunun tart\u0131\u015fma konusu olmas\u0131 bence \u00e7ok yersizdir. Anayasa\u2019da, i\u00e7inde etnik aidiyeti belirtmeyen bir vatanda\u015fl\u0131k tan\u0131m\u0131 yap\u0131labilir. Taha Akyol\u2019un CNN T\u00fcrk\u2019te a\u00e7\u0131klad\u0131\u011f\u0131 1924 Anayasas\u0131\u2019ndaki ifade kalabilir g\u00f6r\u00fc\u015f\u00fcne\u00a0 kat\u0131l\u0131yorum: <em>\u201cT\u00fcrkiye\u2019de din ve \u0131rk ay\u0131rt edilmeksizin vatanda\u015fl\u0131k bak\u0131m\u0131ndan herkese T\u00fcrk denir.\u201d\u00a0 <\/em>Ayd\u0131nlar\u0131n &#8216;<em>T\u00fcrk ifadesi Anayasa\u2019dan \u00e7\u0131kmas\u0131n!<\/em>\u2019 a\u00e7\u0131klamas\u0131na da kat\u0131lmamak m\u00fcmk\u00fcn de\u011fil.<\/p>\n<p>Bildiriye imza atanlar aras\u0131nda bulunan, SBF yurdundan oda arkada\u015f\u0131m <em>Prof. Dr. \u0130lber Ortayl\u0131, \u2018T\u00fcrkiyeli\u2019 <\/em>kavram\u0131n\u0131n kabul edilemeyece\u011fini s\u00f6ylemi\u015ftir. Bu \u00e7a\u011fr\u0131n\u0131n ard\u0131ndan <em>Taraf <\/em>gazetesinden ayd\u0131nlara <em>\u2018Brakisefal T\u00fcrkleri\u2019 <\/em>\u015feklinde ele\u015ftiri gelmi\u015ftir. <em>T\u00fcrk Dil Kurumu S\u00f6zl\u00fc\u011f\u00fc\u2019nde \u00a0brakisefal <\/em>kelimesinin anlam\u0131 \u015f\u00f6yledir: \u2018<em>Kafatas\u0131n\u0131n geni\u015fli\u011fi ile uzunlu\u011fu hemen hemen e\u015fit olan, k\u0131sa kafal\u0131, kafa endeksi 80\u2019in \u00fczerinde olan.\u2019<\/em><\/p>\n<p><em>Taraf, <\/em>bildiriyi imzalayanlar\u0131 a\u00e7\u0131k\u00e7a \u2018<em>kafatas\u00e7\u0131\u2019<\/em> olarak tan\u0131mlam\u0131\u015ft\u0131r<strong><em>.<\/em><\/strong><em> T\u00fcrkiyeli <\/em>kavram\u0131n\u0131n kabul edilemeyece\u011fini vurgulayan Ortayl\u0131<em>, \u2018Birileri ben K\u00fcrt\u2019\u00fcm diyecek diye ben, T\u00fcrkl\u00fckten \u00e7\u0131kamam!\u2019 <\/em>demi\u015f ve bu konudaki g\u00f6r\u00fc\u015flerine \u015f\u00f6yle a\u00e7\u0131klam\u0131\u015ft\u0131r: <em>\u2018Co\u011frafyayla kimlik edinilmez. Mesela Fransa memleketin ad\u0131d\u0131r. Hi\u00e7 kimseye Fransa\u2019dan t\u00fcreme bir isim verilmez. Bizim ad\u0131m\u0131z\u0131n da T\u00fcrkiye\u2019den m\u00fclhem olmas\u0131 \u015fart de\u011fil. T\u00fcrkiye bir memleketin ad\u0131d\u0131r. \u2018T\u00fcrkler\u2019in \u00fclkesi\u2019 demektir.&#8217;<\/em><\/p>\n<p><em>Melih A\u015f\u0131k <\/em>k\u00f6\u015fesinde \u015funlar\u0131 yazm\u0131\u015ft\u0131r:<em> \u2018Gazeteci Banu Avar ge\u00e7mi\u015fte Fransa\u2019n\u0131n \u00fcnl\u00fc siyaset\u00e7ilerinden Patrik Deveciyan\u2019la bir m\u00fclakat yapm\u0131\u015f. Aralar\u0131nda \u015f\u00f6yle bir konu\u015fma ge\u00e7mi\u015f: \u2018Siz bir Ermeni olarak 1915 olaylar\u0131 hakk\u0131nda ne d\u00fc\u015f\u00fcn\u00fcyorsunuz?\u2019 \u2018Ben Ermeni de\u011fil, Frans\u0131z\u2019\u0131m.\u2019 \u2018Ama siz Ermeni k\u00f6kenlisiniz\u2019. \u2018Buras\u0131 bir ulus-devlet ve ben de Frans\u0131z yurtta\u015f\u0131y\u0131m. Yani Frans\u0131z\u2019\u0131m.\u2019<\/em><\/p>\n<p>Fransa\u2019da be\u015f y\u0131l g\u00f6rev yapt\u0131m. 1988 y\u0131l\u0131nda Ermenistan\u2019da b\u00fcy\u00fck bir deprem oldu. Ermeni k\u00f6kenli Frans\u0131z \u015fark\u0131c\u0131 <em>Charles Aznavour <\/em>deprem sonras\u0131nda Fransa\u2019da Ermenistan\u2019a yard\u0131m kampanyas\u0131 ba\u015flatm\u0131\u015ft\u0131r. Neden b\u00f6yle bir kampanya ba\u015flatt\u0131\u011f\u0131 soruldu\u011funda, kendisinin bir Frans\u0131z, k\u00f6kenini Ermeni oldu\u011funu s\u00f6ylemi\u015ftir<em>. Aznavour<\/em> hi\u00e7bir zaman ben bir Ermeniyim dememi\u015ftir<strong><em>. <\/em><\/strong>Yurt d\u0131\u015f\u0131nda T\u00fcrk pasaportu ta\u015f\u0131yan herkese<em> \u2018T\u00fcrk\u2019 <\/em>diye hitap ederler. Nas\u0131l Alman pasaportu ta\u015f\u0131yan birine biz Alman diyorsak<em>. <\/em>T\u00fcrkiyelilik tan\u0131mlamas\u0131, T\u00fcrk milletini b\u00f6l\u00fcp par\u00e7alamak isteyen belli mihraklar taraf\u0131ndan kullan\u0131lmaktad\u0131r. Baz\u0131 iyi niyetli T\u00fcrkler de bilmeyerek bu oyuna alet olmaktad\u0131rlar.<\/p>\n<h2>Kendi vatanda\u015f\u0131n\u0131 T\u00fcrk olarak niteleyemeyen T\u00fcrkiye<\/h2>\n<p>2001 y\u0131l\u0131nda bitkisel hayata girmi\u015f, \u00f6lmekte olan ter\u00f6r \u00f6rg\u00fct\u00fcn\u00fc ABD deste\u011fiyle \u2018alt kimlik-\u00fcst kimlik\u201d diye diye ok\u015fayarak canland\u0131ran zihniyet, \u00fclkeyi b\u00f6l\u00fcnmeye g\u00f6t\u00fcr\u00fcyor.. 75 milyonun en az 60 milyonunun \u201cT\u00fcrk\u201dl\u00fckle herhangi bir sorunu\/ derdi yokken, ABD AB \u00fcyesi devletlerin anayasalar\u0131na g\u00f6z att\u0131\u011f\u0131m\u0131zda \u2018Alman\u2019, \u2018Frans\u0131z\u2019, \u2018\u0130talyan\u2019, \u2018Yunan\u2019 gibi kavramlar\u0131 g\u00f6r\u00fcyoruz. Alman ve Alman vatanda\u015fl\u0131\u011f\u0131; Frans\u0131z, Frans\u0131z halk\u0131, Frans\u0131z vatanda\u015fl\u0131\u011f\u0131; b\u00fct\u00fcn Yunanlar, Yunan vatanda\u015f\u0131, Yunan topra\u011f\u0131 gibi kavram ve deyimlerle kar\u015f\u0131la\u015f\u0131yoruz.<\/p>\n<p>Kendi vatanda\u015f\u0131n\u0131 T\u00fcrk olarak niteleyemeyen T\u00fcrkiye\u2019nin Bat\u0131 Trakya\u2019daki ahalinin T\u00fcrk s\u0131fat\u0131yla nitelenmesini yasaklayan Yunanistan\u2019\u0131 ele\u015ftirmesi m\u00fcmk\u00fcn m\u00fc? Ad\u0131 T\u00fcrkiye olan devletin, tek olan bayra\u011f\u0131na<em> T\u00fcrk bayra\u011f\u0131 <\/em>denildi\u011fi gibi, tek olan millete de<em> T\u00fcrk milleti <\/em>denilecektir<em>.<\/em><\/p>\n<p>Avrupa dillerinde <em>\u2018T\u00fcrk kafas\u0131\u2019, \u2018T\u00fcrk gibi kuvvetli\u2019,\u2018Anne T\u00fcrkler geliyor\u2019 <\/em>gibi deyimler vard\u0131r. <em>\u2018T\u00fcrk kahvesi\u2019, \u2018T\u00fcrk hamam\u0131\u2019, \u2018T\u00fcrk mutfa\u011f\u0131\u2019, \u2018T\u00fcrk lokumu\u2019 <\/em>gibi kavramlar da d\u00fcnyaca bilinmektedir. 1571\u2019den itibaren Anadolu\u2019dan gelip K\u0131br\u0131s\u2019a yerle\u015fmi\u015f olanlara<em> K\u0131br\u0131s T\u00fcrk halk\u0131 <\/em>denilmektedir. Kuzey K\u0131br\u0131s\u2019taki devletin ad\u0131<em> Kuzey K\u0131br\u0131s T\u00fcrk Cumhuriyeti\u2019dir. \u2018T\u00fcrk ulusu\u2019, \u2018T\u00fcrk vatanda\u015f\u0131\u2019 <\/em>ve <em>\u2018T\u00fcrk\u2019 <\/em>kavramlar\u0131n\u0131 terk edersek ba\u015f\u0131nda <em>\u2018T\u00fcrk\u2019 <\/em>s\u0131fat\u0131n\u0131n yer ald\u0131\u011f\u0131 resmi kurum ve kurulu\u015flar\u0131m\u0131z\u0131n isimlerinin de\u011fi\u015ftirilmesi taleplerinin de g\u00fcndeme getirilme ihtimalini yok sayabilir miyiz?<\/p>\n<h2>T\u00fcrk yerine T\u00fcrkiye ifadesi kabul edilirse<\/h2>\n<p>T\u00fcrk yerine T\u00fcrkiye ifadesi kabul edilirse \u015fu komik durumlarla kar\u015f\u0131la\u015fmam\u0131z ka\u00e7\u0131n\u0131lmazd\u0131r:<em> T\u00fcrkiye bayra\u011f\u0131, T\u00fcrkiye Silahl\u0131 Kuvvetleri, T\u00dcRK\u0130YE HAVAYOLLARI, T\u00fcrkiye Milli Tak\u0131m\u0131, T\u00fcrkiye liras\u0131, Kuzey K\u0131br\u0131s T\u00fcrkiye Cumhuriyeti, T\u00fcrkiye hamam\u0131, T\u00fcrkiye lokumu, T\u00fcrkiye kahvesi, Hidayet T\u00fcrkiyelio\u011flu, Beyaz\u0131t \u00d6zt\u00fcrkiyeli vb. <\/em>Yurt d\u0131\u015f\u0131ndaki T\u00fcrk vatanda\u015flar\u0131na<em> \u2018T\u00fcrk sporcu\u2019, \u2018T\u00fcrk sanat\u00e7\u0131s\u0131\u2019, \u2018T\u00fcrk askeri\u2019, \u2018T\u00fcrk parlamenteri\u2019, \u2018T\u00fcrk diplomat\u0131\u2019 <\/em>denen insanlara bundan sonra acaba<em> T\u00fcrkiyeli sporcu mu diyece\u011fiz? Galatasaray, Fenerbah\u00e7e ve di\u011fer <\/em>T\u00fcrk tak\u0131mlar\u0131n\u0131n Avrupa\u2019daki ma\u00e7lar\u0131n\u0131 anlatan yabanc\u0131 spikerler acaba bu tak\u0131mlara T\u00fcrk tak\u0131m\u0131 m\u0131 yoksa <em>T\u00fcrkiye tak\u0131m\u0131 <\/em>m\u0131 demektedirler?<\/p>\n<p><em>Fatih Terim\u2019e <\/em>T\u00fcrkiye eski milli tak\u0131m antren\u00f6r\u00fc m\u00fc diyece\u011fiz? Tabii ki hay\u0131r!<em> (The former Turkish national team coach), Burak Y\u0131lmaz\u2019a T\u00fcrkiye forvet <\/em>mi diyece\u011fiz? Tabii ki hay\u0131r!<em> (Turkish international striker).<\/em> Yabanc\u0131 kaynaklarda<em> Orhan Pamuk <\/em>k\u0131saca \u00fcnl\u00fc \u2018<em>T\u00fcrk romanc\u0131s\u0131\u2019 <\/em>olarak an\u0131lm\u0131yor mu? Almanya\u2019da Hitler\u2019in iktidara gelmesiyle Nazilerden ka\u00e7an, aralar\u0131nda \u00fcnl\u00fc hukuk\u00e7u<em> Prof. Dr. Ernst Hirsh <\/em>ve \u00fcnl\u00fc maliyeci<em> Prof. Dr. Frizt <\/em>Neumark\u2019\u0131n da bulundu\u011fu Yahudi as\u0131ll\u0131 Almanlar ve aileleri,<em> \u2018T\u00fcrk vatanda\u015f\u0131\u2019 <\/em>olmalar\u0131 ve <em>\u2018T\u00fcrk\u00fcm\u2019 <\/em>dedikleri i\u00e7in hayatta kalm\u0131\u015flard\u0131r. K\u00fcrt liderler<em> Mesud Barzani <\/em>ve <em>Celal Talabani <\/em>ge\u00e7mi\u015fte kulland\u0131klar\u0131 pasaport dolay\u0131s\u0131yla<em> \u2018T\u00fcrk vatanda\u015f\u0131\u2019 <\/em>olarak g\u00f6r\u00fcnmekten, kay\u0131tlara \u2018<em>T\u00fcrk\u2019<\/em> olarak ge\u00e7irilmekten rahats\u0131zl\u0131k duymam\u0131\u015flard\u0131r.<\/p>\n<p>1992 y\u0131l\u0131nda, Arjantin\u2019in o d\u00f6nemdeki Cumhurba\u015fkan\u0131<em> Carlos Menem <\/em>Ankara\u2019ya geldi\u011finde Arjantin\u2019deki lakab\u0131n\u0131n <em>El Turco <\/em>oldu\u011funu a\u00e7\u0131klam\u0131\u015ft\u0131r. Anne ve babas\u0131n\u0131n Osmanl\u0131 devleti zaman\u0131nda Suriye\u2019de do\u011fup b\u00fcy\u00fcd\u00fckleri ve sonradan Arjantin\u2019e g\u00f6\u00e7 ettikleri i\u00e7in Arjantin\u2019de <em>El Turco <\/em>olarak adland\u0131r\u0131ld\u0131klar\u0131n\u0131 s\u00f6ylemi\u015ftir. Amerikal\u0131 \u2018<em>Amerikan\u0131m\u2019<\/em>, Frans\u0131zlar \u2018<em>Frans\u0131z\u0131m<\/em>\u2019, Almanlar \u2018<em>Alman\u0131m<\/em>\u2019 derken, T\u00fcrkiye\u2019de <em>\u2018T\u00fcrk\u00fcm\u2019 demeyip, \u2018T\u00fcrkiyeliyim\u2019 <\/em>demek, gaflet ve dalalet de\u011fil de nedir?<\/p>\n<h2>Co\u011frafyayla kimlik edinilmez<\/h2>\n<p><em>\u0130lber Ortayl\u0131 \u201cCo\u011frafyayla kimlik edinilmez. Mesela Fransa memleketin ad\u0131d\u0131r. Hi\u00e7 kimseye Fransa\u2019dan t\u00fcreme bir isim verilmez. Bizim ad\u0131m\u0131z\u0131n da T\u00fcrkiye\u2019den m\u00fclhem olmas\u0131 \u015fart de\u011fil. T\u00fcrkiye bir memleketin ad\u0131d\u0131r. \u2018T\u00fcrkler\u2019in \u00fclkesi\u2019 demektir.\u201d<\/em> derken hakl\u0131d\u0131r.<\/p>\n<p>Fransa\u2019da be\u015f y\u0131l g\u00f6rev yapt\u0131m. 1988 y\u0131l\u0131nda Ermenistan\u2019da b\u00fcy\u00fck bir deprem oldu. Ermeni k\u00f6kenli Frans\u0131z \u015fark\u0131c\u0131 Charles Aznavour deprem sonras\u0131nda Fransa\u2019da Ermenistan\u2019a yard\u0131m kampanyas\u0131 ba\u015flatm\u0131\u015ft\u0131r. Neden b\u00f6yle bir kampanya ba\u015flatt\u0131\u011f\u0131 soruldu\u011funda, kendisinin bir Frans\u0131z, k\u00f6kenini Ermeni oldu\u011funu s\u00f6ylemi\u015ftir. <em>Aznavour hi\u00e7bir zaman ben bir Ermeniyim dememi\u015ftir.<\/em><\/p>\n<p><em>Yurt d\u0131\u015f\u0131nda T\u00fcrk pasaportu ta\u015f\u0131yan herkese \u2018T\u00fcrk\u2019 diye hitap ederler. <\/em>Nas\u0131l Alman pasaportu ta\u015f\u0131yan birine biz Alman diyorsak. T\u00fcrkiyelilik tan\u0131mlamas\u0131, T\u00fcrk milletini b\u00f6l\u00fcp par\u00e7alamak isteyen belli mihraklar taraf\u0131ndan kullan\u0131lmaktad\u0131r. Baz\u0131 iyi niyetli T\u00fcrkler de bilmeyerek bu oyuna alet olmaktad\u0131rlar.<\/p>\n<p><em>\u2018Co\u011frafyayla kimlik edinilmez. Mesela Fransa memleketin ad\u0131d\u0131r. Hi\u00e7 kimseye Fransa\u2019dan t\u00fcreme bir isim verilmez. Bizim ad\u0131m\u0131z\u0131n da T\u00fcrkiye\u2019den m\u00fclhem olmas\u0131 \u015fart de\u011fil. T\u00fcrkiye bir memleketin ad\u0131d\u0131r. \u2018T\u00fcrkler\u2019in \u00fclkesi\u2019 demektir.\u201d<\/em><\/p>\n<h2>Neden T\u00fcrkiyelilik olmaz?<\/h2>\n<p>Ge\u00e7mi\u015fte, Ankara Cumhuriyet Ba\u015fsavc\u0131s\u0131 T\u00fcrkiyelilik \u00fcst kimli\u011fini \u00f6neren Az\u0131nl\u0131klar Raporu sebebiyle <em>Prof. Dr. Bask\u0131n Oran<\/em> ile eski Ba\u015fbakanl\u0131k \u0130nsan Haklar\u0131 Dan\u0131\u015fma Kurulu Ba\u015fkan\u0131 <em>Prof. Dr.<\/em> <em>\u0130brahim Kabo\u011flu<\/em> hakk\u0131nda dava a\u00e7m\u0131\u015ft\u0131r. Ba\u015fsavc\u0131l\u0131\u011f\u0131n Az\u0131nl\u0131k Raporu\u2019nda <em>T\u00fcrkl\u00fck yerine T\u00fcrkiyelilik<\/em> kavram\u0131n\u0131n \u00f6nerilmesinin neden su\u00e7 olu\u015fturdu\u011fu \u015f\u00f6yle a\u00e7\u0131klanm\u0131\u015ft\u0131r:<\/p>\n<p><em>\u201cBurada kullan\u0131lan T\u00fcrk kelimesi etnik-sosyolojik ile b\u00fct\u00fcn T\u00fcrkiye Cumhuriyeti vatanda\u015flar\u0131n\u0131 kapsamaktad\u0131r. \u00a0 Nitekim bug\u00fcn \u0130ngiltere devleti vatanda\u015f\u0131na \u0130ngiltereli de\u011fil, \u0130ngiliz,\u00a0 Almanya devleti vatanda\u015flar\u0131na Almanyal\u0131 de\u011fil Alman, Fransa devleti \u00a0 vatanda\u015f\u0131na Fransal\u0131 de\u011fil, Frans\u0131z denilmektedir. Bu \u00fclkelerde tek bir \u0131rk ya\u015famamaktad\u0131r. \u00d6rne\u011fin, Fransa milletini yani Fransa\u2019y\u0131 olu\u015fturan etnik unsurlar\u0131 Kelt, Flaman, Alzas, Katalan, Bask, Br\u00f6ton, Normanlar ve ba\u015fka \u0131rklar olu\u015fturmaktad\u0131r. Buradaki bir Frans\u0131z vatanda\u015f\u0131n\u0131n Je suis Fran\u00e7ais (Ben Frans\u0131z\u0131m) derken Frans\u0131z oldu\u011funu s\u00f6ylemesi sorun yaratmazken, bir T\u00fcrk vatanda\u015f\u0131n\u0131n T\u00fcrkiyeli oldu\u011funu s\u00f6ylemesini istemenin nedeni nedir?\u201d<\/em><\/p>\n<p>\u00d6zdemir \u0130nce, bunu \u00e7ok g\u00fczel a\u00e7\u0131klam\u0131\u015ft\u0131r<em>: <\/em><\/p>\n<p><em>\u201cGalya topraklar\u0131nda Kelt, Flaman, Alzas, Katalan, Bask, Br\u00f6ton, Norman vb. halklar\u0131n ya\u015famas\u0131na kar\u015f\u0131n bu \u00fclke Fransa ad\u0131n\u0131 alm\u0131\u015fsa, bunun nedeni Franklar\u0131n olu\u015fturucu, kurucu ve birle\u015ftirici rol\u00fcnde aramal\u0131y\u0131z. T\u00fcrklerin Sel\u00e7uklu ve Osmanl\u0131 topraklar\u0131nda bin y\u0131ld\u0131r y\u00fcklendi\u011fi ve oynad\u0131\u011f\u0131 rol de i\u015fte budur.&#8221;<\/em><\/p>\n<p>&nbsp;<\/p>\n<p>&nbsp;<\/p>\n<p>&nbsp;<\/p>\n","protected":false},"excerpt":{"rendered":"<p>Galya topraklar\u0131nda Kelt, Flaman, Alzas, Norman gibi halklar\u0131n ya\u015famas\u0131na kar\u015f\u0131n bu \u00fclke Fransa ad\u0131n\u0131 alm\u0131\u015ft\u0131r \u00e7\u00fcnk\u00fc Franklar olu\u015fturucu, kurucu ve birle\u015ftirici rol oynam\u0131\u015ft\u0131r. T\u00fcrklerin Anadolu topraklar\u0131nda bin y\u0131ld\u0131r y\u00fcklendi\u011fi ve oynad\u0131\u011f\u0131 rol nedeniyle T\u00fcrkiyeliler de\u011fil T\u00fcrkler vard\u0131r.<\/p>\n","protected":false},"author":3,"featured_media":15725,"comment_status":"open","ping_status":"open","sticky":false,"template":"","format":"standard","meta":{"_ef_editorial_meta_date_first-draft-date":"","_ef_editorial_meta_paragraph_assignment":"","footnotes":"","_links_to":"","_links_to_target":""},"categories":[68],"tags":[2352,2353,2347,2351,2346,2348,609,2350,187,2349,308],"coauthors":[6],"class_list":["post-15711","post","type-post","status-publish","format-standard","has-post-thumbnail","hentry","category-turkluk-turkculuk","tag-celal-talabani","tag-charles-aznavour","tag-ilber-ortayli","tag-mesud-barzani","tag-patrik-deveciyan","tag-taha-akyol","tag-turk","tag-turk-hava-yollari","tag-turkiye","tag-turkiye-hava-yollari","tag-turkluk"],"_links":{"self":[{"href":"https:\/\/millidusunce.com\/misak\/wp-json\/wp\/v2\/posts\/15711","targetHints":{"allow":["GET"]}}],"collection":[{"href":"https:\/\/millidusunce.com\/misak\/wp-json\/wp\/v2\/posts"}],"about":[{"href":"https:\/\/millidusunce.com\/misak\/wp-json\/wp\/v2\/types\/post"}],"author":[{"embeddable":true,"href":"https:\/\/millidusunce.com\/misak\/wp-json\/wp\/v2\/users\/3"}],"replies":[{"embeddable":true,"href":"https:\/\/millidusunce.com\/misak\/wp-json\/wp\/v2\/comments?post=15711"}],"version-history":[{"count":6,"href":"https:\/\/millidusunce.com\/misak\/wp-json\/wp\/v2\/posts\/15711\/revisions"}],"predecessor-version":[{"id":15732,"href":"https:\/\/millidusunce.com\/misak\/wp-json\/wp\/v2\/posts\/15711\/revisions\/15732"}],"wp:featuredmedia":[{"embeddable":true,"href":"https:\/\/millidusunce.com\/misak\/wp-json\/wp\/v2\/media\/15725"}],"wp:attachment":[{"href":"https:\/\/millidusunce.com\/misak\/wp-json\/wp\/v2\/media?parent=15711"}],"wp:term":[{"taxonomy":"category","embeddable":true,"href":"https:\/\/millidusunce.com\/misak\/wp-json\/wp\/v2\/categories?post=15711"},{"taxonomy":"post_tag","embeddable":true,"href":"https:\/\/millidusunce.com\/misak\/wp-json\/wp\/v2\/tags?post=15711"},{"taxonomy":"author","embeddable":true,"href":"https:\/\/millidusunce.com\/misak\/wp-json\/wp\/v2\/coauthors?post=15711"}],"curies":[{"name":"wp","href":"https:\/\/api.w.org\/{rel}","templated":true}]}}