{"id":16375,"date":"2022-11-02T19:00:06","date_gmt":"2022-11-02T16:00:06","guid":{"rendered":"https:\/\/millidusunce.com\/misak\/?p=16375"},"modified":"2022-11-02T20:58:23","modified_gmt":"2022-11-02T17:58:23","slug":"cumhuriyetin-100-yilinda-turk-milliyetcisi-aydinlara-cagri","status":"publish","type":"post","link":"https:\/\/millidusunce.com\/misak\/cumhuriyetin-100-yilinda-turk-milliyetcisi-aydinlara-cagri\/","title":{"rendered":"Cumhuriyet\u2019in 100. Y\u0131l\u0131nda T\u00fcrk Milliyet\u00e7isi Ayd\u0131nlara \u00c7a\u011fr\u0131"},"content":{"rendered":"<p>Cumhuriyet\u2019in100. Y\u0131l\u0131ndan g\u00fcn almaya ba\u015flad\u0131k. Ama kutlamalarda ne bir heyecan ne de bir fark\u0131ndal\u0131k g\u00f6r\u00fcl\u00fcyor. \u0130stanbul, Ankara gibi baz\u0131 B\u00fcy\u00fck\u015fehir belediyelerinin kutlamalar\u0131 d\u0131\u015f\u0131nda 29 Ekim s\u00f6n\u00fck ge\u00e7ti. Milli bayramlar\u0131m\u0131z art\u0131k g\u00f6r\u00fcn\u00fcr olmaktan \u00e7\u0131kt\u0131. Bu, bir bilin\u00e7li tercih gibi. Baz\u0131 d\u00fc\u015f\u00fcnce insanlar\u0131na g\u00f6re siyasi irade, adeta T\u00fcrk Milliyet\u00e7ili\u011fini, Ulus-devleti ve hatta cumhuriyetin i\u015flevini kendi kurgulayaca\u011f\u0131 gelece\u011fe has\u0131m olarak g\u00f6r\u00fcyor. Nitekim, kimi zaman aleni \u015fekilde itiraf edilmese de, bulundu\u011fu yeri siyasi iradeye mutlak sadakate bor\u00e7lu olan kimi b\u00fcrokratlar\u0131n a\u00e7\u0131klamalar\u0131ndan bu kayg\u0131y\u0131 daha berrak bi\u00e7imde hissediyoruz.<\/p>\n<p>Milli bayramlara duyars\u0131zl\u0131k neden? \u00c7\u00fcnk\u00fc, bu bayramlar modern ulus-devletler a\u00e7\u0131s\u0131ndan b\u00fcy\u00fck bir \u00f6nem ta\u015f\u0131yor. Bu \u00f6nem de milli bilinci in\u015fa edenin sek\u00fcler rit\u00fceller olmas\u0131ndan kaynaklan\u0131yor. Milli bayramlar toplumun bilin\u00e7lenmesinde ve dayan\u0131\u015fman\u0131n sa\u011flamas\u0131nda etkin rol oynar. \u201cMillet\u201d formunda bir toplum yap\u0131s\u0131na kar\u015f\u0131 iseniz, milli bayramlara da kar\u015f\u0131 olursunuz. Mesela toplum kar\u015f\u0131t\u0131 bir liberal milli bayramlara kar\u015f\u0131d\u0131r, \u00e7\u00fcnk\u00fc bayramlar kolektivist bir bilin\u00e7 ve kimlik verir. Dini esas alan \u00fcmmet\u00e7iler de \u201cMillet\u201de kar\u015f\u0131d\u0131r \u00e7\u00fcnk\u00fc onlar i\u00e7in as\u0131l olan M\u00fcsl\u00fcmanl\u0131kt\u0131r, T\u00fcrkl\u00fck de\u011fil. And\u0131m\u0131z gibi T\u00fcrk kimli\u011fini g\u00fcnl\u00fck olarak yeniden \u00fcreten rit\u00fcellerin b\u00fcy\u00fck bir heyecanla uygulamadan kald\u0131r\u0131lmas\u0131n\u0131n sebebi de budur.<\/p>\n<ol start=\"100\">\n<li>Y\u0131l\u0131na girerken Cumhuriyeti seven, sayg\u0131 duyan sahiplenen ve y\u00fcceltmek i\u00e7in u\u011fra\u015fanlar\u0131n her alanda iktidar olmamas\u0131, at\u0131l kalmas\u0131 bu s\u00f6n\u00fckl\u00fc\u011f\u00fcn ba\u015fl\u0131ca nedenidir. Oysa Cumhuriyetin 75. Y\u0131l\u0131 ile Osmanl\u0131 Devleti\u2019nin kurulu\u015funun 700. Y\u0131l\u0131n\u0131n nas\u0131l bir co\u015fku ile kutland\u0131\u011f\u0131 hala hat\u0131rlardad\u0131r. Nice ansiklopediler, kitaplar, bu y\u0131la \u00f6zel logolarla \u00e7\u0131kt\u0131. Y\u00fczlerce birbirinden de\u011ferli farkl\u0131 b\u00fcy\u00fckl\u00fckte sempozyumlar, kongreler, paneller, konferanslar d\u00fczenlendi. Konserler, tiyatrolar sahne g\u00f6rd\u00fc. S\u00fcrekli g\u00fcndemde yer alan ve toplumun da b\u00f6l\u00fcnmesinde \u00f6nemli bir etken olarak g\u00f6r\u00fclebilecek olan Osmanl\u0131-Cumhuriyet kar\u015f\u0131tl\u0131\u011f\u0131 bu etkinlikler sayesinde o y\u0131llarda b\u00fcy\u00fck \u00f6l\u00e7\u00fcde a\u015f\u0131ld\u0131. \u00d6zellikle Osmanl\u0131 ile bar\u0131\u015fmada ciddi bir ilerleme sa\u011flan\u0131rken, maalesef Cumhuriyetle bar\u0131\u015fma ideolojik saplant\u0131lar\u0131 kolay kolay a\u015famad\u0131 ve bug\u00fcne kadar s\u00fcren varl\u0131\u011f\u0131n\u0131 korudu. En \u00f6nemli beslenme kaynaklar\u0131 Cumhuriyet ve Atat\u00fcrk\u2019e d\u00fc\u015fmanl\u0131k olan baz\u0131 gruplar\u0131n Cumhuriyetle bar\u0131\u015fmas\u0131 m\u00fcmk\u00fcn de\u011fildi, \u00e7\u00fcnk\u00fc en \u00f6nemli beslenme kaynaklar\u0131 Cumhuriyet ve Atat\u00fcrk\u2019e olan d\u00fc\u015fmanl\u0131kt\u0131. Onlar, ancak bu d\u00fc\u015fmanl\u0131klarla ve kinle kendi varl\u0131klar\u0131n\u0131 koruyabiliyorlard\u0131. Kimliklerinin olmazsa olmaz\u0131 idi. Ayn\u0131 \u015fekilde Ermeni soyk\u0131r\u0131m\u0131 iddias\u0131n\u0131n Ermeni kimli\u011finin in\u015fas\u0131nda oynad\u0131\u011f\u0131 kurucu i\u015flev gibi muhafazak\u00e2r \u0130slamc\u0131 ayd\u0131nlarda ve kitleler de Atat\u00fcrk ve Cumhuriyet kar\u015f\u0131tl\u0131\u011f\u0131 ayn\u0131 i\u015flevi g\u00f6rmektedir.<\/li>\n<\/ol>\n<p>T\u00fcrk Milliyet\u00e7ilerinin tarih telakkisi ne sa\u011f\u0131n ne de solun d\u0131\u015flay\u0131c\u0131l\u0131ktan ve d\u00fc\u015fmanl\u0131ktan beslenen tarih yakla\u015f\u0131mlar\u0131 ile \u00f6rt\u00fc\u015f\u00fcr. \u0130ncelendi\u011finde modern bir toplumda olmas\u0131 gerekti\u011fi gibi tarihi s\u00fcreklili\u011fin milli tarihin temelini te\u015fkil etti\u011fi g\u00f6r\u00fcl\u00fcr. Bu milli bilinci in\u015fa edici telakki de aynen \u015fudur: Osmanl\u0131 da Cumhuriyet de bizimdir.<\/p>\n<p>T\u00fcrk milliyet\u00e7ilerine y\u00fczy\u0131l\u0131n ba\u015f\u0131nda oldu\u011fu gibi bug\u00fcn de b\u00fcy\u00fck bir vazife d\u00fc\u015f\u00fcyor. Cumhuriyet, Balkan Sava\u015flar\u0131, Birinci D\u00fcnya Sava\u015f\u0131 ve \u0130stiklal Harbi gibi varolu\u015f kavgas\u0131 sonucunda ilan edildi. Cumhuriyet ilan edilince her \u015fey g\u00fcll\u00fck g\u00fclistanl\u0131k olmad\u0131. Atat\u00fcrk\u2019\u00fcn vefat\u0131 ile hem T\u00fcrk kimli\u011fi hem de siyasi ve k\u00fclt\u00fcrel hayat kurulu\u015f ilkelerinden sapan bir \u00e7izgiye kayd\u0131.<\/p>\n<p>T\u00fcrkiye Cumhuriyeti\u2019nin modern bir ulus-devlet olarak kurulu\u015funa iki ana toplumsal ve ideolojik alandan sald\u0131r\u0131 geldi. Birincisi etnik ikincisi de dini karakterli sald\u0131r\u0131. Birincisi K\u00fcrt etnisitesi \u00fczerinden bir dizi ayaklanma ve en son da PKK ter\u00f6r \u00f6rg\u00fct\u00fc ile ba\u015flayan ve halen devam sald\u0131r\u0131. \u0130kincisi de \u0130slam\u00ee g\u00f6r\u00fcn\u00fcml\u00fc tarikat, cemaat merkezli siyasal \u0130slamc\u0131 sald\u0131r\u0131. \u0130kisi de bug\u00fcn T\u00fcrk devleti ve kimli\u011fine kar\u015f\u0131tl\u0131kta mutabakat sa\u011flam\u0131\u015ft\u0131r. Millet olma s\u00fcrecinde bu iki toplumsal ve siyasi \u201cmuhalefet\u201d olumsuz etkide bulunmu\u015ftur. Bug\u00fcn halen darbelerle, ter\u00f6rle, tarikat\u00e7\u0131 yap\u0131larla, ekonomik krizlerle bo\u011fu\u015fmam\u0131z\u0131n arka plan\u0131nda oturmam\u0131\u015f bir sosyo-politik ve k\u00fclt\u00fcrel sistem vard\u0131r. Toplumsal ve ekonomik d\u00f6n\u00fc\u015f\u00fcmler T\u00fcrkiye Cumhuriyeti\u2019ne radikal sald\u0131r\u0131lar olarak tezah\u00fcr ederken toplum ahlaki ilke, de\u011fer ve normlar\u0131yla ciddi bir \u00e7\u00f6k\u00fc\u015f ya\u015famakta.<\/p>\n<p>Cumhuriyetimizin 100. Y\u0131l\u0131na girerken umutsuzlu\u011fa kap\u0131lmaya gerek yok. Varl\u0131k yokluk m\u00fccadelesinde, nas\u0131l b\u00fcy\u00fck bir dirili\u015f ve yeniden in\u015fa ile var olunurken, bug\u00fcn d\u00fcnden daha k\u00f6t\u00fc de\u011filiz. Evet, d\u00fc\u015fmanlar ayn\u0131, g\u00fc\u00e7l\u00fc, ama \u00f6zelde T\u00fcrk milliyet\u00e7ileri ve genelde T\u00fcrk kimli\u011finin mensuplar\u0131 \u00e7ok daha g\u00fc\u00e7l\u00fc. Eskiye nazaran \u00e7ok daha donan\u0131ml\u0131 bir entelekt\u00fcel kadroya sahibiz. Toplumu, devleti ve k\u00fclt\u00fcr hayat\u0131n\u0131 yeniden ba\u015flang\u0131\u00e7 ilkeleri do\u011frultusunda yap\u0131land\u0131rabiliriz. B\u00fct\u00fcn sapmalar\u0131 yeniden ana yoluna sokacak bir at\u0131l\u0131m ger\u00e7ekle\u015ftirebiliriz.<\/p>\n<p>Bu y\u00fczy\u0131l\u0131 dolu dolu ya\u015famak i\u00e7in de devletten umudumuz olmasa da b\u00fct\u00fcn sivil toplum \u00f6rg\u00fctleri topluma da dahil olacak \u015fekilde en g\u00fczel ve olmas\u0131 gerekti\u011fi bi\u00e7imde kutlamalar ger\u00e7ekle\u015ftirebiliriz.<\/p>\n<p>Say\u0131lar\u0131 binleri bulan T\u00fcrk milliyet\u00e7isi ayd\u0131nlar kendi disiplinleri i\u00e7erisinde ve \u00e7al\u0131\u015fma sahas\u0131nda Cumhuriyete adanm\u0131\u015f kitap yay\u0131mlamak b\u00fcy\u00fck at\u0131l\u0131m\u0131n ilk ad\u0131m\u0131 olacakt\u0131r. Musiki sanat\u00e7\u0131lar\u0131m\u0131z bir t\u00fcrk\u00fc, \u015fark\u0131, konser ortaya koyarken mimarlar\u0131m\u0131z \u00f6zg\u00fcn bir yap\u0131t yaratabilirler. Sanat\u00e7\u0131lar\u0131m\u0131z bir roman, hik\u00e2ye kitab\u0131 ile katk\u0131 sunarken tarih\u00e7ilerimiz bug\u00fcne dokunan tarih eserleri ile katk\u0131 sunabilir. Siyaset bilimci, sosyolog, e\u011fitimci, felsefeci, dilci, edebiyat tarih\u00e7ileri, ele\u015ftirmenlerimiz mutlaka bir kitap ile katk\u0131 sunmal\u0131d\u0131r. On binlerce T\u00fcrk milliyet\u00e7isi ayd\u0131n\u0131n i\u00e7inden edilgen, korkak, bir yerlere ba\u011fl\u0131 olanlar\u0131 \u00e7\u0131karsak dahi, en az bin akademisyen, sanat\u00e7\u0131, yazar\u0131m\u0131z ile bin eser Cumhuriyete arma\u011fan edilebilir.<\/p>\n<p>Bu bin eserin, Atat\u00fcrk, Cumhuriyet, T\u00fcrk kimli\u011fi ve milliyet\u00e7ili\u011fe yapaca\u011f\u0131 vurgu \u00e7ok \u00f6nemli ve yararl\u0131 olacakt\u0131r. Bu eserlerle, hem T\u00fcrkiye Cumhuriyeti\u2019ne yap\u0131lan sald\u0131r\u0131lar\u0131n \u00f6n\u00fcnde art\u0131k y\u0131k\u0131lmaz bir set olu\u015fturulabilir hem de yeni y\u00fczy\u0131l\u0131n, T\u00fcrk y\u00fczy\u0131l\u0131n\u0131n ba\u015far\u0131laca\u011f\u0131 Cumhuriyet bi\u00e7im ve i\u015flev olarak yeniden tasarlanabilir.<\/p>\n","protected":false},"excerpt":{"rendered":"<p>Mill\u00ee bayramlara d\u00fc\u015fmanl\u0131k neden? \u00c7\u00fcnk\u00fc, bu bayramlar modern ulus-devletler a\u00e7\u0131s\u0131ndan b\u00fcy\u00fck bir \u00f6nem ta\u015f\u0131yor. Bu \u00f6nem de mill\u00ee bilinci in\u015fa eden sek\u00fcler rit\u00fceller olmas\u0131ndan kaynaklan\u0131yor. Mill\u00ee bayramlar toplumun bilin\u00e7lenmesinde ve dayan\u0131\u015fman\u0131n sa\u011flamas\u0131nda etkin rol oynar. <\/p>\n","protected":false},"author":37,"featured_media":16380,"comment_status":"open","ping_status":"open","sticky":false,"template":"","format":"standard","meta":{"_ef_editorial_meta_date_first-draft-date":"","_ef_editorial_meta_paragraph_assignment":"","footnotes":"","_links_to":"","_links_to_target":""},"categories":[68],"tags":[259,1072,2486,2485,2488,2487],"coauthors":[39],"class_list":["post-16375","post","type-post","status-publish","format-standard","has-post-thumbnail","hentry","category-turkluk-turkculuk","tag-ataturk","tag-cumhuriyet","tag-cumhuriyetin-100-yili","tag-ikbal-vurucu","tag-kitap","tag-turk-milliyetcileri"],"_links":{"self":[{"href":"https:\/\/millidusunce.com\/misak\/wp-json\/wp\/v2\/posts\/16375","targetHints":{"allow":["GET"]}}],"collection":[{"href":"https:\/\/millidusunce.com\/misak\/wp-json\/wp\/v2\/posts"}],"about":[{"href":"https:\/\/millidusunce.com\/misak\/wp-json\/wp\/v2\/types\/post"}],"author":[{"embeddable":true,"href":"https:\/\/millidusunce.com\/misak\/wp-json\/wp\/v2\/users\/37"}],"replies":[{"embeddable":true,"href":"https:\/\/millidusunce.com\/misak\/wp-json\/wp\/v2\/comments?post=16375"}],"version-history":[{"count":6,"href":"https:\/\/millidusunce.com\/misak\/wp-json\/wp\/v2\/posts\/16375\/revisions"}],"predecessor-version":[{"id":16390,"href":"https:\/\/millidusunce.com\/misak\/wp-json\/wp\/v2\/posts\/16375\/revisions\/16390"}],"wp:featuredmedia":[{"embeddable":true,"href":"https:\/\/millidusunce.com\/misak\/wp-json\/wp\/v2\/media\/16380"}],"wp:attachment":[{"href":"https:\/\/millidusunce.com\/misak\/wp-json\/wp\/v2\/media?parent=16375"}],"wp:term":[{"taxonomy":"category","embeddable":true,"href":"https:\/\/millidusunce.com\/misak\/wp-json\/wp\/v2\/categories?post=16375"},{"taxonomy":"post_tag","embeddable":true,"href":"https:\/\/millidusunce.com\/misak\/wp-json\/wp\/v2\/tags?post=16375"},{"taxonomy":"author","embeddable":true,"href":"https:\/\/millidusunce.com\/misak\/wp-json\/wp\/v2\/coauthors?post=16375"}],"curies":[{"name":"wp","href":"https:\/\/api.w.org\/{rel}","templated":true}]}}