{"id":16381,"date":"2022-11-01T00:00:00","date_gmt":"2022-11-01T00:00:00","guid":{"rendered":"https:\/\/millidusunce.com\/misak\/?p=16381&#038;preview=true&#038;preview_id=16381"},"modified":"2022-11-01T11:48:17","modified_gmt":"2022-11-01T08:48:17","slug":"cumhuriyet-bayrami","status":"publish","type":"post","link":"https:\/\/millidusunce.com\/misak\/cumhuriyet-bayrami\/","title":{"rendered":"Cumhuriyet Bayram\u0131"},"content":{"rendered":"<p>Cumhuriyetimizin kurucusu ve ilk Cumhurba\u015fkan\u0131m\u0131z Gazi Mustafa Kemal Atat\u00fcrk&#8217;\u00fc, silah arkada\u015flar\u0131n\u0131 ve ba\u011f\u0131ms\u0131zl\u0131\u011f\u0131m\u0131z i\u00e7in m\u00fccadele eden t\u00fcm\u00a0 \u015fehitlerimizi rahmetle an\u0131yorum. \u00a0Gazi Mustafa Kemal Atat\u00fcrk&#8217;\u00fcn <em>&#8216;Ya \u0130stiklal, Ya \u00d6l\u00fcm&#8217;<\/em> hedefiyle manda ve himayeye kar\u015f\u0131 duran T\u00fcrk Ulusu\u2019nun en b\u00fcy\u00fck kazan\u0131m\u0131 olan Cumhuriyetimizin 99. y\u0131l\u0131n\u0131 kutlaman\u0131n onuru, gururu ve heyecan\u0131n\u0131 ya\u015f\u0131yorum.<\/p>\n<p>Mustafa Kemal Atat\u00fcrk&#8217;\u00fcn \u00e7evresinde T\u00fcrk Ulusu\u2019nun kenetlenmesiyle y\u00fcr\u00fct\u00fclen Mill\u00ee M\u00fccadele&#8217;nin zaferle sonu\u00e7lanmas\u0131 ve ard\u0131ndan T\u00fcrkiye Cumhuriyeti&#8217;nin kurulmas\u0131, tarihin ender kaydetti\u011fi bir ba\u015far\u0131d\u0131r. Cumhuriyet, y\u00fcksek ahlaki de\u011fer ve niteliklere dayanan bir idaredir, Cumhuriyet fazilettir.<\/p>\n<p>1925 y\u0131l\u0131nda \u00e7\u0131kar\u0131lan yasa ile her y\u0131l 29 Ekim mill\u00ee bayram olarak kutlanmaya ba\u015flanm\u0131\u015ft\u0131r.<\/p>\n<p><em>\u201cCumhuriyet, <\/em><em>d\u00fc\u015f\u00fcncesi h\u00fcr, anlay\u0131\u015f\u0131 h\u00fcr, vicdan\u0131 h\u00fcr nesiller ister. Cumhuriyeti kuranlar onu korumaya da muktedir olmal\u0131d\u0131r. Ey y\u00fckselen yeni nesil! \u0130stikbal sizindir. <strong>Cumhuriyeti biz kurduk, onu devam ettirecek sizlersiniz.\u201d \u00a0<\/strong><\/em><\/p>\n<p>Atat\u00fcrk\u2019\u00fcn T\u00fcrk milletine y\u00f6nelik\u00a0 tespitleri g\u00fcn\u00fcm\u00fcz i\u00e7in \u00e7ok \u00f6nemlidir: <em>\u201cCumhuriyet, \u00a0y\u00fcksek ahlaki de\u011fer ve niteliklere dayanan bir idaredir. Cumhuriyet idaresi fazileti ve namuslu insanlar yeti\u015ftirir. T\u00fcrk Milleti\u2019nin karakterine\u00a0 en yu\u011fun olan y\u00f6netim cumhuriyettir. <strong>Benim na\u00e7iz v\u00fccudum bir g\u00fcn elbet toprak olacakt\u0131r. Fakat T\u00fcrkiye Cumhuriyeti ilelebet payidar kalacakt\u0131r.<\/strong> T\u00fcrkiye Cumhuriyeti, \u015feyhler dervi\u015fler, m\u00fcritler, mensuplar memleketi olamaz. <strong>En do\u011fru, en ger\u00e7ek tarikat medeniyet tarikat\u0131d\u0131r<\/strong>.\u201d<\/em><\/p>\n<p>AKP Milletvekili <strong>Mahir \u00dcnal<\/strong>&#8216;\u0131n <em>\u201cTarihteki en sert k\u00fclt\u00fcrel devrim T\u00fcrkiye\u2019de ya\u015fanm\u0131\u015ft\u0131r. Mesela Frans\u0131z devrimi her \u015feyi y\u0131km\u0131\u015ft\u0131r ama l\u00fcgate dokunmam\u0131\u015ft\u0131r. Yine en sert devrimlerden bir tanesi Mao\u2019nun \u00c7in k\u00fclt\u00fcr devrimidir. L\u00fcgate dokunmam\u0131\u015ft\u0131r. Ama maalesef bir k\u00fclt\u00fcr devrimi olarak Cumhuriyet; bizim l\u00fcgatimizi, alfabemizi, dilimizi has\u0131l\u0131 b\u00fct\u00fcn d\u00fc\u015f\u00fcnme setlerimizi yok etmi\u015ftir\u201d<\/em> a\u00e7\u0131klamas\u0131 ile Atat\u00fcrk\u2019\u00fcn yukar\u0131daki tespitleri \u00a0birbirinden \u00e7ok farkl\u0131d\u0131r.. Cumhurba\u015fkan\u0131\u00a0<a href=\"https:\/\/www.sondakika.com\/recep-tayyip-erdogan\/\"> Erdo\u011fan<\/a>, AK Parti taraf\u0131ndan haz\u0131rlanan <strong>T\u00fcrkiye Y\u00fczy\u0131l\u0131<\/strong> \u00a0vizyonundaki 16 farkl\u0131 ba\u015fl\u0131\u011f\u0131 a\u00e7\u0131klam\u0131\u015ft\u0131r. Fakat bu a\u00e7\u0131klamalar \u00a0Mahir \u00dcnal&#8217;\u0131n g\u00f6r\u00fc\u015fleri ile \u00a0\u00e7eli\u015fmektedir.<\/p>\n<p>\u00c7ok \u00f6nemli bir tespiti <strong>1966-1967<\/strong> d\u00f6neminde SBF yurdunda oda arkada\u015f\u0131m olan Prof. Dr. <strong>\u0130lber Ortayl\u0131<\/strong> yapm\u0131\u015ft\u0131r. Ortayl\u0131, Halk TV&#8217;de \u0130smail K\u00fc\u00e7\u00fckkaya ile Yeni Bir Sabah&#8217;\u0131n konu\u011fu olmu\u015f ve <strong><em>&#8220;Yar\u0131n 99 y\u0131l oluyor. 100&#8217;\u00fcnc\u00fc y\u0131la hi\u00e7bir ciddi haz\u0131rl\u0131k g\u00f6rm\u00fcyorum.&#8221;<\/em><\/strong> \u00a0demi\u015ftir.<\/p>\n<p><em>\u201c<\/em><em>Yar\u0131n 99 y\u0131l oluyor. 100&#8217;\u00fcnc\u00fc y\u0131la hi\u00e7bir ciddi haz\u0131rl\u0131k g\u00f6rm\u00fcyorum. Seminer, kongre g\u00f6rm\u00fcyorum\u2026Ne bir mar\u015f, ne bir yar\u0131\u015fma a\u00e7\u0131ld\u0131\u011f\u0131n\u0131 duydum\u2026Buras\u0131 \u00fc\u00e7 g\u00fcnl\u00fck bir memleket de\u011fil. Bir Cumhuriyet&#8217;in 100&#8217;\u00fcnc\u00fc y\u0131l\u0131 \u00e7ok \u00f6nemli bir \u015fey. Saltanat denen uzun bir m\u00fcessesenin ortadan kalk\u0131\u015f\u0131n\u0131n bu Kas\u0131m&#8217;da 100. y\u0131l\u0131nday\u0131z. Hani nerede bir \u015fey var m\u0131 bir haz\u0131rl\u0131k?&#8230;Tabii gen\u00e7li\u011fimizin durumu \u00e7ok hazin. \u00c7ok yetenekli insan var ama korkar\u0131m ki biz bunlar\u0131 kaybedece\u011fiz\u2026 Durduk yere yeti\u015ftirdi\u011fimiz elemanlar\u0131 yolluyoruz. Bu feci bir \u015fey, bunu nas\u0131l hazmediyor bir cemiyet anlam\u0131yorum.\u201d<\/em> derken \u00e7ok hakl\u0131d\u0131r.<\/p>\n<p>ABD Ba\u015fkan\u0131 <strong>John F. Kennedy<\/strong>\u2019nin <em>\u201cAtat\u00fcrk bu y\u00fczy\u0131l\u0131n b\u00fcy\u00fck insanlar\u0131ndan birinin tarihi ba\u015far\u0131lar\u0131n\u0131, T\u00fcrk halk\u0131na ilham veren liderli\u011fini, modern d\u00fcnyan\u0131n ileri g\u00f6r\u00fc\u015fl\u00fc anlay\u0131\u015f\u0131n\u0131 ve bir askeri lider olarak kudret ve y\u00fcksek cesaretini hat\u0131rlatmaktad\u0131r. \u00c7\u00f6k\u00fcnt\u00fc halinde bulunan bir imparatorluktan \u00f6zg\u00fcr T\u00fcrkiye&#8217;nin do\u011fmas\u0131, yeni T\u00fcrkiye&#8217;nin \u00f6zg\u00fcrl\u00fck ve ba\u011f\u0131ms\u0131zl\u0131\u011f\u0131n\u0131 \u015ferefli bir \u015fekilde ilan etmesi ve o zamandan beri korumas\u0131, Atat\u00fcrk&#8217;\u00fcn T\u00fcrk halk\u0131n\u0131n i\u015fidir. <strong>\u015e\u00fcphesiz ki, T\u00fcrkiye&#8217;de giri\u015fti\u011fi derin ve geni\u015f ink\u0131laplar kadar bir kitlenin kendisine olan g\u00fcvenini daha ba\u015far\u0131 ile g\u00f6steren bir \u00f6rnek yoktur.\u201d<\/strong> <\/em>a\u00e7\u0131klamas\u0131 \u00f6nemli bir tespittir.<\/p>\n<p>Yunanistan Ba\u015fbakan\u0131, <strong>Elefterios Venizelos<\/strong>\u2019un \u00a0<em>\u201cBir ulusun hayat\u0131nda bu kadar az s\u00fcrede bu denli k\u00f6kten de\u011fi\u015fiklik pek seyrek ger\u00e7ekle\u015fir. Bu ola\u011fan\u00fcst\u00fc i\u015fleri yapan Mustafa Kemal, hi\u00e7 ku\u015fkusuz kelimenin tam anlam\u0131yla b\u00fcy\u00fck adam niteli\u011fine hak kazanm\u0131\u015ft\u0131r. Ve bundan dolay\u0131 T\u00fcrkiye \u00f6v\u00fcnebilir<\/em>\u201d \u00a0g\u00f6r\u00fc\u015f\u00fc, \u00a0tarihe d\u00fc\u015f\u00fclen bir nottur. \u00c7\u00fcnk\u00fc, sava\u015fta yenik d\u00fc\u015fen Yunanistan&#8217;\u0131n \u00f6nderi\u00a0 <strong>Venizelos, 1934&#8217;te sava\u015f\u0131n galibi Mustafa Kemal Atat\u00fcrk&#8217;\u00fc Nobel Bar\u0131\u015f \u00d6d\u00fcl\u00fc&#8217;ne aday g\u00f6stermi\u015ftir.<\/strong><\/p>\n<p><strong>Bug\u00fcn\u00fcn Doodle<\/strong>\u2019\u0131 T\u00fcrkiye\u2019nin Cumhuriyet Bayram\u0131\u2019n\u0131 kutluyor. Doodle \u00e7izimi, cumhuriyetin ilan edildi\u011fi ilk T\u00fcrkiye B\u00fcy\u00fck Millet Meclisi Binas\u0131&#8217;n\u0131 resmediyor.<img loading=\"lazy\" class=\"alignnone size-full wp-image-16382\" src=\"https:\/\/millidusunce.com\/misak\/wp-content\/uploads\/2022\/11\/resim_2022-11-01_112639111.png\" alt=\"\" width=\"821\" height=\"341\" srcset=\"https:\/\/millidusunce.com\/misak\/wp-content\/uploads\/2022\/11\/resim_2022-11-01_112639111.png 821w, https:\/\/millidusunce.com\/misak\/wp-content\/uploads\/2022\/11\/resim_2022-11-01_112639111-300x125.png 300w, https:\/\/millidusunce.com\/misak\/wp-content\/uploads\/2022\/11\/resim_2022-11-01_112639111-150x62.png 150w, https:\/\/millidusunce.com\/misak\/wp-content\/uploads\/2022\/11\/resim_2022-11-01_112639111-768x319.png 768w\" sizes=\"(max-width: 821px) 100vw, 821px\" \/><\/p>\n<p><em>\u201dTarihte 1923 y\u0131l\u0131nda tam da bug\u00fcn, T\u00fcrkiye B\u00fcy\u00fck Millet Meclisi Cumhuriyeti resmi olarak ilan etti ve \u00fclkenin ba\u011f\u0131ms\u0131zl\u0131k m\u00fccadelesine liderlik eden Mustafa Kemal Atat\u00fcrk ilk cumhurba\u015fkan\u0131 olarak se\u00e7ildi. 29 Ekim Cumhuriyet Bayram\u0131 her y\u0131l yurt genelinde ve KKTC\u2019de kutlanmakta olan mill\u00ee bir bayramd\u0131r.\u00a0 <strong>Bu \u00f6zel g\u00fcnde devlet erkan\u0131 ve vatanda\u015flar Atat\u00fcrk\u2019\u00fc anmak i\u00e7in Ankara\u2019da An\u0131tkabir\u2019i ziyaret ederek mozolesine \u00e7elenk b\u0131rak\u0131r<\/strong>. \u0130nsanlar kutlamalar i\u00e7in caddelerde ve stadyumlarda toplan\u0131r, ak\u015fam ise geleneksel olarak fener alaylar\u0131 d\u00fczenlenir\u201d. <\/em><\/p>\n<p><strong>Cumhuriyet Bayram\u0131m\u0131z kutlu olsun T\u00fcrkiye<\/strong>!<\/p>\n","protected":false},"excerpt":{"rendered":"<p>John F. Kennedy\u2019nin \u201cAtat\u00fcrk bu y\u00fczy\u0131l\u0131n b\u00fcy\u00fck insanlar\u0131ndan birinin tarihi ba\u015far\u0131lar\u0131n\u0131, T\u00fcrk halk\u0131na ilham veren liderli\u011fini, modern d\u00fcnyan\u0131n ileri g\u00f6r\u00fc\u015fl\u00fc anlay\u0131\u015f\u0131n\u0131 ve bir askeri lider olarak kudret ve y\u00fcksek cesaretini hat\u0131rlatmaktad\u0131r. \u00c7\u00f6k\u00fcnt\u00fc halinde bulunan bir imparatorluktan \u00f6zg\u00fcr T\u00fcrkiye&#8217;<\/p>\n","protected":false},"author":3,"featured_media":16385,"comment_status":"open","ping_status":"open","sticky":false,"template":"","format":"standard","meta":{"_links_to":"","_links_to_target":""},"categories":[2],"tags":[927,259,1072,2486,2489,593],"yoast_head":"<!-- This site is optimized with the Yoast SEO plugin v16.0.2 - https:\/\/yoast.com\/wordpress\/plugins\/seo\/ -->\n<title>Cumhuriyet Bayram\u0131 - M\u0130SAK- Mill\u00ee Strateji Ara\u015ft\u0131rma Kurulu<\/title>\n<meta name=\"description\" content=\"John F. Kennedy\u2019nin \u201cAtat\u00fcrk bu y\u00fczy\u0131l\u0131n b\u00fcy\u00fck insanlar\u0131ndan birinin tarihi ba\u015far\u0131lar\u0131n\u0131, T\u00fcrk halk\u0131na ilham veren liderli\u011fini, modern d\u00fcnyan\u0131n ileri g\u00f6r\u00fc\u015fl\u00fc anlay\u0131\u015f\u0131n\u0131 ve bir askeri lider olarak kudret ve y\u00fcksek cesaretini hat\u0131rlatmaktad\u0131r. \u00c7\u00f6k\u00fcnt\u00fc halinde bulunan bir imparatorluktan \u00f6zg\u00fcr T\u00fcrkiye&#039;nin do\u011fmas\u0131, yeni T\u00fcrkiye&#039;nin \u00f6zg\u00fcrl\u00fck ve ba\u011f\u0131ms\u0131zl\u0131\u011f\u0131n\u0131 \u015ferefli bir \u015fekilde ilan etmesi ve o zamandan beri korumas\u0131, Atat\u00fcrk&#039;\u00fcn T\u00fcrk halk\u0131n\u0131n i\u015fidir.\" \/>\n<link rel=\"canonical\" href=\"https:\/\/millidusunce.com\/misak\/cumhuriyet-bayrami\/\" \/>\n<meta property=\"og:locale\" content=\"tr_TR\" \/>\n<meta property=\"og:type\" content=\"article\" \/>\n<meta property=\"og:title\" content=\"Cumhuriyet Bayram\u0131 - M\u0130SAK- Mill\u00ee Strateji Ara\u015ft\u0131rma Kurulu\" \/>\n<meta property=\"og:description\" content=\"John F. Kennedy\u2019nin \u201cAtat\u00fcrk bu y\u00fczy\u0131l\u0131n b\u00fcy\u00fck insanlar\u0131ndan birinin tarihi ba\u015far\u0131lar\u0131n\u0131, T\u00fcrk halk\u0131na ilham veren liderli\u011fini, modern d\u00fcnyan\u0131n ileri g\u00f6r\u00fc\u015fl\u00fc anlay\u0131\u015f\u0131n\u0131 ve bir askeri lider olarak kudret ve y\u00fcksek cesaretini hat\u0131rlatmaktad\u0131r. \u00c7\u00f6k\u00fcnt\u00fc halinde bulunan bir imparatorluktan \u00f6zg\u00fcr T\u00fcrkiye&#039;nin do\u011fmas\u0131, yeni T\u00fcrkiye&#039;nin \u00f6zg\u00fcrl\u00fck ve ba\u011f\u0131ms\u0131zl\u0131\u011f\u0131n\u0131 \u015ferefli bir \u015fekilde ilan etmesi ve o zamandan beri korumas\u0131, Atat\u00fcrk&#039;\u00fcn T\u00fcrk halk\u0131n\u0131n i\u015fidir.\" \/>\n<meta property=\"og:url\" content=\"https:\/\/millidusunce.com\/misak\/cumhuriyet-bayrami\/\" \/>\n<meta property=\"og:site_name\" content=\"M\u0130SAK- Mill\u00ee Strateji Ara\u015ft\u0131rma Kurulu\" \/>\n<meta property=\"article:published_time\" content=\"2022-11-01T00:00:00+00:00\" \/>\n<meta property=\"article:modified_time\" content=\"2022-11-01T08:48:17+00:00\" \/>\n<meta property=\"og:image\" content=\"https:\/\/millidusunce.com\/misak\/wp-content\/uploads\/2022\/11\/Dunya-siralamalarinda-universitelerimizin-durumu.png\" \/>\n\t<meta property=\"og:image:width\" content=\"1920\" \/>\n\t<meta property=\"og:image:height\" content=\"1080\" \/>\n<meta name=\"twitter:card\" content=\"summary_large_image\" \/>\n<meta name=\"twitter:label1\" content=\"Tahmini okuma s\u00fcresi\">\n\t<meta name=\"twitter:data1\" content=\"3 dakika\">\n<script type=\"application\/ld+json\" class=\"yoast-schema-graph\">{\"@context\":\"https:\/\/schema.org\",\"@graph\":[{\"@type\":\"Organization\",\"@id\":\"https:\/\/millidusunce.com\/misak\/#organization\",\"name\":\"Mill\\u00ee D\\u00fc\\u015f\\u00fcnce Merkezi\",\"url\":\"https:\/\/millidusunce.com\/misak\/\",\"sameAs\":[],\"logo\":{\"@type\":\"ImageObject\",\"@id\":\"https:\/\/millidusunce.com\/misak\/#logo\",\"inLanguage\":\"tr\",\"url\":\"https:\/\/millidusunce.com\/misak\/wp-content\/uploads\/2018\/09\/mdmLogo-yazisiz.jpg\",\"width\":422,\"height\":422,\"caption\":\"Mill\\u00ee D\\u00fc\\u015f\\u00fcnce Merkezi\"},\"image\":{\"@id\":\"https:\/\/millidusunce.com\/misak\/#logo\"}},{\"@type\":\"WebSite\",\"@id\":\"https:\/\/millidusunce.com\/misak\/#website\",\"url\":\"https:\/\/millidusunce.com\/misak\/\",\"name\":\"M\\u0130SAK- Mill\\u00ee Strateji Ara\\u015ft\\u0131rma Kurulu\",\"description\":\"D\\u00fcnyaya T\\u00fcrk\\u00e7\\u00fc Bak\\u0131\\u015f\",\"publisher\":{\"@id\":\"https:\/\/millidusunce.com\/misak\/#organization\"},\"potentialAction\":[{\"@type\":\"SearchAction\",\"target\":\"https:\/\/millidusunce.com\/misak\/?s={search_term_string}\",\"query-input\":\"required name=search_term_string\"}],\"inLanguage\":\"tr\"},{\"@type\":\"ImageObject\",\"@id\":\"https:\/\/millidusunce.com\/misak\/cumhuriyet-bayrami\/#primaryimage\",\"inLanguage\":\"tr\",\"url\":\"https:\/\/millidusunce.com\/misak\/wp-content\/uploads\/2022\/11\/Dunya-siralamalarinda-universitelerimizin-durumu.png\",\"width\":1920,\"height\":1080},{\"@type\":\"WebPage\",\"@id\":\"https:\/\/millidusunce.com\/misak\/cumhuriyet-bayrami\/#webpage\",\"url\":\"https:\/\/millidusunce.com\/misak\/cumhuriyet-bayrami\/\",\"name\":\"Cumhuriyet Bayram\\u0131 - M\\u0130SAK- Mill\\u00ee Strateji Ara\\u015ft\\u0131rma Kurulu\",\"isPartOf\":{\"@id\":\"https:\/\/millidusunce.com\/misak\/#website\"},\"primaryImageOfPage\":{\"@id\":\"https:\/\/millidusunce.com\/misak\/cumhuriyet-bayrami\/#primaryimage\"},\"datePublished\":\"2022-11-01T00:00:00+00:00\",\"dateModified\":\"2022-11-01T08:48:17+00:00\",\"description\":\"John F. Kennedy\\u2019nin \\u201cAtat\\u00fcrk bu y\\u00fczy\\u0131l\\u0131n b\\u00fcy\\u00fck insanlar\\u0131ndan birinin tarihi ba\\u015far\\u0131lar\\u0131n\\u0131, T\\u00fcrk halk\\u0131na ilham veren liderli\\u011fini, modern d\\u00fcnyan\\u0131n ileri g\\u00f6r\\u00fc\\u015fl\\u00fc anlay\\u0131\\u015f\\u0131n\\u0131 ve bir askeri lider olarak kudret ve y\\u00fcksek cesaretini hat\\u0131rlatmaktad\\u0131r. \\u00c7\\u00f6k\\u00fcnt\\u00fc halinde bulunan bir imparatorluktan \\u00f6zg\\u00fcr T\\u00fcrkiye'nin do\\u011fmas\\u0131, yeni T\\u00fcrkiye'nin \\u00f6zg\\u00fcrl\\u00fck ve ba\\u011f\\u0131ms\\u0131zl\\u0131\\u011f\\u0131n\\u0131 \\u015ferefli bir \\u015fekilde ilan etmesi ve o zamandan beri korumas\\u0131, Atat\\u00fcrk'\\u00fcn T\\u00fcrk halk\\u0131n\\u0131n i\\u015fidir.\",\"breadcrumb\":{\"@id\":\"https:\/\/millidusunce.com\/misak\/cumhuriyet-bayrami\/#breadcrumb\"},\"inLanguage\":\"tr\",\"potentialAction\":[{\"@type\":\"ReadAction\",\"target\":[\"https:\/\/millidusunce.com\/misak\/cumhuriyet-bayrami\/\"]}]},{\"@type\":\"BreadcrumbList\",\"@id\":\"https:\/\/millidusunce.com\/misak\/cumhuriyet-bayrami\/#breadcrumb\",\"itemListElement\":[{\"@type\":\"ListItem\",\"position\":1,\"item\":{\"@type\":\"WebPage\",\"@id\":\"https:\/\/millidusunce.com\/misak\/\",\"url\":\"https:\/\/millidusunce.com\/misak\/\",\"name\":\"Anasayfa\"}},{\"@type\":\"ListItem\",\"position\":2,\"item\":{\"@type\":\"WebPage\",\"@id\":\"https:\/\/millidusunce.com\/misak\/cumhuriyet-bayrami\/\",\"url\":\"https:\/\/millidusunce.com\/misak\/cumhuriyet-bayrami\/\",\"name\":\"Cumhuriyet Bayram\\u0131\"}}]},{\"@type\":\"Article\",\"@id\":\"https:\/\/millidusunce.com\/misak\/cumhuriyet-bayrami\/#article\",\"isPartOf\":{\"@id\":\"https:\/\/millidusunce.com\/misak\/cumhuriyet-bayrami\/#webpage\"},\"author\":{\"@id\":\"https:\/\/millidusunce.com\/misak\/#\/schema\/person\/dceabd91d5707fd0a1f581be62144940\"},\"headline\":\"Cumhuriyet Bayram\\u0131\",\"datePublished\":\"2022-11-01T00:00:00+00:00\",\"dateModified\":\"2022-11-01T08:48:17+00:00\",\"mainEntityOfPage\":{\"@id\":\"https:\/\/millidusunce.com\/misak\/cumhuriyet-bayrami\/#webpage\"},\"commentCount\":0,\"publisher\":{\"@id\":\"https:\/\/millidusunce.com\/misak\/#organization\"},\"image\":{\"@id\":\"https:\/\/millidusunce.com\/misak\/cumhuriyet-bayrami\/#primaryimage\"},\"keywords\":\"100. y\\u0131l,Atat\\u00fcrk,Cumhuriyet,CUMHUR\\u0130YET\\u0130N 100. YILI,mahir \\u00fcnal,T\\u00fcrk\\u00e7e\",\"inLanguage\":\"tr\",\"potentialAction\":[{\"@type\":\"CommentAction\",\"name\":\"Comment\",\"target\":[\"https:\/\/millidusunce.com\/misak\/cumhuriyet-bayrami\/#respond\"]}]},{\"@type\":\"Person\",\"@id\":\"https:\/\/millidusunce.com\/misak\/#\/schema\/person\/dceabd91d5707fd0a1f581be62144940\",\"name\":\"Sad\\u0131k R\\u0131dvan Karluk\",\"image\":{\"@type\":\"ImageObject\",\"@id\":\"https:\/\/millidusunce.com\/misak\/#personlogo\",\"inLanguage\":\"tr\",\"url\":\"https:\/\/secure.gravatar.com\/avatar\/0ac86ba3095525619627cdd0589c5b8c?s=96&d=mm&r=g\",\"caption\":\"Sad\\u0131k R\\u0131dvan Karluk\"},\"description\":\"Prof. Dr. S. R\\u0131dvan Karluk, 1970\\u2019de Ankara \\u00dcniversitesi Siyasal Bilgiler Fak\\u00fcltesi\\u2019ni bitirdi. 1975\\u2019te doktor, 1979\\u2019da do\\u00e7ent oldu. 1975 \\u2013 1976\\u2019da Sussex \\u00dcniversitesi\\u2019nde doktora \\u00fcst\\u00fc ara\\u015ft\\u0131rma yapt\\u0131. 1982 y\\u0131l\\u0131nda Devlet Planlama Te\\u015fkilat\\u0131 AET Dairesini (Genel M\\u00fcd\\u00fcrl\\u00fck) kurdu. 1985-1990 y\\u0131llar\\u0131nda Paris\\u2019te, OECD T\\u00fcrkiye B\\u00fcy\\u00fckel\\u00e7ili\\u011fi\\u2019nde Planlama M\\u00fc\\u015faviri olarak \\u00e7al\\u0131\\u015ft\\u0131. 1990-1992 y\\u0131llar\\u0131nda Ba\\u015fbakanl\\u0131k Ba\\u015fm\\u00fc\\u015favirli\\u011fi\\u2019ne atand\\u0131. 1991 y\\u0131l\\u0131nda Anadolu \\u00dcniversitesi\\u2019ne ge\\u00e7mi\\u015f, 2014 y\\u0131l\\u0131nda emekli olmu\\u015ftur. Bu s\\u00fcre i\\u00e7inde \\u0130ktisadi Geli\\u015fme ve Uluslararas\\u0131 Geli\\u015fme Anabilim Dal\\u0131 Ba\\u015fkanl\\u0131\\u011f\\u0131, 2010-2013 d\\u00f6neminde \\u0130ktisat Fak\\u00fcltesi Dekanl\\u0131\\u011f\\u0131 yapm\\u0131\\u015ft\\u0131r. Uluslararas\\u0131 Ekonomi, T\\u00fcrkiye Ekonomisi, Avrupa Birli\\u011fi ve Uluslararas\\u0131 Ekonomik \\u0130li\\u015fkiler konular\\u0131nda 24 kitab\\u0131, 12 ortak ve 3 \\u00e7eviri eseri vard\\u0131r. Ortak yazarl\\u0131 bir ders kitab\\u0131 T\\u00dcBA \\u00fcniversite ders kitaplar\\u0131 2012 y\\u0131l\\u0131 telif ve \\u00e7eviri eser \\u00f6d\\u00fcl\\u00fc olmak \\u00fczere 6 bilimsel ara\\u015ft\\u0131rma \\u00f6d\\u00fcl\\u00fcne sahiptir. Eski\\u015fehir Sakarya gazetesi ile Turkish Forum\\u2019da (ABD) haftal\\u0131k g\\u00fcncel yaz\\u0131lar\\u0131 yay\\u0131nlanmaktad\\u0131r. \\u00d6zge\\u00e7mi\\u015fi WHO\\u2019s WHO D\\u00fcnya, Asya ve T\\u00fcrkiye bask\\u0131lar\\u0131nda yer alm\\u0131\\u015ft\\u0131r.\"}]}<\/script>\n<!-- \/ Yoast SEO plugin. -->","_links":{"self":[{"href":"https:\/\/millidusunce.com\/misak\/wp-json\/wp\/v2\/posts\/16381"}],"collection":[{"href":"https:\/\/millidusunce.com\/misak\/wp-json\/wp\/v2\/posts"}],"about":[{"href":"https:\/\/millidusunce.com\/misak\/wp-json\/wp\/v2\/types\/post"}],"author":[{"embeddable":true,"href":"https:\/\/millidusunce.com\/misak\/wp-json\/wp\/v2\/users\/3"}],"replies":[{"embeddable":true,"href":"https:\/\/millidusunce.com\/misak\/wp-json\/wp\/v2\/comments?post=16381"}],"version-history":[{"count":3,"href":"https:\/\/millidusunce.com\/misak\/wp-json\/wp\/v2\/posts\/16381\/revisions"}],"predecessor-version":[{"id":16386,"href":"https:\/\/millidusunce.com\/misak\/wp-json\/wp\/v2\/posts\/16381\/revisions\/16386"}],"wp:featuredmedia":[{"embeddable":true,"href":"https:\/\/millidusunce.com\/misak\/wp-json\/wp\/v2\/media\/16385"}],"wp:attachment":[{"href":"https:\/\/millidusunce.com\/misak\/wp-json\/wp\/v2\/media?parent=16381"}],"wp:term":[{"taxonomy":"category","embeddable":true,"href":"https:\/\/millidusunce.com\/misak\/wp-json\/wp\/v2\/categories?post=16381"},{"taxonomy":"post_tag","embeddable":true,"href":"https:\/\/millidusunce.com\/misak\/wp-json\/wp\/v2\/tags?post=16381"}],"curies":[{"name":"wp","href":"https:\/\/api.w.org\/{rel}","templated":true}]}}