{"id":16517,"date":"2022-12-08T19:00:00","date_gmt":"2022-12-08T16:00:00","guid":{"rendered":"https:\/\/millidusunce.com\/misak\/?p=16517&#038;preview=true&#038;preview_id=16517"},"modified":"2022-12-16T22:41:03","modified_gmt":"2022-12-16T19:41:03","slug":"resulzadenin-nizamisi","status":"publish","type":"post","link":"https:\/\/millidusunce.com\/misak\/resulzadenin-nizamisi\/","title":{"rendered":"Resulzade\u2019nin Nizamisi"},"content":{"rendered":"<p style=\"text-align: right;\"><i><span data-contrast=\"auto\">Bu makale Prof. Dr. Nesib Nesibli\u2019nin\u00a0<\/span><\/i><span data-ccp-props=\"{&quot;134233117&quot;:true,&quot;134233118&quot;:true,&quot;201341983&quot;:0,&quot;335551550&quot;:3,&quot;335551620&quot;:3,&quot;335559740&quot;:240}\">\u00a0<\/span><\/p>\n<p style=\"text-align: right;\"><i><span data-contrast=\"auto\">\u201cG\u00fcney ile Kuzey Azerbaycan Sorunlar\u0131\u201d\u00a0<\/span><\/i><span data-ccp-props=\"{&quot;134233117&quot;:true,&quot;134233118&quot;:true,&quot;201341983&quot;:0,&quot;335551550&quot;:3,&quot;335551620&quot;:3,&quot;335559740&quot;:240}\">\u00a0<\/span><\/p>\n<p style=\"text-align: right;\"><i><span data-contrast=\"auto\">kitab\u0131ndan al\u0131nm\u0131\u015ft\u0131r.<\/span><\/i><span data-ccp-props=\"{&quot;134233117&quot;:true,&quot;134233118&quot;:true,&quot;201341983&quot;:0,&quot;335551550&quot;:3,&quot;335551620&quot;:3,&quot;335559740&quot;:240}\">\u00a0<\/span><\/p>\n<p><span data-contrast=\"auto\">Ahmed Kesrevi\u2019den \u015eeyh\u00fclisl\u00e2miye kadar t\u00fcm Pan-\u0130ranistlerin ve Fars \u0131rk\u00e7\u0131lar\u0131n\u0131n b\u00fcy\u00fck istekle tekrar ettikleri teze g\u00f6re, Azerbaycan&#8217;\u0131n eski halk\u0131 Azeri\u2019lerden ibaretmi\u015f. Onlar da \u015fiirler s\u00f6ylemi\u015f, Fars edebiyat\u0131n\u0131n zenginle\u015fmesi i\u00e7in \u00e7al\u0131\u015fm\u0131\u015flar. Bu fikrin yanl\u0131\u015fl\u0131\u011f\u0131n\u0131 g\u00f6steren eserler aras\u0131nda Mehmet Emin Resulzade&#8217;nin Azerbaycan \u015fairi Nizami adl\u0131 akademik ara\u015ft\u0131rmas\u0131 \u00f6zel bir yere sahiptir. Bu inceleme Mehmet Emin Bey&#8217;in Avrupa&#8217;da ya\u015famak zorunda kald\u0131\u011f\u0131 30&#8217;lu y\u0131llarda yaz\u0131lm\u0131\u015f, b\u00fcy\u00fck \u015fair Nizami&#8217;nin 1941 y\u0131l\u0131ndaki 800. do\u011fum y\u0131l\u0131 an\u0131s\u0131na ithaf edilmi\u015ftir. O d\u00f6nemlerde, \u0130ran&#8217;da ve \u0130ran d\u0131\u015f\u0131nda Nizami i\u00e7in anma t\u00f6renleri yap\u0131lmaktayd\u0131. Nizami, geleneksel olarak \u0130ran ya da Fars \u015fairi olarak takdim ediliyordu. Bu konuda SSCB istisnayd\u0131. Resulzade\u2019ye g\u00f6re, Nizami ebed\u00ee eserlerini Fars\u00e7a yazmas\u0131na ra\u011fmen, onu \u0130ran\/Fars \u015fairi saymak do\u011fru de\u011fildir. Nizami, T\u00fcrko\u011flu T\u00fcrk&#8217;t\u00fcr. Nizami&#8217;nin etnik aidiyetine a\u00e7\u0131kl\u0131k getiren yazar, mill\u00ee tarihimizin baz\u0131 \u00f6nemli konular\u0131n\u0131 bilimsel, objektif \u015fekilde inceleyerek mill\u00ee tarih alg\u0131s\u0131n\u0131n olu\u015fmas\u0131na ciddi katk\u0131da bulunmu\u015ftur.<\/span><\/p>\n<p><span data-contrast=\"auto\">Emin Resulzade mill\u00ee tarihimizin en hassas ve \u00e7eli\u015fkili meselesi olan \u015fimdiki \u0130ran co\u011frafyas\u0131nda b\u00fcy\u00fck imparatorluklar kurmu\u015f T\u00fcrk hanedanlar\u0131n\u0131n Fars\u00e7a\u2019y\u0131 neden devlet dili yapt\u0131klar\u0131na ve Fars edebiyat\u0131n\u0131n geli\u015fmesini neden himaye ettiklerine a\u00e7\u0131kl\u0131k getirmi\u015ftir. Teorik genellemeler a\u00e7\u0131s\u0131ndan eserin en cazip b\u00f6l\u00fcm\u00fc olan &#8220;T\u00fcrk hakimiyeti alt\u0131nda Fars edebiyat\u0131&#8221; ba\u015fl\u0131kl\u0131 b\u00f6l\u00fcmde yazar<\/span> <span data-contrast=\"auto\">sorunu \u015f\u00f6yle \u015fekillendirmi\u015ftir: &#8220;Neden bin y\u0131ldan beri, \u0130sl\u00e2m\u2019\u0131n do\u011fu\u015funun h\u00fck\u00fcm s\u00fcren s\u00fclaleleri, pek az ve \u00f6nemsiz istisnalarla neredeyse hepsi T\u00fcrkler iken, klasik \u0130sl\u00e2m\u00ee T\u00fcrk edebiyat\u0131n\u0131n do\u011fu\u015fu Fars edebiyat\u0131n\u0131n kalk\u0131nmas\u0131ndan 3-4 y\u00fczy\u0131l sonraya kalm\u0131\u015ft\u0131r?&#8221;<\/span><span data-contrast=\"auto\">1<\/span><span data-contrast=\"auto\"> Daha sonra yazar bu sorunu daha a\u00e7\u0131k bir \u015fekilde ifade etmektedir: &#8220;Ba\u011fdat halifelerini dini birer sembol h\u00e2line getirerek siyasi iktidar\u0131 kendi ellerine alan T\u00fcrk sultanlar\u0131n\u0131n, idarede Arap\u00e7adan ba\u015fka bir dil kullanmalar\u0131 anla\u015f\u0131labilir bir olayd\u0131r; fakat bu dil, neden T\u00fcrk\u00e7e de\u011fil de Fars\u00e7a oluyor?&#8221;<\/span><span data-contrast=\"auto\">2<\/span><\/p>\n<p><span data-contrast=\"auto\">Resulzade bu hassas konunun birka\u00e7 sebebine i\u015faret etmi\u015ftir. Birinci sebep: &#8220;&#8230; \u00c7\u00fcnk\u00fc Asya \u00e7\u00f6llerinin derinliklerinden ak\u0131p gelen ve Yak\u0131n Do\u011fu&#8217;da saltanatlar kuran T\u00fcrkler g\u00f6\u00e7ebeydiler. G\u00f6\u00e7ebelerin konduklar\u0131 memleketlerde, yerel medeniyetlere uymalar\u0131 ise ola\u011fan bir \u015feydir. Nitekim ayn\u0131 olay, \u00c7in&#8217;de h\u00fck\u00fcm s\u00fcrm\u00fc\u015f T\u00fcrk hanedanlar\u0131n\u0131n tarihinde de g\u00f6r\u00fclm\u00fc\u015ft\u00fcr.\u201d<\/span><span data-contrast=\"auto\">3<\/span><span data-ccp-props=\"{&quot;201341983&quot;:0,&quot;335559739&quot;:160,&quot;335559740&quot;:259,&quot;469777462&quot;:[3610,4608],&quot;469777927&quot;:[0,0],&quot;469777928&quot;:[1,1]}\">\u00a0<\/span><\/p>\n<p><span data-contrast=\"auto\">\u00c7\u00fcr\u00fcm\u00fc\u015f hilafetin geni\u015f topraklar\u0131nda siyasi h\u00e2kimiyeti eline alan T\u00fcrk hanedanlar\u0131 Arap merkeziyet\u00e7ilerine kar\u015f\u0131 yerli Fars g\u00f6revlilerinden faydaland\u0131lar. Resulzade, Fars dili ve edebiyat\u0131n\u0131n stat\u00fcs\u00fcn\u00fcn artmas\u0131n\u0131n ikinci \u00f6nemli nedenini de \u015f\u00f6yle ifade etmi\u015ftir: &#8220;&#8230;siyaset\u00e7e, Arap merkeziyet\u00e7ili\u011fiyle m\u00fccadele ve rekabet h\u00e2linde bulunan T\u00fcrk sultanlar\u0131 ise, pek tabii olarak, g\u00fcvendikleri yerel ayan z\u00fcmresinin ya\u015fad\u0131\u011f\u0131 ve ya\u015fatt\u0131\u011f\u0131 \u015fehirli &#8220;Acem&#8221; adetleriyle beraber, kulland\u0131klar\u0131 edeb\u00ee dili (Fars\u00e7ay\u0131) dahi hem kendileri kabul ediyor, hem de onun yay\u0131lmas\u0131nda amil oluyorlar.\u201d<\/span><span data-contrast=\"auto\">4<\/span><span data-ccp-props=\"{&quot;201341983&quot;:0,&quot;335559739&quot;:160,&quot;335559740&quot;:259}\">\u00a0<\/span><\/p>\n<p><span data-contrast=\"auto\">Resulzade&#8217;ye g\u00f6re, Fars dilinin b\u00fcrokrasi ve edebiyat diline \u00e7evrilmesi ak\u0131l almaz bir olay de\u011fildir. 18. y\u00fczy\u0131l Avrupas\u0131n\u0131 \u00f6rnek g\u00f6stererek g\u00f6r\u00fc\u015flerini \u015fu \u015fekilde aktarmaktad\u0131r: \u201cBu y\u00fczy\u0131lda Frans\u0131z olmayan Avrupal\u0131 yazarlar dahi eserlerini Frans\u0131zca yazm\u0131\u015flard\u0131r. Genellikle bu dil, o \u00e7a\u011flarda, Avrupa&#8217;n\u0131n b\u00fcy\u00fck bir b\u00f6lgesi i\u00e7in, genel idare, bilgi ve edebiyat dili olmu\u015ftur.&#8221;<\/span><span data-contrast=\"auto\">5<\/span><span data-contrast=\"auto\"> Burada 16-17. y\u00fczy\u0131la kadar Latincenin Avrupa&#8217;da bilim ve edebiyat dili i\u015flevini yerine getirmesi tarih\u00ee ger\u00e7ekli\u011fi de ilave edilebilir.<\/span><span data-ccp-props=\"{&quot;201341983&quot;:0,&quot;335559739&quot;:160,&quot;335559740&quot;:259}\">\u00a0<\/span><\/p>\n<p><span data-contrast=\"auto\">Fars\u00e7an\u0131n rol\u00fcn\u00fcn artmas\u0131 meselesinin d\u00f6rd\u00fcnc\u00fc nedeni olarak yazar, \u015fehir hayat\u0131nda &#8220;\u0130ran&#8217;\u0131n [Farslar\u0131n] eski k\u00fclt\u00fcrel geleneklerinin etkisini ta\u015f\u0131d\u0131\u011f\u0131n\u0131&#8221; ileri s\u00fcrmektedir.<\/span><span data-contrast=\"auto\">6<\/span><span data-contrast=\"auto\">\u00a0Yeni y\u00f6netim bu \u015fehirleri y\u00f6netmek i\u00e7in &#8220;yerel ayd\u0131nlar\u0131n bilgi ve tecr\u00fcbelerine muhta\u00e7 idi.&#8221; B\u00fcrokratik \u00e7al\u0131\u015fmalara Farslar\u0131n geni\u015f kat\u0131l\u0131m\u0131 da \u00e7ok iyi bilinen tarih\u00ee bir olayd\u0131r.<\/span><span data-ccp-props=\"{&quot;201341983&quot;:0,&quot;335559739&quot;:160,&quot;335559740&quot;:259,&quot;469777462&quot;:[5602],&quot;469777927&quot;:[0],&quot;469777928&quot;:[1]}\">\u00a0<\/span><\/p>\n<p><span data-contrast=\"auto\">Resulzadeye g\u00f6re, T\u00fcrk h\u00fck\u00fcmdarlar\u0131n Fars dilinin stat\u00fcs\u00fcn\u00fc y\u00fckseltmelerinin farkl\u0131 bir nedeni daha vard\u0131: &#8220;&#8230; bu T\u00fcrkler \u0130sl\u00e2miyet&#8217;i ve \u0130sl\u00e2m k\u00fclt\u00fcr\u00fcn\u00fc daha ziyade Horasan&#8217;daki M\u00fcsl\u00fcmanla\u015fm\u0131\u015f Fars unsurdan \u00f6\u011frenmi\u015f ve Mavera\u00fcnnehir&#8217;de yerle\u015fmi\u015f \u0130ran medeniyetinin etkisi ve k\u0131lavuzlu\u011fu ile \u0130sl\u00e2miyet\u2019i kabul etmi\u015f bulunuyorlard\u0131.&#8221;<\/span><span data-contrast=\"auto\">7<\/span> <span data-contrast=\"auto\">8<\/span><span data-ccp-props=\"{&quot;201341983&quot;:0,&quot;335559739&quot;:160,&quot;335559740&quot;:259,&quot;469777462&quot;:[2134],&quot;469777927&quot;:[0],&quot;469777928&quot;:[1]}\">\u00a0<\/span><\/p>\n<p><span data-contrast=\"auto\">Resulzadeye g\u00f6re, Nizami\u2019yi &#8220;\u0130ran edebiyat\u0131n\u0131n bir temsilcisi&#8221; saymak do\u011fru de\u011fildir; \u00e7\u00fcnk\u00fc Nizami, &#8220;duygu olarak bir T\u00fcrk ve M\u00fcsl\u00fcman&#8221;d\u0131r;8 &#8220;Konular\u0131 ara\u015ft\u0131r\u0131l\u0131nca, Nizami&#8217;nin Fars \u0131rk\u00e7\u0131l\u0131\u011f\u0131ndan uzak, T\u00fcrk sevgisiyle dolu, Kafkasya ortam ve \u015fartlar\u0131na ba\u011fl\u0131, yurdunun tarih\u00ee mukadderat ve jeopoliti\u011finden do\u011fan daimi kayg\u0131larla ilgili oldu\u011fu g\u00f6r\u00fcl\u00fcr. Bu nedenle Nizami, pek tabii Azerbaycan \u015fairidir.&#8221;<\/span><span data-contrast=\"auto\">9<\/span><span data-contrast=\"auto\"> Kitab\u0131n b\u00fcy\u00fck bir k\u0131sm\u0131 bu tezin ispat\u0131na y\u00f6neliktir. Mehmet Emin Bey farkl\u0131 milletlerin (\u00f6rne\u011fin, Finlandiya) edebiyat\u0131ndan \u00f6rnekler vererek, &#8220;yabanc\u0131 dilde yaz\u0131lm\u0131\u015f bir eser, ta\u015f\u0131d\u0131\u011f\u0131 mana ve ruha g\u00f6re, belirli \u015fartlar i\u00e7inde, bir millet i\u00e7in, milli olabilir&#8221; g\u00f6r\u00fc\u015f\u00fcn\u00fc ileri s\u00fcrmektedir.<\/span><span data-contrast=\"auto\">10<\/span><span data-ccp-props=\"{&quot;201341983&quot;:0,&quot;335559739&quot;:160,&quot;335559740&quot;:259}\">\u00a0<\/span><\/p>\n<p><span data-contrast=\"auto\">Nizami&#8217;nin &#8220;Fars nasyonalizminden uzak&#8221; olmas\u0131, tabii ki, onu Fars \u0131rk\u00e7\u0131l\u0131\u011f\u0131n\u0131n \u00f6nderi Firdevsi\u2019den ay\u0131rmaktad\u0131r. Hatta z\u0131t yerlerde durduklar\u0131n\u0131 g\u00f6stermektedir. Nizami\u2019de Firdevsi yarat\u0131c\u0131l\u0131\u011f\u0131n\u0131n temelini olu\u015fturan Arap ve T\u00fcrk d\u00fc\u015fmanl\u0131\u011f\u0131 kesinlikle yoktur. \u015eair geleneksel \u0130ran de\u011ferleri olan Zerd\u00fc\u015ftl\u00fck ve ate\u015fperestli\u011fi \u0130sl\u00e2m&#8217;a ayk\u0131r\u0131 de\u011ferler olarak saymaktad\u0131r. Ayr\u0131ca Nizami di\u011fer bir \u0130ran\/Fars olgusu \u0130smaili ter\u00f6rizmini de<\/span> <span data-contrast=\"auto\">lanetlemektedir.<\/span> <span data-contrast=\"auto\">Resulzade,<\/span> <span data-contrast=\"auto\">Firdevsi&#8217;nin Makedonyal\u0131 \u0130skender\u2019i Farsla\u015ft\u0131rma, onu Keyan neslinin temsilcisi saymas\u0131n\u0131 tahlil etmi\u015f, bu \u0130ran efsanesini &#8220;inan\u0131lamayacak bir uydurma&#8221; olarak de\u011ferlendirmi\u015ftir.<\/span><span data-contrast=\"auto\">11<\/span><span data-ccp-props=\"{&quot;201341983&quot;:0,&quot;335559739&quot;:160,&quot;335559740&quot;:259,&quot;469777462&quot;:[2170,3571,5143,5861,6341],&quot;469777927&quot;:[0,0,0,0,0],&quot;469777928&quot;:[1,1,1,1,1]}\">\u00a0<\/span><\/p>\n<p><span data-contrast=\"auto\">Firdevsi\u2019den farkl\u0131 olarak Nizami, \u0130skendername\u2019sinde bu tarih\u00ee \u015fahsiyetin \u0130ran&#8217;la ilgisi olmad\u0131\u011f\u0131n\u0131 belirtmektedir.<\/span><span data-ccp-props=\"{&quot;201341983&quot;:0,&quot;335559739&quot;:160,&quot;335559740&quot;:259}\">\u00a0<\/span><\/p>\n<p><span data-contrast=\"auto\">Resulzade, Nizami&#8217;nin bilinen t\u00fcm eserlerini inceleyerek onlarda T\u00fcrkl\u00fckle ilgili yaz\u0131lanlar\u0131 tek tek yorumlar ve onlardan \u00f6nemli bir sonu\u00e7 \u00e7\u0131kart\u0131r. Yazara g\u00f6re, Nizami&#8217;nin eserlerinde s\u0131k\u00e7a rastlanan &#8220;T\u00fcrk&#8221; kelimesi, g\u00fczel, mert, kahraman, asker, komutan, er, rehber, ba\u015fkan anlam\u0131nda kullan\u0131lmaktad\u0131r. &#8220;T\u00fcrkl\u00fck&#8221; kelimesi g\u00fczellik, iyilik, temizlik, do\u011fruluk, mertlik, kahramanl\u0131k, komutanl\u0131k, ba\u015fkanl\u0131k anlamlar\u0131na gelir.<\/span><span data-ccp-props=\"{&quot;201341983&quot;:0,&quot;335559739&quot;:160,&quot;335559740&quot;:259}\">\u00a0<\/span><\/p>\n<p><span data-contrast=\"auto\">&#8220;T\u00fcrkistan&#8221;<\/span> <span data-contrast=\"auto\">kelimesi ise vefa, do\u011fruluk ve aranan yer ile vuslat\u0131 \u00e7a\u011fr\u0131\u015ft\u0131rmaktad\u0131r.<\/span><span data-contrast=\"auto\">12<\/span><span data-ccp-props=\"{&quot;201341983&quot;:0,&quot;335559739&quot;:160,&quot;335559740&quot;:259,&quot;469777462&quot;:[1224,3245],&quot;469777927&quot;:[0,0],&quot;469777928&quot;:[1,1]}\">\u00a0<\/span><\/p>\n<p><span data-contrast=\"auto\">Ara\u015ft\u0131rmac\u0131ya g\u00f6re, &#8220;bu Hebe\u015flikte T\u00fcrk\u00e7e mi anlayan yok&#8221; gibi m\u0131sralar \u015fairin \u00fcz\u00fcnt\u00fcs\u00fcn\u00fc ifade etmekle birlikte onun kimli\u011finin kan\u0131t\u0131d\u0131r da. Resulzade, eserinin her yerinde<\/span> <span data-contrast=\"auto\">Nizami&#8217;nin kendi dilinde<\/span><span data-ccp-props=\"{&quot;201341983&quot;:0,&quot;335559739&quot;:160,&quot;335559740&quot;:259}\">\u00a0<\/span><span data-contrast=\"auto\">yazmad\u0131\u011f\u0131ndan derin \u00fcz\u00fcnt\u00fc duydu\u011funu hissettirir.<\/span><span data-ccp-props=\"{&quot;201341983&quot;:0,&quot;335559739&quot;:160,&quot;335559740&quot;:259}\">\u00a0<\/span><\/p>\n<p><span data-contrast=\"auto\">Yukar\u0131daki g\u00f6r\u00fc\u015fleri g\u00f6z \u00f6n\u00fcne alarak b\u00fcy\u00fck devlet ve siyaset adam\u0131, ayn\u0131 zamanda b\u00fcy\u00fck alim Mehmet Emin Resulzade&#8217;nin, Azerbaycan \u015fairi Nizami adl\u0131 eserinin Pan-\u00eeranizm&#8217;in s\u00f6zde tezlerinden birini \u00e7\u00fcr\u00fcten bilimsel bir kaynak oldu\u011fu sonucunu \u00e7\u0131kartabiliriz. G\u00fcney Azerbaycan\u2019da Fars \u0131rk\u00e7\u0131s\u0131na, ya da T\u00fcrk mankurtuna kar\u015f\u0131 m\u00fccadele veren milli bilince sahip insanlar\u0131n bu de\u011ferli kayna\u011fa ihtiyac\u0131 vard\u0131r.<\/span><span data-ccp-props=\"{&quot;201341983&quot;:0,&quot;335559739&quot;:160,&quot;335559740&quot;:259}\">\u00a0<\/span><\/p>\n<p>[1] Mehmet Emin Resulzade, <em>Azerbaycan \u015eairi Nizam\u00ee,<\/em> Ankara: Milli E\u011fitim Bas\u0131mevi, 1951, s.<\/p>\n<p><sup>[2]<\/sup>\u00a0 A.g.e., s. 19.<\/p>\n<p><sup>[3]<\/sup> A.g.e.<\/p>\n<p><sup>[4]<\/sup> A.g.e., s. 20.<\/p>\n<p><sup>[5]<\/sup> A.g.e., s. 16.<\/p>\n<p><sup>[6]<\/sup>\u00a0 A.g.e., s. 20.<\/p>\n<p><sup>[7]<\/sup>\u00a0 A.g.e..<\/p>\n<p><sup>[8]<\/sup>\u00a0 A.g.e., s. 28.<\/p>\n<p><sup>[9]<\/sup>\u00a0 A.g.e., s. 31.<\/p>\n<p><sup>[10]<\/sup>\u00a0 A.g.e., s. 29.<\/p>\n<p><sup>[11]<\/sup>\u00a0 A.g.e., s. 174.<\/p>\n<p><sup>[12]<\/sup> A.g.e., s. 179.<\/p>\n<p>&nbsp;<\/p>\n","protected":false},"excerpt":{"rendered":"<p>Emin Resulzade mill\u00ee tarihimizin en hassas ve \u00e7eli\u015fkili meselesi olan \u015fimdiki \u0130ran co\u011frafyas\u0131nda b\u00fcy\u00fck imparatorluklar kurmu\u015f T\u00fcrk hanedanlar\u0131n\u0131n Fars\u00e7a\u2019y\u0131 neden devlet dili yapt\u0131klar\u0131na ve Fars edebiyat\u0131n\u0131n geli\u015fmesini neden himaye ettiklerine a\u00e7\u0131kl\u0131k getirmi\u015ftir.<\/p>\n","protected":false},"author":130,"featured_media":16522,"comment_status":"open","ping_status":"open","sticky":false,"template":"","format":"standard","meta":{"_links_to":"","_links_to_target":""},"categories":[2],"tags":[54,2507,2112,2506],"yoast_head":"<!-- This site is optimized with the Yoast SEO plugin v16.0.2 - https:\/\/yoast.com\/wordpress\/plugins\/seo\/ -->\n<title>Resulzade\u2019nin Nizamisi - M\u0130SAK- Mill\u00ee Strateji Ara\u015ft\u0131rma Kurulu<\/title>\n<link rel=\"canonical\" href=\"https:\/\/millidusunce.com\/misak\/resulzadenin-nizamisi\/\" \/>\n<meta property=\"og:locale\" content=\"tr_TR\" \/>\n<meta property=\"og:type\" content=\"article\" \/>\n<meta property=\"og:title\" content=\"Resulzade\u2019nin Nizamisi - M\u0130SAK- Mill\u00ee Strateji Ara\u015ft\u0131rma Kurulu\" \/>\n<meta property=\"og:description\" content=\"Emin Resulzade mill\u00ee tarihimizin en hassas ve \u00e7eli\u015fkili meselesi olan \u015fimdiki \u0130ran co\u011frafyas\u0131nda b\u00fcy\u00fck imparatorluklar kurmu\u015f T\u00fcrk hanedanlar\u0131n\u0131n Fars\u00e7a\u2019y\u0131 neden devlet dili yapt\u0131klar\u0131na ve Fars edebiyat\u0131n\u0131n geli\u015fmesini neden himaye ettiklerine a\u00e7\u0131kl\u0131k getirmi\u015ftir.\" \/>\n<meta property=\"og:url\" content=\"https:\/\/millidusunce.com\/misak\/resulzadenin-nizamisi\/\" \/>\n<meta property=\"og:site_name\" content=\"M\u0130SAK- Mill\u00ee Strateji Ara\u015ft\u0131rma Kurulu\" \/>\n<meta property=\"article:published_time\" content=\"2022-12-08T16:00:00+00:00\" \/>\n<meta property=\"article:modified_time\" content=\"2022-12-16T19:41:03+00:00\" \/>\n<meta property=\"og:image\" content=\"https:\/\/millidusunce.com\/misak\/wp-content\/uploads\/2022\/12\/Bir-baslik-ekleyin-1.jpg\" \/>\n\t<meta property=\"og:image:width\" content=\"1200\" \/>\n\t<meta property=\"og:image:height\" content=\"800\" \/>\n<meta name=\"twitter:card\" content=\"summary_large_image\" \/>\n<meta name=\"twitter:label1\" content=\"Tahmini okuma s\u00fcresi\">\n\t<meta name=\"twitter:data1\" content=\"5 dakika\">\n<script type=\"application\/ld+json\" class=\"yoast-schema-graph\">{\"@context\":\"https:\/\/schema.org\",\"@graph\":[{\"@type\":\"Organization\",\"@id\":\"https:\/\/millidusunce.com\/misak\/#organization\",\"name\":\"Mill\\u00ee D\\u00fc\\u015f\\u00fcnce Merkezi\",\"url\":\"https:\/\/millidusunce.com\/misak\/\",\"sameAs\":[],\"logo\":{\"@type\":\"ImageObject\",\"@id\":\"https:\/\/millidusunce.com\/misak\/#logo\",\"inLanguage\":\"tr\",\"url\":\"https:\/\/millidusunce.com\/misak\/wp-content\/uploads\/2018\/09\/mdmLogo-yazisiz.jpg\",\"width\":422,\"height\":422,\"caption\":\"Mill\\u00ee D\\u00fc\\u015f\\u00fcnce Merkezi\"},\"image\":{\"@id\":\"https:\/\/millidusunce.com\/misak\/#logo\"}},{\"@type\":\"WebSite\",\"@id\":\"https:\/\/millidusunce.com\/misak\/#website\",\"url\":\"https:\/\/millidusunce.com\/misak\/\",\"name\":\"M\\u0130SAK- Mill\\u00ee Strateji Ara\\u015ft\\u0131rma Kurulu\",\"description\":\"D\\u00fcnyaya T\\u00fcrk\\u00e7\\u00fc Bak\\u0131\\u015f\",\"publisher\":{\"@id\":\"https:\/\/millidusunce.com\/misak\/#organization\"},\"potentialAction\":[{\"@type\":\"SearchAction\",\"target\":\"https:\/\/millidusunce.com\/misak\/?s={search_term_string}\",\"query-input\":\"required name=search_term_string\"}],\"inLanguage\":\"tr\"},{\"@type\":\"ImageObject\",\"@id\":\"https:\/\/millidusunce.com\/misak\/resulzadenin-nizamisi\/#primaryimage\",\"inLanguage\":\"tr\",\"url\":\"https:\/\/millidusunce.com\/misak\/wp-content\/uploads\/2022\/12\/Bir-baslik-ekleyin-1.jpg\",\"width\":1200,\"height\":800},{\"@type\":\"WebPage\",\"@id\":\"https:\/\/millidusunce.com\/misak\/resulzadenin-nizamisi\/#webpage\",\"url\":\"https:\/\/millidusunce.com\/misak\/resulzadenin-nizamisi\/\",\"name\":\"Resulzade\\u2019nin Nizamisi - M\\u0130SAK- Mill\\u00ee Strateji Ara\\u015ft\\u0131rma Kurulu\",\"isPartOf\":{\"@id\":\"https:\/\/millidusunce.com\/misak\/#website\"},\"primaryImageOfPage\":{\"@id\":\"https:\/\/millidusunce.com\/misak\/resulzadenin-nizamisi\/#primaryimage\"},\"datePublished\":\"2022-12-08T16:00:00+00:00\",\"dateModified\":\"2022-12-16T19:41:03+00:00\",\"breadcrumb\":{\"@id\":\"https:\/\/millidusunce.com\/misak\/resulzadenin-nizamisi\/#breadcrumb\"},\"inLanguage\":\"tr\",\"potentialAction\":[{\"@type\":\"ReadAction\",\"target\":[\"https:\/\/millidusunce.com\/misak\/resulzadenin-nizamisi\/\"]}]},{\"@type\":\"BreadcrumbList\",\"@id\":\"https:\/\/millidusunce.com\/misak\/resulzadenin-nizamisi\/#breadcrumb\",\"itemListElement\":[{\"@type\":\"ListItem\",\"position\":1,\"item\":{\"@type\":\"WebPage\",\"@id\":\"https:\/\/millidusunce.com\/misak\/\",\"url\":\"https:\/\/millidusunce.com\/misak\/\",\"name\":\"Anasayfa\"}},{\"@type\":\"ListItem\",\"position\":2,\"item\":{\"@type\":\"WebPage\",\"@id\":\"https:\/\/millidusunce.com\/misak\/resulzadenin-nizamisi\/\",\"url\":\"https:\/\/millidusunce.com\/misak\/resulzadenin-nizamisi\/\",\"name\":\"Resulzade\\u2019nin Nizamisi\"}}]},{\"@type\":\"Article\",\"@id\":\"https:\/\/millidusunce.com\/misak\/resulzadenin-nizamisi\/#article\",\"isPartOf\":{\"@id\":\"https:\/\/millidusunce.com\/misak\/resulzadenin-nizamisi\/#webpage\"},\"author\":{\"@id\":\"https:\/\/millidusunce.com\/misak\/#\/schema\/person\/b4d3406fc7184588228a108773833889\"},\"headline\":\"Resulzade\\u2019nin Nizamisi\",\"datePublished\":\"2022-12-08T16:00:00+00:00\",\"dateModified\":\"2022-12-16T19:41:03+00:00\",\"mainEntityOfPage\":{\"@id\":\"https:\/\/millidusunce.com\/misak\/resulzadenin-nizamisi\/#webpage\"},\"commentCount\":0,\"publisher\":{\"@id\":\"https:\/\/millidusunce.com\/misak\/#organization\"},\"image\":{\"@id\":\"https:\/\/millidusunce.com\/misak\/resulzadenin-nizamisi\/#primaryimage\"},\"keywords\":\"Azerbaycan,G\\u00fcney ile Kuzey Azerbaycan Sorunlar\\u0131,Nesib Nesibli,Resulzade\\u2019nin Nizamisi\",\"inLanguage\":\"tr\",\"potentialAction\":[{\"@type\":\"CommentAction\",\"name\":\"Comment\",\"target\":[\"https:\/\/millidusunce.com\/misak\/resulzadenin-nizamisi\/#respond\"]}]},{\"@type\":\"Person\",\"@id\":\"https:\/\/millidusunce.com\/misak\/#\/schema\/person\/b4d3406fc7184588228a108773833889\",\"name\":\"Nesib Nesibli\",\"image\":{\"@type\":\"ImageObject\",\"@id\":\"https:\/\/millidusunce.com\/misak\/#personlogo\",\"inLanguage\":\"tr\",\"url\":\"https:\/\/secure.gravatar.com\/avatar\/f061784a08fd934adb4a02a357cfbbe0?s=96&d=mm&r=g\",\"caption\":\"Nesib Nesibli\"}}]}<\/script>\n<!-- \/ Yoast SEO plugin. -->","_links":{"self":[{"href":"https:\/\/millidusunce.com\/misak\/wp-json\/wp\/v2\/posts\/16517"}],"collection":[{"href":"https:\/\/millidusunce.com\/misak\/wp-json\/wp\/v2\/posts"}],"about":[{"href":"https:\/\/millidusunce.com\/misak\/wp-json\/wp\/v2\/types\/post"}],"author":[{"embeddable":true,"href":"https:\/\/millidusunce.com\/misak\/wp-json\/wp\/v2\/users\/130"}],"replies":[{"embeddable":true,"href":"https:\/\/millidusunce.com\/misak\/wp-json\/wp\/v2\/comments?post=16517"}],"version-history":[{"count":7,"href":"https:\/\/millidusunce.com\/misak\/wp-json\/wp\/v2\/posts\/16517\/revisions"}],"predecessor-version":[{"id":16551,"href":"https:\/\/millidusunce.com\/misak\/wp-json\/wp\/v2\/posts\/16517\/revisions\/16551"}],"wp:featuredmedia":[{"embeddable":true,"href":"https:\/\/millidusunce.com\/misak\/wp-json\/wp\/v2\/media\/16522"}],"wp:attachment":[{"href":"https:\/\/millidusunce.com\/misak\/wp-json\/wp\/v2\/media?parent=16517"}],"wp:term":[{"taxonomy":"category","embeddable":true,"href":"https:\/\/millidusunce.com\/misak\/wp-json\/wp\/v2\/categories?post=16517"},{"taxonomy":"post_tag","embeddable":true,"href":"https:\/\/millidusunce.com\/misak\/wp-json\/wp\/v2\/tags?post=16517"}],"curies":[{"name":"wp","href":"https:\/\/api.w.org\/{rel}","templated":true}]}}