{"id":16546,"date":"2022-12-16T12:00:39","date_gmt":"2022-12-16T09:00:39","guid":{"rendered":"https:\/\/millidusunce.com\/misak\/?p=16546"},"modified":"2022-12-15T23:42:19","modified_gmt":"2022-12-15T20:42:19","slug":"huseyin-nihal-atsiz-ve-fikriyati","status":"publish","type":"post","link":"https:\/\/millidusunce.com\/misak\/huseyin-nihal-atsiz-ve-fikriyati\/","title":{"rendered":"H\u00fcseyin Nihal Ats\u0131z ve fikriyat\u0131"},"content":{"rendered":"<p>\u00dclkemizin kurulu\u015funun ilk y\u0131llar\u0131ndan g\u00fcn\u00fcm\u00fcze kadar gelen s\u00fcre\u00e7te fikir insanlar\u0131 ve kendilerince sistemli bir fikriyat\u0131 \u00e7izmeye \u00e7al\u0131\u015fan ki\u015fi say\u0131s\u0131 maalesef \u00e7ok say\u0131da de\u011fildir. \u00c7\u00fcnk\u00fc fikir \u00fcretmek ve fikrin \u00e7evresinden yola \u00e7\u0131karak insanlar\u0131 yani kitleleri harekete ge\u00e7irebilmek kolay olamayaca\u011f\u0131 gibi oldu\u011fu takdirde de son derece zahmetli ve teferruatl\u0131 bir h\u00e2l alacakt\u0131r.<\/p>\n<p>Bu zahmetli s\u00fcre\u00e7lere katlanan ve fikr\u00ee d\u00fcnyam\u0131zda bir \u00f6nder\/lider olan isimlerin ba\u015f\u0131nda da Nihal Ats\u0131z Bey gelmektedir. 1905 y\u0131l\u0131nda d\u00fcnyaya gelen ve 1975 y\u0131l\u0131nda ebediyete irtihal eden Ats\u0131z Bey, hayat\u0131 boyunca inand\u0131\u011f\u0131 de\u011ferlerin arkas\u0131ndan ko\u015fmu\u015f ve \u00e7ileli oldu\u011fu kadar verimli bir \u00f6mr\u00fc de geriye b\u0131rakm\u0131\u015ft\u0131r.<\/p>\n<p>\u00c7ocuklu\u011fu b\u00fcy\u00fck cihan devletinin \u00e7\u00f6k\u00fc\u015f\u00fcne tan\u0131kl\u0131k eden Ats\u0131z, elbette ki ya\u015fad\u0131\u011f\u0131 olaylar\u0131n etkisine girmi\u015f ve bu do\u011frultuda fikir d\u00fcnyas\u0131n\u0131 \u015fekillendirmi\u015ftir. T\u00fcrk milletinin de\u011ferlerini savunma ve millete kar\u015f\u0131 duyulan aidiyetin sorumluluklar\u0131n\u0131 yerine getirme g\u00f6revini \u00e7ok erken ya\u015flarda fark\u0131na varm\u0131\u015ft\u0131r. Harbiye\u2019de bulunsa bile birtak\u0131m menf\u00ee geli\u015fmeler sonras\u0131 \u0130stanbul \u00dcniversitesi Edebiyat Fak\u00fcltesinde ilm\u00ee \u00e7al\u0131\u015fmalar yolunda ad\u0131mlar\u0131n\u0131 atm\u0131\u015ft\u0131r. Mill\u00ee tarihin ba\u015flang\u0131c\u0131n\u0131 farkl\u0131 co\u011frafyalarda ve medeniyetlerde arayanlara kar\u015f\u0131n Ats\u0131z, b\u00fct\u00fcnc\u00fcl ve s\u00fcreklili\u011fi i\u00e7inde bar\u0131ndan bir tarih felsefesine sahip olmaya ba\u015flar.<\/p>\n<p>Ats\u0131z\u2019\u0131n baz\u0131 fikirleri bug\u00fcnden bak\u0131ld\u0131\u011f\u0131nda garip gelebilir. Lakin unutmadan ifade etmemiz elzemdir ki insanlar\u0131 ya\u015fad\u0131klar\u0131 d\u00f6nemin siyasi ve sosyal \u015fartlar\u0131n\u0131 hesaba katarak de\u011ferlendirmemiz gerekir.<\/p>\n<p>Ats\u0131z\u2019\u0131n in\u015fa etti\u011fi metodoloji, yaln\u0131zca T\u00fcrk\u00e7\u00fc \u00e7evrelerce de\u011fil metodoloji ile u\u011fra\u015fan b\u00fct\u00fcn ilim adamlar\u0131n\u0131n ilgisini \u00e7ekmi\u015ftir. Bu bak\u0131mdan \u2018\u2019Mill\u00ee tarihin in\u015f\u00e2s\u0131nda Ats\u0131z\u2019\u2019 pek \u00e7ok yeni \u00e7al\u0131\u015fmaya konu olabilir. Osmanl\u0131 tarihine ve tarih yaz\u0131m\u0131na da derin katk\u0131larda bulunan Ats\u0131z, daha bug\u00fcn h\u00e2l\u00e2 tasnife ve tekrar tekrar incelenmeye muhta\u00e7 olan Osmanl\u0131 ar\u015fivini g\u00fcndeme getirmi\u015f ve bu u\u011furda \u00e7al\u0131\u015fmalar yapm\u0131\u015ft\u0131r.<\/p>\n<p>Ats\u0131z\u2019a g\u00f6re T\u00fcrk tarih\u00e7ili\u011finde 1040 y\u0131l\u0131 son derece \u00f6nemlidir. \u00c7\u00fcnk\u00fc bu tarihte B\u00fcy\u00fck Sel\u00e7uklu Devleti kurulmu\u015ftur ve kavramsal olarak dile getirdi\u011fi Do\u011fu T\u00fcrkl\u00fc\u011f\u00fc ve Bat\u0131 T\u00fcrkl\u00fc\u011f\u00fc meselesini literat\u00fcre kaz\u0131m\u0131\u015ft\u0131r. Sadece bu katk\u0131s\u0131 bile son derece \u00f6nemlidir. Hele hele tarih felsefesi alan\u0131n\u0131n fakir oldu\u011fu \u00fclkemizde Ats\u0131z\u2019\u0131n bu katk\u0131s\u0131 etraf\u0131nda ilm\u00ee tart\u0131\u015fmalar devam etmekte ve \u00e7o\u011fu tarih\u00e7i nezdinde kabul g\u00f6rmektedir. Bu konuda kaleme ald\u0131\u011f\u0131 &#8220;23 May\u0131s (1040) ve 3 May\u0131s (1944)&#8221; isimli makalede bu durum a\u00e7\u0131klanm\u0131\u015ft\u0131r. Katk\u0131lar\u0131 yaln\u0131zca bununla kalmam\u0131\u015f bug\u00fcnk\u00fc Cumhurba\u015fkanl\u0131\u011f\u0131 forsunda yer alan 16 T\u00fcrk devletini sembolize eden forsa da kar\u015f\u0131 \u00e7\u0131km\u0131\u015ft\u0131r. Ats\u0131z, bu konuya dair &#8220;16 Devlet Masal\u0131 ve Uydurma Bayraklar&#8221; isimli makalesiyle bu konuya a\u00e7\u0131kl\u0131k getirmi\u015ftir. H\u00fcseyin Nihal Ats\u0131z, tarih felsefesi \u00fczerine teferruatl\u0131 \u00e7al\u0131\u015fmalar yaparak bug\u00fcn hala tart\u0131\u015f\u0131lan konulara dair s\u00f6z s\u00f6ylemi\u015ftir. Ona g\u00f6re T\u00fcrk tarihi ikiye ayr\u0131l\u0131r.<\/p>\n<p>1-Ana yurttaki T\u00fcrk tarihi<\/p>\n<p>2-Yabanc\u0131 illerdeki T\u00fcrk tarihi<\/p>\n<p>O, T\u00fcrk tarih\u00e7ili\u011fine ve metodolojisine katk\u0131da bulunurken ayn\u0131 zamanda Geri Gelen Mektup, Mutlak Seveceksin, Yollar\u0131n Sonu, Kahramanl\u0131k, Davetiye, Topal Asker gibi \u015fiirlerle T\u00fcrk Dili ve Edebiyat\u0131\u2019na muazzam eserler kazand\u0131rm\u0131\u015ft\u0131r. Yazm\u0131\u015f oldu\u011fu Bozkurtlar ise bir ku\u015fa\u011f\u0131 derinden etkilemekle kalmam\u0131\u015f roman\u0131n etkisi bug\u00fcn T\u00fcrk\u00e7\u00fc yazarlar i\u00e7in bir kaynak niteli\u011finde olmu\u015ftur. K\u00fcr \u015ead ve 40 \u00c7erisi&#8217;nin kahramanl\u0131k a\u015fk\u0131n\u0131 anlatan, T\u00fcrklerin ba\u011f\u0131ms\u0131zl\u0131k a\u015fk\u0131na \u0131\u015f\u0131k tutan bu eser sadece bir romandan ibaret olmay\u0131p K\u00f6k T\u00fcrk devleti i\u00e7in son derece \u00f6nemli bir tarihsel karakteri tekrar g\u00fcn y\u00fcz\u00fcne \u00e7\u0131karm\u0131\u015ft\u0131r.<\/p>\n<p>Roman\u0131n i\u00e7indeki pek \u00e7ok \u00f6ge ise bug\u00fcnk\u00fc T\u00fcrk tarihini ele alan dizi ve filmlerde g\u00f6rd\u00fc\u011f\u00fcm\u00fc de ifade etmeliyim. Bug\u00fcn dahi aram\u0131zda bulunmas\u0131ndan gurur duydu\u011fumuz K\u00fcr\u015fad isimli ki\u015filerin do\u011fdu\u011fu tarihlere, ismin yayg\u0131nla\u015fmas\u0131na bakt\u0131\u011f\u0131m\u0131zda Ats\u0131z\u2019a bir kez daha te\u015fekk\u00fcr ediyoruz. K\u00f6k T\u00fcrk Devleti\u2019ni eserlerine konu etmesinin yan\u0131 s\u0131ra Deli Kurt isimli eserinde son b\u00fcy\u00fck imparatorlu\u011fumuzun Fetret Devri&#8217;ni ele al\u0131r.<\/p>\n<p>Yar\u0131m asr\u0131 ge\u00e7en bu eserler T\u00fcrk k\u00fclt\u00fcr\u00fcne kal\u0131c\u0131 katk\u0131lar yapmakla kalmam\u0131\u015f milletimizin de daima esinlendi\u011fi bir ba\u015fucu eser olmu\u015ftur.<\/p>\n<p>Hatas\u0131yla do\u011frusuyla H\u00fcseyin Nihal Ats\u0131z, T\u00fcrk\u00e7\u00fcl\u00fck i\u00e7in ya\u015fad\u0131 ve T\u00fcrk\u00e7\u00fcl\u00fck u\u011fruna m\u00fccadele verdi. T\u00fcrk milletini y\u00fccelten, koruyan ve her t\u00fcrl\u00fc sald\u0131r\u0131ya kar\u015f\u0131 kalkan g\u00f6revi g\u00f6ren i\u015flerde bulundu. Bu noktada \u00f6mr\u00fc tam anlam\u0131yla \u00e7ekinilmeden bir \u2018\u2019adanm\u0131\u015fl\u0131k \u00f6mr\u00fc\u2019\u2019 olarak ifade etmek m\u00fcmk\u00fcnd\u00fcr. Sert ve sars\u0131c\u0131 \u00fcslubunda ideolojik tavr\u0131 ve dilimize kar\u015f\u0131 yakla\u015ft\u0131\u011f\u0131 hususiyet kendini belli eder.<\/p>\n<p>H\u00fcseyin Nihal Ats\u0131z\u2019\u0131n fikir d\u00fcnyas\u0131 ve d\u00fc\u015f\u00fcnceleri \u00fczerine daha \u00e7ok konu\u015fulabilir. B\u00f6ylesine \u00f6nemli \u015fahsiyetler \u00fczerine yaz\u0131lacak monografilerle yeni bak\u0131\u015flar ortaya \u00e7\u0131kacakt\u0131r. Her d\u00f6nem farkl\u0131 monografilerin kalem al\u0131nmas\u0131, dilimize zenginlik kataca\u011f\u0131 gibi d\u00f6nemin dil \u00f6zelliklerini ve k\u00fclt\u00fcrel ko\u015fullar\u0131n\u0131n yans\u0131mas\u0131n\u0131 da artt\u0131raca\u011f\u0131 a\u00e7\u0131kt\u0131r. Her d\u00f6nem yaz\u0131lmaya muhta\u00e7 olan Ats\u0131z i\u00e7in yaz\u0131lan pek \u00e7ok makale, deneme, \u015fiir, hat\u0131ra\/an\u0131 format\u0131nda eser bulunmaktad\u0131r.\u00a0 Peki ya Ats\u0131z hakk\u0131nda bu zamana kadar unutulmayan neler yaz\u0131ld\u0131?<\/p>\n<p>Son y\u0131llarda rahmetli H\u00fcseyin Nihal Ats\u0131z \u00fczerine \u00e7ok verimli ve dolu \u00e7al\u0131\u015fmalar yap\u0131lm\u0131\u015ft\u0131r. Ats\u0131z i\u00e7in yaz\u0131lanlar\u0131n hepsini buraya s\u0131\u011fd\u0131rabilmek m\u00fcmk\u00fcn de\u011fildir. Bu \u00e7al\u0131\u015fmalar\u0131n ba\u015f\u0131nda ise Prof. Dr. Ahmet Bican Ercilasun hocam\u0131z\u0131n kaleme ald\u0131\u011f\u0131 &#8220;Ats\u0131z: T\u00fcrk\u00e7\u00fcl\u00fc\u011f\u00fcn Mistik \u00d6nderi\u2019\u2019 isimli eserin yan\u0131 s\u0131ra de\u011ferli hocam Prof. Dr. Saadettin Ya\u011fmur G\u00f6me\u00e7\u2019in yay\u0131na haz\u0131rlad\u0131\u011f\u0131 &#8220;Ats\u0131z Arma\u011fan\u0131 2&#8221; isimli \u00e7al\u0131\u015fma son derece de\u011ferlidir. Rahmetli Y\u00fccel Hacalo\u011flu hocam\u0131z\u0131n b\u00fcy\u00fck bir emek sonucu haz\u0131rlad\u0131\u011f\u0131 &#8220;Ats\u0131z\u2019\u0131n Mektuplar\u0131\u2019\u2019 isimli eserin yan\u0131 s\u0131ra Milli D\u00fc\u015f\u00fcnce Merkezi\u2019nin bir se\u00e7ki olarak haz\u0131rlad\u0131\u011f\u0131 e-kitap &#8220;Ats\u0131z: T\u00fcrk\u00e7\u00fcl\u00fc\u011f\u00fcn \u00c7a\u011flayan\u0131&#8221; isimli \u00e7al\u0131\u015fmay\u0131 zikretmek m\u00fcmk\u00fcnd\u00fcr.<\/p>\n<p>Bir d\u00f6nem yaln\u0131zca T\u00fcrk milliyet\u00e7isi \u00e7evrelerce okunan ve fikri tart\u0131\u015fmalar\u0131n meselesi olan Ats\u0131z bug\u00fcn b\u00fct\u00fcn T\u00fcrkiye\u2019de kendine yer bulmakta ve farkl\u0131 d\u00fcnya g\u00f6r\u00fc\u015flerinden olan insanlarca ilgi ile okunmaktad\u0131r. Bunun pek \u00e7ok sebebi olmakla beraber temel sebeplerinden biri b\u00fct\u00fcn d\u00fcnyada milliyet\u00e7ili\u011fin y\u00fckseli\u015finin yan\u0131 s\u0131ra Ats\u0131z\u2019\u0131 ke\u015ffeden ki\u015filerin ondan ve onun \u00fcretti\u011fi i\u00e7eriklerden kopamamas\u0131 da yatmaktad\u0131r.<\/p>\n<p>O h\u00e2lde\u2026<\/p>\n<p>Allah, mekan\u0131n\u0131 cennet k\u0131ls\u0131n. Ruhu \u015fad olsun.<\/p>\n","protected":false},"excerpt":{"rendered":"<p>Hatas\u0131yla do\u011frusuyla H\u00fcseyin Nihal Ats\u0131z, T\u00fcrk\u00e7\u00fcl\u00fck i\u00e7in ya\u015fad\u0131 ve T\u00fcrk\u00e7\u00fcl\u00fck u\u011fruna m\u00fccadele verdi. T\u00fcrk milletini y\u00fccelten, koruyan ve her t\u00fcrl\u00fc sald\u0131r\u0131ya kar\u015f\u0131 kalkan g\u00f6revi g\u00f6ren i\u015flerde bulundu.<\/p>\n","protected":false},"author":108,"featured_media":16548,"comment_status":"open","ping_status":"open","sticky":false,"template":"","format":"standard","meta":{"_links_to":"","_links_to_target":""},"categories":[68],"tags":[2520,325,2522,609,2521,122],"yoast_head":"<!-- This site is optimized with the Yoast SEO plugin v16.0.2 - https:\/\/yoast.com\/wordpress\/plugins\/seo\/ -->\n<title>H\u00fcseyin Nihal Ats\u0131z ve fikriyat\u0131 - M\u0130SAK- Mill\u00ee Strateji Ara\u015ft\u0131rma Kurulu<\/title>\n<meta name=\"description\" content=\"Hatas\u0131yla do\u011frusuyla H\u00fcseyin Nihal Ats\u0131z, T\u00fcrk\u00e7\u00fcl\u00fck i\u00e7in ya\u015fad\u0131 ve T\u00fcrk\u00e7\u00fcl\u00fck u\u011fruna m\u00fccadele verdi. T\u00fcrk milletini y\u00fccelten, koruyan ve her t\u00fcrl\u00fc sald\u0131r\u0131ya kar\u015f\u0131 kalkan g\u00f6revi g\u00f6ren i\u015flerde bulundu.\" \/>\n<link rel=\"canonical\" href=\"https:\/\/millidusunce.com\/misak\/huseyin-nihal-atsiz-ve-fikriyati\/\" \/>\n<meta property=\"og:locale\" content=\"tr_TR\" \/>\n<meta property=\"og:type\" content=\"article\" \/>\n<meta property=\"og:title\" content=\"H\u00fcseyin Nihal Ats\u0131z ve fikriyat\u0131 - M\u0130SAK- Mill\u00ee Strateji Ara\u015ft\u0131rma Kurulu\" \/>\n<meta property=\"og:description\" content=\"Hatas\u0131yla do\u011frusuyla H\u00fcseyin Nihal Ats\u0131z, T\u00fcrk\u00e7\u00fcl\u00fck i\u00e7in ya\u015fad\u0131 ve T\u00fcrk\u00e7\u00fcl\u00fck u\u011fruna m\u00fccadele verdi. T\u00fcrk milletini y\u00fccelten, koruyan ve her t\u00fcrl\u00fc sald\u0131r\u0131ya kar\u015f\u0131 kalkan g\u00f6revi g\u00f6ren i\u015flerde bulundu.\" \/>\n<meta property=\"og:url\" content=\"https:\/\/millidusunce.com\/misak\/huseyin-nihal-atsiz-ve-fikriyati\/\" \/>\n<meta property=\"og:site_name\" content=\"M\u0130SAK- Mill\u00ee Strateji Ara\u015ft\u0131rma Kurulu\" \/>\n<meta property=\"article:published_time\" content=\"2022-12-16T09:00:39+00:00\" \/>\n<meta property=\"article:modified_time\" content=\"2022-12-15T20:42:19+00:00\" \/>\n<meta property=\"og:image\" content=\"https:\/\/millidusunce.com\/misak\/wp-content\/uploads\/2022\/12\/TURK-MILLIYETCISI-BIR-CUMHURBASKANI18-1.png\" \/>\n\t<meta property=\"og:image:width\" content=\"1200\" \/>\n\t<meta property=\"og:image:height\" content=\"800\" \/>\n<meta name=\"twitter:card\" content=\"summary_large_image\" \/>\n<meta name=\"twitter:label1\" content=\"Tahmini okuma s\u00fcresi\">\n\t<meta name=\"twitter:data1\" content=\"4 dakika\">\n<script type=\"application\/ld+json\" class=\"yoast-schema-graph\">{\"@context\":\"https:\/\/schema.org\",\"@graph\":[{\"@type\":\"Organization\",\"@id\":\"https:\/\/millidusunce.com\/misak\/#organization\",\"name\":\"Mill\\u00ee D\\u00fc\\u015f\\u00fcnce Merkezi\",\"url\":\"https:\/\/millidusunce.com\/misak\/\",\"sameAs\":[],\"logo\":{\"@type\":\"ImageObject\",\"@id\":\"https:\/\/millidusunce.com\/misak\/#logo\",\"inLanguage\":\"tr\",\"url\":\"https:\/\/millidusunce.com\/misak\/wp-content\/uploads\/2018\/09\/mdmLogo-yazisiz.jpg\",\"width\":422,\"height\":422,\"caption\":\"Mill\\u00ee D\\u00fc\\u015f\\u00fcnce Merkezi\"},\"image\":{\"@id\":\"https:\/\/millidusunce.com\/misak\/#logo\"}},{\"@type\":\"WebSite\",\"@id\":\"https:\/\/millidusunce.com\/misak\/#website\",\"url\":\"https:\/\/millidusunce.com\/misak\/\",\"name\":\"M\\u0130SAK- Mill\\u00ee Strateji Ara\\u015ft\\u0131rma Kurulu\",\"description\":\"D\\u00fcnyaya T\\u00fcrk\\u00e7\\u00fc Bak\\u0131\\u015f\",\"publisher\":{\"@id\":\"https:\/\/millidusunce.com\/misak\/#organization\"},\"potentialAction\":[{\"@type\":\"SearchAction\",\"target\":\"https:\/\/millidusunce.com\/misak\/?s={search_term_string}\",\"query-input\":\"required name=search_term_string\"}],\"inLanguage\":\"tr\"},{\"@type\":\"ImageObject\",\"@id\":\"https:\/\/millidusunce.com\/misak\/huseyin-nihal-atsiz-ve-fikriyati\/#primaryimage\",\"inLanguage\":\"tr\",\"url\":\"https:\/\/millidusunce.com\/misak\/wp-content\/uploads\/2022\/12\/TURK-MILLIYETCISI-BIR-CUMHURBASKANI18-1.png\",\"width\":1200,\"height\":800},{\"@type\":\"WebPage\",\"@id\":\"https:\/\/millidusunce.com\/misak\/huseyin-nihal-atsiz-ve-fikriyati\/#webpage\",\"url\":\"https:\/\/millidusunce.com\/misak\/huseyin-nihal-atsiz-ve-fikriyati\/\",\"name\":\"H\\u00fcseyin Nihal Ats\\u0131z ve fikriyat\\u0131 - M\\u0130SAK- Mill\\u00ee Strateji Ara\\u015ft\\u0131rma Kurulu\",\"isPartOf\":{\"@id\":\"https:\/\/millidusunce.com\/misak\/#website\"},\"primaryImageOfPage\":{\"@id\":\"https:\/\/millidusunce.com\/misak\/huseyin-nihal-atsiz-ve-fikriyati\/#primaryimage\"},\"datePublished\":\"2022-12-16T09:00:39+00:00\",\"dateModified\":\"2022-12-15T20:42:19+00:00\",\"description\":\"Hatas\\u0131yla do\\u011frusuyla H\\u00fcseyin Nihal Ats\\u0131z, T\\u00fcrk\\u00e7\\u00fcl\\u00fck i\\u00e7in ya\\u015fad\\u0131 ve T\\u00fcrk\\u00e7\\u00fcl\\u00fck u\\u011fruna m\\u00fccadele verdi. T\\u00fcrk milletini y\\u00fccelten, koruyan ve her t\\u00fcrl\\u00fc sald\\u0131r\\u0131ya kar\\u015f\\u0131 kalkan g\\u00f6revi g\\u00f6ren i\\u015flerde bulundu.\",\"breadcrumb\":{\"@id\":\"https:\/\/millidusunce.com\/misak\/huseyin-nihal-atsiz-ve-fikriyati\/#breadcrumb\"},\"inLanguage\":\"tr\",\"potentialAction\":[{\"@type\":\"ReadAction\",\"target\":[\"https:\/\/millidusunce.com\/misak\/huseyin-nihal-atsiz-ve-fikriyati\/\"]}]},{\"@type\":\"BreadcrumbList\",\"@id\":\"https:\/\/millidusunce.com\/misak\/huseyin-nihal-atsiz-ve-fikriyati\/#breadcrumb\",\"itemListElement\":[{\"@type\":\"ListItem\",\"position\":1,\"item\":{\"@type\":\"WebPage\",\"@id\":\"https:\/\/millidusunce.com\/misak\/\",\"url\":\"https:\/\/millidusunce.com\/misak\/\",\"name\":\"Anasayfa\"}},{\"@type\":\"ListItem\",\"position\":2,\"item\":{\"@type\":\"WebPage\",\"@id\":\"https:\/\/millidusunce.com\/misak\/huseyin-nihal-atsiz-ve-fikriyati\/\",\"url\":\"https:\/\/millidusunce.com\/misak\/huseyin-nihal-atsiz-ve-fikriyati\/\",\"name\":\"H\\u00fcseyin Nihal Ats\\u0131z ve fikriyat\\u0131\"}}]},{\"@type\":\"Article\",\"@id\":\"https:\/\/millidusunce.com\/misak\/huseyin-nihal-atsiz-ve-fikriyati\/#article\",\"isPartOf\":{\"@id\":\"https:\/\/millidusunce.com\/misak\/huseyin-nihal-atsiz-ve-fikriyati\/#webpage\"},\"author\":{\"@id\":\"https:\/\/millidusunce.com\/misak\/#\/schema\/person\/cc4c757a6a635c642f84e7186639f3c1\"},\"headline\":\"H\\u00fcseyin Nihal Ats\\u0131z ve fikriyat\\u0131\",\"datePublished\":\"2022-12-16T09:00:39+00:00\",\"dateModified\":\"2022-12-15T20:42:19+00:00\",\"mainEntityOfPage\":{\"@id\":\"https:\/\/millidusunce.com\/misak\/huseyin-nihal-atsiz-ve-fikriyati\/#webpage\"},\"commentCount\":0,\"publisher\":{\"@id\":\"https:\/\/millidusunce.com\/misak\/#organization\"},\"image\":{\"@id\":\"https:\/\/millidusunce.com\/misak\/huseyin-nihal-atsiz-ve-fikriyati\/#primaryimage\"},\"keywords\":\"Bozkurtlar,H\\u00fcseyin Nihal Ats\\u0131z,K\\u00fcr\\u015fat,T\\u00fcrk,T\\u00fcrk devletleri,T\\u00fcrk\\u00e7\\u00fcl\\u00fck\",\"articleSection\":\"T\\u00dcRKL\\u00dcK-T\\u00dcRK\\u00c7\\u00dcL\\u00dcK\",\"inLanguage\":\"tr\",\"potentialAction\":[{\"@type\":\"CommentAction\",\"name\":\"Comment\",\"target\":[\"https:\/\/millidusunce.com\/misak\/huseyin-nihal-atsiz-ve-fikriyati\/#respond\"]}]},{\"@type\":\"Person\",\"@id\":\"https:\/\/millidusunce.com\/misak\/#\/schema\/person\/cc4c757a6a635c642f84e7186639f3c1\",\"name\":\"Necdet Cura\",\"image\":{\"@type\":\"ImageObject\",\"@id\":\"https:\/\/millidusunce.com\/misak\/#personlogo\",\"inLanguage\":\"tr\",\"url\":\"https:\/\/secure.gravatar.com\/avatar\/0e0b41c60b6d21b1e0153537b4692a7d?s=96&d=mm&r=g\",\"caption\":\"Necdet Cura\"},\"description\":\"Manisa do\\u011fumludur. \\u00dcniversiteye kadar olan e\\u011fitimini Manisa'da tamamlam\\u0131\\u015ft\\u0131r. Manisa'da yerel bir kanalda ''Gen\\u00e7ler Konu\\u015fuyor'' adl\\u0131 televizyon program\\u0131n\\u0131n sunuculu\\u011funu \\u00fcstlenmi\\u015ftir. Bu programda gen\\u00e7lerin d\\u00fcnyay\\u0131 ke\\u015ffetmesi, kendi k\\u00fclt\\u00fcr ve birikimlerini anlamalar\\u0131na dair i\\u00e7erik \\u00fcretmi\\u015ftir. Hen\\u00fcz gen\\u00e7 ya\\u015fta pek \\u00e7ok sitede k\\u00f6\\u015fe yaz\\u0131s\\u0131, \\u015fiir, makale, deneme payla\\u015fm\\u0131\\u015ft\\u0131r. Halen Ankara \\u00dcniversitesi Dil ve Tarih-Co\\u011frafya Fak\\u00fcltesi'nin Tarih b\\u00f6l\\u00fcm\\u00fc \\u00f6\\u011frencisidir. GSB'ye ba\\u011fl\\u0131 etkinliklerde aktif rol alm\\u0131\\u015ft\\u0131r. ''Sar\\u0131kam\\u0131\\u015f \\u015eehitleri'' ad\\u0131na yap\\u0131lan y\\u00fcr\\u00fcy\\u00fc\\u015flerde kendi yazd\\u0131\\u011f\\u0131 metini Manisa halk\\u0131na hitap etmi\\u015ftir. \\u0130nternet ortam\\u0131nda makale, \\u015fiir seslendirmeleri de mevcuttur. Sosyal Bilimlerin \\u00e7e\\u015fitli dallar\\u0131yla \\u00e7al\\u0131\\u015fmas\\u0131n\\u0131n yan\\u0131 s\\u0131ra Siyaset Bilimi \\u00fczerine de \\u00e7al\\u0131\\u015fmalar y\\u00fcr\\u00fctmekte ve Se\\u00e7im Analizleri, Tarih ve Medya \\u00fczerine yo\\u011funla\\u015fmaktad\\u0131r.\"}]}<\/script>\n<!-- \/ Yoast SEO plugin. -->","_links":{"self":[{"href":"https:\/\/millidusunce.com\/misak\/wp-json\/wp\/v2\/posts\/16546"}],"collection":[{"href":"https:\/\/millidusunce.com\/misak\/wp-json\/wp\/v2\/posts"}],"about":[{"href":"https:\/\/millidusunce.com\/misak\/wp-json\/wp\/v2\/types\/post"}],"author":[{"embeddable":true,"href":"https:\/\/millidusunce.com\/misak\/wp-json\/wp\/v2\/users\/108"}],"replies":[{"embeddable":true,"href":"https:\/\/millidusunce.com\/misak\/wp-json\/wp\/v2\/comments?post=16546"}],"version-history":[{"count":2,"href":"https:\/\/millidusunce.com\/misak\/wp-json\/wp\/v2\/posts\/16546\/revisions"}],"predecessor-version":[{"id":16549,"href":"https:\/\/millidusunce.com\/misak\/wp-json\/wp\/v2\/posts\/16546\/revisions\/16549"}],"wp:featuredmedia":[{"embeddable":true,"href":"https:\/\/millidusunce.com\/misak\/wp-json\/wp\/v2\/media\/16548"}],"wp:attachment":[{"href":"https:\/\/millidusunce.com\/misak\/wp-json\/wp\/v2\/media?parent=16546"}],"wp:term":[{"taxonomy":"category","embeddable":true,"href":"https:\/\/millidusunce.com\/misak\/wp-json\/wp\/v2\/categories?post=16546"},{"taxonomy":"post_tag","embeddable":true,"href":"https:\/\/millidusunce.com\/misak\/wp-json\/wp\/v2\/tags?post=16546"}],"curies":[{"name":"wp","href":"https:\/\/api.w.org\/{rel}","templated":true}]}}