{"id":16687,"date":"2023-01-26T19:00:00","date_gmt":"2023-01-26T16:00:00","guid":{"rendered":"https:\/\/millidusunce.com\/misak\/?p=16687&#038;preview=true&#038;preview_id=16687"},"modified":"2023-01-26T09:07:25","modified_gmt":"2023-01-26T06:07:25","slug":"kilicdaroglunun-lozan-teklifi","status":"publish","type":"post","link":"https:\/\/millidusunce.com\/misak\/kilicdaroglunun-lozan-teklifi\/","title":{"rendered":"K\u0131l\u0131\u00e7daro\u011flu&#8217;nun Lozan Teklifi"},"content":{"rendered":"<p>Bahtiyar S\u00fcha Keskin adl\u0131 bir vatanda\u015f, yak\u0131n bir zamanda C\u0130MER\u2019e 1923 tarihli Anla\u015fma i\u00e7in \u201c<em>Lozan\u2019\u0131n gizli maddeleri var m\u0131?\u201d<\/em> diye sormu\u015f, C\u0130MER, <em>\u201cLozan Bar\u0131\u015f Anla\u015fmas\u0131\u2019nda gizli maddeler bulunmamakta olup, maden \u00e7\u0131karmam\u0131za engel te\u015fkil eden bir madde yer almamaktad\u0131r.<\/em> <em>Bizim g\u00f6nderdi\u011fimiz yan\u0131t ama ilgili kurumdan ald\u0131\u011f\u0131m\u0131z cevab\u0131 g\u00f6nderiyoruz. Bizim resmi g\u00f6r\u00fc\u015f\u00fcm\u00fcz de\u011fil\u201d<\/em> a\u00e7\u0131klamas\u0131n\u0131 yapm\u0131\u015ft\u0131r.<\/p>\n<h2><strong>S\u00fcresiz Bir Anla\u015fma&#8230;<\/strong><\/h2>\n<p>\u0130stanbul \u00dcniversitesi \u00f6\u011fretim \u00fcyesi Prof. Dr. Mustafa Budak, <em>\u201cLozan s\u00fcresiz bir anla\u015fmad\u0131r. Gizli bir maddesi de s\u00f6z konusu de\u011fil. Anla\u015fman\u0131n orijinali de b\u00fct\u00fcn evrak\u0131 da ortada. Ayr\u0131ca, bu iddialar ara\u015ft\u0131r\u0131ld\u0131 zaten. Olsayd\u0131 bulunurdu. Varsa \u00e7\u0131kars\u0131nlar. Ger\u00e7eklikle alakas\u0131 yok, dedikodudan ba\u015fka bir \u015fey de\u011fil. Bilimsel bir de\u011feri de yok\u201d<\/em> demi\u015ftir. Marmara \u00dcniversitesi\u2019nden Prof. Dr. Ali Satan da ayn\u0131 g\u00f6r\u00fc\u015ftedir: \u201c<em>Lozan\u2019\u0131n gizli bir maddesi yok. Lozan\u2019a dair b\u00fct\u00fcn evrak, raporlar ortada. Aradan 100 y\u0131l ge\u00e7ti, olsayd\u0131 mutlaka ortaya \u00e7\u0131kard\u0131. Tarih bilimi a\u00e7\u0131s\u0131ndan elde ge\u00e7erli hi\u00e7bir veri yok.\u201d<\/em><\/p>\n<p>Bo\u011fazi\u00e7i \u00dcniversitesi\u2019nden Do\u00e7. Dr. Sevtap Demirci de, <em>\u201c\u0130ngiliz ar\u015fivlerinde g\u00f6rmedi\u011fim, ara\u015ft\u0131rmad\u0131\u011f\u0131m belge kalmad\u0131. D\u0131\u015fi\u015fleri belgeleri, istihbarat raporlar\u0131, Savunma Bakanl\u0131\u011f\u0131 belgeleri, akla gelen ne varsa. Gizli bir madde oldu\u011funa dair en ufak bir veri yok. T\u00fcrk ar\u015fivlerini de arad\u0131m. Orada da yok. \u2018Var\u2019 diyenler ispat etsin. Olmayan \u015feyin ispat\u0131 olmaz \u00e7\u00fcnk\u00fc<\/em>.\u201d a\u00e7\u0131klamas\u0131nda bulunmu\u015ftur.<\/p>\n<p>Lozan Anla\u015fmas\u0131\u2019n\u0131n y\u0131l d\u00f6n\u00fcm\u00fcnde, ba\u015fta Mustafa Kemal Atat\u00fcrk ve \u0130smet \u0130n\u00f6n\u00fc olmak \u00fczere t\u00fcm eme\u011fi ge\u00e7enleri sayg\u0131 ve sevgi ile an\u0131yorum. Lozan Anla\u015fmas\u0131, Cumhuriyetimizin y\u00fcz\u00fcnc\u00fc y\u0131l\u0131 olan 2023\u2019te son bulacak diyenleri k\u0131n\u0131yor, bu konuda yanl\u0131\u015f bilgilerle donat\u0131lan iyi niyetli baz\u0131 \u00fcniversiteli gen\u00e7leri de ger\u00e7ekleri g\u00f6rmeye davet ediyorum. (<a href=\"https:\/\/www.youtube.com\/watch?v=wrSEv72-XZs\" target=\"_blank\" rel=\"noopener\">https:\/\/www.youtube.com\/watch?v=wrSEv72-XZs<\/a>)<\/p>\n<p>Bu gen\u00e7lerden ikisi, ge\u00e7mi\u015fte bir vak\u0131f \u00fcniversitesinde Avrupa Birli\u011fi dersimde, Avrupa Birli\u011fi ile imzalanm\u0131\u015f <em>\u201c<\/em><em>Ankara Anla\u015fmas\u0131\u201d <\/em>ve<em> \u201c<\/em><em>Katma Protokol\u00fc\u201d<\/em> anlat\u0131rken bana Lozan Anla\u015fmas\u0131\u2019n\u0131n gizli maddeleri oldu\u011funu, 2023 y\u0131l\u0131nda son bulaca\u011f\u0131n\u0131, bunun do\u011fru olup olmad\u0131\u011f\u0131n\u0131 sordular. Ben de 143 madde aras\u0131nda b\u00f6yle bir gizli maddenin olmad\u0131\u011f\u0131n\u0131, anla\u015fma metninin gerek T\u00fcrk\u00e7esinde gerekse orijinal Frans\u0131zca metninde bu maddenin bulunmad\u0131\u011f\u0131n\u0131, Lozan Anla\u015fmas\u0131\u2019na taraf \u00e7ok say\u0131da \u00fclke oldu\u011funu, onayl\u0131 birer \u00f6rne\u011finin t\u00fcm imzac\u0131 \u00fclkelere verildi\u011fini, Lozan\u2019\u0131n, bir veya birka\u00e7 \u00fclke i\u00e7in gizli maddelerinin bulunmas\u0131n\u0131n m\u00fcmk\u00fcn olmad\u0131\u011f\u0131n\u0131 a\u00e7\u0131klad\u0131m.<\/p>\n<div id=\"attachment_16705\" style=\"width: 778px\" class=\"wp-caption aligncenter\"><img loading=\"lazy\" decoding=\"async\" aria-describedby=\"caption-attachment-16705\" class=\"wp-image-16705 size-medium_large\" src=\"https:\/\/millidusunce.com\/misak\/wp-content\/uploads\/2023\/01\/trakya-universitesi-lozan-aniti-1-1024x768-1-768x576.jpg\" alt=\"\" width=\"768\" height=\"576\" srcset=\"https:\/\/millidusunce.com\/misak\/wp-content\/uploads\/2023\/01\/trakya-universitesi-lozan-aniti-1-1024x768-1-768x576.jpg 768w, https:\/\/millidusunce.com\/misak\/wp-content\/uploads\/2023\/01\/trakya-universitesi-lozan-aniti-1-1024x768-1-300x225.jpg 300w, https:\/\/millidusunce.com\/misak\/wp-content\/uploads\/2023\/01\/trakya-universitesi-lozan-aniti-1-1024x768-1-150x113.jpg 150w, https:\/\/millidusunce.com\/misak\/wp-content\/uploads\/2023\/01\/trakya-universitesi-lozan-aniti-1-1024x768-1.jpg 1024w\" sizes=\"auto, (max-width: 768px) 100vw, 768px\" \/><p id=\"caption-attachment-16705\" class=\"wp-caption-text\">Lozan An\u0131t\u0131, Trakya \u00dcniversitesi, Edirne<\/p><\/div>\n<h2>Sevr&#8217;i canland\u0131rmak isteyenler<\/h2>\n<p>Lozan\u2019\u0131 yok savarak Sevr\u2019i (SEVRES) canland\u0131rmak isteyenler oldu\u011funu, Sevr Anla\u015fmas\u0131\u2019n\u0131n 62, 63 ve 64\u2019nc\u00fc maddelerinin ba\u011f\u0131ms\u0131z bir K\u00fcrdistan kurulmas\u0131n\u0131 \u00f6ng\u00f6rd\u00fc\u011f\u00fcn\u00fc, bu maddelerin K\u00fcrtlere self determinasyon hakk\u0131 verdi\u011fini belirttim ama pek ikna edici olamad\u0131m. Sevr Anla\u015fmas\u0131\u2019n\u0131n, 1923 Lozan Anla\u015fmas\u0131 ile ortadan kald\u0131r\u0131ld\u0131\u011f\u0131n\u0131 s\u00f6ylememe ra\u011fmen bana inanmad\u0131lar. Bu iki \u00f6\u011frenciye ve t\u00fcm s\u0131n\u0131fa, Paris\u2019in Sevr (Sevres) banliy\u00f6s\u00fcnde bulunan Seramik M\u00fczesi\u2019nde Anla\u015fma\u2019n\u0131n imzaland\u0131\u011f\u0131n\u0131, daha sonra bu M\u00fcze\u2019nin \u00f6n\u00fcne Ermenilerin s\u00f6zde Ermeni soyk\u0131r\u0131m\u0131 an\u0131t\u0131 diktiklerini, b\u00f6ylece Sevr Anla\u015fmas\u0131\u2019ndaki b\u00fcy\u00fck Ermenistan\u2019a at\u0131fta bulunduklar\u0131n\u0131 da s\u00f6yledim. Lozan Anla\u015fmas\u0131\u2019n\u0131n orijinal Frans\u0131zca asl\u0131n\u0131n Paris\u2019te, Frans\u0131z D\u0131\u015fi\u015fleri Bakanl\u0131\u011f\u0131 ar\u015fivinde muhafaza edildi\u011fini \u00f6zellikle belirttim. Anla\u015fma\u2019n\u0131n g\u00f6r\u00fcnt\u00fclerinin t\u0131pk\u0131bas\u0131m\u0131n\u0131n yay\u0131mlanmas\u0131 amac\u0131yla T. \u0130\u015f Bankas\u0131 K\u00fclt\u00fcr Yay\u0131nlar\u0131 taraf\u0131ndan T\u00fcrkiye\u2019ye getirildi\u011fini de a\u00e7\u0131klad\u0131m.<\/p>\n<p>Sevr Anla\u015fmas\u0131, Birinci D\u00fcnya Sava\u015f\u0131 sonras\u0131nda \u0130tilaf Devletleri ile Osmanl\u0131 \u0130mparatorlu\u011fu aras\u0131nda 10 A\u011fustos 1920 tarihinde Paris\u2019in bat\u0131 banliy\u00f6s\u00fc Sevr (Sevres) kasabas\u0131ndaki Seramik M\u00fczesi\u2019nde (Mus\u00e9e National de C\u00e9ramique) imzalanm\u0131\u015ft\u0131r. Bu m\u00fcze, T\u00fcrkiye i\u00e7in Anla\u015fma\u2019n\u0131n imzaland\u0131\u011f\u0131 yer olmas\u0131 bak\u0131m\u0131ndan \u00f6nemlidir. Bir di\u011fer \u00f6nemi de, Ermenilerin m\u00fczenin \u00f6n\u00fcne 8 Mart 2001 tarihinde s\u00f6zde Ermeni Soyk\u0131r\u0131m An\u0131t\u0131 dikmesidir. An\u0131t\u0131n \u00fczerinde,<em>\u201c1915\u2019te J\u00f6n T\u00fcrk H\u00fck\u00fcmeti taraf\u0131ndan Birinci D\u00fcnya Sava\u015f\u0131\u2019nda soyk\u0131r\u0131ma u\u011frat\u0131lan 1,5 milyon Ermeninin an\u0131s\u0131na\u201d<\/em><em>s\u00f6zleri <\/em>yaz\u0131l\u0131d\u0131r. Bu ifade, Auschwitz &#8211; Birkenau toplama kamp\u0131n\u0131n \u00f6n\u00fcnde de vard\u0131r. Bir farkla: 1,5 milyon Yahudi, 1,5 milyon Ermeni olarak de\u011fi\u015ftirilmi\u015ftir. Bu, uluslararas\u0131 intihaldir.<\/p>\n<p>Lozan\u2019da kapit\u00fclasyonlar\u0131n kald\u0131r\u0131lmas\u0131, Osmanl\u0131 bor\u00e7lar\u0131n\u0131n makul \u00f6l\u00e7\u00fcde \u00f6denerek tasfiye edilmesi, Duy\u00fbn-u Um\u00fbmiye \u0130daresine son verilmesinin karara ba\u011flanmas\u0131, Musul petrollerinden pay al\u0131nmas\u0131, ekonomik kalk\u0131nma i\u00e7in \u00e7ok \u00f6nemli bir z\u0131rh olan g\u00fcmr\u00fcklere gecikmeli de olsa egemen olunmas\u0131, kabotaj hakk\u0131n\u0131n elde edilmesi \u00f6nemli kazan\u0131mlard\u0131r. Lozan Anla\u015fmas\u0131 ve ona ekli Ticaret S\u00f6zle\u015fmesi ile be\u015f y\u0131ll\u0131k bir gecikme ile T\u00fcrkiye g\u00fcmr\u00fcklerine h\u00e2kim olabilmi\u015ftir. B\u00f6ylece, Osmanl\u0131\u2019dan farkl\u0131 olarak yeni, gen\u00e7 Cumhuriyet sanayile\u015fmi\u015f Bat\u0131l\u0131 \u00fclkelerinin a\u00e7\u0131k pazar\u0131 olmaktan kurtar\u0131lm\u0131\u015ft\u0131r.<\/p>\n<h2>K\u0131l\u0131\u00e7daro\u011flu&#8217;nun Lozan Teklifi<\/h2>\n<p>Ge\u00e7mi\u015fte Kemal K\u0131l\u0131\u00e7daro\u011flu, TBMM a\u00e7\u0131ld\u0131\u011f\u0131 zaman Lozan Anla\u015fmas\u0131&#8217;n\u0131n imzaland\u0131\u011f\u0131 g\u00fcn\u00fcn bayram olarak kutlanmas\u0131n\u0131 \u00f6ng\u00f6ren teklif vereceklerini a\u00e7\u0131klam\u0131\u015ft\u0131r. K\u0131l\u0131\u00e7daro\u011flu, Nil\u00fcfer Belediyesi ve Bursa Lozan M\u00fcbadilleri K\u00fclt\u00fcr ve Dayan\u0131\u015fma Derne\u011fi taraf\u0131ndan G\u00f6r\u00fckle \u0130pekspor sahas\u0131nda organize edilen &#8220;<em>B\u00fcy\u00fck M\u00fcbadil Bulu\u015fmas\u0131&#8221;<\/em> program\u0131nda yapt\u0131\u011f\u0131 konu\u015fmada, <em>&#8220;Onlar cumhuriyeti sevmiyorlar, onlar demokrasiyi sevmiyorlar. Bu \u00fclkede yoksulluk i\u00e7inde m\u00fccadele verdik. Kanlar\u0131m\u0131zla m\u00fccadeleyi verdik. Dedelerimiz, babalar\u0131m\u0131z bu m\u00fccadeleyi verdi. \u015eimdi hep beraber T\u00fcrkiye&#8217;yi b\u00fcy\u00fctme zaman\u0131, T\u00fcrkiye&#8217;yi geli\u015ftirme zaman\u0131. Bunun m\u00fccadelesini verece\u011fiz&#8221; <\/em>demi\u015ftir.<\/p>\n<p>Cumhurba\u015fkan\u0131 Erdo\u011fan\u2019\u0131n Lozan Anla\u015fmas\u0131\u2019n\u0131n 99. Y\u0131l\u0131 sebebiyle yay\u0131mlad\u0131\u011f\u0131 mesaj da \u00f6nemlidir: <em>&#8220;T\u00fcrkiye, 2023&#8217;e Lozan Antla\u015fmas\u0131 ve Cumhuriyetimizin 100. y\u0131l\u0131na emin ad\u0131mlarla ilerlerken b\u00f6lgesel ve k\u00fcresel meselelerdeki etkin konumunu peki\u015ftirmektedir\u2026 Bug\u00fcn T\u00fcrkiye Cumhuriyeti&#8217;nin kurucu belgelerinden olan Lozan Bar\u0131\u015f Antla\u015fmas\u0131&#8217;n\u0131n imzalanmas\u0131n\u0131n 99&#8217;ncu y\u0131l d\u00f6n\u00fcm\u00fcn\u00fc idrak ediyoruz. Lozan Bar\u0131\u015f Antla\u015fmas\u0131yla kara s\u0131n\u0131rlar\u0131m\u0131z \u00e7izilmi\u015f, kapit\u00fclasyonlar kald\u0131r\u0131lm\u0131\u015f, Yunanistan&#8217;da kalan T\u00fcrk az\u0131nl\u0131\u011f\u0131n\u0131n haklar\u0131 g\u00fcvenceye al\u0131nm\u0131\u015f, k\u0131y\u0131lar\u0131m\u0131za yak\u0131n Yunan adalar\u0131n\u0131n gayr\u0131 askeri stat\u00fcs\u00fc teyit edilmi\u015ftir. <\/em><em>T\u00fcrkiye, imzalanmas\u0131ndan bu yana ge\u00e7en 99 y\u0131l\u0131k zaman zarf\u0131nda Lozan Bar\u0131\u015f Antla\u015fmas\u0131&#8217;n\u0131n uygulanmas\u0131n\u0131 titizlikle takip etmi\u015ftir.\u201d<\/em><\/p>\n<p>Lozan Anla\u015fmas\u0131 T\u00fcrkiye\u2019nin tapu senedidir. Lozan Anla\u015fmas\u0131\u2019n\u0131n imzalanmas\u0131n\u0131n 100\u2019nc\u00fc y\u0131l\u0131n\u0131 g\u00fcn\u00fcm\u00fcz\u00fcn ger\u00e7eklerini de dikkate alarak co\u015fkuyla kutlamal\u0131y\u0131z. Yukar\u0131da yer alan haritay\u0131 gen\u00e7 neslin haf\u0131zas\u0131na kaz\u0131mas\u0131n\u0131 sa\u011flayacak etkinlikler d\u00fczenlemeliyiz. \u00c7\u00fcnk\u00fc gerek yurt i\u00e7inde gerekse yurt d\u0131\u015f\u0131nda baz\u0131lar\u0131 Sevr (SEVRES) Anla\u015fmas\u0131\u2019n\u0131n hayali i\u00e7indedirler. Bu nedenle yeni kurulacak olan h\u00fck\u00fcmete bu konuda b\u00fcy\u00fck sorumluluk d\u00fc\u015fmektedir.<\/p>\n<p>CHP Genel Ba\u015fkan\u0131 Kemal K\u0131l\u0131\u00e7daro\u011flu ge\u00e7en y\u0131l, Lozan Bar\u0131\u015f Anla\u015fmas\u0131&#8217;n\u0131n \u00f6neminin yeni ku\u015faklara iyi anlat\u0131lmas\u0131 gerekti\u011fini s\u00f6ylemi\u015f ve TBMM a\u00e7\u0131ld\u0131\u011f\u0131nda Lozan Anla\u015fmas\u0131&#8217;n\u0131n imzaland\u0131\u011f\u0131 g\u00fcn\u00fcn bayram olarak kutlanmas\u0131n\u0131 \u00f6ng\u00f6ren teklif vereceklerini a\u00e7\u0131klam\u0131\u015ft\u0131r. (Anadolu Ajans\u0131, 24\/07\/2022) Ge\u00e7en y\u0131l olmad\u0131 ama bu y\u0131l bu teklifi vereceklerine olan inanc\u0131m\u0131 hen\u00fcz yitirmedim.<\/p>\n","protected":false},"excerpt":{"rendered":"<p>Gerek yurt i\u00e7inde gerekse yurt d\u0131\u015f\u0131nda baz\u0131lar\u0131 Sevr Anla\u015fmas\u0131\u2019n\u0131n hayali i\u00e7indedirler. Bu nedenle yeni kurulacak olan h\u00fck\u00fcmete bu konuda b\u00fcy\u00fck sorumluluk d\u00fc\u015fmektedir.<\/p>\n","protected":false},"author":3,"featured_media":16709,"comment_status":"open","ping_status":"open","sticky":false,"template":"","format":"standard","meta":{"_ef_editorial_meta_date_first-draft-date":"","_ef_editorial_meta_paragraph_assignment":"","footnotes":"","_links_to":"","_links_to_target":""},"categories":[66],"tags":[932,2386,2387,2389,2388],"coauthors":[6],"class_list":["post-16687","post","type-post","status-publish","format-standard","has-post-thumbnail","hentry","category-siyaset-tarih","tag-lozan-anlasmasi","tag-lozan-baris-antlasmasi","tag-lozan-bayram-olarak-kutlanmali","tag-lozanin-100-yili","tag-lozanin-gizli-maddesi"],"_links":{"self":[{"href":"https:\/\/millidusunce.com\/misak\/wp-json\/wp\/v2\/posts\/16687","targetHints":{"allow":["GET"]}}],"collection":[{"href":"https:\/\/millidusunce.com\/misak\/wp-json\/wp\/v2\/posts"}],"about":[{"href":"https:\/\/millidusunce.com\/misak\/wp-json\/wp\/v2\/types\/post"}],"author":[{"embeddable":true,"href":"https:\/\/millidusunce.com\/misak\/wp-json\/wp\/v2\/users\/3"}],"replies":[{"embeddable":true,"href":"https:\/\/millidusunce.com\/misak\/wp-json\/wp\/v2\/comments?post=16687"}],"version-history":[{"count":6,"href":"https:\/\/millidusunce.com\/misak\/wp-json\/wp\/v2\/posts\/16687\/revisions"}],"predecessor-version":[{"id":16711,"href":"https:\/\/millidusunce.com\/misak\/wp-json\/wp\/v2\/posts\/16687\/revisions\/16711"}],"wp:featuredmedia":[{"embeddable":true,"href":"https:\/\/millidusunce.com\/misak\/wp-json\/wp\/v2\/media\/16709"}],"wp:attachment":[{"href":"https:\/\/millidusunce.com\/misak\/wp-json\/wp\/v2\/media?parent=16687"}],"wp:term":[{"taxonomy":"category","embeddable":true,"href":"https:\/\/millidusunce.com\/misak\/wp-json\/wp\/v2\/categories?post=16687"},{"taxonomy":"post_tag","embeddable":true,"href":"https:\/\/millidusunce.com\/misak\/wp-json\/wp\/v2\/tags?post=16687"},{"taxonomy":"author","embeddable":true,"href":"https:\/\/millidusunce.com\/misak\/wp-json\/wp\/v2\/coauthors?post=16687"}],"curies":[{"name":"wp","href":"https:\/\/api.w.org\/{rel}","templated":true}]}}