{"id":16916,"date":"2023-03-06T00:00:00","date_gmt":"2023-03-06T00:00:00","guid":{"rendered":"https:\/\/millidusunce.com\/misak\/?p=16916&#038;preview=true&#038;preview_id=16916"},"modified":"2023-03-07T23:35:11","modified_gmt":"2023-03-07T20:35:11","slug":"deprem-ve-yonetim-travmasi","status":"publish","type":"post","link":"https:\/\/millidusunce.com\/misak\/deprem-ve-yonetim-travmasi\/","title":{"rendered":"Deprem ve y\u00f6netim travmas\u0131"},"content":{"rendered":"<p>Deprem, yer k\u0131r\u0131klar\u0131nda meydana gelen \u00e7e\u015fitli hareketlerin, yer kabu\u011funda olu\u015fturdu\u011fu depre\u015fmelerdir. Altta, \u2018ya\u011f\u0131z yerin\u2019 hareketlenmesi sonucunda, \u00fcstteki b\u00fct\u00fcn varl\u0131klarda meydana gelen sars\u0131nt\u0131, \u015fiddet derecesine g\u00f6re can ve mal kay\u0131plar\u0131na yol a\u00e7maktad\u0131r. Deprem, do\u011frudan bir\u00e7ok sorunlara neden olurken, hayat\u0131n her alan\u0131nda zincirleme olarak birtak\u0131m sorunlar\u0131 da a\u00e7\u0131\u011fa \u00e7\u0131kart\u0131yor.<\/p>\n<p>Depreme maruz kalan insanlar, sevdikleri canlar\u0131 yitirirken, belki de y\u0131llarca yapt\u0131klar\u0131 birikimlerle edindikleri konutlar\u0131n\u0131, i\u015f yerlerini ve di\u011fer mal varl\u0131klar\u0131n\u0131 da kaybediyorlar. Yine, y\u0131llar i\u00e7inde kazand\u0131klar\u0131 stat\u00fcler ve sosyal konumlar kaybolarak bir \u2018depremzede\u2019 olarak an\u0131lmaya ba\u015flan\u0131yor. Belirli bir s\u00fcreli\u011fine olsa bile, tamamen ya da k\u0131smen ba\u015fkalar\u0131n\u0131n yard\u0131m ve deste\u011fi olmadan ya\u015famlar\u0131n\u0131 s\u00fcrd\u00fcremez duruma d\u00fc\u015f\u00fcyorlar. Deprem, alttaki yerin depre\u015fmesiyle sadece \u00fcstteki hatal\u0131 fiziki yap\u0131lar\u0131n y\u0131k\u0131lmas\u0131na de\u011fil, zay\u0131f sosyo-ekonomik ya\u015fant\u0131lar\u0131n da alt-\u00fcst olmas\u0131na neden oluyor. Ayn\u0131 bi\u00e7imde, deprem sonucunda, alg\u0131 y\u00f6netimi ve propagandalarla \u00fczeri \u00f6rt\u00fclen y\u00f6netim sisteminin bozuklu\u011fu da a\u00e7\u0131\u011fa \u00e7\u0131k\u0131yor.<\/p>\n<h2><strong>Deprem y\u00f6netim s\u00fcreci<\/strong><\/h2>\n<p>Depremin yol a\u00e7t\u0131\u011f\u0131 her t\u00fcrl\u00fc sorunun \u00e7\u00f6z\u00fclmesi ile ki\u015fi ve topluluklara yard\u0131m ve destek sa\u011flanmas\u0131, b\u00fcy\u00fck \u00f6l\u00e7\u00fcde devletin sorumlulu\u011fu alt\u0131ndad\u0131r. Milletin en \u00fcst d\u00fczeydeki \u00f6rg\u00fctlenmesi olarak devleti i\u015fletmek ve y\u00fcr\u00fctmek yetki ve y\u00fck\u00fcml\u00fcl\u00fc\u011f\u00fc, siyasi iktidarlara aittir. Siyasi iktidarlar, gerekli kurumlar\u0131 ve y\u00f6netim birimlerini, stratejik planlama ilkeleri do\u011frultusunda daha \u00f6nceden haz\u0131rlamak ve deprem s\u00fcrecini y\u00f6netmekle sorumludur.<\/p>\n<p>\u00dclke y\u00f6netim sisteminin, en ya\u015famsal alt y\u00f6netim alanlar\u0131ndan birisi de deprem y\u00f6netimi s\u00fcrecidir. Deprem y\u00f6netim s\u00fcreci, deprem olgusuyla ilgili her t\u00fcrl\u00fc etkinli\u011fin planlanmas\u0131, organizasyonu, y\u00fcr\u00fct\u00fclmesi, e\u015fg\u00fcd\u00fcm\u00fc ve denetimi gibi temel i\u015flevleri i\u00e7ermelidir. Her mesle\u011fin bir e\u011fitim alt yap\u0131s\u0131 olmas\u0131 gerekti\u011fi gibi, deprem y\u00f6netim s\u00fcrecinde yer alan her kademedeki y\u00f6neticilerin de, alanlar\u0131na g\u00f6re ya teknik ya da sosyal psikolojik bir arka plan\u0131 olmal\u0131d\u0131r.\u00a0 Bu deprem s\u0131ras\u0131nda, din ve ilahiyat e\u011fitimi alm\u0131\u015f olan y\u00f6neticilerin, \u2018i\u015f veya insan odakl\u0131\u2019 insan kayna\u011f\u0131 olmaktan \u00e7ok, \u00fcst \u2018y\u00f6neticilerin talimatlar\u0131na odakl\u0131\u2019 personel \u00f6zelliklerine sahip olduklar\u0131 g\u00f6r\u00fclm\u00fc\u015ft\u00fcr.<\/p>\n<h2><strong>Depremin y\u00f6netim planlamayla ba\u015flar<\/strong><\/h2>\n<p>Deprem \u00fcretebilecek yerlerin tespitini ve binalar\u0131n depreme dayanakl\u0131l\u0131\u011f\u0131n\u0131 esas alan ilke ve kurallar\u0131n yasala\u015ft\u0131r\u0131lmas\u0131 ve bunlar\u0131n denetlenmesi siyasi iktidarlar\u0131n asli g\u00f6revleridir. Deprem oldu\u011fu zaman yap\u0131lacak arama ve kurtarma \u00e7al\u0131\u015fmalar\u0131 ile ilk yard\u0131mlar\u0131n nas\u0131l yap\u0131laca\u011f\u0131na ili\u015fkin insan ve malzeme kayna\u011f\u0131n\u0131n \u00f6nceden planlanmas\u0131 gerekmektedir. Deprem ihtimali olan riskli b\u00f6lgelerde, depreme dayan\u0131kl\u0131 lojistik destek birimlerinin olu\u015fturulmas\u0131 yan\u0131nda, zaman zaman \u2018tatbikat\u2019 yapmak gerekmektedir.<\/p>\n<h2><strong>Deprem y\u00f6netimi bir kriz y\u00f6netimidir<\/strong><\/h2>\n<p>Ak\u0131ll\u0131 ve ba\u015far\u0131l\u0131 bir y\u00f6netim, \u00f6zellikle deprem ku\u015fa\u011f\u0131 \u00fczerinde bulunan bir co\u011frafyada ya\u015f\u0131yorsa, her an deprem olacakm\u0131\u015f gibi haz\u0131rl\u0131kl\u0131 olan y\u00f6netimdir. Her zaman olmay\u0131p, ne zaman olaca\u011f\u0131 belli olmayan s\u0131ra d\u0131\u015f\u0131 olaylar\u0131n y\u00f6netimi, ola\u011fan zamanlara ili\u015fkin durumlara g\u00f6re daha y\u00fcksek bir zihinsel ve duygusal yetenek gerektiren etkinliklerdir. Sava\u015f y\u00f6netimindeki gibi deprem y\u00f6netiminde de son derece disiplinli ve planl\u0131 olmak yan\u0131nda, durum ve \u015fartlar\u0131n gerektirmesi halinde hi\u00e7bir \u00fcstten \u2018talimat\u2019 beklemeden isabetli kararlar alma becerisine sahip olmak gerekiyor.<\/p>\n<p>\u2018Talimatlara\u2019 dayal\u0131 y\u00f6netim anlay\u0131\u015f\u0131, sadece kendilerine \u2018talimat\u2019 verenlerin yetenek d\u00fczeylerine ba\u011f\u0131ml\u0131 olma y\u00f6n\u00fcnde bir \u2018sadakat\u2019 davran\u0131\u015f\u0131n\u0131 temsil etmektedir. Kriz y\u00f6netimlerinde, \u00f6zellikle sava\u015f ve deprem y\u00f6netimlerinde, yarat\u0131c\u0131 d\u00fc\u015f\u00fcncenin ve gerekti\u011finde bireysel inisiyatif kullanma yetisinin son derece \u00f6nemli oldu\u011fu g\u00f6r\u00fclm\u00fc\u015ft\u00fcr.<\/p>\n<h2><strong>Y\u00f6netim travmas\u0131<\/strong><\/h2>\n<p>\u00dclkemizdeki bu son deprem y\u00f6netiminde, siyasal iktidar\u0131n propaganda ve kamuoyu olu\u015fturma ara\u00e7lar\u0131n\u0131n d\u0131\u015f\u0131ndaki kitle ileti\u015fim ara\u00e7lar\u0131nda, b\u00f6lge halk\u0131ndan en \u00e7ok \u2018devlet nerede\u2019? \u00c7\u0131\u011fl\u0131\u011f\u0131 duyuldu. B\u00f6lgede haber yapan ba\u011f\u0131ms\u0131z gazetecilerin, deprem y\u00f6netimiyle ilgili g\u00f6zlemleri aras\u0131nda en dikkat \u00e7eken tespitler ise alanda \u00e7al\u0131\u015facak olan as\u0131l g\u00f6revlilerin \u2018talimat beklemesi\u2019, \u2018genel bir plans\u0131zl\u0131k\u2019, \u2018organize olamamak\u2019, \u2018e\u015fg\u00fcd\u00fcms\u00fczl\u00fck\u2019, \u2018durumun a\u011f\u0131rl\u0131\u011f\u0131n\u0131 alg\u0131layamamak\u2019 gibi ciddi y\u00f6netim zafiyetleriydi. Depremin ilk iki g\u00fcn\u00fcnde, b\u00fct\u00fcn enkazlar\u0131n ba\u015f\u0131nda gerekli ekipmanlar\u0131yla birlikte yeteri kadar arama ve kurtarma \u00e7al\u0131\u015fmalar\u0131n\u0131n olmamas\u0131, can kayb\u0131n\u0131 art\u0131rm\u0131\u015ft\u0131r. B\u00fct\u00fcn bu yak\u0131nma ve g\u00f6zlemler, ortada bir y\u00f6netim ba\u015far\u0131s\u0131zl\u0131\u011f\u0131ndan \u00e7ok, tam da bir \u2018y\u00f6netim travmas\u0131\u2019 ya\u015fand\u0131\u011f\u0131n\u0131 g\u00f6steriyor.<\/p>\n<p>Depremin ilk saatlerinden itibaren T\u00fcrk Milleti\u2019nin k\u00fclt\u00fcrel geni olarak \u2018yard\u0131mla\u015fma\u2019 ve \u2018dayan\u0131\u015fma\u2019 tavr\u0131, hemen harekete ge\u00e7ti. G\u00f6n\u00fcll\u00fclerin, belediyelerin, madenci ve itfaiyecilerin arama ve kurtarma \u00e7al\u0131\u015fmalar\u0131na canla ba\u015fla kat\u0131lmalar\u0131n\u0131n yan\u0131nda, toplumun her kesiminden b\u00f6lgeye ya\u015fam malzemeleri ula\u015ft\u0131r\u0131lmaya \u00e7al\u0131\u015f\u0131ld\u0131. Ancak, bu g\u00f6n\u00fcll\u00fc yard\u0131m ve desteklerin, yard\u0131m ve deste\u011fe muhta\u00e7 olanlara eri\u015ftirilmesi konusunda ciddi bir kaos ya\u015fand\u0131. Y\u00f6netim teorisine g\u00f6re, y\u00f6netim i\u015flevlerinin oda\u011f\u0131nda bulunan merkezi i\u015flev, e\u015fg\u00fcd\u00fcmlemedir. Bu anlamda, e\u015fg\u00fcd\u00fcmleme, y\u00f6netim s\u00fcrecine kat\u0131lan insanlar\u0131n ve birimlerin g\u00f6revlerini birbirlerini tamamlayacak bir zamanlama ve d\u00fczeyde yapm\u0131\u015f olmalar\u0131n\u0131n sa\u011flanmas\u0131d\u0131r. E\u015fg\u00fcd\u00fcmleme ile ilgili bilinen en yayg\u0131n metafor, bir orkestray\u0131 y\u00f6neten \u015fefin i\u015flevi, farkl\u0131 ki\u015fi ve enstr\u00fcmanlar\u0131n belirli bir ahenk i\u00e7inde m\u00fczik icralar\u0131n\u0131 ger\u00e7ekle\u015ftirme etkinli\u011fidir. Orkestra y\u00f6neticisi olan \u015fefin, m\u00fczik yetenek ve bilgisi yoksa, bir de m\u00fczisyenlerin bir k\u0131sm\u0131yla kavgal\u0131 ve \u00e7at\u0131\u015fmal\u0131ysa, buradan m\u00fczik sanat\u0131 de\u011fil, sadece \u015fiddetli bir g\u00fcr\u00fclt\u00fc \u00e7\u0131kacakt\u0131r.\u00a0 E\u011fer, y\u00f6netim s\u00fcrecinde uygun ve yetkin bir e\u015fg\u00fcd\u00fcmleme yoksa, di\u011fer i\u015flevler olarak, planlaman\u0131n, organizasyonun, y\u00fcr\u00fctmenin ve denetimin de fazla bir anlam\u0131 kalm\u0131yor. O zaman, ortaya tam bir y\u00f6netimsizlik, kaos ve travma durumu \u00e7\u0131k\u0131yor.<\/p>\n<p>Y\u00f6netim uygulamalar\u0131n\u0131n ba\u015far\u0131s\u0131 hakk\u0131ndaki en \u00f6nemli g\u00f6sterge, \u00e7ok say\u0131daki olaylar ve durumlar aras\u0131nda ahenkli ve sistematik bir e\u015fg\u00fcd\u00fcm sa\u011flama yetisidir. Ancak, y\u00f6neticiler i\u00e7in sorunsuz bir e\u015fg\u00fcd\u00fcmleme yetisine sahip olmak y\u00f6neticinin zihinsel ve duygusal yetenek d\u00fczeyi ile do\u011frudan ili\u015fkilidir.<\/p>\n<h2><strong>Devlet Baba olmay\u0131nca!.. \u2019Devlet nerede\u2019 diye sorulur!<\/strong><\/h2>\n<p>Deprem gibi a\u011f\u0131r bir do\u011fa olay\u0131 kar\u015f\u0131s\u0131nda yard\u0131m ve deste\u011fe muhta\u00e7 insanlar\u0131n, \u2018Devlet nerede\u2019 diye \u00e7\u0131\u011fl\u0131k atmalar\u0131, en k\u00f6t\u00fc zaman\u0131nda devletin merhametli elini ba\u015f\u0131nda hissetmek istemelerindendir. T\u0131pk\u0131, ba\u015f\u0131 s\u0131k\u0131\u015fan ve kendi kendine yard\u0131m edemeyen bir \u00e7ocu\u011fun \u2018babam nerede\u2019 diye \u00e7\u0131\u011fl\u0131k atmas\u0131 gibi.\u00a0 Tarihsel ve ilkesel olarak, G\u00f6kt\u00fcrk Devleti ile T\u00fcrkiye Cumhuriyeti ekseninde T\u00fcrk Y\u00f6netim D\u00fc\u015f\u00fcncesinin temeli \u2018iyilik sever\u2019 (hay\u0131rhah) \u2018Devlet Baba\u2019 anlay\u0131\u015f\u0131na dayanmaktad\u0131r. Bu y\u00fczdendir ki, her T\u00fcrk, ba\u015f\u0131 s\u0131k\u0131\u015ft\u0131\u011f\u0131nda ve ba\u015f\u0131na bela geldi\u011finde ki\u015fisel olarak -varsa- \u2018babam nerede\u2019; toplumsal olarak ise \u2018devlet nerede\u2019 diye \u00e7\u0131\u011fl\u0131k atar.<\/p>\n<p>\u2018Devlet nerede?\u2019 diye \u00e7\u0131\u011fl\u0131k atana ve sorgulayana hakaret etmek, T\u00fcrk Milleti\u2019ni yeterince ciddiye almamak ve T\u00fcrk Y\u00f6netim D\u00fc\u015f\u00fcncesinden olduk\u00e7a uzakla\u015f\u0131ld\u0131\u011f\u0131 anlam\u0131na gelir. T\u00fcrk k\u00fclt\u00fcr\u00fcnde, anan\u0131n merhameti, baban\u0131n adaleti ve karde\u015fin asaletinin toplumsal d\u00fczlemdeki yans\u0131mas\u0131, T\u00fcrk Devleti\u2019nin y\u00f6netici kadrolar\u0131n\u0131n her birinin, ana gibi merhametli, baba gibi adaletli ve karde\u015f gibi asil olmas\u0131d\u0131r.<\/p>\n","protected":false},"excerpt":{"rendered":"<p>Depremin yol a\u00e7t\u0131\u011f\u0131 her t\u00fcrl\u00fc sorunun \u00e7\u00f6z\u00fclmesi ile ki\u015fi ve topluluklara yard\u0131m ve destek sa\u011flanmas\u0131, b\u00fcy\u00fck \u00f6l\u00e7\u00fcde devletin sorumlulu\u011fu alt\u0131ndad\u0131r. Milletin en \u00fcst d\u00fczeydeki \u00f6rg\u00fctlenmesi olarak devleti i\u015fletmek ve y\u00fcr\u00fctmek yetki ve y\u00fck\u00fcml\u00fcl\u00fc\u011f\u00fc, siyasi iktidarlara aittir. <\/p>\n","protected":false},"author":187,"featured_media":16922,"comment_status":"open","ping_status":"open","sticky":false,"template":"","format":"standard","meta":{"_links_to":"","_links_to_target":""},"categories":[64],"tags":[2591,2564,2607,2608],"yoast_head":"<!-- This site is optimized with the Yoast SEO plugin v16.0.2 - https:\/\/yoast.com\/wordpress\/plugins\/seo\/ -->\n<title>Deprem ve y\u00f6netim travmas\u0131 - M\u0130SAK- Mill\u00ee Strateji Ara\u015ft\u0131rma Kurulu<\/title>\n<meta name=\"description\" content=\"Deprem, yer k\u0131r\u0131klar\u0131nda meydana gelen \u00e7e\u015fitli hareketlerin, yer kabu\u011funda olu\u015fturdu\u011fu depre\u015fmelerdir. Altta, \u2018ya\u011f\u0131z yerin\u2019 hareketlenmesi sonucunda\" \/>\n<link rel=\"canonical\" href=\"https:\/\/millidusunce.com\/misak\/deprem-ve-yonetim-travmasi\/\" \/>\n<meta property=\"og:locale\" content=\"tr_TR\" \/>\n<meta property=\"og:type\" content=\"article\" \/>\n<meta property=\"og:title\" content=\"Deprem ve y\u00f6netim travmas\u0131 - M\u0130SAK- Mill\u00ee Strateji Ara\u015ft\u0131rma Kurulu\" \/>\n<meta property=\"og:description\" content=\"Deprem, yer k\u0131r\u0131klar\u0131nda meydana gelen \u00e7e\u015fitli hareketlerin, yer kabu\u011funda olu\u015fturdu\u011fu depre\u015fmelerdir. Altta, \u2018ya\u011f\u0131z yerin\u2019 hareketlenmesi sonucunda\" \/>\n<meta property=\"og:url\" content=\"https:\/\/millidusunce.com\/misak\/deprem-ve-yonetim-travmasi\/\" \/>\n<meta property=\"og:site_name\" content=\"M\u0130SAK- Mill\u00ee Strateji Ara\u015ft\u0131rma Kurulu\" \/>\n<meta property=\"article:published_time\" content=\"2023-03-06T00:00:00+00:00\" \/>\n<meta property=\"article:modified_time\" content=\"2023-03-07T20:35:11+00:00\" \/>\n<meta property=\"og:image\" content=\"https:\/\/millidusunce.com\/misak\/wp-content\/uploads\/2023\/03\/FEYZULLAH-EROGLU.png\" \/>\n\t<meta property=\"og:image:width\" content=\"1200\" \/>\n\t<meta property=\"og:image:height\" content=\"800\" \/>\n<meta name=\"twitter:card\" content=\"summary_large_image\" \/>\n<meta name=\"twitter:label1\" content=\"Tahmini okuma s\u00fcresi\">\n\t<meta name=\"twitter:data1\" content=\"4 dakika\">\n<script type=\"application\/ld+json\" class=\"yoast-schema-graph\">{\"@context\":\"https:\/\/schema.org\",\"@graph\":[{\"@type\":\"Organization\",\"@id\":\"https:\/\/millidusunce.com\/misak\/#organization\",\"name\":\"Mill\\u00ee D\\u00fc\\u015f\\u00fcnce Merkezi\",\"url\":\"https:\/\/millidusunce.com\/misak\/\",\"sameAs\":[],\"logo\":{\"@type\":\"ImageObject\",\"@id\":\"https:\/\/millidusunce.com\/misak\/#logo\",\"inLanguage\":\"tr\",\"url\":\"https:\/\/millidusunce.com\/misak\/wp-content\/uploads\/2018\/09\/mdmLogo-yazisiz.jpg\",\"width\":422,\"height\":422,\"caption\":\"Mill\\u00ee D\\u00fc\\u015f\\u00fcnce Merkezi\"},\"image\":{\"@id\":\"https:\/\/millidusunce.com\/misak\/#logo\"}},{\"@type\":\"WebSite\",\"@id\":\"https:\/\/millidusunce.com\/misak\/#website\",\"url\":\"https:\/\/millidusunce.com\/misak\/\",\"name\":\"M\\u0130SAK- Mill\\u00ee Strateji Ara\\u015ft\\u0131rma Kurulu\",\"description\":\"D\\u00fcnyaya T\\u00fcrk\\u00e7\\u00fc Bak\\u0131\\u015f\",\"publisher\":{\"@id\":\"https:\/\/millidusunce.com\/misak\/#organization\"},\"potentialAction\":[{\"@type\":\"SearchAction\",\"target\":\"https:\/\/millidusunce.com\/misak\/?s={search_term_string}\",\"query-input\":\"required name=search_term_string\"}],\"inLanguage\":\"tr\"},{\"@type\":\"ImageObject\",\"@id\":\"https:\/\/millidusunce.com\/misak\/deprem-ve-yonetim-travmasi\/#primaryimage\",\"inLanguage\":\"tr\",\"url\":\"https:\/\/millidusunce.com\/misak\/wp-content\/uploads\/2023\/03\/FEYZULLAH-EROGLU.png\",\"width\":1200,\"height\":800},{\"@type\":\"WebPage\",\"@id\":\"https:\/\/millidusunce.com\/misak\/deprem-ve-yonetim-travmasi\/#webpage\",\"url\":\"https:\/\/millidusunce.com\/misak\/deprem-ve-yonetim-travmasi\/\",\"name\":\"Deprem ve y\\u00f6netim travmas\\u0131 - M\\u0130SAK- Mill\\u00ee Strateji Ara\\u015ft\\u0131rma Kurulu\",\"isPartOf\":{\"@id\":\"https:\/\/millidusunce.com\/misak\/#website\"},\"primaryImageOfPage\":{\"@id\":\"https:\/\/millidusunce.com\/misak\/deprem-ve-yonetim-travmasi\/#primaryimage\"},\"datePublished\":\"2023-03-06T00:00:00+00:00\",\"dateModified\":\"2023-03-07T20:35:11+00:00\",\"description\":\"Deprem, yer k\\u0131r\\u0131klar\\u0131nda meydana gelen \\u00e7e\\u015fitli hareketlerin, yer kabu\\u011funda olu\\u015fturdu\\u011fu depre\\u015fmelerdir. Altta, \\u2018ya\\u011f\\u0131z yerin\\u2019 hareketlenmesi sonucunda\",\"breadcrumb\":{\"@id\":\"https:\/\/millidusunce.com\/misak\/deprem-ve-yonetim-travmasi\/#breadcrumb\"},\"inLanguage\":\"tr\",\"potentialAction\":[{\"@type\":\"ReadAction\",\"target\":[\"https:\/\/millidusunce.com\/misak\/deprem-ve-yonetim-travmasi\/\"]}]},{\"@type\":\"BreadcrumbList\",\"@id\":\"https:\/\/millidusunce.com\/misak\/deprem-ve-yonetim-travmasi\/#breadcrumb\",\"itemListElement\":[{\"@type\":\"ListItem\",\"position\":1,\"item\":{\"@type\":\"WebPage\",\"@id\":\"https:\/\/millidusunce.com\/misak\/\",\"url\":\"https:\/\/millidusunce.com\/misak\/\",\"name\":\"Anasayfa\"}},{\"@type\":\"ListItem\",\"position\":2,\"item\":{\"@type\":\"WebPage\",\"@id\":\"https:\/\/millidusunce.com\/misak\/deprem-ve-yonetim-travmasi\/\",\"url\":\"https:\/\/millidusunce.com\/misak\/deprem-ve-yonetim-travmasi\/\",\"name\":\"Deprem ve y\\u00f6netim travmas\\u0131\"}}]},{\"@type\":\"Article\",\"@id\":\"https:\/\/millidusunce.com\/misak\/deprem-ve-yonetim-travmasi\/#article\",\"isPartOf\":{\"@id\":\"https:\/\/millidusunce.com\/misak\/deprem-ve-yonetim-travmasi\/#webpage\"},\"author\":{\"@id\":\"https:\/\/millidusunce.com\/misak\/#\/schema\/person\/86e77b4ef9727f2b319f15545b567b4b\"},\"headline\":\"Deprem ve y\\u00f6netim travmas\\u0131\",\"datePublished\":\"2023-03-06T00:00:00+00:00\",\"dateModified\":\"2023-03-07T20:35:11+00:00\",\"mainEntityOfPage\":{\"@id\":\"https:\/\/millidusunce.com\/misak\/deprem-ve-yonetim-travmasi\/#webpage\"},\"commentCount\":0,\"publisher\":{\"@id\":\"https:\/\/millidusunce.com\/misak\/#organization\"},\"image\":{\"@id\":\"https:\/\/millidusunce.com\/misak\/deprem-ve-yonetim-travmasi\/#primaryimage\"},\"keywords\":\"afet risk y\\u00f6netimi,deprem,devlet y\\u00f6netimi,planlama\",\"articleSection\":\"KURUMLAR\",\"inLanguage\":\"tr\",\"potentialAction\":[{\"@type\":\"CommentAction\",\"name\":\"Comment\",\"target\":[\"https:\/\/millidusunce.com\/misak\/deprem-ve-yonetim-travmasi\/#respond\"]}]},{\"@type\":\"Person\",\"@id\":\"https:\/\/millidusunce.com\/misak\/#\/schema\/person\/86e77b4ef9727f2b319f15545b567b4b\",\"name\":\"Feyzullah Ero\\u011flu\",\"image\":{\"@type\":\"ImageObject\",\"@id\":\"https:\/\/millidusunce.com\/misak\/#personlogo\",\"inLanguage\":\"tr\",\"url\":\"https:\/\/secure.gravatar.com\/avatar\/12f633f52df0824807218d998abda2c5?s=96&d=mm&r=g\",\"caption\":\"Feyzullah Ero\\u011flu\"}}]}<\/script>\n<!-- \/ Yoast SEO plugin. -->","_links":{"self":[{"href":"https:\/\/millidusunce.com\/misak\/wp-json\/wp\/v2\/posts\/16916"}],"collection":[{"href":"https:\/\/millidusunce.com\/misak\/wp-json\/wp\/v2\/posts"}],"about":[{"href":"https:\/\/millidusunce.com\/misak\/wp-json\/wp\/v2\/types\/post"}],"author":[{"embeddable":true,"href":"https:\/\/millidusunce.com\/misak\/wp-json\/wp\/v2\/users\/187"}],"replies":[{"embeddable":true,"href":"https:\/\/millidusunce.com\/misak\/wp-json\/wp\/v2\/comments?post=16916"}],"version-history":[{"count":6,"href":"https:\/\/millidusunce.com\/misak\/wp-json\/wp\/v2\/posts\/16916\/revisions"}],"predecessor-version":[{"id":16936,"href":"https:\/\/millidusunce.com\/misak\/wp-json\/wp\/v2\/posts\/16916\/revisions\/16936"}],"wp:featuredmedia":[{"embeddable":true,"href":"https:\/\/millidusunce.com\/misak\/wp-json\/wp\/v2\/media\/16922"}],"wp:attachment":[{"href":"https:\/\/millidusunce.com\/misak\/wp-json\/wp\/v2\/media?parent=16916"}],"wp:term":[{"taxonomy":"category","embeddable":true,"href":"https:\/\/millidusunce.com\/misak\/wp-json\/wp\/v2\/categories?post=16916"},{"taxonomy":"post_tag","embeddable":true,"href":"https:\/\/millidusunce.com\/misak\/wp-json\/wp\/v2\/tags?post=16916"}],"curies":[{"name":"wp","href":"https:\/\/api.w.org\/{rel}","templated":true}]}}