{"id":17010,"date":"2023-04-04T19:00:00","date_gmt":"2023-04-04T16:00:00","guid":{"rendered":"https:\/\/millidusunce.com\/misak\/?p=17010&#038;preview=true&#038;preview_id=17010"},"modified":"2023-04-04T17:44:10","modified_gmt":"2023-04-04T14:44:10","slug":"merkezi-yonetimin-yozlasmasi","status":"publish","type":"post","link":"https:\/\/millidusunce.com\/misak\/merkezi-yonetimin-yozlasmasi\/","title":{"rendered":"Merkez\u00ee y\u00f6netimin yozla\u015fmas\u0131"},"content":{"rendered":"<p>E\u011fitim ve k\u00fclt\u00fcr d\u00fczeyinin d\u00fc\u015f\u00fck oldu\u011fu toplumlarda, \u00e7o\u011funlukla merkezi y\u00f6netim tarzlar\u0131 yayg\u0131nd\u0131r. Merkezi y\u00f6netimde, tepe y\u00f6netimi a\u015f\u0131r\u0131 yetkiyle donat\u0131lm\u0131\u015ft\u0131r. Yap\u0131sal olarak \u00fcst kademelerin yetki fazlal\u0131\u011f\u0131, y\u00f6neticileri giderek daha fazla otoriterle\u015fmeye iteler. Merkezi y\u00f6netim modeli, zamanla a\u015f\u0131r\u0131 bir merkeziyet\u00e7ilik patolojisine d\u00f6n\u00fc\u015f\u00fcr ve merkezka\u00e7 g\u00fc\u00e7ler olu\u015fur.<\/p>\n<h2><strong>A\u015f\u0131r\u0131 g\u00fc\u00e7 yozla\u015ft\u0131r\u0131r!<\/strong><\/h2>\n<p>En ideal y\u00f6netim otoritesi, y\u00f6neticinin yetenek, bilgi ve ki\u015fisel niteliklerine denk olmas\u0131d\u0131r.\u00a0 Y\u00f6neticinin, zihinsel kapasitesinden daha fazla otorite y\u00fcklenmesi, bu g\u00fcc\u00fcn ki\u015fisel irade ile kontrol edilmesini \u00e7o\u011funlukla imk\u00e2ns\u0131z k\u0131lar. Merkezi otoritenin a\u015f\u0131r\u0131l\u0131\u011f\u0131, etkili bir hukuk d\u00fczeni ve ahlaki ilkeler taraf\u0131ndan \u00e7er\u00e7evelenmedi\u011fi zaman h\u0131zla yozla\u015fmaya ba\u015flar.<\/p>\n<p>A\u015f\u0131r\u0131 otoritenin ba\u015ftan \u00e7\u0131kard\u0131\u011f\u0131 tepe y\u00f6netici, do\u011frudan itaat ve biat etmeyen her \u015feye \u015fiddetle d\u00fc\u015fmanl\u0131k besler. \u00a0Onlardan ku\u015fku duyar. Her \u015feyi g\u00fc\u00e7 \u00fczerinden kontrol eden y\u00f6neticinin, eninde sonunda bir paranoya hissetmesi ka\u00e7\u0131n\u0131lmaz bir durumdur. G\u00fcc\u00fcn\u00fc kaybedece\u011fi korkusu ve kendisiyle u\u011fra\u015f\u0131ld\u0131\u011f\u0131 paranoyas\u0131 y\u00fcz\u00fcnden, gerekli gereksiz a\u015f\u0131r\u0131 otoritesini giderek art\u0131rmaya devam eder. \u00a0Sonu\u00e7ta, otorite artt\u0131k\u00e7a ku\u015fku ve korkular artar; ku\u015fku ve korkular\u0131n etkisini azaltmak i\u00e7in daha fazla g\u00fc\u00e7 toplamaya y\u00f6nelir. Yozla\u015fan merkezi g\u00fc\u00e7, hukuki ve ahlaki de\u011ferleri \u00e7i\u011fnemeyi adeta al\u0131\u015fkanl\u0131k haline getirir.<\/p>\n<h2><strong>\u2018Keskin sirke k\u00fcp\u00fcne zarar verir\u2019 <\/strong><\/h2>\n<p>Demokrasi deneyimi g\u00f6stermi\u015ftir ki, merkezi y\u00f6netimin ba\u015f\u0131na gelinceye kadar, ger\u00e7ekte \u00f6yle olmad\u0131klar\u0131 halde, demokratik ve iyi niyetli g\u00f6r\u00fcnenler, zorluklar kar\u015f\u0131s\u0131nda ger\u00e7ek kimliklerine d\u00f6nmektedir. Merkeziyet\u00e7i y\u00f6netim, y\u00f6netim g\u00fcc\u00fcn\u00fc ve kurumsal imk\u00e2nlar\u0131n\u0131, muhtemel rakip ve muhaliflerini denetim alt\u0131na almak i\u00e7in t\u00fcketince, gereksiz yere g\u00fc\u00e7 harcam\u0131\u015f oluyor. Merkeziyet\u00e7i y\u00f6neticinin, rakip ve muhalifleri etkisiz hale getirme tutkusu, onu daha \u00e7ok kavgac\u0131 ki\u015filerle \u00e7al\u0131\u015fmaya y\u00f6neltir. Toplumsal sorunlar \u00e7\u00f6z\u00fclemez, rakip ve muhaliflerin ele\u015ftiri ve itirazlar\u0131 y\u00fckselir; merkeziyet\u00e7i y\u00f6netim g\u00fcc\u00fcn\u00fc daha \u015fiddetli g\u00f6sterme ihtiyac\u0131n\u0131 hisseder. \u0130ktidar sahiplerinin \u00f6fke ve k\u0131zg\u0131nl\u0131klar\u0131, o zamana kadar saklamaya \u00e7al\u0131\u015ft\u0131klar\u0131 ger\u00e7ek duygu ve d\u00fc\u015f\u00fcnceleri d\u0131\u015fa vurmalar\u0131na ortam haz\u0131rlar.\u00a0 Her a\u011f\u0131r sorun ve \u00e7aresizlik, asl\u0131nda maskeleri d\u00fc\u015f\u00fcr\u00fcr!.. \u00d6te yandan, rakipler ve muhalifler \u00fczerinde anlams\u0131z ve yersiz g\u00fc\u00e7 kullan\u0131m\u0131, birtak\u0131m merkezka\u00e7 g\u00fc\u00e7lerle anlams\u0131z ve yersiz yanda\u015fl\u0131klara kap\u0131 aralar.<\/p>\n<h2><strong>Yozla\u015fan merkez\u00ee g\u00fcc\u00fcn yanda\u015f g\u00fc\u00e7leri olur<\/strong><\/h2>\n<p>Merkeziyet\u00e7i y\u00f6netici, otoritesinin ba\u015fka insanlar \u00fczerindeki etkisini g\u00f6rd\u00fck\u00e7e, daha fazla g\u00fc\u00e7 g\u00f6sterme tutkusuna kap\u0131l\u0131yor. Ak\u0131l, bilim, hukuk ve ahlakla ba\u011flant\u0131s\u0131n\u0131 kopard\u0131k\u00e7a, \u00f6zellikle entelekt\u00fcel \u00e7evreler taraf\u0131ndan tart\u0131\u015f\u0131lmaya ba\u015flan\u0131yor. Kendisini ger\u00e7eklik ba\u011flam\u0131ndan yal\u0131tt\u0131k\u00e7a \u00fcretken g\u00fc\u00e7lerle ba\u011flar\u0131 da kopuyor. Bu defa, kendi y\u00f6netimine, pek de \u00fcretken olmayan, \u00e7e\u015fitli topluluklardan (cemaat, tarikat, vb.) sosyal destek gruplar\u0131 bulmak zorunda kal\u0131yor. Resmi kurumlar\u0131n yerini ve bo\u015flu\u011funu bu merkezka\u00e7 g\u00fc\u00e7ler dolduruyor. Bu gruplar, haks\u0131z ve yersiz otoriteyi desteklemenin kar\u015f\u0131l\u0131\u011f\u0131nda, \u00e7o\u011funlukla toplumsal gelire asalak\u00e7a \u00e7\u00f6ken ve s\u00f6m\u00fcren kesimler oluyor. Merkeziyet\u00e7i y\u00f6netim, kendisini destekleyen yanda\u015f topluluklar\u0131n birer merkezka\u00e7 g\u00fc\u00e7 haline gelmesiyle me\u015fru otoritesinin alt\u0131n\u0131 da oymu\u015f oluyor. Bir bak\u0131ma, b\u00fcy\u00fck bir i\u015ftahla farkl\u0131 d\u00fc\u015f\u00fcnceleri etkisiz hale getirirken, asl\u0131nda rakip ve muhalif g\u00f6r\u00fc\u015flerden yararlanma f\u0131rsat\u0131n\u0131 da ka\u00e7\u0131rm\u0131\u015f oluyor.<\/p>\n<h2><strong>Her a\u015f\u0131r\u0131l\u0131k ba\u015fka a\u015f\u0131r\u0131l\u0131klara yol a\u00e7ar<\/strong><\/h2>\n<p>Merkeziyet\u00e7i y\u00f6netimlerde, g\u00f6z yumulan alt k\u00fclt\u00fcr alanlar\u0131nda, merkezka\u00e7 g\u00fc\u00e7lerin olu\u015fumuna uygun bir ortam vard\u0131r. G\u00f6r\u00fcn\u00fc\u015fte \u2018her \u015feye kadir ve egemen olan\u2019, ayr\u0131ca a\u015f\u0131r\u0131 otoriter bilinen merkeziyet\u00e7i yap\u0131, asl\u0131nda bu g\u00f6r\u00fcnt\u00fcye ra\u011fmen yanda\u015f topluluklar \u00fczerinde tam bir h\u00e2kimiyet kuramaz. Normal bir \u2018merkezi y\u00f6netim\u2019 s\u00fcrecinde, tepe y\u00f6netimi sistemin \u00e7o\u011funlukla b\u00fct\u00fcn alanlar\u0131n\u0131 y\u00f6netir ve pek merkezka\u00e7 g\u00fc\u00e7ler olu\u015famaz. Buna kar\u015f\u0131l\u0131k, \u2018merkeziyet\u00e7i\u2019 yap\u0131daki tepe y\u00f6netici, kendi i\u00e7ine a\u015f\u0131r\u0131 odaklanmadan dolay\u0131 alt kademeleri ve uzak \u00e7evreyi ihmal eder. Kendi iktidar\u0131 i\u00e7in haz\u0131r oy depolar\u0131 say\u0131lmalar\u0131 nedeniyle \u00e7\u0131kar birli\u011fi i\u00e7inde olduklar\u0131 merkezka\u00e7 g\u00fc\u00e7leri g\u00f6rmezden gelir. Merkeziyet\u00e7i y\u00f6netimin destek\u00e7isi olan merkezka\u00e7 g\u00fc\u00e7lerin, her f\u0131rsatta varl\u0131klar\u0131n\u0131 g\u00f6r\u00fcn\u00fcr k\u0131lma konusunda eylemlerinin \u015fiddeti giderek artmaya ba\u015flar. Bu durum, toplumsal d\u00fczen i\u00e7in bir tehdit olarak g\u00f6r\u00fclmeye ba\u015fland\u0131\u011f\u0131nda, muhaliflerin itirazlar\u0131 ve ele\u015ftirileri y\u00fckselir. Merkeziyet\u00e7i y\u00f6netici, kendi yanda\u015f\u0131 merkezka\u00e7 g\u00fc\u00e7ler hakk\u0131nda \u00e7aresiz kald\u0131k\u00e7a, muhalifler \u00fczerindeki \u015fiddeti art\u0131r\u0131r. Bu ba\u011flamda, merkeziyet\u00e7i otoritenin, ger\u00e7ekte gerekmedi\u011fi halde muhaliflere \u00e7ok s\u0131k \u2018orant\u0131s\u0131z g\u00fc\u00e7\u2019 kullan\u0131m\u0131, asl\u0131nda kendi yanda\u015flar\u0131na olan \u00f6rt\u00fcl\u00fc k\u0131zg\u0131nl\u0131\u011f\u0131n ac\u0131s\u0131n\u0131 muhaliflerden \u00e7\u0131karma kurnazl\u0131\u011f\u0131d\u0131r.<\/p>\n<h2><strong>Akla ve bilime sayg\u0131 duymayan y\u00f6netici merkezka\u00e7 g\u00fc\u00e7lere muhta\u00e7 olur!<\/strong><\/h2>\n<p>\u00dclkemizde, 12 Eyl\u00fcl Darbesiyle \u00e7\u0131kar\u0131lan ve \u2018g\u00fc\u00e7lendirilmi\u015f genel ba\u015fkanl\u0131k\u2019 anlay\u0131\u015f\u0131yla \u2018malul\u2019 antidemokratik siyasi partiler yasas\u0131 ile \u2018otoriter\u2019 bir siyasi k\u00fclt\u00fcr olu\u015fturulmu\u015ftur. Demokrasi k\u00fclt\u00fcr\u00fc konusunda yeterince bilin\u00e7li olmayan ve siyaseti bir \u2018ganimet\u2019 sistemi gibi g\u00f6ren se\u00e7men kitlesinin deste\u011fiyle mevcut merkezi y\u00f6netim, giderek merkeziyet\u00e7i bir e\u011filime y\u00f6nelmektedir. Muktedirler, merkeziyet\u00e7ilik tutkular\u0131n\u0131 tatmin etmede sosyal destek rol\u00fc g\u00f6rmelerinden dolay\u0131 bir\u00e7ok merkezka\u00e7 g\u00fc\u00e7lere katlanmak zorunda kalmaktad\u0131r.<\/p>\n<p>T\u00fcrk demokrasisinin, en ac\u0131kl\u0131 ve vahim olaylar\u0131ndan birisi, bir ABD casusluk \u00f6rg\u00fctlenmesi olan Fethullah\u00e7\u0131 Ter\u00f6r \u00d6rg\u00fct\u00fc\u2019 n\u00fcn ayaklanmas\u0131d\u0131r. Bu \u00f6rg\u00fctlenme, siyasi iktidar\u0131n, devletin en kritik noktalar\u0131na yapt\u0131\u011f\u0131 atamalar sayesinde giderek g\u00fc\u00e7lenen bir merkezka\u00e7 g\u00fc\u00e7 olarak yap\u0131lanm\u0131\u015ft\u0131. Bu ac\u0131kl\u0131 ve vahim olaylardan ders al\u0131nmas\u0131 ve benzer merkezka\u00e7 g\u00fc\u00e7lerle i\u015f birli\u011fi yap\u0131lmamas\u0131 gerekirdi. Oysa merkeziyet\u00e7i y\u00f6netim, rakip ve muhaliflerini susturmak amac\u0131yla s\u00f6zde dindar ve milliyet\u00e7ilik simgelerini kullanan baz\u0131 antidemokratik olu\u015fumlardan birer oy deposu olarak yararlanma \u0131srar\u0131n\u0131 s\u00fcrd\u00fcrmektedir.<\/p>\n<h2><strong>Dinsel temelli merkezka\u00e7 g\u00fc\u00e7ler giderek g\u00fc\u00e7leniyor<\/strong><\/h2>\n<p>Son y\u0131llarda \u2018vak\u0131f\u2019 g\u00f6r\u00fcn\u00fcm\u00fc alt\u0131nda \u00f6rg\u00fctlenerek, her f\u0131rsatta laik, mill\u00ee ve \u00fcniter devlet yap\u0131s\u0131na ayk\u0131r\u0131 davranan cemaat ve tarikat tipi topluluklar birer merkezka\u00e7 g\u00fc\u00e7t\u00fcr. Bu merkezka\u00e7 g\u00fc\u00e7ler, toplumsal d\u00fczene herhangi bir katma de\u011fer \u00fcretmeyip tamamen kamusal kaynaklar ile toplumun s\u00f6m\u00fcr\u00fclmesiyle finanse edilmektedir. Ekonomik anlamda belirli bir \u00fcretkenlikleri bulunmamaktad\u0131r. As\u0131l mali kaynaklar\u0131, vergi ka\u00e7\u0131ran ve kay\u0131t d\u0131\u015f\u0131 gelir elde eden kurnaz i\u015f \u00e7evrelerinin ba\u011f\u0131\u015flar\u0131, merkezi y\u00f6netim birimleri ile yanda\u015f belediyelerin kamu kaynaklar\u0131ndan yap\u0131lan para ve emlak ba\u011f\u0131\u015flar\u0131na dayanmaktad\u0131r. Bunlar, merkeziyet\u00e7i y\u00f6netim taraf\u0131ndan yer yer te\u015fvik g\u00f6rmeleri y\u00fcz\u00fcnden, kay\u0131t d\u0131\u015f\u0131 b\u00fcy\u00fck bir servet birikimi yapmaktad\u0131rlar. Devletin ve toplumun s\u00f6m\u00fcr\u00fclmesinden elde edilen bu servetler, \u00fclkedeki demokratik siyaset \u00fczerinde mali bir vesayet olu\u015fturmaktad\u0131r. Ayr\u0131ca, \u00fclke ekonomisine katma de\u011fer yaratan, \u00fcretken ve vergilerini tam olarak veren i\u015f insanlar\u0131na kar\u015f\u0131 b\u00fcy\u00fck bir haks\u0131z rekabet olu\u015fmaktad\u0131r.<\/p>\n<p>Merkeziyet\u00e7i y\u00f6netimin en belirgin bilin\u00e7 yar\u0131lmas\u0131, bir taraftan \u00fcretken kesimlere y\u00f6nelik \u015fiddeti ve s\u00f6m\u00fcr\u00fcy\u00fc art\u0131r\u0131rken, \u00f6te taraftan merkezka\u00e7 g\u00fc\u00e7lere destek olmas\u0131 ve para aktarmas\u0131d\u0131r. Asl\u0131nda, bu durum, iktidar\u0131n \u00e7ok g\u00fc\u00e7l\u00fc g\u00f6r\u00fcnmesine ve bu y\u00f6nde propaganda yapmas\u0131na kar\u015f\u0131n, se\u00e7men pop\u00fclizmi u\u011fruna kontrol\u00fcn\u00fc kaybetti\u011finin g\u00f6stergesidir.<\/p>\n<p>Merkezi y\u00f6netim otoritesinin a\u015f\u0131r\u0131 g\u00fc\u00e7lenmesi, \u2018her a\u015f\u0131r\u0131l\u0131\u011f\u0131n aksine d\u00f6n\u00fc\u015fmesi\u2019 olgusu do\u011frultusunda bir s\u00fcre\u00e7 ya\u015fanmas\u0131na yol a\u00e7\u0131yor. Y\u00f6netim s\u00fcre\u00e7lerinin, \u00f6ncelikle ak\u0131l ve bilim ile hukuki ve ahlaki ilkelerle yeniden g\u00fcncellenmesi gerekiyor.<\/p>\n","protected":false},"excerpt":{"rendered":"<p>E\u011fitim ve k\u00fclt\u00fcr d\u00fczeyinin d\u00fc\u015f\u00fck oldu\u011fu toplumlarda, \u00e7o\u011funlukla merkezi y\u00f6netim tarzlar\u0131 yayg\u0131nd\u0131r. Merkezi y\u00f6netimde, tepe y\u00f6netimi a\u015f\u0131r\u0131 yetkiyle donat\u0131lm\u0131\u015ft\u0131r. Yap\u0131sal olarak \u00fcst kademelerin yetki fazlal\u0131\u011f\u0131, y\u00f6neticileri giderek daha fazla otoriterle\u015fmeye iteler. Merkezi y\u00f6netim modeli, zamanla a\u015f\u0131r\u0131 bir merkeziyet\u00e7ilik patolojisine d\u00f6n\u00fc\u015f\u00fcr ve merkezka\u00e7 g\u00fc\u00e7ler olu\u015fur.  <\/p>\n","protected":false},"author":187,"featured_media":17013,"comment_status":"open","ping_status":"open","sticky":false,"template":"","format":"standard","meta":{"_links_to":"","_links_to_target":""},"categories":[64],"tags":[232,434,1134,2621,2622],"yoast_head":"<!-- This site is optimized with the Yoast SEO plugin v16.0.2 - https:\/\/yoast.com\/wordpress\/plugins\/seo\/ -->\n<title>Merkez\u00ee y\u00f6netimin yozla\u015fmas\u0131 - M\u0130SAK- Mill\u00ee Strateji Ara\u015ft\u0131rma Kurulu<\/title>\n<link rel=\"canonical\" href=\"https:\/\/millidusunce.com\/misak\/merkezi-yonetimin-yozlasmasi\/\" \/>\n<meta property=\"og:locale\" content=\"tr_TR\" \/>\n<meta property=\"og:type\" content=\"article\" \/>\n<meta property=\"og:title\" content=\"Merkez\u00ee y\u00f6netimin yozla\u015fmas\u0131 - M\u0130SAK- Mill\u00ee Strateji Ara\u015ft\u0131rma Kurulu\" \/>\n<meta property=\"og:description\" content=\"E\u011fitim ve k\u00fclt\u00fcr d\u00fczeyinin d\u00fc\u015f\u00fck oldu\u011fu toplumlarda, \u00e7o\u011funlukla merkezi y\u00f6netim tarzlar\u0131 yayg\u0131nd\u0131r. Merkezi y\u00f6netimde, tepe y\u00f6netimi a\u015f\u0131r\u0131 yetkiyle donat\u0131lm\u0131\u015ft\u0131r. Yap\u0131sal olarak \u00fcst kademelerin yetki fazlal\u0131\u011f\u0131, y\u00f6neticileri giderek daha fazla otoriterle\u015fmeye iteler. Merkezi y\u00f6netim modeli, zamanla a\u015f\u0131r\u0131 bir merkeziyet\u00e7ilik patolojisine d\u00f6n\u00fc\u015f\u00fcr ve merkezka\u00e7 g\u00fc\u00e7ler olu\u015fur.\" \/>\n<meta property=\"og:url\" content=\"https:\/\/millidusunce.com\/misak\/merkezi-yonetimin-yozlasmasi\/\" \/>\n<meta property=\"og:site_name\" content=\"M\u0130SAK- Mill\u00ee Strateji Ara\u015ft\u0131rma Kurulu\" \/>\n<meta property=\"article:published_time\" content=\"2023-04-04T16:00:00+00:00\" \/>\n<meta property=\"article:modified_time\" content=\"2023-04-04T14:44:10+00:00\" \/>\n<meta property=\"og:image\" content=\"https:\/\/millidusunce.com\/misak\/wp-content\/uploads\/2023\/04\/Dunya-Siralamalarinda-Universitelerimizin-Durumu-1.jpg\" \/>\n\t<meta property=\"og:image:width\" content=\"1200\" \/>\n\t<meta property=\"og:image:height\" content=\"800\" \/>\n<meta name=\"twitter:card\" content=\"summary_large_image\" \/>\n<meta name=\"twitter:label1\" content=\"Tahmini okuma s\u00fcresi\">\n\t<meta name=\"twitter:data1\" content=\"5 dakika\">\n<script type=\"application\/ld+json\" class=\"yoast-schema-graph\">{\"@context\":\"https:\/\/schema.org\",\"@graph\":[{\"@type\":\"Organization\",\"@id\":\"https:\/\/millidusunce.com\/misak\/#organization\",\"name\":\"Mill\\u00ee D\\u00fc\\u015f\\u00fcnce Merkezi\",\"url\":\"https:\/\/millidusunce.com\/misak\/\",\"sameAs\":[],\"logo\":{\"@type\":\"ImageObject\",\"@id\":\"https:\/\/millidusunce.com\/misak\/#logo\",\"inLanguage\":\"tr\",\"url\":\"https:\/\/millidusunce.com\/misak\/wp-content\/uploads\/2018\/09\/mdmLogo-yazisiz.jpg\",\"width\":422,\"height\":422,\"caption\":\"Mill\\u00ee D\\u00fc\\u015f\\u00fcnce Merkezi\"},\"image\":{\"@id\":\"https:\/\/millidusunce.com\/misak\/#logo\"}},{\"@type\":\"WebSite\",\"@id\":\"https:\/\/millidusunce.com\/misak\/#website\",\"url\":\"https:\/\/millidusunce.com\/misak\/\",\"name\":\"M\\u0130SAK- Mill\\u00ee Strateji Ara\\u015ft\\u0131rma Kurulu\",\"description\":\"D\\u00fcnyaya T\\u00fcrk\\u00e7\\u00fc Bak\\u0131\\u015f\",\"publisher\":{\"@id\":\"https:\/\/millidusunce.com\/misak\/#organization\"},\"potentialAction\":[{\"@type\":\"SearchAction\",\"target\":\"https:\/\/millidusunce.com\/misak\/?s={search_term_string}\",\"query-input\":\"required name=search_term_string\"}],\"inLanguage\":\"tr\"},{\"@type\":\"ImageObject\",\"@id\":\"https:\/\/millidusunce.com\/misak\/merkezi-yonetimin-yozlasmasi\/#primaryimage\",\"inLanguage\":\"tr\",\"url\":\"https:\/\/millidusunce.com\/misak\/wp-content\/uploads\/2023\/04\/Dunya-Siralamalarinda-Universitelerimizin-Durumu-1.jpg\",\"width\":1200,\"height\":800},{\"@type\":\"WebPage\",\"@id\":\"https:\/\/millidusunce.com\/misak\/merkezi-yonetimin-yozlasmasi\/#webpage\",\"url\":\"https:\/\/millidusunce.com\/misak\/merkezi-yonetimin-yozlasmasi\/\",\"name\":\"Merkez\\u00ee y\\u00f6netimin yozla\\u015fmas\\u0131 - M\\u0130SAK- Mill\\u00ee Strateji Ara\\u015ft\\u0131rma Kurulu\",\"isPartOf\":{\"@id\":\"https:\/\/millidusunce.com\/misak\/#website\"},\"primaryImageOfPage\":{\"@id\":\"https:\/\/millidusunce.com\/misak\/merkezi-yonetimin-yozlasmasi\/#primaryimage\"},\"datePublished\":\"2023-04-04T16:00:00+00:00\",\"dateModified\":\"2023-04-04T14:44:10+00:00\",\"breadcrumb\":{\"@id\":\"https:\/\/millidusunce.com\/misak\/merkezi-yonetimin-yozlasmasi\/#breadcrumb\"},\"inLanguage\":\"tr\",\"potentialAction\":[{\"@type\":\"ReadAction\",\"target\":[\"https:\/\/millidusunce.com\/misak\/merkezi-yonetimin-yozlasmasi\/\"]}]},{\"@type\":\"BreadcrumbList\",\"@id\":\"https:\/\/millidusunce.com\/misak\/merkezi-yonetimin-yozlasmasi\/#breadcrumb\",\"itemListElement\":[{\"@type\":\"ListItem\",\"position\":1,\"item\":{\"@type\":\"WebPage\",\"@id\":\"https:\/\/millidusunce.com\/misak\/\",\"url\":\"https:\/\/millidusunce.com\/misak\/\",\"name\":\"Anasayfa\"}},{\"@type\":\"ListItem\",\"position\":2,\"item\":{\"@type\":\"WebPage\",\"@id\":\"https:\/\/millidusunce.com\/misak\/merkezi-yonetimin-yozlasmasi\/\",\"url\":\"https:\/\/millidusunce.com\/misak\/merkezi-yonetimin-yozlasmasi\/\",\"name\":\"Merkez\\u00ee y\\u00f6netimin yozla\\u015fmas\\u0131\"}}]},{\"@type\":\"Article\",\"@id\":\"https:\/\/millidusunce.com\/misak\/merkezi-yonetimin-yozlasmasi\/#article\",\"isPartOf\":{\"@id\":\"https:\/\/millidusunce.com\/misak\/merkezi-yonetimin-yozlasmasi\/#webpage\"},\"author\":{\"@id\":\"https:\/\/millidusunce.com\/misak\/#\/schema\/person\/86e77b4ef9727f2b319f15545b567b4b\"},\"headline\":\"Merkez\\u00ee y\\u00f6netimin yozla\\u015fmas\\u0131\",\"datePublished\":\"2023-04-04T16:00:00+00:00\",\"dateModified\":\"2023-04-04T14:44:10+00:00\",\"mainEntityOfPage\":{\"@id\":\"https:\/\/millidusunce.com\/misak\/merkezi-yonetimin-yozlasmasi\/#webpage\"},\"commentCount\":0,\"publisher\":{\"@id\":\"https:\/\/millidusunce.com\/misak\/#organization\"},\"image\":{\"@id\":\"https:\/\/millidusunce.com\/misak\/merkezi-yonetimin-yozlasmasi\/#primaryimage\"},\"keywords\":\"12 eyl\\u00fcl,demokrasi,k\\u00fclt\\u00fcr,merkezi y\\u00f6netim,yozla\\u015fma\",\"articleSection\":\"KURUMLAR\",\"inLanguage\":\"tr\",\"potentialAction\":[{\"@type\":\"CommentAction\",\"name\":\"Comment\",\"target\":[\"https:\/\/millidusunce.com\/misak\/merkezi-yonetimin-yozlasmasi\/#respond\"]}]},{\"@type\":\"Person\",\"@id\":\"https:\/\/millidusunce.com\/misak\/#\/schema\/person\/86e77b4ef9727f2b319f15545b567b4b\",\"name\":\"Feyzullah Ero\\u011flu\",\"image\":{\"@type\":\"ImageObject\",\"@id\":\"https:\/\/millidusunce.com\/misak\/#personlogo\",\"inLanguage\":\"tr\",\"url\":\"https:\/\/secure.gravatar.com\/avatar\/12f633f52df0824807218d998abda2c5?s=96&d=mm&r=g\",\"caption\":\"Feyzullah Ero\\u011flu\"}}]}<\/script>\n<!-- \/ Yoast SEO plugin. -->","_links":{"self":[{"href":"https:\/\/millidusunce.com\/misak\/wp-json\/wp\/v2\/posts\/17010"}],"collection":[{"href":"https:\/\/millidusunce.com\/misak\/wp-json\/wp\/v2\/posts"}],"about":[{"href":"https:\/\/millidusunce.com\/misak\/wp-json\/wp\/v2\/types\/post"}],"author":[{"embeddable":true,"href":"https:\/\/millidusunce.com\/misak\/wp-json\/wp\/v2\/users\/187"}],"replies":[{"embeddable":true,"href":"https:\/\/millidusunce.com\/misak\/wp-json\/wp\/v2\/comments?post=17010"}],"version-history":[{"count":3,"href":"https:\/\/millidusunce.com\/misak\/wp-json\/wp\/v2\/posts\/17010\/revisions"}],"predecessor-version":[{"id":17015,"href":"https:\/\/millidusunce.com\/misak\/wp-json\/wp\/v2\/posts\/17010\/revisions\/17015"}],"wp:featuredmedia":[{"embeddable":true,"href":"https:\/\/millidusunce.com\/misak\/wp-json\/wp\/v2\/media\/17013"}],"wp:attachment":[{"href":"https:\/\/millidusunce.com\/misak\/wp-json\/wp\/v2\/media?parent=17010"}],"wp:term":[{"taxonomy":"category","embeddable":true,"href":"https:\/\/millidusunce.com\/misak\/wp-json\/wp\/v2\/categories?post=17010"},{"taxonomy":"post_tag","embeddable":true,"href":"https:\/\/millidusunce.com\/misak\/wp-json\/wp\/v2\/tags?post=17010"}],"curies":[{"name":"wp","href":"https:\/\/api.w.org\/{rel}","templated":true}]}}