{"id":17376,"date":"2023-08-01T20:00:51","date_gmt":"2023-08-01T17:00:51","guid":{"rendered":"https:\/\/millidusunce.com\/misak\/?p=17376"},"modified":"2023-08-01T00:53:13","modified_gmt":"2023-07-31T21:53:13","slug":"sorgulama-secimler-ve-milliyetciligin-yukselisi-1","status":"publish","type":"post","link":"https:\/\/millidusunce.com\/misak\/sorgulama-secimler-ve-milliyetciligin-yukselisi-1\/","title":{"rendered":"Sorgulama: Se\u00e7imler ve milliyet\u00e7ili\u011fin y\u00fckseli\u015fi-1"},"content":{"rendered":"<p>14 May\u0131s 2023 Cumhurba\u015fkanl\u0131\u011f\u0131 ve milletvekili se\u00e7imleri yap\u0131ld\u0131. Her iki se\u00e7imde de en fazla telaffuz edilen ve tart\u0131\u015f\u0131lan kavram \u201cmilliyet\u00e7ilik\u201d ve \u201cmilliyet\u00e7ili\u011fin y\u00fckseli\u015fi\u201d oldu. Konuyla ilgili en az konu\u015fan ise milliyet\u00e7ilerdi. Biz de bu eksi\u011fi kapatmak i\u00e7in milliyet\u00e7ilere gittik ve milliyet\u00e7ili\u011fin iddia edildi\u011fi gibi ger\u00e7ekten y\u00fckselip y\u00fckselmedi\u011fini sorduk. Toplumun farkl\u0131 gruplar\u0131na mensup milliyet\u00e7ilerle g\u00f6r\u00fc\u015ft\u00fck. Ayd\u0131ndan esnafa, \u00f6\u011frenciden emekliye okuyan, d\u00fc\u015f\u00fcnen, yazan milliyet\u00e7ilerle se\u00e7imleri, partilerinin durumunu, milliyet\u00e7ilerin gelece\u011fini tart\u0131\u015ft\u0131k. Sizi yaz\u0131 dizimizle ba\u015f ba\u015fa b\u0131rak\u0131yoruz. Faydal\u0131 olmas\u0131 dile\u011fiyle..<\/p>\n<h2><strong>Y\u00f6netilemeyen Kriz<\/strong><\/h2>\n<p>T\u00fcrkiye se\u00e7im tarihinde, May\u0131s 2023 se\u00e7imleri yaratt\u0131\u011f\u0131 heyecan, s\u00f6ylemlerdeki \u00f6tekile\u015ftirici dil ve propaganda yap\u0131\u015f y\u00f6ntemindeki sertlik a\u00e7\u0131s\u0131ndan \u00f6nemli bir se\u00e7im oldu.<\/p>\n<p>Tart\u0131\u015fmalar b\u00fcy\u00fck \u00f6l\u00e7\u00fcde deprem felaketinin g\u00f6lgesinde ger\u00e7ekle\u015fti. Millet \u0130ttifak\u0131\u2019n\u0131n \u201cCumhurba\u015fkan\u0131 aday\u0131 kim olacak?\u201d tart\u0131\u015fmalar\u0131 depremle birlikte bir s\u00fcre daha ertelenmek zorunda kald\u0131. Aday belirlemenin ittifak ortaklar\u0131nca en sona b\u0131rak\u0131lmas\u0131 da usul y\u00f6n\u00fcnden epey ele\u015ftirildi. \u0130yi Parti\u2019nin Cumhur \u0130ttifak\u0131 aday\u0131 mevcut Cumhurba\u015fkan\u0131 Recep Tayyip Erdo\u011fan\u2019\u0131n kar\u015f\u0131s\u0131na \u201cse\u00e7ilebilir bir aday\u201d ilkesi ile \u00e7\u0131kmas\u0131 \u0130yi Parti ile ittifak\u0131n geri kalan\u0131n\u0131 kar\u015f\u0131 kar\u015f\u0131ya getirdi.<\/p>\n<p>\u0130yi Parti d\u0131\u015f\u0131ndaki ittifak ortaklar\u0131 K\u0131l\u0131\u00e7daro\u011flu \u00fczerinde anla\u015ft\u0131. Bunun anlam\u0131 ise Meral Ak\u015fener\u2019in \u00f6nerisinin dikkate al\u0131nmamas\u0131 ve ittifak i\u00e7inde yaln\u0131zla\u015ft\u0131r\u0131lmas\u0131yd\u0131. Ortaklar\u0131na y\u00f6neltti\u011fi a\u011f\u0131r s\u00f6zlerle alt\u0131l\u0131 masadan ayr\u0131lan Ak\u015fener, kendi aday\u0131n\u0131 \u00e7\u0131karmaktansa CHP\u2019nin B\u00fcy\u00fck\u015fehir Belediye ba\u015fkanlar\u0131 Ekrem \u0130mamo\u011flu veya Mansur Yava\u015f\u2019\u0131 se\u00e7imi kazanabileceklerini d\u00fc\u015f\u00fcnd\u00fc\u011f\u00fc i\u00e7in Erdo\u011fan kar\u015f\u0131s\u0131nda aday olarak teklif etti. \u00d6nceden bir haz\u0131rl\u0131k olmadan masadan kalkt\u0131\u011f\u0131 anla\u015f\u0131lan Ak\u015fener\u2019in teklifinin \u0130mamo\u011flu ve Yava\u015f taraf\u0131ndan reddedilmesi ile ittifak ili\u015fkileri ba\u015fka bir boyut kazand\u0131. \u0130yi Parti k\u0131sa s\u00fcreli bir kriz ya\u015fad\u0131. Kendi aday\u0131n\u0131 g\u00f6stererek se\u00e7men kar\u015f\u0131s\u0131na \u00e7\u0131kamayan <span style=\"text-decoration: line-through;\">P<\/span>arti y\u00f6netimi, Ak\u015fener\u2019in en a\u011f\u0131r s\u00f6zlerle ele\u015ftirerek ayr\u0131ld\u0131\u011f\u0131 masaya k\u0131sa bir s\u00fcre sonra geri d\u00f6nmesine sebep oldu. Se\u00e7im arifesinde masaya yumru\u011fu vurarak kalkmas\u0131 ve akabinde tekrar d\u00f6nmesi ile sergilenen bu tutars\u0131z tav\u0131r se\u00e7men nezdinde \u015f\u00fcphesiz \u00e7ok olumsuz bir etki yaratt\u0131. A\u00e7\u0131k\u00e7as\u0131, kriz y\u00f6netiminde ba\u015far\u0131s\u0131z bir performans sergilendi. Elbette bu kriz sadece \u0130yi Parti\u2019nin de\u011fil, \u0130ttifak\u0131n ba\u015far\u0131s\u0131zl\u0131\u011f\u0131 olarak se\u00e7men nezdinde olumsuz bir alg\u0131 yaratt\u0131, g\u00fcven sarst\u0131.<\/p>\n<h2><strong>Se\u00e7imin Belirleyicileri<\/strong><\/h2>\n<p>Bu se\u00e7imi di\u011ferlerinden ay\u0131ran bariz fark, her se\u00e7imde tart\u0131\u015fma konusu olan HDP\u2019nin kilit parti stat\u00fcs\u00fcn\u00fc kaybetmesiydi. Ba\u015fka bir ifade ile se\u00e7imlerdeki kilit parti rol\u00fcn\u00fcn \u201cK\u00fcrtler\/HDP\u2019den\u201d \u201cT\u00fcrk milliyet\u00e7ilerine\u201d ge\u00e7mesiydi. Her se\u00e7imde HDP\u2019nin, se\u00e7imin ana belirleyeni oldu\u011fu iddia edilirdi. \u0130lk defa T\u00fcrk milliyet\u00e7ilerinin bir se\u00e7imin ana belirleyicileri oldu\u011fu g\u00f6r\u00fcld\u00fc ve bu eksende b\u00fcy\u00fck bir tart\u0131\u015fma y\u00fcr\u00fct\u00fcld\u00fc. Bu durum, milliyet\u00e7ili\u011fin y\u00fckseldi\u011fi, g\u00fc\u00e7lendi\u011fi iddias\u0131n\u0131 beraberinde getirdi. Milliyet\u00e7ili\u011fin y\u00fckseli\u015finin sebepleri ve sonu\u00e7lar\u0131 \u00fczerinde epey s\u00f6z sarf edildi.<\/p>\n<p>Se\u00e7ime her \u00fc\u00e7 ittifakta da yer alan milliyet\u00e7i partiler ve ald\u0131klar\u0131 oy oranlar\u0131 damgas\u0131n\u0131 vurdu. Milliyet\u00e7i Hareket Partisi (MHP) y\u00fczde 10,1, \u0130Y\u0130 Parti 9,7, Zafer Partisi 2,2, B\u00fcy\u00fck Birlik Partisi (BBP) ise y\u00fczde 1 oy ald\u0131. Milliyet\u00e7i oylar\u0131n y\u00fczde 25&#8217;e yakla\u015fmas\u0131 bir bak\u0131ma her 4 se\u00e7menden birinin milliyet\u00e7i bir se\u00e7men olmas\u0131 anlam\u0131na geliyor.<\/p>\n<p><strong>Prof. Dr. Ahmet Bican ERC\u0130LASUN-Emekli \u00d6\u011fretim \u00dcyesi-T\u00fcrkl\u00fckbilimci<\/strong><\/p>\n<p><img loading=\"lazy\" decoding=\"async\" class=\"alignnone size-full wp-image-17377\" src=\"https:\/\/millidusunce.com\/misak\/wp-content\/uploads\/2023\/07\/Bican-Hocam.jpg\" alt=\"\" width=\"200\" height=\"200\" srcset=\"https:\/\/millidusunce.com\/misak\/wp-content\/uploads\/2023\/07\/Bican-Hocam.jpg 200w, https:\/\/millidusunce.com\/misak\/wp-content\/uploads\/2023\/07\/Bican-Hocam-150x150.jpg 150w\" sizes=\"auto, (max-width: 200px) 100vw, 200px\" \/><\/p>\n<p><strong>14 May\u0131s 2023 Cumhurba\u015fkanl\u0131\u011f\u0131 ve milletvekili se\u00e7imleri dolay\u0131s\u0131yla \u201cMilliyet\u00e7ili\u011fin y\u00fckseli\u015fi\u201d tart\u0131\u015fmalar\u0131 g\u00fcndeme damgas\u0131n\u0131 vurdu. Sizce de milliyet\u00e7ilik y\u00fckseli\u015fte midir? \u00d6yle d\u00fc\u015f\u00fcn\u00fcyorsan\u0131z gerek\u00e7eleriniz\/kriterleriniz nedir? <\/strong><\/p>\n<p><strong>ERC\u0130LASUN:<\/strong> \u201cMilliyet\u00e7ilik\u201d olarak ifade edilen \u201cmill\u00ee hassasiyet\u201dtir. Evet, mill\u00ee hassasiyet y\u00fckseli\u015ftedir fakat ben \u201cmilliyet\u00e7ilik\u201d i\u00e7in mill\u00ee duygu ve hassasiyeti yeterli g\u00f6rm\u00fcyorum. Milliyet\u00e7ilik, mill\u00ee duygu \u00fczerinde y\u00fckselen bir mill\u00ee \u015fuur \/ mill\u00ee bilin\u00e7 hareketidir. Mill\u00ee \u015fuur i\u00e7in de belirli seviyede bir k\u00fclt\u00fcr birikimi gerekir. T\u00fcrk\u2019\u00fcn tarihini, edebiyat\u0131n\u0131 ana \u00e7izgileriyle bilmeden T\u00fcrk milliyet\u00e7ili\u011fi olmaz. Nam\u0131k Kemal\u2019i bilmeden, H\u00fcrriyet Kasidesi\u2019ni anlamadan, bu kasidedeki \u201c<em>G\u00f6r\u00fcp ahk\u00e2m-\u0131 asr\u0131 m\u00fcnharif s\u0131dk u selametten<\/em> \/ <em>\u00c7ekildik izzet \u00fc ikb\u00e2l ile b\u00e2b-\u0131<\/em> <em>h\u00fck\u00fbmetten<\/em>\u201d beytinin k\u00fcnh\u00fcne varmadan milliyet\u00e7ilik olmaz. Ziya G\u00f6kalp\u2019\u0131n <em>T\u00fcrk\u00e7\u00fcl\u00fc\u011f\u00fcn<\/em> <em>Esaslar\u0131<\/em>\u2019n\u0131 okumadan, \u00d6mer Seyfettin\u2019in, Ahmet Hikmet M\u00fcft\u00fco\u011flu\u2019nun hik\u00e2yelerini okumadan milliyet\u00e7ilik olmaz. Daha yak\u0131na gelelim isterseniz. Erol G\u00fcng\u00f6r, Necmettin Hac\u0131emino\u011flu, Mehmet Er\u00f6z, Mustafa Kafal\u0131 bilinmeden T\u00fcrk milliyet\u00e7ili\u011fi olur mu?<\/p>\n<p>Milliyet\u00e7ili\u011fin y\u00fckselmesi i\u00e7in T\u00fcrkiye\u2019nin k\u00fclt\u00fcr ve sanat hayat\u0131na T\u00fcrk milliyet\u00e7ilerinin h\u00e2kim olmas\u0131 gerekir.<\/p>\n<p><strong>Bug\u00fcn milliyet\u00e7ilik tek \u00e7at\u0131 alt\u0131nda m\u0131 birle\u015fmeli yoksa birden fazla tesir ve g\u00fc\u00e7 odaklar\u0131na m\u0131 ayr\u0131lmal\u0131?<\/strong><\/p>\n<p><strong>ERC\u0130LASUN:<\/strong> Tek \u00e7at\u0131 alt\u0131nda birle\u015fse belki iyi olur. Ancak bug\u00fcn ve yak\u0131n gelecek i\u00e7in bu m\u00fcmk\u00fcn g\u00f6r\u00fcnm\u00fcyor. En do\u011frusu, T\u00fcrk milliyet\u00e7ili\u011finin T\u00fcrk ayd\u0131n kamuoyunda ve T\u00fcrk gen\u00e7li\u011finde h\u00e2kim fikir h\u00e2line gelmesidir. Bunun i\u00e7in de milliyet\u00e7ilerin fikir, k\u00fclt\u00fcr ve sanat alanlar\u0131nda daha yetkin ve etkin olmalar\u0131 gerekir. B\u00f6yle olursa zaten, partilerde de \u00e7e\u015fitli g\u00fc\u00e7 odaklar\u0131nda da milliyet\u00e7ili\u011fin h\u00e2kimiyetini g\u00f6rebiliriz.<\/p>\n<p><strong>T\u00fcrk milliyet\u00e7ilerinin \u00e7ok partili olarak se\u00e7imlere kat\u0131lmas\u0131n\u0131 T\u00fcrk Milliyet\u00e7ili\u011fi a\u00e7\u0131s\u0131ndan nas\u0131l de\u011ferlendiriyorsunuz? Bu durum milliyet\u00e7ili\u011fin etkisinin artmas\u0131 olarak g\u00f6r\u00fclebilir mi?<\/strong><\/p>\n<p><strong>ERC\u0130LASUN:<\/strong> Bence bir sak\u0131ncas\u0131 yok ama bu durum, milliyet\u00e7ili\u011fin etkisinin artmas\u0131 olarak de\u011ferlendirilemez. Yukar\u0131da belirtmi\u015ftim, mill\u00ee hassasiyet ile milliyet\u00e7ilik ayn\u0131 \u015fey de\u011fildir. K\u00fclt\u00fcr ve sanat hayat\u0131nda kendini g\u00f6steren bir milliyet\u00e7ilik olmad\u0131k\u00e7a T\u00fcrkiye\u2019nin s\u0131k\u0131nt\u0131lar\u0131 devam edecektir. Atat\u00fcrk\u2019ten sonra T\u00fcrk milliyet\u00e7ili\u011fi, devlet politikas\u0131 olmaktan \u00e7\u0131kar\u0131ld\u0131\u011f\u0131 i\u00e7in bug\u00fcn okumu\u015flar\u0131m\u0131zda mill\u00ee kimlik konusunda teredd\u00fctler yayg\u0131n bir \u015fekilde g\u00f6r\u00fclmektedir. \u0130ktidarlar, Atat\u00fcrk d\u00f6neminde oldu\u011fu gibi, milliyet\u00e7ili\u011fi politikalar\u0131n\u0131n temeline al\u0131rlarsa ve bunu bir e\u011fitim ve k\u00fclt\u00fcr politikas\u0131 olarak s\u00fcrekli i\u015flerlerse mill\u00ee kimlik teredd\u00fctleri ortadan kalkar ve herkes kendini \u201cT\u00fcrk\u201d hissedip bundan gurur ve mutluluk duyar.<\/p>\n<p>Bug\u00fcn milliyet\u00e7i denilen partiler, ittifak yapt\u0131klar\u0131 daha b\u00fcy\u00fck partilerde \u201cT\u00fcrk kimli\u011fi\u201d konusundaki ayk\u0131r\u0131 d\u00fc\u015f\u00fcnce ve eylemlere dikkat ediyorlar m\u0131? Bu dikkatin olmas\u0131 \u015fartt\u0131r.<\/p>\n<p><strong>Sizce bu se\u00e7imlerde milliyet\u00e7ilik ger\u00e7ekten anahtar bir rol m\u00fc oynad\u0131 yoksa siyasi bloklar aras\u0131ndaki kavga milliyet\u00e7ilik maskesiyle mi y\u00fcr\u00fct\u00fcld\u00fc? <\/strong><\/p>\n<p><strong>ERC\u0130LASUN:<\/strong> Milliyet\u00e7ilik de\u011fil mill\u00ee hassasiyet rol oynad\u0131. \u201cMaske\u201d kelimesiyle ifade etseniz de siyasi bloklar\u0131n mill\u00ee hassasiyeti dikkate almalar\u0131 olumludur. Ancak devaml\u0131 diken \u00fcst\u00fcnde durmamam\u0131z i\u00e7in mill\u00ee duygu ve hassasiyetin ayd\u0131nlar\u0131m\u0131zda ve gen\u00e7lerimizde mill\u00ee \u015fuur \/ mill\u00ee bilin\u00e7 seviyesine y\u00fckselmesi gerekir.<\/p>\n<p><strong>AKP\u2019nin yeniden iktidar olmas\u0131 T\u00fcrk milliyet\u00e7ili\u011fi a\u00e7\u0131s\u0131ndan ne anlam ta\u015f\u0131yor? Ne gibi sonu\u00e7lar do\u011furabilir? Neden?<\/strong><\/p>\n<p><strong>ERC\u0130LASUN:<\/strong> AKP, T\u00fcrk milliyet\u00e7isi olmad\u0131\u011f\u0131 gibi T\u00fcrk milliyet\u00e7ili\u011fine kar\u015f\u0131 bir partidir. Bunu \u00e7e\u015fitli eylem ve s\u00f6ylemlerinde a\u00e7\u0131k\u00e7a g\u00f6stermi\u015ftir. AKP\u2019nin etkili kadrosu, T\u00fcrk milliyet\u00e7ili\u011fi ile ba\u011fda\u015fmas\u0131 m\u00fcmk\u00fcn olmayan \u201csiyasal \u0130slamc\u0131l\u0131k \/ \u00fcmmet\u00e7ilik\u201d fikrine ba\u011fl\u0131d\u0131r. \u0130ktidarda kald\u0131\u011f\u0131 s\u00fcrece bu fikri yaymaya ve dolay\u0131s\u0131yla T\u00fcrk milliyet\u00e7ili\u011fini zay\u0131flatmaya \u00e7al\u0131\u015facakt\u0131r. Cemaat ve tarikatlar\u0131n okullar\u0131m\u0131za s\u0131zmas\u0131 bunu g\u00f6steriyor. Uygulanan m\u00fclteci politikas\u0131, \u00fclkemizin bir \u201cT\u00fcrk \u00fclkesi\u201d olmaktan \u00e7\u0131kar\u0131lmas\u0131na kadar gidebilir. Siyasi \u00fcmmet\u00e7ili\u011fin hedefi de her h\u00e2lde budur. Bu politikalar, halk\u0131m\u0131z\u0131n din\u00ee hassasiyetleri \u00fczerinden y\u00fcr\u00fct\u00fcld\u00fc\u011f\u00fc i\u00e7in de son derece etkili olabilmektedir.<\/p>\n<p><strong>\u00d6n\u00fcm\u00fczdeki y\u0131llarda siyasetin \u015fekillenmesinde milliyet\u00e7ilik nas\u0131l bir rol oynayacak?<\/strong><\/p>\n<p><strong>ERC\u0130LASUN:<\/strong> Milliyet\u00e7ilik bir k\u00fclt\u00fcr ve sanat hareketi olarak y\u00fckselebilirse daha etkili olabilir. \u015eimdilik mill\u00ee hassasiyet, baz\u0131 tehlikeleri engeller gibi g\u00f6r\u00fcn\u00fcyor. Ancak bu uzun s\u00fcre devam edemeyebilir. \u00d6yle anla\u015f\u0131l\u0131yor ki dine dayand\u0131r\u0131lan ve T\u00fcrkl\u00fc\u011f\u00fc ink\u00e2r eden bir siyasi \u00fcmmet\u00e7ilik, \u00fclkemiz i\u00e7in d\u0131\u015f g\u00fc\u00e7lerden de daha tehlikelidir. Zaten \u201cd\u0131\u015f g\u00fc\u00e7ler\u201d de hulul etmek istedi\u011fi \u00fclkelere din\u00ee hassasiyetler \u00fczerinden yakla\u015fmay\u0131 bir politika olarak kullanmaktad\u0131rlar.<\/p>\n<h2><strong>\u0130smail KANDEM\u0130R-Emekli \u00d6\u011fretmen<\/strong><\/h2>\n<p><img loading=\"lazy\" decoding=\"async\" class=\"alignnone size-medium_large wp-image-17378\" src=\"https:\/\/millidusunce.com\/misak\/wp-content\/uploads\/2023\/07\/Ismail-Kandemir-768x769.jpg\" alt=\"\" width=\"768\" height=\"769\" srcset=\"https:\/\/millidusunce.com\/misak\/wp-content\/uploads\/2023\/07\/Ismail-Kandemir-768x769.jpg 768w, https:\/\/millidusunce.com\/misak\/wp-content\/uploads\/2023\/07\/Ismail-Kandemir-300x300.jpg 300w, https:\/\/millidusunce.com\/misak\/wp-content\/uploads\/2023\/07\/Ismail-Kandemir-1024x1024.jpg 1024w, https:\/\/millidusunce.com\/misak\/wp-content\/uploads\/2023\/07\/Ismail-Kandemir-150x150.jpg 150w, https:\/\/millidusunce.com\/misak\/wp-content\/uploads\/2023\/07\/Ismail-Kandemir.jpg 1200w\" sizes=\"auto, (max-width: 768px) 100vw, 768px\" \/><\/p>\n<p><strong>14 May\u0131s 2023 Cumhurba\u015fkanl\u0131\u011f\u0131 ve milletvekili se\u00e7imleri dolay\u0131s\u0131yla \u201cMilliyet\u00e7ili\u011fin y\u00fckseli\u015fi\u201d tart\u0131\u015fmalar\u0131 g\u00fcndeme damgas\u0131n\u0131 vurdu. Sizce de milliyet\u00e7ilik y\u00fckseli\u015fte midir? \u00d6yle d\u00fc\u015f\u00fcn\u00fcyorsan\u0131z gerek\u00e7eleriniz\/kriterleriniz nedir? <\/strong><\/p>\n<p><strong>KANDEM\u0130R:<\/strong> Milliyet\u00e7ili\u011fin y\u00fckseli\u015fi, sadece T\u00fcrkiye\u2019ye \u00f6zel bir durum de\u011fil. T\u00fcm d\u00fcnyada k\u00fcreselle\u015fmenin bir kar\u015f\u0131t\u0131 olarak ortaya \u00e7\u0131kan bir geli\u015fme olarak de\u011ferlendirilmelidir. Malum T\u00fcrkiye\u2019de de se\u00e7imden se\u00e7ime tozlu raflardan indirilen bir milliyet\u00e7ilik s\u00f6ylemi her zaman mevcuttur, mevcut olmaya da devam edecektir. O nedenle T\u00fcrkiye \u00f6zel bir durum olmad\u0131\u011f\u0131n\u0131 s\u00f6ylemek m\u00fcmk\u00fcnd\u00fcr. Ancak T\u00fcrk milliyet\u00e7ili\u011finin veya milliyet\u00e7ili\u011fi lokomotif olan \u00fclk\u00fcc\u00fcler, hamasetle y\u00fcr\u00fct\u00fclen 14 May\u0131s&#8217;taki se\u00e7imlerde ne yaz\u0131k ki milliyet\u00e7ili\u011fi kendileri ayaklar alt\u0131na alm\u0131\u015ft\u0131r. Milliyet\u00e7ili\u011fin gere\u011fi olan milleti y\u00fcceltme, zor zamanlardan kurtarma misyonunu sekteye u\u011fram\u0131\u015ft\u0131r ve milliyet\u00e7ilik ulvi bir duygu olarak de\u011fil basit bir gerek\u00e7e olarak 14 May\u0131s se\u00e7imlerinde toplumu y\u00f6nlendirmek i\u00e7in vah\u015fice kullanm\u0131\u015f, dozu \u00e7ok artm\u0131\u015f bir istismara maruz kalm\u0131\u015ft\u0131r.<\/p>\n<p><strong>\u00a0<\/strong><strong>Bug\u00fcn milliyet\u00e7ilik tek \u00e7at\u0131 alt\u0131nda m\u0131 birle\u015fmeli yoksa birden fazla tesir ve g\u00fc\u00e7 odaklar\u0131na m\u0131 ayr\u0131lmal\u0131?<\/strong><\/p>\n<p><strong>KANDEM\u0130R:<\/strong> Milliyet\u00e7ili\u011fin tek bir \u00e7at\u0131 alt\u0131nda toplanmas\u0131 s\u00f6z konusu dahi olamaz. \u00c7\u00fcnk\u00fc milliyet\u00e7ilik siyasi bir hareket has bir s\u00f6ylem de\u011fil; t\u00fcm milletin ortak de\u011feridir. Milliyet\u00e7ili\u011fin toplumun her kesiminde do\u011fru tan\u0131m ve kabulle yayg\u0131nla\u015fmas\u0131, gelecek nesiller a\u00e7\u0131s\u0131ndan \u00f6nem arz eder. Toplumu y\u00f6nlendirecek bir g\u00fc\u00e7 ve tesir unsuru olarak g\u00f6r\u00fclmemeli, bu duygu siyasalla\u015fmamal\u0131d\u0131r.<\/p>\n<p><strong>T\u00fcrk milliyet\u00e7ilerinin \u00e7ok partili olarak se\u00e7imlere kat\u0131lmas\u0131n\u0131 T\u00fcrk Milliyet\u00e7ili\u011fi a\u00e7\u0131s\u0131ndan nas\u0131l de\u011ferlendiriyorsunuz? Bu durum milliyet\u00e7ili\u011fin etkisinin artmas\u0131 olarak g\u00f6r\u00fclebilir mi?<\/strong><\/p>\n<p><strong>KANDEM\u0130R:<\/strong> T\u00fcrk milliyet\u00e7ilerinin \u00e7ok partili olarak se\u00e7imlere girmesi istismar alan\u0131n\u0131 geni\u015fletmi\u015ftir. Partiler milliyet\u00e7ilik duygusunu \u00f6ne \u00d6ne alarak toplumun duygular\u0131n\u0131 kontrol alt\u0131na alm\u0131\u015flard\u0131r. Bu arada mevcut iktidar\u0131n ge\u00e7mi\u015fi sorgulanmam\u0131\u015f, iktidara talip olanlar\u0131n s\u00f6ylemleri dikkate al\u0131nmam\u0131\u015ft\u0131r. Bu da T\u00fcrk Milletinin refah\u0131 i\u00e7in do\u011fru ad\u0131mlar\u0131n at\u0131laca\u011f\u0131 bir gelece\u011fin \u00f6n\u00fcn\u00fc kesmi\u015ftir. Milliyet\u00e7ili\u011fin n\u00f6bet\u00e7i bir s\u00f6ylem gibi se\u00e7imden se\u00e7ime tozlu raflardan indirilip Siyasi alana s\u00fcr\u00fclmesi, T\u00fcrk milliyet\u00e7ili\u011finin y\u00fckseli\u015fi olarak de\u011ferlendirilememelidir.<\/p>\n<p><strong>Sizce bu se\u00e7imlerde milliyet\u00e7ilik ger\u00e7ekten anahtar bir rol m\u00fc oynad\u0131 yoksa siyasi bloklar aras\u0131ndaki kavga milliyet\u00e7ilik maskesiyle mi y\u00fcr\u00fct\u00fcld\u00fc? <\/strong><\/p>\n<p><strong>KANDEM\u0130R:<\/strong> Sinsi bir \u015fekilde y\u00fcr\u00fct\u00fclen koltuk kavgas\u0131, kesinlikle milliyet\u00e7ilik maskesi alt\u0131nda y\u00fcr\u00fct\u00fclm\u00fc\u015ft\u00fcr.<\/p>\n<p><strong>AKP\u2019nin yeniden iktidar olmas\u0131 T\u00fcrk milliyet\u00e7ili\u011fi a\u00e7\u0131s\u0131ndan ne anlam ta\u015f\u0131yor? Ne gibi sonu\u00e7lar do\u011furabilir? Neden?<\/strong><\/p>\n<p><strong>KANDEM\u0130R:<\/strong> AKP\u2019yi \u0130ktidara ta\u015f\u0131yan bu sorulara bak\u0131ld\u0131\u011f\u0131nda, bir tarafta milliyet\u00e7ilik kar\u015f\u0131tl\u0131\u011f\u0131, bir tarafta T\u00fcrk d\u00fc\u015fmanl\u0131\u011f\u0131, bir tarafta T\u00fcrk milliyet\u00e7ili\u011fi iddias\u0131n\u0131 en a\u00e7\u0131k \u015fekilde ifade eden partiler ya da gruplar, bir tarafta da cemaatler ve tarikatlar, bulunmaktad\u0131r. Bu kar\u015f\u0131tl\u0131klar ve keskin farkl\u0131l\u0131klar, bir yak\u0131nla\u015fmaya, herkesin pastadan pay almas\u0131na de\u011fil; sadece AKP\u2019nin, Erdo\u011fan\u2019\u0131n iktidar\u0131n\u0131n devam\u0131n\u0131 sa\u011flamaya yaram\u0131\u015ft\u0131r. Maalesef milliyet\u00e7ilerin kazan\u0131m\u0131n\u0131n olmad\u0131\u011f\u0131 bir se\u00e7im sonucu ortaya \u00e7\u0131km\u0131\u015ft\u0131r. T\u00fcrk Milliyet\u00e7ili\u011finin hoyrat\u00e7a kullan\u0131lmas\u0131 ve kulland\u0131r\u0131lmas\u0131, T\u00fcrk Milletinin mutlulu\u011fu i\u00e7in bir kazan\u00e7 sa\u011flamam\u0131\u015f, dolay\u0131s\u0131yla se\u00e7imin kaybedeni de yaln\u0131zca T\u00fcrk Milliyet\u00e7ileri olmu\u015ftur.<\/p>\n<p><strong>\u00a0<\/strong><\/p>\n<p><strong>\u00d6n\u00fcm\u00fczdeki y\u0131llarda siyasetin \u015fekillenmesinde milliyet\u00e7ilik nas\u0131l bir rol oynayacak?<\/strong><\/p>\n<p><strong>KANDEM\u0130R:<\/strong> Her d\u00f6nemde milliyet\u00e7ilik siyasetin gerekti\u011finde \u00f6ne \u00e7\u0131kar\u0131lacak bir dolgu malzemesi olarak kullan\u0131lmaktad\u0131r. T\u00fcrkl\u00fck ve T\u00fcrk Milliyet\u00e7ili\u011finin kim taraf\u0131ndan olursa olsun manip\u00fcle edilmesine izin verilmez, koltuk kavgas\u0131 ve \u015fahsi h\u0131rslara kurban edilmez ise, milliyet\u00e7iler gelecekte s\u00f6z\u00fcn sahibine s\u00f6zc\u00fcl\u00fck edenler yerine; s\u00f6z\u00fc dinlenen s\u00f6z sahipleri olacaklard\u0131r. As\u0131l dikkate al\u0131nmas\u0131 gereken T\u00fcrk Milliyet\u00e7ilerinin toplumun kar\u015f\u0131s\u0131na buland\u0131r\u0131lmam\u0131\u015f ortak bir s\u00f6ylemle ve siyaseti y\u00f6nlendirecek bir g\u00fcce sahip oldu\u011funun \u015fuurunda \u00e7\u0131k\u0131p \u00e7\u0131kamayaca\u011f\u0131d\u0131r. Mevcut durumda MHP ve BBP payandal\u0131\u011f\u0131n\u0131 s\u00fcrd\u00fcr\u00fcrken, T\u00fcrk\u00e7\u00fcl\u00fc\u011f\u00fc ve T\u00fcrk Milliyet\u00e7ili\u011fini \u00f6ne \u00e7\u0131karan ve net s\u00f6ylemlerle T\u00fcrk Milletinin maruz kalabilece\u011fi tehditlere kar\u015f\u0131 duru\u015f g\u00f6steren Zafer Partisi, T\u00fcrk Milliyet\u00e7ili\u011fi a\u00e7\u0131s\u0131ndan yeni bir nefes olarak dikkat \u00e7ekmi\u015ftir. Lakin T\u00fcrk Milliyet\u00e7ileri kendisine vurulan prangalardan kurulmad\u0131\u011f\u0131 ve ger\u00e7ekten \u00f6zg\u00fcrl\u00fc\u011f\u00fcn\u00fc kazanamad\u0131\u011f\u0131 m\u00fcddet\u00e7e, kullan\u0131lmaya devam edecektir. T\u00fcrk Milliyet\u00e7ileri, her yere da\u011f\u0131lan de\u011fil; herkesin topland\u0131\u011f\u0131 bir adres olmal\u0131d\u0131r. Siyaset kurumu ne yaz\u0131k ki \u00fclkemizde kurumsalla\u015fmas\u0131n\u0131 ger\u00e7ekle\u015ftiremedi\u011fi i\u00e7in herkesin her telden \u00e7alabildi\u011fi ve sonu\u00e7lar dahi alabildi\u011fi ciddi bir kalitesizlik sergilemektedir. Kalitenin ilimle, bilgiyle gelece\u011fi de a\u015fikard\u0131r. Sadece milliyet\u00e7iler, milletin iyili\u011fine olacak g\u00fczel i\u015flerin olmas\u0131n\u0131 samimiyetle isteyebilirler.<\/p>\n<p>&nbsp;<\/p>\n<p>&nbsp;<\/p>\n","protected":false},"excerpt":{"rendered":"<p>14 May\u0131s 2023 Cumhurba\u015fkanl\u0131\u011f\u0131 ve milletvekili se\u00e7imlerinde en fazla telaffuz edilen ve tart\u0131\u015f\u0131lan kavram \u201cmilliyet\u00e7ilik\u201d ve \u201cmilliyet\u00e7ili\u011fin y\u00fckseli\u015fi\u201d oldu. Konuyla ilgili en az konu\u015fan ise milliyet\u00e7ilerdi. Biz de bu eksi\u011fi kapatmak i\u00e7in milliyet\u00e7ilerle g\u00f6r\u00fc\u015ft\u00fck.<\/p>\n","protected":false},"author":37,"featured_media":17422,"comment_status":"open","ping_status":"open","sticky":false,"template":"","format":"standard","meta":{"_ef_editorial_meta_date_first-draft-date":"","_ef_editorial_meta_paragraph_assignment":"","footnotes":"","_links_to":"","_links_to_target":""},"categories":[66,68],"tags":[2674,1119,2485,2673,2675,113],"coauthors":[39],"class_list":["post-17376","post","type-post","status-publish","format-standard","has-post-thumbnail","hentry","category-siyaset-tarih","category-turkluk-turkculuk","tag-14-mayis-2023-cumhurbaskanligi-secimi","tag-ahmet-bican-ercilasun","tag-ikbal-vurucu","tag-ismail-kandemir","tag-milliyetciligin-yukselisi","tag-turk-milliyetciligi"],"_links":{"self":[{"href":"https:\/\/millidusunce.com\/misak\/wp-json\/wp\/v2\/posts\/17376","targetHints":{"allow":["GET"]}}],"collection":[{"href":"https:\/\/millidusunce.com\/misak\/wp-json\/wp\/v2\/posts"}],"about":[{"href":"https:\/\/millidusunce.com\/misak\/wp-json\/wp\/v2\/types\/post"}],"author":[{"embeddable":true,"href":"https:\/\/millidusunce.com\/misak\/wp-json\/wp\/v2\/users\/37"}],"replies":[{"embeddable":true,"href":"https:\/\/millidusunce.com\/misak\/wp-json\/wp\/v2\/comments?post=17376"}],"version-history":[{"count":4,"href":"https:\/\/millidusunce.com\/misak\/wp-json\/wp\/v2\/posts\/17376\/revisions"}],"predecessor-version":[{"id":17421,"href":"https:\/\/millidusunce.com\/misak\/wp-json\/wp\/v2\/posts\/17376\/revisions\/17421"}],"wp:featuredmedia":[{"embeddable":true,"href":"https:\/\/millidusunce.com\/misak\/wp-json\/wp\/v2\/media\/17422"}],"wp:attachment":[{"href":"https:\/\/millidusunce.com\/misak\/wp-json\/wp\/v2\/media?parent=17376"}],"wp:term":[{"taxonomy":"category","embeddable":true,"href":"https:\/\/millidusunce.com\/misak\/wp-json\/wp\/v2\/categories?post=17376"},{"taxonomy":"post_tag","embeddable":true,"href":"https:\/\/millidusunce.com\/misak\/wp-json\/wp\/v2\/tags?post=17376"},{"taxonomy":"author","embeddable":true,"href":"https:\/\/millidusunce.com\/misak\/wp-json\/wp\/v2\/coauthors?post=17376"}],"curies":[{"name":"wp","href":"https:\/\/api.w.org\/{rel}","templated":true}]}}