{"id":17707,"date":"2023-12-02T00:00:00","date_gmt":"2023-12-02T00:00:00","guid":{"rendered":"https:\/\/millidusunce.com\/misak\/?p=17707&#038;preview=true&#038;preview_id=17707"},"modified":"2023-12-03T21:08:33","modified_gmt":"2023-12-03T18:08:33","slug":"soykirim-yalanlari-filmlerle-devam-ediyor","status":"publish","type":"post","link":"https:\/\/millidusunce.com\/misak\/soykirim-yalanlari-filmlerle-devam-ediyor\/","title":{"rendered":"Soyk\u0131r\u0131m yalanlar\u0131 filmlerle devam ediyor"},"content":{"rendered":"<p>Cumhuriyet\u2019in 100. Y\u0131l\u0131ndan bir hafta \u00f6nce, T\u00fcrkiye ve T\u00fcrkler aleyhine kin ve nefret i\u00e7eren, Ermeni diasporas\u0131n\u0131n soyk\u0131r\u0131m yalanlar\u0131n\u0131 s\u00fcrd\u00fcren yeni bir film <em>ABD\u2019de g\u00f6sterime girdi. <\/em>S\u00f6zde Ermeni soyk\u0131r\u0131m yalan\u0131n\u0131 konu alan film, Ermeni tehcirinden sa\u011f kurtulan ve Amerika Birle\u015fik Devletleri&#8217;nde oyuncu olan <strong>Aurora Mardiganian&#8217;<\/strong>\u0131n hayat\u0131n\u0131 g\u00fcndeme ta\u015f\u0131yor. Filmde, Ermeni tehcirini konu alan 1919 yap\u0131m\u0131 sessiz film <strong><em>\u201cAuction of Souls<\/em><\/strong>\u201ddan\u00a0\u00a0\u00a0 k\u0131sa sahneler de\u00a0\u00a0\u00a0 yer al\u0131yor. Film, Ermenistan&#8217;\u0131n 95. Akademi \u00d6d\u00fclleri&#8217;ne resmi kat\u0131l\u0131m\u0131n\u0131n Kuzey Amerika&#8217;da sinemalarda g\u00f6sterimi i\u00e7in yeni bir fragman olup, Aurora&#8217;n\u0131n sinema salonlar\u0131na d\u00f6n\u00fc\u015f yolculu\u011funu s\u00fcrd\u00fcr\u00fcyor.<\/p>\n<p>Bu kadar \u00f6nemli bir geli\u015fme maalesef T\u00fcrk kamuoyunun bilgisi d\u0131\u015f\u0131nda olup,\u00a0 s\u00f6zde Ermeni soyk\u0131r\u0131m\u0131 yalan\u0131na\u00a0 kar\u015f\u0131 \u00f6nemli bir \u00a0kar\u015f\u0131 \u00e7\u0131k\u0131\u015f maalesef yok. Filmin ad\u0131<strong><em> \u201cAuroras Sunrise.\u201d <\/em><\/strong>Google\u2019da arama yapt\u0131m ama bug\u00fcn itibariyle biri hari\u00e7 T\u00fcrk\u00e7e bir kayna\u011fa rastlamad\u0131m. 12.100 arama sonucunun ilk alt\u0131s\u0131 a\u015fa\u011f\u0131dad\u0131r.<\/p>\n<ol>\n<li><a href=\"https:\/\/www.imdb.com\/title\/tt20873160\/\">www.imdb.com\u00a0\u203a title \u203a tt20873160Aurora&#8217;s Sunrise (2022) &#8211; IMDb<\/a><\/li>\n<\/ol>\n<p>27 Nis 2023 \u00b7\u00a0Documentary Animation A genocide survivor becomes a silent movie star: Aurora Mardiganian&#8217;s odyssey is close to unreal. After losing her family, escaping slavery, and enduring Hollywood greed, she journeys far to tell the world of the Armenian Genocide. Director Inna Sahakyan Writers Peter Liakhov Kerstin Meyer-Beetz Inna Sahakyan Stars<\/p>\n<ol>\n<li><a href=\"https:\/\/en.wikipedia.org\/wiki\/Aurora%27s_Sunrise\">en.wikipedia.org\u00a0\u203a wiki \u203a Aurora&amp;Aurora&#8217;s Sunrise &#8211; Wikipedia<\/a><\/li>\n<\/ol>\n<p>Aurora&#8217;s\u00a0Sunrise\u00a0(Armenian:\u00a0\u0531\u0580\u0577\u0561\u056c\u0578\u0582\u0575\u057d\u056b \u056c\u0578\u0582\u057d\u0561\u0562\u0561\u0581\u0568)\u00a0is a 2022 internationally co-produced adult animated documentary\u00a0film\u00a0directed by Inna Sahakyan. It is based on the life of\u00a0Aurora\u00a0Mardiganian, an Armenian Genocide survivor who after her escape became an actress in the United States.<\/p>\n<ol>\n<li><a href=\"https:\/\/mubi.com\/tr\/films\/aurora-s-sunrise\">mubi.com\u00a0\u203a tr \u203a filmsAurora\u2019s Sunrise (2022) | MUBI<\/a><\/li>\n<\/ol>\n<p>In this animated documentary so impeccably directed by Inna Sahakyan,\u00a0Aurora\u00a0Mardiganian, star of silent movies, comes back to life to tell the story of the genocide she survived.<\/p>\n<ol>\n<li><a href=\"https:\/\/www.pbs.org\/pov\/films\/aurorasunrise\/\">www.pbs.org\u00a0\u203a pov \u203a filmsAurora\u2019s Sunrise | POV &#8211; PBS<\/a><\/li>\n<\/ol>\n<p>watch now about At 14,\u00a0Aurora\u00a0Madriganian survived the Armenian Genocide and escaped to New York, where her story became a media sensation. Her newfound fame led to her starring in Auction of&#8230;<\/p>\n<ol>\n<li><a href=\"https:\/\/letterboxd.com\/film\/auroras-sunrise\/\">letterboxd.com\u00a0\u203a film \u203a auroras-sunrise\u200eAurora&#8217;s Sunrise (2022) directed by Inna Sahakyan \u2022 Reviews,&#8230;<\/a><\/li>\n<\/ol>\n<p>The story of how\u00a0Aurora\u00a0Mardiganian (1901-94), a survivor of the Armenian genocide perpetrated by the Ottoman Empire (1915-17), became a Hollywood silent\u00a0film\u00a0star. \u200eAurora&#8217;s\u00a0Sunrise\u00a0(2022) directed by Inna Sahakyan \u2022 Reviews,\u00a0film\u00a0+ cast \u2022 Letterboxd<\/p>\n<ol>\n<li><a href=\"https:\/\/www.imdb.com\/video\/vi1888470809\/\">www.imdb.com\u00a0\u203a video \u203a vi1888470809Aurora&#8217;s Sunrise &#8211; Aurora&#8217;s Sunrise_Official Trailer | IMDb<\/a><\/li>\n<\/ol>\n<p>Aurora&#8217;s\u00a0Sunrise_Official Trailer. ONLY IN THEATERS August 2023 | For more information about TBA screening dates, locations and tickets visit aurorassunrise.com |\u00a0auroras.sunrise\u00a0(INST\/FB) |\u00a0auroras_sunrise\u00a0(TW) | #AURORASSUNRISE. Back to top.<\/p>\n<p>\u201c<em>Kutup I\u015f\u0131klar<\/em>\u201d\u0131 (Auroras Sunrise) filmimin Y\u00f6netmeni <strong>Inna Sahakyan,<\/strong> yazarlar Peter Liakhov, Kerstin Meyer- Beetz, Inna Sahakyan. \u00a0<strong>Mardiganyan,<\/strong> 1901 y\u0131l\u0131nda Osmanl\u0131 \u0130mparatorlu\u011fu&#8217;nun\u00a0 bir k\u00f6y\u00fcnde do\u011fdu. Oslo\u2019dan bir tekneye binerek\u00a0 New York City&#8217;ye gider. Amerika\u2019da <em>&#8220;Ruhlar\u0131n M\u00fczayedesi&#8221;<\/em> filminin tasla\u011f\u0131n\u0131 olu\u015fturmak i\u00e7in kullan\u0131lacak <em>\u201cRavished Armenia\u201d<\/em> adl\u0131 bir kitap yazar. Inna Sahakyan&#8217;\u0131n\u00a0 y\u00f6netti\u011fi \u201c<strong><em>Aurora&#8217;n\u0131n <\/em><\/strong>(kutup \u0131\u015f\u0131klar\u0131)<strong><em> G\u00fcndo\u011fumu<\/em><\/strong><em>\u201d(sunrise)<\/em>\u00a0 filmi 2022 y\u0131l\u0131nda uluslararas\u0131 ortak yap\u0131m olarak animasyonlu, belgesel, T\u00fcrkleri a\u015fa\u011f\u0131layan bir film olarak vizyona girer.<\/p>\n<p>Filmde <strong>Mardiganian<\/strong>, ar\u015fiv r\u00f6portajlar\u0131nda ve resimsel canland\u0131rmal\u0131 yeniden kurgulamalarda, s\u00f6zde Ermeni soyk\u0131r\u0131m\u0131 s\u0131ras\u0131ndaki deneyimlerini ve nas\u0131l ABD&#8217;ye ka\u00e7\u0131p sessiz film y\u0131ld\u0131z\u0131 oldu\u011funu anlat\u0131r.<\/p>\n<p>Filmin yap\u0131m\u0131na 2019 y\u0131l\u0131nda ba\u015flanm\u0131\u015f ancak s\u00fcre\u00e7, \u00f6nce Kovid-19 salg\u0131n\u0131 ve ard\u0131ndan 2020&#8217;de Azerbaycan ile Ermenistan aras\u0131nda ya\u015fanan \u00e7at\u0131\u015fma nedeniyle sekteye u\u011fram\u0131\u015ft\u0131r.\u00a0 Yap\u0131m\u00a0 s\u00fcrecinde <strong>Litvanyal\u0131lar <\/strong>ve<strong> Almanlar<\/strong>\u00a0 b\u00fcy\u00fck \u00a0katk\u0131da bulunmu\u015flard\u0131r. Film; Ermenistan&#8217;dan Bars Media, Litvanya&#8217;dan Broom Films ve Almanya&#8217;dan Gebrueder Beetz Filmproduktion&#8217;un ortak yap\u0131m\u0131d\u0131r. (\u00a0<em>The Best of European Cinema<\/em>. Retrieved\u00a02023-02-01.)<\/p>\n<p>Inna Sahakyan&#8217;\u0131n belgesel-animasyon filmi\u00a0 Cenevre Uluslararas\u0131 Film Festivali ve \u0130nsan Haklar\u0131 Forumu&#8217;nda (FIFDH) 2023 y\u0131l\u0131nda b\u00fcy\u00fck \u00f6d\u00fcl kazanm\u0131\u015ft\u0131r.\u00a0 Y\u00f6netmen, bunun sinema ve insan haklar\u0131na adanan festivalde \u00f6zel bir \u00f6d\u00fcl oldu\u011funu\u00a0 a\u00e7\u0131klam\u0131\u015ft\u0131r.<br \/>\nSahakyan, <em>&#8220;Aurora, ac\u0131s\u0131n\u0131 ekranda hafifleterek i\u00e7indeki insanl\u0131\u011f\u0131 canl\u0131 tutmak i\u00e7in sava\u015ft\u0131 ve bu, onun misyonunun devam etti\u011fi ve asla unutulmayaca\u011f\u0131 anlam\u0131na geliyor. Ac\u0131s\u0131n\u0131 ekranda yeniden ya\u015fayan Aurora, insan haklar\u0131 i\u00e7in m\u00fccadele etti. Bu \u00f6d\u00fcl, misyonunun devam etti\u011fini kan\u0131tl\u0131yor.&#8221;<\/em>\u00a0 demi\u015ftir.<\/p>\n<p>Bir Hollywood sessiz filminde kendini canland\u0131ran gen\u00e7 k\u0131z, d\u00fcnyaya Ermeni \u00a0tehcirini anlatmak amac\u0131yla soyk\u0131r\u0131m\u0131n deh\u015fetini ya\u015f\u0131yor. Yar\u0131 belgesel \u00a0film, <strong>Zoryan Enstit\u00fcs\u00fc<\/strong>&#8216;n\u00fcn bilimsel deste\u011fi ve Enstit\u00fc\u2019n\u00fcn s\u00f6zde Ermeni soyk\u0131r\u0131m\u0131na ili\u015fkin s\u00f6zl\u00fc tarih ar\u015fivine dayan\u0131larak \u00e7ekilmi\u015ftir.<br \/>\nFilm, \u00a0ortak bir <strong>Ermeni-Alman-Litvanya<\/strong> film projesidir. Prod\u00fcksiyon \u015firketleri, Bars Media, Gebrueder Beetz Filmproduktion, Artbox Laisvalaikio Klubas\u2019t\u0131r. Filmin y\u00f6netmen ve senaristi <strong>Inna Sahakyan, <\/strong>yap\u0131mc\u0131lar\u0131, \u00a0Vardan Hovhannisyan, Christian Bitz, Juste Mihailinait\u2019tir.<\/p>\n<p>14 \u00a0ya\u015f\u0131ndaki bir k\u0131z olan\u00a0 <strong>\u00a0Mardiganian<\/strong>, ar\u015fiv r\u00f6portajlar\u0131nda ve resimsel canland\u0131rmal\u0131 yeniden kurgulamalarda, s\u00f6zde \u00a0Ermeni soyk\u0131r\u0131m\u0131 s\u0131ras\u0131ndaki deneyimlerini ve nas\u0131l ABD&#8217;ye ka\u00e7\u0131p sessiz film y\u0131ld\u0131z\u0131 oldu\u011funu anlat\u0131yor.\u00a0 Aurora&#8217;n\u0131n sinema salonlar\u0131na d\u00f6n\u00fc\u015f yolculu\u011fu\u00a0 devam ediyor. \u00a0ABD\u2019de bu geli\u015fmeler olurken, \u00a0Turkish Forum yazar\u0131 say\u0131n <strong>Ferruh Demirmen<\/strong>\u00a0\u00a0 bu \u00a0geli\u015fmelere <a href=\"https:\/\/www.turkishnews.com\/tr\/content\/2023\/11\/23\/kin-ve-nefret-iceren-yeni-ermeni-filmi\">dikkat \u00e7ekiyor:<\/a> <em>\u201cCumhuriyet\u2019in 100. ya\u015f\u0131n\u0131 kutlad\u0131\u011f\u0131m\u0131z 29 Ekim 2023\u2019den bir hafta \u00f6nce, <strong>23 Ekim 2023<\/strong>\u2019de, T\u00fcrkiye ve T\u00fcrkler aleyhine kin ve nefret i\u00e7eren yeni bir film ABD\u2019de g\u00f6sterime girdi. Film ABD, Massachusetts eyaletinde yerle\u015fik <strong>Zoryan Enstit\u00fcs\u00fc<\/strong>\u2019n\u00fcn \u201cakademik\u201d katk\u0131s\u0131yla PBS (Public Broadcasting Service) adl\u0131 pop\u00fcler TV kanal\u0131nda yay\u0131nland\u0131.\u00a0 Asl\u0131nda filmin d\u00fcnya galas\u0131 Haziran 2022\u2019de Fransa\u2019da yap\u0131lm\u0131\u015ft\u0131. 1 saat 23 dakika uzunlu\u011fundaki <strong>Auroro\u2019s Sunrise <\/strong>adl\u0131 film bir animasyon (canlad\u0131rma) \u00fcr\u00fcn\u00fc olup, iddiaya g\u00f6re Anadolu\u2019da \u00c7emizgezek\u2019de (Tunceli iline ba\u011fl\u0131) <strong>do\u011fan Aurora Mardiganian<\/strong> adl\u0131 bir Ermeni k\u0131z\u0131n Ermeni soyk\u0131r\u0131m\u0131ndan nas\u0131l kurtuldu\u011funu\u00a0 g\u00f6steriyor. \u015e\u00fcphe yok ki PBS, filmi Ermeni lobisinin bask\u0131s\u0131 sonucu g\u00f6sterime soktu. PBS, POV (Point of View) program\u0131 kapsam\u0131nda izleyicileri g\u00f6r\u00fc\u015flerini bildirmeye davet etti.\u201d<\/em><\/p>\n<p>Bu konuda Turkish Forum\u2019dan Say\u0131n Taner Ertun\u00e7\u2019un tespiti \u00e7ok \u00f6nemli:\u00a0 <em>\u201cT\u00fcrkiye&#8217;den kimsenin konuya ilgi g\u00f6stermemesi ise yeni bir d\u00fcnya<\/em><em> kurulurken, hakk\u0131m\u0131zda nas\u0131l negatif bir imaj yarat\u0131lmaya \u00e7al\u0131\u015f\u0131ld\u0131\u011f\u0131n\u0131, bilgiden yoksun b\u0131rak\u0131larak nas\u0131l inan\u00e7 eksenli izole bir toplum b\u0131rak\u0131lmaya \u00e7al\u0131\u015f\u0131ld\u0131\u011f\u0131m\u0131z\u0131n g\u00f6stergesi.\u201d\u00a0<\/em><\/p>\n<p>Filmin d\u00fcnya galas\u0131 Haziran 2022\u2019de Fransa\u2019da yap\u0131lm\u0131\u015ft\u0131. 1 saat 23 dakika uzunlu\u011fundaki \u201c<strong><em>Auroro\u2019s Sunrise<\/em><\/strong><em>\u201d<\/em> adl\u0131 film bir animasyon \u00fcr\u00fcn\u00fcd\u00fcr. PBS, filmi Ermeni lobisinin bask\u0131s\u0131 sonucu g\u00f6sterime sokarak, PBS, POV (Point of View) program\u0131 kapsam\u0131nda izleyicileri g\u00f6r\u00fc\u015flerini bildirmeye davet etmi\u015ftir. Film, <em>\u201ctarihi belgesel\u201d<\/em> olarak \u00a0sunulmakta, Mardiganian ve Ermenilerin H\u0131ristiyan oldu\u011fu \u00a0a\u00e7\u0131klanarak dinsel bir vurgu \u00a0da yap\u0131lmaktad\u0131r.<\/p>\n<p>Say\u0131n Ferruh Demirmen bu geli\u015fmelere \u00a0hakl\u0131 olarak tepki g\u00f6stermektedir:\u00a0 <em>\u201c<\/em><em>Aurora Mardiganian adl\u0131 Ermeni k\u0131z\u0131n (14 ya\u015f\u0131nda iken 1916 y\u0131l\u0131nda \u00a0ABD\u2019ye g\u00f6\u00e7 etmi\u015fti) ilk s\u00f6zde an\u0131lar\u0131 1917\u2019de \u201cRavished Armenian\u201d adl\u0131 kitapta yay\u0131nland\u0131. Bu kitaba istinaden 1918\u2019de sessiz \u201c<strong>Auction of Souls\u201d<\/strong> adl\u0131 Hollywood filmi sinemalar\u0131nda g\u00f6sterime girdi. Yeni d\u00fczenlenen\u00a0 \u201c<strong>Auroro\u2019s Sunrise\u201d<\/strong> filmi\u00a0 eski an\u0131lar\u0131 yeniden g\u00fcndeme getiriyor. T\u00fcrkiye ve T\u00fcrklere kar\u015f\u0131 kin ve nefret duygular\u0131n\u0131 kam\u00e7\u0131layan film, eski filme k\u0131yasla daha a\u015fa\u011f\u0131lay\u0131c\u0131 ve nefret kusucu. Orijinal filme dayanak olan <strong>Ravished Armenian<\/strong> kitab\u0131na g\u00f6z att\u0131m. Kitapta T\u00fcrklere kar\u015f\u0131 olan iddialar nispeten \u00f6l\u00e7\u00fcl\u00fc ama \u00e7arm\u0131ha gerilen k\u0131zlardan s\u00f6z ediliyor; ancak Atat\u00fcrk\u2019\u00fcn ad\u0131 kitapta yok. Irza ge\u00e7mekten s\u00f6z edilmiyor. Irza ge\u00e7mek su\u00e7lamas\u0131 ilk kez Mardiganian\u2019\u0131n \u00f6l\u00fcm\u00fcnden \u00f6nce yapt\u0131\u011f\u0131 bir s\u00f6yle\u015fiye dayanarak 1997\u2019de yay\u0131nlanan \u201c<strong>Ravished Armenian<\/strong>\u201d\u0131n yeni bask\u0131s\u0131nda g\u00fcndeme geldi ve daha sonra yeni filme entegre edildi, Atat\u00fcrk\u2019e a\u00e7\u0131k\u00e7a \u00e7irkin iftiralar y\u00f6nlendiriliyor. <\/em><em>Bildi\u011fim kadar benden \u00f6nce T\u00fcrk taraf\u0131ndan 3 ki\u015fiden (<strong>Ergun K\u0131rl\u0131koval\u0131, Enis P\u0131nar<\/strong> ve ad\u0131n\u0131 hat\u0131rlamad\u0131\u011f\u0131m bir ki\u015fi) POV kapsam\u0131nda filme tepki geldi, ve PBS onlara k\u0131sa da olsa, kal\u0131p bir yan\u0131t verdi. Benim tepki olarak g\u00f6nderdi\u011fim metin a\u015fa\u011f\u0131da, ve PDF dosyas\u0131 olarak 1. ekte. PBS<\/em> <em>mesaj\u0131m\u0131 ald\u0131\u011f\u0131n\u0131 otomotik bir e-posta ile do\u011frulad\u0131, ancak bana hen\u00fcz bir yan\u0131t gelmedi.\u201d<\/em><\/p>\n<p><strong>14 \u00a0ya\u015f\u0131ndaki bir k\u0131z olan\u00a0 \u00a0Mardiganian, ar\u015fiv r\u00f6portajlar\u0131nda ve resimsel canland\u0131rmal\u0131 yeniden kurgulamalarda, s\u00f6zde \u00a0Ermeni soyk\u0131r\u0131m\u0131 s\u0131ras\u0131ndaki deneyimlerini ve nas\u0131l ABD&#8217;ye ka\u00e7\u0131p sessiz film y\u0131ld\u0131z\u0131 oldu\u011funu anlat\u0131yor.\u00a0 \u00f6rev Berlin. <\/strong>Filmin yap\u0131mc\u0131s\u0131 ve y\u00f6netmeni\u00a0 Hrayr (Peter) Toukhanian&#8217;d\u0131r. Film Talat Pa\u015fa&#8217;n\u0131n Berlin&#8217;de suikasta u\u011fray\u0131\u015f\u0131n\u0131 Ermeni bak\u0131\u015f a\u00e7\u0131s\u0131yla veriyor. <em>Anne<\/em> <strong>(Mayrig),<\/strong> Henri Verneuil yap\u0131m\u0131 olup, filmde ba\u015frolleri <strong>\u00d6mer \u015eerif<\/strong> (Hagop) ile Claduia Cardinale (Araxi \u2013 Mayrig) payla\u015fm\u0131\u015flar.<\/p>\n<p><strong>\u00a0<\/strong>(<em><strong>The Yearning, Karot<\/strong><\/em>) 1990 Ermenistan yap\u0131m\u0131d\u0131r.\u00a0 Bat\u0131&#8217;daki Ermeni diaspora derneklerince tan\u0131t\u0131m\u0131 ve da\u011f\u0131t\u0131m\u0131\u00a0 yap\u0131lmaktad\u0131r.<\/p>\n<p><strong><em>\u00a0<\/em><\/strong><strong>(<\/strong><em><strong>The Armenian Genocide, Annihilation of the Armenian Population of the Ottoman Empire 1915)<\/strong><\/em> <strong><em>Ermeni Soyk\u0131r\u0131m\u0131, Osmanl\u0131 \u0130mparatorlu\u011fu Ermeni N\u00fcfusunun Yok Edili\u015fi 1915.<\/em><\/strong>1991 Atlantis Productions, Inc. yap\u0131m\u0131\u00a0 olup, 25 dakikal\u0131k bir belgeseldir.<\/p>\n<p><em><strong>(Forty Days of Musa Dagh)<\/strong><\/em><strong> <em>Musa Da\u011f\u0131&#8217;nda K\u0131rk G\u00fcn<\/em><\/strong>. Independent Production taraf\u0131ndan yap\u0131m\u0131 ger\u00e7ekle\u015ftirilen\u00a0 film Ermeni iddialar\u0131n\u0131 dile getiren en \u00f6nemli filmlerden biridir. Filmin tan\u0131t\u0131m\u0131nda Ermenilerin T\u00fcrkler taraf\u0131ndan soyk\u0131r\u0131ma u\u011frat\u0131ld\u0131klar\u0131 anlat\u0131lmaktad\u0131r.<\/p>\n<p><strong>(<em>An Armenian Journey<\/em>) <em>Bir Ermeni Yolculu\u011fu.<\/em>\u00a0<\/strong>1987&#8217;de g\u00f6sterime giren film, <em>WGBH Boston<\/em>\u00a0yap\u0131m\u0131 olup, filmde Theodore Bogosian, s\u00f6zde soyk\u0131r\u0131m tan\u0131klar\u0131ndan biriyle T\u00fcrkiye&#8217;ye s\u00f6zde \u00a0katliam\u0131n\u00a0 yap\u0131ld\u0131\u011f\u0131 yerleri gezmeye gitmektedir.<\/p>\n<p>(<em><strong>The Armenian Case<\/strong><\/em>) <strong><em>Ermeni Davas\u0131.<\/em>\u00a0<\/strong> J. Michael Hagopian taraf\u0131ndan yaz\u0131l\u0131p yap\u0131m\u0131 ger\u00e7ekle\u015ftirilen \u00a0film, belgesel t\u00fcr\u00fcnde olup, 1975 y\u0131l\u0131nda g\u00f6sterime girmi\u015ftir.<\/p>\n<p><em><strong>(A Wall of Silence, The Unspoken Fate of the Armenians<\/strong><\/em>) <strong><em>Bir Sessizlik Duvar\u0131, Ermenilerin Konu\u015fulmayan Kaderi <\/em><\/strong>1997 yap\u0131m\u0131 olup y\u00f6netmeni Dorothee Forma\u2019d\u0131r. 54 dakikal\u0131k\u00a0 belgesel, 20\u2019nci y\u00fczy\u0131l\u0131n ilk soyk\u0131r\u0131m\u0131n\u0131n Ermenilere yap\u0131ld\u0131\u011f\u0131 iddias\u0131nda bulunuyor.<\/p>\n<p><strong>\u00a0<\/strong><strong>(<em>The Forgotten Genocide)<\/em> <em>Unutulmu\u015f Soyk\u0131r\u0131m<\/em>. <\/strong>\u00a0J. Michael Hagopian filmidir. Film\u00a028 dakikal\u0131k\u00a0 belgesel olmas\u0131na kar\u015f\u0131l\u0131k sa\u011flad\u0131\u011f\u0131 pop\u00fclarite bir\u00e7ok uzun metrajl\u0131 filmden daha fazla olmu\u015ftur.<\/p>\n<p><strong>\u00a0<\/strong><strong>(<em>From Bitlis to Fresno: 100 Years of an Armenian Family in California, the Karabians of Fresno<\/em>) <em>Bitlis&#8217;ten Fresno&#8217;ya: Fresno&#8217;lu Karabianlar, California&#8217;da Bir Ermeni Ailenin 100 Y\u0131l\u0131.<\/em>\u00a0<\/strong>56 dakikal\u0131k belgesel filmdir.<\/p>\n<p><em>\u00a0<\/em><em>(<strong>Everyone&#8217;s Not Here: Families of the Armenian Genocide<\/strong><\/em>)\u00a0 <strong><em>Herkes Burada De\u011fil: Ermeni Soyk\u0131r\u0131m\u0131 Aileleri.\u00a0<\/em><\/strong>Amerika Ermeni Asamblesi (<em>The Armenian Assembly of America<\/em>) taraf\u0131ndan haz\u0131rlanan\u00a0 belgesel olup, daha \u00e7ok e\u011fitim kurumlar\u0131n\u0131 hedeflemektedir.<\/p>\n<p><strong>(<em>The Hidden Holocaust: The First Genocide of the 20th Century<\/em><\/strong>) <strong>\u00a0<em>Gizli Holokost: 20. Y\u00fczy\u0131l\u0131n \u0130lk Soyk\u0131r\u0131m\u0131.<\/em>\u00a0<\/strong> \u00a0A &amp; E Home Video\u00a0 \u015firketi taraf\u0131ndan yap\u0131lm\u0131\u015f olan belgesel 45 dakikad\u0131r.<\/p>\n<p><em>(<strong>Cilicia&#8230; Rebirth<\/strong>)<\/em> <em>Klikya&#8230; Yeniden Do\u011fu\u015f<\/em><strong>. <\/strong>27 dakikal\u0131k belgesel video kaset olarak sunuluyor. Ermeni Film Vakf\u0131&#8217;nca finanse edilen filmin senaryo yazar\u0131 ve yap\u0131mc\u0131s\u0131 J. Michael Hagopian&#8217;d\u0131r.<\/p>\n<p><strong>(<em>Historical Armenia<\/em><\/strong>) <strong><em>Tarihi Ermenistan.<\/em>\u00a0<\/strong> Belgesel niteli\u011findeki 53 dakikal\u0131k film, J. Michael Hagopian taraf\u0131ndan yaz\u0131lm\u0131\u015f ve g\u00f6r\u00fcnt\u00fclenmi\u015ftir<\/p>\n<p><strong><em>(Komitas)<\/em>\u00a0<em>Gomitas<\/em>.<\/strong>1988 Bat\u0131 Almanya yap\u0131m\u0131 ve 96 dakikal\u0131k\u00a0 filmdir. Uluslararas\u0131 alanda en \u00e7ok ses getiren Ermeni filmlerindendir. Filmin y\u00f6netmeni bir Sovyet Ermenisi olan ve\u00a0 Berlin merkezli olarak \u00e7al\u0131\u015fmalar\u0131n\u0131 y\u00fcr\u00fcten Don Askarian&#8217;d\u0131r.<\/p>\n<p><strong><em>(Avetik<\/em><\/strong><em>)<\/em> bir di\u011fer Don Askarian filmidir. 1992 Ermenistan\u00a0 Almanya ortak yap\u0131m\u0131d\u0131r. Film Ermenice,\u00a0 \u0130ngilizce alt yaz\u0131l\u0131 olup, 84 dakikad\u0131r.<\/p>\n<p><strong>(<em>Nagorny Karabag The Third and Fourth Volume of the Armenian History<\/em>) <em>Da\u011fl\u0131k Karaba\u011f: Ermeni Tarihinin \u00dc\u00e7\u00fcnc\u00fc ve D\u00f6rd\u00fcnc\u00fc Cildi.<\/em> <\/strong>Film 1988\u00a0 Almanya yap\u0131m\u0131d\u0131r, 60 dakikad\u0131r. Don Askarian&#8217;\u0131n y\u00f6netmenli\u011fini yapt\u0131\u011f\u0131\u00a0 belgeselin yap\u0131mc\u0131l\u0131\u011f\u0131n\u0131 \u00fcstlenenler Askarian ile Margarita Woskanian\u2019d\u0131r.<\/p>\n<p>(<em><strong>On the Old Roman Road<\/strong><\/em><strong>) <em>Eski Roma Yolunda<\/em>.\u00a0<\/strong>Don Askarian&#8217;\u0131n bir ba\u015fka s\u00fcrg\u00fcn \u00a0filmidir. 76 dakika olup, 2001 yap\u0131m\u0131d\u0131r. Askarian&#8217;\u0131n son projelerindendir. Filmde Rotterdam&#8217;da\u00a0 ya\u015fayan\u00a0 Ermeni yazar Levon&#8217;un ge\u00e7mi\u015f ile g\u00fcncel ya\u015fant\u0131s\u0131 aras\u0131ndaki gidip gelmeler konu edilmektedir.<\/p>\n<p><strong>\u00a0<\/strong><strong>(<em>Dark Forest in the Mountains<\/em>) <em>Da\u011flardaki Karanl\u0131k Orman.<\/em>\u00a0<\/strong>Karaba\u011f katliam\u0131, \u00a0Ermenilerin kendilerini aklayabilecekleri en son \u00a0eylemdir. Uluslararas\u0131 hukuk kurallar\u0131n\u0131 a\u00e7\u0131k\u00e7a ihlal ederek bir devletin topraklar\u0131n\u0131n be\u015fte birini i\u015fgal eden ve bir milyon ki\u015fiyi m\u00fclteci durumuna sokan Ermeni sald\u0131rganl\u0131\u011f\u0131n\u0131 savunabilmek \u00a0m\u00fcmk\u00fcn de\u011fildir.<\/p>\n<p><em>\u00a0<\/em><strong>(<em>Mandate for Armenia)<\/em> <em>Ermenistan \u0130\u00e7in Manda Y\u00f6netimi<\/em>.\u00a0<\/strong> 25 dakikal\u0131k\u00a0 belgeselde, \u00e7ok gizli baz\u0131 Amerikan belgelerinin ortaya \u00e7\u0131kar\u0131larak tarihe \u0131\u015f\u0131k tutuldu\u011fu iddia edilmektedir. D\u00f6nemin ABD Ba\u015fkan\u0131 Woodrow Wilson&#8217;\u0131n General James G. Harbord&#8217;u ara\u015ft\u0131rma yapmas\u0131 i\u00e7in Anadolu&#8217;ya g\u00f6nderdi\u011fini iddia eden belgeselde Ermeni iddialar\u0131 tekrarlanmaktad\u0131r.<\/p>\n<p><strong>\u00a0<\/strong><strong>(<em>Where Are My People?<\/em>)<\/strong> <strong><em>Halk\u0131m Nerede?<\/em>\u00a0<\/strong> Michael Hagopian yap\u0131m\u0131 28 dakikal\u0131k belgeseldir. Birinci D\u00fcnya Sava\u015f\u0131 ve sonras\u0131 d\u00f6nem, Ermeniler a\u00e7\u0131s\u0131ndan de\u011ferlendiriliyor.<\/p>\n<p><strong>\u00a0<\/strong><strong>(<em>The Armenian Americans)<\/em> <em>Amerikal\u0131 Ermeniler<\/em>.<\/strong> ABD ve Kanada Ermenileri aras\u0131nda g\u00f6zlemlenen en \u00e7arp\u0131c\u0131 \u00f6zellik birbirlerine olan ba\u011fl\u0131l\u0131klar\u0131d\u0131r. Film 2000 y\u0131l\u0131 yap\u0131m\u0131d\u0131r. Yap\u0131mc\u0131s\u0131 ve y\u00f6netmeni\u00a0 Andrew Goldberg\u2019dir. Tan\u0131t\u0131m\u0131 yap\u0131lan isimler aras\u0131nda tenis\u00e7i Andre Agassi, yazar Peter Balakian, akt\u00f6r Mike Connors, akt\u00f6r \/ yazar Eric Bogossian, aktrist \/ yazar Andrea Martin, NCAA basketbol ko\u00e7u Jerry Tarkanian\u00a0 vard\u0131r.\u00a0 Ayr\u0131ca, bir\u00e7ok tan\u0131nm\u0131\u015f\u00a0 ki\u015fi de\u00a0 video kasette yer \u00a0alm\u0131\u015ft\u0131r.<\/p>\n<p><strong>\u00a0<\/strong><strong>(<em>California Armenians: The First Generation<\/em><\/strong><em>)<\/em><strong> <em>Kaliforniya Ermenileri: \u0130lk Ku\u015fak. <\/em><\/strong><strong>\u00a0<\/strong>Michael Hagopian yap\u0131m\u0131\u00a0\u00a0 30 dakikal\u0131k\u00a0 belgeseldir. Kaliforniya Ermenileri&#8217;nin\u00a0 Osmanl\u0131 \u0130mparatorlu\u011fu&#8217;ndan (<strong>filmde \u0131srarla T\u00fcrkiye olarak belirtiliyor<\/strong>) bu b\u00f6lgeye nas\u0131l geldikleri ve ne gibi zorluklarla kar\u015f\u0131la\u015ft\u0131klar\u0131 anlat\u0131l\u0131yor.<\/p>\n<p><strong>\u00a0<\/strong><strong>(<em>Ararat Beckons<\/em><\/strong><em>)<\/em><strong> <em>A\u011fr\u0131 Da\u011f\u0131 \u0130\u015fareti<\/em>.<\/strong> A\u011fr\u0131 Da\u011f\u0131&#8217;n\u0131 ve Ermeniler i\u00e7in \u00f6nemini anlatan 49 dakikal\u0131k belgesel olup, Ermeni iddialar\u0131 ile sanat\u0131n birle\u015fti\u011fi bir \u00a0filmdir.<\/p>\n<p><strong>\u00a0<\/strong><strong>(<em>Back to Ararat<\/em>) <em>A\u011fr\u0131 Da\u011f\u0131&#8217;na D\u00f6n\u00fc\u015f.<\/em>\u00a0<\/strong>S\u00f6zde\u00a0 Ermeni soyk\u0131r\u0131m iddias\u0131n\u0131 ele al\u0131yor.\u00a0 Yap\u0131mc\u0131 firma filmin tan\u0131t\u0131m\u0131n\u0131 <em>\u201cbu olay\u0131 ele alan ilk film\u201d<\/em> c\u00fcmlesiyle yap\u0131yor. Yap\u0131m y\u0131l\u0131 1988. Y\u00f6netmeni\u00a0 \u0130sve\u00e7li yap\u0131mc\u0131 Pea Holmquist.<\/p>\n<p><strong>\u00a0<\/strong><em>(<strong>Legacy<\/strong><\/em><strong>)<\/strong> <em>Efsane<\/em>. Yap\u0131m, senaryo ve y\u00f6netim Hagopian&#8217;a aittir. T\u00fcrkleri k\u00f6t\u00fcleyecek ne varsa\u00a0 23 dakikal\u0131k belgeselde\u00a0 hepsi \u00a0bulunmaktad\u0131r. \u0130zmir&#8217;i T\u00fcrklerin yakt\u0131\u011f\u0131 iddialar\u0131ndan bir\u00e7ok Ermeni\u2019nin Suriye \u00e7\u00f6llerinde T\u00fcrkler taraf\u0131ndan \u00f6ld\u00fcr\u00fcld\u00fc\u011f\u00fc arg\u00fcman\u0131na kadar.<\/p>\n<p><strong><em>(This is Armenia)<\/em><\/strong> <em>Buras\u0131 Ermenistan<\/em><strong>.<\/strong>1998 yap\u0131m\u0131, 60 dakika. \u0130ngilizce, Y\u00f6netmen Arsen Aslanian, yap\u0131m MGN\/Paradise.<br \/>\n(<em><strong>Voices from the Lake: A Film About the Secret Genocide<\/strong><\/em>): <strong><em>G\u00f6lden Gelen Sesler: Gizli Bir Soyk\u0131r\u0131m Hakk\u0131nda Bir Film.<\/em>\u00a0<\/strong> 2000 y\u0131l\u0131nda tamamlanan film son d\u00f6nemde en \u00e7ok ses getiren Ermeni filmleri aras\u0131ndad\u0131r.<\/p>\n<p><em>\u00a0D<\/em>etroit&#8217;li\u00a0 bir Ermeni olan Hrayr (Peter) Toukhanian&#8217;d\u0131r. Film Talat Pa\u015fa&#8217;n\u0131n Berlin&#8217;de suikasta u\u011fray\u0131\u015f\u0131n\u0131\u00a0 Ermeni bak\u0131\u015f a\u00e7\u0131s\u0131yla vermektedir. Uzun metrajl\u0131 ilk filmdir. Filmin\u00a0 tan\u0131t\u0131mlar\u0131nda Talat Pa\u015fa&#8217;dan \u201c<em>Ermeni soyk\u0131r\u0131m\u0131n\u0131n mimar\u0131\u201d<\/em> olarak\u00a0 s\u00f6z edilmektedir. Tan\u0131t\u0131mlarda en \u00e7ok kullan\u0131lan ibarelerden biri de <em>\u201cger\u00e7ek bir tarih olay\u0131\u201d<\/em> (<em>an actual history event<\/em>) ifadesidir. 1,5 milyon Ermeni\u2019nin \u00f6ld\u00fcr\u00fcld\u00fc\u011f\u00fc iddialar\u0131 filmde\u00a0 yer almaktad\u0131r.<\/p>\n<p><em>\u00a0<\/em><strong><em>(Aurora&#8217;n\u0131n Sunrise<\/em><\/strong><em>)<\/em> Aurora Mardiganian \u00a0r\u00f6portajlar\u0131nda,\u00a0 s\u00f6zde Ermeni soyk\u0131r\u0131m\u0131 s\u0131ras\u0131ndaki deneyimlerini ve nas\u0131l ABD&#8217;ye ka\u00e7\u0131p sessiz film y\u0131ld\u0131z\u0131 oldu\u011funu anlat\u0131yor.<\/p>\n<p><em>\u00a0<\/em><strong>Ermeni filmleri genelde diaspora kaynakl\u0131d\u0131r<\/strong>.\u00a0 Diasporada Ermenice \u00e7ekilmi\u015f filmlerin say\u0131s\u0131\u00a0 \u00e7oktur.\u00a0 Bu filmlerden di\u011fer dillere \u00e7evrilmesinde yarar g\u00f6r\u00fclenler ba\u015fta \u0130ngilizce ve Frans\u0131zca olmak \u00fczere di\u011fer dillere \u00e7evrilmektedir. Ermenice filmlerin tamam\u0131 bir di\u011fer dilde (\u0130ngilizce, Rus\u00e7a, Almanca veya Frans\u0131zca) alt yaz\u0131l\u0131 olarak sunulmaktad\u0131r. Ermeni lobi gruplar\u0131, ger\u00e7ekle\u015ftirdikleri faaliyetleri video, CD, DVD gibi elektronik kay\u0131t sistemleriyle \u00e7o\u011faltarak d\u00fcnya kamuoyu ile payla\u015fmaktad\u0131rlar. T\u00fcrkiye Cumhuriyeti ve diasporas\u0131 yeterince bir etkinlik maalesef g\u00f6stermemektedir.<\/p>\n<p>ABD\u2019de her 24 Nisan \u00f6ncesinde belli gazetelere ilan vermekle Ermeni diasporas\u0131n\u0131n etkinli\u011fini k\u0131rmak m\u00fcmk\u00fcn de\u011fildir. B\u00fcy\u00fck bir ihtimalle <strong>24 Nisan 2024<\/strong> tarihinde ABD Ba\u015fkan\u0131 yine s\u00f6zde Ermeni soyk\u0131r\u0131m\u0131ndan s\u00f6z edecektir.\u00a0 Bu durum bilinmesine ra\u011fmen ABD nezdinde hi\u00e7bir giri\u015fim yap\u0131lmamakt\u0131r. Ba\u015fkan Biden yine Ermeni soyk\u0131r\u0131m\u0131 diyecek, biz ise bu durumu birka\u00e7 etkisiz deme\u00e7 ile ge\u00e7i\u015ftirece\u011fiz. <strong>\u00c7ok yaz\u0131k!<\/strong><\/p>\n<p>&nbsp;<\/p>\n<p>&nbsp;<\/p>\n","protected":false},"excerpt":{"rendered":"<p>S\u00f6zde Ermeni soyk\u0131r\u0131m yalan\u0131n\u0131 konu alan film, Ermeni tehcirinden sa\u011f kurtulan ve Amerika Birle\u015fik Devletleri&#8217;nde oyuncu olan Aurora Mardiganian&#8217;\u0131n hayat\u0131n\u0131 g\u00fcndeme ta\u015f\u0131yor. Filmde, Ermeni tehcirini konu alan 1919 yap\u0131m\u0131 sessiz film \u201cAuction of Souls\u201ddan\u00a0k\u0131sa sahneler de yer al\u0131yor.<\/p>\n","protected":false},"author":3,"featured_media":17710,"comment_status":"open","ping_status":"open","sticky":false,"template":"","format":"standard","meta":{"_links_to":"","_links_to_target":""},"categories":[2],"tags":[],"yoast_head":"<!-- This site is optimized with the Yoast SEO plugin v16.0.2 - https:\/\/yoast.com\/wordpress\/plugins\/seo\/ -->\n<title>Soyk\u0131r\u0131m yalanlar\u0131 filmlerle devam ediyor - M\u0130SAK- Mill\u00ee Strateji Ara\u015ft\u0131rma Kurulu<\/title>\n<meta name=\"description\" content=\"Detroit&#039;li\u00a0 bir Ermeni olan Hrayr (Peter) Toukhanian&#039;d\u0131r. Film Talat Pa\u015fa&#039;n\u0131n Berlin&#039;de suikasta u\u011fray\u0131\u015f\u0131n\u0131\u00a0 Ermeni bak\u0131\u015f a\u00e7\u0131s\u0131yla vermektedir. Uzun metrajl\u0131 ilk filmdir. Filmin\u00a0 tan\u0131t\u0131mlar\u0131nda Talat Pa\u015fa&#039;dan \u201cErmeni soyk\u0131r\u0131m\u0131n\u0131n mimar\u0131\u201d olarak\u00a0 s\u00f6z edilmektedir. Tan\u0131t\u0131mlarda en \u00e7ok kullan\u0131lan ibarelerden biri de \u201cg\" \/>\n<link rel=\"canonical\" href=\"https:\/\/millidusunce.com\/misak\/soykirim-yalanlari-filmlerle-devam-ediyor\/\" \/>\n<meta property=\"og:locale\" content=\"tr_TR\" \/>\n<meta property=\"og:type\" content=\"article\" \/>\n<meta property=\"og:title\" content=\"Soyk\u0131r\u0131m yalanlar\u0131 filmlerle devam ediyor - M\u0130SAK- Mill\u00ee Strateji Ara\u015ft\u0131rma Kurulu\" \/>\n<meta property=\"og:description\" content=\"Detroit&#039;li\u00a0 bir Ermeni olan Hrayr (Peter) Toukhanian&#039;d\u0131r. Film Talat Pa\u015fa&#039;n\u0131n Berlin&#039;de suikasta u\u011fray\u0131\u015f\u0131n\u0131\u00a0 Ermeni bak\u0131\u015f a\u00e7\u0131s\u0131yla vermektedir. Uzun metrajl\u0131 ilk filmdir. Filmin\u00a0 tan\u0131t\u0131mlar\u0131nda Talat Pa\u015fa&#039;dan \u201cErmeni soyk\u0131r\u0131m\u0131n\u0131n mimar\u0131\u201d olarak\u00a0 s\u00f6z edilmektedir. Tan\u0131t\u0131mlarda en \u00e7ok kullan\u0131lan ibarelerden biri de \u201cg\" \/>\n<meta property=\"og:url\" content=\"https:\/\/millidusunce.com\/misak\/soykirim-yalanlari-filmlerle-devam-ediyor\/\" \/>\n<meta property=\"og:site_name\" content=\"M\u0130SAK- Mill\u00ee Strateji Ara\u015ft\u0131rma Kurulu\" \/>\n<meta property=\"article:published_time\" content=\"2023-12-02T00:00:00+00:00\" \/>\n<meta property=\"article:modified_time\" content=\"2023-12-03T18:08:33+00:00\" \/>\n<meta property=\"og:image\" content=\"https:\/\/millidusunce.com\/misak\/wp-content\/uploads\/2023\/12\/CNN-Turk-ve-Turkiyeli.jpg\" \/>\n\t<meta property=\"og:image:width\" content=\"1200\" \/>\n\t<meta property=\"og:image:height\" content=\"800\" \/>\n<meta name=\"twitter:card\" content=\"summary_large_image\" \/>\n<meta name=\"twitter:label1\" content=\"Tahmini okuma s\u00fcresi\">\n\t<meta name=\"twitter:data1\" content=\"10 dakika\">\n<script type=\"application\/ld+json\" class=\"yoast-schema-graph\">{\"@context\":\"https:\/\/schema.org\",\"@graph\":[{\"@type\":\"Organization\",\"@id\":\"https:\/\/millidusunce.com\/misak\/#organization\",\"name\":\"Mill\\u00ee D\\u00fc\\u015f\\u00fcnce Merkezi\",\"url\":\"https:\/\/millidusunce.com\/misak\/\",\"sameAs\":[],\"logo\":{\"@type\":\"ImageObject\",\"@id\":\"https:\/\/millidusunce.com\/misak\/#logo\",\"inLanguage\":\"tr\",\"url\":\"https:\/\/millidusunce.com\/misak\/wp-content\/uploads\/2018\/09\/mdmLogo-yazisiz.jpg\",\"width\":422,\"height\":422,\"caption\":\"Mill\\u00ee D\\u00fc\\u015f\\u00fcnce Merkezi\"},\"image\":{\"@id\":\"https:\/\/millidusunce.com\/misak\/#logo\"}},{\"@type\":\"WebSite\",\"@id\":\"https:\/\/millidusunce.com\/misak\/#website\",\"url\":\"https:\/\/millidusunce.com\/misak\/\",\"name\":\"M\\u0130SAK- Mill\\u00ee Strateji Ara\\u015ft\\u0131rma Kurulu\",\"description\":\"D\\u00fcnyaya T\\u00fcrk\\u00e7\\u00fc Bak\\u0131\\u015f\",\"publisher\":{\"@id\":\"https:\/\/millidusunce.com\/misak\/#organization\"},\"potentialAction\":[{\"@type\":\"SearchAction\",\"target\":\"https:\/\/millidusunce.com\/misak\/?s={search_term_string}\",\"query-input\":\"required name=search_term_string\"}],\"inLanguage\":\"tr\"},{\"@type\":\"ImageObject\",\"@id\":\"https:\/\/millidusunce.com\/misak\/soykirim-yalanlari-filmlerle-devam-ediyor\/#primaryimage\",\"inLanguage\":\"tr\",\"url\":\"https:\/\/millidusunce.com\/misak\/wp-content\/uploads\/2023\/12\/CNN-Turk-ve-Turkiyeli.jpg\",\"width\":1200,\"height\":800},{\"@type\":\"WebPage\",\"@id\":\"https:\/\/millidusunce.com\/misak\/soykirim-yalanlari-filmlerle-devam-ediyor\/#webpage\",\"url\":\"https:\/\/millidusunce.com\/misak\/soykirim-yalanlari-filmlerle-devam-ediyor\/\",\"name\":\"Soyk\\u0131r\\u0131m yalanlar\\u0131 filmlerle devam ediyor - M\\u0130SAK- Mill\\u00ee Strateji Ara\\u015ft\\u0131rma Kurulu\",\"isPartOf\":{\"@id\":\"https:\/\/millidusunce.com\/misak\/#website\"},\"primaryImageOfPage\":{\"@id\":\"https:\/\/millidusunce.com\/misak\/soykirim-yalanlari-filmlerle-devam-ediyor\/#primaryimage\"},\"datePublished\":\"2023-12-02T00:00:00+00:00\",\"dateModified\":\"2023-12-03T18:08:33+00:00\",\"description\":\"Detroit'li\\u00a0 bir Ermeni olan Hrayr (Peter) Toukhanian'd\\u0131r. Film Talat Pa\\u015fa'n\\u0131n Berlin'de suikasta u\\u011fray\\u0131\\u015f\\u0131n\\u0131\\u00a0 Ermeni bak\\u0131\\u015f a\\u00e7\\u0131s\\u0131yla vermektedir. Uzun metrajl\\u0131 ilk filmdir. Filmin\\u00a0 tan\\u0131t\\u0131mlar\\u0131nda Talat Pa\\u015fa'dan \\u201cErmeni soyk\\u0131r\\u0131m\\u0131n\\u0131n mimar\\u0131\\u201d olarak\\u00a0 s\\u00f6z edilmektedir. Tan\\u0131t\\u0131mlarda en \\u00e7ok kullan\\u0131lan ibarelerden biri de \\u201cg\",\"breadcrumb\":{\"@id\":\"https:\/\/millidusunce.com\/misak\/soykirim-yalanlari-filmlerle-devam-ediyor\/#breadcrumb\"},\"inLanguage\":\"tr\",\"potentialAction\":[{\"@type\":\"ReadAction\",\"target\":[\"https:\/\/millidusunce.com\/misak\/soykirim-yalanlari-filmlerle-devam-ediyor\/\"]}]},{\"@type\":\"BreadcrumbList\",\"@id\":\"https:\/\/millidusunce.com\/misak\/soykirim-yalanlari-filmlerle-devam-ediyor\/#breadcrumb\",\"itemListElement\":[{\"@type\":\"ListItem\",\"position\":1,\"item\":{\"@type\":\"WebPage\",\"@id\":\"https:\/\/millidusunce.com\/misak\/\",\"url\":\"https:\/\/millidusunce.com\/misak\/\",\"name\":\"Anasayfa\"}},{\"@type\":\"ListItem\",\"position\":2,\"item\":{\"@type\":\"WebPage\",\"@id\":\"https:\/\/millidusunce.com\/misak\/soykirim-yalanlari-filmlerle-devam-ediyor\/\",\"url\":\"https:\/\/millidusunce.com\/misak\/soykirim-yalanlari-filmlerle-devam-ediyor\/\",\"name\":\"Soyk\\u0131r\\u0131m yalanlar\\u0131 filmlerle devam ediyor\"}}]},{\"@type\":\"Article\",\"@id\":\"https:\/\/millidusunce.com\/misak\/soykirim-yalanlari-filmlerle-devam-ediyor\/#article\",\"isPartOf\":{\"@id\":\"https:\/\/millidusunce.com\/misak\/soykirim-yalanlari-filmlerle-devam-ediyor\/#webpage\"},\"author\":{\"@id\":\"https:\/\/millidusunce.com\/misak\/#\/schema\/person\/dceabd91d5707fd0a1f581be62144940\"},\"headline\":\"Soyk\\u0131r\\u0131m yalanlar\\u0131 filmlerle devam ediyor\",\"datePublished\":\"2023-12-02T00:00:00+00:00\",\"dateModified\":\"2023-12-03T18:08:33+00:00\",\"mainEntityOfPage\":{\"@id\":\"https:\/\/millidusunce.com\/misak\/soykirim-yalanlari-filmlerle-devam-ediyor\/#webpage\"},\"commentCount\":0,\"publisher\":{\"@id\":\"https:\/\/millidusunce.com\/misak\/#organization\"},\"image\":{\"@id\":\"https:\/\/millidusunce.com\/misak\/soykirim-yalanlari-filmlerle-devam-ediyor\/#primaryimage\"},\"inLanguage\":\"tr\",\"potentialAction\":[{\"@type\":\"CommentAction\",\"name\":\"Comment\",\"target\":[\"https:\/\/millidusunce.com\/misak\/soykirim-yalanlari-filmlerle-devam-ediyor\/#respond\"]}]},{\"@type\":\"Person\",\"@id\":\"https:\/\/millidusunce.com\/misak\/#\/schema\/person\/dceabd91d5707fd0a1f581be62144940\",\"name\":\"Sad\\u0131k R\\u0131dvan Karluk\",\"image\":{\"@type\":\"ImageObject\",\"@id\":\"https:\/\/millidusunce.com\/misak\/#personlogo\",\"inLanguage\":\"tr\",\"url\":\"https:\/\/secure.gravatar.com\/avatar\/0ac86ba3095525619627cdd0589c5b8c?s=96&d=mm&r=g\",\"caption\":\"Sad\\u0131k R\\u0131dvan Karluk\"},\"description\":\"Prof. Dr. S. R\\u0131dvan Karluk, 1970\\u2019de Ankara \\u00dcniversitesi Siyasal Bilgiler Fak\\u00fcltesi\\u2019ni bitirdi. 1975\\u2019te doktor, 1979\\u2019da do\\u00e7ent oldu. 1975 \\u2013 1976\\u2019da Sussex \\u00dcniversitesi\\u2019nde doktora \\u00fcst\\u00fc ara\\u015ft\\u0131rma yapt\\u0131. 1982 y\\u0131l\\u0131nda Devlet Planlama Te\\u015fkilat\\u0131 AET Dairesini (Genel M\\u00fcd\\u00fcrl\\u00fck) kurdu. 1985-1990 y\\u0131llar\\u0131nda Paris\\u2019te, OECD T\\u00fcrkiye B\\u00fcy\\u00fckel\\u00e7ili\\u011fi\\u2019nde Planlama M\\u00fc\\u015faviri olarak \\u00e7al\\u0131\\u015ft\\u0131. 1990-1992 y\\u0131llar\\u0131nda Ba\\u015fbakanl\\u0131k Ba\\u015fm\\u00fc\\u015favirli\\u011fi\\u2019ne atand\\u0131. 1991 y\\u0131l\\u0131nda Anadolu \\u00dcniversitesi\\u2019ne ge\\u00e7mi\\u015f, 2014 y\\u0131l\\u0131nda emekli olmu\\u015ftur. Bu s\\u00fcre i\\u00e7inde \\u0130ktisadi Geli\\u015fme ve Uluslararas\\u0131 Geli\\u015fme Anabilim Dal\\u0131 Ba\\u015fkanl\\u0131\\u011f\\u0131, 2010-2013 d\\u00f6neminde \\u0130ktisat Fak\\u00fcltesi Dekanl\\u0131\\u011f\\u0131 yapm\\u0131\\u015ft\\u0131r. Uluslararas\\u0131 Ekonomi, T\\u00fcrkiye Ekonomisi, Avrupa Birli\\u011fi ve Uluslararas\\u0131 Ekonomik \\u0130li\\u015fkiler konular\\u0131nda 24 kitab\\u0131, 12 ortak ve 3 \\u00e7eviri eseri vard\\u0131r. Ortak yazarl\\u0131 bir ders kitab\\u0131 T\\u00dcBA \\u00fcniversite ders kitaplar\\u0131 2012 y\\u0131l\\u0131 telif ve \\u00e7eviri eser \\u00f6d\\u00fcl\\u00fc olmak \\u00fczere 6 bilimsel ara\\u015ft\\u0131rma \\u00f6d\\u00fcl\\u00fcne sahiptir. Eski\\u015fehir Sakarya gazetesi ile Turkish Forum\\u2019da (ABD) haftal\\u0131k g\\u00fcncel yaz\\u0131lar\\u0131 yay\\u0131nlanmaktad\\u0131r. \\u00d6zge\\u00e7mi\\u015fi WHO\\u2019s WHO D\\u00fcnya, Asya ve T\\u00fcrkiye bask\\u0131lar\\u0131nda yer alm\\u0131\\u015ft\\u0131r.\"}]}<\/script>\n<!-- \/ Yoast SEO plugin. -->","_links":{"self":[{"href":"https:\/\/millidusunce.com\/misak\/wp-json\/wp\/v2\/posts\/17707"}],"collection":[{"href":"https:\/\/millidusunce.com\/misak\/wp-json\/wp\/v2\/posts"}],"about":[{"href":"https:\/\/millidusunce.com\/misak\/wp-json\/wp\/v2\/types\/post"}],"author":[{"embeddable":true,"href":"https:\/\/millidusunce.com\/misak\/wp-json\/wp\/v2\/users\/3"}],"replies":[{"embeddable":true,"href":"https:\/\/millidusunce.com\/misak\/wp-json\/wp\/v2\/comments?post=17707"}],"version-history":[{"count":3,"href":"https:\/\/millidusunce.com\/misak\/wp-json\/wp\/v2\/posts\/17707\/revisions"}],"predecessor-version":[{"id":17711,"href":"https:\/\/millidusunce.com\/misak\/wp-json\/wp\/v2\/posts\/17707\/revisions\/17711"}],"wp:featuredmedia":[{"embeddable":true,"href":"https:\/\/millidusunce.com\/misak\/wp-json\/wp\/v2\/media\/17710"}],"wp:attachment":[{"href":"https:\/\/millidusunce.com\/misak\/wp-json\/wp\/v2\/media?parent=17707"}],"wp:term":[{"taxonomy":"category","embeddable":true,"href":"https:\/\/millidusunce.com\/misak\/wp-json\/wp\/v2\/categories?post=17707"},{"taxonomy":"post_tag","embeddable":true,"href":"https:\/\/millidusunce.com\/misak\/wp-json\/wp\/v2\/tags?post=17707"}],"curies":[{"name":"wp","href":"https:\/\/api.w.org\/{rel}","templated":true}]}}