{"id":17721,"date":"2023-12-09T00:00:00","date_gmt":"2023-12-09T00:00:00","guid":{"rendered":"https:\/\/millidusunce.com\/misak\/?p=17721&#038;preview=true&#038;preview_id=17721"},"modified":"2023-12-09T09:34:28","modified_gmt":"2023-12-09T06:34:28","slug":"dunden-bugune-ortadogu-ve-filistin-sorunu-filistinlilerin-gecmisi","status":"publish","type":"post","link":"https:\/\/millidusunce.com\/misak\/dunden-bugune-ortadogu-ve-filistin-sorunu-filistinlilerin-gecmisi\/","title":{"rendered":"D\u00fcnden bug\u00fcne Ortado\u011fu ve Filistin sorunu: Filistinlilerin ge\u00e7mi\u015fi"},"content":{"rendered":"<p>Ber-Kokhba \u0130syan\u0131&#8217;n\u0131n Romal\u0131lar taraf\u0131ndan bast\u0131r\u0131lmas\u0131n\u0131n ard\u0131ndan Yahudilerin d\u00fcnyan\u0131n d\u00f6rt bir taraf\u0131na da\u011f\u0131ld\u0131\u011f\u0131n\u0131 s\u00f6ylemi\u015ftik. Bu s\u00fcre\u00e7te Yahudilerin ba\u015fkenti Kud\u00fcs&#8217;\u00fcn ismi Aelia olarak de\u011fi\u015ftirildi ve \u00fclke Palestina (Filistin) ya da Syria-Palestina (Suriye Filistini) olarak adland\u0131r\u0131ld\u0131. Bu \u015fekilde, Yahudi halk\u0131 ile kadim anavatanlar\u0131 aras\u0131ndaki her t\u00fcrl\u00fc ba\u011flant\u0131n\u0131n silinmesi \u00fcmit ediliyordu. Roma ve Bizans d\u00f6nemlerinde oldu\u011fu gibi Arap fatihler taraf\u0131ndan da Filistin ismi kullan\u0131lmaya devam etmi\u015ftir.<\/p>\n<p>Uzak ge\u00e7mi\u015fini yukar\u0131da verdi\u011fimiz Filistin\u2019in yak\u0131n tarihimizdeki durumunu da B. Lewis\u2019ten \u00f6zetleyerek verelim;<\/p>\n<p>\u201c1948&#8217;de Britanya Mandas\u0131&#8217;n\u0131n sona ermesini takip eden sava\u015f\u0131n ard\u0131ndan, manda alt\u0131ndaki Filistin&#8217;in b\u00fcy\u00fck bir k\u0131sm\u0131 kadim \u0130srail ismini benimsemeye karar veren Yahudilerin elinde kald\u0131. Az bir k\u0131sm\u0131 da M\u0131s\u0131r, Suriye ve \u00dcrd\u00fcn\u2019\u00fcn eline ge\u00e7ti. Bu devletlerin hi\u00e7birinde y\u00f6neticiler ayr\u0131 bir Filistin entitesi (varl\u0131\u011f\u0131) yaratmaya y\u00f6nelik ad\u0131mlar atmad\u0131lar. Suriye i\u015fgali alt\u0131ndaki b\u00f6lgeyi, tarihsel Suriye&#8217;nin bir par\u00e7as\u0131 olarak g\u00f6rerek d\u00fcped\u00fcz ilhak etti. Daha dikkatli olan M\u0131s\u0131rl\u0131lar, i\u015fgal alt\u0131ndaki bir toprak olarak ellerinde tuttular ve hatta k\u0131sa bir s\u00fcre bir yerel otorite kurmay\u0131 deneseler de, bu \u00e7abadan vazge\u00e7tiler. En \u00f6nemlisi ise, \u00dcrd\u00fcnl\u00fclerin y\u00f6netimleri alt\u0131ndaki b\u00fct\u00fcn b\u00f6lgeyi ilhak ederek \u00dcrd\u00fcn Krall\u0131\u011f\u0131&#8217;n\u0131n bir par\u00e7as\u0131 oldu\u011funu ilan etmeleri ve &#8220;Yahudiler d\u0131\u015f\u0131nda&#8221; kalan t\u00fcm sakinlerine \u00dcrd\u00fcn vatanda\u015fl\u0131\u011f\u0131 vermeleriydi. Daha sonraki sava\u015flarda, \u0130srailliler bu topraklar\u0131 ele ge\u00e7irip i\u015fgal ettiklerinde, (\u00d6zellikle 1967 sava\u015f\u0131nda \u0130srail s\u0131n\u0131r\u0131n\u0131 do\u011fuya do\u011fru \u015eeria Nehrine kadar geni\u015fletti\u011finde) \u00dcrd\u00fcnl\u00fcler iddialar\u0131ndan vazge\u00e7tiler ve o zaman, tarihte ilk defa, bu b\u00f6lgede ayr\u0131ks\u0131 bir Arap ulusal entitesi (varl\u0131\u011f\u0131) geli\u015fmeye ba\u015flad\u0131. Bu entiteyi adland\u0131rmak i\u00e7in, Filistin ismi benimsendi. Bu durum \u0130sraillilerle Filistinliler aras\u0131nda s\u00fcregiden ihtilafa \u00f6zg\u00fcn bir karma\u015f\u0131kl\u0131k ve g\u00fc\u00e7l\u00fck katt\u0131. Bu ihtilaf M\u0131s\u0131r ve Suriye ya da L\u00fcbnan \u00f6rne\u011finde oldu\u011fu gibi, tart\u0131\u015fmal\u0131 bir s\u0131n\u0131r \u00fczerine \u00e7eki\u015fme de\u011fildi. Her iki taraf\u0131n da tarihin farkl\u0131 d\u00f6nemlerinden t\u00fcretilen g\u00fc\u00e7l\u00fc tarihsel iddialara sahip oldu\u011fu, bir \u00fclkenin do\u011fas\u0131na ve kimli\u011fine dair bir ihtilaft\u0131. Her iki taraf\u0131n hem Yahudilerin hem de Araplar\u0131n a\u015f\u0131r\u0131 u\u00e7lar\u0131, tarihin farkl\u0131 d\u00f6nemlerinden olsa da kan\u0131tlarla ve inand\u0131r\u0131c\u0131 bir \u015fekilde b\u00fct\u00fcn \u00fclkenin kendi tarihsel ulusal miraslar\u0131n\u0131n bir par\u00e7as\u0131 oldu\u011funu iddia ediyordu. Daha yak\u0131n bir d\u00f6nemde, tarihsel olarak her iki taraf\u0131n da \u00fczerinde hak iddia etti\u011fi bu topraklarda bir yanda \u0130srail, di\u011fer yanda Filistin olmak \u00fczere iki ayr\u0131 devlet fikri ortaya \u00e7\u0131kt\u0131. Fakat bu t\u00fcr bir \u00e7\u00f6z\u00fcm\u00fc kabul etmek bir yana form\u00fcle etmek bile zordur.\u201d (B. Lewis-Tarih Notlar\u0131-sy:240)<\/p>\n<p>Filistinliler Do\u011fu Akdenizli Arap olmayan bir halkt\u0131r. Yedi milyon Filistinlinin 2,5 milyonu Gazze\u2019de, 2,6 milyonu Bat\u0131 \u015eeria\u2019da, 1,9 milyonu da \u0130srail\u2019in i\u00e7inde ya\u015famaktad\u0131r. G\u00fcn\u00fcm\u00fczde \u0130srail\u2019in n\u00fcfusu 9,3 milyon, 1,9 milyonu Filistinlidir.<\/p>\n<p>Filistin olgusunu \u0130srail ve Arap toplumlar\u0131n\u0131n geneli ile a\u015f\u0131r\u0131 u\u00e7lar\u0131 farkl\u0131\u00a0 \u015fekilde alg\u0131lamaktad\u0131rlar. Arap toplumunun b\u00fcy\u00fck bir b\u00f6l\u00fcm\u00fcn\u00fcn bu sorunu \u00f6nemsemedi\u011fini, bir M\u0131s\u0131rl\u0131 gazetecinin \u015fu \u015fekilde ifade etti\u011fini gene B. Lewis kaydeder:<\/p>\n<p>\u201cYeterince uzun s\u00fcre M\u0131s\u0131r, Arap d\u00fcnyas\u0131n\u0131n kan bankas\u0131 oldu. Bu &#8216;Arap sa\u00e7mal\u0131\u011f\u0131\u2019 yeter. M\u0131s\u0131r&#8217;\u0131 d\u00fc\u015f\u00fcnmek zorunday\u0131z\u201d<\/p>\n<p>Gene Lewis Arap \u00fclkelerine yapt\u0131\u011f\u0131 ziyaretler s\u0131ras\u0131ndan hep ayn\u0131 arg\u00fcman dizisini duydu\u011funu kaydeder:<\/p>\n<p>&#8220;Zaman\u0131m\u0131z var, sabr\u0131m\u0131z var, tarih bizim yan\u0131m\u0131zda, Ha\u00e7l\u0131lardan kurtulduk, <u>T\u00fcrklerden kurtulduk,<\/u> Britanyal\u0131lardan kurtulduk. S\u0131ras\u0131 gelince Yahudilerden de kurtulaca\u011f\u0131z.&#8221;<\/p>\n<h2>Ortado\u011fudaki emperyalist rekabet<\/h2>\n<p>Ke\u015fifler \u00e7a\u011f\u0131n\u0131n ba\u015flamas\u0131yla birlikte ilk olarak Portekizliler Ortado\u011fu\u2019ya gelerek g\u00fc\u00e7l\u00fc Osmanl\u0131, M\u0131s\u0131r ve \u0130ran\u2019a \u00fcst\u00fcnl\u00fck sa\u011flam\u0131\u015flard\u0131r. \u00a0Portekizlileri Hollandal\u0131lar, Hollandal\u0131lar\u0131 \u0130ngilizler, \u0130ngilizleri Frans\u0131zlar (Amerikan i\u00e7 sava\u015f\u0131ndaki me\u015fguliyetinden yararlanarak), kovmu\u015flard\u0131r. Bazen de kendi i\u00e7 sorunlar\u0131 nedeni ile uzakla\u015fm\u0131\u015flard\u0131r. 1905\u2019deki Japonya-Rusya Sava\u015f\u0131 ve 1917 de Ekim Devrimi nedeniyle Rusya\u2019n\u0131n b\u00f6lgeden uzakla\u015fmas\u0131 gibi.<\/p>\n<p>Ortado\u011fu halklar\u0131 emperyalistlere kar\u015f\u0131 di\u015fe dokunur bir \u201ckurtulu\u015f m\u00fccadelesi\u201d vermeyip aksine onlarla i\u015fbirli\u011fi i\u00e7inde olmu\u015flard\u0131r. (Osmanl\u0131n\u0131n Medine m\u00fcdafaas\u0131, Kut-\u00fcl Ammare galibiyeti ve T\u00fcrk Kurtulu\u015f sava\u015f\u0131 istisna olmak \u00fczere) Burada emperyalistlerin biri di\u011ferini kovmu\u015ftur.<\/p>\n<p>Ortado\u011fu\u2019da Emperyal g\u00fc\u00e7lerden birisi di\u011ferine \u00fcst\u00fcnl\u00fck sa\u011flad\u0131\u011f\u0131 an di\u011ferini uzakla\u015ft\u0131r\u0131yor. G\u00fc\u00e7ler aras\u0131nda denge varsa uzla\u015f\u0131yorlar. G\u00fcn\u00fcm\u00fczde Suriye \u00fczerinde ABD ve Rusya\u2019n\u0131n mutabakat sa\u011flad\u0131klar\u0131 gibi.<\/p>\n<p>Ha\u00e7l\u0131 seferlerinden sonra b\u00f6lgeye ilk askeri sefer 1798\u2019de Napolyon\u2019un M\u0131s\u0131ra girmesidir. Ve 4 y\u0131l sonra \u0130ngilizler onlar\u0131 M\u0131s\u0131rdan \u00e7\u0131kard\u0131. Bu \u015funu g\u00f6sterdi ki, bir bat\u0131l\u0131 devlet k\u00fc\u00e7\u00fck bir birlik ile Ortado\u011fu\u2019da bir yeri i\u015fgal edebiliyor, bir ba\u015fka bat\u0131l\u0131 devlet de onu \u00e7\u0131karabiliyordu. Bu \u00e7ifte ders, Bat\u0131l\u0131lara merkezi devlete dokunmadan Osmanl\u0131y\u0131 fare gibi kenarlar\u0131ndan kemirme fikrini do\u011furdu. Napolyon 1799\u2019da Yahudilere Filistin\u2019de Frans\u0131z Mandas\u0131 alt\u0131nda bir yurt vaat ederek Yahudi yurdunu ilk dile getiren siyasi ki\u015fi olmu\u015ftur. (Tarihsel D\u00f6n\u00fc\u015f\u00fcm-E. Yarar-2006 Siyasal Kitabevi)1830 da Frans\u0131zlar Cezayir\u2019i i\u015fgal ve ilhak ettiler. \u0130ngilizler de 1839 da \u00f6nemli bir k\u00f6m\u00fcr ikmal istasyonu olan Aden\u2019i (Yemen) i\u015fgal ettiler. Benzer d\u00fc\u015f\u00fcnce ile \u0130ngilizler, Basra\u2019da 1853\u2019te nehir ula\u015f\u0131m\u0131 ile ilgili ula\u015ft\u0131rma \u015firketleri kurarak \u00e7al\u0131\u015ft\u0131rmaya ba\u015flad\u0131lar. 1853 de Tuna Prenslikleri ve 1854 de K\u0131r\u0131m ilhak edildi. \u0130ngiliz ve Frans\u0131z yard\u0131m\u0131 ile K\u0131r\u0131m geri al\u0131nd\u0131 ama d\u0131\u015f bor\u00e7 bata\u011f\u0131na girildi.<\/p>\n<p>1869 da Frans\u0131zlar S\u00fcvey\u015f kanal\u0131n\u0131 a\u00e7\u0131nca Hindistan yolunun tehlikeye girdi\u011fini g\u00f6ren \u0130ngiltere Hayfa\u2019dan Basra\u2019ya demiryolu yapmay\u0131 d\u00fc\u015f\u00fcnd\u00fc fakat1882\u2019de Kanal hisselerini al\u0131p M\u0131s\u0131ra h\u00e2kim olunca vazge\u00e7ti. B\u00f6ylece M\u0131s\u0131r\u2019\u0131 \u0130ngilizler ele ge\u00e7irmi\u015f oldu. 1881 de Tunus\u2019u Frans\u0131zlar ele ge\u00e7irdi.<\/p>\n<p>1880 den sonra Almanya Ortado\u011fu\u2019da \u0130ngilizlere rakip oldu.1889 da 5B plan\u0131 uyar\u0131nca Berlin, Bizantion(\u0130stanbul), Ba\u011fdat, Basra Bombay demiryolunun Anadolu b\u00f6l\u00fcm\u00fcne ba\u015fland\u0131.<\/p>\n<p>1911 de Rusya \u0130ran\u2019a sarkt\u0131 i\u015fgal etti. 1912 de Frans\u0131zlar Fas\u2019ta manda kurdular. Ruslar kuzeyden, bat\u0131lar Afrika \u00fczerinden Arap d\u00fcnyas\u0131na ula\u015ft\u0131lar.<\/p>\n<p>\u0130ngilizler Hindistan ba\u015fta olmak \u00fczere d\u00fcnyan\u0131n di\u011fer b\u00f6lgelerine bilimsel yakla\u015f\u0131p alt yap\u0131 yat\u0131r\u0131mlar\u0131 yapt\u0131klar\u0131 halde Ortado\u011fu\u2019ya sadece Hindistan\u2019\u0131 g\u00fcvene alacak tampon b\u00f6lge olarak bakm\u0131\u015flard\u0131r. Burada bir milyon asker bulundurarak y\u0131lda elli milyon sterlin masraf yapmaktad\u0131rlar. Burada di\u011fer s\u00f6m\u00fcrgelerinde oldu\u011fu gibi teknik adamlar de\u011fil oryantalistler istihdam etmi\u015flerdir.<\/p>\n<p>Rusya\u2019n\u0131n Do\u011fu Anadolu ve \u0130ran\u2019da ilerlemesi kayg\u0131 verici boyutlara eri\u015fince, \u0130ngilizler Ortado\u011fu\u2019yu b\u00f6l\u00fc\u015fmenin acil oldu\u011funa karar verdiler ve 3 Ocak 1916 da Frans\u0131zlarla gizli Sykes-Picot anla\u015fmas\u0131n\u0131 imzalad\u0131lar. Anla\u015fma 9 Mart\u2019ta Rusya\u2019ya bildirildi. Bu payla\u015f\u0131m do\u011fal s\u0131n\u0131rlar ve demografik yap\u0131 dikkate al\u0131nmadan salt ekonomik ve stratejik kayg\u0131larla yap\u0131lan bir payla\u015f\u0131md\u0131. Sava\u015f devam ederken yap\u0131ld\u0131\u011f\u0131 i\u00e7in gizli olmak zorundayd\u0131. \u0130ngiliz Tarih\u00e7i <strong>J. Barr<\/strong> bu anla\u015fma i\u00e7in; \u201cAy\u0131y\u0131 \u00f6ld\u00fcrmeden postunu payla\u015fan, fazlaca \u00e7\u0131karc\u0131 bir anla\u015fma\u201d der.<\/p>\n<p>Sykes-Picot uzla\u015fmas\u0131na g\u00f6re, Ortado\u011fu\u2019da L\u00fcbnan, Suriye ve T\u00fcrkiye\u2019nin g\u00fcney vilayetleri Fransa\u2019n\u0131n, \u00dcrd\u00fcn ve Irak ise \u0130ngiltere\u2019nin denetiminde olacak, Kud\u00fcs ve Filistin\u2019in gelece\u011fi daha sonra belirlenecekti. Rusya\u2019ya da Kuzeydo\u011fu Anadolu vilayetleri verilmi\u015fti. B\u00f6ylece Alman ve Rus etkisi b\u00f6lgede bertaraf edilmek istenmi\u015ftir. Rusya, kendisine verilen yerlerden, Ekim 1917 Devrimi nedeniyle \u00e7ekilmek zorunda kal\u0131nca Lenin, gizli olan bu anla\u015fmay\u0131 d\u00fcnyaya a\u00e7\u0131klad\u0131.<\/p>\n<p>(Devam edecek)<\/p>\n<p>&nbsp;<\/p>\n<p>&nbsp;<\/p>\n","protected":false},"excerpt":{"rendered":"<p>Ortado\u011fu halklar\u0131 emperyalistlere kar\u015f\u0131 di\u015fe dokunur bir \u201ckurtulu\u015f m\u00fccadelesi\u201d vermeyip aksine onlarla i\u015fbirli\u011fi i\u00e7inde olmu\u015flard\u0131r. Osmanl\u0131n\u0131n Medine m\u00fcdafaas\u0131, Kut-\u00fcl Ammare galibiyeti ve T\u00fcrk Kurtulu\u015f sava\u015f\u0131 istisna olmak \u00fczere. <\/p>\n","protected":false},"author":51,"featured_media":17723,"comment_status":"open","ping_status":"open","sticky":false,"template":"","format":"standard","meta":{"_links_to":"","_links_to_target":""},"categories":[2],"tags":[2341,410,2735,409,631,1672],"yoast_head":"<!-- This site is optimized with the Yoast SEO plugin v16.0.2 - https:\/\/yoast.com\/wordpress\/plugins\/seo\/ -->\n<title>D\u00fcnden bug\u00fcne Ortado\u011fu ve Filistin sorunu: Filistinlilerin ge\u00e7mi\u015fi - M\u0130SAK- Mill\u00ee Strateji Ara\u015ft\u0131rma Kurulu<\/title>\n<meta name=\"description\" content=\"&quot;Zaman\u0131m\u0131z var, sabr\u0131m\u0131z var, tarih bizim yan\u0131m\u0131zda, Ha\u00e7l\u0131lardan kurtulduk, T\u00fcrklerden kurtulduk, Britanyal\u0131lardan kurtulduk. S\u0131ras\u0131 gelince Yahudilerden de kurtulaca\u011f\u0131z.&quot;\u00a0\" \/>\n<link rel=\"canonical\" href=\"https:\/\/millidusunce.com\/misak\/dunden-bugune-ortadogu-ve-filistin-sorunu-filistinlilerin-gecmisi\/\" \/>\n<meta property=\"og:locale\" content=\"tr_TR\" \/>\n<meta property=\"og:type\" content=\"article\" \/>\n<meta property=\"og:title\" content=\"D\u00fcnden bug\u00fcne Ortado\u011fu ve Filistin sorunu: Filistinlilerin ge\u00e7mi\u015fi - M\u0130SAK- Mill\u00ee Strateji Ara\u015ft\u0131rma Kurulu\" \/>\n<meta property=\"og:description\" content=\"&quot;Zaman\u0131m\u0131z var, sabr\u0131m\u0131z var, tarih bizim yan\u0131m\u0131zda, Ha\u00e7l\u0131lardan kurtulduk, T\u00fcrklerden kurtulduk, Britanyal\u0131lardan kurtulduk. S\u0131ras\u0131 gelince Yahudilerden de kurtulaca\u011f\u0131z.&quot;\u00a0\" \/>\n<meta property=\"og:url\" content=\"https:\/\/millidusunce.com\/misak\/dunden-bugune-ortadogu-ve-filistin-sorunu-filistinlilerin-gecmisi\/\" \/>\n<meta property=\"og:site_name\" content=\"M\u0130SAK- Mill\u00ee Strateji Ara\u015ft\u0131rma Kurulu\" \/>\n<meta property=\"article:published_time\" content=\"2023-12-09T00:00:00+00:00\" \/>\n<meta property=\"article:modified_time\" content=\"2023-12-09T06:34:28+00:00\" \/>\n<meta property=\"og:image\" content=\"https:\/\/millidusunce.com\/misak\/wp-content\/uploads\/2023\/12\/Sadiye-Okur-3.jpg\" \/>\n\t<meta property=\"og:image:width\" content=\"1200\" \/>\n\t<meta property=\"og:image:height\" content=\"800\" \/>\n<meta name=\"twitter:card\" content=\"summary_large_image\" \/>\n<meta name=\"twitter:label1\" content=\"Tahmini okuma s\u00fcresi\">\n\t<meta name=\"twitter:data1\" content=\"5 dakika\">\n<script type=\"application\/ld+json\" class=\"yoast-schema-graph\">{\"@context\":\"https:\/\/schema.org\",\"@graph\":[{\"@type\":\"Organization\",\"@id\":\"https:\/\/millidusunce.com\/misak\/#organization\",\"name\":\"Mill\\u00ee D\\u00fc\\u015f\\u00fcnce Merkezi\",\"url\":\"https:\/\/millidusunce.com\/misak\/\",\"sameAs\":[],\"logo\":{\"@type\":\"ImageObject\",\"@id\":\"https:\/\/millidusunce.com\/misak\/#logo\",\"inLanguage\":\"tr\",\"url\":\"https:\/\/millidusunce.com\/misak\/wp-content\/uploads\/2018\/09\/mdmLogo-yazisiz.jpg\",\"width\":422,\"height\":422,\"caption\":\"Mill\\u00ee D\\u00fc\\u015f\\u00fcnce Merkezi\"},\"image\":{\"@id\":\"https:\/\/millidusunce.com\/misak\/#logo\"}},{\"@type\":\"WebSite\",\"@id\":\"https:\/\/millidusunce.com\/misak\/#website\",\"url\":\"https:\/\/millidusunce.com\/misak\/\",\"name\":\"M\\u0130SAK- Mill\\u00ee Strateji Ara\\u015ft\\u0131rma Kurulu\",\"description\":\"D\\u00fcnyaya T\\u00fcrk\\u00e7\\u00fc Bak\\u0131\\u015f\",\"publisher\":{\"@id\":\"https:\/\/millidusunce.com\/misak\/#organization\"},\"potentialAction\":[{\"@type\":\"SearchAction\",\"target\":\"https:\/\/millidusunce.com\/misak\/?s={search_term_string}\",\"query-input\":\"required name=search_term_string\"}],\"inLanguage\":\"tr\"},{\"@type\":\"ImageObject\",\"@id\":\"https:\/\/millidusunce.com\/misak\/dunden-bugune-ortadogu-ve-filistin-sorunu-filistinlilerin-gecmisi\/#primaryimage\",\"inLanguage\":\"tr\",\"url\":\"https:\/\/millidusunce.com\/misak\/wp-content\/uploads\/2023\/12\/Sadiye-Okur-3.jpg\",\"width\":1200,\"height\":800},{\"@type\":\"WebPage\",\"@id\":\"https:\/\/millidusunce.com\/misak\/dunden-bugune-ortadogu-ve-filistin-sorunu-filistinlilerin-gecmisi\/#webpage\",\"url\":\"https:\/\/millidusunce.com\/misak\/dunden-bugune-ortadogu-ve-filistin-sorunu-filistinlilerin-gecmisi\/\",\"name\":\"D\\u00fcnden bug\\u00fcne Ortado\\u011fu ve Filistin sorunu: Filistinlilerin ge\\u00e7mi\\u015fi - M\\u0130SAK- Mill\\u00ee Strateji Ara\\u015ft\\u0131rma Kurulu\",\"isPartOf\":{\"@id\":\"https:\/\/millidusunce.com\/misak\/#website\"},\"primaryImageOfPage\":{\"@id\":\"https:\/\/millidusunce.com\/misak\/dunden-bugune-ortadogu-ve-filistin-sorunu-filistinlilerin-gecmisi\/#primaryimage\"},\"datePublished\":\"2023-12-09T00:00:00+00:00\",\"dateModified\":\"2023-12-09T06:34:28+00:00\",\"description\":\"\\\"Zaman\\u0131m\\u0131z var, sabr\\u0131m\\u0131z var, tarih bizim yan\\u0131m\\u0131zda, Ha\\u00e7l\\u0131lardan kurtulduk, T\\u00fcrklerden kurtulduk, Britanyal\\u0131lardan kurtulduk. S\\u0131ras\\u0131 gelince Yahudilerden de kurtulaca\\u011f\\u0131z.\\\"\\u00a0\",\"breadcrumb\":{\"@id\":\"https:\/\/millidusunce.com\/misak\/dunden-bugune-ortadogu-ve-filistin-sorunu-filistinlilerin-gecmisi\/#breadcrumb\"},\"inLanguage\":\"tr\",\"potentialAction\":[{\"@type\":\"ReadAction\",\"target\":[\"https:\/\/millidusunce.com\/misak\/dunden-bugune-ortadogu-ve-filistin-sorunu-filistinlilerin-gecmisi\/\"]}]},{\"@type\":\"BreadcrumbList\",\"@id\":\"https:\/\/millidusunce.com\/misak\/dunden-bugune-ortadogu-ve-filistin-sorunu-filistinlilerin-gecmisi\/#breadcrumb\",\"itemListElement\":[{\"@type\":\"ListItem\",\"position\":1,\"item\":{\"@type\":\"WebPage\",\"@id\":\"https:\/\/millidusunce.com\/misak\/\",\"url\":\"https:\/\/millidusunce.com\/misak\/\",\"name\":\"Anasayfa\"}},{\"@type\":\"ListItem\",\"position\":2,\"item\":{\"@type\":\"WebPage\",\"@id\":\"https:\/\/millidusunce.com\/misak\/dunden-bugune-ortadogu-ve-filistin-sorunu-filistinlilerin-gecmisi\/\",\"url\":\"https:\/\/millidusunce.com\/misak\/dunden-bugune-ortadogu-ve-filistin-sorunu-filistinlilerin-gecmisi\/\",\"name\":\"D\\u00fcnden bug\\u00fcne Ortado\\u011fu ve Filistin sorunu: Filistinlilerin ge\\u00e7mi\\u015fi\"}}]},{\"@type\":\"Article\",\"@id\":\"https:\/\/millidusunce.com\/misak\/dunden-bugune-ortadogu-ve-filistin-sorunu-filistinlilerin-gecmisi\/#article\",\"isPartOf\":{\"@id\":\"https:\/\/millidusunce.com\/misak\/dunden-bugune-ortadogu-ve-filistin-sorunu-filistinlilerin-gecmisi\/#webpage\"},\"author\":{\"@id\":\"https:\/\/millidusunce.com\/misak\/#\/schema\/person\/8881107d048ffa91dd3ba34c0395579b\"},\"headline\":\"D\\u00fcnden bug\\u00fcne Ortado\\u011fu ve Filistin sorunu: Filistinlilerin ge\\u00e7mi\\u015fi\",\"datePublished\":\"2023-12-09T00:00:00+00:00\",\"dateModified\":\"2023-12-09T06:34:28+00:00\",\"mainEntityOfPage\":{\"@id\":\"https:\/\/millidusunce.com\/misak\/dunden-bugune-ortadogu-ve-filistin-sorunu-filistinlilerin-gecmisi\/#webpage\"},\"commentCount\":0,\"publisher\":{\"@id\":\"https:\/\/millidusunce.com\/misak\/#organization\"},\"image\":{\"@id\":\"https:\/\/millidusunce.com\/misak\/dunden-bugune-ortadogu-ve-filistin-sorunu-filistinlilerin-gecmisi\/#primaryimage\"},\"keywords\":\"ahlakl\\u0131 m\\u00fcsl\\u00fcman,Filistin,Hamas,\\u0130srail,ortado\\u011fu,Yahudi\",\"inLanguage\":\"tr\",\"potentialAction\":[{\"@type\":\"CommentAction\",\"name\":\"Comment\",\"target\":[\"https:\/\/millidusunce.com\/misak\/dunden-bugune-ortadogu-ve-filistin-sorunu-filistinlilerin-gecmisi\/#respond\"]}]},{\"@type\":\"Person\",\"@id\":\"https:\/\/millidusunce.com\/misak\/#\/schema\/person\/8881107d048ffa91dd3ba34c0395579b\",\"name\":\"Aziz Bozatl\\u0131\",\"image\":{\"@type\":\"ImageObject\",\"@id\":\"https:\/\/millidusunce.com\/misak\/#personlogo\",\"inLanguage\":\"tr\",\"url\":\"https:\/\/secure.gravatar.com\/avatar\/5f9dd0e89e6fac16a1ddf485eac20fb5?s=96&d=mm&r=g\",\"caption\":\"Aziz Bozatl\\u0131\"},\"description\":\"1947 de Gazintep-\\u015eehitkamil\\u2019de do\\u011fdu. 1965 de Gaziantep lisesinden, 1969 da \\u0130.\\u00dc. Orman fak\\u00fcltesinden mezun oldu. 1975 de Devlet lisan okulunu bitirdi, (\\u0130ng) Askerli\\u011fini takiben 1971 den 1992 ye kadar Orman Bakanl\\u0131\\u011f\\u0131n\\u0131n ta\\u015fra te\\u015fkilat\\u0131nda; M\\u00fchendislik, Ba\\u015fm\\u00fchendislik, \\u015fube m\\u00fcd\\u00fcrl\\u00fc\\u011f\\u00fc, B\\u00f6lge M\\u00fcd\\u00fcr yard\\u0131mc\\u0131l\\u0131\\u011f\\u0131, Aga\\u00e7land\\u0131rma grup m\\u00fcd\\u00fcrl\\u00fc\\u011f\\u00fc, Orman B\\u00f6lge M\\u00fcd\\u00fcrl\\u00fc\\u011f\\u00fc g\\u00f6revlerinde bulundu. 1992-2003 y\\u0131llar\\u0131 aras\\u0131nda bakanl\\u0131k merkezinde; Bakanl\\u0131k Y\\u00fcksek fen heyeti \\u00fcyesi, Bakanl\\u0131k M\\u00fc\\u015faviri, Bakanl\\u0131k Ara\\u015ft\\u0131rma-Planlama-Koordinsyon Kurulu Ba\\u015fkanl\\u0131\\u011f\\u0131 (\\u015eimdiki Bakanl\\u0131k Strateji geli\\u015ftirme ba\\u015fkanl\\u0131\\u011f\\u0131) g\\u00f6revlerinde bulundu Orman ve Av, Orman M\\u00fchendisli\\u011fi, TSE dergisi ve Orman Bakanl\\u0131\\u011f\\u0131 yay\\u0131nlar\\u0131nda 30 kadar makale ve bildirisi yay\\u0131nlanm\\u0131\\u015ft\\u0131r. Macaristan, Almanya, Hollanda, Fransa, \\u0130spanya, T\\u00fcrkmenistan, ABD, \\u00c7\\u0130N, Tayland, Singapur, \\u0130talya da Mesleki e\\u011fitim, seminer ve incelemelerde bulunmu\\u015f, raporlar haz\\u0131rlam\\u0131\\u015ft\\u0131r. Di\\u011fer G\\u00f6revleri; 1999-2008 y\\u0131llar\\u0131 aras\\u0131nda TSE \\u201cOrmanc\\u0131l\\u0131k \\u0130htisas Grubu Ba\\u015fkanl\\u0131\\u011f\\u0131\\u201d 2001 MKE, kaps\\u00fclsan y\\u00f6netim kurulu \\u00fcyeli\\u011fi 2000-2002 TBMM Ba\\u015fkan\\u0131 M\\u00fc\\u015faviri, olarak MHP grubu dan\\u0131\\u015fmanl\\u0131\\u011f\\u0131 Evli 3 \\u00e7ocuklu.\"}]}<\/script>\n<!-- \/ Yoast SEO plugin. -->","_links":{"self":[{"href":"https:\/\/millidusunce.com\/misak\/wp-json\/wp\/v2\/posts\/17721"}],"collection":[{"href":"https:\/\/millidusunce.com\/misak\/wp-json\/wp\/v2\/posts"}],"about":[{"href":"https:\/\/millidusunce.com\/misak\/wp-json\/wp\/v2\/types\/post"}],"author":[{"embeddable":true,"href":"https:\/\/millidusunce.com\/misak\/wp-json\/wp\/v2\/users\/51"}],"replies":[{"embeddable":true,"href":"https:\/\/millidusunce.com\/misak\/wp-json\/wp\/v2\/comments?post=17721"}],"version-history":[{"count":3,"href":"https:\/\/millidusunce.com\/misak\/wp-json\/wp\/v2\/posts\/17721\/revisions"}],"predecessor-version":[{"id":17725,"href":"https:\/\/millidusunce.com\/misak\/wp-json\/wp\/v2\/posts\/17721\/revisions\/17725"}],"wp:featuredmedia":[{"embeddable":true,"href":"https:\/\/millidusunce.com\/misak\/wp-json\/wp\/v2\/media\/17723"}],"wp:attachment":[{"href":"https:\/\/millidusunce.com\/misak\/wp-json\/wp\/v2\/media?parent=17721"}],"wp:term":[{"taxonomy":"category","embeddable":true,"href":"https:\/\/millidusunce.com\/misak\/wp-json\/wp\/v2\/categories?post=17721"},{"taxonomy":"post_tag","embeddable":true,"href":"https:\/\/millidusunce.com\/misak\/wp-json\/wp\/v2\/tags?post=17721"}],"curies":[{"name":"wp","href":"https:\/\/api.w.org\/{rel}","templated":true}]}}