{"id":17814,"date":"2024-01-22T00:00:00","date_gmt":"2024-01-22T00:00:00","guid":{"rendered":"https:\/\/millidusunce.com\/misak\/?p=17814&#038;preview=true&#038;preview_id=17814"},"modified":"2024-01-22T22:02:59","modified_gmt":"2024-01-22T19:02:59","slug":"dunden-bugune-ortadogu-ve-filistin-sorunuisrailin-hukuk-tanimazligi","status":"publish","type":"post","link":"https:\/\/millidusunce.com\/misak\/dunden-bugune-ortadogu-ve-filistin-sorunuisrailin-hukuk-tanimazligi\/","title":{"rendered":"D\u00fcnden bug\u00fcne Ortado\u011fu ve Filistin sorunu:\u0130srail\u2019in hukuk tan\u0131mazl\u0131\u011f\u0131"},"content":{"rendered":"<p>\u0130srail sivil hedefleri, hastaneleri ac\u0131mas\u0131zca bombalamaktad\u0131r. \u0130\u015fgal etti\u011fi yerlerde her y\u0131k\u0131nt\u0131ya, bombalad\u0131\u011f\u0131 her noktaya y\u00fczlerce \u0130srail Bayra\u011f\u0131 dikerek ciddi bir devlet gibi de\u011fil de adeta bir ter\u00f6r \u00f6rg\u00fct\u00fc gibi davranmaktad\u0131r. Bu hareketiyle adeta \u201cBen buralar\u0131 sadece i\u015fgal etmiyorum, ilhak ediyorum, \u00dclkeme kataca\u011f\u0131m\u201d der gibi davranmaktad\u0131r.<\/p>\n<p>\u0130srail\u2019in kuruldu\u011fundan beri b\u00f6lgedeki t\u00fcm \u00e7at\u0131\u015fmalarda bir devlet gibi de\u011fil de adeta bir ter\u00f6r \u00f6rg\u00fct\u00fc gibi davranmas\u0131n\u0131n nedenini tarihte aramak gerekir. Bu bak\u0131\u015f a\u00e7\u0131s\u0131ndan ge\u00e7mi\u015fe bir g\u00f6z atal\u0131m;<\/p>\n<p>1897 Basel Siyonist Kongresinde art\u0131k bir \u0130srail devletinin kurulmas\u0131na karar verildikten sonra ba\u015flayan s\u00fcre\u00e7te \u00f6zellikle 1916 Sykes-Picot anla\u015fmas\u0131ndan, \u0130srail\u2019in kuruldu\u011fu 1948 y\u0131l\u0131na kadarki 30 y\u0131ll\u0131k \u0130ngiliz mandas\u0131 d\u00f6neminde, Siyonist milliyet\u00e7iler Frans\u0131zlar\u0131n da deste\u011fini alarak \u0130ngiliz manda y\u00f6netimine kar\u015f\u0131 \u00e7ok ciddi bir direni\u015f sergilemi\u015flerdir. \u0130ngilizler bu d\u00f6nemde \u00e7ok ba\u015far\u0131s\u0131z olup, \u0130lber Ortayl\u0131 hocam\u0131z\u0131n dedi\u011fi gibi \u201cY\u00f6netimi y\u00fczlerine g\u00f6zlerine bula\u015ft\u0131rm\u0131\u015flard\u0131r\u201d<\/p>\n<p>Bu d\u00f6nemde Siyonist milliyet\u00e7iler \u00fc\u00e7 \u00f6nemli direni\u015f ve ter\u00f6r \u00f6rg\u00fct\u00fc kurarak, gemi bat\u0131rmak, cinayet i\u015flemek, bombalama eylemleri yapmak gibi say\u0131s\u0131z kanl\u0131 eyleme imza atm\u0131\u015flard\u0131r. Bu \u00f6rg\u00fctler kurulu\u015f s\u0131ras\u0131na g\u00f6re; Hanagah, \u0130rgun ve Stern\u2019dir.<\/p>\n<p>Bu \u00f6rg\u00fctlerin t\u00fcm y\u00f6neticileri \u0130srail kurulduktan sonra \u00f6m\u00fcrleri yetti\u011fince bu devlette cumhurba\u015fkan\u0131, ba\u015fbakan, genelkurmay ba\u015fkan\u0131, bakan gibi g\u00f6revlerde bulunmu\u015flard\u0131r. Hepinizin hat\u0131rlayaca\u011f\u0131 birka\u00e7 \u00f6rnek vermek isterim.<\/p>\n<p>Ben Gurion: \u0130srail\u2019in kurucu devlet ba\u015fkan\u0131d\u0131r. \u0130stanbul \u00dcniversitesinde okumu\u015ftur.<\/p>\n<p>\u0130zak \u015eamir: Eski Ba\u015fbakan. Rusya\u2019dan Yahudi g\u00f6\u00e7\u00fcn\u00fc h\u0131zland\u0131rm\u0131\u015ft\u0131r.<\/p>\n<p>Mo\u015fe Dayan: Milli savunma bakan\u0131.<\/p>\n<p>Menaham Begin: Eski Ba\u015fbakan.<\/p>\n<p>\u015eimon Perez: Cumhurba\u015fkan\u0131. Nobel bar\u0131\u015f \u00f6d\u00fcl\u00fc ald\u0131. Davos\u2019ta Cumhurba\u015fkan\u0131m\u0131z\u0131n \u201cVan M\u00fcn\u0131t\u201d \u00e7\u0131k\u0131\u015f\u0131na muhatap oldu. \u0130rgun \u00c7etesi \u00fcyesi. Ben Gurion\u2019un sekreterli\u011fini de yapm\u0131\u015ft\u0131r.<\/p>\n<p>G\u00f6r\u00fclece\u011fi gibi \u0130srail devleti kuruldu\u011fundan beri ter\u00f6r \u00f6rg\u00fctlerinde yeti\u015fmi\u015f militan ki\u015filerce y\u00f6netilmektedir. Deyim yerindeyse \u0130srail devletinin genetik kodlar\u0131n\u0131 ter\u00f6r gelene\u011finden gelen bu insanlar olu\u015fturmu\u015ftur. \u0130srail\u2019in hemen her \u00e7at\u0131\u015fmada bir devlet gibi uluslararas\u0131 hukuka ve s\u00f6zle\u015fmelere ba\u011fl\u0131 kalmayarak adeta bir ter\u00f6r \u00f6rg\u00fct\u00fc gibi davranmas\u0131n\u0131 s\u0131rt\u0131n\u0131 Bat\u0131ya dayamas\u0131n\u0131n yan\u0131nda biraz da bu tarihi arka planda aramak gerekir.<\/p>\n<h2>Sonu\u00e7 yerine<\/h2>\n<p>1897 Basel Siyonist Kongresinden g\u00fcn\u00fcm\u00fcze kadar ula\u015fan s\u00fcreci ana hatlar\u0131yla \u00f6zetlemeye \u00e7al\u0131\u015ft\u0131k. G\u00f6r\u00fclece\u011fi gibi Bat\u0131n\u0131n Ortado\u011fu\u2019daki her hamlesi, g\u00f6r\u00fcn\u00fcrdeki gerek\u00e7eleri ba\u015fka da olsa \u0130srail\u2019in \u201cB\u00fcy\u00fck \u0130srail Projesi\u201d (B\u0130P) amac\u0131yla \u00f6rt\u00fc\u015fmekte ve onun g\u00fcvenli\u011fini sa\u011flamaktad\u0131r. Gerek ABD D\u0131\u015fi\u015fleri Bakan\u0131 C. Rice\u2019\u0131n BOP ba\u011flam\u0131nda 22 \u00fclkenin s\u0131n\u0131rlar\u0131n\u0131n de\u011fi\u015fece\u011fini s\u00f6ylemesi, gerekse \u0130srail Savunma Bakan\u0131 Mo\u015fe Yalon\u2019un 2014&#8217;de Washington&#8217;da NBR televizyon kanal\u0131na yapt\u0131\u011f\u0131 s\u00f6yle\u015fide &#8220;Hi\u00e7 kimsenin ku\u015fkusu olmas\u0131n, Ortado\u011fu s\u0131n\u0131rlar\u0131 mutlaka de\u011fi\u015fecektir&#8221; beyan\u0131 B\u0130P\u2019nin hedefe do\u011fru emin ad\u0131mlarla yol ald\u0131\u011f\u0131n\u0131 g\u00f6stermektedir. Bu son sava\u015fta ise \u0130srail ba\u015fbakan\u0131 B. Netenyahu\u2019nun Ortado\u011fu\u2019da s\u0131n\u0131rlar\u0131n de\u011fi\u015fece\u011fini vurgulamas\u0131, yo\u011fun kara harekat\u0131n\u0131n yap\u0131lmas\u0131. Filistinlileri s\u0131k\u0131\u015ft\u0131klar\u0131 dar alandan bile \u00e7\u0131kar\u0131l\u0131p m\u00fclteci yap\u0131labilece\u011fi d\u00fc\u015f\u00fcncesini g\u00fc\u00e7lendirmektedir. Zaten ba\u015fta biz olmak \u00fczere m\u00fclteci sorunlar\u0131yla bo\u011fu\u015fan b\u00f6lge \u00fclkeleri, bu kez de Filistinli m\u00fcltecilerin ak\u0131n\u0131na u\u011frayabilirler. B\u0130P hedefine do\u011fru vites b\u00fcy\u00fct\u00fclmektedir.<\/p>\n<p>B\u0130P projesi, Orta Do\u011fu k\u00f6kenli Arap ve M\u00fcsl\u00fcman devletlerin, Balkan devletleri \u00f6rne\u011finde oldu\u011fu gibi k\u00fc\u00e7\u00fck par\u00e7alara ayr\u0131larak b\u00f6l\u00fcnmeleri stratejisine dayanmaktad\u0131r. Bunun y\u00f6ntemi ise b\u00f6lgede etnik, dinsel ve mezhepsel \u00e7at\u0131\u015fma yaratarak hedefteki \u00fclkeleri b\u00f6lmektir. B\u00f6l\u00fcnmelerin elde edilmeleri kolay k\u00fc\u00e7\u00fck federe devletler d\u00fczeyinde olmalar\u0131 ama\u00e7lanmaktad\u0131r.<\/p>\n<p>Y\u0131llard\u0131r \u0130srail yetkililerince B\u00fcy\u00fck \u0130srail hedefine y\u00f6nelik benzer s\u00f6zler s\u00f6ylenmektedir. Bu beyanatlar, \u00fcnl\u00fc Rus yazar\u0131 Anton \u00c7ehov\u2019un; \u201cE\u011fer ilk sahnede duvarda bir silah as\u0131l\u0131ysa, oyunun sonunda mutlaka patlar\u201d s\u00f6z\u00fcndeki duvardaki silah\u0131 \u00e7a\u011fr\u0131\u015ft\u0131rmaktad\u0131r. Sonunda patlayacak gibi g\u00f6r\u00fcn\u00fcyor.<\/p>\n<p>T\u00fcrkiye bir bak\u0131ma Ortado\u011fu \u00fclkesidir ama ayn\u0131 zamanda bir Kafkas, bir Balkan, bir Akdeniz \u00fclkesidir. O nedenle T\u00fcrkiye Cumhuriyeti kurulu\u015funu m\u00fcteakip Atat\u00fcrk devrimleri ve \u00e7a\u011fda\u015f uygarl\u0131k d\u00fczeyine ula\u015fmak azmi ile k\u00f6kl\u00fc bir d\u00f6n\u00fc\u015f\u00fcm ge\u00e7irerek, laik, demokratik bir hukuk devleti s\u0131fat\u0131 kazanarak di\u011fer Ortado\u011fu \u00fclkelerinden farkl\u0131la\u015fm\u0131\u015ft\u0131r. Ama co\u011frafya kaderdir, kom\u015fuluklar de\u011fi\u015fmemi\u015ftir.<\/p>\n<p>T\u00fcrkiye son yirmi y\u0131lda \u0130hvanc\u0131 bir bak\u0131\u015f a\u00e7\u0131s\u0131yla b\u00f6lgedeki geleneksel politikalar\u0131ndan vazge\u00e7ti. Devlet akl\u0131n\u0131 kullanarak t\u00fcm kurumlar\u0131n tarihi birikimlerinden faydalanarak hamasetten uzak politikalar geli\u015ftirmek yerine, d\u0131\u015f politikay\u0131 \u201cStratejik derinlik\u201d, \u201cKazan kazan\u201d, \u201cKom\u015fularla s\u0131f\u0131r sorun\u201d, \u201cDe\u011ferli yaln\u0131zl\u0131k\u201d, \u201cEmeviye Camiinde Cuma namaz\u0131 k\u0131lmak\u201d v.b. sloganlara indirgedi. Sloganlar, d\u00fc\u015f\u00fcnme ve sorgulama zahmetini ortadan kald\u0131rd\u0131\u011f\u0131 i\u00e7in halk\u0131m\u0131z\u0131n bir kesimine cazip gelebilir ama d\u0131\u015f politika ucunda sava\u015f, kan ve ekonomik bedeli olan \u00e7ok ciddi bir konudur. Nitekim gelinen noktada, \u015fehitler vererek, m\u00fclteciler besleyerek ve ekonomik kriz ya\u015fayarak t\u00fcm bu bedelleri \u00f6demek durumunda kald\u0131k.<\/p>\n<p>Toplumumuz her konuda oldu\u011fu gibi Filistin konusunda da gene iki z\u0131t bloka ayr\u0131\u015fm\u0131\u015f durumdad\u0131r. Bir kesim Ortado\u011fu\u2019yu g\u00f6n\u00fcl co\u011frafyalar\u0131n\u0131n bir par\u00e7as\u0131 olarak g\u00f6r\u00fcrken, bir di\u011fer kesim \u201cBatakl\u0131k\u201d olarak nitelemektedir. G\u00f6n\u00fcl co\u011frafyam\u0131z diyerek \u201cNeo-Osmanl\u0131c\u0131l\u0131k\u201d hayalleri pe\u015finde ko\u015fanlar, \u201cBatakl\u0131k\u201d tan\u0131m\u0131na \u015fiddetle kar\u015f\u0131 \u00e7\u0131karlarken, bu tan\u0131m\u0131n b\u00f6lgenin sosyal, k\u00fclt\u00fcrel, dini, etnik \u00e7e\u015fitlili\u011fi nedeniyle bilinmezlerinin \u00e7oklu\u011funa ve sorunlar\u0131n karma\u015f\u0131kl\u0131\u011f\u0131na dikkat \u00e7ekmek istendi\u011fini anlamak istemiyorlar. G\u00f6n\u00fcl co\u011frafyam\u0131z dedi\u011finiz yerdeki insanlar\u0131n g\u00f6n\u00fcllerinde T\u00fcrkiye ve T\u00fcrkler yoktur. Her f\u0131rsatta tarihin \u00e7arp\u0131t\u0131lmas\u0131na b\u00fcy\u00fck emek verilen bir d\u00f6nemde ya\u015f\u0131yoruz. T\u00fcrk kamuoyunu y\u00f6nlendiren medyadaki \u00e7o\u011fu \u00e7aps\u0131z yorumcular kendi ideolojisini me\u015frula\u015ft\u0131ran tarih yorumlar\u0131 yaparak tarihi ger\u00e7ekleri \u00e7arp\u0131tmaktad\u0131rlar.<\/p>\n<p>Yakla\u015f\u0131k y\u00fcz y\u0131l \u00f6nce \u0130ngiliz General Allenby Osmanl\u0131y\u0131 Kud\u00fcs\u2019ten s\u00f6k\u00fcp atarken, Araplarla beraberdi. Frans\u0131zlar\u0131n \u00c7anakkale gazisi \u00e7olak Generali Gouraud \u015eam\u2019\u0131 fethedip Selahattin Eyyubi\u2019nin mezar\u0131n\u0131 tekmelerken, Araplar yan\u0131ndayd\u0131. Arap co\u011frafyas\u0131nda Osmanl\u0131 kar\u015f\u0131s\u0131nda al\u0131nan her iki Hristiyan zaferi de Araplarca co\u015fkuyla kar\u015f\u0131lanm\u0131\u015ft\u0131r. Yukar\u0131da Lewis\u2019in belirtti\u011fi gibi Araplar bunu \u201cT\u00fcrklerden kurtulmak\u201d olarak nitelemi\u015flerdir. Araplar bu co\u011frafyadaki son Osmanl\u0131 y\u00f6neticisi ve Bahriye Naz\u0131r\u0131 Cemal Pa\u015fa\u2019y\u0131 i\u015fgal ordusu kumandan\u0131 gibi g\u00f6r\u00fcyorlard\u0131. Pa\u015fa, Osmanl\u0131ya kar\u015f\u0131 y\u00fckselen Arap Milliyet\u00e7ili\u011fini engellemek hayaliyle bir\u00e7ok imar faaliyeti ger\u00e7ekle\u015ftirip, k\u0131rk direni\u015f\u00e7iyi harp divan\u0131 kurup idam etmesine ra\u011fmen ba\u015far\u0131l\u0131 olamam\u0131\u015ft\u0131r.<\/p>\n<p>Di\u011fer taraftan T\u00fcrkiye\u2019nin d\u0131\u015f d\u00fcnyada kar\u015f\u0131la\u015ft\u0131\u011f\u0131 hi\u00e7bir sorunda Arap \u00fclkeleri yan\u0131m\u0131zda yer almam\u0131\u015flard\u0131r. \u00d6zellikle Filistin liderleri d\u00fcn de bug\u00fcn de bize d\u00fc\u015fmanca politikalar izleyen G\u00fcney K\u0131br\u0131s\u2019\u0131n, Ermenistan\u2019\u0131n ve Uygur T\u00fcrkleri s\u00f6z konusu olunca \u00c7in\u2019in yan\u0131nda yer alm\u0131\u015flard\u0131r.<\/p>\n<p>Arap toplumlar\u0131n\u0131n hi\u00e7biri Filistin sorununu \u00f6nemsemezken, hatta Filistin toplumunun bile bir k\u0131sm\u0131 Hamas\u2019\u0131n politikalar\u0131n\u0131 desteklemezken bizim mitingler yap\u0131p \u201cHaydi Gazze\u2019ye(!)\u201d naralar\u0131 atmam\u0131z, ger\u00e7ek\u00e7i bir yakla\u015f\u0131m de\u011fildir. Oradaki insanl\u0131k dram\u0131na tepki g\u00f6stermemiz insanidir, anla\u015f\u0131labilir ama Filistin sorununu milli d\u0131\u015f politikam\u0131z\u0131n tepesine oturtmak da ger\u00e7ek\u00e7i de\u011fildir. Gerek devlet politikam\u0131z ve gerekse toplumsal reaksiyonumuz tarihi ger\u00e7eklerle ve milli \u00e7\u0131karlar\u0131m\u0131zla uyumlu ve dengeli olmak durumundad\u0131r.<\/p>\n<p>Unutulmamal\u0131d\u0131r ki, b\u00f6lgedeki t\u00fcm olaylarda oyun kurucular emperyal g\u00fc\u00e7ler, fig\u00fcranlar ise b\u00f6lge \u00fclkeleridir. Tarih boyunca buradaki bir\u00e7ok olay\u0131n (fiilin) ger\u00e7ek \u00f6znesinin b\u00f6lge \u00fclkeleri olmad\u0131\u011f\u0131 g\u00f6r\u00fclm\u00fc\u015ft\u00fcr. Son Hamas sald\u0131r\u0131s\u0131nda da \u00f6yledir. Buras\u0131 b\u00fcy\u00fck g\u00fc\u00e7lerin oyun alan\u0131d\u0131r. \u00c7at\u0131\u015fma konular\u0131 artt\u0131\u011f\u0131, sorunlar karma\u015f\u0131kla\u015ft\u0131\u011f\u0131 \u00f6l\u00e7\u00fcde d\u0131\u015f g\u00fc\u00e7lerin b\u00f6lgedeki etkinli\u011fi biraz daha artmaktad\u0131r.<\/p>\n<p>D\u00fcn \u0130ttihat\u00e7\u0131lar \u201cVatan\u0131n bayra\u011f\u0131n\u0131 Kahire\u2019ye dikmek\u201d ham hayali ile Alman emellerine alet olarak b\u00fcy\u00fck bir hata yapt\u0131lar, sonu\u00e7 h\u00fcsran oldu. Yak\u0131n zamanda \u201cMavi Marmara\u201d olay\u0131nda gene hamasetin h\u00fcsran ve \u00f6l\u00fcmlerle sonu\u00e7land\u0131\u011f\u0131n\u0131 g\u00f6rd\u00fck.<\/p>\n<p>D\u0131\u015f politikaya tarihi perspektiften ve ulusal \u00e7\u0131karlar\u0131m\u0131z a\u00e7\u0131s\u0131nda bakmak zorunday\u0131z. Cumhuriyetimizi kuranlar, Araplar\u0131n kendi aralar\u0131ndaki sorunlar\u0131na m\u00fcdahil olmad\u0131lar, yanl\u0131 tutum almad\u0131lar. \u00dclkemizi bu b\u00f6lgenin en sayg\u0131n, en g\u00fc\u00e7l\u00fc, en g\u00fcvenilir ve \u0130slam d\u00fcnyas\u0131n\u0131n en ileri \u00f6rnek \u00fclkesi durumuna getirdiler.<\/p>\n<p>T\u00fcrkiye etnik ve mezhep bazl\u0131 politikalardan ka\u00e7\u0131n\u0131p, kendi g\u00fcvenli\u011finin ve ulusal \u00e7\u0131karlar\u0131n\u0131n gerektirdi\u011fi bar\u0131\u015f\u00e7\u0131 politikalar izlemelidir. \u201cYurtta Sulh, Cihanda Sulh\u201d politikas\u0131n\u0131n, Cumhuriyetimizin \u00f6nemli bir fabrika ayar\u0131 oldu\u011fu unutulmamal\u0131d\u0131r.<\/p>\n<p>(Devam edecek)<\/p>\n<p>&nbsp;<\/p>\n<p>&nbsp;<\/p>\n","protected":false},"excerpt":{"rendered":"<p>\u0130srail\u2019in kuruldu\u011fundan beri b\u00f6lgedeki t\u00fcm \u00e7at\u0131\u015fmalarda bir devlet gibi de\u011fil de adeta bir ter\u00f6r \u00f6rg\u00fct\u00fc gibi davranmas\u0131n\u0131n nedenini tarihte aramak gerekir.<\/p>\n","protected":false},"author":51,"featured_media":17816,"comment_status":"open","ping_status":"open","sticky":false,"template":"","format":"standard","meta":{"_links_to":"","_links_to_target":""},"categories":[2],"tags":[410,1816,409,2588,2768,2767],"yoast_head":"<!-- This site is optimized with the Yoast SEO plugin v16.0.2 - https:\/\/yoast.com\/wordpress\/plugins\/seo\/ -->\n<title>D\u00fcnden bug\u00fcne Ortado\u011fu ve Filistin sorunu:\u0130srail\u2019in hukuk tan\u0131mazl\u0131\u011f\u0131 - M\u0130SAK- Mill\u00ee Strateji Ara\u015ft\u0131rma Kurulu<\/title>\n<meta name=\"description\" content=\"Bu d\u00f6nemde Siyonist milliyet\u00e7iler \u00fc\u00e7 \u00f6nemli direni\u015f ve ter\u00f6r \u00f6rg\u00fct\u00fc kurarak, gemi bat\u0131rmak, cinayet i\u015flemek, bombalama eylemleri yapmak gibi say\u0131s\u0131z kanl\u0131 eyleme imza atm\u0131\u015flard\u0131r. Bu \u00f6rg\u00fctler kurulu\u015f s\u0131ras\u0131na g\u00f6re; Hanagah, \u0130rgun ve Stern\u2019dir.\" \/>\n<link rel=\"canonical\" href=\"https:\/\/millidusunce.com\/misak\/dunden-bugune-ortadogu-ve-filistin-sorunuisrailin-hukuk-tanimazligi\/\" \/>\n<meta property=\"og:locale\" content=\"tr_TR\" \/>\n<meta property=\"og:type\" content=\"article\" \/>\n<meta property=\"og:title\" content=\"D\u00fcnden bug\u00fcne Ortado\u011fu ve Filistin sorunu:\u0130srail\u2019in hukuk tan\u0131mazl\u0131\u011f\u0131 - M\u0130SAK- Mill\u00ee Strateji Ara\u015ft\u0131rma Kurulu\" \/>\n<meta property=\"og:description\" content=\"Bu d\u00f6nemde Siyonist milliyet\u00e7iler \u00fc\u00e7 \u00f6nemli direni\u015f ve ter\u00f6r \u00f6rg\u00fct\u00fc kurarak, gemi bat\u0131rmak, cinayet i\u015flemek, bombalama eylemleri yapmak gibi say\u0131s\u0131z kanl\u0131 eyleme imza atm\u0131\u015flard\u0131r. Bu \u00f6rg\u00fctler kurulu\u015f s\u0131ras\u0131na g\u00f6re; Hanagah, \u0130rgun ve Stern\u2019dir.\" \/>\n<meta property=\"og:url\" content=\"https:\/\/millidusunce.com\/misak\/dunden-bugune-ortadogu-ve-filistin-sorunuisrailin-hukuk-tanimazligi\/\" \/>\n<meta property=\"og:site_name\" content=\"M\u0130SAK- Mill\u00ee Strateji Ara\u015ft\u0131rma Kurulu\" \/>\n<meta property=\"article:published_time\" content=\"2024-01-22T00:00:00+00:00\" \/>\n<meta property=\"article:modified_time\" content=\"2024-01-22T19:02:59+00:00\" \/>\n<meta property=\"og:image\" content=\"https:\/\/millidusunce.com\/misak\/wp-content\/uploads\/2024\/01\/12.-KALKINMA-PLANI-NE-GETIRIYOR-1.jpg\" \/>\n\t<meta property=\"og:image:width\" content=\"1200\" \/>\n\t<meta property=\"og:image:height\" content=\"800\" \/>\n<meta name=\"twitter:card\" content=\"summary_large_image\" \/>\n<meta name=\"twitter:label1\" content=\"Tahmini okuma s\u00fcresi\">\n\t<meta name=\"twitter:data1\" content=\"5 dakika\">\n<script type=\"application\/ld+json\" class=\"yoast-schema-graph\">{\"@context\":\"https:\/\/schema.org\",\"@graph\":[{\"@type\":\"Organization\",\"@id\":\"https:\/\/millidusunce.com\/misak\/#organization\",\"name\":\"Mill\\u00ee D\\u00fc\\u015f\\u00fcnce Merkezi\",\"url\":\"https:\/\/millidusunce.com\/misak\/\",\"sameAs\":[],\"logo\":{\"@type\":\"ImageObject\",\"@id\":\"https:\/\/millidusunce.com\/misak\/#logo\",\"inLanguage\":\"tr\",\"url\":\"https:\/\/millidusunce.com\/misak\/wp-content\/uploads\/2018\/09\/mdmLogo-yazisiz.jpg\",\"width\":422,\"height\":422,\"caption\":\"Mill\\u00ee D\\u00fc\\u015f\\u00fcnce Merkezi\"},\"image\":{\"@id\":\"https:\/\/millidusunce.com\/misak\/#logo\"}},{\"@type\":\"WebSite\",\"@id\":\"https:\/\/millidusunce.com\/misak\/#website\",\"url\":\"https:\/\/millidusunce.com\/misak\/\",\"name\":\"M\\u0130SAK- Mill\\u00ee Strateji Ara\\u015ft\\u0131rma Kurulu\",\"description\":\"D\\u00fcnyaya T\\u00fcrk\\u00e7\\u00fc Bak\\u0131\\u015f\",\"publisher\":{\"@id\":\"https:\/\/millidusunce.com\/misak\/#organization\"},\"potentialAction\":[{\"@type\":\"SearchAction\",\"target\":\"https:\/\/millidusunce.com\/misak\/?s={search_term_string}\",\"query-input\":\"required name=search_term_string\"}],\"inLanguage\":\"tr\"},{\"@type\":\"ImageObject\",\"@id\":\"https:\/\/millidusunce.com\/misak\/dunden-bugune-ortadogu-ve-filistin-sorunuisrailin-hukuk-tanimazligi\/#primaryimage\",\"inLanguage\":\"tr\",\"url\":\"https:\/\/millidusunce.com\/misak\/wp-content\/uploads\/2024\/01\/12.-KALKINMA-PLANI-NE-GETIRIYOR-1.jpg\",\"width\":1200,\"height\":800},{\"@type\":\"WebPage\",\"@id\":\"https:\/\/millidusunce.com\/misak\/dunden-bugune-ortadogu-ve-filistin-sorunuisrailin-hukuk-tanimazligi\/#webpage\",\"url\":\"https:\/\/millidusunce.com\/misak\/dunden-bugune-ortadogu-ve-filistin-sorunuisrailin-hukuk-tanimazligi\/\",\"name\":\"D\\u00fcnden bug\\u00fcne Ortado\\u011fu ve Filistin sorunu:\\u0130srail\\u2019in hukuk tan\\u0131mazl\\u0131\\u011f\\u0131 - M\\u0130SAK- Mill\\u00ee Strateji Ara\\u015ft\\u0131rma Kurulu\",\"isPartOf\":{\"@id\":\"https:\/\/millidusunce.com\/misak\/#website\"},\"primaryImageOfPage\":{\"@id\":\"https:\/\/millidusunce.com\/misak\/dunden-bugune-ortadogu-ve-filistin-sorunuisrailin-hukuk-tanimazligi\/#primaryimage\"},\"datePublished\":\"2024-01-22T00:00:00+00:00\",\"dateModified\":\"2024-01-22T19:02:59+00:00\",\"description\":\"Bu d\\u00f6nemde Siyonist milliyet\\u00e7iler \\u00fc\\u00e7 \\u00f6nemli direni\\u015f ve ter\\u00f6r \\u00f6rg\\u00fct\\u00fc kurarak, gemi bat\\u0131rmak, cinayet i\\u015flemek, bombalama eylemleri yapmak gibi say\\u0131s\\u0131z kanl\\u0131 eyleme imza atm\\u0131\\u015flard\\u0131r. Bu \\u00f6rg\\u00fctler kurulu\\u015f s\\u0131ras\\u0131na g\\u00f6re; Hanagah, \\u0130rgun ve Stern\\u2019dir.\",\"breadcrumb\":{\"@id\":\"https:\/\/millidusunce.com\/misak\/dunden-bugune-ortadogu-ve-filistin-sorunuisrailin-hukuk-tanimazligi\/#breadcrumb\"},\"inLanguage\":\"tr\",\"potentialAction\":[{\"@type\":\"ReadAction\",\"target\":[\"https:\/\/millidusunce.com\/misak\/dunden-bugune-ortadogu-ve-filistin-sorunuisrailin-hukuk-tanimazligi\/\"]}]},{\"@type\":\"BreadcrumbList\",\"@id\":\"https:\/\/millidusunce.com\/misak\/dunden-bugune-ortadogu-ve-filistin-sorunuisrailin-hukuk-tanimazligi\/#breadcrumb\",\"itemListElement\":[{\"@type\":\"ListItem\",\"position\":1,\"item\":{\"@type\":\"WebPage\",\"@id\":\"https:\/\/millidusunce.com\/misak\/\",\"url\":\"https:\/\/millidusunce.com\/misak\/\",\"name\":\"Anasayfa\"}},{\"@type\":\"ListItem\",\"position\":2,\"item\":{\"@type\":\"WebPage\",\"@id\":\"https:\/\/millidusunce.com\/misak\/dunden-bugune-ortadogu-ve-filistin-sorunuisrailin-hukuk-tanimazligi\/\",\"url\":\"https:\/\/millidusunce.com\/misak\/dunden-bugune-ortadogu-ve-filistin-sorunuisrailin-hukuk-tanimazligi\/\",\"name\":\"D\\u00fcnden bug\\u00fcne Ortado\\u011fu ve Filistin sorunu:\\u0130srail\\u2019in hukuk tan\\u0131mazl\\u0131\\u011f\\u0131\"}}]},{\"@type\":\"Article\",\"@id\":\"https:\/\/millidusunce.com\/misak\/dunden-bugune-ortadogu-ve-filistin-sorunuisrailin-hukuk-tanimazligi\/#article\",\"isPartOf\":{\"@id\":\"https:\/\/millidusunce.com\/misak\/dunden-bugune-ortadogu-ve-filistin-sorunuisrailin-hukuk-tanimazligi\/#webpage\"},\"author\":{\"@id\":\"https:\/\/millidusunce.com\/misak\/#\/schema\/person\/8881107d048ffa91dd3ba34c0395579b\"},\"headline\":\"D\\u00fcnden bug\\u00fcne Ortado\\u011fu ve Filistin sorunu:\\u0130srail\\u2019in hukuk tan\\u0131mazl\\u0131\\u011f\\u0131\",\"datePublished\":\"2024-01-22T00:00:00+00:00\",\"dateModified\":\"2024-01-22T19:02:59+00:00\",\"mainEntityOfPage\":{\"@id\":\"https:\/\/millidusunce.com\/misak\/dunden-bugune-ortadogu-ve-filistin-sorunuisrailin-hukuk-tanimazligi\/#webpage\"},\"commentCount\":0,\"publisher\":{\"@id\":\"https:\/\/millidusunce.com\/misak\/#organization\"},\"image\":{\"@id\":\"https:\/\/millidusunce.com\/misak\/dunden-bugune-ortadogu-ve-filistin-sorunuisrailin-hukuk-tanimazligi\/#primaryimage\"},\"keywords\":\"Filistin,gazze,\\u0130srail,M\\u00fcsl\\u00fcmanlar,Sava\\u015f hukuku,Yahudiler\",\"inLanguage\":\"tr\",\"potentialAction\":[{\"@type\":\"CommentAction\",\"name\":\"Comment\",\"target\":[\"https:\/\/millidusunce.com\/misak\/dunden-bugune-ortadogu-ve-filistin-sorunuisrailin-hukuk-tanimazligi\/#respond\"]}]},{\"@type\":\"Person\",\"@id\":\"https:\/\/millidusunce.com\/misak\/#\/schema\/person\/8881107d048ffa91dd3ba34c0395579b\",\"name\":\"Aziz Bozatl\\u0131\",\"image\":{\"@type\":\"ImageObject\",\"@id\":\"https:\/\/millidusunce.com\/misak\/#personlogo\",\"inLanguage\":\"tr\",\"url\":\"https:\/\/secure.gravatar.com\/avatar\/5f9dd0e89e6fac16a1ddf485eac20fb5?s=96&d=mm&r=g\",\"caption\":\"Aziz Bozatl\\u0131\"},\"description\":\"1947 de Gazintep-\\u015eehitkamil\\u2019de do\\u011fdu. 1965 de Gaziantep lisesinden, 1969 da \\u0130.\\u00dc. Orman fak\\u00fcltesinden mezun oldu. 1975 de Devlet lisan okulunu bitirdi, (\\u0130ng) Askerli\\u011fini takiben 1971 den 1992 ye kadar Orman Bakanl\\u0131\\u011f\\u0131n\\u0131n ta\\u015fra te\\u015fkilat\\u0131nda; M\\u00fchendislik, Ba\\u015fm\\u00fchendislik, \\u015fube m\\u00fcd\\u00fcrl\\u00fc\\u011f\\u00fc, B\\u00f6lge M\\u00fcd\\u00fcr yard\\u0131mc\\u0131l\\u0131\\u011f\\u0131, Aga\\u00e7land\\u0131rma grup m\\u00fcd\\u00fcrl\\u00fc\\u011f\\u00fc, Orman B\\u00f6lge M\\u00fcd\\u00fcrl\\u00fc\\u011f\\u00fc g\\u00f6revlerinde bulundu. 1992-2003 y\\u0131llar\\u0131 aras\\u0131nda bakanl\\u0131k merkezinde; Bakanl\\u0131k Y\\u00fcksek fen heyeti \\u00fcyesi, Bakanl\\u0131k M\\u00fc\\u015faviri, Bakanl\\u0131k Ara\\u015ft\\u0131rma-Planlama-Koordinsyon Kurulu Ba\\u015fkanl\\u0131\\u011f\\u0131 (\\u015eimdiki Bakanl\\u0131k Strateji geli\\u015ftirme ba\\u015fkanl\\u0131\\u011f\\u0131) g\\u00f6revlerinde bulundu Orman ve Av, Orman M\\u00fchendisli\\u011fi, TSE dergisi ve Orman Bakanl\\u0131\\u011f\\u0131 yay\\u0131nlar\\u0131nda 30 kadar makale ve bildirisi yay\\u0131nlanm\\u0131\\u015ft\\u0131r. Macaristan, Almanya, Hollanda, Fransa, \\u0130spanya, T\\u00fcrkmenistan, ABD, \\u00c7\\u0130N, Tayland, Singapur, \\u0130talya da Mesleki e\\u011fitim, seminer ve incelemelerde bulunmu\\u015f, raporlar haz\\u0131rlam\\u0131\\u015ft\\u0131r. Di\\u011fer G\\u00f6revleri; 1999-2008 y\\u0131llar\\u0131 aras\\u0131nda TSE \\u201cOrmanc\\u0131l\\u0131k \\u0130htisas Grubu Ba\\u015fkanl\\u0131\\u011f\\u0131\\u201d 2001 MKE, kaps\\u00fclsan y\\u00f6netim kurulu \\u00fcyeli\\u011fi 2000-2002 TBMM Ba\\u015fkan\\u0131 M\\u00fc\\u015faviri, olarak MHP grubu dan\\u0131\\u015fmanl\\u0131\\u011f\\u0131 Evli 3 \\u00e7ocuklu.\"}]}<\/script>\n<!-- \/ Yoast SEO plugin. -->","_links":{"self":[{"href":"https:\/\/millidusunce.com\/misak\/wp-json\/wp\/v2\/posts\/17814"}],"collection":[{"href":"https:\/\/millidusunce.com\/misak\/wp-json\/wp\/v2\/posts"}],"about":[{"href":"https:\/\/millidusunce.com\/misak\/wp-json\/wp\/v2\/types\/post"}],"author":[{"embeddable":true,"href":"https:\/\/millidusunce.com\/misak\/wp-json\/wp\/v2\/users\/51"}],"replies":[{"embeddable":true,"href":"https:\/\/millidusunce.com\/misak\/wp-json\/wp\/v2\/comments?post=17814"}],"version-history":[{"count":3,"href":"https:\/\/millidusunce.com\/misak\/wp-json\/wp\/v2\/posts\/17814\/revisions"}],"predecessor-version":[{"id":17818,"href":"https:\/\/millidusunce.com\/misak\/wp-json\/wp\/v2\/posts\/17814\/revisions\/17818"}],"wp:featuredmedia":[{"embeddable":true,"href":"https:\/\/millidusunce.com\/misak\/wp-json\/wp\/v2\/media\/17816"}],"wp:attachment":[{"href":"https:\/\/millidusunce.com\/misak\/wp-json\/wp\/v2\/media?parent=17814"}],"wp:term":[{"taxonomy":"category","embeddable":true,"href":"https:\/\/millidusunce.com\/misak\/wp-json\/wp\/v2\/categories?post=17814"},{"taxonomy":"post_tag","embeddable":true,"href":"https:\/\/millidusunce.com\/misak\/wp-json\/wp\/v2\/tags?post=17814"}],"curies":[{"name":"wp","href":"https:\/\/api.w.org\/{rel}","templated":true}]}}