{"id":17969,"date":"2024-04-12T19:00:00","date_gmt":"2024-04-12T16:00:00","guid":{"rendered":"https:\/\/millidusunce.com\/misak\/?p=17969&#038;preview=true&#038;preview_id=17969"},"modified":"2024-04-11T23:13:01","modified_gmt":"2024-04-11T20:13:01","slug":"siyasal-populizm-ve-tepki-oylari","status":"publish","type":"post","link":"https:\/\/millidusunce.com\/misak\/siyasal-populizm-ve-tepki-oylari\/","title":{"rendered":"Siyasal pop\u00fclizm ve tepki oylar\u0131"},"content":{"rendered":"<p>Her sosyal olay\u0131n, \u00f6nceli olan birtak\u0131m etkenler gibi \u00f6nceden tahmin edilen ve edilmeyen bir\u00e7ok sonu\u00e7lar\u0131 da bulunur. D\u00fc\u015f\u00fcnen insan zihni, her sosyal olaya, ge\u00e7mi\u015f, \u015fimdiki ve gelecek zaman boyutlar\u0131 \u00fczerinden neden-sonu\u00e7 ili\u015fkisi ba\u011flam\u0131nda anlam vermeye \u00e7al\u0131\u015f\u0131r. Buna kar\u015f\u0131l\u0131k, pop\u00fcler k\u00fclt\u00fcr ta\u015f\u0131y\u0131c\u0131s\u0131 kitle olaylara t\u0131pk\u0131 bir \u00e7ocuk gibi anl\u0131k duygulara g\u00f6re tepki verir.<\/p>\n<p>Pop\u00fcler k\u00fclt\u00fcr ta\u015f\u0131y\u0131c\u0131s\u0131 se\u00e7men, olaylar kar\u015f\u0131s\u0131nda mant\u0131kl\u0131 bir ba\u011f kurma konusunda ciddi bir gerileme ya\u015far. Ge\u00e7mi\u015fte olanlar k\u0131sa bir zamanda unutulur. \u015eimdiki zamanda olanlara bakarak, gelecekte nelerin meydana gelece\u011fine ili\u015fkin fazla bir d\u00fc\u015f\u00fcnme ve \u00f6ng\u00f6r\u00fcde bulunma al\u0131\u015fkanl\u0131\u011f\u0131 bulunmaz. Yaln\u0131zca i\u00e7inde ya\u015fan\u0131lan zamanda meydana gelen olaylara odaklan\u0131l\u0131r. Mevcut gidi\u015fata bakarak gelecekte kar\u015f\u0131la\u015f\u0131lacak baz\u0131 riskli durumlar, kendi ya\u015famlar\u0131n\u0131 fiilen olumsuz etkilemeye ba\u015flay\u0131ncaya kadar, pek sorun olarak g\u00f6r\u00fclmez.<\/p>\n<h2>Yerel se\u00e7imdeki se\u00e7men tepkisi<\/h2>\n<p>31 Mart 2024 yerel se\u00e7iminde, T\u00fcrk ekonomisinin sermaye yap\u0131s\u0131n\u0131 de\u011fi\u015ftiren, toplumun \u00f6nemli bir kesimini yoksullu\u011fa ve a\u00e7l\u0131\u011fa d\u00fc\u015f\u00fcren, \u00fclke n\u00fcfusunun demografik bile\u015fimini bozan iktidar bloku k\u0131smen bir oy kayb\u0131na u\u011frad\u0131. Yoksul se\u00e7men kitlesinin, art\u0131k dayan\u0131lmaz olan gelir kay\u0131plar\u0131ndan sonra destekledi\u011fi iktidar partisine tepki g\u00f6sterdi\u011fi g\u00f6r\u00fcld\u00fc.<\/p>\n<p>Bu se\u00e7imlerdeki tepki oylar\u0131n\u0131n, bilgi ve d\u00fc\u015f\u00fcnce temelli stratejik bir ak\u0131l y\u00fcr\u00fctmeden de\u011fil, se\u00e7menlerin b\u00fcy\u00fck \u00f6l\u00e7\u00fcde ekonomik y\u0131k\u0131ma u\u011framalar\u0131ndan ileri geldi\u011fi anla\u015f\u0131l\u0131yor. Stratejik d\u00fc\u015f\u00fcnce kapsam\u0131nda oy davran\u0131\u015f\u0131, ge\u00e7mi\u015fte ve i\u00e7inde ya\u015fan\u0131lan zamanda olan olaylar\u0131n, gelecek zaman diliminde nas\u0131l bir istikamet alaca\u011f\u0131na ili\u015fkin bilgi ve d\u00fc\u015f\u00fcnce temeline dayal\u0131 bir tercihtir. Bir karar ve hareketin stratejik olmas\u0131 i\u00e7in en az\u0131ndan 3-5 y\u0131ll\u0131k ve daha fazla bir zaman \u00f6ng\u00f6r\u00fcs\u00fcne sahip olmas\u0131 gerekir. Karar\u0131n ve hareketin, gelecekle ilgili kapsam\u0131 ne kadar geni\u015f ve zaman boyutu ne kadar uzun s\u00fcreli olursa stratejik y\u00f6n\u00fc o kadar y\u00fcksek olur.<\/p>\n<p>\u00dclkedeki mevcut egemen siyasal k\u00fclt\u00fcr\u00fcn, bilgi ve d\u00fc\u015f\u00fcnce nitelikli bir siyaset anlay\u0131\u015f\u0131na sahip olmad\u0131\u011f\u0131 g\u00f6r\u00fcl\u00fcyor. Pop\u00fcler k\u00fclt\u00fcr etkisi alt\u0131nda \u015fekillenen siyasette, bilgi ve d\u00fc\u015f\u00fcnce \u00f6\u011fesinden \u00e7ok, duygusal ve tepkici e\u011filimler etkili oluyor. Se\u00e7imlerde, i\u00e7inde ya\u015fan\u0131lan anl\u0131k durumlardan edinilen duygusall\u0131k e\u011filimi olduk\u00e7a belirleyici bir rol oynuyor. Bu son se\u00e7imde mevcut y\u00f6netime tepki koyan se\u00e7menler, e\u011fer ekonomiyi \u00e7\u00f6k\u00fc\u015fe g\u00f6t\u00fcren kararlar ve uygulamalar kar\u015f\u0131s\u0131nda daha \u00f6nceki se\u00e7imlerde stratejik bir oy davran\u0131\u015f\u0131 g\u00f6sterseydi, bug\u00fcn ya\u015fan\u0131lan ekonomik \u00e7\u00f6k\u00fc\u015f belki de ya\u015fanmazd\u0131.<\/p>\n<h2>Ger\u00e7ekten ortada bir mesaj var m\u0131?<\/h2>\n<p>31 Mart se\u00e7imlerinin sonu\u00e7lar\u0131na ili\u015fkin yorumlar s\u0131ras\u0131nda baz\u0131 siyaset\u00e7ilerin, \u2018gerekli mesaj\u0131 ald\u0131k\u2019 bi\u00e7iminde pop\u00fclist s\u00f6ylemleri oldu. Bir defa \u00fclkemizdeki siyasal k\u00fclt\u00fcrde parti y\u00f6neticileri, se\u00e7men beklentisini temsil etmekten \u00e7ok, s\u00fcrekli y\u00f6netici kalacaklar\u0131 bir \u00e7abay\u0131 s\u00fcrd\u00fcrme al\u0131\u015fkanl\u0131\u011f\u0131na sahipler. Ayr\u0131ca, se\u00e7menlerin ilgi ve duygular\u0131na hitap eden s\u00f6ylemler, simgeler ve g\u00f6rseller \u00fczerinden \u00e7o\u011funlukla kendi \u00e7\u0131karlar\u0131n\u0131 dayat\u0131rlar. Se\u00e7menlerini a\u015f\u0131r\u0131 bir propaganda a\u011f\u0131 i\u00e7inde tutan siyaset\u00e7ilerin, se\u00e7menden mesaj alma diye bir derdi de pek yoktur. Bu anlamda, \u2018mesaj ald\u0131k\u2019 s\u00f6ylemiyle mevcut se\u00e7menlerini parti \u00e7at\u0131s\u0131 alt\u0131nda tutma kurnazl\u0131\u011f\u0131na y\u00f6neliyorlar. Kald\u0131 ki pop\u00fcler k\u00fclt\u00fcr ta\u015f\u0131y\u0131c\u0131s\u0131 se\u00e7men kitlesi de zaten gelece\u011fe ili\u015fkin bir \u2018mesaj\u2019 verme iradesini pek g\u00f6stermez.<\/p>\n<p>Verilen oy yoluyla siyaset\u00e7iye mesaj vermek i\u00e7in yak\u0131n ve uzak gelece\u011fe ili\u015fkin belirli d\u00fczeyde bilgi ve d\u00fc\u015f\u00fcnceye sahip olmak gerekir. Bu d\u00fczeyde d\u00fc\u015f\u00fcnce ve duyarl\u0131l\u0131\u011f\u0131 olan se\u00e7menler, zaten salt \u00e7\u0131kar ve anlams\u0131z duygusall\u0131k i\u00e7inde oy verme davran\u0131\u015f\u0131n\u0131 \u0131srarla s\u00fcrd\u00fcrmez. Bilin\u00e7li se\u00e7men, oy davran\u0131\u015f\u0131n\u0131n muhtemel sonu\u00e7lar\u0131 hakk\u0131nda birtak\u0131m \u00f6ng\u00f6r\u00fclere sahip olmas\u0131 nedeniyle hukuki, ahlaki ve ekonomik kriz bata\u011f\u0131na d\u00fc\u015fmeden ak\u0131lc\u0131 tercihlerde bulunur. Oysa, pop\u00fcler k\u00fclt\u00fcr mensubu se\u00e7men kitlesi, k\u00f6t\u00fcle\u015fen ekonomik gidi\u015fat kendi kesesini ve can\u0131n\u0131 yak\u0131ncaya kadar ald\u0131r\u0131\u015f etmiyor. Se\u00e7menler, belirli bir bilgi ve d\u00fc\u015f\u00fcnce duyarl\u0131l\u0131\u011f\u0131na g\u00f6re hareket etmek yerine \u00e7o\u011funlukla eylemlerini \u2018anl\u0131k\u2019 duygularla ge\u00e7i\u015ftiriyor.<\/p>\n<h2>\u00c7ifte kavrulmu\u015f s\u00f6m\u00fcr\u00fc<\/h2>\n<p>T\u00fcrk ekonomisi, Amerikanc\u0131 12 Eyl\u00fcl darbesinden bu yana izlenen neo-liberal politikalar arac\u0131l\u0131\u011f\u0131yla ad\u0131m ad\u0131m s\u00f6m\u00fcrgele\u015ftirilme s\u00fcrecine sokuldu. T\u00fcrk ekonomisinin alt yap\u0131s\u0131n\u0131 ve \u00fcretim g\u00fcc\u00fcn\u00fc temsil eden \u00e7o\u011fu kamu kurulu\u015flar\u0131 \u00f6zelle\u015ftirildi ve t\u00fcketim art\u0131\u015f\u0131na oranla \u00fcretim yetersizli\u011fi ortaya \u00e7\u0131kt\u0131. Tar\u0131m ve sanayi yat\u0131r\u0131mlar\u0131 -kas\u0131tl\u0131 olarak-ihmal edilmeye ba\u015fland\u0131. D\u0131\u015f bor\u00e7lanma yoluyla elde edilen kaynaklar\u0131n \u00f6nemli bir k\u0131sm\u0131 ile temelsiz bir t\u00fcketim \u00e7\u0131lg\u0131nl\u0131\u011f\u0131 yarat\u0131ld\u0131. \u00dcretim taban\u0131 olmayan g\u00f6steri\u015f yat\u0131r\u0131mlar\u0131 ve harcamalar\u0131 sonucunda enflasyon y\u00fckselmeye ba\u015flad\u0131. Halk\u0131n, y\u00f6netim \u00fczerindeki demokratik denetimi, destek gruplar\u0131 ve a\u015f\u0131r\u0131 propaganda taraf\u0131ndan \u00e7eldirildi. Se\u00e7menlerin, se\u00e7ti\u011fi siyasal kadrolar \u00fczerindeki kay\u0131ts\u0131zl\u0131k ve ald\u0131rmazl\u0131\u011f\u0131 yolsuzluk ekonomisini adeta k\u0131\u015fk\u0131rtt\u0131. Ekonomideki yolsuzluk ve kay\u0131t d\u0131\u015f\u0131l\u0131\u011fa ba\u011fl\u0131 olarak artan israf ve g\u00f6steri\u015f t\u00fcketimi enflasyonist etkiyi h\u0131zland\u0131rd\u0131. Ba\u011flam\u0131ndan kopar\u0131lm\u0131\u015f \u2018nas\u2019 s\u00f6ylemi \u00fczerinden a\u00e7\u0131k\u00e7a bir kriz m\u00fchendisli\u011fi yap\u0131ld\u0131. \u00d6l\u00e7\u00fcs\u00fcz s\u0131\u011f\u0131nmac\u0131 n\u00fcfus art\u0131\u015f\u0131, y\u00fcksek enflasyonun daha fazla y\u00fckselmesine yol a\u00e7t\u0131. T\u00dcS\u0130AD\u2019c\u0131 patronlar kul\u00fcb\u00fcne ek olarak bir de M\u00dcS\u0130AD gibi dinci bir burjuva kesimi yarat\u0131ld\u0131. \u00dclkede s\u00f6m\u00fcr\u00fc oran\u0131 katlan\u0131p haks\u0131z ve g\u00fcd\u00fcml\u00fc bir a\u015f\u0131r\u0131 zenginle\u015fme ya\u015fan\u0131rken, halk\u0131n b\u00fcy\u00fck bir kesimi i\u00e7in yoksulluk giderek yayg\u0131nla\u015ft\u0131. Yap\u0131lan se\u00e7imlerde, yapay bir \u2018yerlilik\u2019 ve \u2018mill\u00eelik\u2019 hamasetinin b\u00fcy\u00fcs\u00fcne kap\u0131lan se\u00e7menler, kendilerinin yoksulla\u015fmas\u0131n\u0131 bir sorun olarak g\u00f6rmedi. Bir zamanlar, Sovyetler Birli\u011finde halk buz \u00fcst\u00fcnde ayakkab\u0131s\u0131z dola\u015f\u0131rken uzay teknolojileri g\u00f6sterileri ile uyutulmaya \u00e7al\u0131\u015f\u0131ld\u0131\u011f\u0131 gibi; a\u00e7 ve ila\u00e7s\u0131z, i\u015fsiz ve g\u00fc\u00e7s\u00fcz geni\u015f bir se\u00e7men kitlesine \u2018uzaya yolculuk\u2019 avuntular\u0131 sunuldu. Sonu\u00e7ta, halk\u0131n b\u00fcy\u00fck bir kesimi, ekmek, et, s\u00fct gibi temel beslenme maddelerine ula\u015fmada b\u00fcy\u00fck zorluklar ya\u015famaya ba\u015flad\u0131. Vurguncu kapitalist sistem yani \u2018m\u0131zrak \u00e7uvala s\u0131\u011fmad\u0131\u2019 ve se\u00e7menler ge\u00e7 de olsa olup bitenlere tepki g\u00f6sterdi.<\/p>\n<h2>Ge\u00e7 kalan tepki mesaj say\u0131lmaz<\/h2>\n<p>Pop\u00fcler k\u00fclt\u00fcr ile malul olan se\u00e7men, uzun bir s\u00fcredir varl\u0131k g\u00f6sterilerinin par\u0131lt\u0131s\u0131 alt\u0131nda saklanan yoksulla\u015fmaya, ancak fiilen ya\u015famaya ba\u015flad\u0131\u011f\u0131 zaman tepki g\u00f6sterdi. Se\u00e7men kitlesi, bu ekonomik y\u0131k\u0131nt\u0131n\u0131n \u00f6ncelleri ve ilk i\u015faretleri ortaya \u00e7\u0131kt\u0131\u011f\u0131 zaman tepki g\u00f6sterseydi, iktidar mensuplar\u0131na daha \u00f6nceden ger\u00e7ekten bir \u2018mesaj\u2019 vermi\u015f olurdu. Son se\u00e7imin g\u00f6sterdi\u011fi tepkisellik, bilgi ve d\u00fc\u015f\u00fcnceye dayal\u0131 bir mesaj olmaktan \u00e7ok, derin bir hayal k\u0131r\u0131kl\u0131\u011f\u0131n\u0131n se\u00e7im sand\u0131\u011f\u0131na yans\u0131mas\u0131 oldu.<\/p>\n<p>Asl\u0131nda, halk\u0131n bir y\u00fcksek k\u00fclt\u00fcr \u00f6\u011fesi olarak stratejik d\u00fc\u015f\u00fcnce ve \u00f6ng\u00f6r\u00fclere sahip olup stratejik bir hareket i\u00e7inde olmas\u0131 beklenmez. B\u00f6yle bir yetkinli\u011fe siyasal hareketlerin y\u00f6netici kadrolar\u0131n\u0131n sahip olmas\u0131 gerekir. Siyaset\u00e7iler, nispeten ba\u011f\u0131ms\u0131z karar alabilen ve hareket edebilen ger\u00e7ekten se\u00e7kin insanlar olmal\u0131yd\u0131. Kitleleri etkileme ve ikna etme g\u00fcc\u00fcne sahip olan siyaset\u00e7iler, gelecekte ortaya \u00e7\u0131kacak risklere kar\u015f\u0131 toplumu bilgi ve d\u00fc\u015f\u00fcnceleriyle daha \u00f6nceden uyarmal\u0131 ve bilin\u00e7lendirmeliydi. Yetersiz muhalif siyaset\u00e7iler, ekonomik \u00e7\u00f6k\u00fc\u015fe giden karar ve uygulamalar s\u0131ras\u0131nda se\u00e7menlerin daha erken zamanda oylar\u0131yla \u2018mesaj\u2019 vermesini sa\u011flamal\u0131yd\u0131.<\/p>\n<h2>Se\u00e7men hi\u00e7 olmazsa s\u0131\u011f\u0131nmac\u0131lar konusunda mesaj verseydi!<\/h2>\n<p>Pop\u00fcler k\u00fclt\u00fcr ta\u015f\u0131y\u0131c\u0131s\u0131 se\u00e7men, s\u0131\u011f\u0131nmac\u0131 ve ka\u00e7ak yabanc\u0131lar sorununu da pek alg\u0131layamad\u0131. \u0130ktidar ve muhalif siyaset\u00e7ilerin \u2018paral\u0131\u2019 kesimi, s\u0131\u011f\u0131nmac\u0131lar konusuna girmekten \u015fiddetle ka\u00e7\u0131nd\u0131. \u00dcstelik, s\u0131\u011f\u0131nmac\u0131lar\u0131n yol a\u00e7t\u0131\u011f\u0131 sorunlar fiilen ya\u015fanmaya ba\u015flad\u0131 ve yak\u0131n gelecekte daha \u015fiddetli sorunlarla kar\u015f\u0131la\u015f\u0131laca\u011f\u0131 \u015fimdiden belli oluyor. Se\u00e7menler, kendilerine y\u00f6nelik \u015fiddetli propagandan\u0131n etkisiyle d\u00fcnyan\u0131n en kalabal\u0131k s\u0131\u011f\u0131nmac\u0131 varl\u0131\u011f\u0131na pek ald\u0131r\u0131\u015f etmediler. Ke\u015fke se\u00e7menler, s\u0131\u011f\u0131nmac\u0131lar\u0131n yol a\u00e7aca\u011f\u0131 a\u011f\u0131r sorunlara kar\u015f\u0131 duyars\u0131z duran y\u00f6neticilere \u015fimdiden mesaj vermi\u015f olsayd\u0131.<\/p>\n<p>Se\u00e7menlerin \u00e7o\u011fu, y\u00fcksek enflasyon yoluyla ekonominin \u00e7\u00f6k\u00fc\u015f belirtilerine ald\u0131r\u0131\u015f etmeyip, tamamen kendi b\u00fct\u00e7elerini etkiledi\u011fi zaman ge\u00e7 kalm\u0131\u015f bir tepki g\u00f6sterdi. G\u00f6r\u00fcn\u00fc\u015fe bak\u0131l\u0131rsa T\u00fcrk Milleti, d\u00fcnyan\u0131n insan \u00e7\u00f6pl\u00fc\u011f\u00fc h\u00e2line getirilen T\u00fcrk Yurdundaki bu demografik i\u015fgalin nas\u0131l bir y\u0131k\u0131ma yol a\u00e7t\u0131\u011f\u0131n\u0131 ancak kendilerine fiilen dokundu\u011fu zaman anlayacak gibi. O zaman verilen tepki ne kadar anlaml\u0131 olabilir ki?<\/p>\n","protected":false},"excerpt":{"rendered":"<p>Pop\u00fcler k\u00fclt\u00fcr ile malul olan se\u00e7men, uzun bir s\u00fcredir varl\u0131k g\u00f6sterilerinin par\u0131lt\u0131s\u0131 alt\u0131nda saklanan yoksulla\u015fmaya, ancak fiilen ya\u015famaya ba\u015flad\u0131\u011f\u0131 zaman tepki g\u00f6sterdi.<\/p>\n","protected":false},"author":187,"featured_media":17970,"comment_status":"open","ping_status":"open","sticky":false,"template":"","format":"standard","meta":{"_links_to":"","_links_to_target":""},"categories":[2],"tags":[2295,2312,435,2820,432,2819,2818],"yoast_head":"<!-- This site is optimized with the Yoast SEO plugin v16.0.2 - https:\/\/yoast.com\/wordpress\/plugins\/seo\/ -->\n<title>Siyasal pop\u00fclizm ve tepki oylar\u0131 - M\u0130SAK- Mill\u00ee Strateji Ara\u015ft\u0131rma Kurulu<\/title>\n<meta name=\"description\" content=\"Verilen oy yoluyla siyaset\u00e7iye mesaj vermek i\u00e7in yak\u0131n ve uzak gelece\u011fe ili\u015fkin belirli d\u00fczeyde bilgi ve d\u00fc\u015f\u00fcnceye sahip olmak gerekir.\" \/>\n<link rel=\"canonical\" href=\"https:\/\/millidusunce.com\/misak\/siyasal-populizm-ve-tepki-oylari\/\" \/>\n<meta property=\"og:locale\" content=\"tr_TR\" \/>\n<meta property=\"og:type\" content=\"article\" \/>\n<meta property=\"og:title\" content=\"Siyasal pop\u00fclizm ve tepki oylar\u0131 - M\u0130SAK- Mill\u00ee Strateji Ara\u015ft\u0131rma Kurulu\" \/>\n<meta property=\"og:description\" content=\"Verilen oy yoluyla siyaset\u00e7iye mesaj vermek i\u00e7in yak\u0131n ve uzak gelece\u011fe ili\u015fkin belirli d\u00fczeyde bilgi ve d\u00fc\u015f\u00fcnceye sahip olmak gerekir.\" \/>\n<meta property=\"og:url\" content=\"https:\/\/millidusunce.com\/misak\/siyasal-populizm-ve-tepki-oylari\/\" \/>\n<meta property=\"og:site_name\" content=\"M\u0130SAK- Mill\u00ee Strateji Ara\u015ft\u0131rma Kurulu\" \/>\n<meta property=\"article:published_time\" content=\"2024-04-12T16:00:00+00:00\" \/>\n<meta property=\"article:modified_time\" content=\"2024-04-11T20:13:01+00:00\" \/>\n<meta property=\"og:image\" content=\"https:\/\/millidusunce.com\/misak\/wp-content\/uploads\/2024\/04\/YONETICI-ODAKLI-YONETIMLER.jpg\" \/>\n\t<meta property=\"og:image:width\" content=\"1200\" \/>\n\t<meta property=\"og:image:height\" content=\"800\" \/>\n<meta name=\"twitter:card\" content=\"summary_large_image\" \/>\n<meta name=\"twitter:label1\" content=\"Tahmini okuma s\u00fcresi\">\n\t<meta name=\"twitter:data1\" content=\"5 dakika\">\n<script type=\"application\/ld+json\" class=\"yoast-schema-graph\">{\"@context\":\"https:\/\/schema.org\",\"@graph\":[{\"@type\":\"Organization\",\"@id\":\"https:\/\/millidusunce.com\/misak\/#organization\",\"name\":\"Mill\\u00ee D\\u00fc\\u015f\\u00fcnce Merkezi\",\"url\":\"https:\/\/millidusunce.com\/misak\/\",\"sameAs\":[],\"logo\":{\"@type\":\"ImageObject\",\"@id\":\"https:\/\/millidusunce.com\/misak\/#logo\",\"inLanguage\":\"tr\",\"url\":\"https:\/\/millidusunce.com\/misak\/wp-content\/uploads\/2018\/09\/mdmLogo-yazisiz.jpg\",\"width\":422,\"height\":422,\"caption\":\"Mill\\u00ee D\\u00fc\\u015f\\u00fcnce Merkezi\"},\"image\":{\"@id\":\"https:\/\/millidusunce.com\/misak\/#logo\"}},{\"@type\":\"WebSite\",\"@id\":\"https:\/\/millidusunce.com\/misak\/#website\",\"url\":\"https:\/\/millidusunce.com\/misak\/\",\"name\":\"M\\u0130SAK- Mill\\u00ee Strateji Ara\\u015ft\\u0131rma Kurulu\",\"description\":\"D\\u00fcnyaya T\\u00fcrk\\u00e7\\u00fc Bak\\u0131\\u015f\",\"publisher\":{\"@id\":\"https:\/\/millidusunce.com\/misak\/#organization\"},\"potentialAction\":[{\"@type\":\"SearchAction\",\"target\":\"https:\/\/millidusunce.com\/misak\/?s={search_term_string}\",\"query-input\":\"required name=search_term_string\"}],\"inLanguage\":\"tr\"},{\"@type\":\"ImageObject\",\"@id\":\"https:\/\/millidusunce.com\/misak\/siyasal-populizm-ve-tepki-oylari\/#primaryimage\",\"inLanguage\":\"tr\",\"url\":\"https:\/\/millidusunce.com\/misak\/wp-content\/uploads\/2024\/04\/YONETICI-ODAKLI-YONETIMLER.jpg\",\"width\":1200,\"height\":800},{\"@type\":\"WebPage\",\"@id\":\"https:\/\/millidusunce.com\/misak\/siyasal-populizm-ve-tepki-oylari\/#webpage\",\"url\":\"https:\/\/millidusunce.com\/misak\/siyasal-populizm-ve-tepki-oylari\/\",\"name\":\"Siyasal pop\\u00fclizm ve tepki oylar\\u0131 - M\\u0130SAK- Mill\\u00ee Strateji Ara\\u015ft\\u0131rma Kurulu\",\"isPartOf\":{\"@id\":\"https:\/\/millidusunce.com\/misak\/#website\"},\"primaryImageOfPage\":{\"@id\":\"https:\/\/millidusunce.com\/misak\/siyasal-populizm-ve-tepki-oylari\/#primaryimage\"},\"datePublished\":\"2024-04-12T16:00:00+00:00\",\"dateModified\":\"2024-04-11T20:13:01+00:00\",\"description\":\"Verilen oy yoluyla siyaset\\u00e7iye mesaj vermek i\\u00e7in yak\\u0131n ve uzak gelece\\u011fe ili\\u015fkin belirli d\\u00fczeyde bilgi ve d\\u00fc\\u015f\\u00fcnceye sahip olmak gerekir.\",\"breadcrumb\":{\"@id\":\"https:\/\/millidusunce.com\/misak\/siyasal-populizm-ve-tepki-oylari\/#breadcrumb\"},\"inLanguage\":\"tr\",\"potentialAction\":[{\"@type\":\"ReadAction\",\"target\":[\"https:\/\/millidusunce.com\/misak\/siyasal-populizm-ve-tepki-oylari\/\"]}]},{\"@type\":\"BreadcrumbList\",\"@id\":\"https:\/\/millidusunce.com\/misak\/siyasal-populizm-ve-tepki-oylari\/#breadcrumb\",\"itemListElement\":[{\"@type\":\"ListItem\",\"position\":1,\"item\":{\"@type\":\"WebPage\",\"@id\":\"https:\/\/millidusunce.com\/misak\/\",\"url\":\"https:\/\/millidusunce.com\/misak\/\",\"name\":\"Anasayfa\"}},{\"@type\":\"ListItem\",\"position\":2,\"item\":{\"@type\":\"WebPage\",\"@id\":\"https:\/\/millidusunce.com\/misak\/siyasal-populizm-ve-tepki-oylari\/\",\"url\":\"https:\/\/millidusunce.com\/misak\/siyasal-populizm-ve-tepki-oylari\/\",\"name\":\"Siyasal pop\\u00fclizm ve tepki oylar\\u0131\"}}]},{\"@type\":\"Article\",\"@id\":\"https:\/\/millidusunce.com\/misak\/siyasal-populizm-ve-tepki-oylari\/#article\",\"isPartOf\":{\"@id\":\"https:\/\/millidusunce.com\/misak\/siyasal-populizm-ve-tepki-oylari\/#webpage\"},\"author\":{\"@id\":\"https:\/\/millidusunce.com\/misak\/#\/schema\/person\/86e77b4ef9727f2b319f15545b567b4b\"},\"headline\":\"Siyasal pop\\u00fclizm ve tepki oylar\\u0131\",\"datePublished\":\"2024-04-12T16:00:00+00:00\",\"dateModified\":\"2024-04-11T20:13:01+00:00\",\"mainEntityOfPage\":{\"@id\":\"https:\/\/millidusunce.com\/misak\/siyasal-populizm-ve-tepki-oylari\/#webpage\"},\"commentCount\":0,\"publisher\":{\"@id\":\"https:\/\/millidusunce.com\/misak\/#organization\"},\"image\":{\"@id\":\"https:\/\/millidusunce.com\/misak\/siyasal-populizm-ve-tepki-oylari\/#primaryimage\"},\"keywords\":\"politika,pop\\u00fclizm,se\\u00e7im,se\\u00e7im 2024,Siyaset,tepki oylar\\u0131,yerel se\\u00e7im\",\"inLanguage\":\"tr\",\"potentialAction\":[{\"@type\":\"CommentAction\",\"name\":\"Comment\",\"target\":[\"https:\/\/millidusunce.com\/misak\/siyasal-populizm-ve-tepki-oylari\/#respond\"]}]},{\"@type\":\"Person\",\"@id\":\"https:\/\/millidusunce.com\/misak\/#\/schema\/person\/86e77b4ef9727f2b319f15545b567b4b\",\"name\":\"Feyzullah Ero\\u011flu\",\"image\":{\"@type\":\"ImageObject\",\"@id\":\"https:\/\/millidusunce.com\/misak\/#personlogo\",\"inLanguage\":\"tr\",\"url\":\"https:\/\/secure.gravatar.com\/avatar\/12f633f52df0824807218d998abda2c5?s=96&d=mm&r=g\",\"caption\":\"Feyzullah Ero\\u011flu\"}}]}<\/script>\n<!-- \/ Yoast SEO plugin. -->","_links":{"self":[{"href":"https:\/\/millidusunce.com\/misak\/wp-json\/wp\/v2\/posts\/17969"}],"collection":[{"href":"https:\/\/millidusunce.com\/misak\/wp-json\/wp\/v2\/posts"}],"about":[{"href":"https:\/\/millidusunce.com\/misak\/wp-json\/wp\/v2\/types\/post"}],"author":[{"embeddable":true,"href":"https:\/\/millidusunce.com\/misak\/wp-json\/wp\/v2\/users\/187"}],"replies":[{"embeddable":true,"href":"https:\/\/millidusunce.com\/misak\/wp-json\/wp\/v2\/comments?post=17969"}],"version-history":[{"count":1,"href":"https:\/\/millidusunce.com\/misak\/wp-json\/wp\/v2\/posts\/17969\/revisions"}],"predecessor-version":[{"id":17971,"href":"https:\/\/millidusunce.com\/misak\/wp-json\/wp\/v2\/posts\/17969\/revisions\/17971"}],"wp:featuredmedia":[{"embeddable":true,"href":"https:\/\/millidusunce.com\/misak\/wp-json\/wp\/v2\/media\/17970"}],"wp:attachment":[{"href":"https:\/\/millidusunce.com\/misak\/wp-json\/wp\/v2\/media?parent=17969"}],"wp:term":[{"taxonomy":"category","embeddable":true,"href":"https:\/\/millidusunce.com\/misak\/wp-json\/wp\/v2\/categories?post=17969"},{"taxonomy":"post_tag","embeddable":true,"href":"https:\/\/millidusunce.com\/misak\/wp-json\/wp\/v2\/tags?post=17969"}],"curies":[{"name":"wp","href":"https:\/\/api.w.org\/{rel}","templated":true}]}}