{"id":18002,"date":"2024-05-11T11:00:00","date_gmt":"2024-05-11T08:00:00","guid":{"rendered":"https:\/\/millidusunce.com\/misak\/?p=18002&#038;preview=true&#038;preview_id=18002"},"modified":"2024-05-11T00:22:15","modified_gmt":"2024-05-10T21:22:15","slug":"50-yilinda-kibris-baris-harekati-ve-sonuclari","status":"publish","type":"post","link":"https:\/\/millidusunce.com\/misak\/50-yilinda-kibris-baris-harekati-ve-sonuclari\/","title":{"rendered":"50. Y\u0131l\u0131nda K\u0131br\u0131s Bar\u0131\u015f Harekat\u0131 ve Sonu\u00e7lar\u0131"},"content":{"rendered":"<p>Her iki Merkez\u2019in ortakla\u015fa d\u00fczenledi\u011fi\u00a0 etkinlik geni\u015f bir kat\u0131l\u0131mla ger\u00e7ekle\u015fmi\u015ftir. K\u0131br\u0131s Bar\u0131\u015f Harekat\u0131\u2019na kat\u0131lm\u0131\u015f olan \u00a0Emekli Tu\u011fgeneral <strong>Cemal Ergun Eru\u00e7<\/strong> ve Emekli\u00a0 Albay <strong>Mithat I\u015f\u0131k<\/strong>\u2019\u0131n an\u0131lar\u0131n\u0131\u00a0 dinleyince\u00a0 y\u0131llar \u00f6ncesine gittim.<\/p>\n<p>K\u0131br\u0131s Bar\u0131\u015f Harekat\u0131, <strong>20 Temmuz 1974<\/strong> tarihinde Ba\u015fbakan\u00a0B\u00fclent Ecevit\u2019in emriyle\u00a0TSK\u2019nin ba\u015flatt\u0131\u011f\u0131 asker\u00ee harekatt\u0131r.\u00a0Harekat\u0131n ilk aya\u011f\u0131\u00a0Yunanistan\u2019\u0131n deste\u011fiyle yap\u0131lan\u00a0 15 Temmuz darbesinin\u00a0ard\u0131ndan d\u00fczenlenmi\u015ftir. 14 A\u011fustos g\u00fcn\u00fc ba\u015flat\u0131lan ikinci harekatla\u00a0\u00a0 adan\u0131n y\u00fczde 37&#8217;si T\u00fcrk kontrol\u00fcne ge\u00e7mi\u015ftir.\u00a0 140 bin ile 200 bin\u00a0 Rum adan\u0131n kuzeyinden; 42 bin ile <sup>\u00a0<\/sup>\u00a065 bin T\u00fcrk adan\u0131n g\u00fcneyinden g\u00f6\u00e7men olmu\u015ftur.<\/p>\n<p><strong>T\u00fcrkiye harekat\u0131n, Z\u00fcrih ve Londra Antla\u015fmas\u0131\u2019n\u0131n 4\u2019nc\u00fc maddesine \u00a0dayan\u0131larak d\u00fczenlendi\u011fini a\u00e7\u0131klarken, Avrupa Konseyi\u00a0\u00a0 harekat\u0131 i\u015fgal olarak de\u011ferlendirmi\u015ftir. <\/strong><\/p>\n<p>Bu, Avrupa Konseyi\u2019nin \u00e7ifte standard\u0131d\u0131r. Buna ben <em>\u201cBOBON Kriterleri\u201d<\/em> diyorum. BO: <strong>B<\/strong>izden <strong>O<\/strong>lanlar, BON: <strong>B<\/strong>izden <strong>O<\/strong>lmaya<strong>N<\/strong>lar. Bu \u00e7ifte standart T\u00fcrkiye Avrupa Birli\u011fi ili\u015fkilerinde de ge\u00e7erli oldu\u011fu i\u00e7in eski kom\u00fcnist \u00fclkeler Romanya ve Bulgaristan AB \u00fcyesi olmalar\u0131na ra\u011fmen, T\u00fcrkiye kap\u0131da bekletilmektedir. <strong>\u00c7\u00fcnk\u00fc BON kapsam\u0131nda de\u011ferlendirilmektedir.<\/strong><\/p>\n<p>\u015eimdi bu vesile ile bir an\u0131m\u0131 payla\u015fmak istiyorum<strong>. 20 Temmuz 1974 <\/strong><strong>Cumartesi<\/strong> g\u00fcn\u00fc bo\u015f olan <strong>Eski\u015fehir \u0130T\u0130A<\/strong> Ba\u015fkan lojman\u0131nda doktora tez \u00e7al\u0131\u015fmalar\u0131m\u0131 tamamlamak \u00fczereydim. \u00c7al\u0131\u015fmalar\u0131ma ara verip bah\u00e7eye \u00e7\u0131kt\u0131\u011f\u0131mda Eski\u015fehir Hava \u00dcss\u00fc\u2019nden kalkan 131, 132, 171 ve 172\u2019nci F-100\u00a0u\u00e7aklar\u0131n\u0131n\u00a0 \u00f6nce Bat\u0131\u2019ya ve daha sonra G\u00fcney\u2019e y\u00f6neldi\u011fini fark ettim ama buna bir anlam veremedim. Ak\u015fam eve gelince ger\u00e7e\u011fi anlad\u0131m.<\/p>\n<p>Rumlar\u0131n K\u0131br\u0131s T\u00fcrklerine y\u00f6nelik etnik temizlik yapmas\u0131na ve b\u00fcy\u00fck bir asker\u00ee g\u00fc\u00e7le Erenk\u00f6y&#8217;e sald\u0131r\u0131lar\u0131na son vermek amac\u0131yla\u00a0 T\u00fcrkiye&#8217;nin\u00a0<strong>8 A\u011fustos 1964<\/strong>&#8216;te ger\u00e7ekle\u015ftirdi\u011fi hava harekat\u0131nda u\u00e7a\u011f\u0131n\u0131n d\u00fc\u015fmesi sonucu esir al\u0131nd\u0131ktan sonra i\u015fkenceyle \u015fehit edilen Pilot Y\u00fczba\u015f\u0131 <strong>Cengiz Topel<\/strong>&#8216;in Eski\u015fehir merkezinde heykeli vard\u0131r.<\/p>\n<p>K\u0131br\u0131s Bar\u0131\u015f Harekat\u0131\u2019na kat\u0131lm\u0131\u015f Em.Tu\u011f. <strong>Cemal Ergun<\/strong> <strong>Eru\u00e7<\/strong>, Em. Kd. Komd. Albay <strong>Mithat I\u015f\u0131k<\/strong>, KKTC\u2019nin eski Ankara B\u00fcy\u00fckel\u00e7isi, SBF\u2019den s\u0131n\u0131f arkada\u015f\u0131m <strong>Ahmet Zeki Bulun\u00e7<\/strong> ve Prof. Dr. <strong>Hasan \u00dcnal<\/strong>\u2019\u0131n panelist oldu\u011fu etkinlik, sayg\u0131 duru\u015fu ve \u0130stiklal Mar\u015f\u0131\u2019n\u0131n s\u00f6ylenmesi ile ba\u015flam\u0131\u015f, K\u0131br\u0131s Bar\u0131\u015f Harekat\u0131 ile \u00f6zde\u015fle\u015fen <em>\u201cBir gece ans\u0131z\u0131n gelebilirim\u201d <\/em>ve <em>\u201cMemleketim\u201d<\/em> par\u00e7alar\u0131 <strong>Sevim Balyemez<\/strong> taraf\u0131ndan icra edildikten sonra panelin a\u00e7\u0131l\u0131\u015f konu\u015fmas\u0131, K\u0131br\u0131s T\u00fcrk tarihi Ara\u015ft\u0131rmalar\u0131 Merkezi M\u00fcd\u00fcr\u00fc Do\u00e7. Dr. <strong>Mehmet Balyemez<\/strong> taraf\u0131ndan yap\u0131lm\u0131\u015ft\u0131r.<\/p>\n<p>Ba\u015fkent \u00dcniversitesi Rekt\u00f6r Vekili Prof. Dr. <strong>Hakan \u00d6zkarde\u015f<\/strong> K\u0131br\u0131s Bar\u0131\u015f Harekat\u0131 s\u0131ras\u0131ndaki hat\u0131ralar\u0131n\u0131 payla\u015fm\u0131\u015f, K\u0131br\u0131s Bar\u0131\u015f Harekat\u0131\u2019n\u0131n mill\u00ee bir dava oldu\u011funu a\u00e7\u0131klam\u0131\u015ft\u0131r. T\u00fcrkiye Muharip Gaziler Derne\u011fi Ba\u015fkan\u0131 <strong>Beyaz\u0131t Yumuk<\/strong> K\u0131br\u0131s\u2019ta 1950-1974 y\u0131llar\u0131nda ya\u015fanan olaylar\u0131 a\u00e7\u0131klam\u0131\u015f, K\u0131br\u0131s konusundaki etkinliklerinden dolay\u0131 Ba\u015fkent \u00dcniversitesi K\u0131br\u0131s T\u00fcrk Tarihi Ara\u015ft\u0131rmalar\u0131 Merkezi\u2019ne te\u015fekk\u00fcr etmi\u015ftir.<\/p>\n<p>KKTC B\u00fcy\u00fckel\u00e7i Vekili Ge\u00e7ici Maslahatg\u00fczar <strong>Fatma Soykan<\/strong>, K\u0131br\u0131s Bar\u0131\u015f Harekat\u0131\u2019n\u0131n \u00f6nemine vurgu yapm\u0131\u015f, egemen e\u015fit iki devletli \u00e7\u00f6z\u00fcm\u00fcn K\u0131br\u0131s\u2019ta uygulanmas\u0131 gereken nihai sonu\u00e7 olaca\u011f\u0131n\u0131 a\u00e7\u0131klam\u0131\u015ft\u0131r. K\u0131br\u0131s T\u00fcrk Tarihi Ara\u015ft\u0131rmalar\u0131 Merkezi M\u00fcd\u00fcr\u00fc Do\u00e7. Dr. Mehmet Balyemez\u2019e K\u0131br\u0131s davas\u0131na yapt\u0131\u011f\u0131 katk\u0131lardan dolay\u0131 te\u015fekk\u00fcr etmi\u015ftir.<\/p>\n<p>\u0130lk paneli Do\u00e7. Dr. <strong>Mehmet Balyemez<\/strong> y\u00f6netmi\u015ftir. 1974 y\u0131l\u0131nda K\u0131br\u0131s T\u00fcrk Alay\u0131\u2019nda te\u011fmen r\u00fctbesi ile g\u00f6rev yapan Em. Komd. Albay Mithat I\u015f\u0131k, harekat \u00f6ncesinde ya\u015fad\u0131klar\u0131n\u0131 a\u00e7\u0131klam\u0131\u015f, daha sonra s\u00f6z alan Em. Tu\u011fg. Cemal Ergun Eru\u00e7 ise 1960-1962 y\u0131llar\u0131 aras\u0131nda K\u0131br\u0131s Cumhuriyeti ordusundaki hat\u0131ralar\u0131n\u0131 payla\u015fm\u0131\u015ft\u0131r. Harekat \u00f6ncesi komando birliklerinin olu\u015fturulmas\u0131 ve bunlar\u0131n K\u0131br\u0131s\u2019a harekat yapabilme becerilerinin geli\u015ftirilmesi s\u00fcrecinde ya\u015fad\u0131klar\u0131n\u0131 ve Bar\u0131\u015f St. Hillarion b\u00f6lgesindeki \u00e7at\u0131\u015fmalar\u0131 a\u00e7\u0131klam\u0131\u015ft\u0131r.<\/p>\n<p>Panelin ikinci oturumu, \u0130\u0130BF Dekan\u0131 Prof. Dr. <strong>Yelda Ongun<\/strong>\u2019un y\u00f6netiminde ger\u00e7ekle\u015ftirilmi\u015ftir. \u0130lk konu\u015fmac\u0131 Emekli B\u00fcy\u00fckel\u00e7i <strong>Ahmet Zeki Bulun\u00e7<\/strong>, 15-23 Temmuz 1974 tarihleri aras\u0131nda K\u0131br\u0131s\u2019ta kamu g\u00f6revinde oldu\u011funu, Nikos Sampson darbesini nas\u0131l \u00f6\u011frendi\u011fini, seferberlik ilan\u0131n\u0131 ve Bo\u011faz b\u00f6lgesindeki \u00e7at\u0131\u015fmalar\u0131 a\u00e7\u0131klam\u0131\u015ft\u0131r.<\/p>\n<p>Prof. Dr. <strong>Hasan \u00dcnal<\/strong> ise K\u0131br\u0131s sorununun \u00e7ok kutuplu d\u00fcnya d\u00fczeninde \u00e7\u00f6z\u00fclebilece\u011fini, bunun i\u00e7in uygun \u015fartlar\u0131n olu\u015ftu\u011funu, Rusya Federasyonu ve T\u00fcrk Devletler Te\u015fkilat\u0131 ile geli\u015ftirilecek ili\u015fkilerle KKTC\u2019nin tan\u0131nma s\u00fcrecinin h\u0131zlanaca\u011f\u0131n\u0131, bunun i\u00e7in partiler \u00fcst\u00fc bir anlay\u0131\u015fla Eylem Plan\u0131n\u0131n haz\u0131rlanmas\u0131na ihtiya\u00e7 oldu\u011funu a\u00e7\u0131klam\u0131\u015ft\u0131r.<\/p>\n<p>Panel K\u0131br\u0131s gazileri ve kat\u0131l\u0131mc\u0131lar\u0131n \u00e7ektirdikleri hat\u0131ra foto\u011fraf\u0131 ile sona ermi\u015ftir. B\u00f6yle \u00f6nemli bir etkinli\u011fin Ba\u015fkent \u00dcniversitesi\u2019nde d\u00fczelenmi\u015f olmas\u0131na katk\u0131da bulunan t\u00fcm eme\u011fi ge\u00e7enleri ve K\u0131br\u0131s T\u00fcrk Tarihi Ara\u015ft\u0131rmalar\u0131 Merkezi M\u00fcd\u00fcr\u00fc say\u0131n Do\u00e7. Dr. Mehmet Balyemez\u2019i tebrik ediyorum.<\/p>\n","protected":false},"excerpt":{"rendered":"<p>Ba\u015fkent \u00dcniversitesi K\u0131br\u0131s T\u00fcrk Tarihi Ara\u015ft\u0131rmalar\u0131 Merkezi ile  Stratejik Ara\u015ft\u0131rmalar ve Uygulama Merkezi i\u015fbirli\u011finde planlanan \u201c50\u2019nci Y\u0131l\u0131nda K\u0131br\u0131s Bar\u0131\u015f Harekat\u0131 ve Sonu\u00e7lar\u0131\u201d paneli 2 May\u0131s 2024  tarihinde Ankara\u2019da Prof. Dr. \u0130hsan Do\u011framac\u0131 Konferans salonunda  yap\u0131lm\u0131\u015ft\u0131r.<\/p>\n","protected":false},"author":3,"featured_media":18003,"comment_status":"open","ping_status":"open","sticky":false,"template":"","format":"standard","meta":{"_ef_editorial_meta_date_first-draft-date":"","_ef_editorial_meta_paragraph_assignment":"","footnotes":"","_links_to":"","_links_to_target":""},"categories":[2],"tags":[1921,1718,2835,2382,406],"coauthors":[6],"class_list":["post-18002","post","type-post","status-publish","format-standard","has-post-thumbnail","hentry","category-genel","tag-1921","tag-bir-zamanlar-kibris","tag-cengiz-topel","tag-kibris-baris-harekati","tag-kuzey-kibris-turk-cumhuriyeti"],"_links":{"self":[{"href":"https:\/\/millidusunce.com\/misak\/wp-json\/wp\/v2\/posts\/18002","targetHints":{"allow":["GET"]}}],"collection":[{"href":"https:\/\/millidusunce.com\/misak\/wp-json\/wp\/v2\/posts"}],"about":[{"href":"https:\/\/millidusunce.com\/misak\/wp-json\/wp\/v2\/types\/post"}],"author":[{"embeddable":true,"href":"https:\/\/millidusunce.com\/misak\/wp-json\/wp\/v2\/users\/3"}],"replies":[{"embeddable":true,"href":"https:\/\/millidusunce.com\/misak\/wp-json\/wp\/v2\/comments?post=18002"}],"version-history":[{"count":2,"href":"https:\/\/millidusunce.com\/misak\/wp-json\/wp\/v2\/posts\/18002\/revisions"}],"predecessor-version":[{"id":18005,"href":"https:\/\/millidusunce.com\/misak\/wp-json\/wp\/v2\/posts\/18002\/revisions\/18005"}],"wp:featuredmedia":[{"embeddable":true,"href":"https:\/\/millidusunce.com\/misak\/wp-json\/wp\/v2\/media\/18003"}],"wp:attachment":[{"href":"https:\/\/millidusunce.com\/misak\/wp-json\/wp\/v2\/media?parent=18002"}],"wp:term":[{"taxonomy":"category","embeddable":true,"href":"https:\/\/millidusunce.com\/misak\/wp-json\/wp\/v2\/categories?post=18002"},{"taxonomy":"post_tag","embeddable":true,"href":"https:\/\/millidusunce.com\/misak\/wp-json\/wp\/v2\/tags?post=18002"},{"taxonomy":"author","embeddable":true,"href":"https:\/\/millidusunce.com\/misak\/wp-json\/wp\/v2\/coauthors?post=18002"}],"curies":[{"name":"wp","href":"https:\/\/api.w.org\/{rel}","templated":true}]}}