{"id":18115,"date":"2024-07-01T19:00:00","date_gmt":"2024-07-01T16:00:00","guid":{"rendered":"https:\/\/millidusunce.com\/misak\/?p=18115&#038;preview=true&#038;preview_id=18115"},"modified":"2024-07-01T01:19:59","modified_gmt":"2024-06-30T22:19:59","slug":"hukuk-baglaminda-milli-egemenlik","status":"publish","type":"post","link":"https:\/\/millidusunce.com\/misak\/hukuk-baglaminda-milli-egemenlik\/","title":{"rendered":"Hukuk ba\u011flam\u0131nda mill\u00ee egemenlik"},"content":{"rendered":"<p>Bir millet kendi kaderini tayinde siyasi, ekonomik ve sosyal d\u00fczenini kendi kararlar\u0131yla kurma g\u00fcc\u00fcne sahipse esas olarak o milletin devleti egemendir.<\/p>\n<p>Egemenli\u011fin kayna\u011f\u0131n\u0131 a\u00e7\u0131klayan kuramlar, tanr\u0131sal ve demokratik kuramlard\u0131r. Tarihin seyri i\u00e7erisinde g\u00f6r\u00fclmektedir ki, di\u011fer toplumlarda oldu\u011fu gibi eski T\u00fcrk toplumlar\u0131nda da h\u00fck\u00fcmdara idare etme hakk\u0131n\u0131n Tanr\u0131 taraf\u0131ndan verildi\u011fine inan\u0131lmaktad\u0131r. Ancak di\u011fer topluluklardan farkl\u0131 olarak T\u00fcrk h\u00fck\u00fcmdarlar\u0131 insan \u00fcst\u00fc birer varl\u0131k say\u0131lmay\u0131p onun da normal bir insan oldu\u011funa inan\u0131lmaktad\u0131r. Buna ek olarak T\u00fcrk t\u00f6resi h\u00fck\u00fcmdarlara sonsuz siyasi iktidar hakk\u0131 tan\u0131mamaktad\u0131r. H\u00fck\u00fcmdar vazifelerini yapamazsa siyasi iktidar Tanr\u0131 taraf\u0131ndan geri al\u0131nd\u0131\u011f\u0131 d\u00fc\u015f\u00fcncesi ile iktidardan d\u00fc\u015f\u00fcr\u00fclmekteydi.<\/p>\n<p>\u0130nsanl\u0131\u011f\u0131n ge\u00e7irdi\u011fi a\u015famalar neticesinde iktidar\u0131n kayna\u011f\u0131n\u0131n millete ve halka ait oldu\u011fu ileri s\u00fcr\u00fclm\u00fc\u015f ve me\u015fruluk anlay\u0131\u015f\u0131 hukuki bir temele oturmu\u015ftur. Bireyin hak ve \u00f6zg\u00fcrl\u00fcklerinin iktidara kar\u015f\u0131 korunmas\u0131 sa\u011flam ve hakl\u0131 bir dayana\u011fa kavu\u015fmu\u015ftur.<\/p>\n<p>Bu durumun fark\u0131nda olan ve g\u00fc\u00e7l\u00fc bir devlet kurmak i\u00e7in m\u00fccadele eden Atat\u00fcrk, T\u00fcrk Devleti\u2019nin dayand\u0131\u011f\u0131 esaslar\u0131 tam ba\u011f\u0131ms\u0131zl\u0131k ve mill\u00ee egemenlik olarak belirlemi\u015ftir.<\/p>\n<p>Egemenlik kavram\u0131na dair tart\u0131\u015f\u0131lan konular; \u201cDevlette egemenli\u011fin sahibi kimdir? Y\u00f6netenler, y\u00f6netme g\u00fcc\u00fcn\u00fc nereden al\u0131rlar?\u201d Anayasa Hukuku\u2019nun en \u00f6nemli sorunlar\u0131ndan biridir.<\/p>\n<h2>Mill\u00ee egemenlik ve dayand\u0131\u011f\u0131 yasal d\u00fczenlemeler<\/h2>\n<p>Birinci Meclisin kurucu meclis niyetiyle topland\u0131\u011f\u0131 a\u00e7\u0131kt\u0131r. Kurucu irade vasf\u0131yla ola\u011fan\u00fcst\u00fc yetkiler kullan\u0131lmas\u0131n\u0131 fiilen m\u00fcmk\u00fcn k\u0131lan \u015fey, kurucu iradeyi tarih sahnesine \u00e7\u0131karan b\u00fcy\u00fck kriz ve bunun \u00e7\u00f6z\u00fcm\u00fc hususunda g\u00f6sterilen ba\u015far\u0131d\u0131r.<\/p>\n<p>Saltanattan Cumhuriyet\u2019e ge\u00e7i\u015f s\u00fcrecinde TBMM\u2019nin \u00e7\u0131kartt\u0131\u011f\u0131 temel kanunlar bak\u0131m\u0131ndan \u00fc\u00e7 tarih \u00f6zellikle \u00f6nemlidir.<\/p>\n<ul>\n<li>20 Ocak 1921 (Te\u015fkilat-I Esasiye Kanunu\u2019nun kabul\u00fc)<\/li>\n<li>1 Kas\u0131m 1922 (Saltanat\u0131n kald\u0131r\u0131lmas\u0131)<\/li>\n<li>29 Ekim 1923 (Cumhuriyetin ilan\u0131, yeni rejimin ad\u0131n\u0131n cumhuriyet oldu\u011funun duyurulmas\u0131)<\/li>\n<\/ul>\n<p>29 Ekim 1923\u2019e ait TBMM tutanaklar\u0131, Birinci Meclis\u2019e yeni bir rejime ge\u00e7en kurucu irade nazar\u0131yla bak\u0131ld\u0131\u011f\u0131n\u0131 g\u00f6steriyor.<\/p>\n<p>20 Ocak 1921\u2019in tarihi de\u011feri, mill\u00ee egemenli\u011fin \u015fu ifade ile kurucu ilke olarak Anayasa h\u00fckm\u00fc h\u00e2line getirilmesinden kaynaklanmaktad\u0131r. \u2018\u2019Madde 1-Hakimiyet bila kayd\u00fc \u015fart milletindir. \u0130dare usul\u00fc halk\u0131n mukadderat\u0131n\u0131 bizzat ve bilfiil idare etmesi esas\u0131na m\u00fcstenittir.\u2019\u2019<\/p>\n<p>T\u00fcrkiye Cumhuriyeti\u2019ne ge\u00e7i\u015f a\u00e7\u0131s\u0131ndan ger\u00e7ek d\u00f6n\u00fcm noktas\u0131n\u0131, 30 Ekim-1 Kas\u0131m 1922\u2019de al\u0131nan 307-308 numaral\u0131 kararlar\u0131n te\u015fkil etti\u011fini s\u00f6yleyebiliriz.<\/p>\n<p>307 numaral\u0131 karar metni, kurucu h\u00fckm\u00fcn\u00fc yeni bir devletin de\u011fil, rejim de\u011fi\u015fimini i\u015faret eden ifadelerle ilan etmi\u015ftir. Saltanattan Cumhuriyete ge\u00e7i\u015f \u00e7ok \u00f6nemlidir ama yeni bir devlet ortaya \u00e7\u0131karmaz.<\/p>\n<p>Ulus devlete ge\u00e7i\u015fle birlikte kurucu unsurun yeni bir millet de\u011fil, a\u00e7\u0131k\u00e7a T\u00fcrk Milleti oldu\u011fu kayda ge\u00e7irilmi\u015ftir. \u2018\u2019 T\u00fcrk milleti, T\u00fcrkiye Cumhuriyetinden \u00f6ncedir ve onu kurmu\u015ftur.\u2019\u2019<\/p>\n<p>T\u00fcrkl\u00fck, T\u00fcrkiye Cumhuriyetinin <strong><u>kurucu ilkesi <\/u><\/strong>ilan edilen mill\u00ee egemenli\u011fe ayr\u0131lamaz bi\u00e7imde ba\u011fl\u0131 <strong><u>kurucu unsur<\/u><\/strong>dur.<\/p>\n<p>Kurucu meclis d\u00f6neminden sonra T\u00fcrkiye anayasalar yapm\u0131\u015f, bunlar\u0131 bazen devletin temel nitelikleri hakk\u0131ndaki maddeleri de\u011fi\u015ftirerek yenilemi\u015f, eskilerini y\u00fcr\u00fcrl\u00fckten kald\u0131rm\u0131\u015ft\u0131r. Ancak kurucu ilke ve unsuru i\u00e7eren 308 say\u0131l\u0131 karar, hukuki g\u00fc\u00e7 ve niteli\u011fini koruyarak g\u00fcn\u00fcm\u00fcze kadar ula\u015fm\u0131\u015ft\u0131r.<\/p>\n<p>308 say\u0131l\u0131 karar metninde \u015fu \u00f6nemli ifadeler yer almaktad\u0131r:<\/p>\n<p>\u201dOsmanl\u0131 Devleti&#8217;ni T\u00fcrk Milleti kurmu\u015ftur, sahibi de Osmanl\u0131 hanedan\u0131 de\u011fil T\u00fcrk Milletidir. Bu kurucu unsur \u015fimdi daha \u00f6nce tesis etti\u011fi rejimden vazge\u00e7mektedir. \u00c7\u00fcnk\u00fc kurucu irade olarak tekrar ortaya \u00e7\u0131kmas\u0131n\u0131 gerektiren fevkalade \u015fartlar, b\u00fcy\u00fck bir kriz ve ola\u011fan\u00fcst\u00fc h\u00e2l meydana gelmi\u015ftir. \u00dclke istilaya u\u011fram\u0131\u015f, eski rejimin unsurlar\u0131 kendilerine verilen emaneti koruyamamak bir yana i\u015f birli\u011fine y\u00f6nelmi\u015flerdir.\u00a0 Bunun \u00fczerine, T\u00fcrk Milleti TBMM&#8217;yi, i\u00e7inden \u00e7\u0131kard\u0131\u011f\u0131 h\u00fck\u00fcmeti ve te\u015fkilatlad\u0131\u011f\u0131 ordular\u0131n\u0131 kurmu\u015ftur.&#8221;<\/p>\n<p>Karar\u0131n m\u00fczakere edildi\u011fi oturuma ait tutanaklardan anla\u015f\u0131ld\u0131\u011f\u0131 \u00fczere kurucu irade Sel\u00e7uklu d\u00f6nemini ve \u00f6ncesini, &#8221;T\u00fcrkiye Devleti&#8221; nin farkl\u0131 rejimler alt\u0131nda y\u00f6netildi\u011fi d\u00f6nemler olarak nitelemektedir. Bu niteleme T\u00fcrkiye Cumhuriyetine iktidar\u0131n aktar\u0131l\u0131\u015f\u0131n\u0131n me\u015fruiyeti bak\u0131m\u0131ndan anahtar \u00f6nemdedir.<\/p>\n<p>S\u00f6z konusu kararda bir &#8221;kurucu unsur&#8221; tan\u0131m\u0131 yap\u0131lm\u0131\u015f ve bunun \u00fczerinden de T\u00fcrkiye Devleti&#8217;nin T\u00fcrkistanl\u0131 k\u00f6kleri vurgulanm\u0131\u015ft\u0131r.<\/p>\n<p>&nbsp;<\/p>\n<p>Kaynak\u00e7a :<\/p>\n<p>\u0130brahim Kafeso\u011flu -T\u00fcrk Milli K\u00fclt\u00fcr\u00fc (4.bask\u0131)<\/p>\n<p>A.\u015eeref G\u00f6z\u00fcb\u00fcy\u00fck \u2013 Anayasa Hukuku (18.bask\u0131)<\/p>\n<p>Erdo\u011fan Tezi\u00e7 \u2013 Anayasa Hukuku (16.bask\u0131)<\/p>\n<p>Mehmet Akif Okur \u2013 TC\u2019nin Kurucu ilkesi ve unsuru nedir.<\/p>\n<p>&nbsp;<\/p>\n","protected":false},"excerpt":{"rendered":"<p>Ayfer Uzun\u0131rmak&#8217;\u0131n Mill\u00ee Egemenlik Platformu\u2019nun d\u00fczenledi\u011fi &#8221;Milletin Azim ve Karar\u0131&#8221; konulu toplant\u0131daki konu\u015fmas\u0131n\u0131n birinci b\u00f6l\u00fcm\u00fc.<\/p>\n","protected":false},"author":204,"featured_media":18117,"comment_status":"open","ping_status":"open","sticky":false,"template":"","format":"standard","meta":{"_links_to":"","_links_to_target":""},"categories":[66],"tags":[2881,1072,1268,2880,2882],"yoast_head":"<!-- This site is optimized with the Yoast SEO plugin v16.0.2 - https:\/\/yoast.com\/wordpress\/plugins\/seo\/ -->\n<title>Hukuk ba\u011flam\u0131nda mill\u00ee egemenlik - M\u0130SAK- Mill\u00ee Strateji Ara\u015ft\u0131rma Kurulu<\/title>\n<meta name=\"description\" content=\"T\u00fcrkl\u00fck, T\u00fcrkiye Cumhuriyetinin kurucu ilkesi ilan edilen mill\u00ee egemenli\u011fe ayr\u0131lamaz bi\u00e7imde ba\u011fl\u0131 kurucu unsurdur.\" \/>\n<link rel=\"canonical\" href=\"https:\/\/millidusunce.com\/misak\/hukuk-baglaminda-milli-egemenlik\/\" \/>\n<meta property=\"og:locale\" content=\"tr_TR\" \/>\n<meta property=\"og:type\" content=\"article\" \/>\n<meta property=\"og:title\" content=\"Hukuk ba\u011flam\u0131nda mill\u00ee egemenlik - M\u0130SAK- Mill\u00ee Strateji Ara\u015ft\u0131rma Kurulu\" \/>\n<meta property=\"og:description\" content=\"T\u00fcrkl\u00fck, T\u00fcrkiye Cumhuriyetinin kurucu ilkesi ilan edilen mill\u00ee egemenli\u011fe ayr\u0131lamaz bi\u00e7imde ba\u011fl\u0131 kurucu unsurdur.\" \/>\n<meta property=\"og:url\" content=\"https:\/\/millidusunce.com\/misak\/hukuk-baglaminda-milli-egemenlik\/\" \/>\n<meta property=\"og:site_name\" content=\"M\u0130SAK- Mill\u00ee Strateji Ara\u015ft\u0131rma Kurulu\" \/>\n<meta property=\"article:published_time\" content=\"2024-07-01T16:00:00+00:00\" \/>\n<meta property=\"article:modified_time\" content=\"2024-06-30T22:19:59+00:00\" \/>\n<meta property=\"og:image\" content=\"https:\/\/millidusunce.com\/misak\/wp-content\/uploads\/2024\/07\/Bir-Siyaset-Stratejisi-Okumasi-1.jpg\" \/>\n\t<meta property=\"og:image:width\" content=\"1200\" \/>\n\t<meta property=\"og:image:height\" content=\"800\" \/>\n<meta name=\"twitter:card\" content=\"summary_large_image\" \/>\n<meta name=\"twitter:label1\" content=\"Tahmini okuma s\u00fcresi\">\n\t<meta name=\"twitter:data1\" content=\"3 dakika\">\n<script type=\"application\/ld+json\" class=\"yoast-schema-graph\">{\"@context\":\"https:\/\/schema.org\",\"@graph\":[{\"@type\":\"Organization\",\"@id\":\"https:\/\/millidusunce.com\/misak\/#organization\",\"name\":\"Mill\\u00ee D\\u00fc\\u015f\\u00fcnce Merkezi\",\"url\":\"https:\/\/millidusunce.com\/misak\/\",\"sameAs\":[],\"logo\":{\"@type\":\"ImageObject\",\"@id\":\"https:\/\/millidusunce.com\/misak\/#logo\",\"inLanguage\":\"tr\",\"url\":\"https:\/\/millidusunce.com\/misak\/wp-content\/uploads\/2018\/09\/mdmLogo-yazisiz.jpg\",\"width\":422,\"height\":422,\"caption\":\"Mill\\u00ee D\\u00fc\\u015f\\u00fcnce Merkezi\"},\"image\":{\"@id\":\"https:\/\/millidusunce.com\/misak\/#logo\"}},{\"@type\":\"WebSite\",\"@id\":\"https:\/\/millidusunce.com\/misak\/#website\",\"url\":\"https:\/\/millidusunce.com\/misak\/\",\"name\":\"M\\u0130SAK- Mill\\u00ee Strateji Ara\\u015ft\\u0131rma Kurulu\",\"description\":\"D\\u00fcnyaya T\\u00fcrk\\u00e7\\u00fc Bak\\u0131\\u015f\",\"publisher\":{\"@id\":\"https:\/\/millidusunce.com\/misak\/#organization\"},\"potentialAction\":[{\"@type\":\"SearchAction\",\"target\":\"https:\/\/millidusunce.com\/misak\/?s={search_term_string}\",\"query-input\":\"required name=search_term_string\"}],\"inLanguage\":\"tr\"},{\"@type\":\"ImageObject\",\"@id\":\"https:\/\/millidusunce.com\/misak\/hukuk-baglaminda-milli-egemenlik\/#primaryimage\",\"inLanguage\":\"tr\",\"url\":\"https:\/\/millidusunce.com\/misak\/wp-content\/uploads\/2024\/07\/Bir-Siyaset-Stratejisi-Okumasi-1.jpg\",\"width\":1200,\"height\":800},{\"@type\":\"WebPage\",\"@id\":\"https:\/\/millidusunce.com\/misak\/hukuk-baglaminda-milli-egemenlik\/#webpage\",\"url\":\"https:\/\/millidusunce.com\/misak\/hukuk-baglaminda-milli-egemenlik\/\",\"name\":\"Hukuk ba\\u011flam\\u0131nda mill\\u00ee egemenlik - M\\u0130SAK- Mill\\u00ee Strateji Ara\\u015ft\\u0131rma Kurulu\",\"isPartOf\":{\"@id\":\"https:\/\/millidusunce.com\/misak\/#website\"},\"primaryImageOfPage\":{\"@id\":\"https:\/\/millidusunce.com\/misak\/hukuk-baglaminda-milli-egemenlik\/#primaryimage\"},\"datePublished\":\"2024-07-01T16:00:00+00:00\",\"dateModified\":\"2024-06-30T22:19:59+00:00\",\"description\":\"T\\u00fcrkl\\u00fck, T\\u00fcrkiye Cumhuriyetinin kurucu ilkesi ilan edilen mill\\u00ee egemenli\\u011fe ayr\\u0131lamaz bi\\u00e7imde ba\\u011fl\\u0131 kurucu unsurdur.\",\"breadcrumb\":{\"@id\":\"https:\/\/millidusunce.com\/misak\/hukuk-baglaminda-milli-egemenlik\/#breadcrumb\"},\"inLanguage\":\"tr\",\"potentialAction\":[{\"@type\":\"ReadAction\",\"target\":[\"https:\/\/millidusunce.com\/misak\/hukuk-baglaminda-milli-egemenlik\/\"]}]},{\"@type\":\"BreadcrumbList\",\"@id\":\"https:\/\/millidusunce.com\/misak\/hukuk-baglaminda-milli-egemenlik\/#breadcrumb\",\"itemListElement\":[{\"@type\":\"ListItem\",\"position\":1,\"item\":{\"@type\":\"WebPage\",\"@id\":\"https:\/\/millidusunce.com\/misak\/\",\"url\":\"https:\/\/millidusunce.com\/misak\/\",\"name\":\"Anasayfa\"}},{\"@type\":\"ListItem\",\"position\":2,\"item\":{\"@type\":\"WebPage\",\"@id\":\"https:\/\/millidusunce.com\/misak\/hukuk-baglaminda-milli-egemenlik\/\",\"url\":\"https:\/\/millidusunce.com\/misak\/hukuk-baglaminda-milli-egemenlik\/\",\"name\":\"Hukuk ba\\u011flam\\u0131nda mill\\u00ee egemenlik\"}}]},{\"@type\":\"Article\",\"@id\":\"https:\/\/millidusunce.com\/misak\/hukuk-baglaminda-milli-egemenlik\/#article\",\"isPartOf\":{\"@id\":\"https:\/\/millidusunce.com\/misak\/hukuk-baglaminda-milli-egemenlik\/#webpage\"},\"author\":{\"@id\":\"https:\/\/millidusunce.com\/misak\/#\/schema\/person\/578ce5c7f30606c41ff88dbc96a77300\"},\"headline\":\"Hukuk ba\\u011flam\\u0131nda mill\\u00ee egemenlik\",\"datePublished\":\"2024-07-01T16:00:00+00:00\",\"dateModified\":\"2024-06-30T22:19:59+00:00\",\"mainEntityOfPage\":{\"@id\":\"https:\/\/millidusunce.com\/misak\/hukuk-baglaminda-milli-egemenlik\/#webpage\"},\"commentCount\":0,\"publisher\":{\"@id\":\"https:\/\/millidusunce.com\/misak\/#organization\"},\"image\":{\"@id\":\"https:\/\/millidusunce.com\/misak\/hukuk-baglaminda-milli-egemenlik\/#primaryimage\"},\"keywords\":\"amasya genelgesi,Cumhuriyet,egemenlik,mill\\u00ee egemenlik,Mill\\u00ee Egemenlik Platformu\",\"articleSection\":\"S\\u0130YASET-TAR\\u0130H\",\"inLanguage\":\"tr\",\"potentialAction\":[{\"@type\":\"CommentAction\",\"name\":\"Comment\",\"target\":[\"https:\/\/millidusunce.com\/misak\/hukuk-baglaminda-milli-egemenlik\/#respond\"]}]},{\"@type\":\"Person\",\"@id\":\"https:\/\/millidusunce.com\/misak\/#\/schema\/person\/578ce5c7f30606c41ff88dbc96a77300\",\"name\":\"Ayfer Uzun\\u0131rmak\",\"image\":{\"@type\":\"ImageObject\",\"@id\":\"https:\/\/millidusunce.com\/misak\/#personlogo\",\"inLanguage\":\"tr\",\"url\":\"https:\/\/secure.gravatar.com\/avatar\/cb05f84796cee39f19780007d78c0f50?s=96&d=mm&r=g\",\"caption\":\"Ayfer Uzun\\u0131rmak\"}}]}<\/script>\n<!-- \/ Yoast SEO plugin. -->","_links":{"self":[{"href":"https:\/\/millidusunce.com\/misak\/wp-json\/wp\/v2\/posts\/18115"}],"collection":[{"href":"https:\/\/millidusunce.com\/misak\/wp-json\/wp\/v2\/posts"}],"about":[{"href":"https:\/\/millidusunce.com\/misak\/wp-json\/wp\/v2\/types\/post"}],"author":[{"embeddable":true,"href":"https:\/\/millidusunce.com\/misak\/wp-json\/wp\/v2\/users\/204"}],"replies":[{"embeddable":true,"href":"https:\/\/millidusunce.com\/misak\/wp-json\/wp\/v2\/comments?post=18115"}],"version-history":[{"count":3,"href":"https:\/\/millidusunce.com\/misak\/wp-json\/wp\/v2\/posts\/18115\/revisions"}],"predecessor-version":[{"id":18119,"href":"https:\/\/millidusunce.com\/misak\/wp-json\/wp\/v2\/posts\/18115\/revisions\/18119"}],"wp:featuredmedia":[{"embeddable":true,"href":"https:\/\/millidusunce.com\/misak\/wp-json\/wp\/v2\/media\/18117"}],"wp:attachment":[{"href":"https:\/\/millidusunce.com\/misak\/wp-json\/wp\/v2\/media?parent=18115"}],"wp:term":[{"taxonomy":"category","embeddable":true,"href":"https:\/\/millidusunce.com\/misak\/wp-json\/wp\/v2\/categories?post=18115"},{"taxonomy":"post_tag","embeddable":true,"href":"https:\/\/millidusunce.com\/misak\/wp-json\/wp\/v2\/tags?post=18115"}],"curies":[{"name":"wp","href":"https:\/\/api.w.org\/{rel}","templated":true}]}}