{"id":18154,"date":"2024-07-16T20:10:00","date_gmt":"2024-07-16T17:10:00","guid":{"rendered":"https:\/\/millidusunce.com\/misak\/?p=18154&#038;preview=true&#038;preview_id=18154"},"modified":"2024-07-17T00:40:23","modified_gmt":"2024-07-16T21:40:23","slug":"irtica-laikligin-neresinde","status":"publish","type":"post","link":"https:\/\/millidusunce.com\/misak\/irtica-laikligin-neresinde\/","title":{"rendered":"\u0130rtica Laikli\u011fin Neresinde?"},"content":{"rendered":"<p>\u201cSaid-i k\u00fcrdinin hem\u015fehrisi ve en sad\u0131k m\u00fcridi Fethullah G\u00fclen cumhuriyet T\u00fcrkiye\u2019sinin en tehlikeli ve sinsi d\u00fc\u015fman\u0131d\u0131r. Kendi ifadesiyle tam bir \u015feriat militan\u0131 olarak yeti\u015fen Fethullah e\u011fer dur denilmezse Atat\u00fcrk\u2019\u00fcn ilerici cumhuriyetinin dibine dinamit koymak \u00fczeredir.\u201d<\/p>\n<p>-Necip Hablemito\u011flu, Fethullah G\u00fclen ve Kurdu\u011fu \u0130rtica \u00d6rg\u00fct\u00fc<\/p>\n<p>D\u00fcn, 15 Temmuz 2016\u2019da ger\u00e7ekle\u015ftirilmeye \u00e7al\u0131\u015f\u0131lan irticac\u0131 darbenin sekizinci y\u0131l d\u00f6n\u00fcm\u00fcyd\u00fc. Uzun y\u0131llard\u0131r, t\u00fcm uyar\u0131lara ra\u011fmen, istedikleri her \u015feyi siyasilerden ve kamudan elde edebilmi\u015f bu irticac\u0131 grup nas\u0131l bu denli g\u00fc\u00e7lendi ve b\u00fct\u00fcn bu felaketlere ra\u011fmen neden T\u00fcrkiye Cumhuriyeti olarak laikli\u011fin \u00f6nemini h\u00e2l\u00e2 anlamamaktay\u0131z?<\/p>\n<p>Atat\u00fcrk\u2019\u00fcn imzas\u0131n\u0131n oldu\u011fu her ilke ve devrim, Cumhuriyetimizin b\u00f6l\u00fcnmez b\u00fct\u00fcnl\u00fc\u011f\u00fcn\u00fcn altyap\u0131s\u0131n\u0131 olu\u015fturmaktad\u0131r. Hi\u00e7birinden vazge\u00e7ilemez ve vazge\u00e7ilmesi d\u00fc\u015f\u00fcn\u00fclemez. Bunun sebebi bir ideolojiye k\u00f6r\u00fc k\u00f6r\u00fcne ba\u011fl\u0131l\u0131k asla de\u011fildir! Bunun sebebi; T\u00fcrk\u00fcn t\u00f6resinden uzakla\u015fmas\u0131n\u0131n her seferinde bizlere y\u0131k\u0131m getirmesidir.<\/p>\n<p>Atat\u00fcrk\u2019\u00fcn ilkeleri yaln\u0131zca kendisinin \u015fahs\u0131na ait kavramlar de\u011fildir. Esas\u0131nda binlerce y\u0131ll\u0131k T\u00fcrk t\u00f6resi ve gelene\u011finin Cumhuriyetimiz i\u00e7in yeniden \u015fekillenmesidir. Atat\u00fcrk bir T\u00fcrk milliyet\u00e7isiydi ve T\u00fcrk t\u00f6resini de \u00e7ok iyi bilirdi.<\/p>\n<p>Atat\u00fcrk devriminin d\u00fc\u015f\u00fcnce b\u00fct\u00fcnl\u00fc\u011f\u00fcnde b\u00fcy\u00fck bir T\u00fcrkl\u00fck bilinci, akla dayanan bilim yolu, insana sevgi ve do\u011faya sayg\u0131 vard\u0131r. Bunlar\u0131n tamam\u0131, binlerce y\u0131ll\u0131k T\u00fcrk t\u00f6resinin unsurlar\u0131d\u0131r. Bu y\u00fczden her f\u0131rsatta T\u00fcrk t\u00f6resinde \u0131rk\u00e7\u0131l\u0131\u011f\u0131n ve dincili\u011fin yeri yoktur derim ve tam olarak bu y\u00fczden b\u00fct\u00fcn bu devrimlerin merkezinde laikli\u011fin oldu\u011funu savunurum.<\/p>\n<p>\u0130lkelerin hi\u00e7birini birbirinden ba\u011f\u0131ms\u0131z d\u00fc\u015f\u00fcnemeyiz ve devrim de tek bir ilkenin eksikli\u011fiyle dahi tamamlanamaz. Lakin, T\u00fcrk\u2019e ve insan onuruna yara\u015f\u0131r bu devrim i\u00e7in de laiklik, kan\u0131mca, en \u00f6nemli ba\u011flay\u0131c\u0131 husustur.<\/p>\n<p>Peki, laiklik sadece din ve devlet i\u015flerinin birbirinden ayr\u0131lmas\u0131 m\u0131d\u0131r? Hay\u0131r. Bu bak\u0131\u015f a\u00e7\u0131s\u0131 laikli\u011fin ba\u015flang\u0131\u00e7 prensibi olarak g\u00f6r\u00fclse de esasen bundan \u00e7ok daha b\u00fcy\u00fck bir amac\u0131 i\u00e7erisinde bar\u0131nd\u0131rmaktad\u0131r.<\/p>\n<p>Laiklik, insan onurunun her y\u00f6n\u00fcyle devlet ayg\u0131t\u0131n\u0131n bask\u0131lar\u0131na kar\u015f\u0131 korumas\u0131 ve her hususta adaleti sa\u011flamas\u0131d\u0131r. Her devlet belli inan\u00e7 kal\u0131plar\u0131 i\u00e7erisinde kurulur. Y\u00f6netim bi\u00e7imleri, yasalar\u0131 ve bunlar\u0131n uygulanmas\u0131 bu inan\u00e7 sistemi \u00fczerine \u015fekillenip geli\u015fir. Laikli\u011fin bu hususta en \u00f6nemli g\u00f6revi, ulusu olu\u015fturan b\u00fct\u00fcn\u00fcn par\u00e7alar\u0131na bakmaks\u0131z\u0131n vatanda\u015flar\u0131 ba\u015fta hukuk \u00f6n\u00fcnde e\u015fit ve adil bir \u015fekilde yer almalar\u0131n\u0131 sa\u011flamakt\u0131r. Sosyal adaletsizlikleri m\u00fcmk\u00fcn mertebe ortadan kald\u0131rmaya y\u00f6nelik giri\u015fimlerde bulunmas\u0131 ve ki\u015fileri ba\u015fta din temelli bir ayr\u0131mdan uzak tutmas\u0131na y\u00f6neliktir.<\/p>\n<p>Yap\u0131s\u0131 itibar\u0131yla T\u00fcrk laikli\u011fi ak\u0131lc\u0131, ilerici, devrimci, e\u015fitlik\u00e7i ve ayn\u0131 zamanda da korumac\u0131d\u0131r. Uygulamaya giren kanunlar kademeli olarak s\u0131n\u0131fsal ayr\u0131mlar\u0131 ortadan kald\u0131rmaya y\u00f6nelik devrimci ve ilerici ad\u0131mlar atm\u0131\u015f; vatanda\u015flar aras\u0131nda e\u015fitlik sa\u011flamaya \u00e7al\u0131\u015fm\u0131\u015ft\u0131r. Bu y\u00f6n\u00fcyle T\u00fcrk ayd\u0131nlanmas\u0131 e\u015fi benzeri g\u00f6r\u00fclmemi\u015f devrimlere imza atm\u0131\u015f ve laikli\u011fi de her zaman devrimlerinin merkezinde tutmu\u015ftur. O y\u00fczden ne halk\u00e7\u0131l\u0131\u011f\u0131, ne devlet\u00e7ili\u011fi, ne cumhuriyet\u00e7ili\u011fi, ne ink\u0131lap\u00e7\u0131l\u0131\u011f\u0131, ne de milliyet\u00e7ili\u011fi asla laiklikten ayr\u0131 d\u00fc\u015f\u00fcnemeyiz.<br \/>\nLaiklik ilkesinin \u00f6nemini ve Anayasam\u0131zdaki yerini hi\u00e7e sayarsak ne mi olur? Bu, on y\u0131llard\u0131r ba\u015f\u0131m\u0131za gelenlerle g\u00fcn gibi ortadad\u0131r. Ak\u0131lc\u0131 politikalar\u0131n yerine inanca ya da \u015fahsi ideolojiye dayal\u0131 politikalar\u0131n se\u00e7ilmesi bir ulusu felakete g\u00f6t\u00fcr\u00fcr. Hukukta adaleti, e\u011fitimde ilerlemeyi, toplumda ahlak\u0131 ve ekonomide de ak\u0131lc\u0131 ad\u0131mlar\u0131 kaybederiz.<\/p>\n<p>Bug\u00fcn, t\u00fcm uyar\u0131lara ra\u011fmen g\u00fc\u00e7lendirilmi\u015f bir tarikat\u0131n \u015fanl\u0131 T\u00fcrkiye Cumhuriyeti\u2019ne yapmaya \u00e7al\u0131\u015ft\u0131\u011f\u0131 darbenin sekizinci y\u0131l\u0131 ve h\u00e2l\u00e2 hi\u00e7bir ders al\u0131nm\u0131\u015f de\u011fil.<\/p>\n<p>\u0130rticai faaliyetler bir\u00e7ok koldan emniyeti, e\u011fitimi, adaleti ve kamu kurumlar\u0131n\u0131 tahakk\u00fcm\u00fc alt\u0131na almaya devam etmektedir. \u0130nanc\u0131n\u0131 bug\u00fcn dahi \u015feyhlere, dervi\u015flere ve bilimum meczuba ipotek ettirmi\u015f ki\u015filer bir yandan demokrasi bayram\u0131(!) kutlarken \u00f6te yandan devlet kademelerine ayn\u0131 zararl\u0131 tarikatlar\u0131n girmesine g\u00f6z yummaktad\u0131r.<\/p>\n<p>H\u00e2lbuki onca y\u0131l Fethullah ve avanesinin yarataca\u011f\u0131 tehlikeler \u0131srarla yaz\u0131lm\u0131\u015f ve s\u00f6ylenmi\u015fti. B\u00fcy\u00fck bir plan\u0131n, k\u00fc\u00e7\u00fck ve cahil aya\u011f\u0131 olan bu \u00f6rg\u00fct\u00fc hizmet ve hocaefendi diye zaman\u0131nda g\u00fczelleyenler bug\u00fcn ter\u00f6rist derken, T\u00fcrk ayd\u0131nlar\u0131 bu u\u011furda canlar\u0131n\u0131 bile vermek zorunda kalm\u0131\u015ft\u0131. B\u00fct\u00fcn bunlara ra\u011fmen, hocaefendilerine bug\u00fcn ter\u00f6rist diyenler yeni meczuplar\u0131 da kendilerine yeniden hocaefendi olarak belirlemi\u015ftir. \u0130\u015fte bu biat ve itaat anlay\u0131\u015f\u0131 bir ulusun sonunu getirmeye \u00e7al\u0131\u015ft\u0131klar\u0131 o b\u00fcy\u00fck projenin par\u00e7as\u0131d\u0131r.<\/p>\n<p>Bu darbeyi ger\u00e7ekle\u015ftirenlerin dinleraras\u0131 diyalog safsatas\u0131yla sapk\u0131n bir sivil din yaratmaya \u00e7al\u0131\u015ft\u0131klar\u0131n\u0131 unutmamak laz\u0131m. D\u00fcnyan\u0131n bir\u00e7ok yerinden din\u00ee temsilcilerin ve sapk\u0131n tarikatlar\u0131n kat\u0131ld\u0131\u011f\u0131 bu s\u00f6zde diyalog ile insan\u0131n inan\u00e7 gereksinimine b\u00fcy\u00fck bir sava\u015f a\u00e7m\u0131\u015flard\u0131. Bu diyalo\u011fun hi\u00e7bir \u015fekilde anlay\u0131\u015f ve bar\u0131\u015f ile alakas\u0131 yoktu. Her projeleri gibi burada da kendi siyasi oyunlar\u0131 i\u00e7in b\u00fcy\u00fck manip\u00fclatif sebepler yatmaktayd\u0131. Dinleraras\u0131 diyalogla bar\u0131\u015f getirmek isteyenlerden s\u00f6zde cemaat TBMM\u2019yi bombalam\u0131\u015fken, onun yan\u0131nda foto\u011fraflar verip G\u00fclen\u2019i ne \u00e7ok sevdi\u011fini s\u00f6yleyen Bartholomeos ise D\u0131\u015fi\u015fleri Bakanl\u0131\u011f\u0131m\u0131z\u0131n yan\u0131nda kendini Ek\u00fcmenik olarak adland\u0131r\u0131p b\u00f6l\u00fcnmez b\u00fct\u00fcnl\u00fc\u011f\u00fcm\u00fcze a\u00e7t\u0131\u011f\u0131 sava\u015f\u0131n boyutunu g\u00f6zler \u00f6n\u00fcne sermi\u015ftir!<\/p>\n<p>Meclisimizi bombalayan bu s\u00f6zde cemaat, kurduklar\u0131 kumpaslarla T\u00fcrk ulusunun \u015ferefini ve onurunu temsil edip koruyan T\u00fcrk Silahl\u0131 Kuvvetleri mensuplar\u0131n\u0131 Silivri\u2019de kurduklar\u0131 \u00f6zel yetkili mahkemelerde yarg\u0131lamaya c\u00fcret edecek kadar ileriye gitmi\u015flerdir. Bu s\u00f6zde mahkemelere ele ge\u00e7irdikleri e\u011fitim sistemi i\u00e7erisinden yeti\u015ftirdikleri hakimleri ve savc\u0131lar\u0131 yerle\u015ftirmi\u015f, hukuku ve adaleti ayaklar alt\u0131na alm\u0131\u015f ve hatta Genelkurmay Ba\u015fkan\u0131m\u0131z\u0131 dahi bu kirli kumpasta san\u0131k yapm\u0131\u015flard\u0131r!<\/p>\n<p>Akl\u0131 ve ak\u0131lc\u0131l\u0131\u011f\u0131 devlet siyasetinden \u00e7\u0131karmak b\u00fcy\u00fck bir hatad\u0131r. Lakin, bunca hata da tesad\u00fcften \u00f6tedir. \u0130nsan toplulu\u011fu olu\u015fturur ve ortak \u00fclk\u00fcye sahip bir topluluk da devleti. \u0130nsan\u0131n \u00f6z\u00fc ne denli hataya a\u00e7\u0131k olsa da bir o kadar da ders almas\u0131n\u0131 bilir. Bildi\u011fi h\u00e2lde hata yapan insan ise ya eksiktir ya da artniyetli.<\/p>\n<p>Peki nerede yap\u0131ld\u0131 bunca hata? Bunun en k\u0131sa cevab\u0131: her alanda. \u0130rtica ve \u015feriat hayallerini s\u0131la hasretiyle \u00f6n\u00fcm\u00fcze koyanlar, b\u00fcy\u00fck bir projenin ma\u015fas\u0131yd\u0131lar. Din ile aldatanlar, kendi sapk\u0131n dinlerini yaratmaktan geri durmad\u0131lar. Bu sapk\u0131nl\u0131\u011f\u0131 e\u011fitime, hukuka, emniyete ve istihbarata, siyasete ve en sonunda da her yere zerk etmeyi ba\u015fard\u0131lar.<\/p>\n<p>\u0130rticai faaliyetlerin tehlikelerini anlatan MGK raporlar\u0131n\u0131 bardak altl\u0131\u011f\u0131 olarak kullanmay\u0131 tercih edenler, T\u00fcrkiye Cumhuriyeti\u2019nin b\u00f6l\u00fcnmez b\u00fct\u00fcnl\u00fc\u011f\u00fcn\u00fc savunanlara darbeci, kafatas\u00e7\u0131, fa\u015fist ve bask\u0131c\u0131 dediler. H\u00e2lbuki darbe hayallerini irticac\u0131lar kuruyor ve T\u00fcrkiye\u2019nin b\u00f6l\u00fcnmez b\u00fct\u00fcnl\u00fc\u011f\u00fcn\u00fc ortadan kald\u0131rmak i\u00e7in gece g\u00fcnd\u00fcz \u00e7al\u0131\u015f\u0131yorlard\u0131.<\/p>\n<p>Bug\u00fcn, korumaya \u00e7al\u0131\u015ft\u0131\u011f\u0131m\u0131z demokrasiyi adeta alt\u0131n bir tepside servis edenler ise d\u00f6n\u00fclen bu faciay\u0131 bayram olarak da kutlamaktad\u0131r. Bu, T\u00fcrk ulusunun akl\u0131yla alay etmekten ba\u015fka bir \u015fey de\u011fildir. \u00c7\u00fcnk\u00fc hatalar\u0131ndan ders almayanlar \u00fclkemizi yeni Fet\u00f6lere teslim etmek i\u00e7in \u00e7abalamaya devam etmektedirler.<\/p>\n<p>\u0130nan\u00e7, insan\u0131n kalbinde ve zihninde g\u00fczeldir; kamu kontrol aparat\u0131 olarak de\u011fil.<\/p>\n","protected":false},"excerpt":{"rendered":"<p>Akl\u0131 ve ak\u0131lc\u0131l\u0131\u011f\u0131 devlet siyasetinden \u00e7\u0131karmak b\u00fcy\u00fck bir hatad\u0131r. Lakin, bunca hata da tesad\u00fcften \u00f6tedir. \u0130nsan toplulu\u011fu olu\u015fturur ve ortak \u00fclk\u00fcye sahip bir topluluk da devleti. \u0130nsan\u0131n \u00f6z\u00fc ne denli hataya a\u00e7\u0131k olsa da bir o kadar da ders almas\u0131n\u0131 bilir.<\/p>\n","protected":false},"author":205,"featured_media":18157,"comment_status":"open","ping_status":"open","sticky":false,"template":"","format":"standard","meta":{"_links_to":"","_links_to_target":""},"categories":[59,61,2,66,67],"tags":[1001,2022,2892],"yoast_head":"<!-- This site is optimized with the Yoast SEO plugin v16.0.2 - https:\/\/yoast.com\/wordpress\/plugins\/seo\/ -->\n<title>\u0130rtica Laikli\u011fin Neresinde? - M\u0130SAK- Mill\u00ee Strateji Ara\u015ft\u0131rma Kurulu<\/title>\n<meta name=\"description\" content=\"Akl\u0131 ve ak\u0131lc\u0131l\u0131\u011f\u0131 devlet siyasetinden \u00e7\u0131karmak b\u00fcy\u00fck bir hatad\u0131r. Lakin, bunca hata da tesad\u00fcften \u00f6tedir. \u0130nsan toplulu\u011fu olu\u015fturur ve ortak \u00fclk\u00fcye sahip bir topluluk da devleti. \u0130nsan\u0131n \u00f6z\u00fc ne denli hataya a\u00e7\u0131k olsa da bir o kadar da ders almas\u0131n\u0131 bilir. Bildi\u011fi halde hata yapan insan ise ya eksiktir ya da artniyetli.\" \/>\n<link rel=\"canonical\" href=\"https:\/\/millidusunce.com\/misak\/irtica-laikligin-neresinde\/\" \/>\n<meta property=\"og:locale\" content=\"tr_TR\" \/>\n<meta property=\"og:type\" content=\"article\" \/>\n<meta property=\"og:title\" content=\"\u0130rtica Laikli\u011fin Neresinde? - M\u0130SAK- Mill\u00ee Strateji Ara\u015ft\u0131rma Kurulu\" \/>\n<meta property=\"og:description\" content=\"Akl\u0131 ve ak\u0131lc\u0131l\u0131\u011f\u0131 devlet siyasetinden \u00e7\u0131karmak b\u00fcy\u00fck bir hatad\u0131r. Lakin, bunca hata da tesad\u00fcften \u00f6tedir. \u0130nsan toplulu\u011fu olu\u015fturur ve ortak \u00fclk\u00fcye sahip bir topluluk da devleti. \u0130nsan\u0131n \u00f6z\u00fc ne denli hataya a\u00e7\u0131k olsa da bir o kadar da ders almas\u0131n\u0131 bilir. Bildi\u011fi halde hata yapan insan ise ya eksiktir ya da artniyetli.\" \/>\n<meta property=\"og:url\" content=\"https:\/\/millidusunce.com\/misak\/irtica-laikligin-neresinde\/\" \/>\n<meta property=\"og:site_name\" content=\"M\u0130SAK- Mill\u00ee Strateji Ara\u015ft\u0131rma Kurulu\" \/>\n<meta property=\"article:published_time\" content=\"2024-07-16T17:10:00+00:00\" \/>\n<meta property=\"article:modified_time\" content=\"2024-07-16T21:40:23+00:00\" \/>\n<meta property=\"og:image\" content=\"https:\/\/millidusunce.com\/misak\/wp-content\/uploads\/2024\/07\/ALPEREN-OKUR-Kopyasi-1.jpg\" \/>\n\t<meta property=\"og:image:width\" content=\"1200\" \/>\n\t<meta property=\"og:image:height\" content=\"800\" \/>\n<meta name=\"twitter:card\" content=\"summary_large_image\" \/>\n<meta name=\"twitter:label1\" content=\"Tahmini okuma s\u00fcresi\">\n\t<meta name=\"twitter:data1\" content=\"5 dakika\">\n<script type=\"application\/ld+json\" class=\"yoast-schema-graph\">{\"@context\":\"https:\/\/schema.org\",\"@graph\":[{\"@type\":\"Organization\",\"@id\":\"https:\/\/millidusunce.com\/misak\/#organization\",\"name\":\"Mill\\u00ee D\\u00fc\\u015f\\u00fcnce Merkezi\",\"url\":\"https:\/\/millidusunce.com\/misak\/\",\"sameAs\":[],\"logo\":{\"@type\":\"ImageObject\",\"@id\":\"https:\/\/millidusunce.com\/misak\/#logo\",\"inLanguage\":\"tr\",\"url\":\"https:\/\/millidusunce.com\/misak\/wp-content\/uploads\/2018\/09\/mdmLogo-yazisiz.jpg\",\"width\":422,\"height\":422,\"caption\":\"Mill\\u00ee D\\u00fc\\u015f\\u00fcnce Merkezi\"},\"image\":{\"@id\":\"https:\/\/millidusunce.com\/misak\/#logo\"}},{\"@type\":\"WebSite\",\"@id\":\"https:\/\/millidusunce.com\/misak\/#website\",\"url\":\"https:\/\/millidusunce.com\/misak\/\",\"name\":\"M\\u0130SAK- Mill\\u00ee Strateji Ara\\u015ft\\u0131rma Kurulu\",\"description\":\"D\\u00fcnyaya T\\u00fcrk\\u00e7\\u00fc Bak\\u0131\\u015f\",\"publisher\":{\"@id\":\"https:\/\/millidusunce.com\/misak\/#organization\"},\"potentialAction\":[{\"@type\":\"SearchAction\",\"target\":\"https:\/\/millidusunce.com\/misak\/?s={search_term_string}\",\"query-input\":\"required name=search_term_string\"}],\"inLanguage\":\"tr\"},{\"@type\":\"ImageObject\",\"@id\":\"https:\/\/millidusunce.com\/misak\/irtica-laikligin-neresinde\/#primaryimage\",\"inLanguage\":\"tr\",\"url\":\"https:\/\/millidusunce.com\/misak\/wp-content\/uploads\/2024\/07\/ALPEREN-OKUR-Kopyasi-1.jpg\",\"width\":1200,\"height\":800},{\"@type\":\"WebPage\",\"@id\":\"https:\/\/millidusunce.com\/misak\/irtica-laikligin-neresinde\/#webpage\",\"url\":\"https:\/\/millidusunce.com\/misak\/irtica-laikligin-neresinde\/\",\"name\":\"\\u0130rtica Laikli\\u011fin Neresinde? - M\\u0130SAK- Mill\\u00ee Strateji Ara\\u015ft\\u0131rma Kurulu\",\"isPartOf\":{\"@id\":\"https:\/\/millidusunce.com\/misak\/#website\"},\"primaryImageOfPage\":{\"@id\":\"https:\/\/millidusunce.com\/misak\/irtica-laikligin-neresinde\/#primaryimage\"},\"datePublished\":\"2024-07-16T17:10:00+00:00\",\"dateModified\":\"2024-07-16T21:40:23+00:00\",\"description\":\"Akl\\u0131 ve ak\\u0131lc\\u0131l\\u0131\\u011f\\u0131 devlet siyasetinden \\u00e7\\u0131karmak b\\u00fcy\\u00fck bir hatad\\u0131r. Lakin, bunca hata da tesad\\u00fcften \\u00f6tedir. \\u0130nsan toplulu\\u011fu olu\\u015fturur ve ortak \\u00fclk\\u00fcye sahip bir topluluk da devleti. \\u0130nsan\\u0131n \\u00f6z\\u00fc ne denli hataya a\\u00e7\\u0131k olsa da bir o kadar da ders almas\\u0131n\\u0131 bilir. Bildi\\u011fi halde hata yapan insan ise ya eksiktir ya da artniyetli.\",\"breadcrumb\":{\"@id\":\"https:\/\/millidusunce.com\/misak\/irtica-laikligin-neresinde\/#breadcrumb\"},\"inLanguage\":\"tr\",\"potentialAction\":[{\"@type\":\"ReadAction\",\"target\":[\"https:\/\/millidusunce.com\/misak\/irtica-laikligin-neresinde\/\"]}]},{\"@type\":\"BreadcrumbList\",\"@id\":\"https:\/\/millidusunce.com\/misak\/irtica-laikligin-neresinde\/#breadcrumb\",\"itemListElement\":[{\"@type\":\"ListItem\",\"position\":1,\"item\":{\"@type\":\"WebPage\",\"@id\":\"https:\/\/millidusunce.com\/misak\/\",\"url\":\"https:\/\/millidusunce.com\/misak\/\",\"name\":\"Anasayfa\"}},{\"@type\":\"ListItem\",\"position\":2,\"item\":{\"@type\":\"WebPage\",\"@id\":\"https:\/\/millidusunce.com\/misak\/irtica-laikligin-neresinde\/\",\"url\":\"https:\/\/millidusunce.com\/misak\/irtica-laikligin-neresinde\/\",\"name\":\"\\u0130rtica Laikli\\u011fin Neresinde?\"}}]},{\"@type\":\"Article\",\"@id\":\"https:\/\/millidusunce.com\/misak\/irtica-laikligin-neresinde\/#article\",\"isPartOf\":{\"@id\":\"https:\/\/millidusunce.com\/misak\/irtica-laikligin-neresinde\/#webpage\"},\"author\":{\"@id\":\"https:\/\/millidusunce.com\/misak\/#\/schema\/person\/1ef23d911bcd1c417e9180e05b40d134\"},\"headline\":\"\\u0130rtica Laikli\\u011fin Neresinde?\",\"datePublished\":\"2024-07-16T17:10:00+00:00\",\"dateModified\":\"2024-07-16T21:40:23+00:00\",\"mainEntityOfPage\":{\"@id\":\"https:\/\/millidusunce.com\/misak\/irtica-laikligin-neresinde\/#webpage\"},\"commentCount\":0,\"publisher\":{\"@id\":\"https:\/\/millidusunce.com\/misak\/#organization\"},\"image\":{\"@id\":\"https:\/\/millidusunce.com\/misak\/irtica-laikligin-neresinde\/#primaryimage\"},\"keywords\":\"15 Temmuz,darbe,fetullah g\\u00fclen\",\"articleSection\":\"ABD,D\\u0130N,S\\u0130YASET-TAR\\u0130H,TEHD\\u0130TLER\",\"inLanguage\":\"tr\",\"potentialAction\":[{\"@type\":\"CommentAction\",\"name\":\"Comment\",\"target\":[\"https:\/\/millidusunce.com\/misak\/irtica-laikligin-neresinde\/#respond\"]}]},{\"@type\":\"Person\",\"@id\":\"https:\/\/millidusunce.com\/misak\/#\/schema\/person\/1ef23d911bcd1c417e9180e05b40d134\",\"name\":\"Sel\\u00e7uk Erenerol\",\"image\":{\"@type\":\"ImageObject\",\"@id\":\"https:\/\/millidusunce.com\/misak\/#personlogo\",\"inLanguage\":\"tr\",\"url\":\"https:\/\/secure.gravatar.com\/avatar\/57148a438d359593cb2d455a911403a6?s=96&d=mm&r=g\",\"caption\":\"Sel\\u00e7uk Erenerol\"}}]}<\/script>\n<!-- \/ Yoast SEO plugin. -->","_links":{"self":[{"href":"https:\/\/millidusunce.com\/misak\/wp-json\/wp\/v2\/posts\/18154"}],"collection":[{"href":"https:\/\/millidusunce.com\/misak\/wp-json\/wp\/v2\/posts"}],"about":[{"href":"https:\/\/millidusunce.com\/misak\/wp-json\/wp\/v2\/types\/post"}],"author":[{"embeddable":true,"href":"https:\/\/millidusunce.com\/misak\/wp-json\/wp\/v2\/users\/205"}],"replies":[{"embeddable":true,"href":"https:\/\/millidusunce.com\/misak\/wp-json\/wp\/v2\/comments?post=18154"}],"version-history":[{"count":3,"href":"https:\/\/millidusunce.com\/misak\/wp-json\/wp\/v2\/posts\/18154\/revisions"}],"predecessor-version":[{"id":18159,"href":"https:\/\/millidusunce.com\/misak\/wp-json\/wp\/v2\/posts\/18154\/revisions\/18159"}],"wp:featuredmedia":[{"embeddable":true,"href":"https:\/\/millidusunce.com\/misak\/wp-json\/wp\/v2\/media\/18157"}],"wp:attachment":[{"href":"https:\/\/millidusunce.com\/misak\/wp-json\/wp\/v2\/media?parent=18154"}],"wp:term":[{"taxonomy":"category","embeddable":true,"href":"https:\/\/millidusunce.com\/misak\/wp-json\/wp\/v2\/categories?post=18154"},{"taxonomy":"post_tag","embeddable":true,"href":"https:\/\/millidusunce.com\/misak\/wp-json\/wp\/v2\/tags?post=18154"}],"curies":[{"name":"wp","href":"https:\/\/api.w.org\/{rel}","templated":true}]}}