{"id":18340,"date":"2024-08-30T00:00:00","date_gmt":"2024-08-30T00:00:00","guid":{"rendered":"https:\/\/millidusunce.com\/misak\/?p=18340&#038;preview=true&#038;preview_id=18340"},"modified":"2024-08-30T23:43:13","modified_gmt":"2024-08-30T20:43:13","slug":"turkiyeli-soylemine-kuramsal-temel-arayisi-turk-kimligine-y-dna-saldirisi","status":"publish","type":"post","link":"https:\/\/millidusunce.com\/misak\/turkiyeli-soylemine-kuramsal-temel-arayisi-turk-kimligine-y-dna-saldirisi\/","title":{"rendered":"&#8220;T\u00fcrkiyeli&#8221; s\u00f6ylemine kuramsal temel aray\u0131\u015f\u0131: T\u00fcrk kimli\u011fine Y-DNA sald\u0131r\u0131s\u0131"},"content":{"rendered":"<p>Son d\u00f6nemlerde, \u201cT\u00fcrkiyeli\u201d kavram\u0131 kullan\u0131larak T\u00fcrklere y\u00f6nelik \u0131rk\u00e7\u0131 bir kampanya y\u00fcr\u00fct\u00fclmektedir. Kendi s\u00f6zde etnik k\u00f6kenlerinin telaffuzunda beis g\u00f6rmeyen bir tayfa, \u201cT\u00fcrk\u201d kelimesinin kullan\u0131lmas\u0131n\u0131 \u00f6nlemek i\u00e7in b\u00f6yle ucube bir kavram\u0131 zihinlere yerle\u015ftirmeye \u00e7al\u0131\u015fmaktad\u0131r. Bu durum kar\u015f\u0131s\u0131nda, \u201cT\u00fcrk\u201d oldu\u011funu ifade edenler ise \u0131rk\u00e7\u0131l\u0131k ile itham edilmektedir.<\/p>\n<p>S\u00f6z konusu \u201cT\u00fcrkiyelilik\u201d projesi, bu laf salatalar\u0131 ile s\u0131n\u0131rl\u0131 de\u011fildir. Bu g\u00fcruh, bir as\u0131r \u00f6nce Antropolojik kafatas\u0131 verilerinin kullan\u0131ld\u0131\u011f\u0131 gibi bug\u00fcn de pozitif bilimlerin verilerini kullanarak kafa kar\u0131\u015f\u0131kl\u0131\u011f\u0131 yaratmak suretiyle projelerine kuramsal bir temel olu\u015fturmaya \u00e7al\u0131\u015fmaktad\u0131r. Bu verilerin ba\u015f\u0131nda, genetik \u00e7al\u0131\u015fmalar\u0131ndan derlenen Y-DNA ve MtDNA verileri gelmektedir. Toplum i\u00e7erisinde bu disipline ait kavramlara a\u015final\u0131k d\u00fc\u015f\u00fck oldu\u011fundan, ayn\u0131 \u00e7evreler bu durumu kendilerince kafa kar\u0131\u015ft\u0131rmak i\u00e7in uygun bir ara\u00e7 olarak kullanmaktad\u0131rlar. DNA haplogrup da\u011f\u0131l\u0131m verilerine dayanarak, Anadolu\u2019da kendilerini \u201cT\u00fcrk\u201d olarak isimlendirenlerin asl\u0131nda T\u00fcrk olmad\u0131klar\u0131n\u0131 kan\u0131tlamaya \u00e7al\u0131\u015fmaktad\u0131rlar.<\/p>\n<p>Teknik terimlere m\u00fcmk\u00fcn oldu\u011funca girmeden, bu kavramlar\u0131n neler oldu\u011funa k\u0131saca bakt\u0131ktan sonra bu g\u00fcruhun bu verileri ne \u015fekilde kullanmaya \u00e7al\u0131\u015ft\u0131\u011f\u0131na de\u011finece\u011fiz.<\/p>\n<p>Y-DNA, Y kromozomundaki DNA\u2019da meydana gelen mutasyonlar\u0131 grupland\u0131rmak i\u00e7in kullan\u0131lan bir terimdir. Bu grupland\u0131rmalarda her bir gruba \u201chaplogrup\u201d ad\u0131 verilmektedir. Y kromozomu, nesil ba\u015f\u0131na yakla\u015f\u0131k iki mutasyon ge\u00e7irmektedir. Yani y\u00fczy\u0131llar i\u00e7erisinde s\u00fcrekli de\u011fi\u015fmektedir. \u00c7ok say\u0131da insan taraf\u0131ndan ta\u015f\u0131nan bu de\u011fi\u015fimler, SNP olarak adland\u0131r\u0131lmaktad\u0131r. Burada haplogruplar\u0131 bir a\u011fac\u0131n ana dallar\u0131 olarak tan\u0131mlarsak, SNP\u2019ler de bu ana dallardan \u00e7\u0131kan alt dallara benzetilebilir. Bunlar zamanda geriye do\u011fru takip imk\u00e2n\u0131 sa\u011flayarak; binlerce y\u0131l \u00f6nce ya\u015fayan erkek atalara ili\u015fkin bilgi sa\u011flayabilmektedir. Haplogruplar J, R1a, R1b, N, L, Q, G vb. \u015fekillerde isimlendirilmi\u015ftir. Bu isimlendirmelerin \u00e7o\u011fu birka\u00e7 on bin y\u0131l \u00f6nce farkl\u0131 insan topluluklar\u0131n\u0131n Y kromozomlar\u0131nda meydana gelen mutasyonlar\u0131 etiketlemektedir. \u0130nsanlar\u0131n DNA\u2019s\u0131 incelenerek hangi haplogruptan geldikleri tespit edilebilmektedir.<\/p>\n<h2>T\u00fcrklerde yayg\u0131n g\u00f6r\u00fclen haplogruplar<\/h2>\n<p>\u015eimdi, T\u00fcrkler a\u00e7\u0131s\u0131ndan \u00f6nem arz eden ba\u015fl\u0131ca Y-DNA haplogruplar\u0131ndan bahsedelim. A\u015fa\u011f\u0131daki haritada yakla\u015f\u0131k 43.000 y\u0131l \u00f6nce ortaya \u00e7\u0131kan J haplogrubunun yay\u0131l\u0131m alan\u0131 g\u00f6r\u00fclmektedir.<\/p>\n<p><img loading=\"lazy\" class=\"alignnone size-full wp-image-18348\" src=\"https:\/\/millidusunce.com\/misak\/wp-content\/uploads\/2024\/08\/Screenshot_20240830_212335_Microsoft-365-Office.jpg\" alt=\"\" width=\"1048\" height=\"691\" srcset=\"https:\/\/millidusunce.com\/misak\/wp-content\/uploads\/2024\/08\/Screenshot_20240830_212335_Microsoft-365-Office.jpg 1048w, https:\/\/millidusunce.com\/misak\/wp-content\/uploads\/2024\/08\/Screenshot_20240830_212335_Microsoft-365-Office-300x198.jpg 300w, https:\/\/millidusunce.com\/misak\/wp-content\/uploads\/2024\/08\/Screenshot_20240830_212335_Microsoft-365-Office-1024x675.jpg 1024w, https:\/\/millidusunce.com\/misak\/wp-content\/uploads\/2024\/08\/Screenshot_20240830_212335_Microsoft-365-Office-150x99.jpg 150w, https:\/\/millidusunce.com\/misak\/wp-content\/uploads\/2024\/08\/Screenshot_20240830_212335_Microsoft-365-Office-768x506.jpg 768w\" sizes=\"(max-width: 1048px) 100vw, 1048px\" \/><\/p>\n<p>Harita 1. J Haplogrubunun Da\u011f\u0131l\u0131m\u0131<\/p>\n<p>Haritada g\u00f6r\u00fcld\u00fc\u011f\u00fc \u00fczere, 43.000 y\u0131l gibi uzun bir zaman \u00f6nce ortaya \u00e7\u0131kan J haplogrubu, g\u00fcn\u00fcm\u00fczde \u00e7ok geni\u015f bir co\u011frafyaya yay\u0131lm\u0131\u015f haldedir. Tarihinden de anla\u015f\u0131laca\u011f\u0131 \u00fczere, insanlar\u0131n hen\u00fcz birka\u00e7 d\u00fczineyi a\u015famayan pop\u00fclasyonlarda, avc\u0131-toplay\u0131c\u0131 gruplar halinde ya\u015fad\u0131klar\u0131 Paleolitik (Eski Ta\u015f) devrinde ortaya \u00e7\u0131km\u0131\u015ft\u0131r.<\/p>\n<p>Harita-2\u2019de R1a haplogrubunun da\u011f\u0131l\u0131m\u0131 g\u00f6sterilmi\u015ftir.<\/p>\n<p><img loading=\"lazy\" class=\"alignnone size-full wp-image-18347\" src=\"https:\/\/millidusunce.com\/misak\/wp-content\/uploads\/2024\/08\/Screenshot_20240830_212343_Microsoft-365-Office-scaled.jpg\" alt=\"\" width=\"2560\" height=\"1334\" srcset=\"https:\/\/millidusunce.com\/misak\/wp-content\/uploads\/2024\/08\/Screenshot_20240830_212343_Microsoft-365-Office-scaled.jpg 2560w, https:\/\/millidusunce.com\/misak\/wp-content\/uploads\/2024\/08\/Screenshot_20240830_212343_Microsoft-365-Office-300x156.jpg 300w, https:\/\/millidusunce.com\/misak\/wp-content\/uploads\/2024\/08\/Screenshot_20240830_212343_Microsoft-365-Office-1024x533.jpg 1024w, https:\/\/millidusunce.com\/misak\/wp-content\/uploads\/2024\/08\/Screenshot_20240830_212343_Microsoft-365-Office-150x78.jpg 150w, https:\/\/millidusunce.com\/misak\/wp-content\/uploads\/2024\/08\/Screenshot_20240830_212343_Microsoft-365-Office-768x400.jpg 768w, https:\/\/millidusunce.com\/misak\/wp-content\/uploads\/2024\/08\/Screenshot_20240830_212343_Microsoft-365-Office-1536x800.jpg 1536w, https:\/\/millidusunce.com\/misak\/wp-content\/uploads\/2024\/08\/Screenshot_20240830_212343_Microsoft-365-Office-2048x1067.jpg 2048w\" sizes=\"(max-width: 2560px) 100vw, 2560px\" \/><\/p>\n<p>Harita 2. R1a Haplogrubunun Da\u011f\u0131l\u0131m\u0131<\/p>\n<p>R1a haplogrubu, yakla\u015f\u0131k 25.000 y\u0131l \u00f6nce ortaya \u00e7\u0131km\u0131\u015ft\u0131r. Yani t\u0131pk\u0131 J haplogrubunda oldu\u011fu gibi bu d\u00f6nemin insanlar\u0131 da g\u00f6\u00e7ebe bir ya\u015fam tarz\u0131na sahip olup, avc\u0131-toplay\u0131c\u0131 karakterdeki birka\u00e7 d\u00fczinelik n\u00fcfusa sahip kabileler \u015feklinde \u00f6rg\u00fctlenmi\u015flerdir. Torunlar\u0131 geni\u015f bir co\u011frafyaya yay\u0131larak R1a\u2019y\u0131 bug\u00fcn bir\u00e7ok milletin terkibinde yer alacak \u015fekilde yaym\u0131\u015flard\u0131r.<\/p>\n<p>Harita-3\u2019de R1b haplogrubunun da\u011f\u0131l\u0131m\u0131 g\u00f6sterilmi\u015ftir.<\/p>\n<p><img loading=\"lazy\" class=\"alignnone size-full wp-image-18346\" src=\"https:\/\/millidusunce.com\/misak\/wp-content\/uploads\/2024\/08\/Screenshot_20240830_212433_Microsoft-365-Office.jpg\" alt=\"\" width=\"1015\" height=\"593\" srcset=\"https:\/\/millidusunce.com\/misak\/wp-content\/uploads\/2024\/08\/Screenshot_20240830_212433_Microsoft-365-Office.jpg 1015w, https:\/\/millidusunce.com\/misak\/wp-content\/uploads\/2024\/08\/Screenshot_20240830_212433_Microsoft-365-Office-300x175.jpg 300w, https:\/\/millidusunce.com\/misak\/wp-content\/uploads\/2024\/08\/Screenshot_20240830_212433_Microsoft-365-Office-150x88.jpg 150w, https:\/\/millidusunce.com\/misak\/wp-content\/uploads\/2024\/08\/Screenshot_20240830_212433_Microsoft-365-Office-768x449.jpg 768w\" sizes=\"(max-width: 1015px) 100vw, 1015px\" \/><\/p>\n<p>Harita 3. R1b Haplogrubunun Da\u011f\u0131l\u0131m\u0131<\/p>\n<p>R1b haplogrubu, 14.000 \u2013 18.000 y\u0131l \u00f6nce Mezolitik (Orta Ta\u015f) devrinde ortaya \u00e7\u0131km\u0131\u015ft\u0131r. Bug\u00fcn \u00f6zellikle Bat\u0131 Avrupa\u2019da yo\u011fun g\u00f6r\u00fclse de \u00e7\u0131k\u0131\u015f noktas\u0131 Bat\u0131 Asya olarak tahmin edilmektedir. \u00c7o\u011fu haplogrup i\u00e7in benzer durumlar ge\u00e7erlidir. \u00c7\u00fcnk\u00fc bu haplogruplar\u0131n ilk ortaya \u00e7\u0131kt\u0131\u011f\u0131 Ta\u015f devrindeki insanlar, belirli bir co\u011frafyada yerle\u015fik olmayan g\u00f6\u00e7ebe avc\u0131-toplay\u0131c\u0131 kabilelerdir. Dolay\u0131s\u0131yla par\u00e7alanan ve yeni olu\u015fan obalar \u015feklinde pek \u00e7ok co\u011frafyaya yay\u0131lm\u0131\u015flard\u0131r.<\/p>\n<p>Harita-4\u2019te G haplogrubunun da\u011f\u0131l\u0131m\u0131 g\u00f6sterilmi\u015ftir.<\/p>\n<p><img loading=\"lazy\" class=\"alignnone size-full wp-image-18349\" src=\"https:\/\/millidusunce.com\/misak\/wp-content\/uploads\/2024\/08\/Screenshot_20240830_214837_Microsoft-365-Office.jpg\" alt=\"\" width=\"816\" height=\"592\" srcset=\"https:\/\/millidusunce.com\/misak\/wp-content\/uploads\/2024\/08\/Screenshot_20240830_214837_Microsoft-365-Office.jpg 816w, https:\/\/millidusunce.com\/misak\/wp-content\/uploads\/2024\/08\/Screenshot_20240830_214837_Microsoft-365-Office-300x218.jpg 300w, https:\/\/millidusunce.com\/misak\/wp-content\/uploads\/2024\/08\/Screenshot_20240830_214837_Microsoft-365-Office-150x109.jpg 150w, https:\/\/millidusunce.com\/misak\/wp-content\/uploads\/2024\/08\/Screenshot_20240830_214837_Microsoft-365-Office-768x557.jpg 768w\" sizes=\"(max-width: 816px) 100vw, 816px\" \/><\/p>\n<p>Harita 4. G Haplogrubunun Da\u011f\u0131l\u0131m\u0131<\/p>\n<p>G haplogrubu, yakla\u015f\u0131k 30.000 y\u0131l \u00f6nce Kafkasya\u2019da ortaya \u00e7\u0131km\u0131\u015ft\u0131r. Bu d\u00f6nemin insanlar\u0131 da yukar\u0131dakilerle benzer \u015fekilde Ta\u015f devri insanlar\u0131d\u0131r.<\/p>\n<p>T\u00fcrk etnogenezini ilgilendiren daha \u00e7ok say\u0131da haplogrup olsa da meselenin anla\u015f\u0131lmas\u0131 a\u00e7\u0131s\u0131ndan bu kadar\u0131 yeterli olacakt\u0131r. Ortaya \u00e7\u0131k\u0131\u015flar\u0131n\u0131 takip eden sonraki biny\u0131llarda, bu haplogruplar\u0131n her birinin kendi i\u00e7erisinde \u00e7ok say\u0131da alt dala ayr\u0131ld\u0131\u011f\u0131n\u0131 da unutmamak gerekir.<\/p>\n<h2>Avc\u0131-Toplay\u0131c\u0131 g\u00f6\u00e7leri ve haplogruplar\u0131n antik ve modern toplumlar\u0131n harc\u0131n\u0131 olu\u015fturmas\u0131<\/h2>\n<p>Bu haplogruplara mensup insanlar, ilk kez Ta\u015f devrinde ortaya \u00e7\u0131k\u0131p, birbirlerinden kopuk, avc\u0131-toplay\u0131c\u0131 yap\u0131s\u0131ndaki k\u00fc\u00e7\u00fck gruplar halinde d\u00fcnyaya yay\u0131lm\u0131\u015flar ve yer yer birbirleriyle etkile\u015fime girmi\u015flerdir. Bu halleriyle bunlar\u0131n hi\u00e7birisi hi\u00e7bir milletin \u00e7ekirde\u011fini te\u015fkil edecek k\u00fclt\u00fcrel \u00fcretim ortam\u0131na sahip de\u011fillerdir. G\u00fcn\u00fcm\u00fczde konu\u015fulan geli\u015fmi\u015f dil sistemlerinin (T\u00fcrk\u00e7e, Arap\u00e7a, \u0130ngilizce vd.) birka\u00e7 bin y\u0131ll\u0131k oldu\u011fu g\u00f6z \u00f6n\u00fcne al\u0131n\u0131rsa, bahsi ge\u00e7en haplogruplar\u0131n ortaya \u00e7\u0131kt\u0131\u011f\u0131 birka\u00e7 on bin y\u0131l \u00f6nceki insanlar\u0131n durumlar\u0131yla ilgili daha s\u0131hhatli de\u011ferlendirmeler yap\u0131labilir.<\/p>\n<p>T\u00fcm Ta\u015f devirleri (Paleolitik-Mezolitik-Neolitik) boyunca binlerce y\u0131lda ger\u00e7ekle\u015fen toplumsal hareketler sonucunda, farkl\u0131 haplogruplardan terkip olunmu\u015f insan kitleleri, farkl\u0131 muhitlerde yerle\u015fik ya\u015fama ge\u00e7erek ve k\u00fclt\u00fcrler \u00fcreterek sonradan ortaya \u00e7\u0131kan farkl\u0131 devletlerin ve milletlerin harc\u0131n\u0131 olu\u015fturmu\u015flard\u0131r. Paleolitik, Mezolitik ve Neolitik devirlerdeki g\u00f6\u00e7ler g\u00f6z \u00f6n\u00fcnde bulunduruldu\u011funda nas\u0131l bir herc\u00fcmer\u00e7 ile kar\u015f\u0131 kar\u015f\u0131ya olundu\u011fu anla\u015f\u0131labilir. \u0130lk kez Afrika\u2019da ortaya \u00e7\u0131kan Homo Sapiens, birka\u00e7 on bin y\u0131lda Asya ve Avrupa\u2019ya yay\u0131lm\u0131\u015f, bununla da kalmayarak 42.000 \u2013 17.000 y\u0131l \u00f6nce Bering Bo\u011faz\u0131 \u00fczerinden Amerika k\u0131talar\u0131na dahi ge\u00e7mi\u015ftir. Bu yolculuklar\u0131 esnas\u0131nda farkl\u0131 topluluklar\u0131n Y kromozomlar\u0131nda ortaya \u00e7\u0131kan mutasyonlarla farkl\u0131 haplogruplar ortaya \u00e7\u0131km\u0131\u015ft\u0131r. Haplogruplar\u0131n alt gruplar\u0131n\u0131n say\u0131s\u0131 olduk\u00e7a fazlad\u0131r. Bunlar\u0131n takip edilmesiyle \u00e7ok daha fazla veriye ula\u015f\u0131labilse de haplogruplar\u0131n J, N, Q gibi s\u0131n\u0131fland\u0131r\u0131larak incelenmesi verilerin olduk\u00e7a kaba bir \u015fekilde de\u011ferlendirildi\u011fi anlam\u0131na gelmektedir. Bunlarla milli kimlik tayini yapmak m\u00fcmk\u00fcn de\u011fildir.<\/p>\n<p>Millet karakteristi\u011findeki topluluktan \u00f6nce a\u015firetlerden veya ayn\u0131 yerle\u015fim yerinde ya\u015fayan hem\u015ferilerden bahsedilecek topluluklar ortaya \u00e7\u0131km\u0131\u015ft\u0131r. Etnik a\u00e7\u0131dan daha konsantre olan a\u015firetler dahi farkl\u0131 haplogruplar\u0131n kombinezonlar\u0131ndan olu\u015fmu\u015ftur. \u00d6rne\u011fin k\u00fclt\u00fcrleriyle en karakteristik T\u00fcrk a\u015firetlerinden olan Av\u015farlarda L haplogrubu %57 oran\u0131nda g\u00f6r\u00fcl\u00fcrken, bu haplogrubun T\u00fcrkiye T\u00fcrklerinin genel da\u011f\u0131l\u0131m\u0131ndaki oran\u0131 %7, \u00d6zbekistan\u2019da %20, Uygurlar, K\u0131rg\u0131zlar ve T\u00fcrkmenler gibi T\u00fcrkistan T\u00fcrklerinde ise %3-4 civarlar\u0131ndad\u0131r. Di\u011fer yandan Rakka\u2019da %51, \u00e7ok \u201calakas\u0131z\u201d bir co\u011frafyadaki Venediklilerde %10 oran\u0131nda g\u00f6r\u00fclmektedir.<\/p>\n<h2>Anadolu\u2019da \u201cT\u00fcrk\u201d Yoktur \u0130ddias\u0131na Temel Olu\u015fturma Gayretinin Nafilelili\u011fi: Senkronizm Hatas\u0131<\/h2>\n<p>T\u00fcrkiye\u2019deki kat\u0131l\u0131mc\u0131lardan al\u0131nan numunelerin sonu\u00e7lar\u0131ndan yola \u00e7\u0131karak, T\u00fcrkl\u00fc\u011f\u00fc \u00e7ok say\u0131da milletin kar\u0131\u015f\u0131m\u0131 gibi g\u00f6sterme gayretinde bulunan \u00e7evreler, bunu yaparlarken; di\u011fer milletleri ve hatta kendi etnik k\u00f6kenlerini olu\u015fturan haplogrup terkiplerinden bahsetmemektedir. Oysa yukar\u0131da gerek\u00e7esiyle belirtildi\u011fi gibi s\u00f6z konusu haplogruplar\u0131n olu\u015fumu Ta\u015f devirlerinde meydana gelmi\u015f ve o d\u00f6nemlerden itibaren d\u00fcnyan\u0131n \u00e7e\u015fitli co\u011frafyalar\u0131na yay\u0131larak millet karakterine eri\u015fecek topluluklar\u0131n harc\u0131na \u00e7ok \u00f6nceden kat\u0131lm\u0131\u015ft\u0131r (bunu a\u015fa\u011f\u0131da somut \u00f6rnekler \u00fczerinden inceleyece\u011fiz).<\/p>\n<p>Bug\u00fcn T\u00fcrkiye ve Azerbaycan\u2019da ya\u015fayan Bat\u0131 T\u00fcrkl\u00fc\u011f\u00fc, yakla\u015f\u0131k 1000 y\u0131l \u00f6nce T\u00fcrkistan\u2019daki soyda\u015flar\u0131ndan ayr\u0131larak mevcut co\u011frafyalar\u0131na g\u00f6\u00e7 etmi\u015flerdir. T\u00fcrkl\u00fc\u011f\u00fcn do\u011fu ve bat\u0131 \u015feklinde ayr\u0131lan bu iki ana grubu aras\u0131ndaki genetik benzerlikler, \u201cT\u00fcrkiyelilik\u201d ad\u0131 alt\u0131nda kusulanlar\u0131n sa\u00e7mal\u0131\u011f\u0131n\u0131 a\u00e7\u0131k\u00e7a ortaya koymaktad\u0131r. T\u00fcrkistan\u2019\u0131n do\u011fu ucundaki en kalabal\u0131k T\u00fcrk kitlesini Uygurlar te\u015fkil etmektedir. Uygurlar \u00fczerinde ger\u00e7ekle\u015ftirilen \u00e7al\u0131\u015fmalar, Anadolu T\u00fcrkleri aras\u0131nda da yayg\u0131n g\u00f6r\u00fclen J haplogrubunun Uygur T\u00fcrklerinde %26; R1a haplogrubunun %23; R1b haplogrubunun ise %19 oran\u0131nda g\u00f6r\u00fcld\u00fc\u011f\u00fcn\u00fc g\u00f6stermektedir. Anadolu T\u00fcrkleri ise bu Y-DNA gruplar\u0131na s\u0131ras\u0131yla %24, %8 ve %16 oran\u0131nda sahiptir. Kuzey Irak K\u00fcrtleri aras\u0131nda ger\u00e7ekle\u015ftirilen bir \u00e7al\u0131\u015fmada elde edilen verilere g\u00f6re bu haplogruplar ile ilgili sonu\u00e7lar s\u0131ras\u0131yla %36, %8, %7 \u015feklindedir. K\u00fcrtlerdeki R1 oran\u0131, Atalar\u0131 yakla\u015f\u0131k 20.000 y\u0131l \u00f6nce Amerika k\u0131tas\u0131na ge\u00e7en Mayalarla, T\u00fcrklerdeki R1 oran\u0131 ise ABD K\u0131z\u0131lderilileri ile yakla\u015f\u0131k oranlardad\u0131r. Bunun yan\u0131nda Anadolu T\u00fcrklerinde %11 oran\u0131nda g\u00f6r\u00fclen G haplogrubu, Kuzey Irak K\u00fcrtlerinde de ayn\u0131 oranda g\u00f6r\u00fclmektedir. En belirgin farkl\u0131l\u0131k, K\u00fcrtlerde E haplogrubunun y\u00fcksek olu\u015fudur (K\u00fcrtlerde %17, T\u00fcrklerde %0,4). E haplogrubu, g\u00fcn\u00fcm\u00fcz toplumlar\u0131 i\u00e7erisinde en \u00e7ok Kuzey Afrika ve Do\u011fu Afrika\u2019da ya\u015fayanlar aras\u0131nda g\u00f6r\u00fclmektedir.<\/p>\n<p>Anla\u015f\u0131laca\u011f\u0131 \u00fczere Y-DNA analizleri \u00fczerinden y\u00fcr\u00fct\u00fclen T\u00fcrk kar\u015f\u0131t\u0131 propagandan\u0131n t\u00fcm (s\u00f6zde) arg\u00fcmanlar\u0131, di\u011fer milletler ve etnik gruplar i\u00e7in de kullan\u0131labilir. Ancak belirli \u00e7evreler bunu sadece T\u00fcrkl\u00fck \u00fczerinden y\u00fcr\u00fcterek T\u00fcrk gen\u00e7leri i\u00e7erisinde bir kafa kar\u0131\u015f\u0131kl\u0131\u011f\u0131 meydana getirme gayreti i\u00e7erisindedirler. Haplogruplar\u0131n olu\u015ftu\u011fu d\u00f6nemler ve D\u00fcnya \u00fczerindeki insan hareketlili\u011finin Ta\u015f devirlerine varan k\u00f6kenleri g\u00f6z \u00f6n\u00fcnde bulunduruldu\u011funda; bu haplogruplara mensup insanlar\u0131n on binlerce y\u0131l \u00f6ncesinden itibaren (D\u00fcnya \u00fczerindeki hi\u00e7bir millet olu\u015fmadan on binlerce y\u0131l \u00f6nce) kar\u0131\u015farak de\u011fi\u015fik karakterlerdeki toplumlar\u0131n te\u015fekk\u00fcl\u00fcne zemin haz\u0131rlad\u0131\u011f\u0131 rahatl\u0131kla s\u00f6ylenebilir. On binlerce y\u0131l \u00f6nce Amerika k\u0131tas\u0131na ge\u00e7en K\u0131z\u0131lderili gruplar\u0131n\u0131n Asya ve Avrupa\u2019da ya\u015fayan g\u00fcn\u00fcm\u00fcz milletleriyle genetik benzerlikleri bunun en b\u00fcy\u00fck delilidir. Ancak bu tip bir d\u00fc\u015f\u00fcncede senkronizm hatas\u0131 yapmamak gerekir. Senkronizm hatas\u0131, zaman ve mek\u00e2nla ba\u011f\u0131nt\u0131l\u0131 tarihi olgular\u0131n, zaman ve mek\u00e2n fakt\u00f6rlerinden birisinin manip\u00fcle edilmesi suretiyle de\u011ferlendirildi\u011fi durumlarda ger\u00e7ekle\u015fmektedir. Yaln\u0131zca son g\u00f6\u00e7ler g\u00f6z \u00f6n\u00fcnde bulundurularak yap\u0131lan de\u011ferlendirmeler, bu haplogruplar\u0131n on binlerce y\u0131ll\u0131k tarihi boyunca ger\u00e7ekle\u015fen g\u00f6\u00e7leri yok saymak anlam\u0131na gelir ki bu bariz bir senkronizm hatas\u0131na sebep olur. \u00d6rne\u011fin T\u00fcrkler aras\u0131nda yayg\u0131n olarak g\u00f6r\u00fclen J haplogrubunu somut arkeolojik ve genetik veriler \u0131\u015f\u0131\u011f\u0131nda inceleyerek yap\u0131lan\u0131n ne t\u00fcr bir sa\u00e7mal\u0131k oldu\u011funu g\u00f6rebiliriz. J haplogrubu, n\u00fcfus olarak g\u00fcn\u00fcm\u00fczde daha \u00e7ok Arap milletinin ya\u015fad\u0131\u011f\u0131 co\u011frafyalarda yo\u011funla\u015fm\u0131\u015ft\u0131r. Ancak J haplogrubunun olu\u015ftu\u011fu 43.000 y\u0131l \u00f6nceki insanlar veya J1 haplogrubuna mensup olan 15.000 y\u0131l \u00f6nceki insanlar Arap de\u011fildir. \u00c7\u00fcnk\u00fc o d\u00f6nemlerde ya\u015fayan insanlar, birka\u00e7 d\u00fczineyi ge\u00e7meyen, millet denilebilecek seviyedeki k\u00fclt\u00fcr \u00fcretiminden yoksun pop\u00fclasyonlarda ya\u015fayan avc\u0131-toplay\u0131c\u0131 insan gruplar\u0131d\u0131r. Bug\u00fcnk\u00fc Arabistan ve \u00e7evresinde, tarihin de\u011fi\u015fik devirlerinde yerle\u015fik ya\u015fama ge\u00e7en ve \u00e7o\u011funlu\u011fu J haplogrubuna mensup olan insanlar, sonraki bin y\u0131llarda Arap k\u00fclt\u00fcr\u00fcn\u00fc olu\u015fturan haplogrup harc\u0131nda yer alm\u0131\u015flard\u0131r. Ancak onlardan 15.000-20.000 y\u0131l \u00f6nce ayr\u0131larak Kafkasya, Avrupa veya Do\u011fu Asya\u2019ya yay\u0131lan J haplogrubu mensuplar\u0131, ba\u015fka k\u00fclt\u00fcrlerin yarat\u0131lmas\u0131nda rol oynay\u0131p Arapl\u0131kla zerre ilgisi olmayan ba\u015fka milletlerin harc\u0131nda bulunmu\u015flard\u0131r. Bug\u00fcnk\u00fc da\u011f\u0131l\u0131ma bakarak \u201cArabistan\u2019da J \u00e7ok yo\u011fun, J\u2019ler Arap\u2019t\u0131r\u201d gibi bir \u00e7\u0131kar\u0131m senkronizm hatas\u0131d\u0131r. \u015eimdi somut \u00f6rnekler \u00fczerinden bu duruma bir g\u00f6z atal\u0131m.<\/p>\n<h2>J1: Hz. Muhammed, Amerikal\u0131 Ka\u015fif William Clark, Venedikli Haham Katzenellenbogen ve Karayip Korsan\u0131 Matthew Lowe<\/h2>\n<p>Ba\u015fl\u0131ktaki isimler her ne kadar tarih\u00ee ve k\u00fclt\u00fcrel olarak birbirleriyle ilgisiz olsalar da hepsinin ortak genetik bir \u00f6zelli\u011fi bulunuyor.<\/p>\n<p>J haplogrubu 43.000 y\u0131l \u00f6nce ortaya \u00e7\u0131km\u0131\u015ft\u0131r. Bu haplogrubun i\u00e7erisindeki mutasyonlarla sonraki on bin y\u0131llarda J\u2019nin alt grubu olan ba\u015fka haplogruplar da ortaya \u00e7\u0131km\u0131\u015ft\u0131r. Bunun en bilinenlerinden birisi J1 haplogrubudur. Bu alt grup yakla\u015f\u0131k 17.000 y\u0131l \u00f6nce ortaya \u00e7\u0131km\u0131\u015ft\u0131r. G\u00fcn\u00fcm\u00fczde \u00e7o\u011funlukla Arap co\u011frafyas\u0131nda kar\u015f\u0131la\u015f\u0131lmaktad\u0131r. Bu y\u00fczden g\u00fcn\u00fcm\u00fczde Anadolu T\u00fcrkleri aras\u0131nda g\u00f6r\u00fclen J1 haplogrubu, malum \u00e7evreler taraf\u0131ndan, Orta \u00c7a\u011f\u2019da T\u00fcrkistan\u2019dan gelen \u201cetnik\u201d T\u00fcrklerin Anadolu co\u011frafyas\u0131nda kar\u0131\u015ft\u0131\u011f\u0131 yerli topluluklardan birisi olarak g\u00f6sterilmektedir. Bu tipik bir senkronizm hatas\u0131d\u0131r. Arkeoloji ve genetik verileri bamba\u015fka bir hik\u00e2ye anlatmaktad\u0131r. \u0130lgin\u00e7 bir \u00f6rnek olarak Hz. Muhammed , Venedikli Haham Rabbi Meir Katzenellenbogen, Amerikal\u0131 k\u00e2\u015fif William Clark (1770-1838) ve Karayip Korsan\u0131 Matthew Lowe\u2019un (1690-1760) ayn\u0131 ortak atadan gelen J1 haplogrubu mensuplar\u0131 olduklar\u0131n\u0131 s\u00f6yleyerek ba\u015flayabiliriz. Say\u0131lan isimler \u00e7ok farkl\u0131 k\u00fclt\u00fcr havzalar\u0131nda farkl\u0131 milliyetlere mensup insanlar olmalar\u0131na ra\u011fmen hepsi bug\u00fcn Arap \u00fclkelerinde yo\u011fun g\u00f6r\u00fclen J1 haplogrubuna mensuplar. T\u00fcrklerde g\u00f6r\u00fclen J1 haplogrubunu Arap olarak isimlendirmek; Amerikal\u0131 k\u00e2\u015fif William Clark\u2019\u0131n, Karayip Korsan\u0131 Matthew Lowe\u2019un ve Venedikli Haham Rabbi Meir Katzenellenbogen\u2019\u0131n ve farkl\u0131 milletlerden milyonlarca insan\u0131n Arap oldu\u011funu iddia etmekle ayn\u0131 \u015feydir. Pek\u00e2l\u00e2, t\u00fcm bu milliyet farkl\u0131l\u0131klar\u0131na ra\u011fmen, ayn\u0131 haplogruba mensubiyet nas\u0131l m\u00fcmk\u00fcn olabiliyor? Yukar\u0131da da bahsetti\u011fimiz gibi bunun sebebi J1\u2019in veya di\u011fer herhangi bir haplogrubun herhangi bir milleti tan\u0131mlamamas\u0131d\u0131r. J1 ve di\u011fer b\u00fcy\u00fck haplogruplar, Arap (veya herhangi ba\u015fka bir millet) dili ve k\u00fclt\u00fcr\u00fc dahi olu\u015fmadan binlerce y\u0131l \u00f6nce farkl\u0131 co\u011frafyalara yay\u0131larak farkl\u0131 haplogrup mensuplar\u0131yla kombinezonlar olu\u015fturduklar\u0131 yeni topluluklara hayat vermi\u015flerdir. Bunun somut \u00f6rnekleri i\u00e7in Tablo-1 incelenebilir.<\/p>\n<p>A\u015fa\u011f\u0131da \u00e7e\u015fitli arkeolojik alanlardan ve tarihi \u015fahsiyetlerden al\u0131nan \u00f6rneklere ait veriler sunulmu\u015ftur. Bu \u00f6rneklerin t\u00fcm\u00fc J1 haplogrubuna mensup olup (t\u0131pk\u0131 yukar\u0131da sayd\u0131\u011f\u0131m\u0131z isimler gibi) 17.000 y\u0131l \u00f6nceki ortak bir atan\u0131n soyundan gelmektedirler:<\/p>\n<p>Tablo 1: J1 Haplogrubuna Mensup Antik Y-DNA Buluntular\u0131<\/p>\n<p><img loading=\"lazy\" class=\"alignnone size-full wp-image-18345\" src=\"https:\/\/millidusunce.com\/misak\/wp-content\/uploads\/2024\/08\/Screenshot_20240830_213538_Microsoft-365-Office.jpg\" alt=\"\" width=\"1080\" height=\"1058\" srcset=\"https:\/\/millidusunce.com\/misak\/wp-content\/uploads\/2024\/08\/Screenshot_20240830_213538_Microsoft-365-Office.jpg 1080w, https:\/\/millidusunce.com\/misak\/wp-content\/uploads\/2024\/08\/Screenshot_20240830_213538_Microsoft-365-Office-300x294.jpg 300w, https:\/\/millidusunce.com\/misak\/wp-content\/uploads\/2024\/08\/Screenshot_20240830_213538_Microsoft-365-Office-1024x1003.jpg 1024w, https:\/\/millidusunce.com\/misak\/wp-content\/uploads\/2024\/08\/Screenshot_20240830_213538_Microsoft-365-Office-150x147.jpg 150w, https:\/\/millidusunce.com\/misak\/wp-content\/uploads\/2024\/08\/Screenshot_20240830_213538_Microsoft-365-Office-768x752.jpg 768w\" sizes=\"(max-width: 1080px) 100vw, 1080px\" \/><\/p>\n<p>Tablo 1\u2019de g\u00f6r\u00fcld\u00fc\u011f\u00fc \u00fczere J1 haplogrubuna mensup, muhtelif tarih \u00f6ncesi ve tarih\u00ee devirlerdeki insanlar; Asya, Avrupa ve Afrika\u2019n\u0131n muhtelif co\u011frafyalar\u0131nda ya\u015fam\u0131\u015flard\u0131r. K\u00fclt\u00fcrel olarak avc\u0131-toplay\u0131c\u0131, Anav, Afanasiyevo, Hun, Macar, Romal\u0131, Antik M\u0131s\u0131rl\u0131 vb. havzalara mensup olan \u00e7ok say\u0131daki insan, ayn\u0131 zamanda yukar\u0131daki \u00f6rnekte isimlerini verdi\u011fimiz tarihi \u015fahsiyetlerle de ayn\u0131 genetik k\u00f6keni payla\u015fmaktad\u0131r. Antik mezarlardan elde edilen buluntular \u00fczerinde ger\u00e7ekle\u015ftirilen DNA testleriyle ula\u015f\u0131lan bu sonu\u00e7lar; J1 haplogrubunun, \u0130slamiyet\u2019in yay\u0131l\u0131\u015f\u0131 esnas\u0131nda ger\u00e7ekle\u015fen Arap yay\u0131l\u0131m\u0131ndan y\u00fczlerce ve binlerce y\u0131l \u00f6ncesinde milletler ve devletlerin te\u015fekk\u00fcl etmedi\u011fi d\u00f6nemlerde ger\u00e7ekle\u015fen g\u00f6\u00e7lerle \u00e7ok geni\u015f bir co\u011frafyaya yay\u0131lm\u0131\u015f oldu\u011funu kan\u0131tlamaktad\u0131r. Bu durum di\u011fer haplogruplar i\u00e7in de ge\u00e7erlidir.<\/p>\n<p>Avrupa\u2019n\u0131n ortas\u0131nda, Alplerde bulunan Buz Adam \u00d6tzi\u2019nin Y-DNA sonucu ve mensubu oldu\u011fu haplogrubun bug\u00fcnk\u00fc da\u011f\u0131l\u0131m\u0131 g\u00f6z \u00f6n\u00fcnde bulundurulursa, bu veriler \u00fczerinden yap\u0131lan manip\u00fclasyonlar\u0131n anlams\u0131zl\u0131\u011f\u0131na y\u00f6nelik somut bir \u00f6rnekle daha kar\u015f\u0131la\u015f\u0131lmaktad\u0131r. M\u00d6 3400-3100 y\u0131llar\u0131 aras\u0131nda ya\u015fad\u0131\u011f\u0131 tespit edilen \u00d6tzi\u2019nin cesedi, Avusturya-\u0130talya aras\u0131ndaki Alplerde bulunmu\u015ftur. \u00d6tzi\u2019nin Y kromozomu G haplogrubu olarak tan\u0131mlanm\u0131\u015ft\u0131r (haritas\u0131 yukar\u0131da verilmi\u015fti). Harita-4\u2019e bak\u0131l\u0131rsa G haplogrubunun bug\u00fcn daha \u00e7ok Kafkasya, T\u00fcrkistan ve \u0130ran\u2019da yo\u011funla\u015ft\u0131\u011f\u0131 g\u00f6r\u00fclmektedir. Alt gruplara odaklan\u0131ld\u0131\u011f\u0131nda co\u011frafya konusunda biraz daha konsantre sonu\u00e7lara ula\u015f\u0131labilse de do\u011frudan ana ve b\u00fcy\u00fck alt haplogruplar \u00fczerinden ger\u00e7ekle\u015ftirilen kimlik tart\u0131\u015fmalar\u0131 yersizdir.<\/p>\n<p>T\u00fcrklere y\u00f6nelik \u0131rk\u00e7\u0131 sald\u0131r\u0131da, senkronizm hatas\u0131 bilin\u00e7li \u015fekilde kullan\u0131lmaktad\u0131r. Teorilerine g\u00f6re; az say\u0131daki \u201cetnik\u201d T\u00fcrk, Anadolu\u2019nun kalabal\u0131k \u201cyerli\u201d halk\u0131yla kar\u0131\u015fm\u0131\u015ft\u0131r. Buna g\u00f6re Anadolu\u2019da g\u00f6r\u00fclen haplogruplar, Anadolu \u201cyerli\u201d halklar\u0131na isnat edilmektedir. Oysa ayn\u0131 y\u00f6ntemle, E haplogrubu ile ayr\u0131\u015fan K\u00fcrtler Kuzey Afrikal\u0131, R1 oran\u0131 \u00e7ok y\u00fcksek \u00e7\u0131kan \u0130sko\u00e7lar T\u00fcrk ilan edilebilir. Bu \u00f6rnekleri t\u00fcm haplogruplara uyarlamak m\u00fcmk\u00fcnd\u00fcr. H\u00e2lbuki ayn\u0131 haplogruplar, T\u00fcrkistan T\u00fcrklerinde ve hatta \u00d6tzi \u00f6rne\u011finde de g\u00f6r\u00fcld\u00fc\u011f\u00fc \u00fczere \u00e7ok ilgisiz co\u011frafyalarda dahi kar\u015f\u0131m\u0131za \u00e7\u0131kmaktad\u0131r.<\/p>\n<p>\u00d6zetle, haplogruplar millet veya etnik grup de\u011fildir. Neredeyse her milletin ve etnik grubun terkibinde belirli oranlarda yer alan, farkl\u0131 genetik mutasyonlara sahip ta\u015f devri insan topluluklar\u0131n\u0131n etiketleridir. Sonraki d\u00f6nemlerde olu\u015fan alt dallar\u0131n da k\u00f6kenleri bu gruplard\u0131r. Maden devirleri, \u0130lk ve Orta \u00c7a\u011flar boyunca ger\u00e7ekle\u015fen g\u00f6\u00e7 ve fetih hareketleri de eklendi\u011finde haplogruplar\u0131n kar\u0131\u015f\u0131mlar\u0131 daha da artm\u0131\u015ft\u0131r. D\u00fcnya \u00fczerinde yaln\u0131zca bir haplogruptan olu\u015fan herhangi bir millet yoktur. Milletlerin karakteristik \u00f6zelliklerinin olu\u015fumunda bu haplogrup kombinezonlar\u0131nda ta\u015f\u0131nan kan ba\u011f\u0131n\u0131n ve genetik havuzun etkisi olsa da millet ad\u0131 verilen toplulu\u011fa milli kimli\u011fini veren ara\u00e7lar, bizzat o toplum taraf\u0131ndan; ya\u015fad\u0131\u011f\u0131 co\u011frafya ile etkile\u015fim i\u00e7erisinde binlerce y\u0131l i\u00e7erisinde yarat\u0131lan dil ve k\u00fclt\u00fcrd\u00fcr.<\/p>\n<p>Bu konularda Osman \u00c7ataloluk\u2019un \u201cT\u00fcrk\u2019\u00fcn Genetik Tarihi\u201d; Gumilev\u2019un \u201cEtnogenez\u201d ve \u201cSon ve Yeniden Ba\u015flang\u0131\u00e7\u201d eserlerinden \u00e7apraz okuma suretiyle faydalan\u0131labilir. Alan uzmanlar\u0131n\u0131n, bu konular\u0131 pop\u00fcler bilim \u00fcslubuyla ele ald\u0131klar\u0131 \u00e7al\u0131\u015fmalar\u0131n say\u0131s\u0131n\u0131 artt\u0131rarak toplumumuzu bu \u0131rk\u00e7\u0131 sald\u0131r\u0131ya kar\u015f\u0131 ayd\u0131nlatmalar\u0131 gerekmektedir.<\/p>\n<p><em>https:\/\/tr.wikipedia.org\/wiki\/Haplogrup_J_%28Y-DNA%29#\/media\/Dosya:Haplogrupo_J_(Y-DNA).png <\/em><\/p>\n<p><em>\u00a0 https:\/\/en.wikipedia.org\/wiki\/Haplogroup_R1a#\/media\/File:Mapa_de_R1a.png <\/em><\/p>\n<p><em>\u00a0 https:\/\/en.wikipedia.org\/wiki\/Haplogroup_R1b#\/media\/File:Haplogrupo_R1b_(ADN-Y).png <\/em><\/p>\n<p><em>\u00a0 https:\/\/tr.wikipedia.org\/wiki\/Haplogrup_G_(Y-DNA)#\/media\/Dosya:Haplogrupo_G_(ADN-Y).PNG <\/em><\/p>\n<p><em>\u00a0 https:\/\/tr.wikipedia.org\/wiki\/Haplogrup_L-M20_(Y-DNA) (Eri\u015fim tarihi: 15.08.2024). <\/em><\/p>\n<p><em>\u00a0 https:\/\/tr.wikipedia.org\/wiki\/T%C3%BCrklerin_genetik_tarihi (Eri\u015fim tarihi: 15.08.2024). Vikipedi\u2019nin ilgili sayfas\u0131ndan verilerin al\u0131nd\u0131\u011f\u0131 akademik \u00e7al\u0131\u015fmalara ula\u015f\u0131labilmektedir. <\/em><\/p>\n<p><em>\u00a0 Albarzinji vd. (2022). Population genetic study of 17 Y-STR Loci of the Sorani Kurds in the Province of Sulaymaniyah, Iraq. https:\/\/bmcgenomics.biomedcentral.com\/articles\/10.1186\/s12864-022-09005-6 <\/em><\/p>\n<p><em>\u00a0 http:\/\/mbe.oxfordjournals.org\/cgi\/reprint\/21\/1\/164 (Eri\u015fim tarihi: 12.08.2024). <\/em><\/p>\n<p><em>\u00a0 https:\/\/www.familytreedna.com\/pdf\/HammerFSIinpress.pdf <\/em><\/p>\n<p><em>\u00a0 T\u00fcrkler aras\u0131nda, 32.000 y\u0131l \u00f6nce ortaya \u00e7\u0131kan J2 haplogrubu daha yayg\u0131n g\u00f6r\u00fclse de J1\u2019in g\u00fcn\u00fcm\u00fcz Arap co\u011frafyas\u0131nda daha fazla konsantre olmas\u0131ndan dolay\u0131, farkl\u0131 bir etnik gruba mensubiyet konusunda daha iddial\u0131 olan J1\u2019e y\u00f6nelik kar\u015f\u0131la\u015ft\u0131rmalar yap\u0131lm\u0131\u015ft\u0131r. <\/em><\/p>\n<p><em>\u00a0 Hz. Muhammed\u2019in dedesinden intikal eden Y-DNA \u00f6zelliklerinin, ailenin t\u00fcm erkek bireylerinde nesiller boyu (seyyidler) ta\u015f\u0131n\u0131yor olu\u015fu, Y-DNA haplogrubunun tespit edilebilmesini m\u00fcmk\u00fcn k\u0131lmaktad\u0131r. <\/em><\/p>\n<p><em>\u00a0 Bu metin akademik bir \u00e7al\u0131\u015fma olmad\u0131\u011f\u0131 i\u00e7in kaynaklar a\u00e7\u0131k k\u00fcnye ile yaz\u0131lmam\u0131\u015ft\u0131r. \u0130lgi duyan okuyucu, tablodaki \u201cisim\u201d ve \u201ckaynak\u201d b\u00f6l\u00fcmlerinde yer alan ifadeleri anahtar kavram olarak kullanmak suretiyle \u00f6zg\u00fcn kaynaklara ula\u015fabilirler. Tabloda yer alan buluntu \u00f6rnekleri, y\u00fczlerce benzer \u00f6rne\u011fin i\u00e7erisinden temsilen se\u00e7ilmi\u015ftir. Baz\u0131 \u00f6rnekler i\u00e7in ayn\u0131 \u00f6zelliklere sahip \u00e7ok say\u0131da buluntu mevcuttur. G\u00fcn\u00fcm\u00fcze yak\u0131n olan buluntular\u0131n say\u0131s\u0131 daha \u00e7ok olsa da haplogruplar\u0131n antik d\u00f6nemlerde farkl\u0131 co\u011frafyalara yay\u0131lm\u0131\u015f oldu\u011fu iddias\u0131n\u0131 desteklemek amac\u0131yla haz\u0131rlanan tabloda yaln\u0131zca eski \u00f6rneklerden birka\u00e7\u0131 sunulmu\u015ftur. <\/em><\/p>\n<p><em>\u00a0 \u00d6rneklere ait isimler, ilgili akademik \u00e7al\u0131\u015fmalara ula\u015fmada anahtar kavram olarak kullan\u0131labilmeleri i\u00e7in \u00f6zg\u00fcn \u00e7al\u0131\u015fmalarda ge\u00e7ti\u011fi \u015fekilde verilmi\u015ftir. <\/em><\/p>\n<p><em>\u00a0 Baz\u0131 yer isimleri, okuyucunun ilgili kaynaklara kolay ula\u015fabilmesi i\u00e7in \u00f6zg\u00fcn kaynakta ge\u00e7ti\u011fi \u015fekliyle kullan\u0131lm\u0131\u015ft\u0131r. <\/em><\/p>\n<p>&nbsp;<\/p>\n<p>&nbsp;<\/p>\n<p>&nbsp;<\/p>\n<p>&nbsp;<\/p>\n<p>&nbsp;<\/p>\n<p>&nbsp;<\/p>\n<p>&nbsp;<\/p>\n<p>&nbsp;<\/p>\n","protected":false},"excerpt":{"rendered":"<p>Haplogruplar millet veya etnik grup de\u011fildir. Neredeyse her milletin ve etnik grubun terkibinde belirli oranlarda yer alan, farkl\u0131 genetik mutasyonlara sahip ta\u015f devri insan topluluklar\u0131n\u0131n etiketleridir.<\/p>\n","protected":false},"author":208,"featured_media":18342,"comment_status":"open","ping_status":"open","sticky":false,"template":"","format":"standard","meta":{"_links_to":"","_links_to_target":""},"categories":[2],"tags":[],"yoast_head":"<!-- This site is optimized with the Yoast SEO plugin v16.0.2 - https:\/\/yoast.com\/wordpress\/plugins\/seo\/ -->\n<title>&quot;T\u00fcrkiyeli&quot; s\u00f6ylemine kuramsal temel aray\u0131\u015f\u0131: T\u00fcrk kimli\u011fine Y-DNA sald\u0131r\u0131s\u0131 - M\u0130SAK- Mill\u00ee Strateji Ara\u015ft\u0131rma Kurulu<\/title>\n<meta name=\"description\" content=\"Teorilerine g\u00f6re; az say\u0131daki \u201cetnik\u201d T\u00fcrk, Anadolu\u2019nun kalabal\u0131k \u201cyerli\u201d halk\u0131yla kar\u0131\u015fm\u0131\u015ft\u0131r. Buna g\u00f6re Anadolu\u2019da g\u00f6r\u00fclen haplogruplar, Anadolu \u201cyerli\u201d halklar\u0131na isnat edilmektedir.\" \/>\n<link rel=\"canonical\" href=\"https:\/\/millidusunce.com\/misak\/turkiyeli-soylemine-kuramsal-temel-arayisi-turk-kimligine-y-dna-saldirisi\/\" \/>\n<meta property=\"og:locale\" content=\"tr_TR\" \/>\n<meta property=\"og:type\" content=\"article\" \/>\n<meta property=\"og:title\" content=\"&quot;T\u00fcrkiyeli&quot; s\u00f6ylemine kuramsal temel aray\u0131\u015f\u0131: T\u00fcrk kimli\u011fine Y-DNA sald\u0131r\u0131s\u0131 - M\u0130SAK- Mill\u00ee Strateji Ara\u015ft\u0131rma Kurulu\" \/>\n<meta property=\"og:description\" content=\"Teorilerine g\u00f6re; az say\u0131daki \u201cetnik\u201d T\u00fcrk, Anadolu\u2019nun kalabal\u0131k \u201cyerli\u201d halk\u0131yla kar\u0131\u015fm\u0131\u015ft\u0131r. Buna g\u00f6re Anadolu\u2019da g\u00f6r\u00fclen haplogruplar, Anadolu \u201cyerli\u201d halklar\u0131na isnat edilmektedir.\" \/>\n<meta property=\"og:url\" content=\"https:\/\/millidusunce.com\/misak\/turkiyeli-soylemine-kuramsal-temel-arayisi-turk-kimligine-y-dna-saldirisi\/\" \/>\n<meta property=\"og:site_name\" content=\"M\u0130SAK- Mill\u00ee Strateji Ara\u015ft\u0131rma Kurulu\" \/>\n<meta property=\"article:published_time\" content=\"2024-08-30T00:00:00+00:00\" \/>\n<meta property=\"article:modified_time\" content=\"2024-08-30T20:43:13+00:00\" \/>\n<meta property=\"og:image\" content=\"https:\/\/millidusunce.com\/misak\/wp-content\/uploads\/2024\/08\/ALPEREN-OKUR-Kopyasi_20240830_170727_0000.png\" \/>\n\t<meta property=\"og:image:width\" content=\"1200\" \/>\n\t<meta property=\"og:image:height\" content=\"800\" \/>\n<meta name=\"twitter:card\" content=\"summary_large_image\" \/>\n<meta name=\"twitter:label1\" content=\"Tahmini okuma s\u00fcresi\">\n\t<meta name=\"twitter:data1\" content=\"12 dakika\">\n<script type=\"application\/ld+json\" class=\"yoast-schema-graph\">{\"@context\":\"https:\/\/schema.org\",\"@graph\":[{\"@type\":\"Organization\",\"@id\":\"https:\/\/millidusunce.com\/misak\/#organization\",\"name\":\"Mill\\u00ee D\\u00fc\\u015f\\u00fcnce Merkezi\",\"url\":\"https:\/\/millidusunce.com\/misak\/\",\"sameAs\":[],\"logo\":{\"@type\":\"ImageObject\",\"@id\":\"https:\/\/millidusunce.com\/misak\/#logo\",\"inLanguage\":\"tr\",\"url\":\"https:\/\/millidusunce.com\/misak\/wp-content\/uploads\/2018\/09\/mdmLogo-yazisiz.jpg\",\"width\":422,\"height\":422,\"caption\":\"Mill\\u00ee D\\u00fc\\u015f\\u00fcnce Merkezi\"},\"image\":{\"@id\":\"https:\/\/millidusunce.com\/misak\/#logo\"}},{\"@type\":\"WebSite\",\"@id\":\"https:\/\/millidusunce.com\/misak\/#website\",\"url\":\"https:\/\/millidusunce.com\/misak\/\",\"name\":\"M\\u0130SAK- Mill\\u00ee Strateji Ara\\u015ft\\u0131rma Kurulu\",\"description\":\"D\\u00fcnyaya T\\u00fcrk\\u00e7\\u00fc Bak\\u0131\\u015f\",\"publisher\":{\"@id\":\"https:\/\/millidusunce.com\/misak\/#organization\"},\"potentialAction\":[{\"@type\":\"SearchAction\",\"target\":\"https:\/\/millidusunce.com\/misak\/?s={search_term_string}\",\"query-input\":\"required name=search_term_string\"}],\"inLanguage\":\"tr\"},{\"@type\":\"ImageObject\",\"@id\":\"https:\/\/millidusunce.com\/misak\/turkiyeli-soylemine-kuramsal-temel-arayisi-turk-kimligine-y-dna-saldirisi\/#primaryimage\",\"inLanguage\":\"tr\",\"url\":\"https:\/\/millidusunce.com\/misak\/wp-content\/uploads\/2024\/08\/ALPEREN-OKUR-Kopyasi_20240830_170727_0000.png\",\"width\":1200,\"height\":800},{\"@type\":\"WebPage\",\"@id\":\"https:\/\/millidusunce.com\/misak\/turkiyeli-soylemine-kuramsal-temel-arayisi-turk-kimligine-y-dna-saldirisi\/#webpage\",\"url\":\"https:\/\/millidusunce.com\/misak\/turkiyeli-soylemine-kuramsal-temel-arayisi-turk-kimligine-y-dna-saldirisi\/\",\"name\":\"\\\"T\\u00fcrkiyeli\\\" s\\u00f6ylemine kuramsal temel aray\\u0131\\u015f\\u0131: T\\u00fcrk kimli\\u011fine Y-DNA sald\\u0131r\\u0131s\\u0131 - M\\u0130SAK- Mill\\u00ee Strateji Ara\\u015ft\\u0131rma Kurulu\",\"isPartOf\":{\"@id\":\"https:\/\/millidusunce.com\/misak\/#website\"},\"primaryImageOfPage\":{\"@id\":\"https:\/\/millidusunce.com\/misak\/turkiyeli-soylemine-kuramsal-temel-arayisi-turk-kimligine-y-dna-saldirisi\/#primaryimage\"},\"datePublished\":\"2024-08-30T00:00:00+00:00\",\"dateModified\":\"2024-08-30T20:43:13+00:00\",\"description\":\"Teorilerine g\\u00f6re; az say\\u0131daki \\u201cetnik\\u201d T\\u00fcrk, Anadolu\\u2019nun kalabal\\u0131k \\u201cyerli\\u201d halk\\u0131yla kar\\u0131\\u015fm\\u0131\\u015ft\\u0131r. Buna g\\u00f6re Anadolu\\u2019da g\\u00f6r\\u00fclen haplogruplar, Anadolu \\u201cyerli\\u201d halklar\\u0131na isnat edilmektedir.\",\"breadcrumb\":{\"@id\":\"https:\/\/millidusunce.com\/misak\/turkiyeli-soylemine-kuramsal-temel-arayisi-turk-kimligine-y-dna-saldirisi\/#breadcrumb\"},\"inLanguage\":\"tr\",\"potentialAction\":[{\"@type\":\"ReadAction\",\"target\":[\"https:\/\/millidusunce.com\/misak\/turkiyeli-soylemine-kuramsal-temel-arayisi-turk-kimligine-y-dna-saldirisi\/\"]}]},{\"@type\":\"BreadcrumbList\",\"@id\":\"https:\/\/millidusunce.com\/misak\/turkiyeli-soylemine-kuramsal-temel-arayisi-turk-kimligine-y-dna-saldirisi\/#breadcrumb\",\"itemListElement\":[{\"@type\":\"ListItem\",\"position\":1,\"item\":{\"@type\":\"WebPage\",\"@id\":\"https:\/\/millidusunce.com\/misak\/\",\"url\":\"https:\/\/millidusunce.com\/misak\/\",\"name\":\"Anasayfa\"}},{\"@type\":\"ListItem\",\"position\":2,\"item\":{\"@type\":\"WebPage\",\"@id\":\"https:\/\/millidusunce.com\/misak\/turkiyeli-soylemine-kuramsal-temel-arayisi-turk-kimligine-y-dna-saldirisi\/\",\"url\":\"https:\/\/millidusunce.com\/misak\/turkiyeli-soylemine-kuramsal-temel-arayisi-turk-kimligine-y-dna-saldirisi\/\",\"name\":\"&#8220;T\\u00fcrkiyeli&#8221; s\\u00f6ylemine kuramsal temel aray\\u0131\\u015f\\u0131: T\\u00fcrk kimli\\u011fine Y-DNA sald\\u0131r\\u0131s\\u0131\"}}]},{\"@type\":\"Article\",\"@id\":\"https:\/\/millidusunce.com\/misak\/turkiyeli-soylemine-kuramsal-temel-arayisi-turk-kimligine-y-dna-saldirisi\/#article\",\"isPartOf\":{\"@id\":\"https:\/\/millidusunce.com\/misak\/turkiyeli-soylemine-kuramsal-temel-arayisi-turk-kimligine-y-dna-saldirisi\/#webpage\"},\"author\":{\"@id\":\"https:\/\/millidusunce.com\/misak\/#\/schema\/person\/58921bab7a281d233f84226125f4a3eb\"},\"headline\":\"&#8220;T\\u00fcrkiyeli&#8221; s\\u00f6ylemine kuramsal temel aray\\u0131\\u015f\\u0131: T\\u00fcrk kimli\\u011fine Y-DNA sald\\u0131r\\u0131s\\u0131\",\"datePublished\":\"2024-08-30T00:00:00+00:00\",\"dateModified\":\"2024-08-30T20:43:13+00:00\",\"mainEntityOfPage\":{\"@id\":\"https:\/\/millidusunce.com\/misak\/turkiyeli-soylemine-kuramsal-temel-arayisi-turk-kimligine-y-dna-saldirisi\/#webpage\"},\"commentCount\":1,\"publisher\":{\"@id\":\"https:\/\/millidusunce.com\/misak\/#organization\"},\"image\":{\"@id\":\"https:\/\/millidusunce.com\/misak\/turkiyeli-soylemine-kuramsal-temel-arayisi-turk-kimligine-y-dna-saldirisi\/#primaryimage\"},\"inLanguage\":\"tr\",\"potentialAction\":[{\"@type\":\"CommentAction\",\"name\":\"Comment\",\"target\":[\"https:\/\/millidusunce.com\/misak\/turkiyeli-soylemine-kuramsal-temel-arayisi-turk-kimligine-y-dna-saldirisi\/#respond\"]}]},{\"@type\":\"Person\",\"@id\":\"https:\/\/millidusunce.com\/misak\/#\/schema\/person\/58921bab7a281d233f84226125f4a3eb\",\"name\":\"\\u00d6m\\u00fcr K\\u0131z\\u0131l\",\"image\":{\"@type\":\"ImageObject\",\"@id\":\"https:\/\/millidusunce.com\/misak\/#personlogo\",\"inLanguage\":\"tr\",\"url\":\"https:\/\/secure.gravatar.com\/avatar\/6e17c00fa2faea8eb68712053ab2fb26?s=96&d=mm&r=g\",\"caption\":\"\\u00d6m\\u00fcr K\\u0131z\\u0131l\"},\"description\":\"Lisans \\u00f6\\u011frenimini Manisa Celal Bayar \\u00dcniversitesinde Sosyal Bilgiler \\u00d6\\u011fretmenli\\u011fi alan\\u0131nda ger\\u00e7ekle\\u015ftirmi\\u015ftir. Sosyal Bilgiler E\\u011fitimi alan\\u0131ndaki y\\u00fcksek lisans\\u0131n\\u0131 ayn\\u0131 \\u00fcniversitede, doktora e\\u011fitimini ise Gazi \\u00dcniversitesinde ger\\u00e7ekle\\u015ftirmi\\u015ftir. T\\u00fcrk birli\\u011fi i\\u00e7in ortak e\\u011fitim, senkronik yakla\\u015f\\u0131mla tarih \\u00f6\\u011fretimi ve e\\u011fitpolitik konular\\u0131nda \\u00e7al\\u0131\\u015fmaktad\\u0131r. 2010 y\\u0131l\\u0131ndan itibaren Milli E\\u011fitim Bakanl\\u0131\\u011f\\u0131\\u2019nda g\\u00f6rev yapmaktad\\u0131r.\"}]}<\/script>\n<!-- \/ Yoast SEO plugin. -->","_links":{"self":[{"href":"https:\/\/millidusunce.com\/misak\/wp-json\/wp\/v2\/posts\/18340"}],"collection":[{"href":"https:\/\/millidusunce.com\/misak\/wp-json\/wp\/v2\/posts"}],"about":[{"href":"https:\/\/millidusunce.com\/misak\/wp-json\/wp\/v2\/types\/post"}],"author":[{"embeddable":true,"href":"https:\/\/millidusunce.com\/misak\/wp-json\/wp\/v2\/users\/208"}],"replies":[{"embeddable":true,"href":"https:\/\/millidusunce.com\/misak\/wp-json\/wp\/v2\/comments?post=18340"}],"version-history":[{"count":7,"href":"https:\/\/millidusunce.com\/misak\/wp-json\/wp\/v2\/posts\/18340\/revisions"}],"predecessor-version":[{"id":18353,"href":"https:\/\/millidusunce.com\/misak\/wp-json\/wp\/v2\/posts\/18340\/revisions\/18353"}],"wp:featuredmedia":[{"embeddable":true,"href":"https:\/\/millidusunce.com\/misak\/wp-json\/wp\/v2\/media\/18342"}],"wp:attachment":[{"href":"https:\/\/millidusunce.com\/misak\/wp-json\/wp\/v2\/media?parent=18340"}],"wp:term":[{"taxonomy":"category","embeddable":true,"href":"https:\/\/millidusunce.com\/misak\/wp-json\/wp\/v2\/categories?post=18340"},{"taxonomy":"post_tag","embeddable":true,"href":"https:\/\/millidusunce.com\/misak\/wp-json\/wp\/v2\/tags?post=18340"}],"curies":[{"name":"wp","href":"https:\/\/api.w.org\/{rel}","templated":true}]}}