{"id":18509,"date":"2024-11-05T20:30:32","date_gmt":"2024-11-05T17:30:32","guid":{"rendered":"https:\/\/millidusunce.com\/misak\/?p=18509"},"modified":"2024-11-05T18:11:23","modified_gmt":"2024-11-05T15:11:23","slug":"olumsuz-bir-olum","status":"publish","type":"post","link":"https:\/\/millidusunce.com\/misak\/olumsuz-bir-olum\/","title":{"rendered":"\u00d6l\u00fcms\u00fcz bir \u00f6l\u00fcm"},"content":{"rendered":"<p>Bir yan\u0131m\u0131z Cumhuriyetimizin ikinci asr\u0131na ad\u0131m atmas\u0131n\u0131 b\u00fcy\u00fck bir co\u015fkuyla kutluyor, di\u011fer yan\u0131m\u0131z ise bize bu Cumhuriyeti, vatan\u0131, \u00f6zg\u00fcrl\u00fc\u011f\u00fcm\u00fcz\u00fc veren Ulu \u00d6nder Mustafa Kemal Atat\u00fcrk\u2019\u00fc yad ediyor. Milli M\u00fccadele\u2019nin devam\u0131nda devrimler ile beraber kazand\u0131\u011f\u0131m\u0131z haklar\u0131m\u0131za, 101 y\u0131l aradan sonra, yeniden d\u00f6rt elle sar\u0131ld\u0131\u011f\u0131m\u0131z bir m\u00fccadele veriyoruz.<\/p>\n<p>\u00d6yle bir ayd\u0131nlanma d\u00fc\u015f\u00fcn\u00fcn ki karanl\u0131k k\u00f6\u015feler bir as\u0131r sonras\u0131nda dahi titremeye devam etmekte. T\u00fcrk Devrimi\u2019ne duyulan nefretin esas sebebi bu ayd\u0131nlanmada gizlidir. Atat\u00fcrk, b\u00fcy\u00fck bir asker ve b\u00fcy\u00fck bir devlet adam\u0131yd\u0131 ama hepsinden de \u00f6nemlisi belki de en b\u00fcy\u00fck devrimciydi. Damarlar\u0131nda akan kandaki asaletin binlerce y\u0131ll\u0131k T\u00fcrk T\u00f6resi ve bu t\u00f6reye ba\u011fl\u0131 ilerici d\u00fc\u015f\u00fcnce yap\u0131s\u0131 oldu\u011funun bilincindeydi. Bu bilin\u00e7 do\u011frultusunda \u201cT\u00fcrk&#8217;\u00fcm\u201d diyebilmek, Ulu \u00d6nder i\u00e7in bir mutluluk ve \u00f6v\u00fcn\u00e7 kayna\u011f\u0131yd\u0131.<\/p>\n<p>1919 y\u0131l\u0131nda Samsun\u2019da at\u0131lan ilk ad\u0131m, y\u00fczlerce y\u0131ll\u0131k bir uykudan uyan\u0131\u015f\u0131 temsil ediyordu. T\u00f6resi adeta unutturulmu\u015f bir millet, bir G\u00f6kb\u00f6r\u00fc\u2019n\u00fcn ard\u0131ndan topyek\u00fcn m\u00fccadele i\u00e7in seferber oldu. \u00c7etin ge\u00e7en y\u0131llar ard\u0131ndan, takvimler Ekim\u2019in 29\u2019unu g\u00f6sterdi\u011finde ise bu zorlu ba\u011f\u0131ms\u0131zl\u0131k m\u00fccadelesi Cumhuriyet ile ta\u00e7land\u0131r\u0131ld\u0131 ve T\u00fcrk ulusu gelece\u011fini kazand\u0131. \u201cBenim en b\u00fcy\u00fck eserim\u201d dedi\u011fi Cumhuriyetin yaln\u0131zca on be\u015f y\u0131l\u0131na \u015fahit olabildi Ulu \u00d6nder. 57 y\u0131ll\u0131k \u00f6mr\u00fcne bir\u00e7ok cephede sava\u015f\u0131, Gazi \u00fcnvan\u0131n\u0131, binlerce kitab\u0131, say\u0131s\u0131z bar\u0131\u015f\u0131 ve en \u00f6nemlisi de bir ulusun gelece\u011finin yok olu\u015ftan kurtulu\u015funu s\u0131\u011fd\u0131rd\u0131.<\/p>\n<p>Atat\u00fcrk\u2019\u00fcn verdi\u011fi m\u00fccadele yaln\u0131zca sava\u015f\u0131n ve bar\u0131\u015f\u0131n m\u00fccadelesi de\u011fildi. Kurdu\u011fu planlar, cephelerin hepsinden \u00f6teydi. Onun m\u00fccadelesi yeri geldi\u011finde ulusuna okuma yazmay\u0131 ve matemati\u011fi de \u00f6\u011fretmekti. Bir a\u011fac\u0131n kesilmemesi i\u00e7in evi de ta\u015f\u0131yabilmekti. \u00c7ocuklara umut dolu bir gelecek verip onlar\u0131n da bir bayram\u0131n\u0131n olmas\u0131n\u0131 sa\u011flamakt\u0131. Bir\u00e7ok medeniyetten \u00f6nce uygarl\u0131\u011f\u0131n gelmesini sa\u011flay\u0131p T\u00fcrk kad\u0131n\u0131na yeniden hak etti\u011fi yeri vermekti. Onun m\u00fccadelesi yaln\u0131zca ulusunun bar\u0131\u015f dolu g\u00fcnler ya\u015famas\u0131 i\u00e7in de\u011fil; b\u00fct\u00fcn b\u00f6lgenin ve t\u00fcm d\u00fcnyan\u0131n da bar\u0131\u015f i\u00e7inde olabilmesi i\u00e7indi. Sava\u015f\u0131 zaruri olmad\u0131k\u00e7a cinayet olarak g\u00f6ren en b\u00fcy\u00fck sava\u015f\u00e7\u0131, nesillerin ebedi ba\u015f\u00f6\u011fretmeniydi.<\/p>\n<p>T\u00fcrk ulusunun Atat\u00fcrk \u00f6nderli\u011finde kazand\u0131klar\u0131 bir tesad\u00fcf de\u011fildir. Unutturulan bir tarihin ve o tarihten gelen \u00f6z\u00fcn asl\u0131na d\u00f6nmesi idi ayn\u0131 zamanda. Atat\u00fcrk, damarlar\u0131m\u0131zda akan kan\u0131n anlam\u0131n\u0131 biliyordu. O kan\u0131n bir daha ak\u0131t\u0131lmas\u0131na c\u00fcret edilmemesi i\u00e7indi m\u00fccadelesi bir yerde de. Benli\u011fini, kimli\u011fini, \u00f6z\u00fcn\u00fc neredeyse unutmu\u015f kalabal\u0131klar\u0131n isterse en b\u00fcy\u00fck devrimleri bile ba\u015farabilece\u011finin ispat\u0131yd\u0131 \u00f6nderli\u011fi. Erke\u011fin s\u00fcng\u00fc takt\u0131\u011f\u0131 yerde kad\u0131n\u0131n top mermisi ta\u015f\u0131yaca\u011f\u0131n\u0131 g\u00f6sterdi. Herkesin e\u015fit olabilece\u011fini ve e\u015fit \u015fekilde gelece\u011fi \u015fekillendirme hakk\u0131n\u0131n m\u00fcmk\u00fcn oldu\u011funu d\u00fcnyaya hayk\u0131rd\u0131. B\u00fct\u00fcn yokluklara ve bask\u0131lara kar\u015f\u0131 u\u00e7ak dahi \u00fcretebilmekti devrimi. Tar\u0131m\u0131n yan\u0131nda sanayinin de olabilece\u011fini \u00f6\u011fretti. Ezberin ve dogman\u0131n yerine sorgulaman\u0131n bir toplumu ilerletece\u011fini anlatt\u0131. B\u00fct\u00fcn \u00f6\u011frettiklerine ra\u011fmen, g\u00fcn\u00fc geldi\u011finde, ilim ilerledi\u011finde s\u00f6zlerine kar\u015f\u0131 ilmin se\u00e7ilmesini tembihledi. \u201cBen gidersem Cumhuriyet gider\u201d demedi ama O\u2019nun yolundan uzakla\u015f\u0131ld\u0131\u011f\u0131nda Cumhuriyetin gidebilece\u011fini de y\u0131llar bizlere ac\u0131 bir \u015fekilde g\u00f6sterdi.<\/p>\n<p>Cumhuriyet yaln\u0131zca bir se\u00e7me-se\u00e7ilme devrimi de\u011fildi. Rejimlerin \u00f6tesinde bir anlay\u0131\u015f\u0131 bar\u0131nd\u0131r\u0131yordu i\u00e7erisinde. \u0130\u00e7inde bar\u0131nd\u0131rd\u0131\u011f\u0131 binlerce katman di\u011fer b\u00fct\u00fcn cumhuriyetlerden farkl\u0131 olarak binlerce y\u0131ll\u0131k bir tarihin 20. y\u00fczy\u0131lda kendine yeniden yer bulup, ayn\u0131 zamanda da d\u00fcnyaya \u00f6rnek te\u015fkil edebilecek kadar \u00f6neme sahip olmas\u0131yd\u0131. T\u00fcrk\u2019\u00fcn vazge\u00e7ilmezlerinin yeniden T\u00fcrk ile anlam kazanmas\u0131yd\u0131 Cumhuriyet. \u0130\u015fte, y\u0131kmaya \u00e7al\u0131\u015ft\u0131klar\u0131 o y\u00fczden bir rejim de\u011fil; binlerce y\u0131ll\u0131k y\u00fcksek bir varl\u0131k birikiminin hayata ge\u00e7mi\u015f son kalesidir. Ve i\u015fte, yine bu y\u00fczden de asla y\u0131k\u0131lmayacakt\u0131r.<\/p>\n<p>Atat\u00fcrk, T\u00fcrkiye Cumhuriyeti\u2019ni kurarken ayn\u0131 zamanda T\u00fcrk uygarl\u0131\u011f\u0131n\u0131n ve t\u00f6resinin yeniden tesisini ve \u00f6\u011fretilmesini de ama\u00e7lam\u0131\u015ft\u0131r. Uygarl\u0131\u011fa eri\u015fmi\u015f k\u00f6klerimize yaln\u0131zca geri d\u00f6nmekle kalmay\u0131p bu uygarl\u0131\u011f\u0131n t\u00fcm insanl\u0131kla payla\u015f\u0131lmas\u0131 da devrimimizin esaslar\u0131 aras\u0131nda yer alm\u0131\u015ft\u0131r. \u00c7\u00fcnk\u00fc T\u00fcrk yaln\u0131zca y\u0131ld\u0131r\u0131m ve kas\u0131rga de\u011fil; d\u00fcnyay\u0131 ayd\u0131nlatan g\u00fcne\u015ftir de. Bu y\u00fczden O, ulusu i\u00e7in her zaman en g\u00fczelini ve en iyisini istemi\u015ftir \u00e7\u00fcnk\u00fc \u00f6zg\u00fcr bir uygarl\u0131k yaln\u0131zca \u00f6zg\u00fcr olabilmi\u015f insanlar taraf\u0131ndan kurulabilirdi ve o \u00f6zg\u00fcr insanlar da d\u00fcnyay\u0131 g\u00fcne\u015f gibi ayd\u0131nlatabilecek g\u00fcce sahipti.<\/p>\n<p>Dahili ve harici d\u00fc\u015fmanlar\u0131n \u00f6zg\u00fcrl\u00fc\u011f\u00fcm\u00fcze vurdu\u011fu prangalar\u0131n esas itibariyle ne anlama geldi\u011fini g\u00f6rm\u00fc\u015ft\u00fc ve gelecek nesilleri de uyarm\u0131\u015ft\u0131. Bizden ve bizim gibi g\u00f6z\u00fckenler, sahip oldu\u011fumuz bu uygarl\u0131\u011f\u0131 yok etmek i\u00e7in \u00e7ok \u00e7abalam\u0131\u015flard\u0131 ve \u00e7abalamaya da devam edeceklerdi. H\u0131rs\u0131z i\u00e7eriden olunca kap\u0131n\u0131n kilit tutmayaca\u011f\u0131 gibi, aziz vatan\u0131m\u0131z\u0131n da i\u00e7eriden y\u0131k\u0131lmaya \u00e7al\u0131\u015f\u0131laca\u011f\u0131n\u0131 biliyordu. O y\u00fczden kendi na\u00e7iz bedeni toprak oldu\u011funda dahi Cumhuriyetin ilelebet ayakta kalaca\u011f\u0131n\u0131 s\u00f6yledi \u00e7\u00fcnk\u00fc devrim i\u00e7in att\u0131\u011f\u0131 temelin rejimin \u00f6zelliklerinden de\u011fil T\u00fcrk ulusunun bizzat kendisinden geldi\u011fini biliyordu.<\/p>\n<p>Atat\u00fcrk, ba\u015fard\u0131\u011f\u0131 devrimler ile bizlere esasen bir hat\u0131rlatma yap\u0131yordu: T\u00fcrk\u2019\u00fcn insana ve insanl\u0131\u011fa verdi\u011fi de\u011feri. Bu de\u011ferlerlerin \u0131\u015f\u0131\u011f\u0131nda kurdu\u011fu Cumhuriyet ise modern \u00e7a\u011fda devletlerin nas\u0131l v\u00fccut bulmas\u0131 gerekti\u011finin bir dersiydi. T\u00fcrk\u2019\u00fcn ahlak\u0131nda ya\u015fatmak, \u00f6zg\u00fcr olmak, adalete ba\u011fl\u0131l\u0131k ve e\u015fitlik gibi de\u011ferler ne denli \u00f6nemli ise modern \u00e7a\u011f\u0131n di\u011fer devletleri de bunlara sayg\u0131 duyacak bi\u00e7imde \u015fekillenmeliydi. Yurtta ve d\u00fcnyada bar\u0131\u015f\u0131n, sava\u015flar\u0131n bitirilmesinin ve insan\u0131 insanca ya\u015fatman\u0131n \u00f6nemi bu devrimle ba\u015fta T\u00fcrk ulusuna, sonra da t\u00fcm d\u00fcnyaya \u00f6rnek te\u015fkil ediyordu.<\/p>\n<p>101 y\u0131l \u00f6nce, T\u00fcrk T\u00f6resi&#8217;nin \u00f6\u011frettikleri Cumhuriyet ile hayat buldu. T\u00fcm d\u00fcnyaya T\u00fcrk\u2019\u00fcn hakl\u0131 m\u00fccadelesi ispatland\u0131 ve ebediyete kadar var olaca\u011f\u0131m\u0131z kan\u0131tland\u0131. 86 y\u0131l \u00f6nce ise bizlere bunu hat\u0131rlatan, yeri geldi\u011finde yeniden \u00f6\u011fretmek i\u00e7in \u00e7abalayan, \u00f6\u011frendik\u00e7e de ilerleyebilmemiz i\u00e7in y\u0131lmadan m\u00fccadele eden Ata\u2019m\u0131z\u0131 ve Ebedi Ba\u015f\u00f6\u011fretmenimizi kaybettik.<\/p>\n<p>Ebedi Ba\u015f\u00f6\u011fretmen olmas\u0131n\u0131n en b\u00fcy\u00fck ispat\u0131, nesiller sonra bile, on milyonlar\u0131n Ulu \u00d6nder\u2019i tan\u0131madan askeri olmas\u0131d\u0131r. O\u2019nun \u00f6\u011frettiklerinin \u0131\u015f\u0131\u011f\u0131 ile on milyonlarca T\u00fcrk, Cumhuriyet\u2019in ve t\u00fcm emanetlerinin ilelebet muhaf\u0131z\u0131 olmay\u0131 kendine g\u00f6rev edindi. Bu y\u00fczden, na\u00e7iz bedeninin topra\u011fa d\u00f6nmesi asla bir son de\u011fildi. Aksine tabiat\u0131n ya\u011fmurlar\u0131 ile y\u0131kanm\u0131\u015f \u00e7ocu\u011fun, y\u0131ld\u0131r\u0131mlardan ve kas\u0131rgalardan yeniden korkmamay\u0131 \u00f6\u011frenmesi i\u00e7in a\u00e7\u0131lan bir sayfayd\u0131. T\u00fcrk, tabiat\u0131n\u0131 tan\u0131d\u0131\u011f\u0131nda yeniden y\u0131ld\u0131r\u0131m, kas\u0131rga ve d\u00fcnyay\u0131 ayd\u0131nlatan g\u00fcne\u015f olacakt\u0131r.<\/p>\n<p>Cumhuriyetimiz ilelebet payidar kalacak; Mustafa Kemal Atat\u00fcrk \u00f6l\u00fcms\u00fcz bir \u00f6l\u00fcmde yolumuzu sonsuza dek ayd\u0131nlatacakt\u0131r.<\/p>\n","protected":false},"excerpt":{"rendered":"<p>101 y\u0131l \u00f6nce, T\u00fcrk T\u00f6resi&#8217;nin \u00f6\u011frettikleri Cumhuriyet ile hayat buldu. T\u00fcm d\u00fcnyaya T\u00fcrk\u2019\u00fcn hakl\u0131 m\u00fccadelesi ispatland\u0131 ve ebediyete kadar var olaca\u011f\u0131m\u0131z kan\u0131tland\u0131.<\/p>\n","protected":false},"author":205,"featured_media":18511,"comment_status":"open","ping_status":"open","sticky":false,"template":"","format":"standard","meta":{"_ef_editorial_meta_date_first-draft-date":"","_ef_editorial_meta_paragraph_assignment":"","footnotes":"","_links_to":"","_links_to_target":""},"categories":[68],"tags":[],"coauthors":[2886],"class_list":["post-18509","post","type-post","status-publish","format-standard","has-post-thumbnail","hentry","category-turkluk-turkculuk"],"_links":{"self":[{"href":"https:\/\/millidusunce.com\/misak\/wp-json\/wp\/v2\/posts\/18509","targetHints":{"allow":["GET"]}}],"collection":[{"href":"https:\/\/millidusunce.com\/misak\/wp-json\/wp\/v2\/posts"}],"about":[{"href":"https:\/\/millidusunce.com\/misak\/wp-json\/wp\/v2\/types\/post"}],"author":[{"embeddable":true,"href":"https:\/\/millidusunce.com\/misak\/wp-json\/wp\/v2\/users\/205"}],"replies":[{"embeddable":true,"href":"https:\/\/millidusunce.com\/misak\/wp-json\/wp\/v2\/comments?post=18509"}],"version-history":[{"count":1,"href":"https:\/\/millidusunce.com\/misak\/wp-json\/wp\/v2\/posts\/18509\/revisions"}],"predecessor-version":[{"id":18510,"href":"https:\/\/millidusunce.com\/misak\/wp-json\/wp\/v2\/posts\/18509\/revisions\/18510"}],"wp:featuredmedia":[{"embeddable":true,"href":"https:\/\/millidusunce.com\/misak\/wp-json\/wp\/v2\/media\/18511"}],"wp:attachment":[{"href":"https:\/\/millidusunce.com\/misak\/wp-json\/wp\/v2\/media?parent=18509"}],"wp:term":[{"taxonomy":"category","embeddable":true,"href":"https:\/\/millidusunce.com\/misak\/wp-json\/wp\/v2\/categories?post=18509"},{"taxonomy":"post_tag","embeddable":true,"href":"https:\/\/millidusunce.com\/misak\/wp-json\/wp\/v2\/tags?post=18509"},{"taxonomy":"author","embeddable":true,"href":"https:\/\/millidusunce.com\/misak\/wp-json\/wp\/v2\/coauthors?post=18509"}],"curies":[{"name":"wp","href":"https:\/\/api.w.org\/{rel}","templated":true}]}}