{"id":18519,"date":"2024-11-11T00:00:00","date_gmt":"2024-11-11T00:00:00","guid":{"rendered":"https:\/\/millidusunce.com\/misak\/?p=18519&#038;preview=true&#038;preview_id=18519"},"modified":"2024-11-11T23:21:24","modified_gmt":"2024-11-11T20:21:24","slug":"en-buyukleri-lider-ataturk","status":"publish","type":"post","link":"https:\/\/millidusunce.com\/misak\/en-buyukleri-lider-ataturk\/","title":{"rendered":"En b\u00fcy\u00fck lider: Atat\u00fcrk"},"content":{"rendered":"<p>D\u00fcnyan\u0131n d\u00f6rt bir yan\u0131nda ilgi oda\u011f\u0131 olan Atat\u00fcrk, 86 y\u0131l sonra bug\u00fcn an\u0131l\u0131yor. D\u00fcnya liderlerinin \u00f6v\u00fcc\u00fc s\u00f6zlerine mazhar olan Atat\u00fcrk d\u00fcnyan\u0131n d\u00f6rt bir yerinde sokaklarda, caddelerde ve an\u0131tlarda ya\u015fat\u0131l\u0131yor. Bug\u00fcn, Atat\u00fcrk\u2019\u00fcn aram\u0131zdan ayr\u0131l\u0131\u015f\u0131n\u0131n 86\u2019nc\u0131 y\u0131ld\u00f6n\u00fcm\u00fcnde, onun miras\u0131n\u0131n ve d\u00fcnyadaki sayg\u0131s\u0131n\u0131n ne denli b\u00fcy\u00fck oldu\u011funu bir daha and\u0131k. D\u00fcnyadaki Atat\u00fcrk An\u0131tlar\u0131, T\u00fcrk milletine ve Atat\u00fcrk\u2019e duyulan b\u00fcy\u00fck sayg\u0131n\u0131n en g\u00fczel \u00f6rneklerinden biridir.<\/p>\n<p>Bel\u00e7ika\u2019n\u0131n Cheratte kasabas\u0131nda bulunan Place Atat\u00fcrk meydan\u0131, b\u00f6lgedeki T\u00fcrklerin gurur kayna\u011f\u0131d\u0131r. Meksika\u2019n\u0131n ba\u015fkenti Mexico City\u2019de yer alan Atat\u00fcrk An\u0131t\u0131 ise, Latin Amerika\u2019daki Atat\u00fcrk sevgisinin bir di\u011fer g\u00f6stergesidir. Dominik Cumhuriyeti\u2019ndeki Calle Mustafa Kemal Ataturk, \u0130srail\u2019in Be\u2019er Sheva \u015fehrindeki Atat\u00fcrk An\u0131t\u0131 ve Yeni Zelanda\u2019n\u0131n Wellington \u015fehrindeki Atat\u00fcrk An\u0131t\u0131, Atat\u00fcrk\u2019\u00fcn evrensel bir lider olarak kabul edildi\u011finin en somut kan\u0131tlar\u0131d\u0131r.<\/p>\n<p>Bu an\u0131tlar, Atat\u00fcrk\u2019\u00fcn bar\u0131\u015f, \u00f6zg\u00fcrl\u00fck ve ba\u011f\u0131ms\u0131zl\u0131k m\u00fccadelesinin d\u00fcnya \u00e7ap\u0131ndaki yank\u0131lar\u0131n\u0131 simgeler. Atat\u00fcrk\u2019\u00fcn ad\u0131, \u0130talya\u2019n\u0131n Roma \u015fehrindeki Largo Mustafa Kemal Atat\u00fcrk, Hindistan\u2019\u0131n Yeni Delhi \u015fehrindeki Mustafa Kemal Atat\u00fcrk, Marg ve Pakistan\u2019\u0131n \u0130slamabad \u015fehrindeki Atat\u00fcrk Avenue gibi bir\u00e7ok yerde ya\u015fat\u0131lmaktad\u0131r.<\/p>\n<p>Bu isimler, Atat\u00fcrk\u2019\u00fcn d\u00fcnya \u00e7ap\u0131nda bir ilham kayna\u011f\u0131 oldu\u011funu ve bir\u00e7ok ulusun onun ilkelerini benimsedi\u011fini g\u00f6sterir. Atat\u00fcrk, sadece T\u00fcrkiye\u2019nin de\u011fil, t\u00fcm \u00fclkelerin sayg\u0131 duydu\u011fu, \u00f6rnek ald\u0131\u011f\u0131 bir liderdir. Atat\u00fcrk\u2019\u00fcn d\u00fcnya liderleri taraf\u0131ndan takdir edilmesi de bu sevginin g\u00f6stergesidir.<\/p>\n<p>ABD Ba\u015fkan\u0131 Franklin D. Roosevelt\u2019ten Winston Churchill\u2019e kadar bir\u00e7ok lider, Atat\u00fcrk\u2019\u00fcn liderlik yeteneklerini ve devrimlerini \u00f6vg\u00fcyle anm\u0131\u015ft\u0131r. Atat\u00fcrk, sadece bir lider de\u011fil, ayn\u0131 zamanda insanl\u0131k tarihine y\u00f6n veren b\u00fcy\u00fck bir devrimcidir. Atat\u00fcrk, d\u00fcnya liderleri taraf\u0131ndan b\u00fcy\u00fck bir sayg\u0131 ve hayranl\u0131kla an\u0131lm\u0131\u015ft\u0131r.<\/p>\n<p>John F. Kennedy, Amerika Birle\u015fik Devletleri\u2019nin 35. Ba\u015fkan\u0131: \u201cAtat\u00fcrk, yaln\u0131zca T\u00fcrk milletinin de\u011fil, t\u00fcm insanl\u0131\u011f\u0131n b\u00fcy\u00fck liderlerindendir. Onun getirdi\u011fi ink\u0131laplar, yaln\u0131zca bir \u00fclkeyi de\u011fil, b\u00fct\u00fcn bir b\u00f6lgeyi etkileyerek d\u00fcnya tarihinde yeni bir sayfa a\u00e7m\u0131\u015ft\u0131r.\u201d<\/p>\n<p>Winston Churchill, Birle\u015fik Krall\u0131k Ba\u015fbakan\u0131: \u201cAtat\u00fcrk, bir milleti yok olmaktan kurtaran, ona \u00f6zg\u00fcrl\u00fck ve ba\u011f\u0131ms\u0131zl\u0131k kazand\u0131ran bir liderdir. Tarihte benzerine nadir rastlanacak bir kahramand\u0131r.\u201d<\/p>\n<p>Jawaharlal Nehru, Hindistan\u2019\u0131n \u0130lk Ba\u015fbakan\u0131: \u201cAtat\u00fcrk, do\u011fulu bir toplumda modernizasyon ve sek\u00fclarizm kavramlar\u0131n\u0131 ba\u015far\u0131l\u0131 bir \u015fekilde hayata ge\u00e7irerek d\u00fcnya i\u00e7in ilham kayna\u011f\u0131 olmu\u015ftur.\u201d<\/p>\n<p>Charles de Gaulle, Fransa Cumhurba\u015fkan\u0131: \u201cAtat\u00fcrk, \u00e7a\u011fda\u015f bir devlet yaratma \u00e7abas\u0131n\u0131n en \u00f6nemli sembollerinden biridir. Onun kararl\u0131l\u0131\u011f\u0131 ve vizyonu, d\u00fcnya tarihine b\u00fcy\u00fck bir miras b\u0131rakm\u0131\u015ft\u0131r.\u201d<\/p>\n<p>Muhammad Ali Jinnah, Pakistan\u2019\u0131n Kurucusu: \u201cAtat\u00fcrk\u2019\u00fcn reformlar\u0131 ve modernle\u015fme \u00e7abalar\u0131, do\u011fulu milletler i\u00e7in birer rehber olmu\u015ftur. O, t\u00fcm M\u00fcsl\u00fcman d\u00fcnyas\u0131 i\u00e7in bir \u00f6rnektir.\u201d<\/p>\n<p>Ernesto \u2018Che\u2019 Guevara, K\u00fcbal\u0131 Devrimci: \u201cAtat\u00fcrk, emperyalizme kar\u015f\u0131 direni\u015fin ve ba\u011f\u0131ms\u0131zl\u0131k m\u00fccadelesinin en parlak sembollerinden biridir.\u201d<\/p>\n<p>Yurtd\u0131\u015f\u0131ndaki yerel y\u00f6neticiler Atat\u00fcrk ismini sokak ve caddelere vermi\u015flerdir.<\/p>\n<p>Amsterdam\u2019\u0131n kuzeyindeki gemi tersanesinde \u00e7al\u0131\u015fan T\u00fcrkler i\u00e7in kurulan Atat\u00fcrk Kamp\u0131\u2019n\u0131n bulundu\u011fu soka\u011fa \u2018Atat\u00fcrk\u2019 ismini veren Amsterdam Belediyesi, jest yapan kentlerden ilkidir.<\/p>\n<p>Hollandal\u0131lar, 10 y\u0131ll\u0131k bir \u00e7al\u0131\u015fmadan sonra \u00fcrettikleri bir lale \u00e7e\u015fidine \u2018Atat\u00fcrk\u2019 ad\u0131n\u0131 vermi\u015flerdir.<\/p>\n<p>D\u00fcnya\u2019da Atat\u00fcrk\u2019\u00fcn isminin verildi\u011fi ve an\u0131t\u0131n\u0131n yap\u0131ld\u0131\u011f\u0131 \u00e7ok say\u0131da \u00fclke vard\u0131r. Bel\u00e7ika`n\u0131n Almanya s\u0131n\u0131r\u0131 yak\u0131n\u0131nda, Vise kentine ba\u011fl\u0131 Cheratte kasabas\u0131nda bulunan Mustafa Kemal Atat\u00fcrk`\u00fcn ad\u0131n\u0131 ta\u015f\u0131yan meydan, b\u00f6lgedeki T\u00fcrkler`in gurur kayna\u011f\u0131d\u0131r. Maden ocaklar\u0131nda \u00e7al\u0131\u015fmak i\u00e7in Bel\u00e7ika`ya gelen T\u00fcrk ailelerin ya\u015fad\u0131\u011f\u0131 b\u00f6lgede, T\u00fcrkiye ve Atat\u00fcrk hayran\u0131 Vise Belediye Ba\u015fkan\u0131 Marcel Neven`in giri\u015fimiyle \u00f6nce bir caddeye Atat\u00fcrk ad\u0131 verilmi\u015f, tepki gelmesi \u00fczerine levha kald\u0131r\u0131lm\u0131\u015ft\u0131. Bir y\u0131l sonra caddenin yan\u0131ndaki meydana Atat\u00fcrk ad\u0131 verilmi\u015ftir: \u201cPlace Ataturk\u201d<\/p>\n<p>Atat\u00fcrk, bir lider de\u011fil, ayn\u0131 zamanda insanl\u0131k tarihine y\u00f6n veren, sadece T\u00fcrkiye Cumhuriyeti\u2019nin kurucusu de\u011fil, ayn\u0131 zamanda d\u00fcnya liderleri taraf\u0131ndan da b\u00fcy\u00fck bir sayg\u0131 ve hayranl\u0131kla an\u0131lm\u0131\u015f bir liderdir.<\/p>\n<p>John F. Kennedy, ABD\u2019nin 35. Ba\u015fkan\u0131: \u201cAtat\u00fcrk, yaln\u0131zca T\u00fcrk milletinin de\u011fil, t\u00fcm insanl\u0131\u011f\u0131n b\u00fcy\u00fck liderlerindendir. Onun getirdi\u011fi ink\u0131laplar, yaln\u0131zca bir \u00fclkeyi de\u011fil, b\u00fct\u00fcn bir b\u00f6lgeyi etkileyerek d\u00fcnya tarihinde yeni bir sayfa a\u00e7m\u0131\u015ft\u0131r.\u201d Winston Churchill: \u201cAtat\u00fcrk, bir milleti yok olmaktan kurtaran, ona \u00f6zg\u00fcrl\u00fck ve ba\u011f\u0131ms\u0131zl\u0131k kazand\u0131ran bir liderdir. Tarihte benzerine nadir rastlanacak bir kahramand\u0131r.\u201d Jawaharlal Nehru: \u201cAtat\u00fcrk, do\u011fulu bir toplumda modernizasyon ve sek\u00fclarizm kavramlar\u0131n\u0131 ba\u015far\u0131l\u0131 bir \u015fekilde hayata ge\u00e7irerek d\u00fcnya i\u00e7in ilham kayna\u011f\u0131 olmu\u015ftur.\u201d Charles de Gaulle: \u201cAtat\u00fcrk, \u00e7a\u011fda\u015f bir devlet yaratma \u00e7abas\u0131n\u0131n en \u00f6nemli sembollerinden biridir. Onun kararl\u0131l\u0131\u011f\u0131 ve vizyonu, d\u00fcnya tarihine b\u00fcy\u00fck bir miras b\u0131rakm\u0131\u015ft\u0131r.\u201d Muhammad Ali Jinnah: \u201cAtat\u00fcrk\u2019\u00fcn reformlar\u0131 ve modernle\u015fme \u00e7abalar\u0131, do\u011fulu milletler i\u00e7in birer rehber olmu\u015ftur. O, t\u00fcm M\u00fcsl\u00fcman d\u00fcnyas\u0131 i\u00e7in bir \u00f6rnektir.\u201d Ernesto Che Guevara: \u201cAtat\u00fcrk, emperyalizme kar\u015f\u0131 direni\u015fin ve ba\u011f\u0131ms\u0131zl\u0131k m\u00fccadelesinin en parlak sembollerinden biridir.\u201d<\/p>\n<p>D\u00fcnyan\u0131n ender yeti\u015ftirdi\u011fi e\u015fsiz bir komutan ve dahi bir y\u00f6netici olan Atat\u00fcrk&#8217;\u00fcn d\u00fcnya milletlerine b\u0131rakt\u0131\u011f\u0131 ba\u011f\u0131ms\u0131zl\u0131k ve e\u015fitlik d\u00fc\u015f\u00fcncesi, sonsuza de\u011fin takdirle tatbik edilecektir. \u00c7a\u011f\u0131m\u0131zda hi\u00e7bir isim Atat\u00fcrk&#8217;\u00fcn ad\u0131 kadar b\u00fcy\u00fck sayg\u0131 yaratmam\u0131\u015ft\u0131r. Atat\u00fcrk, tarihte te\u015fkilat\u00e7\u0131 bir dahi, bir milletin harikalar yaratan y\u00f6neticisi ve memleketinin kurtar\u0131c\u0131s\u0131 olarak kalacakt\u0131r.<\/p>\n<p>&nbsp;<\/p>\n<p>&nbsp;<\/p>\n<p>&nbsp;<\/p>\n<p>&nbsp;<\/p>\n<p>&nbsp;<\/p>\n<p>&nbsp;<\/p>\n<p>&nbsp;<\/p>\n<p>&nbsp;<\/p>\n<p>&nbsp;<\/p>\n<p>&nbsp;<\/p>\n<p>&nbsp;<\/p>\n<p>&nbsp;<\/p>\n<p>&nbsp;<\/p>\n<p>&nbsp;<\/p>\n<p>&nbsp;<\/p>\n<p>&nbsp;<\/p>\n<p>&nbsp;<\/p>\n<p>&nbsp;<\/p>\n<p>&nbsp;<\/p>\n<p>&nbsp;<\/p>\n<p>&nbsp;<\/p>\n<p>&nbsp;<\/p>\n<p>&nbsp;<\/p>\n","protected":false},"excerpt":{"rendered":"<p>Atat\u00fcrk, bir lider de\u011fil, ayn\u0131 zamanda insanl\u0131k tarihine y\u00f6n veren, sadece T\u00fcrkiye Cumhuriyeti\u2019nin kurucusu de\u011fil, ayn\u0131 zamanda d\u00fcnya liderleri taraf\u0131ndan da b\u00fcy\u00fck bir sayg\u0131 ve hayranl\u0131kla an\u0131lm\u0131\u015f bir liderdir. <\/p>\n","protected":false},"author":3,"featured_media":18520,"comment_status":"open","ping_status":"open","sticky":false,"template":"","format":"standard","meta":{"_links_to":"","_links_to_target":""},"categories":[66],"tags":[2064,259,437,331,2982],"yoast_head":"<!-- This site is optimized with the Yoast SEO plugin v16.0.2 - https:\/\/yoast.com\/wordpress\/plugins\/seo\/ -->\n<title>En b\u00fcy\u00fck lider: Atat\u00fcrk - M\u0130SAK- Mill\u00ee Strateji Ara\u015ft\u0131rma Kurulu<\/title>\n<meta name=\"description\" content=\"D\u00fcnya\u2019da Atat\u00fcrk\u2019\u00fcn isminin verildi\u011fi ve an\u0131t\u0131n\u0131n yap\u0131ld\u0131\u011f\u0131 \u00e7ok say\u0131da \u00fclke vard\u0131r. Bel\u00e7ika`n\u0131n Almanya s\u0131n\u0131r\u0131 yak\u0131n\u0131nda, Vise kentine ba\u011fl\u0131 Cheratte kasabas\u0131nda bulunan Mustafa Kemal Atat\u00fcrk`\u00fcn ad\u0131n\u0131 ta\u015f\u0131yan meydan, b\u00f6lgedeki T\u00fcrkler`in gurur kayna\u011f\u0131d\u0131r.\" \/>\n<link rel=\"canonical\" href=\"https:\/\/millidusunce.com\/misak\/en-buyukleri-lider-ataturk\/\" \/>\n<meta property=\"og:locale\" content=\"tr_TR\" \/>\n<meta property=\"og:type\" content=\"article\" \/>\n<meta property=\"og:title\" content=\"En b\u00fcy\u00fck lider: Atat\u00fcrk - M\u0130SAK- Mill\u00ee Strateji Ara\u015ft\u0131rma Kurulu\" \/>\n<meta property=\"og:description\" content=\"D\u00fcnya\u2019da Atat\u00fcrk\u2019\u00fcn isminin verildi\u011fi ve an\u0131t\u0131n\u0131n yap\u0131ld\u0131\u011f\u0131 \u00e7ok say\u0131da \u00fclke vard\u0131r. Bel\u00e7ika`n\u0131n Almanya s\u0131n\u0131r\u0131 yak\u0131n\u0131nda, Vise kentine ba\u011fl\u0131 Cheratte kasabas\u0131nda bulunan Mustafa Kemal Atat\u00fcrk`\u00fcn ad\u0131n\u0131 ta\u015f\u0131yan meydan, b\u00f6lgedeki T\u00fcrkler`in gurur kayna\u011f\u0131d\u0131r.\" \/>\n<meta property=\"og:url\" content=\"https:\/\/millidusunce.com\/misak\/en-buyukleri-lider-ataturk\/\" \/>\n<meta property=\"og:site_name\" content=\"M\u0130SAK- Mill\u00ee Strateji Ara\u015ft\u0131rma Kurulu\" \/>\n<meta property=\"article:published_time\" content=\"2024-11-11T00:00:00+00:00\" \/>\n<meta property=\"article:modified_time\" content=\"2024-11-11T20:21:24+00:00\" \/>\n<meta property=\"og:image\" content=\"https:\/\/millidusunce.com\/misak\/wp-content\/uploads\/2024\/11\/1_20241111_215411_0000.png\" \/>\n\t<meta property=\"og:image:width\" content=\"1200\" \/>\n\t<meta property=\"og:image:height\" content=\"800\" \/>\n<meta name=\"twitter:card\" content=\"summary_large_image\" \/>\n<meta name=\"twitter:label1\" content=\"Tahmini okuma s\u00fcresi\">\n\t<meta name=\"twitter:data1\" content=\"4 dakika\">\n<script type=\"application\/ld+json\" class=\"yoast-schema-graph\">{\"@context\":\"https:\/\/schema.org\",\"@graph\":[{\"@type\":\"Organization\",\"@id\":\"https:\/\/millidusunce.com\/misak\/#organization\",\"name\":\"Mill\\u00ee D\\u00fc\\u015f\\u00fcnce Merkezi\",\"url\":\"https:\/\/millidusunce.com\/misak\/\",\"sameAs\":[],\"logo\":{\"@type\":\"ImageObject\",\"@id\":\"https:\/\/millidusunce.com\/misak\/#logo\",\"inLanguage\":\"tr\",\"url\":\"https:\/\/millidusunce.com\/misak\/wp-content\/uploads\/2018\/09\/mdmLogo-yazisiz.jpg\",\"width\":422,\"height\":422,\"caption\":\"Mill\\u00ee D\\u00fc\\u015f\\u00fcnce Merkezi\"},\"image\":{\"@id\":\"https:\/\/millidusunce.com\/misak\/#logo\"}},{\"@type\":\"WebSite\",\"@id\":\"https:\/\/millidusunce.com\/misak\/#website\",\"url\":\"https:\/\/millidusunce.com\/misak\/\",\"name\":\"M\\u0130SAK- Mill\\u00ee Strateji Ara\\u015ft\\u0131rma Kurulu\",\"description\":\"D\\u00fcnyaya T\\u00fcrk\\u00e7\\u00fc Bak\\u0131\\u015f\",\"publisher\":{\"@id\":\"https:\/\/millidusunce.com\/misak\/#organization\"},\"potentialAction\":[{\"@type\":\"SearchAction\",\"target\":\"https:\/\/millidusunce.com\/misak\/?s={search_term_string}\",\"query-input\":\"required name=search_term_string\"}],\"inLanguage\":\"tr\"},{\"@type\":\"ImageObject\",\"@id\":\"https:\/\/millidusunce.com\/misak\/en-buyukleri-lider-ataturk\/#primaryimage\",\"inLanguage\":\"tr\",\"url\":\"https:\/\/millidusunce.com\/misak\/wp-content\/uploads\/2024\/11\/1_20241111_215411_0000.png\",\"width\":1200,\"height\":800},{\"@type\":\"WebPage\",\"@id\":\"https:\/\/millidusunce.com\/misak\/en-buyukleri-lider-ataturk\/#webpage\",\"url\":\"https:\/\/millidusunce.com\/misak\/en-buyukleri-lider-ataturk\/\",\"name\":\"En b\\u00fcy\\u00fck lider: Atat\\u00fcrk - M\\u0130SAK- Mill\\u00ee Strateji Ara\\u015ft\\u0131rma Kurulu\",\"isPartOf\":{\"@id\":\"https:\/\/millidusunce.com\/misak\/#website\"},\"primaryImageOfPage\":{\"@id\":\"https:\/\/millidusunce.com\/misak\/en-buyukleri-lider-ataturk\/#primaryimage\"},\"datePublished\":\"2024-11-11T00:00:00+00:00\",\"dateModified\":\"2024-11-11T20:21:24+00:00\",\"description\":\"D\\u00fcnya\\u2019da Atat\\u00fcrk\\u2019\\u00fcn isminin verildi\\u011fi ve an\\u0131t\\u0131n\\u0131n yap\\u0131ld\\u0131\\u011f\\u0131 \\u00e7ok say\\u0131da \\u00fclke vard\\u0131r. Bel\\u00e7ika`n\\u0131n Almanya s\\u0131n\\u0131r\\u0131 yak\\u0131n\\u0131nda, Vise kentine ba\\u011fl\\u0131 Cheratte kasabas\\u0131nda bulunan Mustafa Kemal Atat\\u00fcrk`\\u00fcn ad\\u0131n\\u0131 ta\\u015f\\u0131yan meydan, b\\u00f6lgedeki T\\u00fcrkler`in gurur kayna\\u011f\\u0131d\\u0131r.\",\"breadcrumb\":{\"@id\":\"https:\/\/millidusunce.com\/misak\/en-buyukleri-lider-ataturk\/#breadcrumb\"},\"inLanguage\":\"tr\",\"potentialAction\":[{\"@type\":\"ReadAction\",\"target\":[\"https:\/\/millidusunce.com\/misak\/en-buyukleri-lider-ataturk\/\"]}]},{\"@type\":\"BreadcrumbList\",\"@id\":\"https:\/\/millidusunce.com\/misak\/en-buyukleri-lider-ataturk\/#breadcrumb\",\"itemListElement\":[{\"@type\":\"ListItem\",\"position\":1,\"item\":{\"@type\":\"WebPage\",\"@id\":\"https:\/\/millidusunce.com\/misak\/\",\"url\":\"https:\/\/millidusunce.com\/misak\/\",\"name\":\"Anasayfa\"}},{\"@type\":\"ListItem\",\"position\":2,\"item\":{\"@type\":\"WebPage\",\"@id\":\"https:\/\/millidusunce.com\/misak\/en-buyukleri-lider-ataturk\/\",\"url\":\"https:\/\/millidusunce.com\/misak\/en-buyukleri-lider-ataturk\/\",\"name\":\"En b\\u00fcy\\u00fck lider: Atat\\u00fcrk\"}}]},{\"@type\":\"Article\",\"@id\":\"https:\/\/millidusunce.com\/misak\/en-buyukleri-lider-ataturk\/#article\",\"isPartOf\":{\"@id\":\"https:\/\/millidusunce.com\/misak\/en-buyukleri-lider-ataturk\/#webpage\"},\"author\":{\"@id\":\"https:\/\/millidusunce.com\/misak\/#\/schema\/person\/dceabd91d5707fd0a1f581be62144940\"},\"headline\":\"En b\\u00fcy\\u00fck lider: Atat\\u00fcrk\",\"datePublished\":\"2024-11-11T00:00:00+00:00\",\"dateModified\":\"2024-11-11T20:21:24+00:00\",\"mainEntityOfPage\":{\"@id\":\"https:\/\/millidusunce.com\/misak\/en-buyukleri-lider-ataturk\/#webpage\"},\"commentCount\":0,\"publisher\":{\"@id\":\"https:\/\/millidusunce.com\/misak\/#organization\"},\"image\":{\"@id\":\"https:\/\/millidusunce.com\/misak\/en-buyukleri-lider-ataturk\/#primaryimage\"},\"keywords\":\"10 kas\\u0131m,Atat\\u00fcrk,lider,Mustafa Kemal Atat\\u00fcrk,Mustafa Kemal pa\\u015fa\",\"articleSection\":\"S\\u0130YASET-TAR\\u0130H\",\"inLanguage\":\"tr\",\"potentialAction\":[{\"@type\":\"CommentAction\",\"name\":\"Comment\",\"target\":[\"https:\/\/millidusunce.com\/misak\/en-buyukleri-lider-ataturk\/#respond\"]}]},{\"@type\":\"Person\",\"@id\":\"https:\/\/millidusunce.com\/misak\/#\/schema\/person\/dceabd91d5707fd0a1f581be62144940\",\"name\":\"Sad\\u0131k R\\u0131dvan Karluk\",\"image\":{\"@type\":\"ImageObject\",\"@id\":\"https:\/\/millidusunce.com\/misak\/#personlogo\",\"inLanguage\":\"tr\",\"url\":\"https:\/\/secure.gravatar.com\/avatar\/0ac86ba3095525619627cdd0589c5b8c?s=96&d=mm&r=g\",\"caption\":\"Sad\\u0131k R\\u0131dvan Karluk\"},\"description\":\"Prof. Dr. S. R\\u0131dvan Karluk, 1970\\u2019de Ankara \\u00dcniversitesi Siyasal Bilgiler Fak\\u00fcltesi\\u2019ni bitirdi. 1975\\u2019te doktor, 1979\\u2019da do\\u00e7ent oldu. 1975 \\u2013 1976\\u2019da Sussex \\u00dcniversitesi\\u2019nde doktora \\u00fcst\\u00fc ara\\u015ft\\u0131rma yapt\\u0131. 1982 y\\u0131l\\u0131nda Devlet Planlama Te\\u015fkilat\\u0131 AET Dairesini (Genel M\\u00fcd\\u00fcrl\\u00fck) kurdu. 1985-1990 y\\u0131llar\\u0131nda Paris\\u2019te, OECD T\\u00fcrkiye B\\u00fcy\\u00fckel\\u00e7ili\\u011fi\\u2019nde Planlama M\\u00fc\\u015faviri olarak \\u00e7al\\u0131\\u015ft\\u0131. 1990-1992 y\\u0131llar\\u0131nda Ba\\u015fbakanl\\u0131k Ba\\u015fm\\u00fc\\u015favirli\\u011fi\\u2019ne atand\\u0131. 1991 y\\u0131l\\u0131nda Anadolu \\u00dcniversitesi\\u2019ne ge\\u00e7mi\\u015f, 2014 y\\u0131l\\u0131nda emekli olmu\\u015ftur. Bu s\\u00fcre i\\u00e7inde \\u0130ktisadi Geli\\u015fme ve Uluslararas\\u0131 Geli\\u015fme Anabilim Dal\\u0131 Ba\\u015fkanl\\u0131\\u011f\\u0131, 2010-2013 d\\u00f6neminde \\u0130ktisat Fak\\u00fcltesi Dekanl\\u0131\\u011f\\u0131 yapm\\u0131\\u015ft\\u0131r. Uluslararas\\u0131 Ekonomi, T\\u00fcrkiye Ekonomisi, Avrupa Birli\\u011fi ve Uluslararas\\u0131 Ekonomik \\u0130li\\u015fkiler konular\\u0131nda 24 kitab\\u0131, 12 ortak ve 3 \\u00e7eviri eseri vard\\u0131r. Ortak yazarl\\u0131 bir ders kitab\\u0131 T\\u00dcBA \\u00fcniversite ders kitaplar\\u0131 2012 y\\u0131l\\u0131 telif ve \\u00e7eviri eser \\u00f6d\\u00fcl\\u00fc olmak \\u00fczere 6 bilimsel ara\\u015ft\\u0131rma \\u00f6d\\u00fcl\\u00fcne sahiptir. Eski\\u015fehir Sakarya gazetesi ile Turkish Forum\\u2019da (ABD) haftal\\u0131k g\\u00fcncel yaz\\u0131lar\\u0131 yay\\u0131nlanmaktad\\u0131r. \\u00d6zge\\u00e7mi\\u015fi WHO\\u2019s WHO D\\u00fcnya, Asya ve T\\u00fcrkiye bask\\u0131lar\\u0131nda yer alm\\u0131\\u015ft\\u0131r.\"}]}<\/script>\n<!-- \/ Yoast SEO plugin. -->","_links":{"self":[{"href":"https:\/\/millidusunce.com\/misak\/wp-json\/wp\/v2\/posts\/18519"}],"collection":[{"href":"https:\/\/millidusunce.com\/misak\/wp-json\/wp\/v2\/posts"}],"about":[{"href":"https:\/\/millidusunce.com\/misak\/wp-json\/wp\/v2\/types\/post"}],"author":[{"embeddable":true,"href":"https:\/\/millidusunce.com\/misak\/wp-json\/wp\/v2\/users\/3"}],"replies":[{"embeddable":true,"href":"https:\/\/millidusunce.com\/misak\/wp-json\/wp\/v2\/comments?post=18519"}],"version-history":[{"count":2,"href":"https:\/\/millidusunce.com\/misak\/wp-json\/wp\/v2\/posts\/18519\/revisions"}],"predecessor-version":[{"id":18522,"href":"https:\/\/millidusunce.com\/misak\/wp-json\/wp\/v2\/posts\/18519\/revisions\/18522"}],"wp:featuredmedia":[{"embeddable":true,"href":"https:\/\/millidusunce.com\/misak\/wp-json\/wp\/v2\/media\/18520"}],"wp:attachment":[{"href":"https:\/\/millidusunce.com\/misak\/wp-json\/wp\/v2\/media?parent=18519"}],"wp:term":[{"taxonomy":"category","embeddable":true,"href":"https:\/\/millidusunce.com\/misak\/wp-json\/wp\/v2\/categories?post=18519"},{"taxonomy":"post_tag","embeddable":true,"href":"https:\/\/millidusunce.com\/misak\/wp-json\/wp\/v2\/tags?post=18519"}],"curies":[{"name":"wp","href":"https:\/\/api.w.org\/{rel}","templated":true}]}}