{"id":18573,"date":"2024-11-28T12:00:00","date_gmt":"2024-11-28T09:00:00","guid":{"rendered":"https:\/\/millidusunce.com\/misak\/?p=18573&#038;preview=true&#038;preview_id=18573"},"modified":"2024-11-28T01:22:24","modified_gmt":"2024-11-27T22:22:24","slug":"21-yuzyildaki-modern-manda","status":"publish","type":"post","link":"https:\/\/millidusunce.com\/misak\/21-yuzyildaki-modern-manda\/","title":{"rendered":"21. y\u00fczy\u0131ldaki modern manda"},"content":{"rendered":"<p>\u00d6ncelikle Manda kavram\u0131n\u0131n bir a\u00e7\u0131klanmas\u0131nda fayda var. Manda s\u00f6z\u00fc ilk olarak Milletler Cemiyeti S\u00f6zle\u015fmesinde ortaya \u00e7\u0131k\u0131yor. Milletler Cemiyeti de (Cemiyet-i Akvam) 26 maddelik s\u00f6zle\u015fmesi ile, Birinci D\u00fcnya Sava\u015f\u0131 galip devletleri taraf\u0131ndan, resm\u00ee olarak Versay Antla\u015fmas\u0131\u2019n\u0131n y\u00fcr\u00fcrl\u00fc\u011fe girdi\u011fi 10 Ocak 1920\u2019de \u0130svi\u00e7re\u2019de kuruluyor. S\u00f6zle\u015fmesinin yap\u0131lacak bar\u0131\u015f antla\u015fmalar\u0131na \u2018\u00f6ns\u00f6z\u2019 olarak konulmas\u0131 mecburiyeti getiriliyor. Sevr Antla\u015fmas\u0131 pa\u00e7avras\u0131n\u0131n ba\u015f\u0131nda da var. Bizi de bu a\u00e7\u0131dan ilgilendiriyor.<\/p>\n<p>S\u00f6zle\u015fmenin 22. Maddesi\u2019nin ilk \u00fc\u00e7 paragraf\u0131 \u015f\u00f6yle:<\/p>\n<p>\u201cSava\u015ftan sonra, daha \u00f6nce kendilerini y\u00f6neten Devletlerin egemenli\u011fine ba\u011fl\u0131 olmaktan \u00e7\u0131km\u0131\u015f ve \u00e7a\u011fda\u015f d\u00fcnyan\u0131n \u00f6zellikle g\u00fc\u00e7 ko\u015fullar\u0131 alt\u0131nda kendilerini y\u00f6netme yetene\u011finden hen\u00fcz yoksun halklar\u0131n oturdu\u011fu s\u00f6m\u00fcrgelere ve \u00fclkelere \u015fu uygulan\u0131r: Bu halklar\u0131n g\u00f6nen\u00e7leri [refah\u0131 H.P.] ve geli\u015fmeleri kutsal bir uygarl\u0131k g\u00f6revidir. Ve bu g\u00f6revin yerine getirilmesi i\u00e7in i\u015fbu Misak\u2019a g\u00fcvenceler konulmas\u0131 gerekir.<\/p>\n<p>Bu ilkenin uygulamada ge\u00e7ekle\u015ftirilmesi i\u00e7in en iyi y\u00f6ntem, bu halklar\u0131n korumanl\u0131\u011f\u0131n\u0131 [vesayetini, mandas\u0131n\u0131 H.P.], kaynaklar\u0131, g\u00f6rg\u00fcleri ya da co\u011frafya durumlar\u0131 bak\u0131m\u0131ndan bu sorumlulu\u011fu y\u00fcr\u00fctmeye en elveri\u015fli bulunan ve bunu kabule raz\u0131 olan uluslara emanet etmektir. Bunlar, bu mandat\u2019y\u0131, mandataire s\u0131fat\u0131yla ve Cemiyet ad\u0131na yapacaklard\u0131r.<\/p>\n<p>Eskiden Osmanl\u0131 \u0130mparatorlu\u011fu\u2019na ba\u011fl\u0131 bulunan kimi topluluklar, kendi kendilerini y\u00f6netmeye yetenekli olacaklar\u0131 zamana kadar, y\u00f6netimlerine bir mandataire\u2019in \u00f6\u011f\u00fctleri ve yard\u0131m\u0131 k\u0131lavuz olmak ko\u015fuluyla, ba\u011f\u0131ms\u0131z uluslar olarak varl\u0131klar\u0131 ge\u00e7ici nitelikte tan\u0131nabilecek bir geli\u015fme d\u00fczeyine eri\u015fmi\u015flerdir. Mandataire\u2019in se\u00e7ilmesinde bu topluluklar\u0131n dilekleri g\u00f6z \u00f6n\u00fcnde bulundurulacakt\u0131r.\u201d<\/p>\n<p>G\u00f6r\u00fcld\u00fc\u011f\u00fc \u00fczere Milletler Cemiyeti\u2019nin ilk kurulu\u015funda sava\u015f sonras\u0131 payla\u015f\u0131m \u00f6nemli bir husus olarak \u00f6ne \u00e7\u0131kmaktad\u0131r.<\/p>\n<p>Bunlar\u0131n bug\u00fcnle ili\u015fkisini daha sonra kuraca\u011f\u0131z.<\/p>\n<p>Sivas Kongresinden \u00f6nce<\/p>\n<p>\u015eimdi Sivas Kongresi \u00f6ncesi ve Kongre \u2018deki manda konusuna bir g\u00f6z atal\u0131m.<\/p>\n<p>Kongre \u00f6ncesinde ilk manda s\u00f6z\u00fc Bekir Sami Bey (Kunduh) taraf\u0131ndan dile getiriliyor. Daha Erzurum Kongresi devam ederken konu ediliyor. Bekir Sami Bey\u2019in Amasya\u2019dan Atat\u00fcrk\u2019e \u00e7ekti\u011fi telgrafla :<\/p>\n<p>1- Tam ba\u011f\u0131ms\u0131zl\u0131k istersek m\u00fclk\u00fcn par\u00e7alara b\u00f6l\u00fcnmesi kesindir. Mandaterlik istersek tamamiyet-i m\u00fclkiyemizi koruyabiliriz. Dolay\u0131s\u0131yla manda tercih edilmelidir.<\/p>\n<p>(Bekir Sami Bey bu d\u00fc\u015f\u00fcncelerle ABD temsilcisiyle g\u00f6r\u00fc\u015ft\u00fc\u011f\u00fcn\u00fc de yazm\u0131\u015ft\u0131r. Bug\u00fcn de AB temsilcileriyle ya da ABD yetkilileriyle g\u00f6r\u00fc\u015fenlerin varl\u0131\u011f\u0131 bilinmektedir.)<\/p>\n<p>2- Adil bir h\u00fck\u00fcmetin kurulmas\u0131.<\/p>\n<p>3- E\u011fitimin yay\u0131lmas\u0131 ve genelle\u015ftirilmesi.<\/p>\n<p>4- Din ve mezhep \u00f6zg\u00fcrl\u00fc\u011f\u00fcn\u00fcn sa\u011flanmas\u0131,<\/p>\n<p>5- B\u00fct\u00fcn Osmanl\u0131 topraklar\u0131nda ABD mandas\u0131 alt\u0131na girilmesi,<\/p>\n<p>6- Bunun i\u00e7in ABD\u2019ye bir heyet g\u00f6nderilmesi<\/p>\n<p>Konular\u0131n\u0131 ortaya koyar.<\/p>\n<p>Atat\u00fcrk\u2019\u00fcn bu telgrafa kar\u015f\u0131 davran\u0131\u015f\u0131 bir liderlik ve diplomasi \u00f6rne\u011fidir.<\/p>\n<p>\u0130lk olarak tam ba\u011f\u0131ms\u0131zl\u0131k istendi\u011finde b\u00f6l\u00fcnece\u011fimiz d\u00fc\u015f\u00fcncesinin sebebi nedir, diye sorar.<\/p>\n<p>Bekir Sami Bey D\u00f6rtler Meclisi\u2019nde karara ba\u011fland\u0131\u011f\u0131 cevab\u0131n\u0131 verir\uf02a. Bu D\u00f6rtler Meclisi T\u00fcrkiye i\u00e7in haz\u0131rlad\u0131\u011f\u0131 raporda biri Ermenistan, Biri \u0130stanbul, biri Anadolu olmak \u00fczere \u00fc\u00e7 manda idaresi de \u00f6ng\u00f6r\u00fcr .<\/p>\n<p>Gazi Pa\u015fa\u2019n\u0131n ikinci sorusu, tamamiyeti m\u00fclkiyeden kast\u0131n \u00fclkenin b\u00fct\u00fcnl\u00fc\u011f\u00fc m\u00fc yoksa egemenlik mi oldu\u011fudur. Cevap, yaln\u0131z hukuk-\u0131 h\u00fck\u00fcmet, \u00fclkenin b\u00fct\u00fcnl\u00fc\u011f\u00fc korunacakt\u0131r diye gelir. Anla\u015f\u0131lan ba\u015fta Cemiyet-i Akvam s\u00f6zle\u015fmesinin 22. maddesinde belirtilen hususlar\u0131n devreye girece\u011fidir. Sizin yapamazs\u0131n\u0131z, beceremezsiniz ama biz sizi y\u00f6neterek yapt\u0131r\u0131r\u0131z demektedirler.<\/p>\n<p>Atat\u00fcrk\u2019\u00fcn sorular\u0131 i\u00e7inde birisi bug\u00fcn\u00fc de \u00e7ok ilgilendiriyor. Dinlerin ve mezheplerin \u00f6zg\u00fcrl\u00fc\u011f\u00fc talebidir ve \u00f6nemlidir.<\/p>\n<p>Soru, Patrikhanelerin imtiyazlar\u0131 varken bunun manas\u0131 nedir?<\/p>\n<p>Bekir Sami Bey, \u201cbu \u00f6zg\u00fcrl\u00fckler \u0130slam dininde zaten vard\u0131r ama bunu ABD bilmiyor. Onun i\u00e7in biz bu konuda g\u00fcven vermek istiyoruz\u201d diyecektir. Bu konu o g\u00fcn\u00fcn gayri m\u00fcslim n\u00fcfusunun varl\u0131\u011f\u0131 i\u00e7inde de\u011ferlendirilmelidir. Ancak masum bir konu de\u011fildir. Patrikhane konusu 21. Y\u00fczy\u0131lda da kar\u015f\u0131m\u0131za \u00e7\u0131km\u0131\u015ft\u0131r. Bu konuya tekrar de\u011finece\u011fiz.<\/p>\n<p>Bu gelen cevaplar \u00fczerine Atat\u00fcrk bir soru daha sorar. \u201cPeki, Amerika\u2019n\u0131n mandater olmay\u0131 kabul etme kar\u015f\u0131l\u0131\u011f\u0131nda ne gibi menfaati vard\u0131r ve ama\u00e7lar\u0131 nedir?\u201d<\/p>\n<p>Cevap, \u201cbu konu hen\u00fcz g\u00f6r\u00fc\u015f\u00fclmemi\u015ftir\u201d, olur.<\/p>\n<p>Bu telgraf haberle\u015fmesi 25 Temmuz 1919 ile 3 A\u011fustos 1919 aras\u0131nda ger\u00e7ekle\u015fir.<\/p>\n<p>Sanki bug\u00fcnler i\u00e7in yaz\u0131lm\u0131\u015f bir mektup<\/p>\n<p>10 A\u011fustos 1919\u2019da Mustafa Kemal Pa\u015fa\u2019ya bir mektup daha gelir. Yazan, \u0130stikl\u00e2l Harbi\u2019nin Halide Onba\u015f\u0131\u2019s\u0131 Halide Edip Ad\u0131var\u2019d\u0131r. Tamam\u0131 Nutuk\u2019ta var .<\/p>\n<p>Mektup, \u201cMemleketin vaziyeti en h\u00e2d bir devreye girdi. Kendimize bir istikamet tayini i\u00e7in T\u00fcrk Milleti\u2019nin zar\u0131n\u0131 at\u0131p m\u00fcspet bir vaziyet almak zaman\u0131 ise ge\u00e7mek \u00fczeredir.\u201d diye ba\u015fl\u0131yor.<\/p>\n<p>\u201cHarici vaziyet \u0130stanbul\u2019da \u015f\u00f6yle g\u00f6r\u00fcn\u00fcyor\u201d diyerek da devam ediyor:<\/p>\n<p>\u201cFransa, \u0130talya, \u0130ngiltere T\u00fcrkiye\u2019nin mandaterlik meselesini Amerikan senatosuna resmen teklif etmi\u015f olmakla beraber b\u00fct\u00fcn kuvvetlerini Senatonun kabul etmemesi i\u00e7in sarf ediyorlar. Taksimden hisse ka\u00e7\u0131rmak tabii i\u015flerine gelmiyor.\u201d<\/p>\n<p>Halide Han\u0131m Fransa, \u0130talya ve \u0130ngiltere\u2019nin hedeflerini \u00f6zetledikten sonra Amerikan mandas\u0131n\u0131n ehven-i \u015fer olaca\u011f\u0131n\u0131 yaz\u0131yor.<\/p>\n<p>Patrikhane meselesini Halide Han\u0131m da vurguluyor. Ama sadece Fener kilisesini yaz\u0131yor. \u201cMuntazam bir h\u00fck\u00fcmet ve asr\u00ee bir idare tesisi i\u00e7in Patrikhanenin siyas\u00ee imtiyazlar\u0131 ekalliyetlerin [az\u0131nl\u0131klar\u0131n H.P.] kuvvetli devletler vas\u0131tas\u0131yla m\u00fctemadi tehdidi ortadan kalkmal\u0131d\u0131r. K\u00fc\u00e7\u00fck ve zay\u0131f bir T\u00fcrkiye bunu yapamayacakt\u0131r.\u201d Bu c\u00fcmleleri mektuptan oldu\u011fu gibi ald\u0131m. Bunu vurguluyorum \u00e7\u00fcnk\u00fc bug\u00fcn\u00fc de\u011ferlendirirken ihtiyac\u0131m\u0131z olacak.<\/p>\n<p>Ve mektuptan \u00e7ok ama \u00e7ok \u00f6nemli bir c\u00fcmle daha: \u201cSiyas\u00ee istikrazlar [bor\u00e7lanmalar H.P.] siyas\u00ee esareti tezyit [b\u00fcy\u00fct\u00fcyor H.P.] ediyor.\u201d Bu c\u00fcmleye de ihtiyac\u0131m\u0131z olacak.<\/p>\n<p>Sadece bunlar da de\u011fildir. 12. Kolordu Komutan\u0131 Sal\u00e2hattin Bey, Vas\u0131f Bey (Kara Vas\u0131f, Sivas Kongresi delegesi) gibi isimlerden de \u015fifre telgraflar manda taraftar\u0131d\u0131r. Hatta 20. Kolordu Komutan\u0131 Ali Fuat Bey\u2019den gelen \u015fifrede ba\u015fka isimler de vard\u0131r.<\/p>\n<p>Sonra Kongre ba\u015flar. En \u00e7ok m\u00fczakere edilen hususlar\u0131n ba\u015f\u0131nda manda gelir. Hatta Vas\u0131f Bey: \u201cbir kere esas itibariyle manday\u0131 kabul edelim de \u015ferait hakk\u0131nda bil\u00e2hare g\u00f6r\u00fc\u015f\u00fcr\u00fcz\u201d der.<\/p>\n<p>\u00dcye Macit Bey, \u201cas\u0131l mesele \u015fimdiden sonra yaln\u0131z ya\u015fayabilecek miyiz, ya\u015fayamayacak m\u0131y\u0131z?\u201d<\/p>\n<p>Bekir Sami Bey (Kunduh): \u201cKaybedecek bir dakikam\u0131z bile yoktur. Vakit ge\u00e7irmeksizin m\u00fczakere edip karara varal\u0131m\u201d der. \u0130smail Faz\u0131l Pa\u015fa da Bekir Sami Bey\u2019e kat\u0131ld\u0131\u011f\u0131n\u0131 beyan eder. \u0130stanbul delegesi \u0130smail Hami Bey (Dani\u015fmend) de kat\u0131l\u0131r.<\/p>\n<p>Refet Bey de (Refet Pa\u015fa) mandan\u0131n \u00e7ok gerekli oldu\u011fundan bahseder. \u201dMandan\u0131n istikl\u00e2li ihl\u00e2l etmeyece\u011fi a\u00e7\u0131k iken\u2026\u201d diye ba\u015flayan bir konu\u015fma yapar. Manda istemenin ba\u015fat sebeplerinden birisi \u0130ngilizlerden kurtulmak ve di\u011feri de yokluklarla ba\u015f edebilmektir.<\/p>\n<p>Vas\u0131f Bey, \u201dB\u00fct\u00fcn devletler bizi tamamen m\u00fcstakil b\u0131rakacaklar\u0131n\u0131 s\u00f6yleseler bile yine m\u00fczaherete [yard\u0131ma H.P] muhtac\u0131z. D\u00f6rt y\u00fcz ila be\u015f y\u00fcz milyon lira borcumuz var. Bu paray\u0131 kimse bize ba\u011f\u0131\u015flamaz. Bize bunu \u00f6de diyecekler, h\u00e2lbuki bizim varidat\u0131m\u0131z bunun faizine bile k\u00e2fi de\u011fildir\u2026 m\u00fcstakil ya\u015famaya vaziyet-i maliyemiz m\u00fcsait de\u011fildir.\u201d<\/p>\n<p>San\u0131yorum Sivas\u2019taki manda tart\u0131\u015fmalar\u0131 i\u00e7in bu kadar\u0131 yeter. Hatta fazla bile. \u015eimdi de bir y\u0131l sonraya, Sevr Antla\u015fmas\u0131\u2019na bakal\u0131m.<\/p>\n<p>Sevr pa\u00e7avras\u0131ndaki a\u015fa\u011f\u0131lama<\/p>\n<p>Sevr\u2019de kar\u015f\u0131la\u015ft\u0131\u011f\u0131m\u0131z \u00fcslup i\u00e7ler ac\u0131s\u0131d\u0131r. \u201dB\u00fcy\u00fck devletler \u2026 T\u00fcrkiye\u2019nin \u2026 dostlu\u011funu kan\u0131tlam\u0131\u015f devletlere kar\u015f\u0131 pek belirgin bir hay\u0131nl\u0131kla su\u00e7 i\u015flemi\u015f oldu\u011fu kan\u0131s\u0131ndad\u0131rlar\u201d<\/p>\n<p>\u201cM\u00fcttefik h\u00fck\u00fcmetler T\u00fcrk \u00e7o\u011funlu\u011fun oturmakta olmad\u0131\u011f\u0131 topraklar\u0131 T\u00fcrk boyunduru\u011fundan kurtarmaya karar vermi\u015flerdir.\u201d<\/p>\n<p>\u201cOsmanl\u0131 Devleti\u2019nin maliye i\u015fleri i\u00e7in denetleme kurulmas\u0131 \u2026 eskiden y\u0131k\u0131ma u\u011fram\u0131\u015f ahlak k\u00f6t\u00fcl\u00fcklerinden ve vurgunculuktan kendisini korumak \u2026 emperyalist ak\u0131mlardan kurtar\u0131lm\u0131\u015f olan T\u00fcrk ulusunun mutlu ve iyi y\u00f6netimi olan ulus olmas\u0131n\u0131 sa\u011flamak\u2026\u201d<\/p>\n<p>Ne kadar da incitici ve a\u015fa\u011f\u0131lay\u0131c\u0131 bir \u00fcslup de\u011fil mi? Ama bu bug\u00fcn ya\u015fayan bizlere de yabanc\u0131 olmayan bir yakla\u015f\u0131m.<\/p>\n<p>Hem Sevr\u2019e hem de AB s\u00fcrecine birlikte bakmak<\/p>\n<p>\u00d6nce AB\u2026 2004 Zirvesinde bizden istenenlerin baz\u0131lar\u0131<\/p>\n<p>\u201cLozan Antla\u015fmas\u0131n\u0131 g\u00f6zden ge\u00e7irmemiz\u201d,<\/p>\n<p>\u201cKopenhag Kriterleri (demokrasi, hukuk devleti, piyasa ekonomisi, az\u0131nl\u0131k haklar\u0131 ve az\u0131nl\u0131klara sayg\u0131) temelinde yeni anayasa\u201d, Bunu h\u00e2l\u00e2 ba\u015faramad\u0131lar. Ama \u00f6n\u00fcm\u00fczdeki g\u00fcnlerin en \u00f6nemli konusu.<\/p>\n<p>F\u0131rat ve Dicle havzalar\u0131 \u00fczerindeki barajlar ve sulama projeleri ba\u015fta olmak \u00fczere su kaynaklar\u0131nda uluslararas\u0131 y\u00f6netimin d\u00fc\u015f\u00fcn\u00fclmesi,<\/p>\n<p>T\u00fcrkiye\u2019nin Orta Asya\u2019n\u0131n T\u00fcrki dillerinin konu\u015fuldu\u011fu b\u00f6lgeleri aras\u0131nda siyasi ve k\u00fclt\u00fcrel ba\u011flar\u0131n\u0131n b\u00f6lgedeki \u00fclkelerle olan ili\u015fkilerde gerilimi tetiklememesi,<\/p>\n<p>\u201cAnadillerde yay\u0131nlarda s\u00fcre s\u0131n\u0131r\u0131 ile devletin b\u00f6l\u00fcnmez b\u00fct\u00fcnl\u00fc\u011f\u00fcne sayg\u0131 gibi kesin prensiplere ba\u011fl\u0131 olunmamas\u0131\u201d, Nas\u0131l talep ama\u2026 TRT 6 ya da TRT K\u00fcrdi kuruldu\u2026<\/p>\n<p>\u201cSiyasi partilerin T\u00fcrk\u00e7e d\u0131\u015f\u0131nda dil kullanabilmeleri\u201d kullan\u0131l\u0131yor.<\/p>\n<p>\u201cEk\u00fcmenik s\u0131fat\u0131n\u0131n aleni kullan\u0131lmas\u0131\u201d, En b\u00fcy\u00fck s\u0131k\u0131nt\u0131lardan birisi. Bizzat Cumhurba\u015fkanl\u0131\u011f\u0131ndan giden davetiyelerde bu s\u0131fat kullan\u0131l\u0131yor. Fiil\u00ee durum yarat\u0131ld\u0131.<\/p>\n<p>\u201cAnadillerde b\u00f6lgesel yay\u0131n ve e\u011fitim yap\u0131lmas\u0131\u201d, Yay\u0131n var ama daha e\u011fitim ba\u015far\u0131lamad\u0131<\/p>\n<p>\u201cK\u00fcrt az\u0131nl\u0131klar\u0131n di\u011fer az\u0131nl\u0131klar\u0131n hak ve \u00f6zg\u00fcrl\u00fcklerden tam olarak yararlanmas\u0131\u201d,<\/p>\n<p>\u201cAlevilerin M\u00fcsl\u00fcman az\u0131nl\u0131k olarak kabul edilip korunmas\u0131\u201d Bu iki madde T\u00fcrk Milleti\u2019nin birli\u011fine s\u0131k\u0131lan kur\u015fundur.<\/p>\n<p>\u201cRum kesiminin tan\u0131nmas\u0131, T\u00fcrkiye\u2019nin \u2018i\u015fgal kuvvetlerini\u2019 belirli bir takvim \u00e7er\u00e7evesinde bir an \u00f6nce geri \u00e7ekmesi\u201d,<\/p>\n<p>\u201cYunanistan\u2019la Ege konusunda anla\u015fmaya var\u0131lmas\u0131.\u201d Sadece bu madde bile tek ba\u015f\u0131na anlat\u0131yor. Yunanistan\u2019dan T\u00fcrkiye ile anla\u015fmaya var\u0131n talepleri olmad\u0131.<\/p>\n<p>Bunlar\u0131n hepsi de di\u011fer aday \u00fclkelerden istenen 35 fas\u0131l\u0131n d\u0131\u015f\u0131nda ve T\u00fcrkiye\u2019den fazladan istenen hususlar.<\/p>\n<p>Bekir Sami Bey\u2019in Atat\u00fcrk\u2019e \u00e7ekti\u011fi telgraftaki<\/p>\n<p>1- E\u011fitimin yay\u0131lmas\u0131 ve genelle\u015ftirilmesi.<\/p>\n<p>2- Din ve mezhep \u00f6zg\u00fcrl\u00fc\u011f\u00fcn\u00fcn sa\u011flanmas\u0131,<\/p>\n<p>konular\u0131n\u0131 tekrar hat\u0131rlarsak:<\/p>\n<p>Ne dersiniz, benziyor mu?<\/p>\n<p>Sevr hayallerine hizmet edenler<\/p>\n<p>Ba\u015fka bir konu: Bak\u0131n\u0131z Sevr Antla\u015fmas\u0131n\u0131n 152. Maddesi ne diyor? T\u00fcrkiye\u2019nin bulundurabilece\u011fi kara kuvvetleri say\u0131s\u0131 50.000 ki\u015fi. 35.000\u2019i jandarma. Peki, genel asayi\u015f nas\u0131l sa\u011flanacak? \u0130\u015fte burada da 170. Madde devreye giriyor. Yerel kent ve k\u0131r polisi kurulacak. Say\u0131s\u0131 da g\u00f6revli bulunduklar\u0131 yerlerdeki ya da belediyelerdeki n\u00fcfus art\u0131\u015f\u0131na uygun artacak.<\/p>\n<p>Aram\u0131zda \u201cK\u0131r Polisi\u201d diye bir \u015fey hat\u0131rlayan\u0131n\u0131z vard\u0131r mutlaka\u2026 Var m\u0131?<\/p>\n<p>\u201cT\u00fcrkiye&#8217;nin Avrupa Birli\u011fine verdi\u011fi garantilerden olan &#8220;\u0130\u00e7 g\u00fcvenlik ve kolluk hizmetlerinde sivil y\u00f6netimin etkisini artt\u0131rmak&#8221; i\u00e7in ba\u015flat\u0131lan \u00e7al\u0131\u015fmalarda jandarma te\u015fkilat\u0131n\u0131n k\u0131r polisine d\u00f6n\u00fc\u015ft\u00fcr\u00fclmesi planlan\u0131yor.\u201d Okudu\u011fum bu c\u00fcmleler 2012\u2019deki bir gazeteden. \u0130nternette k\u0131r polisi diye girdi\u011finizde 2014\u2019te de \u201cJandarma k\u0131r polisi oluyor\u201d haberleri var.<\/p>\n<p>Sevr ile AB kriterleri aras\u0131ndaki benzerlik mi yoksa emperyalizmin bitmeyen b\u00fcy\u00fck hevesleri mi?<\/p>\n<p>Yak\u0131n zamanda ya\u015fad\u0131klar\u0131m\u0131z<\/p>\n<p>15 milyon civar\u0131nda s\u0131\u011f\u0131nmac\u0131 ve yabanc\u0131 ka\u00e7ak var. Ve T\u00fcrkiye\u2019yi y\u00f6netenler onlar\u0131n varl\u0131\u011f\u0131 \u00fczerinden yarat\u0131lan fiil\u00ee durumla \u201cT\u00fcrk, K\u00fcrt, Arap S\u00fcnni ve Alevi\u2026\u201d diye tekrar ederek \u201cOrtak yurt\u201d diyorlar. Buradaki ortak yurdu ortak devlet ve ortak vatan diye anlamak gerekiyor. Bu emperyalizmin projesidir. Yeni Sevr\u2026<\/p>\n<p>2012\u2019de ABD bas\u0131na bir foto\u011fraf servis etti. Ba\u015fkan\u0131 Obama odas\u0131nda d\u00f6nemin ba\u015fbakan\u0131 Erdo\u011fan\u2019la telefon g\u00f6r\u00fc\u015fmesi yaparken elinde beyzbol sopas\u0131 vard\u0131. Suriye\u2019yi g\u00f6r\u00fc\u015ft\u00fckleri a\u00e7\u0131kland\u0131.<\/p>\n<p>Bir 29 Ekim\u2019de (2014) pe\u015fmerge k\u0131l\u0131kl\u0131 ter\u00f6ristler \u201cBiji Serok Obama\u201d \u00e7\u0131\u011fl\u0131klar\u0131 ars\u0131nda ve polis k\u0131lavuzlu\u011funda T\u00fcrkiye\u2019den ge\u00e7ip Ayn el-Arap\u2019a gittiler. Bug\u00fcn orada bir ter\u00f6r devlet\u00e7i\u011fi olu\u015ftu\u2026<\/p>\n<p>2016 -2018 aras\u0131nda Rahip Brunson hadisesi ya\u015fand\u0131. \u0130zmir\u2019de ya\u015fayan misyoner Rahip Brunson casusluk su\u00e7lamas\u0131yla tutukland\u0131. 35 y\u0131l hapsi istendi. ABD bast\u0131rd\u0131 T\u00fcrkiye \u00e7ok sert cevap verdi. Mesela Cumhurba\u015fkan\u0131 Erdo\u011fan: \u201cBu fakir bu g\u00f6revde oldu\u011fu s\u00fcrece ter\u00f6risti alamazs\u0131n. \u00c7\u00fcnk\u00fc M\u00fcsl\u00fcman bir delikten, y\u0131lan deli\u011finden bir defa sokulur.\u201d s\u00f6zleri bunlardan birisi. En son ABD Ba\u015fkan\u0131 Trump T\u00fcrkiye\u2019ye yapt\u0131r\u0131m uygulanaca\u011f\u0131n\u0131 a\u00e7\u0131klad\u0131. Sonu\u00e7ta 35 y\u0131l hapsi istenen Brunson\u2019a \u00f6nce ev hapsi verildi sonra yurt d\u0131\u015f\u0131 yasa\u011f\u0131yla birlikte kald\u0131r\u0131ld\u0131. O da \u00f6zel u\u00e7akla ABD\u2019ye gitti. Kimse nereye gidiyorsun diye sormad\u0131.<\/p>\n<p>Benzeri durum T\u00fcrk as\u0131ll\u0131 Alman gazeteci Deniz Y\u00fccel ile ya\u015fand\u0131. 2017\u2019de ter\u00f6r \u00f6rg\u00fct\u00fc \u00fcyesi su\u00e7lamas\u0131yla tutukland\u0131. Almanya bast\u0131rd\u0131 tahliye edildi. Mahkeme devam ediyordu. Ancak \u00e7\u0131kt\u0131\u011f\u0131 g\u00fcn Almanya\u2019dan gelen u\u00e7akla Almanya\u2019ya u\u00e7tu. O u\u00e7a\u011fa da nereye gidiyorsun diyen olmad\u0131.<\/p>\n<p>ABD\u2019de bas\u0131na T\u00fcrkiye\u2019ye g\u00f6nderilmi\u015f bir mektup s\u0131zd\u0131r\u0131ld\u0131. D\u00f6nemin ABD Ba\u015fkan\u0131 Trump imzal\u0131yd\u0131. Cumhurba\u015fkan\u0131 Erdo\u011fan\u2019a g\u00f6nderilmi\u015fti. \u201cAptall\u0131k etme\u201d diyordu.<\/p>\n<p>9 Ekim 2019\u2019da F\u0131rat\u2019\u0131n do\u011fusuna Bar\u0131\u015f Kalkan\u0131 Harek\u00e2t\u0131 ba\u015flatm\u0131\u015ft\u0131k. Mektup da 9 Ekim 2019 tarihli. Ama 17 Ekim\u2019de s\u0131zd\u0131r\u0131lm\u0131\u015ft\u0131. Harek\u00e2t da17 Ekim\u2019de bitirildi. Mektup duyuldu\u011funda, Cumhurba\u015fkan\u0131 \u201cMektubu buru\u015fturup \u00e7\u00f6pe att\u0131k\u201d demi\u015fti. Ama daha sonra mektup \u00e7\u00f6pten al\u0131n\u0131p \u00fct\u00fclenmi\u015f olmal\u0131. \u00c7\u00fcnk\u00fc \u00e7ok de\u011fil bir ay sonra, 13 Kas\u0131m\u2019daki, ABD seyahatinde Beyaz Saray\u2019daki g\u00f6r\u00fc\u015fme sonras\u0131nda yap\u0131lan a\u00e7\u0131klamada Erdo\u011fan, mektubu \u201cBa\u015fkan\u2019a takdim etti\u011fini\u201d, -hem de birka\u00e7 defa ve vurgulu \u015fekilde- s\u00f6ylemi\u015fti.<\/p>\n<p>S400 ald\u0131k h\u00e2l\u00e2 depoda bekliyor\u2026<\/p>\n<p>500 milyar\u0131 dolar\u0131 a\u015fk\u0131n d\u0131\u015f borcumuz var<\/p>\n<p>Manda konusunu daha \u00e7ok konu\u015fabiliriz ama art\u0131k konu\u015fmam\u0131z\u0131 art\u0131k ba\u011flayal\u0131m.<\/p>\n<p>Ba\u015flarda, bug\u00fcn\u00fc de\u011ferlendirirken ihtiyac\u0131m\u0131z olacak dedi\u011fim iki husus vard\u0131.<\/p>\n<p>Birincisi Patrikhane meselesiydi. Halide Han\u0131m vurguluyordu. \u201cMuntazam bir h\u00fck\u00fcmet ve asr\u00ee bir idare tesisi i\u00e7in Patrikhanenin siyas\u00ee imtiyazlar\u0131 ekalliyetlerin [az\u0131nl\u0131klar\u0131n H.P] kuvvetli devletler vas\u0131tas\u0131yla m\u00fctemadi tehdidi ortadan kalkmal\u0131d\u0131r. K\u00fc\u00e7\u00fck ve zay\u0131f bir T\u00fcrkiye bunu yapamayacakt\u0131r.\u201d<\/p>\n<p>Patrikhane meselesi Lozan\u2019da \u00e7\u00f6z\u00fcld\u00fc. Fener kilisesi kendi cemaatinin din\u00ee konular\u0131n\u0131 \u00e7\u00f6zmek i\u00e7in Fatih Kaymakaml\u0131\u011f\u0131na ba\u011fl\u0131 bir kurum h\u00e2line getirilmi\u015fti. Ancak, bug\u00fcn, 22 y\u0131ll\u0131k AKP iktidar\u0131 onu yeniden \u201dEk\u00fcmenik (evrensel)\u201d diye tan\u0131d\u0131. Onun egemenli\u011fini tan\u0131d\u0131. Ona Konstantinapolis (yani Do\u011fu Roma) Ek\u00fcmenik Patrikli\u011fi denmesine izin verdi. Patrik, Rusya Ukrayna sava\u015f\u0131na bile kar\u0131\u015f\u0131yor art\u0131k.<\/p>\n<p>\u0130kinci konu da Halide Edip Han\u0131m\u2019\u0131n mektubundan: \u201cSiyas\u00ee istikrazlar [bor\u00e7lanmalar] siyas\u00ee esareti tezyit [b\u00fcy\u00fct\u00fcyor] ediyor.\u201d Bug\u00fcn T\u00fcrkiye ve T\u00fcrk Milleti, 21. Y\u00fczy\u0131lda B\u0130RTAKIM S\u0130YAS\u0130LER\u0130N \u0130KT\u0130DAR OLMAK \u0130\u00c7\u0130N VERD\u0130\u011e\u0130 S\u00d6ZLER\u0130N YAN\u0130 ALDI\u011eI S\u0130YAS\u0130 BOR\u00c7LARIN BEDEL\u0130N\u0130 \u00f6d\u00fcyor.<\/p>\n<p>Bu bedel g\u00fcn\u00fcm\u00fcz s\u00f6yleyi\u015fiyle vesayet, emperyalistlerin vesayeti, 105 y\u0131l \u00f6ncesinin s\u00f6yleyi\u015fiyle mandad\u0131r. Modern mandad\u0131r.<\/p>\n<p>\u0130skender \u00d6ks\u00fcz Hoca\u2019n\u0131n d\u00fcnk\u00fc (6 Eyl\u00fcl 2024) yaz\u0131s\u0131, Ziya G\u00f6kalp ve s\u00f6m\u00fcrge \u00fczerineydi. Nas\u0131l M\u00fcstemleke olunur? Diye soruyordu. Ve nas\u0131l olunmayaca\u011f\u0131n\u0131n da cevab\u0131n\u0131 veriyordu: \u201cM\u0130LL\u00ce V\u0130CDAN NEREDE TE\u015eEKK\u00dcL ETM\u0130\u015eSE, ARTIK ORASI M\u00dcSTEMLEKE OLMAK TEHL\u0130KES\u0130NDEN EBED\u0130YEN KURTULMU\u015eTUR.\u201d diye yazm\u0131\u015ft\u0131.<\/p>\n<p>Bug\u00fcn bu salonda da Mill\u00ee vicdan\u0131n, mill\u00ee uyan\u0131\u015f\u0131n temsilcileri vard\u0131r.<\/p>\n<p>Biz de 105 y\u0131l \u00f6nce hayk\u0131r\u0131ld\u0131\u011f\u0131 gibi bug\u00fcn Sivas\u2019tan hayk\u0131r\u0131yoruz:<\/p>\n<p>MANDA VE H\u0130M\u00c2YE, KABUL OLUNAMAZ.<\/p>\n<p>Ne mutlu T\u00fcrk\u2019\u00fcm diyene\u2026<\/p>\n","protected":false},"excerpt":{"rendered":"<p>Genel ba\u015fkan\u0131m\u0131z Hakan Paksoy&#8217;un Mill\u00ee Egemenlik Platformu&#8217;nun 7 Eyl\u00fcl 2024&#8217;de Sivas&#8217;ta d\u00fczenledi\u011fi &#8220;Modern Manda ve \u0130\u015fgale Hay\u0131r&#8221; ba\u015fl\u0131kl\u0131 paneldeki\u00a0konu\u015fmas\u0131<\/p>\n","protected":false},"author":26,"featured_media":18588,"comment_status":"open","ping_status":"open","sticky":false,"template":"","format":"standard","meta":{"_links_to":"","_links_to_target":""},"categories":[67],"tags":[76,2882,2866,3006],"yoast_head":"<!-- This site is optimized with the Yoast SEO plugin v16.0.2 - https:\/\/yoast.com\/wordpress\/plugins\/seo\/ -->\n<title>21. y\u00fczy\u0131ldaki modern manda - M\u0130SAK- Mill\u00ee Strateji Ara\u015ft\u0131rma Kurulu<\/title>\n<meta name=\"description\" content=\"Bug\u00fcn bu salonda da Milli Vicdan\u0131n, mill\u00ee uyan\u0131\u015f\u0131n temsilcileri vard\u0131r.Biz de 105 y\u0131l \u00f6nce hayk\u0131r\u0131ld\u0131\u011f\u0131 gibi bug\u00fcn Sivas\u2019tan hayk\u0131r\u0131yoruz: MANDA VE H\u0130M\u00c2YE, KABUL OLUNAMAZ.Ne mutlu T\u00fcrk\u2019\u00fcm diyene\u2026\" \/>\n<link rel=\"canonical\" href=\"https:\/\/millidusunce.com\/misak\/21-yuzyildaki-modern-manda\/\" \/>\n<meta property=\"og:locale\" content=\"tr_TR\" \/>\n<meta property=\"og:type\" content=\"article\" \/>\n<meta property=\"og:title\" content=\"21. y\u00fczy\u0131ldaki modern manda - M\u0130SAK- Mill\u00ee Strateji Ara\u015ft\u0131rma Kurulu\" \/>\n<meta property=\"og:description\" content=\"Bug\u00fcn bu salonda da Milli Vicdan\u0131n, mill\u00ee uyan\u0131\u015f\u0131n temsilcileri vard\u0131r.Biz de 105 y\u0131l \u00f6nce hayk\u0131r\u0131ld\u0131\u011f\u0131 gibi bug\u00fcn Sivas\u2019tan hayk\u0131r\u0131yoruz: MANDA VE H\u0130M\u00c2YE, KABUL OLUNAMAZ.Ne mutlu T\u00fcrk\u2019\u00fcm diyene\u2026\" \/>\n<meta property=\"og:url\" content=\"https:\/\/millidusunce.com\/misak\/21-yuzyildaki-modern-manda\/\" \/>\n<meta property=\"og:site_name\" content=\"M\u0130SAK- Mill\u00ee Strateji Ara\u015ft\u0131rma Kurulu\" \/>\n<meta property=\"article:published_time\" content=\"2024-11-28T09:00:00+00:00\" \/>\n<meta property=\"article:modified_time\" content=\"2024-11-27T22:22:24+00:00\" \/>\n<meta property=\"og:image\" content=\"https:\/\/millidusunce.com\/misak\/wp-content\/uploads\/2024\/11\/Sadiye-Okur-Kopyasi.jpg\" \/>\n\t<meta property=\"og:image:width\" content=\"1200\" \/>\n\t<meta property=\"og:image:height\" content=\"800\" \/>\n<meta name=\"twitter:card\" content=\"summary_large_image\" \/>\n<meta name=\"twitter:label1\" content=\"Tahmini okuma s\u00fcresi\">\n\t<meta name=\"twitter:data1\" content=\"9 dakika\">\n<script type=\"application\/ld+json\" class=\"yoast-schema-graph\">{\"@context\":\"https:\/\/schema.org\",\"@graph\":[{\"@type\":\"Organization\",\"@id\":\"https:\/\/millidusunce.com\/misak\/#organization\",\"name\":\"Mill\\u00ee D\\u00fc\\u015f\\u00fcnce Merkezi\",\"url\":\"https:\/\/millidusunce.com\/misak\/\",\"sameAs\":[],\"logo\":{\"@type\":\"ImageObject\",\"@id\":\"https:\/\/millidusunce.com\/misak\/#logo\",\"inLanguage\":\"tr\",\"url\":\"https:\/\/millidusunce.com\/misak\/wp-content\/uploads\/2018\/09\/mdmLogo-yazisiz.jpg\",\"width\":422,\"height\":422,\"caption\":\"Mill\\u00ee D\\u00fc\\u015f\\u00fcnce Merkezi\"},\"image\":{\"@id\":\"https:\/\/millidusunce.com\/misak\/#logo\"}},{\"@type\":\"WebSite\",\"@id\":\"https:\/\/millidusunce.com\/misak\/#website\",\"url\":\"https:\/\/millidusunce.com\/misak\/\",\"name\":\"M\\u0130SAK- Mill\\u00ee Strateji Ara\\u015ft\\u0131rma Kurulu\",\"description\":\"D\\u00fcnyaya T\\u00fcrk\\u00e7\\u00fc Bak\\u0131\\u015f\",\"publisher\":{\"@id\":\"https:\/\/millidusunce.com\/misak\/#organization\"},\"potentialAction\":[{\"@type\":\"SearchAction\",\"target\":\"https:\/\/millidusunce.com\/misak\/?s={search_term_string}\",\"query-input\":\"required name=search_term_string\"}],\"inLanguage\":\"tr\"},{\"@type\":\"ImageObject\",\"@id\":\"https:\/\/millidusunce.com\/misak\/21-yuzyildaki-modern-manda\/#primaryimage\",\"inLanguage\":\"tr\",\"url\":\"https:\/\/millidusunce.com\/misak\/wp-content\/uploads\/2024\/11\/Sadiye-Okur-Kopyasi.jpg\",\"width\":1200,\"height\":800},{\"@type\":\"WebPage\",\"@id\":\"https:\/\/millidusunce.com\/misak\/21-yuzyildaki-modern-manda\/#webpage\",\"url\":\"https:\/\/millidusunce.com\/misak\/21-yuzyildaki-modern-manda\/\",\"name\":\"21. y\\u00fczy\\u0131ldaki modern manda - M\\u0130SAK- Mill\\u00ee Strateji Ara\\u015ft\\u0131rma Kurulu\",\"isPartOf\":{\"@id\":\"https:\/\/millidusunce.com\/misak\/#website\"},\"primaryImageOfPage\":{\"@id\":\"https:\/\/millidusunce.com\/misak\/21-yuzyildaki-modern-manda\/#primaryimage\"},\"datePublished\":\"2024-11-28T09:00:00+00:00\",\"dateModified\":\"2024-11-27T22:22:24+00:00\",\"description\":\"Bug\\u00fcn bu salonda da Milli Vicdan\\u0131n, mill\\u00ee uyan\\u0131\\u015f\\u0131n temsilcileri vard\\u0131r.Biz de 105 y\\u0131l \\u00f6nce hayk\\u0131r\\u0131ld\\u0131\\u011f\\u0131 gibi bug\\u00fcn Sivas\\u2019tan hayk\\u0131r\\u0131yoruz: MANDA VE H\\u0130M\\u00c2YE, KABUL OLUNAMAZ.Ne mutlu T\\u00fcrk\\u2019\\u00fcm diyene\\u2026\",\"breadcrumb\":{\"@id\":\"https:\/\/millidusunce.com\/misak\/21-yuzyildaki-modern-manda\/#breadcrumb\"},\"inLanguage\":\"tr\",\"potentialAction\":[{\"@type\":\"ReadAction\",\"target\":[\"https:\/\/millidusunce.com\/misak\/21-yuzyildaki-modern-manda\/\"]}]},{\"@type\":\"BreadcrumbList\",\"@id\":\"https:\/\/millidusunce.com\/misak\/21-yuzyildaki-modern-manda\/#breadcrumb\",\"itemListElement\":[{\"@type\":\"ListItem\",\"position\":1,\"item\":{\"@type\":\"WebPage\",\"@id\":\"https:\/\/millidusunce.com\/misak\/\",\"url\":\"https:\/\/millidusunce.com\/misak\/\",\"name\":\"Anasayfa\"}},{\"@type\":\"ListItem\",\"position\":2,\"item\":{\"@type\":\"WebPage\",\"@id\":\"https:\/\/millidusunce.com\/misak\/21-yuzyildaki-modern-manda\/\",\"url\":\"https:\/\/millidusunce.com\/misak\/21-yuzyildaki-modern-manda\/\",\"name\":\"21. y\\u00fczy\\u0131ldaki modern manda\"}}]},{\"@type\":\"Article\",\"@id\":\"https:\/\/millidusunce.com\/misak\/21-yuzyildaki-modern-manda\/#article\",\"isPartOf\":{\"@id\":\"https:\/\/millidusunce.com\/misak\/21-yuzyildaki-modern-manda\/#webpage\"},\"author\":{\"@id\":\"https:\/\/millidusunce.com\/misak\/#\/schema\/person\/3ab4cf19eb1b7f72b4d39104dc2d599b\"},\"headline\":\"21. y\\u00fczy\\u0131ldaki modern manda\",\"datePublished\":\"2024-11-28T09:00:00+00:00\",\"dateModified\":\"2024-11-27T22:22:24+00:00\",\"mainEntityOfPage\":{\"@id\":\"https:\/\/millidusunce.com\/misak\/21-yuzyildaki-modern-manda\/#webpage\"},\"commentCount\":0,\"publisher\":{\"@id\":\"https:\/\/millidusunce.com\/misak\/#organization\"},\"image\":{\"@id\":\"https:\/\/millidusunce.com\/misak\/21-yuzyildaki-modern-manda\/#primaryimage\"},\"keywords\":\"i\\u015fgal,Mill\\u00ee Egemenlik Platformu,sessiz i\\u015fgal,Sivas\",\"articleSection\":\"TEHD\\u0130TLER\",\"inLanguage\":\"tr\",\"potentialAction\":[{\"@type\":\"CommentAction\",\"name\":\"Comment\",\"target\":[\"https:\/\/millidusunce.com\/misak\/21-yuzyildaki-modern-manda\/#respond\"]}]},{\"@type\":\"Person\",\"@id\":\"https:\/\/millidusunce.com\/misak\/#\/schema\/person\/3ab4cf19eb1b7f72b4d39104dc2d599b\",\"name\":\"Hakan Paksoy\",\"image\":{\"@type\":\"ImageObject\",\"@id\":\"https:\/\/millidusunce.com\/misak\/#personlogo\",\"inLanguage\":\"tr\",\"url\":\"https:\/\/secure.gravatar.com\/avatar\/b57d69fc35f9a591489f2791830a0011?s=96&d=mm&r=g\",\"caption\":\"Hakan Paksoy\"},\"description\":\"1960 y\\u0131l\\u0131nda Isparta\\u2019da do\\u011fdu. \\u0130lk, orta ve lise \\u00f6\\u011frenimini memleketi olan Kahramanmara\\u015f\\u2019ta, y\\u00fcksek \\u00f6\\u011frenimini Ankara\\u2019da, Gazi \\u00dcniversitesi M\\u00fchendislik Mimarl\\u0131k Fak\\u00fcltesi Elektrik B\\u00f6l\\u00fcm\\u00fcnde yapt\\u0131. O zamanki ad\\u0131 T\\u00fcrkiye Elektrik Kurumu (TEK) K. Mara\\u015f \\u0130l M\\u00fcd\\u00fcrl\\u00fc\\u011f\\u00fc\\u2019nde m\\u00fchendis olarak g\\u00f6reve ba\\u015flad\\u0131. M\\u00fchendis, ba\\u015fm\\u00fchendis ve m\\u00fcessese m\\u00fcd\\u00fcr yard\\u0131mc\\u0131l\\u0131\\u011f\\u0131 g\\u00f6revlerini yapt\\u0131. 1999 y\\u0131l\\u0131nda TEDA\\u015e Genel M\\u00fcd\\u00fcrl\\u00fc\\u011f\\u00fcnde \\u015eube M\\u00fcd\\u00fcrl\\u00fc\\u011f\\u00fc yapt\\u0131. Temmuz 2017\\u2019de emekli oldu. Kahramanmara\\u015f T\\u00fcrk Oca\\u011f\\u0131 \\u015eubesinin kurulu\\u015fundan itibaren; y\\u00f6netim kurulu \\u00fcyeli\\u011fi, sekreterlik, ba\\u015fkan yard\\u0131mc\\u0131l\\u0131\\u011f\\u0131 ve iki d\\u00f6nem ba\\u015fkanl\\u0131k yapm\\u0131\\u015ft\\u0131r. 1995 Genel se\\u00e7imlerinde MHP\\u2019den milletvekili aday\\u0131 olmu\\u015ftur. T\\u00fcrkiye Kamu Sen\\u2019in kurulu\\u015funda ilk \\u015fube ba\\u015fkanlar\\u0131ndand\\u0131r. Ankara\\u2019da \\u00e7al\\u0131\\u015fmaya ba\\u015flad\\u0131ktan sonra T\\u00fcrk Enerji Sen Genel Merkez Y\\u00f6netim Kurulunda \\u00e7al\\u0131\\u015fm\\u0131\\u015ft\\u0131r. 1985-87 aras\\u0131nda askerlik g\\u00f6revini yapm\\u0131\\u015ft\\u0131r. Mill\\u00ee D\\u00fc\\u015f\\u00fcnce Merkezi (MDM) Y\\u00f6netim Kurulu \\u00fcyesidir ve internet sitesinde yaz\\u0131lar\\u0131 yay\\u0131nlanmaktad\\u0131r. Evlidir. Biri k\\u0131z di\\u011feri erkek iki \\u00e7ocu\\u011fu vard\\u0131r.\"}]}<\/script>\n<!-- \/ Yoast SEO plugin. -->","_links":{"self":[{"href":"https:\/\/millidusunce.com\/misak\/wp-json\/wp\/v2\/posts\/18573"}],"collection":[{"href":"https:\/\/millidusunce.com\/misak\/wp-json\/wp\/v2\/posts"}],"about":[{"href":"https:\/\/millidusunce.com\/misak\/wp-json\/wp\/v2\/types\/post"}],"author":[{"embeddable":true,"href":"https:\/\/millidusunce.com\/misak\/wp-json\/wp\/v2\/users\/26"}],"replies":[{"embeddable":true,"href":"https:\/\/millidusunce.com\/misak\/wp-json\/wp\/v2\/comments?post=18573"}],"version-history":[{"count":2,"href":"https:\/\/millidusunce.com\/misak\/wp-json\/wp\/v2\/posts\/18573\/revisions"}],"predecessor-version":[{"id":18589,"href":"https:\/\/millidusunce.com\/misak\/wp-json\/wp\/v2\/posts\/18573\/revisions\/18589"}],"wp:featuredmedia":[{"embeddable":true,"href":"https:\/\/millidusunce.com\/misak\/wp-json\/wp\/v2\/media\/18588"}],"wp:attachment":[{"href":"https:\/\/millidusunce.com\/misak\/wp-json\/wp\/v2\/media?parent=18573"}],"wp:term":[{"taxonomy":"category","embeddable":true,"href":"https:\/\/millidusunce.com\/misak\/wp-json\/wp\/v2\/categories?post=18573"},{"taxonomy":"post_tag","embeddable":true,"href":"https:\/\/millidusunce.com\/misak\/wp-json\/wp\/v2\/tags?post=18573"}],"curies":[{"name":"wp","href":"https:\/\/api.w.org\/{rel}","templated":true}]}}