{"id":18617,"date":"2024-12-10T19:00:00","date_gmt":"2024-12-10T16:00:00","guid":{"rendered":"https:\/\/millidusunce.com\/misak\/?p=18617&#038;preview=true&#038;preview_id=18617"},"modified":"2024-12-10T01:07:30","modified_gmt":"2024-12-09T22:07:30","slug":"horasan-azerbaycan-havzasi-siyasi-idaresi","status":"publish","type":"post","link":"https:\/\/millidusunce.com\/misak\/horasan-azerbaycan-havzasi-siyasi-idaresi\/","title":{"rendered":"Horasan\/Azerbaycan havzas\u0131 siyasi idaresi"},"content":{"rendered":"<blockquote class=\"wp-embedded-content\" data-secret=\"6sM9ikmZk0\"><p><a href=\"https:\/\/millidusunce.com\/misak\/horasan-azerbaycan-medeniyet-havzasi\/\">Horasan\/Azerbaycan medeniyet havzas\u0131<\/a><\/p><\/blockquote>\n<p><iframe class=\"wp-embedded-content\" sandbox=\"allow-scripts\" security=\"restricted\" style=\"position: absolute; clip: rect(1px, 1px, 1px, 1px);\" title=\"&#8220;Horasan\/Azerbaycan medeniyet havzas\u0131&#8221; &#8212; M\u0130SAK- Mill\u00ee Strateji Ara\u015ft\u0131rma Kurulu\" src=\"https:\/\/millidusunce.com\/misak\/horasan-azerbaycan-medeniyet-havzasi\/embed\/#?secret=pXafJS5Os6#?secret=6sM9ikmZk0\" data-secret=\"6sM9ikmZk0\" width=\"600\" height=\"338\" frameborder=\"0\" marginwidth=\"0\" marginheight=\"0\" scrolling=\"no\"><\/iframe><\/p>\n<p style=\"text-align: right;\"><em><a href=\"https:\/\/millidusunce.com\/misak\/horasan-azerbaycan-medeniyet-havzasi\/\" target=\"_top\" rel=\"noopener\">Horasan\/Azerbaycan medeniyet havzas\u0131<\/a> yaz\u0131s\u0131n\u0131n 2. b\u00f6l\u00fcm\u00fcd\u00fcr.<\/em><\/p>\n<p>\u0130slam sonras\u0131 Horasan\/Azerbaycan medeniyet havzas\u0131n\u0131n merkez siyasi iradesini Hazarlardan ba\u015flayarak s\u0131rayla a\u015fa\u011f\u0131da takdim ediyorum:<\/p>\n<ol>\n<li><strong>Hazar Devleti (468 \u2013 1048)<\/strong><\/li>\n<\/ol>\n<p>Hazar devletinin esas kurulu\u015f arazisi olarak Azerbaycan, Horasan, Bat\u0131 ve k\u0131smen merkezi \u0130ran b\u00f6lgesi olarak tespit edilmektedir. Hazar Devleti, esas topraklar\u0131 olan g\u00fcn\u00fcm\u00fcz \u0130ran arazisinde Emev\u00eelere kar\u015f\u0131 direni\u015flerde yenilerek geri \u00e7ekilmi\u015f, Kafkasya ve daha sonra kuzey Karadeniz b\u00f6lgesi ile yetinmek zorunda kalm\u0131\u015ft\u0131r. Hazar devleti yenilip Kafkaslara, ard\u0131nca da kuzey Kara Denize \u00e7ekilse de yerli T\u00fcrkler \u0130slamiyet\u2019i kabul ederek kendi hayatlar\u0131n\u0131 kendi topraklar\u0131nda s\u00fcrd\u00fcrmeye devam etmi\u015flerdir. Tebriz, Hazar devletinin en \u00f6nemli k\u00fclt\u00fcrel ve medeni merkezi olarak b\u00f6lgedeki etkinli\u011fini korumu\u015ftur.<\/p>\n<ol start=\"2\">\n<li><strong>Saman Yabgu, ba\u015fka bir de\u011fimle S\u00e2m\u00e2n\u00eeler Devleti (819-999)<\/strong><\/li>\n<\/ol>\n<p>Orta Asya\u2019da \u0130slam\u2019la \u015fereflenen T\u00fcrklerin \u0130slami devlet kuruculu\u011fu esasen 840\/1212 y\u0131llar\u0131 aras\u0131nda Orta Asya ve Mavera\u00fcnnehir&#8217;de kurulmu\u015f olan <strong>Karahanl\u0131lar<\/strong> Devleti ile ba\u015flar. Karahanl\u0131lar\u0131 medeniyet\u00e7e kendi etkileri alt\u0131nda tutan ve y\u00f6neten ve 819-999 y\u0131llar\u0131 aras\u0131nda kurulmu\u015f olan ve a\u00e7\u0131k \u015fekilde Re\u015f\u00eed\u00fcdd\u00een Fazlullah-\u0131 Hemed\u00e2n\u00ee\u2019nin (hk. 645- 718 \/ M. 1247 &#8211; 1318) \u201cC\u00e2miu&#8217;t-Tev\u00e2r\u00eeh\u201d ve \u201cO\u011fuzname\u201d eserinde T\u00fcrk olduklar\u0131na vurgu yap\u0131ld\u0131\u011f\u0131 <strong>Saman Yabgu, ba\u015fka bir de\u011fimle S\u00e2m\u00e2n\u00eeler <\/strong>Devleti olmu\u015ftur. Deri\/Fars dili ile paralel \u015fekilde T\u00fcrk\u00e7enin Arap dil inhisarc\u0131l\u0131\u011f\u0131na kar\u015f\u0131 devlet ve d\u00f6nem ulemas\u0131 taraf\u0131ndan \u00f6n plana al\u0131nmas\u0131 Samaniler d\u00f6neminden itibaren ba\u015flar.<\/p>\n<ol start=\"3\">\n<li><strong>Gazneliler veya Seb\u00fck Teginli\u2019ler Devleti (963-1186) <\/strong><\/li>\n<\/ol>\n<p>Gazneli devleti, Saman Yabgu o\u011fullar\u0131ndan Herat valisi Alp Tekin taraf\u0131ndan, Hindistan\u2019\u0131n Pencap b\u00f6lgesi ile g\u00fcn\u00fcm\u00fcz \u0130ran\u2019\u0131n b\u00fcy\u00fck k\u0131sm\u0131 ve Harzem\u2019e kadar olan b\u00f6lgede kurulan bir T\u00fcrk devleti olmu\u015ftur. Sultan Mahmut d\u00f6neminde Gazneliler Kuzey Hindistan\u2019\u0131 h\u00e2kimiyeti alt\u0131na alarak, b\u00f6lgede \u0130sl\u00e2m k\u00fclt\u00fcr\u00fcn\u00fcn daha geni\u015f bi\u00e7imde yay\u0131lmas\u0131n\u0131n \u00f6n\u00fcn\u00fc a\u00e7m\u0131\u015ft\u0131r.<\/p>\n<ol start=\"4\">\n<li><strong>B\u00fcy\u00fck Sel\u00e7uklu Devleti (1037-1194)\u00a0 <\/strong>11. ve 14. y\u00fczy\u0131llar aras\u0131nda <strong>B\u00fcy\u00fck Sel\u00e7uklu Devleti<\/strong>, \u0130slam d\u00fcnyas\u0131n\u0131n azami k\u0131sm\u0131n\u0131 y\u00f6netimi alt\u0131na alm\u0131\u015ft\u0131r. Sel\u00e7uk Bey, 1009\u2019da O\u011fuzlar\u0131 bir devlet d\u00fczeninde \u00f6rg\u00fctleme\u011fi ba\u015farm\u0131\u015ft\u0131r. Sel\u00e7uklular taraf\u0131ndan g\u00fcn\u00fcm\u00fcz Ni\u015fabur, Rey ve sonra ise \u0130sfahan Ba\u015fkent olarak se\u00e7ilmi\u015ftir.<\/li>\n<\/ol>\n<p>Melik\u015fah, 20 Kas\u0131m 1092 tarihinde, i\u00e7 kavgalar s\u0131ras\u0131nda zehirlenerek \u00f6ld\u00fcr\u00fcld\u00fckten sonra devlet, b\u00fcy\u00fck \u00e7alkant\u0131lar i\u00e7ine s\u00fcr\u00fcklendi. Nitekim B\u00fcy\u00fck Sel\u00e7uklu devleti Melik\u015fah\u2019\u0131n o\u011fullar\u0131 aras\u0131nda d\u00f6rt par\u00e7aya b\u00f6l\u00fcnd\u00fc:<\/p>\n<ol>\n<li>Kirman Sel\u00e7uklular\u0131; 1187 tarihine kadar devam etmi\u015ftir.<\/li>\n<li>\u015eam-Halep Sel\u00e7uklular\u0131; 1117 tarihine kadar devam etmi\u015ftir.<\/li>\n<li>Anadolu Sel\u00e7uklular\u0131; 1077\u2019den 1308\u2019e kadar 231 y\u0131l s\u00fcrm\u00fc\u015ft\u00fcr.<\/li>\n<li>Irak ve Horasan Sel\u00e7uklular\u0131; 1194 tarihinde Harezm\u015fah Sultan Alaattin Teki\u015f ile yapt\u0131\u011f\u0131 sava\u015fta yenilgiden sonra sona ermi\u015ftir.<\/li>\n<\/ol>\n<p>Yeri gelmi\u015fken kaydedilmelidir ki, T\u00fcrk \u0130slam Sentezcilerinin bilimsel esas\u0131 olmayan bo\u015f iddialar\u0131ndan biri de Sel\u00e7uklular\u0131n Farsla\u015ft\u0131klar\u0131\/\u0130ranile\u015ftikleri ve T\u00fcrk\u00e7e eser yaratmad\u0131klar\u0131 y\u00f6n\u00fcndedir. Yukar\u0131da kaydedildi\u011fi gibi Divanu L\u00fcgat-it-T\u00fcrk ve Atabet\u00fc&#8217;l-Hakay\u0131k gibi eserler Sel\u00e7uklu tebaas\u0131 taraf\u0131ndan kaleme al\u0131nm\u0131\u015ft\u0131r. Kutadgu Bilig eserinin m\u00fcellifi ise yine yerinde de\u011finildi\u011fi gibi Horasanl\u0131 Firdevsi\u2019nin \u015eahnamesi\u2019ni \u00f6rnek alarak yazd\u0131\u011f\u0131 bilinmektedir. Bu ve di\u011fer onlar O\u011fuz Name ve Dede Korkut eserleri de Sel\u00e7uklu topraklar\u0131nda kaleme al\u0131nm\u0131\u015ft\u0131r. T\u00fcrk \u0130slam Sentezcilerinin \u0130ran\u2019\u0131 gayri T\u00fcrk olarak lanse edilen pers veya Persian\u2019li\u011fe mal etmesinin arkas\u0131nda duran en \u00f6nemli mesele tamamen siyasi ve garazd\u0131r, kendi kimli\u011fine duyulan \u015f\u00fcphedir. Yay\u0131nlanacak eserde buna da de\u011finilmi\u015ftir.<\/p>\n<ol start=\"5\">\n<li><strong>Harezm\u015fahlar Devleti (1097-1231)<\/strong><\/li>\n<\/ol>\n<p><strong>Anu\u015f Tegin<\/strong> taraf\u0131ndan esas\u0131 koyulan <strong>Harezm\u015fahlar Devleti<\/strong>, Ats\u0131z ve \u0130laslan (Elaslan) devirlerinde hem Irak Sel\u00e7uklular\u0131 hem de Kara Hitaylarla m\u00fccadele etmi\u015ftir. Nitekim Elaslan, Sultan Sencer\u2019in \u00f6l\u00fcm\u00fc \u00fczerine ba\u011f\u0131ms\u0131zl\u0131\u011f\u0131n\u0131 il\u00e2n etmi\u015ftir. Harzem\u015fah\u2019lar\u0131n en b\u00fcy\u00fck h\u00fck\u00fcmdar\u0131 Alaaddin Teki\u015f olmu\u015ftur. Teki\u015f, \u00f6nce Kara Hitaylar\u0131, ard\u0131ndan son Sel\u00e7uklu H\u00fck\u00fcmdar\u0131 II. Tu\u011frul\u2019u yenmi\u015ftir. Harzem\u015fah\u2019lar k\u0131sa s\u00fcrede s\u0131n\u0131rlar\u0131n\u0131, Do\u011fu Anadolu\u2019dan Maver\u00e2\u00fcnnehir\u2019e kadar geni\u015fletmi\u015f ve adeta Sel\u00e7uklu devletinin v\u00e2risi olmu\u015flard\u0131r. 1220\u2032de b\u00fct\u00fcn \u00fclke, Cengiz Han\u2019\u0131n \u00f6nderli\u011findeki T\u00fcrk-Mo\u011fol Ordular\u0131 taraf\u0131ndan ele ge\u00e7irilmi\u015ftir. Cel\u00e2leddin Harzem\u015fah, devleti yeniden toparlamak i\u00e7in u\u011fra\u015ft\u0131ysa da ba\u015far\u0131l\u0131 olamam\u0131\u015ft\u0131r. \u00d6l\u00fcm\u00fc \u00fczerine Harzem\u015fah\u2019lar devleti, tamamen ortadan kalkt\u0131. Harez\u015fah\u2019lar \u00f6nce G\u00fcrgen\u00e7, Semerkant, Gazne, sonunda ise Tebriz kentini Eldenizlerden alarak Ba\u015fkent yapm\u0131\u015flard\u0131r. Terbiz veya Tebriz, Eski T\u00fcrk uygarl\u0131\u011f\u0131n\u0131n be\u015fi\u011fi olarak bu d\u00f6nemden itibaren yeniden canlanmaya ba\u015flam\u0131\u015ft\u0131r. Harezm\u015fah\u2019lar, Sel\u00e7uklu devletinin devam\u0131 olarak nitelendirilmektedir.<\/p>\n<ol start=\"6\">\n<li><strong>B\u00fcy\u00fck \u0130lhanl\u0131 Devleti (1256-1335)<\/strong><\/li>\n<\/ol>\n<p>Cengiz Han\u2019\u0131n torunu H\u00fclag\u00fc Han 1256\u2019de Harezm\u015fah\u2019lar\u0131n son ba\u015fkenti Tebriz\u2019de halk taraf\u0131ndan kar\u015f\u0131lanarak \u015fehre d\u00e2hil olmu\u015f ve o eski T\u00fcrk uygarl\u0131\u011f\u0131n\u0131n v\u00e2risi olan \u015fehri, b\u00f6lgenin yeniden ba\u015fkenti olarak tayin etmi\u015ftir. \u0130lhanl\u0131lar b\u00fcy\u00fck \u00e7o\u011funlukla ehlibeyt sevgisine dayal\u0131 \u0130sl\u00e2miyet\u2019i kabul ederek, Tebriz merkezli devletlerini, yerli T\u00fcrklerin kat\u0131l\u0131m\u0131yla etkin bir bi\u00e7imde y\u00f6netmek i\u00e7in kar\u015f\u0131lar\u0131nda duran iki b\u00fcy\u00fck engeli ortadan kald\u0131rm\u0131\u015flar. Birincisi, Mezhep kavgalar\u0131yla \u00fclkenin geli\u015fimini ve din\u00e7li\u011fini bozan \u0130smaillileri (Ha\u015fha\u015fileri) etkisiz hale getirmek i\u00e7in Alamut kalesini ortadan kald\u0131rd\u0131lar. \u0130kincisi, \u0130slam ve \u0130slamiyet\u2019i suistimal ederek Arap dil inhisar\u0131n\u0131, k\u00fclt\u00fcr \u00fcst\u00fcnl\u00fc\u011f\u00fcn\u00fc savunan, gayri Araplara\/Acemlere siyasi cihetten var olma hakk\u0131 tan\u0131mayan, Horasan\/Azerbaycan medeniyet havzas\u0131n\u0131n tebaalar\u0131n\u0131 mevali olarak tan\u0131mlayan ve Arap\u00e7\u0131l\u0131\u011f\u0131 \u00f6n planda tutan, Emev\u00ee tefekk\u00fcr\u00fcne esaslanan Abbasi Hilafetine son vermek kast\u0131yla 1258\u2019de Ba\u011fdat\u2019a y\u00fcr\u00fcy\u00fcp, M\u00fcstesem\u2019i ortadan kald\u0131rd\u0131lar. Bu T\u00fcrk kar\u015f\u0131t\u0131 Emev\u00ee d\u00f6k\u00fcnt\u00fclerini etkisizle\u015ftiren ve T\u00fcrk \u0130slam d\u00fcnyas\u0131n\u0131 bu yobazlardan temizleyen \u0130lhanl\u0131 devleti, Horasan\/Azerbaycan medeniyet havzas\u0131n\u0131n merkez siyasi iradesini 1357.y\u0131la kadar do\u011frudan temsil etmi\u015f ve 1925\u2019e kadar devam eden siyasi irade i\u00e7in hukuki esas te\u015fkil etmi\u015ftir. \u0130lhanl\u0131 devletinin Horasan ve Azerbaycan T\u00fcrk ordusu taraf\u0131ndan Ba\u011fdat\u2019tan temizlenen bu T\u00fcrk\/Acem kar\u015f\u0131t\u0131 Emev\u00eelerden arda kalanlar merkez siyasi iradeyi temsil eden \u0130lhanl\u0131 devleti ile rekabet halinde olan M\u0131s\u0131r Memluk T\u00fcrk devletine siyasi faaliyetten menedilmi\u015f bi\u00e7imde s\u0131\u011f\u0131nm\u0131\u015flard\u0131 ve 15. y\u00fczy\u0131l\u0131n ikinci yar\u0131s\u0131 ve 16. y\u00fczy\u0131l\u0131n ilk y\u0131llar\u0131nda, Horasan\/Azerbaycan medeniyet havzas\u0131ndan imtina etmi\u015f ve Rum Bizans varisli\u011fine soyunmu\u015f olan Osmano\u011fullar\u0131 ve Rumlarla birle\u015ferek \u0130stanbul \u00fczerinden Horasan\/Azerbaycan medeniyet havzas\u0131nda hakim olan T\u00fcrk \u0130slam anlay\u0131\u015f\u0131na kar\u015f\u0131 getirdikleri yeni bir yorumla Horasan\/Azerbaycan medeniyet havzas\u0131na kar\u015f\u0131 amans\u0131z bir sava\u015f\u0131n ba\u015flat\u0131lmas\u0131nda m\u00fcstesna rol oynam\u0131\u015flard\u0131r.<\/p>\n<p style=\"text-align: left;\">\u0130lgin\u00e7 olan bir meselede, Kayser-i Rum Osmanl\u0131s\u0131 \u00fczerinden Horasan\/Azerbaycan medeniyet havzas\u0131ndaki h\u00e2kim T\u00fcrk \u0130slam anlay\u0131\u015f\u0131na kar\u015f\u0131 getirdikleri yeni itikad\u00ee yorumla ba\u015flatt\u0131klar\u0131 bu kanl\u0131 sava\u015flar\u0131n zaman a\u015famas\u0131nda \u015eii-S\u00fcnni sava\u015f\u0131 olarak lanse edilmesidir. Bu konu ayr\u0131ca geni\u015f bi\u00e7imde ele al\u0131narak eserimizde incelenmi\u015ftir. Birde asla unutulmamal\u0131d\u0131r ki, bug\u00fcn elimizde bulunan ve 14. y\u00fczy\u0131l \u00f6ncesine ait T\u00fcrkl\u00fckle ilgili eserlerin tamam\u0131na yak\u0131n\u0131 ya \u0130lhanl\u0131 d\u00f6neminde \u0130ran\u2019da yaz\u0131lm\u0131\u015f ya da o d\u00f6nemde Tebriz, Erdebil, \u015eiraz, \u0130sfahan, Save ve Horasan\u2019da n\u00fcshalar\u0131 yeniden g\u00f6\u00e7\u00fcr\u00fclm\u00fc\u015f eserlerdir. Ba\u015fka bir ifade ile bug\u00fcn bilin\u00e7li T\u00fcrkl\u00fc\u011f\u00fcm\u00fcz\u00fc b\u00fcy\u00fck oranda Erdebil, \u015eiraz, \u0130sfahan, Save ve \u015eiraz Mirzalar\u0131n\u0131n eserlerine ve onlara sahip duran \u0130lhanl\u0131 devletine bor\u00e7luyuz.<\/p>\n","protected":false},"excerpt":{"rendered":"<p>Bug\u00fcn elimizde bulunan ve 14. y\u00fczy\u0131l \u00f6ncesine ait T\u00fcrkl\u00fckle ilgili eserlerin tamam\u0131na yak\u0131n\u0131 ya \u0130lhanl\u0131 d\u00f6neminde \u0130ran\u2019da yaz\u0131lm\u0131\u015f ya da o d\u00f6nemde Tebriz, Erdebil, \u015eiraz, \u0130sfahan, Save ve Horasan\u2019da n\u00fcshalar\u0131 yeniden g\u00f6\u00e7\u00fcr\u00fclm\u00fc\u015f eserlerdir.<\/p>\n","protected":false},"author":36,"featured_media":18618,"comment_status":"open","ping_status":"open","sticky":false,"template":"","format":"standard","meta":{"_links_to":"","_links_to_target":""},"categories":[66],"tags":[54,3005,630,2521],"yoast_head":"<!-- This site is optimized with the Yoast SEO plugin v16.0.2 - https:\/\/yoast.com\/wordpress\/plugins\/seo\/ -->\n<title>Horasan\/Azerbaycan havzas\u0131 siyasi idaresi - M\u0130SAK- Mill\u00ee Strateji Ara\u015ft\u0131rma Kurulu<\/title>\n<meta name=\"description\" content=\"bug\u00fcn elimizde bulunan ve 14. y\u00fczy\u0131l \u00f6ncesine ait T\u00fcrkl\u00fckle ilgili eserlerin tamam\u0131na yak\u0131n\u0131 ya \u0130lhanl\u0131 d\u00f6neminde \u0130ran\u2019da yaz\u0131lm\u0131\u015f ya da o d\u00f6nemde Tebriz, Erdebil, \u015eiraz, \u0130sfahan, Save ve Horasan\u2019da n\u00fcshalar\u0131 yeniden g\u00f6\u00e7\u00fcr\u00fclm\u00fc\u015f eserlerdir.\" \/>\n<link rel=\"canonical\" href=\"https:\/\/millidusunce.com\/misak\/horasan-azerbaycan-havzasi-siyasi-idaresi\/\" \/>\n<meta property=\"og:locale\" content=\"tr_TR\" \/>\n<meta property=\"og:type\" content=\"article\" \/>\n<meta property=\"og:title\" content=\"Horasan\/Azerbaycan havzas\u0131 siyasi idaresi - M\u0130SAK- Mill\u00ee Strateji Ara\u015ft\u0131rma Kurulu\" \/>\n<meta property=\"og:description\" content=\"bug\u00fcn elimizde bulunan ve 14. y\u00fczy\u0131l \u00f6ncesine ait T\u00fcrkl\u00fckle ilgili eserlerin tamam\u0131na yak\u0131n\u0131 ya \u0130lhanl\u0131 d\u00f6neminde \u0130ran\u2019da yaz\u0131lm\u0131\u015f ya da o d\u00f6nemde Tebriz, Erdebil, \u015eiraz, \u0130sfahan, Save ve Horasan\u2019da n\u00fcshalar\u0131 yeniden g\u00f6\u00e7\u00fcr\u00fclm\u00fc\u015f eserlerdir.\" \/>\n<meta property=\"og:url\" content=\"https:\/\/millidusunce.com\/misak\/horasan-azerbaycan-havzasi-siyasi-idaresi\/\" \/>\n<meta property=\"og:site_name\" content=\"M\u0130SAK- Mill\u00ee Strateji Ara\u015ft\u0131rma Kurulu\" \/>\n<meta property=\"article:published_time\" content=\"2024-12-10T16:00:00+00:00\" \/>\n<meta property=\"article:modified_time\" content=\"2024-12-09T22:07:30+00:00\" \/>\n<meta property=\"og:image\" content=\"https:\/\/millidusunce.com\/misak\/wp-content\/uploads\/2024\/12\/YOK-Raporunda-gozden-kacan-gercekler-3.jpg\" \/>\n\t<meta property=\"og:image:width\" content=\"1200\" \/>\n\t<meta property=\"og:image:height\" content=\"800\" \/>\n<meta name=\"twitter:card\" content=\"summary_large_image\" \/>\n<meta name=\"twitter:label1\" content=\"Tahmini okuma s\u00fcresi\">\n\t<meta name=\"twitter:data1\" content=\"5 dakika\">\n<script type=\"application\/ld+json\" class=\"yoast-schema-graph\">{\"@context\":\"https:\/\/schema.org\",\"@graph\":[{\"@type\":\"Organization\",\"@id\":\"https:\/\/millidusunce.com\/misak\/#organization\",\"name\":\"Mill\\u00ee D\\u00fc\\u015f\\u00fcnce Merkezi\",\"url\":\"https:\/\/millidusunce.com\/misak\/\",\"sameAs\":[],\"logo\":{\"@type\":\"ImageObject\",\"@id\":\"https:\/\/millidusunce.com\/misak\/#logo\",\"inLanguage\":\"tr\",\"url\":\"https:\/\/millidusunce.com\/misak\/wp-content\/uploads\/2018\/09\/mdmLogo-yazisiz.jpg\",\"width\":422,\"height\":422,\"caption\":\"Mill\\u00ee D\\u00fc\\u015f\\u00fcnce Merkezi\"},\"image\":{\"@id\":\"https:\/\/millidusunce.com\/misak\/#logo\"}},{\"@type\":\"WebSite\",\"@id\":\"https:\/\/millidusunce.com\/misak\/#website\",\"url\":\"https:\/\/millidusunce.com\/misak\/\",\"name\":\"M\\u0130SAK- Mill\\u00ee Strateji Ara\\u015ft\\u0131rma Kurulu\",\"description\":\"D\\u00fcnyaya T\\u00fcrk\\u00e7\\u00fc Bak\\u0131\\u015f\",\"publisher\":{\"@id\":\"https:\/\/millidusunce.com\/misak\/#organization\"},\"potentialAction\":[{\"@type\":\"SearchAction\",\"target\":\"https:\/\/millidusunce.com\/misak\/?s={search_term_string}\",\"query-input\":\"required name=search_term_string\"}],\"inLanguage\":\"tr\"},{\"@type\":\"ImageObject\",\"@id\":\"https:\/\/millidusunce.com\/misak\/horasan-azerbaycan-havzasi-siyasi-idaresi\/#primaryimage\",\"inLanguage\":\"tr\",\"url\":\"https:\/\/millidusunce.com\/misak\/wp-content\/uploads\/2024\/12\/YOK-Raporunda-gozden-kacan-gercekler-3.jpg\",\"width\":1200,\"height\":800},{\"@type\":\"WebPage\",\"@id\":\"https:\/\/millidusunce.com\/misak\/horasan-azerbaycan-havzasi-siyasi-idaresi\/#webpage\",\"url\":\"https:\/\/millidusunce.com\/misak\/horasan-azerbaycan-havzasi-siyasi-idaresi\/\",\"name\":\"Horasan\/Azerbaycan havzas\\u0131 siyasi idaresi - M\\u0130SAK- Mill\\u00ee Strateji Ara\\u015ft\\u0131rma Kurulu\",\"isPartOf\":{\"@id\":\"https:\/\/millidusunce.com\/misak\/#website\"},\"primaryImageOfPage\":{\"@id\":\"https:\/\/millidusunce.com\/misak\/horasan-azerbaycan-havzasi-siyasi-idaresi\/#primaryimage\"},\"datePublished\":\"2024-12-10T16:00:00+00:00\",\"dateModified\":\"2024-12-09T22:07:30+00:00\",\"description\":\"bug\\u00fcn elimizde bulunan ve 14. y\\u00fczy\\u0131l \\u00f6ncesine ait T\\u00fcrkl\\u00fckle ilgili eserlerin tamam\\u0131na yak\\u0131n\\u0131 ya \\u0130lhanl\\u0131 d\\u00f6neminde \\u0130ran\\u2019da yaz\\u0131lm\\u0131\\u015f ya da o d\\u00f6nemde Tebriz, Erdebil, \\u015eiraz, \\u0130sfahan, Save ve Horasan\\u2019da n\\u00fcshalar\\u0131 yeniden g\\u00f6\\u00e7\\u00fcr\\u00fclm\\u00fc\\u015f eserlerdir.\",\"breadcrumb\":{\"@id\":\"https:\/\/millidusunce.com\/misak\/horasan-azerbaycan-havzasi-siyasi-idaresi\/#breadcrumb\"},\"inLanguage\":\"tr\",\"potentialAction\":[{\"@type\":\"ReadAction\",\"target\":[\"https:\/\/millidusunce.com\/misak\/horasan-azerbaycan-havzasi-siyasi-idaresi\/\"]}]},{\"@type\":\"BreadcrumbList\",\"@id\":\"https:\/\/millidusunce.com\/misak\/horasan-azerbaycan-havzasi-siyasi-idaresi\/#breadcrumb\",\"itemListElement\":[{\"@type\":\"ListItem\",\"position\":1,\"item\":{\"@type\":\"WebPage\",\"@id\":\"https:\/\/millidusunce.com\/misak\/\",\"url\":\"https:\/\/millidusunce.com\/misak\/\",\"name\":\"Anasayfa\"}},{\"@type\":\"ListItem\",\"position\":2,\"item\":{\"@type\":\"WebPage\",\"@id\":\"https:\/\/millidusunce.com\/misak\/horasan-azerbaycan-havzasi-siyasi-idaresi\/\",\"url\":\"https:\/\/millidusunce.com\/misak\/horasan-azerbaycan-havzasi-siyasi-idaresi\/\",\"name\":\"Horasan\/Azerbaycan havzas\\u0131 siyasi idaresi\"}}]},{\"@type\":\"Article\",\"@id\":\"https:\/\/millidusunce.com\/misak\/horasan-azerbaycan-havzasi-siyasi-idaresi\/#article\",\"isPartOf\":{\"@id\":\"https:\/\/millidusunce.com\/misak\/horasan-azerbaycan-havzasi-siyasi-idaresi\/#webpage\"},\"author\":{\"@id\":\"https:\/\/millidusunce.com\/misak\/#\/schema\/person\/330e7a8bfa79104191a48f68435898f7\"},\"headline\":\"Horasan\/Azerbaycan havzas\\u0131 siyasi idaresi\",\"datePublished\":\"2024-12-10T16:00:00+00:00\",\"dateModified\":\"2024-12-09T22:07:30+00:00\",\"mainEntityOfPage\":{\"@id\":\"https:\/\/millidusunce.com\/misak\/horasan-azerbaycan-havzasi-siyasi-idaresi\/#webpage\"},\"commentCount\":0,\"publisher\":{\"@id\":\"https:\/\/millidusunce.com\/misak\/#organization\"},\"image\":{\"@id\":\"https:\/\/millidusunce.com\/misak\/horasan-azerbaycan-havzasi-siyasi-idaresi\/#primaryimage\"},\"keywords\":\"Azerbaycan,Horasan,iran,T\\u00fcrk devletleri\",\"articleSection\":\"S\\u0130YASET-TAR\\u0130H\",\"inLanguage\":\"tr\",\"potentialAction\":[{\"@type\":\"CommentAction\",\"name\":\"Comment\",\"target\":[\"https:\/\/millidusunce.com\/misak\/horasan-azerbaycan-havzasi-siyasi-idaresi\/#respond\"]}]},{\"@type\":\"Person\",\"@id\":\"https:\/\/millidusunce.com\/misak\/#\/schema\/person\/330e7a8bfa79104191a48f68435898f7\",\"name\":\"Rahim Cavadbeyli\",\"image\":{\"@type\":\"ImageObject\",\"@id\":\"https:\/\/millidusunce.com\/misak\/#personlogo\",\"inLanguage\":\"tr\",\"url\":\"https:\/\/secure.gravatar.com\/avatar\/d333ceae78e8fa555ee1beadbd08707b?s=96&d=mm&r=g\",\"caption\":\"Rahim Cavadbeyli\"}}]}<\/script>\n<!-- \/ Yoast SEO plugin. -->","_links":{"self":[{"href":"https:\/\/millidusunce.com\/misak\/wp-json\/wp\/v2\/posts\/18617"}],"collection":[{"href":"https:\/\/millidusunce.com\/misak\/wp-json\/wp\/v2\/posts"}],"about":[{"href":"https:\/\/millidusunce.com\/misak\/wp-json\/wp\/v2\/types\/post"}],"author":[{"embeddable":true,"href":"https:\/\/millidusunce.com\/misak\/wp-json\/wp\/v2\/users\/36"}],"replies":[{"embeddable":true,"href":"https:\/\/millidusunce.com\/misak\/wp-json\/wp\/v2\/comments?post=18617"}],"version-history":[{"count":3,"href":"https:\/\/millidusunce.com\/misak\/wp-json\/wp\/v2\/posts\/18617\/revisions"}],"predecessor-version":[{"id":18621,"href":"https:\/\/millidusunce.com\/misak\/wp-json\/wp\/v2\/posts\/18617\/revisions\/18621"}],"wp:featuredmedia":[{"embeddable":true,"href":"https:\/\/millidusunce.com\/misak\/wp-json\/wp\/v2\/media\/18618"}],"wp:attachment":[{"href":"https:\/\/millidusunce.com\/misak\/wp-json\/wp\/v2\/media?parent=18617"}],"wp:term":[{"taxonomy":"category","embeddable":true,"href":"https:\/\/millidusunce.com\/misak\/wp-json\/wp\/v2\/categories?post=18617"},{"taxonomy":"post_tag","embeddable":true,"href":"https:\/\/millidusunce.com\/misak\/wp-json\/wp\/v2\/tags?post=18617"}],"curies":[{"name":"wp","href":"https:\/\/api.w.org\/{rel}","templated":true}]}}