{"id":18840,"date":"2025-03-17T22:00:20","date_gmt":"2025-03-17T19:00:20","guid":{"rendered":"https:\/\/millidusunce.com\/misak\/?p=18840"},"modified":"2025-03-17T22:15:38","modified_gmt":"2025-03-17T19:15:38","slug":"erikliden-geliboluya-bakarken","status":"publish","type":"post","link":"https:\/\/millidusunce.com\/misak\/erikliden-geliboluya-bakarken\/","title":{"rendered":"Erikli\u2019den Gelibolu\u2019ya bakarken"},"content":{"rendered":"<p><span style=\"font-weight: 400;\">Her y\u0131l haziran ay\u0131nda Ke\u015fan\u2019a giderim. Haziranda havalar\u0131n \u0131s\u0131nmas\u0131yla deniz de \u0131s\u0131nm\u0131\u015ft\u0131r, insanlar denize girmeye ba\u015flar. Ben fazla girmiyorum. E\u015fim de girmez. Ama ikimiz de deniz hayran\u0131y\u0131z.\u00a0<\/span><\/p>\n<p><span style=\"font-weight: 400;\">Haziran ay\u0131nda Erikli \u0131s\u0131n\u0131r, haziran ay\u0131nda ya\u011fmur da ya\u011far, ancak halk may\u0131stan itibaren gelmeye ba\u015flar. K\u0131sa s\u00fcrede yazl\u0131k\u00e7\u0131lar sahili doldurur.<\/span><\/p>\n<p><span style=\"font-weight: 400;\">Evimiz sahile \u00e7ok yak\u0131nd\u0131r, ancak 50 ila 60 metre y\u00fcksektedir. Balkonundan suya girenleri, denizde kay\u0131klar\u0131yla dola\u015fanlar\u0131, h\u0131z yapanlar\u0131 izleriz. Bunlar\u0131 izlemek beni her zaman e\u011flendirir. Ak\u015fam olunca otomobilimizle sahile ineriz. Otomobili e\u015fim kullan\u0131r. Benim de ehliyetim var, fakat 4-5 senedir kullanm\u0131yorum.\u00a0<\/span><\/p>\n<p><span style=\"font-weight: 400;\">Erikli sahili, T\u00fcrkiye\u2019nin en g\u00fczel sahillerinden birisidir. Denizin i\u00e7inde tatl\u0131 su kayna\u011f\u0131 vard\u0131r. Ke\u015fan belediye ba\u015fkan\u0131ndan dinledim; b\u00fcy\u00fck denizcilerimizden Piri Reis, Saros K\u00f6rfezi\u2019ne geldi\u011finde, gemilerini bu kaynaktan \u00e7\u0131kan suyla doldururmu\u015f. Bu bir rivayet, do\u011fru olmayabilir, ancak denizin ortas\u0131ndan \u00e7\u0131kan bu tatl\u0131 suyun g\u00fcr oldu\u011fu muhakkakt\u0131r. Bu su sebebiyle deniz temizleniyor, daima temiz kal\u0131yor.\u00a0<\/span><\/p>\n<p><span style=\"font-weight: 400;\">Ama ben daha \u00e7ok kar\u015f\u0131m\u0131zdaki yar\u0131maday\u0131 seyretmeye dalar\u0131m.<\/span><\/p>\n<h2><b>Erikli\u2019den g\u00f6r\u00fcnen tarih<\/b><span style=\"font-weight: 400;\">\u00a0<\/span><\/h2>\n<p><span style=\"font-weight: 400;\">\u00c7anakkale kara sava\u015flar\u0131n\u0131n yap\u0131ld\u0131\u011f\u0131 Gelibolu Yar\u0131madas\u0131 tam kar\u015f\u0131m\u0131zdad\u0131r. Gelibolu Yar\u0131madas\u0131\u2019n\u0131n tam kar\u015f\u0131m\u0131zda olmas\u0131 beni hep \u00c7anakkale kara sava\u015flar\u0131n\u0131n yap\u0131ld\u0131\u011f\u0131 g\u00fcnlere g\u00f6t\u00fcr\u00fcr.<\/span><\/p>\n<p><span style=\"font-weight: 400;\">Birinci Cihan Sava\u015f\u0131\u2019nda Almanya bizim m\u00fcttefikimizdi. Kar\u015f\u0131m\u0131zda da \u0130ngiltere ba\u015fta olmak \u00fczere, Fransa, \u0130talya, S\u0131rbistan, Rusya, Yunanistan, Portekiz ve Romanya vard\u0131.<\/span><\/p>\n<p><span style=\"font-weight: 400;\">\u0130ngiltere, 1915 y\u0131l\u0131nda \u00c7anakkale Bo\u011faz\u0131\u2019na sald\u0131rmay\u0131 planlad\u0131. Ama\u00e7lar\u0131 \u00c7anakkale Bo\u011faz\u0131\u2019na ge\u00e7mek, \u0130stanbul\u2019u ele ge\u00e7irmekti. O g\u00fcn\u00fcn en g\u00fc\u00e7l\u00fc donanmas\u0131na sahipti. Fransa\u2019n\u0131n donanmas\u0131 da g\u00fc\u00e7l\u00fcyd\u00fc. Bu g\u00fc\u00e7leriyle bo\u011faz\u0131 zorlanmadan ge\u00e7eceklerini ve \u0130stanbul\u2019u i\u015fgal edeceklerini d\u00fc\u015f\u00fcn\u00fcyorlard\u0131.<\/span><\/p>\n<p><span style=\"font-weight: 400;\">\u00c7anakkale Bo\u011faz\u0131\u2019n\u0131n ge\u00e7ilmesi ve \u0130stanbul\u2019un i\u015fgal edilmesi kendileri i\u00e7in iyi d\u00fc\u015f\u00fcn\u00fclm\u00fc\u015f bir pland\u0131. Almanya, sava\u015fta ba\u015far\u0131l\u0131 olamam\u0131\u015ft\u0131. \u0130tilaf devletlerinin bu plan\u0131 ba\u015far\u0131l\u0131 olsayd\u0131 sava\u015f d\u00f6rt y\u0131l uzamaz, k\u0131sa zamanda sona ererdi.\u00a0<\/span><\/p>\n<p><span style=\"font-weight: 400;\">\u0130tilaf devletlerinin \u00e7ok g\u00fcvendikleri donanma, 18 Mart 1915 g\u00fcn\u00fc bo\u011faza ge\u00e7mek \u00fczere taarruza ge\u00e7ti. Adeta y\u00fczen kale olan gemiler, bo\u011faz\u0131 doldurdu. T\u00fcrk siperlerine bomba ya\u011fd\u0131rmaya ba\u015flad\u0131lar.<\/span><\/p>\n<p><span style=\"font-weight: 400;\">Tabyalar\u0131m\u0131z\u0131n \u00e7o\u011fu gemilerin ate\u015fi sebebiyle \u00e7\u00f6kt\u00fc, ama ate\u015fin \u00e7\u00f6kertti\u011fi tabyalarda dimdik ayakta olan yi\u011fitlerimizin azmi vard\u0131. F\u0131rsat bulduk\u00e7a onlar da isabetli top at\u0131\u015flar\u0131yla itilaf devletleri donanmas\u0131n\u0131 rahats\u0131z etmeye ba\u015flad\u0131. \u0130sabetli at\u0131\u015flar yap\u0131yorlard\u0131. Kahramanlar\u0131m\u0131z aras\u0131nda, 275 okkal\u0131 g\u00fclleyi insan\u00fcst\u00fc bir g\u00fc\u00e7le s\u0131rtlay\u0131p topun namlusuna s\u00fcren Seyit Onba\u015f\u0131 da vard\u0131.\u00a0<\/span><\/p>\n<p><span style=\"font-weight: 400;\">Sonunda, bu muazzam armada bo\u011faz\u0131 ge\u00e7emeyece\u011fini anlad\u0131. \u00c7ok gemi yaralanm\u0131\u015ft\u0131. \u0130ngiliz amirali, donanmas\u0131na ricat emrini verdi. Batmayan yaral\u0131 gemiler, bo\u011faz\u0131n ba\u015flang\u0131c\u0131nda T\u00fcrk top\u00e7u ate\u015finin ula\u015famayaca\u011f\u0131 yerde olan Karanl\u0131kdere\u2019ye s\u0131\u011f\u0131nd\u0131lar. Bunlar da bir gece evvel \u0130ngiliz gemilerinin aras\u0131ndan g\u00f6r\u00fcnmeden ge\u00e7en Nusret May\u0131n Gemisi\u2019nin karanl\u0131k dereye d\u00f6\u015fedi\u011fi may\u0131nlara \u00e7arpt\u0131 ve batt\u0131.<\/span><\/p>\n<p><span style=\"font-weight: 400;\">Fakat \u0130tilaf devletleri \u00c7anakkale Bo\u011faz\u0131\u2019n\u0131 ge\u00e7mekten vazge\u00e7medi. Bo\u011faz\u0131 karadan ge\u00e7ebileceklerini ve \u0130stanbul\u2019u i\u015fgal edebileceklerini d\u00fc\u015f\u00fcn\u00fcyorlard\u0131. 25 Nisan 1915 g\u00fcn\u00fc karaya asker \u00e7\u0131kard\u0131lar.<\/span><\/p>\n<p><span style=\"font-weight: 400;\">Bo\u011faz\u0131 korumakla g\u00f6revli komutanlar\u0131m\u0131z d\u00fc\u015fman\u0131n nereden \u00e7\u0131karma yapaca\u011f\u0131n\u0131 \u00e7ok iyi g\u00f6rm\u00fc\u015f, \u00e7\u0131karmay\u0131 \u00f6nlemek i\u00e7in oralara \u00e7ok iyi tahkimat yapm\u0131\u015ft\u0131. \u0130tilaf kuvvetlerinin buradan \u00e7\u0131karma yapmas\u0131 imk\u00e2ns\u0131z denecek kadar zordu, fakat bo\u011faz\u0131 korumakla g\u00f6revli kuvvetlerin ba\u015fkomutan\u0131, m\u00fcttefikimiz Almanya\u2019n\u0131n bir mare\u015fali olan Liman von Sanders\u2019ti. \u00c7\u0131karman\u0131n Saros K\u00f6rfezi\u2019nden yap\u0131laca\u011f\u0131na inan\u0131yordu. Bizim komutanlar\u0131n, \u00e7\u0131karman\u0131n yap\u0131laca\u011f\u0131n\u0131 d\u00fc\u015f\u00fcnd\u00fckleri nokta i\u00e7in haz\u0131rlad\u0131klar\u0131 savunma tertibat\u0131n\u0131 y\u0131kt\u0131rd\u0131, Saros K\u00f6rfezi\u2019ne \u00e7ekildi. Orada \u0130ngilizlerin \u00e7\u0131karma yapmas\u0131n\u0131 bekledi.<\/span><\/p>\n<p><span style=\"font-weight: 400;\">Yarbay Mustafa Kemal, 25 Nisan 1915 g\u00fcn\u00fc, kuvvetlerine tatbikat yapt\u0131rmay\u0131 d\u00fc\u015f\u00fcn\u00fcyordu. Tam bu s\u0131rada \u0130tilaf devletleri \u00e7\u0131karma yapm\u0131\u015flard\u0131. Sahili korumakla g\u00f6revli albay, Mustafa Kemal\u2019e telefon etti. D\u00fc\u015fman, karaya \u00e7ok asker \u00e7\u0131karm\u0131\u015ft\u0131. Kuvvetlerinin bir b\u00f6l\u00fc\u011f\u00fcn\u00fc yard\u0131m i\u00e7in g\u00f6ndermesini istedi.\u00a0<\/span><\/p>\n<p><span style=\"font-weight: 400;\">Yarbay Mustafa Kemal, \u00e7\u0131karma alan\u0131na bakt\u0131 ve durumu anlad\u0131. D\u00fc\u015fman karaya \u00e7ok b\u00fcy\u00fck kuvvet \u00e7\u0131karm\u0131\u015ft\u0131. Bu kuvvet, s\u00fcratle Kabatepe\u2019ye ilerliyordu. Ko\u015far ad\u0131m Kabatepe\u2019ye ula\u015ft\u0131. D\u00fc\u015fman kuvvetleri Kabatepe\u2019ye h\u00e2kim olurlarsa, \u00e7\u0131karman\u0131n ilk g\u00fcn\u00fc \u00c7anakkale\u2019ye ula\u015f\u0131r ve \u0130stanbul yolunu a\u00e7ard\u0131.\u00a0<\/span><\/p>\n<p><span style=\"font-weight: 400;\">Mustafa Kemal Kabatepe\u2019ye ula\u015ft\u0131\u011f\u0131nda bizim asker ka\u00e7\u0131yor, \u0130tilaf devletleri askerleri arkas\u0131ndan koval\u0131yordu.\u00a0<\/span><\/p>\n<p><span style=\"font-weight: 400;\">Mustafa Kemal <\/span><i><span style=\"font-weight: 400;\">\u201cNi\u00e7in ka\u00e7\u0131yorsunuz?\u201d <\/span><\/i><span style=\"font-weight: 400;\">diye sordu. Asker, <\/span><i><span style=\"font-weight: 400;\">\u201cmermimiz kalmad\u0131\u201d<\/span><\/i><span style=\"font-weight: 400;\"> dedi. Mustafa Kemal <\/span><i><span style=\"font-weight: 400;\">\u201cS\u00fcng\u00fcn\u00fcz var. Asker, s\u00fcng\u00fc tak yere yat!\u201d<\/span><\/i><span style=\"font-weight: 400;\"> emrini verdi. T\u00fcrk askerinin mevziiye girdi\u011fini g\u00f6ren d\u00fc\u015fman da yere yatt\u0131. D\u00fc\u015fman\u0131n duralamas\u0131, Mustafa Kemal\u2019e istedi\u011fi zaman\u0131 kazand\u0131rd\u0131. Bu s\u0131rada takviye kuvvetleri yeti\u015fmi\u015f, sava\u015fa haz\u0131r hale gelmi\u015fti.\u00a0<\/span><\/p>\n<p><span style=\"font-weight: 400;\">Mustafa Kemal ordu komutan\u0131na ula\u015fmak istemi\u015f, ula\u015famam\u0131\u015ft\u0131. Esat Pa\u015fa\u2019n\u0131n kurmay ba\u015fkan\u0131 Fahrettin Altay\u2019a ula\u015fm\u0131\u015f, bilgi vermi\u015fti.\u00a0<\/span><\/p>\n<p><span style=\"font-weight: 400;\">Mustafa Kemal\u2019in durumun vahametini g\u00f6rmesi, do\u011frudan inisiyatif kullanmas\u0131 \u00e7ok \u00f6nemlidir. Her komutan bu karar\u0131 veremez, fakat verdi\u011fi karar do\u011fruydu.\u00a0<\/span><\/p>\n<p><span style=\"font-weight: 400;\">Kuvvetlerini haz\u0131rlad\u0131, d\u00fc\u015fmana h\u00fccum etmeden \u00f6nce askerlerine durumu anlatt\u0131: <\/span><i><span style=\"font-weight: 400;\">\u201cBurada hepimiz \u015fehit olabiliriz, fakat biz \u00f6l\u00fcnce yerimize ba\u015fka birlikler gelir, size taarruzu de\u011fil \u00f6lmeyi emrediyorum\u201d<\/span><\/i><span style=\"font-weight: 400;\"> dedi. 57\u2019nci Alay\u2019\u0131 h\u00fccuma kald\u0131rd\u0131. 57\u2019nci Alay\u2019\u0131n h\u00fccumu \u00e7ok \u015fiddetli olmu\u015f, d\u00fc\u015fman geriye p\u00fcsk\u00fcrt\u00fclm\u00fc\u015ft\u00fc.\u00a0<\/span><\/p>\n<p><span style=\"font-weight: 400;\">O g\u00fcn Yarbay Mustafa Kemal, \u0130tilaf kuvvetlerinin \u00c7anakkale yolunu a\u015fmas\u0131na m\u00e2ni olmu\u015ftu. Devam eden g\u00fcnlerde Mustafa Kemal her cephede d\u00fc\u015fman\u0131n \u00f6n\u00fcn\u00fc kesmi\u015f; ordu komutan\u0131, Liman Von Sanders taraf\u0131ndan cephe komutan\u0131 yap\u0131lm\u0131\u015ft\u0131. Cephe komutan\u0131 oldu\u011funda da d\u00fc\u015fman\u0131 kesin olarak ma\u011flup etmi\u015ftir.\u00a0<\/span><\/p>\n<p><span style=\"font-weight: 400;\">Mustafa Kemal, \u201cOrdu komutanl\u0131\u011f\u0131ndan ma\u011flup olan \u0130tilaf kuvvetlerinin \u00e7ekilmelerine izin vermeyelim, h\u00fccum edelim, hepsini denize d\u00f6kelim\u201d diye teklifte bulunmu\u015ftur. Her nedense ordu komutan\u0131 bu teklifi kabul etmemi\u015f, itilaf kuvvetleri sessizce \u00e7ekilip gitmi\u015flerdir. Halbuki bunlar\u0131n yapt\u0131\u011f\u0131 \u00e7\u0131kartma sebebiyle on binlerce Mehmet\u00e7ik \u015fehit olmu\u015ftur. Liman Von Sanders burada d\u00fc\u015fman kuvvetlerini adeta korumu\u015ftur.<\/span><\/p>\n<p><span style=\"font-weight: 400;\">*\u00a0 *\u00a0 *<\/span><\/p>\n<p><span style=\"font-weight: 400;\">Erikli\u2019de ben de o kahramanlarla birlikte d\u00fc\u015fmana s\u00fcng\u00fc sallar, kur\u015fun s\u0131kar, onlarla birlikte hayallere dalar\u0131m\u2026 O topraklara bakt\u0131k\u00e7a ba\u015fka bir \u015fey d\u00fc\u015f\u00fcnmek \u00e7ok da m\u00fcmk\u00fcn olmaz do\u011frusu.\u00a0<\/span><\/p>\n<p><span style=\"font-weight: 400;\">Bu vatan\u0131 bize emanet edenlere rahmet olsun\u2026<\/span><\/p>\n","protected":false},"excerpt":{"rendered":"<p>Erikli\u2019de ben de o kahramanlarla birlikte d\u00fc\u015fmana s\u00fcng\u00fc sallar, kur\u015fun s\u0131kar, onlarla birlikte hayallere dalar\u0131m\u2026 O topraklara bakt\u0131k\u00e7a ba\u015fka bir \u015fey d\u00fc\u015f\u00fcnmek \u00e7ok da m\u00fcmk\u00fcn olmaz do\u011frusu.\u00a0<br \/>\nBu vatan\u0131 bize emanet edenlere rahmet olsun\u2026<\/p>\n","protected":false},"author":189,"featured_media":18849,"comment_status":"open","ping_status":"open","sticky":false,"template":"","format":"standard","meta":{"_links_to":"","_links_to_target":""},"categories":[66],"tags":[3091,2121,3088,3085,3089,3090,740,2299,331,3087],"yoast_head":"<!-- This site is optimized with the Yoast SEO plugin v16.0.2 - https:\/\/yoast.com\/wordpress\/plugins\/seo\/ -->\n<title>Erikli\u2019den Gelibolu\u2019ya bakarken - M\u0130SAK- Mill\u00ee Strateji Ara\u015ft\u0131rma Kurulu<\/title>\n<meta name=\"description\" content=\"Erikli sahili, T\u00fcrkiye\u2019nin en g\u00fczel sahillerinden birisidir. Denizin i\u00e7inde tatl\u0131 su kayna\u011f\u0131 vard\u0131r. Ke\u015fan belediye ba\u015fkan\u0131ndan dinledim; b\u00fcy\u00fck denizcilerimizden Piri Reis, Saros K\u00f6rfezi\u2019ne geldi\u011finde, gemilerini bu kaynaktan \u00e7\u0131kan suyla doldururmu\u015f. Bu bir rivayet, do\u011fru olmayabilir, ancak denizin ortas\u0131ndan \u00e7\u0131kan bu tatl\u0131 suyun g\u00fcr oldu\u011fu muhakkakt\u0131r. Bu su sebebiyle deniz temizleniyor, daima temiz kal\u0131yor.\u00a0\" \/>\n<link rel=\"canonical\" href=\"https:\/\/millidusunce.com\/misak\/erikliden-geliboluya-bakarken\/\" \/>\n<meta property=\"og:locale\" content=\"tr_TR\" \/>\n<meta property=\"og:type\" content=\"article\" \/>\n<meta property=\"og:title\" content=\"Erikli\u2019den Gelibolu\u2019ya bakarken - M\u0130SAK- Mill\u00ee Strateji Ara\u015ft\u0131rma Kurulu\" \/>\n<meta property=\"og:description\" content=\"Erikli sahili, T\u00fcrkiye\u2019nin en g\u00fczel sahillerinden birisidir. Denizin i\u00e7inde tatl\u0131 su kayna\u011f\u0131 vard\u0131r. Ke\u015fan belediye ba\u015fkan\u0131ndan dinledim; b\u00fcy\u00fck denizcilerimizden Piri Reis, Saros K\u00f6rfezi\u2019ne geldi\u011finde, gemilerini bu kaynaktan \u00e7\u0131kan suyla doldururmu\u015f. Bu bir rivayet, do\u011fru olmayabilir, ancak denizin ortas\u0131ndan \u00e7\u0131kan bu tatl\u0131 suyun g\u00fcr oldu\u011fu muhakkakt\u0131r. Bu su sebebiyle deniz temizleniyor, daima temiz kal\u0131yor.\u00a0\" \/>\n<meta property=\"og:url\" content=\"https:\/\/millidusunce.com\/misak\/erikliden-geliboluya-bakarken\/\" \/>\n<meta property=\"og:site_name\" content=\"M\u0130SAK- Mill\u00ee Strateji Ara\u015ft\u0131rma Kurulu\" \/>\n<meta property=\"article:published_time\" content=\"2025-03-17T19:00:20+00:00\" \/>\n<meta property=\"article:modified_time\" content=\"2025-03-17T19:15:38+00:00\" \/>\n<meta property=\"og:image\" content=\"https:\/\/millidusunce.com\/misak\/wp-content\/uploads\/2025\/03\/Efendi-Millet-1.jpg\" \/>\n\t<meta property=\"og:image:width\" content=\"1200\" \/>\n\t<meta property=\"og:image:height\" content=\"800\" \/>\n<meta name=\"twitter:card\" content=\"summary_large_image\" \/>\n<meta name=\"twitter:label1\" content=\"Tahmini okuma s\u00fcresi\">\n\t<meta name=\"twitter:data1\" content=\"4 dakika\">\n<script type=\"application\/ld+json\" class=\"yoast-schema-graph\">{\"@context\":\"https:\/\/schema.org\",\"@graph\":[{\"@type\":\"Organization\",\"@id\":\"https:\/\/millidusunce.com\/misak\/#organization\",\"name\":\"Mill\\u00ee D\\u00fc\\u015f\\u00fcnce Merkezi\",\"url\":\"https:\/\/millidusunce.com\/misak\/\",\"sameAs\":[],\"logo\":{\"@type\":\"ImageObject\",\"@id\":\"https:\/\/millidusunce.com\/misak\/#logo\",\"inLanguage\":\"tr\",\"url\":\"https:\/\/millidusunce.com\/misak\/wp-content\/uploads\/2018\/09\/mdmLogo-yazisiz.jpg\",\"width\":422,\"height\":422,\"caption\":\"Mill\\u00ee D\\u00fc\\u015f\\u00fcnce Merkezi\"},\"image\":{\"@id\":\"https:\/\/millidusunce.com\/misak\/#logo\"}},{\"@type\":\"WebSite\",\"@id\":\"https:\/\/millidusunce.com\/misak\/#website\",\"url\":\"https:\/\/millidusunce.com\/misak\/\",\"name\":\"M\\u0130SAK- Mill\\u00ee Strateji Ara\\u015ft\\u0131rma Kurulu\",\"description\":\"D\\u00fcnyaya T\\u00fcrk\\u00e7\\u00fc Bak\\u0131\\u015f\",\"publisher\":{\"@id\":\"https:\/\/millidusunce.com\/misak\/#organization\"},\"potentialAction\":[{\"@type\":\"SearchAction\",\"target\":\"https:\/\/millidusunce.com\/misak\/?s={search_term_string}\",\"query-input\":\"required name=search_term_string\"}],\"inLanguage\":\"tr\"},{\"@type\":\"ImageObject\",\"@id\":\"https:\/\/millidusunce.com\/misak\/erikliden-geliboluya-bakarken\/#primaryimage\",\"inLanguage\":\"tr\",\"url\":\"https:\/\/millidusunce.com\/misak\/wp-content\/uploads\/2025\/03\/Efendi-Millet-1.jpg\",\"width\":1200,\"height\":800},{\"@type\":\"WebPage\",\"@id\":\"https:\/\/millidusunce.com\/misak\/erikliden-geliboluya-bakarken\/#webpage\",\"url\":\"https:\/\/millidusunce.com\/misak\/erikliden-geliboluya-bakarken\/\",\"name\":\"Erikli\\u2019den Gelibolu\\u2019ya bakarken - M\\u0130SAK- Mill\\u00ee Strateji Ara\\u015ft\\u0131rma Kurulu\",\"isPartOf\":{\"@id\":\"https:\/\/millidusunce.com\/misak\/#website\"},\"primaryImageOfPage\":{\"@id\":\"https:\/\/millidusunce.com\/misak\/erikliden-geliboluya-bakarken\/#primaryimage\"},\"datePublished\":\"2025-03-17T19:00:20+00:00\",\"dateModified\":\"2025-03-17T19:15:38+00:00\",\"description\":\"Erikli sahili, T\\u00fcrkiye\\u2019nin en g\\u00fczel sahillerinden birisidir. Denizin i\\u00e7inde tatl\\u0131 su kayna\\u011f\\u0131 vard\\u0131r. Ke\\u015fan belediye ba\\u015fkan\\u0131ndan dinledim; b\\u00fcy\\u00fck denizcilerimizden Piri Reis, Saros K\\u00f6rfezi\\u2019ne geldi\\u011finde, gemilerini bu kaynaktan \\u00e7\\u0131kan suyla doldururmu\\u015f. Bu bir rivayet, do\\u011fru olmayabilir, ancak denizin ortas\\u0131ndan \\u00e7\\u0131kan bu tatl\\u0131 suyun g\\u00fcr oldu\\u011fu muhakkakt\\u0131r. Bu su sebebiyle deniz temizleniyor, daima temiz kal\\u0131yor.\\u00a0\",\"breadcrumb\":{\"@id\":\"https:\/\/millidusunce.com\/misak\/erikliden-geliboluya-bakarken\/#breadcrumb\"},\"inLanguage\":\"tr\",\"potentialAction\":[{\"@type\":\"ReadAction\",\"target\":[\"https:\/\/millidusunce.com\/misak\/erikliden-geliboluya-bakarken\/\"]}]},{\"@type\":\"BreadcrumbList\",\"@id\":\"https:\/\/millidusunce.com\/misak\/erikliden-geliboluya-bakarken\/#breadcrumb\",\"itemListElement\":[{\"@type\":\"ListItem\",\"position\":1,\"item\":{\"@type\":\"WebPage\",\"@id\":\"https:\/\/millidusunce.com\/misak\/\",\"url\":\"https:\/\/millidusunce.com\/misak\/\",\"name\":\"Anasayfa\"}},{\"@type\":\"ListItem\",\"position\":2,\"item\":{\"@type\":\"WebPage\",\"@id\":\"https:\/\/millidusunce.com\/misak\/erikliden-geliboluya-bakarken\/\",\"url\":\"https:\/\/millidusunce.com\/misak\/erikliden-geliboluya-bakarken\/\",\"name\":\"Erikli\\u2019den Gelibolu\\u2019ya bakarken\"}}]},{\"@type\":\"Article\",\"@id\":\"https:\/\/millidusunce.com\/misak\/erikliden-geliboluya-bakarken\/#article\",\"isPartOf\":{\"@id\":\"https:\/\/millidusunce.com\/misak\/erikliden-geliboluya-bakarken\/#webpage\"},\"author\":{\"@id\":\"https:\/\/millidusunce.com\/misak\/#\/schema\/person\/f0d8f3d6cf378e83e41ff08c67ffed72\"},\"headline\":\"Erikli\\u2019den Gelibolu\\u2019ya bakarken\",\"datePublished\":\"2025-03-17T19:00:20+00:00\",\"dateModified\":\"2025-03-17T19:15:38+00:00\",\"mainEntityOfPage\":{\"@id\":\"https:\/\/millidusunce.com\/misak\/erikliden-geliboluya-bakarken\/#webpage\"},\"commentCount\":0,\"publisher\":{\"@id\":\"https:\/\/millidusunce.com\/misak\/#organization\"},\"image\":{\"@id\":\"https:\/\/millidusunce.com\/misak\/erikliden-geliboluya-bakarken\/#primaryimage\"},\"keywords\":\"57. Alay,birinci d\\u00fcnya sava\\u015f\\u0131,\\u00c7anakkale Zaferi,Erikli,Gelibolu Yar\\u0131madas\\u0131,Kabatepe,Liman Von Sanders,M\\u0130sak,Mustafa Kemal Atat\\u00fcrk,Talat \\u015ealk\",\"articleSection\":\"S\\u0130YASET-TAR\\u0130H\",\"inLanguage\":\"tr\",\"potentialAction\":[{\"@type\":\"CommentAction\",\"name\":\"Comment\",\"target\":[\"https:\/\/millidusunce.com\/misak\/erikliden-geliboluya-bakarken\/#respond\"]}]},{\"@type\":\"Person\",\"@id\":\"https:\/\/millidusunce.com\/misak\/#\/schema\/person\/f0d8f3d6cf378e83e41ff08c67ffed72\",\"name\":\"Talat \\u015ealk\",\"image\":{\"@type\":\"ImageObject\",\"@id\":\"https:\/\/millidusunce.com\/misak\/#personlogo\",\"inLanguage\":\"tr\",\"url\":\"https:\/\/secure.gravatar.com\/avatar\/33d7e41457aadce3a70115aa6b835f7e?s=96&d=mm&r=g\",\"caption\":\"Talat \\u015ealk\"}}]}<\/script>\n<!-- \/ Yoast SEO plugin. -->","_links":{"self":[{"href":"https:\/\/millidusunce.com\/misak\/wp-json\/wp\/v2\/posts\/18840"}],"collection":[{"href":"https:\/\/millidusunce.com\/misak\/wp-json\/wp\/v2\/posts"}],"about":[{"href":"https:\/\/millidusunce.com\/misak\/wp-json\/wp\/v2\/types\/post"}],"author":[{"embeddable":true,"href":"https:\/\/millidusunce.com\/misak\/wp-json\/wp\/v2\/users\/189"}],"replies":[{"embeddable":true,"href":"https:\/\/millidusunce.com\/misak\/wp-json\/wp\/v2\/comments?post=18840"}],"version-history":[{"count":7,"href":"https:\/\/millidusunce.com\/misak\/wp-json\/wp\/v2\/posts\/18840\/revisions"}],"predecessor-version":[{"id":18848,"href":"https:\/\/millidusunce.com\/misak\/wp-json\/wp\/v2\/posts\/18840\/revisions\/18848"}],"wp:featuredmedia":[{"embeddable":true,"href":"https:\/\/millidusunce.com\/misak\/wp-json\/wp\/v2\/media\/18849"}],"wp:attachment":[{"href":"https:\/\/millidusunce.com\/misak\/wp-json\/wp\/v2\/media?parent=18840"}],"wp:term":[{"taxonomy":"category","embeddable":true,"href":"https:\/\/millidusunce.com\/misak\/wp-json\/wp\/v2\/categories?post=18840"},{"taxonomy":"post_tag","embeddable":true,"href":"https:\/\/millidusunce.com\/misak\/wp-json\/wp\/v2\/tags?post=18840"}],"curies":[{"name":"wp","href":"https:\/\/api.w.org\/{rel}","templated":true}]}}