{"id":18993,"date":"2025-07-09T20:00:26","date_gmt":"2025-07-09T17:00:26","guid":{"rendered":"https:\/\/millidusunce.com\/misak\/?p=18993"},"modified":"2025-07-09T19:09:50","modified_gmt":"2025-07-09T16:09:50","slug":"nukleer-vizyon-ve-nukleer-sizinti","status":"publish","type":"post","link":"https:\/\/millidusunce.com\/misak\/nukleer-vizyon-ve-nukleer-sizinti\/","title":{"rendered":"N\u00fckleer Vizyon ve N\u00fckleer S\u0131z\u0131nt\u0131"},"content":{"rendered":"<h2><strong>Giri\u015f<\/strong><\/h2>\n<p style=\"text-align: left\"><em>13 Haziran 2025 de \u0130srail\u2019in \u0130ran\u2019a sald\u0131rmas\u0131, \u00fcst d\u00fczey y\u00f6neticilerini \u00f6ld\u00fcrmesi ve kritik tesislere sabotaj d\u00fczenlemesi ile ba\u015flayan sava\u015f ne kadar, nereye kadar ve ne zamana kadar s\u00fcrer hen\u00fcz belli de\u011fil. Ortado\u011fu&#8217;da, yani bizim de i\u00e7inde bulundu\u011fumuz co\u011frafyada son y\u0131llarda uygulamaya konulan ciddi bir plan\u0131n h\u0131zla y\u00fcr\u00fct\u00fcld\u00fc\u011f\u00fcne \u015fahit olmaktay\u0131z. Olaylar\u0131 \u00e7ok s\u0131hhatli de\u011ferlendirilip gelecek ile ilgili tav\u0131rlar\u0131m\u0131z\u0131 isabetli belirlemeliyiz.<\/em><\/p>\n<p style=\"text-align: left\"><em>Sald\u0131r\u0131n\u0131n ba\u015f\u0131nda n\u00fckleer tesislerin hedef al\u0131nmas\u0131, buralarda meydana gelebilecek ciddi hasarlar\u0131n sonu\u00e7lar\u0131ndan en yak\u0131n kom\u015fular\u0131n da zarar g\u00f6rece\u011fi d\u00fc\u015f\u00fcncesiyle birtak\u0131m bilgilerin payla\u015f\u0131lmas\u0131n\u0131n faydal\u0131 olaca\u011f\u0131 i\u00e7in bu \u00e7al\u0131\u015fmay\u0131 yapmay\u0131 uygun buldum.<\/em><\/p>\n<p style=\"text-align: left\"><em>D\u00fcnyadaki \u00f6nemli n\u00fckleer kazalardan biri, 26 Nisan 1986 tarihinde Sovyetler Birli\u011fi&#8217;ne ait \u00c7ernobil N\u00fckleer Santralinde meydana gelmi\u015ftir. Buradan yay\u0131lan radyoaktif serpintiler, \u00fclkemizde de \u00f6nemli olumsuz etkilere neden olmu\u015f, Do\u011fu Karadeniz b\u00f6lgesinde yeti\u015ftirilen \u00e7aylarda ciddi oranlarda radyasyona rastlanm\u0131\u015ft\u0131r. Kamuoyunda bu konu ciddi tart\u0131\u015fmalar yaratm\u0131\u015ft\u0131r. Hatta, o zamanki Sanayi ve Ticaret Bakan\u0131 televizyonda radyasyonlu \u00e7ay\u0131 i\u00e7erek bir \u015fey olmad\u0131\u011f\u0131 konusunda g\u00f6steri bile yapm\u0131\u015ft\u0131r. <\/em><\/p>\n<p style=\"text-align: left\"><em>O tarihlerde Devlet Planlama Te\u015fkil\u00e2t\u0131&#8217;nda (DPT) \u00e7al\u0131\u015f\u0131yordum. 1982 y\u0131l\u0131nda Hollanda\u2019da \u00e7evre m\u00fchendisli\u011finde master yaparken Fransa\u2019da bir n\u00fckleer santrale teknik geziye kat\u0131lm\u0131\u015ft\u0131m. Orada radyoaktif at\u0131klara uygulanan filtrasyon tekni\u011fini g\u00f6rm\u00fc\u015ft\u00fcm. Buna dayanarak hemen demlenmi\u015f ve s\u0131v\u0131ya ge\u00e7mi\u015f radyasyonlu \u00e7ay\u0131 s\u00fczecek bir filtre yapt\u0131m. Bunu yetkililere ilettim. Beni acele K\u00fc\u00e7\u00fck\u00e7ekmece N\u00fckleer Ara\u015ft\u0131rma Merkezine g\u00f6nderdiler. Denemesini yapt\u0131lar. Radyasyonu tuttu\u011funa dair rapor verdiler. O zamanki y\u00f6neticilere bu \u00e7aylar\u0131n kesinlikle piyasaya sat\u0131lmamas\u0131n\u0131 belirttim. Taraf\u0131ma bu konuda bas\u0131na kesinlikle bilgi vermemem i\u00e7in resmi bir yaz\u0131 tebli\u011f ettiler. Elbette bu rapor ve yaz\u0131 h\u00e2l\u00e2 muhafaza edilmektedir. Burada yorum yapmadan olay\u0131 oldu\u011fu gibi aktard\u0131m. Biraz da bu olay\u0131n etkisi ile \u2018\u2019N\u00fckleer S\u0131z\u0131nt\u0131\u2019\u2019 \u00e7al\u0131\u015fmas\u0131n\u0131 ilgi duyanlarla payla\u015fmay\u0131 faydal\u0131 buldum.<\/em><\/p>\n<h2>N\u00fckleer Vizyon ve N\u00fckleer S\u0131z\u0131nt\u0131<\/h2>\n<p>&#8220;N\u00fckleer vizyon&#8221;, bir \u00fclkenin, kurumun ya da liderin n\u00fckleer enerji, teknoloji ve\/veya silahlar konusundaki uzun vadeli stratejik hedeflerini ve bak\u0131\u015f a\u00e7\u0131s\u0131n\u0131 ifade eden bir kavramd\u0131r. Bu vizyon, genellikle bir yol haritas\u0131 \u015feklinde olup a\u015fa\u011f\u0131daki alanlar\u0131 kapsayabilir:<\/p>\n<ol>\n<li>Bar\u0131\u015f\u00e7\u0131l N\u00fckleer Enerji Kullan\u0131m\u0131:<\/li>\n<\/ol>\n<ul>\n<li>Elektrik \u00fcretiminde n\u00fckleer santrallerin rol\u00fc<\/li>\n<li>Karbonsuz enerji ge\u00e7i\u015finde n\u00fckleer enerjinin pay\u0131<\/li>\n<li>N\u00fckleer teknolojide yerli \u00fcretim hedefi<\/li>\n<li>Radyoizotop \u00fcretimi, n\u00fckleer t\u0131p, sanayi uygulamalar\u0131<\/li>\n<\/ul>\n<ol start=\"2\">\n<li>Bilimsel ve Teknolojik Kapasite Geli\u015fimi:<\/li>\n<\/ol>\n<ul>\n<li>N\u00fckleer m\u00fchendislik e\u011fitimi<\/li>\n<li>N\u00fckleer Ar-Ge altyap\u0131s\u0131 ve insan kayna\u011f\u0131 geli\u015ftirme<\/li>\n<li>N\u00fckleer reakt\u00f6r tasar\u0131m\u0131 ve in\u015fas\u0131nda yerli yetkinlik kazan\u0131m\u0131<\/li>\n<\/ul>\n<ol start=\"3\">\n<li>N\u00fckleer G\u00fcvenlik ve Emniyet:<\/li>\n<\/ol>\n<ul>\n<li>Uluslararas\u0131 g\u00fcvenlik standartlar\u0131na uyum<\/li>\n<li>At\u0131k y\u00f6netimi ve \u00e7evreye duyarl\u0131l\u0131k<\/li>\n<li>Toplumla ileti\u015fim ve \u015feffafl\u0131k politikas\u0131<\/li>\n<\/ul>\n<ol start=\"4\">\n<li>Jeopolitik ve Stratejik Boyut (iste\u011fe g\u00f6re):<\/li>\n<\/ol>\n<ul>\n<li>Enerji ba\u011f\u0131ms\u0131zl\u0131\u011f\u0131 hedefi<\/li>\n<li>N\u00fckleer diplomasi kapasitesinin art\u0131r\u0131lmas\u0131<\/li>\n<li>(Baz\u0131 \u00fclkeler i\u00e7in) cayd\u0131r\u0131c\u0131l\u0131k politikas\u0131 \u00e7er\u00e7evesinde n\u00fckleer silah geli\u015ftirme hedefleri<\/li>\n<\/ul>\n<p>N\u00fckleer S\u0131z\u0131nt\u0131<\/p>\n<p>&#8220;N\u00fckleer s\u0131z\u0131nt\u0131&#8221;, bir n\u00fckleer tesiste (\u00f6rne\u011fin n\u00fckleer santral, ara\u015ft\u0131rma reakt\u00f6r\u00fc, n\u00fckleer silah \u00fcretim tesisi veya at\u0131k depolama alan\u0131) radyoaktif maddelerin kontrols\u00fcz bi\u00e7imde \u00e7evreye yay\u0131lmas\u0131 durumudur. Bu yay\u0131lma hava, su, toprak veya do\u011frudan insan v\u00fccudu gibi yollarla olabilir.<\/p>\n<p>Daha teknik bir ifadeyle: N\u00fckleer s\u0131z\u0131nt\u0131, normalde kapal\u0131 ve g\u00fcvenlik \u00f6nlemleriyle izole edilmi\u015f olmas\u0131 gereken radyoaktif izotoplar\u0131n, bir kazadan, tasar\u0131m hatas\u0131ndan, do\u011fal afetten veya sabotajdan &#8211; bombalamadan dolay\u0131 izinsiz ya da istemsiz olarak sistem d\u0131\u015f\u0131na \u00e7\u0131kmas\u0131d\u0131r.<\/p>\n<p>S\u0131z\u0131nt\u0131n\u0131n kaynaklar\u0131<\/p>\n<ul>\n<li>N\u00fckleer yak\u0131t \u00e7ubuklar\u0131n\u0131n \u00e7atlamas\u0131<\/li>\n<li>So\u011futma sistemlerinin ar\u0131zalanmas\u0131<\/li>\n<li>At\u0131k depolama tanklar\u0131n\u0131n delinmesi<\/li>\n<li>S\u0131z\u0131nt\u0131l\u0131 borular, vanalar veya kapaklar<\/li>\n<li>Yang\u0131n, patlama veya do\u011fal afet (\u00f6rne\u011fin tsunami \u2013 Fuku\u015fima \u00f6rne\u011fi)<\/li>\n<\/ul>\n<p>Olas\u0131 sonu\u00e7lar\u0131:<\/p>\n<ul>\n<li>\u0130nsan sa\u011fl\u0131\u011f\u0131na etkileri: Kanser, genetik bozulmalar, akut radyasyon hastal\u0131\u011f\u0131<\/li>\n<li>\u00c7evresel etkiler: Toprak ve su kirlenmesi, ekosistem bozulmalar\u0131<\/li>\n<li>Ekonomik ve sosyal etkiler: Tahliyeler, tar\u0131m ve bal\u0131k\u00e7\u0131l\u0131\u011f\u0131n zarar g\u00f6rmesi, turizm kayb\u0131<\/li>\n<\/ul>\n<p>Tarihte bilinen baz\u0131 \u00f6rnekler:<\/p>\n<ul>\n<li>\u00c7ernobil (1986) \u2013 En b\u00fcy\u00fck n\u00fckleer s\u0131z\u0131nt\u0131lardan biri<\/li>\n<li>Fuku\u015fima (2011) \u2013 Tsunami sonras\u0131 s\u0131z\u0131nt\u0131<\/li>\n<li>Three Mile Island (1979, ABD) \u2013 K\u0131smi \u00e7ekirdek erimesi ve gaz s\u0131z\u0131nt\u0131s\u0131<\/li>\n<\/ul>\n<h2>Radyasyon:<\/h2>\n<p>Radyasyon, temel olarak enerjinin dalga ya da par\u00e7ac\u0131klar h\u00e2linde bir kaynaktan \u00e7evreye yay\u0131lmas\u0131 anlam\u0131na gelir. Fizikte \u00e7ok genel bir kavramd\u0131r ama g\u00fcnl\u00fck dilde \u00f6zellikle iyonla\u015ft\u0131r\u0131c\u0131 radyasyon (yani sa\u011fl\u0131\u011fa zararl\u0131 olabilecek t\u00fcrdeki radyasyon) kastedilir.<\/p>\n<p>Tan\u0131m:<\/p>\n<p>Radyasyon, bir kaynaktan \u00e7\u0131kan enerji dalgalar\u0131n\u0131n veya par\u00e7ac\u0131klar\u0131n\u0131n uzaya veya maddeye yay\u0131lmas\u0131d\u0131r.<\/p>\n<p>Radyasyon T\u00fcrleri:<\/p>\n<ol>\n<li>\u0130yonla\u015ft\u0131r\u0131c\u0131 Radyasyon (zararl\u0131 olabilir)<\/li>\n<\/ol>\n<p>Bu t\u00fcr radyasyon, maddeyle etkile\u015fime girerek atomlardan elektron koparabilir. Bu, h\u00fccrelere zarar verebilir.<\/p>\n<p>\u25aa\ufe0f Alfa (\u03b1) radyasyonu<\/p>\n<ul>\n<li>B\u00fcy\u00fck ve yava\u015f par\u00e7ac\u0131klar<\/li>\n<li>K\u00e2\u011f\u0131t bile ge\u00e7irmez ama yutulursa tehlikelidir.<\/li>\n<\/ul>\n<p>\u25aa\ufe0f Beta (\u03b2) radyasyonu<\/p>\n<ul>\n<li>Elektron benzeri par\u00e7ac\u0131k<\/li>\n<li>\u0130nce al\u00fcminyumla durdurulabilir.<\/li>\n<\/ul>\n<p>\u25aa\ufe0f Gama (\u03b3) radyasyonu<\/p>\n<ul>\n<li>Elektromanyetik dalgad\u0131r (\u0131\u015f\u0131n)<\/li>\n<li>Kur\u015fun veya kal\u0131n betonla zay\u0131flat\u0131labilir.<\/li>\n<\/ul>\n<p>\u25aa\ufe0f N\u00f6tron radyasyonu<\/p>\n<ul>\n<li>N\u00fckleer reakt\u00f6rlerde g\u00f6r\u00fcl\u00fcr.<\/li>\n<li>\u00c7ok derin n\u00fcfuz eder, su veya betonla yava\u015flat\u0131l\u0131r.<\/li>\n<\/ul>\n<ol start=\"2\">\n<li>\u0130yonla\u015ft\u0131r\u0131c\u0131 Olmayan Radyasyon (genellikle zarars\u0131z)<\/li>\n<\/ol>\n<p>Bu t\u00fcr radyasyon, atomlar\u0131 iyonla\u015ft\u0131rmaz. Genelde g\u00fcnl\u00fck hayatta maruz kal\u0131nan t\u00fcrlerdir.<\/p>\n<ul>\n<li>Radyo dalgalar\u0131 (telefon, televizyon)<\/li>\n<li>Mikrodalgalar (f\u0131r\u0131nlar)<\/li>\n<li>K\u0131z\u0131l\u00f6tesi (IR) \u0131\u015f\u0131nlar (\u0131s\u0131)<\/li>\n<li>G\u00f6r\u00fcn\u00fcr \u0131\u015f\u0131k<\/li>\n<li>Mor\u00f6tesi (UV) (ciltte g\u00fcne\u015f yan\u0131\u011f\u0131na neden olabilir)<\/li>\n<\/ul>\n<p>Radyasyonun Kaynaklar\u0131 Nelerdir?<\/p>\n<ul>\n<li>Do\u011fal kaynaklar: Kozmik \u0131\u015f\u0131nlar, radon gaz\u0131, yer kabu\u011fundaki uranyum<\/li>\n<li>Yapay kaynaklar: N\u00fckleer santraller, r\u00f6ntgen cihazlar\u0131, t\u0131bbi tedaviler, atom bombas\u0131<\/li>\n<\/ul>\n<p>Radyasyonun Canl\u0131lara Etkisi:<\/p>\n<ul>\n<li>D\u00fc\u015f\u00fck doz: H\u00fccrelerde onar\u0131labilir hasar<\/li>\n<li>Y\u00fcksek doz: DNA hasar\u0131, kanser, radyasyon hastal\u0131\u011f\u0131, do\u011fumsal bozukluklar<\/li>\n<li>K\u00fcm\u00fclatif etki: V\u00fccutta zamanla birikir, uzun vadeli zarar verir<\/li>\n<\/ul>\n<p>\u00d6l\u00e7\u00fc Birimleri:<\/p>\n<table>\n<thead>\n<tr>\n<td>Birim<\/td>\n<td>A\u00e7\u0131klama<\/td>\n<\/tr>\n<\/thead>\n<tbody>\n<tr>\n<td>Becquerel (Bq)<\/td>\n<td>Radyoaktif bozulma say\u0131s\u0131 (1 saniyede)<\/td>\n<\/tr>\n<tr>\n<td>Gray (Gy)<\/td>\n<td>Emilmi\u015f radyasyon miktar\u0131<\/td>\n<\/tr>\n<tr>\n<td>Sievert (Sv)<\/td>\n<td>V\u00fccuttaki biyolojik etki<\/td>\n<\/tr>\n<\/tbody>\n<\/table>\n<p>K\u0131sa \u00d6zet:<\/p>\n<p>Radyasyon, enerji yay\u0131lmas\u0131d\u0131r. \u0130yonla\u015ft\u0131r\u0131c\u0131 t\u00fcrleri canl\u0131lar i\u00e7in tehlikeli olabilir. Kayna\u011f\u0131 do\u011fal da olabilir yapay da. Etkisi dozuna, s\u00fcresine ve t\u00fcr\u00fcne g\u00f6re de\u011fi\u015fir.<\/p>\n<p>Radyasyonun \u00e7evre, t\u0131p, askeri ve enerji gibi alanlardaki etkileri<\/p>\n<p>Radyasyon, do\u011fas\u0131 gere\u011fi hem yararl\u0131 hem de zararl\u0131 etkiler g\u00f6sterebilir. Etkileri; dozu, s\u00fcresi, maruz kalan canl\u0131lar\u0131n hassasiyeti ve radyasyon t\u00fcr\u00fcne g\u00f6re de\u011fi\u015fir. A\u015fa\u011f\u0131da radyasyonun \u00e7evre, t\u0131p, askeri ve enerji alanlar\u0131ndaki etkilerini sistematik bi\u00e7imde a\u00e7\u0131klanabilir<\/p>\n<ol>\n<li>\u00c7evre \u00dczerindeki Etkileri<\/li>\n<\/ol>\n<p>Olumsuz Etkiler:<\/p>\n<ul>\n<li>Radyoaktif kirlenme: Radyon\u00fcklidlerin toprak, su ve hava yoluyla \u00e7evreye yay\u0131lmas\u0131 (\u00f6rne\u011fin \u00c7ernobil, Fuku\u015fima).<\/li>\n<li>Toprak verimlili\u011fi bozulur: Radyon\u00fcklidler (\u00f6zellikle sezyum-137, stronsiyum-90) topra\u011fa yerle\u015fir.<\/li>\n<li>Besin zincirine ge\u00e7i\u015f: Radyoaktif maddeler bitkilerden hayvanlara, oradan da insanlara ge\u00e7er.<\/li>\n<li>Biyo\u00e7e\u015fitlilik azal\u0131r: Hayvan ve bitkilerde genetik mutasyonlar, do\u011furganl\u0131k azalmas\u0131 ve \u00f6l\u00fcmler.<\/li>\n<li>Su kaynaklar\u0131 kirlenir: \u00d6zellikle n\u00fckleer kazalar sonras\u0131 yer alt\u0131 ve y\u00fczey sular\u0131 etkilenebilir.<\/li>\n<\/ul>\n<p>S\u0131n\u0131rl\u0131 Pozitif Kullan\u0131mlar:<\/p>\n<ul>\n<li>Tar\u0131mda zararl\u0131 b\u00f6cek kontrol\u00fc: Steril b\u00f6cek sal\u0131m\u0131 (\u00f6rne\u011fin radyasyonla k\u0131s\u0131rla\u015ft\u0131r\u0131lm\u0131\u015f sinekler).<\/li>\n<li>Toprak analizleri: \u0130zotop etiketleme y\u00f6ntemleriyle su hareketi ve besin takibi yap\u0131labilir.<\/li>\n<\/ul>\n<ol start=\"2\">\n<li>T\u0131p Alan\u0131ndaki Etkileri<\/li>\n<\/ol>\n<p>Yararlar\u0131:<\/p>\n<ul>\n<li>Tan\u0131 ama\u00e7l\u0131:\n<ul>\n<li>R\u00f6ntgen, BT (bilgisayarl\u0131 tomografi), PET gibi g\u00f6r\u00fcnt\u00fcleme y\u00f6ntemlerinde kullan\u0131l\u0131r.<\/li>\n<li>Radyoaktif izleyiciler sayesinde organ fonksiyonlar\u0131 izlenebilir (\u00f6rnek: tiroid taramalar\u0131).<\/li>\n<\/ul>\n<\/li>\n<li>Tedavi ama\u00e7l\u0131 (Radyoterapi):\n<ul>\n<li>Kanserli h\u00fccrelerin \u00f6ld\u00fcr\u00fclmesinde kullan\u0131l\u0131r.<\/li>\n<li>\u00d6zellikle gama \u0131\u015f\u0131nlar\u0131 (kobalt-60) ya da proton demetleriyle t\u00fcm\u00f6r tedavisi yap\u0131l\u0131r.<\/li>\n<\/ul>\n<\/li>\n<\/ul>\n<p>Risk ve zararlar:<\/p>\n<ul>\n<li>Yanl\u0131\u015f dozda veya s\u0131k maruz kal\u0131n\u0131rsa, sa\u011fl\u0131kl\u0131 dokular da zarar g\u00f6rebilir.<\/li>\n<li>Uzun vadeli d\u00fc\u015f\u00fck doz maruziyeti bile kanser riskini art\u0131rabilir (\u00f6zellikle medikal personel i\u00e7in).<\/li>\n<\/ul>\n<ol start=\"3\">\n<li>Askeri Alandaki Etkileri<\/li>\n<\/ol>\n<p>N\u00fckleer Silah Kullan\u0131m\u0131:<\/p>\n<ul>\n<li>Ani \u00f6ld\u00fcr\u00fcc\u00fc etki: Patlama an\u0131nda y\u00fcksek \u0131s\u0131, \u015fok dalgas\u0131 ve radyasyonla b\u00fcy\u00fck kay\u0131plar.<\/li>\n<li>Radyasyon hastal\u0131\u011f\u0131: Akut maruziyet sonras\u0131 kusma, kanama, sa\u00e7 d\u00f6k\u00fclmesi, \u00f6l\u00fcm.<\/li>\n<li>Genetik ve kal\u0131tsal etkiler: Hiro\u015fima ve Nagazaki sonras\u0131 ku\u015faklar boyunca genetik bozukluklar g\u00f6zlenmi\u015ftir.<\/li>\n<li>N\u00fckleer serpinti: Radyasyonun r\u00fczg\u00e2rla yay\u0131lmas\u0131, binlerce kilometre \u00f6teyi bile etkileyebilir.<\/li>\n<\/ul>\n<p>Di\u011fer Askeri Kullan\u0131mlar:<\/p>\n<ul>\n<li>Kirli bomba (radiological dispersal device): Patlay\u0131c\u0131yla radyoaktif madde yaymak.<\/li>\n<li>Radar sistemleri ve gece g\u00f6r\u00fc\u015f teknolojileri: Radyoaktif kaynaklarla \u00e7al\u0131\u015fan eski sistemler mevcuttu.<\/li>\n<li>Uranyum m\u00fchimmatlar\u0131 (z\u0131rh delici): Art\u0131k uranyum i\u00e7eren m\u00fchimmatlar \u00e7evreyi ve askerleri etkileyebilir.<\/li>\n<\/ul>\n<ol start=\"4\">\n<li>Enerji Alan\u0131ndaki Etkileri<\/li>\n<\/ol>\n<p>Yararlar\u0131:<\/p>\n<ul>\n<li>N\u00fckleer enerji santralleri, d\u00fc\u015f\u00fck karbon sal\u0131m\u0131yla elektrik \u00fcretir.<\/li>\n<li>Enerji verimlili\u011fi y\u00fcksektir: Bir gram uranyum, tonlarca k\u00f6m\u00fcr kadar enerji sa\u011flayabilir.<\/li>\n<li>Uzay \u00e7al\u0131\u015fmalar\u0131: Radyoizotop jenerat\u00f6rleri (\u00f6rne\u011fin Pl\u00fctonyum-238) uzay ara\u00e7lar\u0131nda enerji kayna\u011f\u0131d\u0131r.<\/li>\n<\/ul>\n<p>Risk ve zararlar:<\/p>\n<ul>\n<li>N\u00fckleer kaza riski: \u00c7ernobil (1986), Fuku\u015fima (2011) gibi kazalar \u00e7evre ve sa\u011fl\u0131k \u00fczerinde ciddi sonu\u00e7lar do\u011furmu\u015ftur.<\/li>\n<li>N\u00fckleer at\u0131k sorunu: Binlerce y\u0131l radyoaktif kalabilen at\u0131klar\u0131n g\u00fcvenli depolanmas\u0131 gerekir.<\/li>\n<li>S\u0131z\u0131nt\u0131 riski: Yak\u0131t \u00e7ubuklar\u0131n\u0131n hasar g\u00f6rmesi, so\u011futma sistemlerinin bozulmas\u0131 radyoaktif s\u0131z\u0131nt\u0131lara yol a\u00e7abilir.<\/li>\n<\/ul>\n<p>\u00d6zet Tablo:<\/p>\n<table style=\"height: 282px\" width=\"936\">\n<thead>\n<tr>\n<td>\u00a0 \u00a0Alan<\/td>\n<td>Yararlar\u0131<\/td>\n<td>Zararlar\u0131 \/ Riskleri<\/td>\n<\/tr>\n<\/thead>\n<tbody>\n<tr>\n<td>\u00a0 \u00a0\u00c7evre<\/td>\n<td>B\u00f6cek kontrol\u00fc, izotop takibi<\/td>\n<td>Kirlenme, ekosistem bozulmas\u0131, mutasyonlar<\/td>\n<\/tr>\n<tr>\n<td>\u00a0 \u00a0T\u0131p<\/td>\n<td>G\u00f6r\u00fcnt\u00fcleme, kanser tedavisi<\/td>\n<td>DNA hasar\u0131, yan etkiler, personel riski<\/td>\n<\/tr>\n<tr>\n<td>\u00a0 \u00a0Asker\u00ee<\/td>\n<td>Cayd\u0131r\u0131c\u0131l\u0131k, radar sistemleri<\/td>\n<td>Kitle imha, serpinti, kal\u0131tsal etkiler<\/td>\n<\/tr>\n<tr>\n<td>\u00a0 \u00a0Enerji<\/td>\n<td>Temiz enerji, y\u00fcksek verim, uzay uygulamalar\u0131<\/td>\n<td>At\u0131k sorunu, kazalar, s\u0131z\u0131nt\u0131<\/td>\n<\/tr>\n<\/tbody>\n<\/table>\n<p>&nbsp;<\/p>\n","protected":false},"excerpt":{"rendered":"<p>DPT uzmanlar\u0131ndan ve Emekli Denizcilik M\u00fcste\u015far\u0131 Dr. Mustafa Kor\u00e7ak&#8217;\u0131n &#8220;N\u00fckleer Vizyon ve N\u00fckleer S\u0131z\u0131nt\u0131&#8221; konulu \u00e7al\u0131\u015fmas\u0131n\u0131n ilk b\u00f6l\u00fcm\u00fcn\u00fc yay\u0131ml\u0131yoruz. Bu de\u011ferli \u00e7al\u0131\u015fman\u0131n di\u011fer b\u00f6l\u00fcmleri de \u00f6n\u00fcm\u00fczdeki g\u00fcnlerde sitemizde sunulacakt\u0131r. <\/p>\n","protected":false},"author":191,"featured_media":18990,"comment_status":"open","ping_status":"open","sticky":false,"template":"","format":"standard","meta":{"_links_to":"","_links_to_target":""},"categories":[2],"tags":[1587,3140,3146],"yoast_head":"<!-- This site is optimized with the Yoast SEO plugin v16.0.2 - https:\/\/yoast.com\/wordpress\/plugins\/seo\/ -->\n<title>N\u00fckleer Vizyon ve N\u00fckleer S\u0131z\u0131nt\u0131 - M\u0130SAK- Mill\u00ee Strateji Ara\u015ft\u0131rma Kurulu<\/title>\n<meta name=\"description\" content=\"\u2018\u2019N\u00fckleer Vizyon ve N\u00fckleer S\u0131z\u0131nt\u0131\u2019\u2019 konulu \u00e7al\u0131\u015fman\u0131n ilk b\u00f6l\u00fcm\u00fc\" \/>\n<link rel=\"canonical\" href=\"https:\/\/millidusunce.com\/misak\/nukleer-vizyon-ve-nukleer-sizinti\/\" \/>\n<meta property=\"og:locale\" content=\"tr_TR\" \/>\n<meta property=\"og:type\" content=\"article\" \/>\n<meta property=\"og:title\" content=\"N\u00fckleer Vizyon ve N\u00fckleer S\u0131z\u0131nt\u0131 - M\u0130SAK- Mill\u00ee Strateji Ara\u015ft\u0131rma Kurulu\" \/>\n<meta property=\"og:description\" content=\"\u2018\u2019N\u00fckleer Vizyon ve N\u00fckleer S\u0131z\u0131nt\u0131\u2019\u2019 konulu \u00e7al\u0131\u015fman\u0131n ilk b\u00f6l\u00fcm\u00fc\" \/>\n<meta property=\"og:url\" content=\"https:\/\/millidusunce.com\/misak\/nukleer-vizyon-ve-nukleer-sizinti\/\" \/>\n<meta property=\"og:site_name\" content=\"M\u0130SAK- Mill\u00ee Strateji Ara\u015ft\u0131rma Kurulu\" \/>\n<meta property=\"article:published_time\" content=\"2025-07-09T17:00:26+00:00\" \/>\n<meta property=\"article:modified_time\" content=\"2025-07-09T16:09:50+00:00\" \/>\n<meta property=\"og:image\" content=\"https:\/\/millidusunce.com\/misak\/wp-content\/uploads\/2025\/07\/nukleer1.jpg\" \/>\n\t<meta property=\"og:image:width\" content=\"1200\" \/>\n\t<meta property=\"og:image:height\" content=\"800\" \/>\n<meta name=\"twitter:card\" content=\"summary_large_image\" \/>\n<meta name=\"twitter:label1\" content=\"Tahmini okuma s\u00fcresi\">\n\t<meta name=\"twitter:data1\" content=\"6 dakika\">\n<script type=\"application\/ld+json\" class=\"yoast-schema-graph\">{\"@context\":\"https:\/\/schema.org\",\"@graph\":[{\"@type\":\"Organization\",\"@id\":\"https:\/\/millidusunce.com\/misak\/#organization\",\"name\":\"Mill\\u00ee D\\u00fc\\u015f\\u00fcnce Merkezi\",\"url\":\"https:\/\/millidusunce.com\/misak\/\",\"sameAs\":[],\"logo\":{\"@type\":\"ImageObject\",\"@id\":\"https:\/\/millidusunce.com\/misak\/#logo\",\"inLanguage\":\"tr\",\"url\":\"https:\/\/millidusunce.com\/misak\/wp-content\/uploads\/2018\/09\/mdmLogo-yazisiz.jpg\",\"width\":422,\"height\":422,\"caption\":\"Mill\\u00ee D\\u00fc\\u015f\\u00fcnce Merkezi\"},\"image\":{\"@id\":\"https:\/\/millidusunce.com\/misak\/#logo\"}},{\"@type\":\"WebSite\",\"@id\":\"https:\/\/millidusunce.com\/misak\/#website\",\"url\":\"https:\/\/millidusunce.com\/misak\/\",\"name\":\"M\\u0130SAK- Mill\\u00ee Strateji Ara\\u015ft\\u0131rma Kurulu\",\"description\":\"D\\u00fcnyaya T\\u00fcrk\\u00e7\\u00fc Bak\\u0131\\u015f\",\"publisher\":{\"@id\":\"https:\/\/millidusunce.com\/misak\/#organization\"},\"potentialAction\":[{\"@type\":\"SearchAction\",\"target\":\"https:\/\/millidusunce.com\/misak\/?s={search_term_string}\",\"query-input\":\"required name=search_term_string\"}],\"inLanguage\":\"tr\"},{\"@type\":\"ImageObject\",\"@id\":\"https:\/\/millidusunce.com\/misak\/nukleer-vizyon-ve-nukleer-sizinti\/#primaryimage\",\"inLanguage\":\"tr\",\"url\":\"https:\/\/millidusunce.com\/misak\/wp-content\/uploads\/2025\/07\/nukleer1.jpg\",\"width\":1200,\"height\":800},{\"@type\":\"WebPage\",\"@id\":\"https:\/\/millidusunce.com\/misak\/nukleer-vizyon-ve-nukleer-sizinti\/#webpage\",\"url\":\"https:\/\/millidusunce.com\/misak\/nukleer-vizyon-ve-nukleer-sizinti\/\",\"name\":\"N\\u00fckleer Vizyon ve N\\u00fckleer S\\u0131z\\u0131nt\\u0131 - M\\u0130SAK- Mill\\u00ee Strateji Ara\\u015ft\\u0131rma Kurulu\",\"isPartOf\":{\"@id\":\"https:\/\/millidusunce.com\/misak\/#website\"},\"primaryImageOfPage\":{\"@id\":\"https:\/\/millidusunce.com\/misak\/nukleer-vizyon-ve-nukleer-sizinti\/#primaryimage\"},\"datePublished\":\"2025-07-09T17:00:26+00:00\",\"dateModified\":\"2025-07-09T16:09:50+00:00\",\"description\":\"\\u2018\\u2019N\\u00fckleer Vizyon ve N\\u00fckleer S\\u0131z\\u0131nt\\u0131\\u2019\\u2019 konulu \\u00e7al\\u0131\\u015fman\\u0131n ilk b\\u00f6l\\u00fcm\\u00fc\",\"breadcrumb\":{\"@id\":\"https:\/\/millidusunce.com\/misak\/nukleer-vizyon-ve-nukleer-sizinti\/#breadcrumb\"},\"inLanguage\":\"tr\",\"potentialAction\":[{\"@type\":\"ReadAction\",\"target\":[\"https:\/\/millidusunce.com\/misak\/nukleer-vizyon-ve-nukleer-sizinti\/\"]}]},{\"@type\":\"BreadcrumbList\",\"@id\":\"https:\/\/millidusunce.com\/misak\/nukleer-vizyon-ve-nukleer-sizinti\/#breadcrumb\",\"itemListElement\":[{\"@type\":\"ListItem\",\"position\":1,\"item\":{\"@type\":\"WebPage\",\"@id\":\"https:\/\/millidusunce.com\/misak\/\",\"url\":\"https:\/\/millidusunce.com\/misak\/\",\"name\":\"Anasayfa\"}},{\"@type\":\"ListItem\",\"position\":2,\"item\":{\"@type\":\"WebPage\",\"@id\":\"https:\/\/millidusunce.com\/misak\/nukleer-vizyon-ve-nukleer-sizinti\/\",\"url\":\"https:\/\/millidusunce.com\/misak\/nukleer-vizyon-ve-nukleer-sizinti\/\",\"name\":\"N\\u00fckleer Vizyon ve N\\u00fckleer S\\u0131z\\u0131nt\\u0131\"}}]},{\"@type\":\"Article\",\"@id\":\"https:\/\/millidusunce.com\/misak\/nukleer-vizyon-ve-nukleer-sizinti\/#article\",\"isPartOf\":{\"@id\":\"https:\/\/millidusunce.com\/misak\/nukleer-vizyon-ve-nukleer-sizinti\/#webpage\"},\"author\":{\"@id\":\"https:\/\/millidusunce.com\/misak\/#\/schema\/person\/159125e0664d7eaf2fb169be8cb7be35\"},\"headline\":\"N\\u00fckleer Vizyon ve N\\u00fckleer S\\u0131z\\u0131nt\\u0131\",\"datePublished\":\"2025-07-09T17:00:26+00:00\",\"dateModified\":\"2025-07-09T16:09:50+00:00\",\"mainEntityOfPage\":{\"@id\":\"https:\/\/millidusunce.com\/misak\/nukleer-vizyon-ve-nukleer-sizinti\/#webpage\"},\"commentCount\":0,\"publisher\":{\"@id\":\"https:\/\/millidusunce.com\/misak\/#organization\"},\"image\":{\"@id\":\"https:\/\/millidusunce.com\/misak\/nukleer-vizyon-ve-nukleer-sizinti\/#primaryimage\"},\"keywords\":\"\\u00e7evre,n\\u00fckleer,N\\u00fckleer Enerji\",\"inLanguage\":\"tr\",\"potentialAction\":[{\"@type\":\"CommentAction\",\"name\":\"Comment\",\"target\":[\"https:\/\/millidusunce.com\/misak\/nukleer-vizyon-ve-nukleer-sizinti\/#respond\"]}]},{\"@type\":\"Person\",\"@id\":\"https:\/\/millidusunce.com\/misak\/#\/schema\/person\/159125e0664d7eaf2fb169be8cb7be35\",\"name\":\"Mustafa Kor\\u00e7ak\",\"image\":{\"@type\":\"ImageObject\",\"@id\":\"https:\/\/millidusunce.com\/misak\/#personlogo\",\"inLanguage\":\"tr\",\"url\":\"https:\/\/secure.gravatar.com\/avatar\/aa3730cd5b544098aa536576fae7ddcd?s=96&d=mm&r=g\",\"caption\":\"Mustafa Kor\\u00e7ak\"}}]}<\/script>\n<!-- \/ Yoast SEO plugin. -->","_links":{"self":[{"href":"https:\/\/millidusunce.com\/misak\/wp-json\/wp\/v2\/posts\/18993"}],"collection":[{"href":"https:\/\/millidusunce.com\/misak\/wp-json\/wp\/v2\/posts"}],"about":[{"href":"https:\/\/millidusunce.com\/misak\/wp-json\/wp\/v2\/types\/post"}],"author":[{"embeddable":true,"href":"https:\/\/millidusunce.com\/misak\/wp-json\/wp\/v2\/users\/191"}],"replies":[{"embeddable":true,"href":"https:\/\/millidusunce.com\/misak\/wp-json\/wp\/v2\/comments?post=18993"}],"version-history":[{"count":8,"href":"https:\/\/millidusunce.com\/misak\/wp-json\/wp\/v2\/posts\/18993\/revisions"}],"predecessor-version":[{"id":18996,"href":"https:\/\/millidusunce.com\/misak\/wp-json\/wp\/v2\/posts\/18993\/revisions\/18996"}],"wp:featuredmedia":[{"embeddable":true,"href":"https:\/\/millidusunce.com\/misak\/wp-json\/wp\/v2\/media\/18990"}],"wp:attachment":[{"href":"https:\/\/millidusunce.com\/misak\/wp-json\/wp\/v2\/media?parent=18993"}],"wp:term":[{"taxonomy":"category","embeddable":true,"href":"https:\/\/millidusunce.com\/misak\/wp-json\/wp\/v2\/categories?post=18993"},{"taxonomy":"post_tag","embeddable":true,"href":"https:\/\/millidusunce.com\/misak\/wp-json\/wp\/v2\/tags?post=18993"}],"curies":[{"name":"wp","href":"https:\/\/api.w.org\/{rel}","templated":true}]}}