{"id":19116,"date":"2025-08-18T19:00:00","date_gmt":"2025-08-18T16:00:00","guid":{"rendered":"https:\/\/millidusunce.com\/misak\/?p=19116&#038;preview=true&#038;preview_id=19116"},"modified":"2025-08-18T18:25:10","modified_gmt":"2025-08-18T15:25:10","slug":"latin-amerikada-yasayan-turkler","status":"publish","type":"post","link":"https:\/\/millidusunce.com\/misak\/latin-amerikada-yasayan-turkler\/","title":{"rendered":"Latin Amerika\u2019da ya\u015fayan T\u00fcrkler"},"content":{"rendered":"<p>Derin Tarih dergisinden Fatma Nur U\u00e7ar\u2019\u0131n \u201cG\u00fcney Amerika\u2019daki Osmanl\u0131 Torunlar\u0131: El-Turcolar\u201d ba\u015fl\u0131kl\u0131 yaz\u0131s\u0131nda belirtildi\u011fi \u00fczere:<\/p>\n<p>1821-80 y\u0131llar\u0131 aras\u0131nda \u00e7o\u011funlu\u011funu Avrupal\u0131lar\u0131n olu\u015fturdu\u011fu 11-12 milyon insan \u201cyeni d\u00fcnya\u201d olarak da isimlendirilen deniz a\u015f\u0131r\u0131 \u00fclkelere g\u00f6\u00e7 etmi\u015f; g\u00f6\u00e7menlerin %85\u2019i Amerika k\u0131tas\u0131n\u0131n muhtelif b\u00f6lgelerine yerle\u015fmi\u015fti. Bu g\u00f6\u00e7menlerin i\u00e7inde Osmanl\u0131\/T\u00fcrk as\u0131ll\u0131 tebaa \u00f6nemli bir pay sahibidir. Rahmetli Kemal Karpat\u2019\u0131n bir ara\u015ft\u0131rmas\u0131na g\u00f6re 1860-1914 y\u0131llar\u0131 aras\u0131nda 1 milyon 200 bin Osmanl\u0131 tebaas\u0131 Amerika\u2019ya g\u00f6\u00e7m\u00fc\u015ft\u00fc ve bunlar\u0131n yar\u0131s\u0131n\u0131 Suriye ve L\u00fcbnanl\u0131lar te\u015fkil ediyordu. Bu d\u00f6nemde Osmanl\u0131 \u00fclkesinden Amerika\u2019ya g\u00f6\u00e7 her ge\u00e7en y\u0131l biraz daha art\u0131yordu. Resm\u00ee kay\u0131tlara g\u00f6re 1890\u2019da 2.176 olan g\u00f6\u00e7men say\u0131s\u0131 1891\u2019de 3.957 ve 1892 Haziran ay\u0131 sonu itibariyle 6.335 olarak ger\u00e7ekle\u015fmi\u015fti. Bu g\u00f6\u00e7 eden insanlar, g\u00f6\u00e7erken ve g\u00f6\u00e7menliklerinin ilk y\u0131llar\u0131nda Osmanl\u0131 tebaas\u0131 olduklar\u0131, bir ba\u015fka ifade ile Osmanl\u0131 pasaportu ta\u015f\u0131d\u0131klar\u0131 i\u00e7in din ve milliyetlerine bak\u0131lmadan \u201cEl-Turco\u201d olarak adland\u0131r\u0131lmaktad\u0131rlar. Bir\u00e7o\u011fu yerle\u015ftikleri devletlerin iktisad\u00ee ve siyas\u00ee hayatlar\u0131nda \u00f6nc\u00fc rol oynayan El-Turcolar, ba\u015flang\u0131\u00e7ta yerlilere ve siyah\u00eelere benzeyen bir kategoride kabul g\u00f6rmeseler de \u201cbeyaz\u201d olarak da kabul edilmemi\u015flerdi.<\/p>\n<p>Ezc\u00fcmle Osmanl\u0131\u2019dan g\u00f6\u00e7 edenlerin torunlar\u0131 olarak kabul g\u00f6ren Latin Amerika T\u00fcrkleri, ya\u015fad\u0131klar\u0131 \u00fclkelere g\u00f6re \u015f\u00f6yle kategorize edilir:<\/p>\n<h2>Meksika\u2019da Ya\u015fayan T\u00fcrkler<\/h2>\n<p>Meksika\u2019daki T\u00fcrk toplumu b\u00fcy\u00fck \u00f6l\u00e7\u00fcde g\u00f6\u00e7menlerden veya 1923&#8217;ten \u00f6nce Osmanl\u0131 \u0130mparatorlu\u011fu&#8217;nda, o zamandan beri T\u00fcrkiye Cumhuriyeti&#8217;nde veya bir zamanlar Osmanl\u0131 \u0130mparatorlu\u011fu&#8217;nun bir k\u0131sm\u0131 h\u00e2l\u00e2 T\u00fcrk n\u00fcfusu olan kom\u015fu \u00fclkelerde do\u011fan g\u00f6\u00e7menlerin torunlar\u0131ndan olu\u015fur. Bunlara ek olarak son y\u0131llarda T\u00fcrkiye\u2019den Meksika\u2019ya ger\u00e7ekle\u015ftirilen g\u00f6\u00e7lerde rekor art\u0131\u015f ya\u015fanmaktad\u0131r. 2019\u2019dan bu yana T\u00fcrkiye\u2019den Meksika\u2019ya 30 g\u00fcnl\u00fck vize ile gidip de bir daha geri d\u00f6nmeyen T\u00fcrklerin say\u0131s\u0131 20 bini ge\u00e7mi\u015f bulunmaktad\u0131r. T\u00fcrkiye\u2019den Meksika\u2019ya olan mesafe 11 bin kilometre olmas\u0131na ra\u011fmen bu uzun yolu a\u015fan T\u00fcrk vatanda\u015flar\u0131 aras\u0131nda ba\u015f\u0131 \u00e7ekenler \u00c7orumlular ve A\u011fr\u0131l\u0131lard\u0131r. Meksika\u2019ya kal\u0131c\u0131 olarak yerle\u015fen T\u00fcrk vatanda\u015flar\u0131n\u0131n say\u0131s\u0131 2011 y\u0131l\u0131nda \u00e7ok az iken, tahminen m\u00e1ksimum 40 -50 ki\u015fi idi. 2021 y\u0131l\u0131na geldi\u011fimizde bu say\u0131n\u0131n 1900 ile 2000 aras\u0131nda oldu\u011fu s\u00f6yleniyor. Bununla birlikte Meksika\u2019ya yerle\u015fmek i\u00e7in gelen T\u00fcrklerin %90\u2019\u0131n\u0131n yabanc\u0131 e\u015f ile evlilik yapt\u0131klar\u0131 kaydediliyor.<\/p>\n<p>Son y\u0131llarda say\u0131n\u0131n artmas\u0131ndaki etken T\u00fcrk firmalar\u0131n\u0131n irili ufakl\u0131 fabrika ve yeni i\u015fyeri a\u00e7malar\u0131 ile beraber T\u00fcrk TV dizileri, Acun medyan\u0131n bu b\u00f6lgede yerle\u015fik olmas\u0131 ve Azteca Tv ile beraber programlar yapmalar\u0131 ile bir hareketlilik olu\u015fmaya ba\u015flad\u0131. Bunun yan\u0131nda Meksika\u2019n\u0131n Volkswagen, Audi, Mercedes-Benz ve Nissan gibi uluslararas\u0131 otomotiv devlerine ev sahipli\u011fi yapmas\u0131 nedeniyle \u00fclkeye ciddi bir m\u00fchendis g\u00f6\u00e7\u00fc ya\u015fan\u0131rken bu m\u00fchendis g\u00f6\u00e7lerinde T\u00fcrkler \u00f6nemli bir pay sahibidir.<\/p>\n<p>B\u00fct\u00fcn bunlar\u0131n yan\u0131nda T\u0130KA Mexico ve yeni a\u00e7\u0131lan Yunus Emre Enstit\u00fcs\u00fc\u2019n\u00fcn faaliyetleri halk aras\u0131nda bir samimiyet yarat\u0131yor.<\/p>\n<p>Meksika halk\u0131 T\u00fcrkleri seviyor ve kabul ediyorlar. Irk\u00e7\u0131l\u0131k ve herhangi bir d\u0131\u015flama yapm\u0131yorlar. Meksika\u2019da genel olarak Avrupa\u2019n\u0131n aksine daha \u00e7ok sayg\u0131 var ve i\u015fin ilgin\u00e7 yan\u0131 T\u00fcrkiye halk nezdinde sayg\u0131n bir \u00fclke olarak kabul edilmektedir.<\/p>\n<p>Bunda Kolombiyal\u0131lar\u0131n, K\u00fcbal\u0131lar\u0131n, Venezuellal\u0131lar\u0131n tam g\u00f6be\u011finde oldu\u011fu bir\u00e7ok su\u00e7 olay\u0131nda Meksika\u2019daki T\u00fcrk toplulu\u011funun yer almamas\u0131, su\u00e7lara kar\u0131\u015fmamalar\u0131 ve kanunlara uyumlu olmalar\u0131 b\u00fcy\u00fck etkendir.<\/p>\n<h2>Arjantin\u2019de Ya\u015fayan T\u00fcrkler<\/h2>\n<p>Arjantin&#8217;deki T\u00fcrk toplulu\u011fu k\u00fc\u00e7\u00fckt\u00fcr ve esas olarak 19. y\u00fczy\u0131l\u0131n sonlar\u0131nda ve 20. y\u00fczy\u0131l\u0131n ba\u015flar\u0131nda B\u00fcy\u00fck G\u00f6\u00e7 ve I. D\u00fcnya Sava\u015f\u0131 s\u0131ras\u0131nda Osmanl\u0131 \u0130mparatorlu\u011fu&#8217;ndan Arjantin&#8217;e gelen T\u00fcrklerden olu\u015fmaktad\u0131r. \u0130kinci bir dalga da II. D\u00fcnya Sava\u015f\u0131 s\u0131ras\u0131nda gelmi\u015ftir. Baz\u0131 \u00fc\u00e7\u00fcnc\u00fc nesil torunlar ak\u0131c\u0131 bir \u015fekilde T\u00fcrk\u00e7e konu\u015fmaktad\u0131r. \u00c7ok aktif olan topluluk, Ulusal G\u00f6\u00e7 M\u00fcd\u00fcrl\u00fc\u011f\u00fcnden gelen bir davet sayesinde genellikle Buenos Aires&#8217;teki G\u00f6\u00e7menler G\u00fcn\u00fc kutlamalar\u0131nda g\u00f6r\u00fclmektedir. Uluslararas\u0131 G\u00f6\u00e7 \u00d6rg\u00fct\u00fc&#8217;n\u00fcn (IOM) 2015 y\u0131l\u0131 tahminlerine g\u00f6re Arjantin&#8217;de 635 T\u00fcrk g\u00f6\u00e7men ya\u015famaktad\u0131rlar. Osmanl\u0131 \u0130mparatorlu\u011fu&#8217;ndan bu yana gelen g\u00f6\u00e7menlerin \u00e7o\u011fu Arap (\u00e7o\u011funlukla Suriyeliler ve L\u00fcbnanl\u0131lar) iken bir k\u0131sm\u0131 da Sefarad Yahudileri ve Ermenilerdi. Buna ra\u011fmen Arap-Arjantinliler yanl\u0131\u015fl\u0131kla T\u00fcrk olarak adland\u0131r\u0131lmaktad\u0131r. Bunun bir \u00f6rne\u011fi eski ba\u015fkan Carlos Sa\u00fal Menem&#8217;in lakab\u0131d\u0131r. Bunun nedeni g\u00f6\u00e7menlerin geli\u015fi nedeniyle &#8220;T\u00fcrk-Osmanl\u0131lar&#8221; olarak kaydedilmi\u015f olmalar\u0131d\u0131r, ayn\u0131 \u015fekilde ilk Arjantin n\u00fcfus say\u0131mlar\u0131nda da yer alm\u0131\u015flard\u0131r.<\/p>\n<p>Resm\u00ee rakamlara g\u00f6re Arjantin&#8217;deki Yahudi varl\u0131\u011f\u0131 250-260 bin aras\u0131ndad\u0131r. Yine resm\u00ee rakamlara g\u00f6re bunlar\u0131n y\u00fczde 30&#8217;u Seferad Yahudisi, yani \u0130spanya&#8217;dan Osmanl\u0131&#8217;ya g\u00f6\u00e7 etmi\u015f T\u00fcrk soyundan gelen Yahudilerdir. Seferad Yahudilerinin Arjantin&#8217;deki say\u0131s\u0131 100 bini a\u015f\u0131yor. \u015eili&#8217;de ise rakam 2-4 bin civar\u0131nda. G\u00fcney Amerika \u00fclkelerinde ya\u015fayan Seferadilerin y\u00fczde 50&#8217;si Arjantin&#8217;de bulunuyor.<\/p>\n<p>1914&#8217;te &#8220;T\u00fcrk-Osmanl\u0131lar&#8221; yabanc\u0131 n\u00fcfusun %1,9&#8217;unu temsil ediyordu ve be\u015finci en b\u00fcy\u00fck g\u00f6\u00e7t\u00fc. 1900&#8217;lerin ba\u015f\u0131nda, Reconquista Caddesi&#8217;nin 200 metre yukar\u0131s\u0131na kadar uzanan Buenos Aires&#8217;in Retiro semtinin Catalinas Norte b\u00f6lgesinde bir T\u00fcrk-Osmanl\u0131 mahallesi geli\u015fti. Sekt\u00f6r, Buenos Aires&#8217;teki 8.000 Osmanl\u0131&#8217;n\u0131n \u00e7o\u011funu yo\u011funla\u015ft\u0131rd\u0131. Bir\u00e7o\u011fu t\u00fcccard\u0131 ve kendi gazeteleri bulunuyordu.<\/p>\n<h2>Brezilya\u2019da ya\u015fayan T\u00fcrkler<\/h2>\n<p>Brezilya&#8217;da ya\u015fayan T\u00fcrk toplumuyla ilgili Brezilya&#8217;da 635 T\u00fcrk g\u00f6\u00e7menin ya\u015fad\u0131\u011f\u0131 tahmin edilirken Brezilya istatistiklerine g\u00f6re 2024 y\u0131l\u0131 itibar\u0131yla Brezilya&#8217;da 2.902 T\u00fcrk k\u00f6kenli insan\u0131n ya\u015fad\u0131\u011f\u0131 tespit edilmi\u015ftir. Brezilya\u2019daki T\u00fcrklerin %80&#8217;i S\u00e3o Paulo&#8217;da ya\u015famaktad\u0131r. Rio de Janeiro&#8217;da Grande Tijuca b\u00f6lgesi, m\u00fccevher ma\u011fazalar\u0131na ve tipik T\u00fcrk mutfa\u011f\u0131 sunan restoranlara ev sahipli\u011fi yapan, T\u00fcrk referanslar\u0131n\u0131n \u00f6nemli bir merkezi olarak kabul edilir. Ge\u00e7mi\u015fte Osmanl\u0131&#8217;dan Brezilya&#8217;ya g\u00f6\u00e7 edenlere &#8220;T\u00fcrk&#8221; deniliyordu. Brezilya&#8217;daki T\u00fcrkler, eski Osmanl\u0131 topraklar\u0131nda ya\u015fam\u0131\u015f Arap veya di\u011fer uyruklu g\u00f6\u00e7menlerle kar\u0131\u015ft\u0131r\u0131lmamal\u0131d\u0131r.<\/p>\n<p>Bununla birlikte, 1960 y\u0131l\u0131nda gemisi batan ve T\u00fcrklerden olu\u015fan bir grubun geldi\u011fi \u2018\u2018PRA\u0130A DE CANOA QUEBRADA\u2019\u2019 isminde bir Brezilya k\u00f6y\u00fc bulunmaktad\u0131r.<\/p>\n<p><img loading=\"lazy\" class=\"alignnone size-full wp-image-19123\" src=\"https:\/\/millidusunce.com\/misak\/wp-content\/uploads\/2025\/08\/7.png\" alt=\"\" width=\"1192\" height=\"703\" srcset=\"https:\/\/millidusunce.com\/misak\/wp-content\/uploads\/2025\/08\/7.png 1192w, https:\/\/millidusunce.com\/misak\/wp-content\/uploads\/2025\/08\/7-300x177.png 300w, https:\/\/millidusunce.com\/misak\/wp-content\/uploads\/2025\/08\/7-1024x604.png 1024w, https:\/\/millidusunce.com\/misak\/wp-content\/uploads\/2025\/08\/7-150x88.png 150w, https:\/\/millidusunce.com\/misak\/wp-content\/uploads\/2025\/08\/7-768x453.png 768w\" sizes=\"(max-width: 1192px) 100vw, 1192px\" \/> <img loading=\"lazy\" class=\"alignnone size-full wp-image-19124\" src=\"https:\/\/millidusunce.com\/misak\/wp-content\/uploads\/2025\/08\/8.png\" alt=\"\" width=\"1196\" height=\"693\" srcset=\"https:\/\/millidusunce.com\/misak\/wp-content\/uploads\/2025\/08\/8.png 1196w, https:\/\/millidusunce.com\/misak\/wp-content\/uploads\/2025\/08\/8-300x174.png 300w, https:\/\/millidusunce.com\/misak\/wp-content\/uploads\/2025\/08\/8-1024x593.png 1024w, https:\/\/millidusunce.com\/misak\/wp-content\/uploads\/2025\/08\/8-150x87.png 150w, https:\/\/millidusunce.com\/misak\/wp-content\/uploads\/2025\/08\/8-768x445.png 768w\" sizes=\"(max-width: 1196px) 100vw, 1196px\" \/><\/p>\n<p>O d\u00f6nem bir tepenin \u00fczerine \u00e7izdikleri T\u00fcrk bayra\u011f\u0131m\u0131z buran\u0131n sembol\u00fc olmu\u015f.<\/p>\n<p>T\u00fcrkler b\u00f6lgeyi terk etmi\u015f olsa da ay y\u0131ld\u0131zl\u0131 bayra\u011f\u0131m\u0131z\u0131n izi kalm\u0131\u015f.<\/p>\n<p><img loading=\"lazy\" class=\"alignnone size-full wp-image-19122\" src=\"https:\/\/millidusunce.com\/misak\/wp-content\/uploads\/2025\/08\/6-1.png\" alt=\"\" width=\"1199\" height=\"714\" srcset=\"https:\/\/millidusunce.com\/misak\/wp-content\/uploads\/2025\/08\/6-1.png 1199w, https:\/\/millidusunce.com\/misak\/wp-content\/uploads\/2025\/08\/6-1-300x179.png 300w, https:\/\/millidusunce.com\/misak\/wp-content\/uploads\/2025\/08\/6-1-1024x610.png 1024w, https:\/\/millidusunce.com\/misak\/wp-content\/uploads\/2025\/08\/6-1-150x89.png 150w, https:\/\/millidusunce.com\/misak\/wp-content\/uploads\/2025\/08\/6-1-768x457.png 768w\" sizes=\"(max-width: 1199px) 100vw, 1199px\" \/><\/p>\n<p>G\u00fcn\u00fcm\u00fczde turistik bir k\u00f6y olan bu yerde her ne kadar T\u00fcrk olmasa da bizler taraf\u0131ndan pek bilinmiyordu.<\/p>\n<p>Dahas\u0131 bu k\u00f6y\u00fcn al\u0131\u015fveri\u015f yap\u0131lan yerlerinde T\u00fcrk \u00fcr\u00fcnleri dahi bulunmakta\u2026<\/p>\n<p><img loading=\"lazy\" class=\"alignnone size-full wp-image-19120\" src=\"https:\/\/millidusunce.com\/misak\/wp-content\/uploads\/2025\/08\/5.png\" alt=\"\" width=\"913\" height=\"716\" srcset=\"https:\/\/millidusunce.com\/misak\/wp-content\/uploads\/2025\/08\/5.png 913w, https:\/\/millidusunce.com\/misak\/wp-content\/uploads\/2025\/08\/5-300x235.png 300w, https:\/\/millidusunce.com\/misak\/wp-content\/uploads\/2025\/08\/5-150x118.png 150w, https:\/\/millidusunce.com\/misak\/wp-content\/uploads\/2025\/08\/5-768x602.png 768w\" sizes=\"(max-width: 913px) 100vw, 913px\" \/> <img loading=\"lazy\" class=\"alignnone size-full wp-image-19121\" src=\"https:\/\/millidusunce.com\/misak\/wp-content\/uploads\/2025\/08\/6.png\" alt=\"\" width=\"890\" height=\"712\" srcset=\"https:\/\/millidusunce.com\/misak\/wp-content\/uploads\/2025\/08\/6.png 890w, https:\/\/millidusunce.com\/misak\/wp-content\/uploads\/2025\/08\/6-300x240.png 300w, https:\/\/millidusunce.com\/misak\/wp-content\/uploads\/2025\/08\/6-150x120.png 150w, https:\/\/millidusunce.com\/misak\/wp-content\/uploads\/2025\/08\/6-768x614.png 768w\" sizes=\"(max-width: 890px) 100vw, 890px\" \/><\/p>\n<p>Ay-y\u0131ld\u0131zl\u0131 \u00fcr\u00fcnler g\u00f6z kama\u015ft\u0131r\u0131yor&#8230;<\/p>\n<p>Bu \u00fcr\u00fcnlere bak\u0131ld\u0131\u011f\u0131nda hakikaten T\u00fcrk izleri burada kal\u0131c\u0131 olmu\u015f\u2026<\/p>\n<p>Hatta sahil ve plaj yoluna girildi\u011finde yol \u00fcst\u00fcndeki evlerde dahi ay-y\u0131ld\u0131zdan izlere rastlamak m\u00fcmk\u00fcn&#8230;<\/p>\n<p>\u00dcstelik k\u00f6y\u00fcn meydan\u0131nda bile ay-y\u0131ld\u0131zl\u0131 izler bulunuyor\u2026<\/p>\n<p><img loading=\"lazy\" class=\"alignnone size-full wp-image-19119\" src=\"https:\/\/millidusunce.com\/misak\/wp-content\/uploads\/2025\/08\/3.png\" alt=\"\" width=\"1278\" height=\"713\" srcset=\"https:\/\/millidusunce.com\/misak\/wp-content\/uploads\/2025\/08\/3.png 1278w, https:\/\/millidusunce.com\/misak\/wp-content\/uploads\/2025\/08\/3-300x167.png 300w, https:\/\/millidusunce.com\/misak\/wp-content\/uploads\/2025\/08\/3-1024x571.png 1024w, https:\/\/millidusunce.com\/misak\/wp-content\/uploads\/2025\/08\/3-150x84.png 150w, https:\/\/millidusunce.com\/misak\/wp-content\/uploads\/2025\/08\/3-768x428.png 768w\" sizes=\"(max-width: 1278px) 100vw, 1278px\" \/><\/p>\n<h2>Venezuela\u2019da Ya\u015fayan T\u00fcrkler<\/h2>\n<p>Venezuela&#8217;daki T\u00fcrkler b\u00fcy\u00fck \u00f6l\u00e7\u00fcde g\u00f6\u00e7menlerden veya 1923&#8217;ten \u00f6nce Osmanl\u0131 \u0130mparatorlu\u011fu&#8217;nda , o zamandan beri T\u00fcrkiye Cumhuriyeti&#8217;nde veya bir zamanlar Osmanl\u0131 \u0130mparatorlu\u011fu&#8217;nun bir par\u00e7as\u0131 olan ve h\u00e2l\u00e2 baz\u0131 T\u00fcrk n\u00fcfusu bulunan kom\u015fu \u00fclkelerde do\u011fan g\u00f6\u00e7menlerin torunlar\u0131ndan olu\u015fur. \u00dclkede tahmin\u00ee 27.000 T\u00fcrk vatanda\u015f\u0131 ya\u015famaktad\u0131r.<\/p>\n<h2>T\u00fcrk olmamas\u0131na ra\u011fmen T\u00fcrk ad\u0131n\u0131n verildi\u011fi yerler<\/h2>\n<p><img loading=\"lazy\" class=\"alignnone size-full wp-image-19118\" src=\"https:\/\/millidusunce.com\/misak\/wp-content\/uploads\/2025\/08\/2.jpg\" alt=\"\" width=\"1280\" height=\"720\" srcset=\"https:\/\/millidusunce.com\/misak\/wp-content\/uploads\/2025\/08\/2.jpg 1280w, https:\/\/millidusunce.com\/misak\/wp-content\/uploads\/2025\/08\/2-300x169.jpg 300w, https:\/\/millidusunce.com\/misak\/wp-content\/uploads\/2025\/08\/2-1024x576.jpg 1024w, https:\/\/millidusunce.com\/misak\/wp-content\/uploads\/2025\/08\/2-150x84.jpg 150w, https:\/\/millidusunce.com\/misak\/wp-content\/uploads\/2025\/08\/2-768x432.jpg 768w\" sizes=\"(max-width: 1280px) 100vw, 1280px\" \/><\/p>\n<p>Turks ve Caicos Adalar\u0131<\/p>\n<p>Bu adalarda hi\u00e7 T\u00fcrk ya\u015famamas\u0131na ra\u011fmen T\u00fcrk ad\u0131n\u0131n konma sebebi adada yeti\u015fen ve &#8220;turk&#8217;s head&#8221; ad\u0131 verilen bir tuz kakt\u00fcs\u00fcn\u00fcn \u00e7i\u00e7e\u011finin T\u00fcrk fesine benzetilmesidir.<\/p>\n<p><img loading=\"lazy\" class=\"alignnone size-full wp-image-19117\" src=\"https:\/\/millidusunce.com\/misak\/wp-content\/uploads\/2025\/08\/1.jpg\" alt=\"\" width=\"800\" height=\"1422\" srcset=\"https:\/\/millidusunce.com\/misak\/wp-content\/uploads\/2025\/08\/1.jpg 800w, https:\/\/millidusunce.com\/misak\/wp-content\/uploads\/2025\/08\/1-169x300.jpg 169w, https:\/\/millidusunce.com\/misak\/wp-content\/uploads\/2025\/08\/1-576x1024.jpg 576w, https:\/\/millidusunce.com\/misak\/wp-content\/uploads\/2025\/08\/1-84x150.jpg 84w, https:\/\/millidusunce.com\/misak\/wp-content\/uploads\/2025\/08\/1-768x1365.jpg 768w\" sizes=\"(max-width: 800px) 100vw, 800px\" \/><\/p>\n<p>&nbsp;<\/p>\n<p>&nbsp;<\/p>\n<p>Kaynak\u00e7a:<\/p>\n<p>Amerika Bizimdir T\u00fcrklerin Amerika&#8217;y\u0131 \u0130\u015fgali \/ B\u0131y\u0131kl\u0131 Kas\u0131rga<\/p>\n<p>T\u00fcrk Amerikan \u0130li\u015fkileri: 1919 &#8211; 1997 : Fahir Armao\u011flu<\/p>\n<p>Anadolu Ajans\u0131. (2003). Fifty Thousand Turkish Students Educated Abroad. Anadolu News Agency. Retrieved June 26,<\/p>\n<p>2003, from the World Wide Web: http:\/\/www.turks.us\/article.php?story=20030519170527753<\/p>\n<p>Ahmed, F. (1986). Turks in America: The Ottoman Turk&#8217;s Immigrant Experience. Connecticut: Columbia International Press.<\/p>\n<p>Akinci, U. (2002). Germanification of Turkish-Americans. Retrieved September 28, 2003, from the World Wide Web:<\/p>\n<p>http:\/\/gencturkler2.8m.com\/IMMIGRANTS\/turkish_torque.html<\/p>\n<p>Altschiller, D. (1995). Turkish Americans. In V. Rudolph (Ed.), Gale Encyclopedia of Multicultural America (Vol. 2, pp.<\/p>\n<p>1364-1373). Detroit: Gale Research.<\/p>\n<p>Appadurai, A. (1998). Modernity at Large : Cultural Dimensions of Globalization. Minneapolis, MN: University of Minnesota Press.<\/p>\n<p>Appadurai, A. (2000). Globalization. Durham, NC: Duke University Press.<\/p>\n<p>Bali, R. N. (2004). Anadolu&#8217;dan Yeni D\u00fcnya&#8217;ya: Amerika&#8217;ya G\u00f6\u00e7 Eden T\u00fcrklerin Ya\u015fam \u00d6yk\u00fcleri.<\/p>\n<p>Barber, B. R. (1996). Jihad vs. McWorld (1st Ballantine Books ed.). New York: Ballantine Books.<\/p>\n<p>XIX. Y\u00fczy\u0131lda Osmanl\u0131 Devleti&#8217;nden Latin Amerika\u2019ya G\u00f6\u00e7 Hareketi-\u00d6zcan K\u0131l\u0131\u00e7<\/p>\n<p>Barkey, H. J. (2000). State-Society Relations &#8211; The Struggles of a &#8220;Strong&#8221; State. Journal of International Affairs, 54(1), 20.<\/p>\n<p>Benmayor, R., &amp; Skotnes, A. (1994). Migration and Identity. Oxford ; New York: Oxford University Press.<\/p>\n<p>El Turko G\u00fcnl\u00fckleri Latin Amerika\u2019da Osmanl\u0131 \u0130zleri-\u0130srafil Kuralay<\/p>\n<p>Bilge, B. (1996). Turkish-American Patterns of Intermarriage. In B. C. Aswad &amp; B. Bilge (Eds.), Family and gender among<\/p>\n<p>American Muslims: issues facing Middle Eastern immigrants and their descendants (pp. 327). Philadelphia: Temple University Press.<\/p>\n<p>Cornell, S. E., &amp; Hartmann, D. (1998). Ethnicity and Race : Making Identities in a Changing World. Thousand Oaks, Calif.: Pine Forge Press.<\/p>\n<p>Ergil, D. (2000). Indentity Crises and Political Instability in Turkey. Journal of International Affairs, 54, 43.<\/p>\n<p>EuroAmericans.net. (2003). Population of European-American and other ethnic groups in the United States.<\/p>\n<p>EuroAmericans.net. Retrieved November 13, 2003, from the World Wide Web:<\/p>\n<p>http:\/\/www.euroamericans.net\/census2000.htm<\/p>\n<p>Ferris, M. (1995). Turks. In J. T. Kenneth (Ed.), The Encyclopedia of New York City. New York: Yale University Press.<\/p>\n<p>Giddens, A. (2000). Runaway World : How Globalisation is Reshaping Our Lives. New York: Routledge.<\/p>\n<p>Gordon, J. L. (1931). The Turkish American Controversy over Nationality. The Journal of International Law., 25, 658-669.<\/p>\n<p>Gregory, D. (1995). Imaginative Geographies. Progress in Human Geography, 19, 447-485.<\/p>\n<p>Guvenc, B. (1998). Secular Trends and Turkish Identity. Journal of International Affairs, II(4).<\/p>\n<p>Halman, T. (1980). Harvard Encyclopedia of American Ethnic Groups. In S. Thernstrom (Ed.), Harvard Encyclopedia of American Ethnic Groups (pp. xxv, 1076). Cambridge, Mass.: Belknap Press.<\/p>\n<p>INS. (2001). Statistical Yearbook. The U.S Immigration and Naturaliz Service. Retrieved January 15, 2003, from the World Wide Web: http:\/\/www.ins,gov<\/p>\n<p>Jackson, P. (1994). Maps of Meaning : an Introduction to Cultural Geography. London ; New York: Routledge.<\/p>\n<p>Karpat, K. (1995). Turks in America. In T. D. Stephane (Ed.), Les Annales de L&#8217;Autre Islam (Vol. 3, pp. 231-252). Paris: Erism.<\/p>\n<p>Kaya, \u0130. (2003). Shifting Turkish American Identity Formations in the United States. Unpublished Dissertation, Florida State University, Tallahassee.<\/p>\n<p>Kaya, \u0130. (2004). Turkish American Immigration History and Identity Formations. the Journal of Muslim Minority Affairs, 24.<\/p>\n<p>Lewis, B. (1961). The Emergence of Modern Turkey. London, New York,: Oxford University Press.<\/p>\n<p>Palanithurai, G., &amp; Thandavan, R. (1998). Ethnic Movement in Transition: Ideology and Culture in a Changing Society. New<\/p>\n<p>Delhi: Kanishka Publishers Distributors.<\/p>\n<p>Amerika&#8217;daki T\u00fcrk \u0130mgesi : Justin McCarthy<\/p>\n<p>Shanks, C. (2002). Immigration and the Politics of American Sovereignty, 1890-1990. Ann Arbor: The University of Michigan Press<\/p>\n<p>Tosun Bekir Bayraktaro\u011flu-<a href=\"https:\/\/www.google.com\/url?sa=i&amp;url=https:\/\/timas.com.tr\/amerikada-bir-turk-9789759161965&amp;psig=AOvVaw1v3XdlGM5OoAss24XLPrD7&amp;ust=1747772470661000&amp;source=images&amp;cd=vfe&amp;opi=89978449&amp;ved=0CBcQjhxqFwoTCKiI1LOusI0DFQAAAAAdAAAAABAl\">Amerika&#8217;da Bir T\u00fcrk<\/a><\/p>\n<p><a href=\"https:\/\/www.google.com\/url?sa=i&amp;url=https:\/\/timas.com.tr\/amerikada-bir-turk-9789759161965&amp;psig=AOvVaw1v3XdlGM5OoAss24XLPrD7&amp;ust=1747772470661000&amp;source=images&amp;cd=vfe&amp;opi=89978449&amp;ved=0CBcQjhxqFwoTCKiI1LOusI0DFQAAAAAdAAAAABAl\">Oral Sander-<\/a><a href=\"https:\/\/www.google.com\/url?sa=i&amp;url=https:\/\/www.kitapyurdu.com\/kitap\/turkamerikan-iliskileri-\/392440.html&amp;psig=AOvVaw1v3XdlGM5OoAss24XLPrD7&amp;ust=1747772470661000&amp;source=images&amp;cd=vfe&amp;opi=89978449&amp;ved=0CBcQjhxqFwoTCKiI1LOusI0DFQAAAAAdAAAAABBI\">T\u00fcrk-Amerikan \u0130li\u015fkileri<\/a><\/p>\n","protected":false},"excerpt":{"rendered":"<p>T\u00fcrkiye\u2019den Meksika\u2019ya olan mesafe 11 bin kilometre olmas\u0131na ra\u011fmen bu uzun yolu a\u015fan T\u00fcrk vatanda\u015flar\u0131 aras\u0131nda ba\u015f\u0131 \u00e7ekenler \u00c7orumlular ve A\u011fr\u0131l\u0131lard\u0131r.<\/p>\n","protected":false},"author":221,"featured_media":19127,"comment_status":"open","ping_status":"open","sticky":false,"template":"","format":"standard","meta":{"_links_to":"","_links_to_target":""},"categories":[2],"tags":[265,3174,3177,3175,3173,3176,609,3178,3179],"yoast_head":"<!-- This site is optimized with the Yoast SEO plugin v16.0.2 - https:\/\/yoast.com\/wordpress\/plugins\/seo\/ -->\n<title>Latin Amerika\u2019da ya\u015fayan T\u00fcrkler - M\u0130SAK- Mill\u00ee Strateji Ara\u015ft\u0131rma Kurulu<\/title>\n<meta name=\"description\" content=\"Meksika halk\u0131 T\u00fcrkleri seviyor ve kabul ediyorlar. Irk\u00e7\u0131l\u0131k ve herhangi bir d\u0131\u015flama yapm\u0131yorlar. Meksika\u2019da genel olarak Avrupa\u2019n\u0131n aksine daha \u00e7ok sayg\u0131 var ve i\u015fin ilgin\u00e7 yan\u0131 T\u00fcrkiye halk nezdinde sayg\u0131n bir \u00fclke olarak kabul edilmektedir.\" \/>\n<link rel=\"canonical\" href=\"https:\/\/millidusunce.com\/misak\/latin-amerikada-yasayan-turkler\/\" \/>\n<meta property=\"og:locale\" content=\"tr_TR\" \/>\n<meta property=\"og:type\" content=\"article\" \/>\n<meta property=\"og:title\" content=\"Latin Amerika\u2019da ya\u015fayan T\u00fcrkler - M\u0130SAK- Mill\u00ee Strateji Ara\u015ft\u0131rma Kurulu\" \/>\n<meta property=\"og:description\" content=\"Meksika halk\u0131 T\u00fcrkleri seviyor ve kabul ediyorlar. Irk\u00e7\u0131l\u0131k ve herhangi bir d\u0131\u015flama yapm\u0131yorlar. Meksika\u2019da genel olarak Avrupa\u2019n\u0131n aksine daha \u00e7ok sayg\u0131 var ve i\u015fin ilgin\u00e7 yan\u0131 T\u00fcrkiye halk nezdinde sayg\u0131n bir \u00fclke olarak kabul edilmektedir.\" \/>\n<meta property=\"og:url\" content=\"https:\/\/millidusunce.com\/misak\/latin-amerikada-yasayan-turkler\/\" \/>\n<meta property=\"og:site_name\" content=\"M\u0130SAK- Mill\u00ee Strateji Ara\u015ft\u0131rma Kurulu\" \/>\n<meta property=\"article:published_time\" content=\"2025-08-18T16:00:00+00:00\" \/>\n<meta property=\"article:modified_time\" content=\"2025-08-18T15:25:10+00:00\" \/>\n<meta property=\"og:image\" content=\"https:\/\/millidusunce.com\/misak\/wp-content\/uploads\/2025\/08\/yazi-14.jpg\" \/>\n\t<meta property=\"og:image:width\" content=\"1200\" \/>\n\t<meta property=\"og:image:height\" content=\"800\" \/>\n<meta name=\"twitter:card\" content=\"summary_large_image\" \/>\n<meta name=\"twitter:label1\" content=\"Tahmini okuma s\u00fcresi\">\n\t<meta name=\"twitter:data1\" content=\"9 dakika\">\n<script type=\"application\/ld+json\" class=\"yoast-schema-graph\">{\"@context\":\"https:\/\/schema.org\",\"@graph\":[{\"@type\":\"Organization\",\"@id\":\"https:\/\/millidusunce.com\/misak\/#organization\",\"name\":\"Mill\\u00ee D\\u00fc\\u015f\\u00fcnce Merkezi\",\"url\":\"https:\/\/millidusunce.com\/misak\/\",\"sameAs\":[],\"logo\":{\"@type\":\"ImageObject\",\"@id\":\"https:\/\/millidusunce.com\/misak\/#logo\",\"inLanguage\":\"tr\",\"url\":\"https:\/\/millidusunce.com\/misak\/wp-content\/uploads\/2018\/09\/mdmLogo-yazisiz.jpg\",\"width\":422,\"height\":422,\"caption\":\"Mill\\u00ee D\\u00fc\\u015f\\u00fcnce Merkezi\"},\"image\":{\"@id\":\"https:\/\/millidusunce.com\/misak\/#logo\"}},{\"@type\":\"WebSite\",\"@id\":\"https:\/\/millidusunce.com\/misak\/#website\",\"url\":\"https:\/\/millidusunce.com\/misak\/\",\"name\":\"M\\u0130SAK- Mill\\u00ee Strateji Ara\\u015ft\\u0131rma Kurulu\",\"description\":\"D\\u00fcnyaya T\\u00fcrk\\u00e7\\u00fc Bak\\u0131\\u015f\",\"publisher\":{\"@id\":\"https:\/\/millidusunce.com\/misak\/#organization\"},\"potentialAction\":[{\"@type\":\"SearchAction\",\"target\":\"https:\/\/millidusunce.com\/misak\/?s={search_term_string}\",\"query-input\":\"required name=search_term_string\"}],\"inLanguage\":\"tr\"},{\"@type\":\"ImageObject\",\"@id\":\"https:\/\/millidusunce.com\/misak\/latin-amerikada-yasayan-turkler\/#primaryimage\",\"inLanguage\":\"tr\",\"url\":\"https:\/\/millidusunce.com\/misak\/wp-content\/uploads\/2025\/08\/yazi-14.jpg\",\"width\":1200,\"height\":800},{\"@type\":\"WebPage\",\"@id\":\"https:\/\/millidusunce.com\/misak\/latin-amerikada-yasayan-turkler\/#webpage\",\"url\":\"https:\/\/millidusunce.com\/misak\/latin-amerikada-yasayan-turkler\/\",\"name\":\"Latin Amerika\\u2019da ya\\u015fayan T\\u00fcrkler - M\\u0130SAK- Mill\\u00ee Strateji Ara\\u015ft\\u0131rma Kurulu\",\"isPartOf\":{\"@id\":\"https:\/\/millidusunce.com\/misak\/#website\"},\"primaryImageOfPage\":{\"@id\":\"https:\/\/millidusunce.com\/misak\/latin-amerikada-yasayan-turkler\/#primaryimage\"},\"datePublished\":\"2025-08-18T16:00:00+00:00\",\"dateModified\":\"2025-08-18T15:25:10+00:00\",\"description\":\"Meksika halk\\u0131 T\\u00fcrkleri seviyor ve kabul ediyorlar. Irk\\u00e7\\u0131l\\u0131k ve herhangi bir d\\u0131\\u015flama yapm\\u0131yorlar. Meksika\\u2019da genel olarak Avrupa\\u2019n\\u0131n aksine daha \\u00e7ok sayg\\u0131 var ve i\\u015fin ilgin\\u00e7 yan\\u0131 T\\u00fcrkiye halk nezdinde sayg\\u0131n bir \\u00fclke olarak kabul edilmektedir.\",\"breadcrumb\":{\"@id\":\"https:\/\/millidusunce.com\/misak\/latin-amerikada-yasayan-turkler\/#breadcrumb\"},\"inLanguage\":\"tr\",\"potentialAction\":[{\"@type\":\"ReadAction\",\"target\":[\"https:\/\/millidusunce.com\/misak\/latin-amerikada-yasayan-turkler\/\"]}]},{\"@type\":\"BreadcrumbList\",\"@id\":\"https:\/\/millidusunce.com\/misak\/latin-amerikada-yasayan-turkler\/#breadcrumb\",\"itemListElement\":[{\"@type\":\"ListItem\",\"position\":1,\"item\":{\"@type\":\"WebPage\",\"@id\":\"https:\/\/millidusunce.com\/misak\/\",\"url\":\"https:\/\/millidusunce.com\/misak\/\",\"name\":\"Anasayfa\"}},{\"@type\":\"ListItem\",\"position\":2,\"item\":{\"@type\":\"WebPage\",\"@id\":\"https:\/\/millidusunce.com\/misak\/latin-amerikada-yasayan-turkler\/\",\"url\":\"https:\/\/millidusunce.com\/misak\/latin-amerikada-yasayan-turkler\/\",\"name\":\"Latin Amerika\\u2019da ya\\u015fayan T\\u00fcrkler\"}}]},{\"@type\":\"Article\",\"@id\":\"https:\/\/millidusunce.com\/misak\/latin-amerikada-yasayan-turkler\/#article\",\"isPartOf\":{\"@id\":\"https:\/\/millidusunce.com\/misak\/latin-amerikada-yasayan-turkler\/#webpage\"},\"author\":{\"@id\":\"https:\/\/millidusunce.com\/misak\/#\/schema\/person\/6f572a5558a44ac297d83828cda757e0\"},\"headline\":\"Latin Amerika\\u2019da ya\\u015fayan T\\u00fcrkler\",\"datePublished\":\"2025-08-18T16:00:00+00:00\",\"dateModified\":\"2025-08-18T15:25:10+00:00\",\"mainEntityOfPage\":{\"@id\":\"https:\/\/millidusunce.com\/misak\/latin-amerikada-yasayan-turkler\/#webpage\"},\"commentCount\":0,\"publisher\":{\"@id\":\"https:\/\/millidusunce.com\/misak\/#organization\"},\"image\":{\"@id\":\"https:\/\/millidusunce.com\/misak\/latin-amerikada-yasayan-turkler\/#primaryimage\"},\"keywords\":\"Amerika,Brezilya,Canoa Quebrada,Latin Amerika,Meksika,Praia de Canoa Quebrada,T\\u00fcrk,Turks ve Caicos Adalar\\u0131,Venezuela\",\"inLanguage\":\"tr\",\"potentialAction\":[{\"@type\":\"CommentAction\",\"name\":\"Comment\",\"target\":[\"https:\/\/millidusunce.com\/misak\/latin-amerikada-yasayan-turkler\/#respond\"]}]},{\"@type\":\"Person\",\"@id\":\"https:\/\/millidusunce.com\/misak\/#\/schema\/person\/6f572a5558a44ac297d83828cda757e0\",\"name\":\"U\\u011fur Utkan\",\"image\":{\"@type\":\"ImageObject\",\"@id\":\"https:\/\/millidusunce.com\/misak\/#personlogo\",\"inLanguage\":\"tr\",\"url\":\"https:\/\/secure.gravatar.com\/avatar\/4e75c2343065392a49f54b7ac2a3ceb9?s=96&d=mm&r=g\",\"caption\":\"U\\u011fur Utkan\"}}]}<\/script>\n<!-- \/ Yoast SEO plugin. -->","_links":{"self":[{"href":"https:\/\/millidusunce.com\/misak\/wp-json\/wp\/v2\/posts\/19116"}],"collection":[{"href":"https:\/\/millidusunce.com\/misak\/wp-json\/wp\/v2\/posts"}],"about":[{"href":"https:\/\/millidusunce.com\/misak\/wp-json\/wp\/v2\/types\/post"}],"author":[{"embeddable":true,"href":"https:\/\/millidusunce.com\/misak\/wp-json\/wp\/v2\/users\/221"}],"replies":[{"embeddable":true,"href":"https:\/\/millidusunce.com\/misak\/wp-json\/wp\/v2\/comments?post=19116"}],"version-history":[{"count":4,"href":"https:\/\/millidusunce.com\/misak\/wp-json\/wp\/v2\/posts\/19116\/revisions"}],"predecessor-version":[{"id":19129,"href":"https:\/\/millidusunce.com\/misak\/wp-json\/wp\/v2\/posts\/19116\/revisions\/19129"}],"wp:featuredmedia":[{"embeddable":true,"href":"https:\/\/millidusunce.com\/misak\/wp-json\/wp\/v2\/media\/19127"}],"wp:attachment":[{"href":"https:\/\/millidusunce.com\/misak\/wp-json\/wp\/v2\/media?parent=19116"}],"wp:term":[{"taxonomy":"category","embeddable":true,"href":"https:\/\/millidusunce.com\/misak\/wp-json\/wp\/v2\/categories?post=19116"},{"taxonomy":"post_tag","embeddable":true,"href":"https:\/\/millidusunce.com\/misak\/wp-json\/wp\/v2\/tags?post=19116"}],"curies":[{"name":"wp","href":"https:\/\/api.w.org\/{rel}","templated":true}]}}