{"id":19244,"date":"2025-09-28T12:00:50","date_gmt":"2025-09-28T09:00:50","guid":{"rendered":"https:\/\/millidusunce.com\/misak\/?p=19244"},"modified":"2025-09-28T09:55:50","modified_gmt":"2025-09-28T06:55:50","slug":"atom-bombasinin-patladigi-yerdeki-etkileri","status":"publish","type":"post","link":"https:\/\/millidusunce.com\/misak\/atom-bombasinin-patladigi-yerdeki-etkileri\/","title":{"rendered":"Atom Bombas\u0131n\u0131n Patlad\u0131\u011f\u0131 Yerdeki Etkileri"},"content":{"rendered":"<p>&nbsp;<\/p>\n<p>Bir atom bombas\u0131 patlad\u0131\u011f\u0131nda ortaya \u00e7\u0131kan etkiler genellikle <em>be\u015f ana kategoride<\/em> incelenir. Bu etkiler hem fiziksel y\u0131k\u0131ma hem de biyolojik ve \u00e7evresel hasarlara neden olur.<\/p>\n<ol>\n<li>\n<h2>Ani Is\u0131 (Termal Radyasyon)<\/h2>\n<\/li>\n<\/ol>\n<ul>\n<li>Patlamadan \u00e7\u0131kan ani k\u0131z\u0131l\u00f6tesi ve g\u00f6r\u00fcn\u00fcr \u0131\u015f\u0131k radyasyonu \u00e7evredeki nesneleri ve canl\u0131lar\u0131 saniyeler i\u00e7inde yakar.<\/li>\n<\/ul>\n<p>&nbsp;<\/p>\n<ul>\n<li><strong>Etkileri:<\/strong>\n<ul>\n<li>Bir-iki kilometre i\u00e7inde her \u015fey yanabilir.<\/li>\n<li>Deri yan\u0131klar\u0131 (birinci, ikinci ve \u00fc\u00e7\u00fcnc\u00fc derece) olu\u015fur.<\/li>\n<li>Alevli yang\u0131nlar ba\u015flat\u0131r.<\/li>\n<\/ul>\n<\/li>\n<\/ul>\n<p>&nbsp;<\/p>\n<ul>\n<li><strong>Hiro\u015fima \u00f6rne\u011fi:<\/strong> \u0130nsanlar\u0131n g\u00f6lgeleri kald\u0131r\u0131ma kaz\u0131nacak kadar yo\u011fun \u0131s\u0131.<\/li>\n<\/ul>\n<ol start=\"2\">\n<li>\n<h2>Bas\u0131n\u00e7 Dalgas\u0131 (Blast)<\/h2>\n<\/li>\n<\/ol>\n<ul>\n<li>Patlaman\u0131n merkezinden yay\u0131lan \u015fok dalgas\u0131, binalar\u0131, altyap\u0131y\u0131 ve insanlar\u0131 y\u0131kar.<\/li>\n<\/ul>\n<p>&nbsp;<\/p>\n<ul>\n<li><strong>Etkileri:<\/strong>\n<ul>\n<li>Bir-iki kilometre \u00e7apta tam y\u0131k\u0131m.<\/li>\n<li>Be\u015f kilometreye kadar camlar k\u0131r\u0131l\u0131r, a\u011f\u0131r hasar.<\/li>\n<li>Y\u00fcksek h\u0131zda f\u0131rlayan enkazlar \u00f6l\u00fcmc\u00fcl olur.<\/li>\n<\/ul>\n<\/li>\n<\/ul>\n<ul>\n<li>Bas\u0131n\u00e7 dalgas\u0131, ses h\u0131z\u0131n\u0131n birka\u00e7 kat\u0131 h\u0131zla ilerler.<\/li>\n<\/ul>\n<ol start=\"3\">\n<li>\n<h2>N\u00fckleer Radyasyon (Anl\u0131k ve Kal\u0131c\u0131)<\/h2>\n<\/li>\n<\/ol>\n<p>&nbsp;<\/p>\n<p>a) Anl\u0131k (Prompt) Radyasyon:<\/p>\n<ul>\n<li>Patlama an\u0131nda yay\u0131lan gama \u0131\u015f\u0131nlar\u0131 ve n\u00f6tronlar.<\/li>\n<li>Bir km i\u00e7inde \u00f6l\u00fcmc\u00fcl dozda radyasyon.<\/li>\n<\/ul>\n<p>b) Kal\u0131c\u0131 (Art\u0131k) Radyasyon \u2013 Fallout:<\/p>\n<ul>\n<li>Patlamadan sonra atmosfere kar\u0131\u015fan radyoaktif partik\u00fcller yer y\u00fcz\u00fcne \u00e7\u00f6ker.<\/li>\n<li>Radyasyon etkileri:\n<ul>\n<li>Kanser, genetik bozukluk, i\u00e7 organ hasar\u0131.<\/li>\n<li>Toprak, su ve g\u0131dalar\u0131n kontaminasyonu.<\/li>\n<\/ul>\n<\/li>\n<li>Bu etki haftalarca s\u00fcrebilir.<\/li>\n<\/ul>\n<ol start=\"4\">\n<li>\n<h2>Radyoaktif Ya\u011f\u0131\u015f (Fallout)<\/h2>\n<\/li>\n<\/ol>\n<ul>\n<li>Patlama yerinden y\u00fckselen mantar bulutuyla ta\u015f\u0131nan radyoaktif maddeler, r\u00fczg\u00e2rla uzak b\u00f6lgelere ta\u015f\u0131n\u0131r.<\/li>\n<li><strong>Etkileri:<\/strong>\n<ul>\n<li>Binlerce kilometre uzakta bile kontaminasyon.<\/li>\n<li>Tar\u0131m arazilerinde kirlenme.<\/li>\n<li>G\u0131da zincirinde radyasyon birikimi (biyobirikim).<\/li>\n<\/ul>\n<\/li>\n<\/ul>\n<ol start=\"5\">\n<li>\n<h2>Elektromanyetik Darbe (EMP) \u2013 (Y\u00fcksek irtifa patlamalar\u0131nda)<\/h2>\n<\/li>\n<\/ol>\n<ul>\n<li>Atmosferin \u00fcst katmanlar\u0131nda yap\u0131lan n\u00fckleer patlamalarda elektromanyetik darbe olu\u015fur.<\/li>\n<li><strong>Etkileri:<\/strong>\n<ul>\n<li>Elektronik cihazlar\u0131n ve ileti\u015fim sistemlerinin bozulmas\u0131.<\/li>\n<li>Enerji altyap\u0131s\u0131n\u0131n \u00e7\u00f6kmesi (elektrik kesintisi, cihaz ar\u0131zalar\u0131).<\/li>\n<\/ul>\n<\/li>\n<\/ul>\n<p>&nbsp;<\/p>\n<p><strong>\u00d6zet Tablo: Atom Bombas\u0131 Etki T\u00fcrleri<\/strong><\/p>\n<p>&nbsp;<\/p>\n<table>\n<thead>\n<tr>\n<td><strong>Etki T\u00fcr\u00fc<\/strong><\/td>\n<td><strong>Etki Alan\u0131<\/strong><\/td>\n<td><strong>S\u00fcresi<\/strong><\/td>\n<td><strong>\u0130nsan Sa\u011fl\u0131\u011f\u0131na Etkisi<\/strong><\/td>\n<td><strong>\u00c7evresel Etkisi<\/strong><\/td>\n<\/tr>\n<\/thead>\n<tbody>\n<tr>\n<td>Is\u0131 (Termal)<\/td>\n<td>1\u20133 km<\/td>\n<td>saniyeler<\/td>\n<td>Ciddi yan\u0131klar, yang\u0131nlar<\/td>\n<td>Orman\/\u015fehir yang\u0131nlar\u0131<\/td>\n<\/tr>\n<tr>\n<td>Bas\u0131n\u00e7 (Blast)<\/td>\n<td>1\u20135 km<\/td>\n<td>saniyeler<\/td>\n<td>Travmalar, g\u00f6\u00e7\u00fckler, \u00f6l\u00fcm<\/td>\n<td>Bina ve altyap\u0131 y\u0131k\u0131m\u0131<\/td>\n<\/tr>\n<tr>\n<td>Anl\u0131k Radyasyon<\/td>\n<td>1\u20132 km<\/td>\n<td>saniyeler<\/td>\n<td>\u00d6l\u00fcme yol a\u00e7abilecek dozlar<\/td>\n<td>Biyolojik kirlenme<\/td>\n<\/tr>\n<tr>\n<td>Fallout (ya\u011f\u0131\u015f)<\/td>\n<td>10\u20131000 km<\/td>\n<td>g\u00fcnler\u2013y\u0131llar<\/td>\n<td>Kanser, k\u0131s\u0131rl\u0131k, mutasyon<\/td>\n<td>Toprak, su ve g\u0131da zehirlenmesi<\/td>\n<\/tr>\n<tr>\n<td>EMP<\/td>\n<td>Y\u00fczlerce km<\/td>\n<td>anl\u0131k<\/td>\n<td>Hayati de\u011fil, teknolojik risk<\/td>\n<td>Elektronik sistem felci<\/td>\n<\/tr>\n<\/tbody>\n<\/table>\n<p><strong>Ekstra Notlar:<\/strong><\/p>\n<ul>\n<li><em>Y\u00fczeyde patlayan bombalar<\/em> daha fazla fallout \u00fcretir.<\/li>\n<li><em>Hava patlamalar\u0131<\/em> daha \u00e7ok bas\u0131n\u00e7 ve \u0131s\u0131 etkisine yol a\u00e7ar.<\/li>\n<li><em>Yer alt\u0131 n\u00fckleer testleri<\/em> de yeralt\u0131 su kaynaklar\u0131n\u0131 uzun vadeli kirletebilir.<\/li>\n<\/ul>\n<p><strong>\u00a0<\/strong><\/p>\n<h2>Bir \u00dclkenin Atom Bombas\u0131na Sahip Olmak \u0130stemesinin Nedenleri<\/h2>\n<p>&nbsp;<\/p>\n<p>Bir \u00fclkenin atom bombas\u0131na sahip olma iste\u011fi, sadece askeri g\u00fc\u00e7le s\u0131n\u0131rl\u0131 de\u011fildir. Bu istek, jeopolitik, stratejik, psikolojik, teknolojik ve hatta i\u00e7 politik nedenlere dayan\u0131r.<\/p>\n<p>A\u015fa\u011f\u0131da, bu nedenler ba\u015fl\u0131klar h\u00e2linde \u015fu \u015fekilde a\u00e7\u0131klanabilir:<\/p>\n<ol>\n<li><strong> Cayd\u0131r\u0131c\u0131l\u0131k (Deterrence) ve G\u00fcvenlik<\/strong><\/li>\n<\/ol>\n<p>Atom bombas\u0131 sahibi olmak, bir \u00fclkenin kendisini d\u0131\u015f tehditlere kar\u015f\u0131 daha g\u00fcvende hissetmesini sa\u011flar.<\/p>\n<ul>\n<li><em>N\u00fckleer cayd\u0131r\u0131c\u0131l\u0131k doktrini<\/em> (\u00f6rnek: Mutually Assured Destruction \u2013 Kar\u015f\u0131l\u0131kl\u0131 Garantili \u0130mha) kapsam\u0131nda, ba\u015fka bir \u00fclkenin sald\u0131r\u0131 yapmas\u0131n\u0131 \u00f6nlemek i\u00e7in kullan\u0131l\u0131r.<\/li>\n<li><em>Kuzey Kore \u00f6rne\u011fi<\/em><strong>:<\/strong> ABD ve G\u00fcney Kore\u2019ye kar\u015f\u0131 n\u00fckleer silahlar\u0131n\u0131 bir \u201chayatta kalma sigortas\u0131\u201d olarak g\u00f6r\u00fcr.<\/li>\n<\/ul>\n<ol start=\"2\">\n<li><strong> B\u00f6lgesel ve K\u00fcresel G\u00fc\u00e7 Stat\u00fcs\u00fc<\/strong><\/li>\n<\/ol>\n<p>N\u00fckleer silaha sahip olmak, genellikle \u201cb\u00fcy\u00fck g\u00fc\u00e7\u201d kimli\u011finin bir sembol\u00fcd\u00fcr.<\/p>\n<ul>\n<li><em>Prestij:<\/em> N\u00fckleer g\u00fc\u00e7 olmak, BM G\u00fcvenlik Konseyi \u00fcyeleri gibi k\u00fcresel karar mekanizmalar\u0131nda daha g\u00fc\u00e7l\u00fc s\u00f6z hakk\u0131 sa\u011flar.<\/li>\n<li><em>\u00d6rnek:<\/em> Hindistan ve Pakistan\u2019\u0131n n\u00fckleer programlar\u0131 b\u00f6lgesel g\u00fc\u00e7 rekabetiyle do\u011frudan ili\u015fkilidir.<\/li>\n<\/ul>\n<ol start=\"3\">\n<li><strong> Asimetrik G\u00fc\u00e7 Dengelerini Dengeleme<\/strong><\/li>\n<\/ol>\n<p>Konvansiyonel askeri g\u00fc\u00e7te zay\u0131f olan \u00fclkeler, bu a\u00e7\u0131\u011f\u0131 kapatmak i\u00e7in n\u00fckleer silaha y\u00f6nelebilir.<\/p>\n<ul>\n<li><em>\u00d6rnek:<\/em> \u0130srail\u2019in \u00e7evresindeki Arap devletlerine kar\u015f\u0131 n\u00fckleer denge kurma \u00e7abas\u0131.<\/li>\n<li>D\u00fc\u015fman devletlerle \u201casimetrik stratejik denge\u201d olu\u015fturma arac\u0131 olarak g\u00f6r\u00fcl\u00fcr.<\/li>\n<\/ul>\n<ol start=\"4\">\n<li><strong> Teknolojik G\u00fc\u00e7 ve Bilimsel Motivasyon<\/strong><\/li>\n<\/ol>\n<p>N\u00fckleer silah programlar\u0131, ayn\u0131 zamanda bir \u00fclkenin bilimsel ve teknolojik kapasitesini g\u00f6stermek i\u00e7in de geli\u015ftirilir.<\/p>\n<ul>\n<li><em>N\u00fckleer altyap\u0131<\/em>, enerji, t\u0131p ve uzay teknolojilerinde de kullan\u0131labilir.<\/li>\n<li><em>\u00d6rnek:<\/em> \u0130ran, n\u00fckleer program\u0131n\u0131 &#8220;bar\u0131\u015f\u00e7\u0131l teknoloji&#8221; s\u00f6ylemiyle me\u015frula\u015ft\u0131rmaya \u00e7al\u0131\u015fmaktad\u0131r.<\/li>\n<\/ul>\n<ol start=\"5\">\n<li><strong> \u0130\u00e7 Politik Me\u015fruiyet ve Mill\u00ee Gurur<\/strong><\/li>\n<\/ol>\n<p>H\u00fck\u00fcmetler n\u00fckleer programlar\u0131 mill\u00ee bir proje olarak tan\u0131t\u0131p, halk deste\u011fini art\u0131rabilir.<\/p>\n<ul>\n<li><em>Siyasi otoritenin tahkimi:<\/em> Liderler n\u00fckleer ba\u015far\u0131y\u0131 rejim me\u015fruiyeti olarak kullanabilir.<\/li>\n<li><em>Kuzey Kore:<\/em> Kim rejimi n\u00fckleer silahlar\u0131 i\u00e7 politik kontrol\u00fcn sembol\u00fc olarak kullan\u0131yor.<\/li>\n<\/ul>\n<ol start=\"6\">\n<li><strong> Uluslararas\u0131 Anla\u015fmalar\u0131 ve Bask\u0131y\u0131 A\u015fmak<\/strong><\/li>\n<\/ol>\n<p>N\u00fckleer silaha sahip olmak, bir \u00fclkeyi uluslararas\u0131 m\u00fcdahaleye kar\u015f\u0131 daha dokunulmaz hale getirebilir.<\/p>\n<ul>\n<li><em>\u00d6rnek:<\/em> N\u00fckleer g\u00fcce ula\u015fan \u00fclkeler, genellikle askeri m\u00fcdahale tehdidinden kurtulur.<\/li>\n<\/ul>\n<ol start=\"7\">\n<li><strong> Enerji ve \u00c7ift Kullan\u0131ml\u0131 Teknoloji (Dual Use)<\/strong><\/li>\n<\/ol>\n<p>N\u00fckleer enerji programlar\u0131 ile n\u00fckleer silah programlar\u0131 aras\u0131ndaki s\u0131n\u0131rlar \u00e7ok incedir.<\/p>\n<ul>\n<li><em>Zenginle\u015ftirilmi\u015f uranyum ya da pl\u00fctonyum \u00fcretimi<\/em> hem enerji hem silah \u00fcretiminde kullan\u0131labilir.<\/li>\n<li>Bu nedenle baz\u0131 \u00fclkeler \u201cenerji program\u0131\u201d ad\u0131 alt\u0131nda gizli silah program\u0131 geli\u015ftirmeye \u00e7al\u0131\u015f\u0131r.<\/li>\n<\/ul>\n<ol start=\"8\">\n<li><strong> Di\u011fer \u00dclkelerin Programlar\u0131na Tepki<\/strong><\/li>\n<\/ol>\n<p>Kom\u015fu ya da d\u00fc\u015fman \u00fclkelerin n\u00fckleerle\u015fmesi, zincirleme silahlanma yar\u0131\u015f\u0131n\u0131 tetikleyebilir.<\/p>\n<ul>\n<li><em>Pakistan-Hindistan \u00f6rne\u011fi<\/em><\/li>\n<li><em>\u0130ran-Suudi Arabistan potansiyel rekabeti<\/em><\/li>\n<\/ul>\n<p><strong>\u00a0<\/strong><\/p>\n<h2>SONU\u00c7: Atom Bombas\u0131na Sahip Olmak Neyi Sa\u011flar?<\/h2>\n<table>\n<thead>\n<tr>\n<td><strong>Ama\u00e7<\/strong><\/td>\n<td><strong>A\u00e7\u0131klama<\/strong><\/td>\n<\/tr>\n<\/thead>\n<tbody>\n<tr>\n<td>G\u00fcvenlik ve cayd\u0131r\u0131c\u0131l\u0131k<\/td>\n<td>Sald\u0131r\u0131ya u\u011frama riskini azalt\u0131r<\/td>\n<\/tr>\n<tr>\n<td>Uluslararas\u0131 prestij<\/td>\n<td>K\u00fcresel g\u00fc\u00e7 olma iddias\u0131n\u0131 g\u00fc\u00e7lendirir<\/td>\n<\/tr>\n<tr>\n<td>\u0130\u00e7 politik g\u00fc\u00e7<\/td>\n<td>Rejim me\u015fruiyeti ve mill\u00ee birlik sa\u011flar<\/td>\n<\/tr>\n<tr>\n<td>Teknolojik geli\u015fim<\/td>\n<td>Bilimsel kapasiteyi art\u0131r\u0131r<\/td>\n<\/tr>\n<tr>\n<td>Stratejik avantaj<\/td>\n<td>M\u00fczakere g\u00fcc\u00fcn\u00fc art\u0131r\u0131r<\/td>\n<\/tr>\n<tr>\n<td><\/td>\n<td><\/td>\n<\/tr>\n<\/tbody>\n<\/table>\n<p>&nbsp;<\/p>\n","protected":false},"excerpt":{"rendered":"<p>Bir atom bombas\u0131 patlad\u0131\u011f\u0131nda ortaya \u00e7\u0131kan etkiler genellikle be\u015f ana kategoride incelenir. Patlaman\u0131n merkezinden yay\u0131lan \u015fok dalgas\u0131, binalar\u0131, altyap\u0131y\u0131 ve insanlar\u0131 y\u0131kar.<\/p>\n","protected":false},"author":191,"featured_media":19249,"comment_status":"open","ping_status":"open","sticky":false,"template":"","format":"standard","meta":{"_links_to":"","_links_to_target":""},"categories":[2],"tags":[3222,3223,3224,3221,3146,3163],"yoast_head":"<!-- This site is optimized with the Yoast SEO plugin v16.0.2 - https:\/\/yoast.com\/wordpress\/plugins\/seo\/ -->\n<title>Atom Bombas\u0131n\u0131n Patlad\u0131\u011f\u0131 Yerdeki Etkileri - M\u0130SAK- Mill\u00ee Strateji Ara\u015ft\u0131rma Kurulu<\/title>\n<meta name=\"description\" content=\"Bir \u00fclkenin atom bombas\u0131na sahip olma iste\u011fi, sadece askeri g\u00fc\u00e7le s\u0131n\u0131rl\u0131 de\u011fildir. Bu istek, jeopolitik, stratejik, psikolojik, teknolojik ve hatta i\u00e7 politik nedenlere dayan\u0131r.\" \/>\n<link rel=\"canonical\" href=\"https:\/\/millidusunce.com\/misak\/atom-bombasinin-patladigi-yerdeki-etkileri\/\" \/>\n<meta property=\"og:locale\" content=\"tr_TR\" \/>\n<meta property=\"og:type\" content=\"article\" \/>\n<meta property=\"og:title\" content=\"Atom Bombas\u0131n\u0131n Patlad\u0131\u011f\u0131 Yerdeki Etkileri - M\u0130SAK- Mill\u00ee Strateji Ara\u015ft\u0131rma Kurulu\" \/>\n<meta property=\"og:description\" content=\"Bir \u00fclkenin atom bombas\u0131na sahip olma iste\u011fi, sadece askeri g\u00fc\u00e7le s\u0131n\u0131rl\u0131 de\u011fildir. Bu istek, jeopolitik, stratejik, psikolojik, teknolojik ve hatta i\u00e7 politik nedenlere dayan\u0131r.\" \/>\n<meta property=\"og:url\" content=\"https:\/\/millidusunce.com\/misak\/atom-bombasinin-patladigi-yerdeki-etkileri\/\" \/>\n<meta property=\"og:site_name\" content=\"M\u0130SAK- Mill\u00ee Strateji Ara\u015ft\u0131rma Kurulu\" \/>\n<meta property=\"article:published_time\" content=\"2025-09-28T09:00:50+00:00\" \/>\n<meta property=\"article:modified_time\" content=\"2025-09-28T06:55:50+00:00\" \/>\n<meta property=\"og:image\" content=\"https:\/\/millidusunce.com\/misak\/wp-content\/uploads\/2025\/09\/fotografsiz-korcak-1.jpg\" \/>\n\t<meta property=\"og:image:width\" content=\"1200\" \/>\n\t<meta property=\"og:image:height\" content=\"800\" \/>\n<meta name=\"twitter:card\" content=\"summary_large_image\" \/>\n<meta name=\"twitter:label1\" content=\"Tahmini okuma s\u00fcresi\">\n\t<meta name=\"twitter:data1\" content=\"4 dakika\">\n<script type=\"application\/ld+json\" class=\"yoast-schema-graph\">{\"@context\":\"https:\/\/schema.org\",\"@graph\":[{\"@type\":\"Organization\",\"@id\":\"https:\/\/millidusunce.com\/misak\/#organization\",\"name\":\"Mill\\u00ee D\\u00fc\\u015f\\u00fcnce Merkezi\",\"url\":\"https:\/\/millidusunce.com\/misak\/\",\"sameAs\":[],\"logo\":{\"@type\":\"ImageObject\",\"@id\":\"https:\/\/millidusunce.com\/misak\/#logo\",\"inLanguage\":\"tr\",\"url\":\"https:\/\/millidusunce.com\/misak\/wp-content\/uploads\/2018\/09\/mdmLogo-yazisiz.jpg\",\"width\":422,\"height\":422,\"caption\":\"Mill\\u00ee D\\u00fc\\u015f\\u00fcnce Merkezi\"},\"image\":{\"@id\":\"https:\/\/millidusunce.com\/misak\/#logo\"}},{\"@type\":\"WebSite\",\"@id\":\"https:\/\/millidusunce.com\/misak\/#website\",\"url\":\"https:\/\/millidusunce.com\/misak\/\",\"name\":\"M\\u0130SAK- Mill\\u00ee Strateji Ara\\u015ft\\u0131rma Kurulu\",\"description\":\"D\\u00fcnyaya T\\u00fcrk\\u00e7\\u00fc Bak\\u0131\\u015f\",\"publisher\":{\"@id\":\"https:\/\/millidusunce.com\/misak\/#organization\"},\"potentialAction\":[{\"@type\":\"SearchAction\",\"target\":\"https:\/\/millidusunce.com\/misak\/?s={search_term_string}\",\"query-input\":\"required name=search_term_string\"}],\"inLanguage\":\"tr\"},{\"@type\":\"ImageObject\",\"@id\":\"https:\/\/millidusunce.com\/misak\/atom-bombasinin-patladigi-yerdeki-etkileri\/#primaryimage\",\"inLanguage\":\"tr\",\"url\":\"https:\/\/millidusunce.com\/misak\/wp-content\/uploads\/2025\/09\/fotografsiz-korcak-1.jpg\",\"width\":1200,\"height\":800},{\"@type\":\"WebPage\",\"@id\":\"https:\/\/millidusunce.com\/misak\/atom-bombasinin-patladigi-yerdeki-etkileri\/#webpage\",\"url\":\"https:\/\/millidusunce.com\/misak\/atom-bombasinin-patladigi-yerdeki-etkileri\/\",\"name\":\"Atom Bombas\\u0131n\\u0131n Patlad\\u0131\\u011f\\u0131 Yerdeki Etkileri - M\\u0130SAK- Mill\\u00ee Strateji Ara\\u015ft\\u0131rma Kurulu\",\"isPartOf\":{\"@id\":\"https:\/\/millidusunce.com\/misak\/#website\"},\"primaryImageOfPage\":{\"@id\":\"https:\/\/millidusunce.com\/misak\/atom-bombasinin-patladigi-yerdeki-etkileri\/#primaryimage\"},\"datePublished\":\"2025-09-28T09:00:50+00:00\",\"dateModified\":\"2025-09-28T06:55:50+00:00\",\"description\":\"Bir \\u00fclkenin atom bombas\\u0131na sahip olma iste\\u011fi, sadece askeri g\\u00fc\\u00e7le s\\u0131n\\u0131rl\\u0131 de\\u011fildir. Bu istek, jeopolitik, stratejik, psikolojik, teknolojik ve hatta i\\u00e7 politik nedenlere dayan\\u0131r.\",\"breadcrumb\":{\"@id\":\"https:\/\/millidusunce.com\/misak\/atom-bombasinin-patladigi-yerdeki-etkileri\/#breadcrumb\"},\"inLanguage\":\"tr\",\"potentialAction\":[{\"@type\":\"ReadAction\",\"target\":[\"https:\/\/millidusunce.com\/misak\/atom-bombasinin-patladigi-yerdeki-etkileri\/\"]}]},{\"@type\":\"BreadcrumbList\",\"@id\":\"https:\/\/millidusunce.com\/misak\/atom-bombasinin-patladigi-yerdeki-etkileri\/#breadcrumb\",\"itemListElement\":[{\"@type\":\"ListItem\",\"position\":1,\"item\":{\"@type\":\"WebPage\",\"@id\":\"https:\/\/millidusunce.com\/misak\/\",\"url\":\"https:\/\/millidusunce.com\/misak\/\",\"name\":\"Anasayfa\"}},{\"@type\":\"ListItem\",\"position\":2,\"item\":{\"@type\":\"WebPage\",\"@id\":\"https:\/\/millidusunce.com\/misak\/atom-bombasinin-patladigi-yerdeki-etkileri\/\",\"url\":\"https:\/\/millidusunce.com\/misak\/atom-bombasinin-patladigi-yerdeki-etkileri\/\",\"name\":\"Atom Bombas\\u0131n\\u0131n Patlad\\u0131\\u011f\\u0131 Yerdeki Etkileri\"}}]},{\"@type\":\"Article\",\"@id\":\"https:\/\/millidusunce.com\/misak\/atom-bombasinin-patladigi-yerdeki-etkileri\/#article\",\"isPartOf\":{\"@id\":\"https:\/\/millidusunce.com\/misak\/atom-bombasinin-patladigi-yerdeki-etkileri\/#webpage\"},\"author\":{\"@id\":\"https:\/\/millidusunce.com\/misak\/#\/schema\/person\/159125e0664d7eaf2fb169be8cb7be35\"},\"headline\":\"Atom Bombas\\u0131n\\u0131n Patlad\\u0131\\u011f\\u0131 Yerdeki Etkileri\",\"datePublished\":\"2025-09-28T09:00:50+00:00\",\"dateModified\":\"2025-09-28T06:55:50+00:00\",\"mainEntityOfPage\":{\"@id\":\"https:\/\/millidusunce.com\/misak\/atom-bombasinin-patladigi-yerdeki-etkileri\/#webpage\"},\"commentCount\":0,\"publisher\":{\"@id\":\"https:\/\/millidusunce.com\/misak\/#organization\"},\"image\":{\"@id\":\"https:\/\/millidusunce.com\/misak\/atom-bombasinin-patladigi-yerdeki-etkileri\/#primaryimage\"},\"keywords\":\"atom bombas\\u0131,hiro\\u015fima,nagazaki,n\\u00fckleer bomba,N\\u00fckleer Enerji,n\\u00fckleer santral\",\"inLanguage\":\"tr\",\"potentialAction\":[{\"@type\":\"CommentAction\",\"name\":\"Comment\",\"target\":[\"https:\/\/millidusunce.com\/misak\/atom-bombasinin-patladigi-yerdeki-etkileri\/#respond\"]}]},{\"@type\":\"Person\",\"@id\":\"https:\/\/millidusunce.com\/misak\/#\/schema\/person\/159125e0664d7eaf2fb169be8cb7be35\",\"name\":\"Mustafa Kor\\u00e7ak\",\"image\":{\"@type\":\"ImageObject\",\"@id\":\"https:\/\/millidusunce.com\/misak\/#personlogo\",\"inLanguage\":\"tr\",\"url\":\"https:\/\/secure.gravatar.com\/avatar\/aa3730cd5b544098aa536576fae7ddcd?s=96&d=mm&r=g\",\"caption\":\"Mustafa Kor\\u00e7ak\"}}]}<\/script>\n<!-- \/ Yoast SEO plugin. -->","_links":{"self":[{"href":"https:\/\/millidusunce.com\/misak\/wp-json\/wp\/v2\/posts\/19244"}],"collection":[{"href":"https:\/\/millidusunce.com\/misak\/wp-json\/wp\/v2\/posts"}],"about":[{"href":"https:\/\/millidusunce.com\/misak\/wp-json\/wp\/v2\/types\/post"}],"author":[{"embeddable":true,"href":"https:\/\/millidusunce.com\/misak\/wp-json\/wp\/v2\/users\/191"}],"replies":[{"embeddable":true,"href":"https:\/\/millidusunce.com\/misak\/wp-json\/wp\/v2\/comments?post=19244"}],"version-history":[{"count":5,"href":"https:\/\/millidusunce.com\/misak\/wp-json\/wp\/v2\/posts\/19244\/revisions"}],"predecessor-version":[{"id":19250,"href":"https:\/\/millidusunce.com\/misak\/wp-json\/wp\/v2\/posts\/19244\/revisions\/19250"}],"wp:featuredmedia":[{"embeddable":true,"href":"https:\/\/millidusunce.com\/misak\/wp-json\/wp\/v2\/media\/19249"}],"wp:attachment":[{"href":"https:\/\/millidusunce.com\/misak\/wp-json\/wp\/v2\/media?parent=19244"}],"wp:term":[{"taxonomy":"category","embeddable":true,"href":"https:\/\/millidusunce.com\/misak\/wp-json\/wp\/v2\/categories?post=19244"},{"taxonomy":"post_tag","embeddable":true,"href":"https:\/\/millidusunce.com\/misak\/wp-json\/wp\/v2\/tags?post=19244"}],"curies":[{"name":"wp","href":"https:\/\/api.w.org\/{rel}","templated":true}]}}