{"id":19381,"date":"2025-11-29T19:00:12","date_gmt":"2025-11-29T16:00:12","guid":{"rendered":"https:\/\/millidusunce.com\/misak\/?p=19381"},"modified":"2025-11-29T17:23:40","modified_gmt":"2025-11-29T14:23:40","slug":"israil-uzerinde-etkili-olan-yaptirimlar","status":"publish","type":"post","link":"https:\/\/millidusunce.com\/misak\/israil-uzerinde-etkili-olan-yaptirimlar\/","title":{"rendered":"\u0130srail \u00dczerinde Etkili Olan Yapt\u0131r\u0131mlar"},"content":{"rendered":"<p>\u0130srail \u00fczerinde etkili olabilecek yapt\u0131r\u0131mlar konusunda durumu net de\u011ferlendirebilmek i\u00e7in farkl\u0131 boyutlar\u0131 incelemek gerekir. Genellikle yapt\u0131r\u0131mlar\u0131n etkisi ekonomik, diplomatik ve asker\u00ee olmak \u00fczere \u00fc\u00e7 ana ba\u015fl\u0131kta ele al\u0131n\u0131r:<\/p>\n<ol>\n<li>Ekonomik yapt\u0131r\u0131mlar<\/li>\n<\/ol>\n<p>Ekonomik yapt\u0131r\u0131mlar, \u0130srail\u2019in d\u0131\u015f ticaretini ve finansal hareketlerini hedef al\u0131r. Etkili olabilecekler \u015funlard\u0131r:<\/p>\n<ul>\n<li>Ticaret ambargosu: \u0130srail\u2019den yap\u0131lan ithalat ve \u0130srail\u2019e yap\u0131lan ihracat\u0131n k\u0131s\u0131tlanmas\u0131. \u00d6zellikle teknoloji ve asker\u00ee \u00fcr\u00fcnler alan\u0131nda ambargo etkili olur.<\/li>\n<li>Finansal yapt\u0131r\u0131mlar: \u0130srail bankalar\u0131n\u0131n uluslararas\u0131 finans sistemlerinden izole edilmesi, SWIFT ve di\u011fer uluslararas\u0131 \u00f6deme sistemlerinden menedilmesi.<\/li>\n<li>Yat\u0131r\u0131m k\u0131s\u0131tlamalar\u0131: \u0130srail \u015firketlerine veya \u0130srail\u2019deki projelere yat\u0131r\u0131m yapan uluslararas\u0131 \u015firketlerin cezaland\u0131r\u0131lmas\u0131.<\/li>\n<\/ul>\n<p>\u00d6rnek: G\u00fc\u00e7l\u00fc ekonomik yapt\u0131r\u0131mlar, \u00fclke ekonomisinin k\u0131r\u0131lgan oldu\u011fu sekt\u00f6rlerde k\u0131sa ve orta vadede ciddi bask\u0131 yaratabilir.<\/p>\n<ol start=\"2\">\n<li>Diplomatik yapt\u0131r\u0131mlar<\/li>\n<\/ol>\n<p>Diplomatik yapt\u0131r\u0131mlar, \u0130srail\u2019in uluslararas\u0131 ili\u015fkilerini zorla\u015ft\u0131r\u0131r:<\/p>\n<ul>\n<li>B\u00fcy\u00fckel\u00e7iliklerin geri \u00e7ekilmesi veya diplomatik temsilin azalt\u0131lmas\u0131<\/li>\n<li>Uluslararas\u0131 kurulu\u015flarda oy hakk\u0131n\u0131n k\u0131s\u0131tlanmas\u0131<\/li>\n<li>\u00dclkeler aras\u0131 vize k\u0131s\u0131tlamalar\u0131 (\u00f6rne\u011fin \u0130srail vatanda\u015flar\u0131n\u0131n belirli \u00fclkelere seyahatinin yasaklanmas\u0131)<\/li>\n<\/ul>\n<p>Bu yapt\u0131r\u0131mlar, \u0130srail\u2019in d\u0131\u015f politikada yaln\u0131zla\u015fmas\u0131na ve diplomatik maliyetler y\u00fcklenmesine yol a\u00e7ar.<\/p>\n<ol start=\"3\">\n<li>Asker\u00ee ve g\u00fcvenlik yapt\u0131r\u0131mlar\u0131<\/li>\n<\/ol>\n<p>Asker\u00ee yapt\u0131r\u0131mlar daha s\u0131n\u0131rl\u0131 ve dolayl\u0131d\u0131r ama baz\u0131 etkileri vard\u0131r:<\/p>\n<ul>\n<li>Silah ambargosu: \u0130srail\u2019in uluslararas\u0131 silah ve savunma teknolojisi tedarikinin k\u0131s\u0131tlanmas\u0131.<\/li>\n<li>Savunma i\u015f birli\u011fi kesintisi: \u00d6zellikle ABD ve AB ile savunma i\u015f birli\u011finin durmas\u0131, uzun vadede asker\u00ee kapasiteyi etkileyebilir.<\/li>\n<\/ul>\n<ol start=\"4\">\n<li>Karma etkili stratejiler<\/li>\n<\/ol>\n<ul>\n<li>BDS (Boykot, Yat\u0131r\u0131mlardan \u00c7ekilme ve Yapt\u0131r\u0131mlar) hareketi: \u0130srail \u00fcr\u00fcnlerinin boykot edilmesi ve yat\u0131r\u0131m\u0131n durdurulmas\u0131 hem ekonomik hem diplomatik bask\u0131 yarat\u0131r.<\/li>\n<li>Uluslararas\u0131 mahkemeler ve yapt\u0131r\u0131m tehditleri: \u0130srail\u2019in sava\u015f su\u00e7lar\u0131 veya insan haklar\u0131 ihlalleri nedeniyle uluslararas\u0131 davalarla kar\u015f\u0131 kar\u015f\u0131ya kalmas\u0131, mali ve diplomatik bask\u0131y\u0131 art\u0131rabilir.<\/li>\n<\/ul>\n<p>Etkinlik Notlar\u0131<\/p>\n<ul>\n<li>Ekonomik yapt\u0131r\u0131mlar \u0130srail\u2019de k\u0131sa vadede ekonomik rahats\u0131zl\u0131k yaratabilir ama \u00fclkede teknoloji ve savunma sekt\u00f6rleri olduk\u00e7a g\u00fc\u00e7l\u00fc oldu\u011fu i\u00e7in tam anlam\u0131yla fel\u00e7 edici olmayabilir.<\/li>\n<li>Diplomatik yapt\u0131r\u0131mlar, \u0130srail\u2019in uluslararas\u0131 yaln\u0131zla\u015fmas\u0131na neden olabilir, ancak ABD gibi g\u00fc\u00e7l\u00fc m\u00fcttefikler varsa s\u0131n\u0131rl\u0131 etki yaratabilir.<\/li>\n<li>Dolay\u0131s\u0131yla en etkili yapt\u0131r\u0131mlar genellikle \u00e7ok boyutlu, uluslararas\u0131 i\u015f birli\u011fi ile uygulanan ekonomik ve diplomatik kombinasyonlard\u0131r.<\/li>\n<\/ul>\n<h2>Son y\u0131llarda \u0130srail\u2019e uygulanan veya \u00f6nerilen yapt\u0131r\u0131mlar ve etkinlik analizi<\/h2>\n<p>&nbsp;<\/p>\n<p><img loading=\"lazy\" class=\"aligncenter size-medium_large wp-image-19387\" src=\"https:\/\/millidusunce.com\/misak\/wp-content\/uploads\/2025\/11\/ABD-Israile-askeri-yardim-768x588.jpg\" alt=\"\" width=\"768\" height=\"588\" srcset=\"https:\/\/millidusunce.com\/misak\/wp-content\/uploads\/2025\/11\/ABD-Israile-askeri-yardim-768x588.jpg 768w, https:\/\/millidusunce.com\/misak\/wp-content\/uploads\/2025\/11\/ABD-Israile-askeri-yardim-300x230.jpg 300w, https:\/\/millidusunce.com\/misak\/wp-content\/uploads\/2025\/11\/ABD-Israile-askeri-yardim-150x115.jpg 150w, https:\/\/millidusunce.com\/misak\/wp-content\/uploads\/2025\/11\/ABD-Israile-askeri-yardim.jpg 945w\" sizes=\"(max-width: 768px) 100vw, 768px\" \/><\/p>\n<p>&nbsp;<\/p>\n<p>\u0130srail&#8217;e y\u00f6nelik uygulanan yapt\u0131r\u0131mlar, \u00f6zellikle 2023 Ekim ay\u0131nda ba\u015flayan Gazze Sava\u015f\u0131 sonras\u0131nda uluslararas\u0131 alanda \u00f6nemli bir g\u00fcndem maddesi h\u00e2line gelmi\u015ftir. Avrupa Birli\u011fi, Birle\u015fik Krall\u0131k, Kanada ve ABD gibi \u00fclkeler, \u0130srail&#8217;in Gazze&#8217;deki asker\u00ee operasyonlar\u0131 ve Bat\u0131 \u015eeria&#8217;daki yerle\u015fim politikalar\u0131 nedeniyle \u00e7e\u015fitli yapt\u0131r\u0131mlar uygulamaya ba\u015flam\u0131\u015ft\u0131r.<\/p>\n<p>Avrupa Birli\u011fi<\/p>\n<p>Avrupa Komisyonu Ba\u015fkan\u0131 Ursula von der Leyen, 2025 Eyl\u00fcl ay\u0131nda yapt\u0131\u011f\u0131 a\u00e7\u0131klamada, \u0130srail ile olan G\u00fcmr\u00fck Birli\u011fi anla\u015fmas\u0131n\u0131n ask\u0131ya al\u0131nmas\u0131n\u0131 ve baz\u0131 fonlar\u0131n dondurulmas\u0131n\u0131 \u00f6nerdi. Bu \u00f6neri, Gazze&#8217;deki insani kriz ve Bat\u0131 \u015eeria&#8217;daki yerle\u015fim politikalar\u0131na kar\u015f\u0131 bir tepki olarak g\u00fcndeme gelmi\u015ftir. Ayr\u0131ca, a\u015f\u0131r\u0131 sa\u011fc\u0131 \u0130srailli yetkililere ve Bat\u0131 \u015eeria&#8217;daki yerle\u015fimcilere y\u00f6nelik yapt\u0131r\u0131mlar\u0131n uygulanmas\u0131 da g\u00fcndemdedir.<\/p>\n<p>Birle\u015fik Krall\u0131k<\/p>\n<p>Birle\u015fik Krall\u0131k, 2024 \u015eubat ay\u0131nda Bat\u0131 \u015eeria&#8217;da Filistinlilere y\u00f6nelik \u015fiddet eylemleri ger\u00e7ekle\u015ftiren a\u015f\u0131r\u0131 sa\u011fc\u0131 \u0130srailli yerle\u015fimcilere kar\u015f\u0131 seyahat yasa\u011f\u0131 ve mali yapt\u0131r\u0131mlar uygulam\u0131\u015ft\u0131r. Bu yapt\u0131r\u0131mlar, \u015fiddet eylemlerine kar\u0131\u015fan bireyleri hedef almay\u0131 ama\u00e7lamaktad\u0131r. <em>(Vikipedi)<\/em><\/p>\n<p>Amerika Birle\u015fik Devletleri<\/p>\n<p>ABD, 2024 \u015eubat ay\u0131nda Ba\u015fkan Joe Biden&#8217;\u0131n y\u00fcr\u00fcrl\u00fc\u011fe koydu\u011fu 14115 say\u0131l\u0131 Ba\u015fkanl\u0131k Kararnamesi ile Bat\u0131 \u015eeria&#8217;da bar\u0131\u015f, g\u00fcvenlik ve istikrar\u0131 zedeleyen ki\u015filere y\u00f6nelik yapt\u0131r\u0131mlar uygulama yetkisi tan\u0131m\u0131\u015ft\u0131r. Bu kapsamda, sekiz birey ve d\u00f6rt t\u00fczel ki\u015fiye mal varl\u0131\u011f\u0131 dondurma ve seyahat yasa\u011f\u0131 getirilmi\u015ftir. <em>(Lieber Institute West Point)<\/em><\/p>\n<p>Boykot, Yat\u0131r\u0131mlardan \u00c7ekilme ve Yapt\u0131r\u0131mlar (BDS) Hareketi<\/p>\n<p>BDS hareketi, \u0130srail&#8217;in Filistinlilere y\u00f6nelik politikalar\u0131n\u0131 protesto etmek amac\u0131yla k\u00fcresel \u00e7apta boykot, yat\u0131r\u0131mlardan \u00e7ekilme ve yapt\u0131r\u0131mlar \u00e7a\u011fr\u0131s\u0131 yapmaktad\u0131r. Ancak, yap\u0131lan ara\u015ft\u0131rmalar, BDS hareketinin \u0130srail ekonomisi \u00fczerinde s\u0131n\u0131rl\u0131 bir etki yaratt\u0131\u011f\u0131n\u0131 g\u00f6stermektedir. \u00d6rne\u011fin, RAND Corporation taraf\u0131ndan yap\u0131lan bir \u00e7al\u0131\u015fmada, ba\u015far\u0131l\u0131 bir BDS kampanyas\u0131n\u0131n \u0130srail ekonomisine on y\u0131l i\u00e7inde 47 milyar dolar zarar verebilece\u011fi \u00f6ng\u00f6r\u00fclm\u00fc\u015ft\u00fcr. Ancak, \u0130srail&#8217;in ihracat\u0131n\u0131n b\u00fcy\u00fck bir k\u0131sm\u0131n\u0131n i\u015ften i\u015fe ticaret oldu\u011fu ve BDS&#8217;nin bu ticareti do\u011frudan etkilemede zorland\u0131\u011f\u0131 belirtilmektedir. <em>(Vikipedi)<\/em><\/p>\n<h2>\u0130srail&#8217;e Uygulanan Yapt\u0131r\u0131mlar\u0131n Etkinli\u011fi<\/h2>\n<table>\n<thead>\n<tr>\n<td>\n<p style=\"text-align: center\">Yapt\u0131r\u0131m T\u00fcr\u00fc<\/p>\n<\/td>\n<td style=\"text-align: center\">Uygulayan \u00dclkeler\/\u00d6rg\u00fctler<\/td>\n<td style=\"text-align: center\">Etkinlik D\u00fczeyi<\/td>\n<td>\n<p style=\"text-align: center\">A\u00e7\u0131klamalar<\/p>\n<\/td>\n<\/tr>\n<\/thead>\n<tbody>\n<tr>\n<td>G\u00fcmr\u00fck Birli\u011fi Anla\u015fmas\u0131&#8217;n\u0131n Ask\u0131ya Al\u0131nmas\u0131<\/td>\n<td>Avrupa Birli\u011fi<\/td>\n<td>Orta<\/td>\n<td>Ekonomik etkisi s\u0131n\u0131rl\u0131, ancak diplomatik bask\u0131 olu\u015fturuyor.<\/td>\n<\/tr>\n<tr>\n<td>A\u015f\u0131r\u0131 Sa\u011fc\u0131 Yetkililere Y\u00f6nelik Yapt\u0131r\u0131mlar<\/td>\n<td>Birle\u015fik Krall\u0131k, AB<\/td>\n<td>D\u00fc\u015f\u00fck<\/td>\n<td>Hedeflenen birey say\u0131s\u0131 s\u0131n\u0131rl\u0131, geni\u015f kapsaml\u0131 etki yaratmada zorluklar.<\/td>\n<\/tr>\n<tr>\n<td>BDS Hareketi<\/td>\n<td>K\u00fcresel Sivil Toplum<\/td>\n<td>D\u00fc\u015f\u00fck<\/td>\n<td>Ekonomik etkisi s\u0131n\u0131rl\u0131, ancak kamuoyu bask\u0131s\u0131 olu\u015fturuyor.<\/td>\n<\/tr>\n<tr>\n<td>Bat\u0131 \u015eeria&#8217;daki Yerle\u015fimcilere Y\u00f6nelik Yapt\u0131r\u0131mlar<\/td>\n<td>Kanada, AB, ABD<\/td>\n<td>Orta<\/td>\n<td>Yerle\u015fim politikalar\u0131na kar\u015f\u0131 ekonomik ve diplomatik bask\u0131 sa\u011fl\u0131yor.<\/td>\n<\/tr>\n<\/tbody>\n<\/table>\n<p>&nbsp;<\/p>\n<h2>Sonu\u00e7<\/h2>\n<p>\u0130srail&#8217;e y\u00f6nelik uygulanan yapt\u0131r\u0131mlar\u0131n etkinli\u011fi, hedeflerin kapsam\u0131na, uygulama s\u00fcreklili\u011fine ve uluslararas\u0131 i\u015f birli\u011fine ba\u011fl\u0131 olarak de\u011fi\u015fiklik g\u00f6stermektedir. Avrupa Birli\u011fi&#8217;nin G\u00fcmr\u00fck Birli\u011fi anla\u015fmas\u0131n\u0131 ask\u0131ya alma \u00f6nerisi, \u0130srail&#8217;e y\u00f6nelik en etkili yapt\u0131r\u0131m \u00f6nlemlerinden biri olarak de\u011ferlendirilebilir. Ancak, BDS hareketinin ekonomik etkisi s\u0131n\u0131rl\u0131 olsa da uluslararas\u0131 kamuoyunda fark\u0131ndal\u0131k yaratma ve diplomatik bask\u0131 olu\u015fturma a\u00e7\u0131s\u0131ndan \u00f6nemli bir rol oynamaktad\u0131r.<\/p>\n<p>\u0130srail \u00fczerinde yapt\u0131r\u0131m\u0131 etkili olan \u00fclkeler:<\/p>\n<p>\u0130srail \u00fczerinde yapt\u0131r\u0131mlar\u0131n etkinli\u011fi, hangi \u00fclkenin uygulad\u0131\u011f\u0131na ve yapt\u0131r\u0131m\u0131n t\u00fcr\u00fcne g\u00f6re de\u011fi\u015fir. Bunu ekonomik, diplomatik ve asker\u00ee boyutlar \u00fczerinden de\u011ferlendirmek m\u00fcmk\u00fcnd\u00fcr:<\/p>\n<ol>\n<li>Amerika Birle\u015fik Devletleri (ABD)<\/li>\n<\/ol>\n<ul>\n<li>Etki Alan\u0131: Ekonomik ve asker\u00ee.<\/li>\n<li>Uygulanan Yapt\u0131r\u0131mlar: Mal varl\u0131\u011f\u0131 dondurma, seyahat yasaklar\u0131, asker\u00ee yard\u0131m k\u0131s\u0131tlamalar\u0131.<\/li>\n<li>Etkisi: \u00c7ok y\u00fcksek. ABD, \u0130srail\u2019in en b\u00fcy\u00fck asker\u00ee ve ekonomik destek\u00e7isi oldu\u011fu i\u00e7in yapt\u0131r\u0131mlar ciddi mali ve stratejik bask\u0131 yarat\u0131r. \u00d6zellikle savunma ve y\u00fcksek teknoloji alanlar\u0131nda.<\/li>\n<li>\u00d6rnek: ABD, \u0130srail\u2019in g\u00fcvenlik fonlar\u0131na do\u011frudan m\u00fcdahale ederse veya Silahl\u0131 Kuvvetler i\u00e7in \u00f6nemli teknoloji transferini durdurursa, \u0130srail asker\u00ee kapasitesinde uzun vadeli aksakl\u0131k olu\u015fabilir.<\/li>\n<\/ul>\n<ol start=\"2\">\n<li>Avrupa Birli\u011fi (AB)<\/li>\n<\/ol>\n<ul>\n<li>Etki Alan\u0131: Ekonomik ve diplomatik.<\/li>\n<li>Uygulanan Yapt\u0131r\u0131mlar: G\u00fcmr\u00fck Birli\u011fi ask\u0131ya alma, finansal fon dondurma, a\u015f\u0131r\u0131 sa\u011fc\u0131 yetkililere seyahat yasa\u011f\u0131.<\/li>\n<li>Etkisi: Orta-y\u00fcksek. \u0130srail\u2019in ihracat\u0131 ve finansal ili\u015fkileri AB ile yo\u011fun oldu\u011fundan ekonomik bask\u0131 yarat\u0131r; diplomatik izolasyonu art\u0131r\u0131r.<\/li>\n<li>\u00d6rnek: AB, \u0130srail \u00fcr\u00fcnlerini boykot ederse veya ihracat kotalar\u0131n\u0131 d\u00fc\u015f\u00fcr\u00fcrse, belirli sekt\u00f6rlerde ciddi ekonomik kay\u0131p ya\u015fanabilir.<\/li>\n<\/ul>\n<ol start=\"3\">\n<li>Birle\u015fik Krall\u0131k, Kanada, Avustralya<\/li>\n<\/ol>\n<ul>\n<li>Etki Alan\u0131: Diplomatik ve s\u0131n\u0131rl\u0131 ekonomik.<\/li>\n<li>Uygulanan Yapt\u0131r\u0131mlar: Seyahat yasa\u011f\u0131, mal varl\u0131\u011f\u0131 dondurma.<\/li>\n<li>Etkisi: Orta-d\u00fc\u015f\u00fck. Daha \u00e7ok sembolik ve politika mesaj\u0131 niteli\u011finde; ekonomik olarak geni\u015f etki yaratmada s\u0131n\u0131rl\u0131.<\/li>\n<\/ul>\n<ol start=\"4\">\n<li>K\u00fcresel Sivil Toplum \u2013 BDS Hareketi<\/li>\n<\/ol>\n<ul>\n<li>Etki Alan\u0131: Ekonomik ve kamuoyu bask\u0131s\u0131.<\/li>\n<li>Etkisi: D\u00fc\u015f\u00fck. \u0130srail ekonomisinin b\u00fcy\u00fck k\u0131sm\u0131 teknoloji ve savunma ihracat\u0131na ba\u011fl\u0131 oldu\u011fu i\u00e7in k\u00fcresel boykot tek ba\u015f\u0131na ekonomik olarak s\u0131n\u0131rl\u0131 etki yarat\u0131r. Ancak diplomatik bask\u0131y\u0131 art\u0131rabilir.<\/li>\n<\/ul>\n<p>\u00d6zetle: ABD\u2019nin ekonomik ve asker\u00ee yapt\u0131r\u0131mlar\u0131 \u0130srail \u00fczerinde en etkili yapt\u0131r\u0131mlar olarak \u00f6ne \u00e7\u0131kar. AB\u2019nin ekonomik ve diplomatik yapt\u0131r\u0131mlar\u0131 ise orta-y\u00fcksek d\u00fczeyde bask\u0131 olu\u015fturur. Di\u011fer \u00fclkeler ve sivil toplum yapt\u0131r\u0131mlar\u0131 daha \u00e7ok sembolik ve diplomatik etki yarat\u0131r.<\/p>\n","protected":false},"excerpt":{"rendered":"<p>\u0130srail&#8217;e y\u00f6nelik uygulanan yapt\u0131r\u0131mlar, \u00f6zellikle 2023 Ekim ay\u0131nda ba\u015flayan Gazze Sava\u015f\u0131 sonras\u0131nda uluslararas\u0131 alanda \u00f6nemli bir g\u00fcndem maddesi h\u00e2line gelmi\u015ftir. <\/p>\n","protected":false},"author":191,"featured_media":19390,"comment_status":"open","ping_status":"open","sticky":false,"template":"","format":"standard","meta":{"_links_to":"","_links_to_target":""},"categories":[2],"tags":[199,576,410,409],"yoast_head":"<!-- This site is optimized with the Yoast SEO plugin v16.0.2 - https:\/\/yoast.com\/wordpress\/plugins\/seo\/ -->\n<title>\u0130srail \u00dczerinde Etkili Olan Yapt\u0131r\u0131mlar - M\u0130SAK- Mill\u00ee Strateji Ara\u015ft\u0131rma Kurulu<\/title>\n<meta name=\"description\" content=\"\u0130srail, bir\u00e7ok \u00fclke ile serbest ticaret anla\u015fmalar\u0131na sahiptir. \u00d6zellikle ABD ile 1985 y\u0131l\u0131nda imzalanan Serbest Ticaret Anla\u015fmas\u0131 (FTA), iki \u00fclke aras\u0131ndaki ticaretin temelini olu\u015fturur\u0130srail \u00fczerinde etkili olabilecek yapt\u0131r\u0131mlar konusunda durumu net de\u011ferlendirebilmek i\u00e7in farkl\u0131 boyutlar\u0131 incelemek gerekir.\" \/>\n<link rel=\"canonical\" href=\"https:\/\/millidusunce.com\/misak\/israil-uzerinde-etkili-olan-yaptirimlar\/\" \/>\n<meta property=\"og:locale\" content=\"tr_TR\" \/>\n<meta property=\"og:type\" content=\"article\" \/>\n<meta property=\"og:title\" content=\"\u0130srail \u00dczerinde Etkili Olan Yapt\u0131r\u0131mlar - M\u0130SAK- Mill\u00ee Strateji Ara\u015ft\u0131rma Kurulu\" \/>\n<meta property=\"og:description\" content=\"\u0130srail, bir\u00e7ok \u00fclke ile serbest ticaret anla\u015fmalar\u0131na sahiptir. \u00d6zellikle ABD ile 1985 y\u0131l\u0131nda imzalanan Serbest Ticaret Anla\u015fmas\u0131 (FTA), iki \u00fclke aras\u0131ndaki ticaretin temelini olu\u015fturur\u0130srail \u00fczerinde etkili olabilecek yapt\u0131r\u0131mlar konusunda durumu net de\u011ferlendirebilmek i\u00e7in farkl\u0131 boyutlar\u0131 incelemek gerekir.\" \/>\n<meta property=\"og:url\" content=\"https:\/\/millidusunce.com\/misak\/israil-uzerinde-etkili-olan-yaptirimlar\/\" \/>\n<meta property=\"og:site_name\" content=\"M\u0130SAK- Mill\u00ee Strateji Ara\u015ft\u0131rma Kurulu\" \/>\n<meta property=\"article:published_time\" content=\"2025-11-29T16:00:12+00:00\" \/>\n<meta property=\"article:modified_time\" content=\"2025-11-29T14:23:40+00:00\" \/>\n<meta property=\"og:image\" content=\"https:\/\/millidusunce.com\/misak\/wp-content\/uploads\/2025\/11\/WhatsApp-Gorsel-2025-11-29-saat-17.04.02_46cf0c3b.jpg\" \/>\n\t<meta property=\"og:image:width\" content=\"1200\" \/>\n\t<meta property=\"og:image:height\" content=\"800\" \/>\n<meta name=\"twitter:card\" content=\"summary_large_image\" \/>\n<meta name=\"twitter:label1\" content=\"Tahmini okuma s\u00fcresi\">\n\t<meta name=\"twitter:data1\" content=\"5 dakika\">\n<script type=\"application\/ld+json\" class=\"yoast-schema-graph\">{\"@context\":\"https:\/\/schema.org\",\"@graph\":[{\"@type\":\"Organization\",\"@id\":\"https:\/\/millidusunce.com\/misak\/#organization\",\"name\":\"Mill\\u00ee D\\u00fc\\u015f\\u00fcnce Merkezi\",\"url\":\"https:\/\/millidusunce.com\/misak\/\",\"sameAs\":[],\"logo\":{\"@type\":\"ImageObject\",\"@id\":\"https:\/\/millidusunce.com\/misak\/#logo\",\"inLanguage\":\"tr\",\"url\":\"https:\/\/millidusunce.com\/misak\/wp-content\/uploads\/2018\/09\/mdmLogo-yazisiz.jpg\",\"width\":422,\"height\":422,\"caption\":\"Mill\\u00ee D\\u00fc\\u015f\\u00fcnce Merkezi\"},\"image\":{\"@id\":\"https:\/\/millidusunce.com\/misak\/#logo\"}},{\"@type\":\"WebSite\",\"@id\":\"https:\/\/millidusunce.com\/misak\/#website\",\"url\":\"https:\/\/millidusunce.com\/misak\/\",\"name\":\"M\\u0130SAK- Mill\\u00ee Strateji Ara\\u015ft\\u0131rma Kurulu\",\"description\":\"D\\u00fcnyaya T\\u00fcrk\\u00e7\\u00fc Bak\\u0131\\u015f\",\"publisher\":{\"@id\":\"https:\/\/millidusunce.com\/misak\/#organization\"},\"potentialAction\":[{\"@type\":\"SearchAction\",\"target\":\"https:\/\/millidusunce.com\/misak\/?s={search_term_string}\",\"query-input\":\"required name=search_term_string\"}],\"inLanguage\":\"tr\"},{\"@type\":\"ImageObject\",\"@id\":\"https:\/\/millidusunce.com\/misak\/israil-uzerinde-etkili-olan-yaptirimlar\/#primaryimage\",\"inLanguage\":\"tr\",\"url\":\"https:\/\/millidusunce.com\/misak\/wp-content\/uploads\/2025\/11\/WhatsApp-Gorsel-2025-11-29-saat-17.04.02_46cf0c3b.jpg\",\"width\":1200,\"height\":800},{\"@type\":\"WebPage\",\"@id\":\"https:\/\/millidusunce.com\/misak\/israil-uzerinde-etkili-olan-yaptirimlar\/#webpage\",\"url\":\"https:\/\/millidusunce.com\/misak\/israil-uzerinde-etkili-olan-yaptirimlar\/\",\"name\":\"\\u0130srail \\u00dczerinde Etkili Olan Yapt\\u0131r\\u0131mlar - M\\u0130SAK- Mill\\u00ee Strateji Ara\\u015ft\\u0131rma Kurulu\",\"isPartOf\":{\"@id\":\"https:\/\/millidusunce.com\/misak\/#website\"},\"primaryImageOfPage\":{\"@id\":\"https:\/\/millidusunce.com\/misak\/israil-uzerinde-etkili-olan-yaptirimlar\/#primaryimage\"},\"datePublished\":\"2025-11-29T16:00:12+00:00\",\"dateModified\":\"2025-11-29T14:23:40+00:00\",\"description\":\"\\u0130srail, bir\\u00e7ok \\u00fclke ile serbest ticaret anla\\u015fmalar\\u0131na sahiptir. \\u00d6zellikle ABD ile 1985 y\\u0131l\\u0131nda imzalanan Serbest Ticaret Anla\\u015fmas\\u0131 (FTA), iki \\u00fclke aras\\u0131ndaki ticaretin temelini olu\\u015fturur\\u0130srail \\u00fczerinde etkili olabilecek yapt\\u0131r\\u0131mlar konusunda durumu net de\\u011ferlendirebilmek i\\u00e7in farkl\\u0131 boyutlar\\u0131 incelemek gerekir.\",\"breadcrumb\":{\"@id\":\"https:\/\/millidusunce.com\/misak\/israil-uzerinde-etkili-olan-yaptirimlar\/#breadcrumb\"},\"inLanguage\":\"tr\",\"potentialAction\":[{\"@type\":\"ReadAction\",\"target\":[\"https:\/\/millidusunce.com\/misak\/israil-uzerinde-etkili-olan-yaptirimlar\/\"]}]},{\"@type\":\"BreadcrumbList\",\"@id\":\"https:\/\/millidusunce.com\/misak\/israil-uzerinde-etkili-olan-yaptirimlar\/#breadcrumb\",\"itemListElement\":[{\"@type\":\"ListItem\",\"position\":1,\"item\":{\"@type\":\"WebPage\",\"@id\":\"https:\/\/millidusunce.com\/misak\/\",\"url\":\"https:\/\/millidusunce.com\/misak\/\",\"name\":\"Anasayfa\"}},{\"@type\":\"ListItem\",\"position\":2,\"item\":{\"@type\":\"WebPage\",\"@id\":\"https:\/\/millidusunce.com\/misak\/israil-uzerinde-etkili-olan-yaptirimlar\/\",\"url\":\"https:\/\/millidusunce.com\/misak\/israil-uzerinde-etkili-olan-yaptirimlar\/\",\"name\":\"\\u0130srail \\u00dczerinde Etkili Olan Yapt\\u0131r\\u0131mlar\"}}]},{\"@type\":\"Article\",\"@id\":\"https:\/\/millidusunce.com\/misak\/israil-uzerinde-etkili-olan-yaptirimlar\/#article\",\"isPartOf\":{\"@id\":\"https:\/\/millidusunce.com\/misak\/israil-uzerinde-etkili-olan-yaptirimlar\/#webpage\"},\"author\":{\"@id\":\"https:\/\/millidusunce.com\/misak\/#\/schema\/person\/159125e0664d7eaf2fb169be8cb7be35\"},\"headline\":\"\\u0130srail \\u00dczerinde Etkili Olan Yapt\\u0131r\\u0131mlar\",\"datePublished\":\"2025-11-29T16:00:12+00:00\",\"dateModified\":\"2025-11-29T14:23:40+00:00\",\"mainEntityOfPage\":{\"@id\":\"https:\/\/millidusunce.com\/misak\/israil-uzerinde-etkili-olan-yaptirimlar\/#webpage\"},\"commentCount\":0,\"publisher\":{\"@id\":\"https:\/\/millidusunce.com\/misak\/#organization\"},\"image\":{\"@id\":\"https:\/\/millidusunce.com\/misak\/israil-uzerinde-etkili-olan-yaptirimlar\/#primaryimage\"},\"keywords\":\"ABD,Avrupa Birli\\u011fi,Filistin,\\u0130srail\",\"inLanguage\":\"tr\",\"potentialAction\":[{\"@type\":\"CommentAction\",\"name\":\"Comment\",\"target\":[\"https:\/\/millidusunce.com\/misak\/israil-uzerinde-etkili-olan-yaptirimlar\/#respond\"]}]},{\"@type\":\"Person\",\"@id\":\"https:\/\/millidusunce.com\/misak\/#\/schema\/person\/159125e0664d7eaf2fb169be8cb7be35\",\"name\":\"Mustafa Kor\\u00e7ak\",\"image\":{\"@type\":\"ImageObject\",\"@id\":\"https:\/\/millidusunce.com\/misak\/#personlogo\",\"inLanguage\":\"tr\",\"url\":\"https:\/\/secure.gravatar.com\/avatar\/aa3730cd5b544098aa536576fae7ddcd?s=96&d=mm&r=g\",\"caption\":\"Mustafa Kor\\u00e7ak\"}}]}<\/script>\n<!-- \/ Yoast SEO plugin. -->","_links":{"self":[{"href":"https:\/\/millidusunce.com\/misak\/wp-json\/wp\/v2\/posts\/19381"}],"collection":[{"href":"https:\/\/millidusunce.com\/misak\/wp-json\/wp\/v2\/posts"}],"about":[{"href":"https:\/\/millidusunce.com\/misak\/wp-json\/wp\/v2\/types\/post"}],"author":[{"embeddable":true,"href":"https:\/\/millidusunce.com\/misak\/wp-json\/wp\/v2\/users\/191"}],"replies":[{"embeddable":true,"href":"https:\/\/millidusunce.com\/misak\/wp-json\/wp\/v2\/comments?post=19381"}],"version-history":[{"count":9,"href":"https:\/\/millidusunce.com\/misak\/wp-json\/wp\/v2\/posts\/19381\/revisions"}],"predecessor-version":[{"id":19392,"href":"https:\/\/millidusunce.com\/misak\/wp-json\/wp\/v2\/posts\/19381\/revisions\/19392"}],"wp:featuredmedia":[{"embeddable":true,"href":"https:\/\/millidusunce.com\/misak\/wp-json\/wp\/v2\/media\/19390"}],"wp:attachment":[{"href":"https:\/\/millidusunce.com\/misak\/wp-json\/wp\/v2\/media?parent=19381"}],"wp:term":[{"taxonomy":"category","embeddable":true,"href":"https:\/\/millidusunce.com\/misak\/wp-json\/wp\/v2\/categories?post=19381"},{"taxonomy":"post_tag","embeddable":true,"href":"https:\/\/millidusunce.com\/misak\/wp-json\/wp\/v2\/tags?post=19381"}],"curies":[{"name":"wp","href":"https:\/\/api.w.org\/{rel}","templated":true}]}}