{"id":19450,"date":"2025-12-30T22:04:44","date_gmt":"2025-12-30T19:04:44","guid":{"rendered":"https:\/\/millidusunce.com\/misak\/?p=19450"},"modified":"2025-12-30T22:08:15","modified_gmt":"2025-12-30T19:08:15","slug":"hamasin-israil-abd-tarafindan-kuruldugu-dusuncesi","status":"publish","type":"post","link":"https:\/\/millidusunce.com\/misak\/hamasin-israil-abd-tarafindan-kuruldugu-dusuncesi\/","title":{"rendered":"Hamas\u2019\u0131n \u0130srail\u2013ABD Taraf\u0131ndan Kuruldu\u011fu D\u00fc\u015f\u00fcncesi"},"content":{"rendered":"<p>Bu iddian\u0131n (Hamas\u2019\u0131n \u201c\u0130srail\u2013ABD taraf\u0131ndan kuruldu\u011fu\u201d) g\u00fc\u00e7l\u00fc bir kan\u0131t\u0131 yok. Ancak iddian\u0131n nas\u0131l yay\u0131ld\u0131\u011f\u0131n\u0131, hangi ger\u00e7eklere dayan\u0131p hangi yanl\u0131\u015f yorumlara dayand\u0131\u011f\u0131n\u0131 ve neden k\u0131smen anlaml\u0131 (ama yanl\u0131\u015f y\u00f6nlendirici) oldu\u011funa dair a\u00e7\u0131klay\u0131c\u0131 bir de\u011ferlendirme yapmak m\u00fcmk\u00fcnd\u00fcr.<\/p>\n<h2>1) Hamas\u2019\u0131n k\u00f6keni \u2014 ne biliyoruz?<\/h2>\n<p>Hamas, 1987 y\u0131l\u0131nda Birinci \u0130ntifada s\u0131ras\u0131nda \u015eeyh Ahmed Yasin ve Gazze\u2019deki M\u00fcsl\u00fcman Karde\u015fler \u00e7evresinden do\u011fdu; k\u00f6keni 1970\u2019lerin ba\u015f\u0131nda kurulmu\u015f sosyal\/hay\u0131r i\u015fleri \u00f6rg\u00fct\u00fc ve din\u00ee yap\u0131lanmalara dayan\u0131r. Kurulu\u015fu, yerel toplumsal ve siyasi ko\u015fullar\u0131n (i\u015fsizlik, i\u015fgal, \u0130ntifada) bir \u00fcr\u00fcn\u00fc olarak kabul edilir. (Vikipedi)<\/p>\n<h2>2) \u201c\u0130srail\/ABD kurdu\u201d iddias\u0131n\u0131n kayna\u011f\u0131 \u2014 nereden geliyor?<\/h2>\n<p>Bu iddia birka\u00e7 ayr\u0131 noktadan besleniyor:<\/p>\n<ul>\n<li>1970\u201380\u2019lerde \u0130srail\u2019in Gazze ve Bat\u0131 \u015eeria\u2019da M\u00fcsl\u00fcman Karde\u015fler\u2019e sosyal hizmetler ve yard\u0131m faaliyetleri y\u00fcr\u00fcten \u00f6rg\u00fctlere kar\u015f\u0131 nispeten toleransl\u0131 veya dolayl\u0131 olarak alan b\u0131rakt\u0131\u011f\u0131; baz\u0131 yorumcular bu tavr\u0131n sek\u00fcler PLO\u2019yu dengelemek amac\u0131 ta\u015f\u0131d\u0131\u011f\u0131n\u0131 s\u00f6yl\u00fcyor. Bu tarihsel politika, baz\u0131lar\u0131n\u0131n \u201cbilin\u00e7li yaratma\u201d iddias\u0131na d\u00f6n\u00fc\u015fmesine zemin verdi. (Vikipedi)<\/li>\n<li>Politik ele\u015ftiriler ve sol kanat \u0130srail muhalefetinde \u201c\u0130srail, Gazze\u2019deki \u0130slami hareketleri g\u00fc\u00e7lendirerek Filistin siyasetini b\u00f6lmek istedi\u201d t\u00fcr\u00fc de\u011ferlendirmeler yap\u0131ld\u0131; bu ifadeler pop\u00fcler s\u00f6ylemde \u00e7arp\u0131t\u0131larak \u201cyaratt\u0131\u201d \u015feklinde aktar\u0131ld\u0131.<\/li>\n<\/ul>\n<h2>3) Akademik \/ istihbar\u00ee de\u011ferlendirme \u2014 somut kan\u0131t var m\u0131?<\/h2>\n<p>G\u00fcvenilir analizler (think-tank, kongre raporlar\u0131, gazetecilik incelemeleri) \u015fu sonuca var\u0131yor: Hamas\u2019\u0131n do\u011frudan \u0130srail veya ABD taraf\u0131ndan \u201ckuruldu\u011funa\u201d dair ikna edici bir delil yok. Bunun yerine daha do\u011fru anlat\u0131m \u015f\u00f6yle olur:<\/p>\n<ul>\n<li>\u0130srail baz\u0131 din\u00ee\/\u0130slami hay\u0131r kurulu\u015flar\u0131na ve karde\u015flik tabanl\u0131 \u00f6rg\u00fctlere 1970\u201380\u2019lerde nispeten alan b\u0131rakt\u0131 veya onlar\u0131 PLO\u2019ya kar\u015f\u0131 nispeten daha az bask\u0131 alt\u0131na ald\u0131; bu dolayl\u0131 ortam, \u0130slami hareketlerin sosyo-politika taban\u0131 olu\u015fturmas\u0131na katk\u0131 sa\u011flad\u0131.<\/li>\n<\/ul>\n<ul>\n<li>Hamas ba\u011f\u0131ms\u0131z bir olu\u015fum olarak yerel liderler (Yassin ve ba\u015fkalar\u0131) taraf\u0131ndan \u00f6rg\u00fctlendi; daha sonralar\u0131 b\u00f6lgesel akt\u00f6rlerin (\u00f6r. \u0130ran) ve kendi i\u00e7 dinamiklerinin deste\u011fiyle silahl\u0131 kapasite geli\u015ftirdi. (Council on Foreign Relations)<\/li>\n<\/ul>\n<h2>4) \u201cFilistin\u2019i b\u00f6lmek arac\u0131\u201d iddias\u0131 \u2014 stratejik de\u011ferlendirme<\/h2>\n<ul>\n<li>Ger\u00e7ek: 2006 se\u00e7imleri ve 2007\u2019de Gazze\u2019nin fiil\u00ee olarak Hamas kontrol\u00fcne ge\u00e7mesi Filistin siyasetinde somut bir b\u00f6l\u00fcnme yaratt\u0131 (Gaza \u2014 Hamas; Bat\u0131 \u015eeria \u2014 Fatah\/PA). Bu b\u00f6l\u00fcnmenin b\u00f6lgesel ve uluslararas\u0131 akt\u00f6rlerin (\u0130srail d\u00e2hil) menfaatlerine hizmet etti\u011fi arg\u00fcman\u0131, baz\u0131 analistlerce savunulur. (Clingendael)<\/li>\n<\/ul>\n<ul>\n<li>Ancak bu, \u201cHamas\u2019\u0131n yarat\u0131lmas\u0131n\u0131n\u201d do\u011frudan planland\u0131\u011f\u0131 anlam\u0131na gelmez. Daha do\u011fru tespit: Baz\u0131 politik tercihlerin (\u00f6r. \u0130slami \u00f6rg\u00fctlere tolerans) ve zaman i\u00e7inde geli\u015fen olaylar\u0131n sonu\u00e7lar\u0131, Filistin siyasetinde b\u00f6l\u00fcnmeyi kolayla\u015ft\u0131rd\u0131 \u2014 fakat bu, ayn\u0131 \u015fey de\u011fildir: \u201cyarat\u0131ld\u0131 ve bir ara\u00e7 olarak niyetle kullan\u0131ld\u0131\u201d iddias\u0131 i\u00e7in somut bir belge\/istihbarat delili yok.<\/li>\n<\/ul>\n<h2>5) Neden bu t\u00fcr komplo anlat\u0131lar\u0131 \u00e7ekici oluyor?<\/h2>\n<ul>\n<li>Basit, nedensel bir hik\u00e2ye sunuyor: \u201cA akt\u00f6r\u00fc B\u2019yi yaratt\u0131, sonu\u00e7lar\u0131 X.\u201d \u0130nsanlar karma\u015f\u0131k sebep-sonu\u00e7 zincirlerini b\u00f6yle azalt\u0131lm\u0131\u015f hik\u00e2yelere tercih eder.<\/li>\n<li>Baz\u0131 ger\u00e7ek unsurlar (\u0130srail\u2019in ge\u00e7mi\u015fte M\u00fcsl\u00fcman Karde\u015fler\u2019e kar\u015f\u0131 se\u00e7ici politika izlemesi; Bat\u0131 deste\u011fi alan akt\u00f6rlerin farkl\u0131 sonu\u00e7lar\u0131) birle\u015ftirilip abart\u0131larak tek bir \u201ckurma\u201d tezi haline getiriliyor.<\/li>\n<\/ul>\n<h2>6) Son de\u011ferlendirme (\u00f6zet)<\/h2>\n<ul>\n<li>Do\u011fru: Hamas\u2019\u0131n kurulu\u015fuyla ilgili olarak \u0130srail\u2019in ge\u00e7mi\u015fte baz\u0131 \u0130slami yap\u0131lar\u0131n geli\u015fimine tolere edici yakla\u015ft\u0131\u011f\u0131; ayr\u0131ca Hamas\u2019\u0131n Gazze\u2019yi ele ge\u00e7irerek Filistin siyasetinde b\u00f6l\u00fcnmeye yol a\u00e7t\u0131\u011f\u0131. Bu durum \u0130srail\u2019in stratejik menfaatlerine dolayl\u0131 olarak hizmet etmi\u015f olabilir. (Vikipedi)<\/li>\n<\/ul>\n<ul>\n<li>Yanl\u0131\u015f\/abart\u0131l\u0131: Hamas\u2019\u0131n do\u011frudan \u201c\u0130srail veya ABD taraf\u0131ndan kuruldu\u011fu\u201d iddias\u0131 \u2014 mevcut, g\u00fcvenilir kaynaklarda desteklenmiyor. Bu, tarihsel ger\u00e7eklerin \u00e7arp\u0131t\u0131lmas\u0131yla yay\u0131lan bir komplo anlat\u0131s\u0131d\u0131r. (Council on Foreign Relations)<\/li>\n<\/ul>\n<p>K\u0131sa kaynak listesi<\/p>\n<ul>\n<li>Council on Foreign Relations \u2014 \u201cWhat Is Hamas?\u201d (Genel tarih\u00e7e ve analizi).<\/li>\n<li>Congressional Research Service raporlar\u0131 \u2014 Hamas ve ABD politikas\u0131 \u00f6zetleri.<\/li>\n<li>Wilson Center \/ akademik incelemeler \u2014 Hamas doktrini ve k\u00f6kenleri.<\/li>\n<\/ul>\n<h2>D\u00fcnya&#8217;daki Yahudi Varl\u0131\u011f\u0131 ve Lobisinin A\u011f\u0131rl\u0131\u011f\u0131<\/h2>\n<p>Bu konuyu hem demografik hem de siyasi a\u00e7\u0131dan ele almak gerekir.<\/p>\n<ol>\n<li>D\u00fcnya\u2019daki Yahudi N\u00fcfusu<\/li>\n<\/ol>\n<ul>\n<li>2025 tahmini ile d\u00fcnya genelinde yakla\u015f\u0131k 15\u201316 milyon Yahudi ya\u015famaktad\u0131r.<\/li>\n<li>N\u00fcfus da\u011f\u0131l\u0131m\u0131 b\u00fcy\u00fck \u00f6l\u00e7\u00fcde birka\u00e7 \u00fclkeye yo\u011funla\u015fm\u0131\u015ft\u0131r:<\/li>\n<\/ul>\n<table>\n<thead>\n<tr>\n<td>\u00dclke<\/td>\n<td>Tahmini Yahudi N\u00fcfusu<\/td>\n<td>Y\u00fczde (%)<\/td>\n<\/tr>\n<\/thead>\n<tbody>\n<tr>\n<td>ABD<\/td>\n<td>~6,0 milyon<\/td>\n<td>%37\u201340<\/td>\n<\/tr>\n<tr>\n<td>\u0130srail<\/td>\n<td>~7,0 milyon<\/td>\n<td>%44\u201346<\/td>\n<\/tr>\n<tr>\n<td>Fransa<\/td>\n<td>~450.000<\/td>\n<td>%3<\/td>\n<\/tr>\n<tr>\n<td>Kanada<\/td>\n<td>~390.000<\/td>\n<td>%2,5<\/td>\n<\/tr>\n<tr>\n<td>Birle\u015fik Krall\u0131k<\/td>\n<td>~290.000<\/td>\n<td>%2<\/td>\n<\/tr>\n<tr>\n<td>Rusya<\/td>\n<td>~165.000<\/td>\n<td>%1<\/td>\n<\/tr>\n<tr>\n<td>Almanya<\/td>\n<td>~120.000<\/td>\n<td>%0,8<\/td>\n<\/tr>\n<tr>\n<td>Di\u011fer \u00fclkeler<\/td>\n<td>~400.000<\/td>\n<td>%3<\/td>\n<\/tr>\n<\/tbody>\n<\/table>\n<p>Yahudi n\u00fcfusunun yar\u0131s\u0131ndan fazlas\u0131 ABD ve \u0130srail\u2019de bulunur.<\/p>\n<ol start=\"2\">\n<li>Yahudi Topluluklar\u0131n\u0131n \u00d6zellikleri<\/li>\n<\/ol>\n<ul>\n<li>Genellikle y\u00fcksek e\u011fitim seviyesine sahiptirler; bilim, teknoloji, t\u0131p ve finans alanlar\u0131nda y\u00fcksek temsile sahiptirler.<\/li>\n<li>Diaspora topluluklar\u0131 g\u00fc\u00e7l\u00fc sosyal ve k\u00fclt\u00fcrel \u00f6rg\u00fctlenmelere sahiptir.<\/li>\n<li>Yahudiler, \u00f6zellikle ABD ve Avrupa\u2019da, ekonomik ve siyasi a\u011flar olu\u015fturmu\u015flard\u0131r.<\/li>\n<\/ul>\n<ol start=\"3\">\n<li>Yahudi Lobisi ve Politik A\u011f\u0131rl\u0131\u011f\u0131<\/li>\n<\/ol>\n<ul>\n<li>\u201cYahudi lobisi\u201d genellikle ABD\u2019deki ve baz\u0131 Avrupa \u00fclkelerindeki \u00f6rg\u00fctlenmeleri ifade eder.<\/li>\n<li>ABD\u2019deki en etkili kurulu\u015flar aras\u0131nda:\n<ul>\n<li>AIPAC (American Israel Public Affairs Committee): ABD Kongresi ve y\u00f6netimi \u00fczerinde \u0130srail lehine etkili lobi faaliyetleri y\u00fcr\u00fct\u00fcr.<\/li>\n<li>ADL (Anti-Defamation League): Antisemitizmle m\u00fccadele ve Yahudi \u00e7\u0131karlar\u0131n\u0131 savunur.<\/li>\n<li>J Street: Daha liberal politikalar\u0131 destekleyen bir lobi kurulu\u015fudur.<\/li>\n<\/ul>\n<\/li>\n<\/ul>\n<h2>\u00d6ne \u00e7\u0131kan noktalar:<\/h2>\n<ol>\n<li>Siyasi etki:\n<ul>\n<li>ABD\u2019de, \u00f6zellikle Kongre se\u00e7imlerinde ve d\u0131\u015f politika kararlar\u0131nda \u00f6nemli rol oynar.<\/li>\n<li>ABD\u2019nin \u0130srail\u2019e askeri ve ekonomik yard\u0131m\u0131nda belirleyici olabilir.<\/li>\n<\/ul>\n<\/li>\n<li>Ekonomik ve akademik etki:\n<ul>\n<li>Finans, teknoloji ve medya sekt\u00f6rlerinde g\u00fc\u00e7l\u00fc ba\u011flant\u0131lar kurmu\u015flard\u0131r.<\/li>\n<li>\u00dcniversiteler ve ara\u015ft\u0131rma merkezleri arac\u0131l\u0131\u011f\u0131yla bilim ve teknoloji politikalar\u0131n\u0131 etkileyebilirler.<\/li>\n<\/ul>\n<\/li>\n<li>Uluslararas\u0131 etki:\n<ul>\n<li>BM ve Avrupa Parlamentosu gibi uluslararas\u0131 platformlarda \u0130srail\u2019in pozisyonunu destekleyici lobi faaliyetleri y\u00fcr\u00fct\u00fcrler.<\/li>\n<li>Ancak Avrupa ve Latin Amerika gibi b\u00f6lgelerde etkileri ABD\u2019ye k\u0131yasla s\u0131n\u0131rl\u0131d\u0131r.<\/li>\n<\/ul>\n<\/li>\n<\/ol>\n<ol start=\"4\">\n<li>Ger\u00e7ek\u00e7i Perspektif<\/li>\n<\/ol>\n<ul>\n<li>Yahudi n\u00fcfusu d\u00fcnya n\u00fcfusunun sadece ~0,2%\u2019sini olu\u015fturur.<\/li>\n<li>Ancak co\u011frafi yo\u011funla\u015fma, y\u00fcksek e\u011fitim ve \u00f6rg\u00fctlenme sayesinde baz\u0131 \u00fclkelerde orant\u0131s\u0131z etki yaratabilirler.<\/li>\n<li>Bu etkiyi \u201cgizli g\u00fc\u00e7\u201d gibi g\u00f6stermek yan\u0131lt\u0131c\u0131d\u0131r; etkileri \u00e7o\u011funlukla \u015feffaf \u00f6rg\u00fctlenmeler ve a\u00e7\u0131k siyasi lobi faaliyetleri \u00fczerinden ger\u00e7ekle\u015fir.<\/li>\n<\/ul>\n<p>&nbsp;<\/p>\n<p>Dr. Mustafa KOR\u00c7AK, 17 Eyl\u00fcl 2025<\/p>\n","protected":false},"excerpt":{"rendered":"<p>Hamas, 1987 y\u0131l\u0131nda Birinci \u0130ntifada s\u0131ras\u0131nda \u015eeyh Ahmed Yasin ve Gazze\u2019deki M\u00fcsl\u00fcman Karde\u015fler \u00e7evresinden do\u011fdu; k\u00f6keni 1970\u2019lerin ba\u015f\u0131nda kurulmu\u015f sosyal\/hay\u0131r i\u015fleri \u00f6rg\u00fct\u00fc ve din\u00ee yap\u0131lanmalara dayan\u0131r.<\/p>\n","protected":false},"author":191,"featured_media":19451,"comment_status":"open","ping_status":"open","sticky":false,"template":"","format":"standard","meta":{"_links_to":"","_links_to_target":""},"categories":[2],"tags":[410,2735,409,2767],"yoast_head":"<!-- This site is optimized with the Yoast SEO plugin v16.0.2 - https:\/\/yoast.com\/wordpress\/plugins\/seo\/ -->\n<title>Hamas\u2019\u0131n \u0130srail\u2013ABD Taraf\u0131ndan Kuruldu\u011fu D\u00fc\u015f\u00fcncesi - M\u0130SAK- Mill\u00ee Strateji Ara\u015ft\u0131rma Kurulu<\/title>\n<meta name=\"description\" content=\"Filistin&#039;i B\u00f6lmek ve \u0130srail&#039;in Emellerini Ger\u00e7ekle\u015ftirmede Ara\u00e7 Olarak Kullanmak \u00dczere Hamas\u2019\u0131n \u0130srail\u2013ABD Taraf\u0131ndan Kuruldu\u011fu D\u00fc\u015f\u00fcncesi\" \/>\n<link rel=\"canonical\" href=\"https:\/\/millidusunce.com\/misak\/hamasin-israil-abd-tarafindan-kuruldugu-dusuncesi\/\" \/>\n<meta property=\"og:locale\" content=\"tr_TR\" \/>\n<meta property=\"og:type\" content=\"article\" \/>\n<meta property=\"og:title\" content=\"Hamas\u2019\u0131n \u0130srail\u2013ABD Taraf\u0131ndan Kuruldu\u011fu D\u00fc\u015f\u00fcncesi - M\u0130SAK- Mill\u00ee Strateji Ara\u015ft\u0131rma Kurulu\" \/>\n<meta property=\"og:description\" content=\"Filistin&#039;i B\u00f6lmek ve \u0130srail&#039;in Emellerini Ger\u00e7ekle\u015ftirmede Ara\u00e7 Olarak Kullanmak \u00dczere Hamas\u2019\u0131n \u0130srail\u2013ABD Taraf\u0131ndan Kuruldu\u011fu D\u00fc\u015f\u00fcncesi\" \/>\n<meta property=\"og:url\" content=\"https:\/\/millidusunce.com\/misak\/hamasin-israil-abd-tarafindan-kuruldugu-dusuncesi\/\" \/>\n<meta property=\"og:site_name\" content=\"M\u0130SAK- Mill\u00ee Strateji Ara\u015ft\u0131rma Kurulu\" \/>\n<meta property=\"article:published_time\" content=\"2025-12-30T19:04:44+00:00\" \/>\n<meta property=\"article:modified_time\" content=\"2025-12-30T19:08:15+00:00\" \/>\n<meta property=\"og:image\" content=\"https:\/\/millidusunce.com\/misak\/wp-content\/uploads\/2025\/12\/hamasin-Israil-ve-ABD-tar.-kuruldugu-dusuncesi.jpeg\" \/>\n\t<meta property=\"og:image:width\" content=\"1200\" \/>\n\t<meta property=\"og:image:height\" content=\"800\" \/>\n<meta name=\"twitter:card\" content=\"summary_large_image\" \/>\n<meta name=\"twitter:label1\" content=\"Tahmini okuma s\u00fcresi\">\n\t<meta name=\"twitter:data1\" content=\"4 dakika\">\n<script type=\"application\/ld+json\" class=\"yoast-schema-graph\">{\"@context\":\"https:\/\/schema.org\",\"@graph\":[{\"@type\":\"Organization\",\"@id\":\"https:\/\/millidusunce.com\/misak\/#organization\",\"name\":\"Mill\\u00ee D\\u00fc\\u015f\\u00fcnce Merkezi\",\"url\":\"https:\/\/millidusunce.com\/misak\/\",\"sameAs\":[],\"logo\":{\"@type\":\"ImageObject\",\"@id\":\"https:\/\/millidusunce.com\/misak\/#logo\",\"inLanguage\":\"tr\",\"url\":\"https:\/\/millidusunce.com\/misak\/wp-content\/uploads\/2018\/09\/mdmLogo-yazisiz.jpg\",\"width\":422,\"height\":422,\"caption\":\"Mill\\u00ee D\\u00fc\\u015f\\u00fcnce Merkezi\"},\"image\":{\"@id\":\"https:\/\/millidusunce.com\/misak\/#logo\"}},{\"@type\":\"WebSite\",\"@id\":\"https:\/\/millidusunce.com\/misak\/#website\",\"url\":\"https:\/\/millidusunce.com\/misak\/\",\"name\":\"M\\u0130SAK- Mill\\u00ee Strateji Ara\\u015ft\\u0131rma Kurulu\",\"description\":\"D\\u00fcnyaya T\\u00fcrk\\u00e7\\u00fc Bak\\u0131\\u015f\",\"publisher\":{\"@id\":\"https:\/\/millidusunce.com\/misak\/#organization\"},\"potentialAction\":[{\"@type\":\"SearchAction\",\"target\":\"https:\/\/millidusunce.com\/misak\/?s={search_term_string}\",\"query-input\":\"required name=search_term_string\"}],\"inLanguage\":\"tr\"},{\"@type\":\"ImageObject\",\"@id\":\"https:\/\/millidusunce.com\/misak\/hamasin-israil-abd-tarafindan-kuruldugu-dusuncesi\/#primaryimage\",\"inLanguage\":\"tr\",\"url\":\"https:\/\/millidusunce.com\/misak\/wp-content\/uploads\/2025\/12\/hamasin-Israil-ve-ABD-tar.-kuruldugu-dusuncesi.jpeg\",\"width\":1200,\"height\":800},{\"@type\":\"WebPage\",\"@id\":\"https:\/\/millidusunce.com\/misak\/hamasin-israil-abd-tarafindan-kuruldugu-dusuncesi\/#webpage\",\"url\":\"https:\/\/millidusunce.com\/misak\/hamasin-israil-abd-tarafindan-kuruldugu-dusuncesi\/\",\"name\":\"Hamas\\u2019\\u0131n \\u0130srail\\u2013ABD Taraf\\u0131ndan Kuruldu\\u011fu D\\u00fc\\u015f\\u00fcncesi - M\\u0130SAK- Mill\\u00ee Strateji Ara\\u015ft\\u0131rma Kurulu\",\"isPartOf\":{\"@id\":\"https:\/\/millidusunce.com\/misak\/#website\"},\"primaryImageOfPage\":{\"@id\":\"https:\/\/millidusunce.com\/misak\/hamasin-israil-abd-tarafindan-kuruldugu-dusuncesi\/#primaryimage\"},\"datePublished\":\"2025-12-30T19:04:44+00:00\",\"dateModified\":\"2025-12-30T19:08:15+00:00\",\"description\":\"Filistin'i B\\u00f6lmek ve \\u0130srail'in Emellerini Ger\\u00e7ekle\\u015ftirmede Ara\\u00e7 Olarak Kullanmak \\u00dczere Hamas\\u2019\\u0131n \\u0130srail\\u2013ABD Taraf\\u0131ndan Kuruldu\\u011fu D\\u00fc\\u015f\\u00fcncesi\",\"breadcrumb\":{\"@id\":\"https:\/\/millidusunce.com\/misak\/hamasin-israil-abd-tarafindan-kuruldugu-dusuncesi\/#breadcrumb\"},\"inLanguage\":\"tr\",\"potentialAction\":[{\"@type\":\"ReadAction\",\"target\":[\"https:\/\/millidusunce.com\/misak\/hamasin-israil-abd-tarafindan-kuruldugu-dusuncesi\/\"]}]},{\"@type\":\"BreadcrumbList\",\"@id\":\"https:\/\/millidusunce.com\/misak\/hamasin-israil-abd-tarafindan-kuruldugu-dusuncesi\/#breadcrumb\",\"itemListElement\":[{\"@type\":\"ListItem\",\"position\":1,\"item\":{\"@type\":\"WebPage\",\"@id\":\"https:\/\/millidusunce.com\/misak\/\",\"url\":\"https:\/\/millidusunce.com\/misak\/\",\"name\":\"Anasayfa\"}},{\"@type\":\"ListItem\",\"position\":2,\"item\":{\"@type\":\"WebPage\",\"@id\":\"https:\/\/millidusunce.com\/misak\/hamasin-israil-abd-tarafindan-kuruldugu-dusuncesi\/\",\"url\":\"https:\/\/millidusunce.com\/misak\/hamasin-israil-abd-tarafindan-kuruldugu-dusuncesi\/\",\"name\":\"Hamas\\u2019\\u0131n \\u0130srail\\u2013ABD Taraf\\u0131ndan Kuruldu\\u011fu D\\u00fc\\u015f\\u00fcncesi\"}}]},{\"@type\":\"Article\",\"@id\":\"https:\/\/millidusunce.com\/misak\/hamasin-israil-abd-tarafindan-kuruldugu-dusuncesi\/#article\",\"isPartOf\":{\"@id\":\"https:\/\/millidusunce.com\/misak\/hamasin-israil-abd-tarafindan-kuruldugu-dusuncesi\/#webpage\"},\"author\":{\"@id\":\"https:\/\/millidusunce.com\/misak\/#\/schema\/person\/159125e0664d7eaf2fb169be8cb7be35\"},\"headline\":\"Hamas\\u2019\\u0131n \\u0130srail\\u2013ABD Taraf\\u0131ndan Kuruldu\\u011fu D\\u00fc\\u015f\\u00fcncesi\",\"datePublished\":\"2025-12-30T19:04:44+00:00\",\"dateModified\":\"2025-12-30T19:08:15+00:00\",\"mainEntityOfPage\":{\"@id\":\"https:\/\/millidusunce.com\/misak\/hamasin-israil-abd-tarafindan-kuruldugu-dusuncesi\/#webpage\"},\"commentCount\":0,\"publisher\":{\"@id\":\"https:\/\/millidusunce.com\/misak\/#organization\"},\"image\":{\"@id\":\"https:\/\/millidusunce.com\/misak\/hamasin-israil-abd-tarafindan-kuruldugu-dusuncesi\/#primaryimage\"},\"keywords\":\"Filistin,Hamas,\\u0130srail,Yahudiler\",\"inLanguage\":\"tr\",\"potentialAction\":[{\"@type\":\"CommentAction\",\"name\":\"Comment\",\"target\":[\"https:\/\/millidusunce.com\/misak\/hamasin-israil-abd-tarafindan-kuruldugu-dusuncesi\/#respond\"]}]},{\"@type\":\"Person\",\"@id\":\"https:\/\/millidusunce.com\/misak\/#\/schema\/person\/159125e0664d7eaf2fb169be8cb7be35\",\"name\":\"Mustafa Kor\\u00e7ak\",\"image\":{\"@type\":\"ImageObject\",\"@id\":\"https:\/\/millidusunce.com\/misak\/#personlogo\",\"inLanguage\":\"tr\",\"url\":\"https:\/\/secure.gravatar.com\/avatar\/aa3730cd5b544098aa536576fae7ddcd?s=96&d=mm&r=g\",\"caption\":\"Mustafa Kor\\u00e7ak\"}}]}<\/script>\n<!-- \/ Yoast SEO plugin. -->","_links":{"self":[{"href":"https:\/\/millidusunce.com\/misak\/wp-json\/wp\/v2\/posts\/19450"}],"collection":[{"href":"https:\/\/millidusunce.com\/misak\/wp-json\/wp\/v2\/posts"}],"about":[{"href":"https:\/\/millidusunce.com\/misak\/wp-json\/wp\/v2\/types\/post"}],"author":[{"embeddable":true,"href":"https:\/\/millidusunce.com\/misak\/wp-json\/wp\/v2\/users\/191"}],"replies":[{"embeddable":true,"href":"https:\/\/millidusunce.com\/misak\/wp-json\/wp\/v2\/comments?post=19450"}],"version-history":[{"count":2,"href":"https:\/\/millidusunce.com\/misak\/wp-json\/wp\/v2\/posts\/19450\/revisions"}],"predecessor-version":[{"id":19453,"href":"https:\/\/millidusunce.com\/misak\/wp-json\/wp\/v2\/posts\/19450\/revisions\/19453"}],"wp:featuredmedia":[{"embeddable":true,"href":"https:\/\/millidusunce.com\/misak\/wp-json\/wp\/v2\/media\/19451"}],"wp:attachment":[{"href":"https:\/\/millidusunce.com\/misak\/wp-json\/wp\/v2\/media?parent=19450"}],"wp:term":[{"taxonomy":"category","embeddable":true,"href":"https:\/\/millidusunce.com\/misak\/wp-json\/wp\/v2\/categories?post=19450"},{"taxonomy":"post_tag","embeddable":true,"href":"https:\/\/millidusunce.com\/misak\/wp-json\/wp\/v2\/tags?post=19450"}],"curies":[{"name":"wp","href":"https:\/\/api.w.org\/{rel}","templated":true}]}}