{"id":19518,"date":"2026-01-26T12:00:05","date_gmt":"2026-01-26T09:00:05","guid":{"rendered":"https:\/\/millidusunce.com\/misak\/?p=19518"},"modified":"2026-01-26T01:35:21","modified_gmt":"2026-01-25T22:35:21","slug":"iran-nereye-gidiyor","status":"publish","type":"post","link":"https:\/\/millidusunce.com\/misak\/iran-nereye-gidiyor\/","title":{"rendered":"\u0130ran nereye gidiyor?"},"content":{"rendered":"<p>28 Aral\u0131k\u2019ta Tahran esnaf\u0131 taraf\u0131ndan ba\u015flat\u0131lan protestolar, 8 Ocak itibar\u0131yla \u00f6nceki dalgalardan ayr\u0131\u015fan yeni bir evreye girmi\u015ftir. \u0130nternetin kesilmesini takiben g\u00fcvenlik g\u00fc\u00e7lerinin sert m\u00fcdahalesi devreye sokulmu\u015f, bu m\u00fcdahale binlerce ki\u015finin ya\u015fam\u0131n\u0131 yitirmesiyle sonu\u00e7lanm\u0131\u015ft\u0131r. Ya\u015fananlar, yaln\u0131zca ge\u00e7ici bir g\u00fcvenlik krizi de\u011fil; \u0130ran\u2019\u0131n i\u00e7 ve d\u0131\u015f politikas\u0131nda derin bir kopu\u015fa i\u015faret etmektedir.<\/p>\n<p>Bu kopu\u015fun analizi, ayn\u0131 zamanda \u0130ran\u2019\u0131n ge\u00e7irdi\u011fi d\u00f6n\u00fc\u015f\u00fcm\u00fcn ve gelecekte alabilece\u011fi muhtemel siyasal bi\u00e7imlerin de\u011ferlendirilmesi anlam\u0131na gelmektedir. Bu yaz\u0131, son protestolar s\u00fcrecinde ya\u015fanan geli\u015fmelerin \u0130ran\u2019\u0131 hangi y\u00f6ne ve hangi dinamikler \u00fczerinden d\u00f6n\u00fc\u015ft\u00fcrd\u00fc\u011f\u00fcn\u00fc analiz etmeyi ama\u00e7lamaktad\u0131r.<\/p>\n<p>Kriz Y\u00f6netiminden Beka M\u00fccadelesine<br \/>\n\u0130ran \u0130slam Cumhuriyeti, 1979 Devrimi\u2019nden bu yana \u00e7ok say\u0131da i\u00e7 sars\u0131nt\u0131 ve d\u0131\u015f bask\u0131 ya\u015fam\u0131\u015ft\u0131r. Ancak mevcut konjonkt\u00fcr, ge\u00e7mi\u015f krizlerden niceliksel de\u011fil niteliksel olarak ayr\u0131\u015fmaktad\u0131r. Rejim art\u0131k krizlerin ard\u0131\u015f\u0131k bi\u00e7imde y\u00f6netildi\u011fi bir d\u00f6nemde de\u011fil; t\u00fcm fay hatlar\u0131n\u0131n ayn\u0131 anda k\u0131r\u0131ld\u0131\u011f\u0131 e\u015fzamanl\u0131 bask\u0131lar\u0131n tarihsel e\u015fi\u011findedir.<\/p>\n<p>Bu e\u015fik, krizin zamana yay\u0131larak y\u00f6netilmesini imk\u00e2ns\u0131z k\u0131lmakta ve rejimi mutlak bir beka s\u0131nav\u0131 ile kar\u015f\u0131 kar\u015f\u0131ya b\u0131rakmaktad\u0131r. \u0130\u00e7 ve d\u0131\u015f bask\u0131lar\u0131n e\u015fzamanl\u0131la\u015fmas\u0131 ve kesi\u015fmesi, geleneksel kriz y\u00f6netimi modelini fiilen i\u015flevsiz h\u00e2le getirmi\u015ftir. Bu ko\u015fullarda sistem, art\u0131k istikrar \u00fcretmekten ziyade, \u00e7\u00f6k\u00fc\u015f\u00fc geciktirmeye \u00e7al\u0131\u015fan bir yap\u0131ya d\u00f6n\u00fc\u015fmektedir.<\/p>\n<h2>Toplumsal \u00c7\u00f6z\u00fclme<\/h2>\n<p>G\u00fcncel tabloda derinle\u015fen ekonomik sefalet ve toplumsal \u00f6fke, d\u0131\u015f asker\u00ee ve siyasal tehditlerle \u00e7ak\u0131\u015fmaktad\u0131r. Bu durum, protestolar\u0131 s\u0131radan bir toplumsal ho\u015fnutsuzluk olmaktan \u00e7\u0131kararak stratejik ve rejimsel bir meseleyed\u00f6n\u00fc\u015ft\u00fcrm\u00fc\u015ft\u00fcr. Sokaktaki her itiraz, d\u0131\u015f bask\u0131 mekanizmalar\u0131 i\u00e7in i\u015flevsel bir kald\u0131ra\u00e7 h\u00e2line gelmektedir.<\/p>\n<p>Protestolar art\u0131k cop, g\u00f6zalt\u0131 veya internet kesintileriyle bast\u0131r\u0131labilecek bir g\u00fcvenlik krizi de\u011fildir. Talepler, do\u011frudan siyasal d\u00fczenin me\u015fruiyetine ve bekas\u0131na y\u00f6nelmi\u015ftir. Rejim a\u00e7\u0131s\u0131ndan sorun art\u0131k \u201casayi\u015f\u201d de\u011fil, \u201cvar olabilme\u201dsorunudur.<\/p>\n<p>Artan can kay\u0131plar\u0131, korku e\u015fi\u011fini a\u015f\u0131nd\u0131rmakta; yerini intikam ve kin duygular\u0131na b\u0131rakmaktad\u0131r. Bu s\u00fcre\u00e7, orta s\u0131n\u0131f\u0131n bar\u0131\u015f\u00e7\u0131l de\u011fi\u015fim beklentilerini tasfiye ederek toplumu daha radikal ve \u00e7at\u0131\u015fmal\u0131 bir hatta s\u00fcr\u00fcklemektedir.<\/p>\n<p>R\u0131za \u00dcretim Mekanizmas\u0131n\u0131n \u00c7\u00f6k\u00fc\u015f\u00fc<br \/>\nDevlet ile toplum aras\u0131ndaki toplumsal s\u00f6zle\u015fme fiilen sona ermi\u015ftir. Kopu\u015f kal\u0131c\u0131 h\u00e2le gelirken, g\u00fcvenin yeniden in\u015fas\u0131 ihtimali ciddi bi\u00e7imde zay\u0131flam\u0131\u015ft\u0131r. Devlet, toplumun g\u00f6z\u00fcnde koruyucu bir ayg\u0131t olmaktan \u00e7\u0131karak yaln\u0131zca bask\u0131 \u00fcreten bir mekanizma olarak alg\u0131lanmaktad\u0131r.<\/p>\n<p>Bir siyasal sistemin s\u00fcrd\u00fcr\u00fclebilirli\u011fi yaln\u0131zca zor kapasitesine de\u011fil, r\u0131za \u00fcretme yetene\u011fine dayan\u0131r. Ancak \u0130ran rejimi, e\u011fitim, medya ve din\u00ee kurumlar arac\u0131l\u0131\u011f\u0131yla r\u0131za \u00fcretme kapasitesini b\u00fcy\u00fck \u00f6l\u00e7\u00fcde yitirmi\u015ftir. Bu kay\u0131p, y\u00f6netimi giderek daha pahal\u0131, k\u0131r\u0131lgan ve istikrars\u0131z h\u00e2le getirmektedir.<\/p>\n<p>Bast\u0131r\u0131lan her protesto dalgas\u0131, \u00e7\u00f6z\u00fclmeyen yap\u0131sal sorunlar nedeniyle bir sonrakinin zeminini haz\u0131rlamaktad\u0131r. Sessizlik d\u00f6nemleri, bir istikrar g\u00f6stergesi de\u011fil; k\u00fcm\u00fclatif bir kulu\u00e7ka evresidir.<\/p>\n<h2>\u0130deolojik \u00c7\u00f6k\u00fc\u015f<\/h2>\n<p>1979 Devrimi\u2019nin kurucu iddialar\u0131 olan adalet, mazlumlar\u0131n savunulmas\u0131 ve ahlaki \u00fcst\u00fcnl\u00fck, mevcut devlet prati\u011fiyle a\u00e7\u0131k ve onar\u0131lamaz bir \u00e7eli\u015fki i\u00e7indedir. Rejim, insanl\u0131\u011f\u0131n kurtulu\u015funu vaat eden bir ideolojik iddia \u00fczerine kuruludur; yaln\u0131zca insan\u0131n d\u00fcnyevi ya\u015fam\u0131n\u0131 de\u011fil, uhrev\u00ee kaderini de d\u00fczenleme yetkisini kendinde g\u00f6r\u00fcr. Kendisi d\u0131\u015f\u0131ndaki t\u00fcm ideolojileri tarihsel bir sapma, hatta bir \u201c\u00e7\u00f6pl\u00fck\u201d olarak tan\u0131mlayan bu mutlak\u00e7\u0131 \u00e7er\u00e7eve i\u00e7inde, insan onurunun yeg\u00e2ne savunucusu oldu\u011funu iddia eder. Ancak ayn\u0131 anda, onuru tan\u0131mlama, s\u0131n\u0131rland\u0131rma ve gerekti\u011finde ask\u0131ya alma yetkisini de tekeline al\u0131r.<\/p>\n<p>Son protestolarda binlerce insan\u0131n sokaklarda \u00f6ld\u00fcr\u00fclmesi, bu iddialar\u0131n fiilen \u00e7\u00f6kt\u00fc\u011f\u00fcn\u00fc a\u00e7\u0131k bi\u00e7imde g\u00f6stermektedir. \u0130nsan\u0131n kurtulu\u015funu vadeden bir ideolojinin, ayn\u0131 insan\u0131 kamusal alanda kanl\u0131 bi\u00e7imde bast\u0131rmas\u0131, ideolojik vaadin kendi kar\u015f\u0131t\u0131na d\u00f6n\u00fc\u015fmesidir. Kurtulu\u015f s\u00f6ylemi, pratikte tahakk\u00fcm ve imha arac\u0131na evrilmi\u015ftir.<\/p>\n<p>Bu durum, toplumun t\u00fcm katmanlar\u0131nda ve \u00f6zellikle gen\u00e7 ku\u015faklar nezdinde 1979 devrim anlat\u0131s\u0131n\u0131n mobilize edici g\u00fcc\u00fcn\u00fc tamamen yitirmesine yol a\u00e7m\u0131\u015ft\u0131r. Devrim, art\u0131k bir umut ve anlam kayna\u011f\u0131 de\u011fil; giderek nefret, \u00f6fke ve yabanc\u0131la\u015fma nesnesine d\u00f6n\u00fc\u015fmektedir. Rejim, korumaya \u00e7al\u0131\u015ft\u0131\u011f\u0131n\u0131 iddia etti\u011fi de\u011ferleri, bizzat kendi uygulamalar\u0131yla a\u015f\u0131nd\u0131rarak derin bir ideolojik bo\u015flu\u011fa s\u00fcr\u00fcklenmi\u015ftir.<\/p>\n<p>Bu ideolojik a\u015f\u0131nma, \u0130ran\u2019\u0131n \u0130slam d\u00fcnyas\u0131 i\u00e7in bir \u201cmodel\u201d olma iddias\u0131n\u0131 da fiilen sona erdirmi\u015ftir. Bug\u00fcn \u0130ran, bir \u00e7ekim merkezi de\u011fil; aksine, otoriterle\u015fmenin ve ideolojik \u00e7\u00fcr\u00fcmenin ibretlik bir \u00f6rne\u011fi, ka\u00e7\u0131n\u0131lmas\u0131 gereken bir siyasal deneyim olarak alg\u0131lanmaktad\u0131r.<\/p>\n<h2>\u201cParia Devlet\u201d Riski<\/h2>\n<p>\u0130\u00e7 bask\u0131n\u0131n artan sertli\u011fi, ka\u00e7\u0131n\u0131lmaz bi\u00e7imde d\u0131\u015f sonu\u00e7lar \u00fcretmektedir. Protestolar\u0131n bast\u0131r\u0131lma y\u00f6ntemi\u2014\u00f6zellikle \u00f6l\u00fcmler ve kitlesel tutuklamalar\u2014Bat\u0131\u2019da yeni yapt\u0131r\u0131mlar\u0131n ve daha kapsaml\u0131 izolasyon politikalar\u0131n\u0131n gerek\u00e7elendirilmesi i\u00e7in g\u00fc\u00e7l\u00fc bir siyasal zemin olu\u015fturmaktad\u0131r. \u0130\u00e7eride uygulanan \u015fiddet, d\u0131\u015far\u0131da \u0130ran kar\u015f\u0131t\u0131 politikalar\u0131n me\u015fruiyet kayna\u011f\u0131na d\u00f6n\u00fc\u015fmektedir.<\/p>\n<p>Bu s\u00fcre\u00e7te \u0130ran\u2019\u0131n Bat\u0131 ile ili\u015fkileri giderek insan haklar\u0131 ekseninde yeniden tan\u0131mlanmaya itebilir. \u0130nsan haklar\u0131 dosyas\u0131n\u0131n n\u00fckleer ve g\u00fcvenlik meseleleriyle birle\u015fmesi, \u0130ran y\u00f6netimine y\u00f6nelik muhalefetin niteli\u011fini ve sertli\u011fini yap\u0131sal bi\u00e7imde de\u011fi\u015ftirmektedir. Bu birle\u015fme, Tahran\u2019\u0131n diplomatik manevra alan\u0131n\u0131 ciddi \u00f6l\u00e7\u00fcde daraltmakta ve \u00fclkeyi yaln\u0131zca pasif bir izolasyona de\u011fil, giderek daha sald\u0131rgan bir d\u0131\u015flanm\u0131\u015fl\u0131\u011fa maruz b\u0131rakmaktad\u0131r.<\/p>\n<p>Devrim Muhaf\u0131zlar\u0131 gibi kilit kurumlar\u0131n ve \u00fcst d\u00fczey y\u00f6neticilerin ter\u00f6r listelerine al\u0131nmas\u0131 ihtimali art\u0131k teorik bir tart\u0131\u015fma olmaktan \u00e7\u0131km\u0131\u015f, uygulanabilir bir senaryoya d\u00f6n\u00fc\u015fm\u00fc\u015ft\u00fcr. Bu t\u00fcr ad\u0131mlar, devlet ayg\u0131t\u0131n\u0131n temel unsurlar\u0131n\u0131 uluslararas\u0131 sistemin d\u0131\u015f\u0131na itme potansiyeli ta\u015f\u0131maktad\u0131r. T\u00fcm bu geli\u015fmelerin toplam etkisi, \u0130ran\u2019\u0131 k\u00fcresel d\u00fczende h\u0131zla bir \u201cparya devlet\u201d konumuna yakla\u015ft\u0131rmakta; diplomatik, ekonomik ve siyasal yaln\u0131zla\u015fmay\u0131 kal\u0131c\u0131la\u015ft\u0131rma riski yaratmaktad\u0131r<\/p>\n<h2>G\u00fcvenlik Devletinin Alenile\u015fmesi<\/h2>\n<p>Toplumsal r\u0131zan\u0131n zay\u0131flamas\u0131 ve ideolojik ba\u011flar\u0131n \u00e7\u00f6z\u00fclmesi, devletin do\u011fas\u0131n\u0131 k\u00f6kten d\u00f6n\u00fc\u015ft\u00fcrmektedir. Rejim, kal\u0131c\u0131 bir &#8220;ola\u011fan\u00fcst\u00fc h\u00e2l&#8221; mant\u0131\u011f\u0131na dayanan sert bir g\u00fcvenlik devletine evrilmektedir. Bu d\u00f6n\u00fc\u015f\u00fcm, sivil siyasetin tamamen tasfiye edilmesi ve askeri-istihbari yap\u0131lar\u0131n y\u00f6netim \u00fczerinde mutlak bir egemenlik kurmas\u0131 anlam\u0131na gelmektedir.<\/p>\n<p>Son protestolar s\u0131ras\u0131nda internetin kesilmesi ve binlerce ki\u015finin hayat\u0131n\u0131 kaybetmesiyle belirginle\u015fen, ilan edilmemi\u015f ancak fiilen uygulanan &#8220;s\u0131n\u0131rl\u0131 ola\u011fan\u00fcst\u00fc h\u00e2l&#8221; durumu, yeni bir toplumsal ili\u015fki modeli do\u011furabilir. Bu modelde g\u00fcvenlik ve istihbarat birimlerinin kontrol faaliyetleri daha da geni\u015fleyebilir; hayat\u0131n t\u00fcm alanlar\u0131 &#8220;g\u00fcvenlik tehdidi&#8221; \u00e7er\u00e7evesinde yeniden tan\u0131mlan\u0131r. 1979 \u0130ran Devrimi&#8217;nin hemen akabinde g\u00f6r\u00fclen g\u00fcvenlik b\u00fcrokrasisinin o sert ve sald\u0131rgan g\u00f6r\u00fcn\u00fcrl\u00fc\u011f\u00fc, g\u00fcn\u00fcm\u00fczde yeniden art\u0131\u015f g\u00f6sterebilir. Bu s\u00fcre\u00e7te &#8220;ter\u00f6r su\u00e7u&#8221; kavram\u0131n\u0131n kapsam\u0131 geni\u015fletilerek, sivil hayat\u0131n pek \u00e7ok farkl\u0131 alan\u0131nda a\u011f\u0131r k\u0131s\u0131tlamalar devreye sokulabilir.<\/p>\n<h2>\u00d6l\u00fcmc\u00fcl K\u0131ska\u00e7<\/h2>\n<p>\u0130ran\u2019daki son protestolar ve ya\u015fanan binlerce can kayb\u0131, uluslararas\u0131 irade ile halk iradesinin kesi\u015fti\u011fi kritik bir d\u00f6nemde cereyan etti. Bu s\u00fcrecin, \u0130ran\u2019\u0131n hem Orta Do\u011fu hem de k\u00fcresel d\u00fczlemde y\u00fcr\u00fctt\u00fc\u011f\u00fc jeopolitik m\u00fccadeleyi yeniden bi\u00e7imlendirece\u011fi a\u00e7\u0131kt\u0131r. \u0130ran y\u00f6netiminin retori\u011fi sertle\u015firken; yeni ambargolar\u0131n, diplomatik k\u0131s\u0131tlamalar\u0131n ve bask\u0131lar\u0131n artmas\u0131 beklenmektedir. 1979\u2019dan bu yana s\u00fcrekli bir ku\u015fat\u0131lma hissiyle ya\u015fayan y\u00f6netim, bu kez \u00e7ok daha a\u011f\u0131r ve &#8220;\u00f6ld\u00fcr\u00fcc\u00fc&#8221; bir bask\u0131 alt\u0131na girebilir. Mevcut yapt\u0131r\u0131mlar\u0131n kald\u0131r\u0131lma ihtimali tamamen ortadan kalkt\u0131\u011f\u0131 gibi, yeni ve \u00e7e\u015fitli ambargolar\u0131n yolda olmas\u0131, halihaz\u0131rda kriz i\u00e7indeki \u0130ran ekonomisini daha da k\u00f6t\u00fcle\u015ftirecektir.<\/p>\n<p>Buradaki en can al\u0131c\u0131 nokta, \u0130ran\u2019a y\u00f6nelik askeri tehdidin art\u0131k kal\u0131c\u0131la\u015fm\u0131\u015f olmas\u0131d\u0131r. Bir m\u00fcdahalenin hen\u00fcz ger\u00e7ekle\u015fmemi\u015f olmas\u0131, bu se\u00e7ene\u011fin tamamen rafa kalkt\u0131\u011f\u0131 anlam\u0131na gelmemekte; sadece zamana ve konjonkt\u00fcre g\u00f6re ertelendi\u011fini g\u00f6stermektedir. Askeri m\u00fcdahale beklentisi, psikolojik olarak ekonomiden toplumsal hayata kadar her alan\u0131 etkisi alt\u0131na alarak d\u00f6n\u00fc\u015ft\u00fcrmektedir. Bu s\u00fcrekli m\u00fcdahale ihtimali, rejimi kalk\u0131nma odakl\u0131 politikalardan kopar\u0131p, tamamen &#8220;hayatta kalma&#8221; merkezli bir \u00e7izgiye mahk\u00fbm etmektedir. S\u00f6z konusu strateji k\u0131sa vadede rejimi ayakta tutsa da, uzun vadede hem toplumsal b\u00fct\u00fcnl\u00fc\u011f\u00fc hem de d\u0131\u015f d\u00fcnyadaki manevra kapasitesini ciddi \u015fekilde a\u015f\u0131nd\u0131rmaktad\u0131r.<\/p>\n<h2>Sonu\u00e7 ve Genel de\u011ferlendirme<\/h2>\n<p>\u0130ran \u0130slam Cumhuriyeti, \u201ckriz y\u00f6netimi\u201d a\u015famas\u0131ndan \u201ckal\u0131c\u0131 kriz i\u00e7inde ya\u015fama\u201d durumuna do\u011fru ge\u00e7i\u015f yapmaktad\u0131r. Bu hatt\u0131n s\u00fcrd\u00fcr\u00fclmesi ne istikrar \u00fcretir ne de bekay\u0131 g\u00fcvence alt\u0131na al\u0131r; aksine olas\u0131 bir \u00e7\u00f6z\u00fclmenin maliyetlerini giderek art\u0131r\u0131r.<\/p>\n<p>\u0130ran \u0130slam Cumhuriyeti, i\u00e7 ve d\u0131\u015f bask\u0131lar\u0131n e\u015fzamanl\u0131la\u015fmas\u0131n\u0131n geleneksel kriz y\u00f6netimi modelini fiilen i\u015flevsiz k\u0131ld\u0131\u011f\u0131 kritik bir e\u015fikte bulunmaktad\u0131r. Son protestolar yaln\u0131zca toplumsal bir huzursuzluk de\u011fil; rejimin i\u00e7 me\u015fruiyetini, ideolojik b\u00fct\u00fcnl\u00fc\u011f\u00fcn\u00fc, ekonomik s\u00fcrd\u00fcr\u00fclebilirli\u011fini ve uluslararas\u0131 konumunu ayn\u0131 anda zay\u0131flatan yap\u0131sal bir krizin g\u00f6stergesidir. Mevcut \u00e7izginin s\u00fcrd\u00fcr\u00fclmesi, bek\u00e2 maliyetlerini katlanarak art\u0131rmakta ve politika se\u00e7eneklerinin alan\u0131n\u0131 ciddi bi\u00e7imde daraltmaktad\u0131r.<\/p>\n<p>Merkez\u00ee sorun, sistemin sert g\u00fcc\u00fc kal\u0131c\u0131 me\u015fruiyete d\u00f6n\u00fc\u015ft\u00fcrme konusundaki yetersizli\u011fidir. Rejim bask\u0131 ara\u00e7lar\u0131na ne kadar fazla yaslan\u0131rsa, toplumsal r\u0131za \u00fcretme ve ideolojik anlamland\u0131rma kapasitesini de o \u00f6l\u00e7\u00fcde yitirmektedir. Bu dengesizlik, i\u00e7 ve d\u0131\u015f d\u00fczeylerde krizin s\u00fcrekli yeniden \u00fcretilmesine yol a\u00e7makta ve istikrars\u0131zl\u0131k d\u00f6ng\u00fcs\u00fcnden \u00e7\u0131k\u0131\u015f ihtimalini azaltmaktad\u0131r.<\/p>\n<p>Devlet, toplumsal ve ahlaki ba\u011flar\u0131n\u0131 kaybettik\u00e7e bir g\u00fcvenlik makinesine d\u00f6n\u00fc\u015fm\u00fc\u015ft\u00fcr; gelece\u011fi planlamak yerine yaln\u0131zca \u00e7\u00f6k\u00fc\u015ften ka\u00e7maya \u00e7al\u0131\u015fan bir devlet. D\u0131\u015f politikas\u0131 bek\u00e2 odakl\u0131, ekonomisi y\u0131pranm\u0131\u015f, toplumu ise biriken \u00f6fke h\u00e2lindedir. B\u00f6yle bir d\u00fczen ne kalk\u0131nma \u00fcretir ne de kal\u0131c\u0131 istikrar sa\u011flar; yaln\u0131zca krizi yeniden \u00fcretir ve daha maliyetli bir gelece\u011fe devreder.<\/p>\n","protected":false},"excerpt":{"rendered":"<p>Devlet, toplumsal ve ahlaki ba\u011flar\u0131n\u0131 kaybettik\u00e7e bir g\u00fcvenlik makinesine d\u00f6n\u00fc\u015fm\u00fc\u015ft\u00fcr; gelece\u011fi planlamak yerine yaln\u0131zca \u00e7\u00f6k\u00fc\u015ften ka\u00e7maya \u00e7al\u0131\u015fan bir devlet.<\/p>\n","protected":false},"author":38,"featured_media":19556,"comment_status":"open","ping_status":"open","sticky":false,"template":"","format":"standard","meta":{"_links_to":"","_links_to_target":""},"categories":[2],"tags":[199,630,3290,2628,79],"yoast_head":"<!-- This site is optimized with the Yoast SEO plugin v16.0.2 - https:\/\/yoast.com\/wordpress\/plugins\/seo\/ -->\n<title>\u0130ran nereye gidiyor? - M\u0130SAK- Mill\u00ee Strateji Ara\u015ft\u0131rma Kurulu<\/title>\n<meta name=\"description\" content=\"R\u0131za \u00dcretim Mekanizmas\u0131n\u0131n \u00c7\u00f6k\u00fc\u015f\u00fc Devlet ile toplum aras\u0131ndaki toplumsal s\u00f6zle\u015fme fiilen sona ermi\u015ftir. Kopu\u015f kal\u0131c\u0131 h\u00e2le gelirken, g\u00fcvenin yeniden in\u015fas\u0131 ihtimali ciddi bi\u00e7imde zay\u0131flam\u0131\u015ft\u0131r. Devlet, toplumun g\u00f6z\u00fcnde koruyucu bir ayg\u0131t olmaktan \u00e7\u0131karak yaln\u0131zca bask\u0131 \u00fcreten bir mekanizma olarak alg\u0131lanmaktad\u0131r.\" \/>\n<link rel=\"canonical\" href=\"https:\/\/millidusunce.com\/misak\/iran-nereye-gidiyor\/\" \/>\n<meta property=\"og:locale\" content=\"tr_TR\" \/>\n<meta property=\"og:type\" content=\"article\" \/>\n<meta property=\"og:title\" content=\"\u0130ran nereye gidiyor? - M\u0130SAK- Mill\u00ee Strateji Ara\u015ft\u0131rma Kurulu\" \/>\n<meta property=\"og:description\" content=\"R\u0131za \u00dcretim Mekanizmas\u0131n\u0131n \u00c7\u00f6k\u00fc\u015f\u00fc Devlet ile toplum aras\u0131ndaki toplumsal s\u00f6zle\u015fme fiilen sona ermi\u015ftir. Kopu\u015f kal\u0131c\u0131 h\u00e2le gelirken, g\u00fcvenin yeniden in\u015fas\u0131 ihtimali ciddi bi\u00e7imde zay\u0131flam\u0131\u015ft\u0131r. Devlet, toplumun g\u00f6z\u00fcnde koruyucu bir ayg\u0131t olmaktan \u00e7\u0131karak yaln\u0131zca bask\u0131 \u00fcreten bir mekanizma olarak alg\u0131lanmaktad\u0131r.\" \/>\n<meta property=\"og:url\" content=\"https:\/\/millidusunce.com\/misak\/iran-nereye-gidiyor\/\" \/>\n<meta property=\"og:site_name\" content=\"M\u0130SAK- Mill\u00ee Strateji Ara\u015ft\u0131rma Kurulu\" \/>\n<meta property=\"article:published_time\" content=\"2026-01-26T09:00:05+00:00\" \/>\n<meta property=\"article:modified_time\" content=\"2026-01-25T22:35:21+00:00\" \/>\n<meta property=\"og:image\" content=\"https:\/\/millidusunce.com\/misak\/wp-content\/uploads\/2026\/01\/iskenderHoca-yazi-2-9.jpg\" \/>\n\t<meta property=\"og:image:width\" content=\"1200\" \/>\n\t<meta property=\"og:image:height\" content=\"800\" \/>\n<meta name=\"twitter:card\" content=\"summary_large_image\" \/>\n<meta name=\"twitter:label1\" content=\"Tahmini okuma s\u00fcresi\">\n\t<meta name=\"twitter:data1\" content=\"6 dakika\">\n<script type=\"application\/ld+json\" class=\"yoast-schema-graph\">{\"@context\":\"https:\/\/schema.org\",\"@graph\":[{\"@type\":\"Organization\",\"@id\":\"https:\/\/millidusunce.com\/misak\/#organization\",\"name\":\"Mill\\u00ee D\\u00fc\\u015f\\u00fcnce Merkezi\",\"url\":\"https:\/\/millidusunce.com\/misak\/\",\"sameAs\":[],\"logo\":{\"@type\":\"ImageObject\",\"@id\":\"https:\/\/millidusunce.com\/misak\/#logo\",\"inLanguage\":\"tr\",\"url\":\"https:\/\/millidusunce.com\/misak\/wp-content\/uploads\/2018\/09\/mdmLogo-yazisiz.jpg\",\"width\":422,\"height\":422,\"caption\":\"Mill\\u00ee D\\u00fc\\u015f\\u00fcnce Merkezi\"},\"image\":{\"@id\":\"https:\/\/millidusunce.com\/misak\/#logo\"}},{\"@type\":\"WebSite\",\"@id\":\"https:\/\/millidusunce.com\/misak\/#website\",\"url\":\"https:\/\/millidusunce.com\/misak\/\",\"name\":\"M\\u0130SAK- Mill\\u00ee Strateji Ara\\u015ft\\u0131rma Kurulu\",\"description\":\"D\\u00fcnyaya T\\u00fcrk\\u00e7\\u00fc Bak\\u0131\\u015f\",\"publisher\":{\"@id\":\"https:\/\/millidusunce.com\/misak\/#organization\"},\"potentialAction\":[{\"@type\":\"SearchAction\",\"target\":\"https:\/\/millidusunce.com\/misak\/?s={search_term_string}\",\"query-input\":\"required name=search_term_string\"}],\"inLanguage\":\"tr\"},{\"@type\":\"ImageObject\",\"@id\":\"https:\/\/millidusunce.com\/misak\/iran-nereye-gidiyor\/#primaryimage\",\"inLanguage\":\"tr\",\"url\":\"https:\/\/millidusunce.com\/misak\/wp-content\/uploads\/2026\/01\/iskenderHoca-yazi-2-9.jpg\",\"width\":1200,\"height\":800},{\"@type\":\"WebPage\",\"@id\":\"https:\/\/millidusunce.com\/misak\/iran-nereye-gidiyor\/#webpage\",\"url\":\"https:\/\/millidusunce.com\/misak\/iran-nereye-gidiyor\/\",\"name\":\"\\u0130ran nereye gidiyor? - M\\u0130SAK- Mill\\u00ee Strateji Ara\\u015ft\\u0131rma Kurulu\",\"isPartOf\":{\"@id\":\"https:\/\/millidusunce.com\/misak\/#website\"},\"primaryImageOfPage\":{\"@id\":\"https:\/\/millidusunce.com\/misak\/iran-nereye-gidiyor\/#primaryimage\"},\"datePublished\":\"2026-01-26T09:00:05+00:00\",\"dateModified\":\"2026-01-25T22:35:21+00:00\",\"description\":\"R\\u0131za \\u00dcretim Mekanizmas\\u0131n\\u0131n \\u00c7\\u00f6k\\u00fc\\u015f\\u00fc Devlet ile toplum aras\\u0131ndaki toplumsal s\\u00f6zle\\u015fme fiilen sona ermi\\u015ftir. Kopu\\u015f kal\\u0131c\\u0131 h\\u00e2le gelirken, g\\u00fcvenin yeniden in\\u015fas\\u0131 ihtimali ciddi bi\\u00e7imde zay\\u0131flam\\u0131\\u015ft\\u0131r. Devlet, toplumun g\\u00f6z\\u00fcnde koruyucu bir ayg\\u0131t olmaktan \\u00e7\\u0131karak yaln\\u0131zca bask\\u0131 \\u00fcreten bir mekanizma olarak alg\\u0131lanmaktad\\u0131r.\",\"breadcrumb\":{\"@id\":\"https:\/\/millidusunce.com\/misak\/iran-nereye-gidiyor\/#breadcrumb\"},\"inLanguage\":\"tr\",\"potentialAction\":[{\"@type\":\"ReadAction\",\"target\":[\"https:\/\/millidusunce.com\/misak\/iran-nereye-gidiyor\/\"]}]},{\"@type\":\"BreadcrumbList\",\"@id\":\"https:\/\/millidusunce.com\/misak\/iran-nereye-gidiyor\/#breadcrumb\",\"itemListElement\":[{\"@type\":\"ListItem\",\"position\":1,\"item\":{\"@type\":\"WebPage\",\"@id\":\"https:\/\/millidusunce.com\/misak\/\",\"url\":\"https:\/\/millidusunce.com\/misak\/\",\"name\":\"Anasayfa\"}},{\"@type\":\"ListItem\",\"position\":2,\"item\":{\"@type\":\"WebPage\",\"@id\":\"https:\/\/millidusunce.com\/misak\/iran-nereye-gidiyor\/\",\"url\":\"https:\/\/millidusunce.com\/misak\/iran-nereye-gidiyor\/\",\"name\":\"\\u0130ran nereye gidiyor?\"}}]},{\"@type\":\"Article\",\"@id\":\"https:\/\/millidusunce.com\/misak\/iran-nereye-gidiyor\/#article\",\"isPartOf\":{\"@id\":\"https:\/\/millidusunce.com\/misak\/iran-nereye-gidiyor\/#webpage\"},\"author\":{\"@id\":\"https:\/\/millidusunce.com\/misak\/#\/schema\/person\/725a954a6688e8ec9366c625c64093f1\"},\"headline\":\"\\u0130ran nereye gidiyor?\",\"datePublished\":\"2026-01-26T09:00:05+00:00\",\"dateModified\":\"2026-01-25T22:35:21+00:00\",\"mainEntityOfPage\":{\"@id\":\"https:\/\/millidusunce.com\/misak\/iran-nereye-gidiyor\/#webpage\"},\"commentCount\":0,\"publisher\":{\"@id\":\"https:\/\/millidusunce.com\/misak\/#organization\"},\"image\":{\"@id\":\"https:\/\/millidusunce.com\/misak\/iran-nereye-gidiyor\/#primaryimage\"},\"keywords\":\"ABD,iran,Protesto,rejim,y\\u00f6netim\",\"inLanguage\":\"tr\",\"potentialAction\":[{\"@type\":\"CommentAction\",\"name\":\"Comment\",\"target\":[\"https:\/\/millidusunce.com\/misak\/iran-nereye-gidiyor\/#respond\"]}]},{\"@type\":\"Person\",\"@id\":\"https:\/\/millidusunce.com\/misak\/#\/schema\/person\/725a954a6688e8ec9366c625c64093f1\",\"name\":\"Arif Keskin\",\"image\":{\"@type\":\"ImageObject\",\"@id\":\"https:\/\/millidusunce.com\/misak\/#personlogo\",\"inLanguage\":\"tr\",\"url\":\"https:\/\/secure.gravatar.com\/avatar\/f1833c81e8a3c535d6f34db6c6657355?s=96&d=mm&r=g\",\"caption\":\"Arif Keskin\"},\"description\":\"Arif Keskin \\u0130ran'\\u0131n Erdebil Eyaleti'nin Mu\\u011fan il\\u00e7esinde do\\u011fmu\\u015ftur. Lise e\\u011fitimini Mu\\u011fan'da tamamlam\\u0131\\u015ft\\u0131r. 1993 y\\u0131l\\u0131nda Tebriz \\u00dcniversitesi Sosyal Bilimler Fak\\u00fcltesi Sosyoloji B\\u00f6l\\u00fcm\\u00fcnden mezun olmu\\u015ftur. 1999 y\\u0131l\\u0131nda Ankara \\u00dcniversitesi Siyasal Bilgiler Fak\\u00fcltesi Siyaset Biliminde Y\\u00fcksek lisans e\\u011fitimine ba\\u015flayan Keskin, buradaki e\\u011fitimini tamamlad\\u0131ktan sonra Ankara \\u00dcniversitesi Siyasal Bilgiler Fak\\u00fcltesinde doktora yapm\\u0131\\u015ft\\u0131r. Arif Keskin, 1999'dan itibaren ASAM(Avrasya stratejik Ara\\u015ft\\u0131rmalar Merkezi), T\\u00dcRKSAM, 21. Y\\u00fczy\\u0131l T\\u00fcrkiye Enstit\\u00fcs\\u00fc ve ORSAM gibi d\\u00fc\\u015fince kurulu\\u015flar\\u0131nda ortado\\u011fu uzman\\u0131 olarak \\u00e7al\\u0131\\u015fm\\u0131\\u015ft\\u0131r. 1999\\u2019dan g\\u00fcn\\u00fcm\\u00fcze kadar T\\u00fcrkiye bas\\u0131n\\u0131nda (Stratejik Analiz, Avrasya Dosyas\\u0131, Radikal, Akt\\u00fcel, Tempo, Vatan, 2023, Global Strateji ve....) 100\\u2019den fazla makalesi yay\\u0131nlanm\\u0131\\u015ft\\u0131r. Yaz\\u0131lar\\u0131 T\\u00fcrkiye d\\u0131\\u015f\\u0131nda Azerbaycan T\\u00fcrk\\u00e7e\\u2019si, Fars\\u00e7a ve \\u0130ngilizce dillerine \\u00e7evrilerek T\\u00fcrkiye\\u2019deki makalelerinin terc\\u00fcmesi \\u0130ran'da kitap \\u015feklinde de yay\\u0131nlanm\\u0131\\u015ft\\u0131r. CNN-T\\u00fcrk, TRT, Habert\\u00fcrk gibi TV kanallar\\u0131nda \\u0130ran ile ilgili programlara kat\\u0131lm\\u0131\\u015ft\\u0131r. G\\u00fcney Azerbaycan Milli Direni\\u015f Harekat\\u0131, [National Resistance Movement in Southern Azerbaijan], Avrasya Dosyas\\u0131 [Eurasia Report]; Special Issue on Iran, Vol.5, No.3 (1999) Siyaset G\\u00f6lgesinde \\u0130ran Ekonomisi, [Iranian Economy in the Shadow of Politics] Jeoekonomi [Jeoeconomics] Vol.2, No.1 (2000) \\u0130ran Siyasal Sistemi \\u00c7\\u0131kmazda, [The Iranian Political System in Deadlock] Stratejik Analiz [Strategic Analysis] Vol.1, No.1 (2000) Hamaney ve Cumhuriyet Projesinin D\\u00f6n\\u00fc\\u015f\\u00fcm\\u00fc, [Khamenei and the Transformation of the Republican Project] Stratejik Analiz, Vol.1, No.2 (2000) \\u0130ran Siyasal Sistemi Nereye? [Where is the Iranian Political Sytem Going Towards?] Stratejik Analiz, Vol.1, (2000) \\u0130ran\\u2019da Reformistler \\u00c7\\u0131kmazda, [Reformists in Dilemma in Iran] Stratejik Analiz, Vol.1, No.4 (2000) \\u0130ran\\u2019da Dini Ayd\\u0131n Hareketi: Abd\\u00fclkerim Suru\\u015f \\u00d6rne\\u011fi, [The Religious Intellectuals Movement in Iran: The Example of Abdulkerim Surus] Stratejik Analiz, Vol.1, No.7 (2000) De\\u011fi\\u015fen Fars Milliyet\\u00e7ili\\u011fi ve \\u201c\\u0130ranl\\u0131l\\u0131k\\u201d D\\u00fc\\u015f\\u00fcncesine Giden Yol, [Changing Persian Nationalism and Move Towards the \\u201cIranianess\\u201d Thinking] Stratejik Analiz Vol.2, No.9 (2001) \\u0130ran\\u2019da Fars Milliyet\\u00e7ili\\u011finin \\u00dc\\u00e7 Dalgas\\u0131: \\\"\\u0130ranl\\u0131l\\u0131k\\\" D\\u00fc\\u015f\\u00fcncesine Giden Yol, Stratejik Analiz, Ocak 2001, Say\\u0131 9 Tahran'da ikinci raund: Reformculara Ra\\u011fmen Reforma Devam, Stratejik Analiz Temmuz 2001, Say\\u0131 15 \\u0130ran\\u2019da Muhafazakarlar\\u0131n De\\u011fi\\u015fim Paradoksu: Olmak veya Olmamak, Stratejik Analiz A\\u011fustos 2001, Say\\u0131 16 Tehdit Merkezli Bir D\\u0131\\u015f Politika: \\u0130ran'\\u0131n Azerbaycan Politikas\\u0131, Stratejik Analiz, Ekim 2001, Say\\u0131 18 Tehdit ve F\\u0131rsat Karma\\u015fas\\u0131nda Pasif Kom\\u015fu \\u0130ran'\\u0131n Afganistan Krizindeki Durumu, Stratejik Analiz, Kas\\u0131m 2001, Say\\u0131 19 \\u0130ki D\\u00fc\\u015fman Aras\\u0131nda \\\"Pragmatist Tarafs\\u0131z\\\": ABD\\u2019nin Olas\\u0131 Saddam\\u2019\\u0131 Devirme Operasyonunda \\u0130ran\\u2019\\u0131n Tutumu, Stratejik Analiz, Ocak 2002, Say\\u0131 21 Orta Do\\u011fu Bar\\u0131\\u015f S\\u00fcreci, Oyuncular\\u0131 ve \\u0130ran, Stratejik Analiz, \\u015eubat 2002, Say\\u0131 22 ABD-Iran Gerginli\\u011finde AB-Iran ili\\u015fkilerine Analitik Bir Bak\\u0131\\u015f, Stratejik Analiz, A\\u011eUSTOS 2002, Say\\u0131 28 \\u0130ran\\u2019\\u0131n Irak politikas\\u0131, Turkish News Reformcular\\u0131n Ba\\u015far\\u0131s\\u0131zl\\u0131\\u011f\\u0131nd\\u0131n Nedenleri, Turkish News ( Ocak 2003) T\\u00fcm Boyutlar\\u0131 ile \\u0130ran T\\u00fcrkiye \\u0130li\\u015fkileri, Stratejik Analiz, Eyl\\u00fcl 2004 Irakl\\u0131 \\u015eiilerin Sosyal-Siyasal Davran\\u0131\\u015flar\\u0131n\\u0131n Temelleri, Stratejik Analiz, May\\u0131s 2004 \\u0130ranl\\u0131l\\u0131k Paradigmas\\u0131n\\u0131n \\u00c7\\u00f6k\\u00fc\\u015f\\u00fc ve G\\u00fcney Azerbaycan Mill\\u00ee Hareketinin Y\\u00fckseli\\u015fi, Strateji Analiz, Mart 2004 Bir Halk\\u0131n \\u00d6ze D\\u00f6n\\u00fc\\u015f T\\u00f6reni, Stratejik Analiz, A\\u011fustos 2004 11 Eyl\\u00fcl Sonras\\u0131 \\u0130ran-T\\u00fcrkiye \\u0130li\\u015fkileri, Avrasya Dosyas\\u0131, Yaz 2004 Irakl\\u0131 \\u015eiiler, 2023 Dergisi, Haziran 2004 ABD-G\\u00fcney Azerbaycan ve \\u0130ranl\\u0131l\\u0131k Kimli\\u011finin Krizi, 3.Sector Dergisi, K\\u0131\\u015f 2004-N.4 (Bak\\u00fc\\u2019de yay\\u0131nlanmaktad\\u0131r) G\\u00fcney Azerbaycan Milli Hareketine Tarihsel Bak\\u0131\\u015f, Gen\\u00e7 Birikim, 11 Say\\u0131 Reform Yapamayan Reformcular, Azerbaycan Dergisi, Say\\u0131 27\\u201328 \\u0130ran - T\\u00fcrkiye \\u0130li\\u015fkilerinde PKK Sorunu, Parmak \\u0130zi Web Sitesinde T\\u00fcrkdirlik Web Sitesi- \\u0130ran N\\u00fckleer \\u00c7al\\u0131\\u015fmalar\\u0131-(De\\u011ferlendirme Yaz\\u0131s\\u0131) Irakl\\u0131 \\u015eiirler (yaz\\u0131n\\u0131n Fars\\u00e7a terc\\u00fcmesi verildi), Baztab Web Sitesi ( Fars\\u00e7a) T\\u00fcrkiye ve \\u0130ran'\\u0131n N\\u00fckleer \\u00c7al\\u0131\\u015fmalar\\u0131, Haberanaliz, 14 Ekim 2004 Hatemi'nin Ertelenen T\\u00fcrkiye Ziyareti \\u00dczerine, Haberanaliz, 27 Eyl\\u00fcl 2004 T\\u00fcrkiye-\\u0130ran Aras\\u0131nda G\\u00fcven Krizi, Haberanaliz, 5 Haziran 2004 Irakl\\u0131 \\u015eiilerin Siyasal Davran\\u0131\\u015flar\\u0131na Genel Bak\\u0131\\u015f, Haberanaliz, 27 Nisan 2004 Mukteda Sadr Niye Geri Ad\\u0131m Att\\u0131? Haberanaliz, 17 Nisan 2004 ABD ve Irakl\\u0131 \\u015eiiler Aras\\u0131nda Yeni \\u0130li\\u015fki Modeli, Haberanaliz, 7 Nisan 2004 T\\u00fcrkiye'nin Irak Merkezli Diplomatik Ataklar\\u0131, Haberanaliz, 12 Ocak 2004 Orta Do\\u011fu'da \\u0130li\\u015fkiler D\\u00fczeni De\\u011fi\\u015fiyor: \\u0130ran ve M\\u0131s\\u0131r \\u0130li\\u015fkileri \\u00d6rne\\u011fi, Haberanaliz, 8 Ocak 2004 \\u0130K\\u00d6 Toplant\\u0131s\\u0131 Sonu\\u00e7lar\\u0131, Haberanaliz, 24 Haziran 2004 Orta Do\\u011fu'da \\u015eiddet Dalgas\\u0131 Artabilir: Hamas Lideri \\u015eeyh Yasin \\u00d6ld\\u00fcr\\u00fcld\\u00fc, Haberanaliz, 26 Mart 2004 T\\u00fcrkiye \\u2013 \\u0130ran \\u0130li\\u015fkilerini Belirleyen Yap\\u0131sal ve D\\u00f6nemsel Fakt\\u00f6rler, Avrasya Dosyas\\u0131, Cilt 10, Say\\u0131 1 (11 Eyl\\u00fcl Sonras\\u0131 T\\u00fcrk D\\u0131\\u015f Politikas\\u0131 \\u00d6zel Say\\u0131s\\u0131), \\u0130lkbahar 2004 \\u0130ranl\\u0131l\\u0131k Paradigmas\\u0131n\\u0131n \\u00c7\\u00f6k\\u00fc\\u015f\\u00fc ve G\\u00fcney Azerbaycan Mill\\u00ee Hareketinin Y\\u00fckseli\\u015fi, Stratejik Analiz, Cilt 4, Say\\u0131 47, Mart 2004 \\u0130ran Devleti\\u2019nin Ermeni Deste\\u011fi, Stratejik Analiz, Cilt 5, Say\\u0131 50, Haziran 2004 \\u0130ran Cumhurba\\u015fkanl\\u0131\\u011f\\u0131 Se\\u00e7imleri: Ayr\\u0131\\u015f\\u0131mlar, Adaylar ve Tart\\u0131\\u015fmalar, Stratejik Analiz, Cilt 6 Say\\u0131 62, Haziran 2005 ABD-\\u0130ran Gerginli\\u011finde Yeni Bir D\\u00f6nem: ABD-AB Yak\\u0131nla\\u015fmas\\u0131, Stratejik Analiz, Cilt 5 Say\\u0131 60, Nisan 2005 \\u0130ran\\u2019\\u0131n N\\u00fckleer \\u00c7abalar\\u0131: Hedefler, Tart\\u0131\\u015fmalar ve Sonu\\u00e7lar, Stratejik Analiz, Cilt 5 Say\\u0131 59, Mart 2005 Devrim \\u0130\\u00e7inde Yeni Bir Devrim Aray\\u0131\\u015f\\u0131: Ahmedinejad ve Radikal Muhafazak\\u00e2r Ak\\u0131m, Stratejik Analiz, Cilt 6 Say\\u0131 69, Ocak 2006 Ahmedinejad D\\u00f6nemi \\u0130ran D\\u0131\\u015f Politikas\\u0131: \\u201cSald\\u0131rganl\\u0131\\u011f\\u0131n Rasyonelle\\u015fmesi\\u201d, Stratejik Analiz, Cilt 6 Say\\u0131 70, \\u015eubat 2006 \\u0130ran\\u2019\\u0131n N\\u00fckleer Sorunu: G\\u00fcven Bunal\\u0131m\\u0131 ve Beka M\\u00fccadelesi, Stratejik Analiz, Cilt 6 Say\\u0131 71, Mart 2006 ABD-\\u0130ran Gerginli\\u011fi \\u00c7er\\u00e7evesinde \\u0130ran\\u2019da Etnik Milliyet\\u00e7ilik , Stratejik Analiz, Cilt 6 Say\\u0131 72, Nisan 2006 \\u0130ran Ne Yapmak \\u0130stiyor? Stratejik Analiz, Cilt 7 Say\\u0131 73, May\\u0131s 2006 \\u0130ran'da Azerbaycan Milliyet\\u00e7ili\\u011fi ve Karikat\\u00fcr Krizi, Stratejik Analiz,Cilt 7 Say\\u0131 75, Temmuz 2006 \\u0130ran Nas\\u0131l Y\\u00f6netiliyor?, Stratejik Analiz, Cilt 7 Say\\u0131 76, A\\u011fustos 2006 \\u0130ran 2023\\u2019de, Stratejik Analiz, Cilt 7 Say\\u0131 79, Kas\\u0131m 2006 Irak\\u2019ta \\u201cABD-\\u0130ran Sava\\u015f\\u0131\\u201d, Stratejik Analiz, Cilt 7 Say\\u0131 82, \\u015eubat 2007 \\u0130ran-Suudi Arabistan \\u0130li\\u015fkileri ve \\u015eii Jeopoliti\\u011fi,Stratejik Analiz, Cilt 8 Say\\u0131 85, May\\u0131s 2007 \\u0130ran ve \\u015eii Jeopoliti\\u011fi \/ Avrasya Dosyas\\u0131, \\u015eii Jeopoliti\\u011fi \\u00d6zel Say\\u0131s\\u0131, Cilt 13 Say\\u0131 3, 2007 \\u0130ran\\u2019\\u0131n Kuzey Irak Politikas\\u0131, Stratejik Analiz, Cilt 8 Say\\u0131 86, Haziran 2007 \\u0130ran Nereye? Stratejik Analiz, Cilt 8 Say\\u0131 87, Temmuz 2007 PJAK: PKK\\u2019n\\u0131n B\\u00f6lgedeki Yeni Misyon Aray\\u0131\\u015f\\u0131, Stratejik Analiz, Cilt 8 Say\\u0131 92, Aral\\u0131k 2007 \\u0130ran\\u2019\\u0131n Kafkasya Politikas\\u0131, Stratejik Analiz, Cilt 8 Say\\u0131 94, \\u015eubat 2008 \\u0130ran\\u2019daki Meclis Se\\u00e7imleri: G\\u00f6r\\u00fcnenler ve Ger\\u00e7ekler, Stratejik Analiz, Cilt 8 Say\\u0131 96, Nisan 2008 Irakl\\u0131 \\u015eiilerin Siyasal Davran\\u0131\\u015flar\\u0131na Genel Bir Bak\\u0131\\u015f , Stratejik Analiz,Cilt 9 Say\\u0131 97, May\\u0131s 2008 \\u0130ran-Suriye \\u0130li\\u015fkileri, Stratejik Analiz, Cilt 9 Say\\u0131 100, A\\u011fustos 2008 \\u0130ran-T\\u00fcrkiye \\u0130li\\u015fkileri , Stratejik Analiz, Cilt 9 Say\\u0131 101, Eyl\\u00fcl 2008 \\u0130ran\\u2019\\u0131n Do\\u011fal Gaz Siyaseti ve T\\u00fcrkiye, Stratejik Analiz, Cilt 9 Say\\u0131 103 Kas\\u0131m 2008\"}]}<\/script>\n<!-- \/ Yoast SEO plugin. -->","_links":{"self":[{"href":"https:\/\/millidusunce.com\/misak\/wp-json\/wp\/v2\/posts\/19518"}],"collection":[{"href":"https:\/\/millidusunce.com\/misak\/wp-json\/wp\/v2\/posts"}],"about":[{"href":"https:\/\/millidusunce.com\/misak\/wp-json\/wp\/v2\/types\/post"}],"author":[{"embeddable":true,"href":"https:\/\/millidusunce.com\/misak\/wp-json\/wp\/v2\/users\/38"}],"replies":[{"embeddable":true,"href":"https:\/\/millidusunce.com\/misak\/wp-json\/wp\/v2\/comments?post=19518"}],"version-history":[{"count":5,"href":"https:\/\/millidusunce.com\/misak\/wp-json\/wp\/v2\/posts\/19518\/revisions"}],"predecessor-version":[{"id":19555,"href":"https:\/\/millidusunce.com\/misak\/wp-json\/wp\/v2\/posts\/19518\/revisions\/19555"}],"wp:featuredmedia":[{"embeddable":true,"href":"https:\/\/millidusunce.com\/misak\/wp-json\/wp\/v2\/media\/19556"}],"wp:attachment":[{"href":"https:\/\/millidusunce.com\/misak\/wp-json\/wp\/v2\/media?parent=19518"}],"wp:term":[{"taxonomy":"category","embeddable":true,"href":"https:\/\/millidusunce.com\/misak\/wp-json\/wp\/v2\/categories?post=19518"},{"taxonomy":"post_tag","embeddable":true,"href":"https:\/\/millidusunce.com\/misak\/wp-json\/wp\/v2\/tags?post=19518"}],"curies":[{"name":"wp","href":"https:\/\/api.w.org\/{rel}","templated":true}]}}