{"id":1955,"date":"2018-04-25T19:30:00","date_gmt":"2018-04-25T16:30:00","guid":{"rendered":"http:\/\/misak.millidusunce.com?p=1955&#038;preview=true&#038;preview_id=1955"},"modified":"2018-04-26T11:21:05","modified_gmt":"2018-04-26T08:21:05","slug":"alevilik-neden-turkluktur","status":"publish","type":"post","link":"https:\/\/millidusunce.com\/misak\/alevilik-neden-turkluktur\/","title":{"rendered":"Alevilik neden T\u00fcrkl\u00fckt\u00fcr?"},"content":{"rendered":"<h2><img loading=\"lazy\" class=\"aligncenter wp-image-1956 size-full\" src=\"http:\/\/misak.millidusunce.com\/wp-content\/uploads\/2018\/04\/alevi-semah-main.gif\" alt=\"\" width=\"933\" height=\"525\" \/><\/h2>\n<h2><strong>Giri\u015f<\/strong><\/h2>\n<p>Ge\u00e7mi\u015ften beri halk aras\u0131nda Alevilerin (K\u0131z\u0131lba\u015f ve Bekta\u015fi topluluklar\u0131n) <strong>\u201c<\/strong><em>\u00f6z T\u00fcrk<\/em><strong>\u201d<\/strong> ve Alevili\u011fin de T\u00fcrklerin \u0130slam iman\u0131n\u0131 alg\u0131lama bi\u00e7imi oldu\u011funa dair genel bir kanaat vard\u0131r. Y\u00fczy\u0131llard\u0131r varl\u0131\u011f\u0131n\u0131 s\u00fcrd\u00fcren bu kanaat, son d\u00f6nemdeki bilimsel \u00e7al\u0131\u015fmalarla ispatlanm\u0131\u015ft\u0131r.<\/p>\n<p>Bu yaz\u0131da Alevili\u011fin, T\u00fcrk k\u00fclt\u00fcr\u00fc kodlar\u0131na y\u00f6nelik baz\u0131 temel bilgiler \u00fczerinde durulmu\u015ftur.<\/p>\n<h2><strong>1- Alevilik, T\u00fcrk k\u00fclt\u00fcr havzas\u0131nda olu\u015fmu\u015ftur\u00a0<\/strong><\/h2>\n<p>Alevili\u011fin olu\u015fumu, T\u00fcrklerin Hz. Ali evlatlar\u0131 ile \u0130slam\u2019\u0131 kabul ettikleri Horasan b\u00f6lgesinde ba\u015flam\u0131\u015ft\u0131r. Horasan\u2019dan b\u00fcy\u00fck T\u00fcrkmen g\u00f6\u00e7leri ile Anadolu\u2019ya ve \u00e7evre b\u00f6lgelere ta\u015f\u0131nan Alevilik, bu b\u00f6lgede olu\u015fumunu tamamlam\u0131\u015ft\u0131r.<\/p>\n<h2><strong>2- Alevi ocak, oymak ve a\u015firetleri T\u00fcrk\u2019t\u00fcr<\/strong><\/h2>\n<p>Alevi ocak, oymak ve a\u015firetleri T\u00fcrk\u2019t\u00fcr. T\u00fcrk\u00e7e konu\u015fanlar d\u0131\u015f\u0131nda Zazaca ve Kurman\u00e7\u00e7a konu\u015fanlar da Osmanl\u0131 ar\u015fiv belgelerinde T\u00fcrk, Y\u00f6r\u00fck, T\u00fcrkmen vb \u015feklinde kaydedilmi\u015ftir. \u00d6zellikle Tunceli ve \u00e7evre b\u00f6lgelerde ya\u015fayan a\u015firetlerin \u00c7ald\u0131ran sava\u015f\u0131ndan sonra T\u00fcrk\u00e7eyi nas\u0131l terk ederek di\u011fer dilleri konu\u015fmaya ba\u015flad\u0131klar\u0131 Osmanl\u0131 ar\u015fiv belgelerine yans\u0131m\u0131\u015ft\u0131r.<\/p>\n<h2><strong>3- Soydan gelmelik, T\u00fcrk soyunu ve k\u00fclt\u00fcr\u00fcn\u00fc korumu\u015ftur<\/strong><\/h2>\n<p>Alevi birinin (esasen Bekta\u015fi tarikat\u0131 d\u0131\u015f\u0131nda kalan di\u011fer Alevi topluluklarda) Alevi anne babadan gelmesi olarak tarif edilen <strong>soydan gelmelik<\/strong>, \u00f6zellikle \u00c7ald\u0131ran sava\u015f\u0131ndan sonra Alevi toplumunun kendi varl\u0131\u011f\u0131n\u0131 korumaya y\u00f6nelik bir refleksi olarak geli\u015fmi\u015ftir. \u00d6nceki kaynaklarda b\u00f6yle bir uygulama bulunmamaktad\u0131r. \u00c7ald\u0131ran sava\u015f\u0131ndan \u00f6nce K\u0131z\u0131lba\u015f olan b\u00fct\u00fcn boy, oymak ve a\u015firetlerin T\u00fcrkmen oldu\u011funu biliyoruz. Do\u011fal olarak soydan gelmelik, K\u0131z\u0131lba\u015f boylar aras\u0131nda T\u00fcrk soyunu korumu\u015ftur.<\/p>\n<h2><strong>4- Alevili\u011fin yaz\u0131l\u0131 kaynaklar\u0131 T\u00fcrk\u00e7edir<\/strong><\/h2>\n<p>Alevili\u011fin yaz\u0131l\u0131 kaynaklar\u0131 (risaleler, buyruklar, erkannameler, c\u00f6nkler vb.) T\u00fcrk\u00e7e kaleme al\u0131nm\u0131\u015ft\u0131r. Yaz\u0131ld\u0131\u011f\u0131 d\u00f6nemdeki T\u00fcrk\u00e7enin b\u00fct\u00fcn \u00f6zelliklerini yans\u0131tan bu metinler, yaz\u0131ld\u0131klar\u0131 d\u00f6nemin T\u00fcrk toplumuna da ayna tutmaktad\u0131r. Bu bak\u0131mdan de\u011ferleri daha da artmaktad\u0131r.<\/p>\n<h2><strong>5- Alevi ulular\u0131 ve \u00f6rg\u00fctleyicileri T\u00fcrk\u2019t\u00fcr<\/strong><\/h2>\n<p>Alevili\u011fin iki b\u00fcy\u00fck merkezi olmu\u015ftur. Bunlardan birincisi Hac\u0131 Bekta\u015f Derg\u00e2h\u0131, ikincisi ise Erdebil Tekkesidir. Her iki merkezin kurucular\u0131, ba\u015flar\u0131 ve bunlar\u0131n etraf\u0131nda toplanan \u00f6nc\u00fc ki\u015filikleri T\u00fcrk\u2019t\u00fcr. \u00d6zellikle Balkanlara kadar Yol\u2019u yayan Hac\u0131 Bekta\u015f\u2019\u0131n \u00f6\u011frencileri T\u00fcrk ulular\u0131d\u0131r.<\/p>\n<h2><strong>6- Alevi ozanlar\u0131 T\u00fcrk\u2019t\u00fcr ve T\u00fcrk\u00e7e yazm\u0131\u015ft\u0131r<\/strong><\/h2>\n<p>13. y\u00fczy\u0131ldan 20. y\u00fczy\u0131l\u0131n ba\u015f\u0131na kadar (benim taramalar\u0131ma g\u00f6re) 900 (dokuz y\u00fcz) kadar K\u0131z\u0131lba\u015f-Bekta\u015fi a\u015f\u0131\u011f\u0131n\u0131n \u015fiirleri g\u00fcn\u00fcm\u00fcze kadar ula\u015fm\u0131\u015ft\u0131r. Bunlar\u0131n (Arnavut\u00e7a olan az k\u0131sm\u0131 hari\u00e7) tamam\u0131 T\u00fcrk\u00e7e ile yaz\u0131lm\u0131\u015ft\u0131r. On binlere ula\u015fan bu zengin edebiyat \u00fcr\u00fcn\u00fcne, bug\u00fcn bile bir\u00e7ok halk sahip de\u011fildir.<\/p>\n<h2><strong>7- Alevilerin s\u00f6zl\u00fc soy k\u00fct\u00fc\u011f\u00fc T\u00fcrkl\u00fc\u011f\u00fc g\u00f6stermektedir<\/strong><\/h2>\n<p>\u0130ran Azerbaycan\u2019\u0131ndan Balkanlara kadar (Arnavutlar hari\u00e7) b\u00fct\u00fcn Aleviler, Horasan\u2019dan geldiklerini ve T\u00fcrk olduklar\u0131n\u0131 bilir ve s\u00f6ylerler. Buna Tunceli ve \u00e7evre b\u00f6lgelerde ya\u015fayan ocaklar ve a\u015firetler de d\u00e2hildir. Bu s\u00f6zl\u00fc soy k\u00fct\u00fc\u011f\u00fc, ku\u015faktan ku\u015fa\u011fa aktar\u0131larak g\u00fcn\u00fcm\u00fcze kadar ula\u015fm\u0131\u015ft\u0131r.<\/p>\n<h2><strong>8- Alevili\u011fin din dili T\u00fcrk\u00e7edir<\/strong><\/h2>\n<p>Alevili\u011fin tarikat kap\u0131s\u0131ndaki ibadeti olan Cem erk\u00e2n\u0131 tamamen T\u00fcrk\u00e7e icra edilir. Arap\u00e7a okunan baz\u0131 ayetler hari\u00e7, ba\u015ftan sona kadar b\u00fct\u00fcn dualar vb T\u00fcrk\u00e7edir. Tunceli ve \u00e7evre b\u00f6lgelerde ya\u015fayan Aleviler de g\u00fcn\u00fcm\u00fcze kadar cem erk\u00e2nlar\u0131n\u0131 T\u00fcrk\u00e7e icra etmi\u015flerdir. Din dili olan diller; yay\u0131l\u0131r, geni\u015fler ve b\u00fcy\u00fcrler.<\/p>\n<h2><strong>9- Alevi dini terimlerin ve dini unvanlar\u0131n \u00f6nemli k\u0131sm\u0131 T\u00fcrk\u00e7edir<\/strong><\/h2>\n<p>T\u00fcrkler, \u0130slam\u2019\u0131 Farslar \u00fczerinden \u00f6\u011frendikleri i\u00e7in dini terimlerin bir k\u0131sm\u0131 Arap\u00e7a, bir k\u0131sm\u0131 ise Fars\u00e7ad\u0131r. Ancak Alevilikte bug\u00fcn bile canl\u0131 \u015fekilde kullan\u0131lan yol, ocak, s\u00fcrek, dede vb gibi \u00e7ok say\u0131da dini terim ve unvan T\u00fcrk\u00e7edir.<\/p>\n<h2><strong>10- Alevilerin dip k\u00fclt\u00fcr\u00fc, saf haldeki T\u00fcrk k\u00fclt\u00fcr\u00fcd\u00fcr<\/strong><\/h2>\n<p>Aleviler \u00fczerinde yap\u0131lan halk bilimsel \u00e7al\u0131\u015fmalar\u0131n bir\u00e7o\u011fu Alevi k\u00fclt\u00fcr\u00fcn\u00fcn en saf haldeki T\u00fcrk k\u00fclt\u00fcr\u00fc oldu\u011fu noktas\u0131nda birle\u015fmi\u015ftir. \u00d6zellikle \u0130slam \u00f6ncesi T\u00fcrk k\u00fclt\u00fcr\u00fc ile g\u00fc\u00e7l\u00fc ba\u011flar\u0131 oldu\u011fu tespit edilmi\u015ftir. Bu ba\u011flamda Alevilik, k\u00fclt\u00fcr ile vahiy aras\u0131ndaki ayr\u0131m\u0131 iyi korumu\u015f ve di\u011fer \u0130slam milletlerine kendi kimliklerini koruyarak M\u00fcsl\u00fcman kalman\u0131n prati\u011fini sunmu\u015ftur.<\/p>\n<h2><strong>11- Alevilik T\u00fcrkle\u015fmektir<\/strong><\/h2>\n<p>Hac\u0131 Bekta\u015f Veli\u2019nin Anadolu\u2019daki faaliyetleri sonucunda baz\u0131 yerli toplumlar\u0131n \u201cT\u00fcrk oldu\u011fu\u201d kaynaklarda ifade edilmi\u015ftir. Bunun d\u0131\u015f\u0131nda \u201cT\u00fcrk\u2019e verilen\u201d H\u0131ristiyan \u00e7ocuklar\u0131 T\u00fcrk ailelerin yan\u0131nda \u00f6nce T\u00fcrkle\u015fmi\u015f daha sonra Bekta\u015fi tarikat\u0131na intisap etmi\u015ftir. Yeni\u00e7eriler b\u00f6yle bir e\u011fitimden ge\u00e7mi\u015fti. \u0130ran\u2019da K\u0131z\u0131lba\u015f devletinin kurulmas\u0131ndan sonra T\u00fcrk\u00e7e ve T\u00fcrkle\u015fme yayg\u0131nla\u015fm\u0131\u015f, bu durum \u0130rani halklar\u0131 bile etkilemi\u015fti. T\u00fcrk\u00e7e, \u0130ran\u2019da ortak dil olmu\u015ftu. 20. y\u00fczy\u0131l\u0131n ba\u015f\u0131na kadar \u0130ran\u2019\u0131n bir T\u00fcrk devleti olarak gelmesini sa\u011flayan K\u0131z\u0131lba\u015flar\u0131n \u00e7al\u0131\u015fmalar\u0131d\u0131r.<\/p>\n<h2><strong>Sons\u00f6z<\/strong><\/h2>\n<p>Alevilik; T\u00fcrk k\u00fclt\u00fcr\u00fc ile \u0130slam iman\u0131n\u0131n ayn\u0131 kapta ve ince bir denge i\u00e7inde ya\u015fanmas\u0131d\u0131r. Alevilik; T\u00fcrk k\u00fclt\u00fcr\u00fcn\u00fc, g\u00fcn\u00fcm\u00fcze zenginle\u015ferek getirdi\u011fi gibi \u0130slam iman\u0131n\u0131 <strong>\u201c<\/strong><em>g\u00f6n\u00fcl temizli\u011fi<\/em><strong>\u201d<\/strong> temelinde ele alm\u0131\u015f, yobazl\u0131\u011fa ve gericili\u011fe ge\u00e7it vermemi\u015ftir. \u0130man\u0131 <strong>\u201c<\/strong><em>sevgi<\/em><strong>\u201d <\/strong>temelinde tan\u0131mlayan Alevi iman\u0131, <strong>\u201c<\/strong><em>kul hakk\u0131<\/em><strong>\u201d<\/strong>n\u0131 \u00f6n plana \u00e7\u0131kararak insan\u0131n toplumla ve do\u011fayla (yatay) ili\u015fkisine dikkat kesilmi\u015ftir. Dindarl\u0131\u011f\u0131n \u00f6l\u00e7\u00fcs\u00fcn\u00fc ise ki\u015finin iman\u0131n\u0131 ikrar\u0131ndan sonra yatay ili\u015fkisine g\u00f6re de\u011ferlendirmi\u015ftir.<\/p>\n","protected":false},"excerpt":{"rendered":"<p>Alevilik, T\u00fcrk K\u00fclt\u00fcr Havzas\u0131nda olu\u015fmu\u015ftur. Alevi ocak, oymak ve a\u015firetleri T\u00fcrk\u2019t\u00fcr. Zazaca ve Kurman\u00e7\u00e7a konu\u015fanlar da ar\u015five T\u00fcrk, Y\u00f6r\u00fck, T\u00fcrkmen \u015feklinde kaydedilmi\u015ftir. T\u00fcrk k\u00fclt\u00fcr\u00fc ile \u0130slam iman\u0131n\u0131n ayn\u0131 kapta ve bir denge i\u00e7inde ya\u015fanmas\u0131d\u0131r.<\/p>\n","protected":false},"author":33,"featured_media":1957,"comment_status":"open","ping_status":"open","sticky":false,"template":"","format":"standard","meta":{"_links_to":"","_links_to_target":""},"categories":[61,62,2,68],"tags":[],"yoast_head":"<!-- This site is optimized with the Yoast SEO plugin v16.0.2 - https:\/\/yoast.com\/wordpress\/plugins\/seo\/ -->\n<title>Alevilik neden T\u00fcrkl\u00fckt\u00fcr? - M\u0130SAK- Mill\u00ee Strateji Ara\u015ft\u0131rma Kurulu<\/title>\n<link rel=\"canonical\" href=\"https:\/\/millidusunce.com\/misak\/alevilik-neden-turkluktur\/\" \/>\n<meta property=\"og:locale\" content=\"tr_TR\" \/>\n<meta property=\"og:type\" content=\"article\" \/>\n<meta property=\"og:title\" content=\"Alevilik neden T\u00fcrkl\u00fckt\u00fcr? - M\u0130SAK- Mill\u00ee Strateji Ara\u015ft\u0131rma Kurulu\" \/>\n<meta property=\"og:description\" content=\"Alevilik, T\u00fcrk K\u00fclt\u00fcr Havzas\u0131nda olu\u015fmu\u015ftur. Alevi ocak, oymak ve a\u015firetleri T\u00fcrk\u2019t\u00fcr. Zazaca ve Kurman\u00e7\u00e7a konu\u015fanlar da ar\u015five T\u00fcrk, Y\u00f6r\u00fck, T\u00fcrkmen \u015feklinde kaydedilmi\u015ftir. T\u00fcrk k\u00fclt\u00fcr\u00fc ile \u0130slam iman\u0131n\u0131n ayn\u0131 kapta ve bir denge i\u00e7inde ya\u015fanmas\u0131d\u0131r.\" \/>\n<meta property=\"og:url\" content=\"https:\/\/millidusunce.com\/misak\/alevilik-neden-turkluktur\/\" \/>\n<meta property=\"og:site_name\" content=\"M\u0130SAK- Mill\u00ee Strateji Ara\u015ft\u0131rma Kurulu\" \/>\n<meta property=\"article:published_time\" content=\"2018-04-25T16:30:00+00:00\" \/>\n<meta property=\"article:modified_time\" content=\"2018-04-26T08:21:05+00:00\" \/>\n<meta property=\"og:image\" content=\"https:\/\/millidusunce.com\/misak\/wp-content\/uploads\/2018\/04\/alevi-semah-main1.jpg\" \/>\n\t<meta property=\"og:image:width\" content=\"933\" \/>\n\t<meta property=\"og:image:height\" content=\"525\" \/>\n<meta name=\"twitter:card\" content=\"summary_large_image\" \/>\n<meta name=\"twitter:label1\" content=\"Tahmini okuma s\u00fcresi\">\n\t<meta name=\"twitter:data1\" content=\"5 dakika\">\n<script type=\"application\/ld+json\" class=\"yoast-schema-graph\">{\"@context\":\"https:\/\/schema.org\",\"@graph\":[{\"@type\":\"Organization\",\"@id\":\"https:\/\/millidusunce.com\/misak\/#organization\",\"name\":\"Mill\\u00ee D\\u00fc\\u015f\\u00fcnce Merkezi\",\"url\":\"https:\/\/millidusunce.com\/misak\/\",\"sameAs\":[],\"logo\":{\"@type\":\"ImageObject\",\"@id\":\"https:\/\/millidusunce.com\/misak\/#logo\",\"inLanguage\":\"tr\",\"url\":\"https:\/\/millidusunce.com\/misak\/wp-content\/uploads\/2018\/09\/mdmLogo-yazisiz.jpg\",\"width\":422,\"height\":422,\"caption\":\"Mill\\u00ee D\\u00fc\\u015f\\u00fcnce Merkezi\"},\"image\":{\"@id\":\"https:\/\/millidusunce.com\/misak\/#logo\"}},{\"@type\":\"WebSite\",\"@id\":\"https:\/\/millidusunce.com\/misak\/#website\",\"url\":\"https:\/\/millidusunce.com\/misak\/\",\"name\":\"M\\u0130SAK- Mill\\u00ee Strateji Ara\\u015ft\\u0131rma Kurulu\",\"description\":\"D\\u00fcnyaya T\\u00fcrk\\u00e7\\u00fc Bak\\u0131\\u015f\",\"publisher\":{\"@id\":\"https:\/\/millidusunce.com\/misak\/#organization\"},\"potentialAction\":[{\"@type\":\"SearchAction\",\"target\":\"https:\/\/millidusunce.com\/misak\/?s={search_term_string}\",\"query-input\":\"required name=search_term_string\"}],\"inLanguage\":\"tr\"},{\"@type\":\"ImageObject\",\"@id\":\"https:\/\/millidusunce.com\/misak\/alevilik-neden-turkluktur\/#primaryimage\",\"inLanguage\":\"tr\",\"url\":\"https:\/\/millidusunce.com\/misak\/wp-content\/uploads\/2018\/04\/alevi-semah-main1.jpg\",\"width\":933,\"height\":525},{\"@type\":\"WebPage\",\"@id\":\"https:\/\/millidusunce.com\/misak\/alevilik-neden-turkluktur\/#webpage\",\"url\":\"https:\/\/millidusunce.com\/misak\/alevilik-neden-turkluktur\/\",\"name\":\"Alevilik neden T\\u00fcrkl\\u00fckt\\u00fcr? - M\\u0130SAK- Mill\\u00ee Strateji Ara\\u015ft\\u0131rma Kurulu\",\"isPartOf\":{\"@id\":\"https:\/\/millidusunce.com\/misak\/#website\"},\"primaryImageOfPage\":{\"@id\":\"https:\/\/millidusunce.com\/misak\/alevilik-neden-turkluktur\/#primaryimage\"},\"datePublished\":\"2018-04-25T16:30:00+00:00\",\"dateModified\":\"2018-04-26T08:21:05+00:00\",\"breadcrumb\":{\"@id\":\"https:\/\/millidusunce.com\/misak\/alevilik-neden-turkluktur\/#breadcrumb\"},\"inLanguage\":\"tr\",\"potentialAction\":[{\"@type\":\"ReadAction\",\"target\":[\"https:\/\/millidusunce.com\/misak\/alevilik-neden-turkluktur\/\"]}]},{\"@type\":\"BreadcrumbList\",\"@id\":\"https:\/\/millidusunce.com\/misak\/alevilik-neden-turkluktur\/#breadcrumb\",\"itemListElement\":[{\"@type\":\"ListItem\",\"position\":1,\"item\":{\"@type\":\"WebPage\",\"@id\":\"https:\/\/millidusunce.com\/misak\/\",\"url\":\"https:\/\/millidusunce.com\/misak\/\",\"name\":\"Anasayfa\"}},{\"@type\":\"ListItem\",\"position\":2,\"item\":{\"@type\":\"WebPage\",\"@id\":\"https:\/\/millidusunce.com\/misak\/alevilik-neden-turkluktur\/\",\"url\":\"https:\/\/millidusunce.com\/misak\/alevilik-neden-turkluktur\/\",\"name\":\"Alevilik neden T\\u00fcrkl\\u00fckt\\u00fcr?\"}}]},{\"@type\":\"Article\",\"@id\":\"https:\/\/millidusunce.com\/misak\/alevilik-neden-turkluktur\/#article\",\"isPartOf\":{\"@id\":\"https:\/\/millidusunce.com\/misak\/alevilik-neden-turkluktur\/#webpage\"},\"author\":{\"@id\":\"https:\/\/millidusunce.com\/misak\/#\/schema\/person\/e9f53799c633652544772c3f53d460d1\"},\"headline\":\"Alevilik neden T\\u00fcrkl\\u00fckt\\u00fcr?\",\"datePublished\":\"2018-04-25T16:30:00+00:00\",\"dateModified\":\"2018-04-26T08:21:05+00:00\",\"mainEntityOfPage\":{\"@id\":\"https:\/\/millidusunce.com\/misak\/alevilik-neden-turkluktur\/#webpage\"},\"commentCount\":0,\"publisher\":{\"@id\":\"https:\/\/millidusunce.com\/misak\/#organization\"},\"image\":{\"@id\":\"https:\/\/millidusunce.com\/misak\/alevilik-neden-turkluktur\/#primaryimage\"},\"articleSection\":\"D\\u0130N,E\\u011e\\u0130T\\u0130M-K\\u00dcLT\\u00dcR,T\\u00dcRKL\\u00dcK-T\\u00dcRK\\u00c7\\u00dcL\\u00dcK\",\"inLanguage\":\"tr\",\"potentialAction\":[{\"@type\":\"CommentAction\",\"name\":\"Comment\",\"target\":[\"https:\/\/millidusunce.com\/misak\/alevilik-neden-turkluktur\/#respond\"]}]},{\"@type\":\"Person\",\"@id\":\"https:\/\/millidusunce.com\/misak\/#\/schema\/person\/e9f53799c633652544772c3f53d460d1\",\"name\":\"Ali R\\u0131za \\u00d6zdemir\",\"image\":{\"@type\":\"ImageObject\",\"@id\":\"https:\/\/millidusunce.com\/misak\/#personlogo\",\"inLanguage\":\"tr\",\"url\":\"https:\/\/secure.gravatar.com\/avatar\/fccbb226411bf559a15f2187c35972c6?s=96&d=mm&r=g\",\"caption\":\"Ali R\\u0131za \\u00d6zdemir\"},\"description\":\"1977 y\\u0131l\\u0131nda Erzincan\\u2019da do\\u011fdu. Atat\\u00fcrk \\u00dcniversitesi Fen-Edebiyat Fak\\u00fcltesi Co\\u011frafya B\\u00f6l\\u00fcm\\u00fcnden mezun oldu. Erzincan \\u00dcniversitesinde y\\u00fcksek lisans e\\u011fitimini tamamlad\\u0131. Ali R\\u0131za \\u00d6zdemir \\u00e7al\\u0131\\u015fmalar\\u0131n\\u0131; tarihi co\\u011frafya, dinler co\\u011frafyas\\u0131, etnik co\\u011frafya ve Alev\\u00eelik konular\\u0131nda yo\\u011funla\\u015ft\\u0131rm\\u0131\\u015ft\\u0131r. Bir\\u00e7ok sivil toplum \\u00f6rg\\u00fct\\u00fcnde y\\u00f6neticilik ve fahri dan\\u0131\\u015fmanl\\u0131k yapmaktad\\u0131r. Yazar\\u0131n yay\\u0131mlanm\\u0131\\u015f yirmiyi a\\u015fk\\u0131n kitab\\u0131, y\\u00fcz\\u00fc a\\u015fk\\u0131n makalesi, \\u00e7ok say\\u0131da kitap b\\u00f6l\\u00fcm\\u00fc, rapor, bildiri, s\\u00f6yle\\u015fi ve \\u015fiiri bulunmaktad\\u0131r. Kitaplar\\u0131: 1. (2017). Alev\\u00eeli\\u011fin Yaz\\u0131l\\u0131 Kaynaklar\\u0131. Ankara: Kripto. 2. (2017). (\\u0130smail Baki ile) Alev\\u00eelik Bildirgesi. Ankara: Kripto. 3. (2017). Eski Defterler: Toplu \\u015eiirleri (2008-2016). Ankara: Kripto. 4. (2017). Alev\\u00eelikte Allah \\u0130nanc\\u0131. Ankara: Kripto. 5. (2017). A\\u2019dan Z\\u2019ye Alev\\u00eelik: Ba\\u015flang\\u0131\\u00e7 Kitab\\u0131. Ankara: Kripto. 6. (2016). On \\u0130ki \\u0130mam. Ankara: Kripto. 7. (2016). Ge\\u00e7mi\\u015ften Gelece\\u011fe K\\u00fcrt Alev\\u00eeli\\u011fi. Ankara: Kripto. 8. (2015). Dersim\\u2019de E\\u011fitim (1848-1908). \\u0130stanbul: \\u0130dil. 9. (2014). Beklerken Seni (\\u015eiir). Ankara: Gece. 10.(2014). (Ed.). \\u00c7a\\u011fda\\u015f Bilimler I\\u015f\\u0131\\u011f\\u0131nda O\\u011fuz Ka\\u011fan Destan\\u0131. Ankara: Kripto. (3.Bask\\u0131, 2017). 11.(2014). (Abdulkadir G\\u00fcl ile). Dersimliler Ermeni mi?: 16. Y\\u00fczy\\u0131ldan 20. Y\\u00fczy\\u0131la Dersim\\u2019in N\\u00fcfus Co\\u011frafyas\\u0131. \\u0130stanbul: \\u0130dil. 12.(2014). (Erdem Bekaro\\u011flu ile) (Ed.). Bir Disiplinin \\u0130\\u00e7 D\\u00fcnyas\\u0131: Modern T\\u00fcrk Co\\u011frafyas\\u0131 \\u00dczerine S\\u00f6yle\\u015filer. \\u0130stanbul: \\u0130dil. 13.(2013). Etnik Co\\u011frafya Bak\\u0131m\\u0131ndan K\\u00fcrtle\\u015fen T\\u00fcrkmen A\\u015firetleri: Kay\\u0131p T\\u00fcrkler. Ankara: Kripto. (8.Bask\\u0131, 2017). 14.(2013). Allah\\u2019\\u0131n Aslan\\u0131 Hz. Ali. Ankara: Kripto. (4.Bask\\u0131, 2016). 15.(2013). Anadolu Evliyalar\\u0131 ve Kerametleri. Ankara: Kripto. (2.Bask\\u0131, Haziran 2015) 16.(2013). Atat\\u00fcrk ve \\u0130sl\\u00e2m. Ankara: Kripto. (4.Bask\\u0131, 2016). 17.(2013). Yahudili\\u011fin B\\u00fcy\\u00fck S\\u0131rr\\u0131. Ankara: Kripto. (8.Bask\\u0131, 2016). 18.(2012). Bir Ana \\u0130ki O\\u011ful; G\\u00f6ller K\\u00f6y\\u00fc. Ankara: Alt\\u0131npost. 19.(2012). PKK ve Korucular. Ankara: Alt\\u0131npost. 20.(2012). Bilinmeyen Y\\u00f6nleriyle Zazalar-K\\u00fcrtler-Alev\\u00eeler. Ankara: Alt\\u0131npost. (3.Bask\\u0131, 2016, Kripto). 21.(2011). Alev\\u00eeli\\u011fin Yaz\\u0131lmayan Tarihi. Ankara: Kripto. (14.Bask\\u0131, 2016). 22.(2010). Ko\\u00e7 Heykelli Mezarlar\\u0131n \\u0130zinde: Zazalar Ve T\\u00fcrkl\\u00fck. Ankara: Kripto. (4. Bask\\u0131, 2016). 23. (2009). 101 Soruda K\\u00fcrtler. Ankara: Kripto. (2. Bask\\u0131, Alt\\u0131npost, 2012). (3.Bask\\u0131, Kripto, 2016). 24. (2009). Kart Kurt Sesleri Aras\\u0131nda Kaybolan Ger\\u00e7ek: K\\u00fcrtler Ve T\\u00fcrkl\\u00fck. Ankara: Kripto. (4. Bask\\u0131, 2016). 25. (2007). (Hifzullah Erye\\u015fil, Ahmet Remzi Oran, Abdurrahim G\\u00fcne\\u015f ile birlikte). Beyaz Kent: Siirt. Ankara: Siirt Valili\\u011fi.\"}]}<\/script>\n<!-- \/ Yoast SEO plugin. -->","_links":{"self":[{"href":"https:\/\/millidusunce.com\/misak\/wp-json\/wp\/v2\/posts\/1955"}],"collection":[{"href":"https:\/\/millidusunce.com\/misak\/wp-json\/wp\/v2\/posts"}],"about":[{"href":"https:\/\/millidusunce.com\/misak\/wp-json\/wp\/v2\/types\/post"}],"author":[{"embeddable":true,"href":"https:\/\/millidusunce.com\/misak\/wp-json\/wp\/v2\/users\/33"}],"replies":[{"embeddable":true,"href":"https:\/\/millidusunce.com\/misak\/wp-json\/wp\/v2\/comments?post=1955"}],"version-history":[{"count":0,"href":"https:\/\/millidusunce.com\/misak\/wp-json\/wp\/v2\/posts\/1955\/revisions"}],"wp:featuredmedia":[{"embeddable":true,"href":"https:\/\/millidusunce.com\/misak\/wp-json\/wp\/v2\/media\/1957"}],"wp:attachment":[{"href":"https:\/\/millidusunce.com\/misak\/wp-json\/wp\/v2\/media?parent=1955"}],"wp:term":[{"taxonomy":"category","embeddable":true,"href":"https:\/\/millidusunce.com\/misak\/wp-json\/wp\/v2\/categories?post=1955"},{"taxonomy":"post_tag","embeddable":true,"href":"https:\/\/millidusunce.com\/misak\/wp-json\/wp\/v2\/tags?post=1955"}],"curies":[{"name":"wp","href":"https:\/\/api.w.org\/{rel}","templated":true}]}}