{"id":19627,"date":"2026-03-03T12:53:26","date_gmt":"2026-03-03T09:53:26","guid":{"rendered":"https:\/\/millidusunce.com\/misak\/?p=19627"},"modified":"2026-03-03T12:53:26","modified_gmt":"2026-03-03T09:53:26","slug":"hamaneyin-olumu-sectigi-iddiasi-ne-kadar-dogru","status":"publish","type":"post","link":"https:\/\/millidusunce.com\/misak\/hamaneyin-olumu-sectigi-iddiasi-ne-kadar-dogru\/","title":{"rendered":"Hamaney\u2019in &#8220;\u00f6l\u00fcm\u00fc se\u00e7ti\u011fi&#8221; iddias\u0131 ne kadar do\u011fru?"},"content":{"rendered":"<p>\u0130ran y\u00f6netimi, Ali Hamaney\u2019in bilin\u00e7li ve irad\u00ee bi\u00e7imde \u201c\u00f6l\u00fcm\u00fc se\u00e7ti\u011fi\u201d, \u201c90 milyon insan s\u0131\u011f\u0131nakta ya\u015fam\u0131yorsa benim ya\u015famam da do\u011fru de\u011fil.\u201d diyerek \u00f6l\u00fcm\u00fc (onlar\u0131n ifadesiyle \u201c\u015fehadeti\u201d) tercih etti\u011fi ileri s\u00fcr\u00fclmektedir. Bu iddia ilk bak\u0131\u015fta fedak\u00e2rl\u0131k, kader ortakl\u0131\u011f\u0131 ve lider\u2013halk \u00f6zde\u015fli\u011fi \u00fczerinden g\u00fc\u00e7l\u00fc bir sembolik anlam \u00fcretmektedir. Ancak \u0130ran siyasal sistemi, \u00f6zellikle Vel\u00e2yet-i Fakih kurumu ve anayasal mimari dikkate al\u0131nd\u0131\u011f\u0131nda, bu \u00e7er\u00e7eveleme yap\u0131sal a\u00e7\u0131dan ciddi sorunlar bar\u0131nd\u0131rmaktad\u0131r. Bu iddia do\u011fru olmaktan \u00e7ok uzak ve y\u00f6netimin varolu\u015fsal kusur ve eksili\u011fini kapatmak niyetini ta\u015f\u0131r. A\u015fa\u011f\u0131daki yaz\u0131 bu iddiay\u0131 \u00e7\u00fcr\u00fctmeyi hedefliyor.<\/p>\n<p>B\u00f6yle bir \u00e7er\u00e7eveleme, ayn\u0131 zamanda yeni bir ideolojik mit \u00fcretme i\u015flevi g\u00f6rebilir. Bu mit, \u00fclkedeki g\u00fcvenlik zafiyetini, istihbarat a\u00e7\u0131klar\u0131n\u0131, d\u0131\u015f tehditleri ve d\u00fc\u015fman olarak adland\u0131rd\u0131klar\u0131 \u00fclkelerin niyet, irade ve harekat tarz\u0131n\u0131 do\u011fru okuyamama gibi hayati k\u0131r\u0131lganl\u0131klar ve zaaflar\u0131 g\u00f6r\u00fcnmez k\u0131lma amac\u0131na hizmet edebilir. \u0130ran y\u00f6netiminin tarihsel olarak zafiyetleri ideolojik ve teolojik bir anlat\u0131 i\u00e7ine yerle\u015ftirerek yeniden \u00fcretme ve buradan me\u015fruiyet dev\u015firme konusunda mahir oldu\u011fu s\u0131k\u00e7a dile getirilmektedir.<\/p>\n<p>E\u011fer ger\u00e7ekten bilin\u00e7li ve irad\u00ee bir \u00f6l\u00fcm tercihi s\u00f6z konusuysa, bu durum \u00e7ok a\u011f\u0131r bir sorumluluk tart\u0131\u015fmas\u0131n\u0131 beraberinde getirir. Anlat\u0131ya g\u00f6re sald\u0131r\u0131n\u0131n ger\u00e7ekle\u015fti\u011fi yerle\u015fkede e\u015finin, gelininin, damad\u0131n\u0131n ve \u00e7ok say\u0131da ki\u015finin hayat\u0131n\u0131 kaybetti\u011fi belirtilmektedir. Bu \u00e7er\u00e7eve esas al\u0131n\u0131rsa, Ali Hamaney yaln\u0131zca kendi \u00f6l\u00fcm\u00fcn\u00fc de\u011fil, ayn\u0131 mek\u00e2nda bulunan aile \u00fcyeleri ve yetkililerin de \u00f6l\u00fcm riskini bilerek \u00fcstlenmi\u015f \u2014 hatta fiilen buna zemin haz\u0131rlam\u0131\u015f \u2014 olur. Bu durumda mesele, \u201c\u015fehadet\u201d ya da fedak\u00e2rl\u0131k s\u00f6ylemiyle y\u00fcceltilmekten ziyade; liderin kamusal sorumlulu\u011fu, kararlar\u0131n\u0131n \u00fc\u00e7\u00fcnc\u00fc ki\u015filer \u00fczerindeki \u00f6ng\u00f6r\u00fclebilir sonu\u00e7lar\u0131 ve aile eti\u011fi bak\u0131m\u0131ndan de\u011ferlendirilmelidir. Bir liderin, d\u00fc\u015fman olarak tan\u0131mlad\u0131\u011f\u0131 bir akt\u00f6re kendisini ve yak\u0131n \u00e7evresini hedef alma imk\u00e2n\u0131 sunmas\u0131; yaln\u0131zca ki\u015fisel cesaret meselesi de\u011fil, ayn\u0131 zamanda stratejik \u00f6ng\u00f6r\u00fc ve koruma y\u00fck\u00fcml\u00fcl\u00fc\u011f\u00fc a\u00e7\u0131s\u0131ndan da sorgulanabilir. Dolay\u0131s\u0131yla burada tart\u0131\u015fma, ahlaki \u00fcst\u00fcnl\u00fck iddias\u0131ndan \u00e7ok; kamusal emanet bilinci, liderlik sorumlulu\u011fu ve ba\u015fkalar\u0131n\u0131n hayat\u0131 \u00fczerinde al\u0131nan kararlar\u0131n etik s\u0131n\u0131rlar\u0131 \u00e7er\u00e7evesinde a\u00e7\u0131k bi\u00e7imde problemli bir alan\u0131 i\u015faret etmektedir<\/p>\n<p>Ali Hamaney s\u0131radan bir devlet ba\u015fkan\u0131 de\u011fildir. \u0130ran \u0130slam Cumhuriyeti anayasal d\u00fczeninde \u201cRehber\u201d s\u0131fat\u0131yla, Vel\u00e2yet-i Fakih doktrini \u00e7er\u00e7evesinde en \u00fcst siyasal-din\u00ee otorite konumundad\u0131r. Silahl\u0131 kuvvetlerin ba\u015fkomutan\u0131d\u0131r; yarg\u0131 erkinin tepe atamalar\u0131nda belirleyici rol oynar; devlet televizyonu ve kritik kurumlar\u0131n \u00fcst y\u00f6netimini tayin eder; stratejik g\u00fcvenlik kararlar\u0131nda son mercidir; d\u0131\u015f politika ve n\u00fckleer dosya gibi hayati alanlarda nihai y\u00f6n belirleyicidir. Bu ba\u011flamda liderin varl\u0131\u011f\u0131 sembolik bir konumdan ibaret de\u011fildir; sistemin kurumsal s\u00fcreklili\u011finin merkezinde yer al\u0131r. Dolay\u0131s\u0131yla bilin\u00e7li bir \u201c\u00f6l\u00fcm\u00fc se\u00e7me\u201d karar\u0131, ki\u015fisel bir tasarruf de\u011fil, anayasal d\u00fczenin \u00e7ekirde\u011fini hayat\u0131 riske atmak anlam\u0131na gelir.<\/p>\n<p>Vel\u00e2yet-i Fakih teorisinin kurucu referans\u0131 olan Ruhullah Humeyni, fakihin temel sorumlulu\u011funu toplumun maslahat\u0131n\u0131 korumak olarak tan\u0131mlar. Bu doktrinde lider, siyasi akl\u0131n ve maslahat\u0131n temsilcisidir; kaos ve fitne riskini minimize etmekle y\u00fck\u00fcml\u00fcd\u00fcr; devletin bekas\u0131n\u0131 \u015fahsi kaderinin \u00f6n\u00fcnde tutmak zorundad\u0131r. Bu \u00e7er\u00e7evede bilin\u00e7li bi\u00e7imde \u00f6l\u00fcm\u00fc se\u00e7mek, maslahat ilkesine a\u00e7\u0131k bi\u00e7imde ayk\u0131r\u0131d\u0131r. \u00c7\u00fcnk\u00fc liderin g\u00fcvenli\u011fi \u015fahsi bir mesele de\u011fil, rejimin istikrar\u0131n\u0131n yap\u0131sal bir unsurudur. \u015eehadet s\u00f6ylemi devrimci retorikte g\u00fc\u00e7l\u00fc bir mobilizasyon arac\u0131d\u0131r; ancak devletle\u015fmi\u015f ve kurumsalla\u015fm\u0131\u015f bir sistemde liderin asli g\u00f6revi mit \u00fcretmek de\u011fil, risk y\u00f6netmektir. Devrimci romantizm ile kurumsal rasyonalite aras\u0131ndaki gerilim burada belirginle\u015fmektedir.<\/p>\n<p>Ayr\u0131ca Ali Hamaney yaln\u0131zca \u0130ran devletinin de\u011fil; \u0130ran\u2019la koordinasyon i\u00e7indeki b\u00f6lgesel vekil a\u011flar\u0131n da en \u00fcst siyasi-ideolojik referans noktas\u0131d\u0131r. Irak\u2019taki milis yap\u0131lar, L\u00fcbnan\u2019daki Hizbullah, Yemen\u2019deki Husiler ve Suriye sahas\u0131ndaki \u0130ran ba\u011flant\u0131l\u0131 unsurlar\u0131n stratejik y\u00f6nelimi b\u00fcy\u00fck \u00f6l\u00e7\u00fcde Tahran\u2019daki nihai otoritenin s\u00fcreklili\u011fine ba\u011fl\u0131d\u0131r. Liderin \u00f6ld\u00fcr\u00fclmesi, karar alma mekanizmalar\u0131nda ge\u00e7ici bo\u015fluk yaratabilir; g\u00fc\u00e7 fraksiyonlar\u0131 aras\u0131nda rekabeti tetikleyebilir, Devrim Muhaf\u0131zlar\u0131 ile di\u011fer kurumsal odaklar aras\u0131nda denge kaymalar\u0131na yol a\u00e7abilir; b\u00f6lgesel cayd\u0131r\u0131c\u0131l\u0131\u011f\u0131 zay\u0131flatabilir. Stratejik rasyonalite a\u00e7\u0131s\u0131ndan bu, sistem i\u00e7in y\u00fcksek maliyetli bir tercihtir.<\/p>\n<p>Varsay\u0131msal olarak bilin\u00e7li bir \u00f6l\u00fcm tercihi ger\u00e7ekten s\u00f6z konusu olsayd\u0131, bu durum ciddi bir etik sorumluluk tart\u0131\u015fmas\u0131n\u0131 beraberinde getirmesi gerekir. Liderin bulundu\u011fu mek\u00e2ndaki siviller, aile \u00fcyeleri, koruma personeli ve karar alma \u00e7evresi \u00f6l\u00fcm riskine a\u00e7\u0131k h\u00e2le gelmi\u015f olur. Liderlik, ki\u015fisel cesaret g\u00f6sterisi ya da sembolik fedak\u00e2rl\u0131k de\u011fil; risk minimizasyonu ve kamusal sorumluluk ilkesine dayan\u0131r. Bu nedenle mesele fedak\u00e2rl\u0131k de\u011fil, emanet sorumlulu\u011fu problemidir. Hameney, \u00f6l\u00fcm\u00fc se\u00e7mi\u015fse emanete ihanet etti\u011fi sonucu \u00e7\u0131kar.<\/p>\n<p>\u0130ran siyasal gelene\u011finde krizlerin teolojik-ideolojik bir anlat\u0131 i\u00e7ine yerle\u015ftirilerek yeniden \u00e7er\u00e7evelenmesi yayg\u0131n bir pratiktir. E\u011fer ortada ciddi bir istihbarat a\u00e7\u0131\u011f\u0131, operasyonel s\u0131zma ya da g\u00fcvenlik mimarisinde k\u0131r\u0131lganl\u0131k s\u00f6z konusuysa, bunu \u201cbilin\u00e7li \u015fehadet tercihi\u201d olarak yeniden kodlamak devlet kapasitesine y\u00f6nelik tart\u0131\u015fmalar\u0131 bast\u0131rma i\u015flevi g\u00f6rebilir. B\u00f6yle bir anlat\u0131, istihbar\u00ee ba\u015far\u0131s\u0131zl\u0131klar\u0131 g\u00f6r\u00fcnmez k\u0131lar; sorumluluk zincirini ki\u015fisel irade retori\u011fi i\u00e7inde da\u011f\u0131t\u0131r; toplumsal ele\u015ftiriyi kutsal bir s\u00f6ylem arac\u0131l\u0131\u011f\u0131yla n\u00f6tralize eder. Bu durum, klasik anlamda bir me\u015fruiyet yeniden \u00fcretim mekanizmas\u0131d\u0131r.<\/p>\n<p>Sonu\u00e7 olarak \u201c\u00f6l\u00fcm\u00fc se\u00e7ti\u201d iddias\u0131, Vel\u00e2yet-i Fakih\u2019in \u0130ran\u2019daki merkezi pozisyonu ve maslahat mant\u0131\u011f\u0131yla uyumsuzdur; devlet akl\u0131 perspektifinden irrasyoneldir, kurumsal sorumluluk ilkesiyle \u00e7eli\u015fir; g\u00fcvenlik zafiyetini ideolojik anlat\u0131 ile perdeleme riski ta\u015f\u0131r. Daha tutarl\u0131 a\u00e7\u0131klama, bilin\u00e7li bir \u015fehadet tercihi de\u011fil; g\u00fcvenlik ve istihbarat ba\u011flam\u0131nda olu\u015fmu\u015f bir k\u0131r\u0131lganl\u0131\u011f\u0131n ideolojik olarak yeniden \u00e7er\u00e7evelenmesidir. \u0130ran y\u00f6netimi kendi liderini korumaktan acizdir. Bu aczi perdelemesi gerekiyor. Tart\u0131\u015f\u0131lmas\u0131 gereken esas mesele bireysel kahramanl\u0131k de\u011fil, y\u00f6netimin liderini koruyamama acizli\u011fidir.<\/p>\n<p>&nbsp;<\/p>\n","protected":false},"excerpt":{"rendered":"<p>\u0130ran siyasal gelene\u011finde krizlerin teolojik-ideolojik bir anlat\u0131 i\u00e7ine yerle\u015ftirilerek yeniden \u00e7er\u00e7evelenmesi yayg\u0131n bir pratiktir.<\/p>\n","protected":false},"author":38,"featured_media":19631,"comment_status":"open","ping_status":"open","sticky":false,"template":"","format":"standard","meta":{"_links_to":"","_links_to_target":""},"categories":[2],"tags":[199,3332,3331,3330,630,3306,3333,2097],"yoast_head":"<!-- This site is optimized with the Yoast SEO plugin v16.0.2 - https:\/\/yoast.com\/wordpress\/plugins\/seo\/ -->\n<title>Hamaney\u2019in &quot;\u00f6l\u00fcm\u00fc se\u00e7ti\u011fi&quot; iddias\u0131 ne kadar do\u011fru? - M\u0130SAK- Mill\u00ee Strateji Ara\u015ft\u0131rma Kurulu<\/title>\n<meta name=\"description\" content=\"Varsay\u0131msal olarak bilin\u00e7li bir \u00f6l\u00fcm tercihi ger\u00e7ekten s\u00f6z konusu olsayd\u0131, bu durum ciddi bir etik sorumluluk tart\u0131\u015fmas\u0131n\u0131 beraberinde getirmesi gerekir. Liderin bulundu\u011fu mek\u00e2ndaki siviller, aile \u00fcyeleri, koruma personeli ve karar alma \u00e7evresi \u00f6l\u00fcm riskine a\u00e7\u0131k h\u00e2le gelmi\u015f olur. Liderlik, ki\u015fisel cesaret g\u00f6sterisi ya da sembolik fedak\u00e2rl\u0131k de\u011fil; risk minimizasyonu ve kamusal sorumluluk ilkesine dayan\u0131r.\" \/>\n<link rel=\"canonical\" href=\"https:\/\/millidusunce.com\/misak\/hamaneyin-olumu-sectigi-iddiasi-ne-kadar-dogru\/\" \/>\n<meta property=\"og:locale\" content=\"tr_TR\" \/>\n<meta property=\"og:type\" content=\"article\" \/>\n<meta property=\"og:title\" content=\"Hamaney\u2019in &quot;\u00f6l\u00fcm\u00fc se\u00e7ti\u011fi&quot; iddias\u0131 ne kadar do\u011fru? - M\u0130SAK- Mill\u00ee Strateji Ara\u015ft\u0131rma Kurulu\" \/>\n<meta property=\"og:description\" content=\"Varsay\u0131msal olarak bilin\u00e7li bir \u00f6l\u00fcm tercihi ger\u00e7ekten s\u00f6z konusu olsayd\u0131, bu durum ciddi bir etik sorumluluk tart\u0131\u015fmas\u0131n\u0131 beraberinde getirmesi gerekir. Liderin bulundu\u011fu mek\u00e2ndaki siviller, aile \u00fcyeleri, koruma personeli ve karar alma \u00e7evresi \u00f6l\u00fcm riskine a\u00e7\u0131k h\u00e2le gelmi\u015f olur. Liderlik, ki\u015fisel cesaret g\u00f6sterisi ya da sembolik fedak\u00e2rl\u0131k de\u011fil; risk minimizasyonu ve kamusal sorumluluk ilkesine dayan\u0131r.\" \/>\n<meta property=\"og:url\" content=\"https:\/\/millidusunce.com\/misak\/hamaneyin-olumu-sectigi-iddiasi-ne-kadar-dogru\/\" \/>\n<meta property=\"og:site_name\" content=\"M\u0130SAK- Mill\u00ee Strateji Ara\u015ft\u0131rma Kurulu\" \/>\n<meta property=\"article:published_time\" content=\"2026-03-03T09:53:26+00:00\" \/>\n<meta property=\"og:image\" content=\"https:\/\/millidusunce.com\/misak\/wp-content\/uploads\/2026\/03\/fotografli-1.jpg\" \/>\n\t<meta property=\"og:image:width\" content=\"1200\" \/>\n\t<meta property=\"og:image:height\" content=\"800\" \/>\n<meta name=\"twitter:card\" content=\"summary_large_image\" \/>\n<meta name=\"twitter:label1\" content=\"Tahmini okuma s\u00fcresi\">\n\t<meta name=\"twitter:data1\" content=\"4 dakika\">\n<script type=\"application\/ld+json\" class=\"yoast-schema-graph\">{\"@context\":\"https:\/\/schema.org\",\"@graph\":[{\"@type\":\"Organization\",\"@id\":\"https:\/\/millidusunce.com\/misak\/#organization\",\"name\":\"Mill\\u00ee D\\u00fc\\u015f\\u00fcnce Merkezi\",\"url\":\"https:\/\/millidusunce.com\/misak\/\",\"sameAs\":[],\"logo\":{\"@type\":\"ImageObject\",\"@id\":\"https:\/\/millidusunce.com\/misak\/#logo\",\"inLanguage\":\"tr\",\"url\":\"https:\/\/millidusunce.com\/misak\/wp-content\/uploads\/2018\/09\/mdmLogo-yazisiz.jpg\",\"width\":422,\"height\":422,\"caption\":\"Mill\\u00ee D\\u00fc\\u015f\\u00fcnce Merkezi\"},\"image\":{\"@id\":\"https:\/\/millidusunce.com\/misak\/#logo\"}},{\"@type\":\"WebSite\",\"@id\":\"https:\/\/millidusunce.com\/misak\/#website\",\"url\":\"https:\/\/millidusunce.com\/misak\/\",\"name\":\"M\\u0130SAK- Mill\\u00ee Strateji Ara\\u015ft\\u0131rma Kurulu\",\"description\":\"D\\u00fcnyaya T\\u00fcrk\\u00e7\\u00fc Bak\\u0131\\u015f\",\"publisher\":{\"@id\":\"https:\/\/millidusunce.com\/misak\/#organization\"},\"potentialAction\":[{\"@type\":\"SearchAction\",\"target\":\"https:\/\/millidusunce.com\/misak\/?s={search_term_string}\",\"query-input\":\"required name=search_term_string\"}],\"inLanguage\":\"tr\"},{\"@type\":\"ImageObject\",\"@id\":\"https:\/\/millidusunce.com\/misak\/hamaneyin-olumu-sectigi-iddiasi-ne-kadar-dogru\/#primaryimage\",\"inLanguage\":\"tr\",\"url\":\"https:\/\/millidusunce.com\/misak\/wp-content\/uploads\/2026\/03\/fotografli-1.jpg\",\"width\":1200,\"height\":800},{\"@type\":\"WebPage\",\"@id\":\"https:\/\/millidusunce.com\/misak\/hamaneyin-olumu-sectigi-iddiasi-ne-kadar-dogru\/#webpage\",\"url\":\"https:\/\/millidusunce.com\/misak\/hamaneyin-olumu-sectigi-iddiasi-ne-kadar-dogru\/\",\"name\":\"Hamaney\\u2019in \\\"\\u00f6l\\u00fcm\\u00fc se\\u00e7ti\\u011fi\\\" iddias\\u0131 ne kadar do\\u011fru? - M\\u0130SAK- Mill\\u00ee Strateji Ara\\u015ft\\u0131rma Kurulu\",\"isPartOf\":{\"@id\":\"https:\/\/millidusunce.com\/misak\/#website\"},\"primaryImageOfPage\":{\"@id\":\"https:\/\/millidusunce.com\/misak\/hamaneyin-olumu-sectigi-iddiasi-ne-kadar-dogru\/#primaryimage\"},\"datePublished\":\"2026-03-03T09:53:26+00:00\",\"dateModified\":\"2026-03-03T09:53:26+00:00\",\"description\":\"Varsay\\u0131msal olarak bilin\\u00e7li bir \\u00f6l\\u00fcm tercihi ger\\u00e7ekten s\\u00f6z konusu olsayd\\u0131, bu durum ciddi bir etik sorumluluk tart\\u0131\\u015fmas\\u0131n\\u0131 beraberinde getirmesi gerekir. Liderin bulundu\\u011fu mek\\u00e2ndaki siviller, aile \\u00fcyeleri, koruma personeli ve karar alma \\u00e7evresi \\u00f6l\\u00fcm riskine a\\u00e7\\u0131k h\\u00e2le gelmi\\u015f olur. Liderlik, ki\\u015fisel cesaret g\\u00f6sterisi ya da sembolik fedak\\u00e2rl\\u0131k de\\u011fil; risk minimizasyonu ve kamusal sorumluluk ilkesine dayan\\u0131r.\",\"breadcrumb\":{\"@id\":\"https:\/\/millidusunce.com\/misak\/hamaneyin-olumu-sectigi-iddiasi-ne-kadar-dogru\/#breadcrumb\"},\"inLanguage\":\"tr\",\"potentialAction\":[{\"@type\":\"ReadAction\",\"target\":[\"https:\/\/millidusunce.com\/misak\/hamaneyin-olumu-sectigi-iddiasi-ne-kadar-dogru\/\"]}]},{\"@type\":\"BreadcrumbList\",\"@id\":\"https:\/\/millidusunce.com\/misak\/hamaneyin-olumu-sectigi-iddiasi-ne-kadar-dogru\/#breadcrumb\",\"itemListElement\":[{\"@type\":\"ListItem\",\"position\":1,\"item\":{\"@type\":\"WebPage\",\"@id\":\"https:\/\/millidusunce.com\/misak\/\",\"url\":\"https:\/\/millidusunce.com\/misak\/\",\"name\":\"Anasayfa\"}},{\"@type\":\"ListItem\",\"position\":2,\"item\":{\"@type\":\"WebPage\",\"@id\":\"https:\/\/millidusunce.com\/misak\/hamaneyin-olumu-sectigi-iddiasi-ne-kadar-dogru\/\",\"url\":\"https:\/\/millidusunce.com\/misak\/hamaneyin-olumu-sectigi-iddiasi-ne-kadar-dogru\/\",\"name\":\"Hamaney\\u2019in &#8220;\\u00f6l\\u00fcm\\u00fc se\\u00e7ti\\u011fi&#8221; iddias\\u0131 ne kadar do\\u011fru?\"}}]},{\"@type\":\"Article\",\"@id\":\"https:\/\/millidusunce.com\/misak\/hamaneyin-olumu-sectigi-iddiasi-ne-kadar-dogru\/#article\",\"isPartOf\":{\"@id\":\"https:\/\/millidusunce.com\/misak\/hamaneyin-olumu-sectigi-iddiasi-ne-kadar-dogru\/#webpage\"},\"author\":{\"@id\":\"https:\/\/millidusunce.com\/misak\/#\/schema\/person\/725a954a6688e8ec9366c625c64093f1\"},\"headline\":\"Hamaney\\u2019in &#8220;\\u00f6l\\u00fcm\\u00fc se\\u00e7ti\\u011fi&#8221; iddias\\u0131 ne kadar do\\u011fru?\",\"datePublished\":\"2026-03-03T09:53:26+00:00\",\"dateModified\":\"2026-03-03T09:53:26+00:00\",\"mainEntityOfPage\":{\"@id\":\"https:\/\/millidusunce.com\/misak\/hamaneyin-olumu-sectigi-iddiasi-ne-kadar-dogru\/#webpage\"},\"commentCount\":0,\"publisher\":{\"@id\":\"https:\/\/millidusunce.com\/misak\/#organization\"},\"image\":{\"@id\":\"https:\/\/millidusunce.com\/misak\/hamaneyin-olumu-sectigi-iddiasi-ne-kadar-dogru\/#primaryimage\"},\"keywords\":\"ABD,ahmedi nejad,ayetullah,Hamaney,iran,molla rejimi,Peze\\u015fkiyan,Trump\",\"inLanguage\":\"tr\",\"potentialAction\":[{\"@type\":\"CommentAction\",\"name\":\"Comment\",\"target\":[\"https:\/\/millidusunce.com\/misak\/hamaneyin-olumu-sectigi-iddiasi-ne-kadar-dogru\/#respond\"]}]},{\"@type\":\"Person\",\"@id\":\"https:\/\/millidusunce.com\/misak\/#\/schema\/person\/725a954a6688e8ec9366c625c64093f1\",\"name\":\"Arif Keskin\",\"image\":{\"@type\":\"ImageObject\",\"@id\":\"https:\/\/millidusunce.com\/misak\/#personlogo\",\"inLanguage\":\"tr\",\"url\":\"https:\/\/secure.gravatar.com\/avatar\/f1833c81e8a3c535d6f34db6c6657355?s=96&d=mm&r=g\",\"caption\":\"Arif Keskin\"},\"description\":\"Arif Keskin \\u0130ran'\\u0131n Erdebil Eyaleti'nin Mu\\u011fan il\\u00e7esinde do\\u011fmu\\u015ftur. Lise e\\u011fitimini Mu\\u011fan'da tamamlam\\u0131\\u015ft\\u0131r. 1993 y\\u0131l\\u0131nda Tebriz \\u00dcniversitesi Sosyal Bilimler Fak\\u00fcltesi Sosyoloji B\\u00f6l\\u00fcm\\u00fcnden mezun olmu\\u015ftur. 1999 y\\u0131l\\u0131nda Ankara \\u00dcniversitesi Siyasal Bilgiler Fak\\u00fcltesi Siyaset Biliminde Y\\u00fcksek lisans e\\u011fitimine ba\\u015flayan Keskin, buradaki e\\u011fitimini tamamlad\\u0131ktan sonra Ankara \\u00dcniversitesi Siyasal Bilgiler Fak\\u00fcltesinde doktora yapm\\u0131\\u015ft\\u0131r. Arif Keskin, 1999'dan itibaren ASAM(Avrasya stratejik Ara\\u015ft\\u0131rmalar Merkezi), T\\u00dcRKSAM, 21. Y\\u00fczy\\u0131l T\\u00fcrkiye Enstit\\u00fcs\\u00fc ve ORSAM gibi d\\u00fc\\u015fince kurulu\\u015flar\\u0131nda ortado\\u011fu uzman\\u0131 olarak \\u00e7al\\u0131\\u015fm\\u0131\\u015ft\\u0131r. 1999\\u2019dan g\\u00fcn\\u00fcm\\u00fcze kadar T\\u00fcrkiye bas\\u0131n\\u0131nda (Stratejik Analiz, Avrasya Dosyas\\u0131, Radikal, Akt\\u00fcel, Tempo, Vatan, 2023, Global Strateji ve....) 100\\u2019den fazla makalesi yay\\u0131nlanm\\u0131\\u015ft\\u0131r. Yaz\\u0131lar\\u0131 T\\u00fcrkiye d\\u0131\\u015f\\u0131nda Azerbaycan T\\u00fcrk\\u00e7e\\u2019si, Fars\\u00e7a ve \\u0130ngilizce dillerine \\u00e7evrilerek T\\u00fcrkiye\\u2019deki makalelerinin terc\\u00fcmesi \\u0130ran'da kitap \\u015feklinde de yay\\u0131nlanm\\u0131\\u015ft\\u0131r. CNN-T\\u00fcrk, TRT, Habert\\u00fcrk gibi TV kanallar\\u0131nda \\u0130ran ile ilgili programlara kat\\u0131lm\\u0131\\u015ft\\u0131r. G\\u00fcney Azerbaycan Milli Direni\\u015f Harekat\\u0131, [National Resistance Movement in Southern Azerbaijan], Avrasya Dosyas\\u0131 [Eurasia Report]; Special Issue on Iran, Vol.5, No.3 (1999) Siyaset G\\u00f6lgesinde \\u0130ran Ekonomisi, [Iranian Economy in the Shadow of Politics] Jeoekonomi [Jeoeconomics] Vol.2, No.1 (2000) \\u0130ran Siyasal Sistemi \\u00c7\\u0131kmazda, [The Iranian Political System in Deadlock] Stratejik Analiz [Strategic Analysis] Vol.1, No.1 (2000) Hamaney ve Cumhuriyet Projesinin D\\u00f6n\\u00fc\\u015f\\u00fcm\\u00fc, [Khamenei and the Transformation of the Republican Project] Stratejik Analiz, Vol.1, No.2 (2000) \\u0130ran Siyasal Sistemi Nereye? [Where is the Iranian Political Sytem Going Towards?] Stratejik Analiz, Vol.1, (2000) \\u0130ran\\u2019da Reformistler \\u00c7\\u0131kmazda, [Reformists in Dilemma in Iran] Stratejik Analiz, Vol.1, No.4 (2000) \\u0130ran\\u2019da Dini Ayd\\u0131n Hareketi: Abd\\u00fclkerim Suru\\u015f \\u00d6rne\\u011fi, [The Religious Intellectuals Movement in Iran: The Example of Abdulkerim Surus] Stratejik Analiz, Vol.1, No.7 (2000) De\\u011fi\\u015fen Fars Milliyet\\u00e7ili\\u011fi ve \\u201c\\u0130ranl\\u0131l\\u0131k\\u201d D\\u00fc\\u015f\\u00fcncesine Giden Yol, [Changing Persian Nationalism and Move Towards the \\u201cIranianess\\u201d Thinking] Stratejik Analiz Vol.2, No.9 (2001) \\u0130ran\\u2019da Fars Milliyet\\u00e7ili\\u011finin \\u00dc\\u00e7 Dalgas\\u0131: \\\"\\u0130ranl\\u0131l\\u0131k\\\" D\\u00fc\\u015f\\u00fcncesine Giden Yol, Stratejik Analiz, Ocak 2001, Say\\u0131 9 Tahran'da ikinci raund: Reformculara Ra\\u011fmen Reforma Devam, Stratejik Analiz Temmuz 2001, Say\\u0131 15 \\u0130ran\\u2019da Muhafazakarlar\\u0131n De\\u011fi\\u015fim Paradoksu: Olmak veya Olmamak, Stratejik Analiz A\\u011fustos 2001, Say\\u0131 16 Tehdit Merkezli Bir D\\u0131\\u015f Politika: \\u0130ran'\\u0131n Azerbaycan Politikas\\u0131, Stratejik Analiz, Ekim 2001, Say\\u0131 18 Tehdit ve F\\u0131rsat Karma\\u015fas\\u0131nda Pasif Kom\\u015fu \\u0130ran'\\u0131n Afganistan Krizindeki Durumu, Stratejik Analiz, Kas\\u0131m 2001, Say\\u0131 19 \\u0130ki D\\u00fc\\u015fman Aras\\u0131nda \\\"Pragmatist Tarafs\\u0131z\\\": ABD\\u2019nin Olas\\u0131 Saddam\\u2019\\u0131 Devirme Operasyonunda \\u0130ran\\u2019\\u0131n Tutumu, Stratejik Analiz, Ocak 2002, Say\\u0131 21 Orta Do\\u011fu Bar\\u0131\\u015f S\\u00fcreci, Oyuncular\\u0131 ve \\u0130ran, Stratejik Analiz, \\u015eubat 2002, Say\\u0131 22 ABD-Iran Gerginli\\u011finde AB-Iran ili\\u015fkilerine Analitik Bir Bak\\u0131\\u015f, Stratejik Analiz, A\\u011eUSTOS 2002, Say\\u0131 28 \\u0130ran\\u2019\\u0131n Irak politikas\\u0131, Turkish News Reformcular\\u0131n Ba\\u015far\\u0131s\\u0131zl\\u0131\\u011f\\u0131nd\\u0131n Nedenleri, Turkish News ( Ocak 2003) T\\u00fcm Boyutlar\\u0131 ile \\u0130ran T\\u00fcrkiye \\u0130li\\u015fkileri, Stratejik Analiz, Eyl\\u00fcl 2004 Irakl\\u0131 \\u015eiilerin Sosyal-Siyasal Davran\\u0131\\u015flar\\u0131n\\u0131n Temelleri, Stratejik Analiz, May\\u0131s 2004 \\u0130ranl\\u0131l\\u0131k Paradigmas\\u0131n\\u0131n \\u00c7\\u00f6k\\u00fc\\u015f\\u00fc ve G\\u00fcney Azerbaycan Mill\\u00ee Hareketinin Y\\u00fckseli\\u015fi, Strateji Analiz, Mart 2004 Bir Halk\\u0131n \\u00d6ze D\\u00f6n\\u00fc\\u015f T\\u00f6reni, Stratejik Analiz, A\\u011fustos 2004 11 Eyl\\u00fcl Sonras\\u0131 \\u0130ran-T\\u00fcrkiye \\u0130li\\u015fkileri, Avrasya Dosyas\\u0131, Yaz 2004 Irakl\\u0131 \\u015eiiler, 2023 Dergisi, Haziran 2004 ABD-G\\u00fcney Azerbaycan ve \\u0130ranl\\u0131l\\u0131k Kimli\\u011finin Krizi, 3.Sector Dergisi, K\\u0131\\u015f 2004-N.4 (Bak\\u00fc\\u2019de yay\\u0131nlanmaktad\\u0131r) G\\u00fcney Azerbaycan Milli Hareketine Tarihsel Bak\\u0131\\u015f, Gen\\u00e7 Birikim, 11 Say\\u0131 Reform Yapamayan Reformcular, Azerbaycan Dergisi, Say\\u0131 27\\u201328 \\u0130ran - T\\u00fcrkiye \\u0130li\\u015fkilerinde PKK Sorunu, Parmak \\u0130zi Web Sitesinde T\\u00fcrkdirlik Web Sitesi- \\u0130ran N\\u00fckleer \\u00c7al\\u0131\\u015fmalar\\u0131-(De\\u011ferlendirme Yaz\\u0131s\\u0131) Irakl\\u0131 \\u015eiirler (yaz\\u0131n\\u0131n Fars\\u00e7a terc\\u00fcmesi verildi), Baztab Web Sitesi ( Fars\\u00e7a) T\\u00fcrkiye ve \\u0130ran'\\u0131n N\\u00fckleer \\u00c7al\\u0131\\u015fmalar\\u0131, Haberanaliz, 14 Ekim 2004 Hatemi'nin Ertelenen T\\u00fcrkiye Ziyareti \\u00dczerine, Haberanaliz, 27 Eyl\\u00fcl 2004 T\\u00fcrkiye-\\u0130ran Aras\\u0131nda G\\u00fcven Krizi, Haberanaliz, 5 Haziran 2004 Irakl\\u0131 \\u015eiilerin Siyasal Davran\\u0131\\u015flar\\u0131na Genel Bak\\u0131\\u015f, Haberanaliz, 27 Nisan 2004 Mukteda Sadr Niye Geri Ad\\u0131m Att\\u0131? Haberanaliz, 17 Nisan 2004 ABD ve Irakl\\u0131 \\u015eiiler Aras\\u0131nda Yeni \\u0130li\\u015fki Modeli, Haberanaliz, 7 Nisan 2004 T\\u00fcrkiye'nin Irak Merkezli Diplomatik Ataklar\\u0131, Haberanaliz, 12 Ocak 2004 Orta Do\\u011fu'da \\u0130li\\u015fkiler D\\u00fczeni De\\u011fi\\u015fiyor: \\u0130ran ve M\\u0131s\\u0131r \\u0130li\\u015fkileri \\u00d6rne\\u011fi, Haberanaliz, 8 Ocak 2004 \\u0130K\\u00d6 Toplant\\u0131s\\u0131 Sonu\\u00e7lar\\u0131, Haberanaliz, 24 Haziran 2004 Orta Do\\u011fu'da \\u015eiddet Dalgas\\u0131 Artabilir: Hamas Lideri \\u015eeyh Yasin \\u00d6ld\\u00fcr\\u00fcld\\u00fc, Haberanaliz, 26 Mart 2004 T\\u00fcrkiye \\u2013 \\u0130ran \\u0130li\\u015fkilerini Belirleyen Yap\\u0131sal ve D\\u00f6nemsel Fakt\\u00f6rler, Avrasya Dosyas\\u0131, Cilt 10, Say\\u0131 1 (11 Eyl\\u00fcl Sonras\\u0131 T\\u00fcrk D\\u0131\\u015f Politikas\\u0131 \\u00d6zel Say\\u0131s\\u0131), \\u0130lkbahar 2004 \\u0130ranl\\u0131l\\u0131k Paradigmas\\u0131n\\u0131n \\u00c7\\u00f6k\\u00fc\\u015f\\u00fc ve G\\u00fcney Azerbaycan Mill\\u00ee Hareketinin Y\\u00fckseli\\u015fi, Stratejik Analiz, Cilt 4, Say\\u0131 47, Mart 2004 \\u0130ran Devleti\\u2019nin Ermeni Deste\\u011fi, Stratejik Analiz, Cilt 5, Say\\u0131 50, Haziran 2004 \\u0130ran Cumhurba\\u015fkanl\\u0131\\u011f\\u0131 Se\\u00e7imleri: Ayr\\u0131\\u015f\\u0131mlar, Adaylar ve Tart\\u0131\\u015fmalar, Stratejik Analiz, Cilt 6 Say\\u0131 62, Haziran 2005 ABD-\\u0130ran Gerginli\\u011finde Yeni Bir D\\u00f6nem: ABD-AB Yak\\u0131nla\\u015fmas\\u0131, Stratejik Analiz, Cilt 5 Say\\u0131 60, Nisan 2005 \\u0130ran\\u2019\\u0131n N\\u00fckleer \\u00c7abalar\\u0131: Hedefler, Tart\\u0131\\u015fmalar ve Sonu\\u00e7lar, Stratejik Analiz, Cilt 5 Say\\u0131 59, Mart 2005 Devrim \\u0130\\u00e7inde Yeni Bir Devrim Aray\\u0131\\u015f\\u0131: Ahmedinejad ve Radikal Muhafazak\\u00e2r Ak\\u0131m, Stratejik Analiz, Cilt 6 Say\\u0131 69, Ocak 2006 Ahmedinejad D\\u00f6nemi \\u0130ran D\\u0131\\u015f Politikas\\u0131: \\u201cSald\\u0131rganl\\u0131\\u011f\\u0131n Rasyonelle\\u015fmesi\\u201d, Stratejik Analiz, Cilt 6 Say\\u0131 70, \\u015eubat 2006 \\u0130ran\\u2019\\u0131n N\\u00fckleer Sorunu: G\\u00fcven Bunal\\u0131m\\u0131 ve Beka M\\u00fccadelesi, Stratejik Analiz, Cilt 6 Say\\u0131 71, Mart 2006 ABD-\\u0130ran Gerginli\\u011fi \\u00c7er\\u00e7evesinde \\u0130ran\\u2019da Etnik Milliyet\\u00e7ilik , Stratejik Analiz, Cilt 6 Say\\u0131 72, Nisan 2006 \\u0130ran Ne Yapmak \\u0130stiyor? Stratejik Analiz, Cilt 7 Say\\u0131 73, May\\u0131s 2006 \\u0130ran'da Azerbaycan Milliyet\\u00e7ili\\u011fi ve Karikat\\u00fcr Krizi, Stratejik Analiz,Cilt 7 Say\\u0131 75, Temmuz 2006 \\u0130ran Nas\\u0131l Y\\u00f6netiliyor?, Stratejik Analiz, Cilt 7 Say\\u0131 76, A\\u011fustos 2006 \\u0130ran 2023\\u2019de, Stratejik Analiz, Cilt 7 Say\\u0131 79, Kas\\u0131m 2006 Irak\\u2019ta \\u201cABD-\\u0130ran Sava\\u015f\\u0131\\u201d, Stratejik Analiz, Cilt 7 Say\\u0131 82, \\u015eubat 2007 \\u0130ran-Suudi Arabistan \\u0130li\\u015fkileri ve \\u015eii Jeopoliti\\u011fi,Stratejik Analiz, Cilt 8 Say\\u0131 85, May\\u0131s 2007 \\u0130ran ve \\u015eii Jeopoliti\\u011fi \/ Avrasya Dosyas\\u0131, \\u015eii Jeopoliti\\u011fi \\u00d6zel Say\\u0131s\\u0131, Cilt 13 Say\\u0131 3, 2007 \\u0130ran\\u2019\\u0131n Kuzey Irak Politikas\\u0131, Stratejik Analiz, Cilt 8 Say\\u0131 86, Haziran 2007 \\u0130ran Nereye? Stratejik Analiz, Cilt 8 Say\\u0131 87, Temmuz 2007 PJAK: PKK\\u2019n\\u0131n B\\u00f6lgedeki Yeni Misyon Aray\\u0131\\u015f\\u0131, Stratejik Analiz, Cilt 8 Say\\u0131 92, Aral\\u0131k 2007 \\u0130ran\\u2019\\u0131n Kafkasya Politikas\\u0131, Stratejik Analiz, Cilt 8 Say\\u0131 94, \\u015eubat 2008 \\u0130ran\\u2019daki Meclis Se\\u00e7imleri: G\\u00f6r\\u00fcnenler ve Ger\\u00e7ekler, Stratejik Analiz, Cilt 8 Say\\u0131 96, Nisan 2008 Irakl\\u0131 \\u015eiilerin Siyasal Davran\\u0131\\u015flar\\u0131na Genel Bir Bak\\u0131\\u015f , Stratejik Analiz,Cilt 9 Say\\u0131 97, May\\u0131s 2008 \\u0130ran-Suriye \\u0130li\\u015fkileri, Stratejik Analiz, Cilt 9 Say\\u0131 100, A\\u011fustos 2008 \\u0130ran-T\\u00fcrkiye \\u0130li\\u015fkileri , Stratejik Analiz, Cilt 9 Say\\u0131 101, Eyl\\u00fcl 2008 \\u0130ran\\u2019\\u0131n Do\\u011fal Gaz Siyaseti ve T\\u00fcrkiye, Stratejik Analiz, Cilt 9 Say\\u0131 103 Kas\\u0131m 2008\"}]}<\/script>\n<!-- \/ Yoast SEO plugin. -->","_links":{"self":[{"href":"https:\/\/millidusunce.com\/misak\/wp-json\/wp\/v2\/posts\/19627"}],"collection":[{"href":"https:\/\/millidusunce.com\/misak\/wp-json\/wp\/v2\/posts"}],"about":[{"href":"https:\/\/millidusunce.com\/misak\/wp-json\/wp\/v2\/types\/post"}],"author":[{"embeddable":true,"href":"https:\/\/millidusunce.com\/misak\/wp-json\/wp\/v2\/users\/38"}],"replies":[{"embeddable":true,"href":"https:\/\/millidusunce.com\/misak\/wp-json\/wp\/v2\/comments?post=19627"}],"version-history":[{"count":4,"href":"https:\/\/millidusunce.com\/misak\/wp-json\/wp\/v2\/posts\/19627\/revisions"}],"predecessor-version":[{"id":19632,"href":"https:\/\/millidusunce.com\/misak\/wp-json\/wp\/v2\/posts\/19627\/revisions\/19632"}],"wp:featuredmedia":[{"embeddable":true,"href":"https:\/\/millidusunce.com\/misak\/wp-json\/wp\/v2\/media\/19631"}],"wp:attachment":[{"href":"https:\/\/millidusunce.com\/misak\/wp-json\/wp\/v2\/media?parent=19627"}],"wp:term":[{"taxonomy":"category","embeddable":true,"href":"https:\/\/millidusunce.com\/misak\/wp-json\/wp\/v2\/categories?post=19627"},{"taxonomy":"post_tag","embeddable":true,"href":"https:\/\/millidusunce.com\/misak\/wp-json\/wp\/v2\/tags?post=19627"}],"curies":[{"name":"wp","href":"https:\/\/api.w.org\/{rel}","templated":true}]}}