{"id":19659,"date":"2026-03-25T19:00:08","date_gmt":"2026-03-25T16:00:08","guid":{"rendered":"https:\/\/millidusunce.com\/misak\/?p=19659"},"modified":"2026-03-25T18:41:22","modified_gmt":"2026-03-25T15:41:22","slug":"egeye-dikkat","status":"publish","type":"post","link":"https:\/\/millidusunce.com\/misak\/egeye-dikkat\/","title":{"rendered":"Ege\u2019ye dikkat!"},"content":{"rendered":"<p>Son \u00fc\u00e7 y\u0131ld\u0131r T\u00fcrkiye \u2013 Yunanistan ili\u015fkilerine \u201cyumu\u015fak havan\u0131n\u201d h\u00e2kim oldu\u011fu; \u201cpozitif g\u00fcndem\u201d temelinde diyalog ve diplomasi odakl\u0131 \u0131l\u0131ml\u0131 bir d\u00f6nem ya\u015fand\u0131\u011f\u0131 s\u00f6ylenmektedir.<\/p>\n<p>Bununla beraber bu d\u00f6nem zarf\u0131nda Yunanistan Devlet ricalinin s\u0131kl\u0131kla dile getirdi\u011fi belirli s\u00f6ylemlerin, Yunan H\u00fck\u00fbmeti\u2019nin baz\u0131 eylemlerinin ve \u00f6zellikle Yunanistan\u2019\u0131n Mart ay\u0131 i\u00e7inde K\u0131br\u0131s\u2019ta ve Ege\u2019de s\u00f6zde savunma amac\u0131yla att\u0131\u011f\u0131 ad\u0131mlar\u0131n, Yunan Devleti\u2019nin Ege Denizinde karasular\u0131n\u0131 en fazla 12 mil olmak \u00fczere 6 milin \u00f6tesine geni\u015fletme karar\u0131 alma niyetinde ve tasavvurunda oldu\u011funa i\u015faret etti\u011fini d\u00fc\u015f\u00fcnmekteyim.<\/p>\n<p>Bu d\u00fc\u015f\u00fcncemi ba\u015fl\u0131ca Yunanistan\u2019\u0131n T\u00fcrkiye politikas\u0131n\u0131n genel karakterine dayand\u0131rmaktay\u0131m.<\/p>\n<p>Bu karaktere Yunanistan\u2019\u0131n kurulu\u015fundan itibaren tarihten miras kalan \u201cmegali idea\u201d ideolojisi \u015fekil vermi\u015ftir.<\/p>\n<p>Bu karakterde \u201cT\u00fcrkiye\u2019nin d\u00fc\u015fman\u0131 benim dostumdur.\u201d zihniyeti vard\u0131r.<\/p>\n<p>\u201cAhde vefas\u0131zl\u0131k\u201d vard\u0131r.<\/p>\n<p>Yunanistan her f\u0131rsat ve imk\u00e2n\u0131 T\u00fcrkiye\u2019ye kar\u015f\u0131 \u201cirredantist\u201d emellerle \u201cyay\u0131lmac\u0131\u201d ad\u0131mlar atmak i\u00e7in kullan\u0131r.<\/p>\n<p>Yunanistan kendi \u00e7\u0131kar\u0131na uygun \u015fartlar olu\u015funca kendisini T\u00fcrkiye\u2019ye husumet besleyen g\u00fc\u00e7lere, ma\u015fa olarak kulland\u0131rmakta beis g\u00f6rmez.<\/p>\n<p>G\u00fcn\u00fcm\u00fczde de kendisini \u0130srail\u2019in ma\u015fas\u0131 olarak kulland\u0131rd\u0131\u011f\u0131 a\u015fik\u00e2rd\u0131r.<\/p>\n<p>Yunanistan, T\u00fcrkiye Cumhuriyeti Devleti\u2019nin kurulu\u015fundan itibaren iki \u00fclke aras\u0131ndaki ili\u015fkilerde istisna te\u015fkil eden dostluk d\u00f6nemlerini dahi kendi emelleri, hedefleri, \u00e7\u0131karlar\u0131 i\u00e7in istismar etmi\u015ftir.<\/p>\n<p>T\u00fcrkiye aleyhine \u201coldu bitti\u201d \u015feklinde ad\u0131mlar atmaktan ka\u00e7\u0131nmam\u0131\u015ft\u0131r.<\/p>\n<p>G\u00fcn\u00fcm\u00fczdeki somut geli\u015fmelere bakacak olursak:<\/p>\n<p>Bilindi\u011fi \u00fczere, 4 Mart 2026 tarihinde K\u0131br\u0131s adas\u0131ndaki Akrotiri \u0130ngiliz egemen \u00fcss\u00fcne, t\u0131rmanarak devam eden ABD-\u0130srail ile \u0130ran aras\u0131ndaki sava\u015f \u00e7er\u00e7evesinde bir insans\u0131z hava arac\u0131 (\u0130HA) isabet etmi\u015ftir. Yunanistan bu hadiseyi kendisi i\u00e7in f\u0131rsata \u00e7evirmek istemi\u015ftir. \u0130srail ile yapt\u0131\u011f\u0131 Savunma \u0130\u015fbirli\u011fi anla\u015fmalar\u0131ndan da cesaret bularak, K\u0131br\u0131s\u2019ta ve Ege\u2019de GKRY\u2019ni koruma amac\u0131 kisvesi alt\u0131nda ad\u0131mlar atm\u0131\u015ft\u0131r. K\u0131br\u0131s civar\u0131na iki firkateyn sevk etmi\u015f; GKRY\u2019de 4 F-16 Viper sava\u015f u\u00e7a\u011f\u0131 konu\u015fland\u0131rm\u0131\u015ft\u0131r. Uluslararas\u0131 antla\u015fmalara g\u00f6re gayr\u0131 asker\u00ee stat\u00fcde olan Kerpe adas\u0131na Patriot bataryas\u0131 yerle\u015ftirmi\u015ftir. Ayn\u0131 stat\u00fcdeki Limni adas\u0131na Bulgaristan\u2019\u0131n savunmas\u0131 s\u00f6zde gerek\u00e7esiyle Patriot ve F-16 konu\u015fland\u0131rm\u0131\u015ft\u0131r. Yine askersizle\u015ftirilmi\u015f stat\u00fcdeki Semadirek adas\u0131na da F-16 u\u00e7a\u011f\u0131 konu\u015fland\u0131r\u0131laca\u011f\u0131 haberi medyada baz\u0131 Yunan siyaset\u00e7ilere at\u0131fla yer almaktad\u0131r.<\/p>\n<p>Yunanistan\u2019\u0131n att\u0131\u011f\u0131 bu ad\u0131mlar\u0131 T\u00fcrkiye\u2019nin Ege\u2019de karasular\u0131n\u0131n 6 milin \u00f6tesine geni\u015fletilmesini \u201csava\u015f sebebi\u201d (casus belli) sayaca\u011f\u0131 uyar\u0131s\u0131na ra\u011fmen geni\u015fletme niyet ve kararl\u0131l\u0131\u011f\u0131 ile ba\u011flant\u0131l\u0131 g\u00f6r\u00fcyorum.<\/p>\n<p>Yunanistan, karasular\u0131n\u0131 6 milin \u00f6tesine geni\u015fletince T\u00fcrkiye\u2019nin g\u00f6sterece\u011fini bildi\u011fi ciddi ve sert tepkileri dikkate alarak, K\u0131br\u0131s\u2019taki \u0130ngiliz \u00fcss\u00fcne isabet eden \u0130HA hadisesini f\u0131rsat bilmi\u015f ve T\u00fcrkiye\u2019den gelecek mukabeleye kar\u015f\u0131 almay\u0131 tasarlad\u0131\u011f\u0131 tedbirlerin ilk ad\u0131mlar\u0131n\u0131 atm\u0131\u015ft\u0131r.<\/p>\n<p>Di\u011fer taraftan Yunan H\u00fck\u00fbmeti\u2019nin d\u00fczensiz g\u00f6\u00e7le m\u00fccadele ve s\u0131n\u0131r g\u00fcvenli\u011fini art\u0131rma amac\u0131yla T\u00fcrkiye \u2013 Yunanistan s\u0131n\u0131r\u0131nda 2023\u2019te in\u015fas\u0131na ba\u015flad\u0131\u011f\u0131 \u00e7itin Dedea\u011fa\u00e7\u2019ta Meri\u00e7 boyunca t\u00fcm s\u0131n\u0131r hatt\u0131n\u0131 kapsayacak \u015fekilde geni\u015fletilece\u011fini ve \u00e7al\u0131\u015fmalar\u0131n 2027\u2019ye kadar bitirilmesini istedi\u011fini ge\u00e7ti\u011fimiz \u015eubat ay\u0131nda Ba\u015fbakan Mitsotakis a\u00e7\u0131klam\u0131\u015ft\u0131r.<\/p>\n<p>Bunu da Yunanistan\u2019\u0131n Ege\u2019de karasular\u0131n\u0131 geni\u015fletme maceras\u0131na giri\u015fme niyetiyle irtibatland\u0131r\u0131yorum. Karasular\u0131n\u0131n geni\u015fletilmesi halinde, T\u00fcrkiye\u2019nin, tepki olarak Yunanistan\u2019a y\u00f6nelik d\u00fczensiz g\u00f6\u00e7\u00fc \u00f6nlemek i\u00e7in iyi niyetle alm\u0131\u015f oldu\u011fu tedbirleri kald\u0131raca\u011f\u0131n\u0131 d\u00fc\u015f\u00fcnen Mitsotakis\u2019in tedbir olarak \u00f6r\u00fclen \u00e7itin b\u00fct\u00fcn s\u0131n\u0131r\u0131 kapsamas\u0131n\u0131 istedi\u011fini de\u011ferlendiriyorum.<\/p>\n<p>Yunanistan\u2019\u0131n 2027 Temmuz ay\u0131 i\u00e7in pl\u00e2nlanan genel se\u00e7imlerden \u00f6nce Ege\u2019de karasular\u0131n\u0131 geni\u015fletme tasavvurunda oldu\u011funa del\u00e2let eden en belirgin olgunun, Yunan H\u00fck\u00fbmeti\u2019nin \u201cA\u015fil Kalkan\u0131\u201d (Achilles Shield) isimli \u00e7ok katmanl\u0131 hava ve f\u00fcze savunma projesini \u0130srail destekli ve tedarikli olarak 2025 y\u0131l\u0131nda ba\u015flatm\u0131\u015f olmas\u0131d\u0131r diye d\u00fc\u015f\u00fcn\u00fcyorum.<\/p>\n<p>Yunanistan Parlamentosu, \u0130srail yap\u0131m\u0131 hava savunma sistemlerini i\u00e7eren ve yakla\u015f\u0131k 3-4 milyar avro b\u00fct\u00e7eli projeyi ge\u00e7ti\u011fimiz g\u00fcnlerde onaylam\u0131\u015ft\u0131r.<\/p>\n<p>Mitsotakis&#8217;in projenin 2027\u2019ye kadar tamamlanmas\u0131n\u0131 istedi\u011fini medyada okudum. Bu do\u011fruysa bunun ne kadar ger\u00e7ek\u00e7i oldu\u011fu sorgulanmaya muhta\u00e7t\u0131r.<\/p>\n<p>Bu projenin Ege\u2019de karasular\u0131n\u0131n Yunanistan taraf\u0131ndan 6 milin \u00f6tesine geni\u015fletilmesi halinde T\u00fcrkiye\u2019yi \u201csava\u015f sebebi\u201d karar\u0131n\u0131 uygulamaktan cayd\u0131rma amac\u0131na matuf oldu\u011fu bellidir.<\/p>\n<p>\u0130srail\u2019in Yunanistan ve GKRY ile ortakl\u0131\u011f\u0131n\u0131n siyas\u00ee zemini de 22 Aral\u0131k 2025 g\u00fcn\u00fc Kud\u00fcs\u2019te \u0130srail, Yunanistan ve GKRY aras\u0131nda yay\u0131mlanan ortak bildiri ile per\u00e7inlenmi\u015ftir.<\/p>\n<p>Bildiri\u2019de \u015f\u00f6yle denilmi\u015ftir:<\/p>\n<p>\u201cMevcut ve ortaya \u00e7\u0131kan zorluklar\u0131n \u00fcstesinden gelmek \u00fczere ortak eyleme duyulan ihtiyac\u0131 yeniden teyit ediyoruz. Bu ba\u011flamda, g\u00fcvenlik, savunma ve askeri konularda devam eden \u00fc\u00e7l\u00fc i\u015fbirli\u011fimizi g\u00fc\u00e7lendirme konusunda mutab\u0131k kal\u0131yoruz.\u201d<\/p>\n<p>B\u00f6ylece, elinde Gazze\u2019de Filistinlilerin kan\u0131 olan \u0130srail Ba\u015fbakan\u0131 Netanyahu ile K\u0131br\u0131s\u2019ta soyda\u015flar\u0131m\u0131z\u0131 katleden EOKA ter\u00f6ristleri i\u00e7in her vesileyle anma t\u00f6renleri d\u00fczenleyen Yunanistan Ba\u015fbakan\u0131 Mitsotakis ve EOKA k\u00f6kenli K\u0131br\u0131s Rum Lideri Hristodulidis T\u00fcrkiye\u2019ye ve KKTC\u2019ne kar\u015f\u0131 bir \u015fer cephesinde ortak olmu\u015flard\u0131r.<\/p>\n<p>Son olarak belirtmek gerekir ki, Ege\u2019de karasular\u0131n\u0131n geni\u015fletilmesini \u00f6nlemek i\u00e7in T\u00fcrkiye\u2019nin a\u00e7\u0131klad\u0131\u011f\u0131 \u201csava\u015f sebebi\u201d uyar\u0131s\u0131ndan sonra iki \u00fclke aras\u0131ndaki sorunlardan birini olu\u015fturan \u201ckara sular\u0131\u201d konusunu en \u00e7ok ve s\u0131kl\u0131kla dillendiren ve \u201ckarasular\u0131n\u0131 geni\u015fletmenin Yunanistan i\u00e7in vazge\u00e7ilemez bir hak\u201d oldu\u011funu vurgulayan, \u201cYunanistan\u2019\u0131n bu hakk\u0131n\u0131 kullanmak i\u00e7in kimseden icazet almas\u0131 gerekmedi\u011fini\u201d meydan okurcas\u0131na beyan eden ve nihayet \u201cYunanistan karasular\u0131n\u0131 kendisine en uygun d\u00fc\u015fen konjonkt\u00fcrde geni\u015fletece\u011fini\u201d kamuoyu \u00f6n\u00fcnde ifade eden Ba\u015fbakan Kyriakos Mitsotakis olmu\u015ftur. Mitsotakis Ege\u2019de karasular\u0131n\u0131 geni\u015fletme konusunda kendisini kamuoyu \u00f6n\u00fcnde ba\u011flam\u0131\u015f g\u00f6r\u00fcnmektedir.<\/p>\n","protected":false},"excerpt":{"rendered":"<p>Yunanistan, T\u00fcrkiye Cumhuriyeti Devleti\u2019nin kurulu\u015fundan itibaren iki \u00fclke aras\u0131ndaki ili\u015fkilerde istisna te\u015fkil eden dostluk d\u00f6nemlerini dahi kendi emelleri, hedefleri, \u00e7\u0131karlar\u0131 i\u00e7in istismar etmi\u015ftir.<\/p>\n","protected":false},"author":207,"featured_media":19663,"comment_status":"open","ping_status":"open","sticky":false,"template":"","format":"standard","meta":{"_links_to":"","_links_to_target":""},"categories":[2],"tags":[73,72,496,82,406,712,45],"yoast_head":"<!-- This site is optimized with the Yoast SEO plugin v16.0.2 - https:\/\/yoast.com\/wordpress\/plugins\/seo\/ -->\n<title>Ege\u2019ye dikkat! - M\u0130SAK- Mill\u00ee Strateji Ara\u015ft\u0131rma Kurulu<\/title>\n<meta name=\"description\" content=\"Bilindi\u011fi \u00fczere, 4 Mart 2026 tarihinde K\u0131br\u0131s adas\u0131ndaki Akrotiri \u0130ngiliz egemen \u00fcss\u00fcne, t\u0131rmanarak devam eden ABD-\u0130srail ile \u0130ran aras\u0131ndaki sava\u015f \u00e7er\u00e7evesinde bir insans\u0131z hava arac\u0131 (\u0130HA) isabet etmi\u015ftir. Yunanistan bu hadiseyi kendisi i\u00e7in f\u0131rsata \u00e7evirmek istemi\u015ftir. \u0130srail ile yapt\u0131\u011f\u0131 Savunma \u0130\u015fbirli\u011fi anla\u015fmalar\u0131ndan da cesaret bularak, K\u0131br\u0131s\u2019ta ve Ege\u2019de GKRY\u2019ni koruma amac\u0131\" \/>\n<link rel=\"canonical\" href=\"https:\/\/millidusunce.com\/misak\/egeye-dikkat\/\" \/>\n<meta property=\"og:locale\" content=\"tr_TR\" \/>\n<meta property=\"og:type\" content=\"article\" \/>\n<meta property=\"og:title\" content=\"Ege\u2019ye dikkat! - M\u0130SAK- Mill\u00ee Strateji Ara\u015ft\u0131rma Kurulu\" \/>\n<meta property=\"og:description\" content=\"Bilindi\u011fi \u00fczere, 4 Mart 2026 tarihinde K\u0131br\u0131s adas\u0131ndaki Akrotiri \u0130ngiliz egemen \u00fcss\u00fcne, t\u0131rmanarak devam eden ABD-\u0130srail ile \u0130ran aras\u0131ndaki sava\u015f \u00e7er\u00e7evesinde bir insans\u0131z hava arac\u0131 (\u0130HA) isabet etmi\u015ftir. Yunanistan bu hadiseyi kendisi i\u00e7in f\u0131rsata \u00e7evirmek istemi\u015ftir. \u0130srail ile yapt\u0131\u011f\u0131 Savunma \u0130\u015fbirli\u011fi anla\u015fmalar\u0131ndan da cesaret bularak, K\u0131br\u0131s\u2019ta ve Ege\u2019de GKRY\u2019ni koruma amac\u0131\" \/>\n<meta property=\"og:url\" content=\"https:\/\/millidusunce.com\/misak\/egeye-dikkat\/\" \/>\n<meta property=\"og:site_name\" content=\"M\u0130SAK- Mill\u00ee Strateji Ara\u015ft\u0131rma Kurulu\" \/>\n<meta property=\"article:published_time\" content=\"2026-03-25T16:00:08+00:00\" \/>\n<meta property=\"article:modified_time\" content=\"2026-03-25T15:41:22+00:00\" \/>\n<meta property=\"og:image\" content=\"https:\/\/millidusunce.com\/misak\/wp-content\/uploads\/2026\/03\/fotografsizmisak-2.jpg\" \/>\n\t<meta property=\"og:image:width\" content=\"1200\" \/>\n\t<meta property=\"og:image:height\" content=\"800\" \/>\n<meta name=\"twitter:card\" content=\"summary_large_image\" \/>\n<meta name=\"twitter:label1\" content=\"Tahmini okuma s\u00fcresi\">\n\t<meta name=\"twitter:data1\" content=\"4 dakika\">\n<script type=\"application\/ld+json\" class=\"yoast-schema-graph\">{\"@context\":\"https:\/\/schema.org\",\"@graph\":[{\"@type\":\"Organization\",\"@id\":\"https:\/\/millidusunce.com\/misak\/#organization\",\"name\":\"Mill\\u00ee D\\u00fc\\u015f\\u00fcnce Merkezi\",\"url\":\"https:\/\/millidusunce.com\/misak\/\",\"sameAs\":[],\"logo\":{\"@type\":\"ImageObject\",\"@id\":\"https:\/\/millidusunce.com\/misak\/#logo\",\"inLanguage\":\"tr\",\"url\":\"https:\/\/millidusunce.com\/misak\/wp-content\/uploads\/2018\/09\/mdmLogo-yazisiz.jpg\",\"width\":422,\"height\":422,\"caption\":\"Mill\\u00ee D\\u00fc\\u015f\\u00fcnce Merkezi\"},\"image\":{\"@id\":\"https:\/\/millidusunce.com\/misak\/#logo\"}},{\"@type\":\"WebSite\",\"@id\":\"https:\/\/millidusunce.com\/misak\/#website\",\"url\":\"https:\/\/millidusunce.com\/misak\/\",\"name\":\"M\\u0130SAK- Mill\\u00ee Strateji Ara\\u015ft\\u0131rma Kurulu\",\"description\":\"D\\u00fcnyaya T\\u00fcrk\\u00e7\\u00fc Bak\\u0131\\u015f\",\"publisher\":{\"@id\":\"https:\/\/millidusunce.com\/misak\/#organization\"},\"potentialAction\":[{\"@type\":\"SearchAction\",\"target\":\"https:\/\/millidusunce.com\/misak\/?s={search_term_string}\",\"query-input\":\"required name=search_term_string\"}],\"inLanguage\":\"tr\"},{\"@type\":\"ImageObject\",\"@id\":\"https:\/\/millidusunce.com\/misak\/egeye-dikkat\/#primaryimage\",\"inLanguage\":\"tr\",\"url\":\"https:\/\/millidusunce.com\/misak\/wp-content\/uploads\/2026\/03\/fotografsizmisak-2.jpg\",\"width\":1200,\"height\":800},{\"@type\":\"WebPage\",\"@id\":\"https:\/\/millidusunce.com\/misak\/egeye-dikkat\/#webpage\",\"url\":\"https:\/\/millidusunce.com\/misak\/egeye-dikkat\/\",\"name\":\"Ege\\u2019ye dikkat! - M\\u0130SAK- Mill\\u00ee Strateji Ara\\u015ft\\u0131rma Kurulu\",\"isPartOf\":{\"@id\":\"https:\/\/millidusunce.com\/misak\/#website\"},\"primaryImageOfPage\":{\"@id\":\"https:\/\/millidusunce.com\/misak\/egeye-dikkat\/#primaryimage\"},\"datePublished\":\"2026-03-25T16:00:08+00:00\",\"dateModified\":\"2026-03-25T15:41:22+00:00\",\"description\":\"Bilindi\\u011fi \\u00fczere, 4 Mart 2026 tarihinde K\\u0131br\\u0131s adas\\u0131ndaki Akrotiri \\u0130ngiliz egemen \\u00fcss\\u00fcne, t\\u0131rmanarak devam eden ABD-\\u0130srail ile \\u0130ran aras\\u0131ndaki sava\\u015f \\u00e7er\\u00e7evesinde bir insans\\u0131z hava arac\\u0131 (\\u0130HA) isabet etmi\\u015ftir. Yunanistan bu hadiseyi kendisi i\\u00e7in f\\u0131rsata \\u00e7evirmek istemi\\u015ftir. \\u0130srail ile yapt\\u0131\\u011f\\u0131 Savunma \\u0130\\u015fbirli\\u011fi anla\\u015fmalar\\u0131ndan da cesaret bularak, K\\u0131br\\u0131s\\u2019ta ve Ege\\u2019de GKRY\\u2019ni koruma amac\\u0131\",\"breadcrumb\":{\"@id\":\"https:\/\/millidusunce.com\/misak\/egeye-dikkat\/#breadcrumb\"},\"inLanguage\":\"tr\",\"potentialAction\":[{\"@type\":\"ReadAction\",\"target\":[\"https:\/\/millidusunce.com\/misak\/egeye-dikkat\/\"]}]},{\"@type\":\"BreadcrumbList\",\"@id\":\"https:\/\/millidusunce.com\/misak\/egeye-dikkat\/#breadcrumb\",\"itemListElement\":[{\"@type\":\"ListItem\",\"position\":1,\"item\":{\"@type\":\"WebPage\",\"@id\":\"https:\/\/millidusunce.com\/misak\/\",\"url\":\"https:\/\/millidusunce.com\/misak\/\",\"name\":\"Anasayfa\"}},{\"@type\":\"ListItem\",\"position\":2,\"item\":{\"@type\":\"WebPage\",\"@id\":\"https:\/\/millidusunce.com\/misak\/egeye-dikkat\/\",\"url\":\"https:\/\/millidusunce.com\/misak\/egeye-dikkat\/\",\"name\":\"Ege\\u2019ye dikkat!\"}}]},{\"@type\":\"Article\",\"@id\":\"https:\/\/millidusunce.com\/misak\/egeye-dikkat\/#article\",\"isPartOf\":{\"@id\":\"https:\/\/millidusunce.com\/misak\/egeye-dikkat\/#webpage\"},\"author\":{\"@id\":\"https:\/\/millidusunce.com\/misak\/#\/schema\/person\/1e18328ad64fcaefbc51ca443a86fea8\"},\"headline\":\"Ege\\u2019ye dikkat!\",\"datePublished\":\"2026-03-25T16:00:08+00:00\",\"dateModified\":\"2026-03-25T15:41:22+00:00\",\"mainEntityOfPage\":{\"@id\":\"https:\/\/millidusunce.com\/misak\/egeye-dikkat\/#webpage\"},\"commentCount\":0,\"publisher\":{\"@id\":\"https:\/\/millidusunce.com\/misak\/#organization\"},\"image\":{\"@id\":\"https:\/\/millidusunce.com\/misak\/egeye-dikkat\/#primaryimage\"},\"keywords\":\"Akdeniz,Ege,GKRY,K\\u0131br\\u0131s,Kuzey K\\u0131br\\u0131s T\\u00fcrk Cumhuriyeti,Rum,Yunanistan\",\"inLanguage\":\"tr\",\"potentialAction\":[{\"@type\":\"CommentAction\",\"name\":\"Comment\",\"target\":[\"https:\/\/millidusunce.com\/misak\/egeye-dikkat\/#respond\"]}]},{\"@type\":\"Person\",\"@id\":\"https:\/\/millidusunce.com\/misak\/#\/schema\/person\/1e18328ad64fcaefbc51ca443a86fea8\",\"name\":\"Tugay Ulu\\u00e7evik\",\"image\":{\"@type\":\"ImageObject\",\"@id\":\"https:\/\/millidusunce.com\/misak\/#personlogo\",\"inLanguage\":\"tr\",\"url\":\"https:\/\/secure.gravatar.com\/avatar\/d85134cde3f517e8e9a181521d63aa30?s=96&d=mm&r=g\",\"caption\":\"Tugay Ulu\\u00e7evik\"}}]}<\/script>\n<!-- \/ Yoast SEO plugin. -->","_links":{"self":[{"href":"https:\/\/millidusunce.com\/misak\/wp-json\/wp\/v2\/posts\/19659"}],"collection":[{"href":"https:\/\/millidusunce.com\/misak\/wp-json\/wp\/v2\/posts"}],"about":[{"href":"https:\/\/millidusunce.com\/misak\/wp-json\/wp\/v2\/types\/post"}],"author":[{"embeddable":true,"href":"https:\/\/millidusunce.com\/misak\/wp-json\/wp\/v2\/users\/207"}],"replies":[{"embeddable":true,"href":"https:\/\/millidusunce.com\/misak\/wp-json\/wp\/v2\/comments?post=19659"}],"version-history":[{"count":3,"href":"https:\/\/millidusunce.com\/misak\/wp-json\/wp\/v2\/posts\/19659\/revisions"}],"predecessor-version":[{"id":19661,"href":"https:\/\/millidusunce.com\/misak\/wp-json\/wp\/v2\/posts\/19659\/revisions\/19661"}],"wp:featuredmedia":[{"embeddable":true,"href":"https:\/\/millidusunce.com\/misak\/wp-json\/wp\/v2\/media\/19663"}],"wp:attachment":[{"href":"https:\/\/millidusunce.com\/misak\/wp-json\/wp\/v2\/media?parent=19659"}],"wp:term":[{"taxonomy":"category","embeddable":true,"href":"https:\/\/millidusunce.com\/misak\/wp-json\/wp\/v2\/categories?post=19659"},{"taxonomy":"post_tag","embeddable":true,"href":"https:\/\/millidusunce.com\/misak\/wp-json\/wp\/v2\/tags?post=19659"}],"curies":[{"name":"wp","href":"https:\/\/api.w.org\/{rel}","templated":true}]}}