{"id":1990,"date":"2018-04-24T19:30:00","date_gmt":"2018-04-24T16:30:00","guid":{"rendered":"http:\/\/misak.millidusunce.com?p=1990&#038;preview=true&#038;preview_id=1990"},"modified":"2018-04-24T17:04:57","modified_gmt":"2018-04-24T14:04:57","slug":"trump-ermeni-soykirimi-diyecek-mi","status":"publish","type":"post","link":"https:\/\/millidusunce.com\/misak\/trump-ermeni-soykirimi-diyecek-mi\/","title":{"rendered":"Trump Ermeni Soyk\u0131r\u0131m\u0131 diyecek mi?"},"content":{"rendered":"<p><img loading=\"lazy\" class=\"aligncenter wp-image-2005 size-large\" src=\"http:\/\/misak.millidusunce.com\/wp-content\/uploads\/2018\/04\/25600_b-1024x787.jpg\" alt=\"\" width=\"1024\" height=\"787\" srcset=\"https:\/\/millidusunce.com\/misak\/wp-content\/uploads\/2018\/04\/25600_b-1024x787.jpg 1024w, https:\/\/millidusunce.com\/misak\/wp-content\/uploads\/2018\/04\/25600_b-150x115.jpg 150w, https:\/\/millidusunce.com\/misak\/wp-content\/uploads\/2018\/04\/25600_b-300x231.jpg 300w, https:\/\/millidusunce.com\/misak\/wp-content\/uploads\/2018\/04\/25600_b-768x590.jpg 768w, https:\/\/millidusunce.com\/misak\/wp-content\/uploads\/2018\/04\/25600_b.jpg 1994w\" sizes=\"(max-width: 1024px) 100vw, 1024px\" \/><\/p>\n<p>T\u00fcrkiye\u2019de Beyaz Saray\u2019\u0131n her 24 Nisan\u2019da yapt\u0131\u011f\u0131 a\u00e7\u0131klamada Ermeni tehcirine &#8216;soyk\u0131r\u0131m&#8217; (genocide) diyecek mi demeyecek mi sorusu g\u00fcndeme gelmektedir. <em>9 Aral\u0131k 2017<\/em> tarihinde M\u0130SAK\u2019ta yay\u0131nlanan <strong><a href=\"http:\/\/misak.millidusunce.com\/trump-kudusten-sonra-ermeni-soykirimi-gelebilir\/\">Trump\u2019\u0131n y\u00f6n\u00fc: Kud\u00fcs\u2019ten sonra Ermeni \u201csoyk\u0131r\u0131m\u0131\u201d gelebilir<\/a> <\/strong>ba\u015fl\u0131kl\u0131 yaz\u0131mda, ABD Ba\u015fkan\u0131 Trump\u2019\u0131n Kud\u00fcs\u2019\u00fc \u0130srail\u2019in ba\u015fkenti olarak tan\u0131mas\u0131yla ilgili a\u00e7\u0131klamas\u0131 \u00fczerine <em>\u201cT\u00fcrkiye\u2019nin bu konuda g\u00f6sterdi\u011fi sert tepki ve Ermeni lobilerinin bask\u0131s\u0131yla 24 Nisan\u2019da s\u00f6zde Ermeni soyk\u0131r\u0131m\u0131n\u0131 \u2018genocide\u2019 kelimesini kullanarak tan\u0131yabilir<\/em>\u201d g\u00f6r\u00fc\u015f\u00fcm\u00fc okurlarla payla\u015fm\u0131\u015ft\u0131m.<\/p>\n<p>ABD D\u0131\u015fi\u015fleri Bakanl\u0131\u011f\u0131\u2019n\u0131n 20 Nisan\u2019da a\u00e7\u0131klad\u0131\u011f\u0131 64 sayfal\u0131k <em>2017 y\u0131l\u0131 T\u00fcrkiye \u0130nsan Haklar\u0131 Raporu<\/em>\u2019nda T\u00fcrkiye\u2019ye \u00e7ok sert ele\u015ftiriler y\u00f6neltilmi\u015ftir. (https:\/\/www.state.gov\/documents\/organization\/277471.pdf) Rapor\u2019da keyfi tutuklamalar, tutukluluk ko\u015fullar\u0131ndaki usuls\u00fczl\u00fckler, i\u015fkence, ifade, bas\u0131n ve internet \u00f6zg\u00fcrl\u00fcklerinin k\u0131s\u0131tlanmalar\u0131 \u00f6ne \u00e7\u0131km\u0131\u015ft\u0131r.<\/p>\n<p>24 Nisan\u2019dan 4 g\u00fcn \u00f6nce yay\u0131nlanan rapordan sonra Ba\u015fkan Trump\u2019\u0131n s\u00f6zde Ermeni soyk\u0131r\u0131m\u0131n\u0131 \u00f6nceki ba\u015fkanlar\u0131n aksine <em>\u201csoyk\u0131r\u0131m\u201d<\/em> kelimesini kullanarak tan\u0131ma ihtimali vard\u0131r. T\u00fcrk\u00e7edeki \u201c<em>delidir ne yapsa yeridir\u201d<\/em> \u00f6zdeyi\u015fini unutmamak gerekir.<\/p>\n<p>ABD Ba\u015fkan\u0131 <em>Donald Trump<\/em> g\u00f6reve geldikten sonraki ilk 24 Nisanda as\u0131ls\u0131z Ermeni iddialar\u0131yla ilgili olarak yapt\u0131\u011f\u0131 yaz\u0131l\u0131 a\u00e7\u0131klamada<em>, &#8220;Bug\u00fcn, 20. y\u00fczy\u0131l\u0131n en b\u00fcy\u00fck toplu katliamlar\u0131ndan olan Meds Yeghern&#8217;de ac\u0131 \u00e7ekmi\u015f olanlar\u0131n an\u0131s\u0131n\u0131 hat\u0131rl\u0131yoruz&#8221;<\/em> ifadesini kullanm\u0131\u015ft\u0131. 24 Nisan yakla\u015f\u0131rken ABD Temsilciler Meclisi&#8217;nden 80 \u00fcye Trump&#8217;a mektup g\u00f6ndererek Ba\u015fkan&#8217;dan as\u0131ls\u0131z Ermeni iddialar\u0131n\u0131 soyk\u0131r\u0131m olarak tan\u0131mlamas\u0131n\u0131 istemi\u015f, ge\u00e7mi\u015fte Cumhuriyet\u00e7i ba\u015fkanlardan Ronald Reagan&#8217;\u0131n 1981&#8217;de soyk\u0131r\u0131m ifadesini kulland\u0131\u011f\u0131 belirtilmi\u015ftir.<\/p>\n<p>Ge\u00e7en y\u0131l Trump 1915 y\u0131l\u0131ndan itibaren 1,5 milyon Ermeni&#8217;nin s\u0131n\u0131r d\u0131\u015f\u0131 edildi\u011fi, \u00f6ld\u00fcr\u00fcld\u00fc\u011f\u00fc veya tehcir edildi\u011fini s\u00f6ylemi\u015ftir: <em>&#8220;Masum hayatlar\u0131n\u0131n yas\u0131n\u0131 tutmada ABD&#8217;de ve d\u00fcnya genelinde ya\u015fayan Ermeni toplumuna kat\u0131l\u0131yorum. Pek \u00e7ok Ermeni ABD&#8217;de yeni bir ya\u015fam kurdu ve \u00fclkemize kal\u0131c\u0131 katk\u0131lar yapt\u0131. Bu t\u00fcr olaylar\u0131n bir daha ya\u015fanmamas\u0131 i\u00e7in tarihin hat\u0131rlanmas\u0131 gerekiyor. Daha adil ve ho\u015fg\u00f6r\u00fcl\u00fc bir gelece\u011fin altyap\u0131s\u0131n\u0131 in\u015fa etmede kritik bir e\u015fik olan bu sanc\u0131l\u0131 maziyi kabul etme ve onunla hesapla\u015fma yolunda T\u00fcrklerin ve Ermenilerin g\u00f6sterdikleri \u00e7abalar\u0131 memnuniyetle kar\u015f\u0131l\u0131yoruz.&#8221;<\/em><\/p>\n<p>Trump&#8217;tan \u00f6nce iki d\u00f6nem ba\u015fkanl\u0131k yapan <em>Barack Obama<\/em>, se\u00e7im kampanyas\u0131nda 1915 olaylar\u0131n\u0131 soyk\u0131r\u0131m olarak tan\u0131yaca\u011f\u0131na s\u00f6z vermesine ra\u011fmen ba\u015fkanl\u0131k yapt\u0131\u011f\u0131 d\u00f6nemde 24 Nisan a\u00e7\u0131klamalar\u0131nda soyk\u0131r\u0131m s\u00f6z\u00fc yerine Ermenice <em>B\u00fcy\u00fck Felaket<\/em> anlam\u0131na gelen <em>Meds Yeghern<\/em> ifadesini kullanm\u0131\u015ft\u0131. Trump&#8217;tan \u00f6nceki son Cumhuriyet\u00e7i Ba\u015fkan <em>George W. Bush<\/em> da g\u00f6rev yapt\u0131\u011f\u0131 iki d\u00f6nemdeki a\u00e7\u0131klamalar\u0131nda soyk\u0131r\u0131m yerine, <em>&#8220;Tarihin -20\u2019nci y\u00fczy\u0131l\u0131n- en b\u00fcy\u00fck -en korkun\u00e7- trajedilerinden biri&#8221;<\/em> ifadelerini kullanmay\u0131 tercih etmi\u015fti.<\/p>\n<p>24 Nisan \u00f6ncesinde gerekli \u00f6nlemleri almaz, taraflar\u0131 bilgilendirmez, T\u00fcrkiye\u2019deki ba\u015fta <em>Taner Ak\u00e7am, H\u00fclya Adak, Zeynep T\u00fcrky\u0131lmaz, Cem \u00d6zdemir, Garo Paylan, Canan Kaftanc\u0131o\u011flu<\/em> gibi as\u0131ls\u0131z Ermeni iddialar\u0131n\u0131n muhiplerine gerekli cevab\u0131 vermez, d\u00fcnya kamu oyunda gerekli ayd\u0131nlatmalar\u0131 yapmazsan\u0131z, ABD Ba\u015fkan\u0131 ne diyecek diye a\u011fz\u0131na bakmaktan ba\u015fka se\u00e7ene\u011finiz olmaz.<\/p>\n<p>HDP E\u015f Genel Ba\u015fkan Yard\u0131mc\u0131s\u0131 ve \u0130stanbul Milletvekili <em>Garo Paylan, 20 Nisan 2018<\/em>\u2019de 1915 ve devam\u0131nda olanlar\u0131n Ermeni soyk\u0131r\u0131m\u0131 olarak tan\u0131nmas\u0131, faillerin isimlerinin kamusal alandan kald\u0131r\u0131lmas\u0131 ve ma\u011fdurlar\u0131n ailelerine T\u00fcrkiye vatanda\u015fl\u0131\u011f\u0131 verilmesi i\u00e7in kanun teklifi vermi\u015ftir. (Garo Paylan, an Armenian member of Turkey\u2019s Grand National Assembly, has called upon the Turkish authorities to recognize the Armenian Genocide. http:\/\/www.tert.am\/en\/news\/2018\/04\/20\/genocide\/2667656)<\/p>\n<p>CHP\u2019nin \u0130stanbul \u0130l Ba\u015fkan\u0131 <em>Canan Kaftanc\u0131o\u011flu<\/em> da <em>24 Nisan 2012<\/em> tarihinde <em>\u201cTarihte Bug\u00fcn: Ermeni Soyk\u0131r\u0131m\u0131 ba\u015flad\u0131. Katledilen Ermeni vatanda\u015flar\u0131m\u0131z\u0131 an\u0131yoruz, 19:15\u2019te Taksim\u2019de\u201d<\/em> ifadelerini kullanm\u0131\u015ft\u0131.<\/p>\n<p>\u0130stanbul\u2019da <em>22 Eyl\u00fcl 2017<\/em> tarihinde Bilgi \u00dcniversitesi taraf\u0131ndan AB-T\u00fcrkiye \u0130li\u015fkileri konusunda bir Konferans d\u00fczenlenmi\u015ftir. Konferans\u2019ta Prof. Dr. <em>Asaf Sava\u015f Akat<\/em>, as\u0131ls\u0131z Ermeni iddialar\u0131n\u0131 a\u011fz\u0131ndan d\u00fc\u015f\u00fcrmeyen Ermenistan ile T\u00fcrkiye\u2019nin Avrasya Ekonomik (G\u00fcmr\u00fck) Birli\u011finde yer almas\u0131n\u0131n m\u00fcmk\u00fcn olmad\u0131\u011f\u0131n\u0131 s\u00f6ylememden rahats\u0131z olmu\u015f ve beni k\u0131nam\u0131\u015ft\u0131r. Beni k\u0131nayan di\u011fer baz\u0131 kat\u0131l\u0131mc\u0131lar da T\u00fcrklerin 1,5 milyon Ermeni\u2019yi katletti\u011fini s\u00f6yleyerek bir ad\u0131m \u00f6teye ge\u00e7mi\u015fler, i\u00e7lerinden birisi h\u0131z\u0131n\u0131 alamayarak 500 bin daha ekleyerek rakam\u0131 2 milyona \u00e7\u0131karm\u0131\u015ft\u0131r.<\/p>\n<p><img loading=\"lazy\" class=\"aligncenter wp-image-2002 size-large\" src=\"http:\/\/misak.millidusunce.com\/wp-content\/uploads\/2018\/04\/serzh-1024x515-1024x515.png\" alt=\"\" width=\"1024\" height=\"515\" srcset=\"https:\/\/millidusunce.com\/misak\/wp-content\/uploads\/2018\/04\/serzh-1024x515.png 1024w, https:\/\/millidusunce.com\/misak\/wp-content\/uploads\/2018\/04\/serzh-1024x515-150x75.png 150w, https:\/\/millidusunce.com\/misak\/wp-content\/uploads\/2018\/04\/serzh-1024x515-300x151.png 300w, https:\/\/millidusunce.com\/misak\/wp-content\/uploads\/2018\/04\/serzh-1024x515-768x386.png 768w\" sizes=\"(max-width: 1024px) 100vw, 1024px\" \/><\/p>\n<p>Fransa, Osmanl\u0131 \u0130mparatorlu\u011funu tarihe g\u00f6men Sevr Anla\u015fmas\u0131\u2019n\u0131n imzaland\u0131\u011f\u0131 Paris\u2019in Sevr banliy\u00f6s\u00fcndeki seramik m\u00fczesinin \u00f6n\u00fcne Ermeniler taraf\u0131ndan <em>8 Mart 2001<\/em> tarihinde Ermeni soyk\u0131r\u0131m an\u0131t\u0131 a\u00e7\u0131lmas\u0131na izin vermi\u015ftir. An\u0131t\u0131n \u00fczerinde \u201c<em>1915\u2019te J\u00f6n T\u00fcrk H\u00fck\u00fcmeti taraf\u0131ndan Birinci D\u00fcnya Sava\u015f\u0131\u2019nda soyk\u0131r\u0131ma u\u011frat\u0131lan 1,5 milyon Ermenin an\u0131s\u0131na\u201d <\/em>yaz\u0131l\u0131d\u0131r.<\/p>\n<p>Bu ifade Auschwitz-Birkenau toplama kamp\u0131n\u0131n \u00f6n\u00fcnde vard\u0131r. Bir farkla. <em>1,5 milyon Yahudi 1,5 milyon Ermeni olarak de\u011fi\u015ftirilmi\u015ftir<\/em>. (\u2026where the Nazi\u2019s murdered about one and a half million men, women, and children, mainly Jews from various countriess of Europe. Auschwitz Birkenau 1940-1945) 1,5 milyon rakam\u0131 uluslararas\u0131 intihaldir.<\/p>\n<p>Berlin\u2019de <em>14-17 Eyl\u00fcl 2017<\/em> tarihlerinde Potsdam \u00dcniversitesi\u2019nde as\u0131ls\u0131z Ermeni iddialar\u0131n\u0131 konu alan bir \u00c7al\u0131\u015ftay yap\u0131lm\u0131\u015ft\u0131r. Avrupa Akademisi ve Lepsiushaus Potsdam \u00dcniversitesi\u2019nin <em>Ermeni Soyk\u0131r\u0131m\u0131 \u0130\u00e7in Avrupa Yakla\u015f\u0131mlar\u0131<\/em> (Past in the Present European Approaches to the Armenian Genocide) konulu \u00e7al\u0131\u015ftay\u0131n en \u00f6nemli \u00f6zelli\u011fi, Ermeni soyk\u0131r\u0131m\u0131 yoktur diyen kar\u015f\u0131t g\u00f6r\u00fc\u015ftekilerin toplant\u0131lara al\u0131nmamas\u0131d\u0131r. Toplant\u0131y\u0131 haber al\u0131nca kat\u0131l\u0131m ba\u015fvurusunda bulundum ama sonu\u00e7 alamad\u0131m. Gerek\u00e7e ise \u00e7ok komik: Yer darl\u0131\u011f\u0131. Bana gelen cevap a\u015fa\u011f\u0131dad\u0131r.<\/p>\n<p><em>\u00a0<\/em><em>\u201c[WATS 2017 &#8211; Past in the Present: European Approaches to the Armenian Genocide] Registration Roy Knocke [knocke@lepsiushaus-potsdam.de] 05 Eyl\u00fcl 2017 Sal\u0131 10:2 <\/em><\/p>\n<p><em>Dear Sir or Madam, <\/em><\/p>\n<p><em>Unfortunately, due to some space problems and therefore limited number of participants, the WATS-organizing committee cannot enable your registration. We apologize for the inconvenience and refer to the video captured presentations of the panels. Kind regards, Roy Knocke, Wissenschaftlicher Mitarbeiter Lepsiushaus Potsdam,Gro\u00dfe Weinmeisterstra\u00dfe 45 14469 Potsdam, Telefon: 0331 &#8211; 58164511 und 0176 &#8211; 76527624Fax: 0331 \u2013 58164519, Email: knocke@lepsiushaus-potsdam.de Web: http:\/\/www.lepsiushaus-potsdam.de\/index.php?page=roy-knocke\u201d<\/em><\/p>\n<p>Michigan \u00dcniversitesi\u2019nden Prof. Dr. Ronald Grigor Suny, Prof. Dr. Fatma M\u00fcge G\u00f6\u00e7ek ve Prof. Dr. Gerard Libaridian\u2019\u0131n katk\u0131lar\u0131yla Ermeni-T\u00fcrk \u00c7al\u0131\u015fmalar\u0131 At\u00f6lyesi (Workshop on Armenian-Turkish Scholarship: WATS) ilk defa 2000 y\u0131l\u0131nda d\u00fczenlemi\u015ftir.<\/p>\n<p>Daha sonra 2000-2013 d\u00f6neminde \u015eikago (2000), Michigan (2002), Minnessota (2003), Salzburg (2004), New York (2005), Cenova (2008), Kaliforniya (2010) ve Amsterdam\u2019da (2013) yap\u0131lm\u0131\u015ft\u0131r. 9.su, T\u00fcrkiye\u2019de Ermeni Soyk\u0131r\u0131m\u0131\u2019na Ele\u015ftirel Yakla\u015f\u0131mlar: Tarih, Siyaset, Estetik ba\u015fl\u0131\u011f\u0131 ile 1-4 Ekim 2015 tarihleri aras\u0131nda Sabanc\u0131 \u00dcniversitesi\u2019nin ev sahipli\u011finde \u0130stanbul\u2019da ger\u00e7ekle\u015ftirilmi\u015ftir.<\/p>\n<p>ABD\u2019de \u00e7ok kuvvetli bir Ermeni diasporas\u0131 vard\u0131r. Onlardan biri Henry Morgenthau\u2019nun torunu <em>Robert M. Morgenthau<\/em>\u2019dur. Henry Morgenthau Ba\u015fkan Wilson taraf\u0131ndan Osmanl\u0131 Devleti ile \u00f6zellikle Ermeni olaylar\u0131 sebebiyle bozulan ili\u015fkileri d\u00fczeltmek i\u00e7in 1913 y\u0131l\u0131nda \u0130stanbul\u2019a g\u00f6nderilmi\u015ftir. Kendisi, 1916\u2019ya kadar bu g\u00f6revini s\u00fcrd\u00fcrm\u00fc\u015ft\u00fcr. Bu d\u00f6nemde T\u00fcrk ve Alman d\u00fc\u015fmanl\u0131\u011f\u0131 yapm\u0131\u015ft\u0131r. Heath Lowry, T\u00fcrk\u00e7e\u2019ye <em>B\u00fcy\u00fckel\u00e7i Morgenthau\u2019nun \u00d6yk\u00fcs\u00fcn\u00fcn Perde Arkas\u0131<\/em> (The Story Behind Ambassador Morgenthau\u2019s Story) ad\u0131 ile \u00e7evrilen kitab\u0131nda Morgenthau\u2019nun amac\u0131n\u0131n ABD\u2019nin sava\u015f propagandas\u0131na kamuoyu nezdinde destek kazand\u0131racak kurgu bir kitap yazmak oldu\u011funu savunmu\u015ftur.<\/p>\n<p>Aradan y\u00fczy\u0131l ge\u00e7tikten sonra torun Robert M. Morgenthau <em>25 Ocak 2018<\/em> tarihinde The Wall Street Journal\u2019da (WSJ) <em>\u201cTrump, Ermeni soyk\u0131r\u0131m\u0131 hakk\u0131nda ger\u00e7e\u011fi s\u00f6yleyecek mi?\u201d<\/em> ba\u015fl\u0131\u011f\u0131 ile bir yaz\u0131 yay\u0131nlam\u0131\u015ft\u0131r. (Will Trump Tell the Truth About the Armenian Genocide? He recognized the reality that Jerusalem is the capital of Israel. Such daring is needed again. By Robert M. Morgenthau Jan. 25, 2018) Morgenthau\u2019nun yaz\u0131s\u0131ndan 1,5 ay \u00f6nce <em>9 Aral\u0131k 2017<\/em> tarihinde Turkish Forum\u2019daki <em>\u201cDonald Trump Kud\u00fcs A\u00e7\u0131klamas\u0131n\u0131n Ard\u0131ndan 24 Nisan\u2019da T\u00fcrkler Ermenilere Soyk\u0131r\u0131m\u0131 Yapt\u0131 Derse Ne Olur?\u201d<\/em> ba\u015fl\u0131kl\u0131 yaz\u0131mda bu konuya dikkat \u00e7ekmi\u015ftim:<\/p>\n<p><em>\u201cBa\u015fkan\u0131 Donald Trump\u2019\u0131n Kud\u00fcs\u2019\u00fc \u0130srail\u2019in ba\u015fkenti olarak tan\u0131mas\u0131yla ilgili a\u00e7\u0131klamas\u0131, Birle\u015fmi\u015f Milletler kararlar\u0131n\u0131 a\u00e7\u0131k\u00e7a ihlal eden ve bar\u0131\u015f\u0131 dinamitleyen bir geli\u015fmedir. Trump T\u00fcrkiye\u2019nin bu konuda g\u00f6sterdi\u011fi sert tepki ve Ermeni lobilerinin bask\u0131s\u0131yla 24 Nisan\u2019da s\u00f6zde Ermeni soyk\u0131r\u0131m\u0131n\u0131 \u2018genocide\u2019 kelimesini kullanarak tan\u0131yabilir. ABD\u2019de g\u00fc\u00e7l\u00fc bir Ermeni diasporas\u0131 ve lobisi vard\u0131r. Son olarak 6 Kas\u0131m\u2019da ABD\u2019nin Indiana Eyaleti Birinci D\u00fcnya Sava\u015f\u0131\u2019nda Osmanl\u0131\u2019n\u0131n Ermenilere soyk\u0131r\u0131m yapt\u0131\u011f\u0131n\u0131 kabul eden tasar\u0131y\u0131 onaylam\u0131\u015ft\u0131r. B\u00f6ylece ABD\u2019de s\u00f6zde Ermeni soyk\u0131r\u0131m\u0131n\u0131 kabul eden eyalet say\u0131s\u0131 48\u2019e y\u00fckselmi\u015ftir. Bu sebeple yumurta kap\u0131ya gelmeden, i\u015f i\u015ften ge\u00e7meden \u015fimdiden tedbir al\u0131nmas\u0131nda yarar vard\u0131r.\u201d<\/em><\/p>\n<p>Ba\u015fkan Trump 24 Nisan\u2019da e\u011fer <em>\u201csoyk\u0131r\u0131m\u201d<\/em> kelimesini kullan\u0131rsa, Avrupa \u0130nsan Haklar\u0131 Mahkemesi\u2019nin (A\u0130HM) \u0130svi\u00e7re\u2019yi\u00a0<em>28 Kas\u0131m 2017<\/em> tarihinde mahkum eden karar\u0131n\u0131 inkar ederek uluslararas\u0131 bir mahkeme karar\u0131na uymam\u0131\u015f olur. (https:\/\/hudoc.echr.coe.int\/eng#{&#8220;itemid&#8221;:[&#8220;001-178955&#8221;]})<\/p>\n<p>Karardan \u00f6nce\u00a0T\u00fcrk vatanda\u015flar\u0131n\u0131n \u0130svi\u00e7re ile uzlasmaya varm\u0131\u015f olmalar\u0131na ra\u011fmen A\u0130HM davaya devam ederek \u0130svi\u00e7re\u2019yi <em>15 Ekim 2015<\/em> tarihli Do\u011fu Perin\u00e7ek Karar\u0131\u2019ndan (Grand Chamber Case of Perin\u00e7ek V. Switzerland Application no. 27510\/08, <a href=\"https:\/\/www.legal-tools.org\/doc\/719085\/pdf\/\">https:\/\/www.legal-tools.org\/doc\/719085\/pdf\/<\/a>, <a href=\"http:\/\/www.legal-tools.org\/en\/doc\/719085\/\">http:\/\/www.legal-tools.org\/en\/doc\/719085\/<\/a>) sonra ikinci defa haks\u0131z bulmu\u015ftur. A\u0130HM\u2019nin Do\u011fu Perin\u00e7ek Karar\u0131, 47 Avrupa Konseyi \u00fcyesi devleti do\u011frudan, di\u011fer devletleri ise uluslararas\u0131 hukuk a\u00e7\u0131s\u0131ndan ba\u011flamaktad\u0131r. A\u0130HM\u2019nin <em>28 Kas\u0131m 2017<\/em> tarihli Mercan ve di\u011ferleri karar\u0131, Ermeni diasporas\u0131na, Ermenistan\u2019a ve de s\u00f6zde soyk\u0131r\u0131m severlere y\u00f6nelik \u00f6nemli bir \u015famard\u0131r. (Affaire Mercan et Autres C. Suisse, Requ\u00eate No\u00a0<a href=\"https:\/\/hudoc.echr.coe.int\/eng#{&quot;appno&quot;:[&quot;18411\/11&quot;]}\">18411\/11<\/a>)<\/p>\n<p><strong>\u00a0<\/strong><em>As\u0131ls\u0131z Ermeni iddialar\u0131konusunda m\u00fccadele sadece devlete d\u00fc\u015fmemelidir.<\/em> \u00dc\u00e7 T\u00fcrk vatanda\u015f\u0131n\u0131n kazand\u0131\u011f\u0131 dava (Mercan ve di\u011ferleri) \u00e7ok \u00f6nemlidir. Ayr\u0131ca ya\u015f\u0131na ra\u011fmen bu konuda <em>\u015e\u00fckr\u00fc Sever Aya<\/em>\u2019n\u0131n, (Big Lie, B\u00fcy\u00fck Yalan,Ka Kitap 2017) emekli B\u00fcy\u00fckel\u00e7i <em>Pulat Tacer<\/em><strong>\u2019<\/strong>in, \u00e7ok yak\u0131nda kaybetti\u011fimiz emekli B\u00fcy\u00fckel\u00e7i <em>\u00d6mer L. L\u00fctem<\/em>\u2019in ve <em>Ferruh Demirmen<\/em>\u2019in (Respectable EU, European Council, and UN Dignitaries) \u00e7abalar\u0131n\u0131 da g\u00f6z ard\u0131 edemeyiz.<\/p>\n<p><em>Bu kapsamda benim de bir katk\u0131m olmu\u015ftur. Turgut \u00d6zal \u00dcniversitesi, Federal Almanya Parlamentosu 1 Haziran 2016 tarihinde as\u0131ls\u0131z Ermeni iddialar\u0131n\u0131 tan\u0131ma karar\u0131 al\u0131nca, bunu k\u0131nayan ilk T\u00fcrk \u00fcniversitesi olmu\u015ftur. <\/em><\/p>\n<p>O tarihte taraf\u0131mdan haz\u0131rlanan bildiri,<em> 2 Haziran 2016<\/em> Per\u015fembe g\u00fcn\u00fc \u00dcniversite Senatosu taraf\u0131ndan yay\u0131nlanm\u0131\u015ft\u0131r<strong>:<\/strong> \u201c<em>Turgut \u00d6zal \u00dcniversitesi Senatosu olarak<\/em><em>\u00a0Almanya\u00a0Federal Parlamentosunda al\u0131nan s\u00f6zde Ermeni soyk\u0131r\u0131m\u0131 iddialar\u0131n\u0131 savunan karar\u0131 k\u0131nad\u0131\u011f\u0131m\u0131z\u0131 T\u00fcrk ve d\u00fcnya kamuoyuna ilan ediyor ve al\u0131nan karar\u0131n amac\u0131na ula\u015famayaca\u011f\u0131n\u0131 ba\u015fta\u00a0Almanya olarak b\u00fct\u00fcn \u00fclkelere bir kez daha \u00f6nemle hat\u0131rlat\u0131yor, zaman\u0131m\u0131zdan 101 y\u0131l \u00f6nce ya\u015fanan olaylar\u0131n ba\u015fta tarih\u00e7iler olmak \u00fczere konuyla ilgili bilim insanlar\u0131 taraf\u0131ndan ara\u015ft\u0131r\u0131lmas\u0131 yolundaki t\u00fcm bilimsel \u00e7al\u0131\u015fmalar\u0131 destekleyece\u011fimizi kamuoyuna duyuruyoruz.&#8221;<\/em> (https:\/\/www.haberler.com\/turgut-ozal-universitesi-nden-soykirim-kararina-8493701-haberi\/)<\/p>\n<p>Frans\u0131z Yazar <em>Yves Benard<\/em>, di\u011fer Frans\u0131z yazarlar\u0131n\u0131n aksine Aral\u0131k 2017\u2019de Fransa\u2019da yay\u0131nlanan kitab\u0131nda <em>&#8220;Ermeni soyk\u0131r\u0131m\u0131 yoktur\u201d<\/em> g\u00f6r\u00fc\u015f\u00fcn\u00fc savunmu\u015ftur. Benard, inceledi\u011fi t\u00fcm belgelerin as\u0131ls\u0131z Ermeni iddialar\u0131n\u0131 \u00e7\u00fcr\u00fctt\u00fc\u011f\u00fcn\u00fc belirtmi\u015ftir: <em>&#8220;Soyk\u0131r\u0131m yoktur, iki taraf i\u00e7inde katledilmi\u015fler vard\u0131r. \u015euna ikna oldum ki asl\u0131nda T\u00fcrkler, Ermenilerden daha fazla katliam kurban\u0131 olmu\u015ftur.&#8221;<\/em> Kitap, Pantheon Yay\u0131nevi taraf\u0131ndan <em>T\u00fcrk-Ermeni G\u00f6r\u00fc\u015f Ayr\u0131l\u0131\u011f\u0131na Yeni Bak\u0131\u015f<\/em> (Divergences Turco-Armeniennes) ad\u0131 alt\u0131nda (165 sayfa) bas\u0131lm\u0131\u015ft\u0131r.<\/p>\n<p>Kitap hakk\u0131ndaki de\u011ferlendirme \u015f\u00f6yledir: \u201c<em>Birinci D\u00fcnya Sava\u015f\u0131\u00a0ba\u015flad\u0131\u011f\u0131nda, her yerde \u00f6l\u00fcm\u00fcn ve ac\u0131n\u0131n h\u00fck\u00fcm s\u00fcrd\u00fc\u011f\u00fc bir d\u00f6nem ba\u015flam\u0131\u015ft\u0131r. T\u00fcrkiye her tarafta ku\u015fat\u0131lm\u0131\u015f durumdad\u0131r ve sava\u015fabilecek durumda olan erkekler, kad\u0131nlar\u0131, \u00e7ocuklar\u0131 ve ya\u015fl\u0131lar\u0131 geride b\u0131rakarak sava\u015fa \u00e7a\u011fr\u0131lm\u0131\u015flard\u0131r. Ermeni milisler, isyan ederek savunmas\u0131z sivillere kar\u015f\u0131 korkun\u00e7, ac\u0131mas\u0131z ve barbarca bir imha ger\u00e7ekle\u015ftirmi\u015fledir.\u201d<\/em><\/p>\n<p><em>\u00a0<\/em>Avrupa\u2019da ve Fransa d\u0131\u015f\u0131nda \u00f6zellikle Almanya\u2019da 24 Nisan as\u0131ls\u0131z Ermeni iddialar\u0131 konusundaki faaliyetler h\u0131zlanm\u0131\u015ft\u0131r. <em>15 Nisan 2018 <\/em>tarihinde, <em>Soyk\u0131r\u0131m\u0131 Hat\u0131rlatma \u0130nisiyatifi<\/em> taraf\u0131ndan K\u00f6ln \u015fehrinde Hohenzollern K\u00f6pr\u00fcs\u00fc&#8217;n\u00fcn seyir platformuna yasad\u0131\u015f\u0131 olarak bir an\u0131t dikilmi\u015ftir.<\/p>\n<p>\u015eehir Meclisi\u2019nin karar\u0131 olmadan dikilen ve K\u00f6ln \u015fehrinde Ermeni ve T\u00fcrk topluluklar\u0131n\u0131n toplumsal huzuruna zarar verecek olan an\u0131t, 57 T\u00fcrk sivil toplum kurulu\u015funun bir araya gelerek kurdu\u011fu K\u00f6ln ve \u00c7evresi T\u00fcrk Dernekleri \u0130nsiyatifi\u2019nin giri\u015fimleri sonucunda K\u00f6ln Belediyesi\u2019nin karar\u0131 ile kald\u0131r\u0131lm\u0131\u015ft\u0131r. An\u0131t \u00fczerinde Ermenice, Almanca ve \u0130ngilizce <em>&#8220;Bu ac\u0131 hepimizin&#8221;<\/em> yaz\u0131yordu.<\/p>\n<p>Fransa\u2019da ise Ermeni film y\u00f6netmeni <em>Artak \u0130gityan<\/em> s\u00f6zde Ermeni soyk\u0131rm\u0131n\u0131 konu alan <em>Anadolu Hikayesi<\/em> filminin \u00e7ekimlerine devam etmektedir. Film, yazar Mark Aren\u2019in <em>Vah\u015fi G\u00fcllerin A\u00e7\u0131ld\u0131\u011f\u0131 Yer: Bir Anadolu Hikayesi<\/em> kitab\u0131ndan uyarlanm\u0131\u015ft\u0131r.<\/p>\n<p>Avrupa Birli\u011fi <em>15 Nisan 2015<\/em> tarihinde Avrupa Parlamentosu\u2019nda kabul edilen as\u0131ls\u0131z Ermeni iddialar\u0131na son ilerleme raporunda yer vermi\u015ftir. Ayr\u0131ca Almanya Federal Meclisi de <em>1 Haziran 2016<\/em> tarihinde 1915 deki tehcir olaylar\u0131n\u0131 bir soyk\u0131r\u0131m olarak kabul etmi\u015ftir. Hollanda Meclisi <em>22 \u015eubat 2018<\/em> de as\u0131ls\u0131z iddialar\u0131 3\u2019e kar\u015f\u0131 142 oyla onaylam\u0131\u015ft\u0131r.<\/p>\n<p>Ermeni Milletvekili <em>Vartkes Mahdessian<\/em> 20 Nisan\u2019da G\u00fcney K\u0131br\u0131s Rum Y\u00f6netimi Meclisinde yapt\u0131\u011f\u0131 konu\u015fmada 103 y\u0131l sonra as\u0131ls\u0131z iddialar\u0131n T\u00fcrkiye taraf\u0131ndan tan\u0131nmas\u0131n\u0131 istemi\u015ftir (It was inconceivable that 103 years after the Armenian Genocide there were civilised states that succumbed to Turkey\u2019s pressure not to recognise the \u2018extinction plan\u2019 applied by Ankara in 1915, the Armenian Representative at the House Vartkes Mahdessian said on Friday.20)<\/p>\n<p>Armenpress ve Armedia web sitelerinde as\u0131ls\u0131z Ermeni iddialar\u0131: M\u0131s\u0131r Milletvekilleri Parlamentoyu Hollanda \u00d6rne\u011fini Takip Etmeye \u00c7a\u011f\u0131rd\u0131 (Armenian Genocide: Egyptian Lawmakers Call on Parliament to Follow Netherlands) ba\u015fl\u0131kl\u0131 bir haber yay\u0131nlanm\u0131\u015ft\u0131r. M\u0131s\u0131r Parlamentosu\u2019nun siyasi sebeplerle b\u00f6yle bir karar almayaca\u011f\u0131n\u0131 \u00fcmit etmekteyim. as\u0131ls\u0131z Ermeni iddialar\u0131n\u0131 tan\u0131yan iki M\u00fcsl\u00fcman ve \u0130slam \u0130\u015fbirli\u011fi Te\u015fkilat\u0131 \u00fcyesi \u00fclke Suriye ve L\u00fcbnan\u2019d\u0131r. L\u00fcbnan\u2019da etkili bir Ermeni diasporas\u0131 vard\u0131r. Suriye\u2019nin neden tan\u0131d\u0131\u011f\u0131n\u0131 s\u00f6ylemeye bilmem gerek var m\u0131?<\/p>\n<p>Asl\u0131nda M\u0131s\u0131r Parlamentosu 26 Temmuz 2016\u2019da b\u00f6yle bir giri\u015fimde bulunmu\u015ftu. Milletvekili <em>Mustafa Bekri<\/em> taraf\u0131ndan Parlamento Ba\u015fkan\u0131 Ali Abdulal\u2019a sunulan tasar\u0131da 337 milletvekilinin imzas\u0131 vard\u0131. Tasar\u0131da yer alan a\u00e7\u0131klamada parlamentonun, Osmanl\u0131 Devleti d\u00f6neminde 1915-1922 y\u0131llar\u0131 aras\u0131nda Ermeni halk\u0131na kar\u015f\u0131 yap\u0131lanlar\u0131 soyk\u0131r\u0131m olarak tan\u0131mas\u0131 ve bu y\u00f6nde bir karar \u00e7\u0131karmas\u0131 istenmi\u015ftir. 596 milletvekilinin yer ald\u0131\u011f\u0131 parlamentodan karar \u00e7\u0131kmam\u0131\u015ft\u0131r.<\/p>\n<p>24 Nisan\u2019da Ba\u015fkan Trump Ermeni tehcirini <em>\u201csoyk\u0131r\u0131m\u201d<\/em> olarak adland\u0131r\u0131rsa, zaten gergin olan ABD-T\u00fcrkiye ili\u015fkileri kopma noktas\u0131na gelebilir. B\u00f6yle bir sonu\u00e7la kar\u015f\u0131la\u015fmamak i\u00e7in herhalde D\u0131\u015fi\u015fleri Bakanl\u0131\u011f\u0131 ile Cumhurba\u015fkanl\u0131\u011f\u0131 makam\u0131 gerekli giri\u015fimleri yapmaktad\u0131r.<\/p>\n","protected":false},"excerpt":{"rendered":"<p>ABD&#8217;deki Ermeni Diasporas\u0131&#8217;\u0131 Trump&#8217;u ne kadar etkileyecek? Ba\u015fkan Trump, Ermenilere verdi\u011fi s\u00f6z\u00fc tutacak m\u0131? Bu s\u00f6z tutulursa, T\u00fcrkiye&#8217;nin tavr\u0131 ne olacakt\u0131r? Zaten gergin olan ili\u015fkiler, kopma noktas\u0131na m\u0131 gelecek; yoksa bu da sineye mi \u00e7ekilecek?<\/p>\n","protected":false},"author":3,"featured_media":2004,"comment_status":"open","ping_status":"open","sticky":false,"template":"","format":"standard","meta":{"_links_to":"","_links_to_target":""},"categories":[59,2,66,67],"tags":[],"yoast_head":"<!-- This site is optimized with the Yoast SEO plugin v16.0.2 - https:\/\/yoast.com\/wordpress\/plugins\/seo\/ -->\n<title>Trump Ermeni Soyk\u0131r\u0131m\u0131 diyecek mi? - M\u0130SAK- Mill\u00ee Strateji Ara\u015ft\u0131rma Kurulu<\/title>\n<link rel=\"canonical\" href=\"https:\/\/millidusunce.com\/misak\/trump-ermeni-soykirimi-diyecek-mi\/\" \/>\n<meta property=\"og:locale\" content=\"tr_TR\" \/>\n<meta property=\"og:type\" content=\"article\" \/>\n<meta property=\"og:title\" content=\"Trump Ermeni Soyk\u0131r\u0131m\u0131 diyecek mi? - M\u0130SAK- Mill\u00ee Strateji Ara\u015ft\u0131rma Kurulu\" \/>\n<meta property=\"og:description\" content=\"ABD&#039;deki Ermeni Diasporas\u0131&#039;\u0131 Trump&#039;u ne kadar etkileyecek? Ba\u015fkan Trump, Ermenilere verdi\u011fi s\u00f6z\u00fc tutacak m\u0131? Bu s\u00f6z tutulursa, T\u00fcrkiye&#039;nin tavr\u0131 ne olacakt\u0131r? Zaten gergin olan ili\u015fkiler, kopma noktas\u0131na m\u0131 gelecek; yoksa bu da sineye mi \u00e7ekilecek?\" \/>\n<meta property=\"og:url\" content=\"https:\/\/millidusunce.com\/misak\/trump-ermeni-soykirimi-diyecek-mi\/\" \/>\n<meta property=\"og:site_name\" content=\"M\u0130SAK- Mill\u00ee Strateji Ara\u015ft\u0131rma Kurulu\" \/>\n<meta property=\"article:published_time\" content=\"2018-04-24T16:30:00+00:00\" \/>\n<meta property=\"article:modified_time\" content=\"2018-04-24T14:04:57+00:00\" \/>\n<meta property=\"og:image\" content=\"https:\/\/millidusunce.com\/misak\/wp-content\/uploads\/2018\/04\/25600_b1.jpg\" \/>\n\t<meta property=\"og:image:width\" content=\"1890\" \/>\n\t<meta property=\"og:image:height\" content=\"1471\" \/>\n<meta name=\"twitter:card\" content=\"summary_large_image\" \/>\n<meta name=\"twitter:label1\" content=\"Tahmini okuma s\u00fcresi\">\n\t<meta name=\"twitter:data1\" content=\"14 dakika\">\n<script type=\"application\/ld+json\" class=\"yoast-schema-graph\">{\"@context\":\"https:\/\/schema.org\",\"@graph\":[{\"@type\":\"Organization\",\"@id\":\"https:\/\/millidusunce.com\/misak\/#organization\",\"name\":\"Mill\\u00ee D\\u00fc\\u015f\\u00fcnce Merkezi\",\"url\":\"https:\/\/millidusunce.com\/misak\/\",\"sameAs\":[],\"logo\":{\"@type\":\"ImageObject\",\"@id\":\"https:\/\/millidusunce.com\/misak\/#logo\",\"inLanguage\":\"tr\",\"url\":\"https:\/\/millidusunce.com\/misak\/wp-content\/uploads\/2018\/09\/mdmLogo-yazisiz.jpg\",\"width\":422,\"height\":422,\"caption\":\"Mill\\u00ee D\\u00fc\\u015f\\u00fcnce Merkezi\"},\"image\":{\"@id\":\"https:\/\/millidusunce.com\/misak\/#logo\"}},{\"@type\":\"WebSite\",\"@id\":\"https:\/\/millidusunce.com\/misak\/#website\",\"url\":\"https:\/\/millidusunce.com\/misak\/\",\"name\":\"M\\u0130SAK- Mill\\u00ee Strateji Ara\\u015ft\\u0131rma Kurulu\",\"description\":\"D\\u00fcnyaya T\\u00fcrk\\u00e7\\u00fc Bak\\u0131\\u015f\",\"publisher\":{\"@id\":\"https:\/\/millidusunce.com\/misak\/#organization\"},\"potentialAction\":[{\"@type\":\"SearchAction\",\"target\":\"https:\/\/millidusunce.com\/misak\/?s={search_term_string}\",\"query-input\":\"required name=search_term_string\"}],\"inLanguage\":\"tr\"},{\"@type\":\"ImageObject\",\"@id\":\"https:\/\/millidusunce.com\/misak\/trump-ermeni-soykirimi-diyecek-mi\/#primaryimage\",\"inLanguage\":\"tr\",\"url\":\"https:\/\/millidusunce.com\/misak\/wp-content\/uploads\/2018\/04\/25600_b1.jpg\",\"width\":1890,\"height\":1471},{\"@type\":\"WebPage\",\"@id\":\"https:\/\/millidusunce.com\/misak\/trump-ermeni-soykirimi-diyecek-mi\/#webpage\",\"url\":\"https:\/\/millidusunce.com\/misak\/trump-ermeni-soykirimi-diyecek-mi\/\",\"name\":\"Trump Ermeni Soyk\\u0131r\\u0131m\\u0131 diyecek mi? - M\\u0130SAK- Mill\\u00ee Strateji Ara\\u015ft\\u0131rma Kurulu\",\"isPartOf\":{\"@id\":\"https:\/\/millidusunce.com\/misak\/#website\"},\"primaryImageOfPage\":{\"@id\":\"https:\/\/millidusunce.com\/misak\/trump-ermeni-soykirimi-diyecek-mi\/#primaryimage\"},\"datePublished\":\"2018-04-24T16:30:00+00:00\",\"dateModified\":\"2018-04-24T14:04:57+00:00\",\"breadcrumb\":{\"@id\":\"https:\/\/millidusunce.com\/misak\/trump-ermeni-soykirimi-diyecek-mi\/#breadcrumb\"},\"inLanguage\":\"tr\",\"potentialAction\":[{\"@type\":\"ReadAction\",\"target\":[\"https:\/\/millidusunce.com\/misak\/trump-ermeni-soykirimi-diyecek-mi\/\"]}]},{\"@type\":\"BreadcrumbList\",\"@id\":\"https:\/\/millidusunce.com\/misak\/trump-ermeni-soykirimi-diyecek-mi\/#breadcrumb\",\"itemListElement\":[{\"@type\":\"ListItem\",\"position\":1,\"item\":{\"@type\":\"WebPage\",\"@id\":\"https:\/\/millidusunce.com\/misak\/\",\"url\":\"https:\/\/millidusunce.com\/misak\/\",\"name\":\"Anasayfa\"}},{\"@type\":\"ListItem\",\"position\":2,\"item\":{\"@type\":\"WebPage\",\"@id\":\"https:\/\/millidusunce.com\/misak\/trump-ermeni-soykirimi-diyecek-mi\/\",\"url\":\"https:\/\/millidusunce.com\/misak\/trump-ermeni-soykirimi-diyecek-mi\/\",\"name\":\"Trump Ermeni Soyk\\u0131r\\u0131m\\u0131 diyecek mi?\"}}]},{\"@type\":\"Article\",\"@id\":\"https:\/\/millidusunce.com\/misak\/trump-ermeni-soykirimi-diyecek-mi\/#article\",\"isPartOf\":{\"@id\":\"https:\/\/millidusunce.com\/misak\/trump-ermeni-soykirimi-diyecek-mi\/#webpage\"},\"author\":{\"@id\":\"https:\/\/millidusunce.com\/misak\/#\/schema\/person\/dceabd91d5707fd0a1f581be62144940\"},\"headline\":\"Trump Ermeni Soyk\\u0131r\\u0131m\\u0131 diyecek mi?\",\"datePublished\":\"2018-04-24T16:30:00+00:00\",\"dateModified\":\"2018-04-24T14:04:57+00:00\",\"mainEntityOfPage\":{\"@id\":\"https:\/\/millidusunce.com\/misak\/trump-ermeni-soykirimi-diyecek-mi\/#webpage\"},\"commentCount\":0,\"publisher\":{\"@id\":\"https:\/\/millidusunce.com\/misak\/#organization\"},\"image\":{\"@id\":\"https:\/\/millidusunce.com\/misak\/trump-ermeni-soykirimi-diyecek-mi\/#primaryimage\"},\"articleSection\":\"ABD,S\\u0130YASET-TAR\\u0130H,TEHD\\u0130TLER\",\"inLanguage\":\"tr\",\"potentialAction\":[{\"@type\":\"CommentAction\",\"name\":\"Comment\",\"target\":[\"https:\/\/millidusunce.com\/misak\/trump-ermeni-soykirimi-diyecek-mi\/#respond\"]}]},{\"@type\":\"Person\",\"@id\":\"https:\/\/millidusunce.com\/misak\/#\/schema\/person\/dceabd91d5707fd0a1f581be62144940\",\"name\":\"Sad\\u0131k R\\u0131dvan Karluk\",\"image\":{\"@type\":\"ImageObject\",\"@id\":\"https:\/\/millidusunce.com\/misak\/#personlogo\",\"inLanguage\":\"tr\",\"url\":\"https:\/\/secure.gravatar.com\/avatar\/0ac86ba3095525619627cdd0589c5b8c?s=96&d=mm&r=g\",\"caption\":\"Sad\\u0131k R\\u0131dvan Karluk\"},\"description\":\"Prof. Dr. S. R\\u0131dvan Karluk, 1970\\u2019de Ankara \\u00dcniversitesi Siyasal Bilgiler Fak\\u00fcltesi\\u2019ni bitirdi. 1975\\u2019te doktor, 1979\\u2019da do\\u00e7ent oldu. 1975 \\u2013 1976\\u2019da Sussex \\u00dcniversitesi\\u2019nde doktora \\u00fcst\\u00fc ara\\u015ft\\u0131rma yapt\\u0131. 1982 y\\u0131l\\u0131nda Devlet Planlama Te\\u015fkilat\\u0131 AET Dairesini (Genel M\\u00fcd\\u00fcrl\\u00fck) kurdu. 1985-1990 y\\u0131llar\\u0131nda Paris\\u2019te, OECD T\\u00fcrkiye B\\u00fcy\\u00fckel\\u00e7ili\\u011fi\\u2019nde Planlama M\\u00fc\\u015faviri olarak \\u00e7al\\u0131\\u015ft\\u0131. 1990-1992 y\\u0131llar\\u0131nda Ba\\u015fbakanl\\u0131k Ba\\u015fm\\u00fc\\u015favirli\\u011fi\\u2019ne atand\\u0131. 1991 y\\u0131l\\u0131nda Anadolu \\u00dcniversitesi\\u2019ne ge\\u00e7mi\\u015f, 2014 y\\u0131l\\u0131nda emekli olmu\\u015ftur. Bu s\\u00fcre i\\u00e7inde \\u0130ktisadi Geli\\u015fme ve Uluslararas\\u0131 Geli\\u015fme Anabilim Dal\\u0131 Ba\\u015fkanl\\u0131\\u011f\\u0131, 2010-2013 d\\u00f6neminde \\u0130ktisat Fak\\u00fcltesi Dekanl\\u0131\\u011f\\u0131 yapm\\u0131\\u015ft\\u0131r. Uluslararas\\u0131 Ekonomi, T\\u00fcrkiye Ekonomisi, Avrupa Birli\\u011fi ve Uluslararas\\u0131 Ekonomik \\u0130li\\u015fkiler konular\\u0131nda 24 kitab\\u0131, 12 ortak ve 3 \\u00e7eviri eseri vard\\u0131r. Ortak yazarl\\u0131 bir ders kitab\\u0131 T\\u00dcBA \\u00fcniversite ders kitaplar\\u0131 2012 y\\u0131l\\u0131 telif ve \\u00e7eviri eser \\u00f6d\\u00fcl\\u00fc olmak \\u00fczere 6 bilimsel ara\\u015ft\\u0131rma \\u00f6d\\u00fcl\\u00fcne sahiptir. Eski\\u015fehir Sakarya gazetesi ile Turkish Forum\\u2019da (ABD) haftal\\u0131k g\\u00fcncel yaz\\u0131lar\\u0131 yay\\u0131nlanmaktad\\u0131r. \\u00d6zge\\u00e7mi\\u015fi WHO\\u2019s WHO D\\u00fcnya, Asya ve T\\u00fcrkiye bask\\u0131lar\\u0131nda yer alm\\u0131\\u015ft\\u0131r.\"}]}<\/script>\n<!-- \/ Yoast SEO plugin. -->","_links":{"self":[{"href":"https:\/\/millidusunce.com\/misak\/wp-json\/wp\/v2\/posts\/1990"}],"collection":[{"href":"https:\/\/millidusunce.com\/misak\/wp-json\/wp\/v2\/posts"}],"about":[{"href":"https:\/\/millidusunce.com\/misak\/wp-json\/wp\/v2\/types\/post"}],"author":[{"embeddable":true,"href":"https:\/\/millidusunce.com\/misak\/wp-json\/wp\/v2\/users\/3"}],"replies":[{"embeddable":true,"href":"https:\/\/millidusunce.com\/misak\/wp-json\/wp\/v2\/comments?post=1990"}],"version-history":[{"count":0,"href":"https:\/\/millidusunce.com\/misak\/wp-json\/wp\/v2\/posts\/1990\/revisions"}],"wp:featuredmedia":[{"embeddable":true,"href":"https:\/\/millidusunce.com\/misak\/wp-json\/wp\/v2\/media\/2004"}],"wp:attachment":[{"href":"https:\/\/millidusunce.com\/misak\/wp-json\/wp\/v2\/media?parent=1990"}],"wp:term":[{"taxonomy":"category","embeddable":true,"href":"https:\/\/millidusunce.com\/misak\/wp-json\/wp\/v2\/categories?post=1990"},{"taxonomy":"post_tag","embeddable":true,"href":"https:\/\/millidusunce.com\/misak\/wp-json\/wp\/v2\/tags?post=1990"}],"curies":[{"name":"wp","href":"https:\/\/api.w.org\/{rel}","templated":true}]}}