{"id":2077,"date":"2018-05-06T11:30:00","date_gmt":"2018-05-06T08:30:00","guid":{"rendered":"http:\/\/misak.millidusunce.com?p=2077&#038;preview=true&#038;preview_id=2077"},"modified":"2018-05-06T09:28:38","modified_gmt":"2018-05-06T06:28:38","slug":"milli-irade-ve-milli-egemenligin-kullanilmasinda-sistem-onerileri-parlamenter-sistem-milli-irade-sistemi-baskanlik-sitemi","status":"publish","type":"post","link":"https:\/\/millidusunce.com\/misak\/milli-irade-ve-milli-egemenligin-kullanilmasinda-sistem-onerileri-parlamenter-sistem-milli-irade-sistemi-baskanlik-sitemi\/","title":{"rendered":"Milli irade ve milli egemenli\u011fin kullan\u0131lmas\u0131nda sistem \u00f6nerileri- Parlamenter sistem (milli irade sistemi)-ba\u015fkanl\u0131k sitemi"},"content":{"rendered":"<p><img loading=\"lazy\" class=\"aligncenter wp-image-2079 size-large\" src=\"http:\/\/misak.millidusunce.com\/wp-content\/uploads\/2018\/05\/Atat\u00fcrk_TBMMden_\u00e7\u0131karken-1024x725.jpg\" alt=\"\" width=\"1024\" height=\"725\" srcset=\"https:\/\/millidusunce.com\/misak\/wp-content\/uploads\/2018\/05\/Atat\u00fcrk_TBMMden_\u00e7\u0131karken-1024x725.jpg 1024w, https:\/\/millidusunce.com\/misak\/wp-content\/uploads\/2018\/05\/Atat\u00fcrk_TBMMden_\u00e7\u0131karken-150x106.jpg 150w, https:\/\/millidusunce.com\/misak\/wp-content\/uploads\/2018\/05\/Atat\u00fcrk_TBMMden_\u00e7\u0131karken-300x212.jpg 300w, https:\/\/millidusunce.com\/misak\/wp-content\/uploads\/2018\/05\/Atat\u00fcrk_TBMMden_\u00e7\u0131karken-768x544.jpg 768w\" sizes=\"(max-width: 1024px) 100vw, 1024px\" \/><\/p>\n<h2><strong>Milli egemenlik ve milli irade<\/strong><\/h2>\n<p>Ge\u00e7mi\u015fteki ve mevcut Anayasam\u0131z, \u201cEgemenlik Milletindir\u201d demi\u015f olmas\u0131na ra\u011fmen; milli egemenli\u011fin kullan\u0131lmas\u0131nda millletin, s\u00f6zde se\u00e7imler d\u0131\u015f\u0131nda ger\u00e7ek anlamda s\u00f6z sahibi oldu\u011funu s\u00f6ylemek olduk\u00e7a zordur.<\/p>\n<p>Anayasam\u0131z; egemenli\u011fin, kay\u0131ts\u0131z \u015farts\u0131z Milletin oldu\u011funu ifade eder. Lafta kalan bu ifadenin hayat\u0131n i\u00e7inde yer almas\u0131 ve kat\u0131l\u0131mc\u0131 ve do\u011frudan demokrasi anlay\u0131\u015f\u0131yla bu milli irade ve egemenli\u011fin bizzat T\u00fcrk Milleti taraf\u0131ndan kullan\u0131labilmesine y\u00f6nelik yeni bir y\u00f6netim anlay\u0131\u015f\u0131 ve ve Anayasaya ihtiya\u00e7 vard\u0131r.<\/p>\n<p>\u00d6nerilen bu yeni y\u00f6netim sisteminde, y\u00f6netim usul\u00fc ve sistemi halk\u0131n mukadderat\u0131n\u0131 bizzat ve bilfiil idare etmesi esas\u0131na dayanmal\u0131d\u0131r. Milli egemenli\u011fin ve iradenin kullan\u0131lmas\u0131 ve tecelli etmesinde Milleti;, T\u00fcrkiye Millet Meclisi temsil edecek ve Millet ad\u0131na egemenlik hakk\u0131n\u0131, Anayasan\u0131n koydu\u011fu esaslara g\u00f6re, Milletle birlikte kullanaca\u011f\u0131 bir yap\u0131 olu\u015fturulmal\u0131d\u0131r.<\/p>\n<h2><strong>T\u00fcrkiye Millet Meclisi: <\/strong><\/h2>\n<p>T\u00fcrkiye Millet Meclisi genel oyla se\u00e7ilen yetmi\u015f be\u015f bin (veya yedi bin be\u015f y\u00fcz) milletvekilinden olu\u015fmal\u0131; Milletvekillerinden altm\u0131\u015f bini \u00e7\u0131kart\u0131lacak yasadaki esaslara g\u00f6re belirlenen dar se\u00e7im \u00e7evrelerinden, on bin milletvekili ise siyas\u00ee partilerin, parti ittifaklar\u0131n\u0131n \u00fclke se\u00e7im \u00e7evresi i\u00e7in d\u00fczenleyece\u011fi listelerden ve ba\u011f\u0131ms\u0131z adaylardan nisp\u00ee temsil esas\u0131na g\u00f6re, be\u015f bin milletvekili ise yurt d\u0131\u015f\u0131nda ya\u015fayan T\u00fcrk Vatanda\u015flar\u0131 taraf\u0131ndan se\u00e7ilmelidir. T\u00fcrkiye Millet Meclisinin altm\u0131\u015f bin \u00fcyesi, se\u00e7ildikleri b\u00f6lgeyi ve kendilerini se\u00e7enleri; on bin \u00fcyesi b\u00fct\u00fcn \u00fclke genelini ve be\u015f bin \u00fcyesi ise yurtd\u0131\u015f\u0131nda ya\u015fayan T\u00fcrk Vatanda\u015flar\u0131n\u0131 temsil etmelidir.<\/p>\n<p>Ger\u00e7ek kat\u0131l\u0131mc\u0131 demokrasiyi yerle\u015ftirmek ve millet egemenli\u011fini etkinle kullanabilmak amac\u0131yla milletvekili say\u0131s\u0131n\u0131n art\u0131r\u0131lmas\u0131 uygun g\u00f6r\u00fclm\u00fc\u015ft\u00fcr. B\u00f6ylece milletvekilleri menfaat gruplar\u0131, partiler ve liderleri taraf\u0131ndan olumssuz anlamda etki alt\u0131na al\u0131namayacak ve \u00f6zg\u00fcr iradelerini halka dan\u0131\u015farak daha iyi kullanabileceklerdir.<\/p>\n<h2><strong>T\u00fcrkiye Millet Meclisi&#8217;nin g\u00f6rev ve yetkileri:<\/strong><\/h2>\n<p>T\u00fcrkiye Millet Meclisinin g\u00f6rev ve yetkileri, yasa koymak, de\u011fi\u015ftirmek ve kald\u0131rmak; Cumhurba\u015fkan\u0131n\u0131, T\u00fcrkiye Yasama Meclisini, Bakanlar Kurulunu ve bakanlar\u0131, Anayasa Mahkmemesi&#8217;ni, Yarg\u0131tay\u0131, Dan\u0131\u015ftay\u0131, Say\u0131\u015ftay\u0131, Kamu Denet\u00e7ili\u011fi Kurumunu denetlemek; Bakanlar Kuruluna belli konularda yasa h\u00fckm\u00fcnde kararname \u00e7\u0131karma yetkisi vermek; b\u00fct\u00e7e ve kesin hesap yasa tasar\u0131lar\u0131n\u0131 kabul etmek; sava\u015f il\u00e2n\u0131na karar vermek; milletler aras\u0131 antla\u015fmalar\u0131n onaylanmas\u0131n\u0131 uygun bulmak, T\u00fcrkiye Millet Meclisi \u00fcye tam say\u0131s\u0131n\u0131n be\u015fte \u00fc\u00e7 \u00e7o\u011funlu\u011funun karar\u0131 ile genel ve \u00f6zel af il\u00e2n\u0131na karar vermek ve Anayasan\u0131n di\u011fer maddelerinde \u00f6ng\u00f6r\u00fclen yetkileri kullanmak ve g\u00f6revleri yerine getirmek olmal\u0131d\u0131r.<\/p>\n<p>Egemenli\u011fi ve milli iradeyi temsil edecek olan T\u00fcrkiye Millet Meclisi, y\u00fcr\u00fctmeyi ger\u00e7ekle\u015ftiren Cumhurba\u015fkan\u0131n\u0131 ve H\u00fck\u00fbmeti, Yasamay\u0131, Yarg\u0131y\u0131 her vakit denetleyebilecek ve gerekti\u011finde Cumhurba\u015fkan\u0131 ve\u00a0 bu kurumlar\u0131n y\u00f6neticileri g\u00f6revden alabilecek ve d\u00fc\u015f\u00fcrebilecek yap\u0131da olmal\u0131d\u0131r.<\/p>\n<p>T\u00fcrkiye Millet Meclisi cal\u0131\u015fmalar\u0131n\u0131 ve oylamalar\u0131n\u0131 elektronik ortamlarda ve ak\u0131ll\u0131 ileti\u015fim sistemleri \u00fczerinde yapabilmelidir.<\/p>\n<h2><strong>Yasama g\u00f6revi ve yetkisi:<\/strong><\/h2>\n<p>Yeni y\u00f6netim anlay\u0131\u015f\u0131 ve sisteminde \u201c<em>Yasama Yetkisi<\/em><strong>\u201d <\/strong>yeni olu\u015fturulacak<strong> \u201c<\/strong><em>T\u00fcrkiye Yasama Meclisi<\/em><strong>\u201d <\/strong>taraf\u0131ndan, \u201c<em>T\u00fcrkiye Millet Meclisi<\/em>\u201d ile birlikte Millet ad\u0131na kullan\u0131lmal\u0131d\u0131r.<\/p>\n<p>T\u00fcrkiye Yasama Meclisi, \u00f6zel yasayla belirlenecek say\u0131ya g\u00f6re T\u00fcrkiye Millet Meclisi, Cumhurba\u015fkan\u0131, Anayasa Mahkemesi, Yarg\u0131tay, Dan\u0131\u015ftay, Say\u0131\u015ftay, Kamu Denet\u00e7ili\u011fi Kurumu, Y\u00d6K, Barolar Birli\u011fi, TOBB, Diyanet \u0130\u015fleri Ba\u015fkanl\u0131\u011f\u0131, Genel Kurmay Ba\u015fkanl\u0131\u011f\u0131, \u00dcniversite \u00d6\u011frenci Konseyleri, Memur ve \u0130\u015f\u00e7i Sendikalar\u0131, STK\u2019lar taraf\u0131ndan se\u00e7ilmi\u015f toplam \u00fc\u00e7 y\u00fcz as\u0131l ve otuz yedek (veya 250 as\u0131l veya 25 yedek) Yasama vekilinden olu\u015fmal\u0131 ve yedek \u00fcyeler, as\u0131l Yasama vekili kontenjanlar\u0131na g\u00f6re y\u00fczde on oran\u0131nda belirlenmelidir.<\/p>\n<p><em>T\u00fcrkiye Yasama Meclisinin g\u00f6rev ve yetkileri<\/em>; \u00f6nerilen yasa teklif ve tasar\u0131lar\u0131n\u0131 g\u00f6r\u00fc\u015fmek ve kabul edilen teklifleri T\u00fcrkiye Millet Meclisine sunmak; yasa teklifi sunmak; Bakanlar Kuruluna belli konularda yasa h\u00fckm\u00fcnde kararname \u00e7\u0131karma yetkisinin \u00f6n g\u00f6r\u00fc\u015fmelerini yapmak ve yerindeli\u011fini incelemek; milletler aras\u0131 antla\u015fmalar\u0131n onaylanmas\u0131n\u0131 uygunlu\u011funu incelemek ve <sup>\u00a0<\/sup>T\u00fcrkiye Millet Meclisine sunmak; genel ve \u00f6zel af il\u00e2n\u0131 tekliflerini incelemek; genel ve \u00f6zel af il\u00e2n\u0131 teklifi vermek; soru, meclis ara\u015ft\u0131rmas\u0131, genel g\u00f6r\u00fc\u015fme, gensoru ve meclis soru\u015fturmas\u0131 yollar\u0131yla bilgi edinme ve denetim yollar\u0131n\u0131 kullanmak; Anayasan\u0131n ve ilgili yasada \u00f6ng\u00f6r\u00fclen yetkileri kullanmak ve g\u00f6revleri yerine getirmek olmal\u0131d\u0131r.<\/p>\n<h2><img loading=\"lazy\" class=\"aligncenter wp-image-2078 size-full\" src=\"http:\/\/misak.millidusunce.com\/wp-content\/uploads\/2018\/05\/ataturk-ve-milli-egemenlik-7.jpg\" alt=\"\" width=\"582\" height=\"874\" srcset=\"https:\/\/millidusunce.com\/misak\/wp-content\/uploads\/2018\/05\/ataturk-ve-milli-egemenlik-7.jpg 582w, https:\/\/millidusunce.com\/misak\/wp-content\/uploads\/2018\/05\/ataturk-ve-milli-egemenlik-7-100x150.jpg 100w, https:\/\/millidusunce.com\/misak\/wp-content\/uploads\/2018\/05\/ataturk-ve-milli-egemenlik-7-200x300.jpg 200w\" sizes=\"(max-width: 582px) 100vw, 582px\" \/><\/h2>\n<h2><strong>Yasama sorumsuzlu\u011fu ve dokunulmazl\u0131\u011f\u0131: <\/strong><\/h2>\n<p>Se\u00e7imden \u00f6nce veya sonra bir su\u00e7 i\u015fledi\u011fi ileri s\u00fcr\u00fclen bir Milletvekili veya Yasamavekili, tutuklanmadan yarg\u0131lanabilmelidir. Milletvekili hakk\u0131nda se\u00e7iminden \u00f6nce veya sonra verilmi\u015f bir ceza h\u00fckm\u00fcn\u00fcn yerine getirilmesi, milletvekilli\u011fi s\u0131fat\u0131n\u0131n sona ermesine b\u0131rak\u0131lmamal\u0131d\u0131r. Milletvekili, i\u015fledi\u011fi su\u00e7 milletvekili se\u00e7ilmesini engelleyecek bir su\u00e7 de\u011filse ve ertelenmez ise, cezas\u0131n\u0131 \u00e7ektikten sonra, milletvekilli\u011fi i\u00e7in kalan s\u00fcreyi tamamlar.<\/p>\n<p>Belirlenen su\u00e7lardan dolay\u0131 bir milletvekilinin tutuklanmadan sorguya \u00e7ekilmesi ve yarg\u0131lanmas\u0131 i\u00e7in Meclisin karar\u0131 aranmamal\u0131d\u0131r. Bu hallerde Yarg\u0131tay Cumhuriyet Ba\u015fsavc\u0131s\u0131, durumu hemen T\u00fcrkiye Millet Meclisine bildirmelidir.<\/p>\n<p>\u0130stifa eden Milletvekilinin ve Yasamavekilinin vekilli\u011finin d\u00fc\u015fmesi, istifan\u0131n ge\u00e7erli oldu\u011funun Meclis Ba\u015fkanl\u0131k Divan\u0131nca tespit edilmesinden sonra, otomatik olarak ger\u00e7ekle\u015fmi\u015f olmal\u0131d\u0131r.<\/p>\n<h2><strong>Y\u00fcr\u00fctme g\u00f6revi ve yetkisi:<\/strong><\/h2>\n<p>Y\u00fcr\u00fctme yetkisi ve g\u00f6revi ise<strong>; <\/strong>T\u00fcrkiye Millet Meclisi taraf\u0131ndan 5 y\u0131lda bir se\u00e7ti\u011fi Cumhurba\u015fkan\u0131 ve onun tayin edece\u011fi ve T\u00fcrkiye Millet Meclisi taraf\u0131ndan onaylanan Bakanlar Kurulu eliyle kullan\u0131lmal\u0131d\u0131r.<\/p>\n<h2><strong>Cumhurba\u015fkan\u0131:<\/strong><\/h2>\n<p>Cumhurba\u015fkan\u0131, T\u00fcrkiye Millet Meclisi \u00fcyeleri veya bu niteliklere ve milletvekili se\u00e7ilme yeterli\u011fine sahip T\u00fcrkiye Cumhuriyeti vatanda\u015flar\u0131 aras\u0131ndan, T\u00fcrkiye Millet Meclisi taraf\u0131ndan se\u00e7ilmeli, g\u00f6rev s\u00fcresi be\u015f y\u0131l ve en fazla iki defa Cumhurba\u015fkan\u0131 se\u00e7ilebilmelidir.<\/p>\n<p>Geni\u015f say\u0131da milletvekilinin Cumhurba\u015fkan\u0131n\u0131 se\u00e7mesi; halk oylamas\u0131yla se\u00e7ilmesindeki toplumda yarat\u0131lan kampla\u015fmalar\u0131n ortaya \u00e7\u0131kmas\u0131 ve sosyal bar\u0131\u015f\u0131 bozucu, Cumhurba\u015fkan\u0131n\u0131 siyasi taraf haline getiren mahzurlar\u0131 bak\u0131m\u0131ndan daha uygundur.<\/p>\n<p>Cumhurba\u015fkanl\u0131\u011f\u0131na T\u00fcrkiye Millet Meclisi, T\u00fcrkiye Yasama Meclis \u00fcyeleri i\u00e7inden veya bu Meclislerin d\u0131\u015f\u0131ndan aday g\u00f6sterilebilmesi \u00fc\u00e7bin Milletvekilinin yaz\u0131l\u0131 teklifiyle, elli Yasamavekilinin yaz\u0131l\u0131 teklifiyle veya y\u00fczbin se\u00e7menin ortak dilek\u00e7esiyle m\u00fcmk\u00fcn olabilmelidir.<\/p>\n<p>Cumhurba\u015fkan\u0131n\u0131n Anayasada tek ba\u015f\u0131na yapabilece\u011fi belirtilen i\u015flemlerden sorumlu olmal\u0131d\u0131r. Cumhurba\u015fkan\u0131, vatana ihanetten ve tek ba\u015f\u0131na yapabilece\u011fi belirtilen i\u015flemlerden dolay\u0131 ve T\u00fcrkiye Millet Meclisi \u00fcye tamsay\u0131s\u0131n\u0131n en az onda birinin veya T\u00fcrkiye Yasama Meclisinin \u00fcye tamsay\u0131s\u0131n\u0131n en az \u00fc\u00e7te birinin teklifi \u00fczerine, T\u00fcrkiye Millet Meclisinin \u00fcye tamsay\u0131s\u0131n\u0131n en az \u00fc\u00e7te ikisinin verece\u011fi kararla su\u00e7land\u0131r\u0131labilmelidir. Yetkisi olmayan ve su\u00e7 te\u015fkil edebilecek i\u015flemler i\u00e7in Cumhurba\u015fkan\u0131 T\u00fcrkiye Millet Meclisi \u00fcye tamsay\u0131s\u0131n\u0131n y\u00fczde biri, T\u00fcrkiye Yasama Meclisinin \u00fcye tamsay\u0131s\u0131n\u0131n en az onda biri veya y\u00fcz bin se\u00e7men taraf\u0131ndan verilecek teklifle T\u00fcrkiye Millet Meclisinin \u00fcye tamsay\u0131s\u0131n\u0131n en salt \u00e7o\u011funlu\u011funun verece\u011fi kararla su\u00e7land\u0131r\u0131labilmelidir. Y\u00fcce Divana sevk edilen Cumhurba\u015fkan\u0131n\u0131n g\u00f6revi sona ermelidir.<\/p>\n<p>Cumhurba\u015fkan\u0131, erkler ayr\u0131l\u0131\u011f\u0131 prensibindeki yeri, ger\u00e7ek anlamda egemenli\u011fin temsili ve kat\u0131l\u0131mc\u0131 demokrasi bak\u0131m\u0131ndan erkler \u00fcst\u00fc bir yere ve yetkiye sahip olmas\u0131 gerekir.<\/p>\n<h2><strong>Bakanlar Kurulu:<\/strong><\/h2>\n<p>Bakanlar Kurulunun program\u0131, \u00f6nce T\u00fcrkiye Yasama Meclisinde okunup, g\u00f6r\u00fc\u015f\u00fcl\u00fcp ve oylanmal\u0131d\u0131r. T\u00fcrkiye Yasama Meclisinde oylamayla uygun g\u00f6r\u00fclmeyen h\u00fck\u00fcmet program\u0131 on be\u015f g\u00fcn i\u00e7inde yeniden T\u00fcrkiye Yasama Meclisine sunulmal\u0131d\u0131r. Oylan\u0131p kabul edilen h\u00fck\u00fcmet program\u0131 ve Bakanlar Kurulu listesi T\u00fcrkiye Millet Meclisine sunulmal\u0131 ve g\u00fcvenoyuna ba\u015fvurulmal\u0131d\u0131r. G\u00fcvenoyu i\u00e7in g\u00f6r\u00fc\u015fmelerden sonra T\u00fcrkiye Millet Meclisinde oylama yap\u0131lmal\u0131d\u0131r. T\u00fcrkiye Millet Meclisinde her bir bakan i\u00e7in ayr\u0131 ayr\u0131 g\u00fcven oylamas\u0131 yap\u0131lmal\u0131d\u0131r.<\/p>\n<p><em>Yarg\u0131 yetkisi ve g\u00f6revi yeni yap\u0131da; <\/em>Millet ad\u0131na ba\u011f\u0131ms\u0131z milli mahkemelerce, uluslararas\u0131 mahkemelerce, kamu denet\u00e7ileri ve halk hakemleri taraf\u0131ndan kullan\u0131lmal\u0131 ve yerine getirilmelidir.<\/p>\n<p>K\u0131saca; Milli egemenli\u011fin millete ait olaca\u011f\u0131 tam demokratik bir yap\u0131 kurman\u0131n zaman\u0131 geldi ve T\u00fcrk Milleti olarak s\u0131n\u0131f atlayabilmek i\u00e7in bunu ger\u00e7ekle\u015ftirmek zorunday\u0131z\u00a0 vesselam!..<\/p>\n","protected":false},"excerpt":{"rendered":"<p>Millet olarak irademizi teslim edersek, mill\u00ee irademiz \u00fczerinde gece kondu kurarlar ve egemenli\u011fimiz bayram ve t\u00f6ren s\u00f6ylevlerine malzeme olur. Milli egemenli\u011fin T\u00fcrk milletinin oldu\u011funu ger\u00e7ek demokrasiyi kurarak anlayabilir ve anlatabiliriz.<\/p>\n","protected":false},"author":21,"featured_media":2078,"comment_status":"open","ping_status":"open","sticky":false,"template":"","format":"standard","meta":{"_links_to":"","_links_to_target":""},"categories":[2,64,66],"tags":[],"yoast_head":"<!-- This site is optimized with the Yoast SEO plugin v16.0.2 - https:\/\/yoast.com\/wordpress\/plugins\/seo\/ -->\n<title>Milli irade ve milli egemenli\u011fin kullan\u0131lmas\u0131nda sistem \u00f6nerileri- Parlamenter sistem (milli irade sistemi)-ba\u015fkanl\u0131k sitemi - M\u0130SAK- Mill\u00ee Strateji Ara\u015ft\u0131rma Kurulu<\/title>\n<link rel=\"canonical\" href=\"https:\/\/millidusunce.com\/misak\/milli-irade-ve-milli-egemenligin-kullanilmasinda-sistem-onerileri-parlamenter-sistem-milli-irade-sistemi-baskanlik-sitemi\/\" \/>\n<meta property=\"og:locale\" content=\"tr_TR\" \/>\n<meta property=\"og:type\" content=\"article\" \/>\n<meta property=\"og:title\" content=\"Milli irade ve milli egemenli\u011fin kullan\u0131lmas\u0131nda sistem \u00f6nerileri- Parlamenter sistem (milli irade sistemi)-ba\u015fkanl\u0131k sitemi - M\u0130SAK- Mill\u00ee Strateji Ara\u015ft\u0131rma Kurulu\" \/>\n<meta property=\"og:description\" content=\"Millet olarak irademizi teslim edersek, mill\u00ee irademiz \u00fczerinde gece kondu kurarlar ve egemenli\u011fimiz bayram ve t\u00f6ren s\u00f6ylevlerine malzeme olur. Milli egemenli\u011fin T\u00fcrk milletinin oldu\u011funu ger\u00e7ek demokrasiyi kurarak anlayabilir ve anlatabiliriz.\" \/>\n<meta property=\"og:url\" content=\"https:\/\/millidusunce.com\/misak\/milli-irade-ve-milli-egemenligin-kullanilmasinda-sistem-onerileri-parlamenter-sistem-milli-irade-sistemi-baskanlik-sitemi\/\" \/>\n<meta property=\"og:site_name\" content=\"M\u0130SAK- Mill\u00ee Strateji Ara\u015ft\u0131rma Kurulu\" \/>\n<meta property=\"article:published_time\" content=\"2018-05-06T08:30:00+00:00\" \/>\n<meta property=\"article:modified_time\" content=\"2018-05-06T06:28:38+00:00\" \/>\n<meta property=\"og:image\" content=\"https:\/\/millidusunce.com\/misak\/wp-content\/uploads\/2018\/05\/ataturk-ve-milli-egemenlik-7.jpg\" \/>\n\t<meta property=\"og:image:width\" content=\"582\" \/>\n\t<meta property=\"og:image:height\" content=\"874\" \/>\n<meta name=\"twitter:card\" content=\"summary_large_image\" \/>\n<meta name=\"twitter:label1\" content=\"Tahmini okuma s\u00fcresi\">\n\t<meta name=\"twitter:data1\" content=\"8 dakika\">\n<script type=\"application\/ld+json\" class=\"yoast-schema-graph\">{\"@context\":\"https:\/\/schema.org\",\"@graph\":[{\"@type\":\"Organization\",\"@id\":\"https:\/\/millidusunce.com\/misak\/#organization\",\"name\":\"Mill\\u00ee D\\u00fc\\u015f\\u00fcnce Merkezi\",\"url\":\"https:\/\/millidusunce.com\/misak\/\",\"sameAs\":[],\"logo\":{\"@type\":\"ImageObject\",\"@id\":\"https:\/\/millidusunce.com\/misak\/#logo\",\"inLanguage\":\"tr\",\"url\":\"https:\/\/millidusunce.com\/misak\/wp-content\/uploads\/2018\/09\/mdmLogo-yazisiz.jpg\",\"width\":422,\"height\":422,\"caption\":\"Mill\\u00ee D\\u00fc\\u015f\\u00fcnce Merkezi\"},\"image\":{\"@id\":\"https:\/\/millidusunce.com\/misak\/#logo\"}},{\"@type\":\"WebSite\",\"@id\":\"https:\/\/millidusunce.com\/misak\/#website\",\"url\":\"https:\/\/millidusunce.com\/misak\/\",\"name\":\"M\\u0130SAK- Mill\\u00ee Strateji Ara\\u015ft\\u0131rma Kurulu\",\"description\":\"D\\u00fcnyaya T\\u00fcrk\\u00e7\\u00fc Bak\\u0131\\u015f\",\"publisher\":{\"@id\":\"https:\/\/millidusunce.com\/misak\/#organization\"},\"potentialAction\":[{\"@type\":\"SearchAction\",\"target\":\"https:\/\/millidusunce.com\/misak\/?s={search_term_string}\",\"query-input\":\"required name=search_term_string\"}],\"inLanguage\":\"tr\"},{\"@type\":\"ImageObject\",\"@id\":\"https:\/\/millidusunce.com\/misak\/milli-irade-ve-milli-egemenligin-kullanilmasinda-sistem-onerileri-parlamenter-sistem-milli-irade-sistemi-baskanlik-sitemi\/#primaryimage\",\"inLanguage\":\"tr\",\"url\":\"https:\/\/millidusunce.com\/misak\/wp-content\/uploads\/2018\/05\/ataturk-ve-milli-egemenlik-7.jpg\",\"width\":582,\"height\":874},{\"@type\":\"WebPage\",\"@id\":\"https:\/\/millidusunce.com\/misak\/milli-irade-ve-milli-egemenligin-kullanilmasinda-sistem-onerileri-parlamenter-sistem-milli-irade-sistemi-baskanlik-sitemi\/#webpage\",\"url\":\"https:\/\/millidusunce.com\/misak\/milli-irade-ve-milli-egemenligin-kullanilmasinda-sistem-onerileri-parlamenter-sistem-milli-irade-sistemi-baskanlik-sitemi\/\",\"name\":\"Milli irade ve milli egemenli\\u011fin kullan\\u0131lmas\\u0131nda sistem \\u00f6nerileri- Parlamenter sistem (milli irade sistemi)-ba\\u015fkanl\\u0131k sitemi - M\\u0130SAK- Mill\\u00ee Strateji Ara\\u015ft\\u0131rma Kurulu\",\"isPartOf\":{\"@id\":\"https:\/\/millidusunce.com\/misak\/#website\"},\"primaryImageOfPage\":{\"@id\":\"https:\/\/millidusunce.com\/misak\/milli-irade-ve-milli-egemenligin-kullanilmasinda-sistem-onerileri-parlamenter-sistem-milli-irade-sistemi-baskanlik-sitemi\/#primaryimage\"},\"datePublished\":\"2018-05-06T08:30:00+00:00\",\"dateModified\":\"2018-05-06T06:28:38+00:00\",\"breadcrumb\":{\"@id\":\"https:\/\/millidusunce.com\/misak\/milli-irade-ve-milli-egemenligin-kullanilmasinda-sistem-onerileri-parlamenter-sistem-milli-irade-sistemi-baskanlik-sitemi\/#breadcrumb\"},\"inLanguage\":\"tr\",\"potentialAction\":[{\"@type\":\"ReadAction\",\"target\":[\"https:\/\/millidusunce.com\/misak\/milli-irade-ve-milli-egemenligin-kullanilmasinda-sistem-onerileri-parlamenter-sistem-milli-irade-sistemi-baskanlik-sitemi\/\"]}]},{\"@type\":\"BreadcrumbList\",\"@id\":\"https:\/\/millidusunce.com\/misak\/milli-irade-ve-milli-egemenligin-kullanilmasinda-sistem-onerileri-parlamenter-sistem-milli-irade-sistemi-baskanlik-sitemi\/#breadcrumb\",\"itemListElement\":[{\"@type\":\"ListItem\",\"position\":1,\"item\":{\"@type\":\"WebPage\",\"@id\":\"https:\/\/millidusunce.com\/misak\/\",\"url\":\"https:\/\/millidusunce.com\/misak\/\",\"name\":\"Anasayfa\"}},{\"@type\":\"ListItem\",\"position\":2,\"item\":{\"@type\":\"WebPage\",\"@id\":\"https:\/\/millidusunce.com\/misak\/milli-irade-ve-milli-egemenligin-kullanilmasinda-sistem-onerileri-parlamenter-sistem-milli-irade-sistemi-baskanlik-sitemi\/\",\"url\":\"https:\/\/millidusunce.com\/misak\/milli-irade-ve-milli-egemenligin-kullanilmasinda-sistem-onerileri-parlamenter-sistem-milli-irade-sistemi-baskanlik-sitemi\/\",\"name\":\"Milli irade ve milli egemenli\\u011fin kullan\\u0131lmas\\u0131nda sistem \\u00f6nerileri- Parlamenter sistem (milli irade sistemi)-ba\\u015fkanl\\u0131k sitemi\"}}]},{\"@type\":\"Article\",\"@id\":\"https:\/\/millidusunce.com\/misak\/milli-irade-ve-milli-egemenligin-kullanilmasinda-sistem-onerileri-parlamenter-sistem-milli-irade-sistemi-baskanlik-sitemi\/#article\",\"isPartOf\":{\"@id\":\"https:\/\/millidusunce.com\/misak\/milli-irade-ve-milli-egemenligin-kullanilmasinda-sistem-onerileri-parlamenter-sistem-milli-irade-sistemi-baskanlik-sitemi\/#webpage\"},\"author\":{\"@id\":\"https:\/\/millidusunce.com\/misak\/#\/schema\/person\/6367255e599013f9872bc77a10468fc5\"},\"headline\":\"Milli irade ve milli egemenli\\u011fin kullan\\u0131lmas\\u0131nda sistem \\u00f6nerileri- Parlamenter sistem (milli irade sistemi)-ba\\u015fkanl\\u0131k sitemi\",\"datePublished\":\"2018-05-06T08:30:00+00:00\",\"dateModified\":\"2018-05-06T06:28:38+00:00\",\"mainEntityOfPage\":{\"@id\":\"https:\/\/millidusunce.com\/misak\/milli-irade-ve-milli-egemenligin-kullanilmasinda-sistem-onerileri-parlamenter-sistem-milli-irade-sistemi-baskanlik-sitemi\/#webpage\"},\"commentCount\":0,\"publisher\":{\"@id\":\"https:\/\/millidusunce.com\/misak\/#organization\"},\"image\":{\"@id\":\"https:\/\/millidusunce.com\/misak\/milli-irade-ve-milli-egemenligin-kullanilmasinda-sistem-onerileri-parlamenter-sistem-milli-irade-sistemi-baskanlik-sitemi\/#primaryimage\"},\"articleSection\":\"KURUMLAR,S\\u0130YASET-TAR\\u0130H\",\"inLanguage\":\"tr\",\"potentialAction\":[{\"@type\":\"CommentAction\",\"name\":\"Comment\",\"target\":[\"https:\/\/millidusunce.com\/misak\/milli-irade-ve-milli-egemenligin-kullanilmasinda-sistem-onerileri-parlamenter-sistem-milli-irade-sistemi-baskanlik-sitemi\/#respond\"]}]},{\"@type\":\"Person\",\"@id\":\"https:\/\/millidusunce.com\/misak\/#\/schema\/person\/6367255e599013f9872bc77a10468fc5\",\"name\":\"S\\u00fcleyman Karahan\",\"image\":{\"@type\":\"ImageObject\",\"@id\":\"https:\/\/millidusunce.com\/misak\/#personlogo\",\"inLanguage\":\"tr\",\"url\":\"https:\/\/secure.gravatar.com\/avatar\/f927f0d3bd67d8dd3abe70aae1419518?s=96&d=mm&r=g\",\"caption\":\"S\\u00fcleyman Karahan\"},\"description\":\"Dr. S\\u00fcleyman Karahan, 1979\\u2019da Atat\\u00fcrk \\u00dcniversitesi Ziraat Fak\\u00fcltesi\\u2019nden mezun oldu. 1990-1992 y\\u0131llar\\u0131nda \\u0130ngiltere Birmingham ve Reading \\u00dcniversitelerinde MPhil yapt\\u0131. Konya Sel\\u00e7uk \\u00dcniversitesinde 1995 y\\u0131l\\u0131nda Doktoras\\u0131n\\u0131 tamamlad\\u0131. 1979-1988 y\\u0131llar\\u0131 aras\\u0131nda Tar\\u0131m Bakanl\\u0131\\u011f\\u0131 Ara\\u015ft\\u0131rma Enstit\\u00fclerinde ara\\u015ft\\u0131rmac\\u0131, 1988-2008 y\\u0131llar\\u0131nda Tar\\u0131msal Ara\\u015ft\\u0131rmalar Genel M\\u00fcd\\u00fcrl\\u00fc\\u011f\\u00fcnde \\u015eube M\\u00fcd\\u00fcr\\u00fc olarak g\\u00f6rev yapt\\u0131. Bakanl\\u0131ktaki paralel devlet yap\\u0131lanmas\\u0131 nedeniyle 2008 y\\u0131l\\u0131nda Tar\\u0131m Bakanl\\u0131\\u011f\\u0131ndan kendi iste\\u011fiyle emekli oldu ve 2008-2013 y\\u0131llar\\u0131 aras\\u0131nda Pankobirlik\\u2019te Tohum \\u00dcretimi ve Ar-Ge sorumlusu olarak g\\u00f6rev yapt\\u0131. 2014-2015 y\\u0131llar\\u0131nda FAO ile Ekonomik \\u0130\\u015fbirli\\u011fi Te\\u015fkilat\\u0131 (E\\u0130T\/ECO) ortakl\\u0131\\u011f\\u0131yla y\\u00fcr\\u00fct\\u00fclen tohumculuk projesinin Genel Koordinat\\u00f6rl\\u00fc\\u011f\\u00fcn\\u00fc y\\u00fcr\\u00fctt\\u00fc. Halen \\u00f6zel bir tohumculuk firmas\\u0131nda AR-GE koordinat\\u00f6r\\u00fc olarak g\\u00f6rev yapmaktad\\u0131r. \\u00c7ok say\\u0131da ulusal ve uluslararas\\u0131 toplant\\u0131, kongre ve \\u00e7al\\u0131\\u015ftaylara \\u00fclke ve kurum temsilcisi olarak kat\\u0131lm\\u0131\\u015f ve \\u00e7ok say\\u0131da tar\\u0131msal projenin y\\u00fcr\\u00fctmesini ve y\\u00fcr\\u00fct\\u00fclmesinin organizasyonunu yapm\\u0131\\u015ft\\u0131r. \\u00c7ok say\\u0131da teknik yaz\\u0131lar\\u0131 ba\\u015fta ulusak kaynaklarda olmak \\u00fczere, uluslararas\\u0131 kaynaklarda yay\\u0131nlanm\\u0131\\u015ft\\u0131r. Mesleki uzmanl\\u0131k: Tah\\u0131l \\u0131slah ve geneti\\u011fi, tohumculuk ve tar\\u0131msal AR-GE y\\u00f6netimi. Dr. S\\u00fcleyman Karahan Milli D\\u00fc\\u015f\\u00fcnce Merkezi \\u00fcyesidir ve M\\u0130SAK\\u2019ta g\\u00f6rev almaktad\\u0131r.\"}]}<\/script>\n<!-- \/ Yoast SEO plugin. -->","_links":{"self":[{"href":"https:\/\/millidusunce.com\/misak\/wp-json\/wp\/v2\/posts\/2077"}],"collection":[{"href":"https:\/\/millidusunce.com\/misak\/wp-json\/wp\/v2\/posts"}],"about":[{"href":"https:\/\/millidusunce.com\/misak\/wp-json\/wp\/v2\/types\/post"}],"author":[{"embeddable":true,"href":"https:\/\/millidusunce.com\/misak\/wp-json\/wp\/v2\/users\/21"}],"replies":[{"embeddable":true,"href":"https:\/\/millidusunce.com\/misak\/wp-json\/wp\/v2\/comments?post=2077"}],"version-history":[{"count":0,"href":"https:\/\/millidusunce.com\/misak\/wp-json\/wp\/v2\/posts\/2077\/revisions"}],"wp:featuredmedia":[{"embeddable":true,"href":"https:\/\/millidusunce.com\/misak\/wp-json\/wp\/v2\/media\/2078"}],"wp:attachment":[{"href":"https:\/\/millidusunce.com\/misak\/wp-json\/wp\/v2\/media?parent=2077"}],"wp:term":[{"taxonomy":"category","embeddable":true,"href":"https:\/\/millidusunce.com\/misak\/wp-json\/wp\/v2\/categories?post=2077"},{"taxonomy":"post_tag","embeddable":true,"href":"https:\/\/millidusunce.com\/misak\/wp-json\/wp\/v2\/tags?post=2077"}],"curies":[{"name":"wp","href":"https:\/\/api.w.org\/{rel}","templated":true}]}}