{"id":2232,"date":"2018-05-29T19:30:37","date_gmt":"2018-05-29T16:30:37","guid":{"rendered":"http:\/\/misak.millidusunce.com\/?p=2232"},"modified":"2018-05-29T19:55:03","modified_gmt":"2018-05-29T16:55:03","slug":"21inci-yuzyilda-kaybolan-turk-devlet-anlayisi","status":"publish","type":"post","link":"https:\/\/millidusunce.com\/misak\/21inci-yuzyilda-kaybolan-turk-devlet-anlayisi\/","title":{"rendered":"21&#8217;inci Y\u00fczy\u0131l\u2019da kaybolan T\u00fcrk devlet anlay\u0131\u015f\u0131"},"content":{"rendered":"<p><img loading=\"lazy\" decoding=\"async\" class=\"aligncenter wp-image-2237 size-full\" src=\"http:\/\/misak.millidusunce.com\/wp-content\/uploads\/2018\/05\/orhun-yaz\u0131tlar\u0131.jpg\" alt=\"\" width=\"987\" height=\"659\" srcset=\"https:\/\/millidusunce.com\/misak\/wp-content\/uploads\/2018\/05\/orhun-yaz\u0131tlar\u0131.jpg 987w, https:\/\/millidusunce.com\/misak\/wp-content\/uploads\/2018\/05\/orhun-yaz\u0131tlar\u0131-150x100.jpg 150w, https:\/\/millidusunce.com\/misak\/wp-content\/uploads\/2018\/05\/orhun-yaz\u0131tlar\u0131-300x200.jpg 300w, https:\/\/millidusunce.com\/misak\/wp-content\/uploads\/2018\/05\/orhun-yaz\u0131tlar\u0131-768x513.jpg 768w\" sizes=\"auto, (max-width: 987px) 100vw, 987px\" \/><\/p>\n<p style=\"text-align: right;\"><em>\u201cY\u00fcce Tanr\u0131 devlet g\u00fcne\u015fini T\u00fcrklerin bur\u00e7lar\u0131ndan do\u011furmu\u015f, <\/em><\/p>\n<p style=\"text-align: right;\"><em>onlara T\u00fcrk ad\u0131n\u0131 Kendisi vermi\u015f ve onlar\u0131 yery\u00fcz\u00fcn\u00fcn hakan\u0131 k\u0131lm\u0131\u015f\u2026\u201c<\/em><\/p>\n<p style=\"text-align: right;\"><em>Ka\u015fgarl\u0131 Mahmut <\/em><\/p>\n<p style=\"text-align: right;\"><em>Divan-\u0131 Lug\u00e2ti\u2019t-T\u00fcrk<\/em><\/p>\n<p>T\u00fcrk Milleti ve devletimiz 24 Haziran yakla\u015ft\u0131k\u00e7a, o dar ge\u00e7ide biraz daha yak\u0131nla\u015fmaktad\u0131r. Se\u00e7im s\u00fcreci ve g\u00fcndemin yo\u011funlu\u011fu i\u00e7inde fark\u0131nda olunmayan ve gelecekte bizi kaosa g\u00f6t\u00fcrebilecek meseleler bizi beklemektedir. Bir\u00e7ok konudan bizce en \u00f6nemlisi, T\u00fcrk devlet anlay\u0131\u015f\u0131ndan uzakla\u015f\u0131lmakta oldu\u011fudur.<\/p>\n<p>On alt\u0131 y\u0131ld\u0131r iktidar\u0131n\u0131 s\u00fcrd\u00fcren AKP, daha en ba\u015f\u0131ndan itibaren T\u00fcrk kimli\u011fi ile amans\u0131z bir m\u00fccadeleye girmi\u015ftir. Siyasetleri ideolojik bir zeminde b\u00fcy\u00fcyen bu anlay\u0131\u015f, halen b\u00fct\u00fcn h\u0131z\u0131yla m\u00fccadelesine devam etmektedir.<\/p>\n<p>Bu m\u00fccadelede yeni bir d\u00f6neme girilmek \u00fczeredir. Bu hususta \u00f6nemli i\u015faret fi\u015fekleri at\u0131lmaktad\u0131r. Bunlardan birisi de AKP genel ba\u015fkan\u0131n\u0131n 17 May\u0131s 2018 g\u00fcn\u00fc partisinin genel merkezinde verdi\u011fi iftarda g\u00f6r\u00fclm\u00fc\u015ft\u00fcr.<\/p>\n<p>Ancak \u00f6nce T\u00fcrk devlet anlay\u0131\u015f\u0131 hakk\u0131nda k\u0131sa bir a\u00e7\u0131klama \u00f6nemli ve zaruridir.<\/p>\n<p>T\u00fcrk Devlet anlay\u0131\u015f\u0131nda ka\u011fan budunun en \u00fcst makam\u0131d\u0131r. Orhun Abideleri: <strong>\u201c<\/strong><em>Tanr\u0131 gibi g\u00f6kte olmu\u015f T\u00fcrk Bilge Ka\u011fan\u0131&#8230;<\/em><em> (K\u00fcl Tigin Abidesi, g\u00fcney y\u00fcz\u00fc 1)\u201d <\/em>diye ba\u015flar,<em> \u201c\u00dcstte mavi g\u00f6k, altta ya\u011f\u0131z yer k\u0131l\u0131nd\u0131kta, ikisi aras\u0131nda insano\u011flu k\u0131l\u0131nm\u0131\u015f. \u0130nsano\u011flunun \u00fczerine ecdad\u0131m Bum\u0131n Ka\u011fan, \u0130stemi Ka\u011fan oturmu\u015f. Oturarak T\u00fcrk Milletinin ilini <\/em>[devletini] <em>t\u00f6resin<\/em><em>i <\/em>[hukukunu, yasas\u0131n\u0131] <em>tutuvermi\u015f, d\u00fczenleyivermi\u015f<\/em><em>. (K\u00fcl Tigin Abidesi, do\u011fu y\u00fcz\u00fc 1)\u201d <\/em>der.<\/p>\n<h2><strong>Bo\u011fulacaksan b\u00fcy\u00fck denizde bo\u011ful mevzuat denizinde de\u011fil\u2026<\/strong><\/h2>\n<p><em>T\u00f6re yani hukuk devletin temelidir. <\/em>Bug\u00fcn\u00fcn T\u00fcrkiye\u2019sine bakt\u0131\u011f\u0131m\u0131zda ise yasay\u0131 fiili duruma uygun hale getirmek i\u00e7in anayasa de\u011fi\u015fikli\u011fi yapan bir devlet g\u00f6r\u00fclmektedir. \u00d6nce bir karar\u0131n icra edilmesi, sonra bu yap\u0131lana uygun mevzuat yaz\u0131lmas\u0131 s\u0131radanla\u015fm\u0131\u015ft\u0131r.<\/p>\n<p>Bunun en \u00fcst d\u00fczeyde \u00fc\u00e7 \u00f6rnek durumu \u00e7ok a\u00e7\u0131k bir \u015fekilde ortaya koyacakt\u0131r.<\/p>\n<p><img loading=\"lazy\" decoding=\"async\" class=\"aligncenter wp-image-2234 size-full\" src=\"http:\/\/misak.millidusunce.com\/wp-content\/uploads\/2018\/05\/yeni_safak-26-06-2017-Katar-darbesi.jpg\" alt=\"\" width=\"1200\" height=\"1902\" srcset=\"https:\/\/millidusunce.com\/misak\/wp-content\/uploads\/2018\/05\/yeni_safak-26-06-2017-Katar-darbesi.jpg 1200w, https:\/\/millidusunce.com\/misak\/wp-content\/uploads\/2018\/05\/yeni_safak-26-06-2017-Katar-darbesi-95x150.jpg 95w, https:\/\/millidusunce.com\/misak\/wp-content\/uploads\/2018\/05\/yeni_safak-26-06-2017-Katar-darbesi-189x300.jpg 189w, https:\/\/millidusunce.com\/misak\/wp-content\/uploads\/2018\/05\/yeni_safak-26-06-2017-Katar-darbesi-768x1217.jpg 768w, https:\/\/millidusunce.com\/misak\/wp-content\/uploads\/2018\/05\/yeni_safak-26-06-2017-Katar-darbesi-646x1024.jpg 646w\" sizes=\"auto, (max-width: 1200px) 100vw, 1200px\" \/><\/p>\n<p>\u0130lki, Suudi Arabistan ve BAE\u2019nin \u00f6zel kuvvetleri ile Katar emirine kar\u015f\u0131 yapt\u0131klar\u0131 darbe giri\u015fimine, Katar\u2019la aram\u0131zdaki askeri e\u011fitim anla\u015fmas\u0131 gere\u011fince orada bulunan askerlerimizin, Emir&#8217;in saray\u0131n\u0131n etraf\u0131n\u0131 \u00e7evirerek koruma alt\u0131na almas\u0131d\u0131r. Katar\u2019daki geli\u015fmelerden kamuoyunun haberi olmam\u0131\u015ft\u0131r. Olay 5 Haziran 2017 gecesi ger\u00e7ekle\u015fmi\u015ftir. Olanlardan, sadece bir gazete, o da 26 Haziran 2017 g\u00fcn\u00fc, yani olup bittikten 20 g\u00fcn sonra bahsetmi\u015ftir.<\/p>\n<p>Gazetenin haberine g\u00f6re iki y\u00fcz askerimize operasyon emrinin verilmesi ve sava\u015f u\u00e7aklar\u0131m\u0131z\u0131n motorlar\u0131 \u00e7al\u0131\u015f\u0131r vaziyette havalanma emrini beklemi\u015f olmas\u0131, bir sava\u015f\u0131n e\u015fi\u011finden d\u00f6nd\u00fc\u011f\u00fcm\u00fcz\u00fc g\u00f6stermektedir.<\/p>\n<p>Katar\u2019daki bu geli\u015fmenin yaz\u0131 konumuzu ilgilendiren esas k\u0131sm\u0131, Katar\u2019la yap\u0131lan anla\u015fman\u0131n, h\u00fck\u00fcmet tezkeresi olarak, hadiseden \u00fc\u00e7 g\u00fcn sonra, 8 Haziran 2017 g\u00fcn\u00fc TBMM onay\u0131na getirilmesidir. Anayasa\u2019n\u0131n 90 ve 92\u2019inci maddelerinde yaz\u0131l\u0131 olan, uluslararas\u0131 bir anla\u015fman\u0131n Meclis onay\u0131ndan sonra y\u00fcr\u00fcrl\u00fc\u011fe girmesi ve yabanc\u0131 \u00fclkelerde asker bulundurma yetkisinin mecliste olmas\u0131 h\u00fck\u00fcmlerine g\u00f6re, yap\u0131lmas\u0131 gerekenler olay\u0131n arkas\u0131ndan gelmi\u015ftir.<\/p>\n<p>Yine; 92\u2019inci maddeye g\u00f6re TBMM\u2019nin uhdesinde olan sava\u015f ilan\u0131 yetkisine ra\u011fmen, Meclis\u2019in haberi olmadan bir sava\u015f\u0131n e\u015fi\u011finden d\u00f6nm\u00fc\u015f olmam\u0131z da ba\u015fka bir tart\u0131\u015fma konusudur.<\/p>\n<p>\u0130kinci \u00f6rnek Mill\u00ee G\u00fcvenlik Kurulu toplant\u0131lar\u0131d\u0131r. MGK\u2019n\u0131n toplant\u0131s\u0131n\u0131 nas\u0131l yapaca\u011f\u0131 kurulu\u015f yasas\u0131nda yaz\u0131l\u0131d\u0131r. Buna g\u00f6re, \u00fcyeleri ve ihtiya\u00e7 duyulan hallerde ilgili bakan ya da b\u00fcrokrat\u0131n sadece konu ile s\u0131n\u0131rl\u0131 olmak kayd\u0131yla, bilgi verdi\u011fi \u015fekilde toplant\u0131 yapaca\u011f\u0131 belirlenmi\u015ftir. Ancak 2014 Cumhurba\u015fkan\u0131 se\u00e7imlerinden sonraki ilk toplant\u0131dan itibaren, Cumhurba\u015fkan\u0131 \u00d6zel Kalem M\u00fcd\u00fcr\u00fc ve daha bir\u00e7ok g\u00f6revlinin kat\u0131lmas\u0131yla yap\u0131ld\u0131\u011f\u0131 bas\u0131ndan m\u00fc\u015fahede edilmektedir. Mevcut yasada bir de\u011fi\u015fiklik halen yap\u0131lmam\u0131\u015ft\u0131r.<\/p>\n<p>\u00dc\u00e7\u00fcnc\u00fcs\u00fc ise 2004 y\u0131l\u0131ndaki MGK 24 A\u011fustos 2004 tarihinde yapt\u0131\u011f\u0131 toplant\u0131da, Fethullah\u00e7\u0131 ter\u00f6r \u00f6rg\u00fct\u00fc (FET\u00d6) tehlikesinin i\u015faret karar\u0131n H\u00fck\u00fcmete tavsiye edilmesine karar\u0131 alm\u0131\u015ft\u0131r. Ancak bu karar Bakanlar Kurulu g\u00fcndemine getirilmemi\u015ftir. Elbette MGK kararlar\u0131 tavsiye niteliklidir ama bakanlar Kurulunun g\u00fcndemine al\u0131nmas\u0131 zorunlu olsa gerekir. Bu davran\u0131\u015f\u0131n Milletin kar\u015f\u0131s\u0131na, hain 15 Temmuz Darbe giri\u015fimi olarak \u00e7\u0131kmas\u0131 da yaraya tuz basmaktad\u0131r.<\/p>\n<p>Cumhurba\u015fkan\u0131 ve Ba\u015fbakan\u0131n <em>\u201cmevzuata tak\u0131l\u0131p durmay\u0131n\u201d<\/em> s\u00f6zleri haf\u0131zalarda tazeli\u011fini korumaktad\u0131r. Gazete ar\u015fivlerine girildi\u011finde bunlar hemen g\u00f6r\u00fclecektir. Bu y\u00f6netim anlay\u0131\u015f\u0131, devletin b\u00fct\u00fcn kademelerine h\u00e2kim olmu\u015f, sistemin ahengini ortadan kald\u0131rm\u0131\u015ft\u0131r. Ahengin kaybolmas\u0131 bug\u00fcn\u00fc \u00e7ok zora sokmu\u015f, yar\u0131nlar\u0131 da tehlikeye atm\u0131\u015ft\u0131r.<\/p>\n<p><em>Orhun Abidelerinde,<\/em> <em>\u201cBeyleri, milleti ahenksiz oldu\u011fu i\u00e7in, \u2026 bey ve milleti kar\u015f\u0131l\u0131kl\u0131 \u00e7eki\u015ftirdi\u011fi i\u00e7in, T\u00fcrk Milleti il yapt\u0131\u011f\u0131 ilini elden \u00e7\u0131karm\u0131\u015f(6), ka\u011fan yapt\u0131\u011f\u0131 ka\u011fan\u0131n\u0131 kaybedivermi\u015f(7). <\/em><em>(K\u00fcl Tigin Abidesi, do\u011fu y\u00fcz\u00fc 6-7).<strong>\u201d<\/strong> <\/em>de denmektedir ki g\u00fcn\u00fcm\u00fcze \u00e7ok \u00f6nemli bir uyar\u0131d\u0131r.<\/p>\n<h2><strong>\u201cZaman\u0131 Tanr\u0131 ya\u015far. \u0130nsano\u011flu \u00f6lmek i\u00e7in t\u00fcremi\u015f.\u201d (K\u00fcl Tigin Abidesi, kuzey y\u00fcz\u00fc 10)<\/strong><\/h2>\n<p>16 Nisan 2017 referandumu ile yap\u0131lan anayasa de\u011fi\u015fikli\u011fi partili cumhurba\u015fkan\u0131 sistemini getirmi\u015ftir. Ayr\u0131ca b\u00fct\u00fcn de\u011fi\u015fiklikler i\u00e7inde sadece bu madde derhal y\u00fcr\u00fcrl\u00fc\u011fe girecek \u015fekilde d\u00fczenlenmi\u015ftir.<\/p>\n<p>Ancak Cumhurba\u015fkan\u0131n\u0131n ne zaman cumhuru ne zaman partisini temsil etti\u011fi belli de\u011fildir; kar\u0131\u015f\u0131kl\u0131\u011fa yol a\u00e7maktad\u0131r. Mesela Avrupa\u2019daki T\u00fcrklere se\u00e7im propagandas\u0131 parti ba\u015fkan\u0131 kimli\u011fi ile yap\u0131lmaktad\u0131r. Ama bat\u0131l\u0131 devletler gelmeyin dedi\u011finde, Avrupa&#8217;da ya\u015fayan T\u00fcrklerle Bosna Hersek&#8217;te bulu\u015fma karar\u0131 ald\u0131klar\u0131n\u0131 belirten T\u00fcrkiye Cumhurba\u015fkan\u0131d\u0131r.<\/p>\n<p>Ayr\u0131ca; Makam\u0131n do\u011fas\u0131 gere\u011fi g\u00f6rev s\u00fcresinin b\u00fct\u00fcnl\u00fc\u011f\u00fc i\u00e7inde cumhuru temsil etmesi do\u011fal iken, konu\u015fmalar\u0131nda, zaman zaman, T\u00fcrk Milletinin yar\u0131s\u0131ndan fazlas\u0131n\u0131 temsil edenleri kar\u015f\u0131s\u0131na alarak sarf etti\u011fi s\u00f6zler ve bunlara verilen cevaplar, T\u00fcrk Devlet anlay\u0131\u015f\u0131nda b\u00fcy\u00fck erozyona sebep olmaktad\u0131r.<\/p>\n<p>Dolay\u0131s\u0131yla Cumhurba\u015fkan\u0131n\u0131n parti faaliyetlerinden bahsedilirken AKP Genel Ba\u015fkan\u0131 unvan\u0131n\u0131 kullanmak T\u00fcrk Devlet anlay\u0131\u015f\u0131n\u0131n korunmas\u0131 a\u00e7\u0131s\u0131ndan \u00f6nem arz etmektedir.<\/p>\n<p>\u0130\u015fte, giri\u015fte bahsedilen iftar konu\u015fmas\u0131 da b\u00f6yle bir ayr\u0131ma bizi mecbur k\u0131lmaktad\u0131r.<\/p>\n<p>Partisinin genel merkezinde, milletvekillerine verilen iftarda konu\u015fan AKP Genel Ba\u015fkan\u0131: <em>\u201cBenim g\u00f6z\u00fcmde 26. D\u00f6nem TBMM, I. Meclis&#8217;ten sonraki ikinci kurucu Meclis&#8217;tir. Sizler daha Bismillah derken T\u00fcrkiye&#8217;yi, kaostan kurtard\u0131n\u0131z. \u2026 Sizler, herkesin hayalini ger\u00e7e\u011fe d\u00f6n\u00fc\u015ft\u00fcr\u00fcp \u00fclkemizi yeni bir y\u00f6netim sistemine kavu\u015fturdunuz. Kurucu s\u0131fat\u0131n\u0131 siz hak etmeyeceksiniz de kimler hak edecek?\u201d <\/em>demi\u015ftir.<\/p>\n<p>Tarih bize g\u00f6stermektedir ki kurucu meclisler, ya hukuk d\u0131\u015f\u0131 yolla (darbe) ya da sava\u015f gibi ola\u011fan\u00fcst\u00fc bir \u015fekilde mill\u00ee egemenli\u011fin temsilcisi devletin y\u0131k\u0131lmas\u0131 sonucunda olu\u015furlar. Bu de\u011fi\u015fim iki \u015fekilde tezah\u00fcr edebilir. Birincisi; y\u00f6netim \u015fekli ayn\u0131 kal\u0131r, y\u00f6netenler de\u011fi\u015fir; yeni anayasa yap\u0131l\u0131r. Bunun \u00f6rne\u011fi 27 May\u0131s ve 12 Eyl\u00fcl darbeleridir. \u0130kincisi; hem anayasa, rejim ve y\u00f6netenler, hem de egemenli\u011fin temsilcisi devletin yap\u0131s\u0131 de\u011fi\u015fir; ama sahibi olan bir millet ayn\u0131 kal\u0131r. \u00a0\u00a0Buna \u00f6rnek de \u0130stikl\u00e2l Harbi ve T\u00fcrkiye Cumhuriyetinin kurulu\u015fudur.<\/p>\n<p>\u00d6zellikle yap\u0131lacak temellerden ba\u015flayan d\u00fczenleme ile rejimin, egemenli\u011fin ve temsilcisi milli devletin me\u015fru g\u00fc\u00e7 kayna\u011f\u0131 (sahibi) de\u011fi\u015firse,\u00a0 var olan y\u0131k\u0131l\u0131r,\u00a0 yerine bamba\u015fka bir devlet kurulur. Ki bunun da \u00f6yle oylamayla, referandumla ya da benzer yollarla ger\u00e7ekle\u015fmesi m\u00fcmk\u00fcn de\u011fildir; \u00e7\u00fcnk\u00fc me\u015fruiyeti yoktur. Hele, tart\u0131\u015f\u0131ld\u0131\u011f\u0131 gibi %51\u2019lik oyla hi\u00e7 m\u00fcmk\u00fcn de\u011fildir. Zira tarihin bilinmeyen as\u0131rlar\u0131ndan gelen ve bilinmeyen as\u0131rlar\u0131na ak\u0131p gidecek olan bir millete ait egemenlik; tuzaklarla, aldatmalarla bir anda sa\u011flanabilecek bir ekseriyete kurban edilemez. Tarihe bak\u0131ld\u0131\u011f\u0131nda, gerek T\u00fcrklerde gerekse di\u011fer milletlerde b\u00f6yle oldu\u011fu g\u00f6r\u00fclecektir.<\/p>\n<p><em>1982 Anayasas\u0131n\u0131n %92\u2019lik kabul oyunu, askeri idarenin bask\u0131s\u0131 alt\u0131nda oldu\u011fu s\u00f6ylemiyle reddedenler, Ola\u011fan\u00fcst\u00fc H\u00e2l (OHAL) alt\u0131nda yap\u0131lan bir referandumun tart\u0131\u015fmal\u0131 sonucuyla nas\u0131l me\u015fruiyet sa\u011flayacaklard\u0131r?\u00a0 <\/em><\/p>\n<h2><strong>Birinci meclis kurucu mudur?<\/strong><\/h2>\n<p>Birinci Meclis tam anlam\u0131yla kurucudur. Vatan\u0131n b\u00fcy\u00fck bir k\u0131sm\u0131 i\u015fgal alt\u0131ndad\u0131r. Her par\u00e7a kendi ba\u015f\u0131na bir \u015feyler yapmaya \u00e7al\u0131\u015fmakta, \u00e7areler aramaktad\u0131r. Asayi\u015f sa\u011flanamamakta, i\u015fgal kuvvetlerinin yan\u0131nda e\u015fk\u0131ya da h\u00fck\u00fcm s\u00fcrmektedir. Halk; can\u0131n\u0131, mal\u0131n\u0131, \u0131rz\u0131n\u0131 ve namusunu nas\u0131l koruyaca\u011f\u0131n\u0131 bilemez haldedir.<\/p>\n<p>Ayr\u0131ca ve en \u00f6nemlisi de <em>devletin ba\u015fkenti i\u015fgal edilmi\u015f ve egemenli\u011fin temsilcisi i\u015fgal g\u00fc\u00e7lerinin esiridir. <\/em>Yani bir anlamda art\u0131k devlet yok h\u00fckm\u00fcndedir de.<\/p>\n<p>Bu \u015fartlar alt\u0131nda kurulan Birinci Meclis, T\u00fcrk Milletine dayanarak istikl\u00e2l m\u00fccadelesi vermi\u015ftir. Meclis \u00fcyeleri, Ankara\u2019ya bizatihi bu ama\u00e7la se\u00e7ilip g\u00f6nderilmi\u015ftir. Dolay\u0131s\u0131yla TBMM, kurucu olma vasf\u0131n\u0131 tam anlam\u0131yla, \u015feksiz ve \u015f\u00fcphesiz ta\u015f\u0131maktad\u0131r.<\/p>\n<h2><strong>Ya<\/strong>\u00a0<strong>bug\u00fcnk\u00fc meclis\u2026 Kurucu mudur?<\/strong><\/h2>\n<p>Bir an i\u00e7in Cumhurba\u015fkan\u0131n\u0131n \u00e7ok s\u0131k tekrar etti\u011fi \u201c<em>istikl\u00e2l m\u00fccadelesi yap\u0131yoruz\u201d<\/em> a\u00e7\u0131klamalar\u0131na bakt\u0131\u011f\u0131m\u0131zda da, bu d\u00f6neme kurucu s\u0131fat\u0131n\u0131 hak ettirecek bir ili\u015fki kurulamamaktad\u0131r. \u00d6ncelikle istiklalimiz kaybedilmemi\u015ftir. G\u00fcd\u00fclen yanl\u0131\u015f siyasetin sonucu devlet zay\u0131flam\u0131\u015f, bunu f\u0131rsat bilenler i\u00e7eride ve d\u0131\u015far\u0131da sald\u0131r\u0131ya ge\u00e7mi\u015f olabilirler. Yanl\u0131\u015ftan d\u00f6n\u00fcld\u00fc\u011f\u00fcnde, bu ihanetlerin de \u00fcstesinden gelinece\u011fine \u015f\u00fcphe yoktur. Memleketin bu hali bahane edilip <em>\u201cistik\u00e2l m\u00fccadelesi\u201d<\/em> ve <em>\u201ckurucu meclis\u201d<\/em> gibi ifadeler kabul edilemez.\u00a0 Devaml\u0131 soyut, mu\u011flak ve muhayyel bir tehlikeden bahsedilmesi dikkat \u00e7ekicidir. Daha \u00f6nceleri hi\u00e7bir yetkili b\u00f6ylesine tehlikelerden s\u00f6z etmezken, 16 y\u0131l i\u00e7inde ya\u015fanan ac\u0131lar\u0131n sonunda s\u0131k s\u0131k <em>\u201cbeka\u201d<\/em> tehlikesine vurgu yap\u0131lmas\u0131 nas\u0131l bir ihtiyac\u0131n gere\u011fi olabilir? Bunun sorumlular\u0131, her t\u00fcrl\u00fc tehlikeyi bertaraf etmeyi de\u011fil de, neden \u00e7\u00f6z\u00fcm olarak <em>\u201cde\u011fi\u015fimi\u201d<\/em>, <em>\u201ckurucu meclisi\u201d<\/em>\u2019 ve <em>\u201c2023\u2019de yeni bir cumhuriyeti<\/em>\u201d dile getirmektedirler?<\/p>\n<p>\u00dclkemizde, ter\u00f6r \u00f6rg\u00fct\u00fcn\u00fcn partisi hari\u00e7, hi\u00e7bir parti se\u00e7im beyannamesinde Devletin yeniden kurulmas\u0131 anlam\u0131na gelebilecek herhangi bir c\u00fcmle de kurmam\u0131\u015ft\u0131r. T\u00fcrk Milleti be\u015f y\u0131ll\u0131\u011f\u0131na y\u00f6netme yetkisi verirken, kimseye, devletimizin kurulu\u015f esaslar\u0131n\u0131 de\u011fi\u015ftirerek ba\u015fka bir devlet haline getirme hakk\u0131n\u0131 tan\u0131mam\u0131\u015ft\u0131r. Dolay\u0131s\u0131yla bu a\u00e7\u0131dan da kimse kurucu s\u0131fat\u0131n\u0131 kullanamaz.<\/p>\n<p>Peki, T\u00fcrk Milletinin hukukuna ra\u011fmen <em>kurucu<\/em> s\u0131fat\u0131n\u0131n kazan\u0131labilmesi i\u00e7in kurulacak yeni devlet nas\u0131l olacakt\u0131r? Egemenli\u011fin sahibi mi de\u011fi\u015fecektir?<\/p>\n<p>Bu sorular\u0131n cevab\u0131 AKP Genel Ba\u015fkan\u0131n\u0131n, 6 May\u0131s (2018) g\u00fcn\u00fc \u0130stanbul \u0130l Kongresinde (ve her f\u0131rsatta) \u201c<em>Bu rabiadan taviz yok. \u00c7\u00fcnk\u00fc her \u015fey burada\u201d<\/em>dedi\u011fi <em>\u201cTek millet, tek devlet, tek vatan, tek bayrak\u201d <\/em>diye m\u00fctemadiyen tekrar etti\u011fi c\u00fcmlelerindedir. Bu ifadelerde ismi olmayan bir millet vard\u0131r. \u0130\u015faret edilen milletin, Anayasa\u2019n\u0131n 6\u2019\u0131nc\u0131 maddesindeki, <strong><em>\u201c<\/em><\/strong><em>Egemenlik, kay\u0131ts\u0131z \u015farts\u0131z Milletindir. T\u00fcrk Milleti, egemenli\u011fini, Anayasan\u0131n koydu\u011fu esaslara g\u00f6re, yetkili organlar\u0131 eliyle kullan\u0131r.\u201d<\/em> denilen, zaten tek ve b\u00fct\u00fcn olan T\u00fcrk Milleti olmad\u0131\u011f\u0131 a\u00e7\u0131k de\u011fil midir? Dolay\u0131s\u0131yla kuruculuk, <em>\u201cT\u00fcrk Milleti\u201d<\/em> yerine ismi ve dili olmayan d\u00f6rt par\u00e7al\u0131 <em>\u201crabia\u201d<\/em> milletine(!) d\u00f6n\u00fc\u015f i\u00e7in gerekli olabilir. Ancak bunun nas\u0131l olabilece\u011finden de yukar\u0131da bahsedilmi\u015ftir.<\/p>\n<h2><strong>Bilgisi eksik olanlara tarihteki T\u00fcrk hakanlar\u0131 seslenir\u2026<\/strong><\/h2>\n<p>Bug\u00fcn, T\u00fcrk Devleti, kendini silahl\u0131 kuvvetlerinin ambleminde ortaya koymaktad\u0131r. Kara Kuvvetlerinin ambleminde kurulu\u015f tarihi olarak M.\u00d6. 209 yaz\u0131yor yazmakta, yani <em>\u201c2227 y\u0131l \u00f6nce vard\u0131m, hala da var\u0131m\u201d<\/em> denilmektedir<\/p>\n<p>Lehistan (bug\u00fcnk\u00fc Polonya) kral\u0131 varisi olmadan \u00f6ld\u00fc\u011f\u00fcnde, kral olmak i\u00e7in Dersaadete <em>\u201cistida edilince\u201d<\/em> ve talebi divanda g\u00f6r\u00fc\u015f\u00fcl\u00fcp uygun bulunduktan sonra, <em>Frans\u0131z Henri\u2019nin Lehistan\u2019a kral yap\u0131lmas\u0131 i\u00e7in Lehistan Naipler Meclisine ferman eden ve Ferman-\u0131 H\u00fcmay\u00fbn mucibince davran\u0131lmas\u0131n\u0131 <\/em><em>emreden <\/em>II. Selim Han T\u00fcrk hakan\u0131d\u0131r.<\/p>\n<p>Saray\u0131n bah\u00e7esindeki bah\u00e7\u0131van\u0131 <em>\u201cpis T\u00fcrk\u201d <\/em>diye azarlayan bir subaya, <em>unutma ki onun padi\u015fah\u0131 da bir T\u00fcrk<\/em> diyen \u0130kinci Abd\u00fclhamit de T\u00fcrk ka\u011fan\u0131d\u0131r.<\/p>\n<p>Kendisini ziyaret eden T\u00fcrk Oca\u011f\u0131 heyetine; \u201cBen Osmanl\u0131 padi\u015fah\u0131, \u0130sl\u00e2m \u00e2lemi halifesi, fakat <em>her \u015feyden evvel T\u00fcrk hakan\u0131y\u0131m<\/em>\u201d diyen, Osmanl\u0131 Cihan Devletinin sondan bir \u00f6nceki padi\u015fah\u0131 <em>Mehmet Re\u015fad<\/em><strong>,<\/strong> bu ger\u00e7e\u011fi hayk\u0131rmaktad\u0131r.<\/p>\n<p>Vatan topraklar\u0131 \u00fczerinde hak talep edenleri <em>sadece \u00e7izmelerini giydi\u011fini g\u00f6stererek ba\u015f e\u011fdiren<\/em> Atat\u00fcrk de T\u00fcrk Cumhurba\u015fkan\u0131d\u0131r.<\/p>\n<p>Bu devleti ve devletin sahibi olan milleti y\u00f6neten ya da y\u00f6netmeye talip olanlar;<\/p>\n<p>T\u00fcrkiye Cumhuriyeti ve T\u00fcrk Milletinin, cihan devleti gelene\u011fi olan bir devlet ve millet oldu\u011funu, d\u00fcnyay\u0131 adaletle y\u00f6netti\u011fi ve y\u00f6nlendirdi\u011fini, bunun bir y\u00fccelik ifade etti\u011fini ve binlerce y\u0131ldan s\u00fcz\u00fcl\u00fcp gelen ve devam eden devlet anlay\u0131\u015f\u0131 ile T\u00fcrk kimli\u011finden asla vazge\u00e7ilmeyece\u011fini hi\u00e7 unutmamal\u0131d\u0131r.<\/p>\n<p>Bu, vatan yapt\u0131\u011f\u0131m\u0131z co\u011frafyam\u0131zda ve dolay\u0131s\u0131yla d\u00fcnyada ya\u015fayabilmenin temel \u015fart\u0131d\u0131r.<\/p>\n","protected":false},"excerpt":{"rendered":"<p>26. D\u00f6nem TBMM kurucu meclis midir? Kurucu meclis hangi \u015fartlarda olu\u015fur? Bunun i\u00e7in T\u00fcrk Milletinin egemenli\u011fi el mi de\u011fi\u015ftirecektir? Devlet, sonucu tart\u0131\u015fmal\u0131 bir referandumla de\u011fi\u015febilir mi? T\u00fcrk devlet anlay\u0131\u015f\u0131 neye dayan\u0131r ve bug\u00fcn ne haldedir?<\/p>\n","protected":false},"author":26,"featured_media":2238,"comment_status":"open","ping_status":"open","sticky":false,"template":"","format":"standard","meta":{"_ef_editorial_meta_date_first-draft-date":"","_ef_editorial_meta_paragraph_assignment":"","footnotes":"","_links_to":"","_links_to_target":""},"categories":[2,66,68],"tags":[78,77,157,160,158,161,156,44,159,79],"coauthors":[28],"class_list":["post-2232","post","type-post","status-publish","format-standard","has-post-thumbnail","hentry","category-genel","category-siyaset-tarih","category-turkluk-turkculuk","tag-devlet","tag-hukuk","tag-kurucu-meclis","tag-rabia","tag-tbmm","tag-tek-millet","tag-tore","tag-uniter-devlet","tag-yeni-turkiye","tag-yonetim"],"_links":{"self":[{"href":"https:\/\/millidusunce.com\/misak\/wp-json\/wp\/v2\/posts\/2232","targetHints":{"allow":["GET"]}}],"collection":[{"href":"https:\/\/millidusunce.com\/misak\/wp-json\/wp\/v2\/posts"}],"about":[{"href":"https:\/\/millidusunce.com\/misak\/wp-json\/wp\/v2\/types\/post"}],"author":[{"embeddable":true,"href":"https:\/\/millidusunce.com\/misak\/wp-json\/wp\/v2\/users\/26"}],"replies":[{"embeddable":true,"href":"https:\/\/millidusunce.com\/misak\/wp-json\/wp\/v2\/comments?post=2232"}],"version-history":[{"count":0,"href":"https:\/\/millidusunce.com\/misak\/wp-json\/wp\/v2\/posts\/2232\/revisions"}],"wp:featuredmedia":[{"embeddable":true,"href":"https:\/\/millidusunce.com\/misak\/wp-json\/wp\/v2\/media\/2238"}],"wp:attachment":[{"href":"https:\/\/millidusunce.com\/misak\/wp-json\/wp\/v2\/media?parent=2232"}],"wp:term":[{"taxonomy":"category","embeddable":true,"href":"https:\/\/millidusunce.com\/misak\/wp-json\/wp\/v2\/categories?post=2232"},{"taxonomy":"post_tag","embeddable":true,"href":"https:\/\/millidusunce.com\/misak\/wp-json\/wp\/v2\/tags?post=2232"},{"taxonomy":"author","embeddable":true,"href":"https:\/\/millidusunce.com\/misak\/wp-json\/wp\/v2\/coauthors?post=2232"}],"curies":[{"name":"wp","href":"https:\/\/api.w.org\/{rel}","templated":true}]}}