{"id":229,"date":"2017-10-06T09:13:59","date_gmt":"2017-10-06T06:13:59","guid":{"rendered":"http:\/\/misak.millidusunce.com\/?p=229"},"modified":"2018-03-10T11:17:43","modified_gmt":"2018-03-10T08:17:43","slug":"jack-straw-kuzey-kibris-uluslararasinda-taninmalidir","status":"publish","type":"post","link":"https:\/\/millidusunce.com\/misak\/jack-straw-kuzey-kibris-uluslararasinda-taninmalidir\/","title":{"rendered":"Jack Straw: Kuzey K\u0131br\u0131s Uluslararas\u0131nda Tan\u0131nmal\u0131d\u0131r"},"content":{"rendered":"<div id=\"attachment_233\" style=\"width: 863px\" class=\"wp-caption alignnone\"><img aria-describedby=\"caption-attachment-233\" loading=\"lazy\" class=\"size-full wp-image-233\" src=\"http:\/\/misak.millidusunce.com\/wp-content\/uploads\/2017\/10\/KibrisMasasi.jpg\" alt=\"Masa etraf\u0131nda K\u0131br\u0131s'\u0131 tart\u0131\u015fanlar\" width=\"853\" height=\"500\" srcset=\"https:\/\/millidusunce.com\/misak\/wp-content\/uploads\/2017\/10\/KibrisMasasi.jpg 853w, https:\/\/millidusunce.com\/misak\/wp-content\/uploads\/2017\/10\/KibrisMasasi-150x88.jpg 150w, https:\/\/millidusunce.com\/misak\/wp-content\/uploads\/2017\/10\/KibrisMasasi-300x176.jpg 300w, https:\/\/millidusunce.com\/misak\/wp-content\/uploads\/2017\/10\/KibrisMasasi-768x450.jpg 768w\" sizes=\"(max-width: 853px) 100vw, 853px\" \/><p id=\"caption-attachment-233\" class=\"wp-caption-text\">Bitmeyen K\u0131br\u0131s m\u00fczakereleri<\/p><\/div>\n<p>\u0130ngiltere\u2019nin eski D\u0131\u015fi\u015fleri Bakan\u0131 <strong>Jack Straw<\/strong> \u0130ngiliz Independent gazetesinde Ekim ay\u0131 ba\u015f\u0131nda yay\u0131nlanan makalesinde, K\u0131br\u0131s&#8217;ta T\u00fcrkler ile Rumlar aras\u0131ndaki 11\u2019nci\u00a0uluslararas\u0131 g\u00f6r\u00fc\u015fmenin Rum taraf\u0131nca olumsuz <a href=\"http:\/\/www.independent.co.uk\/voices\/cyrpus-turkish-greek-cypriots-partition-eu-international-community-should-act-a7976711.html\">sonu\u00e7land\u0131r\u0131ld\u0131\u011f\u0131na dikkat \u00e7ekmi\u015ftir:<\/a> <em>&#8220;\u0130ki b\u00f6lgeli, iki toplumlu bir devlet \u00e7at\u0131s\u0131nda Ada\u2019n\u0131n birle\u015ftirilmesine d\u00f6n\u00fck m\u00fczakere edilmi\u015f anla\u015fma sa\u00e7mal\u0131\u011f\u0131na bir son vermenin zaman\u0131 geldi. \u00c7\u00f6z\u00fcm, Ada\u2019n\u0131n b\u00f6l\u00fcnmesi ve kuzeydeki K\u0131br\u0131sl\u0131 T\u00fcrklerin uluslararas\u0131 olarak tan\u0131nmas\u0131d\u0131r.&#8221;<\/em><\/p>\n<p>\u0130\u015f\u00e7i Partisi h\u00fck\u00fcmetinde 2001-2006 y\u0131llar\u0131nda D\u0131\u015fi\u015fleri Bakanl\u0131\u011f\u0131 yapan Straw, g\u00f6r\u00fc\u015fmelerin sonu\u00e7suz kalmas\u0131 durumunda b\u00f6l\u00fcnmenin g\u00fcndeme getirilmesi gerekti\u011fini savunmu\u015ftur. M\u00fczakerelerin a\u00e7\u0131ld\u0131\u011f\u0131 2005 y\u0131l\u0131nda Avusturyal\u0131lar\u0131n direni\u015fini k\u0131ran Straw, 2013 y\u0131l\u0131nda yay\u0131nlanan kitab\u0131n\u0131n 18\u2019nci b\u00f6l\u00fcm\u00fcn\u00fc Avrupa Birli\u011fi ve T\u00fcrkiye\u2019ye ay\u0131rm\u0131\u015ft\u0131r.<\/p>\n<p><strong>\u201cLast Man Standing: Memoirs of a Political Survivor\u201d<\/strong> isimli an\u0131 kitab\u0131n\u0131n <strong>Hasta Adam Kar\u015f\u0131l\u0131k Veriyor: Avrupa ve T\u00fcrkiye <\/strong>ba\u015fl\u0131kl\u0131 b\u00f6l\u00fcmde Straw, m\u00fczakere s\u00fcrecinin ba\u015flamas\u0131ndan bu yana Angela Merkel ile Nicolas Sarkozy \u00a0gibi Avrupal\u0131 siyaset\u00e7ilerin T\u00fcrkiye\u2019nin AB \u00fcyeli\u011fine kar\u015f\u0131 \u00e7\u0131kt\u0131\u011f\u0131n\u0131\u00a0 a\u00e7\u0131klamaktad\u0131r. \u00a0Bu iki siyaset\u00e7inin T\u00fcrkiye\u2019nin \u00fcyeli\u011fini arzulamamas\u0131n\u0131 T\u00fcrkiye\u2019nin M\u00fcsl\u00fcman bir \u00fclke olmas\u0131na ba\u011flam\u0131\u015ft\u0131r:<\/p>\n<p><em>\u201c33 m\u00fczakere ba\u015fl\u0131\u011f\u0131n\u0131n, 17\u2019si engellenmi\u015f durumda. Hi\u00e7bir aday \u00fclkeye b\u00f6yle davran\u0131lmam\u0131\u015ft\u0131r. Acil sorun K\u0131br\u0131s\u2019t\u0131r. Bu sorun, Fransa, Almanya ve \u0130ngiltere tek ses olursa \u00e7\u00f6z\u00fclebilir. Fransa\u2019n\u0131n eski Cumhurba\u015fkan\u0131 Nicolas Sarkozy, Avrupa\u2019n\u0131n kendisine s\u0131n\u0131r \u00e7izmesi gerekti\u011fini s\u00f6yledi\u011finde, co\u011frafi s\u0131n\u0131rlar\u0131 kastetmemi\u015fti. \u00d6yle olsayd\u0131, Malta veya G\u00fcney K\u0131br\u0131s\u2019\u0131n al\u0131nmamas\u0131 gerekirdi. Kastetti\u011fi dini s\u0131n\u0131rlard\u0131. T\u00fcm bunda kaybedecek olan AB\u2019dir, T\u00fcrkiye de\u011fil. T\u00fcrkiye\u2019nin AB\u2019ye duydu\u011fu ihtiya\u00e7tan \u00e7ok, AB\u2019nin T\u00fcrkiye\u2019ye \u015fu anda ihtiyac\u0131 vard\u0131r.\u201d<\/em> (Straw, 2013: Chapter 18)<\/p>\n<p>TEPAV\u2019\u0131n konu\u011fu olarak 2013 y\u0131l\u0131nda Ankara\u2019ya gelen Straw, \u00fclkesinin adayl\u0131\u011f\u0131n\u0131 destekledi\u011fi T\u00fcrkiye\u2019ye, Avrupa Birli\u011fi\u2019nin \u00e7ifte standart uygulad\u0131\u011f\u0131n\u0131 d\u00fc\u015f\u00fcnd\u00fc\u011f\u00fcn\u00fc, T\u00fcrkiye\u2019nin \u0130ngiltere \u00f6rne\u011findeki gibi AB\u2019nin t\u00fcm kurumlar\u0131na t\u00fcm\u00fcyle kat\u0131l\u0131m\u0131n\u0131n \u015fart olmay\u0131p Euro B\u00f6lgesi d\u0131\u015f\u0131nda kalabilece\u011fini a\u00e7\u0131klam\u0131\u015ft\u0131r.<\/p>\n<p>1974 y\u0131l\u0131nda Yunanistan ve darbeci Rumlar\u0131n K\u0131br\u0131s&#8217;\u0131n se\u00e7ilmi\u015f Cumhurba\u015fkan\u0131 Makarios&#8217;u devirmesinin ard\u0131ndan T\u00fcrkiye\u2019nin askeri operasyonu ba\u015flatt\u0131\u011f\u0131na vurgu yapan Straw, adada zulme u\u011frayan T\u00fcrklerin ayn\u0131 \u015feyleri bir daha ya\u015famamalar\u0131 i\u00e7in T\u00fcrk askerinin say\u0131s\u0131n\u0131n art\u0131r\u0131ld\u0131\u011f\u0131na dikkat \u00e7ekmi\u015ftir.<\/p>\n<p><strong>\u00a0<\/strong>Federal,\u00a0iki b\u00f6lgeli, iki toplumlu anayasa olu\u015fturmak i\u00e7in Annan Plan\u0131\u2019n\u0131 Rumlar\u0131n kabul etmemesine ra\u011fmen K\u0131br\u0131s Rum Kesimi\u2019nin Avrupa Birli\u011fi\u2019ne \u00fcye yap\u0131lmas\u0131n\u0131 \u015f\u00f6yle ele\u015ftirmi\u015ftir: <em>&#8220;Avrupa Birli\u011fi, en b\u00fcy\u00fck stratejik hatalardan birini yaparak, KKTC ile bir anla\u015fma sa\u011flan\u0131p sa\u011flanmad\u0131\u011f\u0131na bak\u0131lmaks\u0131z\u0131n 1 May\u0131s 2004\u2019te K\u0131br\u0131s\u2019\u0131 \u00fcyeli\u011fe kabul etti. Tan\u0131nmayan ve temsil edilmeyen KKTC dahil, Ada\u2019n\u0131n b\u00fct\u00fcn\u00fcn\u00fcn resmi olarak \u00fcyeli\u011fe kabul edilmi\u015f olmas\u0131yla, kuzeyin u\u011frad\u0131\u011f\u0131 haks\u0131zl\u0131\u011fa bir de utan\u00e7 eklenmi\u015f oldu.&#8221;<\/em><\/p>\n<p><em>\u00a0<\/em><em>(In one of its worst strategic decisions ever, the European Union (sadly, with UK acquiescence) <strong>had agreed that Cyprus should join the EU on 1 May 2004, whether agreement had been reached with the Turkish Cypriots or not<\/strong>. The plan was approved overwhelmingly in referenda by the Turkish Cypriots but was rejected by an even bigger margin by the Greek Cypriots. <strong>To add insult to injury to the north, it is the whole island which formally has acceded to membership, including the unrecognised and unrepresented TRNC)<\/strong><\/em><\/p>\n<p>Cumhurba\u015fkan\u0131 Recep Tayyip Erdo\u011fan da ge\u00e7mi\u015fte ayn\u0131 tespiti yapm\u0131\u015ft\u0131: <em>\u201cReferandum s\u00fcrecinde de KKTC %65 ile Annan Plan\u0131&#8217;na &#8216;evet&#8217;, G\u00fcney K\u0131br\u0131s Rum Y\u00f6netimi %75 ile &#8216;hay\u0131r&#8217; dedi. KKTC&#8217;yi AB&#8217;ye almad\u0131lar. G\u00fcney K\u0131br\u0131s&#8217;\u0131 ald\u0131lar. B\u00f6yle bir samimiyet d\u0131\u015f\u0131 uygulama var.\u201d<\/em><\/p>\n<p>Straw yaz\u0131s\u0131nda, D\u0131\u015fi\u015fleri Bakanl\u0131\u011f\u0131ndan arkada\u015f\u0131 olan Devlet Bakan\u0131 <strong>Baroness Symons<\/strong>&#8216;\u0131n s\u00f6zlerini de hat\u0131rlatmaktad\u0131r: <em>\u201cK\u0131br\u0131sl\u0131 T\u00fcrkler mant\u0131ken bu ba\u015far\u0131s\u0131zl\u0131\u011f\u0131n kurbanlar\u0131 olmamalar\u0131 gerekti\u011fini s\u00f6yleyebilirler. \u00c7\u00fcnk\u00fc, AB\u2019nin d\u0131\u015f\u0131nda kalanlar onlar. Ancak \u015fu anda kesinlikle ihtiya\u00e7 duyulan \u015fey, <strong>AB vatanda\u015f\u0131 olan halklara kar\u015f\u0131 ayr\u0131mc\u0131l\u0131\u011f\u0131n ortadan kald\u0131r\u0131lmas\u0131 v<\/strong>e K\u0131br\u0131sl\u0131 T\u00fcrklerin, yasalar\u0131n\u0131n ve idari uygulamalar\u0131n\u0131n AB \u00fcyeli\u011fi i\u00e7in haz\u0131rlanmas\u0131d\u0131r.\u201d<\/em><\/p>\n<p><em>(The Turkish Cypriots can reasonably ask that they should not be the victims of this setback, and yet <strong>it is they who are left in limbo outside the European Union. <\/strong>But what is now needed, surely, is to remove all discrimination against people who are, after all, citizens of the European Union and to prepare the Turkish Cypriots and their legislation and administrative practices for eventual European membership.)<\/em><\/p>\n<p>Straw, D\u0131\u015f \u0130li\u015fkiler Konseyi\u2019nin Kuzey\u2019in kar\u015f\u0131 kar\u015f\u0131ya kald\u0131\u011f\u0131 sorunlar\u0131 gidermek i\u00e7in ba\u015flang\u0131\u00e7ta g\u00f6sterdi\u011fi \u00e7abalar\u0131n sonuca ula\u015fmad\u0131\u011f\u0131n\u0131, bunlar\u0131n K\u0131br\u0131s H\u00fck\u00fcmeti (G\u00fcney K\u0131br\u0131s Rum Y\u00f6netimi) taraf\u0131ndan engellendi\u011fini belirterek GKRY\u2019ni ele\u015ftirmektedir: <em>&#8220;Bu d\u00f6nemde K\u0131br\u0131sl\u0131 Rumlar da AB\u2019nin \u00f6rnek bir \u00fcyesi olamad\u0131lar. 2012 ve 2013\u2019te k\u0131smen Rusya\u2019n\u0131n offshore bankac\u0131l\u0131\u011f\u0131n\u0131n tercih etti\u011fi yerlerden biri olarak bankac\u0131l\u0131k kriziyle kar\u015f\u0131 kar\u015f\u0131ya kald\u0131. Ge\u00e7en ay The Guardian gazetesi, K\u0131br\u0131s h\u00fck\u00fcmetinin, milyarder Rus oligarklar ve Ukraynal\u0131 i\u015f \u00e7evrelerine vatanda\u015fl\u0131k vererek 2013\u2019ten bu yana 4 milyar Euro toplad\u0131\u011f\u0131n\u0131 iddia etti.&#8221;<\/em><\/p>\n<p><strong>Straw, G\u00fcney K\u0131br\u0131s Rum Y\u00f6netimi\u2019nin K\u0131br\u0131sl\u0131 T\u00fcrkler ile siyasi e\u015fitli\u011fi kabul etmedi\u011fini belirtmektedir<\/strong>: <em>&#8220;Rumlara AB \u00fcyeli\u011fi, bir uzla\u015fma kar\u015f\u0131l\u0131\u011f\u0131nda verilseydi bence anla\u015fma sa\u011flanm\u0131\u015f olurdu. Ger\u00e7ek \u015fu ki, \u015fimdiye kadar hi\u00e7bir K\u0131br\u0131sl\u0131 Rum lider, se\u00e7menlerinin bir anla\u015fmay\u0131 desteklemesini sa\u011flayamad\u0131. Mevcut stat\u00fcko g\u00fcney i\u00e7in fazlas\u0131yla rahat.&#8221;<strong>\u00a0<\/strong><\/em> K\u0131br\u0131s\u2019ta k\u00f6kl\u00fc bir \u00e7\u00f6z\u00fcm i\u00e7in \u00e7ok \u00f6nemli bir tespitte de bulunmaktad\u0131r: <strong><em>&#8220;Bana g\u00f6re, uluslararas\u0131 toplumun ger\u00e7ekleri anlamas\u0131n\u0131n ve Ada\u2019n\u0131n b\u00f6l\u00fcnmesini tan\u0131mas\u0131n\u0131n zaman\u0131 geldi.<\/em><\/strong> <em>Hi\u00e7bir zaman ger\u00e7ekle\u015fmeyecek bir anla\u015fma i\u00e7in bir sonuca varmayan m\u00fczakereleri s\u00fcrd\u00fcrmek yerine, <strong>Ada\u2019n\u0131n b\u00f6l\u00fcnm\u00fc\u015fl\u00fc\u011f\u00fcn\u00fcn tan\u0131nmas\u0131yla iki toplum aras\u0131ndaki ili\u015fkileri geli\u015ftirmek m\u00fcmk\u00fcn olabilir.\u201d <\/strong><\/em><\/p>\n<p><em>\u00a0<\/em><em>(<strong>It\u2019s time, in my view, for the international community to acknowledge this reality and recognise the partition of the island<\/strong>. That would be far more likely to improve relations between the two communities than continuing the useless merry-go-round of further negotiations for a settlement that never can be.)<\/em><\/p>\n<p>\u0130stanbul\u2019da 14 Eyl\u00fcl\u2019de KKTC Cumhurba\u015fkan\u0131 Mustafa Ak\u0131nc\u0131\u2019n\u0131n kat\u0131ld\u0131\u011f\u0131, TOBB ve \u0130ktisadi Kalk\u0131nma Vakf\u0131 taraf\u0131ndan d\u00fczenlenen G\u00fcncel Geli\u015fmeler I\u015f\u0131\u011f\u0131nda K\u0131br\u0131s G\u00f6r\u00fc\u015fmelerinin Gelece\u011fi ve T\u00fcrkiye \u0130\u00e7in \u00c7\u0131kar\u0131mlar toplant\u0131s\u0131 TOBB Ba\u015fkan\u0131 <strong>Rifat Hisarc\u0131kl\u0131o\u011flu<\/strong>: <em>&#8220;K\u0131br\u0131s&#8217;\u0131n Do\u011fu Akdeniz&#8217;de bir refah ve istikrar adas\u0131 olmas\u0131n\u0131 istiyoruz&#8221;\u00a0 <\/em>derken, \u0130KV Y\u00f6netim Kurulu Ba\u015fkan\u0131 <strong>Ayhan Zeytino\u011flu<\/strong> da K\u0131br\u0131s sorununun T\u00fcrkiye&#8217;nin AB s\u00fcrecini aksatmak i\u00e7in bir ara\u00e7 olarak kullan\u0131ld\u0131\u011f\u0131n\u0131 belirtmi\u015ftir: <em>&#8220;\u00d6n\u00fcm\u00fczdeki ay 12&#8217;nci y\u0131l\u0131n\u0131 geride b\u0131rakaca\u011f\u0131m\u0131z AB kat\u0131l\u0131m m\u00fczakerelerinin istenilen h\u0131zda ilerleyememesinin temelinde de AB&#8217;nin bu stratejik hatas\u0131 var.\u201d <\/em><\/p>\n<p><strong>Bu geli\u015fmelere paralel olarak Kuzey K\u0131br\u0131s T\u00fcrk Cumhuriyeti (KKTC) Di\u015fi\u015fleri Bakan\u0131 Tahsin Ertu\u011frulo\u011flu KKTC\u2019nin uluslararas\u0131 alanda tan\u0131nmas\u0131 i\u00e7in \u00f6zerk olabilece\u011fini\u00a0 a\u00e7\u0131klam\u0131\u015ft\u0131r. <\/strong><\/p>\n<p>Amerika&#8217;da Uluslararas\u0131 Cumhuriyet\u00e7iler Enstit\u00fcs\u00fc\u2019ndeki yuvarlak masa toplant\u0131s\u0131nda \u015funlar\u0131 s\u00f6ylemi\u015ftir: <em>&#8220;Art\u0131k uluslararas\u0131 tan\u0131nma i\u00e7in \u00e7al\u0131\u015fmaya ba\u015flaman\u0131n zaman\u0131 geldi. Bug\u00fcne kadar bundan imtina ettik. Ancak art\u0131k KKTC\u2019ye uluslararas\u0131 tan\u0131ma i\u00e7in u\u011fra\u015fabiliriz. \u00d6n\u00fcm\u00fczdeki ikinci bir se\u00e7enek ise \u00f6zerk bir cumhuriyet. <strong>Fransa-Monaco<\/strong> ya da <strong>\u0130ngiltere-Cebelitar\u0131k<\/strong> modeli gibi bir yap\u0131. Yani d\u0131\u015fi\u015fleri ve savunma alanlar\u0131ndaki yetkilerimizi T\u00fcrkiye\u2019ye devredip gerisini kendi i\u00e7imizde y\u00f6netti\u011fimiz bir cumhuriyet. Hen\u00fcz hangi yolu se\u00e7ece\u011fimize karar vermedik. Ankara ile birlikte oturup karar verece\u011fiz.\u201d <\/em><\/p>\n<p><strong>K\u0131r\u0131m\u2019da, Kuzey Irak\u2019da ve Katalonya\u2019da referandumlar yap\u0131l\u0131rken K\u0131br\u0131sl\u0131 T\u00fcrkler de kendi gelecekleri hakk\u0131nda karar vermelidir. <\/strong><\/p>\n<p>\u0130spanya&#8217;daki Katalonya \u00d6zerk Y\u00f6netimi Ba\u015fkan\u0131 <strong>Carles Puigdemont<\/strong>, 4 Ekim\u2019de BBC&#8217;ye konu\u015fmu\u015f ve \u00f6zerk h\u00fck\u00fcmetinin ba\u011f\u0131ms\u0131zl\u0131k i\u00e7in bu haftan\u0131n sonu veya \u00f6n\u00fcm\u00fczdeki haftan\u0131n ba\u015f\u0131nda harekete ge\u00e7ece\u011fini s\u00f6ylemi\u015ftir. Puigdemont, \u0130spanya&#8217;daki merkezi h\u00fck\u00fcmetin duruma m\u00fcdahale ederek Katalan h\u00fck\u00fcmetinin kontrol\u00fcn\u00fc ele ge\u00e7irmesi durumunda ne yapacaklar\u0131 sorusuna ise <em>&#8220;Bu her \u015feyi de\u011fi\u015ftiren bir hata olur&#8221;<\/em> demi\u015ftir.<\/p>\n<p>K\u0131br\u0131s T\u00fcrkler Annan Plan\u0131\u2019na evet derken, K\u0131br\u0131sl\u0131 Rumlar\u0131n hay\u0131r oyu kullanmas\u0131na ra\u011fmen K\u0131br\u0131s\u2019\u0131n AB\u2019ye b\u00f6l\u00fcnm\u00fc\u015f bir devlet olarak \u00fcye yap\u0131lmas\u0131, her ortamda g\u00fcndeme getirilmelidir. Kuzey K\u0131br\u0131s\u2019ta AB mevzuat\u0131n\u0131n y\u00fcr\u00fcrl\u00fckte olmad\u0131\u011f\u0131 da unutulmamal\u0131d\u0131r. AB \u00fcyesi bir devlet d\u00fc\u015f\u00fcn\u00fcn ki, kendi mevzuat\u0131 \u00fcyesi oldu\u011fu kurulu\u015fun s\u0131n\u0131rlar\u0131 i\u00e7inde ge\u00e7erli olmas\u0131n.<\/p>\n<p><strong>K\u0131br\u0131s\u2019ta farkl\u0131 bir tutum izleyen AB, Avrupa\u2019da Yugoslavya\u2019dan yedi, \u00c7ekoslovakya\u2019dan iki yeni ba\u011f\u0131ms\u0131z devletin ortaya \u00e7\u0131kmas\u0131na sesini \u00e7\u0131karmam\u0131\u015ft\u0131r. <\/strong><\/p>\n<p>\u00dcstelik\u00a0bu yeni devletlerin halklar\u0131 etnik ve dinsel olarak birbirine \u00e7ok yak\u0131nd\u0131r. Ayr\u0131ca bu devletlerde bir taraf\u0131n di\u011ferine y\u00f6nelik soyk\u0131r\u0131m planlar\u0131 da bulunmamaktad\u0131r. <strong>Oysa K\u0131br\u0131s\u2019ta Akritas soyk\u0131r\u0131m plan\u0131 ile K\u0131br\u0131s\u2019ta ya\u015fayan T\u00fcrklerin imha edilmesi \u00f6ng\u00f6r\u00fclm\u00fc\u015ft\u00fcr<\/strong>. Akritas, 21 Aral\u0131k 1963 tarihinde Tahtakale\u2019de ba\u015flat\u0131lan Rum sald\u0131r\u0131lar\u0131n\u0131 organize eden plan\u0131n ad\u0131d\u0131r. <strong>\u00c7ok \u00f6nemli bir nokta da \u015fudur: K\u0131br\u0131s\u2019ta iki farkl\u0131 ulus, iki ayr\u0131 din, iki farkl\u0131 dil\u00a0ge\u00e7erlidir. <\/strong><\/p>\n<p>Ayr\u0131ca her iki ulusu temsil eden iki NATO \u00fcyesi iki devlet vard\u0131r. Siz hi\u00e7 duydunuz mu zeytinya\u011f\u0131 ile suyun birbirine kar\u0131\u015ft\u0131\u011f\u0131n\u0131? \u00c7alkalay\u0131p kar\u0131\u015ft\u0131rsan\u0131z bile bir s\u00fcre sonra zeytin ya\u011f\u0131 \u00fcste \u00e7\u0131kar. K\u0131br\u0131s\u2019ta AB ve Birle\u015fmi\u015f Milletler, zeytin ya\u011f\u0131 ile suyu birbirine kar\u0131\u015ft\u0131rmak istemektedirler ama bu kar\u0131\u015f\u0131m olmaz. Nitekim g\u00fcn\u00fcm\u00fczdeki Sudan, Libya, Irak ve Suriye \u00f6rnekleri g\u00f6z ard\u0131 edilmemelidir.<\/p>\n<p><strong>K\u0131br\u0131s gibi yapay bir devlet d\u00fcnyada yoktur.<\/strong><\/p>\n<p>Buna ra\u011fmen AB, K\u0131br\u0131s\u2019ta ayr\u0131 etnik, dinsel, k\u00fclt\u00fcrel k\u00f6kenden gelmelerine\u00a0ra\u011fmen T\u00fcrkler ile Rumlar aras\u0131nda b\u00fct\u00fcnle\u015fmeyi istemektedir. Fakat AB,\u00a0K\u0131br\u0131s Anayasas\u0131nda T\u00fcrk\u00e7e resmi dil olmas\u0131na ra\u011fmen K\u0131br\u0131s Cumhuriyeti\u2019nin ikinci resmi dili olan T\u00fcrk\u00e7eyi AB dili olarak kabul etmemektedir. Bu konuyu, \u201c<em>Avrupa Birli\u011fi T\u00fcrkiye \u0130li\u015fkileri: Bir \u00c7\u0131kmaz Sokak<\/em>\u201d (Beta Bas\u0131m, \u0130stanbul, 2013) kitab\u0131mda ayr\u0131nt\u0131l\u0131 olarak a\u00e7\u0131klad\u0131m.<\/p>\n<p>K\u0131br\u0131s\u2019\u0131n AB \u00fcyeli\u011fi konusunda g\u00f6r\u00fc\u015f\u00fcne ba\u015fvurulan \u0130ngiliz hukuk\u00e7u <strong>Maurice H. Mendelson<\/strong>, K\u0131br\u0131s\u2019\u0131n AB\u2019ye tam \u00fcyelik ba\u015fvurusunun ge\u00e7ersiz oldu\u011funu a\u00e7\u0131klam\u0131\u015ft\u0131r: \u201c<em>Republic of Cyprus, and particularly the Treaty of Guarantee of 1960, the Greek Cypriot Administration in the South can not apply for membership of Cyprus in the European Union under the usurped title of the Republic of Cyprus and can not become a member of any international organization, economic and political union of which both Turkey and Greece are not members.\u201d<\/em> (Mendelson, 1997)<\/p>\n<div id=\"attachment_232\" style=\"width: 455px\" class=\"wp-caption alignleft\"><img aria-describedby=\"caption-attachment-232\" loading=\"lazy\" class=\"wp-image-232 \" src=\"http:\/\/misak.millidusunce.com\/wp-content\/uploads\/2017\/10\/KavalaGirisi.png\" alt=\"Yunanistan'\u0131n Kavala giri\u015f ve \u00e7\u0131k\u0131\u015flar\u0131nda \u00fcst\u00fcnden kan akan K\u0131br\u0131s levhalar\u0131: K\u0131b\u0131r\u0131s'\u0131 hat\u0131rla!\" width=\"445\" height=\"300\" srcset=\"https:\/\/millidusunce.com\/misak\/wp-content\/uploads\/2017\/10\/KavalaGirisi.png 426w, https:\/\/millidusunce.com\/misak\/wp-content\/uploads\/2017\/10\/KavalaGirisi-150x101.png 150w, https:\/\/millidusunce.com\/misak\/wp-content\/uploads\/2017\/10\/KavalaGirisi-300x202.png 300w\" sizes=\"(max-width: 445px) 100vw, 445px\" \/><p id=\"caption-attachment-232\" class=\"wp-caption-text\">Yunanistan Kavala giri\u015f-\u00e7\u0131k\u0131\u015f\u0131: K\u0131br\u0131s&#8217;\u0131 Hat\u0131rla!<\/p><\/div>\n<div id=\"attachment_234\" style=\"width: 222px\" class=\"wp-caption alignleft\"><img aria-describedby=\"caption-attachment-234\" loading=\"lazy\" class=\"wp-image-234 \" src=\"http:\/\/misak.millidusunce.com\/wp-content\/uploads\/2017\/10\/CyprusMyDeposition.png\" alt=\"K\u0131br\u0131s hakk\u0131nda Glafkos Klerides'in kitab\u0131. \" width=\"212\" height=\"296\" srcset=\"https:\/\/millidusunce.com\/misak\/wp-content\/uploads\/2017\/10\/CyprusMyDeposition.png 204w, https:\/\/millidusunce.com\/misak\/wp-content\/uploads\/2017\/10\/CyprusMyDeposition-107x150.png 107w\" sizes=\"(max-width: 212px) 100vw, 212px\" \/><p id=\"caption-attachment-234\" class=\"wp-caption-text\">Clerides&#8217;in kitab\u0131: K\u0131br\u0131s: \u0130fadem<\/p><\/div>\n<div style=\"clear: both;\">G\u00fcney K\u0131br\u0131s Rum Lideri ve K\u0131br\u0131s Cumhuriyeti&#8217;nin d\u00f6rd\u00fcnc\u00fc Devlet Ba\u015fkan\u0131 Glafkos Klerides\u2019in \u201c<em>Cyprus: My Deposition<\/em><strong>\u201d<\/strong> adl\u0131 kitap kapa\u011f\u0131ndaki (Clerides, 1989) b\u00f6l\u00fcnm\u00fc\u015f K\u0131br\u0131s haritas\u0131 ve de Yunanistan\u2019\u0131n Kavala kenti giri\u015f ve \u00e7\u0131k\u0131\u015flar\u0131ndaki ayn\u0131 harita durdu\u011fu s\u00fcrece, Fransa-Monaco ya da \u0130ngiltere-Cebelitar\u0131k \u00f6rne\u011finden ba\u015fka bir \u00e7\u00f6z\u00fcm, K\u0131br\u0131s\u2019a kal\u0131c\u0131 bir bar\u0131\u015f ve huzur getiremez.<\/div>\n","protected":false},"excerpt":{"rendered":"<p>\u0130ngiltere eski D\u0131\u015fi\u015fleri Bakan\u0131 Jack Straw, olmayacak bir birle\u015fmeyi zorlamaya son verilmesini ve Kuzey K\u0131br\u0131s T\u00fcrk Cumhuriyeti&#8217;nin tan\u0131nmas\u0131n\u0131 teklif ediyor. <\/p>\n<p>En az\u0131ndan Fransa-Monaco veya \u0130ngiltere-Cebeli Tar\u0131k modelinde bir \u00f6zerkli\u011fe gidilmelidi<\/p>\n","protected":false},"author":3,"featured_media":239,"comment_status":"open","ping_status":"open","sticky":false,"template":"","format":"standard","meta":{"_links_to":"","_links_to_target":""},"categories":[58,2,68,69],"tags":[],"yoast_head":"<!-- This site is optimized with the Yoast SEO plugin v16.0.2 - https:\/\/yoast.com\/wordpress\/plugins\/seo\/ -->\n<title>Jack Straw: Kuzey K\u0131br\u0131s Uluslararas\u0131nda Tan\u0131nmal\u0131d\u0131r - M\u0130SAK- Mill\u00ee Strateji Ara\u015ft\u0131rma Kurulu<\/title>\n<link rel=\"canonical\" href=\"https:\/\/millidusunce.com\/misak\/jack-straw-kuzey-kibris-uluslararasinda-taninmalidir\/\" \/>\n<meta property=\"og:locale\" content=\"tr_TR\" \/>\n<meta property=\"og:type\" content=\"article\" \/>\n<meta property=\"og:title\" content=\"Jack Straw: Kuzey K\u0131br\u0131s Uluslararas\u0131nda Tan\u0131nmal\u0131d\u0131r - M\u0130SAK- Mill\u00ee Strateji Ara\u015ft\u0131rma Kurulu\" \/>\n<meta property=\"og:description\" content=\"\u0130ngiltere eski D\u0131\u015fi\u015fleri Bakan\u0131 Jack Straw, olmayacak bir birle\u015fmeyi zorlamaya son verilmesini ve Kuzey K\u0131br\u0131s T\u00fcrk Cumhuriyeti&#039;nin tan\u0131nmas\u0131n\u0131 teklif ediyor.   En az\u0131ndan Fransa-Monaco veya \u0130ngiltere-Cebeli Tar\u0131k modelinde bir \u00f6zerkli\u011fe gidilmelidi\" \/>\n<meta property=\"og:url\" content=\"https:\/\/millidusunce.com\/misak\/jack-straw-kuzey-kibris-uluslararasinda-taninmalidir\/\" \/>\n<meta property=\"og:site_name\" content=\"M\u0130SAK- Mill\u00ee Strateji Ara\u015ft\u0131rma Kurulu\" \/>\n<meta property=\"article:published_time\" content=\"2017-10-06T06:13:59+00:00\" \/>\n<meta property=\"article:modified_time\" content=\"2018-03-10T08:17:43+00:00\" \/>\n<meta property=\"og:image\" content=\"https:\/\/millidusunce.com\/misak\/wp-content\/uploads\/2017\/10\/KibrisMasasiGri.jpg\" \/>\n\t<meta property=\"og:image:width\" content=\"853\" \/>\n\t<meta property=\"og:image:height\" content=\"500\" \/>\n<meta name=\"twitter:card\" content=\"summary_large_image\" \/>\n<meta name=\"twitter:label1\" content=\"Tahmini okuma s\u00fcresi\">\n\t<meta name=\"twitter:data1\" content=\"11 dakika\">\n<script type=\"application\/ld+json\" class=\"yoast-schema-graph\">{\"@context\":\"https:\/\/schema.org\",\"@graph\":[{\"@type\":\"Organization\",\"@id\":\"https:\/\/millidusunce.com\/misak\/#organization\",\"name\":\"Mill\\u00ee D\\u00fc\\u015f\\u00fcnce Merkezi\",\"url\":\"https:\/\/millidusunce.com\/misak\/\",\"sameAs\":[],\"logo\":{\"@type\":\"ImageObject\",\"@id\":\"https:\/\/millidusunce.com\/misak\/#logo\",\"inLanguage\":\"tr\",\"url\":\"https:\/\/millidusunce.com\/misak\/wp-content\/uploads\/2018\/09\/mdmLogo-yazisiz.jpg\",\"width\":422,\"height\":422,\"caption\":\"Mill\\u00ee D\\u00fc\\u015f\\u00fcnce Merkezi\"},\"image\":{\"@id\":\"https:\/\/millidusunce.com\/misak\/#logo\"}},{\"@type\":\"WebSite\",\"@id\":\"https:\/\/millidusunce.com\/misak\/#website\",\"url\":\"https:\/\/millidusunce.com\/misak\/\",\"name\":\"M\\u0130SAK- Mill\\u00ee Strateji Ara\\u015ft\\u0131rma Kurulu\",\"description\":\"D\\u00fcnyaya T\\u00fcrk\\u00e7\\u00fc Bak\\u0131\\u015f\",\"publisher\":{\"@id\":\"https:\/\/millidusunce.com\/misak\/#organization\"},\"potentialAction\":[{\"@type\":\"SearchAction\",\"target\":\"https:\/\/millidusunce.com\/misak\/?s={search_term_string}\",\"query-input\":\"required name=search_term_string\"}],\"inLanguage\":\"tr\"},{\"@type\":\"ImageObject\",\"@id\":\"https:\/\/millidusunce.com\/misak\/jack-straw-kuzey-kibris-uluslararasinda-taninmalidir\/#primaryimage\",\"inLanguage\":\"tr\",\"url\":\"https:\/\/millidusunce.com\/misak\/wp-content\/uploads\/2017\/10\/KibrisMasasiGri.jpg\",\"width\":853,\"height\":500},{\"@type\":\"WebPage\",\"@id\":\"https:\/\/millidusunce.com\/misak\/jack-straw-kuzey-kibris-uluslararasinda-taninmalidir\/#webpage\",\"url\":\"https:\/\/millidusunce.com\/misak\/jack-straw-kuzey-kibris-uluslararasinda-taninmalidir\/\",\"name\":\"Jack Straw: Kuzey K\\u0131br\\u0131s Uluslararas\\u0131nda Tan\\u0131nmal\\u0131d\\u0131r - M\\u0130SAK- Mill\\u00ee Strateji Ara\\u015ft\\u0131rma Kurulu\",\"isPartOf\":{\"@id\":\"https:\/\/millidusunce.com\/misak\/#website\"},\"primaryImageOfPage\":{\"@id\":\"https:\/\/millidusunce.com\/misak\/jack-straw-kuzey-kibris-uluslararasinda-taninmalidir\/#primaryimage\"},\"datePublished\":\"2017-10-06T06:13:59+00:00\",\"dateModified\":\"2018-03-10T08:17:43+00:00\",\"breadcrumb\":{\"@id\":\"https:\/\/millidusunce.com\/misak\/jack-straw-kuzey-kibris-uluslararasinda-taninmalidir\/#breadcrumb\"},\"inLanguage\":\"tr\",\"potentialAction\":[{\"@type\":\"ReadAction\",\"target\":[\"https:\/\/millidusunce.com\/misak\/jack-straw-kuzey-kibris-uluslararasinda-taninmalidir\/\"]}]},{\"@type\":\"BreadcrumbList\",\"@id\":\"https:\/\/millidusunce.com\/misak\/jack-straw-kuzey-kibris-uluslararasinda-taninmalidir\/#breadcrumb\",\"itemListElement\":[{\"@type\":\"ListItem\",\"position\":1,\"item\":{\"@type\":\"WebPage\",\"@id\":\"https:\/\/millidusunce.com\/misak\/\",\"url\":\"https:\/\/millidusunce.com\/misak\/\",\"name\":\"Anasayfa\"}},{\"@type\":\"ListItem\",\"position\":2,\"item\":{\"@type\":\"WebPage\",\"@id\":\"https:\/\/millidusunce.com\/misak\/jack-straw-kuzey-kibris-uluslararasinda-taninmalidir\/\",\"url\":\"https:\/\/millidusunce.com\/misak\/jack-straw-kuzey-kibris-uluslararasinda-taninmalidir\/\",\"name\":\"Jack Straw: Kuzey K\\u0131br\\u0131s Uluslararas\\u0131nda Tan\\u0131nmal\\u0131d\\u0131r\"}}]},{\"@type\":\"Article\",\"@id\":\"https:\/\/millidusunce.com\/misak\/jack-straw-kuzey-kibris-uluslararasinda-taninmalidir\/#article\",\"isPartOf\":{\"@id\":\"https:\/\/millidusunce.com\/misak\/jack-straw-kuzey-kibris-uluslararasinda-taninmalidir\/#webpage\"},\"author\":{\"@id\":\"https:\/\/millidusunce.com\/misak\/#\/schema\/person\/dceabd91d5707fd0a1f581be62144940\"},\"headline\":\"Jack Straw: Kuzey K\\u0131br\\u0131s Uluslararas\\u0131nda Tan\\u0131nmal\\u0131d\\u0131r\",\"datePublished\":\"2017-10-06T06:13:59+00:00\",\"dateModified\":\"2018-03-10T08:17:43+00:00\",\"mainEntityOfPage\":{\"@id\":\"https:\/\/millidusunce.com\/misak\/jack-straw-kuzey-kibris-uluslararasinda-taninmalidir\/#webpage\"},\"commentCount\":0,\"publisher\":{\"@id\":\"https:\/\/millidusunce.com\/misak\/#organization\"},\"image\":{\"@id\":\"https:\/\/millidusunce.com\/misak\/jack-straw-kuzey-kibris-uluslararasinda-taninmalidir\/#primaryimage\"},\"articleSection\":\"AB,T\\u00dcRKL\\u00dcK-T\\u00dcRK\\u00c7\\u00dcL\\u00dcK,YAKIN-CO\\u011eRAFYA\",\"inLanguage\":\"tr\",\"potentialAction\":[{\"@type\":\"CommentAction\",\"name\":\"Comment\",\"target\":[\"https:\/\/millidusunce.com\/misak\/jack-straw-kuzey-kibris-uluslararasinda-taninmalidir\/#respond\"]}]},{\"@type\":\"Person\",\"@id\":\"https:\/\/millidusunce.com\/misak\/#\/schema\/person\/dceabd91d5707fd0a1f581be62144940\",\"name\":\"Sad\\u0131k R\\u0131dvan Karluk\",\"image\":{\"@type\":\"ImageObject\",\"@id\":\"https:\/\/millidusunce.com\/misak\/#personlogo\",\"inLanguage\":\"tr\",\"url\":\"https:\/\/secure.gravatar.com\/avatar\/0ac86ba3095525619627cdd0589c5b8c?s=96&d=mm&r=g\",\"caption\":\"Sad\\u0131k R\\u0131dvan Karluk\"},\"description\":\"Prof. Dr. S. R\\u0131dvan Karluk, 1970\\u2019de Ankara \\u00dcniversitesi Siyasal Bilgiler Fak\\u00fcltesi\\u2019ni bitirdi. 1975\\u2019te doktor, 1979\\u2019da do\\u00e7ent oldu. 1975 \\u2013 1976\\u2019da Sussex \\u00dcniversitesi\\u2019nde doktora \\u00fcst\\u00fc ara\\u015ft\\u0131rma yapt\\u0131. 1982 y\\u0131l\\u0131nda Devlet Planlama Te\\u015fkilat\\u0131 AET Dairesini (Genel M\\u00fcd\\u00fcrl\\u00fck) kurdu. 1985-1990 y\\u0131llar\\u0131nda Paris\\u2019te, OECD T\\u00fcrkiye B\\u00fcy\\u00fckel\\u00e7ili\\u011fi\\u2019nde Planlama M\\u00fc\\u015faviri olarak \\u00e7al\\u0131\\u015ft\\u0131. 1990-1992 y\\u0131llar\\u0131nda Ba\\u015fbakanl\\u0131k Ba\\u015fm\\u00fc\\u015favirli\\u011fi\\u2019ne atand\\u0131. 1991 y\\u0131l\\u0131nda Anadolu \\u00dcniversitesi\\u2019ne ge\\u00e7mi\\u015f, 2014 y\\u0131l\\u0131nda emekli olmu\\u015ftur. Bu s\\u00fcre i\\u00e7inde \\u0130ktisadi Geli\\u015fme ve Uluslararas\\u0131 Geli\\u015fme Anabilim Dal\\u0131 Ba\\u015fkanl\\u0131\\u011f\\u0131, 2010-2013 d\\u00f6neminde \\u0130ktisat Fak\\u00fcltesi Dekanl\\u0131\\u011f\\u0131 yapm\\u0131\\u015ft\\u0131r. Uluslararas\\u0131 Ekonomi, T\\u00fcrkiye Ekonomisi, Avrupa Birli\\u011fi ve Uluslararas\\u0131 Ekonomik \\u0130li\\u015fkiler konular\\u0131nda 24 kitab\\u0131, 12 ortak ve 3 \\u00e7eviri eseri vard\\u0131r. Ortak yazarl\\u0131 bir ders kitab\\u0131 T\\u00dcBA \\u00fcniversite ders kitaplar\\u0131 2012 y\\u0131l\\u0131 telif ve \\u00e7eviri eser \\u00f6d\\u00fcl\\u00fc olmak \\u00fczere 6 bilimsel ara\\u015ft\\u0131rma \\u00f6d\\u00fcl\\u00fcne sahiptir. Eski\\u015fehir Sakarya gazetesi ile Turkish Forum\\u2019da (ABD) haftal\\u0131k g\\u00fcncel yaz\\u0131lar\\u0131 yay\\u0131nlanmaktad\\u0131r. \\u00d6zge\\u00e7mi\\u015fi WHO\\u2019s WHO D\\u00fcnya, Asya ve T\\u00fcrkiye bask\\u0131lar\\u0131nda yer alm\\u0131\\u015ft\\u0131r.\"}]}<\/script>\n<!-- \/ Yoast SEO plugin. -->","_links":{"self":[{"href":"https:\/\/millidusunce.com\/misak\/wp-json\/wp\/v2\/posts\/229"}],"collection":[{"href":"https:\/\/millidusunce.com\/misak\/wp-json\/wp\/v2\/posts"}],"about":[{"href":"https:\/\/millidusunce.com\/misak\/wp-json\/wp\/v2\/types\/post"}],"author":[{"embeddable":true,"href":"https:\/\/millidusunce.com\/misak\/wp-json\/wp\/v2\/users\/3"}],"replies":[{"embeddable":true,"href":"https:\/\/millidusunce.com\/misak\/wp-json\/wp\/v2\/comments?post=229"}],"version-history":[{"count":0,"href":"https:\/\/millidusunce.com\/misak\/wp-json\/wp\/v2\/posts\/229\/revisions"}],"wp:featuredmedia":[{"embeddable":true,"href":"https:\/\/millidusunce.com\/misak\/wp-json\/wp\/v2\/media\/239"}],"wp:attachment":[{"href":"https:\/\/millidusunce.com\/misak\/wp-json\/wp\/v2\/media?parent=229"}],"wp:term":[{"taxonomy":"category","embeddable":true,"href":"https:\/\/millidusunce.com\/misak\/wp-json\/wp\/v2\/categories?post=229"},{"taxonomy":"post_tag","embeddable":true,"href":"https:\/\/millidusunce.com\/misak\/wp-json\/wp\/v2\/tags?post=229"}],"curies":[{"name":"wp","href":"https:\/\/api.w.org\/{rel}","templated":true}]}}