{"id":247,"date":"2017-10-08T12:59:55","date_gmt":"2017-10-08T09:59:55","guid":{"rendered":"http:\/\/misak.millidusunce.com\/?p=247"},"modified":"2018-03-10T11:18:15","modified_gmt":"2018-03-10T08:18:15","slug":"referandum-2nci-israil-mi","status":"publish","type":"post","link":"https:\/\/millidusunce.com\/misak\/referandum-2nci-israil-mi\/","title":{"rendered":"REFERANDUM 2\u2019NC\u0130 \u0130SRA\u0130L M\u0130?"},"content":{"rendered":"<p><img loading=\"lazy\" decoding=\"async\" class=\"alignnone size-full wp-image-249\" src=\"http:\/\/misak.millidusunce.com\/wp-content\/uploads\/2017\/10\/4Barzani-1.jpg\" alt=\"\" width=\"902\" height=\"651\" srcset=\"https:\/\/millidusunce.com\/misak\/wp-content\/uploads\/2017\/10\/4Barzani-1.jpg 902w, https:\/\/millidusunce.com\/misak\/wp-content\/uploads\/2017\/10\/4Barzani-1-150x108.jpg 150w, https:\/\/millidusunce.com\/misak\/wp-content\/uploads\/2017\/10\/4Barzani-1-300x217.jpg 300w, https:\/\/millidusunce.com\/misak\/wp-content\/uploads\/2017\/10\/4Barzani-1-768x554.jpg 768w\" sizes=\"auto, (max-width: 902px) 100vw, 902px\" \/><\/p>\n<p style=\"text-align: right;\"><strong>Kay\u0131ttan metne aktaran ve foto\u011fraflar:<br \/>\nHasan \u00c7eki\u00e7<\/strong><\/p>\n<p style=\"text-align: left;\"><em>ANKA Enstit\u00fcs\u00fc Ba\u015fkan\u0131 Prof. Dr. Sencer \u0130mer,<br \/>\nMill\u00ee D\u00fc\u015f\u00fcnce Merkezi\u2019nin 387. Bilgi \u015e\u00f6leni\u2019nde<br \/>\nBarzani\u2019nin referandumunu de\u011ferlendirdi.<br \/>\nKonferans kayd\u0131ndan de\u015fifre edilen konu\u015fmas\u0131 \u015f\u00f6yledir:<\/em><\/p>\n<p><strong>Nil\u2019le F\u0131rat aras\u0131nda Davud y\u0131ld\u0131z\u0131<\/strong><\/p>\n<p>Irak\u2019ta yap\u0131lan referandum farkl\u0131 de\u011ferlendirmelere tabi tutuldu. Bir tanesi, \u015fimdi art\u0131k her \u015fey olgunla\u015ft\u0131, art\u0131k bir devlet kurma zaman\u0131 geldi bizde devletimizi kuruyoruz d\u00fc\u015f\u00fcncesi.<\/p>\n<p>Di\u011fer bir d\u00fc\u015f\u00fcnce, Barzani\u2019nin s\u0131k\u0131nt\u0131 i\u00e7ersinde olmas\u0131, cumhurba\u015fkanl\u0131\u011f\u0131 s\u00fcresinin \u00e7oktan sona ermi\u015f olmas\u0131 ve tek adam olarak oray\u0131 y\u00f6netmesi sebebiyle b\u00fcy\u00fck bir tepkinin olmas\u0131, yolsuzluk yap\u0131lmas\u0131, tek tarafl\u0131 olarak Barzani\u2019nin zenginle\u015fmesi yani adaletsizli\u011fe sebebiyet vermesi. Bu oradaki K\u00fcrt toplumu i\u00e7erisinde, hatta Arap ve T\u00fcrkmenler aras\u0131nda ho\u015fnutsuzluk yaratm\u0131\u015ft\u0131. Bir se\u00e7im olsayd\u0131, belki Barzani yeniden se\u00e7ilmeyececkti. Onun kar\u015f\u0131s\u0131nda yer alan muhalif gruplar var, Goran hareketi gibi \u0130slami hareketler gibi. Bu durum da bir atak yapmas\u0131 gerekiyordu. Kendisini ve kendisi ile birlikte olanlar\u0131 kurtarabilmek i\u00e7in referandum yap\u0131ld\u0131. Referandum onu kahraman yapacak ve b\u00f6ylece de b\u00fct\u00fcn d\u00fcnyadaki K\u00fcrt halk\u0131n\u0131n idealini ger\u00e7ekle\u015ftirmi\u015f olacakt\u0131.<\/p>\n<p>Bir ba\u015fka de\u011ferlendirme ise \u00f6zellikle Netanyahu\u2019nun, \u0130srail \u015fahin kanad\u0131n\u0131n, isterseniz ona Siyonist kanad\u0131n\u0131nki, \u0130srail i\u00e7ersinde \u015fu an g\u00fc\u00e7l\u00fcler. Onlar ideallerini ger\u00e7ekle\u015ftirmek istiyorlar. \u0130dealleri de malum bayraklar\u0131ndaki ideal. \u0130srail\u2019den ba\u015fka d\u00fcnyada hi\u00e7bir millet idealini bayraklar\u0131na yazm\u0131\u015f de\u011fil. Bayra\u011f\u0131na ideallerini yazan tek devlet de diyebiliriz. \u0130ki tane mavi \u00e7izgi, \u00e7izgilerden bir tanesi F\u0131rat Nehri di\u011feri Nil Nehri, aras\u0131nda da Hz. Davut\u2019un y\u0131ld\u0131z\u0131. Yani buras\u0131 bize vaat edilmi\u015f topraklard\u0131r. Burada biz devletimizi kuraca\u011f\u0131z. Bu taa \u0130srail&#8217;in ba\u015flang\u0131c\u0131ndan beri devam etmektedir.<\/p>\n<p><strong>\u0130srail ve ABD\u2019de \u015fahinler ve di\u011ferleri<\/strong><\/p>\n<p>Osmanl\u0131 devleti zaman\u0131nda da biliyorsunuz bunun uzant\u0131lar\u0131 var. Abd\u00fclhamid\u2019le olan g\u00f6r\u00fc\u015fmeleri hat\u0131rlay\u0131n\u0131z. Neticede \u0130kinci D\u00fcnya Sava\u015f\u0131 sonunda kurduklar\u0131 \u0130srail devleti k\u00fc\u00e7\u00fck bir par\u00e7a iken yava\u015f yava\u015f, b\u00fcy\u00fcye b\u00fcy\u00fcye bug\u00fcnk\u00fc haline geldi. Ve orada tabi Birle\u015fmi\u015f Milletler karar\u0131na g\u00f6re, bir Filistin devleti ile \u0130srail devletinin yan yana olmalar\u0131 gerekiyordu. Fakat Filistin Devleti\u2019ne verilen topraklar Bat\u0131 \u015eeria ve Gazze b\u00f6lgeleri. Kud\u00fcs bu noktada b\u00fct\u00fcn dinlerin kutsal sayd\u0131\u011f\u0131 bir yer. Oras\u0131 da yar\u0131s\u0131 M\u00fcsl\u00fcmanlara yani Filistin Devleti\u2019ne terk edilecekti. Fakat maalesef durum b\u00f6yle olmad\u0131. S\u00fcrekli yerle\u015fim yerleri kurmak suretiyle agresif bir politikayla \u0130srail \u015fahin kanat ilerlemeye devam etti ve \u015fu anda de facto olarak Bat\u0131 \u015eeria\u2019n\u0131n b\u00fcy\u00fck bir k\u0131sm\u0131n\u0131 kontrol etmekteler. Gazze\u2019de de \u00e7ok b\u00fcy\u00fck s\u0131k\u0131nt\u0131lar var. S\u00fcrekli ikiye b\u00f6l\u00fcnm\u00fc\u015f olan Filistin toplumundan bahsediyoruz. Birisi Hamas birisi El Fetih. \u0130kisi \u015fu anda birle\u015fmi\u015f g\u00f6r\u00fcn\u00fcyor ama devam\u0131 olur mu? Bilmiyorum. Buradaki ikilem de bir noktada \u0130srail ile olan m\u00fccadelenin nas\u0131l yap\u0131laca\u011f\u0131 konusundaki farkl\u0131 yakla\u015f\u0131mlarla ilgili. Hamas\u2019ta tabi b\u00fct\u00fcn \u0130srail ve ba\u011fl\u0131 olan g\u00fc\u00e7ler ve bat\u0131 g\u00fc\u00e7leri taraf\u0131ndan ter\u00f6r \u00f6rg\u00fct\u00fc olarak kabul edilmekte.<\/p>\n<p><strong>\u201c\u015euna bir Nobel verin de kurtulal\u0131m!\u201d<\/strong><\/p>\n<p>Biz bunu b\u00f6yle kabul etmiyoruz ama \u00f6yle kabul edilmekte. Bundan \u00f6nceki ba\u015fkan Obama, iki d\u00f6nem ba\u015fkanl\u0131k yapt\u0131. Ba\u015fkanl\u0131\u011f\u0131 esnas\u0131nda Obama, \u0130srail Filistin bar\u0131\u015f\u0131n\u0131 ger\u00e7ekle\u015ftiren ba\u015fkan olarak tarihe ge\u00e7mek istedi. Hedefi buydu. Ama bunu ger\u00e7ekle\u015ftiremedi. T\u0131pk\u0131 daha \u00f6nce Camp David Antla\u015fmas\u0131 ger\u00e7ekle\u015ftirdikleri gibi. O zamanki Amerikan devlet ba\u015fkan\u0131 M\u0131s\u0131r ile \u0130srail devleti aras\u0131nda bar\u0131\u015f temin etti\u011fi gibi. Bu defa da \u0130srail ile Filistin aras\u0131ndaki bar\u0131\u015f\u0131 ben temin edece\u011fim dedi. O zamanki d\u0131\u015fi\u015fleri bakan\u0131 Kerry \u2018i g\u00f6nderdi. Kerry s\u00fcrekli olarak bir Filistin\u2019e bir \u0130srail\u2019e gidip gidip geldi. Zaman\u0131n b\u00fcy\u00fck bir k\u0131sm\u0131n\u0131 orada ge\u00e7irdi. Fakat sonu\u00e7 alamad\u0131. Almas\u0131 da m\u00fcmk\u00fcn de\u011fildi. \u00c7\u00fcnk\u00fc, \u0130srail \u015fahin kanad\u0131 bunu kabul etmesi m\u00fcmk\u00fcn de\u011fildi. Hatta \u0130srail Savunma Bakan\u0131 Yaalon \u00e7ok a\u00e7\u0131k olarak\u00a0<strong><em>\u201c\u015eu adama Nobel Bar\u0131\u015f m\u00fckafat\u0131 verelim de art\u0131k o da rahata ersin biz de rahata erelim. Bu da ikide bir oraya buraya gidip bizim rahat\u0131m\u0131z\u0131 bozmas\u0131n\u201d <\/em><\/strong>dedi. Tabi bu bir skandald\u0131. Bu skandal\u0131 derhal Amerikan h\u00fck\u00fcmeti protesto etti. \u0130srail\u2019de \u00f6z\u00fcr dilemek zorunda kald\u0131. Yaalon ger\u00e7e\u011fi ifade etti. S s\u00f6yledi\u011fi do\u011fruydu. Zaten bu konuda iki g\u00f6r\u00fc\u015f Amerika\u2019da da m\u00fccadele halinde. Bunlardan bir tanesi tek \u0130srail olsun.\u00a0 Filistin Devleti diye bir \u015fey olmas\u0131n. Filistinliler bunun i\u00e7erisinde erisin. Onlar da i\u015fte burada i\u015fg\u00fcc\u00fc olarak ya\u015fas\u0131nlar. Bir k\u0131sm\u0131 da gitsin ba\u015fka yerlere. Biz orada rahat\u00e7a devlet olal\u0131m Bat\u0131 \u015eeria da Gazze de, buna Kud\u00fcs de dahil olsun. Tek devlet fikrine Obama kar\u015f\u0131 idi. Amerika i\u00e7erisindeki \u015fahin kanat, onun i\u00e7in Obama\u2019y\u0131 ger\u00e7ek\u00e7i olmayan ba\u015fkan olarak vas\u0131fland\u0131r\u0131yordu.<\/p>\n<p><strong>Murs\u00ee\u2019den Mavi Marmara\u2019ya Obama<\/strong><\/p>\n<p>Kar\u015f\u0131 d\u00fc\u015f\u00fcncedekiler iki devletli \u00e7\u00f6z\u00fcm\u00fc savunuyordu. Biz de iki devletli \u00e7\u00f6z\u00fcmden yanay\u0131z. Ama tek devletli \u00e7\u00f6z\u00fcm sanki yava\u015f yava\u015f a\u011f\u0131rl\u0131k kazanmaya ba\u015flad\u0131. Netanyahu bir\u00e7ok a\u00e7\u0131klamalar\u0131nda bunu a\u00e7\u0131k\u00e7a dile getirdi \u00a0Her ne kadar bazen d\u0131\u015far\u0131ya verdi\u011fi deme\u00e7lerde iki devletli \u00e7\u00f6z\u00fcme de hay\u0131r demiyoruz dese de, ger\u00e7ekte iki devletli \u00e7\u00f6z\u00fcme hay\u0131r diyen tek devlet isteyen bir tutum i\u00e7erisinde bulun du\u011fu \u00e7ok a\u00e7\u0131k. Bunun i\u00e7in \u015fans\u0131n en iyi \u015fu anda oldu\u011funu s\u00f6yl\u00fcyor. Neticede Obama\u2019n\u0131n gayretleri sonu\u00e7 vermedi. Bu arada Mavi Marmara gemisi hik\u00e2yesi ortaya \u00e7\u0131kt\u0131. Bana kal\u0131rsa bu da Netanyahu h\u00fck\u00fcmetini zora sokmak i\u00e7in Obama h\u00fck\u00fcmetinin bilgi ve deste\u011fi d\u00e2hilinde yap\u0131lm\u0131\u015f olan bir hareketti.<\/p>\n<p>Obama h\u00fck\u00fcmetinin yapt\u0131\u011f\u0131 i\u015flerden bir tanesi de Hamas\u2019la El Fetih\u2019i birle\u015ftirme te\u015febb\u00fcs\u00fcyd\u00fc. Ki kar\u015f\u0131lar\u0131nda tek bir Filistin grubu olsun. \u0130srail ile b\u00f6yle g\u00f6r\u00fc\u015fmek suretiyle problem \u00e7\u00f6z\u00fcls\u00fcn. Bunu ger\u00e7ekle\u015ftirebilmek i\u00e7in de T\u00fcrkiye\u2019den faydalan\u0131lm\u0131\u015ft\u0131r. T\u00fcrkiye\u2019nin Hamas \u00fczerindeki etkisi kullan\u0131lm\u0131\u015ft\u0131r. \u00d6zellikle Hamas\u2019\u0131n siyasi lideri \u015eam\u2019dan Katar\u2019a ge\u00e7mi\u015ftir. \u0130kisi b\u00f6ylece birle\u015ferek tek cephe haline getirilmeye \u00e7al\u0131\u015f\u0131lm\u0131\u015ft\u0131r. G\u00f6r\u00fc\u015fmeler sonu\u00e7 vermemi\u015ftir. Bu arada M\u0131s\u0131r da kullan\u0131lm\u0131\u015ft\u0131r. \u00c7\u00fcnk\u00fc M\u0131s\u0131r\u2019daki M\u00fcsl\u00fcman Karde\u015fler \u00f6rg\u00fct\u00fcyle de Hamas aras\u0131nda b\u00fcy\u00fck yak\u0131nl\u0131k ve benzerlikler vard\u0131r. Dolay\u0131s\u0131yla bu etki de de\u011ferlendirilmeye \u00e7al\u0131\u015f\u0131lm\u0131\u015ft\u0131r. Mursi\u2019den de bu \u00e7er\u00e7evede belli \u00f6l\u00e7\u00fcde faydalan\u0131lmaya \u00e7al\u0131\u015f\u0131lm\u0131\u015ft\u0131r. Zaman i\u00e7inde bunlara ihtiya\u00e7 kalmay\u0131nca da onlar da kenara konmu\u015ftur.<\/p>\n<p><img loading=\"lazy\" decoding=\"async\" class=\"alignnone size-large wp-image-243\" src=\"http:\/\/misak.millidusunce.com\/wp-content\/uploads\/2017\/10\/IMG_8304-1024x683.jpg\" alt=\"\" width=\"1024\" height=\"683\" srcset=\"https:\/\/millidusunce.com\/misak\/wp-content\/uploads\/2017\/10\/IMG_8304-1024x683.jpg 1024w, https:\/\/millidusunce.com\/misak\/wp-content\/uploads\/2017\/10\/IMG_8304-150x100.jpg 150w, https:\/\/millidusunce.com\/misak\/wp-content\/uploads\/2017\/10\/IMG_8304-300x200.jpg 300w, https:\/\/millidusunce.com\/misak\/wp-content\/uploads\/2017\/10\/IMG_8304-768x512.jpg 768w\" sizes=\"auto, (max-width: 1024px) 100vw, 1024px\" \/><\/p>\n<p>Bizim gemi te\u015febb\u00fcs\u00fcm\u00fcz malum bizim kendi kendimize yapt\u0131\u011f\u0131m\u0131z bir \u015fey olarak g\u00f6r\u00fcnse de bir taraftan destek ve i\u015faret ald\u0131\u011f\u0131 kanaatindeyim. Nitekim o hadiseden sonra da bizim taleplerimiz neydi? Gazze\u2019ye yard\u0131mlar\u0131n ula\u015fmas\u0131, \u00f6z\u00fcr dilenmesi, tazminat \u00f6denmesi ve ablukan\u0131n kald\u0131r\u0131lmas\u0131. Abluka kald\u0131r\u0131lmad\u0131, \u00f6z\u00fcr dilendi bir \u015fekilde, tazminat \u00f6dendi bir \u015fekilde ve mesele b\u00f6ylece kapanm\u0131\u015f oldu. T\u00fcrkiye burada kendi kendine ba\u011f\u0131ms\u0131z hareket ediyordu veya Mursi ba\u011f\u0131ms\u0131z hareket ediyordu dersek bu olaylar\u0131 g\u00f6zden ka\u00e7\u0131rm\u0131\u015f oluruz diye d\u00fc\u015f\u00fcn\u00fcyorum. Bu etkileri g\u00f6rmek laz\u0131m.<\/p>\n<p><strong>Trump, ABD ve \u00c7in<\/strong><\/p>\n<p>Trump i\u015f ba\u015f\u0131na geldi\u011fi zaman, gelmeden \u00f6nce de biliyorsunuz bir tak\u0131m planlar\u0131 vard\u0131. Kimse Trump\u2019\u0131n gelece\u011fini tahmin etmiyordu.\u00a0 Clinton \u00f6nde g\u00f6steriliyordu. Ben o zaman televizyonlarda Trump gelecek diyordum. \u015euna dayan\u0131yordum: Amerika Birle\u015fik Devletleri\u2019nde iki tane grup var; bir tanesi paradan para kazanan k\u00fcreselci grup, bir tanesi de \u00fclke i\u00e7erisindeki orta s\u0131n\u0131f\u0131 temsil eden imalat sanayisine \u00f6nem veren grup. Bunlar\u0131n yan\u0131nda yer alan bir ki\u015fi olarak Trump sahneye s\u00fcr\u00fcld\u00fc. Ve \u00fcretimi tekrar Amerika\u2019ya getirmek, yani \u00c7in\u2019e kapt\u0131rmamak, Avrupa\u2019ya kapt\u0131rmamak, b\u00f6ylece sanayi g\u00fcc\u00fc olarak tekrar devam etmeyi hedefliyordu Trump\u2019\u0131n b\u00f6yle yapmas\u0131n\u0131n sebebi de b\u00fcy\u00fcme h\u0131zlar\u0131na bak\u0131ld\u0131\u011f\u0131nda g\u00f6r\u00fcl\u00fcr. Amerika\u2019n\u0131n b\u00fcy\u00fcme h\u0131z\u0131 2,5 ise, \u00c7in\u2019in b\u00fcy\u00fcme h\u0131z\u0131 y\u00fczde 6,5-7 civarlar\u0131nda. \u0130kinci ekonomi durumunda olan \u00c7in, 8-10 y\u0131l i\u00e7erisinde Amerika\u2019y\u0131 yakalam\u0131\u015f ve ge\u00e7mi\u015f oluyor. Zaten ulusal g\u00fc\u00e7 unsurlar\u0131na bakt\u0131\u011f\u0131n\u0131z zaman \u00c7in\u2019in \u015fu anda Amerika\u2019y\u0131 bir\u00e7ok alanda ge\u00e7ti\u011fini g\u00f6r\u00fcyorsunuz.<\/p>\n<p>Mesela enerji t\u00fcketimine bakal\u0131m; enerji t\u00fcketiminde \u015fu anda b\u00fcy\u00fck bir n\u00fcfusu oldu\u011fu i\u00e7in \u00c7in Amerika\u2019n\u0131n \u00f6n\u00fcnde. D\u00fcnyan\u0131n birinci enerji t\u00fcketen \u00fclkesi \u015fu anda \u00c7in&#8217;dir\u0130kincisi n\u00fcfus \u00fcst\u00fcnl\u00fc\u011f\u00fc var. \u00dc\u00e7\u00fcnc\u00fcs\u00fc \u00e7elik \u00fcretimi \u00c7elik \u00fcretimi sanayile\u015fmi\u015f \u00fclkelerin de\u011ferlendirilmesinde bir \u00f6l\u00e7\u00fctt\u00fcr. \u00c7elik \u00fcretiminde \u00c7in 800 milyon tonda. Bununla mukayese edilecek \u00fclke Japonya. Japonlar 120 milyon ton civar\u0131nda. Amerikal\u0131lar 90 milyon ton civar\u0131nda. Onlardan sonra da Rusya, Hindistan gibi \u00fclkeler gelmekte. Bunlar\u0131n hepsini toplad\u0131\u011f\u0131n\u0131z zaman \u00c7in etmiyor gene. 18 Avrupa Birli\u011fi \u00fclkesini sayarsan\u0131z 200 milyon ton, o da yetmiyor. Bu \u00e7elik ne olur? Yenmez i\u00e7ilmez, altyap\u0131 olur, \u00fcst yap\u0131 olur, makineler haline d\u00f6n\u00fc\u015f\u00fcr ve d\u00fcnya pazarlar\u0131n\u0131 i\u015fgal eder. \u015eu anda olan da budur zaten.<\/p>\n<p><img loading=\"lazy\" decoding=\"async\" class=\"alignnone size-large wp-image-242\" src=\"http:\/\/misak.millidusunce.com\/wp-content\/uploads\/2017\/10\/IMG_8297-1024x683.jpg\" alt=\"\" width=\"1024\" height=\"683\" srcset=\"https:\/\/millidusunce.com\/misak\/wp-content\/uploads\/2017\/10\/IMG_8297-1024x683.jpg 1024w, https:\/\/millidusunce.com\/misak\/wp-content\/uploads\/2017\/10\/IMG_8297-150x100.jpg 150w, https:\/\/millidusunce.com\/misak\/wp-content\/uploads\/2017\/10\/IMG_8297-300x200.jpg 300w, https:\/\/millidusunce.com\/misak\/wp-content\/uploads\/2017\/10\/IMG_8297-768x512.jpg 768w\" sizes=\"auto, (max-width: 1024px) 100vw, 1024px\" \/><\/p>\n<p>\u015eimdi bu durum kar\u015f\u0131s\u0131nda Amerika bakt\u0131 ki i\u015fler k\u00f6t\u00fcye gidiyor,\u00a0 tamamen kaybediyoruz, parayla bunu geri almak m\u00fcmk\u00fcn de\u011fil. \u015eu an askeri olarak ve teknoloji olarak \u00fcst\u00fcnl\u00fc\u011f\u00fc var. Bu \u00fcst\u00fcnl\u00fc\u011f\u00fcn\u00fc kullanarak bir \u015feyler yapmak istiyor. Ve bunu yaparken de rakibi \u00c7in\u2019in \u00f6ne ge\u00e7mesini engellemeye \u00e7al\u0131\u015f\u0131yor. \u00c7in, enerji bak\u0131m\u0131ndan son derece d\u0131\u015far\u0131ya ba\u011f\u0131ml\u0131 bir \u00fclke. Petrol ve gaz\u0131 yeterli de\u011fil. Enerji t\u00fcketimi gittik\u00e7e artmakta bunun kar\u015f\u0131lanmas\u0131 ve g\u00fcvence alt\u0131na al\u0131nmas\u0131 laz\u0131m. Bunu temin edece\u011fi yerler Orta Asya, Rusya ve Ortado\u011fu b\u00f6lgesi. O halde bu b\u00f6lgeden oraya ge\u00e7en yollar\u0131 da Amerika\u2019n\u0131n kontrol etmesi gerekiyor. Zaten k\u00f6rfezi kontrol ediyor. Her \u015feyden \u00f6nce Malakka bo\u011faz\u0131 \u00c7in\u2019e Japonya\u2019ya ve di\u011fer taraflara giden gemilerin ge\u00e7ti\u011fi bir kanal. Bu kanal da Amerikan deniz kuvvetlerinin kontrol\u00fc alt\u0131nda. \u00c7inliler de donanmalar\u0131n\u0131 g\u00fc\u00e7lendirmeye \u00e7al\u0131\u015f\u0131yor. Ama daha zaman ihtiya\u00e7lar\u0131 var. 1 tane u\u00e7ak gemileri var. \u00a0Hani Ukrayna\u2019dan alm\u0131\u015flar ve Bo\u011fazlardan ge\u00e7erken bize jiet yapacaklar\u0131n\u0131 s\u00f6ylemi\u015flerdi; o gemi. Amerikal\u0131lar\u0131n benim bildi\u011fim 12 civar\u0131nda u\u00e7ak gemisi var. \u015eimdi bir tane de modern bir gemi devreye soktu. Daha 5 tane daha k\u0131za\u011fa koydular. Amerikal\u0131lar\u0131n stratejisi \u015f\u00f6yle: Biz denizlerle kendimizi koruruz. Olaylar Amerikan topraklar\u0131na intikal etmeden biz bunu yerinde hallederiz, yok ederiz.<\/p>\n<p><strong>Bu karma\u015fada Netenyahu ve Barzani<\/strong><\/p>\n<p>Netanyahu b\u00fct\u00fcn bu i\u015fler olurken f\u0131rsat bu f\u0131rsat biz \u015fu i\u015fimizi bitirelim d\u00fc\u015f\u00fcncesiyle te\u015febb\u00fcse ge\u00e7ti. Amerika bir noktada \u00c7in\u2019le m\u00fccadele etmekteyken o da bu f\u0131rsat\u0131 kendi \u00e7\u0131karlar\u0131 do\u011frultusunda de\u011ferlendirilecek bir ortam olarak g\u00f6rmektedir.<\/p>\n<p>Barzani\u2019nin yapm\u0131\u015f oldu\u011fu harekete esasen ak\u0131ll\u0131ca bir hareket denemez. Barzani b\u00f6yle bir hareketi yaparsa sonunda Irak Merkezi H\u00fck\u00fcmetinin \u0130ran\u2019la beraber hareket edece\u011fini bilmesi laz\u0131m. Bunu g\u00f6rd\u00fc\u011f\u00fc anda da s\u0131k\u0131nt\u0131 olacakt\u0131r. O halde bu s\u0131k\u0131nt\u0131y\u0131 belki kas\u0131tl\u0131 olarak yaratarak \u0130srail\u2019in belki Suriye\u2019deki bar\u0131\u015f\u0131n teminini zorla\u015ft\u0131rmas\u0131n\u0131 sa\u011flamak. Suriye i\u00e7 sava\u015f\u0131 bitmi\u015f gibi g\u00f6r\u00fcnse de yeniden alevlenebilir ve onun pe\u015findeler. Bunu yaparken de \u0130\u015e\u0130D\u2019i kulland\u0131lar. \u0130\u015e\u0130D\u2019in yerine yeni organizasyonlar yaratabilirler. Nusra bunlardan bir tanesi. Yani burada hem etnik farkl\u0131l\u0131klar\u0131 hem dini farkl\u0131l\u0131klar\u0131 \u00f6ne \u00e7\u0131karmak suretiyle b\u00f6yle bir te\u015febb\u00fcs i\u00e7indeler.<\/p>\n<p>Trump \u0130srail \u015fahin kanad\u0131na ho\u015f g\u00f6r\u00fcnmeye \u00e7al\u0131\u015farak dedi ki <strong><em>\u201cAmerika B\u00fcy\u00fckel\u00e7ili\u011fi\u2019ni Telaviv\u2019den Kud\u00fcs\u2019e ta\u015f\u0131yaca\u011f\u0131m.\u201d Bu <\/em><\/strong>b\u00fcy\u00fck protestolara yol a\u00e7t\u0131. Buna ni\u00e7in yapt\u0131? \u015eahin kanada \u015fu mesaj\u0131 verdi. Biz sizin yan\u0131n\u0131zday\u0131z, sizinle beraberiz, merak etmeyin siz de beni destekleyin, bana problem \u00e7\u0131karmay\u0131n. Fakat bu yapt\u0131\u011f\u0131 te\u015febb\u00fcs netice vermemi\u015ftir. Trump b\u00fcy\u00fck darbeler alm\u0131\u015ft\u0131r. Ald\u0131\u011f\u0131 darbelerin ba\u015f\u0131nda bas\u0131ndaki taarruzlar ve ayaklanmalar geliyor. Ayaklanmalar\u0131n arkas\u0131nda George Soros\u2019un oldu\u011fu iddias\u0131 bas\u0131na d\u00fc\u015ft\u00fc. Trump \u00a0Amerika i\u00e7inde istedi\u011fi rahatl\u0131\u011f\u0131 sa\u011flayamam\u0131\u015ft\u0131r. Bir\u00e7ok skandalla kar\u015f\u0131 kar\u015f\u0131ya kalm\u0131\u015ft\u0131r. Bir\u00e7ok adam\u0131n\u0131 kaybetmi\u015ftir.<\/p>\n<p>Amerika i\u00e7ersinde sadece \u015fahin kanat yok. \u0130srail\u2019in yan\u0131nda yer alan bir Musevi kanat var. Bunun kar\u015f\u0131s\u0131nda b\u00f6yle d\u00fc\u015f\u00fcnmeyen, \u0130srail\u2019in bu \u015fekilde hareket etmesini Yahudili\u011fin sonunu getirece\u011fini d\u00fc\u015f\u00fcn\u00fcn Yahudiler de var.<\/p>\n<p><strong>T\u00fcrk d\u0131\u015f politikas\u0131n\u0131n hatalar\u0131<\/strong><\/p>\n<p>D\u0131\u015f politikada, bizim h\u00fck\u00fcmetimizin gayet tabi yapt\u0131\u011f\u0131 \u00e7ok ciddi yanl\u0131\u015flar var. Bu yanl\u0131\u015flar\u0131n ba\u015f\u0131nda gelen \u015fey, bu olaylar\u0131 b\u00fct\u00fcn\u00fcyle g\u00f6remeyip maalesef gerek Irak\u2019ta gerek Suriye\u2019deki m\u00fccadelelerde yanl\u0131\u015f kuvvetlere destek vermek. Yani Amerikan tavsiyelerine uymak olmu\u015ftur. Bunun bedelini biz \u00e7ok a\u011f\u0131r olarak maalesef \u00f6dedik.\u00a0 \u0130n\u015fallah daha ilerde \u00f6demeyiz. En basitinden a\u00e7\u0131l\u0131m s\u00fcreci. A\u00e7\u0131l\u0131m s\u00fcreci maalesef d\u0131\u015f bask\u0131larla yapt\u0131lar ve problemin \u00e7\u00f6z\u00fclece\u011fini zannettiler. Bunun yanl\u0131\u015f oldu\u011fu ortaya \u00e7\u0131kt\u0131. Hendekler kazd\u0131lar vesaire yapt\u0131lar. Oradaki b\u00f6lge valilerine, kaymakamlara geri durun, g\u00fcvenlik g\u00fc\u00e7lerine m\u00fcdahale etmeyin dediler. Sonucunda bunun yanl\u0131\u015f oldu\u011fu ortaya \u00e7\u0131kt\u0131. Sonra ter\u00f6rle m\u00fccadeleye ba\u015fland\u0131.<\/p>\n<p>15 Temmuz\u2019dan sonra durumun daha da vahim oldu\u011fu g\u00f6r\u00fcld\u00fc. Maalesef bir dini \u00f6rg\u00fct, dini kullanmak suretiyle bizim b\u00fcrokrasimize, bizim mahkemelerimize, \u00fcniversitelerimize, ordumuza ve g\u00fcvenlik g\u00fczlerimize, istihbarat \u00f6rg\u00fctlerimizin i\u00e7erisine s\u0131zm\u0131\u015ft\u0131. Bu \u00e7ok ac\u0131 bir durum. T\u00fcrkiye\u2019de laiklik prensibinden uzakla\u015f\u0131lmas\u0131 neticesinde, dini hususlar\u0131 bu \u015fekilde kullanan g\u00fc\u00e7ler bizi bu hale soktular. O zaman Ba\u015fbakan \u015fimdi Cumhurba\u015fkan\u0131 \u201c<strong><em>Ey milletim affet beni biz yanl\u0131\u015f yapt\u0131k bunu d\u00fczeltece\u011fiz\u201d<\/em><\/strong>\u00a0dedi ve ter\u00f6rle m\u00fccadele ba\u015flad\u0131.<\/p>\n<p><strong>Barzani\u2019yi bir Barzani yapt\u0131k<\/strong><\/p>\n<p>Barzani\u2019yi taa \u00d6zal zaman\u0131ndan beri destekledik. PKK\u2019ya kar\u015f\u0131 bir unsur olarak g\u00f6rd\u00fck. Ve zannettik ki biz bunlarla bu problemi \u00e7\u00f6zeriz. Ben rahmetli \u00d6zal\u2019a dan\u0131\u015fmanl\u0131k yapt\u0131\u011f\u0131m zaman da \u00e7ok iyi hat\u0131rl\u0131yorum. Cumhurba\u015fkanl\u0131\u011f\u0131 K\u00f6\u015fk\u00fc\u2019nde koridorlarda, Barzani\u2019nin, Talabani\u2019nin silik \u015fahsiyetler olarak dola\u015ft\u0131klar\u0131n\u0131 g\u00f6rd\u00fcm. Ald\u0131klar\u0131 pasaportlar, yard\u0131mlar, ikide bir gelip gitmeler. Oran\u0131n in\u015fas\u0131, bu hale getirilmesi, tamamen bizim taraf\u0131m\u0131zdan yap\u0131lm\u0131\u015ft\u0131r. Bizim i\u015fadamlar\u0131m\u0131z bundan faydalar elde etmi\u015flerdir. \u0130n\u015faat faaliyetlerinden ticaret faaliyetlerinden faydalar elde etmi\u015flerdir. T\u00fcrkiye ekonomisine faydalar sa\u011flam\u0131\u015flard\u0131r. Ancak bunlar\u0131 yaparken\u00a0 Irak\u2019ta ya\u015fayan T\u00fcrklere, Suriye\u2019de ya\u015fayan T\u00fcrklere gereken ehemmiyeti veremedik. Bu \u00e7ok \u00f6nemlidir. Yani biz Barzani\u2019ye verdi\u011fimiz ehemmiyeti, \u00f6nemi, oradaki Irak T\u00fcrklerine, Suriye T\u00fcrklerine vermedik. Bunlar\u0131 yeterince desteklemedik. Bu yanl\u0131\u015ft\u0131. Bu Irak\u2019\u0131n toprak b\u00fct\u00fcnl\u00fc\u011f\u00fcne, Suriye\u2019nin toprak b\u00fct\u00fcnl\u00fc\u011f\u00fcne m\u00fcdahale anlam\u0131na gelmez. Onlar\u0131n kendilerini korumalar\u0131n\u0131 sa\u011flayacak \u015fartlar\u0131 yaratmam\u0131z gerekirdi. Nitekim biz bunu K\u0131br\u0131s\u2019ta 1950\u2019li y\u0131llarda Demokrat Parti H\u00fck\u00fcmeti ile yapt\u0131k. Bu do\u011fruydu. Oradaki K\u0131br\u0131s T\u00fcrklerine kendilerini koruyacak bir yap\u0131ya kavu\u015fturmalar\u0131, silahland\u0131r\u0131lmalar\u0131, K\u0131br\u0131s T\u00fcrklerinin ortadan kald\u0131r\u0131lmas\u0131n\u0131 \u00f6nlemi\u015f, Kuzey K\u0131br\u0131s T\u00fcrk Cumhuriyeti\u2019nin olu\u015fmas\u0131n\u0131 sa\u011flam\u0131\u015ft\u0131r. Aksi haldi oray\u0131 \u00e7oktan kaybetmi\u015f olacakt\u0131k. Demek ki biz burada \u00e7ok ciddi hata yapm\u0131\u015f oluyoruz. D\u0131\u015far\u0131dakiler bunu bize bu \u015fekilde telkin edebilirler, ama bu telkinlere bizim kar\u015f\u0131 koymam\u0131z gerekirdi. Maalesef kar\u015f\u0131 durulmam\u0131\u015ft\u0131r. Dolay\u0131s\u0131yla da onun bedelini \u00f6d\u00fcyoruz. Bir \u015fey de yapt\u0131\u011f\u0131m\u0131z yok.<\/p>\n<p>Bu halden cesaret alan Barzani, bizim de desteklememizle Kerk\u00fck\u2019ten \u00e7\u0131kan petrolleri, bizim \u00fczerimizden D\u00fcnya piyasalar\u0131na arz etmek suretiyle gelirlerini emniyet alt\u0131na ald\u0131. TIR\u2019lardan g\u00fcmr\u00fckten ge\u00e7erken para al\u0131yor, vergi al\u0131yor, hara\u00e7ta ald\u0131\u011f\u0131 s\u00f6yleniyor. Dolay\u0131s\u0131yla T\u00fcrkiye\u2019ye dayanarak bu hale geldi, g\u00fc\u00e7lendi. Pe\u015fmergenin g\u00fc\u00e7lenmesi konusunda da biz her t\u00fcrl\u00fc askeri deste\u011fi yard\u0131m\u0131 yapt\u0131k. Onlar\u0131 e\u011fittik, biz yapt\u0131k b\u00fct\u00fcn bunlar\u0131.<\/p>\n<p><strong>F\u0131rat Kalkan\u0131, Membi\u00e7 ve Afrin<\/strong><\/p>\n<p>Barzani\u2019nin referandumu oldu\u011fu zaman, ondan birka\u00e7 g\u00fcn \u00f6nce Suriye\u2019nin kuzeyinde kanton ad\u0131n\u0131 verdikleri yerlerde de referandum yap\u0131ld\u0131. Bu referandumda Abdullah \u00d6calan posterleri asarak, o posterlerin alt\u0131nda yapt\u0131lar bu referandumu. Bu olay oldu\u011funda kimse onu dikkate almad\u0131. Bu \u00e7ok a\u00e7\u0131k olarak g\u00f6r\u00fcl\u00fcyor ki me\u015fhur B\u00fcy\u00fck Ortado\u011fu Projesi, veya B\u00fcy\u00fck \u0130srail Projesi ad\u0131na ne derseniz deyin her hal\u00fckarda orda yarat\u0131lmak istenen olu\u015fumu \u00a0\u201cBarzanistan\u201d diyelim isterseniz, bu devleti Akdeniz\u2019e ula\u015ft\u0131rmak. Bunu yaparken de belli bir mesafe ald\u0131lar. Biz F\u0131rat Kalkan\u0131 harek\u00e2t\u0131 yaparak bunun \u00f6n\u00fcn\u00fc kesmeye \u00e7al\u0131\u015ft\u0131k. Bu do\u011fru bir hareketti. Ama ondan \u00f6nce S\u00fcleyman \u015eah T\u00fcrbesi\u2019nde yapt\u0131\u011f\u0131m\u0131z \u015fey herhalde do\u011fru bir hareket de\u011fildi. Yapt\u0131\u011f\u0131m\u0131z harek\u00e2tta kontrol etti\u011fimiz ikibin kilometrekarelik alanda bizim valilerimiz, bizim kaymakamlar\u0131m\u0131z, bizim emniyet m\u00fcd\u00fcrlerimiz ve g\u00fcvenlik g\u00fc\u00e7lerimiz g\u00f6rev yap\u0131yorlar. Ve orda emniyeti sa\u011flam\u0131\u015f vaziyette. Benim oradan, sahadan ald\u0131\u011f\u0131m bilgilere g\u00f6re oradaki ekonomi baya\u011f\u0131 rahatlam\u0131\u015f. Burada iki zay\u0131f nokta var. F\u0131rat Kalkan\u0131\u2019yla rahatlam\u0131\u015f olan b\u00f6lgenin elektrik ve su ihtiyac\u0131 Membi\u00e7\u2019ten sa\u011flan\u0131yor. Membi\u00e7\u2019i PYD kontrol ediyor. PYD bizim oraya girmemize izin vermedi. \u00d6n\u00fcm\u00fcz\u00fc kestiler. Amerikan askerleri girdi oraya. Daha sonra Rus askerleri de girdi. Biz oraya giremedik.<\/p>\n<p>Afrin b\u00f6lgesi\u2019de fevkalade \u00f6nemli. O b\u00f6lgenin mutlaka bizim kontrol\u00fcm\u00fczde olmas\u0131 gerekir. Bize zarar vermemesi laz\u0131m. \u00c7\u00fcnk\u00fc bizim Hatay b\u00f6lgemiz ondan zarar g\u00f6r\u00fcyor, PKK\u2019l\u0131lar y\u00fcz\u00fcnden. \u015eimdi burada bir harek\u00e2t yapsak gayet isabetli olur. Fakat dikkatinizi \u00e7ekiyorum. Biz bu harekata haz\u0131rl\u0131k yapt\u0131\u011f\u0131m\u0131z s\u0131rada T\u00fcrkiye ile Almanya m\u00fcnasebetleri bozuldu. Bu iki tarafta ajanlar taraf\u0131ndan organize edildi. \u00c7ok g\u00fczel yapt\u0131lar i\u015flerini. Bizim taraf\u0131m\u0131zda da, Alman taraf\u0131nda da bunu t\u0131rmand\u0131ranlar var. Bunlardan bir tanesini s\u00f6yleyeyim. Cem \u00d6zdemir, Ye\u015filler Partisi E\u015f Ba\u015fkan\u0131. \u015eu an Alman milletvekili. Cem \u00d6zdemir\u2019i \u015fahsen tan\u0131r\u0131m. 1990\u2019l\u0131 y\u0131llarda bir\u00e7ok toplant\u0131da beraber bulunduk. Ayn\u0131 otelde kald\u0131k, kahvalt\u0131 ettik. O zamanlar Cem \u00d6zdemir, mesela diyordu ki,\u00a0<strong><em>\u201cGayet tabi S\u00f6zde Ermeni Soyk\u0131r\u0131m\u0131 bizim taraf\u0131m\u0131zdan yap\u0131lan bir \u015fey de\u011fil, bu tarih\u00e7ilerin incelemesi gereken bir konudur,\u00a0 parlamentolar\u0131n incelemesi karar vermesi gereken bir konu de\u011fildir.\u201d<\/em><\/strong>\u00a0Fakat ne olduysa Cem \u00d6zdemir, birdenbire bir de\u011fi\u015fime u\u011frad\u0131. \u00c7\u00fcnk\u00fc istifa etmek zorunda kald\u0131. \u0130stifa sebebi de, resmi g\u00f6revindeki u\u00e7u\u015flar\u0131ndan biriken mil puanlar\u0131n\u0131, \u00f6zel u\u00e7u\u015f i\u00e7in kullanmas\u0131. T\u00fcrkiye\u2019de bu durum herhalde yolsuzluk olarak kabul edilmez. \u0130stifa ettikten sonra\u00a0The German Marshall Fund\u00a0adl\u0131 vak\u0131f Cem \u00d6zdemir\u2019i Amerika\u2019ya davet etti. Amerikanca \u00f6\u011frenmek \u00fczere, \u0130ngilizce de\u011fil, Amerikanca \u00f6\u011frenmek i\u00e7in gitti. 9 ay kadar kald\u0131, geri geldi. Sonra roket gibi bir \u00e7\u0131k\u0131\u015f yapt\u0131. Ve aniden Avrupa Parlamentosunda Ye\u015filler milletvekili oldu. Ondan sonra Ye\u015fillerin E\u015f Ba\u015fkan\u0131 oldu. Arkas\u0131ndan da 2016\u2019da ge\u00e7en sene s\u00f6zde Ermeni soyk\u0131r\u0131m\u0131 tasar\u0131s\u0131n\u0131 federal meclise getirdi ve problemi yaratt\u0131. S\u00fcrekli Alman H\u00fck\u00fcmeti\u2019ni Merkel\u2019e ra\u011fmen daha \u015fiddetli tedbirler almaya zorlama konusunda, s\u0131k s\u0131k konu\u015fuyordu. Acaba r\u00fczgar nereden esiyordu. Bizim tarafta da benzer adamlar, Cumhurba\u015fkan\u0131 yan\u0131nda yer alan birtak\u0131m kimseler, bunlar da ayn\u0131s\u0131n\u0131 buradan yap\u0131yorlard\u0131. Sorun t\u0131rmand\u0131 bu iki \u00fclke aras\u0131ndaki gerilim \u00e7\u00f6z\u00fclmedi.<\/p>\n<p>Barzani\u2019nin yapt\u0131\u011f\u0131 referandumda \u00e7izmi\u015f oldu\u011fu s\u0131n\u0131rlar bizim Urfa\u2019y\u0131 Antep\u2019i b\u00fct\u00fcn o b\u00f6lgeyi i\u00e7erisine alan bir harita. Bizim bunu kabul etmemiz m\u00fcmk\u00fcn de\u011fil. Nitekim h\u00fck\u00fcmet bunu kabul etmedi\u011fini ilan etti.<\/p>\n<p><strong>\u015eerden \u00e7\u0131kan hay\u0131r: B\u00f6lge \u00fclkelerinin i\u015f birli\u011fi<\/strong><\/p>\n<p>Bazen \u015ferden hay\u0131r \u00e7\u0131kar. Burada da bir hay\u0131r \u00e7\u0131kt\u0131. Bu da Tahran Ba\u011fdat Ankara aras\u0131nda meydana gelen \u00fc\u00e7l\u00fc i\u015fbirli\u011fi. \u00c7ok g\u00fczel bir \u015fey. Bu bana Sadabad \u00a0Pakt\u0131\u2019n\u0131 hat\u0131rlatt\u0131. Bu bana Ba\u011fdat Pakt\u0131\u2019n\u0131 hat\u0131rlatt\u0131. Bu b\u00f6lgede g\u00fc\u00e7 sahibi olan \u00fclkeler birlikte bu i\u015fe cevap verebilirler. D\u0131\u015far\u0131dan m\u00fcdahalenin \u00f6n\u00fcn\u00fcn kesmi\u015f olurlar.<\/p>\n<p>Cumhurba\u015fkan\u0131m\u0131z Tahran\u2019\u0131 gidiyor. Konu\u015fmalar\u0131 izledim. Ekonomi alan\u0131n\u0131 da kapsayacak \u015fekilde olumlu konu\u015fmalard\u0131 bunlar. Bunun devam etmesi ve derinle\u015fmesi laz\u0131m. \u00c7\u00fcnk\u00fc bizimle \u0130ran\u2019\u0131 kar\u015f\u0131 kar\u015f\u0131ya getirmeye \u00e7al\u0131\u015f\u0131yorlar. Nitekim rahmetli Erbakan zaman\u0131nda \u0130ran\u2019dan do\u011falgaz almak i\u00e7in te\u015febb\u00fcs etti\u011fimizde bunu engellemek i\u00e7in her \u015feyi yapt\u0131lar. Buna ra\u011fmen ger\u00e7ekle\u015ftirmi\u015ftir. \u0130yi ki ger\u00e7ekle\u015ftirmi\u015f. \u00c7\u00fcnk\u00fc T\u00fcrkiye ile \u0130ran aras\u0131ndaki bu do\u011falgaz hatt\u0131 bir noktada bir\u00e7ok \u015feyi \u00f6nleyen bir hatt\u0131r. Bizim gaz tedarik kayna\u011f\u0131m\u0131z\u0131 da \u00e7e\u015fitlendirmi\u015ftir.<\/p>\n<p><strong>Bizim T\u00fcrklere sahip \u00e7\u0131kmam\u0131z laz\u0131m<\/strong><\/p>\n<p>Barzani\u2019nin b\u00fct\u00fcn meselesi Kerk\u00fck\u2019\u00fc ele ge\u00e7irmektir. \u00c7\u00fcnk\u00fc, Kerk\u00fck bir noktada onun i\u00e7in para kayna\u011f\u0131d\u0131r. Irak\u2019\u0131n \u015fu anda tespit edilmi\u015f olan, g\u00fcvence alt\u0131nda olan 100 milyar varil Petrolu var. \u00dc\u00e7te biri Kerk\u00fck\u2019tedir. Yani 30 milyar varil diyelim buna. Ama ger\u00e7ekte be\u015fle \u00e7arpabilirsiniz. Bulunmas\u0131 ihtimal dahilinde olan rezervler de var \u00e7\u00fcnk\u00fc. Kerk\u00fck Petrolu \u00e7ok derinde de\u011fil, y\u00fczeyde ve \u00e7ok iyi kalitede. Petrol maliyeti de \u00e7ok d\u00fc\u015f\u00fck. \u00a030 milyar varil Kerk\u00fck petrol\u00fcn\u00fc 60 dolardan hesap edersek yakla\u015f\u0131k 2 trilyon dolar yapar. Tabi bunun hepsi Barzani\u2019ye kalmaz. Ama yine de ciddi bir para kalacak. Onun i\u00e7in Kerk\u00fck\u2019\u00fc istiyor. Do\u011falgaz var ayn\u0131 zamanda. Bu y\u00fczden oran\u0131n T\u00fcrkmen \u015fehri olmas\u0131ndan \u00e7\u0131kmas\u0131 i\u00e7in, Kerk\u00fck\u2019\u00fc almak i\u00e7in tapu kay\u0131tlar\u0131n\u0131 imha etti. Mezar ta\u015flar\u0131n\u0131 yok etti. Kerk\u00fck\u2019e kendi adamlar\u0131n\u0131 yerle\u015ftirdi. B\u00f6ylece n\u00fcfus yap\u0131s\u0131n\u0131 de\u011fi\u015ftirdi. En sonunda \u0130\u015e\u0130D\u2019i kullanarak oraya yerle\u015fti. \u015eimdi Merkez\u00ee H\u00fck\u00fcmet, kaybetti\u011fi bu haklar\u0131 geri alabilmek i\u00e7in te\u015febb\u00fcs i\u00e7erisinde ve bence do\u011fru yap\u0131yor. Desteklenmesi laz\u0131m. Bizim de her hal\u00fckarda T\u00fcrkmenlere daha \u00e7ok sahip \u00e7\u0131kmam\u0131z laz\u0131m.<\/p>\n<p>Barzani\u2019nin yapt\u0131\u011f\u0131 bu operasyona kar\u015f\u0131, Cumhurba\u015fkan\u0131m\u0131z, petrol vanas\u0131 elimizde bizde kapat\u0131r\u0131z dedi. Ben size s\u00f6yleyeyim, kapatamazs\u0131n\u0131z. \u00d6zal kapatt\u0131 do\u011fru. \u00d6zal kapatt\u0131\u011f\u0131nda b\u00fct\u00fcn D\u00fcnya Saddam\u2019a kar\u015f\u0131 oldu\u011fu i\u00e7in ba\u015fka bir ortam vard\u0131. \u015eimdi b\u00f6yle bir ortam yok. \u015eimdi onu kapatt\u0131\u011f\u0131n anda bunda petrol geliri olan Amerika ve \u0130ngiliz \u015firketleri hemen gereken protestoyu yaparlar. Amerikan ve \u0130ngiliz devleti \u00fczerinden \u00fczerimize bask\u0131 uygulayarak ertesi g\u00fcn veya bir s\u00fcre sonra a\u00e7t\u0131r\u0131rlar. Demek ki olmuyormu\u015f. Orda ya\u015fayan 5 milyon civar\u0131nda bir n\u00fcfus var. Bu n\u00fcfus\u2019un ihtiya\u00e7lar\u0131n\u0131n y\u00fczde sekseni T\u00fcrkiye taraf\u0131ndan kar\u015f\u0131lan\u0131yor. G\u0131das\u0131 da giyimi de, ba\u015fka ihtiya\u00e7lar\u0131 da\u2026<\/p>\n<p>T\u00fcrkiye\u2019de \u00a0bunu besleyen\u00a0bir ekonomi var. Bu ekonomi a\u011f\u0131rl\u0131kl\u0131 olarak G\u00fcneydo\u011fu Anadolu b\u00f6lgesinde bulunuyor. Buradaki insanlar zaten i\u015fsizlikle kar\u015f\u0131 kar\u015f\u0131ya. Siz onun \u00f6n\u00fcn\u00fcn kesti\u011finiz anda ne olacakt\u0131r? O insanlar i\u015fsiz kalacaklard\u0131r. Bunu da yapamazs\u0131n\u0131z. Yapamayaca\u011f\u0131n\u0131z \u015feyleri s\u00f6ylemeyeceksiniz. Bizim en b\u00fcy\u00fck hatam\u0131z, yapamayaca\u011f\u0131m\u0131z \u015feyleri s\u00f6ylememiz ve s\u00f6yledi\u011fimiz \u015feyleri de yapmamam\u0131z. Bu da neticede g\u00fcvenirlili\u011fimizi, inan\u0131rl\u0131l\u0131\u011f\u0131m\u0131z\u0131 \u015f\u00fcphe i\u00e7erisinde b\u0131rak\u0131yor. Kimse bize inanmaz hale geliyor.<\/p>\n<p>&nbsp;<\/p>\n<p><strong>Do\u011frular ve yanl\u0131\u015flar<\/strong><\/p>\n<p>Merkez\u00ee h\u00fck\u00fcmetin ihtiya\u00e7lar\u0131 ve di\u011fer Arap \u00fclkelerine giden trafi\u011fi a\u00e7\u0131lacak yeni bir kap\u0131 \u00fczerinden yapmalar\u0131 do\u011fru bir giri\u015fimdir. \u0130ran \u00fczerinden yapmalar\u0131 da do\u011fru bir giri\u015fimdir. Ama bizim de Barzani\u2019yi s\u0131k\u0131\u015ft\u0131rmam\u0131z ona bunu hissettirmemiz laz\u0131m. K\u00fcrt halk\u0131n\u0131n b\u00fcy\u00fck bir k\u0131sm\u0131 biliyorsunuz bu olay olmadan \u00f6nce Barzani\u2019nin kar\u015f\u0131s\u0131nda yer alm\u0131\u015ft\u0131. Protesto y\u00fcr\u00fcy\u00fc\u015fleri, g\u00f6steriler vard\u0131. Yolsuzlu\u011fa kar\u015f\u0131 hareketler vard\u0131. Bunlar \u015fimdi referandum meselesi ile bir anda durdu. O halde ne yapmak laz\u0131m? Zaten ufak bir gruba hizmet etmekte olan ve yolsuzlu\u011fa bula\u015fm\u0131\u015f olan Barzani\u2019yi ala\u015fa\u011f\u0131 etmek. Onu ala\u015fa\u011f\u0131 etmenin yolu da, kar\u015f\u0131s\u0131nda yer alan bu g\u00fc\u00e7lerle i\u015fbirli\u011fi yapmak ve gereken deste\u011fi vererek olur. T\u00fcrkiye bunu rahatl\u0131kla ba\u015farabilir.<\/p>\n<p>Ben Mustafa Kemal Atat\u00fcrk\u2019\u00fcn d\u0131\u015f politikas\u0131ndan \u00f6\u011frenece\u011fimiz hala \u00e7ok \u015feyler oldu\u011fu kanaatindeyim. Kurdu\u011fu Balkan Pakt\u0131, ondan sonra yapt\u0131\u011f\u0131 Montr\u00f6 Antla\u015fmas\u0131, sonra Sadabad Pakt\u0131, sonra Hatay\u2019\u0131n bar\u0131\u015f i\u00e7inde al\u0131nmas\u0131 ki, bizim istihbarat \u00f6rg\u00fct\u00fcm\u00fcz\u00fcn de b\u00fcy\u00fck katk\u0131lar\u0131 olmu\u015ftur. Babam da rahmetli Frans\u0131zca bildi\u011fi i\u00e7in oraya giren T\u00fcrk subaylar\u0131ndan birisiydi. Atat\u00fcrk ba\u011fland\u0131\u011f\u0131n\u0131 g\u00f6remedi, ama b\u00fct\u00fcn haz\u0131rl\u0131klar\u0131 o yapt\u0131. \u015eimdi bizim buna benzer mesela, K\u0131br\u0131s meselesinde Demokrat Parti H\u00fck\u00fcmeti\u2019nin yapt\u0131\u011f\u0131 \u015feyleri do\u011fru buluyorum. Yapt\u0131\u011f\u0131 antla\u015fmalar, hem Londra hem Z\u00fcrih Antla\u015fmalar\u0131, hem ondan \u00f6nce K\u0131br\u0131s\u2019taki T\u00fcrklere sahip \u00e7\u0131kmas\u0131. Bizim benzer \u015feyler yapmam\u0131z laz\u0131m. Yaln\u0131z her \u015feyi askeri m\u00fcdahaleye ba\u011flamayal\u0131m. Gayet tabi bizim orda T\u00fcrklere, Allah korusun katliam gibi bir \u015fey yaparlarsa tabi hemen m\u00fcdahale etmemiz gerekir. Her hal\u00fckarda \u0130ran, Irak Merkezi H\u00fck\u00fcmeti ve Suriye\u2019yi de buna katarak i\u015fbirli\u011fine devam etmemiz laz\u0131m. Rusya ile i\u015fbirli\u011fimizin iyi olmas\u0131 da yararl\u0131\u00a0bir \u015fey.<\/p>\n","protected":false},"excerpt":{"rendered":"<p>ANKA Enstit\u00fcs\u00fc Ba\u015fkan\u0131 Prof. Dr. Sencer \u0130mer, MDM&#8217;nin 387. Bilgi \u015e\u00f6leni&#8217;nde Barzani Referandumu&#8217;nu geni\u015f bir tarih, siyaset ve strateji perspektifi i\u00e7inde anlat\u0131yor. T\u00fcrkiye&#8217;nin de hatalar\u0131 ve sevaplar\u0131yla birlikte. <\/p>\n","protected":false},"author":15,"featured_media":249,"comment_status":"open","ping_status":"open","sticky":false,"template":"","format":"standard","meta":{"_ef_editorial_meta_date_first-draft-date":"","_ef_editorial_meta_paragraph_assignment":"","footnotes":"","_links_to":"","_links_to_target":""},"categories":[2,67,69],"tags":[],"coauthors":[17],"class_list":["post-247","post","type-post","status-publish","format-standard","has-post-thumbnail","hentry","category-genel","category-tehditler","category-yakin-cografya"],"_links":{"self":[{"href":"https:\/\/millidusunce.com\/misak\/wp-json\/wp\/v2\/posts\/247","targetHints":{"allow":["GET"]}}],"collection":[{"href":"https:\/\/millidusunce.com\/misak\/wp-json\/wp\/v2\/posts"}],"about":[{"href":"https:\/\/millidusunce.com\/misak\/wp-json\/wp\/v2\/types\/post"}],"author":[{"embeddable":true,"href":"https:\/\/millidusunce.com\/misak\/wp-json\/wp\/v2\/users\/15"}],"replies":[{"embeddable":true,"href":"https:\/\/millidusunce.com\/misak\/wp-json\/wp\/v2\/comments?post=247"}],"version-history":[{"count":0,"href":"https:\/\/millidusunce.com\/misak\/wp-json\/wp\/v2\/posts\/247\/revisions"}],"wp:featuredmedia":[{"embeddable":true,"href":"https:\/\/millidusunce.com\/misak\/wp-json\/wp\/v2\/media\/249"}],"wp:attachment":[{"href":"https:\/\/millidusunce.com\/misak\/wp-json\/wp\/v2\/media?parent=247"}],"wp:term":[{"taxonomy":"category","embeddable":true,"href":"https:\/\/millidusunce.com\/misak\/wp-json\/wp\/v2\/categories?post=247"},{"taxonomy":"post_tag","embeddable":true,"href":"https:\/\/millidusunce.com\/misak\/wp-json\/wp\/v2\/tags?post=247"},{"taxonomy":"author","embeddable":true,"href":"https:\/\/millidusunce.com\/misak\/wp-json\/wp\/v2\/coauthors?post=247"}],"curies":[{"name":"wp","href":"https:\/\/api.w.org\/{rel}","templated":true}]}}