{"id":2691,"date":"2018-07-01T19:30:00","date_gmt":"2018-07-01T16:30:00","guid":{"rendered":"http:\/\/misak.millidusunce.com?p=2691&#038;preview=true&#038;preview_id=2691"},"modified":"2018-07-01T19:37:26","modified_gmt":"2018-07-01T16:37:26","slug":"agitin-24-haziran-secimlerine-iliskin-ilk-bulgulari-nelerdir","status":"publish","type":"post","link":"https:\/\/millidusunce.com\/misak\/agitin-24-haziran-secimlerine-iliskin-ilk-bulgulari-nelerdir\/","title":{"rendered":"Avrupa G\u00fcvenlik \u0130\u015fbirli\u011fi Te\u015fkilat\u0131 AG\u0130T\u2019in 24 Haziran se\u00e7imlerine ili\u015fkin ilk bulgular\u0131"},"content":{"rendered":"<p><img loading=\"lazy\" class=\"aligncenter wp-image-2693 size-full\" src=\"http:\/\/misak.millidusunce.com\/wp-content\/uploads\/2018\/07\/1D808FA9-E7AE-477D-AEED-FF8D4220BFCE_cx0_cy13_cw0_w1023_r1_s.jpg\" alt=\"\" width=\"1023\" height=\"575\" srcset=\"https:\/\/millidusunce.com\/misak\/wp-content\/uploads\/2018\/07\/1D808FA9-E7AE-477D-AEED-FF8D4220BFCE_cx0_cy13_cw0_w1023_r1_s.jpg 1023w, https:\/\/millidusunce.com\/misak\/wp-content\/uploads\/2018\/07\/1D808FA9-E7AE-477D-AEED-FF8D4220BFCE_cx0_cy13_cw0_w1023_r1_s-150x84.jpg 150w, https:\/\/millidusunce.com\/misak\/wp-content\/uploads\/2018\/07\/1D808FA9-E7AE-477D-AEED-FF8D4220BFCE_cx0_cy13_cw0_w1023_r1_s-300x169.jpg 300w, https:\/\/millidusunce.com\/misak\/wp-content\/uploads\/2018\/07\/1D808FA9-E7AE-477D-AEED-FF8D4220BFCE_cx0_cy13_cw0_w1023_r1_s-768x432.jpg 768w\" sizes=\"(max-width: 1023px) 100vw, 1023px\" \/><\/p>\n<p>Se\u00e7imlere ili\u015fkin ilk bulgular\u0131n\u0131 a\u00e7\u0131klayan Avrupa G\u00fcvenlik ve \u0130\u015fbirli\u011fi Te\u015fkilat\u0131 (AG\u0130T), AG\u0130T Parlamenter Meclisi ve Avrupa Konseyi Parlamenter Meclisi (AKPM) g\u00f6zlemcilerinin ilk bulgular\u0131n\u0131n \u00f6zeti \u015fudur: &#8220;T\u00fcrkiye&#8217;deki se\u00e7imlerde se\u00e7menlerin \u00f6zg\u00fcn iradesi vard\u0131, ancak Cumhurba\u015fkan\u0131 ve iktidar Partisi medya da d\u00e2hil olmak \u00fczere a\u015f\u0131r\u0131 avantajlardan faydaland\u0131.&#8221;<\/p>\n<p>Avrupa G\u00fcvenlik ve \u0130\u015fbirli\u011fi Te\u015fkilat\u0131, (<em>OSCE:<\/em> Organization for Security and Co-operation in Europe)\u00a0 g\u00fcvenli\u011fin siyasi, askeri, ekonomi, \u00e7evre ve insani konularda ilke, norm ve standartlar\u0131n\u0131 geli\u015ftiren, y\u00fck\u00fcml\u00fcl\u00fcklerin uygulanma durumlar\u0131n\u0131 izleyen, esnek m\u00fczakere ve siyasi diyalog forumunu olu\u015fturan bir kurulu\u015ftur. \u00a0Kat\u0131l\u0131mc\u0131 \u00fclkelerin demokratikle\u015fme, hukukun \u00fcst\u00fcnl\u00fc\u011f\u00fc ve insan haklar\u0131na sayg\u0131 alanlar\u0131ndaki \u00e7abalar\u0131n\u0131 desteklemektedir. Merkezi Viyana\u2019dad\u0131r. Genel Sekreteri \u0130talyan Lamberto Zannier\u2019dir. AG\u0130T kat\u0131l\u0131mc\u0131s\u0131 57 \u00fclke vard\u0131r. Akdenizli i\u015fbirli\u011fi orta\u011f\u0131 \u00fclkeler ise \u015funlard\u0131r: Cezayir, Fas, \u0130srail, M\u0131s\u0131r, Tunus, \u00dcrd\u00fcn. Asyal\u0131 i\u015fbirli\u011fi ortaklar\u0131 da Afganistan, G\u00fcney Kore, Japonya, Tayland ve Avustralya\u2019d\u0131r.\u00a0 T\u00fcrkiye kurulu\u015fun kurucu \u00fcyelerindendir. Kurulu\u015f tarihi 1975\/1994\u2019t\u00fcr<\/p>\n<p>AG\u0130T, so\u011fuk sava\u015f d\u00f6neminde bloklar aras\u0131nda d\u00fczenli diyalog kurarak Avrupa\u2019da g\u00fcvenli\u011fin art\u0131r\u0131lmas\u0131n\u0131 sa\u011flamak amac\u0131yla Avrupa G\u00fcvenlik ve \u0130\u015fbirli\u011fi Konferans\u0131 (AG\u0130K) ad\u0131yla m\u00fczakere s\u00fcreci olarak ortaya \u00e7\u0131km\u0131\u015ft\u0131r. 1973 y\u0131l\u0131nda Helsinki\u2019de <em>Helsinki Nihai Senedi<\/em>\u2019nin 33 Avrupa \u00fclkesi ile ABD ve Kanada taraf\u0131ndan <em>1975<\/em> y\u0131l\u0131nda imzalanmas\u0131yla AG\u0130K s\u00fcreci ba\u015flam\u0131\u015ft\u0131r.<\/p>\n<p>Kurulu\u015fun so\u011fuk sava\u015f\u0131n sona ermesine kadar ge\u00e7en d\u00f6nemdeki faaliyetleri a\u011f\u0131rl\u0131kl\u0131 olarak siyasi ve askeri boyutta olmu\u015ftur. \u00a0<em>1990 Paris \u015eart\u0131<\/em> ile AG\u0130K, daimi organ olarak kurumsalla\u015fm\u0131\u015ft\u0131r. <em>1994 Budape\u015fte Zirvesi\u2019nde AG\u0130K bir uluslararas\u0131 kurulu\u015fa d\u00f6n\u00fc\u015fm\u00fc\u015ft\u00fcr.<\/em> Yap\u0131s\u0131 siyasi olarak Devlet ve H\u00fck\u00fcmet Ba\u015fkanlar\u0131 taraf\u0131ndan al\u0131nan kararlara g\u00f6re \u015fekillenmektedir. AG\u0130T Parlamenter Asamblesi (AG\u0130T-PA) 1991 y\u0131l\u0131nda kurulmu\u015ftur.\u00a0 T\u00fcrkiye, AG\u0130T- PA T\u00fcrk Grubu taraf\u0131ndan \u00e7al\u0131\u015fmalara kat\u0131lmaktad\u0131r.<\/p>\n<p>G\u00fcn\u00fcm\u00fczde G\u00fcneydo\u011fu Avrupa\u2019da Arnavutluk, Bosna-Hersek, S\u0131rbistan, Karada\u011f, Kosova ve Makedonya\u2019da, Do\u011fu Avrupa\u2019da Moldova ve Ukrayna\u2019da, Kafkaslarda Azerbaycan ve Ermenistan\u2019da, Orta Asya\u2019da Kazakistan, K\u0131rg\u0131zistan, \u00d6zbekistan, Tacikistan ve T\u00fcrkmenistan\u2019da faaliyet g\u00f6steren AG\u0130T ofisleri, \u00e7at\u0131\u015fmalar\u0131n \u00f6nlenmesi, sivil toplumun ve hukukun \u00fcst\u00fcnl\u00fc\u011f\u00fcn\u00fcn g\u00fc\u00e7lendirilmesi, demokrasinin geli\u015ftirilmesi, insan ve az\u0131nl\u0131k haklar\u0131n\u0131n korunmas\u0131 i\u015flevlerini yerine getirmektedir.<\/p>\n<p><em>T\u00fcrkiye, 18-19 Kas\u0131m 1999 tarihinde AG\u0130T Zirvesi\u2019ne ev sahipli\u011fi yapm\u0131\u015ft\u0131r.<\/em> \u0130stanbul\u2019da yap\u0131lan zirvede kabul edilen <em>Avrupa G\u00fcvenlik \u015eart\u0131 (\u0130stanbul \u015eart\u0131)<\/em>, 21. y\u00fczy\u0131lda AG\u0130T b\u00f6lgesinin g\u00fcvenlik, bar\u0131\u015f ve istikrar\u0131n\u0131n g\u00fcvence alt\u0131na al\u0131nabilmesi i\u00e7in gerekli ilke ve y\u00f6ntemleri belirlemi\u015ftir. T\u00fcrkiye, Yukar\u0131 Karaba\u011f ihtilaf\u0131n\u0131n \u00e7\u00f6z\u00fcm\u00fcne y\u00f6nelik <em>Minsk Grubu<\/em>\u2019nun \u00fcyesidir. <em>K\u0131r\u0131m<\/em>\u2019\u0131n uluslararas\u0131 hukuka ayk\u0131r\u0131 olarak ilhak\u0131 Avrupa g\u00fcvenli\u011fine ciddi bir s\u0131nama olu\u015fturmaktad\u0131r. AG\u0130T bu konuda \u00f6nemli bir kurulu\u015ftur. (https:\/\/www.osce.org\/contacts)<\/p>\n<p>24 Haziran se\u00e7imleri sonras\u0131nda AG\u0130T K\u0131sa D\u00f6nemli G\u00f6zlemci Heyeti Ba\u015fkan\u0131 ve \u00d6zel Koordinat\u00f6r\u00fc <em>Ignacio Sanchez Amor,<\/em> AG\u0130T PM Heyeti Ba\u015fkan\u0131 <em>Olena Sotnyk<\/em> ve AG\u0130T Demokratik Kurumlar ve \u0130nsan Haklar\u0131 Ofisi (ODIHR) se\u00e7im g\u00f6zlem heyeti ba\u015fkan\u0131 <em>Audrey Glover,<\/em> Ankara&#8217;da d\u00fczenledikleri bas\u0131n toplant\u0131s\u0131nda se\u00e7im g\u00f6zlemlerine ili\u015fkin ilk bulgular\u0131n\u0131 payla\u015fm\u0131\u015flard\u0131r.<\/p>\n<p><em>Amor,<\/em> se\u00e7imlerde adaylar\u0131n e\u015fit ko\u015fullarda yar\u0131\u015fmas\u0131 i\u00e7in ko\u015fullar sa\u011flanmasa da se\u00e7menlerin siyasi tercih hakk\u0131 bulundu\u011funu ifade ederken <em>&#8221; Se\u00e7im kampanyas\u0131 esnas\u0131nda cumhurba\u015fkan\u0131 ve partisi medya kanallar\u0131ndan \u00e7ok geni\u015f \u00f6l\u00e7\u00fcde faydalanm\u0131\u015flard\u0131r. OHAL ile verilen baz\u0131 g\u00fc\u00e7 ve yetkilerden dolay\u0131 toplanma ve ifade \u00f6zg\u00fcrl\u00fc\u011f\u00fc gibi \u00f6zg\u00fcrl\u00fckler k\u0131s\u0131tl\u0131 kalm\u0131\u015ft\u0131r. Ancak yine de g\u00f6r\u00fcyoruz ki vatanda\u015flar gerek kampanyalara gerekse se\u00e7imlere yo\u011fun kat\u0131l\u0131mlar\u0131yla demokrasiye ba\u011fl\u0131l\u0131klar\u0131n\u0131 g\u00f6stermi\u015flerdir&#8221;<\/em> demi\u015ftir.<\/p>\n<p><em>Osusky<\/em> ise \u201c<em>T\u00fcrkiye&#8217;nin demokrasisini iyile\u015ftirme taahh\u00fcd\u00fcn\u00fc tam geli\u015ftirmesini bekliyoruz. T\u00fcrkiye n\u00fcfusunun oy verenlerinin y\u00fczde 50&#8217;si cumhurba\u015fkan\u0131na vermi\u015f olsalar da cumhurba\u015fkan\u0131n\u0131n di\u011fer y\u00fczde 50&#8217;ye de hizmet veriyor olmas\u0131 gerekir. Ben An\u0131tkabir&#8217;i ziyaret ettim. Mustafa Kemal Atat\u00fcrk&#8217;\u00fcn yapm\u0131\u015f oldu\u011fu i\u015fler m\u00fcthi\u015fti. Cumhurba\u015fkan\u0131, T\u00fcrkiye&#8217;yi Atat\u00fcrk&#8217;\u00fcn aksine Bat\u0131&#8217;dan uzakla\u015ft\u0131rmamal\u0131.<\/em> <em>Ne yaz\u0131k ki se\u00e7im kampanyas\u0131 d\u00f6neminde adaylara e\u015fit \u015fartlar tan\u0131nmam\u0131\u015ft\u0131r. Farkl\u0131 adaylar\u0131n medyada yer alma miktarlar\u0131 e\u015fit olmam\u0131\u015ft\u0131r\u201d <\/em>a\u00e7\u0131klamas\u0131nda bulunmu\u015ftur.<\/p>\n<p>Giri\u015fine izin verilmeyen bir g\u00f6zlemci parlamenter daha \u00f6nce PKK bayra\u011f\u0131yla poz vermi\u015fti, bu durumu nas\u0131l de\u011ferlendiriyorsunuz sorusuna Osusky\u2019nin verdi\u011fi cevap \u015f\u00f6yledir: \u201c<em>Herhangi bir g\u00f6zlemcinin siyasi g\u00f6r\u00fc\u015flerinden dolay\u0131 engellenmesinin kabul edilmesi m\u00fcmk\u00fcn de\u011fil. Ben benim \u00fclkeme bir g\u00f6zlemci gelirken bunlardan hi\u00e7birinin solcu mu sa\u011fc\u0131 m\u0131 kom\u00fcnist mi oldu\u011funu d\u00fc\u015f\u00fcnmem. Ben g\u00f6zlemciyi, i\u015fini yaparken kendi g\u00f6r\u00fc\u015f ve tercihlerini yapt\u0131\u011f\u0131 i\u015fe yans\u0131mayan bir birey olarak g\u00f6r\u00fcr\u00fcm.&#8221;<\/em><\/p>\n<p><em>Glover,<\/em> T\u00fcrk D\u0131\u015fi\u015fleri Bakanl\u0131\u011f\u0131&#8217;n\u0131n davetiyle se\u00e7im g\u00f6zlemi yapt\u0131klar\u0131n\u0131 ifade ederek<em> &#8220;Adaylara \u00f6zellikle televizyonda yeterli yer verilmemi\u015f, kanallar daha \u00e7ok g\u00f6revdeki cumhurba\u015fkan\u0131n\u0131 ve partisini yay\u0131mlam\u0131\u015flard\u0131r. Sadece oy verme esnas\u0131nda de\u011fil ayn\u0131 zamanda oylar\u0131n say\u0131lmas\u0131 ve kayd\u0131n\u0131n yap\u0131lmas\u0131 s\u0131ras\u0131nda prosed\u00fcrden kaynaklanan eksiklikler ya\u015fand\u0131\u011f\u0131 g\u00f6r\u00fclm\u00fc\u015ft\u00fcr\u201d <\/em>tespitinde bulunmu\u015ftur.<\/p>\n<p>Oy ve \u00d6tesi&#8217;yle \u00e7al\u0131\u015f\u0131yorsunuz. Bu olu\u015fum muhalefetle birlikte hareket ediyor olarak g\u00f6r\u00fclen bir olu\u015fum. Bununla \u00e7al\u0131\u015fmak sizin g\u00fcvenilirli\u011finize g\u00f6lge d\u00fc\u015f\u00fcrm\u00fcyor mu sorusuna, <em>&#8220;Biz, bize bilgi verebilecek olan herkesle g\u00f6r\u00fc\u015f\u00fcyoruz. Buna sivil toplum da dahil ama biz sadece tek bir kaynakla konu\u015fmuyoruz. Biz b\u00fct\u00fcn kaynaklardan g\u00f6r\u00fc\u015f\u00fcp bilgi al\u0131yoruz. Biz olan bitenle ilgili bilgi alabilece\u011fimiz herkesle g\u00f6r\u00fc\u015ft\u00fck\u201d <\/em>cevab\u0131n\u0131 vermi\u015ftir. Bu usuls\u00fczl\u00fcklerin sonu\u00e7 \u00fczerinde etkisi olmu\u015f mudur sorusuna ise \u201c<em>Usuls\u00fczl\u00fckler sebebiyle sonu\u00e7 \u00fczerinde ciddi bir fark olaca\u011f\u0131n\u0131 zannetmiyoruz&#8221;<\/em> \u00a0demi\u015ftir.<\/p>\n<p><em>AG\u0130T raporundaki tespitler \u00f6zetle \u015f\u00f6yledir:<\/em> <em>\u201cUluslararas\u0131 g\u00f6zlemciler, say\u0131mlar\u0131n esnas\u0131nda tutanaklar\u0131n y\u00fczde 67\u2019sinin, \u0130l\u00e7e Se\u00e7im Merkezlerindeki g\u00f6zlemlerinde ise tutanaklar\u0131n y\u00fczde 72\u2019sinin bir kopyas\u0131n\u0131 alm\u0131\u015flard\u0131r. Sonu\u00e7lar medyada Anadolu Ajans\u0131\u2019ndan gelen verilere dayanarak duyurulmu\u015f, AA\u2019dan gelen veri kayna\u011f\u0131 ve do\u011frulu\u011fu baz\u0131 siyasi akt\u00f6rler taraf\u0131ndan sorgulanm\u0131\u015ft\u0131r. Sand\u0131\u011fa gelen se\u00e7men say\u0131s\u0131 y\u00fczde 86\u2019n\u0131n \u00fczerinde olarak rapor edilmi\u015ftir.<\/em><\/p>\n<p><em>Yap\u0131lan 124 g\u00f6zlemin 17\u2019sinde (y\u00fczde 14) oy sayma i\u015flemi olumsuz olarak de\u011ferlendirilmi\u015f, bir dizi prosed\u00fcrle ilgili zay\u0131fl\u0131klara i\u015faret etmi\u015ftir. Sand\u0131k kurullar\u0131, oy sand\u0131klar\u0131n\u0131 a\u00e7madan \u00f6nce kullan\u0131lmayan malzemeleri her seferinde paketleyip m\u00fch\u00fcrlememi\u015ftir (15 vaka). Genelde tespit edilmesi zor olan yetkisiz ki\u015filer ve polis ile g\u00fcvenlik g\u00f6revlileri, g\u00f6zlemlenen 28 say\u0131mda bulunmakla birlikte 10 vakada s\u00fcrece m\u00fcdahale etmi\u015flerdir. <\/em><\/p>\n<p><em>Oy pusulalar\u0131n\u0131n ge\u00e7erlili\u011fi makul ve tutarl\u0131l\u0131k g\u00f6stermi\u015ftir. Her d\u00f6rt sand\u0131k kurulundan birinde sonu\u00e7 tutana\u011f\u0131 tamamlan\u0131rken zorluklar ya\u015fanm\u0131\u015ft\u0131r. G\u00f6zlemlenen say\u0131mlar\u0131n be\u015fte birinde, sand\u0131k kurullar\u0131 prosed\u00fcrleri ciddi bir \u015fekilde ihlal ederek bo\u015f tutanaklar\u0131 \u00f6nceden imzalam\u0131\u015f ya da tutanaktaki girdileri kas\u0131tl\u0131 olarak tahrif etmi\u015ftir. G\u00f6zlemlenen 29 oy verme yerinde, kanunlar\u0131n gerektirdi\u011fi \u015fekilde sonu\u00e7lar as\u0131lmam\u0131\u015f ve \u015feffafl\u0131k yerine getirilmemi\u015ftir. <\/em><\/p>\n<p><em>G\u00f6zlemciler, se\u00e7imlere ve Y\u00fcksek Se\u00e7im Kurulu&#8217;na ve D\u0131\u015fi\u015fleri Bakanl\u0131\u011f\u0131na yard\u0131m i\u00e7in davet edilmeleri i\u00e7in yetkililere te\u015fekk\u00fcr etmek istiyorlar. Ayr\u0131ca di\u011fer devlet kurumlar\u0131na, siyasi partilere ve sivil toplum \u00f6rg\u00fctlerine ve uluslararas\u0131 toplum temsilcilerinin i\u015fbirli\u011finden \u00f6t\u00fcr\u00fc takdirlerini dile getirdiler<\/em>.\u201d (The observers wish to thank the authorities for their invitation to observe the elections, and the Supreme Board of Elections and the Ministry of Foreign Affairs for the assistance. They also express their appreciation to other state institutions, political parties and civil society organizations and the international community representatives for their co-operation. Internat\u0131onal Elect\u0131on Observat\u0131on M\u0131ss\u0131on Republic Of Turkey, Early Presidential And Parliamentary Elections, 24 June 2018 Statement Of Preliminary Findings and Conclusions. (https:\/\/www.osce.org\/odihr\/elections\/turkey\/385671?download=true)<\/p>\n<p><img loading=\"lazy\" class=\"aligncenter wp-image-2692 size-large\" src=\"http:\/\/misak.millidusunce.com\/wp-content\/uploads\/2018\/07\/watermark-1024x682.jpg\" alt=\"\" width=\"1024\" height=\"682\" srcset=\"https:\/\/millidusunce.com\/misak\/wp-content\/uploads\/2018\/07\/watermark-1024x682.jpg 1024w, https:\/\/millidusunce.com\/misak\/wp-content\/uploads\/2018\/07\/watermark-150x100.jpg 150w, https:\/\/millidusunce.com\/misak\/wp-content\/uploads\/2018\/07\/watermark-300x200.jpg 300w, https:\/\/millidusunce.com\/misak\/wp-content\/uploads\/2018\/07\/watermark-768x512.jpg 768w, https:\/\/millidusunce.com\/misak\/wp-content\/uploads\/2018\/07\/watermark.jpg 1366w\" sizes=\"(max-width: 1024px) 100vw, 1024px\" \/><\/p>\n<p><strong>D\u0131\u015fi\u015fleri Bakanl\u0131\u011f\u0131 ilk bulgular ve sonu\u00e7lar raporuna ili\u015fkin \u015fu ele\u015ftirileri getirmi\u015ftir:<\/strong><\/p>\n<p><em>&#8220;Se\u00e7im s\u00fcreciyle s\u0131n\u0131rl\u0131 olmayan, ba\u011f\u0131ms\u0131z ve tarafs\u0131z g\u00f6zlem ilkeleriyle ba\u011fda\u015fmayan \u00f6rneklere raporda yer vermesi \u00fcz\u00fcnt\u00fcyle kar\u015f\u0131lanm\u0131\u015ft\u0131r.<\/em><em> Demokrasimize duydu\u011fumuz g\u00fcvenin g\u00f6stergesi olarak her zaman oldu\u011fu gibi bu se\u00e7imler i\u00e7in de uluslararas\u0131 g\u00f6zlemciler \u00fclkemize davet edilmi\u015f ve taraf\u0131m\u0131zdan g\u00f6sterilen tam i\u015f birli\u011fiyle g\u00fcven i\u00e7inde ve rahatl\u0131kla g\u00f6zlem faaliyetlerini yerine getirmi\u015flerdir. <\/em><\/p>\n<p><em>Uluslararas\u0131 \u00f6rg\u00fctlerden AG\u0130T (Avrupa G\u00fcvenlik ve \u0130\u015fbirli\u011fi Te\u015fkilat\u0131), \u015eangay \u0130\u015fbirli\u011fi \u00d6rg\u00fct\u00fc (\u015e\u0130\u00d6) ve T\u00fcrk Konseyi&#8217;nden se\u00e7im g\u00f6zlemcileri davet edilmi\u015flerdir. Ayr\u0131ca parlamenter olu\u015fumlardan Avrupa Konseyi Parlamenter Meclisi (AKPM), AG\u0130T Parlamenter Meclisi (AG\u0130T PA), T\u00fcrk Dili Konu\u015fan \u00dclkeler Parlamenter Asamblesi (T\u00dcRKPA), Akdeniz Parlamenter Asamblesi (AKDEN\u0130ZPA) ve Karadeniz Ekonomik \u0130\u015fbirli\u011fi Parlamenter Meclisi (KE\u0130PA) heyetlerinden toplam 415 uluslararas\u0131 g\u00f6zlemci se\u00e7imlerde g\u00f6rev yapm\u0131\u015ft\u0131r. <\/em><\/p>\n<p><em>\u00a0<\/em><em>Uluslararas\u0131 g\u00f6zlemciler, \u00fclkemizdeki se\u00e7imlerin sand\u0131k g\u00fcvenli\u011finin sa\u011fland\u0131\u011f\u0131, \u015feffaf, serbest, \u00e7o\u011fulcu, adil ve uluslararas\u0131 standartlara uygun olarak ger\u00e7ekle\u015fti\u011fini \u00e7e\u015fitli a\u00e7\u0131klamalar\u0131yla teyit etmi\u015flerdir. G\u00f6zlem misyonlar\u0131ndan biri olan AG\u0130T Demokratik Kurumlar ve \u0130nsan Haklar\u0131 Ofisi (ODIHR) Se\u00e7im G\u00f6zlem Misyonu (EOM) ile AG\u0130TPA ve AKPM g\u00f6zlemcilerinin olu\u015fturdu\u011fu Uluslararas\u0131 G\u00f6zlem Misyonu (UGM) da se\u00e7im s\u00fcrecine dair tespitlerin yer ald\u0131\u011f\u0131 \u2018\u0130lk Bulgular ve Sonu\u00e7lar Raporu\u2019nu a\u00e7\u0131klam\u0131\u015ft\u0131r.<\/em><\/p>\n<p><em>AG\u0130T Se\u00e7im Misyonu&#8217;nun, raporunda, se\u00e7imlerdeki rekor kat\u0131l\u0131m oran\u0131n\u0131n \u00fclkemizdeki demokratik olgunluk seviyesine i\u015faret etti\u011fini teslim etmesi memnuniyetle kar\u015f\u0131lanm\u0131\u015ft\u0131r. AG\u0130T Se\u00e7im G\u00f6zlem Misyonu&#8217;nun se\u00e7im s\u00fcreciyle s\u0131n\u0131rl\u0131 olmayan, ba\u011f\u0131ms\u0131z ve tarafs\u0131z g\u00f6zlem ilkeleriyle ba\u011fda\u015fmayan \u00f6rneklere raporda yer vermesi ise \u00fcz\u00fcnt\u00fcyle kar\u015f\u0131lanm\u0131\u015ft\u0131r. <\/em><\/p>\n<p><em>G\u00f6zlem heyetinin teyit edilmemi\u015f baz\u0131 istisnai ve m\u00fcnferit olaylardan abart\u0131l\u0131 olumsuz \u00e7\u0131kar\u0131mlara y\u00f6nelmesi ve genellemeler yapmas\u0131 misyonun \u00e7al\u0131\u015fma metotlar\u0131 bak\u0131m\u0131ndan soru i\u015faretlerine yol a\u00e7m\u0131\u015ft\u0131r. <\/em><\/p>\n<p><em>Raporda dikkat \u00e7ekilen unsurlar\u0131n se\u00e7im s\u00fcrecinin etkinli\u011fi ve me\u015fruiyeti bak\u0131m\u0131ndan sonu\u00e7 do\u011furucu olmad\u0131\u011f\u0131n\u0131n g\u00f6zlem heyeti taraf\u0131ndan teslim edilmi\u015f olmas\u0131 \u00f6nemlidir. Siyasi analizlerin ve tarafgir yorumlar\u0131n AG\u0130T se\u00e7im g\u00f6zlem misyonlar\u0131n\u0131n g\u00fcvenilirli\u011fine zarar verece\u011fi unutulmamal\u0131d\u0131r.\u201d<\/em><\/p>\n<p>Bakanl\u0131k bu ele\u015ftirilerde hakl\u0131 olabilir ama AG\u0130T, AG\u0130T Parlamenter Meclisi ve AKPM g\u00f6zlemcilerinin <em>&#8220;T\u00fcrkiye&#8217;deki se\u00e7imlerde se\u00e7menlerin \u00f6zg\u00fcn iradesi vard\u0131, ancak Cumhurba\u015fkan\u0131 ve iktidar Partisi medya da d\u00e2hil olmak \u00fczere a\u015f\u0131r\u0131 avantajlardan faydaland\u0131&#8221; <\/em><strong>\u00a0<\/strong>tespiti de yok say\u0131lamaz.<\/p>\n<p><a href=\"http:\/\/AG\u0130T raporuna ba\u011flant\u0131y\u0131 t\u0131klayarak ula\u015fabilirsiniz.\">AG\u0130T raporuna ba\u011flant\u0131y\u0131 t\u0131klayarak ula\u015fabilirsiniz.<\/a><\/p>\n","protected":false},"excerpt":{"rendered":"<p>24 Haziran 2018&#8217;de yap\u0131lan Cumhurba\u015fkanl\u0131\u011f\u0131 ve milletvekilli\u011fi se\u00e7imleri ile ilgili Avrupa G\u00fcvenlik ve \u0130\u015fbirli\u011fi Te\u015fkilat\u0131&#8217;n\u0131n raporundan T\u00fcrkiye&#8217;nin \u00e7\u0131karmas\u0131 gereken sonu\u00e7lar nedir? D\u0131\u015fi\u015fleri, yaz\u0131lanlara hangi tepkileri verdi? Peki, kim hakl\u0131?<\/p>\n","protected":false},"author":3,"featured_media":2694,"comment_status":"open","ping_status":"open","sticky":false,"template":"","format":"standard","meta":{"_links_to":"","_links_to_target":""},"categories":[58,2,66,67],"tags":[],"yoast_head":"<!-- This site is optimized with the Yoast SEO plugin v16.0.2 - https:\/\/yoast.com\/wordpress\/plugins\/seo\/ -->\n<title>Avrupa G\u00fcvenlik \u0130\u015fbirli\u011fi Te\u015fkilat\u0131 AG\u0130T\u2019in 24 Haziran se\u00e7imlerine ili\u015fkin ilk bulgular\u0131 - M\u0130SAK- Mill\u00ee Strateji Ara\u015ft\u0131rma Kurulu<\/title>\n<link rel=\"canonical\" href=\"https:\/\/millidusunce.com\/misak\/agitin-24-haziran-secimlerine-iliskin-ilk-bulgulari-nelerdir\/\" \/>\n<meta property=\"og:locale\" content=\"tr_TR\" \/>\n<meta property=\"og:type\" content=\"article\" \/>\n<meta property=\"og:title\" content=\"Avrupa G\u00fcvenlik \u0130\u015fbirli\u011fi Te\u015fkilat\u0131 AG\u0130T\u2019in 24 Haziran se\u00e7imlerine ili\u015fkin ilk bulgular\u0131 - M\u0130SAK- Mill\u00ee Strateji Ara\u015ft\u0131rma Kurulu\" \/>\n<meta property=\"og:description\" content=\"24 Haziran 2018&#039;de yap\u0131lan Cumhurba\u015fkanl\u0131\u011f\u0131 ve milletvekilli\u011fi se\u00e7imleri ile ilgili Avrupa G\u00fcvenlik ve \u0130\u015fbirli\u011fi Te\u015fkilat\u0131&#039;n\u0131n raporundan T\u00fcrkiye&#039;nin \u00e7\u0131karmas\u0131 gereken sonu\u00e7lar nedir? D\u0131\u015fi\u015fleri, yaz\u0131lanlara hangi tepkileri verdi? Peki, kim hakl\u0131?\" \/>\n<meta property=\"og:url\" content=\"https:\/\/millidusunce.com\/misak\/agitin-24-haziran-secimlerine-iliskin-ilk-bulgulari-nelerdir\/\" \/>\n<meta property=\"og:site_name\" content=\"M\u0130SAK- Mill\u00ee Strateji Ara\u015ft\u0131rma Kurulu\" \/>\n<meta property=\"article:published_time\" content=\"2018-07-01T16:30:00+00:00\" \/>\n<meta property=\"article:modified_time\" content=\"2018-07-01T16:37:26+00:00\" \/>\n<meta property=\"og:image\" content=\"https:\/\/millidusunce.com\/misak\/wp-content\/uploads\/2018\/07\/watermark5.png\" \/>\n\t<meta property=\"og:image:width\" content=\"1366\" \/>\n\t<meta property=\"og:image:height\" content=\"910\" \/>\n<meta name=\"twitter:card\" content=\"summary_large_image\" \/>\n<meta name=\"twitter:label1\" content=\"Tahmini okuma s\u00fcresi\">\n\t<meta name=\"twitter:data1\" content=\"10 dakika\">\n<script type=\"application\/ld+json\" class=\"yoast-schema-graph\">{\"@context\":\"https:\/\/schema.org\",\"@graph\":[{\"@type\":\"Organization\",\"@id\":\"https:\/\/millidusunce.com\/misak\/#organization\",\"name\":\"Mill\\u00ee D\\u00fc\\u015f\\u00fcnce Merkezi\",\"url\":\"https:\/\/millidusunce.com\/misak\/\",\"sameAs\":[],\"logo\":{\"@type\":\"ImageObject\",\"@id\":\"https:\/\/millidusunce.com\/misak\/#logo\",\"inLanguage\":\"tr\",\"url\":\"https:\/\/millidusunce.com\/misak\/wp-content\/uploads\/2018\/09\/mdmLogo-yazisiz.jpg\",\"width\":422,\"height\":422,\"caption\":\"Mill\\u00ee D\\u00fc\\u015f\\u00fcnce Merkezi\"},\"image\":{\"@id\":\"https:\/\/millidusunce.com\/misak\/#logo\"}},{\"@type\":\"WebSite\",\"@id\":\"https:\/\/millidusunce.com\/misak\/#website\",\"url\":\"https:\/\/millidusunce.com\/misak\/\",\"name\":\"M\\u0130SAK- Mill\\u00ee Strateji Ara\\u015ft\\u0131rma Kurulu\",\"description\":\"D\\u00fcnyaya T\\u00fcrk\\u00e7\\u00fc Bak\\u0131\\u015f\",\"publisher\":{\"@id\":\"https:\/\/millidusunce.com\/misak\/#organization\"},\"potentialAction\":[{\"@type\":\"SearchAction\",\"target\":\"https:\/\/millidusunce.com\/misak\/?s={search_term_string}\",\"query-input\":\"required name=search_term_string\"}],\"inLanguage\":\"tr\"},{\"@type\":\"ImageObject\",\"@id\":\"https:\/\/millidusunce.com\/misak\/agitin-24-haziran-secimlerine-iliskin-ilk-bulgulari-nelerdir\/#primaryimage\",\"inLanguage\":\"tr\",\"url\":\"https:\/\/millidusunce.com\/misak\/wp-content\/uploads\/2018\/07\/watermark5.png\",\"width\":1366,\"height\":910},{\"@type\":\"WebPage\",\"@id\":\"https:\/\/millidusunce.com\/misak\/agitin-24-haziran-secimlerine-iliskin-ilk-bulgulari-nelerdir\/#webpage\",\"url\":\"https:\/\/millidusunce.com\/misak\/agitin-24-haziran-secimlerine-iliskin-ilk-bulgulari-nelerdir\/\",\"name\":\"Avrupa G\\u00fcvenlik \\u0130\\u015fbirli\\u011fi Te\\u015fkilat\\u0131 AG\\u0130T\\u2019in 24 Haziran se\\u00e7imlerine ili\\u015fkin ilk bulgular\\u0131 - M\\u0130SAK- Mill\\u00ee Strateji Ara\\u015ft\\u0131rma Kurulu\",\"isPartOf\":{\"@id\":\"https:\/\/millidusunce.com\/misak\/#website\"},\"primaryImageOfPage\":{\"@id\":\"https:\/\/millidusunce.com\/misak\/agitin-24-haziran-secimlerine-iliskin-ilk-bulgulari-nelerdir\/#primaryimage\"},\"datePublished\":\"2018-07-01T16:30:00+00:00\",\"dateModified\":\"2018-07-01T16:37:26+00:00\",\"breadcrumb\":{\"@id\":\"https:\/\/millidusunce.com\/misak\/agitin-24-haziran-secimlerine-iliskin-ilk-bulgulari-nelerdir\/#breadcrumb\"},\"inLanguage\":\"tr\",\"potentialAction\":[{\"@type\":\"ReadAction\",\"target\":[\"https:\/\/millidusunce.com\/misak\/agitin-24-haziran-secimlerine-iliskin-ilk-bulgulari-nelerdir\/\"]}]},{\"@type\":\"BreadcrumbList\",\"@id\":\"https:\/\/millidusunce.com\/misak\/agitin-24-haziran-secimlerine-iliskin-ilk-bulgulari-nelerdir\/#breadcrumb\",\"itemListElement\":[{\"@type\":\"ListItem\",\"position\":1,\"item\":{\"@type\":\"WebPage\",\"@id\":\"https:\/\/millidusunce.com\/misak\/\",\"url\":\"https:\/\/millidusunce.com\/misak\/\",\"name\":\"Anasayfa\"}},{\"@type\":\"ListItem\",\"position\":2,\"item\":{\"@type\":\"WebPage\",\"@id\":\"https:\/\/millidusunce.com\/misak\/agitin-24-haziran-secimlerine-iliskin-ilk-bulgulari-nelerdir\/\",\"url\":\"https:\/\/millidusunce.com\/misak\/agitin-24-haziran-secimlerine-iliskin-ilk-bulgulari-nelerdir\/\",\"name\":\"Avrupa G\\u00fcvenlik \\u0130\\u015fbirli\\u011fi Te\\u015fkilat\\u0131 AG\\u0130T\\u2019in 24 Haziran se\\u00e7imlerine ili\\u015fkin ilk bulgular\\u0131\"}}]},{\"@type\":\"Article\",\"@id\":\"https:\/\/millidusunce.com\/misak\/agitin-24-haziran-secimlerine-iliskin-ilk-bulgulari-nelerdir\/#article\",\"isPartOf\":{\"@id\":\"https:\/\/millidusunce.com\/misak\/agitin-24-haziran-secimlerine-iliskin-ilk-bulgulari-nelerdir\/#webpage\"},\"author\":{\"@id\":\"https:\/\/millidusunce.com\/misak\/#\/schema\/person\/dceabd91d5707fd0a1f581be62144940\"},\"headline\":\"Avrupa G\\u00fcvenlik \\u0130\\u015fbirli\\u011fi Te\\u015fkilat\\u0131 AG\\u0130T\\u2019in 24 Haziran se\\u00e7imlerine ili\\u015fkin ilk bulgular\\u0131\",\"datePublished\":\"2018-07-01T16:30:00+00:00\",\"dateModified\":\"2018-07-01T16:37:26+00:00\",\"mainEntityOfPage\":{\"@id\":\"https:\/\/millidusunce.com\/misak\/agitin-24-haziran-secimlerine-iliskin-ilk-bulgulari-nelerdir\/#webpage\"},\"commentCount\":0,\"publisher\":{\"@id\":\"https:\/\/millidusunce.com\/misak\/#organization\"},\"image\":{\"@id\":\"https:\/\/millidusunce.com\/misak\/agitin-24-haziran-secimlerine-iliskin-ilk-bulgulari-nelerdir\/#primaryimage\"},\"articleSection\":\"AB,S\\u0130YASET-TAR\\u0130H,TEHD\\u0130TLER\",\"inLanguage\":\"tr\",\"potentialAction\":[{\"@type\":\"CommentAction\",\"name\":\"Comment\",\"target\":[\"https:\/\/millidusunce.com\/misak\/agitin-24-haziran-secimlerine-iliskin-ilk-bulgulari-nelerdir\/#respond\"]}]},{\"@type\":\"Person\",\"@id\":\"https:\/\/millidusunce.com\/misak\/#\/schema\/person\/dceabd91d5707fd0a1f581be62144940\",\"name\":\"Sad\\u0131k R\\u0131dvan Karluk\",\"image\":{\"@type\":\"ImageObject\",\"@id\":\"https:\/\/millidusunce.com\/misak\/#personlogo\",\"inLanguage\":\"tr\",\"url\":\"https:\/\/secure.gravatar.com\/avatar\/0ac86ba3095525619627cdd0589c5b8c?s=96&d=mm&r=g\",\"caption\":\"Sad\\u0131k R\\u0131dvan Karluk\"},\"description\":\"Prof. Dr. S. R\\u0131dvan Karluk, 1970\\u2019de Ankara \\u00dcniversitesi Siyasal Bilgiler Fak\\u00fcltesi\\u2019ni bitirdi. 1975\\u2019te doktor, 1979\\u2019da do\\u00e7ent oldu. 1975 \\u2013 1976\\u2019da Sussex \\u00dcniversitesi\\u2019nde doktora \\u00fcst\\u00fc ara\\u015ft\\u0131rma yapt\\u0131. 1982 y\\u0131l\\u0131nda Devlet Planlama Te\\u015fkilat\\u0131 AET Dairesini (Genel M\\u00fcd\\u00fcrl\\u00fck) kurdu. 1985-1990 y\\u0131llar\\u0131nda Paris\\u2019te, OECD T\\u00fcrkiye B\\u00fcy\\u00fckel\\u00e7ili\\u011fi\\u2019nde Planlama M\\u00fc\\u015faviri olarak \\u00e7al\\u0131\\u015ft\\u0131. 1990-1992 y\\u0131llar\\u0131nda Ba\\u015fbakanl\\u0131k Ba\\u015fm\\u00fc\\u015favirli\\u011fi\\u2019ne atand\\u0131. 1991 y\\u0131l\\u0131nda Anadolu \\u00dcniversitesi\\u2019ne ge\\u00e7mi\\u015f, 2014 y\\u0131l\\u0131nda emekli olmu\\u015ftur. Bu s\\u00fcre i\\u00e7inde \\u0130ktisadi Geli\\u015fme ve Uluslararas\\u0131 Geli\\u015fme Anabilim Dal\\u0131 Ba\\u015fkanl\\u0131\\u011f\\u0131, 2010-2013 d\\u00f6neminde \\u0130ktisat Fak\\u00fcltesi Dekanl\\u0131\\u011f\\u0131 yapm\\u0131\\u015ft\\u0131r. Uluslararas\\u0131 Ekonomi, T\\u00fcrkiye Ekonomisi, Avrupa Birli\\u011fi ve Uluslararas\\u0131 Ekonomik \\u0130li\\u015fkiler konular\\u0131nda 24 kitab\\u0131, 12 ortak ve 3 \\u00e7eviri eseri vard\\u0131r. Ortak yazarl\\u0131 bir ders kitab\\u0131 T\\u00dcBA \\u00fcniversite ders kitaplar\\u0131 2012 y\\u0131l\\u0131 telif ve \\u00e7eviri eser \\u00f6d\\u00fcl\\u00fc olmak \\u00fczere 6 bilimsel ara\\u015ft\\u0131rma \\u00f6d\\u00fcl\\u00fcne sahiptir. Eski\\u015fehir Sakarya gazetesi ile Turkish Forum\\u2019da (ABD) haftal\\u0131k g\\u00fcncel yaz\\u0131lar\\u0131 yay\\u0131nlanmaktad\\u0131r. \\u00d6zge\\u00e7mi\\u015fi WHO\\u2019s WHO D\\u00fcnya, Asya ve T\\u00fcrkiye bask\\u0131lar\\u0131nda yer alm\\u0131\\u015ft\\u0131r.\"}]}<\/script>\n<!-- \/ Yoast SEO plugin. -->","_links":{"self":[{"href":"https:\/\/millidusunce.com\/misak\/wp-json\/wp\/v2\/posts\/2691"}],"collection":[{"href":"https:\/\/millidusunce.com\/misak\/wp-json\/wp\/v2\/posts"}],"about":[{"href":"https:\/\/millidusunce.com\/misak\/wp-json\/wp\/v2\/types\/post"}],"author":[{"embeddable":true,"href":"https:\/\/millidusunce.com\/misak\/wp-json\/wp\/v2\/users\/3"}],"replies":[{"embeddable":true,"href":"https:\/\/millidusunce.com\/misak\/wp-json\/wp\/v2\/comments?post=2691"}],"version-history":[{"count":0,"href":"https:\/\/millidusunce.com\/misak\/wp-json\/wp\/v2\/posts\/2691\/revisions"}],"wp:featuredmedia":[{"embeddable":true,"href":"https:\/\/millidusunce.com\/misak\/wp-json\/wp\/v2\/media\/2694"}],"wp:attachment":[{"href":"https:\/\/millidusunce.com\/misak\/wp-json\/wp\/v2\/media?parent=2691"}],"wp:term":[{"taxonomy":"category","embeddable":true,"href":"https:\/\/millidusunce.com\/misak\/wp-json\/wp\/v2\/categories?post=2691"},{"taxonomy":"post_tag","embeddable":true,"href":"https:\/\/millidusunce.com\/misak\/wp-json\/wp\/v2\/tags?post=2691"}],"curies":[{"name":"wp","href":"https:\/\/api.w.org\/{rel}","templated":true}]}}